{"id":140536,"date":"2020-05-26T12:40:19","date_gmt":"2020-05-26T10:40:19","guid":{"rendered":"https:\/\/www.radiopiu.net\/wordpress\/?p=140536"},"modified":"2020-05-26T17:41:48","modified_gmt":"2020-05-26T15:41:48","slug":"carlo-manfroi-non-ce-lha-fatta-ritrovato-senza-vita-in-un-dirupo","status":"publish","type":"post","link":"https:\/\/www.radiopiu.net\/wordpress\/carlo-manfroi-non-ce-lha-fatta-ritrovato-senza-vita-in-un-dirupo\/","title":{"rendered":"CARLO MANFROI NON CE L&#8217;HA FATTA. RITROVATO SENZA VITA IN UN DIRUPO"},"content":{"rendered":"<p><strong>CENCENIGHE<\/strong>,\u00a0 &#8220;Tano&#8221; non c&#8217;\u00e8 pi\u00f9 \u00e8 stato ritrovato stamane senza vita, scivolato in fondo ad un dirupo. Gli uomini del Soccorso Alpino e i tanti volontari che da questa mattina hanno girato per i boschi sopra Chenet alla ricerca di Carlo Manfroi\u00a0 hanno provveduto al suo recupero.<\/p>\n<p><strong>DAL SOCCORSO ALPINO :<\/strong> Questa mattina le ricerche si sono concentrate sul Bricol e lungo i sentieri de Le Ial e sono state ribattute zone gi\u00e0 visionate nei giorni scorsi. Quando \u00e8 arrivata una segnalazione, il grosso delle squadre si \u00e8 spostato verso Col Mandrol, mentre con una squadra di 4 soccorritori, due della Stazione di Agordo e due del Sagf, si \u00e8 voluto riprendere in considerazione il punto marcato dai cani molecolari, allargando ancor pi\u00f9 l&#8217;area gi\u00e0 perlustrata da 3 squadre, che erano scese con le corde negli strapiombi sottostanti. I quattro soccorritori hanno quindi effettuato singolarmente le calate, una prima verticale di 60 metri e una seconda meno ripida, tra il sentiero inferiore di Le Ial e il sentiero che dalla Valle di Morbiach rientra a Foch. \u00c8 stato il soccorritore pi\u00f9 all&#8217;estremit\u00e0 a rinvenire il corpo senza vita di Carlo Manfroi. L&#8217;uomo, scivolato o inciampato dal sentiero, era precipitato nel dirupo, ruzzolando e finendo 200 metri pi\u00f9 in basso. Ottenuto il nulla osta dalla magistratura, la salma ricomposta e imbarellata, \u00e8 stata trasportata nel bosco fino alla strada e poi affidata al carro funebre.<\/p>\n<p>&nbsp;<\/p>\n<p><img loading=\"lazy\" decoding=\"async\" class=\"alignleft\" src=\"https:\/\/www.radiopiu.net\/wordpress\/wp-content\/uploads\/2020\/05\/IMG-20200524-WA0000.jpg\" width=\"99\" height=\"176\" \/>Carlo Manfroi, 63 anni, di Cencenighe Agordino (BL) era uscito sabato per una passeggiata, come d&#8217;abitudine, e non pi\u00f9 rientrato. L&#8217;uomo \u00e8 partito assieme al suo cane dalla propria abitazione a Chenet , da dove, in una decina di minuti di sterrata, si raggiunge Bricol da cui parte una rete di sentieri denominata Le Ial, sotto il Monte Pelsa. Quando alle 13.30 per\u00f2 il cane \u00e8 ritornato da solo, la moglie ha atteso invano il marito, per poi lanciare preoccupata l&#8217;allarme alle 16. Il Soccorso alpino di Agordo, assieme a quello della Val Biois e Alleghe, Sagf e Vigili del fuoco, ha subito iniziato a setacciare l&#8217;area, arrivando alla Ferrata Fiamme Gialle e proseguendo fino a notte. Una sessantina di persone suddivise in squadre hanno partecipato sabato e domenica alla sua ricerca, sui sentieri battuti, come nelle zone circostanti. Le perlustrazioni stamane sono state allargate a sentieri laterali e alla parte bassa vicino a casa. Presenti il Soccorso alpino di Agordo, Alleghe, Val Biois, del Sagf di Cortina e Auronzo, i Vigili del fuoco. Una decina le unit\u00e0 cinofile tra Soccorso alpino, Guardia di finanza e Associazione nazionale dei Carabinieri. Tre i cani molecolari dell&#8217;Alpenverein. Carlo &#8220;Tano&#8221; ex dipendente Luxottica \u00e8 stato portiere negli anni Settanta nel Belluno calcio, ha difeso i colori dell&#8217;Agordina Calcio nel toreno agordino del\u00a0 Cencenighe, del Le Ville ed ha allenato il San Tomaso.Carlo lascia la moglie Ivana Scussel e le figlie Katia e Luana. alle quali giunga il commosso messaggio di condoglianze da tutta la redazione di RADIO PIU&#8217;.<\/p>\n<p>&nbsp;<\/p>\n<p><a id=\"js_8ak\" class=\"_6qw4\" href=\"https:\/\/www.facebook.com\/USLeVille\/?comment_id=Y29tbWVudDoxMDE1Njk1NTQyNjYzMTcyMV8xMDE1Njk1NTQzNzMyMTcyMQ%3D%3D\" data-hovercard=\"\/ajax\/hovercard\/user.php?id=110266705662109&amp;extragetparams={&quot;directed_target_id&quot;: &quot;61488111720&quot;}\" aria-describedby=\"u_9x_1\" aria-owns=\"js_8al\">U.S. Le Ville<\/a>\u00a0<span dir=\"ltr\"><span class=\"_3l3x\">ciao Tano, amico e compagno di tante &#8220;battaglie&#8221; in campo &#8230; R.I.P.<\/span><\/span><\/p>\n<p><a class=\"_6qw4\" href=\"https:\/\/www.facebook.com\/marilena.deval?comment_id=Y29tbWVudDoxMDE1Njk1NTQyNjYzMTcyMV8xMDE1Njk1NTQ2MjczMTcyMQ%3D%3D\" data-hovercard=\"\/ajax\/hovercard\/user.php?id=100003215314367&amp;extragetparams={&quot;directed_target_id&quot;: &quot;61488111720&quot;}\">Marilena de Val<\/a>\u00a0<span dir=\"ltr\"><span class=\"_3l3x\">Me despias&#8230;lo conoscevo fin da ragazza&#8230;quante serate e risate al mitico Papillon&#8230;fa bon viaz Tano.<\/span><\/span><\/p>\n<p><a id=\"js_9bp\" class=\"_6qw4\" href=\"https:\/\/www.facebook.com\/andreaguerabecker?comment_id=Y29tbWVudDoxMDE1Njk1NTQyNjYzMTcyMV8xMDE1Njk1NTUwMzY4MTcyMQ%3D%3D\" data-hovercard=\"\/ajax\/hovercard\/user.php?id=100006021854307&amp;extragetparams={&quot;directed_target_id&quot;: &quot;61488111720&quot;}\" aria-describedby=\"u_ab_1\" aria-owns=\"\">Andrea Guera<\/a>\u00a0<span dir=\"ltr\"><span class=\"_3l3x\">Sei stato maestro e punto di riferimento di tutti i numeri 1 agordini. Ciao Tano, buon viaggio.<br \/>\nCondoglianze a tutta la famiglia.<\/span><\/span><\/p>\n<p><a id=\"js_9mb\" class=\"_6qw4\" href=\"https:\/\/www.facebook.com\/profile.php?id=100000100624363&amp;comment_id=Y29tbWVudDoxMDE1Njk1NTQyNjYzMTcyMV8xMDE1Njk1NTU4NzA1MTcyMQ%3D%3D\" data-hovercard=\"\/ajax\/hovercard\/user.php?id=100000100624363&amp;extragetparams={&quot;directed_target_id&quot;: &quot;61488111720&quot;}\" aria-describedby=\"u_ad_1\" aria-owns=\"js_9lo\">Daniele Fontanive<\/a>\u00a0<span dir=\"ltr\"><span class=\"_3l3x\">Quante partite abbiamo giocato insieme nel Cence, ma soprattutto quante bisbocce alla Luisiana e al Papillon, fai buon viaggio Tano. Condoglianze alla famiglia.<\/span><\/span><\/p>\n<p><a class=\"_6qw4\" href=\"https:\/\/www.facebook.com\/dario.mezzacasa?comment_id=Y29tbWVudDoxMDE1Njk1NTQyNjYzMTcyMV8xMDE1Njk1NTU5OTAwNjcyMQ%3D%3D\" data-hovercard=\"\/ajax\/hovercard\/user.php?id=100004932698040&amp;extragetparams={&quot;directed_target_id&quot;: &quot;61488111720&quot;}\">Dario Mezzacasa<\/a>\u00a0<span dir=\"ltr\"><span class=\"_3l3x\">Ho impresso in mente il ricordo di un Torneo di Veterani in Toscana. e soprattutto il viaggio con Tano e il Ciuzz , rientrando in piena notte da Grosseto &#8230; non ho parole per esprimere il grande dispiacere per questa notizia.<\/span><\/span><\/p>\n<p><a id=\"js_9xq\" class=\"_6qw4\" href=\"https:\/\/www.facebook.com\/fabio.colcuc?comment_id=Y29tbWVudDoxMDE1Njk1NTQyNjYzMTcyMV8xMDE1Njk1NTY0ODA3NjcyMQ%3D%3D\" data-hovercard=\"\/ajax\/hovercard\/user.php?id=100003390733022&amp;extragetparams={&quot;directed_target_id&quot;: &quot;61488111720&quot;}\" aria-describedby=\"u_aj_1\" aria-owns=\"js_9xo\">Fabio Colcuc<\/a>\u00a0<span dir=\"ltr\"><span class=\"_3l3x\">io mi ricordo quando giocava nel Belluno serie C Secondo di Bubacco ex Venezia con offerte Inter e ha fatto il corso allenatori e poi con Tano tante sfide nel torneo agordino dove non solo portiere\u00a0 ma anche attaccante<\/span><\/span><\/p>\n<blockquote><p><em><a class=\"_6qw4\" href=\"https:\/\/www.facebook.com\/gaetano.dedona.5?comment_id=Y29tbWVudDoxMDE1Njk1NTQyNjYzMTcyMV8xMDE1Njk1NTY3NDAxNjcyMQ%3D%3D\" data-hovercard=\"\/ajax\/hovercard\/user.php?id=100007707638271&amp;extragetparams={&quot;directed_target_id&quot;: &quot;61488111720&quot;}\">Gaetano De Dona<\/a>\u00a0<span dir=\"ltr\"><span class=\"_3l3x _1n4g\">La tragedia era evidente gi\u00e0 la domenica mattina.\u00a0 Con un tipo come\u00a0 Carlo doveva per forza essere successo l&#8217;inevitabile.\u00a0 Mi dispiace sono addolorato. Conoscevo la sua famiglia paterna da tanti tanti anni il suo pap\u00e0 la sua mamma e suo fratello Aldo.\u00a0 Abbiamo lavorato assieme il pap\u00e0 suo faceva il capo cantiere nella ditta Da Vare.\u00a0 Abbiamo condiviso tante serate in allegria le settimane che dovevamo passare fuori casa. Carlo l&#8217;ho conosciuto negli anni 80 per essere arrivato a lavorare in Luxottica. Era socievole di compagnia poi ora sono 20 anni che sono in pensione e non abbiamo pi\u00f9 avuto tanta occasione di vederci. Porgo le mie pi\u00f9 sentite condoglianze a tutta la sua famiglia non conosco la moglie n\u00e9 le figlie ma mando loro un forte abbraccio,\u00a0 una disgrazia cos\u00ec chi poteva aspettarsela? Ciao Carlo riposa in pace saremo legati ancora solamente con quel filo invisibile che si chiama ricordo,\u00a0 Ciao &#8220;Tano&#8221; come tuo padre . Diminutivo di Gaetano&#8230; come me.<\/span><\/span><\/em><\/p><\/blockquote>\n<p>&nbsp;<\/p>\n","protected":false},"excerpt":{"rendered":"<p>CENCENIGHE,\u00a0 &#8220;Tano&#8221; non c&#8217;\u00e8 pi\u00f9 \u00e8 stato ritrovato stamane senza vita, scivolato in fondo ad un dirupo. Gli uomini del Soccorso Alpino e i tanti volontari che da questa mattina hanno girato per i boschi sopra Chenet alla ricerca di Carlo Manfroi\u00a0 hanno provveduto al suo recupero. DAL SOCCORSO ALPINO : Questa mattina le ricerche&hellip;<\/p>\n","protected":false},"author":1,"featured_media":139971,"comment_status":"closed","ping_status":"closed","sticky":false,"template":"","format":"standard","meta":{"_monsterinsights_skip_tracking":false,"_monsterinsights_sitenote_active":false,"_monsterinsights_sitenote_note":"","_monsterinsights_sitenote_category":0,"footnotes":""},"categories":[1,51,49],"tags":[],"class_list":["post-140536","post","type-post","status-publish","format-standard","has-post-thumbnail","hentry","category-senza-categoria","category-evidenza-top","category-news-18","category-1","category-51","category-49","description-off"],"img_url":"https:\/\/www.radiopiu.net\/wordpress\/wp-content\/uploads\/2020\/05\/IMG-20200524-WA0000.jpg","_links":{"self":[{"href":"https:\/\/www.radiopiu.net\/wordpress\/wp-json\/wp\/v2\/posts\/140536","targetHints":{"allow":["GET"]}}],"collection":[{"href":"https:\/\/www.radiopiu.net\/wordpress\/wp-json\/wp\/v2\/posts"}],"about":[{"href":"https:\/\/www.radiopiu.net\/wordpress\/wp-json\/wp\/v2\/types\/post"}],"author":[{"embeddable":true,"href":"https:\/\/www.radiopiu.net\/wordpress\/wp-json\/wp\/v2\/users\/1"}],"replies":[{"embeddable":true,"href":"https:\/\/www.radiopiu.net\/wordpress\/wp-json\/wp\/v2\/comments?post=140536"}],"version-history":[{"count":0,"href":"https:\/\/www.radiopiu.net\/wordpress\/wp-json\/wp\/v2\/posts\/140536\/revisions"}],"wp:featuredmedia":[{"embeddable":true,"href":"https:\/\/www.radiopiu.net\/wordpress\/wp-json\/wp\/v2\/media\/139971"}],"wp:attachment":[{"href":"https:\/\/www.radiopiu.net\/wordpress\/wp-json\/wp\/v2\/media?parent=140536"}],"wp:term":[{"taxonomy":"category","embeddable":true,"href":"https:\/\/www.radiopiu.net\/wordpress\/wp-json\/wp\/v2\/categories?post=140536"},{"taxonomy":"post_tag","embeddable":true,"href":"https:\/\/www.radiopiu.net\/wordpress\/wp-json\/wp\/v2\/tags?post=140536"}],"curies":[{"name":"wp","href":"https:\/\/api.w.org\/{rel}","templated":true}]}}