{"id":140560,"date":"2020-05-26T14:16:35","date_gmt":"2020-05-26T12:16:35","guid":{"rendered":"https:\/\/www.radiopiu.net\/wordpress\/?p=140560"},"modified":"2020-05-26T14:16:35","modified_gmt":"2020-05-26T12:16:35","slug":"centri-estivi-mostra-del-cinema-di-venezia-e-imprese-dalla-conferenza-stampa-di-zaia","status":"publish","type":"post","link":"https:\/\/www.radiopiu.net\/wordpress\/centri-estivi-mostra-del-cinema-di-venezia-e-imprese-dalla-conferenza-stampa-di-zaia\/","title":{"rendered":"CENTRI ESTIVI, MOSTRA DEL CINEMA DI VENEZIA E IMPRESE&#8230;DALLA CONFERENZA STAMPA DI ZAIA"},"content":{"rendered":"<p><strong>CENTRI ESTIVI<\/strong><\/p>\n<p>Pronti ad aprire il 3 giugno i centri estivi per la fascia di et\u00e0 3-17 anni secondo le linee del governo,\u00a0 pronti anche con le linee guida per la riapertura da 0-3 anni, purch\u00e9\u00a0 il governo con il\u00a0 Dpcm convalidi le nostre decisioni: ci sono una serie di linee guida che sono ancora nel limbo e non sono stati inseriti nei decreti governativi.<\/p>\n<audio class=\"wp-audio-shortcode\" id=\"audio-140560-1\" preload=\"none\" style=\"width: 100%;\" controls=\"controls\"><source type=\"audio\/mpeg\" src=\"https:\/\/www.radiopiu.net\/wordpress\/wp-content\/uploads\/2020\/05\/ZAIA-CENTRI-ESTIVI-1.mp3?_=1\" \/><a href=\"https:\/\/www.radiopiu.net\/wordpress\/wp-content\/uploads\/2020\/05\/ZAIA-CENTRI-ESTIVI-1.mp3\">https:\/\/www.radiopiu.net\/wordpress\/wp-content\/uploads\/2020\/05\/ZAIA-CENTRI-ESTIVI-1.mp3<\/a><\/audio>\n<p>&nbsp;<\/p>\n<p><strong>IMPRESE<\/strong><\/p>\n<p>Domani l\u2019assessore\u00a0 Roberto Marcato presenter\u00e0 un piano da mezzo miliardo di euro per l\u2019imprese a sostegno dell\u2019economia. Sono fiducioso anche per il turismo nel fine settimana le spiagge erano molto frequentate.<\/p>\n<audio class=\"wp-audio-shortcode\" id=\"audio-140560-2\" preload=\"none\" style=\"width: 100%;\" controls=\"controls\"><source type=\"audio\/mpeg\" src=\"https:\/\/www.radiopiu.net\/wordpress\/wp-content\/uploads\/2020\/05\/ZAIA-PROGETTO-IMPRESE.mp3?_=2\" \/><a href=\"https:\/\/www.radiopiu.net\/wordpress\/wp-content\/uploads\/2020\/05\/ZAIA-PROGETTO-IMPRESE.mp3\">https:\/\/www.radiopiu.net\/wordpress\/wp-content\/uploads\/2020\/05\/ZAIA-PROGETTO-IMPRESE.mp3<\/a><\/audio>\n<p>&nbsp;<\/p>\n<p><strong>MOSTRA DEL CINEMA DI VENEZIA<\/strong><\/p>\n<p>Confermo che sar\u00e0 proposta, se i dati sono quelli di oggi il Veneto ha titolo pi\u00f9 di altri per organizzare il festival. Ci saranno dei limiti, meno produzioni per il diffondersi del virus ma si far\u00e0<\/p>\n<audio class=\"wp-audio-shortcode\" id=\"audio-140560-3\" preload=\"none\" style=\"width: 100%;\" controls=\"controls\"><source type=\"audio\/mpeg\" src=\"https:\/\/www.radiopiu.net\/wordpress\/wp-content\/uploads\/2020\/05\/ZAIA-MOSTRA-CINEMA-VENEZIA.mp3?_=3\" \/><a href=\"https:\/\/www.radiopiu.net\/wordpress\/wp-content\/uploads\/2020\/05\/ZAIA-MOSTRA-CINEMA-VENEZIA.mp3\">https:\/\/www.radiopiu.net\/wordpress\/wp-content\/uploads\/2020\/05\/ZAIA-MOSTRA-CINEMA-VENEZIA.mp3<\/a><\/audio>\n","protected":false},"excerpt":{"rendered":"<p>CENTRI ESTIVI Pronti ad aprire il 3 giugno i centri estivi per la fascia di et\u00e0 3-17 anni secondo le linee del governo,\u00a0 pronti anche con le linee guida per la riapertura da 0-3 anni, purch\u00e9\u00a0 il governo con il\u00a0 Dpcm convalidi le nostre decisioni: ci sono una serie di linee guida che sono ancora&hellip;<\/p>\n","protected":false},"author":4,"featured_media":127508,"comment_status":"closed","ping_status":"closed","sticky":false,"template":"","format":"standard","meta":{"_monsterinsights_skip_tracking":false,"_monsterinsights_sitenote_active":false,"_monsterinsights_sitenote_note":"","_monsterinsights_sitenote_category":0,"footnotes":""},"categories":[49],"tags":[],"class_list":["post-140560","post","type-post","status-publish","format-standard","has-post-thumbnail","hentry","category-news-18","category-49","description-off"],"img_url":"https:\/\/www.radiopiu.net\/wordpress\/wp-content\/uploads\/2020\/04\/ZAIA-OOOKKK.png","_links":{"self":[{"href":"https:\/\/www.radiopiu.net\/wordpress\/wp-json\/wp\/v2\/posts\/140560","targetHints":{"allow":["GET"]}}],"collection":[{"href":"https:\/\/www.radiopiu.net\/wordpress\/wp-json\/wp\/v2\/posts"}],"about":[{"href":"https:\/\/www.radiopiu.net\/wordpress\/wp-json\/wp\/v2\/types\/post"}],"author":[{"embeddable":true,"href":"https:\/\/www.radiopiu.net\/wordpress\/wp-json\/wp\/v2\/users\/4"}],"replies":[{"embeddable":true,"href":"https:\/\/www.radiopiu.net\/wordpress\/wp-json\/wp\/v2\/comments?post=140560"}],"version-history":[{"count":0,"href":"https:\/\/www.radiopiu.net\/wordpress\/wp-json\/wp\/v2\/posts\/140560\/revisions"}],"wp:featuredmedia":[{"embeddable":true,"href":"https:\/\/www.radiopiu.net\/wordpress\/wp-json\/wp\/v2\/media\/127508"}],"wp:attachment":[{"href":"https:\/\/www.radiopiu.net\/wordpress\/wp-json\/wp\/v2\/media?parent=140560"}],"wp:term":[{"taxonomy":"category","embeddable":true,"href":"https:\/\/www.radiopiu.net\/wordpress\/wp-json\/wp\/v2\/categories?post=140560"},{"taxonomy":"post_tag","embeddable":true,"href":"https:\/\/www.radiopiu.net\/wordpress\/wp-json\/wp\/v2\/tags?post=140560"}],"curies":[{"name":"wp","href":"https:\/\/api.w.org\/{rel}","templated":true}]}}