{"id":140588,"date":"2020-05-26T15:45:25","date_gmt":"2020-05-26T13:45:25","guid":{"rendered":"https:\/\/www.radiopiu.net\/wordpress\/?p=140588"},"modified":"2020-05-26T15:45:25","modified_gmt":"2020-05-26T13:45:25","slug":"buoni-spesa-a-seguito-dellemergenza-covid-19-sinora-erogati-in-totale-275-assegni-per-quasi-90-mila-euro","status":"publish","type":"post","link":"https:\/\/www.radiopiu.net\/wordpress\/buoni-spesa-a-seguito-dellemergenza-covid-19-sinora-erogati-in-totale-275-assegni-per-quasi-90-mila-euro\/","title":{"rendered":"\u201cBUONI SPESA\u201d A SEGUITO DELL&#8217;EMERGENZA COVID-19: SINORA EROGATI IN TOTALE 275 \u201cASSEGNI\u201d PER QUASI 90 MILA EURO"},"content":{"rendered":"<p><strong><a class=\"dt-pswp-item\" href=\"https:\/\/www.radiopiu.net\/wordpress\/wp-content\/uploads\/2020\/05\/Buoni-Spesa-Feltre.jpg\" data-dt-img-description=\"\" data-large_image_width=\"1080\" data-large_image_height=\"810\"><img loading=\"lazy\" decoding=\"async\" class=\"size-medium wp-image-140589 alignleft\" src=\"https:\/\/www.radiopiu.net\/wordpress\/wp-content\/uploads\/2020\/05\/Buoni-Spesa-Feltre-300x225.jpg\" alt=\"\" width=\"300\" height=\"225\" srcset=\"https:\/\/www.radiopiu.net\/wordpress\/wp-content\/uploads\/2020\/05\/Buoni-Spesa-Feltre-300x225.jpg 300w, https:\/\/www.radiopiu.net\/wordpress\/wp-content\/uploads\/2020\/05\/Buoni-Spesa-Feltre-1024x768.jpg 1024w, https:\/\/www.radiopiu.net\/wordpress\/wp-content\/uploads\/2020\/05\/Buoni-Spesa-Feltre-768x576.jpg 768w, https:\/\/www.radiopiu.net\/wordpress\/wp-content\/uploads\/2020\/05\/Buoni-Spesa-Feltre.jpg 1080w\" sizes=\"auto, (max-width: 300px) 100vw, 300px\" \/><\/a>FELTRE \u00a0<\/strong>Sono 110 i beneficiari del secondo avviso riguardante l\u2019erogazione dei cosiddetti \u201cBuoni Spesa\u201d, la misura messa in atto dal governo per fronteggiare l&#8217;emergenza legata alla necessit\u00e0 dei beni primari di sostentamento in questa pandemia; 45 di loro non avevano ricevuto nessun sostegno in occasione del primo bando. Tramite i Servizi Sociali dell\u2019Azienda Feltrina per i Servizi alla Persona, il Comune di Feltre ha erogato, in questa seconda tranche, altri 32.900 euro, che si vanno ad aggiungere ai 57 mila relativi al primo avviso e portano il totale a circa 90 mila euro.\u00a0Tra le categorie economiche che hanno beneficiato della seconda tranche di Buoni Spesa ci sono gli operai, con 23 unit\u00e0, seguiti dai baristi (15), gli addetti alla ristorazione (9) e gli impieganti nel settore del commercio (7). Seguono i tirocinanti e i lavoratori stagionali (6) e gli estetisti e parrucchieri (4).\u00a0In totale gli assegni erogati, tra primo e secondo avviso, sono stati 275, mentre i beneficiari 235 (visto che una parte consistente di quelli del primo bando ha avuto accesso anche al secondo). A questo punto, della dotazione complessiva inziale assegnata al Comune di Feltre pari a 109 euro, restano ancora disponibili poco meno di 20 mila euro.\u00a0Nell\u2019ultima seduta di giunta l\u2019Amministrazione ha cos\u00ec deciso di autorizzare i Servizi Sociali dell&#8217;Azienda Feltrina Servizi alla Persona all&#8217;assegnazione dei buoni spesa rimasti con le modalit\u00e0 ritenute pi\u00f9 opportune in base ad alcune priorit\u00e0 precise.<span class=\"Apple-converted-space\">\u00a0\u00a0<\/span>\u201c<em>Nel completare l\u2019erogazione dell\u2019importo ancora a disposizione daremo precedenza ai soggetti che, pur avendo i requisiti previsti nel secondo avviso, hanno presentato domanda oltre il termine fissato, ovvero oltre il 6 maggio 2020 (in questo caso provvederanno i Servi Sociali in autonomia); a seguire i soggetti che hanno beneficiato una sola volta di buoni spesa e infine altre persone o nuclei in stato di bisogno sino all\u2019esaurimento del fondo a disposizione (rivolgendosi allo 0439 840680 e chiedendo appuntamento con l\u2019assistente sociale o via mail all\u2019indirizzo servizisociali@aziendafeltrina.it)<\/em>\u201d, sottolinea l\u2019assessore alle Politiche Sociali del Comune di Feltre Giorgia Li Castri, che aggiunge : \u201c<em>I Servizi Sociali dell&#8217;Azienda Feltrina provvederanno poi all&#8217;assegnazione anche di eventuali buoni spesa aggiuntivi, o pacchi alimentari, che dovessero essere donati dalle Associazioni o altri soggetti con le modalit\u00e0 ritenute pi\u00f9 opportune. Possiamo dire di essere riusciti sinora ad intercettare le principali situazioni di bisogno emerse dalla nostra comunit\u00e0, ma non abbassiamo la guardia, ben consci che il periodo di emergenza, anche sul fronte economico, non \u00e8 certo terminato<\/em>\u201d, conclude l\u2019assessore Li Castri.<\/p>\n","protected":false},"excerpt":{"rendered":"<p>FELTRE \u00a0Sono 110 i beneficiari del secondo avviso riguardante l\u2019erogazione dei cosiddetti \u201cBuoni Spesa\u201d, la misura messa in atto dal governo per fronteggiare l&#8217;emergenza legata alla necessit\u00e0 dei beni primari di sostentamento in questa pandemia; 45 di loro non avevano ricevuto nessun sostegno in occasione del primo bando. Tramite i Servizi Sociali dell\u2019Azienda Feltrina per&hellip;<\/p>\n","protected":false},"author":4,"featured_media":140589,"comment_status":"closed","ping_status":"closed","sticky":false,"template":"","format":"standard","meta":{"_monsterinsights_skip_tracking":false,"_monsterinsights_sitenote_active":false,"_monsterinsights_sitenote_note":"","_monsterinsights_sitenote_category":0,"footnotes":""},"categories":[49],"tags":[],"class_list":["post-140588","post","type-post","status-publish","format-standard","has-post-thumbnail","hentry","category-news-18","category-49","description-off"],"img_url":"https:\/\/www.radiopiu.net\/wordpress\/wp-content\/uploads\/2020\/05\/Buoni-Spesa-Feltre.jpg","_links":{"self":[{"href":"https:\/\/www.radiopiu.net\/wordpress\/wp-json\/wp\/v2\/posts\/140588","targetHints":{"allow":["GET"]}}],"collection":[{"href":"https:\/\/www.radiopiu.net\/wordpress\/wp-json\/wp\/v2\/posts"}],"about":[{"href":"https:\/\/www.radiopiu.net\/wordpress\/wp-json\/wp\/v2\/types\/post"}],"author":[{"embeddable":true,"href":"https:\/\/www.radiopiu.net\/wordpress\/wp-json\/wp\/v2\/users\/4"}],"replies":[{"embeddable":true,"href":"https:\/\/www.radiopiu.net\/wordpress\/wp-json\/wp\/v2\/comments?post=140588"}],"version-history":[{"count":0,"href":"https:\/\/www.radiopiu.net\/wordpress\/wp-json\/wp\/v2\/posts\/140588\/revisions"}],"wp:featuredmedia":[{"embeddable":true,"href":"https:\/\/www.radiopiu.net\/wordpress\/wp-json\/wp\/v2\/media\/140589"}],"wp:attachment":[{"href":"https:\/\/www.radiopiu.net\/wordpress\/wp-json\/wp\/v2\/media?parent=140588"}],"wp:term":[{"taxonomy":"category","embeddable":true,"href":"https:\/\/www.radiopiu.net\/wordpress\/wp-json\/wp\/v2\/categories?post=140588"},{"taxonomy":"post_tag","embeddable":true,"href":"https:\/\/www.radiopiu.net\/wordpress\/wp-json\/wp\/v2\/tags?post=140588"}],"curies":[{"name":"wp","href":"https:\/\/api.w.org\/{rel}","templated":true}]}}