{"id":140608,"date":"2020-05-26T23:59:44","date_gmt":"2020-05-26T21:59:44","guid":{"rendered":"https:\/\/www.radiopiu.net\/wordpress\/?p=140608"},"modified":"2020-05-26T16:57:18","modified_gmt":"2020-05-26T14:57:18","slug":"sedico-offerta-di-prima-qualita-con-i-comitati-di-festeggiamenti-di-renato-bona","status":"publish","type":"post","link":"https:\/\/www.radiopiu.net\/wordpress\/sedico-offerta-di-prima-qualita-con-i-comitati-di-festeggiamenti-di-renato-bona\/","title":{"rendered":"SEDICO. OFFERTA DI PRIMA QUALITA\u2019 CON I COMITATI DI FESTEGGIAMENTI di RENATO BONA"},"content":{"rendered":"<div class=\"_3_bl\">\n<div class=\"_5w1r _3_om _5wdf\">\n<div class=\"_4gx_\">\n<div class=\"_1aa6\">\n<div class=\"\"><span class=\"_5yl5\"><strong>SEDICO<\/strong> Iniziative frazionali in forse per Coronavirus, ma si spera ancora\u2026 La terribile pandemia del Coronavirus oltre a provocare un elevato numero di vittime e cambiare in ogni parte del mondo la vita delle persone, ha comportato annullamenti o differimenti di manifestazioni pubbliche che avessero il \u201ctorto\u201d di determinare assembramenti (come fare diversamente?&#8230;). Quanto precede ci ha portati a considerare che questo sarebbe stato, in condizioni normali, il tempo di sagre e feste paesane che il benemerito volontariato che contraddistingue la gente bellunese, avrebbe proposto in ogni comune richiamando ovunque, per tradizione o devozione per singoli santi patroni, la gente delle grandi occasioni. Siamo entrati nella cosiddetta \u201cfase 2\u201d del graduale ritorno alla normalit\u00e0 e dunque \u00e8 probabile che qualche evento si possa ancora promuovere, ma altri sono gi\u00e0 stati rinviati al prossimo anno. Per singolare coincidenza, proprio mentre pensavamo, una per tutte, alla tradizionale festa dell\u2019Addolorata di Belluno capoluogo, con le bancarelle e la processione al seguito della statua della Vergine ospitata nella chiesa di Santo Stefano, \u201csaltata\u201d per la pandemia, ci \u00e8 capitato tra le mani un \u201dquaderno\u201d del novembre 1988 stampato dalla \u201cGermano Sommavilla\u201d per l\u2019associazione Pro Loco di Sedico con la collaborazione del Comune ed il contributo di quella che all\u2019epoca era ancora Cassa di risparmio di Verona, Vicenza e Belluno. Una pubblicazione sobria fin dalla copertina: Sedico, il titolo (durante il Novecento da comune basato prettamente su attivit\u00e0 agricole e sul commercio del legname, \u00e8 diventata una realt\u00e0 industriale importante a livello locale. Questo sviluppo, avviato a partire dagli anni ottanta, \u00e8 stato possibile grazie alla posizione strategica lungo l&#8217;asse Belluno-Feltre e Sedico-Agordo. Sul territorio si sono stabilite piccole e medie industrie oltre alla famosa Luxottica. L&#8217;ampia offerta di lavoro ha portato a fenomeni di emigrazione interna da comuni di montagna della provincia, con un notevole incremento demografico e una conseguente espansione edilizia sul territorio \u2013 ndr.) il titolo; stemma del Comune (due lame di sega in campo azzurro, simbolo delle numerose segherie che in epoca veneziana e nell&#8217;Ottocento si trovano particolarmente in zona i Meli, che lavoravano i tronchi che discendevano lungo il Cordevole dall&#8217;Agordino mediante fluitazione &#8211; ndr.) ); infine il simbolo di: \u201cUno dei 100 comuni della piccola grande Italia\u201d. Diciamo subito che la pubblicazione offre al lettore altrettanti capitoli, corredati da belle fotografie, su: un po\u2019 di storia; un po\u2019 di geografia; le chiese; insediamenti umani; attivit\u00e0 produttive; cultura, sport e tempo libero; uffici, servizi, informazioni. E ci soffermiamo nell\u2019occasione sul \u201ctempo libero\u201d perch\u00e9 vi \u00e8 la sottolineatura che Sedico \u201c\u00e8 caratterizzato da un fenomeno molto interessante: quasi ogni frazione ha un proprio \u2018Comitato di festeggiamenti\u2019. Si tratta di un gruppo di persone che in pieno spirito di volontariato cercano di valorizzare la propria zona tramite varie iniziative che soprattutto durante l\u2019estate fioriscono a getto continuo\u201d. Eccole: \u201cLa sagra dei per\u201d una delle pi\u00f9 popolari dell\u2019intera provincia di Belluno, in calendario a Bribano nella seconda quindicina di luglio per la ricorrenza del patrono San Giacomo. Il paese si mobilita per una vera grande festa che si conclude con un apprezzatissimo spettacolo pirotecnico. Nel carnet: musica, degustazione di piatti tipici della Val Belluna, iniziative culturali. La \u201cSagra di S. Antonio\u201d, del mese di giugno, nella frazione Mas dove, per il notevole successo registrato negli anni si sono aggiunti tra le \u201cofferte\u201d: manifestazioni sportive di livello, concorsi artistici, mostre dell\u2019artigianato locale, concerti e la filantropica mostra fotografica \u201cLa nostra gente nella storia\u201d. La \u201cSagra di S. Rocco\u201d nel mese di agosto a Prapavei, che contempla il ritrovarsi della gente per una preghiera comunitaria anche per invocare protezione e quindi varie iniziative per creare un autentico clima festoso. La \u201cSagra di S. Maddalena\u201d in calendario nella prima settimana di agosto a Landris, articolata in tre giorni di manifestazioni culturali, folkloristiche e sportive oltre a contemplare la tradizionale preparazione di piatti tipici. Il Comitato promotore ha quale simbolo l\u2019immagine della \u201cCastela\u201d caratteristica costruzione merlata che domina la zona. C\u2019\u00e8 da dire che vengono promosse durante l\u2019intero anno altre attivit\u00e0 per la valorizzazione-riscoperta delle tradizioni del posto tipo l\u2019arrivo di San Nicol\u00f2 del 6 dicembre con la classica distribuzione dei doni ai bimbi, o la creazione di una serie di ceramiche con gli scorci pi\u00f9 belli del paese. \u201cLa sagra delle Roe\u201d: la prima edizione data 1972 e da allora la festa di met\u00e0 agosto si \u00e8 valorizzata proponendo gare di disegno, mostre fotografiche, esposizioni di quadri, e manifestazioni sportive. Roe vanta in questo ambito un autentico primato provinciale: \u00e8 stata infatti organizzata qui la prima pedonata non competitiva, quella \u201cdei Mirabei\u201d. Ancora due classici dell\u2019offerta di Sedico nel campo del tempo libero: \u201cLa Festa del folklore peronese\u201d ed i \u201cFesteggiamenti al Pian dei castaldi\u201d: la prima ha esordito nel 1982 ad iniziativa di un gruppo di amici del \u201cGruppo Folk di Peron\u201d che si impegnarono nell\u2019organizzazione annuale di una manifestazione che riproponesse le tradizioni folkloristiche, differenziandosi da altre iniziative paesane, come possono testimoniare la coreografia realizzata in gran parte in legno ed i costumi indossati dai collaboratori della festa che propone anche una rassegna dell\u2019artigianato locale, un minitorneo di calcio ed una pedonata. Al Pian dei Castaldi, in una splendida cornice di verde, la popolazione ha edificato una accogliente baita in legno che nei mesi estivi funziona da quartier generale per le varie feste che contemplano manifestazioni culturali, ricreative, sportive e gastronomiche promosse dal \u201cComitato dell\u2019Amicizia\u201d di Libano, Bolago e Barp, con l\u2019obiettivo di concorrere alla valorizzazione delle bellezze paesaggistiche della montagna oltre che di sostenere le attivit\u00e0 paesane e le iniziative sportive della zona.<\/span><\/div>\n<div><\/div>\n<div>\n\n\t\t\t<style type='text\/css'>\n\t\t\t\t#gallery-1 {\n\t\t\t\t\tmargin: auto;\n\t\t\t\t}\n\t\t\t\t#gallery-1 .gallery-item {\n\t\t\t\t\tfloat: left;\n\t\t\t\t\tmargin-top: 10px;\n\t\t\t\t\ttext-align: center;\n\t\t\t\t\twidth: 33%;\n\t\t\t\t}\n\t\t\t\t#gallery-1 img {\n\t\t\t\t\tborder: 2px solid #cfcfcf;\n\t\t\t\t}\n\t\t\t\t#gallery-1 .gallery-caption {\n\t\t\t\t\tmargin-left: 0;\n\t\t\t\t}\n\t\t\t\t\/* see gallery_shortcode() in wp-includes\/media.php *\/\n\t\t\t<\/style>\n\t\t<div id='gallery-1' class='dt-gallery-container gallery galleryid-140608 gallery-columns-3 gallery-size-thumbnail'><dl class='gallery-item'>\n\t\t\t\t<dt class='gallery-icon landscape'>\n\t\t\t\t\t<a class=\"rollover\" href='https:\/\/www.radiopiu.net\/wordpress\/sedico-offerta-di-prima-qualita-con-i-comitati-di-festeggiamenti-di-renato-bona\/100090003_245286303372754_8049892611156082688_n\/'><img loading=\"lazy\" decoding=\"async\" width=\"150\" height=\"150\" src=\"https:\/\/www.radiopiu.net\/wordpress\/wp-content\/uploads\/2020\/05\/100090003_245286303372754_8049892611156082688_n-150x150.jpg\" class=\"attachment-thumbnail size-thumbnail\" alt=\"\" \/><\/a>\n\t\t\t\t<\/dt><\/dl><dl class='gallery-item'>\n\t\t\t\t<dt class='gallery-icon landscape'>\n\t\t\t\t\t<a class=\"rollover\" href='https:\/\/www.radiopiu.net\/wordpress\/sedico-offerta-di-prima-qualita-con-i-comitati-di-festeggiamenti-di-renato-bona\/100060211_288764742303695_3955859922670845952_n\/'><img loading=\"lazy\" decoding=\"async\" width=\"150\" height=\"150\" src=\"https:\/\/www.radiopiu.net\/wordpress\/wp-content\/uploads\/2020\/05\/100060211_288764742303695_3955859922670845952_n-150x150.jpg\" class=\"attachment-thumbnail size-thumbnail\" alt=\"\" \/><\/a>\n\t\t\t\t<\/dt><\/dl><dl class='gallery-item'>\n\t\t\t\t<dt class='gallery-icon landscape'>\n\t\t\t\t\t<a class=\"rollover\" href='https:\/\/www.radiopiu.net\/wordpress\/sedico-offerta-di-prima-qualita-con-i-comitati-di-festeggiamenti-di-renato-bona\/100100288_568430560776028_2005071620615438336_n\/'><img loading=\"lazy\" decoding=\"async\" width=\"150\" height=\"150\" src=\"https:\/\/www.radiopiu.net\/wordpress\/wp-content\/uploads\/2020\/05\/100100288_568430560776028_2005071620615438336_n-150x150.jpg\" class=\"attachment-thumbnail size-thumbnail\" alt=\"\" \/><\/a>\n\t\t\t\t<\/dt><\/dl><br style=\"clear: both\" \/><dl class='gallery-item'>\n\t\t\t\t<dt class='gallery-icon landscape'>\n\t\t\t\t\t<a class=\"rollover\" href='https:\/\/www.radiopiu.net\/wordpress\/sedico-offerta-di-prima-qualita-con-i-comitati-di-festeggiamenti-di-renato-bona\/100073449_272933973900804_2405523255919116288_n\/'><img loading=\"lazy\" decoding=\"async\" width=\"150\" height=\"150\" src=\"https:\/\/www.radiopiu.net\/wordpress\/wp-content\/uploads\/2020\/05\/100073449_272933973900804_2405523255919116288_n-150x150.jpg\" class=\"attachment-thumbnail size-thumbnail\" alt=\"\" \/><\/a>\n\t\t\t\t<\/dt><\/dl><dl class='gallery-item'>\n\t\t\t\t<dt class='gallery-icon landscape'>\n\t\t\t\t\t<a class=\"rollover\" href='https:\/\/www.radiopiu.net\/wordpress\/sedico-offerta-di-prima-qualita-con-i-comitati-di-festeggiamenti-di-renato-bona\/100104679_531344790869851_6106100080681418752_n\/'><img loading=\"lazy\" decoding=\"async\" width=\"150\" height=\"150\" src=\"https:\/\/www.radiopiu.net\/wordpress\/wp-content\/uploads\/2020\/05\/100104679_531344790869851_6106100080681418752_n-150x150.jpg\" class=\"attachment-thumbnail size-thumbnail\" alt=\"\" \/><\/a>\n\t\t\t\t<\/dt><\/dl><dl class='gallery-item'>\n\t\t\t\t<dt class='gallery-icon landscape'>\n\t\t\t\t\t<a class=\"rollover\" href='https:\/\/www.radiopiu.net\/wordpress\/sedico-offerta-di-prima-qualita-con-i-comitati-di-festeggiamenti-di-renato-bona\/100715032_849308518894346_6500827984868409344_n\/'><img loading=\"lazy\" decoding=\"async\" width=\"150\" height=\"150\" src=\"https:\/\/www.radiopiu.net\/wordpress\/wp-content\/uploads\/2020\/05\/100715032_849308518894346_6500827984868409344_n-150x150.jpg\" class=\"attachment-thumbnail size-thumbnail\" alt=\"\" \/><\/a>\n\t\t\t\t<\/dt><\/dl><br style=\"clear: both\" \/><dl class='gallery-item'>\n\t\t\t\t<dt class='gallery-icon landscape'>\n\t\t\t\t\t<a class=\"rollover\" href='https:\/\/www.radiopiu.net\/wordpress\/sedico-offerta-di-prima-qualita-con-i-comitati-di-festeggiamenti-di-renato-bona\/100948050_680176839381582_424478386732138496_n\/'><img loading=\"lazy\" decoding=\"async\" width=\"150\" height=\"150\" src=\"https:\/\/www.radiopiu.net\/wordpress\/wp-content\/uploads\/2020\/05\/100948050_680176839381582_424478386732138496_n-150x150.jpg\" class=\"attachment-thumbnail size-thumbnail\" alt=\"\" \/><\/a>\n\t\t\t\t<\/dt><\/dl><dl class='gallery-item'>\n\t\t\t\t<dt class='gallery-icon landscape'>\n\t\t\t\t\t<a class=\"rollover\" href='https:\/\/www.radiopiu.net\/wordpress\/sedico-offerta-di-prima-qualita-con-i-comitati-di-festeggiamenti-di-renato-bona\/100610484_791411264721869_8386140111791718400_n\/'><img loading=\"lazy\" decoding=\"async\" width=\"150\" height=\"150\" src=\"https:\/\/www.radiopiu.net\/wordpress\/wp-content\/uploads\/2020\/05\/100610484_791411264721869_8386140111791718400_n-150x150.jpg\" class=\"attachment-thumbnail size-thumbnail\" alt=\"\" \/><\/a>\n\t\t\t\t<\/dt><\/dl><dl class='gallery-item'>\n\t\t\t\t<dt class='gallery-icon landscape'>\n\t\t\t\t\t<a class=\"rollover\" href='https:\/\/www.radiopiu.net\/wordpress\/sedico-offerta-di-prima-qualita-con-i-comitati-di-festeggiamenti-di-renato-bona\/100589016_676880443094651_7984097959904018432_n\/'><img loading=\"lazy\" decoding=\"async\" width=\"150\" height=\"150\" src=\"https:\/\/www.radiopiu.net\/wordpress\/wp-content\/uploads\/2020\/05\/100589016_676880443094651_7984097959904018432_n-150x150.jpg\" class=\"attachment-thumbnail size-thumbnail\" alt=\"\" \/><\/a>\n\t\t\t\t<\/dt><\/dl><br style=\"clear: both\" \/><dl class='gallery-item'>\n\t\t\t\t<dt class='gallery-icon landscape'>\n\t\t\t\t\t<a class=\"rollover\" href='https:\/\/www.radiopiu.net\/wordpress\/sedico-offerta-di-prima-qualita-con-i-comitati-di-festeggiamenti-di-renato-bona\/100831655_181619056482686_7242435564052414464_n\/'><img loading=\"lazy\" decoding=\"async\" width=\"150\" height=\"150\" src=\"https:\/\/www.radiopiu.net\/wordpress\/wp-content\/uploads\/2020\/05\/100831655_181619056482686_7242435564052414464_n-150x150.jpg\" class=\"attachment-thumbnail size-thumbnail\" alt=\"\" \/><\/a>\n\t\t\t\t<\/dt><\/dl>\n\t\t\t\t<br style='clear: both' \/>\n\t\t\t<\/div>\n\n<\/div>\n<div><\/div>\n<div class=\"\"><span class=\"_5yl5\"> NELLE FOTO (Riproduzione dalla pubblicazione \u201cSedico\u201d per la quale hanno collaborato con la Pro Loco il Comune; la Comunit\u00e0 montana Bellunese; Arturo Faganello, plastigrafia; Carlo Arrigoni, testo; Doriano Pavei e Foto Charles per le immagini; Gianni De Vecchi per foto e notizie storiche): il simbolo della Pro Loco; la copertina del libretto; il Carnevale sedicense; spettacolo pirotecnico alla conclusione della \u201cSagra dei per\u201d di Bribano; scorcio di Mas; casa rurale con \u201cpiol\u201d a Prapavei; pedonata per la sagra di ferragosto di Roe; ceramiche con ricordi di Landris; il Gruppo Folkloristico di Peron; la \u201cBaita\u201d al Pian dei Castaldi.<\/span><\/div>\n<\/div>\n<\/div>\n<\/div>\n<\/div>\n","protected":false},"excerpt":{"rendered":"<p>SEDICO Iniziative frazionali in forse per Coronavirus, ma si spera ancora\u2026 La terribile pandemia del Coronavirus oltre a provocare un elevato numero di vittime e cambiare in ogni parte del mondo la vita delle persone, ha comportato annullamenti o differimenti di manifestazioni pubbliche che avessero il \u201ctorto\u201d di determinare assembramenti (come fare diversamente?&#8230;). Quanto precede&hellip;<\/p>\n","protected":false},"author":1,"featured_media":140616,"comment_status":"closed","ping_status":"closed","sticky":false,"template":"","format":"standard","meta":{"_monsterinsights_skip_tracking":false,"_monsterinsights_sitenote_active":false,"_monsterinsights_sitenote_note":"","_monsterinsights_sitenote_category":0,"footnotes":""},"categories":[49],"tags":[],"class_list":["post-140608","post","type-post","status-publish","format-standard","has-post-thumbnail","hentry","category-news-18","category-49","description-off"],"img_url":"https:\/\/www.radiopiu.net\/wordpress\/wp-content\/uploads\/2020\/05\/100610484_791411264721869_8386140111791718400_n.jpg","_links":{"self":[{"href":"https:\/\/www.radiopiu.net\/wordpress\/wp-json\/wp\/v2\/posts\/140608","targetHints":{"allow":["GET"]}}],"collection":[{"href":"https:\/\/www.radiopiu.net\/wordpress\/wp-json\/wp\/v2\/posts"}],"about":[{"href":"https:\/\/www.radiopiu.net\/wordpress\/wp-json\/wp\/v2\/types\/post"}],"author":[{"embeddable":true,"href":"https:\/\/www.radiopiu.net\/wordpress\/wp-json\/wp\/v2\/users\/1"}],"replies":[{"embeddable":true,"href":"https:\/\/www.radiopiu.net\/wordpress\/wp-json\/wp\/v2\/comments?post=140608"}],"version-history":[{"count":0,"href":"https:\/\/www.radiopiu.net\/wordpress\/wp-json\/wp\/v2\/posts\/140608\/revisions"}],"wp:featuredmedia":[{"embeddable":true,"href":"https:\/\/www.radiopiu.net\/wordpress\/wp-json\/wp\/v2\/media\/140616"}],"wp:attachment":[{"href":"https:\/\/www.radiopiu.net\/wordpress\/wp-json\/wp\/v2\/media?parent=140608"}],"wp:term":[{"taxonomy":"category","embeddable":true,"href":"https:\/\/www.radiopiu.net\/wordpress\/wp-json\/wp\/v2\/categories?post=140608"},{"taxonomy":"post_tag","embeddable":true,"href":"https:\/\/www.radiopiu.net\/wordpress\/wp-json\/wp\/v2\/tags?post=140608"}],"curies":[{"name":"wp","href":"https:\/\/api.w.org\/{rel}","templated":true}]}}