{"id":140764,"date":"2020-05-28T06:02:01","date_gmt":"2020-05-28T04:02:01","guid":{"rendered":"https:\/\/www.radiopiu.net\/wordpress\/?p=140764"},"modified":"2020-05-28T10:10:54","modified_gmt":"2020-05-28T08:10:54","slug":"giornale-radiopiu-28-maggio-2020-direttore-mirko-mezzacasa","status":"publish","type":"post","link":"https:\/\/www.radiopiu.net\/wordpress\/giornale-radiopiu-28-maggio-2020-direttore-mirko-mezzacasa\/","title":{"rendered":"GIORNALE RADIOPIU 28 MAGGIO 2020 DIRETTORE MIRKO MEZZACASA"},"content":{"rendered":"<h3><strong>PER RICEVERE QUESTO NOTIZIARIO DIRETTAMENTE SUL TUO CELLULARE ISCRIVITI AL CANALE TELEGRAM\u00a0<\/strong><strong>\u201cRADIO PIU\u00a0 INFORMAZIONE\u201d<\/strong><\/h3>\n<div style=\"width: 1200px;\" class=\"wp-video\"><video class=\"wp-video-shortcode\" id=\"video-140764-1\" width=\"1200\" height=\"675\" preload=\"metadata\" controls=\"controls\"><source type=\"video\/mp4\" src=\"https:\/\/www.radiopiu.net\/wordpress\/wp-content\/uploads\/2020\/05\/ora_veneto_v9b.mp4?_=1\" \/><a href=\"https:\/\/www.radiopiu.net\/wordpress\/wp-content\/uploads\/2020\/05\/ora_veneto_v9b.mp4\">https:\/\/www.radiopiu.net\/wordpress\/wp-content\/uploads\/2020\/05\/ora_veneto_v9b.mp4<\/a><\/video><\/div>\n<hr \/>\n<p><em><strong>\u00a0<\/strong><\/em><\/p>\n<p><em><strong>Gestione Servizi Pubblici \u00a0informa che a ROCCA PIETORE in localit\u00e0 DIGONERA, l\u2019acqua erogata dall\u2019acquedotto non \u00e8 potabile e pu\u00f2 essere usata per scopi alimentari SOLO PREVIA bollitura<\/strong><\/em><\/p>\n<p>&nbsp;<\/p>\n<hr \/>\n<p><strong>\u00a0<\/strong><\/p>\n<p><strong>CHIUDE PONTE MAS, FINO AL 30 GIUGNO PER I LAVORI DI CONSOLIDAMENTO:<\/strong>\u00a0 fino al\u00a0 30 giugno sar\u00e0 chiuso sia alle macchine sia ai pedoni. Percorso alternativo: da Ponte Mas a Vignole in Comune di Sedico.<\/p>\n<p><strong>INTERRUZIONI A CRISTO DELLE PIANIZZE\u00a0<\/strong>sp347 DURAN E CEREDA fino al al 5 giugno (esclusi festivi e prefestivi) possibili interruzioni in localit\u00e0 Pianizze (Agordo) della durata massima di 15 minuti dalle 8 alle 12 e dalle 13 alle 17, inoltre senso unico alternato nei periodi non interessati dalle chiusura<\/p>\n<p>&nbsp;<\/p>\n<hr \/>\n<p>&nbsp;<\/p>\n<p>&nbsp;<\/p>\n<blockquote>\n<h3>L&#8217;ULTIMO SALUTA A &#8220;TANO&#8221;\u00a0 IN CIMITERO A CENCENIGHE<\/h3>\n<\/blockquote>\n<p><strong><a class=\"dt-pswp-item\" href=\"https:\/\/www.radiopiu.net\/wordpress\/wp-content\/uploads\/2020\/05\/Manfroi-Carlo.jpg\" data-dt-img-description=\"\" data-large_image_width=\"900\" data-large_image_height=\"1273\"><img loading=\"lazy\" decoding=\"async\" class=\"size-medium wp-image-140782 alignleft\" src=\"https:\/\/www.radiopiu.net\/wordpress\/wp-content\/uploads\/2020\/05\/Manfroi-Carlo-212x300.jpg\" alt=\"\" width=\"212\" height=\"300\" srcset=\"https:\/\/www.radiopiu.net\/wordpress\/wp-content\/uploads\/2020\/05\/Manfroi-Carlo-212x300.jpg 212w, https:\/\/www.radiopiu.net\/wordpress\/wp-content\/uploads\/2020\/05\/Manfroi-Carlo-724x1024.jpg 724w, https:\/\/www.radiopiu.net\/wordpress\/wp-content\/uploads\/2020\/05\/Manfroi-Carlo-768x1086.jpg 768w, https:\/\/www.radiopiu.net\/wordpress\/wp-content\/uploads\/2020\/05\/Manfroi-Carlo.jpg 900w\" sizes=\"auto, (max-width: 212px) 100vw, 212px\" \/><\/a><\/strong><\/p>\n<p>&nbsp;<\/p>\n<p>&nbsp;<\/p>\n<p><strong>CENCENIGHE <\/strong>I\u00a0 funerali di Carlo &#8220;Tano&#8221; Manfroi si svolgeranno oggi alle 14.30 nel cimitero di Cencenighe. In ottemperanza al Decreto Ministeriale i posti in cimitero devono restare distanziati, sia lasciata la precedenza a parenti e alle persone pi\u00f9 vicine alla famiglia evitando gli assembrameti. Un messaggio di cordoglio alla moglie Ivana, alle figlie Luana con Valentino e agli amati nipoti Samuele e Maverik e alla figlia Katia con Nicola, la sorella Iole, cognati e parenti.<\/p>\n<p>&nbsp;<\/p>\n<p>&nbsp;<\/p>\n<p>IL RICORDO DI LORIS DE VAL<\/p>\n<audio class=\"wp-audio-shortcode\" id=\"audio-140764-1\" preload=\"none\" style=\"width: 100%;\" controls=\"controls\"><source type=\"audio\/mpeg\" src=\"https:\/\/www.radiopiu.net\/wordpress\/wp-content\/uploads\/2020\/05\/LORIS-DE-VAL-TANO.mp3?_=1\" \/><a href=\"https:\/\/www.radiopiu.net\/wordpress\/wp-content\/uploads\/2020\/05\/LORIS-DE-VAL-TANO.mp3\">https:\/\/www.radiopiu.net\/wordpress\/wp-content\/uploads\/2020\/05\/LORIS-DE-VAL-TANO.mp3<\/a><\/audio>\n<p>&nbsp;<\/p>\n<p>&nbsp;<\/p>\n<hr \/>\n<div class=\"page-title-head hgroup\">\n<blockquote>\n<h3><\/h3>\n<h3><\/h3>\n<h3 class=\"entry-title\">AGORDO PIANGE SIRO DE MARCO, IL CRONOMETRISTA<\/h3>\n<\/blockquote>\n<\/div>\n<div class=\"page-title-breadcrumbs\">\n<p><strong class=\"photoswipe-wrapper\"><img loading=\"lazy\" decoding=\"async\" class=\"wp-image-140873 alignleft jetpack-lazy-image jetpack-lazy-image--handled\" src=\"https:\/\/i0.wp.com\/www.radiopiu.net\/wordpress\/wp-content\/uploads\/2020\/05\/b9903a10-dff9-4468-9677-77cb07126d42-1.jpg?resize=121%2C146&amp;ssl=1\" sizes=\"auto, (max-width: 121px) 100vw, 121px\" srcset=\"https:\/\/i0.wp.com\/www.radiopiu.net\/wordpress\/wp-content\/uploads\/2020\/05\/b9903a10-dff9-4468-9677-77cb07126d42-1.jpg?resize=249%2C300&amp;ssl=1 249w, https:\/\/i0.wp.com\/www.radiopiu.net\/wordpress\/wp-content\/uploads\/2020\/05\/b9903a10-dff9-4468-9677-77cb07126d42-1.jpg?w=520&amp;ssl=1 520w\" alt=\"\" width=\"121\" height=\"146\" data-recalc-dims=\"1\" data-lazy-loaded=\"1\" \/>AGORDO<\/strong> Quanti pomeriggi sotto al sole sul palco del Broi, da quando io ero ragazzino e fino a quando all&#8217;amico Siro la salute glielo ha permesso. Siro De Marco\u00a0 era uno di noi, uno del palio, quello di Toni Guadagnini prima e Fiorendo Dalla C\u00e0 dopo. Siro era preciso al secondo, il cronometrista ideale di poche parole ma concreto. Il palio di Agordo, quello dei Cento rimane solo un esempio, poi c\u2019era l\u2019inverno e il freddo di Malga Losch o Forcella Aurine per le gare di sci, oppure il ghiaccio del De Toni nell\u2019hockey e lui ancora li puntuale. Sar\u00e0 questo il ricordo per me e per Radio Pi\u00f9. Siro De Marco ci ha lasciati a 70 anni, &#8220;ha trovato pace&#8221; hanno scritto nel messaggio funebre il fratello Miles, la cognata e la nipote Mayra. Una preghiera sar\u00e0 recitata venerdi alle 14.30 in cimitero ad Agordo dove vigeranno le regole del distanziamento sociale e l\u2019accesso al campo santo con precedenza ai famigliari evitando assembramenti. Lo voglio per\u00f2 ricordare come l\u2019ho conosciuto nel 1984, sul palco del Broi come ricordato nel libro \u201cOdio La Radio\u201d.<\/p>\n<div class=\"_6c7i\">\n<div class=\"_680y\">\n<div class=\"_6cuy\">\n<div>\n<div class=\" _6qw3\" data-ft=\"{&quot;tn&quot;:&quot;K&quot;}\">\n<blockquote>\n<div class=\"_72vr\"><em><a id=\"js_5ns\" class=\"_6qw4\" href=\"https:\/\/www.facebook.com\/elidadel?comment_id=Y29tbWVudDozNzYwNzEzNDEwNjI1Mzk0XzM3NjE1MjYzNTM4Nzc0MzM%3D\" data-hovercard=\"\/ajax\/hovercard\/user.php?id=572500549&amp;extragetparams={&quot;directed_target_id&quot;: &quot;765733190123446&quot;}\" aria-describedby=\"u_d0_1\" aria-owns=\"\">Elida Della Lucia<\/a><span dir=\"ltr\"><span class=\"_3l3x\">Ciao Siro, d\u2019estate a Frassen\u00e8 eri il mio vicino di casa e poi ci incrociavamo quando tu chiacchieravi con gli amici appoggiato alle stanghe\/parapetto vicino a casa. Ci scambiavamo un sorriso e un ciao, ma eri una presenza costante che mancher\u00e0.\u00a0 Condoglianze a Miles e famiglia.<\/span><\/span><\/em><\/div>\n<\/blockquote>\n<\/div>\n<\/div>\n<\/div>\n<\/div>\n<\/div>\n<p><a class=\"dt-pswp-item\" href=\"https:\/\/www.radiopiu.net\/wordpress\/wp-content\/uploads\/2020\/05\/e42c136a-1db0-4daf-acdd-115be0ce5830.jpg\" data-dt-img-description=\"\" data-large_image_width=\"1034\" data-large_image_height=\"510\"><img loading=\"lazy\" decoding=\"async\" class=\"alignnone size-medium wp-image-140888\" src=\"https:\/\/www.radiopiu.net\/wordpress\/wp-content\/uploads\/2020\/05\/e42c136a-1db0-4daf-acdd-115be0ce5830-300x148.jpg\" alt=\"\" width=\"300\" height=\"148\" srcset=\"https:\/\/www.radiopiu.net\/wordpress\/wp-content\/uploads\/2020\/05\/e42c136a-1db0-4daf-acdd-115be0ce5830-300x148.jpg 300w, https:\/\/www.radiopiu.net\/wordpress\/wp-content\/uploads\/2020\/05\/e42c136a-1db0-4daf-acdd-115be0ce5830-1024x505.jpg 1024w, https:\/\/www.radiopiu.net\/wordpress\/wp-content\/uploads\/2020\/05\/e42c136a-1db0-4daf-acdd-115be0ce5830-768x379.jpg 768w, https:\/\/www.radiopiu.net\/wordpress\/wp-content\/uploads\/2020\/05\/e42c136a-1db0-4daf-acdd-115be0ce5830.jpg 1034w\" sizes=\"auto, (max-width: 300px) 100vw, 300px\" \/><\/a><\/p>\n<p>PALCO del PALIO DEI CENTO nel 1984.\u00a0 SIRO DE MARCO il cronometrista<\/p>\n<\/div>\n<p>&nbsp;<\/p>\n<p>&nbsp;<\/p>\n<div class=\"page-title-breadcrumbs\">\n<p>&nbsp;<\/p>\n<hr \/>\n<p>&nbsp;<\/p>\n<div class=\"page-title-head hgroup\">\n<blockquote>\n<h3 class=\"entry-title\">TAMPONAMENTO IN VIA TIZIANO VECELLIO SCOOTER CONTRO L\u2019AUTOCARRO<\/h3>\n<\/blockquote>\n<p><strong><a class=\"dt-pswp-item\" href=\"https:\/\/www.radiopiu.net\/wordpress\/wp-content\/uploads\/2020\/05\/photo_2020-05-27_18-07-10.jpg\" data-dt-img-description=\"\" data-large_image_width=\"857\" data-large_image_height=\"642\"><img loading=\"lazy\" decoding=\"async\" class=\"size-medium wp-image-140968 alignleft\" src=\"https:\/\/www.radiopiu.net\/wordpress\/wp-content\/uploads\/2020\/05\/photo_2020-05-27_18-07-10-300x225.jpg\" alt=\"\" width=\"300\" height=\"225\" srcset=\"https:\/\/www.radiopiu.net\/wordpress\/wp-content\/uploads\/2020\/05\/photo_2020-05-27_18-07-10-300x225.jpg 300w, https:\/\/www.radiopiu.net\/wordpress\/wp-content\/uploads\/2020\/05\/photo_2020-05-27_18-07-10-768x575.jpg 768w, https:\/\/www.radiopiu.net\/wordpress\/wp-content\/uploads\/2020\/05\/photo_2020-05-27_18-07-10.jpg 857w\" sizes=\"auto, (max-width: 300px) 100vw, 300px\" \/><\/a>BELLUNO <\/strong>In considerazione della dinamica dire che \u00e8 andata bene non \u00e8 certo eccessivo se si pensa che lo scooter si \u00e8 infilato nel retro dell\u2019autocarro. E\u2019 successo nel pomeriggio di ieri nei pressi dell\u2019azienda Alemagna motori nella periferia bellunese Lo scooter era condotto da F.B. 55 anni di Belluno, l\u2019autocarro da I.E. 32 anni\u00a0 feltrino. Ad avere la peggio il cinquantancinquenne, all\u2019ospedale gli \u00e8 stato diagnosticato un trauma alla spalla. Sul posto oltre ai sanitari del 118 i Carabinieri per i rilievi di legge, inevitabili i disagi al traffico. Nella stessa via a poca distanza anche un tamponamento tra quattro auto con \u00a0gli occupanti delle autovetture portati per accertamenti in ospedale soprattutto per il classico \u201ccolpo di frusta\u201d, in ogni caso nessun ferito grave.<strong><br \/>\n<\/strong><\/p>\n<\/div>\n<\/div>\n<p>&nbsp;<\/p>\n<p>&nbsp;<\/p>\n<hr \/>\n<p>&nbsp;<\/p>\n<blockquote>\n<h3>INVESTIMENTO A FELTRE GRAVE UN&#8217;ANZIANA<\/h3>\n<\/blockquote>\n<p><strong>FELTRE<\/strong> Una donna di 80 anni che passeggiava da sola munita di deambulatore \u00e8 stata investita in viale Pedavena, stava attraversando la strada e non era sulle strisce pedonali.\u00a0 La donna \u00e8 caduta sull&#8217;asfalto, subito soccorsa dall&#8217;ambulanza \u00e8 stata portata all&#8217;ospedale di Feltre. La dinamica al vaglio della polizia locale.<\/p>\n<p>&nbsp;<\/p>\n<p>&nbsp;<\/p>\n<p>&nbsp;<\/p>\n<div class=\"page-title-breadcrumbs\">\n<div class=\"page-title-head hgroup\">\n<hr \/>\n<\/div>\n<\/div>\n<p>&nbsp;<\/p>\n<p>&nbsp;<\/p>\n<blockquote>\n<h3>RIAPERTURA DEGLI IMPIANTI NEL COMPRENSORIO DOLOMITI SUPERSKI<\/h3>\n<\/blockquote>\n<p><a class=\"dt-pswp-item\" href=\"https:\/\/www.radiopiu.net\/wordpress\/wp-content\/uploads\/2018\/04\/impianti-alleghe-funivie.jpg\" data-dt-img-description=\"\" data-large_image_width=\"550\" data-large_image_height=\"309\"><img loading=\"lazy\" decoding=\"async\" class=\" wp-image-46376 alignleft\" src=\"https:\/\/www.radiopiu.net\/wordpress\/wp-content\/uploads\/2018\/04\/impianti-alleghe-funivie-300x169.jpg\" alt=\"\" width=\"209\" height=\"118\" srcset=\"https:\/\/www.radiopiu.net\/wordpress\/wp-content\/uploads\/2018\/04\/impianti-alleghe-funivie-300x169.jpg 300w, https:\/\/www.radiopiu.net\/wordpress\/wp-content\/uploads\/2018\/04\/impianti-alleghe-funivie.jpg 550w\" sizes=\"auto, (max-width: 209px) 100vw, 209px\" \/><\/a>Sono state comunicate le date di riapertura degli impianti del comprensorio Dolomiti SuperSki per l&#8217;estate 2020.<\/p>\n<div><strong>Dolomiti SuperSummer 2020<\/strong><\/div>\n<div>Cortina d\u2019Ampezzo dal 30\/05\/2020 al 18\/10\/2020,\u00a0Kronplatz \u2013 Plan de Corones dal 06\/06\/2020 al 11\/10\/2020,\u00a0Alta Badia dal 27\/06\/2020 al 27\/09\/2020,\u00a0Val Gardena\/Alpe di Siusi dal 06\/06\/2020 al 02\/11\/2020,\u00a0Val di Fassa\/Carezza dal 11\/06\/2020 al 02\/11\/2020,\u00a0Arabba\/Marmolada dal 13\/06\/2020 al 27\/09\/2020,\u00a03 Cime Dolomiti dal 06\/06\/2020 al 01\/11\/2020,\u00a0Val di Fiemme\/Obereggen dal 13\/06\/2020 al 04\/10\/2020,\u00a0San Martino di Castrozza-Passo Rolle dal 20\/06\/2020 al 20\/09\/2020,\u00a0Rio Pusteria &#8211; Bressanone dal 13\/06\/2020 al 07\/11\/2020,\u00a0San Pellegrino dal 20\/06\/2020 al 27\/09\/2020,\u00a0Civetta dal 27\/06\/2020 al 20\/09\/2020<\/div>\n<div><\/div>\n<div><\/div>\n<div><\/div>\n<div><\/div>\n<div>\n<hr \/>\n<blockquote>\n<h3><\/h3>\n<h3><\/h3>\n<h3>LA RIPARTENZA CON LA \u201cFASE 2\u201d DELL\u2019EMERGENZA COVID-19 DIVENTA L\u2019OCCASIONE PER UNA NUOVA TRUFFA<\/h3>\n<\/blockquote>\n<p><strong class=\"photoswipe-wrapper\"><img loading=\"lazy\" decoding=\"async\" class=\"size-medium wp-image-131701 alignleft jetpack-lazy-image jetpack-lazy-image--handled\" src=\"https:\/\/i2.wp.com\/www.radiopiu.net\/wordpress\/wp-content\/uploads\/2020\/04\/mascherine-taibon.jpg?resize=300%2C225&amp;ssl=1\" sizes=\"auto, (max-width: 300px) 100vw, 300px\" srcset=\"https:\/\/i0.wp.com\/www.radiopiu.net\/wordpress\/wp-content\/uploads\/2020\/04\/mascherine-taibon-scaled.jpg?resize=300%2C225&amp;ssl=1 300w, https:\/\/i0.wp.com\/www.radiopiu.net\/wordpress\/wp-content\/uploads\/2020\/04\/mascherine-taibon-scaled.jpg?resize=1024%2C768&amp;ssl=1 1024w, https:\/\/i0.wp.com\/www.radiopiu.net\/wordpress\/wp-content\/uploads\/2020\/04\/mascherine-taibon-scaled.jpg?resize=768%2C576&amp;ssl=1 768w, https:\/\/i0.wp.com\/www.radiopiu.net\/wordpress\/wp-content\/uploads\/2020\/04\/mascherine-taibon-scaled.jpg?resize=1536%2C1152&amp;ssl=1 1536w, https:\/\/i0.wp.com\/www.radiopiu.net\/wordpress\/wp-content\/uploads\/2020\/04\/mascherine-taibon-scaled.jpg?resize=2048%2C1536&amp;ssl=1 2048w, https:\/\/i0.wp.com\/www.radiopiu.net\/wordpress\/wp-content\/uploads\/2020\/04\/mascherine-taibon-scaled.jpg?w=2400&amp;ssl=1 2400w\" alt=\"\" width=\"300\" height=\"225\" data-recalc-dims=\"1\" data-lazy-loaded=\"1\" \/>BELLUNO<\/strong>Il Compartimento della Polizia Postale e delle Comunicazioni del Veneto, in questi giorni, sta constatando l\u2019emersione di un nuovo fenomeno criminale legato all\u2019emergenza sanitaria. Sono numerose infatti le aziende che hanno presentato denuncia presso il Compartimento per essere state vittime di raggiri mentre tentavano di acquistare uno stock di DPI per i propri dipendenti. Dopo aver assunto informazioni su chi potrebbe essere un intermediario affidabile nella provincia veneziana i malcapitati vengono invitati a chiamare una Societ\u00e0 con sede nel Centro Italia, che dichiarando di avere la disponibilit\u00e0 del prodotto cercato richiede il pagamento con bonifico bancario su conti creati ad hoc per poter inviare la merce. Ma delle mascherine\u00a0 non si ha traccia, accorta ed oculata \u00e8 al contrario\u00a0 la gestione delle somme ottenute illecitamente : la durata della permanenza su questi \u2018conti fisarmonica\u2019 delle somme \u00e8 brevissima in quanto dopo poche ore il denaro si disperde in mille rivoli venendo distribuito come compenso per l\u2019attivit\u00e0 prestata dai vari soggetti per ordire la truffa.Gli investigatori del Compartimento della Polizia Postale e delle Comunicazioni VENETO hanno gi\u00e0 bloccato parte delle somme pervenute sui conti di appoggio dei truffatori e stanno svolgendo i primi accertamenti. La Polizia Postale consiglia a chiunque abbia la necessit\u00e0 di approvvigionarsi di dispositivi di Protezione Individuale di affidarsi a canali sicuri, verificando prima di concludere qualsiasi trattativa se l\u2019azienda sia effettivamente esistente ricercando in rete recensioni sulla ditta ed esperienze di precedenti clienti.Utile \u00e8 anche il controllo se vi sia corrispondenza tra l\u2019indirizzo dichiarato della sede con un immobile destinato a fini commerciali utilizzando strumenti comuni come ad esempio \u201cGoogle Street View\u201d.<\/p>\n<blockquote><p>Con l\u2019inizio della \u201cFase 2\u201d dell\u2019emergenza sanitaria legata al COVID-19 molte aziende, stanno ripartendo e per rispettare gli standard di sicurezza richiesti, dimostrando grande senso di responsabilit\u00e0 nei confronti dei loro dipendenti, cercano di approvvigionarsi nel pi\u00f9 breve tempo possibile di Dispositivi di Protezione Individuali. E\u2019 proprio nella necessit\u00e0 di trovare in tempi brevi beni cos\u00ec preziosi come guanti e mascherine che i truffatori riconoscono l\u2019occasione di ottenere profitti illeciti sfruttando proprio lo stato di immediato bisogno delle aziende. Alcune imprese infatti in completa buona fede, ma in maniera poco avveduta, si affidano a canali di approvvigionamento improvvisati e non sicuri.<\/p><\/blockquote>\n<p>&nbsp;<\/p>\n<\/div>\n<p>&nbsp;<\/p>\n<div><\/div>\n<div>\n<hr \/>\n<\/div>\n<div class=\"page-title-breadcrumbs\">\n<div class=\"page-title-head hgroup\">\n<p>&nbsp;<\/p>\n<blockquote>\n<h3>TURISTI AL SICURO IN VENETO, DALLA REGIONE LA RISPOSTA ALLA CAMPAGNA PROMOZIONALE ALTO ATESINA. PER L&#8217;ECONOMIA VENETA ARRIVA LA TERAPIA INTENSIVA, UNA BOCCATA D&#8217;OSSIGENO DA UN RESPIRATORE CHE CUBA 1,4 MILIARDI PROMESSI ALLA PICCOLA MEDIA INDUSTRIA.<\/h3>\n<\/blockquote>\n<p><strong>di Mirko Mezzacasa\u00a0<\/strong><\/p>\n<p><strong>TURISMO<\/strong> L&#8217;emergenza della pandemia iniziata a febbraio ha arricchito il nostro vocabolario quotidiano di nuovi termini, soprattutto internazionalizzati dall&#8217;inglese come covid free ad esempio, ovvero\u00a0 senza virus, liberati dal virus. L&#8217;espressione \u00e8 oggi di moda nel palazzo della Regione ed \u00e8 diventato il nuovo slogan accalappia turisti. Veneto Regione Covid Free sar\u00e0 il motto dell&#8217;estate 2020 per attrarre l&#8217;ospite che non dovr\u00e0 temere il virus perch\u00e9 il territorio si dichiara pronto a gestire i problemi. <em>&#8220;Puntiamo a essere regione covid free &#8211; dice il presidente Luca Zaia &#8211; per andare oltre il test sierologico che \u00e8 solo una foto istantanea, del momento. Noi promuoviamo un&#8217;organizzazione che rassicuri e che faccia capire ai turisti che abbiamo in mano la situazione&#8221;.<\/em> Tra le righe, ma neanche tanto \u00e8 una risposta all&#8217;altra Italia, quella dell&#8217;Alto Nord e Sud Tirolo che dopo le aperture anticipate mentre il resto del paese continuava a purgarsi in quarantena, ha esordito in apertura di stagione con lo spot tamponi per tutti. &#8220;<em>Loro possono &#8211; ha detto Zaia &#8211; ma per\u00a0 noi in Veneto che contiamo\u00a0 70 mila presenze turistiche promettere tamponi per tutti \u00e8 impossibile e impensabile. Noi abbiamo altri strumenti per dare ampie garanzie ai turisti . <\/em>Dunque il Veneto\u00a0 lancia un segnale psicologico\u00a0 con una serie di misure e incroci dei dati tenuti sotto controllo dal cruscotto della biosorveglianza. In altre parole un piano di sanit\u00e0 pubblica che identifica le categorie dei tamponi dai sintomatici ai contatti stretti, con una precisa geo refertazione dei positivi e\u00a0 persone in isolamento sotto controllo. Un Veneto che si muove verso\u00a0 uno spaccato in tempo reale di quello che sta accadendo sul territorio dimostrando che la regione ha in mano la situazione. <strong>ECONOMIA<\/strong>\u00a0 Dopo le misure contro la crisi sanitaria ecco quella contro quella economica, l&#8217;assessore alle attivit\u00e0 produttive Roberto Marcato parla di<em> &#8220;una potenza di fuoco da 1 miliardo e 400 milioni di euro&#8221;<\/em> ne sono destinatari gli imprenditori della piccola media industria. Ecco da dove piover\u00e0 il denaro: \u00a0320 milioni dal bilancio interno,\u00a0 270 di risorse terze (cofinanziamento regionale),\u00a0 rimodulati 74 milioni dal bilancio regionale, immediatamente disponibili 200 milioni accantonati da Veneto Sviluppo,\u00a0 111 milioni di euro sono gi\u00e0 pronti per i contributi a fondo perduto e 20 sosterranno la liquidit\u00e0 da 2000 a 3700 euro a partita iva per sostenere 13.000 aziende, &#8220;<em>ora che stiamo perdendo 65.000 posti di lavoro\u00bb <\/em>ha detto Zaia. Arriveranno pertanto contributi a fondo perduto, finanziamenti agevolati. Contributi in conto capitale fino a 250 mila euro per i distretti, 7000 per commercianti. Tre milioni riservati alla digitalizzazione con una previsione di 34 mila euro a ditta. Per le aziende di artigianato e servizio contributi da 18 mila a 150 mila euro che sommano 47 milioni per le piccole medie industrie. <strong>RIAPERTURE INTERREGIONAL<\/strong>I Entro sera al massimo domani saranno rese note le pagelle sanitarie, l&#8217;idea del Governo rimane quella di una riapertura totale dopo il ponte del 2 giugno. Ma sulla mobilit\u00e0 si preannuncia battaglia, dal 3 giugno i presidenti di Regione potrebbero imporre l&#8217;altol\u00e0 verso Napoli, le Isole, Lombardia e Piemonte. C&#8217;\u00e8 gi\u00e0 chi ipotizza come il presidente della Sardegna Solinas o il sindaco di Napoli De Magistris (entrambi di centro destra) un passaporto sanitario. I colleghi di partito della Liguria e dell&#8217;Abruzzo hanno gi\u00e0 affermato che i loro territori sono aperti a tutti.\u00a0 <strong>I NUMERI.<\/strong> Ieri in veneto 10 nuovi casi di positivi\u00a0 \u00a0(martedi 9 ) da inizio epidemia 19 117\u00a0 (+10),\u00a0 attualmente positivi 2190\u00a0 (- 192),\u00a0 negativizzati\/guariti 15029\u00a0 (+198)\u00a0 in isolamento domiciliare 2245 (-374) ricoverati\u00a0 496 (-7), in ospedale 434 (- 7) , ospedali di comunit\u00e0\u00a0 62\u00a0 (0), terapia intensiva 36\u00a0 (9 positivi,\u00a0 25 negativi),\u00a0 dimessi 3601 (+10) , decessi ospedale 1403 (3) , totale decessi 1898\u00a0 (4). In provincia di Belluno. casi positivi\u00a0 1 ( martedi 3) dal 21 febbraio 1166\u00a0 (1), attualmente positivi 151\u00a0 (-18), deceduti 110 (0),\u00a0 negativizzati\/guariti\u00a0 905\u00a0 (+23), in isolamento domiciliare 344 (-4), ricoverati ospedale San Martino 10 (0) , terapia intensiva 0 (0) , ospedale di Comunit\u00e0 di Belluno 0 (0) Agordo 0\u00a0 (0<\/p>\n<\/div>\n<div class=\"page-title-head hgroup\">\n<p>&nbsp;<\/p>\n<hr \/>\n<p>&nbsp;<\/p>\n<\/div>\n<div class=\"page-title-breadcrumbs\"><\/div>\n<blockquote class=\"wp-embedded-content\" data-secret=\"fwktmhJoaM\"><p><a href=\"https:\/\/www.radiopiu.net\/wordpress\/coronavirus-aggiornamento-nazionale-27-maggio\/\">CORONAVIRUS: AGGIORNAMENTO NAZIONALE 27 MAGGIO<\/a><\/p><\/blockquote>\n<p><iframe loading=\"lazy\" title=\"&#8220;CORONAVIRUS: AGGIORNAMENTO NAZIONALE 27 MAGGIO&#8221; &#8212; Radio Pi\u00f9\" class=\"wp-embedded-content\" sandbox=\"allow-scripts\" security=\"restricted\" style=\"position: absolute; clip: rect(1px, 1px, 1px, 1px);\" src=\"https:\/\/www.radiopiu.net\/wordpress\/coronavirus-aggiornamento-nazionale-27-maggio\/embed\/#?secret=fwktmhJoaM\" data-secret=\"fwktmhJoaM\" width=\"600\" height=\"338\" frameborder=\"0\" marginwidth=\"0\" marginheight=\"0\" scrolling=\"no\"><\/iframe><\/p>\n<hr \/>\n<p>&nbsp;<\/p>\n<p><em><strong>BOLLETTINO DELLE 18, UN SOLO POSITIVO IN PROVINCIA, STABILE IL NUMERO DEI RICOVERATI 10 AL SAN MARTINO, PER IL SECONDO GIORNO VUOTI GLI OSPEDALI DI COMUNITA&#8217; DI AGORDO E BELLUNO, ALTRE 4 PERSONE LIBERE DALL&#8217;ISOLAMENTO DOMICILIARE, GUARITI OLTRE 900<\/strong><\/em><\/p>\n<blockquote class=\"wp-embedded-content\" data-secret=\"IjfwJHuqnu\"><p><a href=\"https:\/\/www.radiopiu.net\/wordpress\/27-maggio\/\">BOLLETTINO DELLE 17: IN CALO ANCHE I DECESSI, 24 DA IERI SERA. RICOVERATI SOTTO I 500 A GUARITI OLTRE 15.000<\/a><\/p><\/blockquote>\n<p><iframe loading=\"lazy\" title=\"&#8220;BOLLETTINO DELLE 17: IN CALO ANCHE I DECESSI, 24 DA IERI SERA. RICOVERATI SOTTO I 500 A GUARITI OLTRE 15.000&#8221; &#8212; Radio Pi\u00f9\" class=\"wp-embedded-content\" sandbox=\"allow-scripts\" security=\"restricted\" style=\"position: absolute; clip: rect(1px, 1px, 1px, 1px);\" src=\"https:\/\/www.radiopiu.net\/wordpress\/27-maggio\/embed\/#?secret=IjfwJHuqnu\" data-secret=\"IjfwJHuqnu\" width=\"600\" height=\"338\" frameborder=\"0\" marginwidth=\"0\" marginheight=\"0\" scrolling=\"no\"><\/iframe><\/p>\n<p>&nbsp;<\/p>\n<hr \/>\n<p>&nbsp;<\/p>\n<blockquote>\n<h3>DATI E GRAFICI DEL GIORNO, PROVINCIA \u2013 REGIONE 27 MAGGIO 2020<\/h3>\n<\/blockquote>\n<p><strong>Con la collaborazione di Tiziano De Col<\/strong><\/p>\n<p><a class=\"dt-pswp-item\" href=\"https:\/\/www.radiopiu.net\/wordpress\/wp-content\/uploads\/2020\/05\/Schermata-2020-05-27-alle-18.34.53.png\" data-dt-img-description=\"\" data-large_image_width=\"806\" data-large_image_height=\"442\"><img loading=\"lazy\" decoding=\"async\" class=\"alignnone wp-image-140941\" src=\"https:\/\/www.radiopiu.net\/wordpress\/wp-content\/uploads\/2020\/05\/Schermata-2020-05-27-alle-18.34.53-300x165.png\" alt=\"\" width=\"335\" height=\"184\" srcset=\"https:\/\/www.radiopiu.net\/wordpress\/wp-content\/uploads\/2020\/05\/Schermata-2020-05-27-alle-18.34.53-300x165.png 300w, https:\/\/www.radiopiu.net\/wordpress\/wp-content\/uploads\/2020\/05\/Schermata-2020-05-27-alle-18.34.53-768x421.png 768w, https:\/\/www.radiopiu.net\/wordpress\/wp-content\/uploads\/2020\/05\/Schermata-2020-05-27-alle-18.34.53.png 806w\" sizes=\"auto, (max-width: 335px) 100vw, 335px\" \/><\/a><a class=\"dt-pswp-item\" href=\"https:\/\/www.radiopiu.net\/wordpress\/wp-content\/uploads\/2020\/05\/d59f360a-2082-4697-9fdd-a645b07b8244.jpg\" data-dt-img-description=\"\" data-large_image_width=\"600\" data-large_image_height=\"371\"><img loading=\"lazy\" decoding=\"async\" class=\"alignnone size-medium wp-image-140942\" src=\"https:\/\/www.radiopiu.net\/wordpress\/wp-content\/uploads\/2020\/05\/d59f360a-2082-4697-9fdd-a645b07b8244-300x186.jpg\" alt=\"\" width=\"300\" height=\"186\" srcset=\"https:\/\/www.radiopiu.net\/wordpress\/wp-content\/uploads\/2020\/05\/d59f360a-2082-4697-9fdd-a645b07b8244-300x186.jpg 300w, https:\/\/www.radiopiu.net\/wordpress\/wp-content\/uploads\/2020\/05\/d59f360a-2082-4697-9fdd-a645b07b8244.jpg 600w\" sizes=\"auto, (max-width: 300px) 100vw, 300px\" \/><\/a><a class=\"dt-pswp-item\" href=\"https:\/\/www.radiopiu.net\/wordpress\/wp-content\/uploads\/2020\/05\/c5c34a2e-b9b7-4f55-a62a-701edcda1c4a.jpg\" data-dt-img-description=\"\" data-large_image_width=\"636\" data-large_image_height=\"374\"><img loading=\"lazy\" decoding=\"async\" class=\"alignnone size-medium wp-image-140943\" src=\"https:\/\/www.radiopiu.net\/wordpress\/wp-content\/uploads\/2020\/05\/c5c34a2e-b9b7-4f55-a62a-701edcda1c4a-300x176.jpg\" alt=\"\" width=\"300\" height=\"176\" srcset=\"https:\/\/www.radiopiu.net\/wordpress\/wp-content\/uploads\/2020\/05\/c5c34a2e-b9b7-4f55-a62a-701edcda1c4a-300x176.jpg 300w, https:\/\/www.radiopiu.net\/wordpress\/wp-content\/uploads\/2020\/05\/c5c34a2e-b9b7-4f55-a62a-701edcda1c4a.jpg 636w\" sizes=\"auto, (max-width: 300px) 100vw, 300px\" \/><\/a><\/p>\n<p>&nbsp;<\/p>\n<p>&nbsp;<\/p>\n<hr \/>\n<p>&nbsp;<\/p>\n<p><strong><a class=\"dt-pswp-item\" href=\"https:\/\/www.radiopiu.net\/wordpress\/wp-content\/uploads\/2020\/03\/covid-bottacin.jpg\" data-dt-img-description=\"\" data-large_image_width=\"800\" data-large_image_height=\"600\"><img loading=\"lazy\" decoding=\"async\" class=\" wp-image-122521 alignleft\" src=\"https:\/\/www.radiopiu.net\/wordpress\/wp-content\/uploads\/2020\/03\/covid-bottacin-300x225.jpg\" alt=\"\" width=\"169\" height=\"127\" srcset=\"https:\/\/www.radiopiu.net\/wordpress\/wp-content\/uploads\/2020\/03\/covid-bottacin-300x225.jpg 300w, https:\/\/www.radiopiu.net\/wordpress\/wp-content\/uploads\/2020\/03\/covid-bottacin-768x576.jpg 768w, https:\/\/www.radiopiu.net\/wordpress\/wp-content\/uploads\/2020\/03\/covid-bottacin.jpg 800w\" sizes=\"auto, (max-width: 169px) 100vw, 169px\" \/><\/a><\/strong><\/p>\n<p>&nbsp;<\/p>\n<p><strong>L&#8217;INTERVENTO A RADIO PIU&#8217; DELL&#8217;ASSESSORE REGIONALE ALLA PROTEZIONE CIVILE GIANPAOLO BOTTACIN<\/strong><\/p>\n<\/div>\n<p>&nbsp;<\/p>\n<p>&nbsp;<\/p>\n<audio class=\"wp-audio-shortcode\" id=\"audio-140764-2\" preload=\"none\" style=\"width: 100%;\" controls=\"controls\"><source type=\"audio\/mpeg\" src=\"https:\/\/www.radiopiu.net\/wordpress\/wp-content\/uploads\/2020\/05\/BOTTACIN-27-MAGGIO.mp3?_=2\" \/><a href=\"https:\/\/www.radiopiu.net\/wordpress\/wp-content\/uploads\/2020\/05\/BOTTACIN-27-MAGGIO.mp3\">https:\/\/www.radiopiu.net\/wordpress\/wp-content\/uploads\/2020\/05\/BOTTACIN-27-MAGGIO.mp3<\/a><\/audio>\n<p>&nbsp;<\/p>\n<p>&nbsp;<\/p>\n<p>&nbsp;<\/p>\n<div class=\"page-title-breadcrumbs\">\n<hr \/>\n<p>&nbsp;<\/p>\n<\/div>\n<h2>LEGGI LA CONFERENZA STAMPA DI ZAIA<\/h2>\n<blockquote><p><em>Oggi ospiti gli operatori marittimi, ricevuti dall&#8217;assessore Bottacin. Capisco la vostra tragedia &#8220;senza schei no se vive e no se magna&#8221; \u00e8 una verit\u00e0 cerchero&#8217; di capire cosa succede con i 600 euro e la cassa integrazione. Avete grandi difficolt\u00e0 e ne sono conscio. L&#8217;unica cosa che posso fare \u00e8 parlare con il direttore dell&#8217;Inps per vedere se riesce ad intervenire. Poi prevediamo un incontro con l&#8217;assessore Donazzan per vedere come eventualmente darvi un mano.\u00a0<\/em><\/p><\/blockquote>\n<p><strong>TERME E CENTRI ESTIVI<\/strong> Pronte le linee guida per le terme, produzione interessante per il\u00a0 turismo del Veneto. Confermo l&#8217;apertura dei centri estivi per il 1 giugno, se il Governo adotta le linee guida che abbiamo presentato per i 0-3 anni gi\u00e0 lunedi potremo aprire anche gli asili nido, cos\u00ec come per le altre regioni che premono meno avendo in programma di aprire l&#8217;8 giugno. Noi abbiamo aperto per primi e vogliamo partire con i centri estivi. Eviteremo la burocrazia, solo linee guida per dare una mano alle famiglie ingiustamente in difficolt\u00e0<\/p>\n<p><strong>TURISMO E TEST SIEROLOGICI, LA SFIDA VENETO-ALTO ADIGE<\/strong> Non abbiamo bocciato nessun progetto. Un discorso \u00e8 fare il test a qualche migliaia di turisti ma a decine di migliaia con in Veneto \u00e8 impossibile dal punto di vista pratico e logistico. Per il personale non abbiamo bocciato la proposta, la stiamo\u00a0 valutando con una serie di perplessit\u00e0. La &#8220;foto&#8221; \u00e8 un&#8217;istantanea quindi dopo un po&#8217; non vale pi\u00f9 nulla. Stiamo lavorando per un progetto di Regione covid free e con questi indicatori va bene. E&#8217; corretto dire che i test non durano tutta l&#8217;estate. Il test purtroppo ha dei limiti, ma stiamo lavorando e ragionando sul covid free. Vogliamo garantire ai cittadini un grande servizio sanitario.<\/p>\n<p><strong>ELEZIONI AVVENTURA INCREDIBILE ORA SI LITIGA SULLA SETTIMANA<\/strong> Anche sulle ore &#8211; aggiunge Zaia &#8211; io penso sia leggittimo che tutte le forze politiche intendano il loro intendimento, in mezzo ci sono le campagne elettorale ed \u00e8 logico che un segretario politico si ponga la questione. E&#8217; grave che ci sia gente che non vuole andare a votare. C&#8217;\u00e8 una legge che parla di una finestra autunno-inverno ma nel testo della legge c&#8217;\u00e8 la previsione che se c&#8217;\u00e8 il virus si salta un anno fino al 2021. Vi sembra normale? La Corea ha votato in aprile, la Francia a giugno a noi ne&#8217; a luglio ne&#8217; il 2 agosto. Stiamo discutendo della modifica del testo per trovare una data. Su nostra pressione al Comitato Tecnico Scientifico si \u00e8 espresso dandoci ragione cioe&#8217; di farle entro settembre. Trovo poco corretto che l&#8217;accordo sulla data sia stato fatto con l&#8217;assenso delle Regioni, non \u00e8 vero mai dato l&#8217;ok sulla data.<\/p>\n<p><strong>LA CROCE ROSSA NON TROVA VOLONTARI PER I TEST SIEROLOGICI <\/strong>Nessuno ci ha contattato se in Veneto si chiedono i prelievi\u00a0 i veneti sono pronti a mettersi in fila. Non abbiamo avuto problemi nemmeno con la banca del plasma. Ripeto: il test \u00e8 comunque un&#8217;istantanea.<\/p>\n<p><strong>CRISANTI LO SFIDANTE DI ZAIA ALLE ELEZIONI<\/strong>. I miei rapporti con Crisanti sono ottimi come li abbia con gli altri non lo so chiedetelo a loro chiedetelo a Lorenzoni. (colui che ha lanciato forse come battuta la candidatura alle elezioni regionali ad Andrea Crisanti)<\/p>\n<p><strong>PROGETTO REGIONI COVID FREE<\/strong> Abbiamo capito che dal punto di vista psicologico il test \u00e8 un buon segnale psicologico, ma da una foto e la stagione dura tre mesi. Covid free sono una serie di misure e incrocio dei dati tenendo sotto controllo il cruscotto della biosorveglianza. Abbiamo un piano di sanit\u00e0 pubblica che identifica le categorie dei tamponi dai sintomatici ai contatti stretti, si identifica il focolaio (da 2 persone che vivono accanto) e abbiamo la geo referenziazione dei positivi. Le persone in isolamento sono tutte sotto controllo. Il tampone \u00e8 la base. Ad oggi l&#8217;unica modalit\u00e0 giuridica per la diagnosi \u00e8 il tampone, lo dice la legge e non c&#8217;\u00e8 alternativa. Andiamo verso \u00a0uno spaccato in tempo reale di quello che sta accadendo sul territorio dimostrando che la Regione\u00a0 Una regione ha in mano la situazione.<\/p>\n<p><span style=\"color: #ff0000;\">GLI ASSESSORI ALLE ATTIVITA&#8217; PRODUTTIVE ED AL BILANCIO. COSA FA LA REGIONE PER COMBATTERE LA CRISI?<\/span><\/p>\n<blockquote><p><strong>PROBLEMI DEL MONDO DEL LAVORO, ECCO IL PROGETTO DI RISORSE CHE CUBA 1 MILIARDO E MEZZO DI EURO PER LE IMPRESE. &#8220;ZAIA NON AIUTA GLI IMPRENDITORI MA IL MONDO ECONOMICO&#8221; ha detto Zaia. SU QUESTO PARLA L&#8217;ASSESSORE MARCATO E L&#8217;ASSESSORE FORCOLIN<\/strong><\/p><\/blockquote>\n<p><em>contributi a fondo perduto e finanziamenti, \u00a0destinatarie le piccole medie imprese, l&#8217; &#8216;industria, l&#8217;artigianato e i\u00a0 liberi professionisti.\u00a0<\/em><\/p>\n<p><strong>MARCATO:<\/strong> Non siamo le Regioni autonome a statuto ordinario. Il nostro piano non puo&#8217; essere paragonato ad altri che per il rilancio anti covid hanno messo il triennale per le opere pubbliche o il trasporto, sviluppando miliardi su miliardi. A noi basterebbe mettere la Pedemontana per essere i piu&#8217; fighi del mondo. Vogliamo presentare un piano verso con risorse vere. Un piano chirurgico che intercetta le aree con difficolt\u00e0 maggiore tipo le aziende costrette alla chiusura per decreto governativo. Abbiamo collaborato con categorie economiche, sindacati e Cgia di Mestre. Diamo sfogo alla serie di richieste del territorio. C&#8217;e&#8217; stato un grande lavoro dove abbiamo portato le proposte diventate patrimonio comune, dai codici ateco alle linee guida formulate e presentate superando quelle dell&#8217;Inail. Siamo stati gli unici ad accorgersi degli ambulanti di chi opera nei servizi alla persona che rischiavano di non aprire piu&#8217; ma anche il mondo della notte, dei concerti, delle fiere che rischiano di non lavorare. Noi abbiamo portato il piano all&#8217;attenzione nazionale non si limita a distribuire risorse. Obiettivi: supporto ai settori piu&#8217; colpliti con finanziamenti a fondo perduto o agevolati, destinatari pmi 97% delle imprese venete ha meno di 10 dipendenti. Garanzie e altre misure. FONDO PERDUTO risorse alle attivit\u00e0 con 110 milioni di euro, 20 milioni di euro in supporto alle attivit\u00e0 da met\u00e0 giugno per i settori piu&#8217; colpiti da 2000 a 3700 euro. Investimenti per il commercio 9 milioni per i distretti del commercio fino a 250 mila euro e per i luoghi del commercio fino a 7000 euro ad attivit\u00e0. Digitalizzazione 3 milioni di euro per gli artigiani massimo 34500 euro. 12 milioni per gli investimenti delle imprese industria 4.0 da 18 a 150 mila euro. Sostegno Pmi per le emergenze 47 milioni di euro da gestire con le camere di commercio un tesoretto a seconda delle esigenze territoriale. Reti innovative regionali anti covid, abbiamo adottato un sistema unico per la distanza mondo ricerca e impresa, abbiamo lincato i due mondi e messo molte risorse, anche le imprese e abbiamo strutturato laboratori e centri di ricerca che hanno dato fuoco alla ricerca e innovazione. Le nostre piccole imprese hanno una capacit\u00e0 di fare ricerca e innovazione straordinaria. Mettiamo 20 milioni di euro affinche&#8217; i progetti vengano riconvertiti in chiava anti covid e stanno arrivando progetti straordinari. Finanziamenti agevolati il micro credito a costo zero da 30 milioni di euro gi\u00e0 in atto da 5 a 50 mila euro. RIconvertito 120 milioni a disposizione di veneto svluppo per fare credito con la banche si arriva a 240 milioni. 35 milioni di assicurazioni per la garanzie per prestiti fino a 50 mila euro. A differenza dei provvedimenti del Governo i nostri prestiti sono a tasso e costo zero. Garanzie di portafoglio 25 milioni di euro fino a 250 mila euro per le aziende medio grandi. Nel progetto complessivo in campo il tavolo che verr\u00e0 convocato la prossima settimana a porto Marghera e Polesine, grazie ad una pressione con COnfindustria siamo riusciti ad avere una zona logistica speciale non solo per il sud e arriveranno risorse straordinarie dall&#8217;Europa da investire nelle due aree piu&#8217; difficili economicamente. Adottato con un provvedimento di Giunta la moratoria per Veneto Sviluppo per dilazionare i crediti. Fondo di crescita sostenibile accordi con il Mise per progetti anche di grandi dimensioni. Richiesta categorie economiche: abbiamo su mia proposta deciso di spostare i saldi al primo di agosto, non si fa promozione nei 30 giorni precedenti. 320 milioni di euro di bilancio regionale, 270 risorse attivate da terzi (banche imprese e Governo) la potenza di fuoco 1 miliardo e 400 milioni di euro per 13 mila imprese coinvolte<\/p>\n<p><strong>FORCOLIN <\/strong>Il tema economico oggi \u00e8 fondamentale, noi siamo partiti da subito con una\u00a0 prima variazione al bilancio per la sanit\u00e0 e il sociale. Una seconda per assegnare a Veneto Sviluppo risorse importanti per le manovre concrete. Reintrotato nel bilancio le somme a disposizione per le nuove gare, proroga a Veneto Sviluppo per considerare e ottimizzare i tempi per mettere in piedi la macchina importante che svilupper\u00e0 un effetto volano con un miliardo e mezzo a disposizione. 74 milioni sono stati rimodulati dai fondi europei per le esigenze. Vogliamo aiutare gli stagionali che non avranno neanche l&#8217;assegno di disoccupazione, stiamo lavorando per l&#8217;implementazione dei fondi che potrebbero arrivare a 150-200 milioni.\u00a0 Stiamo lavorando perch\u00e9 i fondi siano a disposizione non norme facili e celeri.<\/p>\n<p>&nbsp;<\/p>\n<p>https:\/\/www.facebook.com\/zaiaufficiale\/videos\/1184441301897592<\/p>\n<p>&nbsp;<\/p>\n<hr \/>\n<p>&nbsp;<\/p>\n<p>&nbsp;<\/p>\n<p>&nbsp;<\/p>\n<blockquote>\n<h3>&#8220;DE COCCIO&#8221;: MARTEDI 3 SANZIONI E UNA DENUNCIA<\/h3>\n<\/blockquote>\n<p><strong>BELLUNO<\/strong> Continuano i controlli da parte delle Forze dell&#8217;Ordine per il contenimento del virus Covid-19. 3 sanzioni e una denuncia dopo 408 persone controllate nella giornata di marted\u00ec. 1038 controlli nei primi due giorni della settimana e 5 le sanzioni inflitte. Continua il monitoraggio anche delle attivit\u00e0 commerciali. 607 controlli e nessuna sanzione o chiusura temporanea.<\/p>\n<p><a class=\"dt-pswp-item\" href=\"https:\/\/www.radiopiu.net\/wordpress\/wp-content\/uploads\/2020\/05\/MONITORAGGIO_GIORNALIERO_DEI_SERVIZI_DI_CONTROLLO_DEL_26.05.2020-1.jpg\" data-dt-img-description=\"\" data-large_image_width=\"1240\" data-large_image_height=\"1754\"><img loading=\"lazy\" decoding=\"async\" class=\"alignnone wp-image-140849 \" src=\"https:\/\/www.radiopiu.net\/wordpress\/wp-content\/uploads\/2020\/05\/MONITORAGGIO_GIORNALIERO_DEI_SERVIZI_DI_CONTROLLO_DEL_26.05.2020-1-724x1024.jpg\" alt=\"\" width=\"282\" height=\"399\" srcset=\"https:\/\/www.radiopiu.net\/wordpress\/wp-content\/uploads\/2020\/05\/MONITORAGGIO_GIORNALIERO_DEI_SERVIZI_DI_CONTROLLO_DEL_26.05.2020-1-724x1024.jpg 724w, https:\/\/www.radiopiu.net\/wordpress\/wp-content\/uploads\/2020\/05\/MONITORAGGIO_GIORNALIERO_DEI_SERVIZI_DI_CONTROLLO_DEL_26.05.2020-1-212x300.jpg 212w, https:\/\/www.radiopiu.net\/wordpress\/wp-content\/uploads\/2020\/05\/MONITORAGGIO_GIORNALIERO_DEI_SERVIZI_DI_CONTROLLO_DEL_26.05.2020-1-768x1086.jpg 768w, https:\/\/www.radiopiu.net\/wordpress\/wp-content\/uploads\/2020\/05\/MONITORAGGIO_GIORNALIERO_DEI_SERVIZI_DI_CONTROLLO_DEL_26.05.2020-1-1086x1536.jpg 1086w, https:\/\/www.radiopiu.net\/wordpress\/wp-content\/uploads\/2020\/05\/MONITORAGGIO_GIORNALIERO_DEI_SERVIZI_DI_CONTROLLO_DEL_26.05.2020-1.jpg 1240w\" sizes=\"auto, (max-width: 282px) 100vw, 282px\" \/><\/a><\/p>\n<p>&nbsp;<\/p>\n<p>&nbsp;<\/p>\n<hr \/>\n<p>&nbsp;<\/p>\n<p>&nbsp;<\/p>\n<p>&nbsp;<\/p>\n<p>&nbsp;<\/p>\n<blockquote>\n<h2>VALLE DEL BIOIS: PER LA SECONDA VOLTA IN POCHI GIORNI L&#8217;INCONTRO CON IL LUPO<\/h2>\n<\/blockquote>\n<p><strong><img loading=\"lazy\" decoding=\"async\" class=\"alignleft\" src=\"https:\/\/www.radiopiu.net\/wordpress\/wp-content\/uploads\/2020\/05\/4aa795f0-b3bd-4545-bb5b-222391108a0d.jpg\" width=\"158\" height=\"119\" \/>FALCADE<\/strong> Lo scorso 16 maggio vi raccontavamo di Matteo e del suo incontro con il lupo sopra Pisoliva dove abita, a Forcella Col Negher, oggi vi raccontiamo invece l&#8217;incontro con il predatore di Angelo Genuin, nome noto a Falcade. Alle 5.50 non lontano dal camping la sorpresa e l&#8217;emozione raccontata ai microfoni di RADIO PIU<\/p>\n<p>&nbsp;<\/p>\n<audio class=\"wp-audio-shortcode\" id=\"audio-140764-3\" preload=\"none\" style=\"width: 100%;\" controls=\"controls\"><source type=\"audio\/mpeg\" src=\"https:\/\/www.radiopiu.net\/wordpress\/wp-content\/uploads\/2020\/05\/angelo-e.mp3?_=3\" \/><a href=\"https:\/\/www.radiopiu.net\/wordpress\/wp-content\/uploads\/2020\/05\/angelo-e.mp3\">https:\/\/www.radiopiu.net\/wordpress\/wp-content\/uploads\/2020\/05\/angelo-e.mp3<\/a><\/audio>\n<p>&nbsp;<\/p>\n<p>&nbsp;<\/p>\n<p>&nbsp;<\/p>\n<p>&nbsp;<\/p>\n<hr \/>\n<h3><\/h3>\n<p>&nbsp;<\/p>\n<p>&nbsp;<\/p>\n<blockquote>\n<h3>\u201cUN MILIARDO E 400 MILIONI DI EURO DI FINANZIAMENTI ATTIVABILI PER FAR RIPARTIRE L\u2019ECONOMIA\u201d<\/h3>\n<\/blockquote>\n<p><strong><a class=\"dt-pswp-item\" href=\"https:\/\/www.radiopiu.net\/wordpress\/wp-content\/uploads\/2020\/04\/ROBERTO-MARCATO.jpg\" data-dt-img-description=\"\" data-large_image_width=\"960\" data-large_image_height=\"960\"><img loading=\"lazy\" decoding=\"async\" class=\"size-medium wp-image-128165 alignleft\" src=\"https:\/\/www.radiopiu.net\/wordpress\/wp-content\/uploads\/2020\/04\/ROBERTO-MARCATO-300x300.jpg\" alt=\"\" width=\"300\" height=\"300\" srcset=\"https:\/\/www.radiopiu.net\/wordpress\/wp-content\/uploads\/2020\/04\/ROBERTO-MARCATO-300x300.jpg 300w, https:\/\/www.radiopiu.net\/wordpress\/wp-content\/uploads\/2020\/04\/ROBERTO-MARCATO-150x150.jpg 150w, https:\/\/www.radiopiu.net\/wordpress\/wp-content\/uploads\/2020\/04\/ROBERTO-MARCATO-768x768.jpg 768w, https:\/\/www.radiopiu.net\/wordpress\/wp-content\/uploads\/2020\/04\/ROBERTO-MARCATO.jpg 960w\" sizes=\"auto, (max-width: 300px) 100vw, 300px\" \/><\/a>VENEZIA<\/strong>\u00a0 \u00c8 stato presentato il piano degli interventi economici messo in campo dalla Regione del Veneto per supportare le imprese venete nella ripresa post-Covid19. La Regione sta perdendo 65.000 posti di lavoro, almeno 35.000 nel turismo e conta 600.000 partite IVA, che produce 160 miliardi di PIL e contribuisce con 15 miliardi di residuo fiscale annuo.\u00a0 I dettagli del piano sono stati presentati dall\u2019assessore alle attivit\u00e0 produttive ed energia Roberto Marcato.\u00a0 \u201cQuesto \u00e8 un piano chirurgico \u2013 sottolinea Marcato \u2013 perch\u00e9 abbiamo cercato di intercettare tutte le aree in maggiore difficolt\u00e0 per fornire loro strumenti adeguati alla ripresa dopo la chiusura obbligata dai decreti governativi. I numeri complessivi indicano 320 milioni di euro di investimenti dal Bilancio della Regione del Veneto, 270 milioni di euro di risorse di terzi attivabili grazie al cofinanziamento regionale. Tutto ci\u00f2 permetter\u00e0 di portare a 1 miliardo e 400 milioni di euro i finanziamenti attivabili, raggiungendo circa 13.000 imprese\u201d.\u00a0 L&#8217; assessore Gianluca Forcolin, Vicepresidente della Regione ha spiegato come la Regione\u00a0 in totale abbia rimodulato 74 milioni di euro di risorse del bilancio regionale, destinando nuove risorse alla sanit\u00e0 e al sociale, e reso immediatamente disponibili fondi accantonati presso Veneto Sviluppo per un valore complessivo di 200 milioni, che la finanziaria gestir\u00e0 ed erogher\u00e0 in tempi rapidi a favore delle nostre imprese. A luglio un ulteriore assestamento perch\u00e9 l\u2019emergenza obbliga a lavorare mese per mese.<\/p>\n<p>&nbsp;<\/p>\n<p>&nbsp;<\/p>\n<p>&nbsp;<\/p>\n<hr \/>\n<p>&nbsp;<\/p>\n<p>&nbsp;<\/p>\n<p>&nbsp;<\/p>\n<blockquote>\n<h3><b>SCUOLA: DONAZZAN. \u201cFASE 2, RITORNO IN CLASSE PER ALMENO DUE SETTIMANE. ALMENO SI DICA CON CHIAREZZA QUANDO E COME\u201d<\/b><\/h3>\n<\/blockquote>\n<p><strong><a class=\"dt-pswp-item\" href=\"https:\/\/www.radiopiu.net\/wordpress\/wp-content\/uploads\/2020\/04\/DONAZZAN-1.jpg\" data-dt-img-description=\"\" data-large_image_width=\"2048\" data-large_image_height=\"2048\"><img loading=\"lazy\" decoding=\"async\" class=\"size-medium wp-image-133654 alignleft\" src=\"https:\/\/www.radiopiu.net\/wordpress\/wp-content\/uploads\/2020\/04\/DONAZZAN-1-300x300.jpg\" alt=\"\" width=\"300\" height=\"300\" srcset=\"https:\/\/www.radiopiu.net\/wordpress\/wp-content\/uploads\/2020\/04\/DONAZZAN-1-300x300.jpg 300w, https:\/\/www.radiopiu.net\/wordpress\/wp-content\/uploads\/2020\/04\/DONAZZAN-1-1024x1024.jpg 1024w, https:\/\/www.radiopiu.net\/wordpress\/wp-content\/uploads\/2020\/04\/DONAZZAN-1-150x150.jpg 150w, https:\/\/www.radiopiu.net\/wordpress\/wp-content\/uploads\/2020\/04\/DONAZZAN-1-768x768.jpg 768w, https:\/\/www.radiopiu.net\/wordpress\/wp-content\/uploads\/2020\/04\/DONAZZAN-1-1536x1536.jpg 1536w, https:\/\/www.radiopiu.net\/wordpress\/wp-content\/uploads\/2020\/04\/DONAZZAN-1.jpg 2048w\" sizes=\"auto, (max-width: 300px) 100vw, 300px\" \/><\/a>VENEZIA\u00a0<\/strong>\u201c<em>Non solo su ultimo giorno, ma si potrebbe ragionare almeno su un paio di settimane per le ultime classi dei cicli scolastici: i ragazzi di quinta elementare, di terza media e dell\u2019ultimo anno delle superiori potrebbero rientrare a scuola certamente per un saluto, ma anche per recuperare<span class=\"Apple-converted-space\">\u00a0 <\/span>un minimo di relazioni con i propri insegnanti e di preparazione, soprattutto per coloro che affronteranno gli esami. Il ritorno a scuola solo di queste classi non rappresenterebbe un problema di assembramento, anzi avrebbero a disposizione l\u2019intero edificio scolastico per un numero molto ridotto di studenti. Peraltro, docenti e personale ausiliario sarebbero naturalmente al lavoro<\/em>\u201d. E\u2019 quanto sostiene<span class=\"Apple-converted-space\">\u00a0 <\/span>l\u2019assessore alla scuola della regione Veneto, Elena Donazzan, ribadendo le posizioni gi\u00e0 espresse in merito al dibattito sul rientro a scuola nella fase 2.\u00a0\u201c<em>La settimana prossima \u2013 annuncia la responsabile delle politiche dell\u2019istruzione e formazione in Veneto .- ho intenzione di convocare tutte<span class=\"Apple-converted-space\">\u00a0 <\/span>le parti interessate della scuola dell\u2019obbligo per approfondire questo documento ancora non noto che dovrebbe giungere dal Ministero<\/em>\u201d.\u00a0\u201c<em>La percezione che la scuola sia stato l\u2019ultimo degli argomenti da trattare per questo Governo \u00e8 ormai un fatto oggettivo \u2013 prosegue-<span class=\"Apple-converted-space\">\u00a0 <\/span>La Regione, che non ha competenze in tema di istruzione, ha tuttavia un ruolo di raccordo con il territorio del tutto ignorato dal ministro Azzolina. Ma soprattutto si dimostra essere un punto di riferimento in questa emergenza Covid, che peraltro emergenza non \u00e8 pi\u00f9, per famiglie e docenti e comuni che chiedono chiarezza e quotidianamente chiamano in assessorato per avere notizie sul futuro dell\u2019istruzione dei propri figli e studenti<\/em>\u201d.<\/p>\n<p>&nbsp;<\/p>\n<p>&nbsp;<\/p>\n<p>&nbsp;<\/p>\n<hr \/>\n<p>&nbsp;<\/p>\n<p>&nbsp;<\/p>\n<p>&nbsp;<\/p>\n<blockquote>\n<h3>INFANZIA: DA REGIONE VENETO CONTRIBUTO STRAORDINARIO PER NIDI<\/h3>\n<\/blockquote>\n<p><strong><a class=\"dt-pswp-item\" href=\"https:\/\/www.radiopiu.net\/wordpress\/wp-content\/uploads\/2020\/04\/manu-lanzarin.png\" data-dt-img-description=\"\" data-large_image_width=\"1122\" data-large_image_height=\"1122\"><img loading=\"lazy\" decoding=\"async\" class=\"size-medium wp-image-127911 alignleft\" src=\"https:\/\/www.radiopiu.net\/wordpress\/wp-content\/uploads\/2020\/04\/manu-lanzarin-300x300.png\" alt=\"\" width=\"300\" height=\"300\" srcset=\"https:\/\/www.radiopiu.net\/wordpress\/wp-content\/uploads\/2020\/04\/manu-lanzarin-300x300.png 300w, https:\/\/www.radiopiu.net\/wordpress\/wp-content\/uploads\/2020\/04\/manu-lanzarin-1024x1024.png 1024w, https:\/\/www.radiopiu.net\/wordpress\/wp-content\/uploads\/2020\/04\/manu-lanzarin-150x150.png 150w, https:\/\/www.radiopiu.net\/wordpress\/wp-content\/uploads\/2020\/04\/manu-lanzarin-768x768.png 768w, https:\/\/www.radiopiu.net\/wordpress\/wp-content\/uploads\/2020\/04\/manu-lanzarin.png 1122w\" sizes=\"auto, (max-width: 300px) 100vw, 300px\" \/><\/a>VENEZIA\u00a0<\/strong>Un contributo straordinario di quasi 3 milioni di euro \u00e8 in arrivo per i nidi, i micronidi, i nidi aziendali, i nidi famiglia e i servizi innovativi per l\u2019infanzia del Veneto. Si tratta di un corrispettivo di 740 euro per ognuno dei 3856 bimbi iscritti, che la Regione<span class=\"Apple-converted-space\">\u00a0 <\/span>Veneto intende riconoscere a tutte le strutture per la prima infanzia in considerazione dello stop imposto dall\u2019emergenza Coronavirus e della conseguente sospensione o riduzione delle rette pagate dalle famiglie.\u00a0\u201c<em>Dopo aver accelerato l\u2019erogazione dei contributi annuali per 4,5 milioni di euro a nidi e scuole dell\u2019infanzia, la Giunta regionale del Veneto ha deliberato anche un contributo straordinario di 2.853.440 euro \u2013spiega l\u2019assessore alla sanit\u00e0 e al sociale Manuela Lanzarin \u2013 per aiutare tutte quelle strutture che offrono servizi innovativi per la fascia di et\u00e0 0-3 anni, severamente colpiti dalla riduzione di entrate che si \u00e8 verificata da fine febbraio in poi, e che, come nel caso dei nidi in famiglia, non beneficiano nemmeno del Fondo nazionale per i servizi per la prima infanzia. L\u2019obiettivo \u00e8 aiutare tutte le strutture di servizio alla primissima infanzia e alla famiglia a non chiudere e a superare la crisi, in modo da non impoverire la rete dei servizi educativi per i pi\u00f9 piccoli<\/em>\u201d<\/p>\n<p>&nbsp;<\/p>\n<p>&nbsp;<\/p>\n<p>&nbsp;<\/p>\n<p>&nbsp;<\/p>\n<p>&nbsp;<\/p>\n<hr \/>\n<p>&nbsp;<\/p>\n<p>&nbsp;<\/p>\n<p>&nbsp;<\/p>\n<blockquote>\n<h3>ZOTTIS (PD): \u201cNO ALLA DISCRIMINAZIONE DELLE NEO-MAMME NEI CONCORSI DI AZIENDA ZERO\u201d<\/h3>\n<\/blockquote>\n<p><strong><a class=\"dt-pswp-item\" href=\"https:\/\/www.radiopiu.net\/wordpress\/wp-content\/uploads\/2018\/11\/PD.png\" data-dt-img-description=\"\" data-large_image_width=\"226\" data-large_image_height=\"182\"><img loading=\"lazy\" decoding=\"async\" class=\"size-full wp-image-67744 alignleft\" src=\"https:\/\/www.radiopiu.net\/wordpress\/wp-content\/uploads\/2018\/11\/PD.png\" alt=\"\" width=\"226\" height=\"182\" \/><\/a>VENEZIA<\/strong> \u201cLe nuove norme\u00a0 per i concorsi di Azienda Zero di fatto escludono dalla partecipazione le neo-mamme, in quanto non sono previsti spazi dedicati all\u2019allattamento. \u00c8 gravissimo, a maggior ragione perch\u00e9 si tratta di un organismo pubblico: quel testo deve essere assolutamente modificato\u201d. La denuncia arriva da Francesca Zottis, vice capogruppo del Partito Democratico a Palazzo Ferro Fini, che annuncia un\u2019interrogazione alla Giunta regionale. Nel mirino le \u2018Disposizioni organizzative per lo svolgimento delle prove concorsuali in relazione all\u2019emergenza Covid-19\u2019. \u201c\u00c8 messo nero su bianco il divieto di accesso a eventuali accompagnatori anche nelle aree attigue alla struttura e non sono previsti spazi riservati all\u2019allattamento. Questo significa impedire la partecipazione alle mamme con figli di pochi mesi, creando una barriera all\u2019accesso al mondo del lavoro pubblico\u201d. \u201c\u00c8 una discriminazione che va cancellata &#8211; ribadisce Zottis &#8211; Il gender gap nel mondo del lavoro \u00e8 gi\u00e0 ampio ed \u00e8 purtroppo destinato a crescere come conseguenza della pandemia, poich\u00e9 senza adeguati supporti molte donne dovranno scegliere tra occupazione e famiglia. Che questo incremento sia favorito dalle scelte delle pubbliche amministrazioni \u00e8 ancor pi\u00f9 inaccettabile\u201d.<\/p>\n<p>&nbsp;<\/p>\n<p>&nbsp;<\/p>\n<hr \/>\n<p>&nbsp;<\/p>\n<p>&nbsp;<\/p>\n<blockquote>\n<h3>DANZA: SETTORE PENALIZZATO NELLA RIPRESA<\/h3>\n<\/blockquote>\n<p><strong><a class=\"dt-pswp-item\" href=\"https:\/\/www.radiopiu.net\/wordpress\/wp-content\/uploads\/2020\/05\/ASSOCIAZIONE-DANZA-AGORDINA.jpg\" data-dt-img-description=\"\" data-large_image_width=\"720\" data-large_image_height=\"480\"><img loading=\"lazy\" decoding=\"async\" class=\"size-medium wp-image-140867 alignleft\" src=\"https:\/\/www.radiopiu.net\/wordpress\/wp-content\/uploads\/2020\/05\/ASSOCIAZIONE-DANZA-AGORDINA-300x200.jpg\" alt=\"\" width=\"300\" height=\"200\" srcset=\"https:\/\/www.radiopiu.net\/wordpress\/wp-content\/uploads\/2020\/05\/ASSOCIAZIONE-DANZA-AGORDINA-300x200.jpg 300w, https:\/\/www.radiopiu.net\/wordpress\/wp-content\/uploads\/2020\/05\/ASSOCIAZIONE-DANZA-AGORDINA.jpg 720w\" sizes=\"auto, (max-width: 300px) 100vw, 300px\" \/><\/a>VENEZIA<\/strong> Le scuole di ballo e la danza sportiva, rischiano di essere fortemente penalizzate dalle misure adottate per contenere la pandemia. Diventa necessario trovare una strada possibile, equiparando questi artisti, alle palestre e individuando protocolli specifici che prevedano la danza di coppia tra conviventi, nonch\u00e9 balli figurati e coreografie che rispettino il distanziamento fisico. I professionisti e gli appassionati della danza sportiva e della danza classica, moderna e contemporanea hanno bisogno di tornare ad allenarsi negli spazi opportuni. Ne \u00e8 convinta l\u2019assessore regionale alla scuola e al lavoro , Elena Donazzan, richiamando l\u2019attenzione sul mondo della danza, in tutte le sue molteplici articolazioni, particolarmente penalizzato dalla pandemia. I set cinematografici hanno concordato il loro protocollo per riprendere riprese e attivit\u00e0 filmica in sicurezza. Per il mondo della danza continuano invece a mancare indicazioni chiare e misure di sostegno. Il fatto di essere \u2018figli di nessuno\u2019 un po\u2019 sport e un po\u2019 cultura, un po\u2019 ricreazione e un po\u2019 spettacolo, non li sta aiutando\u201d.\u00a0\u201cIl Veneto \u2013 dice l&#8217;assessore Donazzan &#8211; non pu\u00f2 e non vuole perdere queste professionalit\u00e0 che regalano arte, bellezza e attrattivit\u00e0 ai nostri luoghi della cultura e creano lavoro per migliaia di addetti\u201d.<\/p>\n<p>&nbsp;<\/p>\n<p>&nbsp;<\/p>\n<p>&nbsp;<\/p>\n<hr \/>\n<p>&nbsp;<\/p>\n<p>&nbsp;<\/p>\n<p>&nbsp;<\/p>\n<blockquote>\n<h3>FONDO MONTAGNA: EROGATI ALLE REGIONI 21,7 MILIONI DI EURO<\/h3>\n<\/blockquote>\n<p>dalla rassegna stampa delle otto<\/p>\n<audio class=\"wp-audio-shortcode\" id=\"audio-140764-4\" preload=\"none\" style=\"width: 100%;\" controls=\"controls\"><source type=\"audio\/mpeg\" src=\"https:\/\/www.radiopiu.net\/wordpress\/wp-content\/uploads\/2020\/05\/roger-2.mp3?_=4\" \/><a href=\"https:\/\/www.radiopiu.net\/wordpress\/wp-content\/uploads\/2020\/05\/roger-2.mp3\">https:\/\/www.radiopiu.net\/wordpress\/wp-content\/uploads\/2020\/05\/roger-2.mp3<\/a><\/audio>\n<p>&nbsp;<\/p>\n<p><strong><a class=\"dt-pswp-item\" href=\"https:\/\/www.radiopiu.net\/wordpress\/wp-content\/uploads\/2018\/05\/Roger_De_Menech_daticamera.jpg\" data-dt-img-description=\"\" data-large_image_width=\"165\" data-large_image_height=\"228\"><img loading=\"lazy\" decoding=\"async\" class=\"size-full wp-image-49599 alignleft\" src=\"https:\/\/www.radiopiu.net\/wordpress\/wp-content\/uploads\/2018\/05\/Roger_De_Menech_daticamera.jpg\" alt=\"\" width=\"165\" height=\"228\" \/><\/a>ROMA<\/strong>\u00a0Sono state erogate alle Regioni le annualit\u00e0 2016-2019 del Fondo Nazionale per la Montagna, gestito dal Dipartimento per gli affari regionali e le autonomie. Le somme sono state rese disponibili a seguito della delibera CIPE numero 66 del 2019 su proposta del Ministro per gli affari regionali e le autonomie,\u00a0Francesco Boccia, di concerto con il Ministro dell\u2019economia e delle finanze e con il Ministro delle politiche agricole alimentari e forestali.\u00a0L\u2019importo complessivo di 21,7 milioni, relativo alle annualit\u00e0 2016-2019 del Fondo, \u00e8 ripartito tra le Regioni in base all\u2019estensione del territorio montano, alla popolazione residente, all\u2019et\u00e0 della popolazione, al numero degli occupati in agricoltura, al livello dei servizi pubblici, al tenore di vita e alla presenza di aree protette. I coefficienti utilizzati nel riparto sono elaborati dall\u2019Istat.\u00a0Sulla base di questi coefficienti, sono stati erogati alle Regioni importi variabili dai 332.565,00 euro, assegnati alla Valle D\u2019Aosta, ai 2.221.528,00 euro assegnati alla Sardegna.\u00a0\u00ab<em>La montagna interessa il 53 per cento dei comuni italiani\u00bb, ricorda il deputato veneto\u00a0Roger De Menech, \u00abe comprende le aree pi\u00f9 svantaggiate del territorio nazionale. Sono attualmente in corso le procedure per determinare il riparto dell\u2019annualit\u00e0 2020 del Fondo che ammonta a 9,8 milioni di euro<\/em>\u00bb.\u00a0Gli importi erogati sono destinati ad alimentare i fondi regionali per la montagna; le Regioni ne disciplinano poi l\u2019impiego con proprie leggi.<\/p>\n<p>&nbsp;<\/p>\n<p>&nbsp;<\/p>\n<hr \/>\n<p>&nbsp;<\/p>\n<p>&nbsp;<\/p>\n<p>&nbsp;<\/p>\n<div>\n<blockquote>\n<h3>DANNI DA CINGHIALE IN VALBELLUNA. DE CARLO: \u201cFAUNA SELVATICA METTE A RISCHIO CITTADINI E AGRICOLTURA. SERVONO PIANI DI GESTIONE ADATTI E INTERVENTI MIRATI\u201d<\/h3>\n<\/blockquote>\n<div><strong><a class=\"dt-pswp-item\" href=\"https:\/\/www.radiopiu.net\/wordpress\/wp-content\/uploads\/2020\/05\/Luca-De-Carlo.jpg\" data-dt-img-description=\"\" data-large_image_width=\"165\" data-large_image_height=\"228\"><img loading=\"lazy\" decoding=\"async\" class=\"size-full wp-image-138787 alignleft\" src=\"https:\/\/www.radiopiu.net\/wordpress\/wp-content\/uploads\/2020\/05\/Luca-De-Carlo.jpg\" alt=\"\" width=\"165\" height=\"228\" \/><\/a>ROMA\u00a0<\/strong>\u201c<em>Chi continuerebbe a fare impresa dopo aver perso 30mila euro e giorni di lavoro in una sola notte? La continua crescita della fauna selvatica in montagna e in pianura mette a rischio non solo l&#8217;incolumit\u00e0 dei cittadini, ma anche la redditivit\u00e0 degli agricoltori. \u00c8 inutile dire che si vuole mantenere la gente in montagna se poi non si adottano soluzioni mirate<\/em>\u201d: il deputato e responsabile nazionale Agricoltura di Fratelli d&#8217;Italia, Luca De Carlo, commenta cos\u00ec la notizia dei disastri provocati nelle scorse notti dai cinghiali in Valbelluna.<\/div>\n<\/div>\n<div>\u201c<em>Gli agricoltori e gli allevatori si trovano davanti a un bivio: o correre ai ripari con misure non sempre efficaci, o rinunciare direttamente all&#8217;attivit\u00e0<\/em>\u201d, sottolinea De Carlo, che raccoglie la denuncia degli agricoltori bellunesi danneggiati e di Confagricoltura Belluno. \u201c<em>Ma se abbandoniamo i terreni e i pascoli, la fauna selvatica continuer\u00e0 a crescere in maniera esponenziale, aumentando i danni causati. Non si pu\u00f2 continuare a dire che si vuole investire nello sviluppo dell&#8217;agricoltura e contrastare lo spopolamento della montagna se poi a queste realt\u00e0 non si d\u00e0 la giusta considerazione. Lo abbiamo ribadito pochi giorni fa, in occasione della Giornata della biodiversit\u00e0: il mondo dell&#8217;agricoltura \u00e8 custode della ricchezza e della biodiversit\u00e0 dei nostri territori, e per questo vanno dati loro gli strumenti per poter lavorare serenamente<\/em>\u201d.<\/div>\n<div><\/div>\n<div><\/div>\n<div><\/div>\n<div><\/div>\n<div>\n<hr \/>\n<\/div>\n<p>&nbsp;<\/p>\n<p>&nbsp;<\/p>\n<p>&nbsp;<\/p>\n<p>&nbsp;<\/p>\n<h3><a class=\"dt-pswp-item\" href=\"https:\/\/www.radiopiu.net\/wordpress\/wp-content\/uploads\/2020\/05\/Dario-Bond.jpg\" data-dt-img-description=\"\" data-large_image_width=\"165\" data-large_image_height=\"228\"><img loading=\"lazy\" decoding=\"async\" class=\"size-full wp-image-138833 alignleft\" src=\"https:\/\/www.radiopiu.net\/wordpress\/wp-content\/uploads\/2020\/05\/Dario-Bond.jpg\" alt=\"\" width=\"165\" height=\"228\" \/><\/a><\/h3>\n<h3><\/h3>\n<h3><\/h3>\n<h3><\/h3>\n<h3>L&#8217;EMENDAMENTO DI DARIO BOND<\/h3>\n<audio class=\"wp-audio-shortcode\" id=\"audio-140764-5\" preload=\"none\" style=\"width: 100%;\" controls=\"controls\"><source type=\"audio\/mpeg\" src=\"https:\/\/www.radiopiu.net\/wordpress\/wp-content\/uploads\/2020\/05\/BOND-2.mp3?_=5\" \/><a href=\"https:\/\/www.radiopiu.net\/wordpress\/wp-content\/uploads\/2020\/05\/BOND-2.mp3\">https:\/\/www.radiopiu.net\/wordpress\/wp-content\/uploads\/2020\/05\/BOND-2.mp3<\/a><\/audio>\n<p>&nbsp;<\/p>\n<p>&nbsp;<\/p>\n<p>&nbsp;<\/p>\n<p>&nbsp;<\/p>\n<p>&nbsp;<\/p>\n<hr \/>\n<p>&nbsp;<\/p>\n<p>&nbsp;<\/p>\n<p>&nbsp;<\/p>\n<p>&nbsp;<\/p>\n<blockquote>\n<h3>MODA: I SALDI ESTIVI QUEST\u2019ANNO INIZIERANNO IL 1\u00b0 AGOSTO<\/h3>\n<\/blockquote>\n<p><strong><a class=\"dt-pswp-item\" href=\"https:\/\/www.radiopiu.net\/wordpress\/wp-content\/uploads\/2020\/05\/VITTORIO-ZAMPIERI.png\" data-dt-img-description=\"\" data-large_image_width=\"1234\" data-large_image_height=\"1394\"><img loading=\"lazy\" decoding=\"async\" class=\"size-medium wp-image-140832 alignleft\" src=\"https:\/\/www.radiopiu.net\/wordpress\/wp-content\/uploads\/2020\/05\/VITTORIO-ZAMPIERI-266x300.png\" alt=\"\" width=\"266\" height=\"300\" srcset=\"https:\/\/www.radiopiu.net\/wordpress\/wp-content\/uploads\/2020\/05\/VITTORIO-ZAMPIERI-266x300.png 266w, https:\/\/www.radiopiu.net\/wordpress\/wp-content\/uploads\/2020\/05\/VITTORIO-ZAMPIERI-906x1024.png 906w, https:\/\/www.radiopiu.net\/wordpress\/wp-content\/uploads\/2020\/05\/VITTORIO-ZAMPIERI-768x868.png 768w, https:\/\/www.radiopiu.net\/wordpress\/wp-content\/uploads\/2020\/05\/VITTORIO-ZAMPIERI.png 1234w\" sizes=\"auto, (max-width: 266px) 100vw, 266px\" \/><\/a>BELLUNO <\/strong>\u201c<em>Prima dell\u2019emergenza Coronavirus \u2013 afferma il presidente di Federazione Moda Italia di Confcommercio Belluno, Vittorio Zampieri &#8211; la normativa stabiliva che l\u2019inizio dei prossimi saldi era fissata per sabato 4 luglio 2020. Ovviamente ogni Regione era libera di anticipare o posticipare tale data e ci\u00f2 creava non pochi disagi a tutta la nostra clientela e al flusso di inizio saldi da Regione a Regione<\/em>\u201d.\u00a0\u201c<em>Ma con la pandemia ancora in atto, per la prima volta in tutta Italia le Regioni inizieranno alla stessa data: merito delle proposte della Federazione Moda Italia e delle Delegazioni regionali Ascom, ma pure dalla Conferenza Stato Regioni, presieduta dal Governatore dell\u2019Emilia Stefano Bonaccini che, riassumendo i pareri dei vari Assessori Regionali alle Attivit\u00e0 Produttive, per sopperire ai danni derivanti dall\u2019emergenza epidemiologica ha predisposto questa omogenea misura su tutto il territorio nazionale<\/em>\u201d.\u00a0\u201c<em>In merito alla scelta della data del 1\u00b0 agosto \u2013 continua Zampieri &#8211; la Federazione Nazionale Moda della Confcommercio, presieduta da Renato Borghi, aveva promosso un\u2019indagine nazionale su oltre 4 mila imprese il cui esito ha visto il 52% delle aziende preferire la posticipazione ad inizio agosto. Per quanto riguarda le Vendite Promozionali la Conferenza Stato Regioni ne aveva proposto la liberalizzazione e ieri, in tal senso, la Regione Veneto ha recepito tale proposta liberalizzando \u201cPromozionali\u201d fino al 1\u00b0 agosto<\/em>\u201d.\u00a0\u00a0\u201c<em>Ovviamente anche la nostra Associazione Provinciale Moda si adegua a tali date anche se, a onore del vero, Belluno si \u00e8 sempre espressa a livello sia regionale che nazionale, per la totale liberalizzazione dei saldi e delle promozioni, anche per far fronte alla concorrenza sleale (vedi l\u2019aspetto fiscale) degli acquisti via web che necessitano una seria regolamentazione, come pi\u00f9 volte la nostra Confederazione ha richiesto al Governo<\/em>\u201d.\u00a0\u201c<em>Il Gruppo Provinciale Moda e Confcommercio Belluno, con tutte le sue categorie rappresentate \u2013 conclude Zampieri &#8211; si augurano che, dopo questa severa prova di coesistenza, tutta la cittadinanza sostenga il commercio di vicinato, contro la desertificazione e la morte civile di splendidi borghi, citt\u00e0, vallate e dell\u2019intero mondo produttivo del territorio provinciale<\/em>\u201d.<\/p>\n<p>&nbsp;<\/p>\n<p>&nbsp;<\/p>\n<p>&nbsp;<\/p>\n<hr \/>\n<p>&nbsp;<\/p>\n<blockquote>\n<h3><\/h3>\n<h3><\/h3>\n<h3>LA LEGA &#8220;CITTA&#8217; DI BELLUNO&#8221; PARLA DELLE SCUOLE PARITARIE<\/h3>\n<\/blockquote>\n<p><strong><a class=\"dt-pswp-item\" href=\"https:\/\/www.radiopiu.net\/wordpress\/wp-content\/uploads\/2020\/05\/LEGA-CITTA-BELLUNO.png\" data-dt-img-description=\"\" data-large_image_width=\"866\" data-large_image_height=\"200\"><img loading=\"lazy\" decoding=\"async\" class=\"size-medium wp-image-140829 alignleft\" src=\"https:\/\/www.radiopiu.net\/wordpress\/wp-content\/uploads\/2020\/05\/LEGA-CITTA-BELLUNO-300x69.png\" alt=\"\" width=\"300\" height=\"69\" srcset=\"https:\/\/www.radiopiu.net\/wordpress\/wp-content\/uploads\/2020\/05\/LEGA-CITTA-BELLUNO-300x69.png 300w, https:\/\/www.radiopiu.net\/wordpress\/wp-content\/uploads\/2020\/05\/LEGA-CITTA-BELLUNO-768x177.png 768w, https:\/\/www.radiopiu.net\/wordpress\/wp-content\/uploads\/2020\/05\/LEGA-CITTA-BELLUNO.png 866w\" sizes=\"auto, (max-width: 300px) 100vw, 300px\" \/><\/a>BELLUNO\u00a0<\/strong>Di questi giorni la notizia che il governo, nel decreto-legge rilancio, non sosterr\u00e0 in modo adeguato le scuole paritarie che in questi momenti di crisi determinati dall\u2019emergenza sanitaria, cos\u00ec come moltissime realt\u00e0 commerciali e non, rischieranno di non riaprire segnando quindi una pagina triste per la nostra comunit\u00e0 bellunese. Come Lega \u2018Citt\u00e0 di Belluno\u2019 ci preme sottolineare come il comparto paritario sia fondamentale per la nostra citt\u00e0 e per le realt\u00e0 ad essa vicine. I complessi delle scuole paritarie svolgono una importante funzione nel servizio scolastico infantile, elementare e medio rendendo quindi fondamentale il servizio offerto alle famiglie bellunesi. La prospettiva di una mancata riapertura a settembre infatti non potrebbe delinearsi pi\u00f9 drammatica se pensiamo che gli alluni dovranno esseri \u2018assorbiti\u2019 nel sistema statale, anch\u2019esso fortemente penalizzato dall\u2019attuale crisi sanitaria dettata dal Covid-19. Il decreto-legge rilancio non contiene infatti misure, se non marginali, a favore degli allievi e delle famiglie che scelgono la scuola paritaria, n\u00e9 tantomeno a favore delle scuole medesime. A fronte di queste notizie l\u2019unica luce positiva \u00e8 l\u2019ulteriore stanziamento di 4.5 milioni di euro da parte della giunta regionale delVeneto, guidata da Luca Zaia, una integrazione rispetto ai gi\u00e0 31 milioni di euro di risorse proprie stanziati per il 2020 per scuole paritarie e servizi educativi per i bambini da 0 a 6 anni. A questi dovrebbero inoltre aggiungersi altri fondi regionali cos\u00ec come emerso da un incontro promosso dalla nostra sezione tra il Sen. Paolo Saviane, l\u2019On. Angela Colmellere ed il Cons. Reg. Franco Gidoni con i rappresentanti provinciali delle scuole paritarie bellunesi tenutosi nei giorni scorsi. \u00c8 necessario, ora pi\u00f9 di prima, trovare i fondi per garantire i servizi educativi ma sorge spontaneo chiedersi dove siano i rappresentanti bellunesi di quei partiti che oggi a Roma siedono nella maggioranza che cos\u00ec facendo arrecano un danno all\u2019Italia ed alla nostra realt\u00e0 cittadina riversando i problemi sulle famiglie gi\u00e0 gravate dal peso della situazione emergenziale.<\/p>\n<p>&nbsp;<\/p>\n<p>&nbsp;<\/p>\n<p>&nbsp;<\/p>\n<hr \/>\n<p>&nbsp;<\/p>\n<blockquote>\n<h3><\/h3>\n<h3><\/h3>\n<h3>NEVEGAL, BORTOLUZZI: \u00abPIENA DISPONIBILITA&#8217; DELLA PROVINCIA A LAVORARE PER L&#8217;ESTATE\u00bb<\/h3>\n<\/blockquote>\n<p><strong><a class=\"dt-pswp-item\" href=\"https:\/\/www.radiopiu.net\/wordpress\/wp-content\/uploads\/2019\/08\/alpe-del-nevegal-seggiovia-1600x625.jpg\" data-dt-img-description=\"\" data-large_image_width=\"1600\" data-large_image_height=\"625\"><img loading=\"lazy\" decoding=\"async\" class=\"size-medium wp-image-94965 alignleft\" src=\"https:\/\/www.radiopiu.net\/wordpress\/wp-content\/uploads\/2019\/08\/alpe-del-nevegal-seggiovia-1600x625-300x117.jpg\" alt=\"\" width=\"300\" height=\"117\" srcset=\"https:\/\/www.radiopiu.net\/wordpress\/wp-content\/uploads\/2019\/08\/alpe-del-nevegal-seggiovia-1600x625-300x117.jpg 300w, https:\/\/www.radiopiu.net\/wordpress\/wp-content\/uploads\/2019\/08\/alpe-del-nevegal-seggiovia-1600x625-768x300.jpg 768w, https:\/\/www.radiopiu.net\/wordpress\/wp-content\/uploads\/2019\/08\/alpe-del-nevegal-seggiovia-1600x625-1024x400.jpg 1024w, https:\/\/www.radiopiu.net\/wordpress\/wp-content\/uploads\/2019\/08\/alpe-del-nevegal-seggiovia-1600x625.jpg 1600w\" sizes=\"auto, (max-width: 300px) 100vw, 300px\" \/><\/a>BELLUNO <\/strong>\u00ab<em>Da parte della Provincia, piena disponibilit\u00e0 a collaborare per il Nevegal. La stagione estiva alle porte potrebbe rappresentare un\u2019occasione di rilancio per il Colle<\/em>\u00bb. Cos\u00ec in una nota il consigliere provinciale Massimo Bortoluzzi, da pochi giorni delegato in materia di impianti a fune. \u00ab<em>Negli ultimi due fine settimana, il Nevegal ha registrato ottimi afflussi, di bellunesi, ma anche di escursionisti da fuori provincia, soprattutto trevigiani e veneziani, a dimostrazione della grande capacit\u00e0 attrattiva della montagna bellunese, facilmente raggiungibile dalla pianura &#8211; afferma il consigliere Bortoluzzi -. Possiamo ipotizzare ottimi afflussi anche per tutta l\u2019estate, anche se al momento non \u00e8 ancora certa l\u2019apertura della seggiovia. Da parte della Provincia c\u2019\u00e8 la massima disponibilit\u00e0 a rendersi operativa, per quanto di sua competenza, per l\u2019iter burocratico funzionale all\u2019attivazione degli impianti, che potrebbero rappresentare un volano importante per la stagione estiva; massima disponibilit\u00e0 gi\u00e0 manifestata sui tavoli con Regione e Comune di Belluno. Nel frattempo, proprio sul Nevegal, stiamo portando avanti in stretta collaborazione con l\u2019associazione Vivaio Dolomiti il progetto di riqualificazione in chiave turistica della rotatoria d\u2019ingresso alla localit\u00e0. L\u2019emergenza Covid ha rallentato le procedure, ma la struttura provinciale sta accelerando per velocizzare l\u2019operazione: nel giro di qualche mese potremo avviare i lavori. Inoltre, nelle ultime settimane ho incontrato il gruppo di Nevegallika per ascoltare anche le loro proposte e avviare una collaborazione che sia funzionale al bene del territorio. La Provincia non \u00e8 proprietaria di impianti o propriet\u00e0 in Nevegal, ma \u00e8 consapevole dell\u2019importanza del Colle come scuola sci in funzione anche delle altre stazioni dolomitiche. E proprio per questo lavorer\u00e0 al fianco della Regione e del Comune per dare un futuro alla localit\u00e0<\/em>\u00bb.<\/p>\n<p>&nbsp;<\/p>\n<p>&nbsp;<\/p>\n<p>&nbsp;<\/p>\n<hr \/>\n<p>&nbsp;<\/p>\n<blockquote>\n<h3><\/h3>\n<h3><\/h3>\n<h3>FIBRA IN TUTTE LE SCUOLE: LA PROVINCIA SCRIVE ALLE DITTE FORNITRICI<\/h3>\n<\/blockquote>\n<p><strong><a class=\"dt-pswp-item\" href=\"https:\/\/www.radiopiu.net\/wordpress\/wp-content\/uploads\/2020\/04\/fibra-ottica.jpg\" data-dt-img-description=\"\" data-large_image_width=\"1920\" data-large_image_height=\"1280\"><img loading=\"lazy\" decoding=\"async\" class=\"size-medium wp-image-133161 alignleft\" src=\"https:\/\/www.radiopiu.net\/wordpress\/wp-content\/uploads\/2020\/04\/fibra-ottica-300x200.jpg\" alt=\"\" width=\"300\" height=\"200\" srcset=\"https:\/\/www.radiopiu.net\/wordpress\/wp-content\/uploads\/2020\/04\/fibra-ottica-300x200.jpg 300w, https:\/\/www.radiopiu.net\/wordpress\/wp-content\/uploads\/2020\/04\/fibra-ottica-1024x683.jpg 1024w, https:\/\/www.radiopiu.net\/wordpress\/wp-content\/uploads\/2020\/04\/fibra-ottica-768x512.jpg 768w, https:\/\/www.radiopiu.net\/wordpress\/wp-content\/uploads\/2020\/04\/fibra-ottica-1536x1024.jpg 1536w, https:\/\/www.radiopiu.net\/wordpress\/wp-content\/uploads\/2020\/04\/fibra-ottica.jpg 1920w\" sizes=\"auto, (max-width: 300px) 100vw, 300px\" \/><\/a>BELLUNO\u00a0<\/strong>Collegamenti internet veloce in tutte le scuole della provincia. \u00c8 la richiesta di Palazzo Piloni. La Provincia di Belluno, infatti, ha scritto alle aziende fornitrici di fibra ottica per sollecitare il collegamento di tutti i plessi scolastici di sua competenza. \u00abN<em>ella prospettiva di una prosecuzione della didattica a distanza, non possiamo farci trovare impreparati &#8211; afferma la consigliera provinciale con delega all\u2019istruzione, Serenella Bogana -. L\u2019emergenza sanitaria di questi mesi, infatti, ha mostrato tutte le criticit\u00e0 del nostro territorio. Molte scuole hanno registrato difficolt\u00e0 di ordine tecnologico, proprio nella dotazione di collegamento internet<\/em>\u00bb.\u00a0Allo stato attuale infatti, la connessione Adsl non \u00e8 pi\u00f9 sufficiente a garantire il funzionamento ottimale di tutti i servizi di una singola scuola. La fibra ottica si presenta, come l\u2019alleato ideale per l\u2019istruzione del futuro. Una connessione Ftth (Fiber to the home) \u00e8 in grado di garantire massime prestazioni anche in presenza di notevole traffico dati, visto che pu\u00f2 arrivare fino a 1 Gpbs. \u00ab<em>Se tutti gli studenti che frequentano ogni giorno un istituto scolastico venissero dotati di un tablet con cui accedere ai servizi scolastici digitali, ci sarebbero centinaia di dispostivi connessi quotidianamente alla rete, spesso impegnati in attivit\u00e0 che prevedono reciproche interazioni. \u00c8 facile immaginare quanto una connessione Adsl venga rallentata a causa di una simile mole di traffico. Con la fibra ottica questo problema verrebbe risolto &#8211; continua la consigliera Bogana -. Ecco perch\u00e9 abbiamo scritto a tutte le aziende fornitrici del servizio. Con la richiesta chiara di fare tutto il possibile perch\u00e9 tutte le scuole, grazie al collegamento Ftth, vengano messe nella possibilit\u00e0 di offrire una adeguata offerta formativa, attraverso collegamenti online ben dimensionati rispetto alle esigenze attuali e future. Non sappiamo ancora come sar\u00e0 la didattica del prossimo anno scolastico. Ma abbiamo il dovere di farci trovare pronti. Tra l\u2019altro, abbiamo davanti la grande occasione di rendere sostenibile la scuola di montagna, attraverso collegamenti in grado di ridurre le distanze fisiche che troppo spesso hanno condizionato la vita delle \u201cterre alte<\/em>\u201d\u00bb.<\/p>\n<p>&nbsp;<\/p>\n<p>&nbsp;<\/p>\n<p>&nbsp;<\/p>\n<hr \/>\n<p>&nbsp;<\/p>\n<blockquote>\n<h3><\/h3>\n<h3>LA DMO GUARDA OLTRE IL COVID: PRONTO IL PIANO PROMOZIONALE PER IL PROSSIMO AUTUNNO<\/h3>\n<\/blockquote>\n<p><strong><a class=\"dt-pswp-item\" href=\"https:\/\/www.radiopiu.net\/wordpress\/wp-content\/uploads\/2020\/05\/PADRIN.jpg\" data-dt-img-description=\"\" data-large_image_width=\"945\" data-large_image_height=\"1417\"><img loading=\"lazy\" decoding=\"async\" class=\"size-medium wp-image-134835 alignleft\" src=\"https:\/\/www.radiopiu.net\/wordpress\/wp-content\/uploads\/2020\/05\/PADRIN-200x300.jpg\" alt=\"\" width=\"200\" height=\"300\" srcset=\"https:\/\/www.radiopiu.net\/wordpress\/wp-content\/uploads\/2020\/05\/PADRIN-200x300.jpg 200w, https:\/\/www.radiopiu.net\/wordpress\/wp-content\/uploads\/2020\/05\/PADRIN-683x1024.jpg 683w, https:\/\/www.radiopiu.net\/wordpress\/wp-content\/uploads\/2020\/05\/PADRIN-768x1152.jpg 768w, https:\/\/www.radiopiu.net\/wordpress\/wp-content\/uploads\/2020\/05\/PADRIN.jpg 945w\" sizes=\"auto, (max-width: 200px) 100vw, 200px\" \/><\/a>BELLUNO\u00a0<\/strong>La Dmo Dolomiti approva il bilancio consuntivo 2019 e il piano per superare l\u2019emergenza 2020. \u00ab<em>Un vastissimo programma di promozione per seminare turismo oggi, nel pieno della pandemia, e far sbocciare i frutti nel 2021-2022, quando l\u2019emergenza sanitaria sar\u00e0 superata<\/em>\u00bb dice il presidente della Provincia Roberto Padrin, riferendosi al \u201cprogramma Covid\u201d approvato all\u2019unanimit\u00e0 dai soci, nell\u2019assemblea di oggi. La Dmo infatti guarda gi\u00e0 oltre la pandemia. E va dritto ai prossimi mesi. \u00ab<em>Ci auguriamo che l\u2019estate possa essere una stagione buona. Le aspettative sono alte, visti i flussi delle ultime domeniche &#8211; afferma Alessandra Magagnin, amministratore della Dmo -. L\u2019idea \u00e8 che i turisti, soprattutto quelli italiani, privilegeranno la montagna tra giugno e agosto. Questo ci consentirebbe di concludere dignitosamente l\u2019anno. Il lavoro che stiamo facendo \u00e8 di semina, attraverso una promozione massiccia e unita<\/em>\u00bb. Il programma di promozione, infatti, vedr\u00e0 impegnata la Dmo in un tour europeo senza soluzione di continuit\u00e0 da settembre a fine anno: cinque serate (Bari, Bologna, Firenze, Palermo e Roma), al seguito del Giro d\u2019Italia; e la partecipazione a una lunga serie di fiere del settore, dal Ttg Travel Experience di Rimini al Wtm di Londra (a novembre), passando per il Dolomiti Show di Longarone. \u00ab<em>Abbiamo previsto inoltre due workshop in Polonia e Repubblica Ceca, a settembre; pi\u00f9 altri quattro a Kiev, San Pietroburgo, Budapest e Romania, a Sibiu o Cluj, a fine ottobre &#8211; continua Alessandra Magagnin -. A novembre chiuderemo con un altro workshop a Oslo e un roadshow con tutte le Dmo venete a Vienna, Monaco, Berlino, Stoccolma, Mosca, Praga, Parigi, Londra, Copenhagen e Madrid. Infine, tra settembre e ottobre i consorzi organizzeranno educational e press tour per promuovere le offerte turistiche delle varie zone della nostra provincia<\/em>\u00bb. Ma non \u00e8 tutto: per rendere sempre pi\u00f9 operativa la Dmo, verr\u00e0 ampliata la macchina, grazie all\u2019ingresso di una nuova figura, che sar\u00e0 selezionata con apposito bando nelle prossime settimane. Una mossa resa possibile dalla ridefinizione delle quote associative, che permette di implementare la base economica (da 85.980 a 128.880 euro), anche attraverso l\u2019aumento della quota provinciale pi\u00f9 che triplicata. \u00ab<em>In questa assemblea, la Dmo ha dato il benvenuto a due nuovi soci: il Parco Nazionale Dolomiti Bellunesi e il consorzio Promo Falcade. La squadra si dimostra quindi sempre pi\u00f9 forte e coesa, pronta ad affrontare il delicato momento post Covid &#8211; commenta il presidente della Provincia, Roberto Padrin -. Il turismo \u00e8 uno dei settori pi\u00f9 penalizzati dal lockdown, ma il territorio bellunese \u00e8 pronto a dare il benvenuto ai turisti in maniera sicura e accogliente sin da questa stagione estiva. La Provincia, attraverso risorse proprie derivanti dal Fondo Comuni di confine e il Piano Eurac sostiene le attivit\u00e0 della Dmo e della promozione<\/em>\u00bb.<\/p>\n<p>&nbsp;<\/p>\n<p>&nbsp;<\/p>\n<p>&nbsp;<\/p>\n<hr \/>\n<p>&nbsp;<\/p>\n<p>&nbsp;<\/p>\n<blockquote>\n<h3>NUOVO CENSIMENTO E MONITORAGGIO COORDINATO DEI NIDI: PARTE IL PROGETTO \u201cBELLUNO CITT\u00c0 DELLE RONDINI\u201d<\/h3>\n<\/blockquote>\n<p><strong><a class=\"dt-pswp-item\" href=\"https:\/\/www.radiopiu.net\/wordpress\/wp-content\/uploads\/2020\/05\/RONDINE-BELLUNO-scaled.jpg\" data-dt-img-description=\"\" data-large_image_width=\"2560\" data-large_image_height=\"1920\"><img loading=\"lazy\" decoding=\"async\" class=\"size-medium wp-image-140796 alignleft\" src=\"https:\/\/www.radiopiu.net\/wordpress\/wp-content\/uploads\/2020\/05\/RONDINE-BELLUNO-300x225.jpg\" alt=\"\" width=\"300\" height=\"225\" srcset=\"https:\/\/www.radiopiu.net\/wordpress\/wp-content\/uploads\/2020\/05\/RONDINE-BELLUNO-300x225.jpg 300w, https:\/\/www.radiopiu.net\/wordpress\/wp-content\/uploads\/2020\/05\/RONDINE-BELLUNO-1024x768.jpg 1024w, https:\/\/www.radiopiu.net\/wordpress\/wp-content\/uploads\/2020\/05\/RONDINE-BELLUNO-768x576.jpg 768w, https:\/\/www.radiopiu.net\/wordpress\/wp-content\/uploads\/2020\/05\/RONDINE-BELLUNO-1536x1152.jpg 1536w, https:\/\/www.radiopiu.net\/wordpress\/wp-content\/uploads\/2020\/05\/RONDINE-BELLUNO-2048x1536.jpg 2048w\" sizes=\"auto, (max-width: 300px) 100vw, 300px\" \/><\/a>BELLUNO\u00a0<\/strong>Primo sopralluogo operativo del progetto \u201cBelluno citt\u00e0 delle rondini\u201d. I soggetti organizzatori dell\u2019iniziativa di tutela del volatile hanno effettuato una ricognizione dei nidi e delle colonie di rondini, rondoni e balestrucci presenti in centro storico. E hanno programmato le prossime mosse: nuovo censimento aggiornato dei nidi, monitoraggio coordinato ed eventuale installazione di piccole strutture per evitare la caduta del guano, diverse dalle tavolette posizionate nel 2017 (che sembrano dannose, in quanto creano una postazione privilegiata per cornacchie e corvidi per predare i nidi). La proposta \u00e8 di dare anche una funzione di informazione a questi supporti, che potrebbero segnalare la presenza di rondini e invitare cos\u00ec il passante a sollevare lo sguardo. L\u2019idea al momento \u00e8 quella di utilizzare ombrelli a rovescio, in grado di raccogliere il guano e allo stesso tempo di indicare i nidi.\u00a0Al sopralluogo erano presenti il consigliere provinciale Franco De Bon e l\u2019assessore all\u2019ambiente del Comune di Belluno Alberto Simiele, assieme all\u2019esperto faunista Giuseppe Tormen e al consigliere della riserva alpina di caccia di Belluno Luca Dalla Bernardina.\u00a0\u00a0Al vaglio della Provincia, che ha coinvolto anche i Carabinieri forestali, anche la possibilit\u00e0 di predisporre una campagna di sensibilizzazione della cittadinanza, e un documento tecnico contenente alcune linee guida per il restauro degli edifici e la conservazione dei nidi in fase di lavori edili su facciate di case e porticati che abbiano riscontrato la presenza di rondini.\u00a0\u00ab<em>La salvaguardia della biodiversit\u00e0 e la tutela delle rondini sono temi che non faticheremo a comunicare ai cittadini &#8211; commenta l\u2019assessore all\u2019ambiente del Comune di Belluno, Alberto Simiele -. Durante il giro di sopralluogo abbiamo avuto modo di ascoltare anche il parere di qualche commerciante del centro storico e nessuno ha manifestato fastidio per la presenza di nidi abitati davanti alla propria attivit\u00e0, anzi \u00e8 emerso l\u2019interesse per la loro tutela. Il problema del guano, che pu\u00f2 creare un\u2019immagine di degrado, pu\u00f2 benissimo essere risolto con l\u2019installazione di particolari supporti e con la sinergia che si \u00e8 creata con Provincia e associazion<\/em>i\u00bb.<\/p>\n<p><strong>IL CONSIGLIERE PROVINCIALE FRANCO DE BON<\/strong><\/p>\n<audio class=\"wp-audio-shortcode\" id=\"audio-140764-6\" preload=\"none\" style=\"width: 100%;\" controls=\"controls\"><source type=\"audio\/mpeg\" src=\"https:\/\/www.radiopiu.net\/wordpress\/wp-content\/uploads\/2020\/05\/DE-BON-RONDINI.mp3?_=6\" \/><a href=\"https:\/\/www.radiopiu.net\/wordpress\/wp-content\/uploads\/2020\/05\/DE-BON-RONDINI.mp3\">https:\/\/www.radiopiu.net\/wordpress\/wp-content\/uploads\/2020\/05\/DE-BON-RONDINI.mp3<\/a><\/audio>\n<p>&nbsp;<\/p>\n<p>&nbsp;<\/p>\n<p>&nbsp;<\/p>\n<hr \/>\n<p><b>\u00a0<\/b><\/p>\n<p>&nbsp;<\/p>\n<p>&nbsp;<\/p>\n<blockquote>\n<h3>ABBONAMENTI PARK PAGATI DURANTE IL LOCKDOWN SERVIZIO ESTESO GRATUITAMENTE<\/h3>\n<\/blockquote>\n<p><strong><a class=\"dt-pswp-item\" href=\"https:\/\/www.radiopiu.net\/wordpress\/wp-content\/uploads\/2020\/03\/JACOPO-MASSARO.jpg\" data-dt-img-description=\"\" data-large_image_width=\"1289\" data-large_image_height=\"892\"><img loading=\"lazy\" decoding=\"async\" class=\"wp-image-121070 alignleft\" src=\"https:\/\/www.radiopiu.net\/wordpress\/wp-content\/uploads\/2020\/03\/JACOPO-MASSARO-300x208.jpg\" alt=\"\" width=\"159\" height=\"110\" srcset=\"https:\/\/www.radiopiu.net\/wordpress\/wp-content\/uploads\/2020\/03\/JACOPO-MASSARO-300x208.jpg 300w, https:\/\/www.radiopiu.net\/wordpress\/wp-content\/uploads\/2020\/03\/JACOPO-MASSARO-1024x709.jpg 1024w, https:\/\/www.radiopiu.net\/wordpress\/wp-content\/uploads\/2020\/03\/JACOPO-MASSARO-768x531.jpg 768w, https:\/\/www.radiopiu.net\/wordpress\/wp-content\/uploads\/2020\/03\/JACOPO-MASSARO.jpg 1289w\" sizes=\"auto, (max-width: 159px) 100vw, 159px\" \/><\/a>BELLUNO\u00a0<\/strong>Chi, prima del periodo di lockdown, avesse pagato l&#8217;abbonamento ai parcheggi cittadini, si vedr\u00e0 automaticamente e gratuitamente esteso il periodo di validit\u00e0: questo l&#8217;indirizzo della Giunta comunale alla societ\u00e0 partecipata Bellunum, che si occupa della gestione della sosta pubblica in citt\u00e0.<\/p>\n<p><strong>IL SINDACO DI BELLUNO JACOPO MASSARO<\/strong><\/p>\n<audio class=\"wp-audio-shortcode\" id=\"audio-140764-7\" preload=\"none\" style=\"width: 100%;\" controls=\"controls\"><source type=\"audio\/mpeg\" src=\"https:\/\/www.radiopiu.net\/wordpress\/wp-content\/uploads\/2020\/05\/Massaro-Estensione-abbonamenti-pre-lockdown.mp3?_=7\" \/><a href=\"https:\/\/www.radiopiu.net\/wordpress\/wp-content\/uploads\/2020\/05\/Massaro-Estensione-abbonamenti-pre-lockdown.mp3\">https:\/\/www.radiopiu.net\/wordpress\/wp-content\/uploads\/2020\/05\/Massaro-Estensione-abbonamenti-pre-lockdown.mp3<\/a><\/audio>\n<p>&nbsp;<\/p>\n<p>&nbsp;<\/p>\n<p>&nbsp;<\/p>\n<hr \/>\n<p>&nbsp;<\/p>\n<p>&nbsp;<\/p>\n<p>&nbsp;<\/p>\n<blockquote>\n<h3>GLI ORARI ESTIVI DEL POLO BIBLIOTECARIO DI FELTRE<\/h3>\n<\/blockquote>\n<p><strong><a class=\"dt-pswp-item\" href=\"https:\/\/www.radiopiu.net\/wordpress\/wp-content\/uploads\/2020\/05\/polo-foto.jpg\" data-dt-img-description=\"\" data-large_image_width=\"960\" data-large_image_height=\"545\"><img loading=\"lazy\" decoding=\"async\" class=\" wp-image-140858 alignleft\" src=\"https:\/\/www.radiopiu.net\/wordpress\/wp-content\/uploads\/2020\/05\/polo-foto-300x170.jpg\" alt=\"\" width=\"187\" height=\"106\" srcset=\"https:\/\/www.radiopiu.net\/wordpress\/wp-content\/uploads\/2020\/05\/polo-foto-300x170.jpg 300w, https:\/\/www.radiopiu.net\/wordpress\/wp-content\/uploads\/2020\/05\/polo-foto-768x436.jpg 768w, https:\/\/www.radiopiu.net\/wordpress\/wp-content\/uploads\/2020\/05\/polo-foto.jpg 960w\" sizes=\"auto, (max-width: 187px) 100vw, 187px\" \/><\/a>FELTRE\u00a0<\/strong>Il Polo Bibliotecario di Feltre apre i battenti per la stagione estiva. Dal 1 giugno al 29 agosto sar\u00e0 aperto dalle 9 alle 19 nei giorni feriali, il sabato dalle 9 alle 12. Chiuso alla domenica. Si ricorda che fino a fine maggio l&#8217;orario sar\u00e0 dalle 9 alle 18 nei giorni feriali.<\/p>\n<p>&nbsp;<\/p>\n<p>&nbsp;<\/p>\n<hr \/>\n<p>&nbsp;<\/p>\n<p>&nbsp;<\/p>\n<p>&nbsp;<\/p>\n<blockquote>\n<h3>EMERGENZA CORONAVIRUS E SOSTEGNO ALLE FAMIGLIE: IL COMUNE DI ALPAGO AZZERA LE RETTE DEGLI ASILI PER I MESI DI MARZO, APRILE, MAGGIO E GIUGNO<\/h3>\n<\/blockquote>\n<p><strong><a class=\"dt-pswp-item\" href=\"https:\/\/www.radiopiu.net\/wordpress\/wp-content\/uploads\/2020\/04\/Alpago-Stemma.png\" data-dt-img-description=\"\" data-large_image_width=\"364\" data-large_image_height=\"500\"><img loading=\"lazy\" decoding=\"async\" class=\"size-medium wp-image-132463 alignleft\" src=\"https:\/\/www.radiopiu.net\/wordpress\/wp-content\/uploads\/2020\/04\/Alpago-Stemma-218x300.png\" alt=\"\" width=\"218\" height=\"300\" srcset=\"https:\/\/www.radiopiu.net\/wordpress\/wp-content\/uploads\/2020\/04\/Alpago-Stemma-218x300.png 218w, https:\/\/www.radiopiu.net\/wordpress\/wp-content\/uploads\/2020\/04\/Alpago-Stemma.png 364w\" sizes=\"auto, (max-width: 218px) 100vw, 218px\" \/><\/a>ALPAGO\u00a0<\/strong>Niente rette dell\u2019asilo per i mesi da marzo a giugno.\u00a0Lo ha deciso la giunta comunale di Alpago nella sua ultima seduta, quale segno concreto di sostegno alle famiglie in concomitanza con la crisi, anche economica, dettata dall\u2019epidemia di Coronavirus che stiamo vivendo oramai da alcuni mesi.<span class=\"Apple-converted-space\">\u00a0<\/span>Nello specifico, l\u2019Amministrazione andr\u00e0 ad azzerare direttamente le rette dei bambini che frequentano l\u2019asilo comunale di Farra (nei pochissimi casi in cui sono gi\u00e0 state pagate verr\u00e0 effettuato il rimborso). Per quanto riguarda invece le scuole paritarie dell\u2019infanzia di Pieve, Puos e Tambre (quest\u2019ultima per i bambini frequentanti della frazione di Spert), il Comune erogher\u00e0 ai comitati parrocchiali gestori un contributo che, integrato da una quota da parte degli stessi enti, consentir\u00e0 di arrivare ugualmente all\u2019azzeramento delle rette.\u00a0L\u2019operazione interesser\u00e0 nel suo complesso oltre 120 famiglie residenti nel territorio di Alpago e comporter\u00e0 una spesa complessiva per le casse comunali di circa 15 mila euro.\u00a0\u201c<em>L\u2019attivit\u00e0 degli asili, come di tutte le scuole, \u00e8 stata sospesa lo scorso 23 febbraio creando non poche difficolt\u00e0 soprattutto alle famiglie con bambini pi\u00f9 piccoli, per cui \u00e8 pi\u00f9 difficile, e oneroso, trovare degli aiuti per la custodia e la cura, spesso in coincidenza con difficolt\u00e0 legate alla perdita momentanea del lavoro o alla riduzione del reddito<\/em>\u201d, sottolinea il sindaco di Alpago Umberto Soccal.<span class=\"Apple-converted-space\">\u00a0\u00a0<\/span>\u201c<em>Con questa decisione, aggiunge il vicesindaco con delega alle politiche giovanili Vanessa De Francesch &#8211; che ha seguito da vicino l\u2019iniziativa con il consigliere Nino Dazzi &#8211; abbiamo voluto sottolineare una volta di pi\u00f9 quanto i nuclei familiari e soprattutto le giovani coppie rappresentino un tassello fondamentale del nostro tessuto di comunit\u00e0. Nonostante il servizio sia staso sospeso, i costi fissi delle strutture e, in buona parte, del personale \u201ccontinuano a correre\u201d; ci pareva per\u00f2 assolutamente prioritario intervenire per dare questo segnale non risolutivo, ma crediamo importante e utile alle nostre famiglie<\/em>\u201d, conclude De Francesch.\u00a0Nei prossimi giorni tutte le famiglie interessate riceveranno una lettera da parte dell\u2019Amministrazione in cui verranno illustrati i dettagli dell\u2019iniziativa<\/p>\n<p>&nbsp;<\/p>\n<p>&nbsp;<\/p>\n<p>&nbsp;<\/p>\n<p>&nbsp;<\/p>\n<hr \/>\n<p>&nbsp;<\/p>\n<p>&nbsp;<\/p>\n<p>&nbsp;<\/p>\n<blockquote>\n<h3>PATRIZIA CACCIATO NUOVA VICE DIRETTRICE DEL CSV BELLUNO<\/h3>\n<\/blockquote>\n<p><strong><a class=\"dt-pswp-item\" href=\"https:\/\/www.radiopiu.net\/wordpress\/wp-content\/uploads\/2020\/05\/Patrizia-Cacciato.jpg\" data-dt-img-description=\"\" data-large_image_width=\"1319\" data-large_image_height=\"1176\"><img loading=\"lazy\" decoding=\"async\" class=\" wp-image-140814 alignleft\" src=\"https:\/\/www.radiopiu.net\/wordpress\/wp-content\/uploads\/2020\/05\/Patrizia-Cacciato-300x267.jpg\" alt=\"\" width=\"178\" height=\"159\" srcset=\"https:\/\/www.radiopiu.net\/wordpress\/wp-content\/uploads\/2020\/05\/Patrizia-Cacciato-300x267.jpg 300w, https:\/\/www.radiopiu.net\/wordpress\/wp-content\/uploads\/2020\/05\/Patrizia-Cacciato-1024x913.jpg 1024w, https:\/\/www.radiopiu.net\/wordpress\/wp-content\/uploads\/2020\/05\/Patrizia-Cacciato-768x685.jpg 768w, https:\/\/www.radiopiu.net\/wordpress\/wp-content\/uploads\/2020\/05\/Patrizia-Cacciato.jpg 1319w\" sizes=\"auto, (max-width: 178px) 100vw, 178px\" \/><\/a>BELLUNO\u00a0<\/strong>Patrizia Cacciato \u00e8 la nuova vice direttrice del Csv Belluno. Succede a Christian Liva che, dopo un anno, ha lasciato l&#8217;incarico per motivi personali. Patrizia si occuper\u00e0, oltre che della gestione dello staff, anche della formazione e degli aspetti giuridici, legati in particolare alla riforma del terzo settore.\u00a0Laureata in giurisprudenza a Parma, Patrizia Cacciato \u00e8 avvocato e dal 2000 ad oggi ha condotto l&#8217;attivit\u00e0 forense presso il proprio studio a Conegliano. Si \u00e8 occupata in prevalenza di diritto civile con particolare riferimento alla tutela delle famiglie e dei minori.\u00a0Sempre attiva nel sociale, continua a rivestire l&#8217;incarico di amministratore di sostegno in territorio bellunese, e in numerose occasioni, ha dato il suo contributo a famiglie con minori e a persone svantaggiate.\u00a0\u00ab<em>Entro volontieri in questa grande famiglia del volontariato, offrendo fin da subito il mio apporto alle numerose associazioni bellunesi costantemente attive\u00bb, dichiara la neo vice. \u00abMi impegner\u00f2,<span class=\"Apple-converted-space\">\u00a0 <\/span>tramite le mie competenze in campo giuridico, a fornire aiuto anche alla luce della riforma, ad esempio nella corretta applicazione delle nuove normative<\/em>\u00bb.<span class=\"Apple-converted-space\">\u00a0<\/span>\u00ab<em>Auguro buon lavoro a Patrizia, che proseguir\u00e0 la gi\u00e0 avviata attivit\u00e0 di supporto al mondo del terzo settore, iniziando per\u00f2 in un periodo particolare<\/em>\u00bb, dichiara il direttore Nevio Meneguz.<b> <\/b>\u00ab<em>Molte sono, infatti, le esigenze delle associazioni, temporaneamente bloccate dal Covid-19, e nella ripresa ci sar\u00e0 certo bisogno di un affiancamento ancora pi\u00f9 costante, in particolare per le nuove scadenze in merito alla riforma<\/em>\u00bb.<\/p>\n<p>&nbsp;<\/p>\n<p>&nbsp;<\/p>\n<hr \/>\n<p>&nbsp;<\/p>\n<p>&nbsp;<\/p>\n<blockquote>\n<h3>CINQUE NUOVI AUSILI PER LA CUCCHINI: LI HA DONATI IL COMITATO GOS DA GRON<\/h3>\n<\/blockquote>\n<p><strong><a class=\"dt-pswp-item\" href=\"https:\/\/www.radiopiu.net\/wordpress\/wp-content\/uploads\/2020\/05\/FOTO-CUCCHINI.jpg\" data-dt-img-description=\"\" data-large_image_width=\"1024\" data-large_image_height=\"768\"><img loading=\"lazy\" decoding=\"async\" class=\"size-medium wp-image-140800 alignleft\" src=\"https:\/\/www.radiopiu.net\/wordpress\/wp-content\/uploads\/2020\/05\/FOTO-CUCCHINI-300x225.jpg\" alt=\"\" width=\"300\" height=\"225\" srcset=\"https:\/\/www.radiopiu.net\/wordpress\/wp-content\/uploads\/2020\/05\/FOTO-CUCCHINI-300x225.jpg 300w, https:\/\/www.radiopiu.net\/wordpress\/wp-content\/uploads\/2020\/05\/FOTO-CUCCHINI-768x576.jpg 768w, https:\/\/www.radiopiu.net\/wordpress\/wp-content\/uploads\/2020\/05\/FOTO-CUCCHINI.jpg 1024w\" sizes=\"auto, (max-width: 300px) 100vw, 300px\" \/><\/a>BELLUNO\u00a0<\/strong>La generosit\u00e0 non si ferma neanche durante il lockdown. L\u2019attivit\u00e0 della Cucchini neppure. L\u2019associazione che da trent\u2019anni si occupa di cure palliative, di assistenza ai malati e sostegno alle loro famiglie, ha ricevuto nei giorni scorsi una donazione da parte del Comitato Gos da Gron, gruppo storico che organizza la sagra di Santo Stefano nella frazione sospirolese. \u00ab<em>Abbiamo deciso di darci un obiettivo e destinare i proventi della sagra a qualcosa di utile &#8211; spiega Jenny Rivalta, tra i promotori della donazione, attiva nel Comitato Gos da Gron -. \u00c8 stato quasi immediato il pensiero alla Cucchini, visto che conosciamo la qualit\u00e0 del loro operato sul territorio bellunese, anche per esperienza diretta. Nell\u2019ultima sagra abbiamo raccolto 2.600 euro e abbiamo consegnato l\u2019intera somma all\u2019associazione<\/em>\u00bb. La Cucchini ha investito la donazione per acquistare cinque letti per le cure e l\u2019assistenza domiciliare. Ausili che sono gi\u00e0 stati consegnati e nei prossimi giorni saranno utilizzati per dare sollievo agli ammalati. \u00ab<em>Non possiamo che ringraziare la generosit\u00e0 e l\u2019attestato di stima nei confronti della nostra associazione\u00bb commenta il presidente della Cucchini, Paolo Colleselli. Da parte del Comitato Gos da Gron l\u2019intenzione di continuare il rapporto con le attivit\u00e0 della Cucchini: \u00abVedremo come andranno le misure di contenimento del Covid e se ci sar\u00e0 la possibilit\u00e0 di organizzare la sagra gi\u00e0 a dicembre &#8211; conclude Jenny Rivalta -. In ogni caso continueremo ad avere un occhio di riguardo per la Cucchini: la prossima sagra avr\u00e0 ancora uno sguardo solidale<\/em>\u00bb.<\/p>\n<p>&nbsp;<\/p>\n<p>&nbsp;<\/p>\n<hr \/>\n<div><\/div>\n<div><\/div>\n<div><\/div>\n<div><\/div>\n<blockquote>\n<h3>RICERCA PERSONALE INFERMIERISTICO<\/h3>\n<\/blockquote>\n<div><strong><a class=\"dt-pswp-item\" href=\"https:\/\/www.radiopiu.net\/wordpress\/wp-content\/uploads\/2020\/04\/ASCA.png\" data-dt-img-description=\"\" data-large_image_width=\"1211\" data-large_image_height=\"668\"><img loading=\"lazy\" decoding=\"async\" class=\"wp-image-128881 alignleft\" src=\"https:\/\/www.radiopiu.net\/wordpress\/wp-content\/uploads\/2020\/04\/ASCA-300x165.png\" alt=\"\" width=\"202\" height=\"111\" srcset=\"https:\/\/www.radiopiu.net\/wordpress\/wp-content\/uploads\/2020\/04\/ASCA-300x165.png 300w, https:\/\/www.radiopiu.net\/wordpress\/wp-content\/uploads\/2020\/04\/ASCA-1024x565.png 1024w, https:\/\/www.radiopiu.net\/wordpress\/wp-content\/uploads\/2020\/04\/ASCA-768x424.png 768w, https:\/\/www.radiopiu.net\/wordpress\/wp-content\/uploads\/2020\/04\/ASCA.png 1211w\" sizes=\"auto, (max-width: 202px) 100vw, 202px\" \/><\/a>AGORDO<\/strong> ASCA ha indetto una nuova selezione pubblica finalizzata alla formulazione di una graduatoria di idoneit\u00e0 utile all\u2019inserimento a tempo indeterminato e determinato a tempo pieno presso la RSA di Agordo di INFERMIERE<strong>.\u00a0<\/strong>Le modalit\u00e0 di presentazione della domanda si trovano sulla home page del sito aziendale\u00a0www.servizisocialiasca.it.\u00a0Il termine ultimo per la presentazione delle candidature \u00e8 fissato entro e non oltre le ore 12.00 del giorno luned\u00ec 6 luglio 2020.<\/div>\n<div><\/div>\n<div><\/div>\n<div>\n<p>&nbsp;<\/p>\n<p>&nbsp;<\/p>\n<hr \/>\n<p>&nbsp;<\/p>\n<h3><span style=\"color: #33cccc;\">QUATRO CIACOLE SU AGORT<\/span><\/h3>\n<blockquote class=\"wp-embedded-content\" data-secret=\"ZXYsY9WBJb\"><p><a href=\"https:\/\/www.radiopiu.net\/wordpress\/quatro-ciacole\/\">QUATRO CIACOLE SU AGORT, UNDICESIMA  PUNTATA CON  I RAGAZZI EL MUSLA<\/a><\/p><\/blockquote>\n<p><iframe loading=\"lazy\" title=\"&#8220;QUATRO CIACOLE SU AGORT, UNDICESIMA  PUNTATA CON  I RAGAZZI EL MUSLA&#8221; &#8212; Radio Pi\u00f9\" class=\"wp-embedded-content\" sandbox=\"allow-scripts\" security=\"restricted\" style=\"position: absolute; clip: rect(1px, 1px, 1px, 1px);\" src=\"https:\/\/www.radiopiu.net\/wordpress\/quatro-ciacole\/embed\/#?secret=ZXYsY9WBJb\" data-secret=\"ZXYsY9WBJb\" width=\"600\" height=\"338\" frameborder=\"0\" marginwidth=\"0\" marginheight=\"0\" scrolling=\"no\"><\/iframe><\/p>\n<p><strong>LE ALTRE PUNTATE<\/strong><\/p>\n<blockquote class=\"wp-embedded-content\" data-secret=\"T28GzZk2CW\"><p><a href=\"https:\/\/www.radiopiu.net\/wordpress\/quatro-ciacole-su-agort\/\">Quatro ci\u00e0cole su Agort<\/a><\/p><\/blockquote>\n<p><iframe loading=\"lazy\" title=\"&#8220;Quatro ci\u00e0cole su Agort&#8221; &#8212; Radio Pi\u00f9\" class=\"wp-embedded-content\" sandbox=\"allow-scripts\" security=\"restricted\" style=\"position: absolute; clip: rect(1px, 1px, 1px, 1px);\" src=\"https:\/\/www.radiopiu.net\/wordpress\/quatro-ciacole-su-agort\/embed\/#?secret=T28GzZk2CW\" data-secret=\"T28GzZk2CW\" width=\"600\" height=\"338\" frameborder=\"0\" marginwidth=\"0\" marginheight=\"0\" scrolling=\"no\"><\/iframe><\/p>\n<p>&nbsp;<\/p>\n<hr \/>\n<p>&nbsp;<\/p>\n<blockquote class=\"wp-embedded-content\" data-secret=\"w3Mko7jiQK\"><p><a href=\"https:\/\/www.radiopiu.net\/wordpress\/il-ritorno-della-nuvola-olga-con-la-maestra-paola\/\">IL RITORNO DELLA NUVOLA OLGA CON LA MAESTRA PAOLA<\/a><\/p><\/blockquote>\n<p><iframe loading=\"lazy\" title=\"&#8220;IL RITORNO DELLA NUVOLA OLGA CON LA MAESTRA PAOLA&#8221; &#8212; Radio Pi\u00f9\" class=\"wp-embedded-content\" sandbox=\"allow-scripts\" security=\"restricted\" style=\"position: absolute; clip: rect(1px, 1px, 1px, 1px);\" src=\"https:\/\/www.radiopiu.net\/wordpress\/il-ritorno-della-nuvola-olga-con-la-maestra-paola\/embed\/#?secret=w3Mko7jiQK\" data-secret=\"w3Mko7jiQK\" width=\"600\" height=\"338\" frameborder=\"0\" marginwidth=\"0\" marginheight=\"0\" scrolling=\"no\"><\/iframe><\/p>\n<p>&nbsp;<\/p>\n<hr \/>\n<p>&nbsp;<\/p>\n<blockquote class=\"wp-embedded-content\" data-secret=\"NpWZNhiZuM\"><p><a href=\"https:\/\/www.radiopiu.net\/wordpress\/luigi-alvise-lollino-il-vescovo-eruditissimo-ed-assai-generoso-di-renato-bona\/\">LUIGI ALVISE LOLLINO, IL VESCOVO ERUDITISSIMO ED ASSAI GENEROSO! di Renato Bona<\/a><\/p><\/blockquote>\n<p><iframe loading=\"lazy\" title=\"&#8220;LUIGI ALVISE LOLLINO, IL VESCOVO ERUDITISSIMO ED ASSAI GENEROSO! di Renato Bona&#8221; &#8212; Radio Pi\u00f9\" class=\"wp-embedded-content\" sandbox=\"allow-scripts\" security=\"restricted\" style=\"position: absolute; clip: rect(1px, 1px, 1px, 1px);\" src=\"https:\/\/www.radiopiu.net\/wordpress\/luigi-alvise-lollino-il-vescovo-eruditissimo-ed-assai-generoso-di-renato-bona\/embed\/#?secret=NpWZNhiZuM\" data-secret=\"NpWZNhiZuM\" width=\"600\" height=\"338\" frameborder=\"0\" marginwidth=\"0\" marginheight=\"0\" scrolling=\"no\"><\/iframe><\/p>\n<p>&nbsp;<\/p>\n<hr \/>\n<p>&nbsp;<\/p>\n<\/div>\n<h2>IERI ALLA RADIO<\/h2>\n<h3><strong><a class=\"dt-pswp-item\" href=\"https:\/\/www.radiopiu.net\/wordpress\/wp-content\/uploads\/2020\/04\/FEMCA-CISL.png\" data-dt-img-description=\"\" data-large_image_width=\"225\" data-large_image_height=\"225\"><img loading=\"lazy\" decoding=\"async\" class=\"size-full wp-image-127312 alignleft\" src=\"https:\/\/www.radiopiu.net\/wordpress\/wp-content\/uploads\/2020\/04\/FEMCA-CISL.png\" alt=\"\" width=\"225\" height=\"225\" srcset=\"https:\/\/www.radiopiu.net\/wordpress\/wp-content\/uploads\/2020\/04\/FEMCA-CISL.png 225w, https:\/\/www.radiopiu.net\/wordpress\/wp-content\/uploads\/2020\/04\/FEMCA-CISL-150x150.png 150w\" sizes=\"auto, (max-width: 225px) 100vw, 225px\" \/><\/a>CISL LA VOCE DEI LAVORATORI<\/strong><\/h3>\n<p><strong>Con Paolo Chissal\u00e8 e Nicola Brancher<\/strong><\/p>\n<audio class=\"wp-audio-shortcode\" id=\"audio-140764-8\" preload=\"none\" style=\"width: 100%;\" controls=\"controls\"><source type=\"audio\/mpeg\" src=\"https:\/\/www.radiopiu.net\/wordpress\/wp-content\/uploads\/2020\/05\/cisl-la-voce-dei-lavoratori-27-maggio.mp3?_=8\" \/><a href=\"https:\/\/www.radiopiu.net\/wordpress\/wp-content\/uploads\/2020\/05\/cisl-la-voce-dei-lavoratori-27-maggio.mp3\">https:\/\/www.radiopiu.net\/wordpress\/wp-content\/uploads\/2020\/05\/cisl-la-voce-dei-lavoratori-27-maggio.mp3<\/a><\/audio>\n<p>&nbsp;<\/p>\n<hr \/>\n<h3><img decoding=\"async\" class=\"alignleft\" src=\"https:\/\/i0.wp.com\/www.radiopiu.net\/wordpress\/wp-content\/uploads\/2016\/04\/Falcade_plan_ortofoto.jpg?resize=282%2C199&amp;ssl=1\" \/>CLAUDIO LUCCHETTA E IL QUADERNO DELLA BIBLIOTECA DEL BIOIS<\/h3>\n<p><strong>di Claudio Fontanive\u00a0<\/strong><\/p>\n<audio class=\"wp-audio-shortcode\" id=\"audio-140764-9\" preload=\"none\" style=\"width: 100%;\" controls=\"controls\"><source type=\"audio\/mpeg\" src=\"https:\/\/www.radiopiu.net\/wordpress\/wp-content\/uploads\/2020\/05\/claudio-lucchietta-27-maggio.mp3?_=9\" \/><a href=\"https:\/\/www.radiopiu.net\/wordpress\/wp-content\/uploads\/2020\/05\/claudio-lucchietta-27-maggio.mp3\">https:\/\/www.radiopiu.net\/wordpress\/wp-content\/uploads\/2020\/05\/claudio-lucchietta-27-maggio.mp3<\/a><\/audio>\n<p>&nbsp;<\/p>\n<h3><span style=\"color: #ff0000;\">DUE MINUTI UN LIBRO<\/span><\/h3>\n<blockquote class=\"wp-embedded-content\" data-secret=\"8fYUva5kBM\"><p><a href=\"https:\/\/www.radiopiu.net\/wordpress\/mentre-la-vita-corre\/\">MENTRE LA VITA CORRE<\/a><\/p><\/blockquote>\n<p><iframe loading=\"lazy\" title=\"&#8220;MENTRE LA VITA CORRE&#8221; &#8212; Radio Pi\u00f9\" class=\"wp-embedded-content\" sandbox=\"allow-scripts\" security=\"restricted\" style=\"position: absolute; clip: rect(1px, 1px, 1px, 1px);\" src=\"https:\/\/www.radiopiu.net\/wordpress\/mentre-la-vita-corre\/embed\/#?secret=8fYUva5kBM\" data-secret=\"8fYUva5kBM\" width=\"600\" height=\"338\" frameborder=\"0\" marginwidth=\"0\" marginheight=\"0\" scrolling=\"no\"><\/iframe><\/p>\n<p><strong>LE ALTRE PUNTATE<\/strong><\/p>\n<p><iframe loading=\"lazy\" class=\"wp-embedded-content\" title=\"\u201cDue minuti un libro\u201d \u2014 Radio Pi\u00f9\" src=\"https:\/\/www.radiopiu.net\/wordpress\/due-minuti-un-libro\/embed\/#?secret=zcfxLBYTmJ\" width=\"600\" height=\"251\" frameborder=\"0\" marginwidth=\"0\" marginheight=\"0\" scrolling=\"no\" sandbox=\"allow-scripts\" data-secret=\"zcfxLBYTmJ\" data-mce-fragment=\"1\"><\/iframe><\/p>\n<h2><\/h2>\n<h3><span style=\"color: #0000ff;\">AGORDINOMERON<\/span><\/h3>\n<p><iframe loading=\"lazy\" class=\"wp-embedded-content\" title=\"\u201cAGORDINOMERON, IL TERRITORIO SI RACCONTA Da un\u2019idea di Gianni Santomaso\u201d \u2014 Radio Pi\u00f9\" src=\"https:\/\/www.radiopiu.net\/wordpress\/agordinomeron\/embed\/#?secret=DnAiEo4reT\" width=\"600\" height=\"346\" frameborder=\"0\" marginwidth=\"0\" marginheight=\"0\" scrolling=\"no\" sandbox=\"allow-scripts\" data-secret=\"DnAiEo4reT\" data-mce-fragment=\"1\"><\/iframe><\/p>\n<h2><\/h2>\n<h3><span style=\"color: #ff6600;\">IL MESSAGGIO DEI SACERDOTI A RADIO PIU\u2019<\/span><\/h3>\n<p><iframe loading=\"lazy\" class=\"wp-embedded-content\" title=\"\u201cDON CESARE SU RADIO PIU\u2019 ALLE 7.30 E 19.30, PARROCCHIE DI AGORDO, LA VALLE E TAIBON\u201d \u2014 Radio Pi\u00f9\" src=\"https:\/\/www.radiopiu.net\/wordpress\/chiesa\/embed\/#?secret=drEIHco4n0\" width=\"600\" height=\"381\" frameborder=\"0\" marginwidth=\"0\" marginheight=\"0\" scrolling=\"no\" sandbox=\"allow-scripts\" data-secret=\"drEIHco4n0\" data-mce-fragment=\"1\"><\/iframe><\/p>\n<p>&nbsp;<\/p>\n<hr \/>\n<p>&nbsp;<\/p>\n<p>&nbsp;<\/p>\n<p>&nbsp;<\/p>\n<p><strong class=\"photoswipe-wrapper\"><a class=\"dt-pswp-item pspw-wrap-ready\" href=\"https:\/\/i0.wp.com\/www.radiopiu.net\/wordpress\/wp-content\/uploads\/2018\/09\/viabilita.jpeg?ssl=1\" data-dt-img-description=\"\" data-large_image_width=\"800\" data-large_image_height=\"100\"><img loading=\"lazy\" decoding=\"async\" class=\"aligncenter wp-image-61954 size-full jetpack-lazy-image jetpack-lazy-image--handled\" src=\"https:\/\/i0.wp.com\/www.radiopiu.net\/wordpress\/wp-content\/uploads\/2018\/09\/viabilita.jpeg?resize=800%2C100&amp;ssl=1\" sizes=\"auto, (max-width: 800px) 100vw, 800px\" srcset=\"https:\/\/i0.wp.com\/www.radiopiu.net\/wordpress\/wp-content\/uploads\/2018\/09\/viabilita.jpeg?w=800&amp;ssl=1 800w, https:\/\/i0.wp.com\/www.radiopiu.net\/wordpress\/wp-content\/uploads\/2018\/09\/viabilita.jpeg?resize=300%2C38&amp;ssl=1 300w, https:\/\/i0.wp.com\/www.radiopiu.net\/wordpress\/wp-content\/uploads\/2018\/09\/viabilita.jpeg?resize=768%2C96&amp;ssl=1 768w\" alt=\"\" width=\"800\" height=\"100\" data-lazy-loaded=\"1\" \/><\/a><\/strong><\/p>\n<p><strong>\u00a0<\/strong><\/p>\n<blockquote><p><strong>INTERRUZIONI A CRISTO DELLE PIANIZZE\u00a0<\/strong>sp347 DURAN E CEREDA fino al 5 giugno (esclusi festivi e prefestivi) possibili interruzioni in localit\u00e0 Pianizze (Agordo) della durata massima di 15 minuti dalle 8 alle 12 e dalle 13 alle 17, inoltre senso unico alternato nei periodi non interessati dalle chiusura<\/p><\/blockquote>\n<p>PROVINCIALE 20 DELLA VAL FIORENTINA, SELVA DI CADORE: FINO AL 13 GIUGNO, CHIUSURA TOTALE TRA SOLATOR E IL CENTRO DEL PAESE ANCHE NEI GIORNI FESTIVI E PREFESTIVI, DAL CHILOMETRO 4.850 AL CHILOMETRO 5.100. TRANSITO CONSENTITO AI LOCALI CON TEMPI DI ATTESA MASSIMI STIMATI IN 30 MINUTI IN LOCALITA\u2019 SOLATOR DAL CHILOMETRO 4.400 AL CHILOMETRO 4.850<\/p>\n<p>REGIONALE 48 DELLE DOLOMITI, LOCALIT\u00c0 POCOL INIZIO ABITATO CORTINA,FINO\u00a0 AL 12 GIUGNO SEMAFORO PER TRATTI DI 250 METRI ANCHE NEI GIORNI FESTIVI E PREFESTIVI<\/p>\n<p>REGIONALE 203 AGORDINA FINO AL 15 GIUGNO IN LOCALIT\u00c0 LA MUDA DEVIAZIONE SU VIABILIT\u00c0 PROVVISORIA, PRUDENZA<\/p>\n<p>PROVINCIALE 12 PEDEMONTANA LOCALIT\u00c0 PONTE MAS, CHIUSURA TOTALE DI PONTE MAS FINO\u00a0 AL 30 GIUGNO<\/p>\n<p>STRADA REGIONALE 48 DELLE DOLOMITI, DAL KM 110,350 AL KM 112, SENSO UNICO ALTERNATO REGOLATO DA IMPIANTO SEMAFORICO ANCHE SABATO E FESTIVI FINO\u00a0 AL 31 MAGGIO PER POSA ELETTRODOTTO INTERRATO<\/p>\n<p>PROVINCIALE 563 DI SALESEI, FINO\u00a0 AL 3 LUGLIO, SENSO UNICO ALTERNATO REGOLATO DA IMPIANTO SEMAFORICO IN LOCALIT\u00c0 DIGONERA PER MESSA IN SICUREZZA PIANO VIABILE, SABATO E FESTIVI INCLUSI<\/p>\n<p>PROVINCIALE 347 PASSO DURAN, LOCALITA\u2019 SANT\u2019ANDREA DI GOSALDO. FINO AL 5 GIUGNO SENSO UNICO ALTERNATO<\/p>\n<p>STRADA PROVINCIALE 347 DEL PASSO CEREDA E DURAN, DALLE 7 ALLE 18 ,\u00a0 FINO AL 29 MAGGIO, POSSIBILI TEMPORANEE INTERRUZZIONI ALLA VIABILIT\u00e0 DELLA DURATA MASSIMA DI 30 MINUTI E SENSO UNICO ALTERNATO REGOLATO DA MOVIERI PER ASFALTATURA TRATTI DI STRADA TRA PASSO DURAN E DONT<\/p>\n<p>STRADA PROVINCIALE 346 DEL PASSO SAN PELLEGRINO, FINO\u00a0 AL 5 GIUGNO, SENSO UNICO ALTERNATO REGOLATO DA IMPIANTO SEMOFORICO TRA FALCADE E FALCADE ALTO PER POSA CAVIDOTTO FIBRA OTTICA<\/p>\n<p>STRADA PROVINCIALE 347 DEL PASSO CEREDA E DURAN, FINO\u00a0 AL 01 GIUGNO ESCLUSE DOMENICHE E FESTIVI, SENSO UNICO ALTERNATO REGOLATO DA IMPIANTO SEMAFORICO O MOVIERI IN COMUNE DI VALLE DI CADORE PER SONDAGGI GEOTECNICI<\/p>\n<p>SP346 DEL SAN PELLEGRINO, COMUNE DI VALLADA,\u00a0 FINO\u00a0 AL 29 MAGGIO SENSO UNICO ALTERNATO PER MESSA IN SICUREZZA BARRIERE LATERALI<\/p>\n<p>REGIONALE203 AGORDINA, CANDATEN-LA STANGA, FINO\u00a0 AL 30 GIUGNO INCLUSI SABATO E DOMENICA DALLE 7.30 ALLE 9 E DALLE 16.30 ALLE 18 SENSO UNICO ALTERNATO CON MOVIERI, NEGLI ALTRI PERIODI SENSO UNICO CON SEMAFORO.<\/p>\n<p>PROVINCIALE 246 DEL SAN PELLEGRINO, CANALE D\u2019AGORDO E VALLADA FINO\u00a0 AL 29 MAGGIO SENSO UNICO REGOLATO DA SEMAFORO IN TRATTI SALTUARI.<\/p>\n<p>PROVINCIALE 24 VALPAROLA FINO\u00a0 AL 05 GIUGNO ESCLUSI FESTIVI E PREFESTIVI, SENSO UNICO ALTERNATO A VISTA PER TRATTI DI 50 METRI.<\/p>\n<p>PROVINCIALE 563 DI SALESEI, DALLE 7 DEL 26 MAGGIO ALLE 18 DEL 19 GIUGNO, DOMENICHE E FESTIVI ESCLUSI, SENSO UNICO ALTERNATO REGOLATO DA IMPIANTO SEMAFORICO E POSSIBILI BREVI INTERRUZIONI AL TRAFFICO DI 15 MINUTI PER MESSA IN SICUREZZA VERSANTE A MONTE DELLA STRADA<\/p>\n<p>STRADA PROVINCIALE 346 DEL SAN PELLEGRINO, NEI COMUNI DI FALCADE, CANALE E VALLADA, FINO\u00a0 AL 3 LUGLIO, INCLUSI SABATI E DOMENICHE, POSSIBILE ISTITUZIONE DI SENSO UNICO ALTERNATO REGOLATO DA MOVIERI PER SOSTITUZIONE CONDUTTORI E MANUTENZIONE LINEA ELETTRICA ALTA TENSIONE<\/p>\n<p>REGIONALE 203 AGORDINA, NEL COMUNE DI CENCENIGHE, FINO\u00a0 AL 3 LUGLIO, INCLUSI SABATI E DOMENICHE, POSSIBILE ISTITUZIONE DI SENSO UNICO ALTERNATO REGOLATO DA MOVIERI PER SOSTITUZIONE CONDUTTORI E MANUTENZIONE LINEA ELETTRICA ALTA TENSIONE<\/p>\n<p>STRADA PROVINCIALE 40, COMUNE DI LAMON. DAL 27 MAGGIO AL 3 GIUGNO SENSO UNICO ALTERNATO REGOLATO DA IMPIANTO SEMAFORICO PER RICERCHE GEOGNOSTICHE<\/p>\n<p>&nbsp;<\/p>\n<hr \/>\n<p>&nbsp;<\/p>\n<p><a class=\"dt-pswp-item\" href=\"https:\/\/www.radiopiu.net\/wordpress\/wp-content\/uploads\/2018\/09\/WhatsApp-Image-2018-09-20-at-16.04.06.jpeg\" data-dt-img-description=\"\" data-large_image_width=\"800\" data-large_image_height=\"100\"><img loading=\"lazy\" decoding=\"async\" class=\"aligncenter wp-image-61378 size-full\" src=\"https:\/\/www.radiopiu.net\/wordpress\/wp-content\/uploads\/2018\/09\/WhatsApp-Image-2018-09-20-at-16.04.06.jpeg\" alt=\"\" width=\"800\" height=\"100\" srcset=\"https:\/\/www.radiopiu.net\/wordpress\/wp-content\/uploads\/2018\/09\/WhatsApp-Image-2018-09-20-at-16.04.06.jpeg 800w, https:\/\/www.radiopiu.net\/wordpress\/wp-content\/uploads\/2018\/09\/WhatsApp-Image-2018-09-20-at-16.04.06-300x38.jpeg 300w, https:\/\/www.radiopiu.net\/wordpress\/wp-content\/uploads\/2018\/09\/WhatsApp-Image-2018-09-20-at-16.04.06-768x96.jpeg 768w\" sizes=\"auto, (max-width: 800px) 100vw, 800px\" \/><\/a><\/p>\n<p>&nbsp;<\/p>\n<p><center><b>Giovedi 28<\/b><\/center><b>Tempo atteso:\u00a0<\/b>Al primo mattino copertura del cielo per nuvolosit\u00e0 alta, poi il sole predominer\u00e0 fino alle ore centrali del giorno, prima dello sviluppo dell&#8217;attivit\u00e0 cumuliforme, spesso moderata sulle Dolomiti e pi\u00f9 intensa sulle Prealpi. Nuvolosit\u00e0 che sar\u00e0 associata a qualche fenomeno convettivo. Minore frescura notturna, mentre il clima diurno sar\u00e0 un po&#8217; meno caldo.<br \/>\n<b>Precipitazioni:\u00a0<\/b>Al mattino assenti (0%). In seguito qualche rovescio ed occasionale temporale, specie tra Prealpi e Dolomiti meridionali (50\/60%), probabilit\u00e0 un po&#8217; pi\u00f9 bassa sui settori pi\u00f9 settentrionali (30\/40%) e su alcuni settori dolomitici non piover\u00e0 affatto. Il limite della neve sar\u00e0 sui 2400\/2500 m.<br \/>\n<b>Temperature:\u00a0<\/b>Minime in leggero aumento e massime in contenuta flessione, con punte di 20\/22\u00b0C nei fondovalle prealpini e di 16\/17\u00b0C a 1000\/1200 m. Su Prealpi a 1500 m min 5\u00b0C max 10\u00b0C, a 2000 m min 3\u00b0C max 7\u00b0C. Su Dolomiti a 2000 m min 2\u00b0C max 6\u00b0C, a 3000 m min -4\u00b0C max -3\u00b0C.<br \/>\n<b>Venti:\u00a0<\/b>Perlopi\u00f9 deboli a regime di brezza nelle valli, salvo locali rinforzi notturni su alcuni settori prealpini; in quota deboli\/moderati da nord-ovest, a 5-15 km\/h a 2000 m, 15-20 km\/h a 3000 m.<\/p>\n<hr \/>\n<p><center><b>Venerdi 29<\/b><\/center><b>Tempo atteso:\u00a0<\/b>Al mattino di nuovo soleggiato su Dolomiti e qualche nube bassa o stratocumulo mattutino, assieme a primi locali addensamenti sulle Prealpi. Al pomeriggio attivit\u00e0 cumuliforme irregolare sulle Dolomiti, spesso pi\u00f9 intensa sulle Prealpi, dove l&#8217;insidia di rovesci sparsi e occasionali temporali sar\u00e0 pi\u00f9 presente. Clima un po&#8217; fresco per il periodo.<br \/>\n<b>Precipitazioni:\u00a0<\/b>Come per gioved\u00ec la probabilit\u00e0 sar\u00e0 bassa al mattino e aumenter\u00e0 al pomeriggio per rovesci sparsi ed occasionali temporali, probabilit\u00e0 pi\u00f9 presente sulle Prealpi e Dolomiti meridionale (50\/60%) e meno sui settori settentrionali (20\/30%). Nei settori interessati dai rovesci, la neve cadr\u00e0 sopra i 2100\/2200 m.<br \/>\n<b>Temperature:\u00a0<\/b>In generale calo a tutte le quote, eccetto eventuale rialzo delle minime nei settori prealpini interessati da nubi basse mattutine. Sono previste punte di 17\/18\u00b0C nelle conche prealpine e di 12\/14\u00b0C a 1000\/1200 m. Su Prealpi a 1500 m min 3\u00b0C max 8\u00b0C, a 2000 m min 0\u00b0C max 5\u00b0C. Su Dolomiti a 2000 m min -1\u00b0C max 5\u00b0C, a 3000 m min -7\u00b0C max -4\u00b0C.<br \/>\n<b>Venti:\u00a0<\/b>Perlopi\u00f9 deboli a regime di brezza nelle valli, a tratti moderati per rinforzi notturni su alcuni settori prealpini; in quota deboli o solo a tratti moderati da nord-ovest al mattino e da nord-est al pomeriggio, a 5-10 km\/h a 2000 m e 10-15 km\/h a 3000 m.<\/p>\n<hr \/>\n<p><center><b>Sabato 30<\/b><\/center>Nottetempo molto nuvoloso con qualche rovescio, specie sui settori orientali. Nel corso della mattinata temporanei rasserenamenti, seguiti da graduael aumento della nuvolosit\u00e0, anche per addensamenti cumuliformi, associati a probabili rovesci e temporali. Limite neve a 2200\/2300 m. Temperature minime in lieve rialzo e massime senza notevoli variazioni rispetto a venerd\u00ec. Venti deboli\/moderati settentrionali in quota, deboli\/moderati per brezze nelle valli.<\/p>\n<hr \/>\n<p><center><b>Domenica 31<\/b><\/center>Tempo variabile, a tratti instabile, nelle prime ore del giorno. Al pomeriggio parziale miglioramento con rasserenamenti e annuvolamenti irregolari con eventuali residui fenomeni sulle Prealpi. Temperature senza variazioni di rilievo rispetto a sabato. Venti perlopi\u00f9 deboli di direzione variabile nelle valli; deboli\/moderati da nord-est in quota. Previsore: R.L.Th.<\/p>\n<p>&nbsp;<\/p>\n","protected":false},"excerpt":{"rendered":"<p>PER RICEVERE QUESTO NOTIZIARIO DIRETTAMENTE SUL TUO CELLULARE ISCRIVITI AL CANALE TELEGRAM\u00a0\u201cRADIO PIU\u00a0 INFORMAZIONE\u201d \u00a0 Gestione Servizi Pubblici \u00a0informa che a ROCCA PIETORE in localit\u00e0 DIGONERA, l\u2019acqua erogata dall\u2019acquedotto non \u00e8 potabile e pu\u00f2 essere usata per scopi alimentari SOLO PREVIA bollitura &nbsp; \u00a0 CHIUDE PONTE MAS, FINO AL 30 GIUGNO PER I LAVORI DI&hellip;<\/p>\n","protected":false},"author":4,"featured_media":140968,"comment_status":"closed","ping_status":"closed","sticky":false,"template":"","format":"standard","meta":{"_monsterinsights_skip_tracking":false,"_monsterinsights_sitenote_active":false,"_monsterinsights_sitenote_note":"","_monsterinsights_sitenote_category":0,"footnotes":""},"categories":[1,86,49],"tags":[],"class_list":["post-140764","post","type-post","status-publish","format-standard","has-post-thumbnail","hentry","category-senza-categoria","category-gr","category-news-18","category-1","category-86","category-49","description-off"],"img_url":"https:\/\/www.radiopiu.net\/wordpress\/wp-content\/uploads\/2020\/05\/photo_2020-05-27_18-07-10.jpg","_links":{"self":[{"href":"https:\/\/www.radiopiu.net\/wordpress\/wp-json\/wp\/v2\/posts\/140764","targetHints":{"allow":["GET"]}}],"collection":[{"href":"https:\/\/www.radiopiu.net\/wordpress\/wp-json\/wp\/v2\/posts"}],"about":[{"href":"https:\/\/www.radiopiu.net\/wordpress\/wp-json\/wp\/v2\/types\/post"}],"author":[{"embeddable":true,"href":"https:\/\/www.radiopiu.net\/wordpress\/wp-json\/wp\/v2\/users\/4"}],"replies":[{"embeddable":true,"href":"https:\/\/www.radiopiu.net\/wordpress\/wp-json\/wp\/v2\/comments?post=140764"}],"version-history":[{"count":0,"href":"https:\/\/www.radiopiu.net\/wordpress\/wp-json\/wp\/v2\/posts\/140764\/revisions"}],"wp:featuredmedia":[{"embeddable":true,"href":"https:\/\/www.radiopiu.net\/wordpress\/wp-json\/wp\/v2\/media\/140968"}],"wp:attachment":[{"href":"https:\/\/www.radiopiu.net\/wordpress\/wp-json\/wp\/v2\/media?parent=140764"}],"wp:term":[{"taxonomy":"category","embeddable":true,"href":"https:\/\/www.radiopiu.net\/wordpress\/wp-json\/wp\/v2\/categories?post=140764"},{"taxonomy":"post_tag","embeddable":true,"href":"https:\/\/www.radiopiu.net\/wordpress\/wp-json\/wp\/v2\/tags?post=140764"}],"curies":[{"name":"wp","href":"https:\/\/api.w.org\/{rel}","templated":true}]}}