{"id":140862,"date":"2020-05-27T16:23:08","date_gmt":"2020-05-27T14:23:08","guid":{"rendered":"https:\/\/www.radiopiu.net\/wordpress\/?p=140862"},"modified":"2020-05-27T16:23:08","modified_gmt":"2020-05-27T14:23:08","slug":"un-miliardo-e-400-milioni-di-euro-di-finanziamenti-attivabili-per-far-ripartire-leconomia","status":"publish","type":"post","link":"https:\/\/www.radiopiu.net\/wordpress\/un-miliardo-e-400-milioni-di-euro-di-finanziamenti-attivabili-per-far-ripartire-leconomia\/","title":{"rendered":"\u00a0\u201cUN MILIARDO E 400 MILIONI DI EURO DI FINANZIAMENTI ATTIVABILI PER FAR RIPARTIRE L\u2019ECONOMIA\u201d"},"content":{"rendered":"<p align=\"JUSTIFY\"><strong>VENEZIA<\/strong>\u00a0 <span style=\"font-size: medium;\">\u00c8 stato presentato il piano degli interventi economici messo in campo dalla Regione del Veneto per supportare le imprese venete nella ripresa post-Covid19. La Regione sta p<\/span><span style=\"font-size: medium;\">erdendo 65.000 posti di lavoro, almeno 35.000 nel turismo e conta 600.000 partite IVA, che produce 160 miliardi di PIL e contribuisce con 15 miliardi di residuo fiscale annuo.\u00a0 <\/span><span style=\"font-size: medium;\">I dettagli del piano sono stati presentati dall\u2019assessore alle attivit\u00e0 produttive ed energia Roberto Marcato.\u00a0 <\/span><em>\u201c<span style=\"font-size: medium;\">Questo \u00e8 un piano chirurgico \u2013 sottolinea Marcato \u2013 perch\u00e9 abbiamo cercato di intercettare tutte le aree in maggiore difficolt\u00e0 per fornire loro strumenti adeguati alla ripresa dopo la chiusura obbligata dai decreti governativi. I numeri complessivi indicano 320 milioni di euro di investimenti dal Bilancio della Regione del Veneto, 270 milioni di euro di risorse si terzi attivabili grazie al cofinanziamento regionale. Tutto ci\u00f2 permetter\u00e0 di portare a 1 miliardo e 400 milioni di euro i finanziamenti attivabili, raggiungendo circa 13.000 imprese\u201d.\u00a0 <\/span><\/em><span style=\"font-size: medium;\">L&#8217; assessore <\/span><span style=\"font-size: medium;\">Gianluca Forcolin, Vicepresidente della Regione ha spiegato come la Regione\u00a0 in totale abbia rimodulato 74 milioni di euro di risorse del bilancio regionale, destinando nuove risorse alla sanit\u00e0 e al sociale, e reso immediatamente disponibili fondi accantonati presso Veneto Sviluppo per un valore complessivo di 200 milioni, che la finanziaria gestir\u00e0 ed erogher\u00e0 in tempi rapidi a favore delle nostre imprese. A luglio un ulteriore assestamento perch\u00e9 l\u2019emergenza obbliga a lavorare mese per mese. .<\/span><\/p>\n<div style=\"width: 1200px;\" class=\"wp-video\"><video class=\"wp-video-shortcode\" id=\"video-140862-1\" width=\"1200\" height=\"675\" preload=\"metadata\" controls=\"controls\"><source type=\"video\/mp4\" src=\"https:\/\/www.radiopiu.net\/wordpress\/wp-content\/uploads\/2020\/05\/ora_veneto_v9b.mp4?_=1\" \/><a href=\"https:\/\/www.radiopiu.net\/wordpress\/wp-content\/uploads\/2020\/05\/ora_veneto_v9b.mp4\">https:\/\/www.radiopiu.net\/wordpress\/wp-content\/uploads\/2020\/05\/ora_veneto_v9b.mp4<\/a><\/video><\/div>\n<p>&nbsp;<\/p>\n<a href=\"https:\/\/www.radiopiu.net\/wordpress\/wp-content\/uploads\/2020\/05\/776-2020-PIANO-INTERVENTI-ECONOMICI-POSTCOVID19.pdf\" class=\"pdfemb-viewer\" style=\"\" data-width=\"max\" data-height=\"max\" data-toolbar=\"top\" data-toolbar-fixed=\"on\">776-2020 PIANO INTERVENTI ECONOMICI POSTCOVID19<\/a>\n","protected":false},"excerpt":{"rendered":"<p>VENEZIA\u00a0 \u00c8 stato presentato il piano degli interventi economici messo in campo dalla Regione del Veneto per supportare le imprese venete nella ripresa post-Covid19. La Regione sta perdendo 65.000 posti di lavoro, almeno 35.000 nel turismo e conta 600.000 partite IVA, che produce 160 miliardi di PIL e contribuisce con 15 miliardi di residuo fiscale&hellip;<\/p>\n","protected":false},"author":1,"featured_media":140864,"comment_status":"closed","ping_status":"closed","sticky":false,"template":"","format":"standard","meta":{"_monsterinsights_skip_tracking":false,"_monsterinsights_sitenote_active":false,"_monsterinsights_sitenote_note":"","_monsterinsights_sitenote_category":0,"footnotes":""},"categories":[49],"tags":[],"class_list":["post-140862","post","type-post","status-publish","format-standard","has-post-thumbnail","hentry","category-news-18","category-49","description-off"],"img_url":"https:\/\/www.radiopiu.net\/wordpress\/wp-content\/uploads\/2020\/05\/cc14ae96-9204-45b1-8333-b57c10c49c0a.jpg","_links":{"self":[{"href":"https:\/\/www.radiopiu.net\/wordpress\/wp-json\/wp\/v2\/posts\/140862","targetHints":{"allow":["GET"]}}],"collection":[{"href":"https:\/\/www.radiopiu.net\/wordpress\/wp-json\/wp\/v2\/posts"}],"about":[{"href":"https:\/\/www.radiopiu.net\/wordpress\/wp-json\/wp\/v2\/types\/post"}],"author":[{"embeddable":true,"href":"https:\/\/www.radiopiu.net\/wordpress\/wp-json\/wp\/v2\/users\/1"}],"replies":[{"embeddable":true,"href":"https:\/\/www.radiopiu.net\/wordpress\/wp-json\/wp\/v2\/comments?post=140862"}],"version-history":[{"count":0,"href":"https:\/\/www.radiopiu.net\/wordpress\/wp-json\/wp\/v2\/posts\/140862\/revisions"}],"wp:featuredmedia":[{"embeddable":true,"href":"https:\/\/www.radiopiu.net\/wordpress\/wp-json\/wp\/v2\/media\/140864"}],"wp:attachment":[{"href":"https:\/\/www.radiopiu.net\/wordpress\/wp-json\/wp\/v2\/media?parent=140862"}],"wp:term":[{"taxonomy":"category","embeddable":true,"href":"https:\/\/www.radiopiu.net\/wordpress\/wp-json\/wp\/v2\/categories?post=140862"},{"taxonomy":"post_tag","embeddable":true,"href":"https:\/\/www.radiopiu.net\/wordpress\/wp-json\/wp\/v2\/tags?post=140862"}],"curies":[{"name":"wp","href":"https:\/\/api.w.org\/{rel}","templated":true}]}}