{"id":140947,"date":"2020-05-27T18:57:06","date_gmt":"2020-05-27T16:57:06","guid":{"rendered":"https:\/\/www.radiopiu.net\/wordpress\/?p=140947"},"modified":"2020-05-27T19:03:55","modified_gmt":"2020-05-27T17:03:55","slug":"tamponamento","status":"publish","type":"post","link":"https:\/\/www.radiopiu.net\/wordpress\/tamponamento\/","title":{"rendered":"TAMPONAMENTO IN VIA TIZIANO VECELLIO SCOOTER CONTRO L&#8217;AUTOCARRO"},"content":{"rendered":"<p><strong>BELLUNO<\/strong> In considerazione della dinamica dire che \u00e8 andata bene non \u00e8 certo eccessivo se si pensa che lo scooter si \u00e8 infilato nel retro dell&#8217;autocarro. E&#8217; successo nel pomeriggio nei pressi dell&#8217;azienda Alemagna motori nella periferia bellunese Lo scooter era condotto da F.B. 55 anni di Belluno, l&#8217;autocarro da I.E. 32 anni\u00a0 feltrino. Ad avere la peggio il cinquantancinquenne, all&#8217;ospedale gli \u00e8 stato diagnosticato un trauma alla spalla. Sul posto oltre ai sanitari del 118 i Carabinieri per i rilievi di legge, inevitabili i disagi al traffico. Nella stessa via a poca distanza anche un tamponamento tra quattro auto con \u00a0gli occupanti delle autovetture portati per accertamenti in ospedale soprattutto per il classico &#8220;colpo di frusta&#8221;, in ogni caso nessun ferito grave.<\/p>\n<p>&nbsp;<\/p>\n","protected":false},"excerpt":{"rendered":"<p>BELLUNO In considerazione della dinamica dire che \u00e8 andata bene non \u00e8 certo eccessivo se si pensa che lo scooter si \u00e8 infilato nel retro dell&#8217;autocarro. E&#8217; successo nel pomeriggio nei pressi dell&#8217;azienda Alemagna motori nella periferia bellunese Lo scooter era condotto da F.B. 55 anni di Belluno, l&#8217;autocarro da I.E. 32 anni\u00a0 feltrino. Ad&hellip;<\/p>\n","protected":false},"author":1,"featured_media":0,"comment_status":"closed","ping_status":"closed","sticky":false,"template":"","format":"standard","meta":{"_monsterinsights_skip_tracking":false,"_monsterinsights_sitenote_active":false,"_monsterinsights_sitenote_note":"","_monsterinsights_sitenote_category":0,"footnotes":""},"categories":[51,49],"tags":[],"class_list":["post-140947","post","type-post","status-publish","format-standard","hentry","category-evidenza-top","category-news-18","category-51","category-49","description-off"],"img_url":false,"_links":{"self":[{"href":"https:\/\/www.radiopiu.net\/wordpress\/wp-json\/wp\/v2\/posts\/140947","targetHints":{"allow":["GET"]}}],"collection":[{"href":"https:\/\/www.radiopiu.net\/wordpress\/wp-json\/wp\/v2\/posts"}],"about":[{"href":"https:\/\/www.radiopiu.net\/wordpress\/wp-json\/wp\/v2\/types\/post"}],"author":[{"embeddable":true,"href":"https:\/\/www.radiopiu.net\/wordpress\/wp-json\/wp\/v2\/users\/1"}],"replies":[{"embeddable":true,"href":"https:\/\/www.radiopiu.net\/wordpress\/wp-json\/wp\/v2\/comments?post=140947"}],"version-history":[{"count":0,"href":"https:\/\/www.radiopiu.net\/wordpress\/wp-json\/wp\/v2\/posts\/140947\/revisions"}],"wp:attachment":[{"href":"https:\/\/www.radiopiu.net\/wordpress\/wp-json\/wp\/v2\/media?parent=140947"}],"wp:term":[{"taxonomy":"category","embeddable":true,"href":"https:\/\/www.radiopiu.net\/wordpress\/wp-json\/wp\/v2\/categories?post=140947"},{"taxonomy":"post_tag","embeddable":true,"href":"https:\/\/www.radiopiu.net\/wordpress\/wp-json\/wp\/v2\/tags?post=140947"}],"curies":[{"name":"wp","href":"https:\/\/api.w.org\/{rel}","templated":true}]}}