{"id":140987,"date":"2020-05-28T09:55:54","date_gmt":"2020-05-28T07:55:54","guid":{"rendered":"https:\/\/www.radiopiu.net\/wordpress\/?p=140987"},"modified":"2020-05-28T09:55:54","modified_gmt":"2020-05-28T07:55:54","slug":"oggi-la-rassegna-stampa-labbiamo-aperta-cosi-22","status":"publish","type":"post","link":"https:\/\/www.radiopiu.net\/wordpress\/oggi-la-rassegna-stampa-labbiamo-aperta-cosi-22\/","title":{"rendered":"OGGI LA RASSEGNA STAMPA&#8230; L&#8217;ABBIAMO APERTA COSI&#8217;"},"content":{"rendered":"<blockquote>\n<h3>TURISTI AL SICURO IN VENETO, DALLA REGIONE LA RISPOSTA ALLA CAMPAGNA PROMOZIONALE ALTO ATESINA. PER L&#8217;ECONOMIA VENETA ARRIVA LA TERAPIA INTENSIVA, UNA BOCCATA D&#8217;OSSIGENO DA UN RESPIRATORE CHE CUBA 1,4 MILIARDI PROMESSI ALLA PICCOLA MEDIA INDUSTRIA.<\/h3>\n<\/blockquote>\n<p><strong>di Mirko Mezzacasa\u00a0<\/strong><\/p>\n<p><strong>TURISMO<\/strong> L&#8217;emergenza della pandemia iniziata a febbraio ha arricchito il nostro vocabolario quotidiano di nuovi termini, soprattutto internazionalizzati dall&#8217;inglese come covid free ad esempio, ovvero\u00a0 senza virus, liberati dal virus. L&#8217;espressione \u00e8 oggi di moda nel palazzo della Regione ed \u00e8 diventato il nuovo slogan accalappia turisti. Veneto Regione Covid Free sar\u00e0 il motto dell&#8217;estate 2020 per attrarre l&#8217;ospite che non dovr\u00e0 temere il virus perch\u00e9 il territorio si dichiara pronto a gestire i problemi. <em>&#8220;Puntiamo a essere regione covid free &#8211; dice il presidente Luca Zaia &#8211; per andare oltre il test sierologico che \u00e8 solo una foto istantanea, del momento. Noi promuoviamo un&#8217;organizzazione che rassicuri e che faccia capire ai turisti che abbiamo in mano la situazione&#8221;.<\/em> Tra le righe, ma neanche tanto \u00e8 una risposta all&#8217;altra Italia, quella dell&#8217;Alto Nord e Sud Tirolo che dopo le aperture anticipate mentre il resto del paese continuava a purgarsi in quarantena, ha esordito in apertura di stagione con lo spot tamponi per tutti. &#8220;<em>Loro possono &#8211; ha detto Zaia &#8211; ma per\u00a0 noi in Veneto che contiamo\u00a0 70 mila presenze turistiche promettere tamponi per tutti \u00e8 impossibile e impensabile. Noi abbiamo altri strumenti per dare ampie garanzie ai turisti . <\/em>Dunque il Veneto\u00a0 lancia un segnale psicologico\u00a0 con una serie di misure e incroci dei dati tenuti sotto controllo dal cruscotto della biosorveglianza. In altre parole un piano di sanit\u00e0 pubblica che identifica le categorie dei tamponi dai sintomatici ai contatti stretti, con una precisa geo refertazione dei positivi e\u00a0 persone in isolamento sotto controllo. Un Veneto che si muove verso\u00a0 uno spaccato in tempo reale di quello che sta accadendo sul territorio dimostrando che la regione ha in mano la situazione. <strong>ECONOMIA<\/strong>\u00a0 Dopo le misure contro la crisi sanitaria ecco quella contro quella economica, l&#8217;assessore alle attivit\u00e0 produttive Roberto Marcato parla di<em> &#8220;una potenza di fuoco da 1 miliardo e 400 milioni di euro&#8221;<\/em> ne sono destinatari gli imprenditori della piccola media industria. Ecco da dove piover\u00e0 il denaro: \u00a0320 milioni dal bilancio interno,\u00a0 270 di risorse terze (cofinanziamento regionale),\u00a0 rimodulati 74 milioni dal bilancio regionale, immediatamente disponibili 200 milioni accantonati da Veneto Sviluppo,\u00a0 111 milioni di euro sono gi\u00e0 pronti per i contributi a fondo perduto e 20 sosterranno la liquidit\u00e0 da 2000 a 3700 euro a partita iva per sostenere 13.000 aziende, &#8220;<em>ora che stiamo perdendo 65.000 posti di lavoro\u00bb <\/em>ha detto Zaia. Arriveranno pertanto contributi a fondo perduto, finanziamenti agevolati. Contributi in conto capitale fino a 250 mila euro per i distretti, 7000 per commercianti. Tre milioni riservati alla digitalizzazione con una previsione di 34 mila euro a ditta. Per le aziende di artigianato e servizio contributi da 18 mila a 150 mila euro che sommano 47 milioni per le piccole medie industrie. <strong>RIAPERTURE INTERREGIONAL<\/strong>I Entro sera al massimo domani saranno rese note le pagelle sanitarie, l&#8217;idea del Governo rimane quella di una riapertura totale dopo il ponte del 2 giugno. Ma sulla mobilit\u00e0 si preannuncia battaglia, dal 3 giugno i presidenti di Regione potrebbero imporre l&#8217;altol\u00e0 verso Napoli, le Isole, Lombardia e Piemonte. C&#8217;\u00e8 gi\u00e0 chi ipotizza come il presidente della Sardegna Solinas o il sindaco di Napoli De Magistris (entrambi di centro destra) un passaporto sanitario. I colleghi di partito della Liguria e dell&#8217;Abruzzo hanno gi\u00e0 affermato che i loro territori sono aperti a tutti.\u00a0 <strong>I NUMERI.<\/strong> Ieri in veneto 10 nuovi casi di positivi\u00a0 \u00a0(martedi 9 ) da inizio epidemia 19 117\u00a0 (+10),\u00a0 attualmente positivi 2190\u00a0 (- 192),\u00a0 negativizzati\/guariti 15029\u00a0 (+198)\u00a0 in isolamento domiciliare 2245 (-374) ricoverati\u00a0 496 (-7), in ospedale 434 (- 7) , ospedali di comunit\u00e0\u00a0 62\u00a0 (0), terapia intensiva 36\u00a0 (9 positivi,\u00a0 25 negativi),\u00a0 dimessi 3601 (+10) , decessi ospedale 1403 (3) , totale decessi 1898\u00a0 (4). In provincia di Belluno. casi positivi\u00a0 1 ( martedi 3) dal 21 febbraio 1166\u00a0 (1), attualmente positivi 151\u00a0 (-18), deceduti 110 (0),\u00a0 negativizzati\/guariti\u00a0 905\u00a0 (+23), in isolamento domiciliare 344 (-4), ricoverati ospedale San Martino 10 (0) , terapia intensiva 0 (0) , ospedale di Comunit\u00e0 di Belluno 0 (0) Agordo 0\u00a0 (0<\/p>\n<p>nella foto il palio di agordo nel 1984, omaggio a Siro De Marco scomparso all&#8217;et\u00e0 di 70 anni, domani la preghiera in cimitero alle 14.30. Oggi alla stessa ora i funerali di Carlo Tano Manfroi a Cencenighe<\/p>\n<p>&nbsp;<\/p>\n<div style=\"width: 1200px;\" class=\"wp-video\"><video class=\"wp-video-shortcode\" id=\"video-140987-1\" width=\"1200\" height=\"675\" preload=\"metadata\" controls=\"controls\"><source type=\"video\/mp4\" src=\"https:\/\/www.radiopiu.net\/wordpress\/wp-content\/uploads\/2020\/05\/ora_veneto_v9b.mp4?_=1\" \/><a href=\"https:\/\/www.radiopiu.net\/wordpress\/wp-content\/uploads\/2020\/05\/ora_veneto_v9b.mp4\">https:\/\/www.radiopiu.net\/wordpress\/wp-content\/uploads\/2020\/05\/ora_veneto_v9b.mp4<\/a><\/video><\/div>\n","protected":false},"excerpt":{"rendered":"<p>TURISTI AL SICURO IN VENETO, DALLA REGIONE LA RISPOSTA ALLA CAMPAGNA PROMOZIONALE ALTO ATESINA. PER L&#8217;ECONOMIA VENETA ARRIVA LA TERAPIA INTENSIVA, UNA BOCCATA D&#8217;OSSIGENO DA UN RESPIRATORE CHE CUBA 1,4 MILIARDI PROMESSI ALLA PICCOLA MEDIA INDUSTRIA. di Mirko Mezzacasa\u00a0 TURISMO L&#8217;emergenza della pandemia iniziata a febbraio ha arricchito il nostro vocabolario quotidiano di nuovi termini,&hellip;<\/p>\n","protected":false},"author":1,"featured_media":140888,"comment_status":"closed","ping_status":"closed","sticky":false,"template":"","format":"standard","meta":{"_monsterinsights_skip_tracking":false,"_monsterinsights_sitenote_active":false,"_monsterinsights_sitenote_note":"","_monsterinsights_sitenote_category":0,"footnotes":""},"categories":[1,51],"tags":[],"class_list":["post-140987","post","type-post","status-publish","format-standard","has-post-thumbnail","hentry","category-senza-categoria","category-evidenza-top","category-1","category-51","description-off"],"img_url":"https:\/\/www.radiopiu.net\/wordpress\/wp-content\/uploads\/2020\/05\/e42c136a-1db0-4daf-acdd-115be0ce5830.jpg","_links":{"self":[{"href":"https:\/\/www.radiopiu.net\/wordpress\/wp-json\/wp\/v2\/posts\/140987","targetHints":{"allow":["GET"]}}],"collection":[{"href":"https:\/\/www.radiopiu.net\/wordpress\/wp-json\/wp\/v2\/posts"}],"about":[{"href":"https:\/\/www.radiopiu.net\/wordpress\/wp-json\/wp\/v2\/types\/post"}],"author":[{"embeddable":true,"href":"https:\/\/www.radiopiu.net\/wordpress\/wp-json\/wp\/v2\/users\/1"}],"replies":[{"embeddable":true,"href":"https:\/\/www.radiopiu.net\/wordpress\/wp-json\/wp\/v2\/comments?post=140987"}],"version-history":[{"count":0,"href":"https:\/\/www.radiopiu.net\/wordpress\/wp-json\/wp\/v2\/posts\/140987\/revisions"}],"wp:featuredmedia":[{"embeddable":true,"href":"https:\/\/www.radiopiu.net\/wordpress\/wp-json\/wp\/v2\/media\/140888"}],"wp:attachment":[{"href":"https:\/\/www.radiopiu.net\/wordpress\/wp-json\/wp\/v2\/media?parent=140987"}],"wp:term":[{"taxonomy":"category","embeddable":true,"href":"https:\/\/www.radiopiu.net\/wordpress\/wp-json\/wp\/v2\/categories?post=140987"},{"taxonomy":"post_tag","embeddable":true,"href":"https:\/\/www.radiopiu.net\/wordpress\/wp-json\/wp\/v2\/tags?post=140987"}],"curies":[{"name":"wp","href":"https:\/\/api.w.org\/{rel}","templated":true}]}}