{"id":140989,"date":"2020-05-29T05:54:08","date_gmt":"2020-05-29T03:54:08","guid":{"rendered":"https:\/\/www.radiopiu.net\/wordpress\/?p=140989"},"modified":"2020-05-29T09:57:20","modified_gmt":"2020-05-29T07:57:20","slug":"giornale-radiopiu-29-maggio-2020-direttore-mirko-mezzacasa","status":"publish","type":"post","link":"https:\/\/www.radiopiu.net\/wordpress\/giornale-radiopiu-29-maggio-2020-direttore-mirko-mezzacasa\/","title":{"rendered":"GIORNALE RADIOPIU 29 MAGGIO 2020 DIRETTORE MIRKO MEZZACASA"},"content":{"rendered":"<h3><strong>PER RICEVERE QUESTO NOTIZIARIO DIRETTAMENTE SUL TUO CELLULARE ISCRIVITI AL CANALE TELEGRAM\u00a0<\/strong><strong>\u201cRADIO PIU\u00a0 INFORMAZIONE\u201d<\/strong><\/h3>\n<p>&nbsp;<\/p>\n<hr \/>\n<p>&nbsp;<\/p>\n<p><em><strong>Gestione Servizi Pubblici \u00a0informa che a ROCCA PIETORE in localit\u00e0 DIGONERA, l\u2019acqua erogata dall\u2019acquedotto non \u00e8 potabile e pu\u00f2 essere usata per scopi alimentari SOLO PREVIA bollitura<\/strong><\/em><\/p>\n<p>&nbsp;<\/p>\n<hr \/>\n<p><strong>\u00a0<\/strong><\/p>\n<p><strong>CHIUDE PONTE MAS, FINO AL 30 GIUGNO PER I LAVORI DI CONSOLIDAMENTO:<\/strong>\u00a0 fino al\u00a0 30 giugno sar\u00e0 chiuso sia alle macchine sia ai pedoni. Percorso alternativo: da Ponte Mas a Vignole in Comune di Sedico.<\/p>\n<p><strong>INTERRUZIONI A CRISTO DELLE PIANIZZE\u00a0<\/strong>sp347 DURAN E CEREDA fino al al 5 giugno (esclusi festivi e prefestivi) possibili interruzioni in localit\u00e0 Pianizze (Agordo) della durata massima di 15 minuti dalle 8 alle 12 e dalle 13 alle 17, inoltre senso unico alternato nei periodi non interessati dalle chiusura<\/p>\n<p>&nbsp;<\/p>\n<hr \/>\n<p>&nbsp;<\/p>\n<p>&nbsp;<\/p>\n<blockquote><p><strong>TERZO AVVISTAMENTO DEL LUPO IN VALLE DEL BIOIS<\/strong><\/p><\/blockquote>\n<p>Dopo Matteo di Pisoliva e Angelo di Falcade anche Leonora segnala la presenza del lupo in Valle del Biois. Ieri sera abbiamo ricevuto un messaggio che volentieri pubblichiamo<\/p>\n<blockquote><p><em>&#8220;Siamo una famiglia in vacanza a Vallada Agordina. Ieri sera alle 22.15, abbiamo visto un grosso lupo a Vallada frazione Andrich, dopo i due Tabi\u00e0\u00a0 verso la zona del campo sportivo&#8221;<\/em><\/p><\/blockquote>\n<h2><\/h2>\n<hr \/>\n<p>&nbsp;<\/p>\n<p>&nbsp;<\/p>\n<h2>QUANDO IL VENTO DEL NORD SPAZZA L&#8217;AGORDINO<\/h2>\n<h2>E L&#8217;ARCOBALENO ABBRACCIA FELTRE<\/h2>\n<p><a class=\"dt-pswp-item\" href=\"https:\/\/www.radiopiu.net\/wordpress\/wp-content\/uploads\/2020\/05\/50ee9ffd-9c46-45f6-b37f-9221b42ddcb4.jpg\" data-dt-img-description=\"\" data-large_image_width=\"1344\" data-large_image_height=\"756\"><img loading=\"lazy\" decoding=\"async\" class=\"alignnone wp-image-141156\" src=\"https:\/\/www.radiopiu.net\/wordpress\/wp-content\/uploads\/2020\/05\/50ee9ffd-9c46-45f6-b37f-9221b42ddcb4-300x169.jpg\" alt=\"\" width=\"395\" height=\"224\" \/><\/a><a class=\"dt-pswp-item\" href=\"https:\/\/www.radiopiu.net\/wordpress\/wp-content\/uploads\/2020\/05\/96577126-eba4-4ac8-af48-94fb7b526548.jpg\" data-dt-img-description=\"\" data-large_image_width=\"1599\" data-large_image_height=\"1200\"><img loading=\"lazy\" decoding=\"async\" class=\"alignnone size-medium wp-image-141160\" src=\"https:\/\/www.radiopiu.net\/wordpress\/wp-content\/uploads\/2020\/05\/96577126-eba4-4ac8-af48-94fb7b526548-300x225.jpg\" alt=\"\" width=\"300\" height=\"225\" srcset=\"https:\/\/www.radiopiu.net\/wordpress\/wp-content\/uploads\/2020\/05\/96577126-eba4-4ac8-af48-94fb7b526548-300x225.jpg 300w, https:\/\/www.radiopiu.net\/wordpress\/wp-content\/uploads\/2020\/05\/96577126-eba4-4ac8-af48-94fb7b526548-1024x768.jpg 1024w, https:\/\/www.radiopiu.net\/wordpress\/wp-content\/uploads\/2020\/05\/96577126-eba4-4ac8-af48-94fb7b526548-768x576.jpg 768w, https:\/\/www.radiopiu.net\/wordpress\/wp-content\/uploads\/2020\/05\/96577126-eba4-4ac8-af48-94fb7b526548-1536x1153.jpg 1536w, https:\/\/www.radiopiu.net\/wordpress\/wp-content\/uploads\/2020\/05\/96577126-eba4-4ac8-af48-94fb7b526548.jpg 1599w\" sizes=\"auto, (max-width: 300px) 100vw, 300px\" \/><\/a><\/p>\n<p>&nbsp;<\/p>\n<hr \/>\n<p>&nbsp;<\/p>\n<p>&nbsp;<\/p>\n<p>&nbsp;<\/p>\n<blockquote>\n<h3>IL CRISTO CON LA MASCHERINA CHE NON PIACE AI BAMBINI<\/h3>\n<\/blockquote>\n<p><a class=\"dt-pswp-item\" href=\"https:\/\/www.radiopiu.net\/wordpress\/wp-content\/uploads\/2020\/05\/100673493_254825659065428_3197569771386175488_n.jpg\" data-dt-img-description=\"\" data-large_image_width=\"720\" data-large_image_height=\"960\"><img loading=\"lazy\" decoding=\"async\" class=\" wp-image-141140 alignleft\" src=\"https:\/\/www.radiopiu.net\/wordpress\/wp-content\/uploads\/2020\/05\/100673493_254825659065428_3197569771386175488_n-225x300.jpg\" alt=\"\" width=\"191\" height=\"255\" srcset=\"https:\/\/www.radiopiu.net\/wordpress\/wp-content\/uploads\/2020\/05\/100673493_254825659065428_3197569771386175488_n-225x300.jpg 225w, https:\/\/www.radiopiu.net\/wordpress\/wp-content\/uploads\/2020\/05\/100673493_254825659065428_3197569771386175488_n.jpg 720w\" sizes=\"auto, (max-width: 191px) 100vw, 191px\" \/><\/a><strong>AGORDO<\/strong><em> &#8220;Quando i miei figli di 6 e 9 anni sono arrivati a casa mi hanno espresso la loro sorpresa e tristezza per il gesto che in s\u00e8 non \u00e8 nulla di grave, nel senso che non ci sono stati danni, ma loro hanno capito che si \u00e8 trattato di una mancanza di rispetto e non nascondo quanto ci siano rimasti male&#8221;<\/em> Chi parla \u00e8 Mara, una mamma, anche lei giovane, cresciuta lungo quella strada di Via Calzon verso l&#8217;ex Istituto Minerario e l&#8217;ospedale di Agordo,\u00a0 dove da anni insiste un capitello con all&#8217;interno il Cristo, da ieri il Cristo con la mascherina dei tempi moderni. Nessun atto vandalico, danni o scritte Scritte non ce ne sono, almeno quello diversamente da quanto riscontrato pochi giorni fa ad Alleghe con un Sant&#8217;Antonio bruciato con l&#8217;accendino.<em> &#8220;Comunque &#8211; conclude Mara &#8211; la mascherina non ha mancato di turbare i miei figli, che sono piccoli, e hanno capito forse pi\u00f9 di tanti pi\u00f9 &#8220;anziani&#8221; di loro che\u00a0 cosa sia il rispetto&#8221;<\/em><\/p>\n<p>&nbsp;<\/p>\n<p>&nbsp;<\/p>\n<p>&nbsp;<\/p>\n<p>&nbsp;<\/p>\n<p>&nbsp;<\/p>\n<p>&nbsp;<\/p>\n<hr \/>\n<p>&nbsp;<\/p>\n<blockquote>\n<h3>TRICHIANA: ARRESTATO E GIA&#8217; IN LIBERTA&#8217;<\/h3>\n<\/blockquote>\n<p><b><a class=\"dt-pswp-item\" href=\"https:\/\/www.radiopiu.net\/wordpress\/wp-content\/uploads\/2016\/05\/carabinieri-6-2.jpg\" data-dt-img-description=\"\" data-large_image_width=\"1000\" data-large_image_height=\"681\"><img loading=\"lazy\" decoding=\"async\" class=\" wp-image-19346 alignleft\" src=\"https:\/\/www.radiopiu.net\/wordpress\/wp-content\/uploads\/2016\/05\/carabinieri-6-2-300x204.jpg\" alt=\"\" width=\"226\" height=\"154\" \/><\/a>BORGO VALBELLUNA<\/b> Nel pomeriggio di ieri i Carabinieri hanno arrestato O.A., 32 anni nigeriano, residente a Borgo Valbelluna, per resistenza e violenza a pubblico ufficiale. L&#8217;uomo, che si trovava nei pressi del sottopassaggio ferroviario a Belluno, dopo un vano tentativo di sottrarsi ad un controllo, ha aggredito i Carabinieri e un componente dell&#8217;equipaggio della Questura. I militari se la caveranno in 5 giorni dopo le abrasioni inflitte dall&#8217;uomo. Il trentaduenne, dopo le formalit\u00e0 di rito, \u00e8 stato rimesso in libert\u00e0 su disposizione dell&#8217;autorit\u00e0 giudiziaria.<\/p>\n<p>&nbsp;<\/p>\n<p>&nbsp;<\/p>\n<p>&nbsp;<\/p>\n<p>&nbsp;<\/p>\n<hr \/>\n<p>&nbsp;<\/p>\n<h3>INCIDE IL LEGNO CON L&#8217;ELETTRICITA&#8217; SULLA TAVOLA BAGNATA, FOLGORATO DA UNA SCARICA ELETTRICA<\/h3>\n<blockquote><p><strong>BELLUNO<\/strong> Un 41enne bellunese ieri pomeriggio stava incidendo il legno con l&#8217;elettricit\u00e0, un hobby artistico che lo ha portato direttamente al Pronto Soccorso del San Martino in seguito ad una scossa che gli ha attraversato il corpo facendolo stramazzare a terra. I familiari hanno chiamato il 118 accorso in via San Rocco. L&#8217;uomo non ha perso conoscenza ma \u00e8 stato trattenuto in ospedale in osservazioni.<\/p><\/blockquote>\n<p>&nbsp;<\/p>\n<hr \/>\n<p>&nbsp;<\/p>\n<p>&nbsp;<\/p>\n<blockquote><p>IL BILANCIO GRAVATO DALLE CONSEGUENZE DELL&#8217;EPIDEMIA COVID19. UN AIUTO AI COMMERCIANTI, SEI MESI SENZA PAGARE LA TOSAP. PROPOSTA DELLA MINORANZA DEI PARCHEGGI GRATUITI NON ACCOLTA. DI OLTRE 900 MILA EURO LA VARIAZIONE AL BILANCIO, MINORI LE SPESE CORRENTE. IN ARRIVO I CONTRIBUTI POST VAIA.<\/p>\n<h3>IL CONSIGLIO COMUNALE DI AGORDO IN DIRETTA FACEBOOK<\/h3>\n<\/blockquote>\n<p>https:\/\/www.facebook.com\/mirko.mezzacasa\/videos\/10223404409605282<\/p>\n<p>&nbsp;<\/p>\n<p><strong>IL SERVIZIO DI GIANNI SANTOMASO<\/strong><\/p>\n<audio class=\"wp-audio-shortcode\" id=\"audio-140989-1\" preload=\"none\" style=\"width: 100%;\" controls=\"controls\"><source type=\"audio\/mpeg\" src=\"https:\/\/www.radiopiu.net\/wordpress\/wp-content\/uploads\/2020\/05\/consiglio-comunale-di-agordo.mp3?_=1\" \/><a href=\"https:\/\/www.radiopiu.net\/wordpress\/wp-content\/uploads\/2020\/05\/consiglio-comunale-di-agordo.mp3\">https:\/\/www.radiopiu.net\/wordpress\/wp-content\/uploads\/2020\/05\/consiglio-comunale-di-agordo.mp3<\/a><\/audio>\n<p>&nbsp;<\/p>\n<p>&nbsp;<\/p>\n<hr \/>\n<blockquote>\n<h3><\/h3>\n<h3>LUXOTTICA: SI ARRIVA AL 40\/50% DEL PERSONALE NELLE PROSSIME DUE SETTIMANE<\/h3>\n<\/blockquote>\n<p><strong><a class=\"dt-pswp-item\" href=\"https:\/\/www.radiopiu.net\/wordpress\/wp-content\/uploads\/2020\/02\/LUXOTTICA-NOTTE-scaled.jpg\" data-dt-img-description=\"\" data-large_image_width=\"2560\" data-large_image_height=\"1920\"><img loading=\"lazy\" decoding=\"async\" class=\"size-medium wp-image-117391 alignleft\" src=\"https:\/\/www.radiopiu.net\/wordpress\/wp-content\/uploads\/2020\/02\/LUXOTTICA-NOTTE-300x225.jpg\" alt=\"\" width=\"300\" height=\"225\" srcset=\"https:\/\/www.radiopiu.net\/wordpress\/wp-content\/uploads\/2020\/02\/LUXOTTICA-NOTTE-300x225.jpg 300w, https:\/\/www.radiopiu.net\/wordpress\/wp-content\/uploads\/2020\/02\/LUXOTTICA-NOTTE-1024x768.jpg 1024w, https:\/\/www.radiopiu.net\/wordpress\/wp-content\/uploads\/2020\/02\/LUXOTTICA-NOTTE-768x576.jpg 768w, https:\/\/www.radiopiu.net\/wordpress\/wp-content\/uploads\/2020\/02\/LUXOTTICA-NOTTE-1536x1152.jpg 1536w, https:\/\/www.radiopiu.net\/wordpress\/wp-content\/uploads\/2020\/02\/LUXOTTICA-NOTTE-2048x1536.jpg 2048w\" sizes=\"auto, (max-width: 300px) 100vw, 300px\" \/><\/a>AGORDO<\/strong> Come ogni settimana, sigle sindacali (CGIL, CISL e UIL) e dirigenza Luxottica si sono incontrate per fare il punto della situazione dei vari stabilimenti. Dopo un esame delle settimane trascorse e l\u2019analisi di alcune tematiche emerse trasversalmente a livello territoriale anche alla luce dell\u2019accordo di Cassa Integrazione prorogato, sono stati in ogni caso ribaditi i programmi produttivi per le settimane dell\u20191 e dell\u20198 di giugno 2020, confermando il ponte per la giornata del 1\u00b0 giugno. Per le restanti giornate produttive dal 3 al 5 giugno e dall\u20198 al 12 giugno viene confermato la progressiva crescita del piano produttivo. In tal senso per tutti gli stabilimenti di Agordo, Cencenighe, Sedico, Pederobba, Rovereto, Lauriano occhiali, Silvi Marina e Citt\u00e0 Sant\u2019Angelo, si conferma una percentuale di presenze indicativa media fra il 40% ed il 50% per le suddette settimane, con aperture in parte scaglionate in alcuni reparti. Resta confermata anche la mancata attivazione la prossima settimana delle lenti sole a Lauriano. La logistica distributiva (Sedico) continuer\u00e0 a lavorare sui consueti livelli. Una percentuale di presenze pi\u00f9 alta \u00e8 confermata ad Agordo nelle aree dell\u2019Ufficio tecnico, Ufficio Prodotto ed Officina al fine di garantire il processo dei nuovi prodotti. Sono, inoltre, previste le consuete attivit\u00e0 di manutenzione e messa in sicurezza degli impianti che verranno garantite in ogni sede. Le parti, infine, come di consueto si danno appuntamento per verificare i piani produttivi nella vigenza della Cassa Integrazione.<\/p>\n<p>&nbsp;<\/p>\n<hr \/>\n<blockquote>\n<h2><\/h2>\n<h2>ESSILOR LUXOTTICA, L&#8217;EMISSIONE OBBLIGAZIONARIA E&#8217; UN SUCCESSO<\/h2>\n<\/blockquote>\n<blockquote><p><em>per un valore di 3 miliardi di Euro<\/em><\/p><\/blockquote>\n<p><strong>FRANCIA<\/strong> EssilorLuxottica ha lanciato ieri con successo un&#8217;emissione obbligazionaria per un importo complessivo di 3 miliardi di Euro con tranche a 3,6, 5,6 e 8 anni e con cedola rispettivamente dello 0,25%, 0,375% e 0,5% (le \u201cObbligazioni\u201d), con un rendimento medio dello 0,46%. La domanda ha raggiunto un picco di circa 11 miliardi di Euro da investitori istituzionali di qualit\u00e0, confermando l\u2019elevata fiducia degli investitori nel modello di business di EssilorLuxottica e la qualit\u00e0 del suo profilo di credito. I proventi di questa emissione permetteranno di finanziare le generali finalit\u00e0 aziendali. Le obbligazioni saranno quotate su Euronext Paris alla data del regolamento, attesa per il 5 giugno 2020.<\/p>\n<p>&nbsp;<\/p>\n<p>&nbsp;<\/p>\n<p>&nbsp;<\/p>\n<hr \/>\n<p>&nbsp;<\/p>\n<blockquote class=\"wp-embedded-content\" data-secret=\"vE8Tz0sMs5\"><p><a href=\"https:\/\/www.radiopiu.net\/wordpress\/it-341-425-ex-strada-203-agordina-accanto-al-cordevole-due-anni-dopo-vaia-sempre-in-condizioni-disastrate\/\">EX STRADA 203 AGORDINA ACCANTO AL CORDEVOLE, DUE ANNI DOPO VAIA SEMPRE IN CONDIZIONI DISASTRATE<\/a><\/p><\/blockquote>\n<p><iframe loading=\"lazy\" title=\"&#8220;EX STRADA 203 AGORDINA ACCANTO AL CORDEVOLE, DUE ANNI DOPO VAIA SEMPRE IN CONDIZIONI DISASTRATE&#8221; &#8212; Radio Pi\u00f9\" class=\"wp-embedded-content\" sandbox=\"allow-scripts\" security=\"restricted\" style=\"position: absolute; clip: rect(1px, 1px, 1px, 1px);\" src=\"https:\/\/www.radiopiu.net\/wordpress\/it-341-425-ex-strada-203-agordina-accanto-al-cordevole-due-anni-dopo-vaia-sempre-in-condizioni-disastrate\/embed\/#?secret=vE8Tz0sMs5\" data-secret=\"vE8Tz0sMs5\" width=\"600\" height=\"338\" frameborder=\"0\" marginwidth=\"0\" marginheight=\"0\" scrolling=\"no\"><\/iframe><\/p>\n<p>&nbsp;<\/p>\n<hr \/>\n<p>&nbsp;<\/p>\n<p>&nbsp;<\/p>\n<blockquote>\n<h3>DAL 3 GIUGNO RIAPRIRANNO I CONFINI REGIONALI? LA SARDEGNA DICE NO, PIEMONTE, LOMBARDIA E LIGURIA IN FORSE ED IL GOVERNO AMMONISCE &#8220;IMPUGNEREMO GLI ATTI DI CHIUSURA&#8221;. L&#8217;AUSTRIA SCONSIGLIA L&#8217;ITALIA COME META TURISTICA E CHI NON ASCOLTA QUANDO RITORNERA&#8217; IN PATRIA SARA&#8217; SOTTOPOSTO A QUARANTENA. LA SVIZZERA NON APRE AGLI ITALIANI COSI&#8217; COME LA CROAZIA. SARA&#8217; UN FINE SETTIMANA DI ATTESA PER LE PAGELLE SANITARIE E PER IL NUOVO DPCM. INTANTO NEL VENETO E IN PROVINCIA DI BELLUNO SCENDONO I CONTAGI, MASCHERINE OBBLIGATORIE ALMENO FINO A META&#8217; GIUGNO. ANCHE CINEMA E DISCOTECHE DOVRANNO ATTENDERE PER RIAPRIRE,\u00a0 ALMENO FINO ALLA META&#8217; DEL PROSSIMO MESE. IL CONSIGLIO REGIONALE HA DECISO ALL&#8217;UNANIMITA&#8217;: SI ALLA COMMISSIONE D&#8217;INCHIESTA PER LE STRAGI NELLE CASE DI RIPOSO ALLA RICERCA DI VERITA&#8217;, TRASPARENZA, EVENTUALI ERRORI E SUGGERIMENTI CON L&#8217;AUSILIO DI ESPERTI.<\/h3>\n<\/blockquote>\n<p><strong>di Mirko Mezzacasa\u00a0<\/strong><\/p>\n<p>I sorrisi non si vedono perch\u00e9 nascosti dalla mascherina ma lo assicuriamo ci sono, non potrebbe essere altrimenti a cento giorni dall&#8217;inizio della guerra contro il covid19 che ci ha cambiato la vita. Sorrisi non solo di speranza ma di ottimismo perch\u00e9 da giorni tutte le curve puntano con decisione verso il basso, verso lo zero, dai contagi ai dimessi in ospedale, dal calo delle persone in isolamento domiciliare ai pazienti che quotidianamente escono dalle terapie intensive. Le cautele sono sempre e comunque necessarie anche e soprattutto negli ospedali dove da almeno due settimane non ci sono pi\u00f9 casi di personale sanitario soggetto a contagio. In corsia da quando gli ospedali sono stati &#8220;riaperti&#8221; si entra per percorsi obbligati dopo aver misurato la temperatura, i degenti vengono invece sottoposti a tampone. Strette che non saranno allentate di sicuro fino al 15 giugno poi si vedr\u00e0. A proposito di ospedali, quello del Qatar donato dagli emirati Arabi, portato in Italia con 7 aerei e una cinquantina di container ad oggi\u00a0 non serve a nulla. Infatti dopo i grandi elogi ai donatori sono partite le richieste:<em> &#8220;Quando ci inviate i letti e le attrezzature che mancano &#8211; ha detto il presidente Luca Zaia &#8211; ad oggi altro non \u00e8 che un grande tendone vuoto, climatizzato, ma inservibile senza le relative attrezzature&#8221;.\u00a0 <\/em>Ieri un&#8217;altra protesta, quella degli agenti di viaggio che hanno sfilato lungo il Canal Grande e davanti al Palazzo della\u00a0 Regione con tanto di trolley mettendo in evidenza la grande crisi che penalizza un settore che non ha ricevuto alcun aiuto. Gli operatori turistici sono preoccupati, il futuro non \u00e8 promettente \u00e8 di ieri tra l&#8217;altro la notizia che il premier austriaco Sebastian Kurz ha ammonito gli austriaci <em>&#8220;Se andrete in vacanza in Italia al ritorno dovrete sottoporvi alla quarantena obbligatoria&#8221;.<\/em> Anche la Svizzera esclude l&#8217;apertura all&#8217;Italia dal 3 giugno e sconsiglia i viaggi ai suoi cittadini verso il Bel Paese e la riapertura potrebbe slittare al 6 luglio. La Croazia ha riaperto le frontiere a 10 Paesi europei ma non agli italiani. La bella notizia: La Cina sblocca i voli per l&#8217;Italia. Sar\u00e0 comunque un fine settimana importante, oggi arrivano le pagelle sanitarie ed uscir\u00e0 il nuovo decreto con le riaperture dei confini regionali per tutti oppure Lombardia, Piemonte e Liguria attenderanno ancora? La Sardegna esige il passaporto sanitario che il Governo definisce incostituzionale e intanto gli enti locali chiedono risorse al Governo come ha fatto ieri sera il consiglio comunale di Agordo per la Tosap ad esempio cancellata per i prossimi 6 mesi <em>&#8220;Con la speranza che da Roma arrivino aiuti concreti&#8221;<\/em> ha detto l&#8217;assessore la bilancio e alle attivit\u00e0 produttive Claudio Sito. <strong>IN VENETO<\/strong>\u00a0<strong>I NUMERI.<\/strong> 10 nuovi casi di positivi\u00a0 \u00a0(mercoledi 10) da inizio epidemia 19127 (+10),\u00a0 attualmente positivi 1949\u00a0 (- 241),\u00a0 negativizzati\/guariti 15275\u00a0 (+246)\u00a0 in isolamento domiciliare 2142 (-103) ricoverati 471 (-7), in ospedale 414 (- 20) , ospedali di comunit\u00e0\u00a0 57 (-5), terapia intensiva 32\u00a0 (-2\u00a0 \u00a0 \u00a0 7 positivi,\u00a0 25 negativi),\u00a0 dimessi 3626 (+25) , decessi ospedale 1408 (5) , totale decessi 1903\u00a0 (5). <strong>In provincia di Belluno<\/strong>. casi positivi\u00a0 -1 ( mercoledi 1) dal 21 febbraio 1165\u00a0 (-1), attualmente positivi 128\u00a0 (-23), deceduti 110 (0),\u00a0 negativizzati\/guariti 927 (+22), in isolamento domiciliare 326\u00a0 (-18), ricoverati ospedale San Martino 10 (0) , terapia intensiva 0 (0) , ospedale di Comunit\u00e0 di Belluno 0 (0) Agordo 0\u00a0 (0<\/p>\n<p>&nbsp;<\/p>\n<p>I GRAFICI DI TIZIANO DE COL<\/p>\n<p><a class=\"dt-pswp-item\" href=\"https:\/\/www.radiopiu.net\/wordpress\/wp-content\/uploads\/2020\/05\/34628263-6985-4ee1-a839-66c3e5ea0129.jpg\" data-dt-img-description=\"\" data-large_image_width=\"480\" data-large_image_height=\"289\"><img loading=\"lazy\" decoding=\"async\" class=\"alignnone size-medium wp-image-141150\" src=\"https:\/\/www.radiopiu.net\/wordpress\/wp-content\/uploads\/2020\/05\/34628263-6985-4ee1-a839-66c3e5ea0129-300x181.jpg\" alt=\"\" width=\"300\" height=\"181\" srcset=\"https:\/\/www.radiopiu.net\/wordpress\/wp-content\/uploads\/2020\/05\/34628263-6985-4ee1-a839-66c3e5ea0129-300x181.jpg 300w, https:\/\/www.radiopiu.net\/wordpress\/wp-content\/uploads\/2020\/05\/34628263-6985-4ee1-a839-66c3e5ea0129.jpg 480w\" sizes=\"auto, (max-width: 300px) 100vw, 300px\" \/><\/a><a class=\"dt-pswp-item\" href=\"https:\/\/www.radiopiu.net\/wordpress\/wp-content\/uploads\/2020\/05\/d16342f2-9184-489b-a856-bfda71c09186.jpg\" data-dt-img-description=\"\" data-large_image_width=\"480\" data-large_image_height=\"289\"><img loading=\"lazy\" decoding=\"async\" class=\"alignnone size-medium wp-image-141151\" src=\"https:\/\/www.radiopiu.net\/wordpress\/wp-content\/uploads\/2020\/05\/d16342f2-9184-489b-a856-bfda71c09186-300x181.jpg\" alt=\"\" width=\"300\" height=\"181\" srcset=\"https:\/\/www.radiopiu.net\/wordpress\/wp-content\/uploads\/2020\/05\/d16342f2-9184-489b-a856-bfda71c09186-300x181.jpg 300w, https:\/\/www.radiopiu.net\/wordpress\/wp-content\/uploads\/2020\/05\/d16342f2-9184-489b-a856-bfda71c09186.jpg 480w\" sizes=\"auto, (max-width: 300px) 100vw, 300px\" \/><\/a><\/p>\n<p><a class=\"dt-pswp-item\" href=\"https:\/\/www.radiopiu.net\/wordpress\/wp-content\/uploads\/2020\/05\/58b4512d-dcca-49bf-b0cc-7821de4649a7.jpg\" data-dt-img-description=\"\" data-large_image_width=\"826\" data-large_image_height=\"289\"><img loading=\"lazy\" decoding=\"async\" class=\"alignnone size-medium wp-image-141153\" src=\"https:\/\/www.radiopiu.net\/wordpress\/wp-content\/uploads\/2020\/05\/58b4512d-dcca-49bf-b0cc-7821de4649a7-300x105.jpg\" alt=\"\" width=\"300\" height=\"105\" srcset=\"https:\/\/www.radiopiu.net\/wordpress\/wp-content\/uploads\/2020\/05\/58b4512d-dcca-49bf-b0cc-7821de4649a7-300x105.jpg 300w, https:\/\/www.radiopiu.net\/wordpress\/wp-content\/uploads\/2020\/05\/58b4512d-dcca-49bf-b0cc-7821de4649a7-768x269.jpg 768w, https:\/\/www.radiopiu.net\/wordpress\/wp-content\/uploads\/2020\/05\/58b4512d-dcca-49bf-b0cc-7821de4649a7.jpg 826w\" sizes=\"auto, (max-width: 300px) 100vw, 300px\" \/><\/a><a class=\"dt-pswp-item\" href=\"https:\/\/www.radiopiu.net\/wordpress\/wp-content\/uploads\/2020\/05\/f41b8a95-017a-4e03-b99f-88f7846cb634.jpg\" data-dt-img-description=\"\" data-large_image_width=\"730\" data-large_image_height=\"289\"><img loading=\"lazy\" decoding=\"async\" class=\"alignnone size-medium wp-image-141152\" src=\"https:\/\/www.radiopiu.net\/wordpress\/wp-content\/uploads\/2020\/05\/f41b8a95-017a-4e03-b99f-88f7846cb634-300x119.jpg\" alt=\"\" width=\"300\" height=\"119\" srcset=\"https:\/\/www.radiopiu.net\/wordpress\/wp-content\/uploads\/2020\/05\/f41b8a95-017a-4e03-b99f-88f7846cb634-300x119.jpg 300w, https:\/\/www.radiopiu.net\/wordpress\/wp-content\/uploads\/2020\/05\/f41b8a95-017a-4e03-b99f-88f7846cb634.jpg 730w\" sizes=\"auto, (max-width: 300px) 100vw, 300px\" \/><\/a><\/p>\n<p>&nbsp;<\/p>\n<p>&nbsp;<\/p>\n<p>&nbsp;<\/p>\n<p>&nbsp;<\/p>\n<hr \/>\n<p>&nbsp;<\/p>\n<blockquote class=\"wp-embedded-content\" data-secret=\"arNLaafAzO\"><p><a href=\"https:\/\/www.radiopiu.net\/wordpress\/coronavirus-aggiornamento-nazionale-28-maggio\/\">CORONAVIRUS: AGGIORNAMENTO NAZIONALE 28 MAGGIO<\/a><\/p><\/blockquote>\n<p><iframe loading=\"lazy\" title=\"&#8220;CORONAVIRUS: AGGIORNAMENTO NAZIONALE 28 MAGGIO&#8221; &#8212; Radio Pi\u00f9\" class=\"wp-embedded-content\" sandbox=\"allow-scripts\" security=\"restricted\" style=\"position: absolute; clip: rect(1px, 1px, 1px, 1px);\" src=\"https:\/\/www.radiopiu.net\/wordpress\/coronavirus-aggiornamento-nazionale-28-maggio\/embed\/#?secret=arNLaafAzO\" data-secret=\"arNLaafAzO\" width=\"600\" height=\"338\" frameborder=\"0\" marginwidth=\"0\" marginheight=\"0\" scrolling=\"no\"><\/iframe><\/p>\n<p>&nbsp;<\/p>\n<hr \/>\n<p>&nbsp;<\/p>\n<blockquote class=\"wp-embedded-content\" data-secret=\"S3NESZqkEd\"><p><a href=\"https:\/\/www.radiopiu.net\/wordpress\/27-maggio\/\">BOLLETTINO DELLE 17: GLI ATTUALMENTE POSITIVI SOTTO I 2000, OLTRE 240 GUARITI, 103 FUORI DALL&#8217;ISOLAMENTO, DIMEZZANO I DECESSI RISPETTO AD UNA SETTIMANA FA E AUMENTANO I DIMESSI<\/a><\/p><\/blockquote>\n<p><iframe loading=\"lazy\" title=\"&#8220;BOLLETTINO DELLE 17: GLI ATTUALMENTE POSITIVI SOTTO I 2000, OLTRE 240 GUARITI, 103 FUORI DALL&#8217;ISOLAMENTO, DIMEZZANO I DECESSI RISPETTO AD UNA SETTIMANA FA E AUMENTANO I DIMESSI&#8221; &#8212; Radio Pi\u00f9\" class=\"wp-embedded-content\" sandbox=\"allow-scripts\" security=\"restricted\" style=\"position: absolute; clip: rect(1px, 1px, 1px, 1px);\" src=\"https:\/\/www.radiopiu.net\/wordpress\/27-maggio\/embed\/#?secret=S3NESZqkEd\" data-secret=\"S3NESZqkEd\" width=\"600\" height=\"338\" frameborder=\"0\" marginwidth=\"0\" marginheight=\"0\" scrolling=\"no\"><\/iframe><\/p>\n<p>&nbsp;<\/p>\n<hr \/>\n<p>&nbsp;<\/p>\n<p><strong><a class=\"dt-pswp-item\" href=\"https:\/\/www.radiopiu.net\/wordpress\/wp-content\/uploads\/2020\/03\/covid-bottacin.jpg\" data-dt-img-description=\"\" data-large_image_width=\"800\" data-large_image_height=\"600\"><img loading=\"lazy\" decoding=\"async\" class=\"size-medium wp-image-122521 alignleft\" src=\"https:\/\/www.radiopiu.net\/wordpress\/wp-content\/uploads\/2020\/03\/covid-bottacin-300x225.jpg\" alt=\"\" width=\"300\" height=\"225\" srcset=\"https:\/\/www.radiopiu.net\/wordpress\/wp-content\/uploads\/2020\/03\/covid-bottacin-300x225.jpg 300w, https:\/\/www.radiopiu.net\/wordpress\/wp-content\/uploads\/2020\/03\/covid-bottacin-768x576.jpg 768w, https:\/\/www.radiopiu.net\/wordpress\/wp-content\/uploads\/2020\/03\/covid-bottacin.jpg 800w\" sizes=\"auto, (max-width: 300px) 100vw, 300px\" \/><\/a>L&#8217;ASSESSORE GIANPAOLO BOTTACIN AI MICROFONI DI RADIO PIU&#8217;<\/strong><\/p>\n<audio class=\"wp-audio-shortcode\" id=\"audio-140989-2\" preload=\"none\" style=\"width: 100%;\" controls=\"controls\"><source type=\"audio\/mpeg\" src=\"https:\/\/www.radiopiu.net\/wordpress\/wp-content\/uploads\/2020\/05\/BOTTACIN-28-MAGGIO.mp3?_=2\" \/><a href=\"https:\/\/www.radiopiu.net\/wordpress\/wp-content\/uploads\/2020\/05\/BOTTACIN-28-MAGGIO.mp3\">https:\/\/www.radiopiu.net\/wordpress\/wp-content\/uploads\/2020\/05\/BOTTACIN-28-MAGGIO.mp3<\/a><\/audio>\n<p>&nbsp;<\/p>\n<p>&nbsp;<\/p>\n<blockquote>\n<h3>TANTI CANTIERI POST VAIA DAL CADORE ALL&#8217;AGORDINO, IL PIU&#8217; &#8220;VISIBILE&#8221; E&#8217; QUELLO DI LAMBIOI (AUDIO)<\/h3>\n<\/blockquote>\n<p><em><strong>Piave: si riparte con altri 4 milioni di euro di lavori nell\u2019area di Lambioi e nella zona di confluenza con l\u2019Ardo a Belluno citt\u00e0<\/strong><\/em><\/p>\n<div dir=\"auto\"><a class=\"dt-pswp-item\" href=\"https:\/\/www.radiopiu.net\/wordpress\/wp-content\/uploads\/2020\/05\/100733876_10157342740047544_1362137388888883200_o.jpg\" data-dt-img-description=\"\" data-large_image_width=\"1280\" data-large_image_height=\"960\"><img loading=\"lazy\" decoding=\"async\" class=\" wp-image-141054 alignleft\" src=\"https:\/\/www.radiopiu.net\/wordpress\/wp-content\/uploads\/2020\/05\/100733876_10157342740047544_1362137388888883200_o-300x225.jpg\" alt=\"\" width=\"256\" height=\"193\" srcset=\"https:\/\/www.radiopiu.net\/wordpress\/wp-content\/uploads\/2020\/05\/100733876_10157342740047544_1362137388888883200_o-300x225.jpg 300w, https:\/\/www.radiopiu.net\/wordpress\/wp-content\/uploads\/2020\/05\/100733876_10157342740047544_1362137388888883200_o-1024x768.jpg 1024w, https:\/\/www.radiopiu.net\/wordpress\/wp-content\/uploads\/2020\/05\/100733876_10157342740047544_1362137388888883200_o-768x576.jpg 768w, https:\/\/www.radiopiu.net\/wordpress\/wp-content\/uploads\/2020\/05\/100733876_10157342740047544_1362137388888883200_o.jpg 1280w\" sizes=\"auto, (max-width: 256px) 100vw, 256px\" \/><\/a>Dopo i lavori di sistemazione idraulica completati durante l\u2019inverno e curati dalla struttura regionale del Genio Civile di Belluno, con cui \u00e8 stato realizzato un importante intervento di ripristino delle fondazioni delle opere di difesa esistenti oltre che il rifacimento di una soglia di fondo, e per i quali sono\u00a0 gi\u00e0\u00a0 stati investiti 2.380.000 euro, ecco in avvio la seconda fase di interventi non solo per il completo ripristino dei danni post Vaia, ma anche e soprattutto per un aumento della mitigazione del rischio delle aree coinvolte. L&#8217;assessorato alla Protezione Civile della Regione ha\u00a0 messo a disposizione del Genio Civile ulteriori 3 milioni di euro per la sistemazione delle opere di difesa idraulica ricadenti all\u2019interno del tratto del fiume sacro alla Patria compreso tra la localit\u00e0 di Borgo Piave, nella confluenza col torrente Ardo, e la localit\u00e0 di Lambioi. In particolare a Borgo Piave la progettazione indagher\u00e0 le possibili soluzioni finalizzate all\u2019adeguamento del franco di sicurezza idraulico del tratto arginato in sponda destra e al consolidamento dello stesso. Immediatamente a valle ulteriore progettazione per altri 1.040.000 euro anche in questo caso a favore del Genio Civile, che consentir\u00e0 di completare la messa in sicurezza di tutto il tratto a monte del Borgo. Tali interventi si coordinano inoltre con quello per la realizzazione di un cavaliere d\u2019argine per lo scarico delle acque di fognatura bianca anche durante la piena del fiume con richiesta di inserimento al Dipartimento nazionale della Protezione Civile nel piano delle opere 2020 proposto dalla Regione, gi\u00e0 finanziato il Comune di Belluno con 300mila euro.<\/div>\n<div dir=\"auto\"><\/div>\n<div dir=\"auto\"><\/div>\n<div dir=\"auto\"><\/div>\n<hr \/>\n<p>&nbsp;<\/p>\n<p>&nbsp;<\/p>\n<blockquote>\n<h3>DATI E GRAFICI DEL GIORNO, PROVINCIA \u2013 REGIONE 28 MAGGIO 2020<\/h3>\n<\/blockquote>\n<p><strong>Con la collaborazione di Tiziano De Col<\/strong><\/p>\n<p><a class=\"dt-pswp-item\" href=\"https:\/\/www.radiopiu.net\/wordpress\/wp-content\/uploads\/2020\/05\/Schermata-2020-05-28-alle-20.26.26.png\" data-dt-img-description=\"\" data-large_image_width=\"810\" data-large_image_height=\"448\"><img loading=\"lazy\" decoding=\"async\" class=\"alignnone size-medium wp-image-141134\" src=\"https:\/\/www.radiopiu.net\/wordpress\/wp-content\/uploads\/2020\/05\/Schermata-2020-05-28-alle-20.26.26-300x166.png\" alt=\"\" width=\"300\" height=\"166\" srcset=\"https:\/\/www.radiopiu.net\/wordpress\/wp-content\/uploads\/2020\/05\/Schermata-2020-05-28-alle-20.26.26-300x166.png 300w, https:\/\/www.radiopiu.net\/wordpress\/wp-content\/uploads\/2020\/05\/Schermata-2020-05-28-alle-20.26.26-768x425.png 768w, https:\/\/www.radiopiu.net\/wordpress\/wp-content\/uploads\/2020\/05\/Schermata-2020-05-28-alle-20.26.26.png 810w\" sizes=\"auto, (max-width: 300px) 100vw, 300px\" \/><\/a><a class=\"dt-pswp-item\" href=\"https:\/\/www.radiopiu.net\/wordpress\/wp-content\/uploads\/2020\/05\/b491953e-46a3-491e-80b9-ac41fa710ae4.jpg\" data-dt-img-description=\"\" data-large_image_width=\"600\" data-large_image_height=\"353\"><img loading=\"lazy\" decoding=\"async\" class=\"alignnone size-medium wp-image-141135\" src=\"https:\/\/www.radiopiu.net\/wordpress\/wp-content\/uploads\/2020\/05\/b491953e-46a3-491e-80b9-ac41fa710ae4-300x177.jpg\" alt=\"\" width=\"300\" height=\"177\" srcset=\"https:\/\/www.radiopiu.net\/wordpress\/wp-content\/uploads\/2020\/05\/b491953e-46a3-491e-80b9-ac41fa710ae4-300x177.jpg 300w, https:\/\/www.radiopiu.net\/wordpress\/wp-content\/uploads\/2020\/05\/b491953e-46a3-491e-80b9-ac41fa710ae4.jpg 600w\" sizes=\"auto, (max-width: 300px) 100vw, 300px\" \/><\/a><a class=\"dt-pswp-item\" href=\"https:\/\/www.radiopiu.net\/wordpress\/wp-content\/uploads\/2020\/05\/d0e0f21e-d690-4c00-b979-d90d141f01e4.jpg\" data-dt-img-description=\"\" data-large_image_width=\"632\" data-large_image_height=\"373\"><img loading=\"lazy\" decoding=\"async\" class=\"alignnone size-medium wp-image-141136\" src=\"https:\/\/www.radiopiu.net\/wordpress\/wp-content\/uploads\/2020\/05\/d0e0f21e-d690-4c00-b979-d90d141f01e4-300x177.jpg\" alt=\"\" width=\"300\" height=\"177\" srcset=\"https:\/\/www.radiopiu.net\/wordpress\/wp-content\/uploads\/2020\/05\/d0e0f21e-d690-4c00-b979-d90d141f01e4-300x177.jpg 300w, https:\/\/www.radiopiu.net\/wordpress\/wp-content\/uploads\/2020\/05\/d0e0f21e-d690-4c00-b979-d90d141f01e4.jpg 632w\" sizes=\"auto, (max-width: 300px) 100vw, 300px\" \/><\/a><\/p>\n<p>&nbsp;<\/p>\n<p>&nbsp;<\/p>\n<hr \/>\n<p>&nbsp;<\/p>\n<p>&nbsp;<\/p>\n<h2>LEGGI LA CONFERENZA DI LUCA ZAIA<\/h2>\n<p>Non male il resoconto dei dati del Veneto anche se la data importante rimane quella del 15 giugno. Respirano le terapie intensive, non ci sono nuovi ricoveri e non sono nemmeno esplosi i contagi. Questa mattina nella riunione con i direttore generali abbiamo dialogato sui tamponi confermando che si va avanti fino alla met\u00e0 del prossimo mese. Tutto fa pensare si vada verso una tenuta e stiamo anche implementando la sperimentazione dei pool provette per eseguire le analisi richieste. <strong>DONAZIONI<\/strong> mancano 328 mila euro per arrivare ai 58 milioni. <strong>OSPEDALI<\/strong> Si va verso la normalizzazione degli ospedali, riapriremo anche il punto nascite di Asiago. Anche gli ambulatori puntano alla normalit\u00e0 pre covid. L&#8217;immagine del pronto soccorso non sar\u00e0 pi\u00f9 quella di prima: saremo preparati ad eventuali nuove pandemie ed epidemie Ogni persona che accede all&#8217;ospedale come degente sar\u00e0 tamponata e adegueremo le strutture con percorsi separati. <strong>NUOVI SPOT<\/strong> Oggi la Regione ha presentato 3 nuovi spot. <strong>CASSA INTEGRAZIONE<\/strong> Zaia informa di aver parlato con il direttore dell&#8217;Inps regionale che conferma come il Veneto sia la prima regione per il pagamento della cassa integrazione (84%), ieri protestavano i marittimi ma per loro non risponde l&#8217;inps regionale bens\u00ec quello nazionale, una partita che Zaia auspica si sblocchi in fretta. <strong>OSPEDALE DE QATAR<\/strong> Rester\u00e0 montato fino al passaggio di una eventuale seconda ondata di epidemia. Per ora \u00e8 un tendone vuoto,\u00a0 ci hanno chiesto l&#8217;elenco del necessario, devono arrivare posti letto e attrezzature anche per le terapie intensive. <strong>SPOSTAMENTI TRA REGIONI<\/strong> tra Regioni dal 3 giugno con quali regole? Questo compete al Governo, \u00e8 probabile che ci sar\u00e0 un Dpcm per l&#8217;apertura dei confini regionali, in virt\u00f9 dei dati sul contagio. Noi abbiamo stipulato accordi territoriali, auspico che la riapertura sia regolamentata a livello comunitario. La Svizzera ha emanato l&#8217;apertura per il 6 giugno ma per l&#8217;Italia resta chiusa. <strong>ELEZIONI<\/strong> Non si dica che c&#8217;\u00e8 stato un accordo con le Regioni perch\u00e9 non \u00e8 mai stato fatto, noi continuiamo a dire di farle quanto prima che si vada a votare al massimo alla fine di luglio periodo tranquillo dal punto di vista sanitario. Questa notte in video conferenza\u00a0 tra presidenti e il Ministro Luciana Lamorgese ci sono state discussioni forti perch\u00e9 manca l&#8217;accordo tra le istituzioni. Abbiamo scritto a Mattarella che conosce la vicenda, ne ho parlato anch&#8217;io al garante di una Costituzione che non viene rispettate. L&#8217;articolo 63 prevede la sospensione delle elezioni in caso di guerra, prendiamo atto che abbiamo inaugurato questo articolo con il coronavirus. E&#8217; un fatto grave che non venga data risposta alle Regioni. La tensione \u00e8 alta, potrebbe saltare anche il tavolo della Conferenza Stato-Regioni. Questo non \u00e8 un dibattito, \u00e8 una questione inerente alla Costituzione. Comunque attendiamo risposte. <strong>A PROPOSITO DI EUROPA<\/strong> Non ho ben capito come funziona l&#8217;erogazione dei contributi e quali siano i vincoli. Da mesi sentiamo parlare di mega interventi ma nei conti della Regione non ho visto nulla. <strong>TURISMO<\/strong> <strong>GLI ALBERGHI NON RIAPRONO E NON SI VEDONO GLI OMBRELLONI, MA NON ERA URGENTE? <\/strong>Gli operatori sono preoccupati delle disdette della austriaci dopo che il Premier Sebastian Kurz da informazioni che chi viene in Italia al ritorno deve fare la quarantena ed \u00e8 il primo guaio. Io sono fiducioso anche se le difficolt\u00e0 non mancano. Noi abbiamo permesso da subito le riaperture, non so se qualcuno fa il delicato ma fino a ieri ci dicevano non importa se non arriva ancora il turista intanto dobbiamo mettere gli ombrelloni. Mi rifiuto di pensare che si passi l&#8217;estate con le spiagge chiuse, ma il vero tema \u00e8 l&#8217;apertura delle frontiere con la Germania, la Russia, il Nord Europa, il 23% del turismo veneto \u00e8 tedesco, capite bene quale perdita abbiamo. E aggiungiamo russi, inglesi, danesi. A noi servono i turisti. Una Schengen sanitaria? Credo che dovrebbe operare il commissario agli Esteri e quello alla Salute e attivare una messa in sicurezza sanitaria, manca\u00a0 il coordinamento fra Stati. <strong>RIAPRONO I CENTRI ESTIVI?<\/strong> Noi vogliamo aprire gi\u00e0 luned\u00ec, si sta muovendo qualcosa a Roma, spero che in 24-48 ci siano i dovuti chiarimenti.<strong> FINO A QUANDO MASCHERINA E DISTANZIAMENTO?<\/strong> Devo firmare un&#8217;ordinanza prima del 1 giugno anche per la partita della terme. La stiamo scrivendo anzi \u00e8 scritta all&#8217;80 per cento, se non e&#8217; domani la firmo sabato. <strong>CRISANTI-ZAIA E&#8217; SCONTRO<\/strong> Dopo l&#8217;inervista del Fatto ho scritto al dottor Andrea Crisanti, dicendo che il titolo che hanno messo \u00e8 una frase\u00a0 che non ho mai detto. Mi dispiace per queste polemiche,\u00a0 Crisanti ha fatto la differenza dal punto di vista microbiologico e ci ha dato idee sui tamponi, su Vo&#8217;, sui macchinari. Attribuire meriti anche agli altri non credo che sia una colpa.<\/p>\n<h2><\/h2>\n<h2>VIDEO TRE<\/h2>\n<p>https:\/\/www.facebook.com\/zaiaufficiale\/videos\/197722447970034\/<\/p>\n<h2><\/h2>\n<h2>VIDEO 2<\/h2>\n<p>https:\/\/www.facebook.com\/zaiaufficiale\/videos\/652556738925750\/<\/p>\n<h2><\/h2>\n<h2>VIDEO 1<\/h2>\n<p>https:\/\/www.facebook.com\/zaiaufficiale\/videos\/1124873697876501\/<\/p>\n<p>&nbsp;<\/p>\n<hr \/>\n<p>&nbsp;<\/p>\n<p>&nbsp;<\/p>\n<blockquote>\n<h3>&#8220;DE COCCIO&#8221;: MERCOLEDI UNA SANZIONE<\/h3>\n<\/blockquote>\n<p><strong>BELLUNO<\/strong> 441 persone controllate e una sanzione. Questo \u00e8 il dato trasmesso dalla Prefettura di Belluno in base ai controlli delle Forze dell&#8217;Ordine per il contenimento del virus Covid-19. Nei primi 3 giorni della settimana sono 1479 le persone controllate, 6 sanzioni inflitte e una denuncia. Continuano i monitoraggi delle attivit\u00e0 commerciali. Nessuna sanzione o chiusura dopo 392 esercizi controllati.<\/p>\n<p><a class=\"dt-pswp-item\" href=\"https:\/\/www.radiopiu.net\/wordpress\/wp-content\/uploads\/2020\/05\/MONITORAGGIO_GIORNALIERO_DEI_SERVIZI_DI_CONTROLLO_DEL_27.05.2020.jpg\" data-dt-img-description=\"\" data-large_image_width=\"1240\" data-large_image_height=\"1754\"><img loading=\"lazy\" decoding=\"async\" class=\"alignnone wp-image-141031 \" src=\"https:\/\/www.radiopiu.net\/wordpress\/wp-content\/uploads\/2020\/05\/MONITORAGGIO_GIORNALIERO_DEI_SERVIZI_DI_CONTROLLO_DEL_27.05.2020-724x1024.jpg\" alt=\"\" width=\"283\" height=\"400\" srcset=\"https:\/\/www.radiopiu.net\/wordpress\/wp-content\/uploads\/2020\/05\/MONITORAGGIO_GIORNALIERO_DEI_SERVIZI_DI_CONTROLLO_DEL_27.05.2020-724x1024.jpg 724w, https:\/\/www.radiopiu.net\/wordpress\/wp-content\/uploads\/2020\/05\/MONITORAGGIO_GIORNALIERO_DEI_SERVIZI_DI_CONTROLLO_DEL_27.05.2020-212x300.jpg 212w, https:\/\/www.radiopiu.net\/wordpress\/wp-content\/uploads\/2020\/05\/MONITORAGGIO_GIORNALIERO_DEI_SERVIZI_DI_CONTROLLO_DEL_27.05.2020-768x1086.jpg 768w, https:\/\/www.radiopiu.net\/wordpress\/wp-content\/uploads\/2020\/05\/MONITORAGGIO_GIORNALIERO_DEI_SERVIZI_DI_CONTROLLO_DEL_27.05.2020-1086x1536.jpg 1086w, https:\/\/www.radiopiu.net\/wordpress\/wp-content\/uploads\/2020\/05\/MONITORAGGIO_GIORNALIERO_DEI_SERVIZI_DI_CONTROLLO_DEL_27.05.2020.jpg 1240w\" sizes=\"auto, (max-width: 283px) 100vw, 283px\" \/><\/a><\/p>\n<p>&nbsp;<\/p>\n<p>&nbsp;<\/p>\n<hr \/>\n<p>&nbsp;<\/p>\n<blockquote>\n<h3>CONTROLLI &#8220;MOVIDA&#8221;<\/h3>\n<\/blockquote>\n<p><strong><a class=\"dt-pswp-item\" href=\"https:\/\/www.radiopiu.net\/wordpress\/wp-content\/uploads\/2020\/05\/BAR.jpg\" data-dt-img-description=\"\" data-large_image_width=\"1920\" data-large_image_height=\"1280\"><img loading=\"lazy\" decoding=\"async\" class=\"size-medium wp-image-141111 alignleft\" src=\"https:\/\/www.radiopiu.net\/wordpress\/wp-content\/uploads\/2020\/05\/BAR-300x200.jpg\" alt=\"\" width=\"300\" height=\"200\" srcset=\"https:\/\/www.radiopiu.net\/wordpress\/wp-content\/uploads\/2020\/05\/BAR-300x200.jpg 300w, https:\/\/www.radiopiu.net\/wordpress\/wp-content\/uploads\/2020\/05\/BAR-1024x683.jpg 1024w, https:\/\/www.radiopiu.net\/wordpress\/wp-content\/uploads\/2020\/05\/BAR-768x512.jpg 768w, https:\/\/www.radiopiu.net\/wordpress\/wp-content\/uploads\/2020\/05\/BAR-1536x1024.jpg 1536w, https:\/\/www.radiopiu.net\/wordpress\/wp-content\/uploads\/2020\/05\/BAR.jpg 1920w\" sizes=\"auto, (max-width: 300px) 100vw, 300px\" \/><\/a>BELLUNO <\/strong><span class=\"s1\">Il distanziamento sociale quale inderogabile parametro per la tutela della salute pubblica, e il conseguente rafforzamento dei controlli nei luoghi della \u201cmovida\u201d finalizzati a evitare assembramenti in luoghi pubblici o aperti al pubblico . Sono queste le principali misure concordate dal Comitato provinciale per l\u2019ordine e la sicurezza pubblica e successivamente trattate in sede di Tavolo tecnico tenutosi in Questura alla presenza dei vertici delle forze di Polizia. Nel corso dell\u2019incontro \u00e8 stata sottolineata la necessit\u00e0 di scongiurare pericolosi assembramenti che, specie nel fine settimana, interessano i luoghi di aggregazione e i locali della \u201cmovida\u201d. Il dispositivo, gi\u00e0 attuato nello scorso weekend, si svolger\u00e0 nelle date del 29 &#8211; 30 maggio e luned\u00ec 1 giugno, il quale vedr\u00e0 in campo un significativo dispiegamento di Forze dell\u2019ordine (circa 30 unit\u00e0 a giornata ) le quali provvederanno a intensificare i controlli in un\u2019ottica collaborativa e non solo meramente repressiva. Tali servizi saranno attuati contemporaneamente nelle citt\u00e0 di Belluno,<span class=\"Apple-converted-space\">\u00a0 <\/span>Feltre e Cortina d\u2019Ampezzo. Inoltre, come avvenuto per gli scorsi anni, con l\u2019approssimarsi della stagione estiva si ripropone l\u2019annoso problema dei comportamenti imprudenti posti in essere dai motociclisti. A tal fine sono stati predisposti mirati servizi, con pattuglie dedicate, nelle mattine di sabato 30 e domenica 31 maggio, nonch\u00e9 di luned\u00ec 1 e marted\u00ec 2 giugno. Decisivo sar\u00e0, a riguardo, il responsabile atteggiamento dei cittadini Bellunesi i quali hanno interpretato al meglio le prescrizioni imposte dalla \u201cfase 1\u201d dell\u2019emergenza pandemica.<\/span><\/p>\n<p>&nbsp;<\/p>\n<p>&nbsp;<\/p>\n<hr \/>\n<p>&nbsp;<\/p>\n<p>&nbsp;<\/p>\n<blockquote>\n<h3>CORONAVIRUS. ACCORDO TRA REGIONE VENETO E MEDICI PER RICONOSCIMENTO CONCRETO DEGLI SFORZI SOSTENUTI IN EMERGENZA. SUL PIATTO 20,6 MILIONI<\/h3>\n<\/blockquote>\n<p><strong><a class=\"dt-pswp-item\" href=\"https:\/\/www.radiopiu.net\/wordpress\/wp-content\/uploads\/2020\/04\/MANUELA-LANZARIN.jpg\" data-dt-img-description=\"\" data-large_image_width=\"639\" data-large_image_height=\"480\"><img loading=\"lazy\" decoding=\"async\" class=\"size-medium wp-image-133951 alignleft\" src=\"https:\/\/www.radiopiu.net\/wordpress\/wp-content\/uploads\/2020\/04\/MANUELA-LANZARIN-300x225.jpg\" alt=\"\" width=\"300\" height=\"225\" srcset=\"https:\/\/www.radiopiu.net\/wordpress\/wp-content\/uploads\/2020\/04\/MANUELA-LANZARIN-300x225.jpg 300w, https:\/\/www.radiopiu.net\/wordpress\/wp-content\/uploads\/2020\/04\/MANUELA-LANZARIN.jpg 639w\" sizes=\"auto, (max-width: 300px) 100vw, 300px\" \/><\/a>VENEZIA\u00a0<\/strong>E\u2019 stato raggiunto l\u2019accordo tra la Regione del Veneto e le dieci sigle sindacali della dirigenza medica per la ripartizione delle somme messe a disposizione per riconoscere una forma di premialit\u00e0 concreta al personale sanitario da mesi impegnato strenuamente nella lotta al coronavirus e nella cura dei malati. Si tratta complessivamente di risorse per 20 milioni 690 mila euro, che verranno ripartite in 3 fasce professionali, secondo criteri concordati.\u00a0Ne d\u00e0 notizia l\u2019Assessore alla Sanit\u00e0, Manuela Lanzarin.\u00a0\u201c<em>Sono molto soddisfatta di un accordo che ha un significato ben diverso e superiore dal mero aspetto economico \u2013 ha detto la Lanzarin \u2013 e che prevede anche precisi impegni della Regione sul fronte dell\u2019indennit\u00e0 di rischio biologico, del confronto sulla riorganizzazione ospedaliera e territoriale per mantenere in atto tutti i servizi realizzati e attivati durante l\u2019emergenza, della definizione di nuovi standard per il calcolo del fabbisogno di personale medico, sanitario e veterinario. Anche questa volta, alla fine, la squadra della sanit\u00e0 veneta ha saputo dimostrare compattezza e unit\u00e0 d\u2019intenti<\/em>\u201d.\u00a0Le parti hanno concordato di ripartire le risorse attraverso un criterio base: per l\u201980% in relazione al personale della dirigenza dell\u2019Area Sanit\u00e0 in servizio al 31 marzo 2020 in ciascuna Ulss, e per il 20% sulla base dell\u2019incidenza dei ricoveri Covid per azienda registrati nel periodo 2 marzo &#8211; 4 maggio 2020.<\/p>\n<p>&nbsp;<\/p>\n<p>&nbsp;<\/p>\n<hr \/>\n<p>&nbsp;<\/p>\n<blockquote>\n<h3>NEXT GENERATION UE, UNIONE SI MOSTRA SOLIDALE,\u00a015 MILIARDI PER LO SVILUPPO RURALE<\/h3>\n<\/blockquote>\n<p><strong><a class=\"dt-pswp-item\" href=\"https:\/\/www.radiopiu.net\/wordpress\/wp-content\/uploads\/2020\/03\/Herbert-Dorfmann-2.jpg\" data-dt-img-description=\"\" data-large_image_width=\"2000\" data-large_image_height=\"1333\"><img loading=\"lazy\" decoding=\"async\" class=\"size-medium wp-image-125055 alignleft\" src=\"https:\/\/www.radiopiu.net\/wordpress\/wp-content\/uploads\/2020\/03\/Herbert-Dorfmann-2-300x200.jpg\" alt=\"\" width=\"300\" height=\"200\" srcset=\"https:\/\/www.radiopiu.net\/wordpress\/wp-content\/uploads\/2020\/03\/Herbert-Dorfmann-2-300x200.jpg 300w, https:\/\/www.radiopiu.net\/wordpress\/wp-content\/uploads\/2020\/03\/Herbert-Dorfmann-2-1024x682.jpg 1024w, https:\/\/www.radiopiu.net\/wordpress\/wp-content\/uploads\/2020\/03\/Herbert-Dorfmann-2-768x512.jpg 768w, https:\/\/www.radiopiu.net\/wordpress\/wp-content\/uploads\/2020\/03\/Herbert-Dorfmann-2-1536x1024.jpg 1536w, https:\/\/www.radiopiu.net\/wordpress\/wp-content\/uploads\/2020\/03\/Herbert-Dorfmann-2.jpg 2000w\" sizes=\"auto, (max-width: 300px) 100vw, 300px\" \/><\/a>BRUXELLES\u00a0<\/strong>Si chiama \u201cNext Generation EU\u201d il pacchetto da 750 miliardi di euro presentato dalla Commissione Europea per sostenere la ripartenza degli Stati membri dopo il lockdown causato dall&#8217;epidemia da coronavirus.\u00a0Una notizia che viene accolta con grande soddisfazione dall&#8217;europarlamentare del Partito Popolare Europeo, Herbert Dorfmann: \u00ab<em>Dei 750 miliardi, 500 andranno ai paesi sotto forma di sovvenzioni a fondo perduto e 250 sotto forma di prestiti. L&#8217;alta percentuale di sovvenzioni che non devono essere rimborsate dimostra che l&#8217;Unione Europea punta a una ripresa equilibrata ed equa<\/em>\u00bb.\u00a0Un segnale che andr\u00e0 a beneficio soprattutto dei paesi dell&#8217;Europa meridionale duramente colpiti, come l&#8217;Italia e la Spagna: \u00ab<em>Basti pensare \u2013 sottolinea Dorfmann \u2013 che al nostro paese andranno circa 173 miliardi di euro, poco meno di un quarto del fondo complessivo a fronte di 27 membri: 81 miliardi di finanziamenti a fondo perduto e 92 di prestiti<\/em>\u00bb.\u00a0C&#8217;\u00e8 anche un altro aspetto importante da evidenziare: \u00ab<em>Sono previsti 15 miliardi per lo sviluppo rurale: una misura particolarmente importante per i territori montani, come quelli del Bellunese e dell&#8217;arco dolomitico<\/em>\u00bb, sottolinea l&#8217;europarlamentare.\u00a0Soddisfazione ancora pi\u00f9 grande per Dorfmann \u00e8 l&#8217;aver visto realizzata la sua speranza: \u00ab<em>Il Fondo per la ricostruzione \u00e8 inserito in un bilancio UE riveduto a lungo termine e consente alla Commissione di raccogliere 750 miliardi di euro sui mercati finanziari. Insieme all&#8217;aumento del bilancio UE per gli anni 2021-2027, il fondo avr\u00e0 a disposizione circa 1.850 miliardi di euro<\/em>\u00bb, sottolinea l&#8217;eurodeputato, che poche settimane fa aveva espresso le sue perplessit\u00e0 in merito ai \u201ccoronabond\u201d, auspicando invece uno strumento legato al bilancio del Parlamento Europeo, come \u00e8 poi avvenuto.\u00a0\u00ab<em>L&#8217;obiettivo primario del Fondo per la ricostruzione \u00e8 quello di rafforzare l&#8217;economia europea: &#8211; conclude Dorfmann &#8211; l&#8217;attenzione si concentrer\u00e0 sullo sviluppo sostenibile e sulla digitalizzazione. L&#8217;Europa deve uscire sempre pi\u00f9 forte da questa crisi e costruire un futuro sostenibile per la prossima generazione. Si tratta di una buona proposta, che si basa sul principio di solidariet\u00e0 nell&#8217;UE e dimostra che siamo in grado di agire. Confido che gli Stati membri aderiscano rapidamente a questa proposta<\/em>\u00bb<\/p>\n<p>&nbsp;<\/p>\n<p>&nbsp;<\/p>\n<hr \/>\n<p>&nbsp;<\/p>\n<blockquote>\n<h3>CORONAVIRUS, D\u2019INC\u00c0: \u201cCAMBIAMENTO EPOCALE, IL PAESE STA REAGENDO: FONDAMENTALE IL CONFRONTO ISTITUZIONALE\u201d<\/h3>\n<\/blockquote>\n<p><a class=\"dt-pswp-item\" href=\"https:\/\/www.radiopiu.net\/wordpress\/wp-content\/uploads\/2020\/04\/FEDERICO-DINCA.png\" data-dt-img-description=\"\" data-large_image_width=\"1018\" data-large_image_height=\"1290\"><img loading=\"lazy\" decoding=\"async\" class=\"size-medium wp-image-132319 alignleft\" src=\"https:\/\/www.radiopiu.net\/wordpress\/wp-content\/uploads\/2020\/04\/FEDERICO-DINCA-237x300.png\" alt=\"\" width=\"237\" height=\"300\" srcset=\"https:\/\/www.radiopiu.net\/wordpress\/wp-content\/uploads\/2020\/04\/FEDERICO-DINCA-237x300.png 237w, https:\/\/www.radiopiu.net\/wordpress\/wp-content\/uploads\/2020\/04\/FEDERICO-DINCA-808x1024.png 808w, https:\/\/www.radiopiu.net\/wordpress\/wp-content\/uploads\/2020\/04\/FEDERICO-DINCA-768x973.png 768w, https:\/\/www.radiopiu.net\/wordpress\/wp-content\/uploads\/2020\/04\/FEDERICO-DINCA.png 1018w\" sizes=\"auto, (max-width: 237px) 100vw, 237px\" \/><\/a>Il Ministro per i Rapporti con il Parlamento \u00e8 intervenuto alla presentazione del libro \u2018Il mondo che (ri)nasce. La nostra vita dopo la pandemia\u2019 di Andrea Ferrazzi.\u00a0\u201c<em>Stiamo vivendo un cambiamento epocale e, dallo scorso 21 febbraio, abbiamo adottato un nuovo approccio nei confronti della societ\u00e0 e della vita pubblica: in questi mesi difficili ho riflettuto molto sugli effetti del Coronavirus, che ha dato un taglio netto con il mondo che abbiamo lasciato prima della pandemia<\/em>\u201d.\u00a0\u00c8 il commento di Federico D\u2019Inc\u00e0, Ministro per i Rapporti con il Parlamento, intervenuto questo pomeriggio alla presentazione del libro &#8220;Il mondo che (ri)nasce. La nostra vita dopo la pandemia&#8221; curato da Andrea Ferrazzi, direttore generale di Confindustria Belluno Dolomiti.\u00a0Secondo D\u2019Inc\u00e0 \u201c<em>il nostro Paese ha dimostrato una solidit\u00e0 inaspettata da un punto di vista umano e lo ha fatto non solo su s\u00e9 stesso, ma anche a livello europeo. L\u2019Italia \u00e8 stata presa ad esempio da altri Stati nell\u2019affrontare l\u2019emergenza e il Governo si \u00e8 impegnato con le prime due manovre da 80 miliardi di euro per intervenire sia sotto l\u2019aspetto del lavoro, sia per programmare il futuro. Anche in Europa \u00e8 in atto una trasformazione, con un nuovo progetto che dovrebbe portare 172 miliardi al nostro Paese ma soprattutto con una nuova gestione della programmazione europea<\/em>\u201d.\u00a0D\u2019Inc\u00e0 ha poi osservato che \u201cci sar\u00e0 indubbiamente una visione digitale e di innovazione tecnologica su cui il Governo ha gi\u00e0 dimostrato attenzione con un ministero dedicato e ci sar\u00e0 anche una riconversione verso un\u2019energia green su cui questo esecutivo ha dedicato importanti risorse. Non dimentichiamoci, inoltre, l\u2019attenzione nei confronti dei piccoli paesi e delle aree interne, nel loro grande rapporto con le grandi citt\u00e0. E sar\u00e0 determinante una svolta nella burocrazia che inizieremo a risolvere tramite un decreto che risponde ad alcune difficolt\u00e0 strutturali del Paese\u201d.\u00a0Infine, il Ministro D\u2019Inc\u00e0 ha evidenziato come il dialogo istituzionale si sia rivelato decisivo: \u201c<em>Abbiamo fatto passi da gigante grazie a un confronto tra Regioni, Comuni e Stato centrale: un confronto che ci ha fatto capire sia quanto si possa dialogare in fretta, sia come le decisioni si possano prendere in breve tempo. E proprio con il coraggio di realizzare un percorso di confronto, riusciremo a cambiare questo Paes<\/em>e\u201d.<\/p>\n<p>&nbsp;<\/p>\n<p>&nbsp;<\/p>\n<hr \/>\n<p>&nbsp;<\/p>\n<blockquote>\n<h3>EMERGENZA COVID19 &#8211; GRUPPO PD: \u201cS\u00cc ALLA COMMISSIONE D\u2019INCHIESTA SULLE RSA:\u00a0NESSUNO SUL BANCO DEGLI IMPUTATI, INDISPENSABILE CONOSCERE PER MIGLIORARE\u201d<\/h3>\n<\/blockquote>\n<p><strong><a class=\"dt-pswp-item\" href=\"https:\/\/www.radiopiu.net\/wordpress\/wp-content\/uploads\/2018\/11\/PD.png\" data-dt-img-description=\"\" data-large_image_width=\"226\" data-large_image_height=\"182\"><img loading=\"lazy\" decoding=\"async\" class=\"size-full wp-image-67744 alignleft\" src=\"https:\/\/www.radiopiu.net\/wordpress\/wp-content\/uploads\/2018\/11\/PD.png\" alt=\"\" width=\"226\" height=\"182\" \/><\/a>VENEZIA<\/strong> \u201c<em>Con questa commissione d\u2019inchiesta possiamo dare risposte importanti alle vittime e ai loro familiari, ai lavoratori e all\u2019opinione pubblica<\/em>\u201d. \u00c8 quanto afferma Stefano Fracasso, a nome del Partito Democratico a proposito dell\u2019istituzione di una commissione d\u2019inchiesta sulle case di riposo; proposta deliberativa approvata oggi in Consiglio regionale.\u00a0\u201c<em>Non vogliamo mettere nessuno sul banco degli imputati, a partire dai gestori dei Csa che si sono trovati in prima linea con una situazione di enorme difficolt\u00e0 e complessit\u00e0, da fronteggiare con limitate risorse umane. Dobbiamo per\u00f2 ricostruire le misure messe in campo da tutti gli attori: strutture, personale, Ulss, Regione, Governo per dare modo all\u2019assemblea di avere un quadro completo della situazione, conoscere le cose per migliorarle. I centri servizi per anziani sono un ambito assolutamente imprescindibile del sistema sociosanitario veneto, ospitano 30mila persone: \u00e8 doveroso dare risposte ed \u00e8 questo lo spirito con cui intendiamo partecipare ai lavori della commissione<\/em>\u201d.<\/p>\n<p>&nbsp;<\/p>\n<p>&nbsp;<\/p>\n<hr \/>\n<p>&nbsp;<\/p>\n<blockquote>\n<h3>42 MILIONI A DISPOSIZIONE DEI COMUNI CON MENO DI 5000 ABITANTI<\/h3>\n<\/blockquote>\n<p><strong><a class=\"dt-pswp-item\" href=\"https:\/\/www.radiopiu.net\/wordpress\/wp-content\/uploads\/2019\/03\/soldi.jpg\" data-dt-img-description=\"\" data-large_image_width=\"224\" data-large_image_height=\"225\"><img loading=\"lazy\" decoding=\"async\" class=\"size-full wp-image-80013 alignleft\" src=\"https:\/\/www.radiopiu.net\/wordpress\/wp-content\/uploads\/2019\/03\/soldi.jpg\" alt=\"\" width=\"224\" height=\"225\" srcset=\"https:\/\/www.radiopiu.net\/wordpress\/wp-content\/uploads\/2019\/03\/soldi.jpg 224w, https:\/\/www.radiopiu.net\/wordpress\/wp-content\/uploads\/2019\/03\/soldi-150x150.jpg 150w\" sizes=\"auto, (max-width: 224px) 100vw, 224px\" \/><\/a>VENEZIA<\/strong> Con\u00a0Decreto del Capo Dipartimento della funzione pubblica del 20\u00a0maggio 2020\u00a0\u00e8 stato approvato il progetto\u00a0\u201cRafforzamento della capacit\u00e0 amministrativa dei Piccoli Comuni\u201d\u00a0e il relativo\u00a0Avviso per la manifestazione di interesse\u00a0da parte\u00a0 dei Comuni con popolazione inferiore ai 5.000. Il progetto \u00e8 volto a fornire un supporto concreto alle Amministrazioni destinatarie per il\u00a0miglioramento della qualit\u00e0 dei servizi, l\u2019organizzazione del personale,\u00a0 il\u00a0potenziamento dello smart working\u00a0e la\u00a0gestione degli appalti pubblici. L\u2019iniziativa \u00e8 finanziata nell\u2019ambito del PON \u201cGovernance e capacit\u00e0 istituzionale\u201d 2014-2020 \u2013 Fondo FSE. Le risorse disponibili per il finanziamento delle attivit\u00e0 da realizzare ammontano a\u00a0Euro 42.000.000. Ne da notizia il Gal Prealpi Alto Veneto. Il 12 maggio scorso invece, in coerenza con l&#8217;Agenda 2030 dell&#8217;ONU, la Giunta regionale ha adottato la\u00a0Strategia Regionale di Sviluppo Sostenibile\u00a0. Prima della discussione e approvazione in Consiglio regionale, l&#8217;iniziativa verr\u00e0\u00a0presentata oggi ai sottoscrittori del Protocollo d&#8217;Intesa\u00a0. Tutte le informazioni, gli eventi, le notizie dedicate al tema della\u00a0sostenibilit\u00e0\u00a0nella Regione del Veneto sono disponibili nel\u00a0sito web dedicato.<\/p>\n<p>&nbsp;<\/p>\n<p>&nbsp;<\/p>\n<hr \/>\n<p>&nbsp;<\/p>\n<p><b>DL LIQUIDIT\u00c0, BARATTO (FI): \u201cSTOP AI FALLIMENTI FINO A DICEMBRE\u201d<\/b><\/p>\n<p><strong><a class=\"dt-pswp-item\" href=\"https:\/\/www.radiopiu.net\/wordpress\/wp-content\/uploads\/2019\/01\/Logo_Forza_Italia.svg_.png\" data-dt-img-description=\"\" data-large_image_width=\"1200\" data-large_image_height=\"996\"><img loading=\"lazy\" decoding=\"async\" class=\" wp-image-71880 alignleft\" src=\"https:\/\/www.radiopiu.net\/wordpress\/wp-content\/uploads\/2019\/01\/Logo_Forza_Italia.svg_-300x249.png\" alt=\"\" width=\"217\" height=\"180\" srcset=\"https:\/\/www.radiopiu.net\/wordpress\/wp-content\/uploads\/2019\/01\/Logo_Forza_Italia.svg_-300x249.png 300w, https:\/\/www.radiopiu.net\/wordpress\/wp-content\/uploads\/2019\/01\/Logo_Forza_Italia.svg_-768x637.png 768w, https:\/\/www.radiopiu.net\/wordpress\/wp-content\/uploads\/2019\/01\/Logo_Forza_Italia.svg_-1024x850.png 1024w, https:\/\/www.radiopiu.net\/wordpress\/wp-content\/uploads\/2019\/01\/Logo_Forza_Italia.svg_.png 1200w\" sizes=\"auto, (max-width: 217px) 100vw, 217px\" \/><\/a>ROMA\u00a0<\/strong>\u201cIl primo corollario di questa emergenza \u00e8 la crisi di liquidit\u00e0 in cui \u00e8 precipitato il sistema delle nostre imprese. Il tasso di insoluti \u00e8 vertiginosamente aumentato creando un effetto a catena che rischia di trascinare nei tribunali decine di imprese che prima si trovavano a collaborare\u201d. L\u2019approvazione del mio ODG che prevede la moratoria per i fallimenti estesa fino al 31 dicembre 2020 \u00e8 una battaglia parlamentare durata giorni ma fortunatamente vinta\u201d. E\u2019 quanto dichiara Raffaele Baratto, deputato di Forza Italia in Commissione Finanze Baratto dopo l\u2019approvazione del suo ordine del giorno finalizzato all\u2019estensione della scadenza prevista all\u2019art. 10 del decreto sull\u2019improcedibilit\u00e0 dei ricorsi per fallimento, inizialmente fissato al 30 giugno 2020, alla data del 31 dicembre.<\/p>\n<p>&nbsp;<\/p>\n<p>&nbsp;<\/p>\n<div dir=\"auto\"><\/div>\n<div dir=\"auto\"><\/div>\n<div dir=\"auto\">\n<hr \/>\n<\/div>\n<p>&nbsp;<\/p>\n<blockquote>\n<h3>FELTRE: SODDISFAZIONE PER LE MISURE DI SOSTEGNO DELLE ATTIVIT\u00c0 COMMERCIALI APPROVATE DAL COMUNE<\/h3>\n<\/blockquote>\n<p><strong><a class=\"dt-pswp-item\" href=\"https:\/\/www.radiopiu.net\/wordpress\/wp-content\/uploads\/2020\/03\/FELTRE-CENTRO.jpg\" data-dt-img-description=\"\" data-large_image_width=\"1092\" data-large_image_height=\"866\"><img loading=\"lazy\" decoding=\"async\" class=\"size-medium wp-image-124727 alignleft\" src=\"https:\/\/www.radiopiu.net\/wordpress\/wp-content\/uploads\/2020\/03\/FELTRE-CENTRO-300x238.jpg\" alt=\"\" width=\"300\" height=\"238\" srcset=\"https:\/\/www.radiopiu.net\/wordpress\/wp-content\/uploads\/2020\/03\/FELTRE-CENTRO-300x238.jpg 300w, https:\/\/www.radiopiu.net\/wordpress\/wp-content\/uploads\/2020\/03\/FELTRE-CENTRO-1024x812.jpg 1024w, https:\/\/www.radiopiu.net\/wordpress\/wp-content\/uploads\/2020\/03\/FELTRE-CENTRO-768x609.jpg 768w, https:\/\/www.radiopiu.net\/wordpress\/wp-content\/uploads\/2020\/03\/FELTRE-CENTRO.jpg 1092w\" sizes=\"auto, (max-width: 300px) 100vw, 300px\" \/><\/a>BELLUNO\u00a0<\/strong>La Consulta Confcommercio della citt\u00e0 di Feltre ha appreso con soddisfazione che nell\u2019ultimo Consiglio comunale di maggio sono stati approvati importanti aiuti per le attivit\u00e0 commerciali cittadine per far fronte all\u2019emergenza Covid-19.\u00a0Sono state accolte anche alcune richieste e sollecitazioni di Confcommercio presentate in occasione della precedente riunione voluta dalla Conferenza dei Capigruppo di Minoranza e di Maggioranza. I Gruppi Consigliari hanno lavorato di comune accordo per un necessario obiettivo: concretizzare in Consiglio Comunale le proposte presentate in modo da dare risposte immediate alle richieste di aiuto dei commercianti e delle attivit\u00e0 produttive.\u00a0Il presidente della Consulta Confcommercio Guido Pante sottolinea come il primo passo della cancellazione della tassa prevista per l\u2019occupazione del suolo pubblico per bar e ristoranti, della non riscossione della imposta sulla pubblicit\u00e0, della gratuit\u00e0 dei parcheggi per la prima ora, oltre al posticipo e al ridimensionamento di altre accise comunali, sia di fondamentale importanza per dare un po\u2019 di ossigeno alle ditte che per lungo tempo non hanno potuto lavorare o che hanno ridotto di gran lunga le proprie entrate causa l\u2019emergenza in corso.\u00a0Ora \u00e8 necessario proseguire il percorso intrapreso per sviluppare le altre proposte messe sul piatto da Confcommercio.\u00a0\u00c8 necessario quanto prima creare un piano di marketing per la promozione turistica e commerciale della citt\u00e0 nel suo insieme e sviluppare una serie di manifestazioni gestite da una figura professionale che si occupi della creazione, lo sviluppo e la realizzazione delle stesse seguendo varie tematiche e filoni in condivisione e sintonia con le proposte e le necessit\u00e0 degli operatori commerciali; ci\u00f2 potr\u00e0 avvenire anche utilizzando la progettualit\u00e0 del Distretto del Commercio del quale Feltre \u00e8 parte.\u00a0Non da ultimo rimane sempre valida la proposta di riapertura della viabilit\u00e0 del centro cittadino perch\u00e9 nulla \u00e8 pi\u00f9 come prima: ogni tentativo su questa tematica pu\u00f2 essere fondamentale per contribuire al rilancio e alla rinascita del cuore pulsante di Feltre.<\/p>\n<p>&nbsp;<\/p>\n<p>&nbsp;<\/p>\n<hr \/>\n<p>&nbsp;<\/p>\n<blockquote>\n<h3>GIORNATA DEL SOLLIEVO 2020. IL COVID NON FERMA LE CURE PALLIATIVE<\/h3>\n<\/blockquote>\n<p><b><a class=\"dt-pswp-item\" href=\"https:\/\/www.radiopiu.net\/wordpress\/wp-content\/uploads\/2020\/05\/DOTTORE.jpg\" data-dt-img-description=\"\" data-large_image_width=\"1920\" data-large_image_height=\"1280\"><img loading=\"lazy\" decoding=\"async\" class=\"size-medium wp-image-141049 alignleft\" src=\"https:\/\/www.radiopiu.net\/wordpress\/wp-content\/uploads\/2020\/05\/DOTTORE-300x200.jpg\" alt=\"\" width=\"300\" height=\"200\" srcset=\"https:\/\/www.radiopiu.net\/wordpress\/wp-content\/uploads\/2020\/05\/DOTTORE-300x200.jpg 300w, https:\/\/www.radiopiu.net\/wordpress\/wp-content\/uploads\/2020\/05\/DOTTORE-1024x683.jpg 1024w, https:\/\/www.radiopiu.net\/wordpress\/wp-content\/uploads\/2020\/05\/DOTTORE-768x512.jpg 768w, https:\/\/www.radiopiu.net\/wordpress\/wp-content\/uploads\/2020\/05\/DOTTORE-1536x1024.jpg 1536w, https:\/\/www.radiopiu.net\/wordpress\/wp-content\/uploads\/2020\/05\/DOTTORE.jpg 1920w\" sizes=\"auto, (max-width: 300px) 100vw, 300px\" \/><\/a>BELLUNO<\/b>\u00a0In occasione della giornata nazionale del Sollievo, indetta a livello nazionale per il 31\u00a0 maggio 2020, l\u2019Ulss Dolomiti, diffonde i dati sulle attivit\u00e0 delle unit\u00e0 operative di Cure palliative per dare evidenza al quotidiano lavoro dei professionisti dell\u2019Azienda per alleviare il dolore nei malati terminali, non solo oncologici, e sostenere la famiglia nel delicato periodo del fine vita. \u00a0L\u2019eccezionalit\u00e0 del momento, legato all\u2019emergenza COVID, non consente la consueta celebrazione della Giornata del sollievo con l\u2019attivit\u00e0 di sensibilizzazione e informazione nelle piazze tradizionalmente organizzata in collaborazione con le associazioni di volontariato. Ma le cure palliative non si sono fermate e non si fermano. Anche in questo periodo emergenziale il sostegno ai malati e alle loro famiglie \u00e8 continuato con la consueta attenzione e accoglienza che caratterizza la cultura del sollievo.<\/p>\n<p><strong>IL PUNTO SU QUANTO \u00c8 STATO FATTO NEL 2019, DURANTE L&#8217;EMERGENZA COVID E DAI VOLONTARI<\/strong><\/p>\n<a href=\"https:\/\/www.radiopiu.net\/wordpress\/wp-content\/uploads\/2020\/05\/239_giornata-sollievo.pdf\" class=\"pdfemb-viewer\" style=\"\" data-width=\"max\" data-height=\"max\" data-toolbar=\"top\" data-toolbar-fixed=\"on\">239_giornata sollievo<\/a>\n<p>&nbsp;<\/p>\n<p>&nbsp;<\/p>\n<hr \/>\n<p>&nbsp;<\/p>\n<blockquote>\n<h3>1.450 ASSISTITI POTRANNO SCEGLIERE IL MEDICO DI MEDICINA GENERALE VIA MAIL<\/h3>\n<\/blockquote>\n<p><strong><a class=\"dt-pswp-item\" href=\"https:\/\/www.radiopiu.net\/wordpress\/wp-content\/uploads\/2020\/03\/ULSS-1-DOLOMITI-LOGO.jpg\" data-dt-img-description=\"\" data-large_image_width=\"298\" data-large_image_height=\"219\"><img loading=\"lazy\" decoding=\"async\" class=\"size-full wp-image-121256 alignleft\" src=\"https:\/\/www.radiopiu.net\/wordpress\/wp-content\/uploads\/2020\/03\/ULSS-1-DOLOMITI-LOGO.jpg\" alt=\"\" width=\"298\" height=\"219\" \/><\/a>FELTRE<\/strong>\u00a0Dal 1\u00b0 giugno 2020 il dott. Donatello Carcione assumer\u00e0 l\u2019incarico definitivo di medico di assistenza primaria presso l\u2019ambito territoriale di Feltre, Pedavena, Seren del Grappa, Alano di Piave, Quero\/Vas con contestuale cessazione dell\u2019attuale incarico provvisorio.\u00a0Manterr\u00e0 l\u2019ambulatorio ad Alano di Piave, Via Moirans en Montagne n. 11.\u00a0Per continuare a fruire dell\u2019assistenza medico generica in forma diretta e gratuita a carico del Servizio Sanitario Nazionale, i 1.450 assistiti dovranno necessariamente effettuare la scelta di uno tra i medici di assistenza primaria con disponibilit\u00e0 di posti dell\u2019ambito territoriale di di Feltre, Pedavena, Seren del Grappa, Alano di Piave, Quero\/Vas.\u00a0In attuazione delle disposizioni per il contenimento dell\u2019emergenza COVID19,\u00a0la scelta dovr\u00e0 essere effettuata tramite e-mail\u00a0inviando una mail non PEC all\u2019indirizzo\u00a0cambiomedico@aulss1.veneto.it\u00a0con oggetto \u201cCessazione del dr Donatello Carcione\u201d, precisando estremi anagrafici (nome, cognome, luogo e data di nascita), indirizzo di residenza e codice fiscale del richiedente e nominativo del medico prescelto (si suggerisce di indicare pi\u00f9 di un medico e fino ad un massimo di tre). Alla e-mail si dovr\u00e0 allegare la copia del documento d\u2019identit\u00e0 del richiedente e della Tessera Sanitaria cartacea rilasciata dalla ULSS. Al termine dell\u2019operazione verr\u00e0 inviata una e-mail di conferma dell\u2019avvenuta assegnazione del medico con\u00a0allegata copia della tessera sanitaria cartacea. La scelta a mezzo e-mail sar\u00e0 operativa fino al 20 giugno 2020.<\/p>\n<p>&nbsp;<\/p>\n<p>&nbsp;<\/p>\n<hr \/>\n<p>&nbsp;<\/p>\n<blockquote>\n<h3>CONSIGLIO COMUNALE A LIVINALLONGO<\/h3>\n<\/blockquote>\n<p><strong><a class=\"dt-pswp-item\" href=\"https:\/\/www.radiopiu.net\/wordpress\/wp-content\/uploads\/2017\/08\/Leandro-Grones-e1550756704790.jpg\" data-dt-img-description=\"\" data-large_image_width=\"1280\" data-large_image_height=\"853\"><img loading=\"lazy\" decoding=\"async\" class=\"wp-image-35242 alignleft\" src=\"https:\/\/www.radiopiu.net\/wordpress\/wp-content\/uploads\/2017\/08\/Leandro-Grones-e1550756704790-300x200.jpg\" alt=\"\" width=\"156\" height=\"104\" \/><\/a>LIVINALLONGO\u00a0<\/strong>Il sindaco di Livinallongo Leandro Grones ha convocato i consiglieri comunali per mercoled\u00ec 3 giugno alle ore 18. Sar\u00e0 la sala &#8220;Taulac&#8221; ad ospitare la seduta e sar\u00e0 la prima dall&#8217;inizio dell&#8217;emergenza dove il pubblico potr\u00e0 assistere nel rispetto delle norme vigenti in materia di contenimento del Covid-19. Saranno 8 i punti di cui si discuter\u00e0.<\/p>\n<p>&nbsp;<\/p>\n<p>&nbsp;<\/p>\n<hr \/>\n<p>&nbsp;<\/p>\n<blockquote>\n<h3>SABATO 30 MAGGIO RIAPRONO LA GALLERIA \u201cRIZZARDA\u201d E IL MUSEO CIVICO CON L&#8217;ANTEPRIMA DELLA MOSTRA \u201cCARTA, FUOCO, MACERIE&#8221;<\/h3>\n<\/blockquote>\n<p><strong><a class=\"dt-pswp-item\" href=\"https:\/\/www.radiopiu.net\/wordpress\/wp-content\/uploads\/2020\/05\/7c9e69d5-c6c0-4456-894b-7a989ab9115e.jpg\" data-dt-img-description=\"\" data-large_image_width=\"2000\" data-large_image_height=\"1500\"><img loading=\"lazy\" decoding=\"async\" class=\"size-medium wp-image-141077 alignleft\" src=\"https:\/\/www.radiopiu.net\/wordpress\/wp-content\/uploads\/2020\/05\/7c9e69d5-c6c0-4456-894b-7a989ab9115e-300x225.jpg\" alt=\"\" width=\"300\" height=\"225\" srcset=\"https:\/\/www.radiopiu.net\/wordpress\/wp-content\/uploads\/2020\/05\/7c9e69d5-c6c0-4456-894b-7a989ab9115e-300x225.jpg 300w, https:\/\/www.radiopiu.net\/wordpress\/wp-content\/uploads\/2020\/05\/7c9e69d5-c6c0-4456-894b-7a989ab9115e-1024x768.jpg 1024w, https:\/\/www.radiopiu.net\/wordpress\/wp-content\/uploads\/2020\/05\/7c9e69d5-c6c0-4456-894b-7a989ab9115e-768x576.jpg 768w, https:\/\/www.radiopiu.net\/wordpress\/wp-content\/uploads\/2020\/05\/7c9e69d5-c6c0-4456-894b-7a989ab9115e-1536x1152.jpg 1536w, https:\/\/www.radiopiu.net\/wordpress\/wp-content\/uploads\/2020\/05\/7c9e69d5-c6c0-4456-894b-7a989ab9115e.jpg 2000w\" sizes=\"auto, (max-width: 300px) 100vw, 300px\" \/><\/a>FELTRE \u00a0<\/strong>Data importante quella di sabato prossimo, 30 maggio.\u00a0Riaprono infatti al pubblico sia la Galleria d&#8217;Arte Moderna \u201cCarlo Rizzarda\u201d in via Paradiso, dove prosegue, tra l&#8217;altro, la mostra dedicata a Dianora Marandino, sia il Museo Civico di via Luzzo. Qui ad attendere i visitatori vi sar\u00e0 \u201cCarta, Fuoco , Macerie\u201d, l&#8217;esposizione dedicata ai documenti d&#8217;archivio restaurati e relativi alla rinascita di Feltre dopo la Guerra di Cambrai e l&#8217;incendio del 1510 che distrusse la citt\u00e0.\u00a0Questi gli orari di apertura durante il mese di giugno:\u00a0Galleria Rizzarda: dalle 10.30 alle 12.30 e dlle 15 alle 18 (dal marted\u00ec alla domenica e festivi)\u00a0Museo Civico: dalle 10.30 alle 12.30 e dalle 15 alle 18 (dal venerd\u00ec alla domenica e festivi).Modalit\u00e0 di accesso: In ottemperanza alle norme su contenimento del virus, sar\u00e0 consentita la presenza contemporanea \u00a0di non pi\u00f9 di 20 persone (massimo 2 o 3 per sala, a seconda delle dimensioni delle stesse).\u00a0I visitatori dovranno presentarsi all&#8217;ingresso muniti di mascherina e troveranno\u00a0dei percorsi \u201cguidati\u201d per evitare contati o assembramenti.<\/p>\n<p><a class=\"dt-pswp-item\" href=\"https:\/\/www.radiopiu.net\/wordpress\/wp-content\/uploads\/2020\/05\/18c677cd-3027-4705-b7c2-1b778497a87f.jpg\" data-dt-img-description=\"\" data-large_image_width=\"2000\" data-large_image_height=\"1500\"><img loading=\"lazy\" decoding=\"async\" class=\"alignnone wp-image-141079\" src=\"https:\/\/www.radiopiu.net\/wordpress\/wp-content\/uploads\/2020\/05\/18c677cd-3027-4705-b7c2-1b778497a87f-300x225.jpg\" alt=\"\" width=\"391\" height=\"293\" srcset=\"https:\/\/www.radiopiu.net\/wordpress\/wp-content\/uploads\/2020\/05\/18c677cd-3027-4705-b7c2-1b778497a87f-300x225.jpg 300w, https:\/\/www.radiopiu.net\/wordpress\/wp-content\/uploads\/2020\/05\/18c677cd-3027-4705-b7c2-1b778497a87f-1024x768.jpg 1024w, https:\/\/www.radiopiu.net\/wordpress\/wp-content\/uploads\/2020\/05\/18c677cd-3027-4705-b7c2-1b778497a87f-768x576.jpg 768w, https:\/\/www.radiopiu.net\/wordpress\/wp-content\/uploads\/2020\/05\/18c677cd-3027-4705-b7c2-1b778497a87f-1536x1152.jpg 1536w, https:\/\/www.radiopiu.net\/wordpress\/wp-content\/uploads\/2020\/05\/18c677cd-3027-4705-b7c2-1b778497a87f.jpg 2000w\" sizes=\"auto, (max-width: 391px) 100vw, 391px\" \/><\/a><a class=\"dt-pswp-item\" href=\"https:\/\/www.radiopiu.net\/wordpress\/wp-content\/uploads\/2020\/05\/d4d9b72b-559a-4f12-9eb9-e527bd9d3187.jpg\" data-dt-img-description=\"\" data-large_image_width=\"2000\" data-large_image_height=\"1500\"><img loading=\"lazy\" decoding=\"async\" class=\"alignnone wp-image-141080\" src=\"https:\/\/www.radiopiu.net\/wordpress\/wp-content\/uploads\/2020\/05\/d4d9b72b-559a-4f12-9eb9-e527bd9d3187-300x225.jpg\" alt=\"\" width=\"391\" height=\"293\" srcset=\"https:\/\/www.radiopiu.net\/wordpress\/wp-content\/uploads\/2020\/05\/d4d9b72b-559a-4f12-9eb9-e527bd9d3187-300x225.jpg 300w, https:\/\/www.radiopiu.net\/wordpress\/wp-content\/uploads\/2020\/05\/d4d9b72b-559a-4f12-9eb9-e527bd9d3187-1024x768.jpg 1024w, https:\/\/www.radiopiu.net\/wordpress\/wp-content\/uploads\/2020\/05\/d4d9b72b-559a-4f12-9eb9-e527bd9d3187-768x576.jpg 768w, https:\/\/www.radiopiu.net\/wordpress\/wp-content\/uploads\/2020\/05\/d4d9b72b-559a-4f12-9eb9-e527bd9d3187-1536x1152.jpg 1536w, https:\/\/www.radiopiu.net\/wordpress\/wp-content\/uploads\/2020\/05\/d4d9b72b-559a-4f12-9eb9-e527bd9d3187.jpg 2000w\" sizes=\"auto, (max-width: 391px) 100vw, 391px\" \/><\/a><\/p>\n<p>&nbsp;<\/p>\n<p><strong>ALESSANDRO DEL BIANCO, ASSESSORE ALLA CULTURA DEL COMUNE DI FELTRE<\/strong><\/p>\n<audio class=\"wp-audio-shortcode\" id=\"audio-140989-3\" preload=\"none\" style=\"width: 100%;\" controls=\"controls\"><source type=\"audio\/mpeg\" src=\"https:\/\/www.radiopiu.net\/wordpress\/wp-content\/uploads\/2020\/05\/Del-Bianco-su-apertura-musei-e-mostra.mp3?_=3\" \/><a href=\"https:\/\/www.radiopiu.net\/wordpress\/wp-content\/uploads\/2020\/05\/Del-Bianco-su-apertura-musei-e-mostra.mp3\">https:\/\/www.radiopiu.net\/wordpress\/wp-content\/uploads\/2020\/05\/Del-Bianco-su-apertura-musei-e-mostra.mp3<\/a><\/audio>\n<p>&nbsp;<\/p>\n<p><strong>LA CONSERVATRICE DEI MUSEI CITTADINI TIZIANA CASAGRANDE<\/strong><\/p>\n<audio class=\"wp-audio-shortcode\" id=\"audio-140989-4\" preload=\"none\" style=\"width: 100%;\" controls=\"controls\"><source type=\"audio\/mpeg\" src=\"https:\/\/www.radiopiu.net\/wordpress\/wp-content\/uploads\/2020\/05\/Audio-T.-Casagrande-su-musei-e-mostra.mp3?_=4\" \/><a href=\"https:\/\/www.radiopiu.net\/wordpress\/wp-content\/uploads\/2020\/05\/Audio-T.-Casagrande-su-musei-e-mostra.mp3\">https:\/\/www.radiopiu.net\/wordpress\/wp-content\/uploads\/2020\/05\/Audio-T.-Casagrande-su-musei-e-mostra.mp3<\/a><\/audio>\n<p>&nbsp;<\/p>\n<p><strong>LA BROCHURE\u00a0<\/strong><\/p>\n<a href=\"https:\/\/www.radiopiu.net\/wordpress\/wp-content\/uploads\/2020\/05\/Brochure_11_Feltre_Carta_PM-ok.pdf\" class=\"pdfemb-viewer\" style=\"\" data-width=\"max\" data-height=\"max\" data-toolbar=\"top\" data-toolbar-fixed=\"on\">Brochure_11_Feltre_Carta_PM ok<\/a>\n<p>&nbsp;<\/p>\n<p>&nbsp;<\/p>\n<hr \/>\n<p>&nbsp;<\/p>\n<blockquote>\n<h3>STORIE DI VITA, #STORIEDIROSE: AL VIA IL CONTEST FOTOGRAFICO E NARRATIVO DEL MUSEO ETNOGRAFICO DELLA PROVINCIA<\/h3>\n<\/blockquote>\n<p><strong><a class=\"dt-pswp-item\" href=\"https:\/\/www.radiopiu.net\/wordpress\/wp-content\/uploads\/2018\/10\/212px-Diga_del_Vajont_.jpg\" data-dt-img-description=\"\" data-large_image_width=\"212\" data-large_image_height=\"300\"><img loading=\"lazy\" decoding=\"async\" class=\"size-medium wp-image-63385 alignleft\" src=\"https:\/\/www.radiopiu.net\/wordpress\/wp-content\/uploads\/2018\/10\/212px-Diga_del_Vajont_-212x300.jpg\" alt=\"\" width=\"212\" height=\"300\" \/><\/a>BELLUNO\u00a0<\/strong>\u00c8 partito in quarta #storiedirose, contest fotografico e narrativo curato dal Museo Etnografico della Provincia di Belluno. Nel giro di pochi giorni, il progetto ha gi\u00e0 raccolto i primi contributi sui social. Foto e racconti che continueranno ad arrivare e a essere pubblicati sulla pagina Facebook \u201cAmici Museo Seravella\u201d.\u00a0Il leit-motiv \u00e8 la rosa. Infatti, nella villa di Seravella \u00e8 presente un grande roseto, che nei decenni ha messo insieme rosai di vario genere, provenienti da tutto il mondo. Dietro a ogni pianta, per\u00f2, si cela una storia.\u00a0Nel giardino ci sono due rose sradicate dalla terribile ondata che ha oltrepassato la diga del Vajont il 9 ottobre del 1963, ritrovate da una coppia di anziani sul sedime del Piave qualche chilometro pi\u00f9 a valle.\u00a0Ci sono rosai che sono giunti dai giardini di balie da latte, giovani donne che andavano ad allattare i figli delle pi\u00f9 importanti famiglie aristocratiche italiane, lasciando a casa il proprio bambino con risvolti spesso drammatici. Altre rose provengono da talee raccolte addirittura oltreoceano, nei giardini di emigranti bellunesi in Brasile. E ancora rose che provengono da eleganti ville venete, da giardini di case rurali e contadine, da canoniche di paese, da appassionati e collezionisti della provincia di Belluno che raccontano di un paesaggio rurale ancora tangibile nella montagna bellunese. Tutti i rosai presenti nel giardino sono stati donati negli anni da persone che sono entrate in contatto con il Museo; nessuna pianta \u00e8 stata comprata in un vivaio, segno di una cultura ancora viva di scambio e di condivisione, e di un forte legame del Museo con il territorio e i suoi abitanti.\u00a0\u00ab<em>Scambio e condivisione che adesso possono correre anche sul web. \u00c8 questa l\u2019idea del contest #storiedirose &#8211; spiega il consigliere provinciale con delega alla cultura, Simone Deola -. Aspettiamo fotografie e racconti di vita che si celano dietro piante di rose. I social e in particolare Instagram sono un veicolo straordinario di promozione e iniziative come questa hanno proprio lo scopo di diffondere quanto di straordinario c&#8217;\u00e8 a Seravella<\/em>\u00bb.\u00a0Per partecipare al contest basta postare una foto e un breve racconto o descrizione sul proprio profilo Facebook, aggiungendo gli hashtag #storiedirose e #rosedelledolomiti (i contributi saranno poi rilanciati dai profili sociale del Museo). In alternativa, \u00e8 possibile inviare il materiale alla mail\u00a0seravella@isoipse.it\u00a0(o via Whatsapp al 3519927115).\u00a0\u00ab<em>Il Museo etnografico \u00e8 un patrimonio per il nostro territorio e la condivisione delle storie di rose \u00e8 un modo per far conoscere tanti piccoli racconti di vita &#8211; continua il consigliere Deola -. Ricordo che la villa di Seravella \u00e8 stata riaperta dopo il lockdown e in via del tutto eccezionale sar\u00e0 visitabile anche il 2 giugno, dalle 15 alle 18. Inoltre, c\u2019\u00e8 ancora posto per l&#8217;apertura serale di sabato 30: basta prenotarsi via mail all\u2019indirizzo\u00a0museoseravella@provincia.belluno.it. Ringrazio tutti coloro che hanno contribuito e contribuiscono alla creazione e al mantenimento del roseto, in particolare la dottoressa Perco, gi\u00e0 direttrice del Museo, e la ditta Unifarco<\/em>\u00bb.<\/p>\n<p>&nbsp;<\/p>\n<hr \/>\n<p>&nbsp;<\/p>\n<blockquote>\n<h3>I QUADERNI DELLA BIBLIOTECA DELLA VALLE DEL BIOIS<\/h3>\n<\/blockquote>\n<p><a class=\"dt-pswp-item\" href=\"https:\/\/www.radiopiu.net\/wordpress\/wp-content\/uploads\/2016\/04\/Falcade_plan_ortofoto.jpg\" data-dt-img-description=\"\" data-large_image_width=\"3308\" data-large_image_height=\"2339\"><img loading=\"lazy\" decoding=\"async\" class=\"size-medium wp-image-19095 alignleft\" src=\"https:\/\/www.radiopiu.net\/wordpress\/wp-content\/uploads\/2016\/04\/Falcade_plan_ortofoto-300x212.jpg\" alt=\"\" width=\"300\" height=\"212\" \/><\/a>di Gianni Santomaso<\/p>\n<audio class=\"wp-audio-shortcode\" id=\"audio-140989-5\" preload=\"none\" style=\"width: 100%;\" controls=\"controls\"><source type=\"audio\/mpeg\" src=\"https:\/\/www.radiopiu.net\/wordpress\/wp-content\/uploads\/2020\/05\/GIANNI-QUADERNO-BIBLIOTECA-VALBIOIS.mp3?_=5\" \/><a href=\"https:\/\/www.radiopiu.net\/wordpress\/wp-content\/uploads\/2020\/05\/GIANNI-QUADERNO-BIBLIOTECA-VALBIOIS.mp3\">https:\/\/www.radiopiu.net\/wordpress\/wp-content\/uploads\/2020\/05\/GIANNI-QUADERNO-BIBLIOTECA-VALBIOIS.mp3<\/a><\/audio>\n<p>&nbsp;<\/p>\n<p>&nbsp;<\/p>\n<hr \/>\n<p>&nbsp;<\/p>\n<blockquote class=\"wp-embedded-content\" data-secret=\"0yCUSva1Jo\"><p><a href=\"https:\/\/www.radiopiu.net\/wordpress\/il-grazie-a-radio-piu-dai-bambini-e-la-maestra-paola\/\">IL GRAZIE A RADIO PIU&#8217; DAI BAMBINI E LA MAESTRA PAOLA<\/a><\/p><\/blockquote>\n<p><iframe loading=\"lazy\" title=\"&#8220;IL GRAZIE A RADIO PIU&#8217; DAI BAMBINI E LA MAESTRA PAOLA&#8221; &#8212; Radio Pi\u00f9\" class=\"wp-embedded-content\" sandbox=\"allow-scripts\" security=\"restricted\" style=\"position: absolute; clip: rect(1px, 1px, 1px, 1px);\" src=\"https:\/\/www.radiopiu.net\/wordpress\/il-grazie-a-radio-piu-dai-bambini-e-la-maestra-paola\/embed\/#?secret=0yCUSva1Jo\" data-secret=\"0yCUSva1Jo\" width=\"600\" height=\"338\" frameborder=\"0\" marginwidth=\"0\" marginheight=\"0\" scrolling=\"no\"><\/iframe><\/p>\n<p>&nbsp;<\/p>\n<hr \/>\n<p>&nbsp;<\/p>\n<blockquote class=\"wp-embedded-content\" data-secret=\"1Axnv9UEVJ\"><p><a href=\"https:\/\/www.radiopiu.net\/wordpress\/pillole-di-storia-bellunese-col-giornalista-zangrando-di-renato-bona\/\">PILLOLE DI STORIA BELLUNESE COL GIORNALISTA ZANGRANDO di RENATO BONA<\/a><\/p><\/blockquote>\n<p><iframe loading=\"lazy\" title=\"&#8220;PILLOLE DI STORIA BELLUNESE COL GIORNALISTA ZANGRANDO di RENATO BONA&#8221; &#8212; Radio Pi\u00f9\" class=\"wp-embedded-content\" sandbox=\"allow-scripts\" security=\"restricted\" style=\"position: absolute; clip: rect(1px, 1px, 1px, 1px);\" src=\"https:\/\/www.radiopiu.net\/wordpress\/pillole-di-storia-bellunese-col-giornalista-zangrando-di-renato-bona\/embed\/#?secret=1Axnv9UEVJ\" data-secret=\"1Axnv9UEVJ\" width=\"600\" height=\"338\" frameborder=\"0\" marginwidth=\"0\" marginheight=\"0\" scrolling=\"no\"><\/iframe><\/p>\n<p>&nbsp;<\/p>\n<hr \/>\n<p>&nbsp;<\/p>\n<h2>IERI ALLA RADIO<\/h2>\n<h3><a class=\"dt-pswp-item\" href=\"https:\/\/www.radiopiu.net\/wordpress\/wp-content\/uploads\/2019\/02\/Logo_Spi-CGIL-800x445.jpg\" data-dt-img-description=\"\" data-large_image_width=\"800\" data-large_image_height=\"445\"><img loading=\"lazy\" decoding=\"async\" class=\"size-medium wp-image-75538 alignleft\" src=\"https:\/\/www.radiopiu.net\/wordpress\/wp-content\/uploads\/2019\/02\/Logo_Spi-CGIL-800x445-300x167.jpg\" alt=\"\" width=\"300\" height=\"167\" srcset=\"https:\/\/www.radiopiu.net\/wordpress\/wp-content\/uploads\/2019\/02\/Logo_Spi-CGIL-800x445-300x167.jpg 300w, https:\/\/www.radiopiu.net\/wordpress\/wp-content\/uploads\/2019\/02\/Logo_Spi-CGIL-800x445-768x427.jpg 768w, https:\/\/www.radiopiu.net\/wordpress\/wp-content\/uploads\/2019\/02\/Logo_Spi-CGIL-800x445.jpg 800w\" sizes=\"auto, (max-width: 300px) 100vw, 300px\" \/><\/a>SPECIALE SPI CGIL<\/h3>\n<p><strong>di Claudio Fontanive<\/strong><\/p>\n<audio class=\"wp-audio-shortcode\" id=\"audio-140989-6\" preload=\"none\" style=\"width: 100%;\" controls=\"controls\"><source type=\"audio\/mpeg\" src=\"https:\/\/www.radiopiu.net\/wordpress\/wp-content\/uploads\/2020\/05\/spi-cgil-28-maggio.mp3?_=6\" \/><a href=\"https:\/\/www.radiopiu.net\/wordpress\/wp-content\/uploads\/2020\/05\/spi-cgil-28-maggio.mp3\">https:\/\/www.radiopiu.net\/wordpress\/wp-content\/uploads\/2020\/05\/spi-cgil-28-maggio.mp3<\/a><\/audio>\n<p>&nbsp;<\/p>\n<h3><a class=\"dt-pswp-item\" href=\"https:\/\/www.radiopiu.net\/wordpress\/wp-content\/uploads\/2020\/05\/PSICOLOGIA.jpg\" data-dt-img-description=\"\" data-large_image_width=\"1920\" data-large_image_height=\"1440\"><img loading=\"lazy\" decoding=\"async\" class=\"size-medium wp-image-140995 alignleft\" src=\"https:\/\/www.radiopiu.net\/wordpress\/wp-content\/uploads\/2020\/05\/PSICOLOGIA-300x225.jpg\" alt=\"\" width=\"300\" height=\"225\" srcset=\"https:\/\/www.radiopiu.net\/wordpress\/wp-content\/uploads\/2020\/05\/PSICOLOGIA-300x225.jpg 300w, https:\/\/www.radiopiu.net\/wordpress\/wp-content\/uploads\/2020\/05\/PSICOLOGIA-1024x768.jpg 1024w, https:\/\/www.radiopiu.net\/wordpress\/wp-content\/uploads\/2020\/05\/PSICOLOGIA-768x576.jpg 768w, https:\/\/www.radiopiu.net\/wordpress\/wp-content\/uploads\/2020\/05\/PSICOLOGIA-1536x1152.jpg 1536w, https:\/\/www.radiopiu.net\/wordpress\/wp-content\/uploads\/2020\/05\/PSICOLOGIA.jpg 1920w\" sizes=\"auto, (max-width: 300px) 100vw, 300px\" \/><\/a>ELISA BULF, PSICOLOGA<\/h3>\n<p><strong>di Claudio Fontanive\u00a0<\/strong><\/p>\n<audio class=\"wp-audio-shortcode\" id=\"audio-140989-7\" preload=\"none\" style=\"width: 100%;\" controls=\"controls\"><source type=\"audio\/mpeg\" src=\"https:\/\/www.radiopiu.net\/wordpress\/wp-content\/uploads\/2020\/05\/piicologa-elisa-bufl-28-maggio.mp3?_=7\" \/><a href=\"https:\/\/www.radiopiu.net\/wordpress\/wp-content\/uploads\/2020\/05\/piicologa-elisa-bufl-28-maggio.mp3\">https:\/\/www.radiopiu.net\/wordpress\/wp-content\/uploads\/2020\/05\/piicologa-elisa-bufl-28-maggio.mp3<\/a><\/audio>\n<p>&nbsp;<\/p>\n<h3><span style=\"color: #ff00ff;\">LA STORIA DELL&#8217;ALBERO MATUSALEMME di Paola Lanciato<\/span><\/h3>\n<audio class=\"wp-audio-shortcode\" id=\"audio-140989-8\" preload=\"none\" style=\"width: 100%;\" controls=\"controls\"><source type=\"audio\/mpeg\" src=\"https:\/\/www.radiopiu.net\/wordpress\/wp-content\/uploads\/2020\/05\/La-storia-dellalbero-Matusalemme.mp3?_=8\" \/><a href=\"https:\/\/www.radiopiu.net\/wordpress\/wp-content\/uploads\/2020\/05\/La-storia-dellalbero-Matusalemme.mp3\">https:\/\/www.radiopiu.net\/wordpress\/wp-content\/uploads\/2020\/05\/La-storia-dellalbero-Matusalemme.mp3<\/a><\/audio>\n<p>&nbsp;<\/p>\n<h3><span style=\"color: #ff0000;\">DUE MINUTI UN LIBRO<\/span><\/h3>\n<blockquote class=\"wp-embedded-content\" data-secret=\"5ynVXY9cQK\"><p><a href=\"https:\/\/www.radiopiu.net\/wordpress\/la-figlia-del-peccato-2\/\">LA FIGLIA DEL PECCATO<\/a><\/p><\/blockquote>\n<p><iframe loading=\"lazy\" title=\"&#8220;LA FIGLIA DEL PECCATO&#8221; &#8212; Radio Pi\u00f9\" class=\"wp-embedded-content\" sandbox=\"allow-scripts\" security=\"restricted\" style=\"position: absolute; clip: rect(1px, 1px, 1px, 1px);\" src=\"https:\/\/www.radiopiu.net\/wordpress\/la-figlia-del-peccato-2\/embed\/#?secret=5ynVXY9cQK\" data-secret=\"5ynVXY9cQK\" width=\"600\" height=\"338\" frameborder=\"0\" marginwidth=\"0\" marginheight=\"0\" scrolling=\"no\"><\/iframe><\/p>\n<p><strong>LE ALTRE PUNTATE<\/strong><\/p>\n<blockquote class=\"wp-embedded-content\" data-secret=\"TTSHGIoXmr\"><p><a href=\"https:\/\/www.radiopiu.net\/wordpress\/due-minuti-un-libro\/\">Due minuti un libro<\/a><\/p><\/blockquote>\n<p><iframe loading=\"lazy\" title=\"&#8220;Due minuti un libro&#8221; &#8212; Radio Pi\u00f9\" class=\"wp-embedded-content\" sandbox=\"allow-scripts\" security=\"restricted\" style=\"position: absolute; clip: rect(1px, 1px, 1px, 1px);\" src=\"https:\/\/www.radiopiu.net\/wordpress\/due-minuti-un-libro\/embed\/#?secret=TTSHGIoXmr\" data-secret=\"TTSHGIoXmr\" width=\"600\" height=\"338\" frameborder=\"0\" marginwidth=\"0\" marginheight=\"0\" scrolling=\"no\"><\/iframe><\/p>\n<h3><span style=\"color: #339966;\">AGORDINOMERON<\/span><\/h3>\n<blockquote class=\"wp-embedded-content\" data-secret=\"BqZe04p9EM\"><p><a href=\"https:\/\/www.radiopiu.net\/wordpress\/agordinomeron\/\">AGORDINOMERON, IL TERRITORIO SI RACCONTA Da un&#8217;idea di Gianni Santomaso<\/a><\/p><\/blockquote>\n<p><iframe loading=\"lazy\" title=\"&#8220;AGORDINOMERON, IL TERRITORIO SI RACCONTA Da un&#8217;idea di Gianni Santomaso&#8221; &#8212; Radio Pi\u00f9\" class=\"wp-embedded-content\" sandbox=\"allow-scripts\" security=\"restricted\" style=\"position: absolute; clip: rect(1px, 1px, 1px, 1px);\" src=\"https:\/\/www.radiopiu.net\/wordpress\/agordinomeron\/embed\/#?secret=BqZe04p9EM\" data-secret=\"BqZe04p9EM\" width=\"600\" height=\"338\" frameborder=\"0\" marginwidth=\"0\" marginheight=\"0\" scrolling=\"no\"><\/iframe><\/p>\n<h3><span style=\"color: #0000ff;\">IL MESSAGGIO DEI PARROCI A RADIO PIU&#8217;<\/span><\/h3>\n<blockquote class=\"wp-embedded-content\" data-secret=\"mBWgVt4iTl\"><p><a href=\"https:\/\/www.radiopiu.net\/wordpress\/chiesa\/\">DON CESARE  SU RADIO PIU&#8217; ALLE 7.30 E 19.30, PARROCCHIE DI AGORDO, LA VALLE E TAIBON<\/a><\/p><\/blockquote>\n<p><iframe loading=\"lazy\" title=\"&#8220;DON CESARE  SU RADIO PIU&#8217; ALLE 7.30 E 19.30, PARROCCHIE DI AGORDO, LA VALLE E TAIBON&#8221; &#8212; Radio Pi\u00f9\" class=\"wp-embedded-content\" sandbox=\"allow-scripts\" security=\"restricted\" style=\"position: absolute; clip: rect(1px, 1px, 1px, 1px);\" src=\"https:\/\/www.radiopiu.net\/wordpress\/chiesa\/embed\/#?secret=mBWgVt4iTl\" data-secret=\"mBWgVt4iTl\" width=\"600\" height=\"338\" frameborder=\"0\" marginwidth=\"0\" marginheight=\"0\" scrolling=\"no\"><\/iframe><\/p>\n<p>&nbsp;<\/p>\n<hr \/>\n<p>&nbsp;<\/p>\n<p><strong class=\"photoswipe-wrapper\"><a class=\"dt-pswp-item pspw-wrap-ready\" href=\"https:\/\/i0.wp.com\/www.radiopiu.net\/wordpress\/wp-content\/uploads\/2018\/09\/viabilita.jpeg?ssl=1\" data-dt-img-description=\"\" data-large_image_width=\"800\" data-large_image_height=\"100\"><img loading=\"lazy\" decoding=\"async\" class=\"aligncenter wp-image-61954 size-full jetpack-lazy-image jetpack-lazy-image--handled\" src=\"https:\/\/i0.wp.com\/www.radiopiu.net\/wordpress\/wp-content\/uploads\/2018\/09\/viabilita.jpeg?resize=800%2C100&amp;ssl=1\" sizes=\"auto, (max-width: 800px) 100vw, 800px\" srcset=\"https:\/\/i0.wp.com\/www.radiopiu.net\/wordpress\/wp-content\/uploads\/2018\/09\/viabilita.jpeg?w=800&amp;ssl=1 800w, https:\/\/i0.wp.com\/www.radiopiu.net\/wordpress\/wp-content\/uploads\/2018\/09\/viabilita.jpeg?resize=300%2C38&amp;ssl=1 300w, https:\/\/i0.wp.com\/www.radiopiu.net\/wordpress\/wp-content\/uploads\/2018\/09\/viabilita.jpeg?resize=768%2C96&amp;ssl=1 768w\" alt=\"\" width=\"800\" height=\"100\" data-lazy-loaded=\"1\" \/><\/a><\/strong><\/p>\n<p><strong>\u00a0<\/strong><\/p>\n<blockquote><p><strong>INTERRUZIONI A CRISTO DELLE PIANIZZE\u00a0<\/strong>sp347 DURAN E CEREDA fino al 5 giugno (esclusi festivi e prefestivi) possibili interruzioni in localit\u00e0 Pianizze (Agordo) della durata massima di 15 minuti dalle 8 alle 12 e dalle 13 alle 17, inoltre senso unico alternato nei periodi non interessati dalle chiusura<\/p><\/blockquote>\n<p>PROVINCIALE 20 DELLA VAL FIORENTINA, SELVA DI CADORE: FINO AL 13 GIUGNO, CHIUSURA TOTALE TRA SOLATOR E IL CENTRO DEL PAESE ANCHE NEI GIORNI FESTIVI E PREFESTIVI, DAL CHILOMETRO 4.850 AL CHILOMETRO 5.100. TRANSITO CONSENTITO AI LOCALI CON TEMPI DI ATTESA MASSIMI STIMATI IN 30 MINUTI IN LOCALITA\u2019 SOLATOR DAL CHILOMETRO 4.400 AL CHILOMETRO 4.850<\/p>\n<p>REGIONALE 48 DELLE DOLOMITI, LOCALIT\u00c0 POCOL INIZIO ABITATO CORTINA,FINO\u00a0 AL 12 GIUGNO SEMAFORO PER TRATTI DI 250 METRI ANCHE NEI GIORNI FESTIVI E PREFESTIVI<\/p>\n<p>REGIONALE 203 AGORDINA FINO AL 15 GIUGNO IN LOCALIT\u00c0 LA MUDA DEVIAZIONE SU VIABILIT\u00c0 PROVVISORIA, PRUDENZA<\/p>\n<p>PROVINCIALE 12 PEDEMONTANA LOCALIT\u00c0 PONTE MAS, CHIUSURA TOTALE DI PONTE MAS FINO\u00a0 AL 30 GIUGNO<\/p>\n<p>STRADA REGIONALE 48 DELLE DOLOMITI, DAL KM 110,350 AL KM 112, SENSO UNICO ALTERNATO REGOLATO DA IMPIANTO SEMAFORICO ANCHE SABATO E FESTIVI FINO\u00a0 AL 30 GIUGNO PER POSA ELETTRODOTTO INTERRATO<\/p>\n<p>PROVINCIALE 563 DI SALESEI, FINO\u00a0 AL 3 LUGLIO, SENSO UNICO ALTERNATO REGOLATO DA IMPIANTO SEMAFORICO IN LOCALIT\u00c0 DIGONERA PER MESSA IN SICUREZZA PIANO VIABILE, SABATO E FESTIVI INCLUSI<\/p>\n<p>PROVINCIALE 347 PASSO DURAN, LOCALITA\u2019 SANT\u2019ANDREA DI GOSALDO. FINO AL 5 GIUGNO SENSO UNICO ALTERNATO<\/p>\n<p>STRADA PROVINCIALE 347 DEL PASSO CEREDA E DURAN, DALLE 7 ALLE 18 ,\u00a0 FINO AL 29 MAGGIO, POSSIBILI TEMPORANEE INTERRUZZIONI ALLA VIABILIT\u00e0 DELLA DURATA MASSIMA DI 30 MINUTI E SENSO UNICO ALTERNATO REGOLATO DA MOVIERI PER ASFALTATURA TRATTI DI STRADA TRA PASSO DURAN E DONT<\/p>\n<p>STRADA PROVINCIALE 346 DEL PASSO SAN PELLEGRINO, FINO\u00a0 AL 5 GIUGNO, SENSO UNICO ALTERNATO REGOLATO DA IMPIANTO SEMOFORICO TRA FALCADE E FALCADE ALTO PER POSA CAVIDOTTO FIBRA OTTICA<\/p>\n<p>STRADA PROVINCIALE 347 DEL PASSO CEREDA E DURAN, FINO\u00a0 AL 01 GIUGNO ESCLUSE DOMENICHE E FESTIVI, SENSO UNICO ALTERNATO REGOLATO DA IMPIANTO SEMAFORICO O MOVIERI IN COMUNE DI VALLE DI CADORE PER SONDAGGI GEOTECNICI<\/p>\n<p>SP346 DEL SAN PELLEGRINO, COMUNE DI VALLADA,\u00a0 FINO\u00a0 AL 29 MAGGIO SENSO UNICO ALTERNATO PER MESSA IN SICUREZZA BARRIERE LATERALI<\/p>\n<p>REGIONALE203 AGORDINA, CANDATEN-LA STANGA, FINO\u00a0 AL 30 GIUGNO INCLUSI SABATO E DOMENICA DALLE 7.30 ALLE 9 E DALLE 16.30 ALLE 18 SENSO UNICO ALTERNATO CON MOVIERI, NEGLI ALTRI PERIODI SENSO UNICO CON SEMAFORO.<\/p>\n<p>PROVINCIALE 246 DEL SAN PELLEGRINO, CANALE D\u2019AGORDO E VALLADA FINO\u00a0 AL 29 MAGGIO SENSO UNICO REGOLATO DA SEMAFORO IN TRATTI SALTUARI.<\/p>\n<p>PROVINCIALE 24 VALPAROLA FINO\u00a0 AL 05 GIUGNO ESCLUSI FESTIVI E PREFESTIVI, SENSO UNICO ALTERNATO A VISTA PER TRATTI DI 50 METRI.<\/p>\n<p>PROVINCIALE 563 DI SALESEI, DALLE 7 DEL 26 MAGGIO ALLE 18 DEL 19 GIUGNO, DOMENICHE E FESTIVI ESCLUSI, SENSO UNICO ALTERNATO REGOLATO DA IMPIANTO SEMAFORICO E POSSIBILI BREVI INTERRUZIONI AL TRAFFICO DI 15 MINUTI PER MESSA IN SICUREZZA VERSANTE A MONTE DELLA STRADA<\/p>\n<p>STRADA PROVINCIALE 346 DEL SAN PELLEGRINO, NEI COMUNI DI FALCADE, CANALE E VALLADA, FINO\u00a0 AL 3 LUGLIO, INCLUSI SABATI E DOMENICHE, POSSIBILE ISTITUZIONE DI SENSO UNICO ALTERNATO REGOLATO DA MOVIERI PER SOSTITUZIONE CONDUTTORI E MANUTENZIONE LINEA ELETTRICA ALTA TENSIONE<\/p>\n<p>REGIONALE 203 AGORDINA, NEL COMUNE DI CENCENIGHE, FINO\u00a0 AL 3 LUGLIO, INCLUSI SABATI E DOMENICHE, POSSIBILE ISTITUZIONE DI SENSO UNICO ALTERNATO REGOLATO DA MOVIERI PER SOSTITUZIONE CONDUTTORI E MANUTENZIONE LINEA ELETTRICA ALTA TENSIONE<\/p>\n<p>STRADA PROVINCIALE 40, COMUNE DI LAMON. DAL 27 MAGGIO AL 3 GIUGNO SENSO UNICO ALTERNATO REGOLATO DA IMPIANTO SEMAFORICO PER RICERCHE GEOGNOSTICHE<\/p>\n<p>STRADA PROVINCIALE 422 DELL&#8217;ALPAGO E DEL CANSIGLIO, DAL 3 AL 19 GIUGNO, DALLE 8 ALLE 19, SENSO UNICO ALTERNATO REGOLATO DA IMPIANTO SEMAFORICO O MOVIERE PER POSA FIBRA OTTICA<\/p>\n<p>&nbsp;<\/p>\n<hr \/>\n<p>&nbsp;<\/p>\n<p><a class=\"dt-pswp-item\" href=\"https:\/\/www.radiopiu.net\/wordpress\/wp-content\/uploads\/2018\/09\/sport.jpg\" data-dt-img-description=\"\" data-large_image_width=\"800\" data-large_image_height=\"100\"><img loading=\"lazy\" decoding=\"async\" class=\"aligncenter wp-image-60761 size-full\" src=\"https:\/\/www.radiopiu.net\/wordpress\/wp-content\/uploads\/2018\/09\/sport.jpg\" alt=\"\" width=\"800\" height=\"100\" srcset=\"https:\/\/www.radiopiu.net\/wordpress\/wp-content\/uploads\/2018\/09\/sport.jpg 800w, https:\/\/www.radiopiu.net\/wordpress\/wp-content\/uploads\/2018\/09\/sport-300x38.jpg 300w, https:\/\/www.radiopiu.net\/wordpress\/wp-content\/uploads\/2018\/09\/sport-768x96.jpg 768w\" sizes=\"auto, (max-width: 800px) 100vw, 800px\" \/><\/a><\/p>\n<p>&nbsp;<\/p>\n<blockquote>\n<h3>L&#8217;AGORDINA STA ASPETTANDO DI SAPERE SE LA PROSSIMA STAGIONE SAR\u00c0 IN SECONDA CATEGORIA<\/h3>\n<\/blockquote>\n<p><strong><a class=\"dt-pswp-item\" href=\"https:\/\/www.radiopiu.net\/wordpress\/wp-content\/uploads\/2019\/09\/COSMO-FORCELLA.jpeg\" data-dt-img-description=\"\" data-large_image_width=\"1200\" data-large_image_height=\"1600\"><img loading=\"lazy\" decoding=\"async\" class=\" wp-image-98244 alignleft\" src=\"https:\/\/www.radiopiu.net\/wordpress\/wp-content\/uploads\/2019\/09\/COSMO-FORCELLA-225x300.jpeg\" alt=\"\" width=\"135\" height=\"180\" srcset=\"https:\/\/www.radiopiu.net\/wordpress\/wp-content\/uploads\/2019\/09\/COSMO-FORCELLA-225x300.jpeg 225w, https:\/\/www.radiopiu.net\/wordpress\/wp-content\/uploads\/2019\/09\/COSMO-FORCELLA-768x1024.jpeg 768w, https:\/\/www.radiopiu.net\/wordpress\/wp-content\/uploads\/2019\/09\/COSMO-FORCELLA.jpeg 1200w\" sizes=\"auto, (max-width: 135px) 100vw, 135px\" \/><\/a>AGORDO <\/strong>Doveva arrivare la scorsa settimana la decisione ufficiale sulle promozioni e retrocessioni dei campionati di calcio regionali e provinciali. Una decisione che era tanto attesa dalla squadra di Agordo. L&#8217;Agordina del Cosmo Forcella non sa ancora quale sar\u00e0 il suo futuro ma intanto sta gi\u00e0 mettendo le basi in vista del ritorno in campo.<\/p>\n<p><strong>IL PRESIDENTE DELL&#8217;AGORDINA COSMO FORCELLA<\/strong><\/p>\n<audio class=\"wp-audio-shortcode\" id=\"audio-140989-9\" preload=\"none\" style=\"width: 100%;\" controls=\"controls\"><source type=\"audio\/mpeg\" src=\"https:\/\/www.radiopiu.net\/wordpress\/wp-content\/uploads\/2020\/05\/cosmo-bianco.mp3?_=9\" \/><a href=\"https:\/\/www.radiopiu.net\/wordpress\/wp-content\/uploads\/2020\/05\/cosmo-bianco.mp3\">https:\/\/www.radiopiu.net\/wordpress\/wp-content\/uploads\/2020\/05\/cosmo-bianco.mp3<\/a><\/audio>\n<p>&nbsp;<\/p>\n<hr \/>\n<p>&nbsp;<\/p>\n<blockquote>\n<h3>EMANUELE BUZZI RINNOVA CON HEAD<\/h3>\n<\/blockquote>\n<p><strong><a class=\"dt-pswp-item\" href=\"https:\/\/www.radiopiu.net\/wordpress\/wp-content\/uploads\/2020\/05\/emanuele-buzzi-2019-2020.jpeg\" data-dt-img-description=\"\" data-large_image_width=\"1575\" data-large_image_height=\"1050\"><img loading=\"lazy\" decoding=\"async\" class=\"size-medium wp-image-141066 alignleft\" src=\"https:\/\/www.radiopiu.net\/wordpress\/wp-content\/uploads\/2020\/05\/emanuele-buzzi-2019-2020-300x200.jpeg\" alt=\"\" width=\"300\" height=\"200\" srcset=\"https:\/\/www.radiopiu.net\/wordpress\/wp-content\/uploads\/2020\/05\/emanuele-buzzi-2019-2020-300x200.jpeg 300w, https:\/\/www.radiopiu.net\/wordpress\/wp-content\/uploads\/2020\/05\/emanuele-buzzi-2019-2020-1024x683.jpeg 1024w, https:\/\/www.radiopiu.net\/wordpress\/wp-content\/uploads\/2020\/05\/emanuele-buzzi-2019-2020-768x512.jpeg 768w, https:\/\/www.radiopiu.net\/wordpress\/wp-content\/uploads\/2020\/05\/emanuele-buzzi-2019-2020-1536x1024.jpeg 1536w, https:\/\/www.radiopiu.net\/wordpress\/wp-content\/uploads\/2020\/05\/emanuele-buzzi-2019-2020.jpeg 1575w\" sizes=\"auto, (max-width: 300px) 100vw, 300px\" \/><\/a>SAPPADA\u00a0<\/strong><span style=\"color: #000000;\"><span style=\"font-family: verdana, sans-serif;\">Emanuele Buzzi, azzurro della nazionale azzurra di Coppa del mondo di sci alpino, specialit\u00e0 discipline veloci, ha firmato nei giorni scorsi il contratto che lo lega per altre due stagioni a Head, azienda che gli fornisce sci, attacchi e scarponi e alla quale \u00e8 legato dall&#8217;annata 2014-2015.\u00a0<\/span><\/span><span style=\"color: #000000;\"><span style=\"font-family: verdana, sans-serif;\">\u00abAbbiamo rinnovato fino al 2022\u00bb sottolinea l&#8217;atleta di Sappada che nei prossimi giorni torner\u00e0 a mettere gli sci in occasione del primo raduno che la nazionale azzurra vivr\u00e0 allo Stelvio. \u00abSono molto soddisfatto di continuare con Head, azienda che ha creduto in me fin dall&#8217;inizio della mia avventura in Coppa del Mondo. Head non solo mi ha sempre messo a disposizione materiale altamente performante ma \u00e8 sempre stata attentissima a ogni mia esigenza: il dialogo con i suoi tecnici \u00e8 continuo e proficuo\u00bb.<\/span><\/span><\/p>\n<p>&nbsp;<\/p>\n<p>&nbsp;<\/p>\n<hr \/>\n<p>&nbsp;<\/p>\n<p class=\"photoswipe-wrapper\"><a class=\"dt-pswp-item pspw-wrap-ready\" href=\"https:\/\/i0.wp.com\/www.radiopiu.net\/wordpress\/wp-content\/uploads\/2018\/09\/WhatsApp-Image-2018-09-20-at-16.04.06.jpeg?ssl=1\" data-dt-img-description=\"\" data-large_image_width=\"800\" data-large_image_height=\"100\"><img loading=\"lazy\" decoding=\"async\" class=\"aligncenter wp-image-61378 size-full jetpack-lazy-image jetpack-lazy-image--handled\" src=\"https:\/\/i0.wp.com\/www.radiopiu.net\/wordpress\/wp-content\/uploads\/2018\/09\/WhatsApp-Image-2018-09-20-at-16.04.06.jpeg?resize=800%2C100&amp;ssl=1\" sizes=\"auto, (max-width: 800px) 100vw, 800px\" srcset=\"https:\/\/i0.wp.com\/www.radiopiu.net\/wordpress\/wp-content\/uploads\/2018\/09\/WhatsApp-Image-2018-09-20-at-16.04.06.jpeg?w=800&amp;ssl=1 800w, https:\/\/i0.wp.com\/www.radiopiu.net\/wordpress\/wp-content\/uploads\/2018\/09\/WhatsApp-Image-2018-09-20-at-16.04.06.jpeg?resize=300%2C38&amp;ssl=1 300w, https:\/\/i0.wp.com\/www.radiopiu.net\/wordpress\/wp-content\/uploads\/2018\/09\/WhatsApp-Image-2018-09-20-at-16.04.06.jpeg?resize=768%2C96&amp;ssl=1 768w\" alt=\"\" width=\"800\" height=\"100\" data-recalc-dims=\"1\" data-lazy-loaded=\"1\" \/><\/a><\/p>\n<p>&nbsp;<\/p>\n<p><center><b>Venerdi 29<\/b><\/center><b>Tempo atteso:\u00a0<\/b>Residua instabilit\u00e0 notturna sulle Prealpi. Al mattino perlopi\u00f9 soleggiato su Dolomiti; qualche nube bassa o stratocumulo mattutino, assieme a primi locali addensamenti sulle Prealpi. Al pomeriggio attivit\u00e0 cumuliforme irregolare sulle Dolomiti, spesso pi\u00f9 intensa sulle Prealpi, dove l&#8217;insidia di fenomeni convettivi sar\u00e0 pi\u00f9 presente. Clima un po&#8217; fresco per il periodo, specie al primo mattino.<br \/>\n<b>Precipitazioni:\u00a0<\/b>Nottetempo rovesci e locali temporali su alcuni settori prealpini (50\/60%). In giornata, come per gioved\u00ec, la probabilit\u00e0 sar\u00e0 bassa al mattino e aumenter\u00e0 sulle Prealpi al pomeriggio per rovesci sparsi ed occasionali temporali (50\/60%), mentre il rischio continuer\u00e0 ad essere piuttosto basso sulle Dolomiti, specie sui settori centro-settentrionali (10\/20%). Nei settori interessati dai rovesci, la neve cadr\u00e0 sopra i 2200\/2300 m.<br \/>\n<b>Temperature:\u00a0<\/b>In generale calo a tutte le quote, con rischio di locali brinate sugli altopiani prealpini e nelle valli dolomitiche solitamente pi\u00f9 fredde; non escluso un rialzo delle minime nei settori prealpini interessati da eventuali nubi basse mattutine. Sono previste punte di 17\/19\u00b0C nelle conche prealpine e di 13\/15\u00b0C a 1000\/1200 m. Su Prealpi a 1500 m min 3\u00b0C max 8\u00b0C, a 2000 m min 0\u00b0C max 5\u00b0C. Su Dolomiti a 2000 m min -1\u00b0C max 5\u00b0C, a 3000 m min -7\u00b0C max -4\u00b0C.<br \/>\n<b>Venti:\u00a0<\/b>Perlopi\u00f9 deboli a regime di brezza nelle valli, a tratti moderati per rinforzi notturni su alcuni settori prealpini; in quota deboli o solo a tratti moderati da nord-ovest al mattino e da nord-est al pomeriggio, a 5-10 km\/h a 2000 m e 10-15 km\/h a 3000 m.<\/p>\n<hr \/>\n<p><center><b>Sabato 30<\/b><\/center><b>Tempo atteso:\u00a0<\/b>Nottetempo molto nuvoloso con qualche rovescio. Nel corso della mattinata temporanee schiarite, pi\u00f9 probabili sulle Dolomiti, e nuvolosit\u00e0 irregolare, pi\u00f9 intensa su Prealpi, non escluso vi siano gi\u00e0 i primi fenomeni. Poi crescente nuvolosit\u00e0 fino a cielo molto nuvoloso associato a frequenti precipitazioni. Clima fresco per il periodo.<br \/>\n<b>Precipitazioni:\u00a0<\/b>Nella notte e al mattino probabilit\u00e0 media (40\/60%) per rovesci. Al pomeriggio probabilit\u00e0 alta (80\/90%) per nuovi fenomeni precipitativi, anche temporaleschi. Limite neve a 2100\/2200 m tra notte e pomeriggio, anche 1900\/2000 m alla sera.<br \/>\n<b>Temperature:\u00a0<\/b>Minime in rialzo; massime in diminuzione. Sono previste punte di 15\/17\u00b0C nelle conche prealpine e di 11\/13\u00b0C a 1000\/1200 m. Su Prealpi a 1500 m min 4\u00b0C max 7\u00b0C, a 2000 m min 1\u00b0C max 4\u00b0C. Su Dolomiti a 2000 m min 0\u00b0C max 3\u00b0C, a 3000 m min -5\u00b0C max -4\u00b0C.<br \/>\n<b>Venti:\u00a0<\/b>Perlopi\u00f9 deboli di direzione variabile; in quota deboli o solo a tratti moderati da ovest nord-ovest al mattino e da nord al pomeriggio, a 5-10 km\/h a 2000 m e 10-15 km\/h a 3000 m.<\/p>\n<hr \/>\n<p><center><b>Domenica 31<\/b><\/center>Tempo variabile, a tratti instabile, nelle prime ore del giorno con residui fenoeni. Al pomeriggio parziale miglioramento con rasserenamenti e annuvolamenti irregolari, assieme a nubi medio-alte, con eventuali residui fenomeni sulle Prealpi. Temperature senza variazioni di rilievo rispetto a sabato o in leggero rialzo. Venti perlopi\u00f9 deboli di direzione variabile nelle valli; deboli\/moderati da nord-est in quota.<\/p>\n<hr \/>\n<p><center><b>Lunedi 1<\/b><\/center>Miglioramento del tempo con sole e cielo sereno o poco nuvoloso al mattino. Riduzione del soleggiamento al pomeriggio per irregolare attivit\u00e0 cumuliforme, localmente intensa con rischio di fenomeni convettivi. Temperature minime in calo e massime in rialzo. Venti a regime di brezza nelle valli, deboli da nord nord-est in quota. Previsore: R.L.Th<\/p>\n","protected":false},"excerpt":{"rendered":"<p>PER RICEVERE QUESTO NOTIZIARIO DIRETTAMENTE SUL TUO CELLULARE ISCRIVITI AL CANALE TELEGRAM\u00a0\u201cRADIO PIU\u00a0 INFORMAZIONE\u201d &nbsp; &nbsp; Gestione Servizi Pubblici \u00a0informa che a ROCCA PIETORE in localit\u00e0 DIGONERA, l\u2019acqua erogata dall\u2019acquedotto non \u00e8 potabile e pu\u00f2 essere usata per scopi alimentari SOLO PREVIA bollitura &nbsp; \u00a0 CHIUDE PONTE MAS, FINO AL 30 GIUGNO PER I LAVORI&hellip;<\/p>\n","protected":false},"author":4,"featured_media":141150,"comment_status":"closed","ping_status":"closed","sticky":false,"template":"","format":"standard","meta":{"_monsterinsights_skip_tracking":false,"_monsterinsights_sitenote_active":false,"_monsterinsights_sitenote_note":"","_monsterinsights_sitenote_category":0,"footnotes":""},"categories":[1,86,49],"tags":[],"class_list":["post-140989","post","type-post","status-publish","format-standard","has-post-thumbnail","hentry","category-senza-categoria","category-gr","category-news-18","category-1","category-86","category-49","description-off"],"img_url":"https:\/\/www.radiopiu.net\/wordpress\/wp-content\/uploads\/2020\/05\/34628263-6985-4ee1-a839-66c3e5ea0129.jpg","_links":{"self":[{"href":"https:\/\/www.radiopiu.net\/wordpress\/wp-json\/wp\/v2\/posts\/140989","targetHints":{"allow":["GET"]}}],"collection":[{"href":"https:\/\/www.radiopiu.net\/wordpress\/wp-json\/wp\/v2\/posts"}],"about":[{"href":"https:\/\/www.radiopiu.net\/wordpress\/wp-json\/wp\/v2\/types\/post"}],"author":[{"embeddable":true,"href":"https:\/\/www.radiopiu.net\/wordpress\/wp-json\/wp\/v2\/users\/4"}],"replies":[{"embeddable":true,"href":"https:\/\/www.radiopiu.net\/wordpress\/wp-json\/wp\/v2\/comments?post=140989"}],"version-history":[{"count":0,"href":"https:\/\/www.radiopiu.net\/wordpress\/wp-json\/wp\/v2\/posts\/140989\/revisions"}],"wp:featuredmedia":[{"embeddable":true,"href":"https:\/\/www.radiopiu.net\/wordpress\/wp-json\/wp\/v2\/media\/141150"}],"wp:attachment":[{"href":"https:\/\/www.radiopiu.net\/wordpress\/wp-json\/wp\/v2\/media?parent=140989"}],"wp:term":[{"taxonomy":"category","embeddable":true,"href":"https:\/\/www.radiopiu.net\/wordpress\/wp-json\/wp\/v2\/categories?post=140989"},{"taxonomy":"post_tag","embeddable":true,"href":"https:\/\/www.radiopiu.net\/wordpress\/wp-json\/wp\/v2\/tags?post=140989"}],"curies":[{"name":"wp","href":"https:\/\/api.w.org\/{rel}","templated":true}]}}