{"id":141004,"date":"2020-05-28T12:35:36","date_gmt":"2020-05-28T10:35:36","guid":{"rendered":"https:\/\/www.radiopiu.net\/wordpress\/?p=141004"},"modified":"2020-05-28T13:29:03","modified_gmt":"2020-05-28T11:29:03","slug":"conferenza-stampa-del-presidente-del-veneto-luca-zaia-28-maggio-2020","status":"publish","type":"post","link":"https:\/\/www.radiopiu.net\/wordpress\/conferenza-stampa-del-presidente-del-veneto-luca-zaia-28-maggio-2020\/","title":{"rendered":"&#8220;TIENE IL VENETO IN CAMMINO VERSO LA NORMALITA&#8217; , OBIETTIVO TAMPONI 15 GIUGNO&#8221; CONFERENZA STAMPA DEL PRESIDENTE DEL VENETO LUCA ZAIA 28 MAGGIO 2020"},"content":{"rendered":"<p><strong>VENEZIA<\/strong>\u00a0Da Marghera il Presidente Luca Zaia fa il punto sull\u2019emergenza Covid-19<\/p>\n<p><strong>I NUMERI<\/strong>: 632mila tamponi,\u00a0 dimessi 3336 (+18),\u00a0 isolamento 2142 (-103), ricoverati 426,\u00a0 terapia intensiva 34\u00a0 (-2, solo 9 i positivi), positivi 19125 (+12 rispetto ai 15 mila tamponi di gran lungo sotto l&#8217;uno per mille), decessi 1898 (+3), 1366 in ospedale.<\/p>\n<h2>LEGGI LA CONFERENZA DI LUCA ZAIA<\/h2>\n<p>Non male il resoconto dei dati del Veneto anche se la data importante rimane quella del 15 giugno. Respirano le terapie intensive, non ci sono nuovi ricoveri e non sono nemmeno esplosi i contagi. Questa mattina nella riunione con i direttore generali abbiamo dialogato sui tamponi confermando che si va avanti fino alla met\u00e0 del prossimo mese. Tutto fa pensare si vada verso una tenuta e stiamo anche implementando la sperimentazione dei pool provette per eseguire le analisi richieste. <strong>DONAZIONI<\/strong> mancano 328 mila euro per arrivare ai 58 milioni. <strong>OSPEDALI<\/strong> Si va verso la normalizzazione degli ospedali, riapriremo anche il punto nascite di Asiago. Anche gli ambulatori puntano alla normalit\u00e0 pre covid. L&#8217;immagine del pronto soccorso non sar\u00e0 pi\u00f9 quella di prima: saremo preparati ad eventuali nuove pandemie ed epidemie Ogni persona che accede all&#8217;ospedale come degente sar\u00e0 tamponata e adegueremo le strutture con percorsi separati. <strong>NUOVI SPOT<\/strong> Oggi la Regione ha presentato 3 nuovi spot. <strong>CASSA INTEGRAZIONE<\/strong> Zaia informa di aver parlato con il direttore dell&#8217;Inps regionale che conferma come il Veneto sia la prima regione per il pagamento della cassa integrazione (84%), ieri protestavano i marittimi ma per loro non risponde l&#8217;inps regionale bens\u00ec quello nazionale, una partita che Zaia auspica si sblocchi in fretta. <strong>OSPEDALE DE QATAR<\/strong> Rester\u00e0 montato fino al passaggio di una eventuale seconda ondata di epidemia. Per ora \u00e8 un tendone vuoto,\u00a0 ci hanno chiesto l&#8217;elenco del necessario, devono arrivare posti letto e attrezzature anche per le terapie intensive. <strong>SPOSTAMENTI TRA REGIONI<\/strong> tra Regioni dal 3 giugno con quali regole? Questo compete al Governo, \u00e8 probabile che ci sar\u00e0 un Dpcm per l&#8217;apertura dei confini regionali, in virt\u00f9 dei dati sul contagio. Noi abbiamo stipulato accordi territoriali, auspico che la riapertura sia regolamentata a livello comunitario. La Svizzera ha emanato l&#8217;apertura per il 6 giugno ma per l&#8217;Italia resta chiusa. <strong>ELEZIONI<\/strong> Non si dica che c&#8217;\u00e8 stato un accordo con le Regioni perch\u00e9 non \u00e8 mai stato fatto, noi continuiamo a dire di farle quanto prima che si vada a votare al massimo alla fine di luglio periodo tranquillo dal punto di vista sanitario. Questa notte in video conferenza\u00a0 tra presidenti e il Ministro Luciana Lamorgese ci sono state discussioni forti perch\u00e9 manca l&#8217;accordo tra le istituzioni. Abbiamo scritto a Mattarella che conosce la vicenda, ne ho parlato anch&#8217;io al garante di una Costituzione che non viene rispettate. L&#8217;articolo 63 prevede la sospensione delle elezioni in caso di guerra, prendiamo atto che abbiamo inaugurato questo articolo con il coronavirus. E&#8217; un fatto grave che non venga data risposta alle Regioni. La tensione \u00e8 alta, potrebbe saltare anche il tavolo della Conferenza Stato-Regioni. Questo non \u00e8 un dibattito, \u00e8 una questione inerente alla Costituzione. Comunque attendiamo risposte. <strong>A PROPOSITO DI EUROPA<\/strong> Non ho ben capito come funziona l&#8217;erogazione dei contributi e quali siano i vincoli. Da mesi sentiamo parlare di mega interventi ma nei conti della Regione non ho visto nulla. <strong>TURISMO<\/strong> <strong>GLI ALBERGHI NON RIAPRONO E NON SI VEDONO GLI OMBRELLONI, MA NON ERA URGENTE? <\/strong>Gli operatori sono preoccupati delle disdette della austriaci dopo che il Premier Sebastian Kurz da informazioni che chi viene in Italia al ritorno deve fare la quarantena ed \u00e8 il primo guaio. Io sono fiducioso anche se le difficolt\u00e0 non mancano. Noi abbiamo permesso da subito le riaperture, non so se qualcuno fa il delicato ma fino a ieri ci dicevano non importa se non arriva ancora il turista intanto dobbiamo mettere gli ombrelloni. Mi rifiuto di pensare che si passi l&#8217;estate con le spiagge chiuse, ma il vero tema \u00e8 l&#8217;apertura delle frontiere con la Germania, la Russia, il Nord Europa, il 23% del turismo veneto \u00e8 tedesco, capite bene quale perdita abbiamo. E aggiungiamo russi, inglesi, danesi. A noi servono i turisti. Una Schengen sanitaria? Credo che dovrebbe operare il commissario agli Esteri e quello alla Salute e attivare una messa in sicurezza sanitaria, manca\u00a0 il coordinamento fra Stati. <strong>RIAPRONO I CENTRI ESTIVI?<\/strong> Noi vogliamo aprire gi\u00e0 luned\u00ec, si sta muovendo qualcosa a Roma, spero che in 24-48 ci siano i dovuti chiarimenti.<strong> FINO A QUANDO MASCHERINA E DISTANZIAMENTO?<\/strong> Devo firmare un&#8217;ordinanza prima del 1 giugno anche per la partita della terme. La stiamo scrivendo anzi \u00e8 scritta all&#8217;80 per cento, se non e&#8217; domani la firmo sabato. <strong>CRISANTI-ZAIA E&#8217; SCONTRO<\/strong> Dopo l&#8217;inervista del Fatto ho scritto al dottor Andrea Crisanti, dicendo che il titolo che hanno messo \u00e8 una frase\u00a0 che non ho mai detto. Mi dispiace per queste polemiche,\u00a0 Crisanti ha fatto la differenza dal punto di vista microbiologico e ci ha dato idee sui tamponi, su Vo&#8217;, sui macchinari. Attribuire meriti anche agli altri non credo che sia una colpa.<\/p>\n<h2><\/h2>\n<h2>VIDEO TRE<\/h2>\n<p>https:\/\/www.facebook.com\/zaiaufficiale\/videos\/197722447970034\/<\/p>\n<h2><\/h2>\n<h2>VIDEO 2<\/h2>\n<p>https:\/\/www.facebook.com\/zaiaufficiale\/videos\/652556738925750\/<\/p>\n<h2><\/h2>\n<h2>VIDEO 1<\/h2>\n<p>https:\/\/www.facebook.com\/zaiaufficiale\/videos\/1124873697876501\/<\/p>\n<p>&nbsp;<\/p>\n","protected":false},"excerpt":{"rendered":"<p>VENEZIA\u00a0Da Marghera il Presidente Luca Zaia fa il punto sull\u2019emergenza Covid-19 I NUMERI: 632mila tamponi,\u00a0 dimessi 3336 (+18),\u00a0 isolamento 2142 (-103), ricoverati 426,\u00a0 terapia intensiva 34\u00a0 (-2, solo 9 i positivi), positivi 19125 (+12 rispetto ai 15 mila tamponi di gran lungo sotto l&#8217;uno per mille), decessi 1898 (+3), 1366 in ospedale. LEGGI LA CONFERENZA&hellip;<\/p>\n","protected":false},"author":4,"featured_media":121391,"comment_status":"closed","ping_status":"closed","sticky":false,"template":"","format":"standard","meta":{"_monsterinsights_skip_tracking":false,"_monsterinsights_sitenote_active":false,"_monsterinsights_sitenote_note":"","_monsterinsights_sitenote_category":0,"footnotes":""},"categories":[49],"tags":[],"class_list":["post-141004","post","type-post","status-publish","format-standard","has-post-thumbnail","hentry","category-news-18","category-49","description-off"],"img_url":"https:\/\/www.radiopiu.net\/wordpress\/wp-content\/uploads\/2020\/03\/covid-zaia.jpg","_links":{"self":[{"href":"https:\/\/www.radiopiu.net\/wordpress\/wp-json\/wp\/v2\/posts\/141004","targetHints":{"allow":["GET"]}}],"collection":[{"href":"https:\/\/www.radiopiu.net\/wordpress\/wp-json\/wp\/v2\/posts"}],"about":[{"href":"https:\/\/www.radiopiu.net\/wordpress\/wp-json\/wp\/v2\/types\/post"}],"author":[{"embeddable":true,"href":"https:\/\/www.radiopiu.net\/wordpress\/wp-json\/wp\/v2\/users\/4"}],"replies":[{"embeddable":true,"href":"https:\/\/www.radiopiu.net\/wordpress\/wp-json\/wp\/v2\/comments?post=141004"}],"version-history":[{"count":0,"href":"https:\/\/www.radiopiu.net\/wordpress\/wp-json\/wp\/v2\/posts\/141004\/revisions"}],"wp:featuredmedia":[{"embeddable":true,"href":"https:\/\/www.radiopiu.net\/wordpress\/wp-json\/wp\/v2\/media\/121391"}],"wp:attachment":[{"href":"https:\/\/www.radiopiu.net\/wordpress\/wp-json\/wp\/v2\/media?parent=141004"}],"wp:term":[{"taxonomy":"category","embeddable":true,"href":"https:\/\/www.radiopiu.net\/wordpress\/wp-json\/wp\/v2\/categories?post=141004"},{"taxonomy":"post_tag","embeddable":true,"href":"https:\/\/www.radiopiu.net\/wordpress\/wp-json\/wp\/v2\/tags?post=141004"}],"curies":[{"name":"wp","href":"https:\/\/api.w.org\/{rel}","templated":true}]}}