{"id":141009,"date":"2020-05-29T06:31:00","date_gmt":"2020-05-29T04:31:00","guid":{"rendered":"https:\/\/www.radiopiu.net\/wordpress\/?p=141009"},"modified":"2020-05-29T06:31:31","modified_gmt":"2020-05-29T04:31:31","slug":"luxottica-si-arriva-al-40-50-del-personale-nelle-prossime-due-settimane","status":"publish","type":"post","link":"https:\/\/www.radiopiu.net\/wordpress\/luxottica-si-arriva-al-40-50-del-personale-nelle-prossime-due-settimane\/","title":{"rendered":"LUXOTTICA: AUMENTANO I RITMI, DAL 3 GIUGNO AL LAVORO DAL 40 AL 50% DELLA FORZA LAVORO"},"content":{"rendered":"<p>&nbsp;<\/p>\n<blockquote><p>LUXOTTICA: AUMENTANO I RITMO, DAL 3 GIUGNO AL LAVORO DAL 40 AL 50% DELLA FORZA LAVORO<\/p><\/blockquote>\n<p><strong><a class=\"dt-pswp-item\" href=\"https:\/\/www.radiopiu.net\/wordpress\/wp-content\/uploads\/2020\/02\/LUXOTTICA-NOTTE-scaled.jpg\" data-dt-img-description=\"\" data-large_image_width=\"2560\" data-large_image_height=\"1920\"><img loading=\"lazy\" decoding=\"async\" class=\" wp-image-117391 alignleft\" src=\"https:\/\/www.radiopiu.net\/wordpress\/wp-content\/uploads\/2020\/02\/LUXOTTICA-NOTTE-300x225.jpg\" alt=\"\" width=\"239\" height=\"180\" srcset=\"https:\/\/www.radiopiu.net\/wordpress\/wp-content\/uploads\/2020\/02\/LUXOTTICA-NOTTE-300x225.jpg 300w, https:\/\/www.radiopiu.net\/wordpress\/wp-content\/uploads\/2020\/02\/LUXOTTICA-NOTTE-1024x768.jpg 1024w, https:\/\/www.radiopiu.net\/wordpress\/wp-content\/uploads\/2020\/02\/LUXOTTICA-NOTTE-768x576.jpg 768w, https:\/\/www.radiopiu.net\/wordpress\/wp-content\/uploads\/2020\/02\/LUXOTTICA-NOTTE-1536x1152.jpg 1536w, https:\/\/www.radiopiu.net\/wordpress\/wp-content\/uploads\/2020\/02\/LUXOTTICA-NOTTE-2048x1536.jpg 2048w\" sizes=\"auto, (max-width: 239px) 100vw, 239px\" \/><\/a>AGORDO\u00a0 <\/strong>Dal 3 giugno progressiva crescita del piano produttivo in Luxottica e per tutti gli stabimenti con una percentuale di presenze tra il 40 e il 50 per cento, con aperture in parte scaglionate in alcune reparti. Resta confermata anche la mancata attivazione la prossima settimana delle lenti sole a Lauriano. La logistica distributiva (Sedico) continuer\u00e0 a lavorare sui consueti livelli. Una percentuale di presenze pi\u00f9 alta \u00e8 confermata ad Agordo nelle aree dell\u2019Ufficio tecnico, Ufficio Prodotto ed Officina al fine di garantire il processo dei nuovi prodotti. Sono, inoltre, previste le consuete attivit\u00e0 di manutenzione e messa in sicurezza degli impianti che verranno garantite in ogni sede.<\/p>\n<p>Come ogni settimana, sigle sindacali (CGIL, CISL e UIL) e dirigenza Luxottica si sono incontrate per fare il punto della situazione dei vari stabilimenti. Dopo un esame delle settimane trascorse e l\u2019analisi di alcune tematiche emerse trasversalmente a livello territoriale anche alla luce dell\u2019accordo di Cassa Integrazione che \u00e8 stato prorogato., sono stati in ogni caso ribaditi i programmi produttivi per le settimane dell\u20191 e dell\u20198 di giugno 2020, confermando il ponte per la giornata del 1\u00b0 giugno.<\/p>\n","protected":false},"excerpt":{"rendered":"<p>&nbsp; LUXOTTICA: AUMENTANO I RITMO, DAL 3 GIUGNO AL LAVORO DAL 40 AL 50% DELLA FORZA LAVORO AGORDO\u00a0 Dal 3 giugno progressiva crescita del piano produttivo in Luxottica e per tutti gli stabimenti con una percentuale di presenze tra il 40 e il 50 per cento, con aperture in parte scaglionate in alcune reparti. Resta&hellip;<\/p>\n","protected":false},"author":4,"featured_media":117391,"comment_status":"closed","ping_status":"closed","sticky":false,"template":"","format":"standard","meta":{"_monsterinsights_skip_tracking":false,"_monsterinsights_sitenote_active":false,"_monsterinsights_sitenote_note":"","_monsterinsights_sitenote_category":0,"footnotes":""},"categories":[49],"tags":[],"class_list":["post-141009","post","type-post","status-publish","format-standard","has-post-thumbnail","hentry","category-news-18","category-49","description-off"],"img_url":"https:\/\/www.radiopiu.net\/wordpress\/wp-content\/uploads\/2020\/02\/LUXOTTICA-NOTTE-scaled.jpg","_links":{"self":[{"href":"https:\/\/www.radiopiu.net\/wordpress\/wp-json\/wp\/v2\/posts\/141009","targetHints":{"allow":["GET"]}}],"collection":[{"href":"https:\/\/www.radiopiu.net\/wordpress\/wp-json\/wp\/v2\/posts"}],"about":[{"href":"https:\/\/www.radiopiu.net\/wordpress\/wp-json\/wp\/v2\/types\/post"}],"author":[{"embeddable":true,"href":"https:\/\/www.radiopiu.net\/wordpress\/wp-json\/wp\/v2\/users\/4"}],"replies":[{"embeddable":true,"href":"https:\/\/www.radiopiu.net\/wordpress\/wp-json\/wp\/v2\/comments?post=141009"}],"version-history":[{"count":0,"href":"https:\/\/www.radiopiu.net\/wordpress\/wp-json\/wp\/v2\/posts\/141009\/revisions"}],"wp:featuredmedia":[{"embeddable":true,"href":"https:\/\/www.radiopiu.net\/wordpress\/wp-json\/wp\/v2\/media\/117391"}],"wp:attachment":[{"href":"https:\/\/www.radiopiu.net\/wordpress\/wp-json\/wp\/v2\/media?parent=141009"}],"wp:term":[{"taxonomy":"category","embeddable":true,"href":"https:\/\/www.radiopiu.net\/wordpress\/wp-json\/wp\/v2\/categories?post=141009"},{"taxonomy":"post_tag","embeddable":true,"href":"https:\/\/www.radiopiu.net\/wordpress\/wp-json\/wp\/v2\/tags?post=141009"}],"curies":[{"name":"wp","href":"https:\/\/api.w.org\/{rel}","templated":true}]}}