{"id":141097,"date":"2020-05-28T17:56:19","date_gmt":"2020-05-28T15:56:19","guid":{"rendered":"https:\/\/www.radiopiu.net\/wordpress\/?p=141097"},"modified":"2020-05-28T18:08:08","modified_gmt":"2020-05-28T16:08:08","slug":"lambioi-bottacin","status":"publish","type":"post","link":"https:\/\/www.radiopiu.net\/wordpress\/lambioi-bottacin\/","title":{"rendered":"TANTI CANTIERI POST VAIA DAL CADORE ALL&#8217;AGORDINO, IL PIU&#8217; &#8220;VISIBILE&#8221; E&#8217; QUELLO DI LAMBIOI (AUDIO)"},"content":{"rendered":"<h3><\/h3>\n<p><em><strong>Piave: si riparte con altri 4 milioni di euro di lavori nell\u2019area di Lambioi e nella zona di confluenza con l\u2019Ardo a Belluno citt\u00e0<\/strong><\/em><\/p>\n<div dir=\"auto\"><a class=\"dt-pswp-item\" href=\"https:\/\/www.radiopiu.net\/wordpress\/wp-content\/uploads\/2020\/05\/100733876_10157342740047544_1362137388888883200_o.jpg\" data-dt-img-description=\"\" data-large_image_width=\"1280\" data-large_image_height=\"960\"><img loading=\"lazy\" decoding=\"async\" class=\" wp-image-141054 alignleft\" src=\"https:\/\/www.radiopiu.net\/wordpress\/wp-content\/uploads\/2020\/05\/100733876_10157342740047544_1362137388888883200_o-300x225.jpg\" alt=\"\" width=\"256\" height=\"193\" srcset=\"https:\/\/www.radiopiu.net\/wordpress\/wp-content\/uploads\/2020\/05\/100733876_10157342740047544_1362137388888883200_o-300x225.jpg 300w, https:\/\/www.radiopiu.net\/wordpress\/wp-content\/uploads\/2020\/05\/100733876_10157342740047544_1362137388888883200_o-1024x768.jpg 1024w, https:\/\/www.radiopiu.net\/wordpress\/wp-content\/uploads\/2020\/05\/100733876_10157342740047544_1362137388888883200_o-768x576.jpg 768w, https:\/\/www.radiopiu.net\/wordpress\/wp-content\/uploads\/2020\/05\/100733876_10157342740047544_1362137388888883200_o.jpg 1280w\" sizes=\"auto, (max-width: 256px) 100vw, 256px\" \/><\/a>Dopo i lavori di sistemazione idraulica completati durante l\u2019inverno e curati dalla struttura regionale del Genio Civile di Belluno, con cui \u00e8 stato realizzato un importante intervento di ripristino delle fondazioni delle opere di difesa esistenti oltre che il rifacimento di una soglia di fondo, e per i quali sono\u00a0 gi\u00e0\u00a0 stati investiti 2.380.000 euro, ecco in avvio la seconda fase di interventi non solo per il completo ripristino dei danni post Vaia, ma anche e soprattutto per un aumento della mitigazione del rischio delle aree coinvolte. L&#8217;assessorato alla Protezione Civile della Regione ha\u00a0 messo a disposizione del Genio Civile ulteriori 3 milioni di euro per la sistemazione delle opere di difesa idraulica ricadenti all\u2019interno del tratto del fiume sacro alla Patria compreso tra la localit\u00e0 di Borgo Piave, nella confluenza col torrente Ardo, e la localit\u00e0 di Lambioi. In particolare a Borgo Piave la progettazione indagher\u00e0 le possibili soluzioni finalizzate all\u2019adeguamento del franco di sicurezza idraulico del tratto arginato in sponda destra e al consolidamento dello stesso. Immediatamente a valle ulteriore progettazione per altri 1.040.000 euro anche in questo caso a favore del Genio Civile, che consentir\u00e0 di completare la messa in sicurezza di tutto il tratto a monte del Borgo. Tali interventi si coordinano inoltre con quello per la realizzazione di un cavaliere d\u2019argine per lo scarico delle acque di fognatura bianca anche durante la piena del fiume con richiesta di inserimento al Dipartimento nazionale della Protezione Civile nel piano delle opere 2020 proposto dalla Regione, gi\u00e0 finanziato il Comune di Belluno con 300mila euro.<\/div>\n<div dir=\"auto\"><\/div>\n<div dir=\"auto\"><strong>AI MICROFONI DI RADIO PIU&#8217; L&#8217;ASSESSORE GIANPAOLO BOTTACIN<\/strong><\/div>\n<div dir=\"auto\">\n<audio class=\"wp-audio-shortcode\" id=\"audio-141097-1\" preload=\"none\" style=\"width: 100%;\" controls=\"controls\"><source type=\"audio\/mpeg\" src=\"https:\/\/www.radiopiu.net\/wordpress\/wp-content\/uploads\/2020\/05\/bottacin-lambioi.mp3?_=1\" \/><a href=\"https:\/\/www.radiopiu.net\/wordpress\/wp-content\/uploads\/2020\/05\/bottacin-lambioi.mp3\">https:\/\/www.radiopiu.net\/wordpress\/wp-content\/uploads\/2020\/05\/bottacin-lambioi.mp3<\/a><\/audio>\n<\/div>\n<div dir=\"auto\"><\/div>\n<div dir=\"auto\"><\/div>\n<div dir=\"auto\"><a class=\"dt-pswp-item\" href=\"https:\/\/www.radiopiu.net\/wordpress\/wp-content\/uploads\/2020\/05\/101360976_10157342736937544_6443622026962796544_n.png\" data-dt-img-description=\"\" data-large_image_width=\"636\" data-large_image_height=\"477\"><img loading=\"lazy\" decoding=\"async\" class=\"alignnone size-medium wp-image-141053\" src=\"https:\/\/www.radiopiu.net\/wordpress\/wp-content\/uploads\/2020\/05\/101360976_10157342736937544_6443622026962796544_n-300x225.png\" alt=\"\" width=\"300\" height=\"225\" srcset=\"https:\/\/www.radiopiu.net\/wordpress\/wp-content\/uploads\/2020\/05\/101360976_10157342736937544_6443622026962796544_n-300x225.png 300w, https:\/\/www.radiopiu.net\/wordpress\/wp-content\/uploads\/2020\/05\/101360976_10157342736937544_6443622026962796544_n.png 636w\" sizes=\"auto, (max-width: 300px) 100vw, 300px\" \/><\/a><a class=\"dt-pswp-item\" href=\"https:\/\/www.radiopiu.net\/wordpress\/wp-content\/uploads\/2020\/05\/101562237_10157342740577544_3464791838995513344_n.png\" data-dt-img-description=\"\" data-large_image_width=\"554\" data-large_image_height=\"416\"><img loading=\"lazy\" decoding=\"async\" class=\"alignnone size-medium wp-image-141055\" src=\"https:\/\/www.radiopiu.net\/wordpress\/wp-content\/uploads\/2020\/05\/101562237_10157342740577544_3464791838995513344_n-300x225.png\" alt=\"\" width=\"300\" height=\"225\" srcset=\"https:\/\/www.radiopiu.net\/wordpress\/wp-content\/uploads\/2020\/05\/101562237_10157342740577544_3464791838995513344_n-300x225.png 300w, https:\/\/www.radiopiu.net\/wordpress\/wp-content\/uploads\/2020\/05\/101562237_10157342740577544_3464791838995513344_n.png 554w\" sizes=\"auto, (max-width: 300px) 100vw, 300px\" \/><\/a><\/div>\n<div dir=\"auto\"><\/div>\n<div dir=\"auto\"><\/div>\n","protected":false},"excerpt":{"rendered":"<p>Piave: si riparte con altri 4 milioni di euro di lavori nell\u2019area di Lambioi e nella zona di confluenza con l\u2019Ardo a Belluno citt\u00e0 Dopo i lavori di sistemazione idraulica completati durante l\u2019inverno e curati dalla struttura regionale del Genio Civile di Belluno, con cui \u00e8 stato realizzato un importante intervento di ripristino delle fondazioni&hellip;<\/p>\n","protected":false},"author":4,"featured_media":141054,"comment_status":"closed","ping_status":"closed","sticky":false,"template":"","format":"standard","meta":{"_monsterinsights_skip_tracking":false,"_monsterinsights_sitenote_active":false,"_monsterinsights_sitenote_note":"","_monsterinsights_sitenote_category":0,"footnotes":""},"categories":[49],"tags":[],"class_list":["post-141097","post","type-post","status-publish","format-standard","has-post-thumbnail","hentry","category-news-18","category-49","description-off"],"img_url":"https:\/\/www.radiopiu.net\/wordpress\/wp-content\/uploads\/2020\/05\/100733876_10157342740047544_1362137388888883200_o.jpg","_links":{"self":[{"href":"https:\/\/www.radiopiu.net\/wordpress\/wp-json\/wp\/v2\/posts\/141097","targetHints":{"allow":["GET"]}}],"collection":[{"href":"https:\/\/www.radiopiu.net\/wordpress\/wp-json\/wp\/v2\/posts"}],"about":[{"href":"https:\/\/www.radiopiu.net\/wordpress\/wp-json\/wp\/v2\/types\/post"}],"author":[{"embeddable":true,"href":"https:\/\/www.radiopiu.net\/wordpress\/wp-json\/wp\/v2\/users\/4"}],"replies":[{"embeddable":true,"href":"https:\/\/www.radiopiu.net\/wordpress\/wp-json\/wp\/v2\/comments?post=141097"}],"version-history":[{"count":0,"href":"https:\/\/www.radiopiu.net\/wordpress\/wp-json\/wp\/v2\/posts\/141097\/revisions"}],"wp:featuredmedia":[{"embeddable":true,"href":"https:\/\/www.radiopiu.net\/wordpress\/wp-json\/wp\/v2\/media\/141054"}],"wp:attachment":[{"href":"https:\/\/www.radiopiu.net\/wordpress\/wp-json\/wp\/v2\/media?parent=141097"}],"wp:term":[{"taxonomy":"category","embeddable":true,"href":"https:\/\/www.radiopiu.net\/wordpress\/wp-json\/wp\/v2\/categories?post=141097"},{"taxonomy":"post_tag","embeddable":true,"href":"https:\/\/www.radiopiu.net\/wordpress\/wp-json\/wp\/v2\/tags?post=141097"}],"curies":[{"name":"wp","href":"https:\/\/api.w.org\/{rel}","templated":true}]}}