{"id":141109,"date":"2020-05-28T18:16:04","date_gmt":"2020-05-28T16:16:04","guid":{"rendered":"https:\/\/www.radiopiu.net\/wordpress\/?p=141109"},"modified":"2020-05-28T18:16:04","modified_gmt":"2020-05-28T16:16:04","slug":"controlli-movida","status":"publish","type":"post","link":"https:\/\/www.radiopiu.net\/wordpress\/controlli-movida\/","title":{"rendered":"CONTROLLI &#8220;MOVIDA&#8221;"},"content":{"rendered":"<p><strong><a class=\"dt-pswp-item\" href=\"https:\/\/www.radiopiu.net\/wordpress\/wp-content\/uploads\/2020\/05\/BAR.jpg\" data-dt-img-description=\"\" data-large_image_width=\"1920\" data-large_image_height=\"1280\"><img loading=\"lazy\" decoding=\"async\" class=\"size-medium wp-image-141111 alignleft\" src=\"https:\/\/www.radiopiu.net\/wordpress\/wp-content\/uploads\/2020\/05\/BAR-300x200.jpg\" alt=\"\" width=\"300\" height=\"200\" srcset=\"https:\/\/www.radiopiu.net\/wordpress\/wp-content\/uploads\/2020\/05\/BAR-300x200.jpg 300w, https:\/\/www.radiopiu.net\/wordpress\/wp-content\/uploads\/2020\/05\/BAR-1024x683.jpg 1024w, https:\/\/www.radiopiu.net\/wordpress\/wp-content\/uploads\/2020\/05\/BAR-768x512.jpg 768w, https:\/\/www.radiopiu.net\/wordpress\/wp-content\/uploads\/2020\/05\/BAR-1536x1024.jpg 1536w, https:\/\/www.radiopiu.net\/wordpress\/wp-content\/uploads\/2020\/05\/BAR.jpg 1920w\" sizes=\"auto, (max-width: 300px) 100vw, 300px\" \/><\/a>BELLUNO <\/strong><span class=\"s1\">Il distanziamento sociale quale inderogabile parametro per la tutela della salute pubblica, e il conseguente rafforzamento dei controlli nei luoghi della \u201cmovida\u201d finalizzati a evitare assembramenti in luoghi pubblici o aperti al pubblico . Sono queste le principali misure concordate dal Comitato provinciale per l\u2019ordine e la sicurezza pubblica e successivamente trattate in sede di Tavolo tecnico tenutosi in Questura alla presenza dei vertici delle forze di Polizia. Nel corso dell\u2019incontro \u00e8 stata sottolineata la necessit\u00e0 di scongiurare pericolosi assembramenti che, specie nel fine settimana, interessano i luoghi di aggregazione e i locali della \u201cmovida\u201d. Il dispositivo, gi\u00e0 attuato nello scorso weekend, si svolger\u00e0 nelle date del 29 &#8211; 30 maggio e luned\u00ec 1 giugno, il quale vedr\u00e0 in campo un significativo dispiegamento di Forze dell\u2019ordine (circa 30 unit\u00e0 a giornata ) le quali provvederanno a intensificare i controlli in un\u2019ottica collaborativa e non solo meramente repressiva. Tali servizi saranno attuati contemporaneamente nelle citt\u00e0 di Belluno,<span class=\"Apple-converted-space\">\u00a0 <\/span>Feltre e Cortina d\u2019Ampezzo. Inoltre, come avvenuto per gli scorsi anni, con l\u2019approssimarsi della stagione estiva si ripropone l\u2019annoso problema dei comportamenti imprudenti posti in essere dai motociclisti. A tal fine sono stati predisposti mirati servizi, con pattuglie dedicate, nelle mattine di sabato 30 e domenica 31 maggio, nonch\u00e9 di luned\u00ec 1 e marted\u00ec 2 giugno. Decisivo sar\u00e0, a riguardo, il responsabile atteggiamento dei cittadini Bellunesi i quali hanno interpretato al meglio le prescrizioni imposte dalla \u201cfase 1\u201d dell\u2019emergenza pandemica. <\/span><\/p>\n","protected":false},"excerpt":{"rendered":"<p>BELLUNO Il distanziamento sociale quale inderogabile parametro per la tutela della salute pubblica, e il conseguente rafforzamento dei controlli nei luoghi della \u201cmovida\u201d finalizzati a evitare assembramenti in luoghi pubblici o aperti al pubblico . Sono queste le principali misure concordate dal Comitato provinciale per l\u2019ordine e la sicurezza pubblica e successivamente trattate in sede&hellip;<\/p>\n","protected":false},"author":4,"featured_media":141111,"comment_status":"closed","ping_status":"closed","sticky":false,"template":"","format":"standard","meta":{"_monsterinsights_skip_tracking":false,"_monsterinsights_sitenote_active":false,"_monsterinsights_sitenote_note":"","_monsterinsights_sitenote_category":0,"footnotes":""},"categories":[49],"tags":[],"class_list":["post-141109","post","type-post","status-publish","format-standard","has-post-thumbnail","hentry","category-news-18","category-49","description-off"],"img_url":"https:\/\/www.radiopiu.net\/wordpress\/wp-content\/uploads\/2020\/05\/BAR.jpg","_links":{"self":[{"href":"https:\/\/www.radiopiu.net\/wordpress\/wp-json\/wp\/v2\/posts\/141109","targetHints":{"allow":["GET"]}}],"collection":[{"href":"https:\/\/www.radiopiu.net\/wordpress\/wp-json\/wp\/v2\/posts"}],"about":[{"href":"https:\/\/www.radiopiu.net\/wordpress\/wp-json\/wp\/v2\/types\/post"}],"author":[{"embeddable":true,"href":"https:\/\/www.radiopiu.net\/wordpress\/wp-json\/wp\/v2\/users\/4"}],"replies":[{"embeddable":true,"href":"https:\/\/www.radiopiu.net\/wordpress\/wp-json\/wp\/v2\/comments?post=141109"}],"version-history":[{"count":0,"href":"https:\/\/www.radiopiu.net\/wordpress\/wp-json\/wp\/v2\/posts\/141109\/revisions"}],"wp:featuredmedia":[{"embeddable":true,"href":"https:\/\/www.radiopiu.net\/wordpress\/wp-json\/wp\/v2\/media\/141111"}],"wp:attachment":[{"href":"https:\/\/www.radiopiu.net\/wordpress\/wp-json\/wp\/v2\/media?parent=141109"}],"wp:term":[{"taxonomy":"category","embeddable":true,"href":"https:\/\/www.radiopiu.net\/wordpress\/wp-json\/wp\/v2\/categories?post=141109"},{"taxonomy":"post_tag","embeddable":true,"href":"https:\/\/www.radiopiu.net\/wordpress\/wp-json\/wp\/v2\/tags?post=141109"}],"curies":[{"name":"wp","href":"https:\/\/api.w.org\/{rel}","templated":true}]}}