{"id":141178,"date":"2020-05-30T06:02:07","date_gmt":"2020-05-30T04:02:07","guid":{"rendered":"https:\/\/www.radiopiu.net\/wordpress\/?p=141178"},"modified":"2020-05-30T09:34:14","modified_gmt":"2020-05-30T07:34:14","slug":"giornale-radiopiu-30-maggio-2020-direttore-mirko-mezzacasa","status":"publish","type":"post","link":"https:\/\/www.radiopiu.net\/wordpress\/giornale-radiopiu-30-maggio-2020-direttore-mirko-mezzacasa\/","title":{"rendered":"GIORNALE RADIOPIU 30 MAGGIO 2020 DIRETTORE MIRKO MEZZACASA"},"content":{"rendered":"<h3><strong>\u00a0PER RICEVERE QUESTO NOTIZIARIO DIRETTAMENTE SUL TUO CELLULARE ISCRIVITI AL CANALE TELEGRAM <\/strong><strong>\u201cRADIO PIU\u00a0 INFORMAZIONE\u201d<\/strong><\/h3>\n<p>&nbsp;<\/p>\n<h2>SCOSSA DI TERREMOTO IN ALPAGO, ALL&#8217;1.53<\/h2>\n<p><strong>ALPAGO<\/strong> Lieve scossa di terremoto all&#8217;1.53 in Alpago a Chies. Magnitudo 1,4 a una profondit\u00e0 di 6,4 chilometri.<\/p>\n<p><a class=\"dt-pswp-item\" href=\"https:\/\/www.radiopiu.net\/wordpress\/wp-content\/uploads\/2020\/05\/780a8ed1-a668-4267-a0a4-e72d1886bdc8.jpg\" data-dt-img-description=\"\" data-large_image_width=\"1080\" data-large_image_height=\"1920\"><img loading=\"lazy\" decoding=\"async\" class=\"alignnone size-medium wp-image-141411\" src=\"https:\/\/www.radiopiu.net\/wordpress\/wp-content\/uploads\/2020\/05\/780a8ed1-a668-4267-a0a4-e72d1886bdc8-169x300.jpg\" alt=\"\" width=\"169\" height=\"300\" srcset=\"https:\/\/www.radiopiu.net\/wordpress\/wp-content\/uploads\/2020\/05\/780a8ed1-a668-4267-a0a4-e72d1886bdc8-169x300.jpg 169w, https:\/\/www.radiopiu.net\/wordpress\/wp-content\/uploads\/2020\/05\/780a8ed1-a668-4267-a0a4-e72d1886bdc8-576x1024.jpg 576w, https:\/\/www.radiopiu.net\/wordpress\/wp-content\/uploads\/2020\/05\/780a8ed1-a668-4267-a0a4-e72d1886bdc8-768x1365.jpg 768w, https:\/\/www.radiopiu.net\/wordpress\/wp-content\/uploads\/2020\/05\/780a8ed1-a668-4267-a0a4-e72d1886bdc8-864x1536.jpg 864w, https:\/\/www.radiopiu.net\/wordpress\/wp-content\/uploads\/2020\/05\/780a8ed1-a668-4267-a0a4-e72d1886bdc8.jpg 1080w\" sizes=\"auto, (max-width: 169px) 100vw, 169px\" \/><\/a><a class=\"dt-pswp-item\" href=\"https:\/\/www.radiopiu.net\/wordpress\/wp-content\/uploads\/2020\/05\/992186b3-d7c2-4b96-a567-93e1fa97b573.jpg\" data-dt-img-description=\"\" data-large_image_width=\"1080\" data-large_image_height=\"1920\"><img loading=\"lazy\" decoding=\"async\" class=\"alignnone size-medium wp-image-141409\" src=\"https:\/\/www.radiopiu.net\/wordpress\/wp-content\/uploads\/2020\/05\/992186b3-d7c2-4b96-a567-93e1fa97b573-169x300.jpg\" alt=\"\" width=\"169\" height=\"300\" srcset=\"https:\/\/www.radiopiu.net\/wordpress\/wp-content\/uploads\/2020\/05\/992186b3-d7c2-4b96-a567-93e1fa97b573-169x300.jpg 169w, https:\/\/www.radiopiu.net\/wordpress\/wp-content\/uploads\/2020\/05\/992186b3-d7c2-4b96-a567-93e1fa97b573-576x1024.jpg 576w, https:\/\/www.radiopiu.net\/wordpress\/wp-content\/uploads\/2020\/05\/992186b3-d7c2-4b96-a567-93e1fa97b573-768x1365.jpg 768w, https:\/\/www.radiopiu.net\/wordpress\/wp-content\/uploads\/2020\/05\/992186b3-d7c2-4b96-a567-93e1fa97b573-864x1536.jpg 864w, https:\/\/www.radiopiu.net\/wordpress\/wp-content\/uploads\/2020\/05\/992186b3-d7c2-4b96-a567-93e1fa97b573.jpg 1080w\" sizes=\"auto, (max-width: 169px) 100vw, 169px\" \/><\/a><\/p>\n<p>&nbsp;<\/p>\n<p>&nbsp;<\/p>\n<p>&nbsp;<\/p>\n<hr \/>\n<p>&nbsp;<\/p>\n<p><em><strong>Gestione Servizi Pubblici \u00a0informa che a ROCCA PIETORE in localit\u00e0 DIGONERA, l\u2019acqua erogata dall\u2019acquedotto non \u00e8 potabile e pu\u00f2 essere usata per scopi alimentari SOLO PREVIA bollitura<\/strong><\/em><\/p>\n<p>&nbsp;<\/p>\n<hr \/>\n<p><strong>\u00a0<\/strong><\/p>\n<p><strong>CHIUDE PONTE MAS, FINO AL 30 GIUGNO PER I LAVORI DI CONSOLIDAMENTO:<\/strong>\u00a0 fino al\u00a0 30 giugno sar\u00e0 chiuso sia alle macchine sia ai pedoni. Percorso alternativo: da Ponte Mas a Vignole in Comune di Sedico.<\/p>\n<p><strong>INTERRUZIONI A CRISTO DELLE PIANIZZE\u00a0<\/strong>sp347 DURAN E CEREDA fino al al 5 giugno (esclusi festivi e prefestivi) possibili interruzioni in localit\u00e0 Pianizze (Agordo) della durata massima di 15 minuti dalle 8 alle 12 e dalle 13 alle 17, inoltre senso unico alternato nei periodi non interessati dalle chiusura<\/p>\n<p>&nbsp;<\/p>\n<hr \/>\n<p>&nbsp;<\/p>\n<div class=\"page-title-head hgroup\">\n<blockquote>\n<h3 class=\"entry-title\">VIGILI DEL FUOCO A SOSPIROLO PER L\u2019INCENDIO DI UNA PALA GOMMATA<\/h3>\n<\/blockquote>\n<\/div>\n<div class=\"page-title-breadcrumbs\">\n<p><strong>SOSPIROLO<\/strong>\u00a0Ieri alle\u00a0 5.30, i vigili del fuoco sono intervenuti presso la cava di calce di via Masiere a Sospirolo, cantiere Grigolin,\u00a0 per l\u2019incendio di una pala gommata. I pompieri intervenuti da Belluno con un\u2019autopompa, un\u2019autobotte e sette operatori, hanno spento utilizzando la schiuma il mezzo di movimento terra. Le cause di probabile natura elettrica sono al vaglio dei tecnici dei vigili del fuoco. Sul posto anche i carabinieri. Le operazioni di completo spegnimento e messa in sicurezza della pala meccanica da parte dei vigili del fuoco sono terminate alle 8 circa. Sul posto i Carabinieri di Sedico. Ad accorgersi dell\u2019incendio un dipendente, dalla cabina del mezzo parcheggiato usciva del fumo probabilmente per un corto circuito dell\u2019impianto elettrico che in breve ha innescato l\u2019incendio anche a cause di residui di olio. Ingenti i danni al mezzo del valore di almeno 50.000 euro.<\/p>\n<p class=\"photoswipe-wrapper\"><a class=\"dt-pswp-item pspw-wrap-ready\" href=\"https:\/\/i2.wp.com\/www.radiopiu.net\/wordpress\/wp-content\/uploads\/2020\/05\/04a42e9f-ffda-4b00-9156-274cd87b27e1.jpg?ssl=1\" data-dt-img-description=\"\" data-large_image_width=\"1061\" data-large_image_height=\"720\"><img loading=\"lazy\" decoding=\"async\" class=\"alignnone wp-image-141190 jetpack-lazy-image jetpack-lazy-image--handled\" src=\"https:\/\/i2.wp.com\/www.radiopiu.net\/wordpress\/wp-content\/uploads\/2020\/05\/04a42e9f-ffda-4b00-9156-274cd87b27e1.jpg?resize=204%2C138&amp;ssl=1\" sizes=\"auto, (max-width: 204px) 100vw, 204px\" srcset=\"https:\/\/i2.wp.com\/www.radiopiu.net\/wordpress\/wp-content\/uploads\/2020\/05\/04a42e9f-ffda-4b00-9156-274cd87b27e1.jpg?resize=300%2C204&amp;ssl=1 300w, https:\/\/i2.wp.com\/www.radiopiu.net\/wordpress\/wp-content\/uploads\/2020\/05\/04a42e9f-ffda-4b00-9156-274cd87b27e1.jpg?resize=1024%2C695&amp;ssl=1 1024w, https:\/\/i2.wp.com\/www.radiopiu.net\/wordpress\/wp-content\/uploads\/2020\/05\/04a42e9f-ffda-4b00-9156-274cd87b27e1.jpg?resize=768%2C521&amp;ssl=1 768w, https:\/\/i2.wp.com\/www.radiopiu.net\/wordpress\/wp-content\/uploads\/2020\/05\/04a42e9f-ffda-4b00-9156-274cd87b27e1.jpg?w=1061&amp;ssl=1 1061w\" alt=\"\" width=\"204\" height=\"138\" data-recalc-dims=\"1\" data-lazy-loaded=\"1\" \/><\/a><a class=\"dt-pswp-item pspw-wrap-ready\" href=\"https:\/\/i0.wp.com\/www.radiopiu.net\/wordpress\/wp-content\/uploads\/2020\/05\/c5adfc3d-6271-4bee-b800-84ca02b056c9.jpg?ssl=1\" data-dt-img-description=\"\" data-large_image_width=\"1280\" data-large_image_height=\"720\"><img loading=\"lazy\" decoding=\"async\" class=\"alignnone wp-image-141191 jetpack-lazy-image jetpack-lazy-image--handled\" src=\"https:\/\/i0.wp.com\/www.radiopiu.net\/wordpress\/wp-content\/uploads\/2020\/05\/c5adfc3d-6271-4bee-b800-84ca02b056c9.jpg?resize=245%2C138&amp;ssl=1\" sizes=\"auto, (max-width: 245px) 100vw, 245px\" srcset=\"https:\/\/i0.wp.com\/www.radiopiu.net\/wordpress\/wp-content\/uploads\/2020\/05\/c5adfc3d-6271-4bee-b800-84ca02b056c9.jpg?resize=300%2C169&amp;ssl=1 300w, https:\/\/i0.wp.com\/www.radiopiu.net\/wordpress\/wp-content\/uploads\/2020\/05\/c5adfc3d-6271-4bee-b800-84ca02b056c9.jpg?resize=1024%2C576&amp;ssl=1 1024w, https:\/\/i0.wp.com\/www.radiopiu.net\/wordpress\/wp-content\/uploads\/2020\/05\/c5adfc3d-6271-4bee-b800-84ca02b056c9.jpg?resize=768%2C432&amp;ssl=1 768w, https:\/\/i0.wp.com\/www.radiopiu.net\/wordpress\/wp-content\/uploads\/2020\/05\/c5adfc3d-6271-4bee-b800-84ca02b056c9.jpg?w=1280&amp;ssl=1 1280w\" alt=\"\" width=\"245\" height=\"138\" data-recalc-dims=\"1\" data-lazy-loaded=\"1\" \/><\/a><a class=\"dt-pswp-item pspw-wrap-ready\" href=\"https:\/\/i2.wp.com\/www.radiopiu.net\/wordpress\/wp-content\/uploads\/2020\/05\/2c001fcd-e920-4ca4-94fb-2502a604fe1a.jpg?ssl=1\" data-dt-img-description=\"\" data-large_image_width=\"1097\" data-large_image_height=\"687\"><img loading=\"lazy\" decoding=\"async\" class=\"alignnone wp-image-141192 jetpack-lazy-image jetpack-lazy-image--handled\" src=\"https:\/\/i2.wp.com\/www.radiopiu.net\/wordpress\/wp-content\/uploads\/2020\/05\/2c001fcd-e920-4ca4-94fb-2502a604fe1a.jpg?resize=230%2C144&amp;ssl=1\" sizes=\"auto, (max-width: 230px) 100vw, 230px\" srcset=\"https:\/\/i2.wp.com\/www.radiopiu.net\/wordpress\/wp-content\/uploads\/2020\/05\/2c001fcd-e920-4ca4-94fb-2502a604fe1a.jpg?resize=300%2C188&amp;ssl=1 300w, https:\/\/i2.wp.com\/www.radiopiu.net\/wordpress\/wp-content\/uploads\/2020\/05\/2c001fcd-e920-4ca4-94fb-2502a604fe1a.jpg?resize=1024%2C641&amp;ssl=1 1024w, https:\/\/i2.wp.com\/www.radiopiu.net\/wordpress\/wp-content\/uploads\/2020\/05\/2c001fcd-e920-4ca4-94fb-2502a604fe1a.jpg?resize=768%2C481&amp;ssl=1 768w, https:\/\/i2.wp.com\/www.radiopiu.net\/wordpress\/wp-content\/uploads\/2020\/05\/2c001fcd-e920-4ca4-94fb-2502a604fe1a.jpg?w=1097&amp;ssl=1 1097w\" alt=\"\" width=\"230\" height=\"144\" data-recalc-dims=\"1\" data-lazy-loaded=\"1\" \/><\/a><\/p>\n<p>&nbsp;<\/p>\n<p>&nbsp;<\/p>\n<hr \/>\n<p>&nbsp;<\/p>\n<blockquote><p>&nbsp;<\/p>\n<h2><em>GIUGNO SCADENZA ACCONTO IMU, I COMUNI DECIDERANNO EVENTUALI PROROGHE<\/em><\/h2>\n<\/blockquote>\n<p><strong><a class=\"dt-pswp-item\" href=\"https:\/\/www.radiopiu.net\/wordpress\/wp-content\/uploads\/2020\/05\/imu.jpg\" data-dt-img-description=\"\" data-large_image_width=\"400\" data-large_image_height=\"301\"><img loading=\"lazy\" decoding=\"async\" class=\" wp-image-141398 alignleft\" src=\"https:\/\/www.radiopiu.net\/wordpress\/wp-content\/uploads\/2020\/05\/imu-300x226.jpg\" alt=\"\" width=\"211\" height=\"160\" srcset=\"https:\/\/www.radiopiu.net\/wordpress\/wp-content\/uploads\/2020\/05\/imu-300x226.jpg 300w, https:\/\/www.radiopiu.net\/wordpress\/wp-content\/uploads\/2020\/05\/imu.jpg 400w\" sizes=\"auto, (max-width: 211px) 100vw, 211px\" \/><\/a><\/strong><\/p>\n<p><strong>AGORDO<\/strong> Si avvicina la stagione delle imposte sulla casa. Quest&#8217;anno non ci sar\u00e0 la Tasi 2020, cancellata dalla legge di bilancio, ma \u00e8 gi\u00e0 cominciato il conto alla rovescia per l&#8217;Imu,\u00a0 pagamento dell&#8217;acconto Imu 2020 \u00e8 previsto per il 16 giugno e il saldo per il 16 dicembre. <strong>PROROGA IMU<\/strong> Saranno i Comuni a decidere\u00a0 se prorogare la scadenza dell&#8217;acconto a fine settembre, lo ha deciso il governo romano con apposito decreto rilancio.\u00a0 E&#8217; quanto contenuto in una nota dell\u2019Ifel del 21 maggio. L\u2019Istituto per la Finanza e l\u2019Economia Locale dell\u2019Anci ha posto come possibile data del rinvio del pagamento dell\u2019IMU il 30 settembre, senza sanzioni e interessi. A decidere dunque saranno i Comuni: la proroga per\u00f2 \u00e8 da intendersi solo per chi ha sub\u00ecto danni economici a causa dell\u2019emergenza sanitaria. Per tutti gli altri, invece, la data di scadenza dell\u2019IMU rimane il 16 giugno.I contribuenti per\u00f2 dovranno dimostrare di aver avuto difficolt\u00e0 economiche, tramite una comunicazione al Comune.<strong>\u00a0Nell&#8217;Agordino<\/strong> insistono due situazioni, infatti 15 sindaci su 16 hanno delegato l&#8217;Unione Montana alla riscossione.<\/p>\n<p><em>&#8220;Abbiamo gi\u00e0 inviato i bollettini\u00a0 &#8211; spiega il presidente dell&#8217;Unione Montana Michele Costa-\u00a0 abbiamo anche inserito nella corrispondenza una postilla: la possibilit\u00e0 di pagare la tassa non il 16 giugno ma entro la fine dell&#8217;anno solare senza sanzioni o interessi di mora&#8221;.\u00a0<\/em> <strong>Agordo<\/strong> da tempo ha scelto di non delegare l&#8217;Unione Montana per la riscossione ma andare per conto proprio e anche in questo caso decide Palazzo Marconi. <em>&#8220;Anche noi &#8211; spiega l&#8217;assessore Claudio Sito &#8211; abbiamo gi\u00e0 inviato i bollettini di pagamento in scadenza il 16 giugno. In ogni modo per chi avesse difficolt\u00e0 \u00e8 sufficiente si mette in contatto con gli uffici comunali per concordare la proroga del pagamento&#8221;<\/em><\/p>\n<blockquote><p><em>L&#8217;Imu \u00e8 una tassa che in parte va direttamente a Roma e in parte ai Comuni.<\/em><\/p><\/blockquote>\n<p><strong>L&#8217;ASSESSORE CLAUDIO SITO<\/strong><strong>\u00a0<\/strong><\/p>\n<audio class=\"wp-audio-shortcode\" id=\"audio-141178-1\" preload=\"none\" style=\"width: 100%;\" controls=\"controls\"><source type=\"audio\/mpeg\" src=\"https:\/\/www.radiopiu.net\/wordpress\/wp-content\/uploads\/2020\/05\/SITO.mp3?_=1\" \/><a href=\"https:\/\/www.radiopiu.net\/wordpress\/wp-content\/uploads\/2020\/05\/SITO.mp3\">https:\/\/www.radiopiu.net\/wordpress\/wp-content\/uploads\/2020\/05\/SITO.mp3<\/a><\/audio>\n<p>&nbsp;<\/p>\n<p>&nbsp;<\/p>\n<hr \/>\n<p>&nbsp;<\/p>\n<div class=\"page-title-head hgroup\">\n<blockquote>\n<h3 class=\"entry-title\">FINALMENTE LA SISTEMAZIONE DELL\u2019AREA EX CARRO BOMBOLAIO A BRUGNACH<\/h3>\n<\/blockquote>\n<\/div>\n<div class=\"page-title-breadcrumbs\">\n<p class=\"photoswipe-wrapper\"><a class=\"dt-pswp-item pspw-wrap-ready\" href=\"https:\/\/i0.wp.com\/www.radiopiu.net\/wordpress\/wp-content\/uploads\/2020\/05\/image-1.jpg?ssl=1\" data-dt-img-description=\"\" data-large_image_width=\"960\" data-large_image_height=\"540\"><img loading=\"lazy\" decoding=\"async\" class=\"size-medium wp-image-141177 alignleft jetpack-lazy-image jetpack-lazy-image--handled\" src=\"https:\/\/i0.wp.com\/www.radiopiu.net\/wordpress\/wp-content\/uploads\/2020\/05\/image-1.jpg?resize=300%2C169&amp;ssl=1\" sizes=\"auto, (max-width: 300px) 100vw, 300px\" srcset=\"https:\/\/i0.wp.com\/www.radiopiu.net\/wordpress\/wp-content\/uploads\/2020\/05\/image-1.jpg?resize=300%2C169&amp;ssl=1 300w, https:\/\/i0.wp.com\/www.radiopiu.net\/wordpress\/wp-content\/uploads\/2020\/05\/image-1.jpg?resize=768%2C432&amp;ssl=1 768w, https:\/\/i0.wp.com\/www.radiopiu.net\/wordpress\/wp-content\/uploads\/2020\/05\/image-1.jpg?w=960&amp;ssl=1 960w\" alt=\"\" width=\"300\" height=\"169\" data-recalc-dims=\"1\" data-lazy-loaded=\"1\" \/><\/a><strong>AGORDO<\/strong>\u00a0Il Comune acquisisce i terreni, li fraziona e da il via al recupero di un\u2019area che \u00e8 biglietto da visita per l\u2019Agordino. Si tratta della struttura dedicata in passato alla distribuzione del gas, quando GSP ancora non aveva realizzato le condotte del gas dalla Valbelluna per l\u2019Agordino e i carri bombolai scorazzavano lungo la regionale 203 agordina.<\/p>\n<blockquote><p>Altri tempi fortunatamente storia del passato. Ma quella struttura in abbandono \u00e8 rimasta per anni a bordo strada, ora finalmente sar\u00e0\u00a0 rivalutata e ne beneficeranno anche i vigili del fuoco che confinano con quell\u2019ammasso in cemento.<\/p><\/blockquote>\n<p><strong>IL DIBATTITO IN CONSIGLIO COMUNALE INTRODOTTO DALL\u2019ASSESSORE ALLE ATTIVITA\u2019 PRODUTTIVE CLAUDIO SITO<\/strong><\/p>\n<audio class=\"wp-audio-shortcode\" id=\"audio-141178-2\" preload=\"none\" style=\"width: 100%;\" controls=\"controls\"><source type=\"audio\/mpeg\" src=\"https:\/\/www.radiopiu.net\/wordpress\/wp-content\/uploads\/2020\/05\/carro-bombolaio.mp3?_=2\" \/><a href=\"https:\/\/www.radiopiu.net\/wordpress\/wp-content\/uploads\/2020\/05\/carro-bombolaio.mp3\">https:\/\/www.radiopiu.net\/wordpress\/wp-content\/uploads\/2020\/05\/carro-bombolaio.mp3<\/a><\/audio>\n<p>&nbsp;<\/p>\n<p>&nbsp;<\/p>\n<p>&nbsp;<\/p>\n<hr \/>\n<p>&nbsp;<\/p>\n<blockquote>\n<h3 class=\"entry-title\">PER I COMMERCIANTI DI AGORDO: 6 MESI SENZA TOSAP, DIFFICOLTA\u2019 PER PLATEATICI COPERTI. IL DIBATTITO IN CONSIGLIO COMUNALE<\/h3>\n<\/blockquote>\n<p><strong><a class=\"dt-pswp-item\" href=\"https:\/\/www.radiopiu.net\/wordpress\/wp-content\/uploads\/2019\/04\/agordo-1.jpeg\" data-dt-img-description=\"\" data-large_image_width=\"1600\" data-large_image_height=\"900\"><img loading=\"lazy\" decoding=\"async\" class=\"size-medium wp-image-82481 alignleft\" src=\"https:\/\/www.radiopiu.net\/wordpress\/wp-content\/uploads\/2019\/04\/agordo-1-300x169.jpeg\" alt=\"\" width=\"300\" height=\"169\" srcset=\"https:\/\/www.radiopiu.net\/wordpress\/wp-content\/uploads\/2019\/04\/agordo-1-300x169.jpeg 300w, https:\/\/www.radiopiu.net\/wordpress\/wp-content\/uploads\/2019\/04\/agordo-1-768x432.jpeg 768w, https:\/\/www.radiopiu.net\/wordpress\/wp-content\/uploads\/2019\/04\/agordo-1-1024x576.jpeg 1024w, https:\/\/www.radiopiu.net\/wordpress\/wp-content\/uploads\/2019\/04\/agordo-1.jpeg 1600w\" sizes=\"auto, (max-width: 300px) 100vw, 300px\" \/><\/a>AGORDO<\/strong>\u00a0Nel consiglio comunale di gioved\u00ec sera (i tre consiglieri di minoranza hanno preferito partecipare in video conferenza) tra gli argomenti trattati anche le agevolazioni per i commercianti della citt\u00e0. Cancellata la Tosap (non per gli ambulanti normati da altri regolamenti) ma per ora nessuna possibilit\u00e0 di installare tettoie o altre strutture.<\/p>\n<h3><\/h3>\n<h3>IL DIBATTITO<\/h3>\n<audio class=\"wp-audio-shortcode\" id=\"audio-141178-3\" preload=\"none\" style=\"width: 100%;\" controls=\"controls\"><source type=\"audio\/mpeg\" src=\"https:\/\/www.radiopiu.net\/wordpress\/wp-content\/uploads\/2020\/05\/speciale-consiglio-1.mp3?_=3\" \/><a href=\"https:\/\/www.radiopiu.net\/wordpress\/wp-content\/uploads\/2020\/05\/speciale-consiglio-1.mp3\">https:\/\/www.radiopiu.net\/wordpress\/wp-content\/uploads\/2020\/05\/speciale-consiglio-1.mp3<\/a><\/audio>\n<p>&nbsp;<\/p>\n<p>&nbsp;<\/p>\n<p>&nbsp;<\/p>\n<p>&nbsp;<\/p>\n<hr \/>\n<p>&nbsp;<\/p>\n<\/div>\n<div class=\"page-title-head hgroup\">\n<blockquote>\n<h3 class=\"entry-title\">FRANA DI CARFON, STRADA ANCORA CHIUSA. LE RIFLESSIONI DELLA MINORANZA<\/h3>\n<\/blockquote>\n<\/div>\n<div class=\"page-title-breadcrumbs\">\n<p style=\"text-align: left;\" align=\"CENTER\"><strong><a class=\"dt-pswp-item\" href=\"https:\/\/www.radiopiu.net\/wordpress\/wp-content\/uploads\/2020\/05\/411fc31a-2297-44a7-b3cd-68b8d6ec678f.jpg\" data-dt-img-description=\"\" data-large_image_width=\"1200\" data-large_image_height=\"1600\"><img loading=\"lazy\" decoding=\"async\" class=\"size-medium wp-image-141258 alignleft\" src=\"https:\/\/www.radiopiu.net\/wordpress\/wp-content\/uploads\/2020\/05\/411fc31a-2297-44a7-b3cd-68b8d6ec678f-225x300.jpg\" alt=\"\" width=\"225\" height=\"300\" srcset=\"https:\/\/www.radiopiu.net\/wordpress\/wp-content\/uploads\/2020\/05\/411fc31a-2297-44a7-b3cd-68b8d6ec678f-225x300.jpg 225w, https:\/\/www.radiopiu.net\/wordpress\/wp-content\/uploads\/2020\/05\/411fc31a-2297-44a7-b3cd-68b8d6ec678f-768x1024.jpg 768w, https:\/\/www.radiopiu.net\/wordpress\/wp-content\/uploads\/2020\/05\/411fc31a-2297-44a7-b3cd-68b8d6ec678f-1152x1536.jpg 1152w, https:\/\/www.radiopiu.net\/wordpress\/wp-content\/uploads\/2020\/05\/411fc31a-2297-44a7-b3cd-68b8d6ec678f.jpg 1200w\" sizes=\"auto, (max-width: 225px) 100vw, 225px\" \/><\/a>CANALE D\u2019AGORDO<\/strong> Intervento del gruppo di minoranza di Canale d\u2019Agordo, per fare la storia della strada di Carfon, per esprimere alcune considerazioni sulla sua chiusura.<\/p>\n<blockquote>\n<p style=\"text-align: left;\" align=\"CENTER\">La strada interrotta e chiusa al traffico per molti mesi, a causa di una frana che ha comportato un lungo lavoro di sistemazione del versante,\u00a0 \u00e8 stata comunque percorsa a piedi, per necessit\u00e0 e non, da un discreto numero di persone che hanno potuto guardarsi intorno e riflettere sulla devastazione operata dal vento, sugli alberi stesi a terra in un groviglio impressionante, sul futuro del bosco e della montagna, sul futuro dei montanari stessi che qui vogliono continuare a vivere. Vaia \u00e8 stata un evento estremo, eccezionale, che ha causato gravi danni al territorio. La frana che si \u00e8 staccata dalla strada forestale Carfon-Fregona \u00e8 stata certamente una conseguenza di quell\u2019 evento: l\u2019 abbondante pioggia caduta nel novembre 2019 su un suolo non pi\u00f9 protetto dalle chiome degli alberi (precedentemente abbattuti dal vento) e il conseguente ruscellamento selvaggio delle acque, hanno reso pesante e fatto scivolare in basso una grande massa di materiale che ha invaso ed interrotto la strada sottostante. <em>\u201cConsiderato comunque ci\u00f2 che \u00e8 gi\u00e0 stato fatto, noi ci auguriamo \u2013 dicono i consigliere di minoranza di Canale d\u2019Agordo \u2013 che questa strada possa, tra non molto, essere nuovamente aperta e percorribile, sia pure con tutte le cautele del caso. Naturalmente siamo pienamente d\u2019accordo sulla sistemazione della viabilit\u00e0 Carfon \u2013 Gaer- Vallada ed auspichiamo che venga finalmente realizzato anche il parcheggio che gli abitanti della frazione aspettano da anni\u201d.<\/em><\/p>\n<\/blockquote>\n<h2 align=\"CENTER\">LA STORIA<\/h2>\n<p>La vera, storica strada di collegamento con il fondovalle \u00e8, per gli abitanti di Carfon, quella che collega la frazione con la localit\u00e0 La Mora sulla provinciale 346. Nata circa 70 anni fa, questa \u00e8 stata la prima e, fino ad alcuni anni fa, unica carrabile che la gente della frazione ha avuto a disposizione per raggiungere i negozi, l\u2019 ambulatorio medico, la scuola e, se cos\u00ec si pu\u00f2 dire, il resto del mondo. La strada, che si snoda con leggera e regolare pendenza tra La Mora e Carfon, soleggiata per un discreto numero di ore anche in pieno inverno e quindi non pericolosa per presenza di ghiaccio, \u00e8 stata realizzata all\u2019 inizio degli Cinquanta da maestranze locali, in tempi in cui non c\u2019 erano i mezzi meccanici oggi a disposizione: il lavoro si faceva allora con esplosivo, piccone, badile. Un cavallo trainava man mano i materiali necessari lungo delle \u201csine\u201d (binari). La carriola faceva il resto. La guerra era finita da pochi anni e si ricominciava a vivere. Qui, a dimostrazione dell\u2019 attenzione e della lungimiranza di chi allora prendeva le decisioni, c\u2019 era anche un cantiere-scuola, pensato proprio per insegnare un mestiere a quanti volevano imparare da chi sapeva ed aveva esperienza. Uno dei responsabili era Ferdinando Luciani di Sofraide, i lavoratori persone delle frazioni e del capoluogo, alcuni dei quali, ora anziani, non hanno dimenticato la loro esperienza di lavoro su quella strada. I muri a secco che possiamo ammirare anche oggi, costruiti a regola d\u2019 arte e ben conservati, sono stati realizzati con pietra locale, estratta da una cava i cui resti sono ancora visibili proprio a monte della strada. Per il geologo V. Fenti, un tipo di calcare che, frammisto a poca marna, si sfalda a lastroni, rendendo pi\u00f9 facile il lavoro degli scalpellini-muratori. Tutto questo \u00e8 certamente parte della nostra storia e meriterebbe di essere ricordato con un pannello informativo da collocare su un tabellone in posizione adatta. Sicuramente negli anni la carrabile ha richiesto frequenti lavori di adeguamento e messa in sicurezza, ma ci\u00f2 vale per la maggior parte delle strade di montagna, dove bisogna fare i conti con la forte pendenza dei versanti, i lunghi inverni, gli eventi atmosferici talvolta estremi.<\/p>\n<p>&nbsp;<\/p>\n<p>&nbsp;<\/p>\n<hr \/>\n<p>&nbsp;<\/p>\n<blockquote>\n<h3>FRANA DI CARFON: AL VIA IL SECONDO STRALCIO DEI LAVORI<\/h3>\n<\/blockquote>\n<\/div>\n<\/div>\n<p><strong>DALLA RASSEGNA STAMPA IL CONSIGLIERE PROVINCIALE MASSIMO BORTOLUZZI<\/strong><\/p>\n<audio class=\"wp-audio-shortcode\" id=\"audio-141178-4\" preload=\"none\" style=\"width: 100%;\" controls=\"controls\"><source type=\"audio\/mpeg\" src=\"https:\/\/www.radiopiu.net\/wordpress\/wp-content\/uploads\/2020\/05\/BORTOLUZZI-1.mp3?_=4\" \/><a href=\"https:\/\/www.radiopiu.net\/wordpress\/wp-content\/uploads\/2020\/05\/BORTOLUZZI-1.mp3\">https:\/\/www.radiopiu.net\/wordpress\/wp-content\/uploads\/2020\/05\/BORTOLUZZI-1.mp3<\/a><\/audio>\n<div class=\"page-title-breadcrumbs\">\n<div class=\"page-title-breadcrumbs\">\n<p><strong>BELLUNO <\/strong>Cominceranno luned\u00ec prossimo (1\u00b0 giugno) le operazioni di sistemazione della frana di Carfon (in Comune di Canale d\u2019Agordo). Si tratta del secondo stralcio dei lavori, che riguardano la realizzazione di una barriera paramassi; il primo stralcio era stato concluso all\u2019inizio di aprile, con la pulizia del versante di frana e lo studio geologico.\u00a0\u00ab<em>Con questo intervento andremo a risolvere un problema che si \u00e8 manifestato con gli ultimi eventi meteo, del novembre 2019 &#8211; spiega Massimo Bortoluzzi, consigliere provinciale delegato alla Difesa del Suolo -. Il 16 novembre, infatti, il versante a monte della strada comunale ha subito uno smottamento con scarico di materiale e un fronte di frana di circa 50 metri che ha interrotto la viabilit\u00e0, tutt\u2019oggi chiusa<\/em>\u00bb.\u00a0Le perizie hanno evidenziato il persistere del potenziale pericolo di caduta massi; motivo per cui la strada comunale non \u00e8 ancora stata riaperta. Potr\u00e0 tornare attiva al termine dei lavori del secondo stralcio, che la Provincia ha avviato in somma urgenza per un quadro economico complessivo di 290mila euro.\u00a0\u00ab<em>Saranno realizzate tre file di barriere lungo il versante. E sar\u00e0 posata una rete metallica di consolidamento corticale, funzionale a evitare l\u2019erosione del terreno &#8211; spiega nel dettaglio il dirigente della Difesa del Suolo, Pierantonio Zanchetta -. Infine, sar\u00e0 consolidato anche il ciglio di valle della strada comunale in corrispondenza del tratto interessato dalla frana, che attualmente risulta cedevole<\/em>\u00bb.<\/p>\n\n\t\t\t<style type='text\/css'>\n\t\t\t\t#gallery-1 {\n\t\t\t\t\tmargin: auto;\n\t\t\t\t}\n\t\t\t\t#gallery-1 .gallery-item {\n\t\t\t\t\tfloat: left;\n\t\t\t\t\tmargin-top: 10px;\n\t\t\t\t\ttext-align: center;\n\t\t\t\t\twidth: 25%;\n\t\t\t\t}\n\t\t\t\t#gallery-1 img {\n\t\t\t\t\tborder: 2px solid #cfcfcf;\n\t\t\t\t}\n\t\t\t\t#gallery-1 .gallery-caption {\n\t\t\t\t\tmargin-left: 0;\n\t\t\t\t}\n\t\t\t\t\/* see gallery_shortcode() in wp-includes\/media.php *\/\n\t\t\t<\/style>\n\t\t<div id='gallery-1' class='dt-gallery-container gallery galleryid-141178 gallery-columns-4 gallery-size-thumbnail'><dl class='gallery-item'>\n\t\t\t\t<dt class='gallery-icon portrait'>\n\t\t\t\t\t<a class=\"rollover\" href='https:\/\/www.radiopiu.net\/wordpress\/frana-di-carfon-al-via-il-secondo-stralcio-dei-lavori\/carfon-1\/'><img loading=\"lazy\" decoding=\"async\" width=\"150\" height=\"150\" src=\"https:\/\/www.radiopiu.net\/wordpress\/wp-content\/uploads\/2020\/05\/Carfon-1-150x150.jpeg\" class=\"attachment-thumbnail size-thumbnail\" alt=\"\" \/><\/a>\n\t\t\t\t<\/dt><\/dl><dl class='gallery-item'>\n\t\t\t\t<dt class='gallery-icon portrait'>\n\t\t\t\t\t<a class=\"rollover\" href='https:\/\/www.radiopiu.net\/wordpress\/frana-di-carfon-al-via-il-secondo-stralcio-dei-lavori\/carfon-2\/'><img loading=\"lazy\" decoding=\"async\" width=\"150\" height=\"150\" src=\"https:\/\/www.radiopiu.net\/wordpress\/wp-content\/uploads\/2020\/05\/Carfon-2-150x150.jpeg\" class=\"attachment-thumbnail size-thumbnail\" alt=\"\" \/><\/a>\n\t\t\t\t<\/dt><\/dl><dl class='gallery-item'>\n\t\t\t\t<dt class='gallery-icon portrait'>\n\t\t\t\t\t<a class=\"rollover\" href='https:\/\/www.radiopiu.net\/wordpress\/frana-di-carfon-al-via-il-secondo-stralcio-dei-lavori\/carfon-3\/'><img loading=\"lazy\" decoding=\"async\" width=\"150\" height=\"150\" src=\"https:\/\/www.radiopiu.net\/wordpress\/wp-content\/uploads\/2020\/05\/Carfon-3-150x150.jpeg\" class=\"attachment-thumbnail size-thumbnail\" alt=\"\" \/><\/a>\n\t\t\t\t<\/dt><\/dl><dl class='gallery-item'>\n\t\t\t\t<dt class='gallery-icon landscape'>\n\t\t\t\t\t<a class=\"rollover\" href='https:\/\/www.radiopiu.net\/wordpress\/frana-di-carfon-al-via-il-secondo-stralcio-dei-lavori\/carfon-4\/'><img loading=\"lazy\" decoding=\"async\" width=\"150\" height=\"150\" src=\"https:\/\/www.radiopiu.net\/wordpress\/wp-content\/uploads\/2020\/05\/Carfon-4-150x150.jpeg\" class=\"attachment-thumbnail size-thumbnail\" alt=\"\" \/><\/a>\n\t\t\t\t<\/dt><\/dl><br style=\"clear: both\" \/><dl class='gallery-item'>\n\t\t\t\t<dt class='gallery-icon landscape'>\n\t\t\t\t\t<a class=\"rollover\" href='https:\/\/www.radiopiu.net\/wordpress\/frana-di-carfon-al-via-il-secondo-stralcio-dei-lavori\/carfon-5\/'><img loading=\"lazy\" decoding=\"async\" width=\"150\" height=\"150\" src=\"https:\/\/www.radiopiu.net\/wordpress\/wp-content\/uploads\/2020\/05\/Carfon-5-150x150.jpeg\" class=\"attachment-thumbnail size-thumbnail\" alt=\"\" \/><\/a>\n\t\t\t\t<\/dt><\/dl><dl class='gallery-item'>\n\t\t\t\t<dt class='gallery-icon landscape'>\n\t\t\t\t\t<a class=\"rollover\" href='https:\/\/www.radiopiu.net\/wordpress\/frana-di-carfon-al-via-il-secondo-stralcio-dei-lavori\/carfon-6\/'><img loading=\"lazy\" decoding=\"async\" width=\"150\" height=\"150\" src=\"https:\/\/www.radiopiu.net\/wordpress\/wp-content\/uploads\/2020\/05\/Carfon-6-150x150.jpeg\" class=\"attachment-thumbnail size-thumbnail\" alt=\"\" \/><\/a>\n\t\t\t\t<\/dt><\/dl><dl class='gallery-item'>\n\t\t\t\t<dt class='gallery-icon landscape'>\n\t\t\t\t\t<a class=\"rollover\" href='https:\/\/www.radiopiu.net\/wordpress\/frana-di-carfon-al-via-il-secondo-stralcio-dei-lavori\/carfon-7\/'><img loading=\"lazy\" decoding=\"async\" width=\"150\" height=\"150\" src=\"https:\/\/www.radiopiu.net\/wordpress\/wp-content\/uploads\/2020\/05\/Carfon-7-150x150.jpeg\" class=\"attachment-thumbnail size-thumbnail\" alt=\"\" \/><\/a>\n\t\t\t\t<\/dt><\/dl><dl class='gallery-item'>\n\t\t\t\t<dt class='gallery-icon landscape'>\n\t\t\t\t\t<a class=\"rollover\" href='https:\/\/www.radiopiu.net\/wordpress\/frana-di-carfon-al-via-il-secondo-stralcio-dei-lavori\/carfon-8\/'><img loading=\"lazy\" decoding=\"async\" width=\"150\" height=\"150\" src=\"https:\/\/www.radiopiu.net\/wordpress\/wp-content\/uploads\/2020\/05\/Carfon-8-150x150.jpeg\" class=\"attachment-thumbnail size-thumbnail\" alt=\"\" \/><\/a>\n\t\t\t\t<\/dt><\/dl><br style=\"clear: both\" \/>\n\t\t\t<\/div>\n\n<p>&nbsp;<\/p>\n<p><strong>IL SERVIZIO DI GIANNI SANTOMASO DAL CORRIERE DELLE ALPI<\/strong><\/p>\n<audio class=\"wp-audio-shortcode\" id=\"audio-141178-5\" preload=\"none\" style=\"width: 100%;\" controls=\"controls\"><source type=\"audio\/mpeg\" src=\"https:\/\/www.radiopiu.net\/wordpress\/wp-content\/uploads\/2020\/05\/GIANNI-STRADA-CARFON.mp3?_=5\" \/><a href=\"https:\/\/www.radiopiu.net\/wordpress\/wp-content\/uploads\/2020\/05\/GIANNI-STRADA-CARFON.mp3\">https:\/\/www.radiopiu.net\/wordpress\/wp-content\/uploads\/2020\/05\/GIANNI-STRADA-CARFON.mp3<\/a><\/audio>\n<p>&nbsp;<\/p>\n<hr \/>\n<p>&nbsp;<\/p>\n<blockquote>\n<h3>LA REGIONE AGISCE A MODO SUO SCARICANDO LE RESPONSABILITA&#8217; SUI DIRETTORI. PERPLESSITA&#8217; DEI SINDACATI<\/h3>\n<\/blockquote>\n<p><strong><a class=\"dt-pswp-item\" href=\"https:\/\/www.radiopiu.net\/wordpress\/wp-content\/uploads\/2020\/05\/0cea8300-7387-495c-b19b-92bc77598502.jpg\" data-dt-img-description=\"\" data-large_image_width=\"1201\" data-large_image_height=\"1201\"><img loading=\"lazy\" decoding=\"async\" class=\"size-medium wp-image-141366 alignleft\" src=\"https:\/\/www.radiopiu.net\/wordpress\/wp-content\/uploads\/2020\/05\/0cea8300-7387-495c-b19b-92bc77598502-300x300.jpg\" alt=\"\" width=\"300\" height=\"300\" srcset=\"https:\/\/www.radiopiu.net\/wordpress\/wp-content\/uploads\/2020\/05\/0cea8300-7387-495c-b19b-92bc77598502-300x300.jpg 300w, https:\/\/www.radiopiu.net\/wordpress\/wp-content\/uploads\/2020\/05\/0cea8300-7387-495c-b19b-92bc77598502-1024x1024.jpg 1024w, https:\/\/www.radiopiu.net\/wordpress\/wp-content\/uploads\/2020\/05\/0cea8300-7387-495c-b19b-92bc77598502-150x150.jpg 150w, https:\/\/www.radiopiu.net\/wordpress\/wp-content\/uploads\/2020\/05\/0cea8300-7387-495c-b19b-92bc77598502-768x768.jpg 768w, https:\/\/www.radiopiu.net\/wordpress\/wp-content\/uploads\/2020\/05\/0cea8300-7387-495c-b19b-92bc77598502.jpg 1201w\" sizes=\"auto, (max-width: 300px) 100vw, 300px\" \/><\/a><\/strong><\/p>\n<p>&nbsp;<\/p>\n<p><strong>BELLUNO <\/strong><em>&#8220;Ci vuole un po&#8217; pi\u00f9 di cautela. In Provincia ci sono case di riposo che sono riuscite a contenere il contagio, soprattutto rispetto ad altre. Il tana libera tutti \u00e8 azzardato e per questo invitiamo\u00a0 i direttori delle Case di riposo alla massima cautela per continuare a mantenerle covid free e i parenti non potranno che capirlo&#8221;.<\/em> Questa \u00e8 la dichiarazione di Gianluigi Della Giacoma della Funzione Pubblica Cgil che critica lo scarico di responsabilit\u00e0, le difficolt\u00e0 economiche di strutture costrette ad arrangiarsi quando il personale non \u00e8 sufficiente. Ci\u00f2 che la Cgil FP contesta \u00e8 anche la mancanza di strategie qualificanti ma anche la mancata valorizzazione dei lavoratori delle strutture covid<\/p>\n<p>&nbsp;<\/p>\n<p><strong>AI MICROFONI DI RADIO PIU GIANLUIGI DELLA GIACOMA, FP CGIL<\/strong><\/p>\n<audio class=\"wp-audio-shortcode\" id=\"audio-141178-6\" preload=\"none\" style=\"width: 100%;\" controls=\"controls\"><source type=\"audio\/mpeg\" src=\"https:\/\/www.radiopiu.net\/wordpress\/wp-content\/uploads\/2020\/05\/DELLA-GIACOMA-CASE-RIPOSO.mp3?_=6\" \/><a href=\"https:\/\/www.radiopiu.net\/wordpress\/wp-content\/uploads\/2020\/05\/DELLA-GIACOMA-CASE-RIPOSO.mp3\">https:\/\/www.radiopiu.net\/wordpress\/wp-content\/uploads\/2020\/05\/DELLA-GIACOMA-CASE-RIPOSO.mp3<\/a><\/audio>\n<hr \/>\n<p>&nbsp;<\/p>\n<h3>DA LUNEDI CADE L&#8217;OBBLIGO DELLA MASCHERINA ALL&#8217;APERTO, ANDRA&#8217; USATA COMUNQUE QUANDO E&#8217; IMPOSSIBILE GARANTIRE IL DISTANZIAMENTO, NON E&#8217; OBBLIGATORIA PER I BIMBI FINO A 6 ANNI. IN SPIAGGIA AUMENTANO LE DISTANZE DA 10 A 12 METRI QUADRATI, 7 PER PERSONA IN PISCINA. DA LUNEDI PERMESSE LE GRIGLIATE E GLI INCONTRI TRA AMICI TRA LE MURA DI CASA O NEI GIARDINI E IN AREE ALL&#8217;APERTO ATTREZZATE PER PIC NIC. RESTANO VIETATI GLI ASSEMBRAMENTI IN AREA PUBBLICA. RIAPRONO I CENTRI ESTIVI PER LA FASCIA 3-17 ANNI, NON ANCORA GLI ASILI NIDO (0-3) PUR AVENDO PRONTA L&#8217;ORDINANZA CON LE LINEE GUIDA LA REGIONE SI FERMA IN ATTESA DEL VIA LIBERA DA ROMA. DA META&#8217; GIUGNO APRONO I CINEMA E I TEATRI E I LUOGHI PER GLI SPETTACOLI AL CHIUSO PER UN MASSIMO DI 200 PERSONE, 1000 PER GLI SPETTACOLI ALL&#8217;APERTO. IERI SONO STATE PRESENTATE LE PAGELLE SANITARIE, REGIONI PROMOSSE SOLO IN LOMBARDIA ALTO NUMERO DI CONTAGI.L&#8217;INDICE RT SOTTO CONTROLLO E NON CI SONO CASI CRITICI. DAL 3 VIA AGLI SPOSTAMENTI INTERREGIONALI IL GOVERNO E&#8217; DECISO A NON LASCIARE INDIETRO NESSUNO MENTRE DE LUCA GUIDA LA RIVOLTA DEL FRONTE DEL SUD CHE VUOLE LIMITARE GLI SPOSTAMENTI DALLE ZONE A RISCHIO E INTANTO ANCHE LA GRECIA COME AUSTRIA, SVIZZERA E CROAZIA CHIUDE LE PORTE AGLI ITALIANI.<\/h3>\n<p>&nbsp;<\/p>\n<p><strong>IN VENETO<\/strong>\u00a0<strong>I NUMERI.<\/strong>\u00a08 nuovi casi di positivi\u00a0 \u00a0(giovedi 10) da inizio epidemia 19135 (+8),\u00a0 attualmente positivi 1799 1949\u00a0 (- 150),\u00a0 negativizzati\/guariti 15420 (+145)\u00a0 in isolamento domiciliare 1834 (-308) ricoverati 446\u00a0 (-25), in ospedale 391 (- 23) , ospedali di comunit\u00e0 55 (-2), terapia intensiva 29\u00a0 \u00a0(-3\u00a0 \u00a0 \u00a0 6 positivi, 23 negativi),\u00a0 dimessi 3650\u00a0 (+24) , decessi ospedale 1414 (6) , totale decessi 1916\u00a0 (13).\u00a0<strong>In provincia di Belluno<\/strong>. casi positivi 0 (giovedi 0) dal 21 febbraio 1165\u00a0 (0), attualmente positivi 118\u00a0 (-10), deceduti 110 (0),\u00a0 negativizzati\/guariti 937(+10), in isolamento domiciliare 314\u00a0 (-12), ricoverati ospedale San Martino 10 (0) , terapia intensiva 0 (0) , ospedale di Comunit\u00e0 di Belluno 0 (0) Agordo 0\u00a0 (0<\/p>\n<p>&nbsp;<\/p>\n<hr \/>\n<p>&nbsp;<\/p>\n<p>&nbsp;<\/p>\n<blockquote class=\"wp-embedded-content\" data-secret=\"kiuMK9WqtJ\"><p><a href=\"https:\/\/www.radiopiu.net\/wordpress\/coronavirus-aggiornamento-nazionale-29-maggio\/\">CORONAVIRUS: AGGIORNAMENTO NAZIONALE 29 MAGGIO<\/a><\/p><\/blockquote>\n<p><iframe loading=\"lazy\" title=\"&#8220;CORONAVIRUS: AGGIORNAMENTO NAZIONALE 29 MAGGIO&#8221; &#8212; Radio Pi\u00f9\" class=\"wp-embedded-content\" sandbox=\"allow-scripts\" security=\"restricted\" style=\"position: absolute; clip: rect(1px, 1px, 1px, 1px);\" src=\"https:\/\/www.radiopiu.net\/wordpress\/coronavirus-aggiornamento-nazionale-29-maggio\/embed\/#?secret=kiuMK9WqtJ\" data-secret=\"kiuMK9WqtJ\" width=\"600\" height=\"338\" frameborder=\"0\" marginwidth=\"0\" marginheight=\"0\" scrolling=\"no\"><\/iframe><\/p>\n<p>&nbsp;<\/p>\n<hr \/>\n<p>&nbsp;<\/p>\n<p>&nbsp;<\/p>\n<p><em><strong>NELLE ULTIME 24 ORE A BELLUNO: NESSUN NUOVO POSITIVO PER IL SECONDO GIORNO CONSECUTIVO, ALTRE 12 PERSONE FUORI DALL&#8217;ISOLAMENTO DOMICILIARE, NESSUN DECESSO, NESSUN NUOVO RICOVERO, ALTRI 10 GUARITI, 118 GLI ATTUALMENTE POSITIVI.<\/strong><\/em><\/p>\n<blockquote class=\"wp-embedded-content\" data-secret=\"HNgBe1AA49\"><p><a href=\"https:\/\/www.radiopiu.net\/wordpress\/29-maggio\/\">BOLLETTINO DELLE 17: NELLE ULTIME 24 ORE OLTRE 300 PERSONE FUORI DALL&#8217;ISOLAMENTO DOMICILIARE IN UNA GIORNATA DOVE SI CONTANO SOLO 8 NUOVI POSITIVI, 150 GUARITI E 25 PERSONE LASCIANO L&#8217;OSPEDALE. SEMPRE ALTO IL NUMERO DEI DECESSI: 13<\/a><\/p><\/blockquote>\n<p><iframe loading=\"lazy\" title=\"&#8220;BOLLETTINO DELLE 17: NELLE ULTIME 24 ORE OLTRE 300 PERSONE FUORI DALL&#8217;ISOLAMENTO DOMICILIARE IN UNA GIORNATA DOVE SI CONTANO SOLO 8 NUOVI POSITIVI, 150 GUARITI E 25 PERSONE LASCIANO L&#8217;OSPEDALE. SEMPRE ALTO IL NUMERO DEI DECESSI: 13&#8221; &#8212; Radio Pi\u00f9\" class=\"wp-embedded-content\" sandbox=\"allow-scripts\" security=\"restricted\" style=\"position: absolute; clip: rect(1px, 1px, 1px, 1px);\" src=\"https:\/\/www.radiopiu.net\/wordpress\/29-maggio\/embed\/#?secret=HNgBe1AA49\" data-secret=\"HNgBe1AA49\" width=\"600\" height=\"338\" frameborder=\"0\" marginwidth=\"0\" marginheight=\"0\" scrolling=\"no\"><\/iframe><\/p>\n<hr \/>\n<p>&nbsp;<\/p>\n<p>&nbsp;<\/p>\n<p>&nbsp;<\/p>\n<p>&nbsp;<\/p>\n<blockquote>\n<h3>DATI E GRAFICI DEL GIORNO, PROVINCIA \u2013 REGIONE 29 MAGGIO 2020<\/h3>\n<\/blockquote>\n<p><strong>Con la collaborazione di Tiziano De Col<\/strong><\/p>\n<p><a class=\"dt-pswp-item\" href=\"https:\/\/www.radiopiu.net\/wordpress\/wp-content\/uploads\/2020\/05\/Schermata-2020-05-29-alle-18.51.16.png\" data-dt-img-description=\"\" data-large_image_width=\"808\" data-large_image_height=\"442\"><img loading=\"lazy\" decoding=\"async\" class=\"alignnone wp-image-141377\" src=\"https:\/\/www.radiopiu.net\/wordpress\/wp-content\/uploads\/2020\/05\/Schermata-2020-05-29-alle-18.51.16-300x164.png\" alt=\"\" width=\"316\" height=\"173\" srcset=\"https:\/\/www.radiopiu.net\/wordpress\/wp-content\/uploads\/2020\/05\/Schermata-2020-05-29-alle-18.51.16-300x164.png 300w, https:\/\/www.radiopiu.net\/wordpress\/wp-content\/uploads\/2020\/05\/Schermata-2020-05-29-alle-18.51.16-768x420.png 768w, https:\/\/www.radiopiu.net\/wordpress\/wp-content\/uploads\/2020\/05\/Schermata-2020-05-29-alle-18.51.16.png 808w\" sizes=\"auto, (max-width: 316px) 100vw, 316px\" \/><\/a><a class=\"dt-pswp-item\" href=\"https:\/\/www.radiopiu.net\/wordpress\/wp-content\/uploads\/2020\/05\/11792fc0-bdc2-4828-8348-2f8dcdcc11a5.jpg\" data-dt-img-description=\"\" data-large_image_width=\"602\" data-large_image_height=\"350\"><img loading=\"lazy\" decoding=\"async\" class=\"alignnone size-medium wp-image-141378\" src=\"https:\/\/www.radiopiu.net\/wordpress\/wp-content\/uploads\/2020\/05\/11792fc0-bdc2-4828-8348-2f8dcdcc11a5-300x174.jpg\" alt=\"\" width=\"300\" height=\"174\" srcset=\"https:\/\/www.radiopiu.net\/wordpress\/wp-content\/uploads\/2020\/05\/11792fc0-bdc2-4828-8348-2f8dcdcc11a5-300x174.jpg 300w, https:\/\/www.radiopiu.net\/wordpress\/wp-content\/uploads\/2020\/05\/11792fc0-bdc2-4828-8348-2f8dcdcc11a5.jpg 602w\" sizes=\"auto, (max-width: 300px) 100vw, 300px\" \/><\/a><a class=\"dt-pswp-item\" href=\"https:\/\/www.radiopiu.net\/wordpress\/wp-content\/uploads\/2020\/05\/cfe543a2-c18e-4b1f-8492-12c5a89f3c19.jpg\" data-dt-img-description=\"\" data-large_image_width=\"640\" data-large_image_height=\"375\"><img loading=\"lazy\" decoding=\"async\" class=\"alignnone size-medium wp-image-141379\" src=\"https:\/\/www.radiopiu.net\/wordpress\/wp-content\/uploads\/2020\/05\/cfe543a2-c18e-4b1f-8492-12c5a89f3c19-300x176.jpg\" alt=\"\" width=\"300\" height=\"176\" srcset=\"https:\/\/www.radiopiu.net\/wordpress\/wp-content\/uploads\/2020\/05\/cfe543a2-c18e-4b1f-8492-12c5a89f3c19-300x176.jpg 300w, https:\/\/www.radiopiu.net\/wordpress\/wp-content\/uploads\/2020\/05\/cfe543a2-c18e-4b1f-8492-12c5a89f3c19.jpg 640w\" sizes=\"auto, (max-width: 300px) 100vw, 300px\" \/><\/a><\/p>\n<p>&nbsp;<\/p>\n<hr \/>\n<p>&nbsp;<\/p>\n<\/div>\n<blockquote>\n<h2>LEGGI LA CONFERENZA STAMPA DI LUCA ZAIA<\/h2>\n<p><em>12 metri quadrati per gli ombrelloni in spiaggia e per i centri estivi semplice comunicazione a Comune-Ulss e accordo scritto con i genitori. \u00a0Terme, piscine termali, spa e centri benessere possono riaprire. Centri estivi\u00a0 riaprono\u00a0 con semplici comunicazioni a Comune e Ulss. Nessuna novit\u00e0 per la fascia 0-3 anni. Mascherine obbligatorie al chiuso o quando c\u2019\u00e8 un assembramento. Case di riposo riaprono e possono ospitare nuovi anziani.\u00a0<\/em><\/p><\/blockquote>\n<p><strong>NUOVA ORDINANZA FINO AL 15 GIUGNO<\/strong>\u00a0in vigore da lunedi 1 giugno, fa chiarezza su alcuni punti.\u00a0<strong>SPOSTAMENTI<\/strong>\u00a0con mascherine in luoghi pubblici accessibili al pubblico e all\u2019esterno in tutte\u00a0 le occasioni ove non sia possibile il mantenimento delle distanze tra i non conviventi nessun obbligo per i bimbi sotto i 6 anni. Da lunedi la mascherina solo nei luoghi chiusi e dove ci sono assembramenti, se si incrocia qualcuno e ci si ferma a parlare bisogna averla pronta per indossarla.<strong>\u00a0IN AUTO<\/strong>\u00a0disposizione come sul luogo di lavoro, distanza di un metro o si usa la mascherina e ci si siede dove si vuole eccetto conviventi.\u00a0<strong>VIETATI<\/strong>\u00a0gli assembramenti in area pubblica non pi\u00f9 in area privata con le dovute cautele tra non conviventi.\u00a0<strong>ATTIVITA\u2019 ECONOMICHE<\/strong>\u00a0Dal 1 giugno come da linee guida per la ristorazione, stabilimenti balneari, palestre piscine etc. sono linee guida migliorative per gli operatori come il non obbligo di guanti nei negozi di abbigliamento ma solo gel igienizzante.\u00a0<strong>LE SCHEDE SONO STATE MODIFICATE IN SENSO MIGLIORATIVO<\/strong>\u00a0sono valide perch\u00e9 pubblicate.\u00a0<strong>NOVITA\u2019 Aprono le strutture termali e centri benessere CENTRI ESTIVI 3-17 ANNI\u00a0 dal 1 giugno servizi per bambini e adolescenti,\u00a0 chi ha la gestione del centro privato \u00e8 sufficiente mandi una scheda al Comune che informa dell\u2019attivit\u00e0, uguale per la Ulss, con l\u2019impegno ad applicare le linee guida e sottoscrivere il contratto con i genitori.\u00a0<em>\u201cAbbiamo la certezza che chi apre si impegna a garantire le linee guida e non servir\u00e0 il giro di controllo. Anche i genitori saranno attenti al rispetto delle linee guida. C\u2019era un vulnus nel Dpcm, lo abbiamo risolto\u201d.<\/em>\u00a0ha detto Zaia.\u00a0 Dai 0 ai 3 anni non ci sono ancora novit\u00e0 se la situazione non si sbloccher\u00e0, scriveremo un\u2019ordinanza ad hoc. L\u2019assessore Lanzarin alla luce delle due schede ha gi\u00e0 scritto a tutti i sindaci che saranno messi nelle condizioni di non avere pi\u00f9 problemi e responsabilit\u00e0, vi esenta quindi dal fare qualsiasi progetto.<\/strong>\u00a0<strong>Storia dell\u2019ombrellone cambiano i metri quadrati<\/strong>, a parziale modifica precedente ordinanza,\u00a0 la superfice stabilit\u00e0 pari a 12 metri quadrati per ombrellone.\u00a0<strong>Nelle strutture residenziali<\/strong>\u00a0si applicano per nuovi ospiti e visitatori le linee di indirizzo con la presa in carico di nuovi ospiti. Si aprono quindi le case di riposo da lunedi. Le case di riposo con gestione autonoma possono anche restringere fino al punto di non aprire non potendo prevaricare la potest\u00e0 giuridica del gestore privato.\u00a0<strong>Formazione per la sicurezza<\/strong>\u00a0sul lavoro ripristinata, fino ad oggi era sospesa.\u00a0<strong>TERME Sblocchiamo un<em>\u00a0\u201ccasino\u201d per i gestori con le lacrime agli occhi. Sono un circuito importante da un punto di vista economico. \u00a0Saune e bagni turchi aperti solo se sono ad uso individuale\u201d\u00a0<\/em>ha concluso Zaia<\/strong><\/p>\n<h2>DOMANDE<\/h2>\n<p><strong>TURISMO<\/strong>\u00a0Il Veneto \u00e8 \u00a0la prima regione turistica d\u2019Italia, il mondo intero ci guarda, e non sappiamo nulla. Come pu\u00f2 il Veneto accettare che la Svizzera consideri gli italiani degli appestati?\u00a0 Servono\u00a0 corridoi che oggi ci escludono, il ministero degli Esteri deve farsi valere. Non esiste che qualcuno ci cataloghi come la Whan d\u2019Europa, noi siamo stati i primi ad affrontare l\u2019emergenza e oggi manca una regia comunitaria, i Paesi decidono in autonomia, senza un riferimento europeo, \u00e8 tutto un fai da te.<\/p>\n<p><strong>SPIAGGE LIBERE<\/strong>\u00a0\u00a0distanziamento e sorveglianti, non c\u2019\u00e8 una gestione quindi la responsabilit\u00e0 ricade di pi\u00f9 sul cittadino. I comuni, ove possibile, dovrebbero organizzare le spiagge libere.<\/p>\n<p>&nbsp;<\/p>\n<p>&nbsp;<\/p>\n<p>https:\/\/www.facebook.com\/zaiaufficiale\/videos\/863904044019624\/<\/p>\n<p>&nbsp;<\/p>\n<p><strong>L&#8217;ORDINANZA\u00a0<\/strong><\/p>\n<a href=\"https:\/\/www.radiopiu.net\/wordpress\/wp-content\/uploads\/2020\/05\/OPGR-N.-55-del-29-maggio-2020.pdf\" class=\"pdfemb-viewer\" style=\"\" data-width=\"max\" data-height=\"max\" data-toolbar=\"top\" data-toolbar-fixed=\"on\">OPGR N. 55 del 29 maggio 2020<\/a>\n<p>&nbsp;<\/p>\n<p>&nbsp;<\/p>\n<hr \/>\n<h2>IN VENETO PROCEDURE SEMPLIFICATE PER IL VIA A CENTRI ESTIVI E SERVIZI PER INFANZIA E ADOLESCENZA TUTTE LE ORDINANZE E LE LETTERE &#8220;FORMAT&#8221; DA INVIARE A COMUNE, ULSS E GENITORI<\/h2>\n<blockquote class=\"wp-embedded-content\" data-secret=\"bNmzs4fXRH\"><p><a href=\"https:\/\/www.radiopiu.net\/wordpress\/in-veneto-procedure-semplificate-per-il-via-a-centri-estivi-e-servizi-per-infanzia-e-adolescenza\/\">IN VENETO PROCEDURE SEMPLIFICATE PER IL VIA A CENTRI ESTIVI E SERVIZI PER INFANZIA E ADOLESCENZA<\/a><\/p><\/blockquote>\n<p><iframe loading=\"lazy\" title=\"&#8220;IN VENETO PROCEDURE SEMPLIFICATE PER IL VIA A CENTRI ESTIVI E SERVIZI PER INFANZIA E ADOLESCENZA&#8221; &#8212; Radio Pi\u00f9\" class=\"wp-embedded-content\" sandbox=\"allow-scripts\" security=\"restricted\" style=\"position: absolute; clip: rect(1px, 1px, 1px, 1px);\" src=\"https:\/\/www.radiopiu.net\/wordpress\/in-veneto-procedure-semplificate-per-il-via-a-centri-estivi-e-servizi-per-infanzia-e-adolescenza\/embed\/#?secret=bNmzs4fXRH\" data-secret=\"bNmzs4fXRH\" width=\"600\" height=\"338\" frameborder=\"0\" marginwidth=\"0\" marginheight=\"0\" scrolling=\"no\"><\/iframe><\/p>\n<p>&nbsp;<\/p>\n<p>&nbsp;<\/p>\n<hr \/>\n<p>&nbsp;<\/p>\n<blockquote>\n<h3>\u201cSENZA ADEGUATE RISORSE STATALI SI INGESSA IL TERRITORIO E SI IMPEDISCE IL RILANCIO DELL\u2019ECONOMIA\u201d<\/h3>\n<\/blockquote>\n<p><strong><a class=\"dt-pswp-item\" href=\"https:\/\/www.radiopiu.net\/wordpress\/wp-content\/uploads\/2020\/05\/ZAIA-1.jpg\" data-dt-img-description=\"\" data-large_image_width=\"656\" data-large_image_height=\"492\"><img loading=\"lazy\" decoding=\"async\" class=\"size-medium wp-image-139388 alignleft\" src=\"https:\/\/www.radiopiu.net\/wordpress\/wp-content\/uploads\/2020\/05\/ZAIA-1-300x225.jpg\" alt=\"\" width=\"300\" height=\"225\" srcset=\"https:\/\/www.radiopiu.net\/wordpress\/wp-content\/uploads\/2020\/05\/ZAIA-1-300x225.jpg 300w, https:\/\/www.radiopiu.net\/wordpress\/wp-content\/uploads\/2020\/05\/ZAIA-1.jpg 656w\" sizes=\"auto, (max-width: 300px) 100vw, 300px\" \/><\/a>VENEZIA<\/strong> Il presidente della Regione del Veneto, Luca Zaia, ha scritto una lettera al presidente del Consiglio dei Ministri, Giuseppe Conte, al ministro delle infrastrutture e dei trasporti, Paola De Micheli per sollecitare il reperimento di risorse da destinare alle aziende di Trasporto Pubblico Locale, colpite da una gravissima crisi finanziaria a causa dell\u2019emergenza pandemica. In Veneto il trasporto si sostiene con risorse annue pari a circa 850 milioni di euro, di cui quasi il 50%, circa 400 milioni, derivano da ricavi da vendita di biglietti e abbonamenti, nel sistema veneto l\u2019improvvisa e drastica riduzione delle entrate dalla vendita di titoli di viaggio a causa dell\u2019emergenza in corso (il calo ha toccato punte del 95%), genera uno squilibrio nei bilanci delle societ\u00e0 che assume una dimensione impossibile da colmare con risorse aziendali, ovvero degli Enti Locali, o da parte della Regione. Nel recente DL \u201cRilancio\u201d, il Governo ha stanziato 500 milioni di euro a livello nazionale per \u201criequilibrare\u201d i bilanci delle societ\u00e0 del trasporto pubblico in tale somma anche i rimborsi degli abbonamenti da erogare a chi non ha potuto fruire del servizio a causa delle limitazioni dovute all\u2019emergenza. Dalle prime analisi, al Veneto, sarebbe assegnata una quota pari a oltre il 10%, significativa ma del tutto insufficiente a soddisfare il fabbisogno stimato che, nella migliore delle ipotesi, non risulta inferiore a 120 milioni di euro per il 2020.\u00a0\u201cPertanto, in assenza di risorse adeguate \u2013 evidenzia il presidente veneto \u2013, l\u2019unica alternativa sarebbe di ridurre drasticamente, entro poche settimane, i servizi di trasporto programmati, collocando di conseguenza il personale in cassa integrazione, per poter chiudere i bilanci delle societ\u00e0 in pareggio; soluzione questa non certamente percorribile senza ingessare tutto il territorio e l\u2019intero sistema produttivo, proprio nel momento di necessit\u00e0 per il rilancio dell\u2019economia\u201d.<\/p>\n<p>&nbsp;<\/p>\n<p>&nbsp;<\/p>\n<hr \/>\n<p>&nbsp;<\/p>\n<blockquote>\n<h3>SANITA\u2019. ESTESE LE MODALITA\u2019 D\u2019ACCESSO ALLE CURE ODONTOIATRICHE. ALL\u2019ULSS BERICA ANCHE LA SPERIMENTAZIONE DI UN AMBULATORIO PER LE EMERGENZE NEI FESTIVI E PREFESTIVI<\/h3>\n<\/blockquote>\n<p><strong><a class=\"dt-pswp-item\" href=\"https:\/\/www.radiopiu.net\/wordpress\/wp-content\/uploads\/2020\/04\/manu-lanzarin.png\" data-dt-img-description=\"\" data-large_image_width=\"1122\" data-large_image_height=\"1122\"><img loading=\"lazy\" decoding=\"async\" class=\"size-medium wp-image-127911 alignleft\" src=\"https:\/\/www.radiopiu.net\/wordpress\/wp-content\/uploads\/2020\/04\/manu-lanzarin-300x300.png\" alt=\"\" width=\"300\" height=\"300\" srcset=\"https:\/\/www.radiopiu.net\/wordpress\/wp-content\/uploads\/2020\/04\/manu-lanzarin-300x300.png 300w, https:\/\/www.radiopiu.net\/wordpress\/wp-content\/uploads\/2020\/04\/manu-lanzarin-1024x1024.png 1024w, https:\/\/www.radiopiu.net\/wordpress\/wp-content\/uploads\/2020\/04\/manu-lanzarin-150x150.png 150w, https:\/\/www.radiopiu.net\/wordpress\/wp-content\/uploads\/2020\/04\/manu-lanzarin-768x768.png 768w, https:\/\/www.radiopiu.net\/wordpress\/wp-content\/uploads\/2020\/04\/manu-lanzarin.png 1122w\" sizes=\"auto, (max-width: 300px) 100vw, 300px\" \/><\/a>VENEZIA\u00a0<\/strong>La Giunta Regionale del Veneto, su proposta dell\u2019assessore alla Sanit\u00e0, Manuela Lanzarin, ha approvato una delibera con cui vengono estese le modalit\u00e0 di accesso alle prestazioni sanitarie di specialistica ambulatoriale della branca \u201cOdontostomatologia\u201d.\u201c<em>Il provvedimento, in particolare, allarga ai cittadini non vedenti e sordi la categoria riferita alla \u2018vulnerabilit\u00e0 sanitaria\u2019 \u2013 sottolinea l\u2019assessore Lanzarin -. Contemporaneamente, quella riferita alla \u2018vulnerabilit\u00e0 sociale\u2019 \u00e8 stata estesa ai pazienti titolari di esenzione (7R2) perch\u00e9 di et\u00e0 inferiore ai 6 anni o superiore ai 65 e appartenenti ad un nucleo familiare fiscale avente un reddito complessivo lordo riferito all\u2019anno precedente non superiore a \u20ac 36.151,98. Con questo provvedimento, inoltre, si dispone che le tariffe attualmente vigenti siano mantenute, specificando che la copertura per gli oneri relativi all\u2019erogazione, in regime di esenzione. delle prestazioni riguardanti l\u2019odontostomatologia che ammontano a 100.000 euro trovino copertura nell\u2019ambito delle quote provenienti dalla ripartizione delle risorse del fondo sanitario regionale<\/em>\u201d.La delibera approvata, infine, delinea l\u2019avvio di una sperimentazione, della durata di un anno, di una struttura ambulatoriale dedicata alle emergenze odontostomatologiche, attiva 24 ore su 24 nei giorni festivi e prefestivi. La sede prevista \u00e8 presso l\u2019Ulss 8 Berica di Vicenza e, per l\u2019anno 2020, avr\u00e0 un finanziamento di 180.000 euro.<\/p>\n<p>&nbsp;<\/p>\n<p>&nbsp;<\/p>\n<p>&nbsp;<\/p>\n<p>&nbsp;<\/p>\n<p>&nbsp;<\/p>\n<p>&nbsp;<\/p>\n<p>&nbsp;<\/p>\n<hr \/>\n<p>&nbsp;<\/p>\n<blockquote>\n<h3>LINEE GUIDA PER RSA, PIGOZZO E ZOTTIS (PD): \u201cBENE LE REGOLE PER RIAPERTURA, MA LA REGIONE GARANTISCA UN SOSTEGNO ECONOMICO\u201d<\/h3>\n<\/blockquote>\n<p><strong><a class=\"dt-pswp-item\" href=\"https:\/\/www.radiopiu.net\/wordpress\/wp-content\/uploads\/2018\/11\/PD.png\" data-dt-img-description=\"\" data-large_image_width=\"226\" data-large_image_height=\"182\"><img loading=\"lazy\" decoding=\"async\" class=\"size-full wp-image-67744 alignleft\" src=\"https:\/\/www.radiopiu.net\/wordpress\/wp-content\/uploads\/2018\/11\/PD.png\" alt=\"\" width=\"226\" height=\"182\" \/><\/a>VENEZIA<\/strong> \u201c<em>Non basta dare delle regole per poter riaprire in sicurezza, serve un sostegno economico per le Rsa che avranno un inevitabile aggravio di costi<\/em>\u201d. \u00c8 quanto chiedono i consiglieri del Partito Democratico Bruno Pigozzo e Francesca Zottis insieme ai colleghi Stefano Fracasso, Graziano Azzalin, Anna Maria Bigon, Claudio Sinigaglia e Andrea Zanoni commentando le linee guida della Regione per l\u2019accoglienza di nuovi ospiti e accesso di familiari, visitatori e altro personale esterno.\u00a0 \u201c<em>\u00c8 un primo passo positivo, ma la Regione non pu\u00f2 limitarsi a dire che adesso spetta alle singole strutture decidere quando riaprire. Le nuove regole comportano un aggravio di costi rilevanti, sia sotto il profilo organizzativo che in termini di adeguamento delle case di riposo che hanno subito un crollo delle entrate dovuto al mancato ingresso di nuovi ospiti con l\u2019esplodere dell\u2019epidemia. \u00c8 quindi fondamentale che la Regione assicuri anche un sostegno economico diretto istituendo un fondo ad hoc e misure di agevolazione fiscale, ad esempio esentando temporaneamente dal pagamento dell\u2019Irap le gestioni\u201d. \u201cServe, finalmente un\u2019assunzione di responsabilit\u00e0 della Giunta: queste strutture stanno scontando il ritardo ventennale della Regione che non ha ancora provveduto alla riforma delle Ipab, prevista da una legge nazionale del 2000, unica inadempiente insieme alla Sicilia. L\u2019emergenza Covid ha aggravato problemi presenti da tempo e Zaia non pu\u00f2 nascondere queste verit\u00e0 dicendo che va tutto bene<\/em>\u201d.<\/p>\n<p>&nbsp;<\/p>\n<p>&nbsp;<\/p>\n<hr \/>\n<p>&nbsp;<\/p>\n<blockquote>\n<h3>FONDO STRAORDINARIO AI COMUNI: AL VENETO 84,5 MILIONI DI EURO<\/h3>\n<p>DALLA RASSEGNA STAMPA ROGER DE MENECH<\/p><\/blockquote>\n<blockquote><audio class=\"wp-audio-shortcode\" id=\"audio-141178-7\" preload=\"none\" style=\"width: 100%;\" controls=\"controls\"><source type=\"audio\/mpeg\" src=\"https:\/\/www.radiopiu.net\/wordpress\/wp-content\/uploads\/2020\/05\/ROGER-2.mp3?_=7\" \/><a href=\"https:\/\/www.radiopiu.net\/wordpress\/wp-content\/uploads\/2020\/05\/ROGER-2.mp3\">https:\/\/www.radiopiu.net\/wordpress\/wp-content\/uploads\/2020\/05\/ROGER-2.mp3<\/a><\/audio><\/blockquote>\n<p><strong><a class=\"dt-pswp-item\" href=\"https:\/\/www.radiopiu.net\/wordpress\/wp-content\/uploads\/2018\/05\/Roger_De_Menech_daticamera.jpg\" data-dt-img-description=\"\" data-large_image_width=\"165\" data-large_image_height=\"228\"><img loading=\"lazy\" decoding=\"async\" class=\"size-full wp-image-49599 alignleft\" src=\"https:\/\/www.radiopiu.net\/wordpress\/wp-content\/uploads\/2018\/05\/Roger_De_Menech_daticamera.jpg\" alt=\"\" width=\"165\" height=\"228\" \/><\/a><\/strong><\/p>\n<p><strong>ROMA<\/strong> \u00abLa prima tranche di 1.150 milioni di euro erogata dal governo ai Comuni e alle Province in tutta Italia \u00e8 la risposta concreta alle richieste degli amministratori locali. Gli enti locali negli oltre due mesi di blocco dovuto al Coronavirus hanno subito un calo drastico di entrate, tasse, rette, contravvenzioni e altro. Il governo ha stanziato la settimana scorsa 3,5 miliardi di euro come contributo straordinario per consentire agli enti locali di esercitare le proprie funzioni e continuare a fornire servizi ai cittadini. I fondi erogati oggi sono circa un terzo del totale stanziato. Entro la fine di giugno a Comuni e Province arriver\u00e0 il saldo e c\u2019\u00e8 l\u2019impegno della maggioranza in Parlamento e del Governo per stanziare ulteriori 3 miliardi di euro, sempre per gli enti locali, entro l\u2019estate. Per i Comuni e le Province del Veneto sono dunque subito disponibili 84,5 milioni di euro e ne arriveranno altri 169 il mese prossimo. Questa \u00e8 la terza misura portata avanti dal governo a sostegno degli enti locali dall\u2019inizio della pandemia, dopo il contributo a sostegno dei fabbisogni alimentari (400 milioni in Italia, 28 milioni in Veneto) e l\u2019anticipo del contributo di solidariet\u00e0 avvenuto nel corso di maggio\u00bb. Lo ricorda il coordinatore dei parlamentari veneti del Partito democratico,\u00a0Roger De Menech.<\/p>\n<p>&nbsp;<\/p>\n<p>&nbsp;<\/p>\n<p>&nbsp;<\/p>\n<p>&nbsp;<\/p>\n<p>&nbsp;<\/p>\n<p>&nbsp;<\/p>\n<hr \/>\n<p>&nbsp;<\/p>\n<blockquote>\n<h3>BILANCIO DI ESERCIZIO 2019: L\u2019ULSS DOLOMITI CHIUDE IN POSITIVO<\/h3>\n<\/blockquote>\n<p><strong><a class=\"dt-pswp-item\" href=\"https:\/\/www.radiopiu.net\/wordpress\/wp-content\/uploads\/2020\/04\/RASI-CALDOGNO.jpeg\" data-dt-img-description=\"\" data-large_image_width=\"1915\" data-large_image_height=\"1125\"><img loading=\"lazy\" decoding=\"async\" class=\"size-medium wp-image-127853 alignleft\" src=\"https:\/\/www.radiopiu.net\/wordpress\/wp-content\/uploads\/2020\/04\/RASI-CALDOGNO-300x176.jpeg\" alt=\"\" width=\"300\" height=\"176\" srcset=\"https:\/\/www.radiopiu.net\/wordpress\/wp-content\/uploads\/2020\/04\/RASI-CALDOGNO-300x176.jpeg 300w, https:\/\/www.radiopiu.net\/wordpress\/wp-content\/uploads\/2020\/04\/RASI-CALDOGNO-1024x602.jpeg 1024w, https:\/\/www.radiopiu.net\/wordpress\/wp-content\/uploads\/2020\/04\/RASI-CALDOGNO-768x451.jpeg 768w, https:\/\/www.radiopiu.net\/wordpress\/wp-content\/uploads\/2020\/04\/RASI-CALDOGNO-1536x902.jpeg 1536w, https:\/\/www.radiopiu.net\/wordpress\/wp-content\/uploads\/2020\/04\/RASI-CALDOGNO.jpeg 1915w\" sizes=\"auto, (max-width: 300px) 100vw, 300px\" \/><\/a>BELLUNO<\/strong>\u00a0Il bilancio di esercizio 2019 dell\u2019Ulss Dolomiti si chiude con un segno positivo.\u00a0Il bilancio di esercizio dell&#8217;area sanitaria chiude con un utile pari ad Euro 968.217,92, mentre l&#8217;area sociale chiude con un risultato di pareggio.\u00a0Grazie a una gestione attenta delle risorse, ed in particolare per merito di una costante azione di ricerca del risparmio su voci di spesa come la gestione centralizzata delle gare, la scelta di farmaci equivalenti e la gestione ottimizzata del magazzino, l\u2019Azienda \u00e8 riuscita a chiudere il 2019 con un segno positivo di circa 968.000 euro su oltre 472 milioni di valore complessivo della produzione.\u00a0\u00ab<em>Questo risultato \u00e8 il frutto di un lavoro costante di attenzione da parte di tutta l\u2019Ulss Dolomiti, per il miglior utilizzo delle risorse assegnate\u00bb, afferma Adriano Rasi Caldogno, Direttore Generale dell\u2019Ulss Dolomiti. \u00abQuesto ha permesso di assicurare servizi di qualit\u00e0 ai nostri concittadini e di valorizzare la professionalit\u00e0 dei nostri operatori, assieme a un utilizzo attento delle risorse aziendali<\/em>\u00bb, conclude Rasi.<\/p>\n<p>&nbsp;<\/p>\n<p>&nbsp;<\/p>\n<hr \/>\n<p>&nbsp;<\/p>\n<p>&nbsp;<\/p>\n<p>&nbsp;<\/p>\n<blockquote>\n<h3>DAL 1\u00b0 GIUGNO 2020 \u00c8 NECESSARIA LA PRENOTAZIONE PER ACCEDERE AI CENTRI PRELIEVO<\/h3>\n<\/blockquote>\n<p><b><a class=\"dt-pswp-item\" href=\"https:\/\/www.radiopiu.net\/wordpress\/wp-content\/uploads\/2020\/05\/prenotazionicentroprelievi.png\" data-dt-img-description=\"\" data-large_image_width=\"940\" data-large_image_height=\"788\"><img loading=\"lazy\" decoding=\"async\" class=\" wp-image-140619 alignleft\" src=\"https:\/\/www.radiopiu.net\/wordpress\/wp-content\/uploads\/2020\/05\/prenotazionicentroprelievi-300x251.png\" alt=\"\" width=\"147\" height=\"123\" srcset=\"https:\/\/www.radiopiu.net\/wordpress\/wp-content\/uploads\/2020\/05\/prenotazionicentroprelievi-300x251.png 300w, https:\/\/www.radiopiu.net\/wordpress\/wp-content\/uploads\/2020\/05\/prenotazionicentroprelievi-768x644.png 768w, https:\/\/www.radiopiu.net\/wordpress\/wp-content\/uploads\/2020\/05\/prenotazionicentroprelievi.png 940w\" sizes=\"auto, (max-width: 147px) 100vw, 147px\" \/><\/a><\/b><\/p>\n<p>&nbsp;<\/p>\n<p><b>BELLUNO.<\/b> Dal 1\u00b0 giugno 2020 prelievi senza fila all\u2019Ulss Dolomiti. Per accedere ai Laboratorio analisi e Centri Prelievi ospedalieri dell\u2019Ulss Dolomiti sar\u00e0 necessaria la prenotazione del proprio turno. In questo modo, il cittadino risparmier\u00e0 tempo e trover\u00e0 un ambiente ancor pi\u00f9 sicuro, con un flusso contingentato di persone. Si potr\u00e0 prenotare, secondo la disponibilit\u00e0 dei posti, o annullare la prenotazione del turno senza addebito fino alla mattina stessa.<\/p>\n<p>&nbsp;<\/p>\n<p class=\"entry-title\"><a href=\"https:\/\/www.radiopiu.net\/wordpress\/wp-content\/uploads\/2020\/05\/COME-PRENOTARE-ONLINE-LE-ANALISI-DEL-SANGUE.pdf\" class=\"pdfemb-viewer\" style=\"\" data-width=\"max\" data-height=\"max\" data-toolbar=\"top\" data-toolbar-fixed=\"on\">COME PRENOTARE ONLINE LE ANALISI DEL SANGUE<\/a>\n<p>&nbsp;<\/p>\n<p>&nbsp;<\/p>\n<hr \/>\n<p>&nbsp;<\/p>\n<p>&nbsp;<\/p>\n<p>&nbsp;<\/p>\n<blockquote>\n<h3>IL PALIO DI FELTRE 2020 NON SI FARA&#8217;<\/h3>\n<\/blockquote>\n<p><strong><a class=\"dt-pswp-item\" href=\"https:\/\/www.radiopiu.net\/wordpress\/wp-content\/uploads\/2017\/12\/sbandieratori_del_palio_di_feltre_in_piazza_maggiore.jpg\" data-dt-img-description=\"\" data-large_image_width=\"300\" data-large_image_height=\"225\"><img loading=\"lazy\" decoding=\"async\" class=\"size-medium wp-image-39920 alignleft\" src=\"https:\/\/www.radiopiu.net\/wordpress\/wp-content\/uploads\/2017\/12\/sbandieratori_del_palio_di_feltre_in_piazza_maggiore-300x225.jpg\" alt=\"\" width=\"300\" height=\"225\" \/><\/a>FELTRE <\/strong>Il Palio di Feltre 2020 non si far\u00e0. Ecco l\u2019analisi della situazione, espressa dal presidente Eugenio Tamburrino:\u201cNei mesi passati, dovendo delineare il futuro del Palio in relazione all\u2019emergenza sanitaria del \u2018Coronavirus\u2019, il Consiglio dell\u2019Associazione Palio Citt\u00e0 di Feltre aveva condiviso la decisione di attendere le indicazioni normative che avrebbero definito se, come e quando le manifestazioni italiane sarebbero potute ripartire.Riunitisi in seguito alla diffusione delle linee guida emanate dalla Conferenza Stato-Regioni, il Consiglio ha preso atto di come al momento sia impossibile procedere con la programmazione dell\u2019evento agostano. Troppe infatti le prescrizioni insostenibili al momento per le grosse manifestazioni, che infatti \u2013 come confermato in questi giorni anche dall\u2019Assessore regionale al Turismo, Federico Caner \u2013 sono per la maggior parte in via di cancellazione o di riprogrammazione ai primi mesi del 2021. Tra le difficolt\u00e0 che si incontrerebbero, la possibilit\u00e0 di accogliere un massimo di mille persone tra il pubblico, oltre all\u2019obbligo di far rispettare le indicazioni sul distanziamento sociale e sull\u2019uso obbligatorio delle mascherine. Indicazioni che tolgono del tutto alla manifestazione una delle sue componenti essenziali, quella della socialit\u00e0 e dell\u2019essere un motore di aggregazione. L\u2019Associazione Palio ha per\u00f2 cercato anche di gettare il cuore oltre l\u2019ostacolo, riproponendosi di monitorare l\u2019evoluzione delle normative e delle indicazioni operative che arriveranno dalle Istituzioni pubbliche, al fine di valutare la possibilit\u00e0 di organizzare ugualmente una manifestazione legata al Palio, che possa valorizzare le tradizioni cittadine e mettere in valore gli sforzi dei Quartieri e dell\u2019Associazione. Nel frattempo, la graduale riapertura di alcune attivit\u00e0 sociali sta permettendo ai Quartieri di riattivare la loro capacit\u00e0 di fare comunit\u00e0 e all\u2019Associazione Palio di programmare l\u2019inizio di una serie di iniziative tese ad arricchire i prossimi mesi di appuntamenti.\u00a0Tra queste, l\u2019uscita del primo numero del periodico \u201cIl XV Ducati\u201d, in distribuzione dalla prossima settimana, ma anche un ambizioso progetto di \u201cgamification\u201d, cio\u00e8 la creazione di un percorso tematico, che si svilupper\u00e0 sia su supporti multimediali sia con incontri fisici, che tender\u00e0 a valorizzare la manifestazione tramite la creazione di diversi momenti ludici, indirizzati a diversi tipi di pubblico, sia adulti sia i pi\u00f9 giovani.Abbiamo ovviamente atteso quanto pi\u00f9 possibile prima di prendere una decisione sul Palio di quest\u2019anno, ma arrivati a meno di due mesi dall\u2019evento e constatate le normative attualmente vigenti, non pare ci siano le condizioni per organizzare la manifestazione. \u00c8 sicuramente una decisione forte, e che nessuno avrebbe mai voluto assumere, ma le difficolt\u00e0 emerse a seguito della pandemia ed evidenziate dai Soci sono al momento impossibili da superare. I Soci dell\u2019Associazione hanno per\u00f2 concordato di valutare la possibilit\u00e0, con l\u2019evoluzione delle normative, di trovare il modo di portare comunque in piazza i nostri colori e le nostre emozioni, per non creare un vuoto, pur in questo anno calamitoso. \u00c8 un dovere che sentiamo in maniera importante nei confronti della Citt\u00e0, che in questi momenti ci sta esprimendo un forte desiderio di Palio. In questo senso, iniziano ad esserci piccoli segnali di segno positivo, che devono assolutamente essere valorizzati in questo momento: la riapertura delle sedi dei Quartieri ci far\u00e0 uscire da un\u2019apnea lunga quasi quattro mesi, e le nuove iniziative dell\u2019Associazione daranno alla manifestazione la possibilit\u00e0 di ampliare il proprio ventaglio di strumenti, che potranno flessibilmente essere messi in campo sia da remoto sia in presenza\u201d.<\/p>\n<p>&nbsp;<\/p>\n<p>&nbsp;<\/p>\n<p>&nbsp;<\/p>\n<hr \/>\n<p>&nbsp;<\/p>\n<p>&nbsp;<\/p>\n<p>&nbsp;<\/p>\n<blockquote>\n<h3>CENTRI ESTIVI, PROCEDURE PI\u00d9 AGILI<\/h3>\n<\/blockquote>\n<p><strong><a class=\"dt-pswp-item\" href=\"https:\/\/www.radiopiu.net\/wordpress\/wp-content\/uploads\/2018\/08\/scuola2.jpg\" data-dt-img-description=\"\" data-large_image_width=\"1280\" data-large_image_height=\"853\"><img loading=\"lazy\" decoding=\"async\" class=\"size-medium wp-image-56109 alignleft\" src=\"https:\/\/www.radiopiu.net\/wordpress\/wp-content\/uploads\/2018\/08\/scuola2-300x200.jpg\" alt=\"\" width=\"300\" height=\"200\" srcset=\"https:\/\/www.radiopiu.net\/wordpress\/wp-content\/uploads\/2018\/08\/scuola2-300x200.jpg 300w, https:\/\/www.radiopiu.net\/wordpress\/wp-content\/uploads\/2018\/08\/scuola2-768x512.jpg 768w, https:\/\/www.radiopiu.net\/wordpress\/wp-content\/uploads\/2018\/08\/scuola2-1024x682.jpg 1024w, https:\/\/www.radiopiu.net\/wordpress\/wp-content\/uploads\/2018\/08\/scuola2.jpg 1280w\" sizes=\"auto, (max-width: 300px) 100vw, 300px\" \/><\/a>BELLUNO\u00a0<\/strong>Procedure pi\u00f9 agili per l&#8217;avvio dei centri estivi nel post-epidemia: ieri il Comune di Belluno si \u00e8 confrontato in videoconferenza con una quindicina di gestori dei centri estivi per un approfondimento sulle \u201cLinee Guida per la gestione in sicurezza di opportunit\u00e0 organizzate di socialit\u00e0 e gioco per bambini ed adolescenti nella fase 2 dell\u2019emergenza COVID 19\u201d.\u00a0\u00ab<em>Abbiamo scelto di dare il via a procedure pi\u00f9 snelle, seguendo l&#8217;esempio dell&#8217;Emilia Romagna, anticipando anche la Regione Veneto che ha annunciato questa mattina un&#8217;ordinanza contenente un identico provvedimento. &#8211; commenta l&#8217;assessore alle politiche sociali, Lucia Pellegrini \u2013 Abbiamo gi\u00e0 inviato ai gestori la modulistica per la presentazione dei propri progetti e stiamo preparando la traccia per il rapporto di corresponsabilit\u00e0 tra famiglia e centro estivo<\/em>\u00bb.\u00a0Il percorso previsto per l&#8217;avvio del centro prevede infatti la semplice presentazione di un progetto di gestione al Comune di Belluno che \u2013 senza necessit\u00e0 di sopralluoghi &#8211; in collaborazione l&#8217;Ulss\u00a0 entro una settimana verificher\u00e0 la fattibilit\u00e0, dando poi il via libera all&#8217;avvio delle iscrizioni e delle attivit\u00e0.\u00a0\u00a0\u00ab<em>Siamo consapevoli delle difficolt\u00e0 che i gestori e le famiglie stanno attraversando in questo momento, per cui cercheremo di accelerare il pi\u00f9 possibile tutti i processi cos\u00ec da poter far aprire i battenti a un settore che in questo momento storico diventa ancora pi\u00f9 cruciale. &#8211; conclude Pellegrini \u2013 Sul fronte degli asili nido, la fascia da 0 a 3 anni, siamo invece ancora in attesa della riapertura da parte della Regione Veneto e sulle indicazioni su come dobbiamo operare; abbiamo gi\u00e0 i motori accesi e aspettiamo solo di poter partire<\/em>\u00bb.<\/p>\n<p>&nbsp;<\/p>\n<p>&nbsp;<\/p>\n<hr \/>\n<p>&nbsp;<\/p>\n<p>&nbsp;<\/p>\n<p>&nbsp;<\/p>\n<div class=\"page-title-head hgroup\">\n<blockquote>\n<h3 class=\"entry-title\">STATALE 51 DI ALEMAGNA, AL VIA QUATTRO INTERVENTI<\/h3>\n<\/blockquote>\n<\/div>\n<div class=\"page-title-breadcrumbs\">\n<p><strong>VENEZIA<\/strong> L\u2019Anas\u00a0 ha consegnato i lavori di realizzazione di quattro interventi ricompresi nel Piano di Potenziamento della Viabilit\u00e0 per l\u2019appuntamento dei Mondiali di sci 2021 che prevedono l\u2019adeguamento della statale 51 \u201cdi Alemagna\u201d nell\u2019ambito dei territori comunali di Longarone e Borca di Cadore. Tre degli appalti\u00a0 fanno <img loading=\"lazy\" decoding=\"async\" class=\"alignleft jetpack-lazy-image jetpack-lazy-image--handled\" src=\"https:\/\/i1.wp.com\/www.radiopiu.net\/wordpress\/wp-content\/uploads\/2017\/03\/anas.jpg?resize=94%2C147&amp;ssl=1\" width=\"94\" height=\"147\" data-recalc-dims=\"1\" data-lazy-loaded=\"1\" \/>parte degli interventi di miglioramento prestazionale e funzionale della statale 51 \u201cdi Alemagna\u201d nel tratto compreso tra lo svincolo di Castellavazzo\u00a0 e l\u2019imbocco della galleria Termine, nel territorio comunale di Longarone. Consegnati anche i lavori di adeguamento tecnico funzionale dell\u2019intersezione con la viabilit\u00e0 comunale\u00a0 nel tratto urbano di Borca di Cadore, ricompresi nel 2\u00b0 stralcio del Piano di potenziamento della viabilit\u00e0. A giorni l\u2019avvio dei cantieri. Gi\u00e0 programmata inoltre per la prossima settimana la consegna dei lavori di un ulteriore lotto che rientra fra gli interventi di adeguamento della statale Alemagna a Longarone.\u00a0 Infine, sempre relativamente allo stralcio di Longarone sono in corso le verifiche amministrative propedeutiche all\u2019aggiudicazione definitiva di un ultimo lotto, prevista nei prossimi giorni.<\/p>\n<blockquote><p><em>\u201cLa consegna di questi lavori \u00e8 un ulteriore risultato \u2013 dice il Commissario per l\u2019attuazione del piano Claudio Andrea Gemme\u00a0\u2013 che abbiamo ottenuto lavorando concretamente per ridurre il pi\u00f9 possibile i tempi necessari a predisporre l\u2019avvio dei cantieri. Questo \u00e8 il segnale dell\u2019impegno fattivo della squadra coesa dei nostri professionisti che lavora in sinergia e a tempo pieno per l\u2019avanzamento delle opere\u201d.<\/em><\/p><\/blockquote>\n<p>&nbsp;<\/p>\n<p>&nbsp;<\/p>\n<p>&nbsp;<\/p>\n<hr \/>\n<p>&nbsp;<\/p>\n<p>&nbsp;<\/p>\n<p>&nbsp;<\/p>\n<\/div>\n<blockquote>\n<h3><b>LAGO DI SANTA CROCE: STRUTTURE RINNOVATE E PROTOCOLLI DI SICUREZZA PER ACCOGLIERE TURISTI E VISITATORI IN UNA STAGIONE CHE SI ANNUNCIA RICCA DI SODDISFAZIONI<\/b><\/h3>\n<\/blockquote>\n<p><strong><a class=\"dt-pswp-item\" href=\"https:\/\/www.radiopiu.net\/wordpress\/wp-content\/uploads\/2020\/05\/9934e17e-c182-47b7-8b8d-d9647a5950aa.jpg\" data-dt-img-description=\"\" data-large_image_width=\"1024\" data-large_image_height=\"576\"><img loading=\"lazy\" decoding=\"async\" class=\"size-medium wp-image-141197 alignleft\" src=\"https:\/\/www.radiopiu.net\/wordpress\/wp-content\/uploads\/2020\/05\/9934e17e-c182-47b7-8b8d-d9647a5950aa-300x169.jpg\" alt=\"\" width=\"300\" height=\"169\" srcset=\"https:\/\/www.radiopiu.net\/wordpress\/wp-content\/uploads\/2020\/05\/9934e17e-c182-47b7-8b8d-d9647a5950aa-300x169.jpg 300w, https:\/\/www.radiopiu.net\/wordpress\/wp-content\/uploads\/2020\/05\/9934e17e-c182-47b7-8b8d-d9647a5950aa-768x432.jpg 768w, https:\/\/www.radiopiu.net\/wordpress\/wp-content\/uploads\/2020\/05\/9934e17e-c182-47b7-8b8d-d9647a5950aa.jpg 1024w\" sizes=\"auto, (max-width: 300px) 100vw, 300px\" \/><\/a>ALPAGO\u00a0<\/strong>L\u2019Alpago non rinuncia al proprio lago e, anzi, rilancia un\u2019offerta turistica e sportiva che potrebbe vedere nella stagione alle porte un\u2019occasione per certi versi irripetibile.\u00a0Ne \u00e8 convinta l\u2019Amministrazione comunale di Alpago che, al termine di un lavoro durato oltre un mese, lancia un pacchetto di novit\u00e0 destinato a garantire tutti gli standard di comfort e di sicurezza adeguati anche alle normative sul contenimento del virus.\u00a0Il lungo ponte del 2 giugno, in concomitanza con con l&#8217;avvio della stagione balneare, coincide infatti anche con la messa a dimora di una nuova tabellazione e dei nuovi regolamenti d\u2019utilizzo delle diverse aree attorno al lago. Sono state individuate, tra le altre, delle zone dedicate al gioco, delle aree-solarium per chi desidera prendere il sole in tranquillit\u00e0 e \u2013 sulla spiaggia di Farra &#8211; una zona riservata alle persone che decidono di trascorre le proprie ore di relax in compagnia dei propri cani (<i>area dog beach<\/i>).\u00a0\u201c<em>Vogliamo che tutti coloro che arrivano al lago di S. Croce possano trovarsi a proprio agio e muoversi in libert\u00e0, senza arrecare disturbo agli altri o essere limitati nelle proprie scelte\u201d, sottolinea l\u2019assessore al turismo del Comune di Alpago Federico Costa. \u201cPer questo, aggiunge Costa\u201d, abbiamo individuato zone specifiche per le varie attivit\u00e0 che si possono praticare sulle rive del lago<\/em>\u201d.\u00a0Sul fonte delle misure anti-Covid sono stati installate delle nuove tabelle che richiamano tutte le pratiche e i comportamenti da mettere in atto; sono stati inoltre installati in vari punti dei dispenser con soluzioni igienizzanti, ricorrendo a degli oggetti di arredo urbano accattivanti e ben inseriti nell\u2019ambiente del lago. Ma non \u00e8 tutto. Fa il suo esordio in questo week-end, infatti, anche il <i>beach steward<\/i>, una nuova figura professionale che \u2013 affiancando il servizio bagnini \u2013 collaborer\u00e0 con gli ospiti dando loro informazioni e indicazioni sui comportamenti da tenere per garantire la propria sicurezza e quella degli altri.\u00a0\u201c<em>Abbiamo fatto uno sforzo importante, anche sul piano economico, per farci trovare pronti pure in questa situazione di emergenza, certi come siamo, riprende l\u2019assessore Costa, che questa estate 2020 potrebbe portare nelle aree aperte e sicure del lago di S. Croce davvero moltissime persone, come abbiamo peraltro gi\u00e0 visto nel corso dell\u2019ultimo fine settimana. Il lago di S. Croce resta e anzi rappresenta sempre pi\u00f9 il biglietto da visita turistico principale del nostro straordinario territorio. Noi abbiamo fatto tutto il possibile per farci trovare pronti nel migliore dei modi: siamo molto fiduciosi nei mesi che ci attendono<\/em>\u201d, conclude l\u2019assessore al turismo del Comune di Alpago.<\/p>\n<p>&nbsp;<\/p>\n<p>&nbsp;<\/p>\n<hr \/>\n<p>&nbsp;<\/p>\n<p>&nbsp;<\/p>\n<p>&nbsp;<\/p>\n<blockquote>\n<h3>MENTI ALLENATE ANCHE IN PIENA QUARANTENA &#8211; REVIVISCAR INCASSA IL SUCCESSO DI \u201cALLENAMENTE\u201d, INIZIATIVE E CORSI NEI GIORNI DEL LOCKDOWN<\/h3>\n<\/blockquote>\n<p><strong><a class=\"dt-pswp-item\" href=\"https:\/\/www.radiopiu.net\/wordpress\/wp-content\/uploads\/2020\/01\/Lorraine_Berton.jpg\" data-dt-img-description=\"\" data-large_image_width=\"767\" data-large_image_height=\"768\"><img loading=\"lazy\" decoding=\"async\" class=\"size-medium wp-image-112912 alignleft\" src=\"https:\/\/www.radiopiu.net\/wordpress\/wp-content\/uploads\/2020\/01\/Lorraine_Berton-300x300.jpg\" alt=\"\" width=\"300\" height=\"300\" srcset=\"https:\/\/www.radiopiu.net\/wordpress\/wp-content\/uploads\/2020\/01\/Lorraine_Berton-300x300.jpg 300w, https:\/\/www.radiopiu.net\/wordpress\/wp-content\/uploads\/2020\/01\/Lorraine_Berton-150x150.jpg 150w, https:\/\/www.radiopiu.net\/wordpress\/wp-content\/uploads\/2020\/01\/Lorraine_Berton.jpg 767w\" sizes=\"auto, (max-width: 300px) 100vw, 300px\" \/><\/a>BELLUNO\u00a0<\/strong>Anche nei giorni pi\u00f9 duri della quarantena Reviviscar ha sempre \u201callenato\u201d le menti di imprenditori, manager, lavoratori del Bellunese.A dirlo \u00e8 il bilancio di \u201cAllena-mente\u201d, l\u2019iniziativa voluta dalla societ\u00e0 di formazione di Confindustria Belluno Dolomiti per non far mancare il proprio appoggio a imprese e associati nemmeno in pieno lockdown: oltre 160 gli iscritti, una trentina le imprese del territorio coinvolte tra grandi e piccole.\u00a0\u201c<em>La formazione \u00e8 da sempre una priorit\u00e0 per la nostra Associazione. Oggi, in questa delicatissima fase 2, \u00e8 un imperativo al quale non possiamo sottrarci. Le sfide che ci attendono sono numerose e hanno bisogno delle giuste competenze<\/em>\u201d, afferma la presidente di Confindustria Belluno Dolomiti Lorraine Berton.\u00a0\u201cAllena-mente\u201d \u00e8 stata la prima iniziativa on-line di Reviviscar lanciata all\u2019indomani del lockdown, poi ne sono seguite altre, sempre legate all\u2019Associazione degli industriali: dall\u2019attivazione dei corsi on-line della Luiss Business School ai webinar promossi dal Tavolo tecnico del Digital Innovation Hub.\u00a0\u201c<em>C\u2019\u00e8 stato uno sforzo digitale enorme che ha visto la nostra struttura adeguarsi in tempi rapidi al cambiamento, offrendo sulle piattaforme quello che solitamente diamo in aula. Siamo stati tra i primi in Veneto a farlo\u201d, rimarca Berton. \u201cCerto se da un lato abbiamo messo tutta la nostra voglia di fare e gli strumenti, dall\u2019altro ci siamo spesso scontrati con una infrastruttura immateriale imbarazzante<\/em>\u201d.\u00a0Da qui l\u2019ennesimo appello di Berton alle Istituzioni: \u201c<em>La pandemia ci ha insegnato tante cose, tra queste l\u2019esigenza di connessioni veloci e performanti. Su questo fronte, il nostro territorio montano sconta gi\u00e0 un terribile gap, non possiamo farlo diventare una voragine<\/em>\u201d.\u00a0Allenamente si \u00e8 rivolto a titolari d\u2019azienda, ceo, responsabili delle risorse umane, tecnici, informatici, amministrativi occupandosi dei temi pi\u00f9 disparati \u2013 tutti per\u00f2 accomunati dalla gestione dell\u2019emergenza, anche da un punto di vista emotivo: dal nuovo volto dell\u2019organizzazione aziendale nella cosiddetta societ\u00e0 5.0 alla gestione dello stress e al time management (l\u2019organizzazione del tempo). E ancora: smart working, relazioni familiari, benessere sociale.\u00a0\u201c<em>\u00c8 stata una formazione molto umana, perch\u00e9 la gestione dell\u2019emergenza non pu\u00f2 prescindere dalla persona, che \u00e8 sempre il vero motore del cambiamento<\/em>\u201d, sottolinea la presidente.\u00a0\u201c<em>Con questa iniziativa, abbiamo risposto concretamente al giusto appello lanciato nei giorni scorsi da Ferruccio De Bortoli sulla necessit\u00e0 \u2013 oggi pi\u00f9 che mai \u2013 di investire in capitale umano. Noi continuiamo a farlo con tutte le nostre proposte, dai corsi della Business School all\u2019Its meccatronico. Questo \u00e8 il momento giusto per compiere un passo culturale in avanti<\/em>\u201d, prosegue la presidente di Confindustria Belluno Dolomiti.\u00a0Terminato il lockdown, anche la formazione di Reviviscar &#8211; alla luce delle nuove disposizioni nazionali e regionali &#8211; sta ritornando nella normalit\u00e0. \u201c<em>Stiamo rientrando in aula nella massima sicurezza con tutte le misure di sanificazione possibile e i distanziamenti necessari<\/em>\u201d, assicura Berton. \u201c<em>Siamo infatti convinti che l\u2019interazione in aula resti la via maestra per costruire nuove competenze e nuove relazioni<\/em>\u201d.<\/p>\n<p>&nbsp;<\/p>\n<p>&nbsp;<\/p>\n<hr \/>\n<p>&nbsp;<\/p>\n<div class=\"page\" title=\"Page 1\">\n<div class=\"section\">\n<div class=\"layoutArea\">\n<div class=\"column\">\n<blockquote>\n<h3>\u00abRECOVERY FUND, L\u2019ITALIA NON SPRECHI L\u2019OCCASIONE E PUNTI SUI GIOVANI:\u00a0POSSONO ESSERE I VERI ATTORI DEL CAMBIAMENTO\u00bb<\/h3>\n<\/blockquote>\n<p><strong><a class=\"dt-pswp-item\" href=\"https:\/\/www.radiopiu.net\/wordpress\/wp-content\/uploads\/2020\/05\/JMR.jpg\" data-dt-img-description=\"\" data-large_image_width=\"2400\" data-large_image_height=\"1602\"><img loading=\"lazy\" decoding=\"async\" class=\"size-medium wp-image-141205 alignleft\" src=\"https:\/\/www.radiopiu.net\/wordpress\/wp-content\/uploads\/2020\/05\/JMR-300x200.jpg\" alt=\"\" width=\"300\" height=\"200\" srcset=\"https:\/\/www.radiopiu.net\/wordpress\/wp-content\/uploads\/2020\/05\/JMR-300x200.jpg 300w, https:\/\/www.radiopiu.net\/wordpress\/wp-content\/uploads\/2020\/05\/JMR-1024x684.jpg 1024w, https:\/\/www.radiopiu.net\/wordpress\/wp-content\/uploads\/2020\/05\/JMR-768x513.jpg 768w, https:\/\/www.radiopiu.net\/wordpress\/wp-content\/uploads\/2020\/05\/JMR-1536x1025.jpg 1536w, https:\/\/www.radiopiu.net\/wordpress\/wp-content\/uploads\/2020\/05\/JMR-2048x1367.jpg 2048w\" sizes=\"auto, (max-width: 300px) 100vw, 300px\" \/><\/a>ROMA\u00a0<\/strong>Di \u201cGreen New Deal\u201d e \u201csvolta tecnologica\u201d spesso chi ci governa si \u00e8 riempito la bocca, anche a\u00a0sproposito. Ora, per\u00f2, \u00e8 necessario che le parole si trasformino in fatti, perch\u00e9 la Commissione Europea ha vincolato l\u2019approdo delle risorse del Recovery Fund all\u2019inserimento di interventi strutturali ben definiti. \u00ab<em>E proprio il dinamismo e l\u2019imprinting eco-tecnologico dei giovani possono consentire all\u2019Italia di operare una svolta oggi non pi\u00f9 rimandabile<\/em>\u00bb, rimarca il padovano Jonathan Morello Ritter, presidente nazionale dei Giovani Imprenditori Confapi. \u00ab<em>Quando, a inizio febbraio, ho avuto modo di confrontarmi con il presidente dell\u2019Europarlamento David Sassoli, ho insistito perch\u00e9 i giovani fossero al primo punto dell\u2019agenda di governo. Ho trovato un interlocutore attento e consapevole della situazione. Oggi proprio i giovani possono essere i veri attori di questo cambiamento<\/em>\u00bb. La riflessione di Morello Ritter si scontra con una realt\u00e0 amara. Lo dicono i numeri, che attestano che,\u00a0se il cambiamento \u00e8 iniziato, l\u2019Italia fa poco per aiutare chi dovr\u00e0 affrontarlo. \u00ab<em>Quando si sottolinea che la disoccupazione giovanile nel nostro Paese tocca il 30% ci si affida a una percentuale che non tocca il cuore: si tratta, per\u00f2, di milioni di ragazzi. E nel mondo, a causa della pandemia, pi\u00f9 di un giovane su\u00a0sei ha smesso di lavorare. La cosa peggiore \u00e8 che cos\u00ec aumentano gli inattivi, ovvero persone che il lavoro non lo cercano nemmeno. S\u00ec, perch\u00e9 pi\u00f9 trascorre tempo dall\u2019ultimo impiego, pi\u00f9 \u00e8 difficile trovarne uno e, soprattutto, passa la \u201cvoglia di cercarlo\u201d. Il sistema Italia oggi non aiuta a rimboccarsile maniche, piuttosto elemosina e incentiva questa posizione con misure di assistenzialismo. E invece \u00e8 doveroso sostenere chi \u00e8 in difficolt\u00e0, ma bisogna anche aiutare le persone a ripartire<\/em>\u00bb.A questo riguardo, la misura simbolo \u00e8 sicuramente il reddito di cittadinanza, per il quale sono stati stanziati quattro miliardi, che, come raccontano i numeri pi\u00f9 recenti forniti da Anpal Servizi, hanno generato appena 65.302 assunzioni. Considerando che le persone che lo ricevono sono 2.721.036, significa che appena il 2,4% di questi ha trovato un impiego. \u00ab<em>Quindi abbiamo oltre 2 milioni e mezzo di persone che non lavorano e non studiano, ma percepiscono un sussidio: quello che rimane il loro\u00a0obiettivo. Nel 2019 l\u2019Istat rilevava come la disoccupazione al Sud (17,6%) sia tre volte quella del Nord Italia (6,1%). Un divario che rischia di aumentare se le politiche continueranno a premiare chi resta a casa. In un contesto simile ci chiediamo: come \u00e8 possibile crescere e mettere su famiglia? Gi\u00e0, nel 1961,sempre l\u2019Istat ci dice che il numero medio di figli per donna era 2,4: per il 2030 si stima sar\u00e0 meno della met\u00e0<\/em>\u00bb.Ma cosa sarebbe stato possibile fare con i 4 miliardi stanziati per il reddito di cittadinanza? \u00ab<em>Il reddito di cittadinanza doveva essere un \u201cprestito d\u2019onore\u201d che spronasse e incoraggiasse a trovare lavoro, e non un vitalizio che aggrava i numeri degli inattivi. Con le stesse risorse si possono avviare subito 500mila contratti con decontribuzione totale, una formula, gi\u00e0 presente nell\u2019apprendistato, che piace molto alle imprese. Oppure sarebbe possibile finanziare a fondo perduto 130 mila nuovi progetti imprenditoriali, magari proprio nel settore green e tecnologico. Non sarebbe pi\u00f9 utile?<\/em>\u00bb.<\/p>\n<p>&nbsp;<\/p>\n<p>&nbsp;<\/p>\n<hr \/>\n<p>&nbsp;<\/p>\n<div class=\"page-title-head hgroup\">\n<blockquote>\n<h3 class=\"entry-title\">SICUREZZA SUL LAVORO DOPO 369 CONTROLLI TRA 25 MILA ADDETTI<\/h3>\n<\/blockquote>\n<\/div>\n<div class=\"page-title-breadcrumbs\">\n<blockquote>\n<p align=\"JUSTIFY\"><b>Videoconferenza tra i vertici di CONFAPI BELLUNO con APINDUSTRIA VENEZIA E CONFAPI TREVISO e quelli della Azienda<\/b> <b>sanitaria \u201cULSS1 Dolomiti\u201d sul tema della sicurezza e salute nei luoghi di lavoro<\/b>.<\/p>\n<\/blockquote>\n<p align=\"JUSTIFY\"><span class=\"photoswipe-wrapper\"><img loading=\"lazy\" decoding=\"async\" class=\" wp-image-141304 alignleft jetpack-lazy-image jetpack-lazy-image--handled\" src=\"https:\/\/i1.wp.com\/www.radiopiu.net\/wordpress\/wp-content\/uploads\/2020\/05\/partecipanti.jpg?resize=300%2C193&amp;ssl=1\" sizes=\"auto, (max-width: 300px) 100vw, 300px\" srcset=\"https:\/\/i1.wp.com\/www.radiopiu.net\/wordpress\/wp-content\/uploads\/2020\/05\/partecipanti.jpg?resize=300%2C193&amp;ssl=1 300w, https:\/\/i1.wp.com\/www.radiopiu.net\/wordpress\/wp-content\/uploads\/2020\/05\/partecipanti.jpg?resize=768%2C494&amp;ssl=1 768w, https:\/\/i1.wp.com\/www.radiopiu.net\/wordpress\/wp-content\/uploads\/2020\/05\/partecipanti.jpg?w=987&amp;ssl=1 987w\" alt=\"\" width=\"250\" height=\"161\" data-recalc-dims=\"1\" data-lazy-loaded=\"1\" \/>Lo scopo dell\u2019incontro instaurare un proficuo e costruttivo dialogo con il mondo della sanit\u00e0 locale, al fine di supportare gli imprenditori nell\u2019affrontare la \u201cfase2\u201d dell\u2019emergenza coronavirus in sicurezza, all\u2019interno dei luoghi di lavoro. Il Direttore Zanon ha posto l\u2019attenzione sul come, in questa partita, tutti giochino con un comune obiettivo, e che un ruolo fondamentale sia rappresentato anche dagli enti preposti a monitorare la corretta attuazione delle misure di sicurezza. I quesiti hanno riguardato principalmente le igienizzazioni e sanificazioni degli spazi e ambienti. Si \u00e8 poi discusso circa le tipologie dei Dispositivi di Protezione Individuale. Dall\u2019Azienda sanitaria locale hanno fatto sapere che i controlli effettuati sin ora nei luoghi di lavoro, in questa fase due, sono stati per 369 aziende per un totale di 25 mila addetti impiegati; 250 sono state, invece, le verifiche svolte all\u2019interno delle Imprese che non hanno mai terminato la propria attivit\u00e0 con l\u2019emergenza. Nella seconda parte dell\u2019incontro si \u00e8 poi discusso di Infortunio sul lavoro legato al covid19. Si pu\u00f2 e dev\u2019essere data fiducia agli imprenditori, senza rinunciare all\u2019attivit\u00e0 di monitoraggio che si rivela preziosa se interpretata come fatto sin ora e non allo scopo di colpire chi sta gi\u00e0 pagando un duro prezzo. Alla video conferenza sono intervenuti: Gianfranco Albertin Responsabile Spisal, Oscar Luigi Cora Responsabile Servizio Igiene degli Alimenti e della Nutrizione,\u00a0 Andrea Sava Responsabile\u00a0 Servizio Igiene e Sanit\u00e0 Pubblica e\u00a0 Damiano Comin Responsabile\u00a0 del Dipartimento Prevenzione. Presenti per Belluno il Presidente Sisto Dagai, per Treviso la Presidente Federica Polloni, per Venezia il Direttore Nicola Zanon.<\/span><\/p>\n<hr \/>\n<p align=\"JUSTIFY\">\n<\/div>\n<blockquote>\n<h3>SOSPESO IL CANONE DI CONCESSIONE: I BACINI DI PESCA NON PAGHERANNO PER TUTTO IL 2020<\/h3>\n<\/blockquote>\n<p><strong><a class=\"dt-pswp-item\" href=\"https:\/\/www.radiopiu.net\/wordpress\/wp-content\/uploads\/2020\/05\/PADRIN.jpg\" data-dt-img-description=\"\" data-large_image_width=\"945\" data-large_image_height=\"1417\"><img loading=\"lazy\" decoding=\"async\" class=\"size-medium wp-image-134835 alignleft\" src=\"https:\/\/www.radiopiu.net\/wordpress\/wp-content\/uploads\/2020\/05\/PADRIN-200x300.jpg\" alt=\"\" width=\"200\" height=\"300\" srcset=\"https:\/\/www.radiopiu.net\/wordpress\/wp-content\/uploads\/2020\/05\/PADRIN-200x300.jpg 200w, https:\/\/www.radiopiu.net\/wordpress\/wp-content\/uploads\/2020\/05\/PADRIN-683x1024.jpg 683w, https:\/\/www.radiopiu.net\/wordpress\/wp-content\/uploads\/2020\/05\/PADRIN-768x1152.jpg 768w, https:\/\/www.radiopiu.net\/wordpress\/wp-content\/uploads\/2020\/05\/PADRIN.jpg 945w\" sizes=\"auto, (max-width: 200px) 100vw, 200px\" \/><\/a>BELLUNO<\/strong> La Provincia di Belluno d\u00e0 una mano ai pescatori: viene sospeso per tutto il 2020 il canone di concessione. Di fatto, i 12 bacini di pesca non verseranno nelle casse provinciali le somme previste. \u00ab<em>Una misura dovuta &#8211; spiega il presidente Roberto Padrin -. \u00c8 un gesto di vicinanza a una realt\u00e0 importante per il nostro territorio, che in questo periodo di coronavirus ha subito grossi disagi. Il lockdown e la riduzione degli spostamenti hanno impedito ai pescatori di esercitare la loro attivit\u00e0, con conseguenze economiche fortemente impattanti sulla gestione economica dei bacini, anche a causa del mancato introito delle poste derivanti dalla vendita dei permessi<\/em>\u00bb.\u00a0Il canone, infatti, \u00e8 dovuto per l\u2019affido in concessione della gestione della pesca sportiva e dilettantistica che rientra tra le materie provinciali. La cifra prevista per il 2020 era di circa 23mila euro, suddivisi tra i 12 bacini di pesca della provincia.\u00a0\u00ab<em>Una piccola somma che per i bacini \u00e8 importantissima, come \u00e8 importante per il territorio l\u2019azione di tutela e salvaguardia che i bacini svolgono &#8211; afferma il consigliere provinciale delegato in materia di caccia e pesca, Franco De Bon -. La gestione dell\u2019attivit\u00e0 alieutica sta risentendo pesantemente degli effetti del coronavirus, ed \u00e8 ancora alle prese con le conseguenze della tempesta Vaia, che ha devastato i corsi d\u2019acqua. Proprio quest\u2019anno dovrebbe iniziare l\u2019attivit\u00e0 di recupero delle popolazioni ittiche, anche grazie all\u2019impegno dei bacini di pesca. Le risorse liberate dal canone di concessione permetteranno cos\u00ec ai bacini di effettuare gli interventi necessari per il mantenimento e lo sviluppo della fauna ittica nei corsi d\u2019acqua della provincia<\/em>\u00bb.\u00a0\u00ab<em>Ringraziamo i bacini per l\u2019attivit\u00e0 che svolgono sul territorio &#8211; conclude il presidente Padrin -. La valorizzazione dei nostri corsi d\u2019acqua e l\u2019attivit\u00e0 di pesca sportiva sono valori aggiunti anche in chiave turistica<\/em>\u00bb.<\/p>\n<p>&nbsp;<\/p>\n<p>&nbsp;<\/p>\n<p>&nbsp;<\/p>\n<p>&nbsp;<\/p>\n<p>&nbsp;<\/p>\n<hr \/>\n<p>&nbsp;<\/p>\n<blockquote>\n<h3>RIGENERAZIONE DEL PARCO FLUVIALE DI LAMBIOI OK DA ROMA ALLA MODIFICA DEL PROGETTO<\/h3>\n<\/blockquote>\n<p><strong><a class=\"dt-pswp-item\" href=\"https:\/\/www.radiopiu.net\/wordpress\/wp-content\/uploads\/2020\/05\/101360976_10157342736937544_6443622026962796544_n.png\" data-dt-img-description=\"\" data-large_image_width=\"636\" data-large_image_height=\"477\"><img loading=\"lazy\" decoding=\"async\" class=\"size-medium wp-image-141053 alignleft\" src=\"https:\/\/www.radiopiu.net\/wordpress\/wp-content\/uploads\/2020\/05\/101360976_10157342736937544_6443622026962796544_n-300x225.png\" alt=\"\" width=\"300\" height=\"225\" srcset=\"https:\/\/www.radiopiu.net\/wordpress\/wp-content\/uploads\/2020\/05\/101360976_10157342736937544_6443622026962796544_n-300x225.png 300w, https:\/\/www.radiopiu.net\/wordpress\/wp-content\/uploads\/2020\/05\/101360976_10157342736937544_6443622026962796544_n.png 636w\" sizes=\"auto, (max-width: 300px) 100vw, 300px\" \/><\/a><\/strong><\/p>\n<p><strong>BELLUNO<\/strong> Via libera da Roma alla modifica del progetto di rigenerazione urbana del Parco di Lambioi: \u00e8 infatti arrivata la tanto attesa nota del segretario generale della Presidenza del Consiglio dei Ministri che ha comunicato l&#8217;ok da parte del gruppo di monitoraggio all&#8217;aggiornamento del progetto del parco fluviale.<\/p>\n<p>&nbsp;<\/p>\n<p>&nbsp;<\/p>\n<p><strong>AI MICROFONI DI RADIO PIU L&#8217;ASSESSORE ALLA RIGENERAZIONE URBANA FRANCO FRISON<\/strong><\/p>\n<audio class=\"wp-audio-shortcode\" id=\"audio-141178-8\" preload=\"none\" style=\"width: 100%;\" controls=\"controls\"><source type=\"audio\/mpeg\" src=\"https:\/\/www.radiopiu.net\/wordpress\/wp-content\/uploads\/2020\/05\/Frison-Rigenerazione-Lambioi.mp3?_=8\" \/><a href=\"https:\/\/www.radiopiu.net\/wordpress\/wp-content\/uploads\/2020\/05\/Frison-Rigenerazione-Lambioi.mp3\">https:\/\/www.radiopiu.net\/wordpress\/wp-content\/uploads\/2020\/05\/Frison-Rigenerazione-Lambioi.mp3<\/a><\/audio>\n<\/div>\n<\/div>\n<\/div>\n<\/div>\n<p>&nbsp;<\/p>\n<div class=\"page\" title=\"Page 1\">\n<div class=\"section\">\n<div class=\"layoutArea\">\n<div class=\"column\">\n<p>&nbsp;<\/p>\n<hr \/>\n<p>&nbsp;<\/p>\n<p>&nbsp;<\/p>\n<blockquote>\n<h3>REDDITO DI EMERGENZA E BONUS COLF E BADANTI: DOMANDE AL VIA<\/h3>\n<\/blockquote>\n<p><strong><a class=\"dt-pswp-item\" href=\"https:\/\/www.radiopiu.net\/wordpress\/wp-content\/uploads\/2020\/05\/INAS-CISL.png\" data-dt-img-description=\"\" data-large_image_width=\"420\" data-large_image_height=\"206\"><img loading=\"lazy\" decoding=\"async\" class=\"size-medium wp-image-141281 alignleft\" src=\"https:\/\/www.radiopiu.net\/wordpress\/wp-content\/uploads\/2020\/05\/INAS-CISL-300x147.png\" alt=\"\" width=\"300\" height=\"147\" srcset=\"https:\/\/www.radiopiu.net\/wordpress\/wp-content\/uploads\/2020\/05\/INAS-CISL-300x147.png 300w, https:\/\/www.radiopiu.net\/wordpress\/wp-content\/uploads\/2020\/05\/INAS-CISL.png 420w\" sizes=\"auto, (max-width: 300px) 100vw, 300px\" \/><\/a>BELLUNO\u00a0<\/strong>Piena operativit\u00e0 negli uffici del patronato Inas della Cisl di Belluno per far fronte alle numerose richieste di assistenza per l\u2019inoltro delle domande di Reddito di Emergenza e del bonus colf e badanti, due misure previste dal Decreto Rilancio. \u201cSi lavora su appuntamento &#8211; spiega Stefano Gris, responsabile Inas Cisl di Belluno -e in totale sicurezza, nel rispetto di tutte le norme anti-contagio: distanziamento sociale, utilizzo di mascherine e disinfettanti, ingresso contingentato e solo previo appuntamento. Le richieste di informazioni e gli accessi per richiedere questi due contributi sono in crescita, a dimostrazione del fatto che l\u2019impatto economico-sociale dell\u2019emergenza Covid-19 si sta facendo sentire anche in provincia di Belluno\u201d. Per fissare un appuntamento, \u00e8 necessario chiamare i numeri 0437-944761\/212811 oppure scrivere una mail a belluno@inas.it. Il servizio garantito dall\u2019Inas \u00e8 gratuito per gli utenti.\u00a0\u00a0Nello specifico, c\u2019\u00e8 tempo fino al 30 giugno per inoltrare la domanda di Reddito di Emergenza, misura straordinaria di sostegno al reddito introdotta dal Decreto Rilancio per supportare le famiglie in condizioni di difficolt\u00e0 economiche causate dall\u2019emergenza Covid-19. Il cosiddetto \u201cRem\u201d spetta a tutti i lavoratori che non sono coperti dagli ammortizzatori sociali. Viene erogato in due quote, ciascuna tra 400 euro e 840 euro, a seconda dei componenti del nucleo familiare. Per ottenerlo, bisogna avere i seguenti requisiti: residenza in Italia, Isee inferiore a 15.000 euro, patrimonio mobiliare nell\u2019anno 2019 inferiore a 10 mila euro, accresciuto di 5 mila euro per ogni componente successivo al primo e fino ad un massimo di 20 mila euro, reddito di aprile al di sotto dell\u2019importo di Rem spettante; nessun componente della famiglia titolare di pensione diretta o indiretta, a eccezione dell\u2019assegno ordinario di invalidit\u00e0; reddito di cittadinanza; bonus Covid-19 per i lavorato<\/p>\n<p>&nbsp;<\/p>\n<p>&nbsp;<\/p>\n<hr \/>\n<p>&nbsp;<\/p>\n<blockquote>\n<h3>RACCOLTI OLTRE 16MILA EURO: LA CIFRA VA A SOSTEGNO DELLA SANIT\u00c0 BELLUNESE<\/h3>\n<\/blockquote>\n<p><strong><a class=\"dt-pswp-item\" href=\"https:\/\/www.radiopiu.net\/wordpress\/wp-content\/uploads\/2020\/05\/ed586477-278a-49df-98af-2d1ae5072bf9.jpg\" data-dt-img-description=\"\" data-large_image_width=\"1509\" data-large_image_height=\"829\"><img loading=\"lazy\" decoding=\"async\" class=\"size-medium wp-image-141301 alignleft\" src=\"https:\/\/www.radiopiu.net\/wordpress\/wp-content\/uploads\/2020\/05\/ed586477-278a-49df-98af-2d1ae5072bf9-300x165.jpg\" alt=\"\" width=\"300\" height=\"165\" srcset=\"https:\/\/www.radiopiu.net\/wordpress\/wp-content\/uploads\/2020\/05\/ed586477-278a-49df-98af-2d1ae5072bf9-300x165.jpg 300w, https:\/\/www.radiopiu.net\/wordpress\/wp-content\/uploads\/2020\/05\/ed586477-278a-49df-98af-2d1ae5072bf9-1024x563.jpg 1024w, https:\/\/www.radiopiu.net\/wordpress\/wp-content\/uploads\/2020\/05\/ed586477-278a-49df-98af-2d1ae5072bf9-768x422.jpg 768w, https:\/\/www.radiopiu.net\/wordpress\/wp-content\/uploads\/2020\/05\/ed586477-278a-49df-98af-2d1ae5072bf9.jpg 1509w\" sizes=\"auto, (max-width: 300px) 100vw, 300px\" \/><\/a>BELLUNO \u00a0<\/strong>La generosit\u00e0 degli amici di Dona 1 Sorriso va oltre qualsiasi pandemia. Basti pensare che la raccolta fondi, lanciata lo scorso marzo a sostegno della sanit\u00e0 bellunese, ha permesso di raggiungere la ragguardevole cifra di 16.494,40 euro. Cifra che \u00e8 stata subito incanalata nell\u2019acquisto di un apparecchio idoneo per i casi di Covid-19, ma che in futuro potr\u00e0 essere utilizzato per gestire la varie patologie di tipo respiratorio: si tratta di un \u201cAnalizzatore per la valutazione dell\u2019NO nel gas espirato\u201d con varie funzioni. In buona sostanza, lo strumento consente il campionamento della respirazione bronchiale, alveolare e nasale. In accordo l\u2019Azienda Ulss 1 Dolomiti, l\u2019apparecchio \u00e8 stato donato all\u2019ospedale San Martino di Belluno: \u00ab<em>Abbiamo raccolto una somma importante &#8211; affermano i vertici di Dona 1 Sorriso -. Il direttore generale, Adriano Rasi Caldogno, ci ha inviato il suo ringraziamento. Ma quel \u201cgrazie\u201d lo vogliamo condividere con tutti coloro che hanno contribuito ad alimentare la raccolta fondi. Siamo certi che la solidariet\u00e0 e la partecipazione dimostrate potranno confortare gli operatori sanitari, che si stanno prodigando con assoluta dedizione per fronteggiare questa emergenza<\/em>\u00bb.<\/p>\n<p>&nbsp;<\/p>\n<p>&nbsp;<\/p>\n<hr \/>\n<p>&nbsp;<\/p>\n<blockquote>\n<h3>FELTRE VIA PARADISO<\/h3>\n<\/blockquote>\n<p><strong>FELTRE<\/strong> Mercoled\u00ec dalle 7 alle 19 in via Paradiso (tratto fronte il Museo Galleria Rizzarda) per lavori di istituzione, di divieto di transito per tutti i veicoli e motocicli (residenti esclusi); divieto di sosta con rimozione in tutta via Paradiso (da P.zza della Legna a via Cornarotta)<\/p>\n<p>&nbsp;<\/p>\n<hr \/>\n<p>&nbsp;<\/p>\n<\/div>\n<\/div>\n<\/div>\n<\/div>\n<blockquote>\n<h3 class=\"documentFirstHeading\"><span id=\"parent-fieldname-title\" class=\"\">QUALIT\u00c0 DELL&#8217;ARIA A SEDICO E LONGARONE IN PROVINCIA DI BELLUNO. MONITORAGGI IN CORSO<\/span><\/h3>\n<\/blockquote>\n<p><strong><a class=\"dt-pswp-item\" href=\"https:\/\/www.radiopiu.net\/wordpress\/wp-content\/uploads\/2015\/08\/logo_arpav.gif\" data-dt-img-description=\"\" data-large_image_width=\"504\" data-large_image_height=\"53\"><img loading=\"lazy\" decoding=\"async\" class=\"size-medium wp-image-8797 alignleft\" src=\"https:\/\/www.radiopiu.net\/wordpress\/wp-content\/uploads\/2015\/08\/logo_arpav-300x32.gif\" alt=\"\" width=\"300\" height=\"32\" \/><\/a>PADOVA<\/strong>\u00a0A Sedico il mezzo mobile Arpav \u00e8 stato posizionato in via Caduti e Dispersi in Russia. Dal 6 maggio, e per complessivi sessanta giorni, rilever\u00e0 le concentrazioni dei principali inquinanti atmosferici per controllare la qualit\u00e0 dell\u2019aria in una zona di traffico urbano , su richiesta del Comune. I parametri monitorati: PM10, Ozono, Biossido d\u2019Azoto, Anidride Solforosa, Monossido di Carbonio, Benzene, Idrocarburi Policiclici Aromatici.\u00a0A Longarone la campagna di misura \u00e8 iniziata lo scorso 20 maggio nella zona industriale di Fortogna e avr\u00e0 una durata di sessanta giorni. Il mezzo mobile Arpav rileva le concentrazioni di PM10, Benzene, Toluene e Xileni (BTX), Ozono, Idrocarburi Policiclici Aromatici, Metalli.<\/p>\n<p>&nbsp;<\/p>\n<p>&nbsp;<\/p>\n<hr \/>\n<p>&nbsp;<\/p>\n<blockquote>\n<h3>UFFICI POSTALI DI FORTOGNA E LASTE: APERTURA STRAORDINARIA GIOVED\u00cc 4 GIUGNO<\/h3>\n<\/blockquote>\n<p><span style=\"font-size: 14px; font-weight: normal;\"><a class=\"dt-pswp-item\" href=\"https:\/\/www.radiopiu.net\/wordpress\/wp-content\/uploads\/2020\/05\/POSTE-ITALIANE.png\" data-dt-img-description=\"\" data-large_image_width=\"436\" data-large_image_height=\"88\"><img loading=\"lazy\" decoding=\"async\" class=\"size-medium wp-image-141305 alignleft\" src=\"https:\/\/www.radiopiu.net\/wordpress\/wp-content\/uploads\/2020\/05\/POSTE-ITALIANE-300x61.png\" alt=\"\" width=\"300\" height=\"61\" srcset=\"https:\/\/www.radiopiu.net\/wordpress\/wp-content\/uploads\/2020\/05\/POSTE-ITALIANE-300x61.png 300w, https:\/\/www.radiopiu.net\/wordpress\/wp-content\/uploads\/2020\/05\/POSTE-ITALIANE.png 436w\" sizes=\"auto, (max-width: 300px) 100vw, 300px\" \/><\/a>Poste Italiane comunica che in occasione della festa della Repubblica, 2 giugno, gli uffici postali di Fortogna (comune di Longarone) e Laste di Rocca Pietore, \u00a0solitamente aperti il marted\u00ec, la prossima settimana saranno operativi nella giornata di gioved\u00ec 4 giugno.\u00a0<\/span>I due uffici postali osserveranno il consueto orario: dalle 8.20 alle 13.45.<\/p>\n<p>&nbsp;<\/p>\n<p>&nbsp;<\/p>\n<p>&nbsp;<\/p>\n<hr \/>\n<p>&nbsp;<\/p>\n<p>&nbsp;<\/p>\n<p>&nbsp;<\/p>\n<blockquote class=\"wp-embedded-content\" data-secret=\"X64d62IeQb\"><p><a href=\"https:\/\/www.radiopiu.net\/wordpress\/questa-volta-sono-i-bambini-che-raccontano-una-storia-alle-maestre\/\">QUESTA VOLTA SONO I BAMBINI CHE RACCONTANO UNA STORIA ALLE MAESTRE<\/a><\/p><\/blockquote>\n<p><iframe loading=\"lazy\" title=\"&#8220;QUESTA VOLTA SONO I BAMBINI CHE RACCONTANO UNA STORIA ALLE MAESTRE&#8221; &#8212; Radio Pi\u00f9\" class=\"wp-embedded-content\" sandbox=\"allow-scripts\" security=\"restricted\" style=\"position: absolute; clip: rect(1px, 1px, 1px, 1px);\" src=\"https:\/\/www.radiopiu.net\/wordpress\/questa-volta-sono-i-bambini-che-raccontano-una-storia-alle-maestre\/embed\/#?secret=X64d62IeQb\" data-secret=\"X64d62IeQb\" width=\"600\" height=\"338\" frameborder=\"0\" marginwidth=\"0\" marginheight=\"0\" scrolling=\"no\"><\/iframe><\/p>\n<p>&nbsp;<\/p>\n<p>&nbsp;<\/p>\n<hr \/>\n<p>&nbsp;<\/p>\n<h3><span style=\"color: #ff00ff;\">QUATRO CIACOLE SU AGORT<\/span><\/h3>\n<p>&nbsp;<\/p>\n<blockquote class=\"wp-embedded-content\" data-secret=\"wNp5C1clnO\"><p><a href=\"https:\/\/www.radiopiu.net\/wordpress\/quatro-ciacole-su-agort-dodicesima-puntata-con-enrico-agordo-paese\/\">QUATRO CIACOLE SU AGORT, DODICESIMA PUNTATA CON ENRICO &#8220;AGORDO PAESE DEL GRAFFITO&#8221;<\/a><\/p><\/blockquote>\n<p><iframe loading=\"lazy\" title=\"&#8220;QUATRO CIACOLE SU AGORT, DODICESIMA PUNTATA CON ENRICO &#8220;AGORDO PAESE DEL GRAFFITO&#8221;&#8221; &#8212; Radio Pi\u00f9\" class=\"wp-embedded-content\" sandbox=\"allow-scripts\" security=\"restricted\" style=\"position: absolute; clip: rect(1px, 1px, 1px, 1px);\" src=\"https:\/\/www.radiopiu.net\/wordpress\/quatro-ciacole-su-agort-dodicesima-puntata-con-enrico-agordo-paese\/embed\/#?secret=wNp5C1clnO\" data-secret=\"wNp5C1clnO\" width=\"600\" height=\"338\" frameborder=\"0\" marginwidth=\"0\" marginheight=\"0\" scrolling=\"no\"><\/iframe><\/p>\n<p>&nbsp;<\/p>\n<blockquote class=\"wp-embedded-content\" data-secret=\"nT7OgxkESZ\"><p><a href=\"https:\/\/www.radiopiu.net\/wordpress\/quatro-ciacole-su-agort\/\">Quatro ci\u00e0cole su Agort<\/a><\/p><\/blockquote>\n<p><iframe loading=\"lazy\" title=\"&#8220;Quatro ci\u00e0cole su Agort&#8221; &#8212; Radio Pi\u00f9\" class=\"wp-embedded-content\" sandbox=\"allow-scripts\" security=\"restricted\" style=\"position: absolute; clip: rect(1px, 1px, 1px, 1px);\" src=\"https:\/\/www.radiopiu.net\/wordpress\/quatro-ciacole-su-agort\/embed\/#?secret=nT7OgxkESZ\" data-secret=\"nT7OgxkESZ\" width=\"600\" height=\"338\" frameborder=\"0\" marginwidth=\"0\" marginheight=\"0\" scrolling=\"no\"><\/iframe><\/p>\n<hr \/>\n<p>&nbsp;<\/p>\n<h3>\u00a0CURIOSITA&#8217; IN\u00a0 PILLOLE DI PAOLA LANCIATO<\/h3>\n<audio class=\"wp-audio-shortcode\" id=\"audio-141178-9\" preload=\"none\" style=\"width: 100%;\" controls=\"controls\"><source type=\"audio\/mpeg\" src=\"https:\/\/www.radiopiu.net\/wordpress\/wp-content\/uploads\/2020\/05\/FATTOLas-Vegas.mp3?_=9\" \/><a href=\"https:\/\/www.radiopiu.net\/wordpress\/wp-content\/uploads\/2020\/05\/FATTOLas-Vegas.mp3\">https:\/\/www.radiopiu.net\/wordpress\/wp-content\/uploads\/2020\/05\/FATTOLas-Vegas.mp3<\/a><\/audio>\n<p>&nbsp;<\/p>\n<blockquote class=\"wp-embedded-content\" data-secret=\"qQG78PHTwA\"><p><a href=\"https:\/\/www.radiopiu.net\/wordpress\/le-curiosita-di-paola-lanciato-dai-giorni-della-quarantena\/\">LE CURIOSITA&#8217; DI PAOLA LANCIATO DAI GIORNI DELLA QUARANTENA<\/a><\/p><\/blockquote>\n<p><iframe loading=\"lazy\" title=\"&#8220;LE CURIOSITA&#8217; DI PAOLA LANCIATO DAI GIORNI DELLA QUARANTENA&#8221; &#8212; Radio Pi\u00f9\" class=\"wp-embedded-content\" sandbox=\"allow-scripts\" security=\"restricted\" style=\"position: absolute; clip: rect(1px, 1px, 1px, 1px);\" src=\"https:\/\/www.radiopiu.net\/wordpress\/le-curiosita-di-paola-lanciato-dai-giorni-della-quarantena\/embed\/#?secret=qQG78PHTwA\" data-secret=\"qQG78PHTwA\" width=\"600\" height=\"338\" frameborder=\"0\" marginwidth=\"0\" marginheight=\"0\" scrolling=\"no\"><\/iframe><\/p>\n<hr \/>\n<p>&nbsp;<\/p>\n<\/div>\n<h2>IERI ALLA RADIO<\/h2>\n<h3><a class=\"dt-pswp-item\" href=\"https:\/\/www.radiopiu.net\/wordpress\/wp-content\/uploads\/2020\/05\/poliambulatorio.png\" data-dt-img-description=\"\" data-large_image_width=\"1830\" data-large_image_height=\"1274\"><img loading=\"lazy\" decoding=\"async\" class=\"size-medium wp-image-141183 alignleft\" src=\"https:\/\/www.radiopiu.net\/wordpress\/wp-content\/uploads\/2020\/05\/poliambulatorio-300x209.png\" alt=\"\" width=\"300\" height=\"209\" srcset=\"https:\/\/www.radiopiu.net\/wordpress\/wp-content\/uploads\/2020\/05\/poliambulatorio-300x209.png 300w, https:\/\/www.radiopiu.net\/wordpress\/wp-content\/uploads\/2020\/05\/poliambulatorio-1024x713.png 1024w, https:\/\/www.radiopiu.net\/wordpress\/wp-content\/uploads\/2020\/05\/poliambulatorio-768x535.png 768w, https:\/\/www.radiopiu.net\/wordpress\/wp-content\/uploads\/2020\/05\/poliambulatorio-1536x1069.png 1536w, https:\/\/www.radiopiu.net\/wordpress\/wp-content\/uploads\/2020\/05\/poliambulatorio.png 1830w\" sizes=\"auto, (max-width: 300px) 100vw, 300px\" \/><\/a>IL DOTTOR PAOLO LUGER DAL POLIAMBULATORIO AGORDINO<\/h3>\n<p><strong>di Claudio Fontanive\u00a0<\/strong><\/p>\n<audio class=\"wp-audio-shortcode\" id=\"audio-141178-10\" preload=\"none\" style=\"width: 100%;\" controls=\"controls\"><source type=\"audio\/mpeg\" src=\"https:\/\/www.radiopiu.net\/wordpress\/wp-content\/uploads\/2020\/05\/dottor-paolo-luger-29-maggio.mp3?_=10\" \/><a href=\"https:\/\/www.radiopiu.net\/wordpress\/wp-content\/uploads\/2020\/05\/dottor-paolo-luger-29-maggio.mp3\">https:\/\/www.radiopiu.net\/wordpress\/wp-content\/uploads\/2020\/05\/dottor-paolo-luger-29-maggio.mp3<\/a><\/audio>\n<p>&nbsp;<\/p>\n<h3><span style=\"color: #ff0000;\">DUE MINUTI UN LIBRO<\/span><\/h3>\n<blockquote class=\"wp-embedded-content\" data-secret=\"2ioDjCKelx\"><p><a href=\"https:\/\/www.radiopiu.net\/wordpress\/sei-tutti-i-miei-sbagli\/\">SEI TUTTI I MIEI SBAGLI<\/a><\/p><\/blockquote>\n<p><iframe loading=\"lazy\" title=\"&#8220;SEI TUTTI I MIEI SBAGLI&#8221; &#8212; Radio Pi\u00f9\" class=\"wp-embedded-content\" sandbox=\"allow-scripts\" security=\"restricted\" style=\"position: absolute; clip: rect(1px, 1px, 1px, 1px);\" src=\"https:\/\/www.radiopiu.net\/wordpress\/sei-tutti-i-miei-sbagli\/embed\/#?secret=2ioDjCKelx\" data-secret=\"2ioDjCKelx\" width=\"600\" height=\"338\" frameborder=\"0\" marginwidth=\"0\" marginheight=\"0\" scrolling=\"no\"><\/iframe><\/p>\n<p><strong>LE ALTRE PUNTATE<\/strong><\/p>\n<p><iframe loading=\"lazy\" class=\"wp-embedded-content\" title=\"\u201cDue minuti un libro\u201d \u2014 Radio Pi\u00f9\" src=\"https:\/\/www.radiopiu.net\/wordpress\/due-minuti-un-libro\/embed\/#?secret=ImbkDUWwsk\" width=\"600\" height=\"251\" frameborder=\"0\" marginwidth=\"0\" marginheight=\"0\" scrolling=\"no\" sandbox=\"allow-scripts\" data-secret=\"ImbkDUWwsk\" data-mce-fragment=\"1\"><\/iframe><\/p>\n<h3><span style=\"color: #339966;\">AGORDINOMERON<\/span><\/h3>\n<p><iframe loading=\"lazy\" class=\"wp-embedded-content\" title=\"\u201cAGORDINOMERON, IL TERRITORIO SI RACCONTA Da un\u2019idea di Gianni Santomaso\u201d \u2014 Radio Pi\u00f9\" src=\"https:\/\/www.radiopiu.net\/wordpress\/agordinomeron\/embed\/#?secret=reBo4EBEDc\" width=\"600\" height=\"346\" frameborder=\"0\" marginwidth=\"0\" marginheight=\"0\" scrolling=\"no\" sandbox=\"allow-scripts\" data-secret=\"reBo4EBEDc\" data-mce-fragment=\"1\"><\/iframe><\/p>\n<h3><span style=\"color: #800080;\">IL MESSAGGIO DEI PARROCI A RADIO PIU\u2019<\/span><\/h3>\n<p><iframe loading=\"lazy\" class=\"wp-embedded-content\" title=\"\u201cDON CESARE SU RADIO PIU\u2019 ALLE 7.30 E 19.30, PARROCCHIE DI AGORDO, LA VALLE E TAIBON\u201d \u2014 Radio Pi\u00f9\" src=\"https:\/\/www.radiopiu.net\/wordpress\/chiesa\/embed\/#?secret=Ne8GQCbR7P\" width=\"600\" height=\"381\" frameborder=\"0\" marginwidth=\"0\" marginheight=\"0\" scrolling=\"no\" sandbox=\"allow-scripts\" data-secret=\"Ne8GQCbR7P\" data-mce-fragment=\"1\"><\/iframe><\/p>\n<p>&nbsp;<\/p>\n<hr \/>\n<p>&nbsp;<\/p>\n<p><strong class=\"photoswipe-wrapper\"><a class=\"dt-pswp-item pspw-wrap-ready\" href=\"https:\/\/i0.wp.com\/www.radiopiu.net\/wordpress\/wp-content\/uploads\/2018\/09\/viabilita.jpeg?ssl=1\" data-dt-img-description=\"\" data-large_image_width=\"800\" data-large_image_height=\"100\"><img loading=\"lazy\" decoding=\"async\" class=\"aligncenter wp-image-61954 size-full jetpack-lazy-image jetpack-lazy-image--handled\" src=\"https:\/\/i0.wp.com\/www.radiopiu.net\/wordpress\/wp-content\/uploads\/2018\/09\/viabilita.jpeg?resize=800%2C100&amp;ssl=1\" sizes=\"auto, (max-width: 800px) 100vw, 800px\" srcset=\"https:\/\/i0.wp.com\/www.radiopiu.net\/wordpress\/wp-content\/uploads\/2018\/09\/viabilita.jpeg?w=800&amp;ssl=1 800w, https:\/\/i0.wp.com\/www.radiopiu.net\/wordpress\/wp-content\/uploads\/2018\/09\/viabilita.jpeg?resize=300%2C38&amp;ssl=1 300w, https:\/\/i0.wp.com\/www.radiopiu.net\/wordpress\/wp-content\/uploads\/2018\/09\/viabilita.jpeg?resize=768%2C96&amp;ssl=1 768w\" alt=\"\" width=\"800\" height=\"100\" data-lazy-loaded=\"1\" \/><\/a><\/strong><\/p>\n<p><strong>\u00a0<\/strong><\/p>\n<blockquote><p><strong>INTERRUZIONI A CRISTO DELLE PIANIZZE\u00a0<\/strong>sp347 DURAN E CEREDA fino al 5 giugno (esclusi festivi e prefestivi) possibili interruzioni in localit\u00e0 Pianizze (Agordo) della durata massima di 15 minuti dalle 8 alle 12 e dalle 13 alle 17, inoltre senso unico alternato nei periodi non interessati dalle chiusura<\/p><\/blockquote>\n<p>PROVINCIALE 20 DELLA VAL FIORENTINA, SELVA DI CADORE: FINO AL 13 GIUGNO, CHIUSURA TOTALE TRA SOLATOR E IL CENTRO DEL PAESE ANCHE NEI GIORNI FESTIVI E PREFESTIVI, DAL CHILOMETRO 4.850 AL CHILOMETRO 5.100. TRANSITO CONSENTITO AI LOCALI CON TEMPI DI ATTESA MASSIMI STIMATI IN 30 MINUTI IN LOCALITA\u2019 SOLATOR DAL CHILOMETRO 4.400 AL CHILOMETRO 4.850<\/p>\n<p>REGIONALE 48 DELLE DOLOMITI, LOCALIT\u00c0 POCOL INIZIO ABITATO CORTINA,FINO\u00a0 AL 12 GIUGNO SEMAFORO PER TRATTI DI 250 METRI ANCHE NEI GIORNI FESTIVI E PREFESTIVI<\/p>\n<p>REGIONALE 203 AGORDINA FINO AL 15 GIUGNO IN LOCALIT\u00c0 LA MUDA DEVIAZIONE SU VIABILIT\u00c0 PROVVISORIA, PRUDENZA<\/p>\n<p>PROVINCIALE 12 PEDEMONTANA LOCALIT\u00c0 PONTE MAS, CHIUSURA TOTALE DI PONTE MAS FINO\u00a0 AL 30 GIUGNO<\/p>\n<p>STRADA REGIONALE 48 DELLE DOLOMITI, DAL KM 110,350 AL KM 112, SENSO UNICO ALTERNATO REGOLATO DA IMPIANTO SEMAFORICO ANCHE SABATO E FESTIVI FINO\u00a0 AL 30 GIUGNO PER POSA ELETTRODOTTO INTERRATO<\/p>\n<p>PROVINCIALE 563 DI SALESEI, FINO\u00a0 AL 3 LUGLIO, SENSO UNICO ALTERNATO REGOLATO DA IMPIANTO SEMAFORICO IN LOCALIT\u00c0 DIGONERA PER MESSA IN SICUREZZA PIANO VIABILE, SABATO E FESTIVI INCLUSI<\/p>\n<p>STRADA PROVINCIALE 347 DEL PASSO CEREDA E DURAN, DALLE 7 ALLE 18 ,\u00a0 FINO AL 29 MAGGIO, POSSIBILI TEMPORANEE INTERRUZZIONI ALLA VIABILIT\u00e0 DELLA DURATA MASSIMA DI 30 MINUTI E SENSO UNICO ALTERNATO REGOLATO DA MOVIERI PER ASFALTATURA TRATTI DI STRADA TRA PASSO DURAN E DONT<\/p>\n<p>STRADA PROVINCIALE 346 DEL PASSO SAN PELLEGRINO, FINO\u00a0 AL 5 GIUGNO, SENSO UNICO ALTERNATO REGOLATO DA IMPIANTO SEMOFORICO TRA FALCADE E FALCADE ALTO PER POSA CAVIDOTTO FIBRA OTTICA<\/p>\n<p>STRADA PROVINCIALE 347 DEL PASSO CEREDA E DURAN, FINO\u00a0 AL 01 GIUGNO ESCLUSE DOMENICHE E FESTIVI, SENSO UNICO ALTERNATO REGOLATO DA IMPIANTO SEMAFORICO O MOVIERI IN COMUNE DI VALLE DI CADORE PER SONDAGGI GEOTECNICI<\/p>\n<p>SP346 DEL SAN PELLEGRINO, COMUNE DI VALLADA,\u00a0 FINO\u00a0 AL 29 MAGGIO SENSO UNICO ALTERNATO PER MESSA IN SICUREZZA BARRIERE LATERALI<\/p>\n<p>REGIONALE203 AGORDINA, CANDATEN-LA STANGA, FINO\u00a0 AL 30 GIUGNO INCLUSI SABATO E DOMENICA DALLE 7.30 ALLE 9 E DALLE 16.30 ALLE 18 SENSO UNICO ALTERNATO CON MOVIERI, NEGLI ALTRI PERIODI SENSO UNICO CON SEMAFORO.<\/p>\n<p>PROVINCIALE 246 DEL SAN PELLEGRINO, CANALE D\u2019AGORDO E VALLADA FINO\u00a0 AL 29 MAGGIO SENSO UNICO REGOLATO DA SEMAFORO IN TRATTI SALTUARI.<\/p>\n<p>PROVINCIALE 24 VALPAROLA FINO\u00a0 AL 05 GIUGNO ESCLUSI FESTIVI E PREFESTIVI, SENSO UNICO ALTERNATO A VISTA PER TRATTI DI 50 METRI.<\/p>\n<p>PROVINCIALE 563 DI SALESEI, DALLE 7 DEL 26 MAGGIO ALLE 18 DEL 19 GIUGNO, DOMENICHE E FESTIVI ESCLUSI, SENSO UNICO ALTERNATO REGOLATO DA IMPIANTO SEMAFORICO E POSSIBILI BREVI INTERRUZIONI AL TRAFFICO DI 15 MINUTI PER MESSA IN SICUREZZA VERSANTE A MONTE DELLA STRADA<\/p>\n<p>STRADA PROVINCIALE 346 DEL SAN PELLEGRINO, NEI COMUNI DI FALCADE, CANALE E VALLADA, FINO\u00a0 AL 3 LUGLIO, INCLUSI SABATI E DOMENICHE, POSSIBILE ISTITUZIONE DI SENSO UNICO ALTERNATO REGOLATO DA MOVIERI PER SOSTITUZIONE CONDUTTORI E MANUTENZIONE LINEA ELETTRICA ALTA TENSIONE<\/p>\n<p>REGIONALE 203 AGORDINA, NEL COMUNE DI CENCENIGHE, FINO\u00a0 AL 3 LUGLIO, INCLUSI SABATI E DOMENICHE, POSSIBILE ISTITUZIONE DI SENSO UNICO ALTERNATO REGOLATO DA MOVIERI PER SOSTITUZIONE CONDUTTORI E MANUTENZIONE LINEA ELETTRICA ALTA TENSIONE<\/p>\n<p>STRADA PROVINCIALE 40, COMUNE DI LAMON. DAL 27 MAGGIO AL 3 GIUGNO SENSO UNICO ALTERNATO REGOLATO DA IMPIANTO SEMAFORICO PER RICERCHE GEOGNOSTICHE<\/p>\n<p>STRADA PROVINCIALE 422 DELL\u2019ALPAGO E DEL CANSIGLIO, DAL 3 AL 19 GIUGNO, DALLE 8 ALLE 19, SENSO UNICO ALTERNATO REGOLATO DA IMPIANTO SEMAFORICO O MOVIERE PER POSA FIBRA OTTICA<\/p>\n<p>STRADA PROVINCIALE 346 DEL SAN PELLEGRINO, NEL COMUNE DI VALLADA AGORDINA DAL 1 AL 19 GIUGNO SENSO UNICO ALTERNATO REGOLATO DA IMPIANTO SEMAFORICO PER MESSA IN SICUREZZA BARRIERE DI PROTEZIONE LATERALI<\/p>\n<p>STRADA REGIONA 203 AGORDINA, TRA MAS DI SEDICO E CERNADOI SU TRATTI SALTUARI DI STRADA, DAL 1 AL 30 GIUGNO, ESCLUSO SABATO E DOMENICA, SENSO UNICO ALTERNATO REGOLATO DA IMPIANTO SEMAFORICO PER MESSA IN SICUREZZA BARRIERE DI PROTEZIONE LATERALI<\/p>\n<p>STRADA PROVINCIALE 347 DEL PASSO CEREDA E DURAN, NEL COMUNE DI GOSALDO (LOC. SANT&#8217;ANDREA), DAL 5 AL 20 GIUGNO SENSO UNICO ALTERNATO REGOLATO DA IMPIANTO SEMAFORICO PER MESSA IN SICUREZZA DELLA STRADA<\/p>\n<p>STRADA PROVINCIALE 347 DEL PASSO CEREDA E DURAN, NEL COMUNE DI AGORDO, DAL 3 AL 12 GIUGNO\u00a0SENSO UNICO ALTERNATO REGOLATO DA IMPIANTO SEMAFORICO PER POSA FIBRA OTTICA<\/p>\n<p>&nbsp;<\/p>\n<hr \/>\n<p>&nbsp;<\/p>\n<p><a class=\"dt-pswp-item\" href=\"https:\/\/www.radiopiu.net\/wordpress\/wp-content\/uploads\/2018\/09\/sport.jpg\" data-dt-img-description=\"\" data-large_image_width=\"800\" data-large_image_height=\"100\"><img loading=\"lazy\" decoding=\"async\" class=\"aligncenter wp-image-60761 size-full\" src=\"https:\/\/www.radiopiu.net\/wordpress\/wp-content\/uploads\/2018\/09\/sport.jpg\" alt=\"\" width=\"800\" height=\"100\" srcset=\"https:\/\/www.radiopiu.net\/wordpress\/wp-content\/uploads\/2018\/09\/sport.jpg 800w, https:\/\/www.radiopiu.net\/wordpress\/wp-content\/uploads\/2018\/09\/sport-300x38.jpg 300w, https:\/\/www.radiopiu.net\/wordpress\/wp-content\/uploads\/2018\/09\/sport-768x96.jpg 768w\" sizes=\"auto, (max-width: 800px) 100vw, 800px\" \/><\/a><\/p>\n<p>&nbsp;<\/p>\n<blockquote>\n<h3>ANNULLATA L&#8217;EDIZIONE 2020 DELLA BELLUNO-FELTRE RUN<\/h3>\n<\/blockquote>\n<p><strong><a class=\"dt-pswp-item\" href=\"https:\/\/www.radiopiu.net\/wordpress\/wp-content\/uploads\/2020\/05\/Belluno_Feltre_b_Passaggio-con-montagne.jpg\" data-dt-img-description=\"\" data-large_image_width=\"1024\" data-large_image_height=\"683\"><img loading=\"lazy\" decoding=\"async\" class=\"size-medium wp-image-141253 alignleft\" src=\"https:\/\/www.radiopiu.net\/wordpress\/wp-content\/uploads\/2020\/05\/Belluno_Feltre_b_Passaggio-con-montagne-300x200.jpg\" alt=\"\" width=\"300\" height=\"200\" srcset=\"https:\/\/www.radiopiu.net\/wordpress\/wp-content\/uploads\/2020\/05\/Belluno_Feltre_b_Passaggio-con-montagne-300x200.jpg 300w, https:\/\/www.radiopiu.net\/wordpress\/wp-content\/uploads\/2020\/05\/Belluno_Feltre_b_Passaggio-con-montagne-768x512.jpg 768w, https:\/\/www.radiopiu.net\/wordpress\/wp-content\/uploads\/2020\/05\/Belluno_Feltre_b_Passaggio-con-montagne.jpg 1024w\" sizes=\"auto, (max-width: 300px) 100vw, 300px\" \/><\/a>BELLUNO<\/strong> Niente 30 chilometri, niente mezza maratona: la Belluno-Feltre Run si ferma. Il 4 ottobre non si correr\u00e0 nello splendido scenario della Valbelluna. Quella del 2020 doveva essere l\u2019edizione della rinascita, dopo alcuni anni d\u2019assenza dal calendario. Invece, l\u2019emergenza legata al Covid-19 ha determinato il rinvio dell\u2019evento organizzato dal Gs La Piave 2000, societ\u00e0 che proprio in questa stagione festeggia i 20 anni d\u2019attivit\u00e0. Troppe le incertezze e i rischi legati al protrarsi della crisi sanitaria. Il Gs La Piave 2000 ha preferito cos\u00ec rinviare direttamente l\u2019evento al prossimo anno: la Belluno-Feltre Run torner\u00e0 il 3 ottobre 2021. E sar\u00e0 ancora pi\u00f9 bella.<\/p>\n<p>&nbsp;<\/p>\n<p>&nbsp;<\/p>\n<hr \/>\n<p>&nbsp;<\/p>\n<p class=\"photoswipe-wrapper\"><a class=\"dt-pswp-item pspw-wrap-ready\" href=\"https:\/\/i0.wp.com\/www.radiopiu.net\/wordpress\/wp-content\/uploads\/2018\/09\/WhatsApp-Image-2018-09-20-at-16.04.06.jpeg?ssl=1\" data-dt-img-description=\"\" data-large_image_width=\"800\" data-large_image_height=\"100\"><img loading=\"lazy\" decoding=\"async\" class=\"aligncenter wp-image-61378 size-full jetpack-lazy-image jetpack-lazy-image--handled\" src=\"https:\/\/i0.wp.com\/www.radiopiu.net\/wordpress\/wp-content\/uploads\/2018\/09\/WhatsApp-Image-2018-09-20-at-16.04.06.jpeg?resize=800%2C100&amp;ssl=1\" sizes=\"auto, (max-width: 800px) 100vw, 800px\" srcset=\"https:\/\/i0.wp.com\/www.radiopiu.net\/wordpress\/wp-content\/uploads\/2018\/09\/WhatsApp-Image-2018-09-20-at-16.04.06.jpeg?w=800&amp;ssl=1 800w, https:\/\/i0.wp.com\/www.radiopiu.net\/wordpress\/wp-content\/uploads\/2018\/09\/WhatsApp-Image-2018-09-20-at-16.04.06.jpeg?resize=300%2C38&amp;ssl=1 300w, https:\/\/i0.wp.com\/www.radiopiu.net\/wordpress\/wp-content\/uploads\/2018\/09\/WhatsApp-Image-2018-09-20-at-16.04.06.jpeg?resize=768%2C96&amp;ssl=1 768w\" alt=\"\" width=\"800\" height=\"100\" data-recalc-dims=\"1\" data-lazy-loaded=\"1\" \/><\/a><\/p>\n<p>&nbsp;<\/p>\n<p><center><b>Sabato 30<\/b><\/center><b>Tempo atteso:\u00a0<\/b>Nella notte molto nuvoloso con qualche precipitazione, specie sulle Prealpi. Nel corso della mattinata temporanee schiarite, pi\u00f9 probabili sulle Dolomiti, e nuvolosit\u00e0 irregolare pi\u00f9 intensa su Prealpi. Dalle ore centrali crescente nuvolosit\u00e0 fino a cielo molto nuvoloso associato ad altre precipitazioni.<br \/>\n<b>Precipitazioni:\u00a0<\/b>Nella notte e al mattino probabilit\u00e0 medio-bassa (25\/50%) per piovaschi\/rovesci sulle Prealpi, generalmente bassa (5-10%) sulle Dolomiti. Al pomeriggio probabilit\u00e0 medio-alta ovunque (50-75%) per nuovi fenomeni anche localmente temporaleschi. Limite delle nevicate di 2000\/2300 m.<br \/>\n<b>Temperature:\u00a0<\/b>Minime in rialzo; massime in diminuzione. Clima ancora fresco per il periodo. Sono previste punte di 15\/17\u00b0C nelle conche prealpine e di 11\/13\u00b0C a 1000\/1200 m. Su Prealpi a 1500 m min 4\u00b0C max 7\u00b0C, a 2000 m min 1\u00b0C max 4\u00b0C. Su Dolomiti a 2000 m min 1\u00b0C max 4\u00b0C, a 3000 m min -6\u00b0C max -3\u00b0C.<br \/>\n<b>Venti:\u00a0<\/b>Perlopi\u00f9 deboli\/moderati di direzione variabile; in quota deboli\/moderati da nord, nord-est, a 5-10 km\/h a 2000 m e 15-25 km\/h a 3000 m.<\/p>\n<hr \/>\n<p><center><b>Domenica 31<\/b><\/center><b>Tempo atteso:\u00a0<\/b>Tempo variabile al mattino, con eventuali residui fenomeni nelle prime ore del giorno. Al pomeriggio parziale miglioramento con rasserenamenti e annuvolamenti irregolari, assieme a nubi medio-alte, con eventuali residui fenomeni sulle Prealpi.<br \/>\n<b>Precipitazioni:\u00a0<\/b>Al mattino assenti, salvo locali residui fenomeni sulle Prealpi nelle prime ore; dalle ore centrali lieve aumento della probabilit\u00e0 fino a bassa (5-10%) di locali piovaschi\/rovesci, con eventuale limite delle nevicate oltre i 2100-2300 m.<br \/>\n<b>Temperature:\u00a0<\/b>Minime in lieve calo, massime in lieve aumento, su valori di qualche grado al di sotto dele medie del periodo. Sono previste punte di 16\/19\u00b0C nelle conche prealpine e di 12\/14\u00b0C a 1000\/1200 m. Su Prealpi a 1500 m min 2\u00b0C max 8\u00b0C, a 2000 m min -1\u00b0C max 5\u00b0C. Su Dolomiti a 2000 m min -1\u00b0C max 5\u00b0C, a 3000 m min -7\u00b0C max -1\u00b0C.<br \/>\n<b>Venti:\u00a0<\/b>Nelle valli deboli\/moderati di direzione variabile; in quota da deboli a moderati\/tesi dai quadranti settentrionali, a 5-10 km\/h a 2000 m e 20-35 km\/h a 3000 m.<\/p>\n<hr \/>\n<p><center><b>Lunedi 1<\/b><\/center>Al mattino tempo ben soleggiato con cielo sereno o poco nuvoloso e ottima visibilit\u00e0. Riduzione del soleggiamento al pomeriggio per irregolare attivit\u00e0 cumuliforme, localmente intensa e non si esclude possa essere associata a qualche fenomeno convettivo, eventualmente nevoso oltre i 2500-2800 m. Temperature minime in calo e massime in rialzo. Venti a regime di brezza nelle valli, deboli da nord nord-est in quota.<\/p>\n<hr \/>\n<p><center><b>Martedi 2<\/b><\/center>Tempo simile a quello di luned\u00ec, con cielo sereno o poco nuvoloso e ottima visibilit\u00e0 al mattino e riduzione del soleggiamento al pomeriggio per irregolare attivit\u00e0 cumuliforme, localmente intensa e non si esclude qualche fenomeno convettivo, eventualmente nevoso oltre i 2600-2900 m. Temperature senza variazioni di rilievo. Previsore: M.Padoan<\/p>\n","protected":false},"excerpt":{"rendered":"<p>\u00a0PER RICEVERE QUESTO NOTIZIARIO DIRETTAMENTE SUL TUO CELLULARE ISCRIVITI AL CANALE TELEGRAM \u201cRADIO PIU\u00a0 INFORMAZIONE\u201d &nbsp; SCOSSA DI TERREMOTO IN ALPAGO, ALL&#8217;1.53 ALPAGO Lieve scossa di terremoto all&#8217;1.53 in Alpago a Chies. Magnitudo 1,4 a una profondit\u00e0 di 6,4 chilometri. &nbsp; &nbsp; &nbsp; &nbsp; Gestione Servizi Pubblici \u00a0informa che a ROCCA PIETORE in localit\u00e0 DIGONERA,&hellip;<\/p>\n","protected":false},"author":4,"featured_media":141313,"comment_status":"closed","ping_status":"closed","sticky":false,"template":"","format":"standard","meta":{"_monsterinsights_skip_tracking":false,"_monsterinsights_sitenote_active":false,"_monsterinsights_sitenote_note":"","_monsterinsights_sitenote_category":0,"footnotes":""},"categories":[1,86,49],"tags":[],"class_list":["post-141178","post","type-post","status-publish","format-standard","has-post-thumbnail","hentry","category-senza-categoria","category-gr","category-news-18","category-1","category-86","category-49","description-off"],"img_url":"https:\/\/www.radiopiu.net\/wordpress\/wp-content\/uploads\/2020\/05\/Carfon-3.jpeg","_links":{"self":[{"href":"https:\/\/www.radiopiu.net\/wordpress\/wp-json\/wp\/v2\/posts\/141178","targetHints":{"allow":["GET"]}}],"collection":[{"href":"https:\/\/www.radiopiu.net\/wordpress\/wp-json\/wp\/v2\/posts"}],"about":[{"href":"https:\/\/www.radiopiu.net\/wordpress\/wp-json\/wp\/v2\/types\/post"}],"author":[{"embeddable":true,"href":"https:\/\/www.radiopiu.net\/wordpress\/wp-json\/wp\/v2\/users\/4"}],"replies":[{"embeddable":true,"href":"https:\/\/www.radiopiu.net\/wordpress\/wp-json\/wp\/v2\/comments?post=141178"}],"version-history":[{"count":0,"href":"https:\/\/www.radiopiu.net\/wordpress\/wp-json\/wp\/v2\/posts\/141178\/revisions"}],"wp:featuredmedia":[{"embeddable":true,"href":"https:\/\/www.radiopiu.net\/wordpress\/wp-json\/wp\/v2\/media\/141313"}],"wp:attachment":[{"href":"https:\/\/www.radiopiu.net\/wordpress\/wp-json\/wp\/v2\/media?parent=141178"}],"wp:term":[{"taxonomy":"category","embeddable":true,"href":"https:\/\/www.radiopiu.net\/wordpress\/wp-json\/wp\/v2\/categories?post=141178"},{"taxonomy":"post_tag","embeddable":true,"href":"https:\/\/www.radiopiu.net\/wordpress\/wp-json\/wp\/v2\/tags?post=141178"}],"curies":[{"name":"wp","href":"https:\/\/api.w.org\/{rel}","templated":true}]}}