{"id":141230,"date":"2020-05-29T13:06:10","date_gmt":"2020-05-29T11:06:10","guid":{"rendered":"https:\/\/www.radiopiu.net\/wordpress\/?p=141230"},"modified":"2020-05-29T13:06:10","modified_gmt":"2020-05-29T11:06:10","slug":"il-palio-di-feltre-2020-non-si-fara","status":"publish","type":"post","link":"https:\/\/www.radiopiu.net\/wordpress\/il-palio-di-feltre-2020-non-si-fara\/","title":{"rendered":"IL PALIO DI FELTRE 2020 NON SI FARA&#8217;"},"content":{"rendered":"<p><strong><a class=\"dt-pswp-item\" href=\"https:\/\/www.radiopiu.net\/wordpress\/wp-content\/uploads\/2017\/12\/sbandieratori_del_palio_di_feltre_in_piazza_maggiore.jpg\" data-dt-img-description=\"\" data-large_image_width=\"300\" data-large_image_height=\"225\"><img loading=\"lazy\" decoding=\"async\" class=\"size-medium wp-image-39920 alignleft\" src=\"https:\/\/www.radiopiu.net\/wordpress\/wp-content\/uploads\/2017\/12\/sbandieratori_del_palio_di_feltre_in_piazza_maggiore-300x225.jpg\" alt=\"\" width=\"300\" height=\"225\" \/><\/a>FELTRE <\/strong>Il Palio di Feltre 2020 non si far\u00e0.<span class=\"Apple-converted-space\">\u00a0<\/span>Ecco l\u2019analisi della situazione, espressa dal presidente Eugenio Tamburrino:\u201cNei mesi passati, dovendo delineare il futuro del Palio in relazione all\u2019emergenza sanitaria del \u2018Coronavirus\u2019, il Consiglio dell\u2019Associazione Palio Citt\u00e0 di Feltre aveva condiviso la decisione di attendere le indicazioni normative che avrebbero definito se, come e quando le manifestazioni italiane sarebbero potute ripartire.Riunitisi in seguito alla diffusione delle linee guida emanate dalla Conferenza Stato-Regioni, il Consiglio ha preso atto di come al momento sia impossibile procedere con la programmazione dell\u2019evento agostano. Troppe infatti le prescrizioni insostenibili al momento per le grosse manifestazioni, che infatti \u2013 come confermato in questi giorni anche dall\u2019Assessore regionale al Turismo, Federico Caner \u2013 sono per la maggior parte in via di cancellazione o di riprogrammazione ai primi mesi del 2021. Tra le difficolt\u00e0 che si incontrerebbero, la possibilit\u00e0 di accogliere un massimo di mille persone tra il pubblico, oltre all\u2019obbligo di far rispettare le indicazioni sul distanziamento sociale e sull\u2019uso obbligatorio delle mascherine. Indicazioni che tolgono del tutto alla manifestazione una delle sue componenti essenziali, quella della socialit\u00e0 e dell\u2019essere un motore di aggregazione.<span class=\"Apple-converted-space\">\u00a0<\/span>L\u2019Associazione Palio ha per\u00f2 cercato anche di gettare il cuore oltre l\u2019ostacolo, riproponendosi di monitorare l\u2019evoluzione delle normative e delle indicazioni operative che arriveranno dalle Istituzioni pubbliche, al fine di valutare la possibilit\u00e0 di organizzare ugualmente una manifestazione legata al Palio, che possa valorizzare le tradizioni cittadine e mettere in valore gli sforzi dei Quartieri e dell\u2019Associazione. Nel frattempo, la graduale riapertura di alcune attivit\u00e0 sociali sta permettendo ai Quartieri di riattivare la loro capacit\u00e0 di fare comunit\u00e0 e all\u2019Associazione Palio di programmare l\u2019inizio di una serie di iniziative tese ad arricchire i prossimi mesi di appuntamenti.\u00a0Tra queste, l\u2019uscita del primo numero del periodico \u201cIl XV Ducati\u201d, in distribuzione dalla prossima settimana, ma anche un ambizioso progetto di \u201cgamification\u201d, cio\u00e8 la creazione di un percorso tematico, che si svilupper\u00e0 sia su supporti multimediali sia con incontri fisici, che tender\u00e0 a valorizzare la manifestazione tramite la creazione di diversi momenti ludici, indirizzati a diversi tipi di pubblico, sia adulti sia i pi\u00f9 giovani.<span class=\"Apple-converted-space\">\u00a0\u00a0<\/span>Abbiamo ovviamente atteso quanto pi\u00f9 possibile prima di prendere una decisione sul Palio di quest\u2019anno, ma arrivati a meno di due mesi dall\u2019evento e constatate le normative attualmente vigenti, non pare ci siano le condizioni per organizzare la manifestazione. \u00c8 sicuramente una decisione forte, e che nessuno avrebbe mai voluto assumere, ma le difficolt\u00e0 emerse a seguito della pandemia ed evidenziate dai Soci sono al momento impossibili da superare. I Soci dell\u2019Associazione hanno per\u00f2 concordato di valutare la possibilit\u00e0, con l\u2019evoluzione delle normative, di trovare il modo di portare comunque in piazza i nostri colori e le nostre emozioni, per non creare un vuoto, pur in questo anno calamitoso. \u00c8 un dovere che sentiamo in maniera importante nei confronti della Citt\u00e0, che in questi momenti ci sta esprimendo un forte desiderio di Palio. In questo senso, iniziano ad esserci piccoli segnali di segno positivo, che devono assolutamente essere<span class=\"Apple-converted-space\">\u00a0<\/span>valorizzati in questo momento: la riapertura delle sedi dei Quartieri ci far\u00e0 uscire da un\u2019apnea lunga quasi quattro mesi, e le nuove iniziative dell\u2019Associazione daranno alla manifestazione la possibilit\u00e0 di ampliare il proprio ventaglio di strumenti, che potranno flessibilmente essere messi in campo sia da remoto sia in presenza\u201d.<\/p>\n","protected":false},"excerpt":{"rendered":"<p>FELTRE Il Palio di Feltre 2020 non si far\u00e0.\u00a0Ecco l\u2019analisi della situazione, espressa dal presidente Eugenio Tamburrino:\u201cNei mesi passati, dovendo delineare il futuro del Palio in relazione all\u2019emergenza sanitaria del \u2018Coronavirus\u2019, il Consiglio dell\u2019Associazione Palio Citt\u00e0 di Feltre aveva condiviso la decisione di attendere le indicazioni normative che avrebbero definito se, come e quando le&hellip;<\/p>\n","protected":false},"author":4,"featured_media":0,"comment_status":"closed","ping_status":"closed","sticky":false,"template":"","format":"standard","meta":{"_monsterinsights_skip_tracking":false,"_monsterinsights_sitenote_active":false,"_monsterinsights_sitenote_note":"","_monsterinsights_sitenote_category":0,"footnotes":""},"categories":[49],"tags":[],"class_list":["post-141230","post","type-post","status-publish","format-standard","hentry","category-news-18","category-49","description-off"],"img_url":false,"_links":{"self":[{"href":"https:\/\/www.radiopiu.net\/wordpress\/wp-json\/wp\/v2\/posts\/141230","targetHints":{"allow":["GET"]}}],"collection":[{"href":"https:\/\/www.radiopiu.net\/wordpress\/wp-json\/wp\/v2\/posts"}],"about":[{"href":"https:\/\/www.radiopiu.net\/wordpress\/wp-json\/wp\/v2\/types\/post"}],"author":[{"embeddable":true,"href":"https:\/\/www.radiopiu.net\/wordpress\/wp-json\/wp\/v2\/users\/4"}],"replies":[{"embeddable":true,"href":"https:\/\/www.radiopiu.net\/wordpress\/wp-json\/wp\/v2\/comments?post=141230"}],"version-history":[{"count":0,"href":"https:\/\/www.radiopiu.net\/wordpress\/wp-json\/wp\/v2\/posts\/141230\/revisions"}],"wp:attachment":[{"href":"https:\/\/www.radiopiu.net\/wordpress\/wp-json\/wp\/v2\/media?parent=141230"}],"wp:term":[{"taxonomy":"category","embeddable":true,"href":"https:\/\/www.radiopiu.net\/wordpress\/wp-json\/wp\/v2\/categories?post=141230"},{"taxonomy":"post_tag","embeddable":true,"href":"https:\/\/www.radiopiu.net\/wordpress\/wp-json\/wp\/v2\/tags?post=141230"}],"curies":[{"name":"wp","href":"https:\/\/api.w.org\/{rel}","templated":true}]}}