{"id":141364,"date":"2020-05-29T23:59:48","date_gmt":"2020-05-29T21:59:48","guid":{"rendered":"https:\/\/www.radiopiu.net\/wordpress\/?p=141364"},"modified":"2020-05-31T08:53:51","modified_gmt":"2020-05-31T06:53:51","slug":"la-regione-agisce-a-modo-suo-scaricando-le-responsabilita-sui-direttori-perplessita-dei-sindacati","status":"publish","type":"post","link":"https:\/\/www.radiopiu.net\/wordpress\/la-regione-agisce-a-modo-suo-scaricando-le-responsabilita-sui-direttori-perplessita-dei-sindacati\/","title":{"rendered":"LA REGIONE AGISCE A MODO SUO  SCARICANDO LE RESPONSABILITA&#8217; SUI DIRETTORI. PERPLESSITA&#8217; DEI SINDACATI"},"content":{"rendered":"<p><strong><a class=\"dt-pswp-item\" href=\"https:\/\/www.radiopiu.net\/wordpress\/wp-content\/uploads\/2020\/05\/0cea8300-7387-495c-b19b-92bc77598502.jpg\" data-dt-img-description=\"\" data-large_image_width=\"1201\" data-large_image_height=\"1201\"><img loading=\"lazy\" decoding=\"async\" class=\"size-medium wp-image-141366 alignleft\" src=\"https:\/\/www.radiopiu.net\/wordpress\/wp-content\/uploads\/2020\/05\/0cea8300-7387-495c-b19b-92bc77598502-300x300.jpg\" alt=\"\" width=\"300\" height=\"300\" srcset=\"https:\/\/www.radiopiu.net\/wordpress\/wp-content\/uploads\/2020\/05\/0cea8300-7387-495c-b19b-92bc77598502-300x300.jpg 300w, https:\/\/www.radiopiu.net\/wordpress\/wp-content\/uploads\/2020\/05\/0cea8300-7387-495c-b19b-92bc77598502-1024x1024.jpg 1024w, https:\/\/www.radiopiu.net\/wordpress\/wp-content\/uploads\/2020\/05\/0cea8300-7387-495c-b19b-92bc77598502-150x150.jpg 150w, https:\/\/www.radiopiu.net\/wordpress\/wp-content\/uploads\/2020\/05\/0cea8300-7387-495c-b19b-92bc77598502-768x768.jpg 768w, https:\/\/www.radiopiu.net\/wordpress\/wp-content\/uploads\/2020\/05\/0cea8300-7387-495c-b19b-92bc77598502.jpg 1201w\" sizes=\"auto, (max-width: 300px) 100vw, 300px\" \/><\/a><\/strong><\/p>\n<p>&nbsp;<\/p>\n<p><strong>BELLUNO <\/strong><em>&#8220;Ci vuole un po&#8217; pi\u00f9 di cautela. In Provincia ci sono case di riposo che sono riuscite a contenere il contagio, soprattutto rispetto ad altre. Il tana libera tutti \u00e8 azzardato e per questo invitiamo di i direttori delle Case di riposo alla massima cautela per continuare a mantenerle covid free e i parenti non potranno che capirlo&#8221;.<\/em> Questa \u00e8 la dichiarazione di Gianluigi Della Giacoma della Funzione Pubblica Cgil che critica lo scarico di responsabilit\u00e0, le difficolt\u00e0 economiche di strutture costrette ad arrangiarsi quando il personale non \u00e8 sufficiente. Ci\u00f2 che la Cgil FP contesta \u00e8 anche la mancanza di strategie qualificanti ma anche la mancata valorizzazione dei lavoratori delle strutture covid<\/p>\n<p><strong>AI MICROFONI DI RADIO PIU GIANLUIGI DELLA GIACOMA, FP CGIL<\/strong><\/p>\n<audio class=\"wp-audio-shortcode\" id=\"audio-141364-1\" preload=\"none\" style=\"width: 100%;\" controls=\"controls\"><source type=\"audio\/mpeg\" src=\"https:\/\/www.radiopiu.net\/wordpress\/wp-content\/uploads\/2020\/05\/DELLA-GIACOMA-CASE-RIPOSO.mp3?_=1\" \/><a href=\"https:\/\/www.radiopiu.net\/wordpress\/wp-content\/uploads\/2020\/05\/DELLA-GIACOMA-CASE-RIPOSO.mp3\">https:\/\/www.radiopiu.net\/wordpress\/wp-content\/uploads\/2020\/05\/DELLA-GIACOMA-CASE-RIPOSO.mp3<\/a><\/audio>\n","protected":false},"excerpt":{"rendered":"<p>&nbsp; BELLUNO &#8220;Ci vuole un po&#8217; pi\u00f9 di cautela. In Provincia ci sono case di riposo che sono riuscite a contenere il contagio, soprattutto rispetto ad altre. Il tana libera tutti \u00e8 azzardato e per questo invitiamo di i direttori delle Case di riposo alla massima cautela per continuare a mantenerle covid free e i&hellip;<\/p>\n","protected":false},"author":4,"featured_media":141366,"comment_status":"closed","ping_status":"closed","sticky":false,"template":"","format":"standard","meta":{"_monsterinsights_skip_tracking":false,"_monsterinsights_sitenote_active":false,"_monsterinsights_sitenote_note":"","_monsterinsights_sitenote_category":0,"footnotes":""},"categories":[49],"tags":[],"class_list":["post-141364","post","type-post","status-publish","format-standard","has-post-thumbnail","hentry","category-news-18","category-49","description-off"],"img_url":"https:\/\/www.radiopiu.net\/wordpress\/wp-content\/uploads\/2020\/05\/0cea8300-7387-495c-b19b-92bc77598502.jpg","_links":{"self":[{"href":"https:\/\/www.radiopiu.net\/wordpress\/wp-json\/wp\/v2\/posts\/141364","targetHints":{"allow":["GET"]}}],"collection":[{"href":"https:\/\/www.radiopiu.net\/wordpress\/wp-json\/wp\/v2\/posts"}],"about":[{"href":"https:\/\/www.radiopiu.net\/wordpress\/wp-json\/wp\/v2\/types\/post"}],"author":[{"embeddable":true,"href":"https:\/\/www.radiopiu.net\/wordpress\/wp-json\/wp\/v2\/users\/4"}],"replies":[{"embeddable":true,"href":"https:\/\/www.radiopiu.net\/wordpress\/wp-json\/wp\/v2\/comments?post=141364"}],"version-history":[{"count":0,"href":"https:\/\/www.radiopiu.net\/wordpress\/wp-json\/wp\/v2\/posts\/141364\/revisions"}],"wp:featuredmedia":[{"embeddable":true,"href":"https:\/\/www.radiopiu.net\/wordpress\/wp-json\/wp\/v2\/media\/141366"}],"wp:attachment":[{"href":"https:\/\/www.radiopiu.net\/wordpress\/wp-json\/wp\/v2\/media?parent=141364"}],"wp:term":[{"taxonomy":"category","embeddable":true,"href":"https:\/\/www.radiopiu.net\/wordpress\/wp-json\/wp\/v2\/categories?post=141364"},{"taxonomy":"post_tag","embeddable":true,"href":"https:\/\/www.radiopiu.net\/wordpress\/wp-json\/wp\/v2\/tags?post=141364"}],"curies":[{"name":"wp","href":"https:\/\/api.w.org\/{rel}","templated":true}]}}