{"id":141371,"date":"2020-05-29T18:52:26","date_gmt":"2020-05-29T16:52:26","guid":{"rendered":"https:\/\/www.radiopiu.net\/wordpress\/?p=141371"},"modified":"2020-05-29T18:52:26","modified_gmt":"2020-05-29T16:52:26","slug":"in-veneto-procedure-semplificate-per-il-via-a-centri-estivi-e-servizi-per-infanzia-e-adolescenza","status":"publish","type":"post","link":"https:\/\/www.radiopiu.net\/wordpress\/in-veneto-procedure-semplificate-per-il-via-a-centri-estivi-e-servizi-per-infanzia-e-adolescenza\/","title":{"rendered":"IN VENETO PROCEDURE SEMPLIFICATE PER IL VIA A CENTRI ESTIVI E SERVIZI PER INFANZIA E ADOLESCENZA"},"content":{"rendered":"<blockquote><p><em><b>PER LA FASCIA 0-3 SI ATTENDE VIA LIBERA DA AUTORIT\u00c0 NAZIONALI\u201d<\/b><\/em><\/p><\/blockquote>\n<p align=\"JUSTIFY\"><span style=\"font-size: medium;\">L\u2019assessore regionale alla Sanit\u00e0 e al sociale della Regione Veneto, Manuela Lanzarin, d\u00e0 notizia dell\u2019entrata in vigore delle \u201cLinee di indirizzo per la riapertura dei servizi per infanzia e adolescenza 0-17 anni\u201d elaborate dalla Direzione Prevenzione della Regione del Veneto. Insieme alle linee guida, la Regione ha provveduto a diffondere i due moduli da compilare per i gestori: uno per dichiarare il possesso dei requisiti e il progetto organizzativo e l\u2019altro per far sottoscrivere alle famiglie il \u2018patto di responsabilit\u00e0 reciproca\u2019.<\/span><\/p>\n<blockquote>\n<p align=\"JUSTIFY\"><em>\u201c<span style=\"font-size: medium;\">Le linee di indirizzo includono le indicazioni relative anche alla fascia 0-3 anni \u2013 precisa l\u2019assessore \u2013 Ma allo stato attuale \u00e8 possibile attivare solamente i servizi rivolti ai bambini con et\u00e0 superiore ai 3 anni. I nidi 0-3 anni verranno attivati a partire da una data che sar\u00e0 successivamente indicata, anche a seguito delle interlocuzioni in corso con le Strutture nazionali di riferimento\u201d.<\/span><\/em><\/p>\n<\/blockquote>\n<p align=\"JUSTIFY\">FASE 2 LINEE DI INDIRIZZO SERVIZI INFANZIA ED ADOLSCENZA<\/p>\n<p align=\"JUSTIFY\"><a href=\"https:\/\/www.radiopiu.net\/wordpress\/wp-content\/uploads\/2020\/05\/787-2020-Linee-indirizzo-servizi-infanzia-e-adolescenza-Regione-del-Veneto.pdf\" class=\"pdfemb-viewer\" style=\"\" data-width=\"max\" data-height=\"max\" data-toolbar=\"top\" data-toolbar-fixed=\"on\">787-2020 Linee indirizzo servizi infanzia e adolescenza - Regione del Veneto<\/a>\n<p align=\"JUSTIFY\">FORMAT DICHIARAZIONE ENTE GESTORE PER IL COMUNE<\/p>\n<p align=\"JUSTIFY\"><a href=\"https:\/\/www.radiopiu.net\/wordpress\/wp-content\/uploads\/2020\/05\/787-2020-Format-Dichiarazione-requisiti-Ente-gestore-Comune.pdf\" class=\"pdfemb-viewer\" style=\"\" data-width=\"max\" data-height=\"max\" data-toolbar=\"top\" data-toolbar-fixed=\"on\">787-2020 Format Dichiarazione requisiti Ente gestore - Comune<\/a>\n<p align=\"JUSTIFY\">FORMAT PATTO DI RESPONSABILITA&#8217; DELL&#8217;ENTE GESTORE CON I GENITORI<\/p>\n<p align=\"JUSTIFY\"><a href=\"https:\/\/www.radiopiu.net\/wordpress\/wp-content\/uploads\/2020\/05\/787-Format-patto-di-responabilit\u00e0-reciproca.pdf\" class=\"pdfemb-viewer\" style=\"\" data-width=\"max\" data-height=\"max\" data-toolbar=\"top\" data-toolbar-fixed=\"on\">787 Format patto di responabilit\u00e0 reciproca<\/a>\n","protected":false},"excerpt":{"rendered":"<p>PER LA FASCIA 0-3 SI ATTENDE VIA LIBERA DA AUTORIT\u00c0 NAZIONALI\u201d L\u2019assessore regionale alla Sanit\u00e0 e al sociale della Regione Veneto, Manuela Lanzarin, d\u00e0 notizia dell\u2019entrata in vigore delle \u201cLinee di indirizzo per la riapertura dei servizi per infanzia e adolescenza 0-17 anni\u201d elaborate dalla Direzione Prevenzione della Regione del Veneto. Insieme alle linee guida,&hellip;<\/p>\n","protected":false},"author":1,"featured_media":141381,"comment_status":"closed","ping_status":"closed","sticky":false,"template":"","format":"standard","meta":{"_monsterinsights_skip_tracking":false,"_monsterinsights_sitenote_active":false,"_monsterinsights_sitenote_note":"","_monsterinsights_sitenote_category":0,"footnotes":""},"categories":[51,49],"tags":[],"class_list":["post-141371","post","type-post","status-publish","format-standard","has-post-thumbnail","hentry","category-evidenza-top","category-news-18","category-51","category-49","description-off"],"img_url":"https:\/\/www.radiopiu.net\/wordpress\/wp-content\/uploads\/2020\/05\/download-8.jpg","_links":{"self":[{"href":"https:\/\/www.radiopiu.net\/wordpress\/wp-json\/wp\/v2\/posts\/141371","targetHints":{"allow":["GET"]}}],"collection":[{"href":"https:\/\/www.radiopiu.net\/wordpress\/wp-json\/wp\/v2\/posts"}],"about":[{"href":"https:\/\/www.radiopiu.net\/wordpress\/wp-json\/wp\/v2\/types\/post"}],"author":[{"embeddable":true,"href":"https:\/\/www.radiopiu.net\/wordpress\/wp-json\/wp\/v2\/users\/1"}],"replies":[{"embeddable":true,"href":"https:\/\/www.radiopiu.net\/wordpress\/wp-json\/wp\/v2\/comments?post=141371"}],"version-history":[{"count":0,"href":"https:\/\/www.radiopiu.net\/wordpress\/wp-json\/wp\/v2\/posts\/141371\/revisions"}],"wp:featuredmedia":[{"embeddable":true,"href":"https:\/\/www.radiopiu.net\/wordpress\/wp-json\/wp\/v2\/media\/141381"}],"wp:attachment":[{"href":"https:\/\/www.radiopiu.net\/wordpress\/wp-json\/wp\/v2\/media?parent=141371"}],"wp:term":[{"taxonomy":"category","embeddable":true,"href":"https:\/\/www.radiopiu.net\/wordpress\/wp-json\/wp\/v2\/categories?post=141371"},{"taxonomy":"post_tag","embeddable":true,"href":"https:\/\/www.radiopiu.net\/wordpress\/wp-json\/wp\/v2\/tags?post=141371"}],"curies":[{"name":"wp","href":"https:\/\/api.w.org\/{rel}","templated":true}]}}