{"id":141397,"date":"2020-05-31T11:31:35","date_gmt":"2020-05-31T09:31:35","guid":{"rendered":"https:\/\/www.radiopiu.net\/wordpress\/?p=141397"},"modified":"2020-05-31T11:31:43","modified_gmt":"2020-05-31T09:31:43","slug":"giugno-scadenza-acconto-imu-i-comuni-decideranno-eventuali-proroghe","status":"publish","type":"post","link":"https:\/\/www.radiopiu.net\/wordpress\/giugno-scadenza-acconto-imu-i-comuni-decideranno-eventuali-proroghe\/","title":{"rendered":"GIUGNO SCADENZA ACCONTO IMU, I COMUNI DECIDERANNO EVENTUALI PROROGHE"},"content":{"rendered":"<blockquote><p>&nbsp;<\/p>\n<h2><\/h2>\n<\/blockquote>\n<p><strong><a class=\"dt-pswp-item\" href=\"https:\/\/www.radiopiu.net\/wordpress\/wp-content\/uploads\/2020\/05\/imu.jpg\" data-dt-img-description=\"\" data-large_image_width=\"400\" data-large_image_height=\"301\"><img loading=\"lazy\" decoding=\"async\" class=\" wp-image-141398 alignleft\" src=\"https:\/\/www.radiopiu.net\/wordpress\/wp-content\/uploads\/2020\/05\/imu-300x226.jpg\" alt=\"\" width=\"211\" height=\"160\" srcset=\"https:\/\/www.radiopiu.net\/wordpress\/wp-content\/uploads\/2020\/05\/imu-300x226.jpg 300w, https:\/\/www.radiopiu.net\/wordpress\/wp-content\/uploads\/2020\/05\/imu.jpg 400w\" sizes=\"auto, (max-width: 211px) 100vw, 211px\" \/><\/a><\/strong><\/p>\n<p><strong>AGORDO<\/strong> Si avvicina la stagione delle imposte sulla casa. Quest&#8217;anno non ci sar\u00e0 la Tasi 2020, cancellata dalla legge di bilancio, ma \u00e8 gi\u00e0 cominciato il conto alla rovescia per l&#8217;Imu,\u00a0 pagamento dell&#8217;acconto Imu 2020 \u00e8 previsto per il 16 giugno e il saldo per il 16 dicembre. <strong>PROROGA IMU<\/strong> Saranno i Comuni a decidere\u00a0 se prorogare la scadenza dell&#8217;acconto a fine settembre, lo ha deciso il governo romano con apposito decreto rilancio.\u00a0 E&#8217; quanto contenuto in una nota dell\u2019Ifel del 21 maggio. L\u2019Istituto per la Finanza e l\u2019Economia Locale dell\u2019Anci ha posto come possibile data del rinvio del pagamento dell\u2019IMU il 30 settembre, senza sanzioni e interessi. A decidere dunque saranno i Comuni: la proroga per\u00f2 \u00e8 da intendersi solo per chi ha sub\u00ecto danni economici a causa dell\u2019emergenza sanitaria. Per tutti gli altri, invece, la data di scadenza dell\u2019IMU rimane il 16 giugno.I contribuenti per\u00f2 dovranno dimostrare di aver avuto difficolt\u00e0 economiche, tramite una comunicazione al Comune.<strong>\u00a0Nell&#8217;Agordino<\/strong> insistono due situazioni, infatti 15 sindaci su 16 hanno delegato l&#8217;Unione Montana alla riscossione.<\/p>\n<p><em>&#8220;Abbiamo gi\u00e0 inviato i bollettini\u00a0 &#8211; spiega il presidente dell&#8217;Unione Montana Michele Costa-\u00a0 abbiamo anche inserito nella corrispondenza una postilla: la possibilit\u00e0 di pagare la tassa non il 16 giugno ma entro la fine dell&#8217;anno solare senza sanzioni o interessi di mora&#8221;.\u00a0<\/em> <strong>Agordo<\/strong> da tempo ha scelto di non delegare l&#8217;Unione Montana per la riscossione ma andare per conto proprio e anche in questo caso decide Palazzo Marconi. <em>&#8220;Anche noi &#8211; spiega l&#8217;assessore Claudio Sito &#8211; abbiamo gi\u00e0 inviato i bollettini di pagamento in scadenza il 16 giugno. In ogni modo per chi avesse difficolt\u00e0 \u00e8 sufficiente si mette in contatto con gli uffici comunali per concordare la proroga del pagamento&#8221;<\/em><\/p>\n<blockquote><p><em>L&#8217;Imu \u00e8 una tassa che in parte va direttamente a Roma e in parte ai Comuni.<\/em><\/p><\/blockquote>\n<p><strong>L&#8217;ASSESSORE CLAUDIO SITO<\/strong><strong>\u00a0<\/strong><\/p>\n<audio class=\"wp-audio-shortcode\" id=\"audio-141397-1\" preload=\"none\" style=\"width: 100%;\" controls=\"controls\"><source type=\"audio\/mpeg\" src=\"https:\/\/www.radiopiu.net\/wordpress\/wp-content\/uploads\/2020\/05\/SITO.mp3?_=1\" \/><a href=\"https:\/\/www.radiopiu.net\/wordpress\/wp-content\/uploads\/2020\/05\/SITO.mp3\">https:\/\/www.radiopiu.net\/wordpress\/wp-content\/uploads\/2020\/05\/SITO.mp3<\/a><\/audio>\n<p>&nbsp;<\/p>\n<p>&nbsp;<\/p>\n","protected":false},"excerpt":{"rendered":"<p>&nbsp; AGORDO Si avvicina la stagione delle imposte sulla casa. Quest&#8217;anno non ci sar\u00e0 la Tasi 2020, cancellata dalla legge di bilancio, ma \u00e8 gi\u00e0 cominciato il conto alla rovescia per l&#8217;Imu,\u00a0 pagamento dell&#8217;acconto Imu 2020 \u00e8 previsto per il 16 giugno e il saldo per il 16 dicembre. PROROGA IMU Saranno i Comuni a&hellip;<\/p>\n","protected":false},"author":1,"featured_media":141398,"comment_status":"closed","ping_status":"closed","sticky":false,"template":"","format":"standard","meta":{"_monsterinsights_skip_tracking":false,"_monsterinsights_sitenote_active":false,"_monsterinsights_sitenote_note":"","_monsterinsights_sitenote_category":0,"footnotes":""},"categories":[49],"tags":[],"class_list":["post-141397","post","type-post","status-publish","format-standard","has-post-thumbnail","hentry","category-news-18","category-49","description-off"],"img_url":"https:\/\/www.radiopiu.net\/wordpress\/wp-content\/uploads\/2020\/05\/imu.jpg","_links":{"self":[{"href":"https:\/\/www.radiopiu.net\/wordpress\/wp-json\/wp\/v2\/posts\/141397","targetHints":{"allow":["GET"]}}],"collection":[{"href":"https:\/\/www.radiopiu.net\/wordpress\/wp-json\/wp\/v2\/posts"}],"about":[{"href":"https:\/\/www.radiopiu.net\/wordpress\/wp-json\/wp\/v2\/types\/post"}],"author":[{"embeddable":true,"href":"https:\/\/www.radiopiu.net\/wordpress\/wp-json\/wp\/v2\/users\/1"}],"replies":[{"embeddable":true,"href":"https:\/\/www.radiopiu.net\/wordpress\/wp-json\/wp\/v2\/comments?post=141397"}],"version-history":[{"count":0,"href":"https:\/\/www.radiopiu.net\/wordpress\/wp-json\/wp\/v2\/posts\/141397\/revisions"}],"wp:featuredmedia":[{"embeddable":true,"href":"https:\/\/www.radiopiu.net\/wordpress\/wp-json\/wp\/v2\/media\/141398"}],"wp:attachment":[{"href":"https:\/\/www.radiopiu.net\/wordpress\/wp-json\/wp\/v2\/media?parent=141397"}],"wp:term":[{"taxonomy":"category","embeddable":true,"href":"https:\/\/www.radiopiu.net\/wordpress\/wp-json\/wp\/v2\/categories?post=141397"},{"taxonomy":"post_tag","embeddable":true,"href":"https:\/\/www.radiopiu.net\/wordpress\/wp-json\/wp\/v2\/tags?post=141397"}],"curies":[{"name":"wp","href":"https:\/\/api.w.org\/{rel}","templated":true}]}}