{"id":141487,"date":"2020-05-31T07:31:25","date_gmt":"2020-05-31T05:31:25","guid":{"rendered":"https:\/\/www.radiopiu.net\/wordpress\/?p=141487"},"modified":"2020-05-31T11:17:04","modified_gmt":"2020-05-31T09:17:04","slug":"giornale-radiopiu-31-maggio-2020-direttore-mirko-mezzacasa","status":"publish","type":"post","link":"https:\/\/www.radiopiu.net\/wordpress\/giornale-radiopiu-31-maggio-2020-direttore-mirko-mezzacasa\/","title":{"rendered":"GIORNALE RADIOPIU 31 MAGGIO 2020 DIRETTORE MIRKO MEZZACASA"},"content":{"rendered":"<h3><strong>PER RICEVERE QUESTO NOTIZIARIO DIRETTAMENTE SUL TUO CELLULARE ISCRIVITI AL CANALE TELEGRAM\u00a0<\/strong><strong>\u201cRADIO PIU\u00a0 INFORMAZIONE\u201d<\/strong><\/h3>\n<p>&nbsp;<\/p>\n<hr \/>\n<p>&nbsp;<\/p>\n<p><em><strong>Gestione Servizi Pubblici \u00a0informa che a ROCCA PIETORE in localit\u00e0 DIGONERA, l\u2019acqua erogata dall\u2019acquedotto non \u00e8 potabile e pu\u00f2 essere usata per scopi alimentari SOLO PREVIA bollitura<\/strong><\/em><\/p>\n<p>&nbsp;<\/p>\n<hr \/>\n<p><strong>\u00a0<\/strong><\/p>\n<p><strong>CHIUDE PONTE MAS, FINO AL 30 GIUGNO PER I LAVORI DI CONSOLIDAMENTO:<\/strong>\u00a0 fino al\u00a0 30 giugno sar\u00e0 chiuso sia alle macchine sia ai pedoni. Percorso alternativo: da Ponte Mas a Vignole in Comune di Sedico.<\/p>\n<p><strong>INTERRUZIONI A CRISTO DELLE PIANIZZE\u00a0<\/strong>sp347 DURAN E CEREDA fino al al 5 giugno (esclusi festivi e prefestivi) possibili interruzioni in localit\u00e0 Pianizze (Agordo) della durata massima di 15 minuti dalle 8 alle 12 e dalle 13 alle 17, inoltre senso unico alternato nei periodi non interessati dalle chiusura<\/p>\n<p>&nbsp;<\/p>\n<hr \/>\n<p>&nbsp;<\/p>\n<blockquote>\n<h3>MOTOCICLISTI SOTTO CONTROLLO, ARRIVA L&#8217;AUSPICATA STRETTA ALLE &#8220;PIEGHE&#8221; IN CURVA ANCHE LUNGO L&#8217;AGORDINA E I PASSI DOLOMITICI. ATTENZIONATI GLI EMULI DI VALENTINO ROSSI<\/h3>\n<\/blockquote>\n<p><strong>BELLUNO<\/strong> Carabinieri, Polizia e Guardia di Finanza hanno collaborato\u00a0 in un&#8217;operazione dedicata al controllo stradale, nel mirino il popolo dei motociclisti speso in &#8220;piega&#8221; in curva. Controlli effettuati sui principali tratti stradali della provincia. Dalla statale 51 del Fadalto, fino al Cadore, al feltrino e al resto del territorio provinciale. Il servizio di controllo proseguir\u00e0 anche nei prossimi giorni.<\/p>\n<p><strong>LE FOTO DEI CONTROLLI SULLA STATALE 51<\/strong><\/p>\n\n\t\t\t<style type='text\/css'>\n\t\t\t\t#gallery-1 {\n\t\t\t\t\tmargin: auto;\n\t\t\t\t}\n\t\t\t\t#gallery-1 .gallery-item {\n\t\t\t\t\tfloat: left;\n\t\t\t\t\tmargin-top: 10px;\n\t\t\t\t\ttext-align: center;\n\t\t\t\t\twidth: 33%;\n\t\t\t\t}\n\t\t\t\t#gallery-1 img {\n\t\t\t\t\tborder: 2px solid #cfcfcf;\n\t\t\t\t}\n\t\t\t\t#gallery-1 .gallery-caption {\n\t\t\t\t\tmargin-left: 0;\n\t\t\t\t}\n\t\t\t\t\/* see gallery_shortcode() in wp-includes\/media.php *\/\n\t\t\t<\/style>\n\t\t<div id='gallery-1' class='dt-gallery-container gallery galleryid-141487 gallery-columns-3 gallery-size-medium'><dl class='gallery-item'>\n\t\t\t\t<dt class='gallery-icon landscape'>\n\t\t\t\t\t<a class=\"rollover\" href='https:\/\/www.radiopiu.net\/wordpress\/operazione-congiunta-sul-controllo-stradale-delle-moto\/photo_2020-05-30_15-52-04\/'><img loading=\"lazy\" decoding=\"async\" width=\"300\" height=\"225\" src=\"https:\/\/www.radiopiu.net\/wordpress\/wp-content\/uploads\/2020\/05\/photo_2020-05-30_15-52-04-300x225.jpg\" class=\"attachment-medium size-medium\" alt=\"\" srcset=\"https:\/\/www.radiopiu.net\/wordpress\/wp-content\/uploads\/2020\/05\/photo_2020-05-30_15-52-04-300x225.jpg 300w, https:\/\/www.radiopiu.net\/wordpress\/wp-content\/uploads\/2020\/05\/photo_2020-05-30_15-52-04-1024x768.jpg 1024w, https:\/\/www.radiopiu.net\/wordpress\/wp-content\/uploads\/2020\/05\/photo_2020-05-30_15-52-04-768x576.jpg 768w, https:\/\/www.radiopiu.net\/wordpress\/wp-content\/uploads\/2020\/05\/photo_2020-05-30_15-52-04.jpg 1280w\" sizes=\"auto, (max-width: 300px) 100vw, 300px\" \/><\/a>\n\t\t\t\t<\/dt><\/dl><dl class='gallery-item'>\n\t\t\t\t<dt class='gallery-icon landscape'>\n\t\t\t\t\t<a class=\"rollover\" href='https:\/\/www.radiopiu.net\/wordpress\/operazione-congiunta-sul-controllo-stradale-delle-moto\/photo_2020-05-30_15-52-07\/'><img loading=\"lazy\" decoding=\"async\" width=\"300\" height=\"225\" src=\"https:\/\/www.radiopiu.net\/wordpress\/wp-content\/uploads\/2020\/05\/photo_2020-05-30_15-52-07-300x225.jpg\" class=\"attachment-medium size-medium\" alt=\"\" srcset=\"https:\/\/www.radiopiu.net\/wordpress\/wp-content\/uploads\/2020\/05\/photo_2020-05-30_15-52-07-300x225.jpg 300w, https:\/\/www.radiopiu.net\/wordpress\/wp-content\/uploads\/2020\/05\/photo_2020-05-30_15-52-07-1024x768.jpg 1024w, https:\/\/www.radiopiu.net\/wordpress\/wp-content\/uploads\/2020\/05\/photo_2020-05-30_15-52-07-768x576.jpg 768w, https:\/\/www.radiopiu.net\/wordpress\/wp-content\/uploads\/2020\/05\/photo_2020-05-30_15-52-07.jpg 1280w\" sizes=\"auto, (max-width: 300px) 100vw, 300px\" \/><\/a>\n\t\t\t\t<\/dt><\/dl><dl class='gallery-item'>\n\t\t\t\t<dt class='gallery-icon landscape'>\n\t\t\t\t\t<a class=\"rollover\" href='https:\/\/www.radiopiu.net\/wordpress\/operazione-congiunta-sul-controllo-stradale-delle-moto\/photo_2020-05-30_15-52-12\/'><img loading=\"lazy\" decoding=\"async\" width=\"300\" height=\"225\" src=\"https:\/\/www.radiopiu.net\/wordpress\/wp-content\/uploads\/2020\/05\/photo_2020-05-30_15-52-12-300x225.jpg\" class=\"attachment-medium size-medium\" alt=\"\" srcset=\"https:\/\/www.radiopiu.net\/wordpress\/wp-content\/uploads\/2020\/05\/photo_2020-05-30_15-52-12-300x225.jpg 300w, https:\/\/www.radiopiu.net\/wordpress\/wp-content\/uploads\/2020\/05\/photo_2020-05-30_15-52-12-1024x768.jpg 1024w, https:\/\/www.radiopiu.net\/wordpress\/wp-content\/uploads\/2020\/05\/photo_2020-05-30_15-52-12-768x576.jpg 768w, https:\/\/www.radiopiu.net\/wordpress\/wp-content\/uploads\/2020\/05\/photo_2020-05-30_15-52-12.jpg 1280w\" sizes=\"auto, (max-width: 300px) 100vw, 300px\" \/><\/a>\n\t\t\t\t<\/dt><\/dl><br style=\"clear: both\" \/><dl class='gallery-item'>\n\t\t\t\t<dt class='gallery-icon landscape'>\n\t\t\t\t\t<a class=\"rollover\" href='https:\/\/www.radiopiu.net\/wordpress\/operazione-congiunta-sul-controllo-stradale-delle-moto\/photo_2020-05-30_15-52-30\/'><img loading=\"lazy\" decoding=\"async\" width=\"300\" height=\"201\" src=\"https:\/\/www.radiopiu.net\/wordpress\/wp-content\/uploads\/2020\/05\/photo_2020-05-30_15-52-30-300x201.jpg\" class=\"attachment-medium size-medium\" alt=\"\" srcset=\"https:\/\/www.radiopiu.net\/wordpress\/wp-content\/uploads\/2020\/05\/photo_2020-05-30_15-52-30-300x201.jpg 300w, https:\/\/www.radiopiu.net\/wordpress\/wp-content\/uploads\/2020\/05\/photo_2020-05-30_15-52-30-1024x685.jpg 1024w, https:\/\/www.radiopiu.net\/wordpress\/wp-content\/uploads\/2020\/05\/photo_2020-05-30_15-52-30-768x514.jpg 768w, https:\/\/www.radiopiu.net\/wordpress\/wp-content\/uploads\/2020\/05\/photo_2020-05-30_15-52-30.jpg 1280w\" sizes=\"auto, (max-width: 300px) 100vw, 300px\" \/><\/a>\n\t\t\t\t<\/dt><\/dl><dl class='gallery-item'>\n\t\t\t\t<dt class='gallery-icon landscape'>\n\t\t\t\t\t<a class=\"rollover\" href='https:\/\/www.radiopiu.net\/wordpress\/operazione-congiunta-sul-controllo-stradale-delle-moto\/photo_2020-05-30_15-52-24\/'><img loading=\"lazy\" decoding=\"async\" width=\"300\" height=\"225\" src=\"https:\/\/www.radiopiu.net\/wordpress\/wp-content\/uploads\/2020\/05\/photo_2020-05-30_15-52-24-300x225.jpg\" class=\"attachment-medium size-medium\" alt=\"\" srcset=\"https:\/\/www.radiopiu.net\/wordpress\/wp-content\/uploads\/2020\/05\/photo_2020-05-30_15-52-24-300x225.jpg 300w, https:\/\/www.radiopiu.net\/wordpress\/wp-content\/uploads\/2020\/05\/photo_2020-05-30_15-52-24-1024x768.jpg 1024w, https:\/\/www.radiopiu.net\/wordpress\/wp-content\/uploads\/2020\/05\/photo_2020-05-30_15-52-24-768x576.jpg 768w, https:\/\/www.radiopiu.net\/wordpress\/wp-content\/uploads\/2020\/05\/photo_2020-05-30_15-52-24.jpg 1280w\" sizes=\"auto, (max-width: 300px) 100vw, 300px\" \/><\/a>\n\t\t\t\t<\/dt><\/dl><dl class='gallery-item'>\n\t\t\t\t<dt class='gallery-icon landscape'>\n\t\t\t\t\t<a class=\"rollover\" href='https:\/\/www.radiopiu.net\/wordpress\/operazione-congiunta-sul-controllo-stradale-delle-moto\/photo_2020-05-30_15-52-15\/'><img loading=\"lazy\" decoding=\"async\" width=\"300\" height=\"225\" src=\"https:\/\/www.radiopiu.net\/wordpress\/wp-content\/uploads\/2020\/05\/photo_2020-05-30_15-52-15-300x225.jpg\" class=\"attachment-medium size-medium\" alt=\"\" srcset=\"https:\/\/www.radiopiu.net\/wordpress\/wp-content\/uploads\/2020\/05\/photo_2020-05-30_15-52-15-300x225.jpg 300w, https:\/\/www.radiopiu.net\/wordpress\/wp-content\/uploads\/2020\/05\/photo_2020-05-30_15-52-15-1024x768.jpg 1024w, https:\/\/www.radiopiu.net\/wordpress\/wp-content\/uploads\/2020\/05\/photo_2020-05-30_15-52-15-768x576.jpg 768w, https:\/\/www.radiopiu.net\/wordpress\/wp-content\/uploads\/2020\/05\/photo_2020-05-30_15-52-15.jpg 1280w\" sizes=\"auto, (max-width: 300px) 100vw, 300px\" \/><\/a>\n\t\t\t\t<\/dt><\/dl><br style=\"clear: both\" \/>\n\t\t\t<\/div>\n\n<p><strong>IL VIDEO<\/strong><\/p>\n<div style=\"width: 1200px;\" class=\"wp-video\"><video class=\"wp-video-shortcode\" id=\"video-141487-1\" width=\"1200\" height=\"675\" preload=\"metadata\" controls=\"controls\"><source type=\"video\/mp4\" src=\"https:\/\/www.radiopiu.net\/wordpress\/wp-content\/uploads\/2020\/05\/CARABINIERI-MOTO.mp4?_=1\" \/><a href=\"https:\/\/www.radiopiu.net\/wordpress\/wp-content\/uploads\/2020\/05\/CARABINIERI-MOTO.mp4\">https:\/\/www.radiopiu.net\/wordpress\/wp-content\/uploads\/2020\/05\/CARABINIERI-MOTO.mp4<\/a><\/video><\/div>\n<p>&nbsp;<\/p>\n<blockquote>\n<h3><\/h3>\n<\/blockquote>\n<a href=\"https:\/\/www.radiopiu.net\/wordpress\/wp-content\/uploads\/2020\/05\/MONITORAGGIO_GIORNALIERO_DEI_SERVIZI_DI_CONTROLLO_DEL_29.05.2020.pdf\" class=\"pdfemb-viewer\" style=\"\" data-width=\"max\" data-height=\"max\" data-toolbar=\"top\" data-toolbar-fixed=\"on\">MONITORAGGIO_GIORNALIERO_DEI_SERVIZI_DI_CONTROLLO_DEL_29.05.2020<\/a>\n<h3><\/h3>\n<hr \/>\n<h3><\/h3>\n<h3>VERSO LA RIAPERTURA DELLA COMUNALE DI CARFON SENZA DIMENTICARE IL COLLEGAMENTO PER GAER. A CANALE D&#8217;AGORDO ANCHE LA NUOVA ILLUMINAZIONE<\/h3>\n<p><strong><a class=\"dt-pswp-item\" href=\"https:\/\/www.radiopiu.net\/wordpress\/wp-content\/uploads\/2018\/08\/FLAVIO-COLCE.jpg\" data-dt-img-description=\"\" data-large_image_width=\"575\" data-large_image_height=\"1024\"><img loading=\"lazy\" decoding=\"async\" class=\"size-medium wp-image-56267 alignleft\" src=\"https:\/\/www.radiopiu.net\/wordpress\/wp-content\/uploads\/2018\/08\/FLAVIO-COLCE-168x300.jpg\" alt=\"\" width=\"168\" height=\"300\" srcset=\"https:\/\/www.radiopiu.net\/wordpress\/wp-content\/uploads\/2018\/08\/FLAVIO-COLCE-168x300.jpg 168w, https:\/\/www.radiopiu.net\/wordpress\/wp-content\/uploads\/2018\/08\/FLAVIO-COLCE.jpg 575w\" sizes=\"auto, (max-width: 168px) 100vw, 168px\" \/><\/a><\/strong><\/p>\n<p>&nbsp;<\/p>\n<p>&nbsp;<\/p>\n<p>&nbsp;<\/p>\n<p><strong>CANALE D&#8217;AGORDO<\/strong>\u00a0 Dopo l&#8217;interruzione causata dalla pandemia Covid19 riprendono i lavori per la riapetura della strada per Carfon salendo dalla localit\u00e0 La Mora, ma senza dimenticare l&#8217;altra strada che in da novembre ha scongiurato l&#8217;isolamento della frazione di Canale d&#8217;Agordo. In centro presto i lavori per la nuova illuminazione. Ne parliamo con il sindaco Flavio Colcergnan<\/p>\n<p><strong>AUDIO<\/strong><\/p>\n<audio class=\"wp-audio-shortcode\" id=\"audio-141487-1\" preload=\"none\" style=\"width: 100%;\" controls=\"controls\"><source type=\"audio\/mpeg\" src=\"https:\/\/www.radiopiu.net\/wordpress\/wp-content\/uploads\/2020\/05\/colce.mp3?_=1\" \/><a href=\"https:\/\/www.radiopiu.net\/wordpress\/wp-content\/uploads\/2020\/05\/colce.mp3\">https:\/\/www.radiopiu.net\/wordpress\/wp-content\/uploads\/2020\/05\/colce.mp3<\/a><\/audio>\n<p>&nbsp;<\/p>\n<p>&nbsp;<\/p>\n<hr \/>\n<p>&nbsp;<\/p>\n<blockquote>\n<h3>GIUGNO SCADENZA ACCONTO IMU, I COMUNI DECIDERANNO EVENTUALI PROROGHE<\/h3>\n<\/blockquote>\n<p><strong><a class=\"dt-pswp-item\" href=\"https:\/\/www.radiopiu.net\/wordpress\/wp-content\/uploads\/2020\/05\/imu.jpg\" data-dt-img-description=\"\" data-large_image_width=\"400\" data-large_image_height=\"301\"><img loading=\"lazy\" decoding=\"async\" class=\" wp-image-141398 alignleft\" src=\"https:\/\/www.radiopiu.net\/wordpress\/wp-content\/uploads\/2020\/05\/imu-300x226.jpg\" alt=\"\" width=\"211\" height=\"160\" srcset=\"https:\/\/www.radiopiu.net\/wordpress\/wp-content\/uploads\/2020\/05\/imu-300x226.jpg 300w, https:\/\/www.radiopiu.net\/wordpress\/wp-content\/uploads\/2020\/05\/imu.jpg 400w\" sizes=\"auto, (max-width: 211px) 100vw, 211px\" \/><\/a><\/strong><\/p>\n<p><strong>AGORDO<\/strong> Si avvicina la stagione delle imposte sulla casa. Quest&#8217;anno non ci sar\u00e0 la Tasi 2020, cancellata dalla legge di bilancio, ma \u00e8 gi\u00e0 cominciato il conto alla rovescia per l&#8217;Imu,\u00a0 pagamento dell&#8217;acconto Imu 2020 \u00e8 previsto per il 16 giugno e il saldo per il 16 dicembre. <strong>PROROGA IMU<\/strong> Saranno i Comuni a decidere\u00a0 se prorogare la scadenza dell&#8217;acconto a fine settembre, lo ha deciso il governo romano con apposito decreto rilancio.\u00a0 E&#8217; quanto contenuto in una nota dell\u2019Ifel del 21 maggio. L\u2019Istituto per la Finanza e l\u2019Economia Locale dell\u2019Anci ha posto come possibile data del rinvio del pagamento dell\u2019IMU il 30 settembre, senza sanzioni e interessi. A decidere dunque saranno i Comuni: la proroga per\u00f2 \u00e8 da intendersi solo per chi ha sub\u00ecto danni economici a causa dell\u2019emergenza sanitaria. Per tutti gli altri, invece, la data di scadenza dell\u2019IMU rimane il 16 giugno.I contribuenti per\u00f2 dovranno dimostrare di aver avuto difficolt\u00e0 economiche, tramite una comunicazione al Comune.<strong>\u00a0Nell&#8217;Agordino<\/strong> insistono due situazioni, infatti 15 sindaci su 16 hanno delegato l&#8217;Unione Montana alla riscossione.<\/p>\n<p><em>&#8220;Abbiamo gi\u00e0 inviato i bollettini\u00a0 &#8211; spiega il presidente dell&#8217;Unione Montana Michele Costa-\u00a0 abbiamo anche inserito nella corrispondenza una postilla: la possibilit\u00e0 di pagare la tassa non il 16 giugno ma entro la fine dell&#8217;anno solare senza sanzioni o interessi di mora&#8221;.\u00a0<\/em> <strong>Agordo<\/strong> da tempo ha scelto di non delegare l&#8217;Unione Montana per la riscossione ma andare per conto proprio e anche in questo caso decide Palazzo Marconi. <em>&#8220;Anche noi &#8211; spiega l&#8217;assessore Claudio Sito &#8211; abbiamo gi\u00e0 inviato i bollettini di pagamento in scadenza il 16 giugno. In ogni modo per chi avesse difficolt\u00e0 \u00e8 sufficiente si mette in contatto con gli uffici comunali per concordare la proroga del pagamento&#8221;<\/em><\/p>\n<blockquote><p><em>L&#8217;Imu \u00e8 una tassa che in parte va direttamente a Roma e in parte ai Comuni.<\/em><\/p><\/blockquote>\n<p><strong>L&#8217;ASSESSORE CLAUDIO SITO<\/strong><strong>\u00a0<\/strong><\/p>\n<audio class=\"wp-audio-shortcode\" id=\"audio-141487-2\" preload=\"none\" style=\"width: 100%;\" controls=\"controls\"><source type=\"audio\/mpeg\" src=\"https:\/\/www.radiopiu.net\/wordpress\/wp-content\/uploads\/2020\/05\/SITO.mp3?_=2\" \/><a href=\"https:\/\/www.radiopiu.net\/wordpress\/wp-content\/uploads\/2020\/05\/SITO.mp3\">https:\/\/www.radiopiu.net\/wordpress\/wp-content\/uploads\/2020\/05\/SITO.mp3<\/a><\/audio>\n<p>&nbsp;<\/p>\n<hr \/>\n<p>&nbsp;<\/p>\n<blockquote>\n<h3>I COMUNI DI ALLEGHE, ROCCA PIETORE, COLLE SANTA LUCIA E SELVA DI CADORE VERSO IL CENTRO ESTIVO<\/h3>\n<\/blockquote>\n<p><strong><a class=\"dt-pswp-item\" href=\"https:\/\/www.radiopiu.net\/wordpress\/wp-content\/uploads\/2019\/05\/ALLEGHE-DANILO-DE-TONI.jpeg\" data-dt-img-description=\"\" data-large_image_width=\"1373\" data-large_image_height=\"1600\"><img loading=\"lazy\" decoding=\"async\" class=\" wp-image-86463 alignleft\" src=\"https:\/\/www.radiopiu.net\/wordpress\/wp-content\/uploads\/2019\/05\/ALLEGHE-DANILO-DE-TONI-257x300.jpeg\" alt=\"\" width=\"175\" height=\"205\" srcset=\"https:\/\/www.radiopiu.net\/wordpress\/wp-content\/uploads\/2019\/05\/ALLEGHE-DANILO-DE-TONI-257x300.jpeg 257w, https:\/\/www.radiopiu.net\/wordpress\/wp-content\/uploads\/2019\/05\/ALLEGHE-DANILO-DE-TONI-768x895.jpeg 768w, https:\/\/www.radiopiu.net\/wordpress\/wp-content\/uploads\/2019\/05\/ALLEGHE-DANILO-DE-TONI-879x1024.jpeg 879w, https:\/\/www.radiopiu.net\/wordpress\/wp-content\/uploads\/2019\/05\/ALLEGHE-DANILO-DE-TONI.jpeg 1373w\" sizes=\"auto, (max-width: 175px) 100vw, 175px\" \/><\/a>ALLEGHE\u00a0<\/strong>In Val Cordevole\u00a0 verso il centro estivo. Ad annunciarlo il sindaco di Alleghe Danilo De Toni che spiega i particolari alla cittadinanza. Nell&#8217;iniziativa anche i comuni di Rocca Pietore, Selva di Cadore e Colle Santa Lucia<\/p>\n<p>&nbsp;<\/p>\n<p>&nbsp;<\/p>\n<p>&nbsp;<\/p>\n<p><strong>IL SINDACO DI ALLEGHE DANILO DE TONI<\/strong><\/p>\n<audio class=\"wp-audio-shortcode\" id=\"audio-141487-3\" preload=\"none\" style=\"width: 100%;\" controls=\"controls\"><source type=\"audio\/mpeg\" src=\"https:\/\/www.radiopiu.net\/wordpress\/wp-content\/uploads\/2020\/05\/DANILO-DE-TONI-CENTRO-ESTIVO.mp3?_=3\" \/><a href=\"https:\/\/www.radiopiu.net\/wordpress\/wp-content\/uploads\/2020\/05\/DANILO-DE-TONI-CENTRO-ESTIVO.mp3\">https:\/\/www.radiopiu.net\/wordpress\/wp-content\/uploads\/2020\/05\/DANILO-DE-TONI-CENTRO-ESTIVO.mp3<\/a><\/audio>\n<p>&nbsp;<\/p>\n<hr \/>\n<p>&nbsp;<\/p>\n<blockquote>\n<h3>CANALE D&#8217;AGORDO SALUTA E RINGRAZIA LE SUORE IN PARTENZA DOPO ANNI DI IMPEGNO<\/h3>\n<\/blockquote>\n<p><strong><a class=\"dt-pswp-item\" href=\"https:\/\/www.radiopiu.net\/wordpress\/wp-content\/uploads\/2020\/05\/baa31ce5-e6bd-45b5-b4dc-9ebec67ab3e2.jpg\" data-dt-img-description=\"\" data-large_image_width=\"1290\" data-large_image_height=\"1290\"><img loading=\"lazy\" decoding=\"async\" class=\"size-medium wp-image-141272 alignright\" src=\"https:\/\/www.radiopiu.net\/wordpress\/wp-content\/uploads\/2020\/05\/baa31ce5-e6bd-45b5-b4dc-9ebec67ab3e2-300x300.jpg\" alt=\"\" width=\"300\" height=\"300\" srcset=\"https:\/\/www.radiopiu.net\/wordpress\/wp-content\/uploads\/2020\/05\/baa31ce5-e6bd-45b5-b4dc-9ebec67ab3e2-300x300.jpg 300w, https:\/\/www.radiopiu.net\/wordpress\/wp-content\/uploads\/2020\/05\/baa31ce5-e6bd-45b5-b4dc-9ebec67ab3e2-1024x1024.jpg 1024w, https:\/\/www.radiopiu.net\/wordpress\/wp-content\/uploads\/2020\/05\/baa31ce5-e6bd-45b5-b4dc-9ebec67ab3e2-150x150.jpg 150w, https:\/\/www.radiopiu.net\/wordpress\/wp-content\/uploads\/2020\/05\/baa31ce5-e6bd-45b5-b4dc-9ebec67ab3e2-768x768.jpg 768w, https:\/\/www.radiopiu.net\/wordpress\/wp-content\/uploads\/2020\/05\/baa31ce5-e6bd-45b5-b4dc-9ebec67ab3e2.jpg 1290w\" sizes=\"auto, (max-width: 300px) 100vw, 300px\" \/><\/a>CANALE D&#8217;AGORDO<\/strong> Le suore lasciano Canale d&#8217;Agordo oggi \u00e8 il momento dei saluti, ieri anticipati alla radio da don Vito De Vido parroco nel paese di Papa Luciani.<\/p>\n<p>&nbsp;<\/p>\n<p><strong><a class=\"dt-pswp-item\" href=\"https:\/\/www.radiopiu.net\/wordpress\/wp-content\/uploads\/2020\/05\/00407187-3481-4970-b412-f0b2570c2f20.jpg\" data-dt-img-description=\"\" data-large_image_width=\"1200\" data-large_image_height=\"1599\"><img loading=\"lazy\" decoding=\"async\" class=\" wp-image-141269 alignleft\" src=\"https:\/\/www.radiopiu.net\/wordpress\/wp-content\/uploads\/2020\/05\/00407187-3481-4970-b412-f0b2570c2f20-225x300.jpg\" alt=\"\" width=\"155\" height=\"207\" srcset=\"https:\/\/www.radiopiu.net\/wordpress\/wp-content\/uploads\/2020\/05\/00407187-3481-4970-b412-f0b2570c2f20-225x300.jpg 225w, https:\/\/www.radiopiu.net\/wordpress\/wp-content\/uploads\/2020\/05\/00407187-3481-4970-b412-f0b2570c2f20-768x1023.jpg 768w, https:\/\/www.radiopiu.net\/wordpress\/wp-content\/uploads\/2020\/05\/00407187-3481-4970-b412-f0b2570c2f20-1153x1536.jpg 1153w, https:\/\/www.radiopiu.net\/wordpress\/wp-content\/uploads\/2020\/05\/00407187-3481-4970-b412-f0b2570c2f20.jpg 1200w\" sizes=\"auto, (max-width: 155px) 100vw, 155px\" \/><\/a><\/strong><\/p>\n<p>&nbsp;<\/p>\n<p>&nbsp;<\/p>\n<p>&nbsp;<\/p>\n<p><strong>LA STORIA, LA PRESENZA DELLE SUORE UN SEGNO DI DISPONIBILITA&#8217; E SACRIFICIO<\/strong><\/p>\n<audio class=\"wp-audio-shortcode\" id=\"audio-141487-4\" preload=\"none\" style=\"width: 100%;\" controls=\"controls\"><source type=\"audio\/mpeg\" src=\"https:\/\/www.radiopiu.net\/wordpress\/wp-content\/uploads\/2020\/05\/STORIA.mp3?_=4\" \/><a href=\"https:\/\/www.radiopiu.net\/wordpress\/wp-content\/uploads\/2020\/05\/STORIA.mp3\">https:\/\/www.radiopiu.net\/wordpress\/wp-content\/uploads\/2020\/05\/STORIA.mp3<\/a><\/audio>\n<p>&nbsp;<\/p>\n<p><strong><a class=\"dt-pswp-item\" href=\"https:\/\/www.radiopiu.net\/wordpress\/wp-content\/uploads\/2020\/05\/cb33dff1-2672-416e-996f-354274d9c0d6.jpg\" data-dt-img-description=\"\" data-large_image_width=\"1053\" data-large_image_height=\"1600\"><img loading=\"lazy\" decoding=\"async\" class=\"wp-image-141271 alignleft\" src=\"https:\/\/www.radiopiu.net\/wordpress\/wp-content\/uploads\/2020\/05\/cb33dff1-2672-416e-996f-354274d9c0d6-197x300.jpg\" alt=\"\" width=\"139\" height=\"212\" srcset=\"https:\/\/www.radiopiu.net\/wordpress\/wp-content\/uploads\/2020\/05\/cb33dff1-2672-416e-996f-354274d9c0d6-197x300.jpg 197w, https:\/\/www.radiopiu.net\/wordpress\/wp-content\/uploads\/2020\/05\/cb33dff1-2672-416e-996f-354274d9c0d6-674x1024.jpg 674w, https:\/\/www.radiopiu.net\/wordpress\/wp-content\/uploads\/2020\/05\/cb33dff1-2672-416e-996f-354274d9c0d6-768x1167.jpg 768w, https:\/\/www.radiopiu.net\/wordpress\/wp-content\/uploads\/2020\/05\/cb33dff1-2672-416e-996f-354274d9c0d6-1011x1536.jpg 1011w, https:\/\/www.radiopiu.net\/wordpress\/wp-content\/uploads\/2020\/05\/cb33dff1-2672-416e-996f-354274d9c0d6.jpg 1053w\" sizes=\"auto, (max-width: 139px) 100vw, 139px\" \/><\/a><\/strong><\/p>\n<p>&nbsp;<\/p>\n<p>&nbsp;<\/p>\n<p>&nbsp;<\/p>\n<p>&nbsp;<\/p>\n<p><strong>IL COMMOSSO SALUTO DI DON VITO<\/strong><\/p>\n<p>A sinistra suor Adelma Filippi (1926 arrivata a canale nel 1998) a destra la superiora suor Gigliola Trevisan (1946 arrivata a Canale nel 2002)<\/p>\n<audio class=\"wp-audio-shortcode\" id=\"audio-141487-5\" preload=\"none\" style=\"width: 100%;\" controls=\"controls\"><source type=\"audio\/mpeg\" src=\"https:\/\/www.radiopiu.net\/wordpress\/wp-content\/uploads\/2020\/05\/SAUTO.mp3?_=5\" \/><a href=\"https:\/\/www.radiopiu.net\/wordpress\/wp-content\/uploads\/2020\/05\/SAUTO.mp3\">https:\/\/www.radiopiu.net\/wordpress\/wp-content\/uploads\/2020\/05\/SAUTO.mp3<\/a><\/audio>\n<p>&nbsp;<\/p>\n<p><a class=\"dt-pswp-item\" href=\"https:\/\/www.radiopiu.net\/wordpress\/wp-content\/uploads\/2020\/05\/c803e822-9fe7-4a0a-952f-ce0e88790b46.jpg\" data-dt-img-description=\"\" data-large_image_width=\"1600\" data-large_image_height=\"1069\"><img loading=\"lazy\" decoding=\"async\" class=\"alignnone size-medium wp-image-141274\" src=\"https:\/\/www.radiopiu.net\/wordpress\/wp-content\/uploads\/2020\/05\/c803e822-9fe7-4a0a-952f-ce0e88790b46-300x200.jpg\" alt=\"\" width=\"300\" height=\"200\" srcset=\"https:\/\/www.radiopiu.net\/wordpress\/wp-content\/uploads\/2020\/05\/c803e822-9fe7-4a0a-952f-ce0e88790b46-300x200.jpg 300w, https:\/\/www.radiopiu.net\/wordpress\/wp-content\/uploads\/2020\/05\/c803e822-9fe7-4a0a-952f-ce0e88790b46-1024x684.jpg 1024w, https:\/\/www.radiopiu.net\/wordpress\/wp-content\/uploads\/2020\/05\/c803e822-9fe7-4a0a-952f-ce0e88790b46-768x513.jpg 768w, https:\/\/www.radiopiu.net\/wordpress\/wp-content\/uploads\/2020\/05\/c803e822-9fe7-4a0a-952f-ce0e88790b46-1536x1026.jpg 1536w, https:\/\/www.radiopiu.net\/wordpress\/wp-content\/uploads\/2020\/05\/c803e822-9fe7-4a0a-952f-ce0e88790b46.jpg 1600w\" sizes=\"auto, (max-width: 300px) 100vw, 300px\" \/><\/a><a class=\"dt-pswp-item\" href=\"https:\/\/www.radiopiu.net\/wordpress\/wp-content\/uploads\/2020\/05\/afce71aa-4b78-4517-ada7-74910a267d40.jpg\" data-dt-img-description=\"\" data-large_image_width=\"1600\" data-large_image_height=\"1001\"><img loading=\"lazy\" decoding=\"async\" class=\"alignnone wp-image-141273\" src=\"https:\/\/www.radiopiu.net\/wordpress\/wp-content\/uploads\/2020\/05\/afce71aa-4b78-4517-ada7-74910a267d40-300x188.jpg\" alt=\"\" width=\"318\" height=\"199\" srcset=\"https:\/\/www.radiopiu.net\/wordpress\/wp-content\/uploads\/2020\/05\/afce71aa-4b78-4517-ada7-74910a267d40-300x188.jpg 300w, https:\/\/www.radiopiu.net\/wordpress\/wp-content\/uploads\/2020\/05\/afce71aa-4b78-4517-ada7-74910a267d40-1024x641.jpg 1024w, https:\/\/www.radiopiu.net\/wordpress\/wp-content\/uploads\/2020\/05\/afce71aa-4b78-4517-ada7-74910a267d40-768x480.jpg 768w, https:\/\/www.radiopiu.net\/wordpress\/wp-content\/uploads\/2020\/05\/afce71aa-4b78-4517-ada7-74910a267d40-1536x961.jpg 1536w, https:\/\/www.radiopiu.net\/wordpress\/wp-content\/uploads\/2020\/05\/afce71aa-4b78-4517-ada7-74910a267d40.jpg 1600w\" sizes=\"auto, (max-width: 318px) 100vw, 318px\" \/><\/a><\/p>\n<p>&nbsp;<\/p>\n<hr \/>\n<p>&nbsp;<\/p>\n<blockquote>\n<h3>NIENTE FESTA DELL&#8217;ORZO A SAN TOMASO<\/h3>\n<\/blockquote>\n<p><strong><a class=\"dt-pswp-item\" href=\"https:\/\/www.radiopiu.net\/wordpress\/wp-content\/uploads\/2015\/10\/300px-San_Tomaso_Ag.jpg\" data-dt-img-description=\"\" data-large_image_width=\"300\" data-large_image_height=\"225\"><img loading=\"lazy\" decoding=\"async\" class=\"size-medium wp-image-11619 alignleft\" src=\"https:\/\/www.radiopiu.net\/wordpress\/wp-content\/uploads\/2015\/10\/300px-San_Tomaso_Ag-300x225.jpg\" alt=\"\" width=\"300\" height=\"225\" \/><\/a>SAN TOMASO AGORDINO\u00a0<\/strong>La Festa Dell&#8217;Orzo a San Tomaso non si far\u00e0. Ad annunciarlo il sindaco Moreno De Val. Salta dunque la sagra paesana della prima domenica di settembre. Le normative attuali non consentono di organizzare come si vorrebbe la festa.<\/p>\n<p>&nbsp;<\/p>\n<p>&nbsp;<\/p>\n<p>&nbsp;<\/p>\n<p>&nbsp;<\/p>\n<p>&nbsp;<\/p>\n<p><strong>IL SINDACO DI SAN TOMASO MORENO DE VAL<\/strong><\/p>\n<audio class=\"wp-audio-shortcode\" id=\"audio-141487-6\" preload=\"none\" style=\"width: 100%;\" controls=\"controls\"><source type=\"audio\/mpeg\" src=\"https:\/\/www.radiopiu.net\/wordpress\/wp-content\/uploads\/2020\/05\/MORENO-DE-VAL-FESTA-ORZO.mp3?_=6\" \/><a href=\"https:\/\/www.radiopiu.net\/wordpress\/wp-content\/uploads\/2020\/05\/MORENO-DE-VAL-FESTA-ORZO.mp3\">https:\/\/www.radiopiu.net\/wordpress\/wp-content\/uploads\/2020\/05\/MORENO-DE-VAL-FESTA-ORZO.mp3<\/a><\/audio>\n<p>&nbsp;<\/p>\n<hr \/>\n<p>&nbsp;<\/p>\n<blockquote>\n<h2>I CENTO GIORNI DEL VIRUS<\/h2>\n<\/blockquote>\n<p><strong>di Mirko Mezzacasa<\/strong><\/p>\n<p>Cento giorni di coronavirus, lo ricorderemo per sempre quel 21 febbraio giorno in cui inizio&#8217; la grande paura cos\u00ec come quella domenica dell&#8217;8 marzo l&#8217;ultima sugli sci alla vigilia della chiusura e di\u00a0 una interminabile quarantena che ci ha fatto contare quasi 20 mila contagiati in Veneto e poco meno di 2000 vittime. Dal focolaio di Vo&#8217;, dalla morte del primo paziente covid19 Adriano Trevisan, il 28 febbraio la Ulss1 Dolomiti rendeva nota la positivit\u00e0 del primo paziente, il 5 marzo un medico rientrato dall&#8217;Emilia positivo all&#8217;ospedale di Agordo ed ermetica chiusura del reparto di medicina, dal giorno dopo anche dell&#8217;ortopedia, a La Valle Agordina i primi due casi di positivit\u00e0. L&#8217;11 marzo la prima vittima, Noris Picello 91 anni di Sovramonte, a met\u00e0 marzo l&#8217;ascesa dei contagi, la morte a Venezia del Procuratore Francesco Saverio Pavone, la chiusura delle aziende compresa Luxottica e l&#8217;inizio della Cassa Integraziane, a fine marzo le prime notizie dalle case di riposo, l&#8217;inizio di una strage,\u00a0 il lockdowon con la Pasqua in casa. A ore s&#8217;attende l&#8217;ennesimo DPCM che regolamenter\u00e0 i nostri comportamenti dal 3 giugno quando potrebbero essere permessi anche gli spostamenti interregionali. Con l&#8217;ordinanza regionale invece da domani via ai centri estivi, alle terme, e fine dell&#8217;uso della mascherina all&#8217;aperto se \u00e8 possibile il distanziamento sociale, ma non nei luoghi chiusi ed anche in macchina se siedono sconosciuti a meno di un metro di distanza. Come dire che la mascherina va comunque tenuta in tasca pronta all&#8217;uso. Ieri l&#8217;assessore Gianpaolo Bottacin \u00e8 tornato a parlare del famoso modello che metteva paura, che prevedeva per il 10 marzo il picco con oltre 2 milioni di ammalati in Veneto, il 29 marzo 1100 posti di terapia intensiva occupati pi\u00f9 degli 800 disponibili. Le misure di contenimento e il lockdown hanno scongiurato il peggio. Il modello ha pure azzeccato le curve discendenti, dal 13 aprile quando la previsione ipotizzava un numero di ricoverati impensabile. Curve che si sono rivelate esatte, oggi i ricoverati sono 465 e il modello prevede che in una settimana scenderanno sotto i 100 per azzerarsi a fine giugno. IERI IN VENETO: 1 decesso a Schiavonia (Padova) 28 ricoverati in terapia intensiva (6 positivi), oltre 15000 guariti (- 200) tamponi 660.018\u00a0 con l&#8217;obiettivo di arrivare a processarne 30mila al giorno per settembre.Il totale dei casi positivi 19.150, ricoverati 465. IN PROVINCIA\u00a0 Ieri 5 positivi (totale1170), 107 attualmente positivi, 110 decessi in totale, 953 negativizzati, 245 in isolamento fiduciario, sempre 8 i ricoverati all&#8217;ospedale San Martino di Belluno.<\/p>\n<p>&nbsp;<\/p>\n<hr \/>\n<blockquote class=\"wp-embedded-content\" data-secret=\"GFEJJNDGMo\"><p><a href=\"https:\/\/www.radiopiu.net\/wordpress\/coronavirus-aggiornamento-nazionale-30-maggio\/\">CORONAVIRUS: AGGIORNAMENTO NAZIONALE 30 MAGGIO<\/a><\/p><\/blockquote>\n<p><iframe loading=\"lazy\" title=\"&#8220;CORONAVIRUS: AGGIORNAMENTO NAZIONALE 30 MAGGIO&#8221; &#8212; Radio Pi\u00f9\" class=\"wp-embedded-content\" sandbox=\"allow-scripts\" security=\"restricted\" style=\"position: absolute; clip: rect(1px, 1px, 1px, 1px);\" src=\"https:\/\/www.radiopiu.net\/wordpress\/coronavirus-aggiornamento-nazionale-30-maggio\/embed\/#?secret=GFEJJNDGMo\" data-secret=\"GFEJJNDGMo\" width=\"600\" height=\"338\" frameborder=\"0\" marginwidth=\"0\" marginheight=\"0\" scrolling=\"no\"><\/iframe><\/p>\n<p>&nbsp;<\/p>\n<hr \/>\n<p>&nbsp;<\/p>\n<blockquote class=\"wp-embedded-content\" data-secret=\"v5nUMevTDA\"><p><a href=\"https:\/\/www.radiopiu.net\/wordpress\/un-decesso-4-positivi-in-piu-un-pazienti-in-meno-in-terapia-intensiva-e-2-ricoverati-in-piu-in-area-non-critica-aggiornamento-azienda-zero-30-maggio-ore-17\/\">UN DECESSO, 4 POSITIVI IN Pi\u00f9, UN PAZIENTI IN MENO IN TERAPIA INTENSIVA E 2 RICOVERATI IN Pi\u00f9 IN AREA NON CRITICA. AGGIORNAMENTO AZIENDA ZERO 30 MAGGIO ORE 17<\/a><\/p><\/blockquote>\n<p><iframe loading=\"lazy\" title=\"&#8220;UN DECESSO, 4 POSITIVI IN Pi\u00f9, UN PAZIENTI IN MENO IN TERAPIA INTENSIVA E 2 RICOVERATI IN Pi\u00f9 IN AREA NON CRITICA. AGGIORNAMENTO AZIENDA ZERO 30 MAGGIO ORE 17&#8221; &#8212; Radio Pi\u00f9\" class=\"wp-embedded-content\" sandbox=\"allow-scripts\" security=\"restricted\" style=\"position: absolute; clip: rect(1px, 1px, 1px, 1px);\" src=\"https:\/\/www.radiopiu.net\/wordpress\/un-decesso-4-positivi-in-piu-un-pazienti-in-meno-in-terapia-intensiva-e-2-ricoverati-in-piu-in-area-non-critica-aggiornamento-azienda-zero-30-maggio-ore-17\/embed\/#?secret=v5nUMevTDA\" data-secret=\"v5nUMevTDA\" width=\"600\" height=\"338\" frameborder=\"0\" marginwidth=\"0\" marginheight=\"0\" scrolling=\"no\"><\/iframe><\/p>\n<p>&nbsp;<\/p>\n<hr \/>\n<p>&nbsp;<\/p>\n<blockquote>\n<h3>DATI E GRAFICI DEL GIORNO, PROVINCIA \u2013 REGIONE 30 MAGGIO 2020<\/h3>\n<\/blockquote>\n<p><strong>Con la collaborazione di Tiziano De Col<\/strong><\/p>\n<p><a class=\"dt-pswp-item\" href=\"https:\/\/www.radiopiu.net\/wordpress\/wp-content\/uploads\/2020\/05\/Schermata-2020-05-30-alle-20.05.21.png\" data-dt-img-description=\"\" data-large_image_width=\"806\" data-large_image_height=\"444\"><img loading=\"lazy\" decoding=\"async\" class=\"alignnone wp-image-141532\" src=\"https:\/\/www.radiopiu.net\/wordpress\/wp-content\/uploads\/2020\/05\/Schermata-2020-05-30-alle-20.05.21-300x165.png\" alt=\"\" width=\"315\" height=\"173\" srcset=\"https:\/\/www.radiopiu.net\/wordpress\/wp-content\/uploads\/2020\/05\/Schermata-2020-05-30-alle-20.05.21-300x165.png 300w, https:\/\/www.radiopiu.net\/wordpress\/wp-content\/uploads\/2020\/05\/Schermata-2020-05-30-alle-20.05.21-768x423.png 768w, https:\/\/www.radiopiu.net\/wordpress\/wp-content\/uploads\/2020\/05\/Schermata-2020-05-30-alle-20.05.21.png 806w\" sizes=\"auto, (max-width: 315px) 100vw, 315px\" \/><\/a><a class=\"dt-pswp-item\" href=\"https:\/\/www.radiopiu.net\/wordpress\/wp-content\/uploads\/2020\/05\/5692f6e4-73a2-4944-a40b-2c3f6c31d1cc.jpg\" data-dt-img-description=\"\" data-large_image_width=\"606\" data-large_image_height=\"352\"><img loading=\"lazy\" decoding=\"async\" class=\"alignnone size-medium wp-image-141533\" src=\"https:\/\/www.radiopiu.net\/wordpress\/wp-content\/uploads\/2020\/05\/5692f6e4-73a2-4944-a40b-2c3f6c31d1cc-300x174.jpg\" alt=\"\" width=\"300\" height=\"174\" srcset=\"https:\/\/www.radiopiu.net\/wordpress\/wp-content\/uploads\/2020\/05\/5692f6e4-73a2-4944-a40b-2c3f6c31d1cc-300x174.jpg 300w, https:\/\/www.radiopiu.net\/wordpress\/wp-content\/uploads\/2020\/05\/5692f6e4-73a2-4944-a40b-2c3f6c31d1cc.jpg 606w\" sizes=\"auto, (max-width: 300px) 100vw, 300px\" \/><\/a><a class=\"dt-pswp-item\" href=\"https:\/\/www.radiopiu.net\/wordpress\/wp-content\/uploads\/2020\/05\/b8527457-b2d9-425f-842e-66a2e66b58b6.jpg\" data-dt-img-description=\"\" data-large_image_width=\"636\" data-large_image_height=\"374\"><img loading=\"lazy\" decoding=\"async\" class=\"alignnone size-medium wp-image-141534\" src=\"https:\/\/www.radiopiu.net\/wordpress\/wp-content\/uploads\/2020\/05\/b8527457-b2d9-425f-842e-66a2e66b58b6-300x176.jpg\" alt=\"\" width=\"300\" height=\"176\" srcset=\"https:\/\/www.radiopiu.net\/wordpress\/wp-content\/uploads\/2020\/05\/b8527457-b2d9-425f-842e-66a2e66b58b6-300x176.jpg 300w, https:\/\/www.radiopiu.net\/wordpress\/wp-content\/uploads\/2020\/05\/b8527457-b2d9-425f-842e-66a2e66b58b6.jpg 636w\" sizes=\"auto, (max-width: 300px) 100vw, 300px\" \/><\/a><\/p>\n<p>&nbsp;<\/p>\n<p>&nbsp;<\/p>\n<hr \/>\n<p>&nbsp;<\/p>\n<h2>LEGGI LA CONFERENZA DI LUCA ZAIA<\/h2>\n<p><em>Siamo stati in guerra senza carri armati. Quando mancavano ovunque i respiratori siamo andati a prenderceli in Svizzera e non abbiamo dovuto decidere chi salvare. La Grecia ci ha chiuso le porte non me lo sarei mai aspettato dalla Grecia, che per noi \u00e8 casa.<\/em><\/p>\n<p>Oggi il grazie per gli operatori dell&#8217;informazione, appuntamento quotidiano con gli aggiornamenti oltre che a tutti coloro che hanno lavorato negli ospedali piuttosto che delle case di riposo. Cento giorni non sono pochi e esser qui tutti i giorni ha fatto la differenza. Oggi \u00e8 il centesimo giorno dall&#8217;inizio della \u00abtragedia, era il 21 febbraio, me lo ricordo bene. Siamo riusciti a scongiurare il pericolo di dover scegliere quale paziente fare entrare in terapia intensiva.<strong>TRASPORTO PUBBLICO LOCALE<\/strong> L&#8217;assessore De Berti \u00e8 sul pezzo, i treni cominciano ad essere affollati chiediamo a treni Italia di aggiungere macchine e riprendere con le consuete corse.<strong> ORDINANZA<\/strong> Molti riscontri dai centri estivi, sar\u00e0 una grande chiamata di popolo in una materia che abbiamo sburocratizzato. GREST in difficolt\u00e0,\u00a0 possiamo intervenire anche con un&#8217;ordinanza, credo che la liberatoria dei genitori sufficiente altrimenti i genitori si tengano i figli a casa se preferiscono. <strong>MASCHERINA<\/strong> Da lunedi si passeggia senza mascherina, la sia tiene in tasca per metterla quando si entra in un luogo chiuso o ci si ferma a parlare.<strong> ENTRO IL 15 GIUGNO VERSO L&#8217;APERTURA DEGLI SPETTACOLI<\/strong> Stiamo lavorando a una seconda ordinanza per il mondo degli spettacoli: teatri, cinema, discoteche e altre attivit\u00e0. Ci \u00e8 stata fatta una richiesta per i locali per fare intrattenimento mentre la gente mangia, va bene purch\u00e9 la gente rimanga seduta al tavolo cio\u00e8 non si balla e non si salta.<strong>SPOSTAMENTI<\/strong> Attendiamo la conferenza stampa del Premier del sabato sera, aupisco un&#8217; apertura totale senza esclusioni per il 3 giugno.\u00a0 Auspico che non passi il concetto che ci siano untori in Italia, ho tifato per la Lombardia. Le curve delle infezioni sono tutte pressoch\u00e9 uguali, direi che la Lombardia ha imboccato la fase indescende.\u00a0<strong>LA GRECIA<\/strong> E&#8217; grave il comportamento contro l&#8217;Italia anche perch\u00e9 \u00e8 in Europa, non posso accettare una cosa del genere e non me la sarei mai aspettata da loro. Fossi io Ministro degli esteri sarei gi\u00e0 ad Atene. &#8220;Una faccia una razza&#8221;, Mediterraneo di Salvatores&#8230; sono solo alcuni degli esempi che ci uniscono, ci vuole coraggio a dire di stare a casa nostra, chi lo ha detto se stava zitto era meglio. Comunque sono loro che hanno da rimetterci , probabilmente ci sono persone sbagliate ai posti di comando con un comportamento riprovevole. Non mi risulta che la sanit\u00e0 greca sia come quella italiana quindi da loro non accettiamo lezioni. <strong>VA MEGLIO IN CROAZIA<\/strong> Si sta comportando in modo diverso, in Istria si parla il veneto. Loro non sono un&#8217;area Schengen e giocano &#8220;da libero&#8221;, hanno deciso di vincolare gli ingressi alle prenotazioni. Dicono &#8220;venite che siamo aperti&#8221;, e lo diciamo anche noi. <strong>IMITAZIONE DI CROZZA <\/strong>Si \u00e8 impegnato ma pu\u00f2 fare meglio, soprattutto sulla dizione. Ma \u00e8 un grande artista, \u00e8 apprezzabile il lavoro che fa. L&#8217;ho anche cercato per fargli i complimenti e per &#8220;sgridarlo&#8221; per avermi invecchiato un po&#8217; troppo.<\/p>\n<p>&nbsp;<\/p>\n<p>https:\/\/www.facebook.com\/zaiaufficiale\/videos\/284861086251240<\/p>\n<p>&nbsp;<\/p>\n<blockquote class=\"wp-embedded-content\" data-secret=\"J20Zb1DYgg\"><p><a href=\"https:\/\/www.radiopiu.net\/wordpress\/crozza-bene-ma-potrebbe-fare-meglio-deve-impegnarsi-di-piu\/\">CROZZA? BENE MA POTREBBE FARE MEGLIO DEVE IMPEGNARSI DI PIU&#8217;<\/a><\/p><\/blockquote>\n<p><iframe loading=\"lazy\" title=\"&#8220;CROZZA? BENE MA POTREBBE FARE MEGLIO DEVE IMPEGNARSI DI PIU&#8217;&#8221; &#8212; Radio Pi\u00f9\" class=\"wp-embedded-content\" sandbox=\"allow-scripts\" security=\"restricted\" style=\"position: absolute; clip: rect(1px, 1px, 1px, 1px);\" src=\"https:\/\/www.radiopiu.net\/wordpress\/crozza-bene-ma-potrebbe-fare-meglio-deve-impegnarsi-di-piu\/embed\/#?secret=J20Zb1DYgg\" data-secret=\"J20Zb1DYgg\" width=\"600\" height=\"338\" frameborder=\"0\" marginwidth=\"0\" marginheight=\"0\" scrolling=\"no\"><\/iframe><\/p>\n<p>&nbsp;<\/p>\n<hr \/>\n<p>&nbsp;<\/p>\n<p><b>SCUOLA. SCIOPERO GENERALE 8 GIUGNO. DONAZZAN, \u201cSCIOPERARE E\u2019 IL MESSAGGIO PI\u00d9 DISEDUCATIVO\u201d<\/b><\/p>\n<p><strong><a class=\"dt-pswp-item\" href=\"https:\/\/www.radiopiu.net\/wordpress\/wp-content\/uploads\/2020\/04\/DONAZZAN-1.jpg\" data-dt-img-description=\"\" data-large_image_width=\"2048\" data-large_image_height=\"2048\"><img loading=\"lazy\" decoding=\"async\" class=\"size-medium wp-image-133654 alignleft\" src=\"https:\/\/www.radiopiu.net\/wordpress\/wp-content\/uploads\/2020\/04\/DONAZZAN-1-300x300.jpg\" alt=\"\" width=\"300\" height=\"300\" srcset=\"https:\/\/www.radiopiu.net\/wordpress\/wp-content\/uploads\/2020\/04\/DONAZZAN-1-300x300.jpg 300w, https:\/\/www.radiopiu.net\/wordpress\/wp-content\/uploads\/2020\/04\/DONAZZAN-1-1024x1024.jpg 1024w, https:\/\/www.radiopiu.net\/wordpress\/wp-content\/uploads\/2020\/04\/DONAZZAN-1-150x150.jpg 150w, https:\/\/www.radiopiu.net\/wordpress\/wp-content\/uploads\/2020\/04\/DONAZZAN-1-768x768.jpg 768w, https:\/\/www.radiopiu.net\/wordpress\/wp-content\/uploads\/2020\/04\/DONAZZAN-1-1536x1536.jpg 1536w, https:\/\/www.radiopiu.net\/wordpress\/wp-content\/uploads\/2020\/04\/DONAZZAN-1.jpg 2048w\" sizes=\"auto, (max-width: 300px) 100vw, 300px\" \/><\/a>VENEZIA \u00a0<\/strong>\u201c<em>Mi sarei aspettata un sindacato che volesse tornare a scuola, che battesse i pugni per denunciare che per questo governo la scuola \u00e8 stato l\u2019ultimo dei suoi pensieri. Scioperare \u00e8 il messaggio pi\u00f9 diseducativo che si potesse dare in questo frangente, e non ci sono giustificazioni<\/em>\u201d. Questo \u00e8 il commento dell\u2019Assessore Regionale all\u2019Istruzione del Veneto\u00a0Elena Donazzan alla notizia dello sciopero generale della scuola proclamato per il prossimo 8 giugno.\u00a0\u201c<em>Visti i dati si poteva prospettare con tranquillit\u00e0 un rientro a scuola nel mese di giugno per gli studenti degli ultimi anni di tutte le scuole di ogni ordine e grado &#8211; continua\u00a0Donazzan &#8211; si sarebbero cos\u00ec aiutate le famiglie nell\u2019accudimento dei propri figli, anche economicamente visto che la scuola \u00e8 gi\u00e0 pagata: un rientro che avrebbe favorito l\u2019organizzazione dei centri estivi, ma soprattutto che avrebbe permesso ai nostri ragazzi di terza media e quinta superiore e ai nostri bambini di quinta elementare di recuperare un po\u2019 di lacune ed una relazione umana con i propri docenti e compagni di classe<\/em>\u201d.\u00a0\u201c<em>Non accetto si strumentalizzi il tema della sicurezza: tutte le attivit\u00e0 economiche sono ripartite, alcune non sono mai state chiuse, e non capisco come si possa giustificare quindi la non riapertura delle scuole<\/em>\u201d conclude l\u2019Assessore regionale del Veneto.<\/p>\n<p>&nbsp;<\/p>\n<p>&nbsp;<\/p>\n<hr \/>\n<p>&nbsp;<\/p>\n<blockquote>\n<h3>127 STUDENTI FELTRINI SONO DIVENTATI ASPIRANTI DONATORI DI SANGUE<\/h3>\n<\/blockquote>\n<p><strong><a class=\"dt-pswp-item\" href=\"https:\/\/www.radiopiu.net\/wordpress\/wp-content\/uploads\/2020\/05\/IMG-20191026-WA0006.jpg\" data-dt-img-description=\"\" data-large_image_width=\"1600\" data-large_image_height=\"1200\"><img loading=\"lazy\" decoding=\"async\" class=\"size-medium wp-image-141499 alignleft\" src=\"https:\/\/www.radiopiu.net\/wordpress\/wp-content\/uploads\/2020\/05\/IMG-20191026-WA0006-300x225.jpg\" alt=\"\" width=\"300\" height=\"225\" srcset=\"https:\/\/www.radiopiu.net\/wordpress\/wp-content\/uploads\/2020\/05\/IMG-20191026-WA0006-300x225.jpg 300w, https:\/\/www.radiopiu.net\/wordpress\/wp-content\/uploads\/2020\/05\/IMG-20191026-WA0006-1024x768.jpg 1024w, https:\/\/www.radiopiu.net\/wordpress\/wp-content\/uploads\/2020\/05\/IMG-20191026-WA0006-768x576.jpg 768w, https:\/\/www.radiopiu.net\/wordpress\/wp-content\/uploads\/2020\/05\/IMG-20191026-WA0006-1536x1152.jpg 1536w, https:\/\/www.radiopiu.net\/wordpress\/wp-content\/uploads\/2020\/05\/IMG-20191026-WA0006.jpg 1600w\" sizes=\"auto, (max-width: 300px) 100vw, 300px\" \/><\/a>FELTRE\u00a0<\/strong>Sono 127 gli studenti feltrini che sono diventati nuovi aspiranti donatori di sangue. Dopo il grande successo dell\u2019anno scorso, il gruppo giovani dell\u2019associazione feltrina donatori di sangue ha voluto riproporre il \u201cprogetto scuole\u201d allargandolo anche ad altre scuole. Infatti, non solo il Liceo Dal Piaz ma anche l\u2019ITE Colotti, l\u2019Istituto Canossiano e l\u2019Istituto Agrario hanno aperto le loro aule ai giovani donatori per gli incontri di presentazione e promozione.<span class=\"Apple-converted-space\">\u00a0\u00a0<\/span>Il progetto risale a quando nel 2018 l&#8217;associazione dei donatori di sangue di Feltre decide di puntare sulle nuove generazioni. Per questo si punta alle scuole, l\u00ec dove ci sono i cittadini del futuro ed il bacino pi\u00f9 importante di possibili donatori. Il lavoro non \u00e8 facile ma i giovani iniziano ad avvicinarsi consapevoli dell\u2019importanza di un gesto che non \u00e8 pura solidariet\u00e0 ma anche un aiuto alla comunit\u00e0 e alla societ\u00e0.<span class=\"Apple-converted-space\">\u00a0\u00a0<\/span>C\u2019\u00e8 stata una prima fase di sensibilizzazione all\u2019interno delle classi con una presentazione riguardo alla donazione e una testimonianza motivazionale. <a class=\"dt-pswp-item\" href=\"https:\/\/www.radiopiu.net\/wordpress\/wp-content\/uploads\/2020\/05\/IMG-20191209-WA0007.jpg\" data-dt-img-description=\"\" data-large_image_width=\"1600\" data-large_image_height=\"1200\"><img loading=\"lazy\" decoding=\"async\" class=\"size-medium wp-image-141500 alignright\" src=\"https:\/\/www.radiopiu.net\/wordpress\/wp-content\/uploads\/2020\/05\/IMG-20191209-WA0007-300x225.jpg\" alt=\"\" width=\"300\" height=\"225\" srcset=\"https:\/\/www.radiopiu.net\/wordpress\/wp-content\/uploads\/2020\/05\/IMG-20191209-WA0007-300x225.jpg 300w, https:\/\/www.radiopiu.net\/wordpress\/wp-content\/uploads\/2020\/05\/IMG-20191209-WA0007-1024x768.jpg 1024w, https:\/\/www.radiopiu.net\/wordpress\/wp-content\/uploads\/2020\/05\/IMG-20191209-WA0007-768x576.jpg 768w, https:\/\/www.radiopiu.net\/wordpress\/wp-content\/uploads\/2020\/05\/IMG-20191209-WA0007-1536x1152.jpg 1536w, https:\/\/www.radiopiu.net\/wordpress\/wp-content\/uploads\/2020\/05\/IMG-20191209-WA0007.jpg 1600w\" sizes=\"auto, (max-width: 300px) 100vw, 300px\" \/><\/a>In seguito alla raccolta delle adesioni e grazie alla disponibilit\u00e0 della primaria Ersilia Barbone, i ragazzi si sono recati presso il Centro trasfusionale dell\u2019ospedale di Feltre per verificare l\u2019idoneit\u00e0 alla donazione.\u00a0Purtroppo, non \u00e8 stato possibile completare tutti gli impegni che erano stati calendarizzati e, causa Covid-19, gli incontri previsti in altri istituti superiori del Feltrino sono stati rinviati.<span class=\"Apple-converted-space\">\u00a0\u00a0<\/span>Tuttavia, nonostante le tristi vicissitudini degli ultimi mesi, in questi giorni sono state portate a termine le ultime visite mediche di idoneit\u00e0 e il \u201cprogetto-scuole\u201d si \u00e8 concluso anzitempo ma con ottimi risultati. Con la speranza di poter tornare a promuovere la donazione, l\u2019Associazione ringrazia per la disponibilit\u00e0 e per l\u2019impegno i dirigenti scolastici e i professori che hanno contribuito alla realizzazione di questo progetto.<\/p>\n<p>&nbsp;<\/p>\n<p>&nbsp;<\/p>\n<hr \/>\n<p>&nbsp;<\/p>\n<blockquote>\n<h3>OLTRE TRENTA ELABORATI PER IL LOGO DEL FONDO WELFARE, A BREVE SAR\u00c0 SELEZIONATO IL VINCITORE<\/h3>\n<\/blockquote>\n<p><strong><a class=\"dt-pswp-item\" href=\"https:\/\/www.radiopiu.net\/wordpress\/wp-content\/uploads\/2019\/06\/Francesca-De-Biasi.jpg\" data-dt-img-description=\"\" data-large_image_width=\"3456\" data-large_image_height=\"5184\"><img loading=\"lazy\" decoding=\"async\" class=\"size-medium wp-image-88925 alignleft\" src=\"https:\/\/www.radiopiu.net\/wordpress\/wp-content\/uploads\/2019\/06\/Francesca-De-Biasi-200x300.jpg\" alt=\"\" width=\"200\" height=\"300\" srcset=\"https:\/\/www.radiopiu.net\/wordpress\/wp-content\/uploads\/2019\/06\/Francesca-De-Biasi-200x300.jpg 200w, https:\/\/www.radiopiu.net\/wordpress\/wp-content\/uploads\/2019\/06\/Francesca-De-Biasi-768x1152.jpg 768w, https:\/\/www.radiopiu.net\/wordpress\/wp-content\/uploads\/2019\/06\/Francesca-De-Biasi-683x1024.jpg 683w\" sizes=\"auto, (max-width: 200px) 100vw, 200px\" \/><\/a>BELLUNO\u00a0<\/strong>Partecipazione oltre le attese: sono circa una trentina gli elaborati giunti in Provincia per il concorso di idee per il logo del Fondo Welfare e Identit\u00e0 Territoriale. La commissione individuata dal consiglio del Fondo ha aperto ieri le buste arrivate da una decina di scuole. Nelle prossime settimane i componenti provvederanno a una prima selezione dei progetti che saranno ritenuti pi\u00f9 interessanti e in linea con le richieste del bando.\u00a0Il concorso era rivolto ai ragazzi delle scuole bellunesi (in particolare a coloro che frequentano gli ultimi tre anni delle superiori). E chiedeva di rappresentare graficamente il messaggio chiave del Fondo, con riferimenti precisi a concetti come cittadinanza attiva, solidariet\u00e0, attaccamento al territorio e identit\u00e0 territoriale.\u00a0\u00ab<em>Siamo rimasti particolarmente colpiti, e stupiti di fronte alla grande partecipazione. Questo significa che i giovani bellunesi e le scuole hanno colto in pieno lo spirito del concorso di idee e anche del Fondo<\/em>\u00bb commenta Francesca De Biasi, che presiede l\u2019organismo provinciale, nato per iniziativa di Provincia, sindacati, associazioni di categoria, Diocesi, Consorzio Comuni Bim Piave, Conferenza dei sindaci, Comitato d\u2019Intesa, Scuole in Rete e Aics, con l\u2019obiettivo preciso di contrastare lo spopolamento della montagna bellunese. \u00ab<em>Gli elaborati che sono arrivati sono tutti degni di nota. Presentano chiari riferimenti alla montagna e all\u2019attaccamento al territorio, ed evidenziano un lavoro accurato e meditato. Non sar\u00e0 facile scegliere tra questi il logo che rappresenter\u00e0 il Fondo Welfare. Proprio per questo abbiamo deciso di procedere con una selezione di cinque elaborati, da parte del consiglio. Poi, in un secondo momento, una giuria composta da me, dal presidente della Provincia e dal direttore della Dmo Dolomiti per quanto riguarda il messaggio promozionale, selezioner\u00e0 il progetto vincitore. Tutti gli elaborati per\u00f2 saranno oggetto di una mostra che abbiamo intenzione di organizzare nelle sale di Palazzo Piloni. Fin da ora ringrazio tutti coloro che hanno partecipato, con grande entusiasmo e passione<\/em>\u00bb.\u00a0Oltre al concorso di idee, il Fondo Welfare ha concluso proprio in questi giorni il questionario sull\u2019attaccamento territoriale lanciato qualche mese fa. \u00ab<em>Abbiamo raccolto oltre 1.600 risposte &#8211; conclude De Biasi -. Adesso elaboreremo i dati e avremo modo di capire quali sono gli elementi di debolezza e di forza del nostro territorio, per impostare le politiche antispopolamento che il Fondo pu\u00f2 mettere in campo<\/em>\u00bb.<\/p>\n<p>&nbsp;<\/p>\n<p>&nbsp;<\/p>\n<hr \/>\n<p>&nbsp;<\/p>\n<blockquote>\n<h3>ANTICIPI DEL FIRR PER SUPERARE LA CRISI<\/h3>\n<\/blockquote>\n<p><strong><a class=\"dt-pswp-item\" href=\"https:\/\/www.radiopiu.net\/wordpress\/wp-content\/uploads\/2018\/06\/Roccon-Franco.jpg\" data-dt-img-description=\"\" data-large_image_width=\"402\" data-large_image_height=\"483\"><img loading=\"lazy\" decoding=\"async\" class=\"size-medium wp-image-52102 alignleft\" src=\"https:\/\/www.radiopiu.net\/wordpress\/wp-content\/uploads\/2018\/06\/Roccon-Franco-250x300.jpg\" alt=\"\" width=\"250\" height=\"300\" srcset=\"https:\/\/www.radiopiu.net\/wordpress\/wp-content\/uploads\/2018\/06\/Roccon-Franco-250x300.jpg 250w, https:\/\/www.radiopiu.net\/wordpress\/wp-content\/uploads\/2018\/06\/Roccon-Franco.jpg 402w\" sizes=\"auto, (max-width: 250px) 100vw, 250px\" \/><\/a>BELLUNO \u00a0<\/strong><span style=\"color: #222222;\"><span style=\"font-family: Arial, Helvetica, sans-serif;\"><span style=\"font-size: medium;\">Anticipi del Firr per far fronte alla pandemia. Usarci e Fondazione Enasarco raggiungono un&#8217;intesa per aiutare gli agenti e i rappresentanti di commercio a superare la crisi. Perch\u00e8 la pandemia che ha messo in ginocchio l&#8217;economia non ha risparmiato, naturalmente, nemmeno la categoria strettamente legata all&#8217;andamento del commercio e delle imprese. E cos\u00ec dopo mesi di fermo totale e settimane di spostamenti per necessit\u00e0 limitati, oggi dai sindacati arriva una notizia che potrebbe portare una boccata d&#8217;ossigeno a molte famiglie.\u00a0<\/span><\/span><\/span><span style=\"color: #222222;\"><span style=\"font-family: Arial, Helvetica, sans-serif;\"><span style=\"font-size: medium;\">Per far fronte al momento difficile, infatti, Usarci insieme alle rappresentanze di categoria degli agenti, ha raggiunto un accordo con la Fondazione Enasarco: sar\u00e0 possibile chiedere un\u2019anticipazione del Fondo Indennit\u00e0 Risoluzione Rapporto (FIRR), accantonamento che l\u2019azienda mandante fa nei confronti dell\u2019agente, depositato all\u2019Enasarco e da quest\u2019ultima gestito fino al momento della chiusura del contratto dell\u2019agente. \u201c<em>E&#8217; un grande risultato \u2013 commenta il presidente di Usarci Veneto e Belluno Franco Roccon \u2013 frutto di un lavoro di squadra e di una comunanza d&#8217;intenti. L&#8217;economia deve ripartire, ma c&#8217;\u00e8 bisogno di una spinta perch\u00e8 il re \u2013 start possa ingranare la quart<\/em>a\u201d.\u00a0<\/span><\/span><\/span><span style=\"color: #222222;\"><span style=\"font-family: Arial, Helvetica, sans-serif;\"><span style=\"font-size: medium;\">Gli agenti e i rappresentanti di commercio potranno chiedere un anticipo del Firr, senza quindi dover aspettare la conclusione del loro contratto, fino ad un massimo del 30% dell\u2019accantonamento totale, pari a circa 450 milioni di euro. Per informazioni rivolgersi alla sede Usarci di riferimento.<\/span><\/span><\/span><\/p>\n<p>&nbsp;<\/p>\n<p>&nbsp;<\/p>\n<hr \/>\n<p>&nbsp;<\/p>\n<blockquote>\n<h3>PICCOLI COMUNI: LA STRAORDINARIA FORZA DEI PAESI CHE FANNO IL PAESE. PICCOLI, MA DETERMINANTI<\/h3>\n<\/blockquote>\n<p><strong><a class=\"dt-pswp-item\" href=\"https:\/\/www.radiopiu.net\/wordpress\/wp-content\/uploads\/2020\/04\/UNCEM.jpg\" data-dt-img-description=\"\" data-large_image_width=\"500\" data-large_image_height=\"500\"><img loading=\"lazy\" decoding=\"async\" class=\"size-medium wp-image-133399 alignleft\" src=\"https:\/\/www.radiopiu.net\/wordpress\/wp-content\/uploads\/2020\/04\/UNCEM-300x300.jpg\" alt=\"\" width=\"300\" height=\"300\" srcset=\"https:\/\/www.radiopiu.net\/wordpress\/wp-content\/uploads\/2020\/04\/UNCEM-300x300.jpg 300w, https:\/\/www.radiopiu.net\/wordpress\/wp-content\/uploads\/2020\/04\/UNCEM-150x150.jpg 150w, https:\/\/www.radiopiu.net\/wordpress\/wp-content\/uploads\/2020\/04\/UNCEM.jpg 500w\" sizes=\"auto, (max-width: 300px) 100vw, 300px\" \/><\/a>ROMA<\/strong> Il 92% dei prodotti enogastronomici tipici italiani ha il suo domicilio in piccoli Comuni, mentre i servizi ecosistemici (che secondo stime attendibili valgono 93 miliardi di euro l&#8217;anno, quasi il 5% del PIL) presentano nei piccoli Comuni densit\u00e0 pi\u00f9 alte: 3.500 euro l&#8217;ettaro contro una media di 3.000. La politica dei cammini \u00e8 di quelle che cercano di fare sintesi: quasi due terzi dei Comuni interessati da questa politica sono piccoli Comuni: 944 dei 1.434 incontrati dai Cammini.\u00a0La densit\u00e0 imprenditoriale nei piccoli Comuni italiani \u00e8 di 10,4 imprese per 100 residenti\u00a0contro una media del Paese di 8,5.\u00a0\u00a0Evidenti per\u00f2 alcune carenze strutturali dei servizi. In particolare, la penalizzazione dei piccoli Comuni nella\u00a0diffusione della Banda ultralarga si presenta in proporzioni davvero gravi al 2018: con il 17,4% delle utenze servite contro una media nazionale del 66,9. Sul fronte dei livelli di istruzione, nei piccoli Comuni si contano appena 7,1 laureati per 100 abitanti contro una media nazionale del 10,8 peraltro assolutamente insoddisfacente rispetto ai livelli dei paesi Ocse.\u00a0Sono alcuni numeri dei\u00a05.552 piccoli Comuni italiani\u00a0(meno di 5mila abitanti), il 69,7% dei 7.960 Comuni del Paese.\u00a0Questa rete \u00e8 al centro domani della\u00a0Festa dei piccoli Comuni &#8220;Voler bene all&#8217;Italia&#8221;, promossa da Legambiente, Uncem, Fondazione Symbola. Questa rete offre numerose esperienze di innovazione che disegnano i contorni di un possibile cambio di passo verso un futuro di benessere e sostenibilit\u00e0, capace di disegnare un argine allo storico abbandono, invecchiamento e spopolamento dei piccoli centri. Considerando che\u00a0in questi luoghi si conta al 2030 un anziano ogni tre persone e tre anziani per ogni bambino\u00a0ma anche una casa vuota ogni due occupate: solo il 15% di quelle disponibili ospiterebbero 300mila abitanti, e le opere di adeguamento edilizie potrebbero valere 2 miliardi di euro nella rigenerazione e decine di migliaia di nuovi addetti. Inoltre,\u00a0utilizzando un quarto delle superfici coltivate abbandonate negli ultimi 20 anni, avremmo 125 mila nuove aziende agricole di 12 ettari ciascuna, assecondando un gi\u00e0 marcato ritorno all&#8217;agricoltura di eccellenza italiana.<\/p>\n<p>&nbsp;<\/p>\n<p>&nbsp;<\/p>\n<hr \/>\n<p>&nbsp;<\/p>\n<div class=\"page-title-head hgroup\">\n<blockquote>\n<h3 class=\"entry-title\">EVASIONE FISCALE IN CALO: \u201cGRAZIE\u201d AL LOCKDOWN 27,5 MILIARDI IN MENO<\/h3>\n<\/blockquote>\n<\/div>\n<div class=\"page-title-breadcrumbs\">\n<p class=\"photoswipe-wrapper\"><a class=\"dt-pswp-item pspw-wrap-ready\" href=\"https:\/\/i0.wp.com\/www.radiopiu.net\/wordpress\/wp-content\/uploads\/2020\/05\/Schermata-2020-05-30-alle-09.53.51.png?ssl=1\" data-dt-img-description=\"\" data-large_image_width=\"1310\" data-large_image_height=\"1568\"><img loading=\"lazy\" decoding=\"async\" class=\"size-medium wp-image-141440 alignleft jetpack-lazy-image jetpack-lazy-image--handled\" src=\"https:\/\/i0.wp.com\/www.radiopiu.net\/wordpress\/wp-content\/uploads\/2020\/05\/Schermata-2020-05-30-alle-09.53.51.png?resize=251%2C300&amp;ssl=1\" sizes=\"auto, (max-width: 251px) 100vw, 251px\" srcset=\"https:\/\/i0.wp.com\/www.radiopiu.net\/wordpress\/wp-content\/uploads\/2020\/05\/Schermata-2020-05-30-alle-09.53.51.png?resize=251%2C300&amp;ssl=1 251w, https:\/\/i0.wp.com\/www.radiopiu.net\/wordpress\/wp-content\/uploads\/2020\/05\/Schermata-2020-05-30-alle-09.53.51.png?resize=856%2C1024&amp;ssl=1 856w, https:\/\/i0.wp.com\/www.radiopiu.net\/wordpress\/wp-content\/uploads\/2020\/05\/Schermata-2020-05-30-alle-09.53.51.png?resize=768%2C919&amp;ssl=1 768w, https:\/\/i0.wp.com\/www.radiopiu.net\/wordpress\/wp-content\/uploads\/2020\/05\/Schermata-2020-05-30-alle-09.53.51.png?resize=1283%2C1536&amp;ssl=1 1283w, https:\/\/i0.wp.com\/www.radiopiu.net\/wordpress\/wp-content\/uploads\/2020\/05\/Schermata-2020-05-30-alle-09.53.51.png?w=1310&amp;ssl=1 1310w\" alt=\"\" width=\"251\" height=\"300\" data-recalc-dims=\"1\" data-lazy-loaded=\"1\" \/><\/a>Dopo 3 mesi di lockdown che ha interessato la gran parte delle piccole e piccolissime attivit\u00e0 economiche presenti nel Paese, a esultare sarebbe il fisco che avrebbe visto \u201cdiminuire\u201d di 27,5 miliardi di euro l\u2019evasione fiscale presente nel Paese<\/p>\n<p>La provocazione, perch\u00e9 di questo stiamo parlando, \u00e8 sollevata dall\u2019Ufficio studi della CGIA che \u00e8 giunta a questo risultato economico, partendo da una considerazione molto diffusa tra l\u2019opinione pubblica. Ovvero, che il popolo degli evasori presente in Italia \u00e8 costituito quasi esclusivamente da lavoratori autonomi.<\/p>\n<p>L\u2019evasione da 110 scende a 82,5 miliardi<br \/>\nSecondo le stime del Ministero dell\u2019Economia e delle Finanze, in Italia ci sarebbero circa 110 miliardi di evasione fiscale all\u2019anno. Molti osservatori ritengono che questo mancato gettito sia riconducibile in massima parte ad attivit\u00e0 caratterizzate da un rapporto commerciale diretto con il cliente finale come nel caso di molti edili, dipintori, idraulici, elettricisti, orafi, parrucchieri, estetisti, baristi, ristoratori, piccoli commercianti, etc. Basandoci su queste considerazioni e sul fatto che questi 3 mesi di chiusura hanno interessato proprio tali attivit\u00e0, possiamo affermare con buona approssimazione che l\u2019evasione fiscale sia diminuita del 25 per cento: ovvero di 27,5 miliardi di euro, facendo scendere a 82,5 miliardi l\u2019ammontare complessivo del mancato gettito. Un risultato che, ovviamente, non ha alcun rigore scientifico, ma serve a lanciare una provocazione e, allo stesso tempo, contestare una tesi che, purtroppo, sta ingiustamente etichettando la categoria del lavoro autonomo.<\/p>\n<p>Dichiara il coordinatore dell\u2019Ufficio studi Paolo Zabeo: \u201cAdditati da sempre come gli affamatori del popolo, non \u00e8 da escludere che nei prossimi mesi, quando questa depressione economica sfocer\u00e0 in una probabile crisi sociale, gli autonomi saranno chiamati a pagare il conto. In attesa che arrivino i soldi del Recovery fund, quasi sicuramente inizier\u00e0 una campagna contro gli evasori fiscali, con l\u2019obbiettivo di colpire, in modo particolare, gli artigiani, i commercianti e le partite Iva. Le prime avvisaglie ci sono gi\u00e0, visto che autorevoli opinion leader hanno cominciato a invocare la democrazia della ricevuta. Sia chiaro, l\u2019evasione\/elusione va contrastata ovunque essa si annidi, sia tra chi non emette lo scontrino sia fra coloro che, grazie ad operazioni societarie eticamente molto discutibili, hanno spostato la sede nei paesi a fiscalit\u00e0 di vantaggio. Tuttavia, non dobbiamo generalizzare e tanto meno colpire nel mucchio, anche perch\u00e9 gli strumenti per combattere chi non versa le imposte ci sono e da molto tempo\u201d.<\/p>\n<p>Il segretario della CGIA Renato Mason dichiara: \u201cGrandi o piccoli che siano, gli evasori vanno perseguiti ovunque si nascondano. Tuttavia, se il nostro fisco fosse meno esigente, lo sforzo richiesto sarebbe pi\u00f9 contenuto e probabilmente ne trarrebbe beneficio anche l\u2019Erario. Con una pressione fiscale pi\u00f9 contenuta, molti di quelli che oggi sono evasori marginali diventerebbero dei contribuenti onesti. Ricordo che la nostra giustizia civile \u00e8 lentissima, la burocrazia ha raggiunto livelli ormai inaccettabili e la Pubblica amministrazione rimane la peggiore pagatrice d\u2019Europa. Nonostante queste inefficienze, la richiesta del nostro fisco si colloca su livelli elevatissimi e, per tali ragioni, appare del tutto ingiustificata\u201d.<\/p>\n<p>In Italia la pressione fiscale sulle imprese \u00e8 al 59,1 per cento. In UE solo i francesi sono pi\u00f9 tartassati di noi<br \/>\nSebbene sia una comparazione che va analizzata con molta prudenza, secondo gli ultimi dati della Banca Mondiale (Doing Business), solo la Francia (60,7) presenta un carico fiscale sulle imprese (in percentuale sui profitti commerciali) superiore al dato Italia (59,1). Se la media dell\u2019Area Euro \u00e8 pari al 42,8 per cento (16,3 punti in meno che da noi), la Germania registra il 48,8 per cento e la Spagna il 47 per cento. Per ciascun paese esaminato, questa elaborazione fa riferimento ad una media impresa (societ\u00e0 a responsabilit\u00e0 limitata) con circa 60 addetti e alle imposte pagate nell\u2019anno 2018, al secondo anno di vita dell\u2019impresa (ovvero nata nel 2017). L\u2019incidenza del totale delle imposte sui profitti commerciali registrata dall\u2019Italia nel 2018 (59,1 per cento) \u00e8 abbastanza in linea con il dato del 2015 (62 per cento). Nei due anni intermedi (biennio 2016 e 2017) si \u00e8 registrata un\u2019incidenza sensibilmente inferiore (rispettivamente del 48 e del 53,1), riconducibile all\u2019effetto dell\u2019introduzione di alcune misure temporanee che hanno alleggerito il costo del lavoro, in particolar modo dei neoassunti con un contratto di lavoro a tempo indeterminato (vedi Tab.1).<\/p>\n<p><strong>Il fisco possiede tutti gli strumenti per debellare l\u2019evasione<\/strong><br \/>\nL\u2019Ufficio studi della CGIA ricorda che i circa 110 miliardi di evasione fiscale e contributiva denunciati dal Ministero dell\u2019Economia e delle Finanze sono pressoch\u00e9 stabili da almeno 10 anni, mentre nello stesso periodo l\u2019Amministrazione finanziaria ha visto aumentare notevolmente il numero di strumenti a disposizione per contrastare l\u2019evasione delle imposte.<\/p>\n<p><strong>In estrema sintesi, le principali misure a disposizione degli 007 del fisco sono:<\/strong><\/p>\n<ul>\n<li>abolizione del segreto bancario;<\/li>\n<li>anagrafe dei rapporti finanziari costituita tramite il periodico invio all\u2019Anagrafe tributaria dei saldi dei rapporti finanziari dei contribuenti;<\/li>\n<li>Serpico super cervellone del fisco, che utilizza le varie informazioni raccolte sui contribuenti, l\u2019Agenzia delle Entrate utilizzer\u00e0 anche tecnologie avanzate per elaborarle, sfruttando le interconnessioni tra i dati contenuti nell\u2019Anagrafe dei rapporti finanziari e le altre banche dati di cui dispone;<\/li>\n<li>obbligo di comunicare mensilmente all\u2019UIF (Unit\u00e0 di Informazione Finanziaria) le movimentazioni di denaro contante di importo pari o superiore a 10.000 euro;<\/li>\n<li>Indici Sintetici di affidabilit\u00e0 fiscale;<\/li>\n<li>redditometro (accertamento sintetico sulla base del confronto tra reddito dichiarato e spese sostenute);<\/li>\n<li>metodologie di controllo delle PMI e dei lavoratori autonomi;<\/li>\n<li>117 (numero di pubblica utilit\u00e0 della Guardia di Finanza);<\/li>\n<li>trasmissione telematica dei corrispettivi all\u2019Agenzia delle Entrate;<\/li>\n<li>fattura elettronica;<\/li>\n<li>split payment nel caso di fatturazione verso le Pubbliche Amministrazioni, sono queste che trattengono l\u2019IVA e la versano direttamente all\u2019erario;<br \/>\nreverse charge meccanismo in base al quale \u00e8 l\u2019acquirente o il committente a versare l\u2019IVA;<\/li>\n<li>limite all\u2019utilizzo del contante pari a 2.999\u20ac, dal 1 luglio 2020 verr\u00e0 ridotto a 1.999\u20ac e dal 1 gennaio 2022 scender\u00e0 a 1.000\u20ac;<\/li>\n<li>obbligo di pagamento con strumenti tracciabili degli oneri detraibili ai fini IRPEF (ad eccezione delle spese sanitarie) per poterle detrarre nella dichiarazione dei redditi;<\/li>\n<li>controllo automatizzato delle dichiarazioni fiscali e del corretto assolvimento dell\u2019imposta di bollo;<\/li>\n<li>in caso di lavori superiori a 200.000 euro, i committenti hanno l\u2019obbligo di verificare il corretto versamento delle ritenute dei dipendenti delle imprese appaltatrici;<\/li>\n<li>ritenuta d\u2019acconto operata sui bonifici per il pagamento delle spese relative a interventi sul patrimonio edilizio e risparmio energetico;<\/li>\n<li>per essere effettuata la compensazione dei debiti tributari con crediti di importo superiore a 5.000\u20ac \u00e8 necessaria la certificazione dei crediti da parte di un professionista;<\/li>\n<li>esterometro: invio telematico (trimestrale) all\u2019Agenzia delle Entrate dei dati relativi alle operazioni economiche con soggetti non residenti;<\/li>\n<li>comunicazione trimestrale all\u2019Agenzia delle Entrate dei dati relativi alla liquidazione periodica IVA.<\/li>\n<\/ul>\n<p><strong>Tra lettere di compliance, accertamenti e controlli sono interessate quasi 2 milioni di imprese<\/strong><br \/>\nOltre che attraverso gli strumenti appena elencati, il fisco pu\u00f2 contrastare l\u2019evasione anche mediante le attivit\u00e0 di controllo, di verifica e di accertamento che le Agenzie fiscali e la Guardia di Finanza svolgono quotidianamente. Nel 2018 (ultimo dato disponibile) l\u2019Amministrazione finanziaria ha inviato:<br \/>\n\u2022\u00a0\u00a0\u00a0\u00a0\u00a0\u00a0\u00a0 oltre 1.900.000 lettere per l\u2019attivazione della compliance (richieste di chiarimenti su irregolarit\u00e0 riscontrate o potenziali).<\/p>\n<p>Inoltre, sono stati effettuati:<br \/>\n\u2022\u00a0\u00a0\u00a0\u00a0\u00a0\u00a0\u00a0 quasi 152.500 accertamenti ordinari[1] nei confronti delle imprese;<\/p>\n<p>\u2022\u00a0\u00a0\u00a0\u00a0\u00a0\u00a0\u00a0 quasi 252.000 accertamenti parziali automatizzati[2];<\/p>\n<p>\u2022\u00a0\u00a0\u00a0\u00a0\u00a0\u00a0\u00a0 quasi 521.000 controlli strumentali[3] effettuati dalla Guardia di Finanza.<\/p>\n<p>&nbsp;<\/p>\n<p>&nbsp;<\/p>\n<hr \/>\n<p>&nbsp;<\/p>\n<blockquote>\n<h3>RIAPERTURA<span class=\"Apple-converted-space\">\u00a0 <\/span>MUSEO DELLE ZOCHE, DELLA TARSIA E DELLE STAMPE ANTICHE<\/h3>\n<\/blockquote>\n<p><a class=\"dt-pswp-item\" href=\"https:\/\/www.radiopiu.net\/wordpress\/wp-content\/uploads\/2020\/05\/P5300063-scaled.jpg\" data-dt-img-description=\"OLYMPUS DIGITAL CAMERA\" data-large_image_width=\"2560\" data-large_image_height=\"1920\"><img loading=\"lazy\" decoding=\"async\" class=\"wp-image-141522 size-medium alignleft\" src=\"https:\/\/www.radiopiu.net\/wordpress\/wp-content\/uploads\/2020\/05\/P5300063-300x225.jpg\" alt=\"\" width=\"300\" height=\"225\" srcset=\"https:\/\/www.radiopiu.net\/wordpress\/wp-content\/uploads\/2020\/05\/P5300063-300x225.jpg 300w, https:\/\/www.radiopiu.net\/wordpress\/wp-content\/uploads\/2020\/05\/P5300063-1024x768.jpg 1024w, https:\/\/www.radiopiu.net\/wordpress\/wp-content\/uploads\/2020\/05\/P5300063-768x576.jpg 768w, https:\/\/www.radiopiu.net\/wordpress\/wp-content\/uploads\/2020\/05\/P5300063-1536x1152.jpg 1536w, https:\/\/www.radiopiu.net\/wordpress\/wp-content\/uploads\/2020\/05\/P5300063-2048x1536.jpg 2048w\" sizes=\"auto, (max-width: 300px) 100vw, 300px\" \/><\/a><strong>SAN GREGORIO NELLE ALPI\u00a0<\/strong>Dopo il periodo di chiusura invernale e per il Corona Virus riaprir\u00e0 domenica 7 giugno 2020 il Museo delle Zoche, della Tarsia e della stampe antiche di San Gregorio nelle Alpi. Nelle domeniche pomeriggio dalle 15 alle 18 il visitatore potr\u00e0 ammirare le oltre trecento opere di appassionati della lavorazione del legno, esposte nelle varie edizioni delle Mostre delle Zoche<span class=\"Apple-converted-space\">\u00a0 <\/span>svoltesi nel corso degli anni a partire dal 1970. La Sala Merlin del pianoterra ospita un centinaio di stampe antiche donate dal conte Damiano Miari Fulcis. Si trovano tra l\u2019altro realizzazioni di artisti, incisori, editori e tipografi dal 1500 fino al 1800. Novit\u00e0 di quest\u2019anno la presenza del cammello Mustaf\u00e0 imponente opera dello scultore Giancarlo Cassol di Santa Giustina ma originario di San Gregorio nelle Alpi. E\u2019<span class=\"Apple-converted-space\">\u00a0 <\/span>in legno di tiglio, pesa circa 230 kg. ed \u00e8 il frutto di due anni di lavoro. L\u2019artista lo ha donato al Museo e alla comunit\u00e0 delle sue origini. Comitive e gruppi potranno visitare il Museo anche fuori orario di apertura telefonando al 338 8375256 o 0437 800018.<\/p>\n<p>&nbsp;<\/p>\n<p>&nbsp;<\/p>\n<hr \/>\n<p>&nbsp;<\/p>\n<\/div>\n<h2>IERI ALLA RADIO<\/h2>\n<h3><span style=\"color: #0000ff;\">LA RASSEGNA STAMPA DALL&#8217;AMICO DEL POPOLO di Gianni Santomaso<\/span><\/h3>\n<p><strong>Ospite: Danilo De Toni Sindaco di Alleghe<\/strong><\/p>\n<audio class=\"wp-audio-shortcode\" id=\"audio-141487-7\" preload=\"none\" style=\"width: 100%;\" controls=\"controls\"><source type=\"audio\/mpeg\" src=\"https:\/\/www.radiopiu.net\/wordpress\/wp-content\/uploads\/2020\/05\/RASSEGNA-GIANNI-3.mp3?_=7\" \/><a href=\"https:\/\/www.radiopiu.net\/wordpress\/wp-content\/uploads\/2020\/05\/RASSEGNA-GIANNI-3.mp3\">https:\/\/www.radiopiu.net\/wordpress\/wp-content\/uploads\/2020\/05\/RASSEGNA-GIANNI-3.mp3<\/a><\/audio>\n<p>&nbsp;<\/p>\n<h3><span style=\"color: #ff00ff;\">LA BELLA SCRITTURA di Paola Lanciato\u00a0<\/span><\/h3>\n<audio class=\"wp-audio-shortcode\" id=\"audio-141487-8\" preload=\"none\" style=\"width: 100%;\" controls=\"controls\"><source type=\"audio\/mpeg\" src=\"https:\/\/www.radiopiu.net\/wordpress\/wp-content\/uploads\/2020\/05\/La-bella-scrittura.mp3?_=8\" \/><a href=\"https:\/\/www.radiopiu.net\/wordpress\/wp-content\/uploads\/2020\/05\/La-bella-scrittura.mp3\">https:\/\/www.radiopiu.net\/wordpress\/wp-content\/uploads\/2020\/05\/La-bella-scrittura.mp3<\/a><\/audio>\n<blockquote class=\"wp-embedded-content\" data-secret=\"jVGXndwLOr\"><p><a href=\"https:\/\/www.radiopiu.net\/wordpress\/le-curiosita-di-paola-lanciato-dai-giorni-della-quarantena\/\">LE CURIOSITA&#8217; DI PAOLA LANCIATO DAI GIORNI DELLA QUARANTENA<\/a><\/p><\/blockquote>\n<p><iframe loading=\"lazy\" title=\"&#8220;LE CURIOSITA&#8217; DI PAOLA LANCIATO DAI GIORNI DELLA QUARANTENA&#8221; &#8212; Radio Pi\u00f9\" class=\"wp-embedded-content\" sandbox=\"allow-scripts\" security=\"restricted\" style=\"position: absolute; clip: rect(1px, 1px, 1px, 1px);\" src=\"https:\/\/www.radiopiu.net\/wordpress\/le-curiosita-di-paola-lanciato-dai-giorni-della-quarantena\/embed\/#?secret=jVGXndwLOr\" data-secret=\"jVGXndwLOr\" width=\"600\" height=\"338\" frameborder=\"0\" marginwidth=\"0\" marginheight=\"0\" scrolling=\"no\"><\/iframe><\/p>\n<h3><span style=\"color: #ff6600;\">DUE MINUTI UN LIBRO<\/span><\/h3>\n<blockquote class=\"wp-embedded-content\" data-secret=\"dW6mUUfI6f\"><p><a href=\"https:\/\/www.radiopiu.net\/wordpress\/aria-di-novita-2\/\">ARIA DI NOVITA&#8217;<\/a><\/p><\/blockquote>\n<p><iframe loading=\"lazy\" title=\"&#8220;ARIA DI NOVITA&#8217;&#8221; &#8212; Radio Pi\u00f9\" class=\"wp-embedded-content\" sandbox=\"allow-scripts\" security=\"restricted\" style=\"position: absolute; clip: rect(1px, 1px, 1px, 1px);\" src=\"https:\/\/www.radiopiu.net\/wordpress\/aria-di-novita-2\/embed\/#?secret=dW6mUUfI6f\" data-secret=\"dW6mUUfI6f\" width=\"600\" height=\"338\" frameborder=\"0\" marginwidth=\"0\" marginheight=\"0\" scrolling=\"no\"><\/iframe><\/p>\n<p><strong>LE ALTRE PUNTATE<\/strong><\/p>\n<blockquote class=\"wp-embedded-content\" data-secret=\"ojr31we3Gg\"><p><a href=\"https:\/\/www.radiopiu.net\/wordpress\/due-minuti-un-libro\/\">Due minuti un libro<\/a><\/p><\/blockquote>\n<p><iframe loading=\"lazy\" title=\"&#8220;Due minuti un libro&#8221; &#8212; Radio Pi\u00f9\" class=\"wp-embedded-content\" sandbox=\"allow-scripts\" security=\"restricted\" style=\"position: absolute; clip: rect(1px, 1px, 1px, 1px);\" src=\"https:\/\/www.radiopiu.net\/wordpress\/due-minuti-un-libro\/embed\/#?secret=ojr31we3Gg\" data-secret=\"ojr31we3Gg\" width=\"600\" height=\"338\" frameborder=\"0\" marginwidth=\"0\" marginheight=\"0\" scrolling=\"no\"><\/iframe><\/p>\n<h3><span style=\"color: #339966;\">AGORDINOMERON<\/span><\/h3>\n<p><iframe loading=\"lazy\" class=\"wp-embedded-content\" title=\"\u201cAGORDINOMERON, IL TERRITORIO SI RACCONTA Da un\u2019idea di Gianni Santomaso\u201d \u2014 Radio Pi\u00f9\" src=\"https:\/\/www.radiopiu.net\/wordpress\/agordinomeron\/embed\/#?secret=reBo4EBEDc\" width=\"600\" height=\"346\" frameborder=\"0\" marginwidth=\"0\" marginheight=\"0\" scrolling=\"no\" sandbox=\"allow-scripts\" data-secret=\"reBo4EBEDc\" data-mce-fragment=\"1\"><\/iframe><\/p>\n<h3><span style=\"color: #800080;\">IL MESSAGGIO DEI PARROCI A RADIO PIU\u2019<\/span><\/h3>\n<p><iframe loading=\"lazy\" class=\"wp-embedded-content\" title=\"\u201cDON CESARE SU RADIO PIU\u2019 ALLE 7.30 E 19.30, PARROCCHIE DI AGORDO, LA VALLE E TAIBON\u201d \u2014 Radio Pi\u00f9\" src=\"https:\/\/www.radiopiu.net\/wordpress\/chiesa\/embed\/#?secret=Ne8GQCbR7P\" width=\"600\" height=\"381\" frameborder=\"0\" marginwidth=\"0\" marginheight=\"0\" scrolling=\"no\" sandbox=\"allow-scripts\" data-secret=\"Ne8GQCbR7P\" data-mce-fragment=\"1\"><\/iframe><\/p>\n<p>&nbsp;<\/p>\n<hr \/>\n<p>&nbsp;<\/p>\n<p><strong class=\"photoswipe-wrapper\"><a class=\"dt-pswp-item pspw-wrap-ready\" href=\"https:\/\/i0.wp.com\/www.radiopiu.net\/wordpress\/wp-content\/uploads\/2018\/09\/viabilita.jpeg?ssl=1\" data-dt-img-description=\"\" data-large_image_width=\"800\" data-large_image_height=\"100\"><img loading=\"lazy\" decoding=\"async\" class=\"aligncenter wp-image-61954 size-full jetpack-lazy-image jetpack-lazy-image--handled\" src=\"https:\/\/i0.wp.com\/www.radiopiu.net\/wordpress\/wp-content\/uploads\/2018\/09\/viabilita.jpeg?resize=800%2C100&amp;ssl=1\" sizes=\"auto, (max-width: 800px) 100vw, 800px\" srcset=\"https:\/\/i0.wp.com\/www.radiopiu.net\/wordpress\/wp-content\/uploads\/2018\/09\/viabilita.jpeg?w=800&amp;ssl=1 800w, https:\/\/i0.wp.com\/www.radiopiu.net\/wordpress\/wp-content\/uploads\/2018\/09\/viabilita.jpeg?resize=300%2C38&amp;ssl=1 300w, https:\/\/i0.wp.com\/www.radiopiu.net\/wordpress\/wp-content\/uploads\/2018\/09\/viabilita.jpeg?resize=768%2C96&amp;ssl=1 768w\" alt=\"\" width=\"800\" height=\"100\" data-lazy-loaded=\"1\" \/><\/a><\/strong><\/p>\n<p><strong>\u00a0<\/strong><\/p>\n<blockquote><p><strong>INTERRUZIONI A CRISTO DELLE PIANIZZE\u00a0<\/strong>sp347 DURAN E CEREDA fino al 5 giugno (esclusi festivi e prefestivi) possibili interruzioni in localit\u00e0 Pianizze (Agordo) della durata massima di 15 minuti dalle 8 alle 12 e dalle 13 alle 17, inoltre senso unico alternato nei periodi non interessati dalle chiusura<\/p><\/blockquote>\n<p>PROVINCIALE 20 DELLA VAL FIORENTINA, SELVA DI CADORE: FINO AL 13 GIUGNO, CHIUSURA TOTALE TRA SOLATOR E IL CENTRO DEL PAESE ANCHE NEI GIORNI FESTIVI E PREFESTIVI, DAL CHILOMETRO 4.850 AL CHILOMETRO 5.100. TRANSITO CONSENTITO AI LOCALI CON TEMPI DI ATTESA MASSIMI STIMATI IN 30 MINUTI IN LOCALITA\u2019 SOLATOR DAL CHILOMETRO 4.400 AL CHILOMETRO 4.850<\/p>\n<p>REGIONALE 48 DELLE DOLOMITI, LOCALIT\u00c0 POCOL INIZIO ABITATO CORTINA,FINO\u00a0 AL 12 GIUGNO SEMAFORO PER TRATTI DI 250 METRI ANCHE NEI GIORNI FESTIVI E PREFESTIVI<\/p>\n<p>REGIONALE 203 AGORDINA FINO AL 15 GIUGNO IN LOCALIT\u00c0 LA MUDA DEVIAZIONE SU VIABILIT\u00c0 PROVVISORIA, PRUDENZA<\/p>\n<p>PROVINCIALE 12 PEDEMONTANA LOCALIT\u00c0 PONTE MAS, CHIUSURA TOTALE DI PONTE MAS FINO\u00a0 AL 30 GIUGNO<\/p>\n<p>STRADA REGIONALE 48 DELLE DOLOMITI, DAL KM 110,350 AL KM 112, SENSO UNICO ALTERNATO REGOLATO DA IMPIANTO SEMAFORICO ANCHE SABATO E FESTIVI FINO\u00a0 AL 30 GIUGNO PER POSA ELETTRODOTTO INTERRATO<\/p>\n<p>PROVINCIALE 563 DI SALESEI, FINO\u00a0 AL 3 LUGLIO, SENSO UNICO ALTERNATO REGOLATO DA IMPIANTO SEMAFORICO IN LOCALIT\u00c0 DIGONERA PER MESSA IN SICUREZZA PIANO VIABILE, SABATO E FESTIVI INCLUSI<\/p>\n<p>STRADA PROVINCIALE 347 DEL PASSO CEREDA E DURAN, DALLE 7 ALLE 18 ,\u00a0 FINO AL 29 MAGGIO, POSSIBILI TEMPORANEE INTERRUZZIONI ALLA VIABILIT\u00e0 DELLA DURATA MASSIMA DI 30 MINUTI E SENSO UNICO ALTERNATO REGOLATO DA MOVIERI PER ASFALTATURA TRATTI DI STRADA TRA PASSO DURAN E DONT<\/p>\n<p>STRADA PROVINCIALE 346 DEL PASSO SAN PELLEGRINO, FINO\u00a0 AL 5 GIUGNO, SENSO UNICO ALTERNATO REGOLATO DA IMPIANTO SEMOFORICO TRA FALCADE E FALCADE ALTO PER POSA CAVIDOTTO FIBRA OTTICA<\/p>\n<p>STRADA PROVINCIALE 347 DEL PASSO CEREDA E DURAN, FINO\u00a0 AL 01 GIUGNO ESCLUSE DOMENICHE E FESTIVI, SENSO UNICO ALTERNATO REGOLATO DA IMPIANTO SEMAFORICO O MOVIERI IN COMUNE DI VALLE DI CADORE PER SONDAGGI GEOTECNICI<\/p>\n<p>SP346 DEL SAN PELLEGRINO, COMUNE DI VALLADA,\u00a0 FINO\u00a0 AL 29 MAGGIO SENSO UNICO ALTERNATO PER MESSA IN SICUREZZA BARRIERE LATERALI<\/p>\n<p>REGIONALE203 AGORDINA, CANDATEN-LA STANGA, FINO\u00a0 AL 30 GIUGNO INCLUSI SABATO E DOMENICA DALLE 7.30 ALLE 9 E DALLE 16.30 ALLE 18 SENSO UNICO ALTERNATO CON MOVIERI, NEGLI ALTRI PERIODI SENSO UNICO CON SEMAFORO.<\/p>\n<p>PROVINCIALE 246 DEL SAN PELLEGRINO, CANALE D\u2019AGORDO E VALLADA FINO\u00a0 AL 29 MAGGIO SENSO UNICO REGOLATO DA SEMAFORO IN TRATTI SALTUARI.<\/p>\n<p>PROVINCIALE 24 VALPAROLA FINO\u00a0 AL 05 GIUGNO ESCLUSI FESTIVI E PREFESTIVI, SENSO UNICO ALTERNATO A VISTA PER TRATTI DI 50 METRI.<\/p>\n<p>PROVINCIALE 563 DI SALESEI, DALLE 7 DEL 26 MAGGIO ALLE 18 DEL 19 GIUGNO, DOMENICHE E FESTIVI ESCLUSI, SENSO UNICO ALTERNATO REGOLATO DA IMPIANTO SEMAFORICO E POSSIBILI BREVI INTERRUZIONI AL TRAFFICO DI 15 MINUTI PER MESSA IN SICUREZZA VERSANTE A MONTE DELLA STRADA<\/p>\n<p>STRADA PROVINCIALE 346 DEL SAN PELLEGRINO, NEI COMUNI DI FALCADE, CANALE E VALLADA, FINO\u00a0 AL 3 LUGLIO, INCLUSI SABATI E DOMENICHE, POSSIBILE ISTITUZIONE DI SENSO UNICO ALTERNATO REGOLATO DA MOVIERI PER SOSTITUZIONE CONDUTTORI E MANUTENZIONE LINEA ELETTRICA ALTA TENSIONE<\/p>\n<p>REGIONALE 203 AGORDINA, NEL COMUNE DI CENCENIGHE, FINO\u00a0 AL 3 LUGLIO, INCLUSI SABATI E DOMENICHE, POSSIBILE ISTITUZIONE DI SENSO UNICO ALTERNATO REGOLATO DA MOVIERI PER SOSTITUZIONE CONDUTTORI E MANUTENZIONE LINEA ELETTRICA ALTA TENSIONE<\/p>\n<p>STRADA PROVINCIALE 40, COMUNE DI LAMON. DAL 27 MAGGIO AL 3 GIUGNO SENSO UNICO ALTERNATO REGOLATO DA IMPIANTO SEMAFORICO PER RICERCHE GEOGNOSTICHE<\/p>\n<p>STRADA PROVINCIALE 422 DELL\u2019ALPAGO E DEL CANSIGLIO, DAL 3 AL 19 GIUGNO, DALLE 8 ALLE 19, SENSO UNICO ALTERNATO REGOLATO DA IMPIANTO SEMAFORICO O MOVIERE PER POSA FIBRA OTTICA<\/p>\n<p>STRADA PROVINCIALE 346 DEL SAN PELLEGRINO, NEL COMUNE DI VALLADA AGORDINA DAL 1 AL 19 GIUGNO SENSO UNICO ALTERNATO REGOLATO DA IMPIANTO SEMAFORICO PER MESSA IN SICUREZZA BARRIERE DI PROTEZIONE LATERALI<\/p>\n<p>STRADA REGIONA 203 AGORDINA, TRA MAS DI SEDICO E CERNADOI SU TRATTI SALTUARI DI STRADA, DAL 1 AL 30 GIUGNO, ESCLUSO SABATO E DOMENICA, SENSO UNICO ALTERNATO REGOLATO DA IMPIANTO SEMAFORICO PER MESSA IN SICUREZZA BARRIERE DI PROTEZIONE LATERALI<\/p>\n<p>STRADA PROVINCIALE 347 DEL PASSO CEREDA E DURAN, NEL COMUNE DI GOSALDO (LOC. SANT\u2019ANDREA), DAL 5 AL 20 GIUGNO SENSO UNICO ALTERNATO REGOLATO DA IMPIANTO SEMAFORICO PER MESSA IN SICUREZZA DELLA STRADA<\/p>\n<p>STRADA PROVINCIALE 347 DEL PASSO CEREDA E DURAN, NEL COMUNE DI AGORDO, DAL 3 AL 12 GIUGNO\u00a0SENSO UNICO ALTERNATO REGOLATO DA IMPIANTO SEMAFORICO PER POSA FIBRA OTTICA<\/p>\n<p>&nbsp;<\/p>\n<hr \/>\n<p>&nbsp;<\/p>\n<p class=\"photoswipe-wrapper\"><a class=\"dt-pswp-item pspw-wrap-ready\" href=\"https:\/\/i0.wp.com\/www.radiopiu.net\/wordpress\/wp-content\/uploads\/2018\/09\/WhatsApp-Image-2018-09-20-at-16.04.06.jpeg?ssl=1\" data-dt-img-description=\"\" data-large_image_width=\"800\" data-large_image_height=\"100\"><img loading=\"lazy\" decoding=\"async\" class=\"aligncenter wp-image-61378 size-full jetpack-lazy-image jetpack-lazy-image--handled\" src=\"https:\/\/i0.wp.com\/www.radiopiu.net\/wordpress\/wp-content\/uploads\/2018\/09\/WhatsApp-Image-2018-09-20-at-16.04.06.jpeg?resize=800%2C100&amp;ssl=1\" sizes=\"auto, (max-width: 800px) 100vw, 800px\" srcset=\"https:\/\/i0.wp.com\/www.radiopiu.net\/wordpress\/wp-content\/uploads\/2018\/09\/WhatsApp-Image-2018-09-20-at-16.04.06.jpeg?w=800&amp;ssl=1 800w, https:\/\/i0.wp.com\/www.radiopiu.net\/wordpress\/wp-content\/uploads\/2018\/09\/WhatsApp-Image-2018-09-20-at-16.04.06.jpeg?resize=300%2C38&amp;ssl=1 300w, https:\/\/i0.wp.com\/www.radiopiu.net\/wordpress\/wp-content\/uploads\/2018\/09\/WhatsApp-Image-2018-09-20-at-16.04.06.jpeg?resize=768%2C96&amp;ssl=1 768w\" alt=\"\" width=\"800\" height=\"100\" data-lazy-loaded=\"1\" \/><\/a><\/p>\n<p>&nbsp;<\/p>\n<p><center><b>Domenica 31<\/b><\/center><b>Tempo atteso:\u00a0<\/b>Tempo variabile al mattino, con eventuali residui fenomeni, specie nelle prime ore del giorno. Al pomeriggio graduale diminuzione della nuvolosit\u00e0, con rasserenamenti notturni.<br \/>\n<b>Precipitazioni:\u00a0<\/b>Al mattino generalmente assenti, salvo una probabilit\u00e0 molto bassa (0-5%) di qualche locale piovasco, specie nelle prime ore. Dalle ore centrali, lieve aumento della probabilit\u00e0 fino a bassa (5-10%) di locali piovaschi\/rovesci, con eventuale limite delle nevicate oltre i 2100-2300 m.<br \/>\n<b>Temperature:\u00a0<\/b>Minime senza notevoli variazioni, massime in lieve aumento, su valori di qualche grado al di sotto delle medie del periodo. Clima diurno ancora piuttosto fresco. Sono previste punte di 16\/19\u00b0C nelle conche prealpine e di 12\/14\u00b0C a 1000\/1200 m. Su Prealpi a 1500 m min 3\u00b0C max 8\u00b0C, a 2000 m min 0\u00b0C max 5\u00b0C. Su Dolomiti a 2000 m min 0\u00b0C max 5\u00b0C, a 3000 m min -7\u00b0C max -1\u00b0C.<br \/>\n<b>Venti:\u00a0<\/b>Nelle valli deboli\/moderati di direzione variabile; in quota da deboli a moderati\/tesi dai quadranti settentrionali, a 5-15 km\/h a 2000 m, a 20-35 km\/h a 3000 m.<\/p>\n<hr \/>\n<p><center><b>Lunedi 1<\/b><\/center><b>Tempo atteso:\u00a0<\/b>Al mattino tempo ben soleggiato con cielo sereno o poco nuvoloso e ottima visibilit\u00e0. Riduzione del soleggiamento al pomeriggio per irregolare attivit\u00e0 cumuliforme, localmente intensa e non si esclude possa essere associata a qualche fenomeno convettivo.<br \/>\n<b>Precipitazioni:\u00a0<\/b>Al mattino assenti; dalle ore centrali, lieve aumento della probabilit\u00e0 fino a bassa (5-10%) di locali e brevi piovaschi\/rovesci, con eventuale limite delle nevicate oltre i 2700-3000 m.<br \/>\n<b>Temperature:\u00a0<\/b>Minime senza notevoli variazioni o in lieve calo, massime in aumento anche sensibile. Clima diurno pi\u00f9 mite dei giorni precedenti, con valori prossimi o di 1-2\u00b0 inferiori alla norma. Su Prealpi a 1500 m min 5\u00b0C max 12\u00b0C, a 2000 m min 2\u00b0C max 9\u00b0C. Su Dolomiti a 2000 m min 2\u00b0C max 9\u00b0C, a 3000 m min -5\u00b0C max 2\u00b0C.<br \/>\n<b>Venti:\u00a0<\/b>Nelle valli deboli\/moderati a regime di brezza; in quota da deboli a moderati\/tesi da nord, a 5-15 km\/h a 2000 m, a 20-35 km\/h a 3000 m.<\/p>\n<hr \/>\n<p><center><b>Martedi 2<\/b><\/center>Tempo simile a quello di luned\u00ec, con cielo sereno o poco nuvoloso e ottima visibilit\u00e0 al mattino e riduzione del soleggiamento al pomeriggio per irregolare attivit\u00e0 cumuliforme, localmente intensa e non si esclude qualche fenomeno convettivo, eventualmente nevoso oltre i 2700-3000 m. Temperature minime in aumento, massime senza variazioni di rilievo.<\/p>\n<hr \/>\n<p><center><b>Mercoledi 3<\/b><\/center>Tempo moderatamente pi\u00f9 nuvoloso dei giorni precedenti con cielo parzialmente nuvoloso al mattino specie sulle Prealpi e nuvoloso o molto nuvoloso nel pomeriggio, con possibili locali e brevi precipitazioni, a carattere di piovasco\/rovescio, eventualmente nevose oltre i 2700-3000 m. Minime senza variazioni di rilievo, massime in contenuto calo. Previsore: M.Padoan<\/p>\n","protected":false},"excerpt":{"rendered":"<p>PER RICEVERE QUESTO NOTIZIARIO DIRETTAMENTE SUL TUO CELLULARE ISCRIVITI AL CANALE TELEGRAM\u00a0\u201cRADIO PIU\u00a0 INFORMAZIONE\u201d &nbsp; &nbsp; Gestione Servizi Pubblici \u00a0informa che a ROCCA PIETORE in localit\u00e0 DIGONERA, l\u2019acqua erogata dall\u2019acquedotto non \u00e8 potabile e pu\u00f2 essere usata per scopi alimentari SOLO PREVIA bollitura &nbsp; \u00a0 CHIUDE PONTE MAS, FINO AL 30 GIUGNO PER I LAVORI&hellip;<\/p>\n","protected":false},"author":4,"featured_media":141506,"comment_status":"closed","ping_status":"closed","sticky":false,"template":"","format":"standard","meta":{"_monsterinsights_skip_tracking":false,"_monsterinsights_sitenote_active":false,"_monsterinsights_sitenote_note":"","_monsterinsights_sitenote_category":0,"footnotes":""},"categories":[1,86,2],"tags":[],"class_list":["post-141487","post","type-post","status-publish","format-standard","has-post-thumbnail","hentry","category-senza-categoria","category-gr","category-news","category-1","category-86","category-2","description-off"],"img_url":"https:\/\/www.radiopiu.net\/wordpress\/wp-content\/uploads\/2020\/05\/photo_2020-05-30_15-52-30.jpg","_links":{"self":[{"href":"https:\/\/www.radiopiu.net\/wordpress\/wp-json\/wp\/v2\/posts\/141487","targetHints":{"allow":["GET"]}}],"collection":[{"href":"https:\/\/www.radiopiu.net\/wordpress\/wp-json\/wp\/v2\/posts"}],"about":[{"href":"https:\/\/www.radiopiu.net\/wordpress\/wp-json\/wp\/v2\/types\/post"}],"author":[{"embeddable":true,"href":"https:\/\/www.radiopiu.net\/wordpress\/wp-json\/wp\/v2\/users\/4"}],"replies":[{"embeddable":true,"href":"https:\/\/www.radiopiu.net\/wordpress\/wp-json\/wp\/v2\/comments?post=141487"}],"version-history":[{"count":0,"href":"https:\/\/www.radiopiu.net\/wordpress\/wp-json\/wp\/v2\/posts\/141487\/revisions"}],"wp:featuredmedia":[{"embeddable":true,"href":"https:\/\/www.radiopiu.net\/wordpress\/wp-json\/wp\/v2\/media\/141506"}],"wp:attachment":[{"href":"https:\/\/www.radiopiu.net\/wordpress\/wp-json\/wp\/v2\/media?parent=141487"}],"wp:term":[{"taxonomy":"category","embeddable":true,"href":"https:\/\/www.radiopiu.net\/wordpress\/wp-json\/wp\/v2\/categories?post=141487"},{"taxonomy":"post_tag","embeddable":true,"href":"https:\/\/www.radiopiu.net\/wordpress\/wp-json\/wp\/v2\/tags?post=141487"}],"curies":[{"name":"wp","href":"https:\/\/api.w.org\/{rel}","templated":true}]}}