{"id":141555,"date":"2020-06-01T05:46:12","date_gmt":"2020-06-01T03:46:12","guid":{"rendered":"https:\/\/www.radiopiu.net\/wordpress\/?p=141555"},"modified":"2020-06-01T10:39:20","modified_gmt":"2020-06-01T08:39:20","slug":"giornale-radiopiu-01-giugno-2020-direttore-mirko-mezzacasa","status":"publish","type":"post","link":"https:\/\/www.radiopiu.net\/wordpress\/giornale-radiopiu-01-giugno-2020-direttore-mirko-mezzacasa\/","title":{"rendered":"GIORNALE RADIOPIU 01 GIUGNO 2020 DIRETTORE MIRKO MEZZACASA"},"content":{"rendered":"<h3><strong>PER RICEVERE QUESTO NOTIZIARIO DIRETTAMENTE SUL TUO CELLULARE ISCRIVITI AL CANALE TELEGRAM\u00a0<\/strong><strong>\u201cRADIO PIU\u00a0 INFORMAZIONE\u201d<\/strong><\/h3>\n<p>&nbsp;<\/p>\n<hr \/>\n<p>&nbsp;<\/p>\n<p><em><strong>Gestione Servizi Pubblici \u00a0informa che a ROCCA PIETORE in localit\u00e0 DIGONERA, l\u2019acqua erogata dall\u2019acquedotto non \u00e8 potabile e pu\u00f2 essere usata per scopi alimentari SOLO PREVIA bollitura<\/strong><\/em><\/p>\n<p>&nbsp;<\/p>\n<hr \/>\n<p><strong>\u00a0<\/strong><\/p>\n<p><strong>CHIUDE PONTE MAS, FINO AL 30 GIUGNO PER I LAVORI DI CONSOLIDAMENTO:<\/strong>\u00a0 fino al\u00a0 30 giugno sar\u00e0 chiuso sia alle macchine sia ai pedoni. Percorso alternativo: da Ponte Mas a Vignole in Comune di Sedico.<\/p>\n<p><strong>INTERRUZIONI A CRISTO DELLE PIANIZZE\u00a0<\/strong>sp347 DURAN E CEREDA fino al al 5 giugno (esclusi festivi e prefestivi) possibili interruzioni in localit\u00e0 Pianizze (Agordo) della durata massima di 15 minuti dalle 8 alle 12 e dalle 13 alle 17, inoltre senso unico alternato nei periodi non interessati dalle chiusura<\/p>\n<p>&nbsp;<\/p>\n<p>&nbsp;<\/p>\n<blockquote>\n<h2>TAMPONA L&#8217;AUTO, NON SI FERMA E PARCHEGGIA L&#8217;AUTO SOTTO CASA<\/h2>\n<\/blockquote>\n<p><strong><a class=\"dt-pswp-item\" href=\"https:\/\/www.radiopiu.net\/wordpress\/wp-content\/uploads\/2020\/06\/5f668db6-3ea7-4cd3-bc0e-3ded6c002df4.jpg\" data-dt-img-description=\"\" data-large_image_width=\"720\" data-large_image_height=\"1440\"><img loading=\"lazy\" decoding=\"async\" class=\" wp-image-141689 alignleft\" src=\"https:\/\/www.radiopiu.net\/wordpress\/wp-content\/uploads\/2020\/06\/5f668db6-3ea7-4cd3-bc0e-3ded6c002df4-150x300.jpg\" alt=\"\" width=\"121\" height=\"242\" srcset=\"https:\/\/www.radiopiu.net\/wordpress\/wp-content\/uploads\/2020\/06\/5f668db6-3ea7-4cd3-bc0e-3ded6c002df4-150x300.jpg 150w, https:\/\/www.radiopiu.net\/wordpress\/wp-content\/uploads\/2020\/06\/5f668db6-3ea7-4cd3-bc0e-3ded6c002df4-512x1024.jpg 512w, https:\/\/www.radiopiu.net\/wordpress\/wp-content\/uploads\/2020\/06\/5f668db6-3ea7-4cd3-bc0e-3ded6c002df4.jpg 720w\" sizes=\"auto, (max-width: 121px) 100vw, 121px\" \/><\/a>LA VALLE<\/strong> Ennesimo incidente fortunatamente senza feriti in localit\u00e0 Le Campe nei pressi dell&#8217;autovelox (limite 70) voluto dal sindaco di La Valle Agordina Ezio Zuanel lungo un tratto della regionale 203 agordina spesso teatro di incidenti anche per la presenza di tante, nuove e frequentate attivit\u00e0 commerciali. E&#8217; successo sabato pomeriggio quando un&#8217;auto che stava salendo verso Agordo \u00e8 stata violentemente tamponata sul lato sinistro. A Bordo una ragazza con il figlioletto di 8 mesi. Oltre la paura la rabbia perch\u00e8 il &#8220;tamponato&#8221; ha visto la volvo verde acqua scappare. Immediato l&#8217;annuncio sui social <em>&#8220;Attenzione a tutti, la mia ragazza \u00e8 stata tamponata nei pressi dell&#8217;area di servizio 203 (Botol Group). Chi era al volante \u00e8 scappato verso Agordo, chiunque la incontri mi contatti, a bordo c&#8217;era mio figlio di 8 mesi&#8221;<\/em>. Immediato il tam tam sui social, ma qualcuno avrebbe anche informato i Carabinieri di aver notato un auto come quella segnalata parcheggiata in prossimit\u00e0 del Municipio di Agordo. Le indagini dei Carabinieri hanno fatto il resto.<\/p>\n<p>&nbsp;<\/p>\n<p>&nbsp;<\/p>\n<p>&nbsp;<\/p>\n<hr \/>\n<p>&nbsp;<\/p>\n<div class=\"page-title-head hgroup\">\n<blockquote>\n<h3 class=\"entry-title\">VALLE DI SAN LUCANO UNA RINASCITA ACCERTATA, CANTIERI OVUNQUE<\/h3>\n<\/blockquote>\n<p><strong class=\"photoswipe-wrapper\"><img loading=\"lazy\" decoding=\"async\" class=\"wp-image-141630 alignleft jetpack-lazy-image jetpack-lazy-image--handled\" src=\"https:\/\/i1.wp.com\/www.radiopiu.net\/wordpress\/wp-content\/uploads\/2020\/05\/DJI_0014.jpg?resize=255%2C191&amp;ssl=1\" sizes=\"auto, (max-width: 255px) 100vw, 255px\" srcset=\"https:\/\/i2.wp.com\/www.radiopiu.net\/wordpress\/wp-content\/uploads\/2020\/05\/DJI_0014-scaled.jpg?resize=300%2C225&amp;ssl=1 300w, https:\/\/i2.wp.com\/www.radiopiu.net\/wordpress\/wp-content\/uploads\/2020\/05\/DJI_0014-scaled.jpg?resize=1024%2C768&amp;ssl=1 1024w, https:\/\/i2.wp.com\/www.radiopiu.net\/wordpress\/wp-content\/uploads\/2020\/05\/DJI_0014-scaled.jpg?resize=768%2C576&amp;ssl=1 768w, https:\/\/i2.wp.com\/www.radiopiu.net\/wordpress\/wp-content\/uploads\/2020\/05\/DJI_0014-scaled.jpg?resize=1536%2C1152&amp;ssl=1 1536w, https:\/\/i2.wp.com\/www.radiopiu.net\/wordpress\/wp-content\/uploads\/2020\/05\/DJI_0014-scaled.jpg?resize=2048%2C1536&amp;ssl=1 2048w, https:\/\/i2.wp.com\/www.radiopiu.net\/wordpress\/wp-content\/uploads\/2020\/05\/DJI_0014-scaled.jpg?w=2400&amp;ssl=1 2400w\" alt=\"\" width=\"255\" height=\"191\" data-recalc-dims=\"1\" data-lazy-loaded=\"1\" \/>TAIBON<\/strong> Frequentatissima valle di San Lucano in questa domenica, in auto, moto, bicicletta, semplicemente in passeggiata, lungo la strada principale, al laghetto delle Peschiere, verso la ciclabile, fino a Col di Pra e ancora pi\u00f9 su. In molti hanno avuto l\u2019opportunit\u00e0 di vedere i grandi lavori in corso gi\u00e0 partendo da Forno Val dove ci sono i tronchi di Vaia pronti per essere portati in segheria, sopra le Peschiere il bosco riprende vigore dopo la splendida pulizia. Ricostruito il tratto di ciclabile dalla centrale all\u2019ex After hour o ex baita delle Peschiere, riprende dignit\u00e0 anche la zona delle Peschiere con gli alberi rialzati e l\u2019acqua verde smeraldo, sorvoliamo circa il cantiere dell\u2019Arena come sappiamo condiviso da ben poche persone, operato di ex amministratori che ricorderemo sopratutto per questo, forse solo per questo. Lungo la Besausega la pulizia regna sovrana e anche le opere contro il dissesto idrogeologico sono in bella mostra. In mezzo al bosco in riva al Tegnas una ditta austriaca lavora anche di domenica non solo di giorno e di notte. Anche questo \u00e8 uno spettacolo nello spettacolo, vedere come le potenti macchine alzano i tronchi, tolgono i rami e li segano a misura, la \u201czampa\u201d dell\u2019operatore \u00e8 notevole, qualcuno <img loading=\"lazy\" decoding=\"async\" class=\"wp-image-141648 alignright jetpack-lazy-image jetpack-lazy-image--handled\" src=\"https:\/\/i1.wp.com\/www.radiopiu.net\/wordpress\/wp-content\/uploads\/2020\/05\/476dc754-7272-4573-939f-17d6f1e50456.jpg?resize=240%2C120&amp;ssl=1\" sizes=\"auto, (max-width: 240px) 100vw, 240px\" srcset=\"https:\/\/i1.wp.com\/www.radiopiu.net\/wordpress\/wp-content\/uploads\/2020\/05\/476dc754-7272-4573-939f-17d6f1e50456.jpg?resize=300%2C150&amp;ssl=1 300w, https:\/\/i1.wp.com\/www.radiopiu.net\/wordpress\/wp-content\/uploads\/2020\/05\/476dc754-7272-4573-939f-17d6f1e50456.jpg?resize=1024%2C512&amp;ssl=1 1024w, https:\/\/i1.wp.com\/www.radiopiu.net\/wordpress\/wp-content\/uploads\/2020\/05\/476dc754-7272-4573-939f-17d6f1e50456.jpg?resize=768%2C384&amp;ssl=1 768w, https:\/\/i1.wp.com\/www.radiopiu.net\/wordpress\/wp-content\/uploads\/2020\/05\/476dc754-7272-4573-939f-17d6f1e50456.jpg?resize=1536%2C768&amp;ssl=1 1536w, https:\/\/i1.wp.com\/www.radiopiu.net\/wordpress\/wp-content\/uploads\/2020\/05\/476dc754-7272-4573-939f-17d6f1e50456.jpg?w=1599&amp;ssl=1 1599w\" alt=\"\" width=\"240\" height=\"120\" data-recalc-dims=\"1\" data-lazy-loaded=\"1\" \/>si ferma a fare un applauso. A Col di Pra,\u00a0 vi si arriva anche attraverso la ricostruita \u201cciclabile\u201d o strada mulattiera, o strada al servizio dei cantieri lungo il greto del Tegnas, e subito dopo ecco la sorpresa: il ponte sul Bordina \u00e8 in costruzione e i lavori a buon punto. Gi\u00e0 posata l\u2019ossatura del ponte ben visibile da quello costruito in emergenza dopo Vaia per togliere la frazione dall\u2019isolamento. Difronte l\u2019altro importante cantiere che ha rimesso in sicurezza il boral dei Lot. L\u2019attuale amministrazione si \u00e8 data da fare, i risultati sono gi\u00e0 evidenti e le sorprese in positivo non mancheranno. Tra l\u2019altro in futuro sar\u00e0 recuperato anche il bosco sopra la Merla e fino ai Coi di Taibon, quello devastato dall\u2019incendio dove sar\u00e0 realizzata una strada silvo forestale, in futuro spettacolare passeggiata ciclo pedonale per valligiani e turisti.<\/p>\n<p>&nbsp;<\/p>\n<p><iframe loading=\"lazy\" title=\"RIFACIMENTO PONTE SUL TORRENTE BORDINA A COL DI PRA, E RIARGINATURA TORRENTE MAGGIO 2020\" width=\"1200\" height=\"675\" src=\"https:\/\/www.youtube.com\/embed\/E6Olz-KoLIM?feature=oembed\" frameborder=\"0\" allow=\"accelerometer; autoplay; clipboard-write; encrypted-media; gyroscope; picture-in-picture\" allowfullscreen><\/iframe><\/p>\n<\/div>\n<div>\n<hr \/>\n<\/div>\n<div class=\"page-title-head hgroup\">\n<p>&nbsp;<\/p>\n<blockquote>\n<h3 class=\"entry-title\">FUORI STRADA CON LA SUZUKI, FEMORE FRATTURATO<\/h3>\n<\/blockquote>\n<\/div>\n<div class=\"page-title-breadcrumbs\">\n<p><strong>QUERO VAS<\/strong>\u00a0 Un 41enne di San Fior (A.T. le iniziali) ha terminato il fine settimana nel peggiore dei modi, in una corsia d\u2019ospedale con il femore destro fratturato. L\u2019uomo percorrendo la statale in direzione Feltre, provenendo da Quero \u00e8 finito fuori strada autonomamente, anzi diritto nella scarpata dove \u00e8 stata recuperato dagli uomini del 118 e dai Carabinieri di Quero Vas.<\/p>\n<p class=\"photoswipe-wrapper\"><a class=\"dt-pswp-item pspw-wrap-ready\" href=\"https:\/\/i1.wp.com\/www.radiopiu.net\/wordpress\/wp-content\/uploads\/2020\/05\/ad04a2c7-b391-4c74-95a4-2df3351b958e.jpg?ssl=1\" data-dt-img-description=\"\" data-large_image_width=\"800\" data-large_image_height=\"450\"><img loading=\"lazy\" decoding=\"async\" class=\"alignnone size-medium wp-image-141634 jetpack-lazy-image jetpack-lazy-image--handled\" src=\"https:\/\/i1.wp.com\/www.radiopiu.net\/wordpress\/wp-content\/uploads\/2020\/05\/ad04a2c7-b391-4c74-95a4-2df3351b958e.jpg?resize=300%2C169&amp;ssl=1\" sizes=\"auto, (max-width: 300px) 100vw, 300px\" srcset=\"https:\/\/i1.wp.com\/www.radiopiu.net\/wordpress\/wp-content\/uploads\/2020\/05\/ad04a2c7-b391-4c74-95a4-2df3351b958e.jpg?resize=300%2C169&amp;ssl=1 300w, https:\/\/i1.wp.com\/www.radiopiu.net\/wordpress\/wp-content\/uploads\/2020\/05\/ad04a2c7-b391-4c74-95a4-2df3351b958e.jpg?resize=768%2C432&amp;ssl=1 768w, https:\/\/i1.wp.com\/www.radiopiu.net\/wordpress\/wp-content\/uploads\/2020\/05\/ad04a2c7-b391-4c74-95a4-2df3351b958e.jpg?w=800&amp;ssl=1 800w\" alt=\"\" width=\"300\" height=\"169\" data-recalc-dims=\"1\" data-lazy-loaded=\"1\" \/><\/a><a class=\"dt-pswp-item pspw-wrap-ready\" href=\"https:\/\/i1.wp.com\/www.radiopiu.net\/wordpress\/wp-content\/uploads\/2020\/05\/dbc1bf29-d36f-4248-b7e1-7c8780bd8930.jpg?ssl=1\" data-dt-img-description=\"\" data-large_image_width=\"800\" data-large_image_height=\"450\"><img loading=\"lazy\" decoding=\"async\" class=\"alignnone size-medium wp-image-141635 jetpack-lazy-image jetpack-lazy-image--handled\" src=\"https:\/\/i1.wp.com\/www.radiopiu.net\/wordpress\/wp-content\/uploads\/2020\/05\/dbc1bf29-d36f-4248-b7e1-7c8780bd8930.jpg?resize=300%2C169&amp;ssl=1\" sizes=\"auto, (max-width: 300px) 100vw, 300px\" srcset=\"https:\/\/i1.wp.com\/www.radiopiu.net\/wordpress\/wp-content\/uploads\/2020\/05\/dbc1bf29-d36f-4248-b7e1-7c8780bd8930.jpg?resize=300%2C169&amp;ssl=1 300w, https:\/\/i1.wp.com\/www.radiopiu.net\/wordpress\/wp-content\/uploads\/2020\/05\/dbc1bf29-d36f-4248-b7e1-7c8780bd8930.jpg?resize=768%2C432&amp;ssl=1 768w, https:\/\/i1.wp.com\/www.radiopiu.net\/wordpress\/wp-content\/uploads\/2020\/05\/dbc1bf29-d36f-4248-b7e1-7c8780bd8930.jpg?w=800&amp;ssl=1 800w\" alt=\"\" width=\"300\" height=\"169\" data-recalc-dims=\"1\" data-lazy-loaded=\"1\" \/><\/a><\/p>\n<\/div>\n<p>&nbsp;<\/p>\n<p>&nbsp;<\/p>\n<p>&nbsp;<\/p>\n<hr \/>\n<div class=\"page-title-breadcrumbs\">\n<p>&nbsp;<\/p>\n<blockquote>\n<h3>SOCCORSO ESCURSIONISTA IN DIFFICOLT\u00c0<\/h3>\n<\/blockquote>\n<p><strong><a class=\"dt-pswp-item\" href=\"https:\/\/www.radiopiu.net\/wordpress\/wp-content\/uploads\/2018\/08\/soccorsoalpino.jpg\" data-dt-img-description=\"\" data-large_image_width=\"1200\" data-large_image_height=\"1200\"><img loading=\"lazy\" decoding=\"async\" class=\" wp-image-59164 alignleft\" src=\"https:\/\/www.radiopiu.net\/wordpress\/wp-content\/uploads\/2018\/08\/soccorsoalpino-300x300.jpg\" alt=\"\" width=\"189\" height=\"189\" srcset=\"https:\/\/www.radiopiu.net\/wordpress\/wp-content\/uploads\/2018\/08\/soccorsoalpino-300x300.jpg 300w, https:\/\/www.radiopiu.net\/wordpress\/wp-content\/uploads\/2018\/08\/soccorsoalpino-150x150.jpg 150w, https:\/\/www.radiopiu.net\/wordpress\/wp-content\/uploads\/2018\/08\/soccorsoalpino-768x768.jpg 768w, https:\/\/www.radiopiu.net\/wordpress\/wp-content\/uploads\/2018\/08\/soccorsoalpino-1024x1024.jpg 1024w, https:\/\/www.radiopiu.net\/wordpress\/wp-content\/uploads\/2018\/08\/soccorsoalpino.jpg 1200w\" sizes=\"auto, (max-width: 189px) 100vw, 189px\" \/><\/a>PONTE NELLE ALPI <\/strong>Ieri alle 11.15 circa la Centrale del 118 \u00e8 stata contattata per avere informazioni da un escursionista che, a causa della nebbia, aveva perso il sentiero che dalla cima del Monte Dolada scende al bivacco Scalon e prosegue per l&#8217;abitato di Soccher. L&#8217;uomo E.P., 55 anni, di Ponte nelle Alpi (BL), all&#8217;inizio aveva poi tentato di scendere in autonomia, senza per\u00f2 riuscirci. Ricontattato, in suo aiuto \u00e8 quindi decollato l&#8217;elicottero del Suem di Pieve di Cadore, mentre si preparavano in piazzola le squadre del Soccorso alpino di Longarone e Alpago, nel caso in cui l&#8217;eliambulanza non fosse riuscita a portare a termine il recupero. L&#8217;elicottero, avvicinatosi il pi\u00f9 possibile al limitare della nebbia, ha sbarcato il tecnico di elisoccorso a valle dell&#8217;escursionista. Il soccorritore lo ha quindi raggiunto e, dopo averlo assicurato, lo ha accompagnato in un punto in cui \u00e8 potuto avvenire l&#8217;imbarco, effettuato con un verricello di alcuni metri.<\/p>\n<hr \/>\n<\/div>\n<p>&nbsp;<\/p>\n<p>&nbsp;<\/p>\n<p>&nbsp;<\/p>\n<div class=\"page-title-head hgroup\">\n<blockquote>\n<h3 class=\"entry-title\"><span style=\"color: #ff0000;\">STANGANTEN<\/span> IL COMUNE DI SEDICO VERSO IL \u201cRADDOPPIO\u201d DELLE SANZIONI A CANDATEN<\/h3>\n<\/blockquote>\n<\/div>\n<div class=\"page-title-breadcrumbs\"><strong class=\"photoswipe-wrapper\"><a class=\"dt-pswp-item pspw-wrap-ready\" href=\"https:\/\/i1.wp.com\/www.radiopiu.net\/wordpress\/wp-content\/uploads\/2015\/07\/Candaten4-800.jpg?ssl=1\" data-dt-img-description=\"\" data-large_image_width=\"800\" data-large_image_height=\"600\"><img loading=\"lazy\" decoding=\"async\" class=\"size-medium wp-image-8542 alignleft jetpack-lazy-image jetpack-lazy-image--handled\" src=\"https:\/\/i1.wp.com\/www.radiopiu.net\/wordpress\/wp-content\/uploads\/2015\/07\/Candaten4-800.jpg?resize=300%2C225&amp;ssl=1\" sizes=\"auto, (max-width: 300px) 100vw, 300px\" srcset=\"https:\/\/i1.wp.com\/www.radiopiu.net\/wordpress\/wp-content\/uploads\/2015\/07\/Candaten4-800.jpg?resize=300%2C225&amp;ssl=1 300w, https:\/\/i1.wp.com\/www.radiopiu.net\/wordpress\/wp-content\/uploads\/2015\/07\/Candaten4-800.jpg?w=800&amp;ssl=1 800w\" alt=\"\" width=\"300\" height=\"225\" data-recalc-dims=\"1\" data-lazy-loaded=\"1\" \/><\/a>SEDICO<\/strong>\u00a0Il Comune di Sedico chiede di potenziare le postazioni di rilevamento della velocit\u00e0 con autovelox lungo la regionale 203 agordina in localit\u00e0 Candaten, apparecchiature che non risolveranno l\u2019altro annoso problema, quello dell\u2019attraversamento di cervi e caprioli e ad ogni ora. Pochi giorni fa l\u2019ultimo drammatico episodio con la morte di un motociclista veronese finito contro un cervo a met\u00e0 mattina,\u00a0 e per la verit\u00e0 in molti si aspettavano notizie diverse, ad esempio quali soluzioni intendano intraprendere i portatori di interesse, da chi gestisce le strade all\u2019Ente Parco per cercare di arginare un problema che potrebbe causare ancora molti incidenti. A quanto pare l\u2019unico problema per ora rimane quello di rilevare la velocit\u00e0 e sanzionare gli indisciplinati che sfrecciano lungo la strada pestando il piede sull\u2019acceleratore. Per il Comune di Sedico un investimento certo visti i precedenti e le centinaia di migliaia d\u2019euro gi\u00e0 incassati in questi anni con l\u2019autovelox posizionato di fronte alla Caserma dei Carabinieri Forestali. Quindi il Comune di Sedico ha ben chiaro che spendere ancora soldi per installare un nuovo impianto non potr\u00e0 che portare ulteriori benefici alle casse del palazzo,\u00a0 con la speranza che almeno una gran parte di quel denaro dei cittadini venga utilizzato per migliorare una viabilit\u00e0 pericolosa. Dunque veniamo alla notizia: l\u2019area tecnica del Comune di Sedico ha presentato all\u2019Ente Parco un progetto\u00a0 che prevede l\u2019installazione di una postazione per il rilevamento della velocit\u00e0 sulla corsia opposta a quella tuttora monitorata con la posa di cavidotto per l\u2019allaccio alla rete elettrica e di un pozzetto di ispezione ed infine la posa di cartelli stradale di preavviso del sistema di rilevamento. Il Parco \u00e8 stato interessato perch\u00e9 l\u2019intervento si colloca in adiacenza alla S.R. 203 Agordina, in un\u2019area indicata dal Piano per il Parco come area di promozione economica e sociale.\u00a0Secondo il direttore del Parco l\u2019intervento ha lo scopo di rendere pi\u00f9 sicuro il tratto di SR 203 Agordina nonch\u00e9 l\u2019accesso all\u2019area pic-nic del Parco e per questo dispone il rilascio del nulla Osta al Comune di Sedico per l\u2019intervento \u201cpotenziamento postazione per il rilevamento della velocit\u00e0 dei veicoli (velox) lungo la S.R. 203 \u201cAgordina\u201d in loc. Candaten\u201d<\/div>\n<div><\/div>\n<div>\n<hr \/>\n<\/div>\n<div><\/div>\n<blockquote>\n<h3>DILLO ALLA RADIO<\/h3>\n<\/blockquote>\n<p><strong><a class=\"dt-pswp-item\" href=\"https:\/\/www.radiopiu.net\/wordpress\/wp-content\/uploads\/2020\/05\/download-9.jpg\" data-dt-img-description=\"\" data-large_image_width=\"159\" data-large_image_height=\"318\"><img loading=\"lazy\" decoding=\"async\" class=\"wp-image-141677 alignleft\" src=\"https:\/\/www.radiopiu.net\/wordpress\/wp-content\/uploads\/2020\/05\/download-9-150x300.jpg\" alt=\"\" width=\"84\" height=\"168\" srcset=\"https:\/\/www.radiopiu.net\/wordpress\/wp-content\/uploads\/2020\/05\/download-9-150x300.jpg 150w, https:\/\/www.radiopiu.net\/wordpress\/wp-content\/uploads\/2020\/05\/download-9.jpg 159w\" sizes=\"auto, (max-width: 84px) 100vw, 84px\" \/><\/a>di Emilio Bez<\/strong><\/p>\n<p>L&#8217;ennesimo autovelox. Invece mettere reti o qualcosa altro per fermare cervi, caprioli e compagnia bella? (vedi tragico incidente di pochi giorni fa). Che le sanzioni vengano usate per migliorare la sicurezza delle strade sono in pochi ad esserne convinti. (a meno che le famose lucine lampeggianti sulla 203 si vogliano intendere come esempio di &#8220;sicurezza stradale). Forse l&#8217;unico aiuto concreto a contenere il problema degli incidenti per animali selvatici viene dai lupi che un po&#8217; ne contengono l&#8217;espansione, altro che autovelox.<\/p>\n<h3>DALLA PAGINA FACEBOOK CON SEDICO NEL CUORE <span class=\"fwb fcg\" data-ft=\"{&quot;tn&quot;:&quot;;&quot;}\"><a id=\"js_32x\" title=\"Gianni Viel\" role=\"button\" href=\"https:\/\/www.facebook.com\/gianni.viel.3?fref=gs&amp;__tn__=%2CdC-R-R&amp;eid=ARAnaPY2CuEeMrJJBjovl_Wh1kcahAnuA0hsRqj1f7K8V-vOutR0jFjdK9-QhIs5N7TGq59-bEoQhcqD&amp;hc_ref=ARTpKiie01ikVcjp7_LlCrVicPOYG3BehXF_APYFj_e7yetHEtlL9V6nmtzxGB1jF8Y&amp;dti=292657875055016&amp;hc_location=group\" rel=\"dialog\" data-hovercard=\"\/ajax\/hovercard\/user.php?id=100021760331961&amp;extragetparams=%7B%22__tn__%22%3A%22%2CdC-R-R%22%2C%22eid%22%3A%22ARAnaPY2CuEeMrJJBjovl_Wh1kcahAnuA0hsRqj1f7K8V-vOutR0jFjdK9-QhIs5N7TGq59-bEoQhcqD%22%2C%22hc_ref%22%3A%22ARTpKiie01ikVcjp7_LlCrVicPOYG3BehXF_APYFj_e7yetHEtlL9V6nmtzxGB1jF8Y%22%2C%22fref%22%3A%22gs%22%2C%22directed_target_id%22%3A292657875055016%2C%22dti%22%3A292657875055016%2C%22hc_location%22%3A%22group%22%7D\" data-hovercard-prefer-more-content-show=\"1\" data-hovercard-referer=\"ARTpKiie01ikVcjp7_LlCrVicPOYG3BehXF_APYFj_e7yetHEtlL9V6nmtzxGB1jF8Y\" aria-describedby=\"u_4u_1\" aria-owns=\"js_32v\">Gianni Viel\u00a0<\/a> <\/span><span style=\"font-size: 14px; font-weight: normal;\">Il forte aumento della popolazione dei cervi all&#8217;interno del territorio del comune di Sedico \u00e8 del parco nazionale dolomiti bellunesi possiamo dire che quest&#8217;anno ha causato 2 vittime l&#8217;imprenditore che trasportava il miscelatore alla fattoria di Agre colpito alla testa da un sasso molto probabilmente mosso da un branco di cervi e il motociclista veronese che si e&#8217;scontrato con una cerva a Candaten che dire sar\u00e0 un problema che le autorit\u00e0 dovranno prendere in considerazione in futuro onde evitare altre vittime.<\/span><\/h3>\n<p>&nbsp;<\/p>\n<hr \/>\n<p>&nbsp;<\/p>\n<blockquote>\n<h3>UN PARCHEGGIO DA 120 MILA EURO A SERVIZIO DEL CAMPO DI CALCIO IVANO DORIGO, DA VENETO STRADE UN BONUS DI 40 MILA EURO PER GLI ASFALTI<\/h3>\n<\/blockquote>\n<p><strong><a class=\"dt-pswp-item\" href=\"https:\/\/www.radiopiu.net\/wordpress\/wp-content\/uploads\/2020\/05\/CAMPO-CALCIO-AGORDO1.jpg\" data-dt-img-description=\"\" data-large_image_width=\"300\" data-large_image_height=\"168\"><img loading=\"lazy\" decoding=\"async\" class=\" wp-image-141278 alignleft\" src=\"https:\/\/www.radiopiu.net\/wordpress\/wp-content\/uploads\/2020\/05\/CAMPO-CALCIO-AGORDO1.jpg\" alt=\"\" width=\"179\" height=\"100\" \/><\/a>AGORDO<\/strong> Un nuovo parcheggio a servizio del campo di calcio Ivano Dorigo per 90 auto ma anche per autocorriere. In localit\u00e0 Polane inoltre una nuova strada attorno allo stadio per dare un sbocco ulteriore alle piste di atletica, strada che diventer\u00e0 importante anche nel momento in cui potrebbero iniziare i lavori per la realizzazione delle tribune. Ne ha parlato in consiglio comunale il vicesindaco Giulio Favretti, pungolato dal consigliere di minoranza Paolo Selva Moretti. Progetti importanti per il campo di calcio e in parte finanziati e quindi cantierabili. Per la realizzazione delle tribune coperte il Comune di Agordo auspica una sinergia con altri Comuni della vallata, nei programmi anche la realizzazione del campo da calcio sintetico.<\/p>\n<p><strong>AUDIO DAL CONSIGLIO COMUNALE, INTERROGA PAOLA SELVA MORETTI, RISPONDONO GIULIO FAVRETTI E CRISTINA BIEN<\/strong><\/p>\n<audio class=\"wp-audio-shortcode\" id=\"audio-141555-1\" preload=\"none\" style=\"width: 100%;\" controls=\"controls\"><source type=\"audio\/mpeg\" src=\"https:\/\/www.radiopiu.net\/wordpress\/wp-content\/uploads\/2020\/05\/CAMPO-CALCIO.mp3?_=1\" \/><a href=\"https:\/\/www.radiopiu.net\/wordpress\/wp-content\/uploads\/2020\/05\/CAMPO-CALCIO.mp3\">https:\/\/www.radiopiu.net\/wordpress\/wp-content\/uploads\/2020\/05\/CAMPO-CALCIO.mp3<\/a><\/audio>\n<p>&nbsp;<\/p>\n<hr \/>\n<p>&nbsp;<\/p>\n<blockquote>\n<h3>PER IL DECORO DELLA CITTA&#8217; UNA SQUADRA DI VOLONTARI, FACILE DA DIRSI NON ALTRETTANTO DA FARSI<\/h3>\n<\/blockquote>\n<p><strong><a class=\"dt-pswp-item\" href=\"https:\/\/www.radiopiu.net\/wordpress\/wp-content\/uploads\/2020\/05\/4c9307fd-80ef-4c7a-a803-d868cb8b314f.jpg\" data-dt-img-description=\"\" data-large_image_width=\"1440\" data-large_image_height=\"720\"><img loading=\"lazy\" decoding=\"async\" class=\" wp-image-141295 alignleft\" src=\"https:\/\/www.radiopiu.net\/wordpress\/wp-content\/uploads\/2020\/05\/4c9307fd-80ef-4c7a-a803-d868cb8b314f-300x150.jpg\" alt=\"\" width=\"156\" height=\"78\" srcset=\"https:\/\/www.radiopiu.net\/wordpress\/wp-content\/uploads\/2020\/05\/4c9307fd-80ef-4c7a-a803-d868cb8b314f-300x150.jpg 300w, https:\/\/www.radiopiu.net\/wordpress\/wp-content\/uploads\/2020\/05\/4c9307fd-80ef-4c7a-a803-d868cb8b314f-1024x512.jpg 1024w, https:\/\/www.radiopiu.net\/wordpress\/wp-content\/uploads\/2020\/05\/4c9307fd-80ef-4c7a-a803-d868cb8b314f-768x384.jpg 768w, https:\/\/www.radiopiu.net\/wordpress\/wp-content\/uploads\/2020\/05\/4c9307fd-80ef-4c7a-a803-d868cb8b314f.jpg 1440w\" sizes=\"auto, (max-width: 156px) 100vw, 156px\" \/><\/a>AGORDO<\/strong> Interessante lo spunto del consigliere comunale Silvano Savio per il miglioramento del decoro urbano, la formazione di una squadra pronta ad operare munita di attrezzatura messa a disposizione dall&#8217;amministrazione comunale. Frena il sindaco Roberto Chissal\u00e8 perch\u00e9 per formare la squadra le persone dovrebbero avere i requisiti e l&#8217;assicurazione in caso di infortuni.<em> &#8220;Tempi lunghi&#8221;<\/em> dice il sindaco\u00a0 <em>&#8220;e nemmeno facili&#8221;<\/em> aggiunge.<\/p>\n<p><strong>LO SPUNTO DEL CONSIGLIERE SILVANO SAVIO, LA RISPOSTA DEL SINDACO ROBERTO CHISSALE&#8217;<\/strong><\/p>\n<audio class=\"wp-audio-shortcode\" id=\"audio-141555-2\" preload=\"none\" style=\"width: 100%;\" controls=\"controls\"><source type=\"audio\/mpeg\" src=\"https:\/\/www.radiopiu.net\/wordpress\/wp-content\/uploads\/2020\/05\/DECESPUGLIATORE.mp3?_=2\" \/><a href=\"https:\/\/www.radiopiu.net\/wordpress\/wp-content\/uploads\/2020\/05\/DECESPUGLIATORE.mp3\">https:\/\/www.radiopiu.net\/wordpress\/wp-content\/uploads\/2020\/05\/DECESPUGLIATORE.mp3<\/a><\/audio>\n<p>&nbsp;<\/p>\n<p>&nbsp;<\/p>\n<hr \/>\n<p>&nbsp;<\/p>\n<blockquote>\n<h3>I COMUNI DI ALLEGHE, ROCCA PIETORE, COLLE SANTA LUCIA E SELVA DI CADORE VERSO IL CENTRO ESTIVO<\/h3>\n<\/blockquote>\n<p><strong><a class=\"dt-pswp-item\" href=\"https:\/\/www.radiopiu.net\/wordpress\/wp-content\/uploads\/2019\/05\/ALLEGHE-DANILO-DE-TONI.jpeg\" data-dt-img-description=\"\" data-large_image_width=\"1373\" data-large_image_height=\"1600\"><img loading=\"lazy\" decoding=\"async\" class=\"size-medium wp-image-86463 alignleft\" src=\"https:\/\/www.radiopiu.net\/wordpress\/wp-content\/uploads\/2019\/05\/ALLEGHE-DANILO-DE-TONI-257x300.jpeg\" alt=\"\" width=\"257\" height=\"300\" srcset=\"https:\/\/www.radiopiu.net\/wordpress\/wp-content\/uploads\/2019\/05\/ALLEGHE-DANILO-DE-TONI-257x300.jpeg 257w, https:\/\/www.radiopiu.net\/wordpress\/wp-content\/uploads\/2019\/05\/ALLEGHE-DANILO-DE-TONI-768x895.jpeg 768w, https:\/\/www.radiopiu.net\/wordpress\/wp-content\/uploads\/2019\/05\/ALLEGHE-DANILO-DE-TONI-879x1024.jpeg 879w, https:\/\/www.radiopiu.net\/wordpress\/wp-content\/uploads\/2019\/05\/ALLEGHE-DANILO-DE-TONI.jpeg 1373w\" sizes=\"auto, (max-width: 257px) 100vw, 257px\" \/><\/a>ALLEGHE\u00a0<\/strong>In Val Cordevole ci si \u00e8 gi\u00e0 organizzati per un centro estivo. Ad annunciarlo il sindaco di Alleghe Danilo De Toni che spiega i particolari alla cittadinanza. Nell&#8217;iniziativa anche i comuni di Rocca Pietore, Selva di Cadore e Colle Santa Lucia<\/p>\n<p>&nbsp;<\/p>\n<p>&nbsp;<\/p>\n<p>&nbsp;<\/p>\n<p>&nbsp;<\/p>\n<p>&nbsp;<\/p>\n<p><strong>IL SINDACO DI ALLEGHE DANILO DE TONI<\/strong><\/p>\n<audio class=\"wp-audio-shortcode\" id=\"audio-141555-3\" preload=\"none\" style=\"width: 100%;\" controls=\"controls\"><source type=\"audio\/mpeg\" src=\"https:\/\/www.radiopiu.net\/wordpress\/wp-content\/uploads\/2020\/05\/DANILO-DE-TONI-CENTRO-ESTIVO.mp3?_=3\" \/><a href=\"https:\/\/www.radiopiu.net\/wordpress\/wp-content\/uploads\/2020\/05\/DANILO-DE-TONI-CENTRO-ESTIVO.mp3\">https:\/\/www.radiopiu.net\/wordpress\/wp-content\/uploads\/2020\/05\/DANILO-DE-TONI-CENTRO-ESTIVO.mp3<\/a><\/audio>\n<p>&nbsp;<\/p>\n<hr \/>\n<p>&nbsp;<\/p>\n<blockquote>\n<h3>NIENTE FESTA DELL&#8217;ORZO A SAN TOMASO<\/h3>\n<\/blockquote>\n<p><strong><a class=\"dt-pswp-item\" href=\"https:\/\/www.radiopiu.net\/wordpress\/wp-content\/uploads\/2015\/10\/300px-San_Tomaso_Ag.jpg\" data-dt-img-description=\"\" data-large_image_width=\"300\" data-large_image_height=\"225\"><img loading=\"lazy\" decoding=\"async\" class=\"size-medium wp-image-11619 alignleft\" src=\"https:\/\/www.radiopiu.net\/wordpress\/wp-content\/uploads\/2015\/10\/300px-San_Tomaso_Ag-300x225.jpg\" alt=\"\" width=\"300\" height=\"225\" \/><\/a>SAN TOMASO AGORDINO\u00a0<\/strong>La Festa Dell&#8217;Orzo a San Tomaso non si far\u00e0. Ad annunciarlo il sindaco Moreno De Val. Salta dunque la sagra paesana della prima domenica di settembre. Le normative attuali non consentono di organizzare come si vorrebbe la festa.<\/p>\n<p>&nbsp;<\/p>\n<p><strong>IL SINDACO DI SAN TOMASO MORENO DE VAL<\/strong><\/p>\n<audio class=\"wp-audio-shortcode\" id=\"audio-141555-4\" preload=\"none\" style=\"width: 100%;\" controls=\"controls\"><source type=\"audio\/mpeg\" src=\"https:\/\/www.radiopiu.net\/wordpress\/wp-content\/uploads\/2020\/05\/MORENO-DE-VAL-FESTA-ORZO.mp3?_=4\" \/><a href=\"https:\/\/www.radiopiu.net\/wordpress\/wp-content\/uploads\/2020\/05\/MORENO-DE-VAL-FESTA-ORZO.mp3\">https:\/\/www.radiopiu.net\/wordpress\/wp-content\/uploads\/2020\/05\/MORENO-DE-VAL-FESTA-ORZO.mp3<\/a><\/audio>\n<p>&nbsp;<\/p>\n<p>&nbsp;<\/p>\n<p>&nbsp;<\/p>\n<hr \/>\n<p>&nbsp;<\/p>\n<blockquote>\n<h3>NIENTE FESTA A CAPRILE PER L&#8217;ANNIVERSARIO DEI POMPIERI<\/h3>\n<\/blockquote>\n<p><a class=\"dt-pswp-item\" href=\"https:\/\/www.radiopiu.net\/wordpress\/wp-content\/uploads\/2020\/06\/99122055_915047522256663_5635395622367395840_n.jpg\" data-dt-img-description=\"\" data-large_image_width=\"960\" data-large_image_height=\"720\"><img loading=\"lazy\" decoding=\"async\" class=\" wp-image-141682 alignleft\" src=\"https:\/\/www.radiopiu.net\/wordpress\/wp-content\/uploads\/2020\/06\/99122055_915047522256663_5635395622367395840_n-300x225.jpg\" alt=\"\" width=\"239\" height=\"179\" srcset=\"https:\/\/www.radiopiu.net\/wordpress\/wp-content\/uploads\/2020\/06\/99122055_915047522256663_5635395622367395840_n-300x225.jpg 300w, https:\/\/www.radiopiu.net\/wordpress\/wp-content\/uploads\/2020\/06\/99122055_915047522256663_5635395622367395840_n-768x576.jpg 768w, https:\/\/www.radiopiu.net\/wordpress\/wp-content\/uploads\/2020\/06\/99122055_915047522256663_5635395622367395840_n.jpg 960w\" sizes=\"auto, (max-width: 239px) 100vw, 239px\" \/><\/a><strong>ALLEGHE<\/strong> Gli uomini in rosso fuoco di Caprile non festeggeranno i 120 anni dalla costituzione del distaccamento, non quest&#8217;anno. L&#8217;evento \u00e8 posticipato di un anno al 2021 e sar\u00e0 come lo sarebbe stato oggi un grande momento di\u00a0 aggregazione e divertimento, per la popolazione l&#8217;occasione per dire grazie a tanto impegno perch\u00e9 i pompieri ci sono sempre. <em>&#8220;Purtroppo a causa dell&#8217;emergenza sanitaria che stiamo affrontando non abbiamo potuto concretizzare il nostro progetto &#8211; scrivono i vigili del fuoco volontari di Caprile sulla pagina facebook &#8211;\u00a0 ma la festa del 120\u00ba anno di fondazione\u00a0 non \u00e8 cancellata, solo rimandata al prossimo anno&#8221;. <\/em>A proposito di impegni, pochi giorni fa i pompieri si sono trovati in distaccamento per svolgere un addestramento collegando tubazioni flessibili per creare una condotta dal lago di Alleghe a Saviner di Calloneghe per oltre 900 metri di lunghezza e un dislivello di circa 100 metri. Presenti 10 Vigili del Fuoco con Defender e A.P.S. Esercitazione interrotta per l&#8217;intervento a Chenet di Cencenighe nella ricerca del compianto Carlo Manfroi.<\/p>\n<p>&nbsp;<\/p>\n<p>&nbsp;<\/p>\n<p>&nbsp;<\/p>\n<hr \/>\n<p>&nbsp;<\/p>\n<blockquote>\n<h3>MASCHERINA IN FACCIA CON ATTENZIONE AL DISTANZIAMENTO. PROBLEMA TRASPORTI A RISCHIO GLI INVESTIMENTI DI TRENITALIA. PER LA GRECIA IL TURISTA VENETO E&#8217; PERSONA SGRADITA. NELLE ULTIME 24 ORE 3 POSITIVI IN VENETO, ZERO IN PROVINCIA, 101 GLI ATTUALMENTE POSITIVI. DECESSI IN REGIONE 1918, IN PROVINCIA 110.<\/h3>\n<\/blockquote>\n<p><strong>di Mirko Mezzacasa<\/strong><\/p>\n<p>Da oggi la mascherina nei luoghi aperti nel Veneto non \u00e8 pi\u00f9 obbligatoria, va tenuta in tasca e indossata nei luoghi chiusi, ma anche incrociando altre persone. Il nuovo problema da risolvere \u00e8 quello dei trasporti con i mezzi pubblici che viaggiano con il 50% in meno degli utenti, incassi dimezzati e la minaccia di trenitalia di non tenere fede agli investimenti concordati, per questo Venezia chiede l&#8217;intervento del Governo per una Regione che puntava nei prossimi tre anni a rinnovare l&#8217;intero parco mezzi. Per i turisti la m\u00e8ta Grecia rimane off limits o quasi ,ovvero i veneti che decideranno di prendere l&#8217;aereo o comunque spostarsi nei territori ellenici, da Atene alle isole,\u00a0 saranno schedati nella lista nera, sottoposti a tampone e se positivi messi in isolamento.<em> &#8220;La Grecia ci chiude le porte in faccia &#8211; ha detto Luca Zaia &#8211; bene sappiano che visto che non siamo graditi non ci vedranno pi\u00f9&#8221;.<\/em> Da oggi i locali potranno anche riprendere a &#8220;suonare&#8221;, musica di intrattenimento ammessa ma non i balli. Le cerimonia nuziali non sono vietate ma vige il divieto di assembramento come per le messe. Da oggi sono possibili anche le grigliate in famiglia e tra amici, al ristorante possibili le cene di gruppo fino a 12 persone. I vecchi ospedali non saranno smantellati ma solo chiusi pronti per riaprire in caso di emergenza, sono 5 le strutture riaperte nel Veneto con 740 posti letto che non sono mai stati utilizzati nel periodo emergenziale.<strong> I NUMERI\u00a0 IN VENETO:<\/strong> TOTALE POSITIVI 19153 (+3)\u00a0 ATTUALMENTE POSITIVI 1476 DECESSI 1918 NEGATIVIZZATI 15759 IN ISOLAMENTO 1594\u00a0 RICOVERATI 383 (111 POSITIVI, 272 NEGATIVIZZATI), NEGLI OSPEDALI DI COMUNITA&#8217; 49 RICOVERATI (11 POSITIVI, 38 NEGATIVIZZATI), IN TERAPIA INTENSIVA UNO IN MENO RISPETTO A SABATO: 29 (6 POSITIVI, 23 NEGATIVIZZATI). <strong>I NUMERI IN PROVINCIA:<\/strong> TOTALE CONTAGI 1170, ZERO POSITIVI NELLE ULTIME 24 ORE, ATTUALMENTE POSITIVI 101, DECEDUTI 110, NEGATIVIZZATI 959, IN ISOLAMENTO DOMICILIARE 190. RICOVERATI IN OSPEDALE AL SAN MARTINO 5 DIMESSI 98 DECESSI 53 A FELTRE 6 DECESSI\u00a0 (12 DIMESSI) NEGLI OSPEDALI DI COMUNITA&#8217; DI BELLUNO 17 DECESSI\u00a0 (35 DIMESSI),\u00a0 AGORDO 1 DECESSO (32 DIMESSI), PIEVE DI CADORE 1.<\/p>\n<p>&nbsp;<\/p>\n<p>&nbsp;<\/p>\n<p>&nbsp;<\/p>\n<hr \/>\n<p>&nbsp;<\/p>\n<blockquote class=\"wp-embedded-content\" data-secret=\"gqkUkynPTN\"><p><a href=\"https:\/\/www.radiopiu.net\/wordpress\/coronavirus-aggiornamento-nazionale-31-maggio\/\">CORONAVIRUS: AGGIORNAMENTO NAZIONALE 31 MAGGIO<\/a><\/p><\/blockquote>\n<p><iframe loading=\"lazy\" title=\"&#8220;CORONAVIRUS: AGGIORNAMENTO NAZIONALE 31 MAGGIO&#8221; &#8212; Radio Pi\u00f9\" class=\"wp-embedded-content\" sandbox=\"allow-scripts\" security=\"restricted\" style=\"position: absolute; clip: rect(1px, 1px, 1px, 1px);\" src=\"https:\/\/www.radiopiu.net\/wordpress\/coronavirus-aggiornamento-nazionale-31-maggio\/embed\/#?secret=gqkUkynPTN\" data-secret=\"gqkUkynPTN\" width=\"600\" height=\"338\" frameborder=\"0\" marginwidth=\"0\" marginheight=\"0\" scrolling=\"no\"><\/iframe><\/p>\n<p>&nbsp;<\/p>\n<hr \/>\n<p>&nbsp;<\/p>\n<blockquote class=\"wp-embedded-content\" data-secret=\"tW9rQiw0Zm\"><p><a href=\"https:\/\/www.radiopiu.net\/wordpress\/bollettino-delle-17-nelle-24-ore-nessun-decesso-in-ospedale-3-positivi-123-persone-fuori-dallisolamento\/\">BOLLETTINO DELLE 17 NELLE 24 ORE NESSUN DECESSO IN OSPEDALE, 3 POSITIVI,  123 PERSONE FUORI DALL&#8217;ISOLAMENTO.<\/a><\/p><\/blockquote>\n<p><iframe loading=\"lazy\" title=\"&#8220;BOLLETTINO DELLE 17 NELLE 24 ORE NESSUN DECESSO IN OSPEDALE, 3 POSITIVI,  123 PERSONE FUORI DALL&#8217;ISOLAMENTO.&#8221; &#8212; Radio Pi\u00f9\" class=\"wp-embedded-content\" sandbox=\"allow-scripts\" security=\"restricted\" style=\"position: absolute; clip: rect(1px, 1px, 1px, 1px);\" src=\"https:\/\/www.radiopiu.net\/wordpress\/bollettino-delle-17-nelle-24-ore-nessun-decesso-in-ospedale-3-positivi-123-persone-fuori-dallisolamento\/embed\/#?secret=tW9rQiw0Zm\" data-secret=\"tW9rQiw0Zm\" width=\"600\" height=\"338\" frameborder=\"0\" marginwidth=\"0\" marginheight=\"0\" scrolling=\"no\"><\/iframe><\/p>\n<p>&nbsp;<\/p>\n<h2><a class=\"dt-pswp-item\" href=\"https:\/\/www.radiopiu.net\/wordpress\/wp-content\/uploads\/2020\/05\/ae338ed6-bd76-4dea-9891-3a33fff473f4.jpg\" data-dt-img-description=\"\" data-large_image_width=\"1024\" data-large_image_height=\"783\"><img loading=\"lazy\" decoding=\"async\" class=\"alignnone wp-image-141674 size-full\" src=\"https:\/\/www.radiopiu.net\/wordpress\/wp-content\/uploads\/2020\/05\/ae338ed6-bd76-4dea-9891-3a33fff473f4.jpg\" alt=\"\" width=\"1024\" height=\"783\" srcset=\"https:\/\/www.radiopiu.net\/wordpress\/wp-content\/uploads\/2020\/05\/ae338ed6-bd76-4dea-9891-3a33fff473f4.jpg 1024w, https:\/\/www.radiopiu.net\/wordpress\/wp-content\/uploads\/2020\/05\/ae338ed6-bd76-4dea-9891-3a33fff473f4-300x229.jpg 300w, https:\/\/www.radiopiu.net\/wordpress\/wp-content\/uploads\/2020\/05\/ae338ed6-bd76-4dea-9891-3a33fff473f4-768x587.jpg 768w\" sizes=\"auto, (max-width: 1024px) 100vw, 1024px\" \/><\/a><\/h2>\n<p>&nbsp;<\/p>\n<hr \/>\n<p>&nbsp;<\/p>\n<blockquote>\n<h3>DATI E GRAFICI DEL GIORNO, PROVINCIA \u2013 REGIONE 31 MAGGIO 2020<\/h3>\n<\/blockquote>\n<p><strong>Con la collaborazione di Tiziano De Col<\/strong><\/p>\n<p><a class=\"dt-pswp-item\" href=\"https:\/\/www.radiopiu.net\/wordpress\/wp-content\/uploads\/2020\/05\/5551273E-DD54-4C37-A759-C37281FCDB67.jpeg\" data-dt-img-description=\"\" data-large_image_width=\"644\" data-large_image_height=\"390\"><img loading=\"lazy\" decoding=\"async\" class=\"alignnone size-medium wp-image-141651\" src=\"https:\/\/www.radiopiu.net\/wordpress\/wp-content\/uploads\/2020\/05\/5551273E-DD54-4C37-A759-C37281FCDB67-300x182.jpeg\" alt=\"\" width=\"300\" height=\"182\" srcset=\"https:\/\/www.radiopiu.net\/wordpress\/wp-content\/uploads\/2020\/05\/5551273E-DD54-4C37-A759-C37281FCDB67-300x182.jpeg 300w, https:\/\/www.radiopiu.net\/wordpress\/wp-content\/uploads\/2020\/05\/5551273E-DD54-4C37-A759-C37281FCDB67.jpeg 644w\" sizes=\"auto, (max-width: 300px) 100vw, 300px\" \/><\/a><a class=\"dt-pswp-item\" href=\"https:\/\/www.radiopiu.net\/wordpress\/wp-content\/uploads\/2020\/05\/2E73F219-4190-45A9-87C4-48400C09BF4E.jpeg\" data-dt-img-description=\"\" data-large_image_width=\"592\" data-large_image_height=\"334\"><img loading=\"lazy\" decoding=\"async\" class=\"alignnone size-medium wp-image-141652\" src=\"https:\/\/www.radiopiu.net\/wordpress\/wp-content\/uploads\/2020\/05\/2E73F219-4190-45A9-87C4-48400C09BF4E-300x169.jpeg\" alt=\"\" width=\"300\" height=\"169\" srcset=\"https:\/\/www.radiopiu.net\/wordpress\/wp-content\/uploads\/2020\/05\/2E73F219-4190-45A9-87C4-48400C09BF4E-300x169.jpeg 300w, https:\/\/www.radiopiu.net\/wordpress\/wp-content\/uploads\/2020\/05\/2E73F219-4190-45A9-87C4-48400C09BF4E.jpeg 592w\" sizes=\"auto, (max-width: 300px) 100vw, 300px\" \/><\/a><a class=\"dt-pswp-item\" href=\"https:\/\/www.radiopiu.net\/wordpress\/wp-content\/uploads\/2020\/05\/4EA6A09D-4B47-476C-9737-BBDE2ACCF465.jpeg\" data-dt-img-description=\"\" data-large_image_width=\"1658\" data-large_image_height=\"899\"><img loading=\"lazy\" decoding=\"async\" class=\"alignnone size-medium wp-image-141654\" src=\"https:\/\/www.radiopiu.net\/wordpress\/wp-content\/uploads\/2020\/05\/4EA6A09D-4B47-476C-9737-BBDE2ACCF465-300x163.jpeg\" alt=\"\" width=\"300\" height=\"163\" srcset=\"https:\/\/www.radiopiu.net\/wordpress\/wp-content\/uploads\/2020\/05\/4EA6A09D-4B47-476C-9737-BBDE2ACCF465-300x163.jpeg 300w, https:\/\/www.radiopiu.net\/wordpress\/wp-content\/uploads\/2020\/05\/4EA6A09D-4B47-476C-9737-BBDE2ACCF465-1024x555.jpeg 1024w, https:\/\/www.radiopiu.net\/wordpress\/wp-content\/uploads\/2020\/05\/4EA6A09D-4B47-476C-9737-BBDE2ACCF465-768x416.jpeg 768w, https:\/\/www.radiopiu.net\/wordpress\/wp-content\/uploads\/2020\/05\/4EA6A09D-4B47-476C-9737-BBDE2ACCF465-1536x833.jpeg 1536w, https:\/\/www.radiopiu.net\/wordpress\/wp-content\/uploads\/2020\/05\/4EA6A09D-4B47-476C-9737-BBDE2ACCF465.jpeg 1658w\" sizes=\"auto, (max-width: 300px) 100vw, 300px\" \/><\/a><\/p>\n<p>&nbsp;<\/p>\n<hr \/>\n<p>&nbsp;<\/p>\n<h2>LEGGI LA CONFERENZA STAMPA DI LUCA ZAIA<\/h2>\n<p><em>Dalle 24 la nuova ordinanza, la mascherina solo in luoghi chiusi ma non per le passeggiate. Circolazione: si pu\u00f2 andare in auto ma i non conviventi devono avere la mascherina\u00a0 se non rispettano la distanza di un metro e puo&#8217; salire in auto lo stesso numero di persone previsto dal libretto di omologazione del messo. Nessuna deroga per nessuno.\u00a0 Tanti morti come nella tragedia del Vajont, numeri paurosi come un paese medio del Veneto, un evento di quelli che ricorderemo nel futuro. Sono morti veri e lo dico ai complottisti che ci accusano di ritoccare i numeri, una mancanza di rispetto verso chi ha perso la vita e verso coloro che hanno fatto di tutto per salvare la vita ad altri. La Grecia di da degli appestati? Vado li con Crisanti e poi vediamo come sono messi dopo aver fatto i tamponi. I governatori sono disconnessi dal loro popolo.\u00a0 Dov&#8217;\u00e8\u00a0 \u00a0il Ministero degli Esteri? Laciamo perdere. Loro devono togliere la nostra regione dal bando, la Grecia \u00e8 in Europa, non pu\u00f2 permettersi questo atteggiamento. tornassi indietro riaprirei le spiagge il 18 maggio come ho fatto. Se fosse stato proiettato tutto a fine giugno sarebbe stato drammatico.<\/em><\/p>\n<p><strong>ORDINANZA<\/strong> Stiamo preparando le linee guida per cinema, teatri, discoteche, servizi oggi penalizzati con i numeri attuali.<strong> SALE GIOCO\u00a0<\/strong> Siamo pronti anche con le linee guida per le case da gioco e i casino&#8217; avendone uno in Veneto a Venezia cosi&#8217; come la Liguria a Sanremo e sono da riaprire. <strong>CONFINI REGIONALI<\/strong> Pare che dal 3 giugno si aprano i confini regionali, a serve un provvedimento nazionale che interrompa i blocchi. <em><strong>EUROPA<\/strong><\/em>\u00a0 Resta l&#8217;imbarazzante tema delle scelte per l&#8217;Europa che aupisco sia unica. Noi la gestione dei dati ce l&#8217;abbiamo e l&#8217;abbiamo avuta, tutti dovrebbero averla. TRENI\u00a0 Per i treni c&#8217;\u00e8 un aggiornamento, oggi siamo all&#8217;offerta pre covid con 3 treni in pi\u00f9 sulla Verona Venezia e 2 sulla Castelfranco Venezia e inoltre 10 pullman in pi\u00f9 per la pianura veneta. Nonostante questo sono sempre pieni per il problema della riduzione del 50 per cento. Dalla prossima settimana su Venezia anche i treni da Bologna e Trieste che non si ripagano con la partita dei biglietti per la riduzione del 50 per cento e per i mezzi in pi\u00f9,\u00a0 e Trenitalia vuole mettere in discussione gli investimenti concordati. La Regione \u00e8 fuori per almeno 100 milioni di euro. Per questo chiedo che intervenga il Governo perch\u00e9 trenitalia \u00e8 espressione del Governo e non possiamo pagare i costi con i biglietti, non ora.<\/p>\n<h2>DOMANDE<\/h2>\n<p><strong>PORTE APERTE PER IL VENETO<\/strong> Noi non chiediamo nulla diversamente dagli altri non chiediamo la patente d&#8217;immunit\u00e0 che dal punto di vista scientifico non esiste.<\/p>\n<p><strong>RECESSIONE<\/strong> Ne verremo fuori la vedo a V non a U<\/p>\n<p><strong>IL FUTURO<\/strong>\u00a0 Abbiamo 101 giorni di esperienza accumulata, se si ripresa il virus trover\u00e0 una squadra diversa, preparata, piu&#8217; performante e nel giro di un paio di settimane presenteremo il nuovo piano di sanita&#8217; pubblica con l&#8217;artiglieria pesante rafforzando il territorio. Abbiamo fatto esperienza limitando i danni. Meglio del mito americano, abbiamo visto le fosse comuni a New York per non parlare del Brasile altro che 4000 contagiati come da tabella, il virus se lo cerchi lo trovi altrimenti non lo trovi se non troppo tardi. Al prossimo giro non possiamo permetterci di fare errori<\/p>\n<p><strong>NUOVO PIANO SANITARIO COSA PREVEDE PER GLI OSPEDALI? RITORNO ALLA NORMALITA&#8217;?<\/strong> Gli ospedali chiusi e poi riaperti, sono cinque per oltre 700 nuovi posti letto,\u00a0 fortunatamente non utilizzati, daremo un colpo di chiave ma li teniamo li pronti per l&#8217;autunno e lo dico anche ai comitati. Saranno pronti in caso di emergenza non possiamo arrivare a ottobre senza queste strutture. Stiamo pensando di contigentare le tende esterne allestite ove possibile cercando di disingolfare e per avere un magazzino pronto su altri fonti, sono tende da protezione civile per le varie catastrofi, il ruolo della protezione civile e&#8217; anche programmare. GLI OSPEDALI COVID di fatto smontiamo solo le terapie intensive ingombranti lasciando tutto il possibile immaginabile anche reparti gi\u00e0 allestiti per il piano d&#8217;attacco. VILLA SALUS torna ospedale come prima ma quanto allestito rimane li&#8217; pronto, la terapia intensiva e semi intensiva non \u00e8 un impiccio. La prossima volta bastera&#8217; una telefonata non la ricerca di messi per recuperare materiali, abbiamo 6 mesi di fabbisogno anche per le mascherine.Per Padova ad esempio 4500 camici al giorno. Prima del coronavirus non si vedevano i sanitari con le mascherine se non in sala operatoria o dal dentista. Abbiamo gi\u00e0 visto con gli assessori la bozza del piano che sar\u00e0 un protocollo d&#8217;intervento pronto in caso di ri infezione, ben stabilito.<\/p>\n<p><strong>LA GRECIA HA APERTO ALL&#8217;ITALIA<\/strong> Avranno visto i numeri dei turisti italiani. Ho sempre avuto il mito per i Greci pensare che la culla della cultura e dell&#8217;antichit\u00e0 abbia fatto degli editti per escludere il Veneto \u00e8 alluncinante, vorrei sapere cosa ne pensano gli operatori greci, siamo noi che andiamo da loro non viceversa, non ci andiamo piu&#8217;. Almeno ci avessero chiesto informazioni. Chiamo Crisanti e andiamo a casa loro a fare i tamponi poi vediamo qual&#8217;\u00e8 la loro situazione, nessun paese \u00e8 indenne dal covid19 e noi non siamo degli appestati. Ci hanno mancato di rispetto e l&#8217;Europa come sempre \u00e8 assente.<\/p>\n<p><strong>COSA VUOLE DIRE TORNARE ALL&#8217;EMERGENZA?<\/strong> Oggi calano i ricoveri ed i decessi a abbiamo casi critici che ci portiamo appresso da un paio di mesi. La re infezione si concretizzer\u00e0 eventualmente con le impennate dei carichi nelle terapie intensive e innalzamento dei postivi, oggi il contagio \u00e8 allo zero sei per mille, se lo vediamo innalzarsi iniziamo a preoccuparti.\u00a0 L&#8217;RT \u00e8 a 0,65 non da emergenza epidemiologica.<\/p>\n<p><strong>A QUANDO IL PIANO SANITARIO?<\/strong> Una decina di giorni<\/p>\n<p><strong>IL VENETO CHIUDE HAI PAESI CHE CI HANNO MESSO AL BANDO?<\/strong> Il Veneto non chiude a nessuno \u00e8 ospitale e se qualcuno manda via gli ospiti che vengano da noi che un posto glielo troviamo sempre.<\/p>\n<p>https:\/\/www.facebook.com\/zaiaufficiale\/videos\/865760110602364<\/p>\n<p>&nbsp;<\/p>\n<hr \/>\n<p>&nbsp;<\/p>\n<blockquote>\n<h3>&#8220;DE COCCIO&#8221;: IL FINE SETTIMANA INIZIA CON 2 SANZIONI<\/h3>\n<\/blockquote>\n<p><strong>BELLUNO\u00a0<\/strong>Dopo due giornate a quota zero sanzioni, il fine settimana inizia con 2 contravvenzioni in base al contenimento del virus Covid-19. 552 le persone controllate nella giornata di sabato. Questi i dati della Prefettura di Belluno. Da inizio settimana sono 2966 le persone controllate, 8 le sanzioni e una denuncia in 6 giorni. Continuano i monitoraggi degli esercizi commerciali. Nessuna sanzione o chiusura dopo 286 attivit\u00e0 controllate.<\/p>\n<p><a class=\"dt-pswp-item\" href=\"https:\/\/www.radiopiu.net\/wordpress\/wp-content\/uploads\/2020\/05\/MONITORAGGIO_GIORNALIERO_DEI_SERVIZI_DI_CONTROLLO_DEL_30.05.2020.jpg\" data-dt-img-description=\"\" data-large_image_width=\"1240\" data-large_image_height=\"1753\"><img loading=\"lazy\" decoding=\"async\" class=\"alignnone wp-image-141561 \" src=\"https:\/\/www.radiopiu.net\/wordpress\/wp-content\/uploads\/2020\/05\/MONITORAGGIO_GIORNALIERO_DEI_SERVIZI_DI_CONTROLLO_DEL_30.05.2020-724x1024.jpg\" alt=\"\" width=\"283\" height=\"400\" srcset=\"https:\/\/www.radiopiu.net\/wordpress\/wp-content\/uploads\/2020\/05\/MONITORAGGIO_GIORNALIERO_DEI_SERVIZI_DI_CONTROLLO_DEL_30.05.2020-724x1024.jpg 724w, https:\/\/www.radiopiu.net\/wordpress\/wp-content\/uploads\/2020\/05\/MONITORAGGIO_GIORNALIERO_DEI_SERVIZI_DI_CONTROLLO_DEL_30.05.2020-212x300.jpg 212w, https:\/\/www.radiopiu.net\/wordpress\/wp-content\/uploads\/2020\/05\/MONITORAGGIO_GIORNALIERO_DEI_SERVIZI_DI_CONTROLLO_DEL_30.05.2020-768x1086.jpg 768w, https:\/\/www.radiopiu.net\/wordpress\/wp-content\/uploads\/2020\/05\/MONITORAGGIO_GIORNALIERO_DEI_SERVIZI_DI_CONTROLLO_DEL_30.05.2020-1087x1536.jpg 1087w, https:\/\/www.radiopiu.net\/wordpress\/wp-content\/uploads\/2020\/05\/MONITORAGGIO_GIORNALIERO_DEI_SERVIZI_DI_CONTROLLO_DEL_30.05.2020.jpg 1240w\" sizes=\"auto, (max-width: 283px) 100vw, 283px\" \/><\/a><\/p>\n<p>&nbsp;<\/p>\n<hr \/>\n<p>&nbsp;<\/p>\n<blockquote>\n<h3>\u00abASILI NIDO ANCORA FERMI. VOGLIAMO RIAPRIRLI, LA REGIONE SI DECIDA\u00bb<\/h3>\n<\/blockquote>\n<p><strong><a class=\"dt-pswp-item\" href=\"https:\/\/www.radiopiu.net\/wordpress\/wp-content\/uploads\/2020\/05\/ASILO-NIDO-SCIVOLO.jpg\" data-dt-img-description=\"\" data-large_image_width=\"1920\" data-large_image_height=\"1280\"><img loading=\"lazy\" decoding=\"async\" class=\"size-medium wp-image-141610 alignleft\" src=\"https:\/\/www.radiopiu.net\/wordpress\/wp-content\/uploads\/2020\/05\/ASILO-NIDO-SCIVOLO-300x200.jpg\" alt=\"\" width=\"300\" height=\"200\" srcset=\"https:\/\/www.radiopiu.net\/wordpress\/wp-content\/uploads\/2020\/05\/ASILO-NIDO-SCIVOLO-300x200.jpg 300w, https:\/\/www.radiopiu.net\/wordpress\/wp-content\/uploads\/2020\/05\/ASILO-NIDO-SCIVOLO-1024x683.jpg 1024w, https:\/\/www.radiopiu.net\/wordpress\/wp-content\/uploads\/2020\/05\/ASILO-NIDO-SCIVOLO-768x512.jpg 768w, https:\/\/www.radiopiu.net\/wordpress\/wp-content\/uploads\/2020\/05\/ASILO-NIDO-SCIVOLO-1536x1024.jpg 1536w, https:\/\/www.radiopiu.net\/wordpress\/wp-content\/uploads\/2020\/05\/ASILO-NIDO-SCIVOLO.jpg 1920w\" sizes=\"auto, (max-width: 300px) 100vw, 300px\" \/><\/a>BELLUNO\u00a0<\/strong>Appello dei sindaci bellunesi alla Regione Veneto affinch\u00e9 provveda alla riapertura degli asili nido: l&#8217;ordinanza regionale n. 50 dello scorso 23 maggio &#8211; che al punto A, lettera d) riporta: \u201cdal 1\u00b0 giugno 2020 \u00e8 ammessa la ripresa della seguente attivit\u00e0 nel rispetto delle corrispondenti schede dell\u2019allegato 1: servizi per l\u2019infanzia e adolescenza 0-17 anni\u201d (attivit\u00e0 organizzate da soggetti pubblici e privati per la socialit\u00e0 e il gioco a carattere diurno per bambini e adolescenti) -, ha indotto in errore numerose famiglie, illudendole che i servizi nido fossero stati riaperti e spingendole a rivolgersi ai Sindaci per sollecitarli.\u00a0\u00ab<em>Sono arrivate in questi giorni ai Comuni le \u201cLinee di indirizzo per la riapertura dei servizi per infanzia e adolescenza 0-17 anni\u201d, elaborate dalla Direzione Prevenzione della Regione del Veneto, recepite con l&#8217;ordinanza n.55 di venerd\u00ec che per\u00f2 non riapre ancora gli asili nido, generando ancora pi\u00f9 confusione. &#8211; spiega il Presidente della Conferenza dei Sindaci dell&#8217;Ulss 1 Dolomiti, Jacopo Massaro, che ha affrontato il tema insieme al collega di Feltre e Vicepresidente Paolo Perenzin &#8211; La lettera di accompagnamento, a firma dell\u2019Assessore regionale Manuela Lanzarin, precisa che \u201canche se le Linee di indirizzo includono gi\u00e0 le indicazioni relative anche alla fascia 0-3 anni, allo stato attuale \u00e8 possibile attivare solamente i servizi rivolti ai bambini con et\u00e0 superiore ai 3 anni. I servizi per la prima infanzia verranno attivati a partire da una data che sar\u00e0 successivamente indicata, anche a seguito delle interlocuzioni in corso con le Strutture nazionali di riferimento\u201d. \u00c8 chiaro quindi che i Comuni e tutti i soggetti, pubblici o privati che siano, che erogano il servizio educativo rivolto ai bambini da 0 a 3 anni non potranno riavviare le attivit\u00e0 a partire da luned\u00ec 1 giugno<\/em>\u00bb.\u00a0Da qui la richiesta di Massaro e Perenzin: \u00ab<em>La Regione riapra questi servizi: \u00e8 comodo rivendicare autonomia nelle scelte, ma evitare di esercitarla quando si richiede l\u2019assunzione di responsabilit\u00e0. Capiamo che la Regione preferirebbe poter attendere alcune indicazioni nazionali sugli aspetti operativi per togliersi delle responsabilit\u00e0, ma ricordiamoci che \u00e8 la Regione che fissa gli standard per l\u2019erogazione di questi servizi. Invitiamo quindi la Regione a prendere in mano al pi\u00f9 presto la questione degli asili nido. Non lo chiediamo solo noi, ma lo chiedono le famiglie, che dall\u2019inizio di questa emergenza non solo avrebbero avuto bisogno di un sostegno nella gestione familiare, ma hanno giustamente sottolineato l\u2019enorme valore educativo che questi servizi producono nei confronti dei bambini della fascia 0-3; lo chiedono i gestori dei servizi, ormai fermi da tre mesi, che vedono sempre pi\u00f9 difficolt\u00e0 a garantire la ripresa del servizio e i posti di lavoro; lo chiedono anche i comuni, che spesso si trovano anche a dover pagare un servizio pur senza poterlo erogare alle famiglie<\/em>\u00bb.\u00a0C&#8217;\u00e8 poi la questione risorse: \u00ab<em>Sicuramente vi sar\u00e0 la necessit\u00e0 di incrementare gli educatori, il personale di supporto e probabilmente anche<span class=\"Apple-converted-space\">\u00a0 <\/span>gli spazi dedicati, comportando un&#8217;impennata nelle spese. &#8211; continuano i primi cittadini \u2013 Prendiamo atto che il Governo ha gi\u00e0 stanziato 150 milioni di euro per questa emergenza, che non sono tantissimi, ma almeno sono un inizio; ora attendiamo segnali fattivi anche da parte della Regione. Ne abbiamo davvero bisogno<\/em>\u00bb<\/p>\n<p>&nbsp;<\/p>\n<p>&nbsp;<\/p>\n<hr \/>\n<p>&nbsp;<\/p>\n<div class=\"page-title-head hgroup\">\n<blockquote>\n<h3 class=\"entry-title\">IL SOROPTIMIST APRE UN NUOVO SPORTELLO GRATUITO PER STUDENTI DELLE SUPERIORI<\/h3>\n<\/blockquote>\n<\/div>\n<div class=\"page-title-breadcrumbs\">\n<p><strong class=\"photoswipe-wrapper\"><img loading=\"lazy\" decoding=\"async\" class=\"size-medium wp-image-141668 alignleft jetpack-lazy-image jetpack-lazy-image--handled\" src=\"https:\/\/i2.wp.com\/www.radiopiu.net\/wordpress\/wp-content\/uploads\/2020\/05\/image.png?resize=261%2C300&amp;ssl=1\" sizes=\"auto, (max-width: 261px) 100vw, 261px\" srcset=\"https:\/\/i2.wp.com\/www.radiopiu.net\/wordpress\/wp-content\/uploads\/2020\/05\/image.png?resize=261%2C300&amp;ssl=1 261w, https:\/\/i2.wp.com\/www.radiopiu.net\/wordpress\/wp-content\/uploads\/2020\/05\/image.png?w=557&amp;ssl=1 557w\" alt=\"\" width=\"261\" height=\"300\" data-recalc-dims=\"1\" data-lazy-loaded=\"1\" \/>BELLUNO<\/strong>\u00a0 Dopo le mascherine FFP2 e le strumentazioni mediche donate agli ospedali italiani per un valore di 300.000 \u20ac, dopo l\u2019apertura dello sportello psicologico, dello sportello delle commercialiste, avvocate di impresa e di famiglia, penaliste, notai, nutrizioniste, pediatre, ginecologhe, interniste, endocrinologhe, il Soroptomist International propone ora un sostegno scolastico gratuito per gli alunni delle superiori. L\u2019intento \u00e8 quello di offrire supporto a quanti devono colmare lacune conseguenti alla didattica a distanza e preparare gli studenti ad affrontare il prossimo anno scolastico con le conoscenze e competenze indispensabili, con una particolare attenzione a coloro che dovranno frequentare il quinto anno. Le professoresse soroptimiste sono disponibili da giugno a settembre, anche durante il mese di agosto, da luned\u00ec al venerd\u00ec, dalle ore 9,00 alle 16,00, ad offrire il proprio supporto agli studenti nelle seguenti materie: italiano, storia, filosofia, latino, greco, matematica, fisica, scienze, economia, diritto, inglese, francese, tedesco e spagnolo.\u00a0La presa di contatto avviene telefonicamente al 02 5462611 o via mail all\u2019indirizzo: didattica@soroptimist.it e verranno poi concordati il giorno l\u2019ora e la modalit\u00e0 dell\u2019intervento. \u201cIn questa delicata fase vogliamo offrire le nostre competenze professionali, dando un contributo rapido e concreto per contrastare gli effetti dell\u2019emergenza coronavirus, -ha dichiarato la presidente Pierina Arrigoni del club Belluno-Feltre- le nostri socie credono fermamente negli ideali di solidariet\u00e0 che caratterizzano la nostra associazione da 100 anni e si spendono con passione per superare le difficolt\u00e0 non solo delle donne, ma di ogni persona e impresa nel dopo lockdaown\u201d.<\/p>\n<p>FOTO Piera Arrigoni Presidente SI\u00a0club Belluno Feltre<\/p>\n<p>&nbsp;<\/p>\n<hr \/>\n<p>&nbsp;<\/p>\n<\/div>\n<blockquote class=\"wp-embedded-content\" data-secret=\"OI9XJfgN0t\"><p><a href=\"https:\/\/www.radiopiu.net\/wordpress\/evasione-fiscale-in-calo-grazie-al-lockdown-275-miliardi-in-meno\/\">EVASIONE FISCALE IN CALO: \u201cGRAZIE\u201d AL LOCKDOWN 27,5 MILIARDI IN MENO<\/a><\/p><\/blockquote>\n<p><iframe loading=\"lazy\" title=\"&#8220;EVASIONE FISCALE IN CALO: \u201cGRAZIE\u201d AL LOCKDOWN 27,5 MILIARDI IN MENO&#8221; &#8212; Radio Pi\u00f9\" class=\"wp-embedded-content\" sandbox=\"allow-scripts\" security=\"restricted\" style=\"position: absolute; clip: rect(1px, 1px, 1px, 1px);\" src=\"https:\/\/www.radiopiu.net\/wordpress\/evasione-fiscale-in-calo-grazie-al-lockdown-275-miliardi-in-meno\/embed\/#?secret=OI9XJfgN0t\" data-secret=\"OI9XJfgN0t\" width=\"600\" height=\"338\" frameborder=\"0\" marginwidth=\"0\" marginheight=\"0\" scrolling=\"no\"><\/iframe><\/p>\n<p>&nbsp;<\/p>\n<hr \/>\n<p>&nbsp;<\/p>\n<blockquote>\n<h3>DI JOHN FRANCIS DELLA PIETRA &#8220;PER NON DIMENTICARE&#8230;&#8221;<\/h3>\n<\/blockquote>\n<h1><a class=\"dt-pswp-item\" href=\"https:\/\/www.radiopiu.net\/wordpress\/wp-content\/uploads\/2020\/05\/ada5893b-0d45-47ff-8985-5c5f41a800b9.jpg\" data-dt-img-description=\"\" data-large_image_width=\"1599\" data-large_image_height=\"1200\"><img loading=\"lazy\" decoding=\"async\" class=\"alignnone size-medium wp-image-141664\" src=\"https:\/\/www.radiopiu.net\/wordpress\/wp-content\/uploads\/2020\/05\/ada5893b-0d45-47ff-8985-5c5f41a800b9-300x225.jpg\" alt=\"\" width=\"300\" height=\"225\" srcset=\"https:\/\/www.radiopiu.net\/wordpress\/wp-content\/uploads\/2020\/05\/ada5893b-0d45-47ff-8985-5c5f41a800b9-300x225.jpg 300w, https:\/\/www.radiopiu.net\/wordpress\/wp-content\/uploads\/2020\/05\/ada5893b-0d45-47ff-8985-5c5f41a800b9-1024x768.jpg 1024w, https:\/\/www.radiopiu.net\/wordpress\/wp-content\/uploads\/2020\/05\/ada5893b-0d45-47ff-8985-5c5f41a800b9-768x576.jpg 768w, https:\/\/www.radiopiu.net\/wordpress\/wp-content\/uploads\/2020\/05\/ada5893b-0d45-47ff-8985-5c5f41a800b9-1536x1153.jpg 1536w, https:\/\/www.radiopiu.net\/wordpress\/wp-content\/uploads\/2020\/05\/ada5893b-0d45-47ff-8985-5c5f41a800b9.jpg 1599w\" sizes=\"auto, (max-width: 300px) 100vw, 300px\" \/><\/a><\/h1>\n<h1>AUDIO<\/h1>\n<audio class=\"wp-audio-shortcode\" id=\"audio-141555-5\" preload=\"none\" style=\"width: 100%;\" controls=\"controls\"><source type=\"audio\/mpeg\" src=\"https:\/\/www.radiopiu.net\/wordpress\/wp-content\/uploads\/2020\/05\/JOHN.mp3?_=5\" \/><a href=\"https:\/\/www.radiopiu.net\/wordpress\/wp-content\/uploads\/2020\/05\/JOHN.mp3\">https:\/\/www.radiopiu.net\/wordpress\/wp-content\/uploads\/2020\/05\/JOHN.mp3<\/a><\/audio>\n<p>&nbsp;<\/p>\n<p>&nbsp;<\/p>\n<blockquote class=\"wp-embedded-content\" data-secret=\"102WGxwTin\"><p><a href=\"https:\/\/www.radiopiu.net\/wordpress\/di-john-francis-della-pietra-per-non-dimenticare\/\">DI JOHN FRANCIS DELLA PIETRA &#8220;PER NON DIMENTICARE&#8230;&#8221;<\/a><\/p><\/blockquote>\n<p><iframe loading=\"lazy\" title=\"&#8220;DI JOHN FRANCIS DELLA PIETRA &#8220;PER NON DIMENTICARE&#8230;&#8221;&#8221; &#8212; Radio Pi\u00f9\" class=\"wp-embedded-content\" sandbox=\"allow-scripts\" security=\"restricted\" style=\"position: absolute; clip: rect(1px, 1px, 1px, 1px);\" src=\"https:\/\/www.radiopiu.net\/wordpress\/di-john-francis-della-pietra-per-non-dimenticare\/embed\/#?secret=102WGxwTin\" data-secret=\"102WGxwTin\" width=\"600\" height=\"338\" frameborder=\"0\" marginwidth=\"0\" marginheight=\"0\" scrolling=\"no\"><\/iframe><\/p>\n<p>&nbsp;<\/p>\n<hr \/>\n<p>&nbsp;<\/p>\n<blockquote class=\"wp-embedded-content\" data-secret=\"muNmLEEP4r\"><p><a href=\"https:\/\/www.radiopiu.net\/wordpress\/luigi-zuppani-deciso-oppositore-al-regno-italico-di-napoleone-di-renato-bona\/\">LUIGI ZUPPANI DECISO OPPOSITORE AL REGNO ITALICO DI NAPOLEONE di Renato Bona<\/a><\/p><\/blockquote>\n<p><iframe loading=\"lazy\" title=\"&#8220;LUIGI ZUPPANI DECISO OPPOSITORE AL REGNO ITALICO DI NAPOLEONE di Renato Bona&#8221; &#8212; Radio Pi\u00f9\" class=\"wp-embedded-content\" sandbox=\"allow-scripts\" security=\"restricted\" style=\"position: absolute; clip: rect(1px, 1px, 1px, 1px);\" src=\"https:\/\/www.radiopiu.net\/wordpress\/luigi-zuppani-deciso-oppositore-al-regno-italico-di-napoleone-di-renato-bona\/embed\/#?secret=muNmLEEP4r\" data-secret=\"muNmLEEP4r\" width=\"600\" height=\"338\" frameborder=\"0\" marginwidth=\"0\" marginheight=\"0\" scrolling=\"no\"><\/iframe><\/p>\n<p>&nbsp;<\/p>\n<hr \/>\n<p>&nbsp;<\/p>\n<h2>IERI ALLA RADIO<\/h2>\n<h3><span style=\"color: #ff6600;\">LA RASSEGNA STAMPA DALL\u2019AMICO DEL POPOLO di Gianni Santomaso<\/span><\/h3>\n<p><strong>Ospite: Danilo De Toni Sindaco di Alleghe<\/strong><\/p>\n<audio class=\"wp-audio-shortcode\" id=\"audio-141555-6\" preload=\"none\" style=\"width: 100%;\" controls=\"controls\"><source type=\"audio\/mpeg\" src=\"https:\/\/www.radiopiu.net\/wordpress\/wp-content\/uploads\/2020\/05\/RASSEGNA-GIANNI-3.mp3?_=6\" \/><a href=\"https:\/\/www.radiopiu.net\/wordpress\/wp-content\/uploads\/2020\/05\/RASSEGNA-GIANNI-3.mp3\">https:\/\/www.radiopiu.net\/wordpress\/wp-content\/uploads\/2020\/05\/RASSEGNA-GIANNI-3.mp3<\/a><\/audio>\n<p>&nbsp;<\/p>\n<h3><span style=\"color: #339966;\">AGORDINOMERON<\/span><\/h3>\n<p><iframe loading=\"lazy\" class=\"wp-embedded-content\" title=\"\u201cAGORDINOMERON, IL TERRITORIO SI RACCONTA Da un\u2019idea di Gianni Santomaso\u201d \u2014 Radio Pi\u00f9\" src=\"https:\/\/www.radiopiu.net\/wordpress\/agordinomeron\/embed\/#?secret=reBo4EBEDc\" width=\"600\" height=\"346\" frameborder=\"0\" marginwidth=\"0\" marginheight=\"0\" scrolling=\"no\" sandbox=\"allow-scripts\" data-secret=\"reBo4EBEDc\" data-mce-fragment=\"1\"><\/iframe><\/p>\n<h3><span style=\"color: #00ccff;\">IL MESSAGGIO DEI PARROCI A RADIO PIU\u2019<\/span><\/h3>\n<p><iframe loading=\"lazy\" class=\"wp-embedded-content\" title=\"\u201cDON CESARE SU RADIO PIU\u2019 ALLE 7.30 E 19.30, PARROCCHIE DI AGORDO, LA VALLE E TAIBON\u201d \u2014 Radio Pi\u00f9\" src=\"https:\/\/www.radiopiu.net\/wordpress\/chiesa\/embed\/#?secret=Ne8GQCbR7P\" width=\"600\" height=\"381\" frameborder=\"0\" marginwidth=\"0\" marginheight=\"0\" scrolling=\"no\" sandbox=\"allow-scripts\" data-secret=\"Ne8GQCbR7P\" data-mce-fragment=\"1\"><\/iframe><\/p>\n<p>&nbsp;<\/p>\n<hr \/>\n<p>&nbsp;<\/p>\n<p><strong class=\"photoswipe-wrapper\"><a class=\"dt-pswp-item pspw-wrap-ready\" href=\"https:\/\/i0.wp.com\/www.radiopiu.net\/wordpress\/wp-content\/uploads\/2018\/09\/viabilita.jpeg?ssl=1\" data-dt-img-description=\"\" data-large_image_width=\"800\" data-large_image_height=\"100\"><img loading=\"lazy\" decoding=\"async\" class=\"aligncenter wp-image-61954 size-full jetpack-lazy-image jetpack-lazy-image--handled\" src=\"https:\/\/i0.wp.com\/www.radiopiu.net\/wordpress\/wp-content\/uploads\/2018\/09\/viabilita.jpeg?resize=800%2C100&amp;ssl=1\" sizes=\"auto, (max-width: 800px) 100vw, 800px\" srcset=\"https:\/\/i0.wp.com\/www.radiopiu.net\/wordpress\/wp-content\/uploads\/2018\/09\/viabilita.jpeg?w=800&amp;ssl=1 800w, https:\/\/i0.wp.com\/www.radiopiu.net\/wordpress\/wp-content\/uploads\/2018\/09\/viabilita.jpeg?resize=300%2C38&amp;ssl=1 300w, https:\/\/i0.wp.com\/www.radiopiu.net\/wordpress\/wp-content\/uploads\/2018\/09\/viabilita.jpeg?resize=768%2C96&amp;ssl=1 768w\" alt=\"\" width=\"800\" height=\"100\" data-lazy-loaded=\"1\" \/><\/a><\/strong><\/p>\n<p><strong>\u00a0<\/strong><\/p>\n<blockquote><p><strong>INTERRUZIONI A CRISTO DELLE PIANIZZE\u00a0<\/strong>sp347 DURAN E CEREDA fino al 5 giugno (esclusi festivi e prefestivi) possibili interruzioni in localit\u00e0 Pianizze (Agordo) della durata massima di 15 minuti dalle 8 alle 12 e dalle 13 alle 17, inoltre senso unico alternato nei periodi non interessati dalle chiusura<\/p><\/blockquote>\n<p>PROVINCIALE 20 DELLA VAL FIORENTINA, SELVA DI CADORE: FINO AL 13 GIUGNO, CHIUSURA TOTALE TRA SOLATOR E IL CENTRO DEL PAESE ANCHE NEI GIORNI FESTIVI E PREFESTIVI, DAL CHILOMETRO 4.850 AL CHILOMETRO 5.100. TRANSITO CONSENTITO AI LOCALI CON TEMPI DI ATTESA MASSIMI STIMATI IN 30 MINUTI IN LOCALITA\u2019 SOLATOR DAL CHILOMETRO 4.400 AL CHILOMETRO 4.850<\/p>\n<p>REGIONALE 48 DELLE DOLOMITI, LOCALIT\u00c0 POCOL INIZIO ABITATO CORTINA,FINO\u00a0 AL 12 GIUGNO SEMAFORO PER TRATTI DI 250 METRI ANCHE NEI GIORNI FESTIVI E PREFESTIVI<\/p>\n<p>REGIONALE 203 AGORDINA FINO AL 15 GIUGNO IN LOCALIT\u00c0 LA MUDA DEVIAZIONE SU VIABILIT\u00c0 PROVVISORIA, PRUDENZA<\/p>\n<p>PROVINCIALE 12 PEDEMONTANA LOCALIT\u00c0 PONTE MAS, CHIUSURA TOTALE DI PONTE MAS FINO\u00a0 AL 30 GIUGNO<\/p>\n<p>STRADA REGIONALE 48 DELLE DOLOMITI, DAL KM 110,350 AL KM 112, SENSO UNICO ALTERNATO REGOLATO DA IMPIANTO SEMAFORICO ANCHE SABATO E FESTIVI FINO\u00a0 AL 30 GIUGNO PER POSA ELETTRODOTTO INTERRATO<\/p>\n<p>PROVINCIALE 563 DI SALESEI, FINO\u00a0 AL 3 LUGLIO, SENSO UNICO ALTERNATO REGOLATO DA IMPIANTO SEMAFORICO IN LOCALIT\u00c0 DIGONERA PER MESSA IN SICUREZZA PIANO VIABILE, SABATO E FESTIVI INCLUSI<\/p>\n<p>STRADA PROVINCIALE 346 DEL PASSO SAN PELLEGRINO, FINO\u00a0 AL 5 GIUGNO, SENSO UNICO ALTERNATO REGOLATO DA IMPIANTO SEMOFORICO TRA FALCADE E FALCADE ALTO PER POSA CAVIDOTTO FIBRA OTTICA<\/p>\n<p>STRADA PROVINCIALE 347 DEL PASSO CEREDA E DURAN, FINO\u00a0 AL 01 GIUGNO ESCLUSE DOMENICHE E FESTIVI, SENSO UNICO ALTERNATO REGOLATO DA IMPIANTO SEMAFORICO O MOVIERI IN COMUNE DI VALLE DI CADORE PER SONDAGGI GEOTECNICI<\/p>\n<p>REGIONALE203 AGORDINA, CANDATEN-LA STANGA, FINO\u00a0 AL 30 GIUGNO INCLUSI SABATO E DOMENICA DALLE 7.30 ALLE 9 E DALLE 16.30 ALLE 18 SENSO UNICO ALTERNATO CON MOVIERI, NEGLI ALTRI PERIODI SENSO UNICO CON SEMAFORO.<\/p>\n<p>&nbsp;<\/p>\n<p>PROVINCIALE 24 VALPAROLA FINO\u00a0 AL 05 GIUGNO ESCLUSI FESTIVI E PREFESTIVI, SENSO UNICO ALTERNATO A VISTA PER TRATTI DI 50 METRI.<\/p>\n<p>PROVINCIALE 563 DI SALESEI, DALLE 7 DEL 26 MAGGIO ALLE 18 DEL 19 GIUGNO, DOMENICHE E FESTIVI ESCLUSI, SENSO UNICO ALTERNATO REGOLATO DA IMPIANTO SEMAFORICO E POSSIBILI BREVI INTERRUZIONI AL TRAFFICO DI 15 MINUTI PER MESSA IN SICUREZZA VERSANTE A MONTE DELLA STRADA<\/p>\n<p>STRADA PROVINCIALE 346 DEL SAN PELLEGRINO, NEI COMUNI DI FALCADE, CANALE E VALLADA, FINO\u00a0 AL 3 LUGLIO, INCLUSI SABATI E DOMENICHE, POSSIBILE ISTITUZIONE DI SENSO UNICO ALTERNATO REGOLATO DA MOVIERI PER SOSTITUZIONE CONDUTTORI E MANUTENZIONE LINEA ELETTRICA ALTA TENSIONE<\/p>\n<p>REGIONALE 203 AGORDINA, NEL COMUNE DI CENCENIGHE, FINO\u00a0 AL 3 LUGLIO, INCLUSI SABATI E DOMENICHE, POSSIBILE ISTITUZIONE DI SENSO UNICO ALTERNATO REGOLATO DA MOVIERI PER SOSTITUZIONE CONDUTTORI E MANUTENZIONE LINEA ELETTRICA ALTA TENSIONE<\/p>\n<p>STRADA PROVINCIALE 40, COMUNE DI LAMON. DAL 27 MAGGIO AL 3 GIUGNO SENSO UNICO ALTERNATO REGOLATO DA IMPIANTO SEMAFORICO PER RICERCHE GEOGNOSTICHE<\/p>\n<p>STRADA PROVINCIALE 422 DELL\u2019ALPAGO E DEL CANSIGLIO, DAL 3 AL 19 GIUGNO, DALLE 8 ALLE 19, SENSO UNICO ALTERNATO REGOLATO DA IMPIANTO SEMAFORICO O MOVIERE PER POSA FIBRA OTTICA<\/p>\n<p>STRADA PROVINCIALE 346 DEL SAN PELLEGRINO, NEL COMUNE DI VALLADA AGORDINA DAL 1 AL 19 GIUGNO SENSO UNICO ALTERNATO REGOLATO DA IMPIANTO SEMAFORICO PER MESSA IN SICUREZZA BARRIERE DI PROTEZIONE LATERALI<\/p>\n<p>STRADA REGIONA 203 AGORDINA, TRA MAS DI SEDICO E CERNADOI SU TRATTI SALTUARI DI STRADA, DAL 1 AL 30 GIUGNO, ESCLUSO SABATO E DOMENICA, SENSO UNICO ALTERNATO REGOLATO DA IMPIANTO SEMAFORICO PER MESSA IN SICUREZZA BARRIERE DI PROTEZIONE LATERALI<\/p>\n<p>STRADA PROVINCIALE 347 DEL PASSO CEREDA E DURAN, NEL COMUNE DI GOSALDO (LOC. SANT\u2019ANDREA), DAL 5 AL 20 GIUGNO SENSO UNICO ALTERNATO REGOLATO DA IMPIANTO SEMAFORICO PER MESSA IN SICUREZZA DELLA STRADA<\/p>\n<p>STRADA PROVINCIALE 347 DEL PASSO CEREDA E DURAN, NEL COMUNE DI AGORDO, DAL 3 AL 12 GIUGNO\u00a0SENSO UNICO ALTERNATO REGOLATO DA IMPIANTO SEMAFORICO PER POSA FIBRA OTTICA<\/p>\n<p>&nbsp;<\/p>\n<hr \/>\n<p>&nbsp;<\/p>\n<p class=\"photoswipe-wrapper\"><a class=\"dt-pswp-item pspw-wrap-ready\" href=\"https:\/\/i0.wp.com\/www.radiopiu.net\/wordpress\/wp-content\/uploads\/2018\/09\/WhatsApp-Image-2018-09-20-at-16.04.06.jpeg?ssl=1\" data-dt-img-description=\"\" data-large_image_width=\"800\" data-large_image_height=\"100\"><img loading=\"lazy\" decoding=\"async\" class=\"aligncenter wp-image-61378 size-full jetpack-lazy-image jetpack-lazy-image--handled\" src=\"https:\/\/i0.wp.com\/www.radiopiu.net\/wordpress\/wp-content\/uploads\/2018\/09\/WhatsApp-Image-2018-09-20-at-16.04.06.jpeg?resize=800%2C100&amp;ssl=1\" sizes=\"auto, (max-width: 800px) 100vw, 800px\" srcset=\"https:\/\/i0.wp.com\/www.radiopiu.net\/wordpress\/wp-content\/uploads\/2018\/09\/WhatsApp-Image-2018-09-20-at-16.04.06.jpeg?w=800&amp;ssl=1 800w, https:\/\/i0.wp.com\/www.radiopiu.net\/wordpress\/wp-content\/uploads\/2018\/09\/WhatsApp-Image-2018-09-20-at-16.04.06.jpeg?resize=300%2C38&amp;ssl=1 300w, https:\/\/i0.wp.com\/www.radiopiu.net\/wordpress\/wp-content\/uploads\/2018\/09\/WhatsApp-Image-2018-09-20-at-16.04.06.jpeg?resize=768%2C96&amp;ssl=1 768w\" alt=\"\" width=\"800\" height=\"100\" data-lazy-loaded=\"1\" \/><\/a><\/p>\n<p>&nbsp;<\/p>\n<p><center><b>Lunedi 1<\/b><\/center><b>Tempo atteso:\u00a0<\/b>Al mattino tempo ben soleggiato con cielo sereno o poco nuvoloso e ottima visibilit\u00e0. Parziale riduzione del soleggiamento al pomeriggio per moderata attivit\u00e0 cumuliforme; non si esclude qualche isolato fenomeno convettivo associato.<br \/>\n<b>Precipitazioni:\u00a0<\/b>Al mattino assenti; dalle ore centrali fino alla sera, probabilit\u00e0 bassa (5-10%) di locali e brevi piovaschi\/rovesci, con eventuale limite delle nevicate oltre i 2700-3000 m.<br \/>\n<b>Temperature:\u00a0<\/b>Minime senza notevoli variazioni o in lieve calo nelle valli e in lieve aumento in alta montagna; massime in aumento anche sensibile con elevata escursione termica giornaliera. Clima diurno pi\u00f9 mite dei giorni precedenti, con valori prossimi o di 1-2\u00b0 inferiori alla norma. Su Prealpi a 1500 m min 5\u00b0C max 13\u00b0C, a 2000 m min 3\u00b0C max 10\u00b0C. Su Dolomiti a 2000 m min 2\u00b0C max 10\u00b0C, a 3000 m min -5\u00b0C max 2\u00b0C.<br \/>\n<b>Venti:\u00a0<\/b>Nelle valli deboli\/moderati a regime di brezza; in quota da deboli a moderati\/tesi ancora da nord, a 5-15 km\/h a 2000 m, a 20-30 km\/h a 3000 m.<\/p>\n<hr \/>\n<p><center><b>Martedi 2<\/b><\/center><b>Tempo atteso:\u00a0<\/b>Tempo simile a quello di luned\u00ec, con cielo sereno o poco nuvoloso e ottima visibilit\u00e0 al mattino e riduzione del soleggiamento al pomeriggio per moderata attivit\u00e0 cumuliforme.<br \/>\n<b>Precipitazioni:\u00a0<\/b>Al mattino assenti. Nel pomeriggio probabilit\u00e0 medio bassa (25-50%) di qualche piovasco\/rovescio, eventualmente nevoso oltre i 2700-3000 m.<br \/>\n<b>Temperature:\u00a0<\/b>Temperature minime in aumento, massime senza variazioni di rilievo o in ulteriore lieve aumento su valori prossimi alla norma. Significativa escursione termica giornaliera con clima diurno molto gradevole. Su Prealpi a 1500 m min 7\u00b0C max 14\u00b0C, a 2000 m min 4\u00b0C max 11\u00b0C. Su Dolomiti a 2000 m min 4\u00b0C max 11\u00b0C, a 3000 m min -3\u00b0C max 4\u00b0C.<br \/>\n<b>Venti:\u00a0<\/b>Nelle valli deboli\/moderati a regime di brezza; in quota da deboli a moderati\/tesi da nord, a 5-15 km\/h a 2000 m, a 20-35 km\/h a 3000 m.<\/p>\n<hr \/>\n<p><center><b>Mercoledi 3<\/b><\/center>Tempo moderatamente pi\u00f9 nuvoloso dei giorni precedenti con cielo parzialmente nuvoloso al mattino, specie sulle Prealpi. e nuvoloso o molto nuvoloso nel pomeriggio, con possibili locali e brevi precipitazioni, a carattere di piovasco\/rovescio, eventualmente nevose oltre i 2700-3000 m. Temperature senza variazioni di rilievo o in lieve calo, specie le massime. Venti in quota in genere moderati, inizialmente dal quadranti occidentali tendenti a piegarsi da ovest da met\u00e0 giornata.<\/p>\n<hr \/>\n<p><center><b>Giovedi 4<\/b><\/center>Giornata piuttosto nuvolosa caratterizzata, anche al mattino da brevi piovaschi\/rovesci intermittenti e discontinui che potranno interessare tutte le zone montane nel corso della giornata. La neve cadr\u00e0 limitatamente sulle vette pi\u00f9 alte delle Dolomiti oltre i 2800-3000 m. Temperature minime in contenuto aumento, massime in ulteriore diminuzione. Clima diurno pi\u00f9 fresco e pi\u00f9 umido dei giorni precedenti con escursione termica giornaliera contenuta. Venti in quota in prevalenza tesi da sud-ovest. Previsore: M.Padoan<\/p>\n","protected":false},"excerpt":{"rendered":"<p>PER RICEVERE QUESTO NOTIZIARIO DIRETTAMENTE SUL TUO CELLULARE ISCRIVITI AL CANALE TELEGRAM\u00a0\u201cRADIO PIU\u00a0 INFORMAZIONE\u201d &nbsp; &nbsp; Gestione Servizi Pubblici \u00a0informa che a ROCCA PIETORE in localit\u00e0 DIGONERA, l\u2019acqua erogata dall\u2019acquedotto non \u00e8 potabile e pu\u00f2 essere usata per scopi alimentari SOLO PREVIA bollitura &nbsp; \u00a0 CHIUDE PONTE MAS, FINO AL 30 GIUGNO PER I LAVORI&hellip;<\/p>\n","protected":false},"author":4,"featured_media":141634,"comment_status":"closed","ping_status":"closed","sticky":false,"template":"","format":"standard","meta":{"_monsterinsights_skip_tracking":false,"_monsterinsights_sitenote_active":false,"_monsterinsights_sitenote_note":"","_monsterinsights_sitenote_category":0,"footnotes":""},"categories":[1,86,49],"tags":[],"class_list":["post-141555","post","type-post","status-publish","format-standard","has-post-thumbnail","hentry","category-senza-categoria","category-gr","category-news-18","category-1","category-86","category-49","description-off"],"img_url":"https:\/\/www.radiopiu.net\/wordpress\/wp-content\/uploads\/2020\/05\/ad04a2c7-b391-4c74-95a4-2df3351b958e.jpg","_links":{"self":[{"href":"https:\/\/www.radiopiu.net\/wordpress\/wp-json\/wp\/v2\/posts\/141555","targetHints":{"allow":["GET"]}}],"collection":[{"href":"https:\/\/www.radiopiu.net\/wordpress\/wp-json\/wp\/v2\/posts"}],"about":[{"href":"https:\/\/www.radiopiu.net\/wordpress\/wp-json\/wp\/v2\/types\/post"}],"author":[{"embeddable":true,"href":"https:\/\/www.radiopiu.net\/wordpress\/wp-json\/wp\/v2\/users\/4"}],"replies":[{"embeddable":true,"href":"https:\/\/www.radiopiu.net\/wordpress\/wp-json\/wp\/v2\/comments?post=141555"}],"version-history":[{"count":0,"href":"https:\/\/www.radiopiu.net\/wordpress\/wp-json\/wp\/v2\/posts\/141555\/revisions"}],"wp:featuredmedia":[{"embeddable":true,"href":"https:\/\/www.radiopiu.net\/wordpress\/wp-json\/wp\/v2\/media\/141634"}],"wp:attachment":[{"href":"https:\/\/www.radiopiu.net\/wordpress\/wp-json\/wp\/v2\/media?parent=141555"}],"wp:term":[{"taxonomy":"category","embeddable":true,"href":"https:\/\/www.radiopiu.net\/wordpress\/wp-json\/wp\/v2\/categories?post=141555"},{"taxonomy":"post_tag","embeddable":true,"href":"https:\/\/www.radiopiu.net\/wordpress\/wp-json\/wp\/v2\/tags?post=141555"}],"curies":[{"name":"wp","href":"https:\/\/api.w.org\/{rel}","templated":true}]}}