{"id":141616,"date":"2020-05-31T23:59:29","date_gmt":"2020-05-31T21:59:29","guid":{"rendered":"https:\/\/www.radiopiu.net\/wordpress\/?p=141616"},"modified":"2020-05-31T17:52:04","modified_gmt":"2020-05-31T15:52:04","slug":"luigi-zuppani-deciso-oppositore-al-regno-italico-di-napoleone-di-renato-bona","status":"publish","type":"post","link":"https:\/\/www.radiopiu.net\/wordpress\/luigi-zuppani-deciso-oppositore-al-regno-italico-di-napoleone-di-renato-bona\/","title":{"rendered":"LUIGI ZUPPANI DECISO OPPOSITORE AL REGNO ITALICO DI NAPOLEONE di Renato Bona"},"content":{"rendered":"<p><strong><a class=\"dt-pswp-item\" href=\"https:\/\/www.radiopiu.net\/wordpress\/wp-content\/uploads\/2019\/08\/553085_385905871470280_1626001170_n.jpg\" data-dt-img-description=\"\" data-large_image_width=\"855\" data-large_image_height=\"569\"><img loading=\"lazy\" decoding=\"async\" class=\" wp-image-94070 alignleft\" src=\"https:\/\/www.radiopiu.net\/wordpress\/wp-content\/uploads\/2019\/08\/553085_385905871470280_1626001170_n-300x200.jpg\" alt=\"\" width=\"150\" height=\"100\" \/><\/a>di Renato Bona\u00a0<\/strong><\/p>\n<p>Era nato nel 1750 nella villa di famiglia a Pasa di Sedico \u201cDiscendente da un antichissimo ed illustre casato le cui origini si ricollegano al patriziato di Antivari, il conte Luigi Zuppani nacque nell\u2019avita dimora estiva di Pasa di Sedico il 1. ottobre 1750 ed inizi\u00f2 gli studi presso la scuola cittadina retta dai Gesuiti, distinguendosi prontamente per l\u2019intelligenza e l\u2019impegno, tant\u2019\u00e8 vero che nel 1766 il suo nome \u00e8 il primo nell\u2019elenco degli \u2018optimates\u2019\u201d. Cos\u00ec, citando Garberoglio 1992, lo storico prof. Flavio Vizzutti, nel suo ponderoso quanto prezioso volume \u201cLa cattedrale di Belluno. Catalogo del patrimonio storico-artistico\u201d evidenzia, dalla pagina186, la figura e l\u2019opera di quello che sarebbe stato per 22 anni il vescovo conte illuminato di Belluno e Feltre (era stato ordinato sacerdote il 17 dicembre 1774). Che fu, tra l\u2019altro, coraggioso protagonista in prima persona dell\u2019opposizione al regno italico di Napoleone che era succeduto a quello austriaco nel 1806. Attivit\u00e0 che gli cost\u00f2 l\u2019arresto il 12 luglio 1809 e la condanna a Venezia, da parte della Corte di giustizia civile e criminale, a tre anni di prigione in quanto ritenuto responsabile di \u201cperturbazione dell\u2019interna tranquillit\u00e0 dello Stato\u201d (Protti 1900). Scontata la pena, Luigi Zuppani torn\u00f2 a Belluno dove, malgrado enormi difficolt\u00e0 (intanto dal l815 era stato ripristinato il governo austriaco) avvi\u00f2 nell\u2019ex convento di San Pietro \u201cuna scuola di lettere per tutti i volonterosi ed una di teologia per i chierici\u201d. Ricordato che il Comune di Belluno gli ha intitolato la strada che da via Carrera porta a Piazza Piloni nel centro storico, facciamo un passo indietro: Luigi prosegu\u00ec gli studi a Bologna, laureandosi in \u201cambo le leggi\u201d ma non riusc\u00ec ad entrare nella Compagnia di Ges\u00f9 per la soppressione dell\u2019Ordine nel 1773. Tornato a Belluno, fu incardinato nel clero diocesano dove \u2013 ricorda Vizzutti citando Miari, 1843 \u2013 non tard\u00f2 a dar prove del singolare suo impegno e degli studi con profitto percorsi, che essendosi allora istituite in Belluno le pubbliche scuole\u2026 presso queste e come maestro ed in qualit\u00e0 di rettore si acquist\u00f2 fama\u201d. Divenuto canonico della cattedrale nel 1793 fu eletto vicario capitolare in virt\u00f9 delle sue doti morali ed intellettuali. Anche per l\u2019impegno profuso in favore dei giovani, l\u2019imperatore Francesco I nel gennaio 1816 preconizz\u00f2 mons. Zuppani vescovo delle diocesi riunite di Belluno e Feltre e la nomina segu\u00ec nel 1819. Da allora e per oltre 4 lustri, alla cura pastorale aggiunse un impegno straordinario per l\u2019apertura e riorganizzazione del seminario, seguendo in prima persona gli studi dei seminaristi. Meritata dunque l\u2019onorificenza della Corona di ferro concessa dall\u2019imperatore austriaco. Gregorio XVI, il primo pontefice bellunese della storia (il secondo \u00e8 stato il \u201cPapa bellunese del sorriso\u201d Albino Luciani, asceso al soglio pontificio col nome di Giovanni Paolo I), dal canto suo lo nomin\u00f2 prelato domestico assistente al soglio e conte romano. Flavio Vizzutti conclude il ricordo di Luigi Zuppani sottolineando che: \u201cA testimonianza dell\u2019alta statura morale e spirituale di questo vescovo, morto il 26 novembre 1841, rimane tra l\u2019altro il suo testamento con il quale benefic\u00f2 ancora il seminario, il Capitolo delle cattedrali di Belluno e Feltre, i camerieri, i coloni, i derelitti lasciando per ultimi proprio i parenti al fine di nulla togliere ai pi\u00f9 umili\u201d. C\u2019\u00e8 da dire che nella sala del Capitolo della Cattedrale bellunese \u00e8 conservato (in precedenza era nella casa del cameriere di Zuppani, il bellunese Angelo Glober che poi ne fece dono al Capitolo) un \u201cRitratto del vescovo Luigi Zuppani\u201d, olio su tela 65&#215;52, del 1838, opera del pittore bellunese Girolamo Moech (1792-1857). Ci trasferiamo sul sito: baliatodaicoi.altervista, perch\u00e9 oltre ad aver postato una immagine della villa Zuppani di Pasa di Sedico, riferisce di una \u201cCircolare del 1. febbraio 1839 sul digiuno quaresimale\u201d proprio del vescovo Zuppani. Copia dell\u2019antico documento, un manifesto 44 x 55, stampato dalla tipografica \u201cBelluno, tipografia Tissi\u201d, con cui il presule si rivolgeva \u201cal dilettissimo nostro popolo\u201d per annunciare: \u201c\u2026 Concediamo licenza a tutti gli abitanti delle Citt\u00e0 e Diocesi di Belluno e di Feltre a Noi soggette di poter cibarsi di carni nell\u2019unica commistione per tutta la Quaresima prossima ventura, eccettuati il d\u00ec delle Ceneri, il Mercoled\u00ec, Venerd\u00ec e Sabato delle Quattro Tempora, le vigilie della Santissima Annunciata, e del Patriarca S. Giuseppe, e i quattro ultimi giorni della Settimana Santa, ne\u2019 quali si dovr\u00e0 far uso de\u2019 soli cibi quaresimali, e da oglio: nei Venerd\u00ec poi, e ne\u2019 Sabati Quadrigesimali e in quelli non meno di tutto l\u2019anno \u00e8 permesso l\u2019uso di uova e latticinii\u2026\u201d. E proprio a proposito della villa dove nacque il vescovo Zuppani ricordiamo che, in virt\u00f9 di una donazione della scomparsa (il 23 maggio 2000) contessa Francesca Romana Zuppani, (decisione che era stata confermata con sentenza della Corte d\u2019appello di Venezia del 2012) \u00e8 divenuta, con i terreni circostanti, propriet\u00e0 della Provincia di Belluno per scopi scientifici e culturali. Da tempo Palazzo Piloni punta al recupero di questo complesso che secondo Dario Dall\u2019Olio di Dolomiti Arte \u201cE\u2019 il miglior esempio di villa rinascimentale della Valbelluna, integrata ad un antico borgo rurale, con la chiesetta di San Lorenzo riccamente affrescata dai dipinti di Marco da Mel\u201d. Infine non possiamo trascurare il sito anavillabruna.it che riporta nei \u201cCenni storici su Villabruna\u201d tratti da Folclore feltrino di don Antonio Vecellio, la notizia che \u201cvenne eretta in Curazia nel 1610 e che nel 1800 venne riedificata su disegno dell\u2019architetto locale Antonio Villabruna e fu consacrata il 28 ottobre 1821 da sua ecc. il Vescovo Don Luigi Zuppani\u201d. NELLE FOTO (da \u201cLa Cattedrale di Belluno\u201d di Flavio Vizzutti; dal sito baliatodaicoi.altervista e libera enciclopedia Wikipedia; di Renato Bona): il dipinto di Moech col Vescovo Zuppani; la tabella stradale e la via Zuppani; la villa di famiglia a Pasa di Sedico; la copertina dell\u2019allocuzione di mons. Villabruna per l\u2019ingresso di Zuppani nella Chiesa di Feltre; quella di una Canzone dedicata al presule; il primo papa bellunese, Gregorio XVI, che nomin\u00f2 Zuppani prelato domestico assistente al soglio e conte romano.<\/p>\n\n\t\t\t<style type='text\/css'>\n\t\t\t\t#gallery-1 {\n\t\t\t\t\tmargin: auto;\n\t\t\t\t}\n\t\t\t\t#gallery-1 .gallery-item {\n\t\t\t\t\tfloat: left;\n\t\t\t\t\tmargin-top: 10px;\n\t\t\t\t\ttext-align: center;\n\t\t\t\t\twidth: 25%;\n\t\t\t\t}\n\t\t\t\t#gallery-1 img {\n\t\t\t\t\tborder: 2px solid #cfcfcf;\n\t\t\t\t}\n\t\t\t\t#gallery-1 .gallery-caption {\n\t\t\t\t\tmargin-left: 0;\n\t\t\t\t}\n\t\t\t\t\/* see gallery_shortcode() in wp-includes\/media.php *\/\n\t\t\t<\/style>\n\t\t<div id='gallery-1' class='dt-gallery-container gallery galleryid-141616 gallery-columns-4 gallery-size-thumbnail'><dl class='gallery-item'>\n\t\t\t\t<dt class='gallery-icon portrait'>\n\t\t\t\t\t<a class=\"rollover\" href='https:\/\/www.radiopiu.net\/wordpress\/luigi-zuppani-deciso-oppositore-al-regno-italico-di-napoleone-di-renato-bona\/101336429_285818925797808_5131295542764109824_n\/'><img loading=\"lazy\" decoding=\"async\" width=\"150\" height=\"150\" src=\"https:\/\/www.radiopiu.net\/wordpress\/wp-content\/uploads\/2020\/05\/101336429_285818925797808_5131295542764109824_n-150x150.jpg\" class=\"attachment-thumbnail size-thumbnail\" alt=\"\" \/><\/a>\n\t\t\t\t<\/dt><\/dl><dl class='gallery-item'>\n\t\t\t\t<dt class='gallery-icon portrait'>\n\t\t\t\t\t<a class=\"rollover\" href='https:\/\/www.radiopiu.net\/wordpress\/luigi-zuppani-deciso-oppositore-al-regno-italico-di-napoleone-di-renato-bona\/101749764_540191566860501_6711546175696142336_n\/'><img loading=\"lazy\" decoding=\"async\" width=\"150\" height=\"150\" src=\"https:\/\/www.radiopiu.net\/wordpress\/wp-content\/uploads\/2020\/05\/101749764_540191566860501_6711546175696142336_n-150x150.jpg\" class=\"attachment-thumbnail size-thumbnail\" alt=\"\" \/><\/a>\n\t\t\t\t<\/dt><\/dl><dl class='gallery-item'>\n\t\t\t\t<dt class='gallery-icon portrait'>\n\t\t\t\t\t<a class=\"rollover\" href='https:\/\/www.radiopiu.net\/wordpress\/luigi-zuppani-deciso-oppositore-al-regno-italico-di-napoleone-di-renato-bona\/96571302_284701696002599_4519681024308805632_n\/'><img loading=\"lazy\" decoding=\"async\" width=\"150\" height=\"150\" src=\"https:\/\/www.radiopiu.net\/wordpress\/wp-content\/uploads\/2020\/05\/96571302_284701696002599_4519681024308805632_n-150x150.jpg\" class=\"attachment-thumbnail size-thumbnail\" alt=\"\" \/><\/a>\n\t\t\t\t<\/dt><\/dl><dl class='gallery-item'>\n\t\t\t\t<dt class='gallery-icon landscape'>\n\t\t\t\t\t<a class=\"rollover\" href='https:\/\/www.radiopiu.net\/wordpress\/luigi-zuppani-deciso-oppositore-al-regno-italico-di-napoleone-di-renato-bona\/100984366_890483414800990_75947610342424576_n\/'><img loading=\"lazy\" decoding=\"async\" width=\"150\" height=\"150\" src=\"https:\/\/www.radiopiu.net\/wordpress\/wp-content\/uploads\/2020\/05\/100984366_890483414800990_75947610342424576_n-150x150.jpg\" class=\"attachment-thumbnail size-thumbnail\" alt=\"\" \/><\/a>\n\t\t\t\t<\/dt><\/dl><br style=\"clear: both\" \/><dl class='gallery-item'>\n\t\t\t\t<dt class='gallery-icon portrait'>\n\t\t\t\t\t<a class=\"rollover\" href='https:\/\/www.radiopiu.net\/wordpress\/luigi-zuppani-deciso-oppositore-al-regno-italico-di-napoleone-di-renato-bona\/101470636_739321663474751_4753873328828055552_n\/'><img loading=\"lazy\" decoding=\"async\" width=\"150\" height=\"150\" src=\"https:\/\/www.radiopiu.net\/wordpress\/wp-content\/uploads\/2020\/05\/101470636_739321663474751_4753873328828055552_n-150x150.jpg\" class=\"attachment-thumbnail size-thumbnail\" alt=\"\" \/><\/a>\n\t\t\t\t<\/dt><\/dl><dl class='gallery-item'>\n\t\t\t\t<dt class='gallery-icon landscape'>\n\t\t\t\t\t<a class=\"rollover\" href='https:\/\/www.radiopiu.net\/wordpress\/luigi-zuppani-deciso-oppositore-al-regno-italico-di-napoleone-di-renato-bona\/101322527_247971609832332_2111216931267674112_n\/'><img loading=\"lazy\" decoding=\"async\" width=\"150\" height=\"150\" src=\"https:\/\/www.radiopiu.net\/wordpress\/wp-content\/uploads\/2020\/05\/101322527_247971609832332_2111216931267674112_n-150x150.jpg\" class=\"attachment-thumbnail size-thumbnail\" alt=\"\" \/><\/a>\n\t\t\t\t<\/dt><\/dl><dl class='gallery-item'>\n\t\t\t\t<dt class='gallery-icon portrait'>\n\t\t\t\t\t<a class=\"rollover\" href='https:\/\/www.radiopiu.net\/wordpress\/luigi-zuppani-deciso-oppositore-al-regno-italico-di-napoleone-di-renato-bona\/101758652_176980990408434_8779886882239545344_n\/'><img loading=\"lazy\" decoding=\"async\" width=\"150\" height=\"150\" src=\"https:\/\/www.radiopiu.net\/wordpress\/wp-content\/uploads\/2020\/05\/101758652_176980990408434_8779886882239545344_n-150x150.jpg\" class=\"attachment-thumbnail size-thumbnail\" alt=\"\" \/><\/a>\n\t\t\t\t<\/dt><\/dl>\n\t\t\t\t<br style='clear: both' \/>\n\t\t\t<\/div>\n\n","protected":false},"excerpt":{"rendered":"<p>di Renato Bona\u00a0 Era nato nel 1750 nella villa di famiglia a Pasa di Sedico \u201cDiscendente da un antichissimo ed illustre casato le cui origini si ricollegano al patriziato di Antivari, il conte Luigi Zuppani nacque nell\u2019avita dimora estiva di Pasa di Sedico il 1. ottobre 1750 ed inizi\u00f2 gli studi presso la scuola cittadina&hellip;<\/p>\n","protected":false},"author":4,"featured_media":141623,"comment_status":"closed","ping_status":"closed","sticky":false,"template":"","format":"standard","meta":{"_monsterinsights_skip_tracking":false,"_monsterinsights_sitenote_active":false,"_monsterinsights_sitenote_note":"","_monsterinsights_sitenote_category":0,"footnotes":""},"categories":[49],"tags":[],"class_list":["post-141616","post","type-post","status-publish","format-standard","has-post-thumbnail","hentry","category-news-18","category-49","description-off"],"img_url":"https:\/\/www.radiopiu.net\/wordpress\/wp-content\/uploads\/2020\/05\/101758652_176980990408434_8779886882239545344_n-scaled.jpg","_links":{"self":[{"href":"https:\/\/www.radiopiu.net\/wordpress\/wp-json\/wp\/v2\/posts\/141616","targetHints":{"allow":["GET"]}}],"collection":[{"href":"https:\/\/www.radiopiu.net\/wordpress\/wp-json\/wp\/v2\/posts"}],"about":[{"href":"https:\/\/www.radiopiu.net\/wordpress\/wp-json\/wp\/v2\/types\/post"}],"author":[{"embeddable":true,"href":"https:\/\/www.radiopiu.net\/wordpress\/wp-json\/wp\/v2\/users\/4"}],"replies":[{"embeddable":true,"href":"https:\/\/www.radiopiu.net\/wordpress\/wp-json\/wp\/v2\/comments?post=141616"}],"version-history":[{"count":0,"href":"https:\/\/www.radiopiu.net\/wordpress\/wp-json\/wp\/v2\/posts\/141616\/revisions"}],"wp:featuredmedia":[{"embeddable":true,"href":"https:\/\/www.radiopiu.net\/wordpress\/wp-json\/wp\/v2\/media\/141623"}],"wp:attachment":[{"href":"https:\/\/www.radiopiu.net\/wordpress\/wp-json\/wp\/v2\/media?parent=141616"}],"wp:term":[{"taxonomy":"category","embeddable":true,"href":"https:\/\/www.radiopiu.net\/wordpress\/wp-json\/wp\/v2\/categories?post=141616"},{"taxonomy":"post_tag","embeddable":true,"href":"https:\/\/www.radiopiu.net\/wordpress\/wp-json\/wp\/v2\/tags?post=141616"}],"curies":[{"name":"wp","href":"https:\/\/api.w.org\/{rel}","templated":true}]}}