{"id":141646,"date":"2020-06-01T15:43:16","date_gmt":"2020-06-01T13:43:16","guid":{"rendered":"https:\/\/www.radiopiu.net\/wordpress\/?p=141646"},"modified":"2020-06-01T15:43:57","modified_gmt":"2020-06-01T13:43:57","slug":"valle-di-san-lucano-una-rinascita-accertata-cantieri-ovunque","status":"publish","type":"post","link":"https:\/\/www.radiopiu.net\/wordpress\/valle-di-san-lucano-una-rinascita-accertata-cantieri-ovunque\/","title":{"rendered":"VALLE DI SAN LUCANO UNA  RINASCITA ACCERTATA,  CANTIERI OVUNQUE"},"content":{"rendered":"<p><strong><a class=\"dt-pswp-item\" href=\"https:\/\/www.radiopiu.net\/wordpress\/wp-content\/uploads\/2020\/05\/DJI_0014-scaled.jpg\" data-dt-img-description=\"\" data-large_image_width=\"2560\" data-large_image_height=\"1920\"><img loading=\"lazy\" decoding=\"async\" class=\" wp-image-141630 alignleft\" src=\"https:\/\/www.radiopiu.net\/wordpress\/wp-content\/uploads\/2020\/05\/DJI_0014-300x225.jpg\" alt=\"\" width=\"255\" height=\"191\" srcset=\"https:\/\/www.radiopiu.net\/wordpress\/wp-content\/uploads\/2020\/05\/DJI_0014-300x225.jpg 300w, https:\/\/www.radiopiu.net\/wordpress\/wp-content\/uploads\/2020\/05\/DJI_0014-1024x768.jpg 1024w, https:\/\/www.radiopiu.net\/wordpress\/wp-content\/uploads\/2020\/05\/DJI_0014-768x576.jpg 768w, https:\/\/www.radiopiu.net\/wordpress\/wp-content\/uploads\/2020\/05\/DJI_0014-1536x1152.jpg 1536w, https:\/\/www.radiopiu.net\/wordpress\/wp-content\/uploads\/2020\/05\/DJI_0014-2048x1536.jpg 2048w\" sizes=\"auto, (max-width: 255px) 100vw, 255px\" \/><\/a>TAIBON<\/strong> Frequentatissima valle di San Lucano in questa domenica, in auto, moto, bicicletta, semplicemente in passeggiata, lungo la strada principale, al laghetto delle Peschiere, verso la ciclabile, fino a Col di Pra e ancora pi\u00f9 su. In molti hanno avuto l&#8217;opportunit\u00e0 di vedere i grandi lavori in corso gi\u00e0 partendo da Forno Val dove ci sono i tronchi di Vaia pronti per essere portati in segheria, sopra le Peschiere il bosco riprende vigore dopo la splendida pulizia. Ricostruito il tratto di ciclabile dalla centrale all&#8217;ex After hour o ex baita delle Peschiere, riprende dignit\u00e0 anche la zona delle Peschiere con gli alberi rialzati e l&#8217;acqua verde smeraldo, sorvoliamo circa il cantiere dell&#8217;Arena come sappiamo condiviiso da ben poche persone, operato di ex amministratori che ricorderemo sopratutto per questo, forse solo per questo. Lungo la Besausega la pulizia regna sovrana e anche le opere contro il dissesto idrogeologico sono in bella mostra. In mezzo al bosco in riva al Tegnas una ditta austriaca lavora anche di domenica non solo di giorno e di notte. Anche questo \u00e8 uno spettacolo nello spettacolo, vedere come le potenti macchine alzano i tronchi, tolgono i rami e li segano a misura, la &#8220;zampa&#8221; dell&#8217;operatore \u00e8 notevole, qualcuno <a class=\"dt-pswp-item\" href=\"https:\/\/www.radiopiu.net\/wordpress\/wp-content\/uploads\/2020\/05\/476dc754-7272-4573-939f-17d6f1e50456.jpg\" data-dt-img-description=\"\" data-large_image_width=\"1599\" data-large_image_height=\"799\"><img loading=\"lazy\" decoding=\"async\" class=\" wp-image-141648 alignright\" src=\"https:\/\/www.radiopiu.net\/wordpress\/wp-content\/uploads\/2020\/05\/476dc754-7272-4573-939f-17d6f1e50456-300x150.jpg\" alt=\"\" width=\"240\" height=\"120\" srcset=\"https:\/\/www.radiopiu.net\/wordpress\/wp-content\/uploads\/2020\/05\/476dc754-7272-4573-939f-17d6f1e50456-300x150.jpg 300w, https:\/\/www.radiopiu.net\/wordpress\/wp-content\/uploads\/2020\/05\/476dc754-7272-4573-939f-17d6f1e50456-1024x512.jpg 1024w, https:\/\/www.radiopiu.net\/wordpress\/wp-content\/uploads\/2020\/05\/476dc754-7272-4573-939f-17d6f1e50456-768x384.jpg 768w, https:\/\/www.radiopiu.net\/wordpress\/wp-content\/uploads\/2020\/05\/476dc754-7272-4573-939f-17d6f1e50456-1536x768.jpg 1536w, https:\/\/www.radiopiu.net\/wordpress\/wp-content\/uploads\/2020\/05\/476dc754-7272-4573-939f-17d6f1e50456.jpg 1599w\" sizes=\"auto, (max-width: 240px) 100vw, 240px\" \/><\/a>si ferma a fare un applauso. A Col di Pra,\u00a0 vi si arriva anche attraverso la ricostruita &#8220;ciclabile&#8221; o strada mulattiera, o strada al servizio dei cantieri lungo il greto del Tegnas, e subito dopo ecco la sorpresa: il ponte sul Bordina \u00e8 in costruzione e i lavori a buon punto. Gi\u00e0 posata l&#8217;ossatura del ponte ben visibile da quello costruito in emergenza dopo Vaia per togliere la frazione dall&#8217;isolamento. Difronte l&#8217;altro importante cantiere che ha rimesso in sicurezza il boral dei Lot. L&#8217;attuale amministrazione si \u00e8 data da fare, i risultati sono gi\u00e0 evidenti e le sorprese in positivo non mancheranno. Tra l&#8217;altro in futuro sar\u00e0 recuperato anche il bosco sopra la Merla e fino ai Coi di Taibon, quello devastato dall&#8217;incendio dove sar\u00e0 realizzata una strada silvo forestale, in futuro spettacolare passeggiata ciclo pedonale per valligiani e turisti.<\/p>\n<p><strong>COL DI PRA NEI GIORNI DI VAIA<\/strong><\/p>\n<p><a class=\"dt-pswp-item\" href=\"https:\/\/www.radiopiu.net\/wordpress\/wp-content\/uploads\/2020\/05\/b47d750d-447c-4a60-b1d0-4099a21195dc.jpg\" data-dt-img-description=\"\" data-large_image_width=\"1368\" data-large_image_height=\"770\"><img loading=\"lazy\" decoding=\"async\" class=\"alignnone size-medium wp-image-141633\" src=\"https:\/\/www.radiopiu.net\/wordpress\/wp-content\/uploads\/2020\/05\/b47d750d-447c-4a60-b1d0-4099a21195dc-300x169.jpg\" alt=\"\" width=\"300\" height=\"169\" srcset=\"https:\/\/www.radiopiu.net\/wordpress\/wp-content\/uploads\/2020\/05\/b47d750d-447c-4a60-b1d0-4099a21195dc-300x169.jpg 300w, https:\/\/www.radiopiu.net\/wordpress\/wp-content\/uploads\/2020\/05\/b47d750d-447c-4a60-b1d0-4099a21195dc-1024x576.jpg 1024w, https:\/\/www.radiopiu.net\/wordpress\/wp-content\/uploads\/2020\/05\/b47d750d-447c-4a60-b1d0-4099a21195dc-768x432.jpg 768w, https:\/\/www.radiopiu.net\/wordpress\/wp-content\/uploads\/2020\/05\/b47d750d-447c-4a60-b1d0-4099a21195dc.jpg 1368w\" sizes=\"auto, (max-width: 300px) 100vw, 300px\" \/><\/a><a class=\"dt-pswp-item\" href=\"https:\/\/www.radiopiu.net\/wordpress\/wp-content\/uploads\/2020\/05\/958efee5-8cf5-4e59-8db2-1e4d995b45b9.jpg\" data-dt-img-description=\"\" data-large_image_width=\"1368\" data-large_image_height=\"770\"><img loading=\"lazy\" decoding=\"async\" class=\"alignnone size-medium wp-image-141632\" src=\"https:\/\/www.radiopiu.net\/wordpress\/wp-content\/uploads\/2020\/05\/958efee5-8cf5-4e59-8db2-1e4d995b45b9-300x169.jpg\" alt=\"\" width=\"300\" height=\"169\" srcset=\"https:\/\/www.radiopiu.net\/wordpress\/wp-content\/uploads\/2020\/05\/958efee5-8cf5-4e59-8db2-1e4d995b45b9-300x169.jpg 300w, https:\/\/www.radiopiu.net\/wordpress\/wp-content\/uploads\/2020\/05\/958efee5-8cf5-4e59-8db2-1e4d995b45b9-1024x576.jpg 1024w, https:\/\/www.radiopiu.net\/wordpress\/wp-content\/uploads\/2020\/05\/958efee5-8cf5-4e59-8db2-1e4d995b45b9-768x432.jpg 768w, https:\/\/www.radiopiu.net\/wordpress\/wp-content\/uploads\/2020\/05\/958efee5-8cf5-4e59-8db2-1e4d995b45b9.jpg 1368w\" sizes=\"auto, (max-width: 300px) 100vw, 300px\" \/><\/a><\/p>\n<p>COL DI PRA OGGI<\/p>\n<p><a class=\"dt-pswp-item\" href=\"https:\/\/www.radiopiu.net\/wordpress\/wp-content\/uploads\/2020\/05\/d1e9ab4e-906d-4471-9451-d437a653af23.jpg\" data-dt-img-description=\"\" data-large_image_width=\"1024\" data-large_image_height=\"768\"><img loading=\"lazy\" decoding=\"async\" class=\"alignnone size-medium wp-image-141643\" src=\"https:\/\/www.radiopiu.net\/wordpress\/wp-content\/uploads\/2020\/05\/d1e9ab4e-906d-4471-9451-d437a653af23-300x225.jpg\" alt=\"\" width=\"300\" height=\"225\" srcset=\"https:\/\/www.radiopiu.net\/wordpress\/wp-content\/uploads\/2020\/05\/d1e9ab4e-906d-4471-9451-d437a653af23-300x225.jpg 300w, https:\/\/www.radiopiu.net\/wordpress\/wp-content\/uploads\/2020\/05\/d1e9ab4e-906d-4471-9451-d437a653af23-768x576.jpg 768w, https:\/\/www.radiopiu.net\/wordpress\/wp-content\/uploads\/2020\/05\/d1e9ab4e-906d-4471-9451-d437a653af23.jpg 1024w\" sizes=\"auto, (max-width: 300px) 100vw, 300px\" \/><\/a><a class=\"dt-pswp-item\" href=\"https:\/\/www.radiopiu.net\/wordpress\/wp-content\/uploads\/2020\/05\/dddef2bc-6ef2-4a71-a4e1-79fdac9b683e.jpg\" data-dt-img-description=\"\" data-large_image_width=\"1024\" data-large_image_height=\"768\"><img loading=\"lazy\" decoding=\"async\" class=\"alignnone size-medium wp-image-141645\" src=\"https:\/\/www.radiopiu.net\/wordpress\/wp-content\/uploads\/2020\/05\/dddef2bc-6ef2-4a71-a4e1-79fdac9b683e-300x225.jpg\" alt=\"\" width=\"300\" height=\"225\" srcset=\"https:\/\/www.radiopiu.net\/wordpress\/wp-content\/uploads\/2020\/05\/dddef2bc-6ef2-4a71-a4e1-79fdac9b683e-300x225.jpg 300w, https:\/\/www.radiopiu.net\/wordpress\/wp-content\/uploads\/2020\/05\/dddef2bc-6ef2-4a71-a4e1-79fdac9b683e-768x576.jpg 768w, https:\/\/www.radiopiu.net\/wordpress\/wp-content\/uploads\/2020\/05\/dddef2bc-6ef2-4a71-a4e1-79fdac9b683e.jpg 1024w\" sizes=\"auto, (max-width: 300px) 100vw, 300px\" \/><\/a><\/p>\n<p><iframe loading=\"lazy\" title=\"RIFACIMENTO PONTE SUL TORRENTE BORDINA A COL DI PRA, E RIARGINATURA TORRENTE MAGGIO 2020\" width=\"1200\" height=\"675\" src=\"https:\/\/www.youtube.com\/embed\/E6Olz-KoLIM?feature=oembed\" frameborder=\"0\" allow=\"accelerometer; autoplay; clipboard-write; encrypted-media; gyroscope; picture-in-picture\" allowfullscreen><\/iframe><\/p>\n<p>VALLE DI SAN LUCANO<\/p>\n<p><a class=\"dt-pswp-item\" href=\"https:\/\/www.radiopiu.net\/wordpress\/wp-content\/uploads\/2020\/05\/fb375749-fdbd-4f95-95b9-2270f11d5cd7.jpg\" data-dt-img-description=\"\" data-large_image_width=\"768\" data-large_image_height=\"1024\"><img loading=\"lazy\" decoding=\"async\" class=\"alignnone size-medium wp-image-141638\" src=\"https:\/\/www.radiopiu.net\/wordpress\/wp-content\/uploads\/2020\/05\/fb375749-fdbd-4f95-95b9-2270f11d5cd7-225x300.jpg\" alt=\"\" width=\"225\" height=\"300\" srcset=\"https:\/\/www.radiopiu.net\/wordpress\/wp-content\/uploads\/2020\/05\/fb375749-fdbd-4f95-95b9-2270f11d5cd7-225x300.jpg 225w, https:\/\/www.radiopiu.net\/wordpress\/wp-content\/uploads\/2020\/05\/fb375749-fdbd-4f95-95b9-2270f11d5cd7.jpg 768w\" sizes=\"auto, (max-width: 225px) 100vw, 225px\" \/><\/a><a class=\"dt-pswp-item\" href=\"https:\/\/www.radiopiu.net\/wordpress\/wp-content\/uploads\/2020\/05\/700f159b-a0a2-4183-8a3b-604aed3273f4.jpg\" data-dt-img-description=\"\" data-large_image_width=\"768\" data-large_image_height=\"1024\"><img loading=\"lazy\" decoding=\"async\" class=\"alignnone size-medium wp-image-141641\" src=\"https:\/\/www.radiopiu.net\/wordpress\/wp-content\/uploads\/2020\/05\/700f159b-a0a2-4183-8a3b-604aed3273f4-225x300.jpg\" alt=\"\" width=\"225\" height=\"300\" srcset=\"https:\/\/www.radiopiu.net\/wordpress\/wp-content\/uploads\/2020\/05\/700f159b-a0a2-4183-8a3b-604aed3273f4-225x300.jpg 225w, https:\/\/www.radiopiu.net\/wordpress\/wp-content\/uploads\/2020\/05\/700f159b-a0a2-4183-8a3b-604aed3273f4.jpg 768w\" sizes=\"auto, (max-width: 225px) 100vw, 225px\" \/><\/a><a class=\"dt-pswp-item\" href=\"https:\/\/www.radiopiu.net\/wordpress\/wp-content\/uploads\/2020\/05\/49d7f889-a15c-40d5-a552-d323b2a370fd.jpg\" data-dt-img-description=\"\" data-large_image_width=\"1024\" data-large_image_height=\"768\"><img loading=\"lazy\" decoding=\"async\" class=\"alignnone size-medium wp-image-141642\" src=\"https:\/\/www.radiopiu.net\/wordpress\/wp-content\/uploads\/2020\/05\/49d7f889-a15c-40d5-a552-d323b2a370fd-300x225.jpg\" alt=\"\" width=\"300\" height=\"225\" srcset=\"https:\/\/www.radiopiu.net\/wordpress\/wp-content\/uploads\/2020\/05\/49d7f889-a15c-40d5-a552-d323b2a370fd-300x225.jpg 300w, https:\/\/www.radiopiu.net\/wordpress\/wp-content\/uploads\/2020\/05\/49d7f889-a15c-40d5-a552-d323b2a370fd-768x576.jpg 768w, https:\/\/www.radiopiu.net\/wordpress\/wp-content\/uploads\/2020\/05\/49d7f889-a15c-40d5-a552-d323b2a370fd.jpg 1024w\" sizes=\"auto, (max-width: 300px) 100vw, 300px\" \/><\/a><\/p>\n<p>&nbsp;<\/p>\n<p>https:\/\/www.facebook.com\/mirko.mezzacasa\/videos\/vb.1438301562\/10223130789204943\/?type=2&#038;video_source=user_video_tab<\/p>\n<p>&nbsp;<\/p>\n<blockquote class=\"wp-embedded-content\" data-secret=\"5VGpu0pXxM\"><p><a href=\"https:\/\/www.radiopiu.net\/wordpress\/el-lach-piciol\/\">EL LACH PICIOL (IL LAGO PICCOLO)<\/a><\/p><\/blockquote>\n<p><iframe loading=\"lazy\" title=\"&#8220;EL LACH PICIOL (IL LAGO PICCOLO)&#8221; &#8212; Radio Pi\u00f9\" class=\"wp-embedded-content\" sandbox=\"allow-scripts\" security=\"restricted\" style=\"position: absolute; clip: rect(1px, 1px, 1px, 1px);\" src=\"https:\/\/www.radiopiu.net\/wordpress\/el-lach-piciol\/embed\/#?secret=5VGpu0pXxM\" data-secret=\"5VGpu0pXxM\" width=\"600\" height=\"338\" frameborder=\"0\" marginwidth=\"0\" marginheight=\"0\" scrolling=\"no\"><\/iframe><\/p>\n<blockquote class=\"wp-embedded-content\" data-secret=\"eXQcrmcaf9\"><p><a href=\"https:\/\/www.radiopiu.net\/wordpress\/inviale-a-radio-piu-la-curiosita-di-alessandro-savio\/\">INVIALE A RADIO PIU&#8217;: LA CURIOSITA&#8217; DI ALESSANDRO SAVIO<\/a><\/p><\/blockquote>\n<p><iframe loading=\"lazy\" title=\"&#8220;INVIALE A RADIO PIU&#8217;: LA CURIOSITA&#8217; DI ALESSANDRO SAVIO&#8221; &#8212; Radio Pi\u00f9\" class=\"wp-embedded-content\" sandbox=\"allow-scripts\" security=\"restricted\" style=\"position: absolute; clip: rect(1px, 1px, 1px, 1px);\" src=\"https:\/\/www.radiopiu.net\/wordpress\/inviale-a-radio-piu-la-curiosita-di-alessandro-savio\/embed\/#?secret=eXQcrmcaf9\" data-secret=\"eXQcrmcaf9\" width=\"600\" height=\"338\" frameborder=\"0\" marginwidth=\"0\" marginheight=\"0\" scrolling=\"no\"><\/iframe><\/p>\n<p>&nbsp;<\/p>\n","protected":false},"excerpt":{"rendered":"<p>TAIBON Frequentatissima valle di San Lucano in questa domenica, in auto, moto, bicicletta, semplicemente in passeggiata, lungo la strada principale, al laghetto delle Peschiere, verso la ciclabile, fino a Col di Pra e ancora pi\u00f9 su. In molti hanno avuto l&#8217;opportunit\u00e0 di vedere i grandi lavori in corso gi\u00e0 partendo da Forno Val dove ci&hellip;<\/p>\n","protected":false},"author":1,"featured_media":141630,"comment_status":"closed","ping_status":"closed","sticky":false,"template":"","format":"standard","meta":{"_monsterinsights_skip_tracking":false,"_monsterinsights_sitenote_active":false,"_monsterinsights_sitenote_note":"","_monsterinsights_sitenote_category":0,"footnotes":""},"categories":[49],"tags":[],"class_list":["post-141646","post","type-post","status-publish","format-standard","has-post-thumbnail","hentry","category-news-18","category-49","description-off"],"img_url":"https:\/\/www.radiopiu.net\/wordpress\/wp-content\/uploads\/2020\/05\/DJI_0014-scaled.jpg","_links":{"self":[{"href":"https:\/\/www.radiopiu.net\/wordpress\/wp-json\/wp\/v2\/posts\/141646","targetHints":{"allow":["GET"]}}],"collection":[{"href":"https:\/\/www.radiopiu.net\/wordpress\/wp-json\/wp\/v2\/posts"}],"about":[{"href":"https:\/\/www.radiopiu.net\/wordpress\/wp-json\/wp\/v2\/types\/post"}],"author":[{"embeddable":true,"href":"https:\/\/www.radiopiu.net\/wordpress\/wp-json\/wp\/v2\/users\/1"}],"replies":[{"embeddable":true,"href":"https:\/\/www.radiopiu.net\/wordpress\/wp-json\/wp\/v2\/comments?post=141646"}],"version-history":[{"count":0,"href":"https:\/\/www.radiopiu.net\/wordpress\/wp-json\/wp\/v2\/posts\/141646\/revisions"}],"wp:featuredmedia":[{"embeddable":true,"href":"https:\/\/www.radiopiu.net\/wordpress\/wp-json\/wp\/v2\/media\/141630"}],"wp:attachment":[{"href":"https:\/\/www.radiopiu.net\/wordpress\/wp-json\/wp\/v2\/media?parent=141646"}],"wp:term":[{"taxonomy":"category","embeddable":true,"href":"https:\/\/www.radiopiu.net\/wordpress\/wp-json\/wp\/v2\/categories?post=141646"},{"taxonomy":"post_tag","embeddable":true,"href":"https:\/\/www.radiopiu.net\/wordpress\/wp-json\/wp\/v2\/tags?post=141646"}],"curies":[{"name":"wp","href":"https:\/\/api.w.org\/{rel}","templated":true}]}}