{"id":141716,"date":"2020-06-02T07:15:20","date_gmt":"2020-06-02T05:15:20","guid":{"rendered":"https:\/\/www.radiopiu.net\/wordpress\/?p=141716"},"modified":"2020-06-02T07:29:35","modified_gmt":"2020-06-02T05:29:35","slug":"giornale-radiopiu-02-giugno-2020-direttore-mirko-mezzacasa","status":"publish","type":"post","link":"https:\/\/www.radiopiu.net\/wordpress\/giornale-radiopiu-02-giugno-2020-direttore-mirko-mezzacasa\/","title":{"rendered":"GIORNALE RADIOPIU 02 GIUGNO 2020 DIRETTORE MIRKO MEZZACASA"},"content":{"rendered":"<h3><strong>PER RICEVERE QUESTO NOTIZIARIO DIRETTAMENTE SUL TUO CELLULARE ISCRIVITI AL CANALE TELEGRAM\u00a0<\/strong><strong>\u201cRADIO PIU\u00a0 INFORMAZIONE\u201d<\/strong><\/h3>\n<p>&nbsp;<\/p>\n<hr \/>\n<p>&nbsp;<\/p>\n<p><strong><em>Gestione Servizi Pubblici informa che a ROCCA PIETORE in localit\u00e0 DIGONERA, l&#8217;acqua erogata dall&#8217;acquedotto \u00e8 di nuovo potabile e pu\u00f2 essere usata, quindi, per scopi alimentari<\/em><\/strong><\/p>\n<p>&nbsp;<\/p>\n<hr \/>\n<p><strong>\u00a0<\/strong><\/p>\n<p><strong>CHIUDE PONTE MAS, FINO AL 30 GIUGNO PER I LAVORI DI CONSOLIDAMENTO:<\/strong>\u00a0 fino al\u00a0 30 giugno sar\u00e0 chiuso sia alle macchine sia ai pedoni. Percorso alternativo: da Ponte Mas a Vignole in Comune di Sedico.<\/p>\n<p><strong>INTERRUZIONI A CRISTO DELLE PIANIZZE\u00a0<\/strong>sp347 DURAN E CEREDA fino al al 5 giugno (esclusi festivi e prefestivi) possibili interruzioni in localit\u00e0 Pianizze (Agordo) della durata massima di 15 minuti dalle 8 alle 12 e dalle 13 alle 17, inoltre senso unico alternato nei periodi non interessati dalle chiusura<\/p>\n<p>&nbsp;<\/p>\n<hr \/>\n<p>&nbsp;<\/p>\n<p style=\"text-align: center;\"><em><strong>LA VALLE AGORDINA MALGA ROA&#8230;QUEL CHE RESTA<\/strong><\/em><\/p>\n<p><a class=\"dt-pswp-item\" href=\"https:\/\/www.radiopiu.net\/wordpress\/wp-content\/uploads\/2020\/06\/58fb8bc7-e9cb-46e2-a1d6-73ec6db70d97.jpg\" data-dt-img-description=\"\" data-large_image_width=\"1600\" data-large_image_height=\"1200\"><img loading=\"lazy\" decoding=\"async\" class=\"aligncenter wp-image-141840 size-large\" src=\"https:\/\/www.radiopiu.net\/wordpress\/wp-content\/uploads\/2020\/06\/58fb8bc7-e9cb-46e2-a1d6-73ec6db70d97-1024x768.jpg\" alt=\"\" width=\"1024\" height=\"768\" srcset=\"https:\/\/www.radiopiu.net\/wordpress\/wp-content\/uploads\/2020\/06\/58fb8bc7-e9cb-46e2-a1d6-73ec6db70d97-1024x768.jpg 1024w, https:\/\/www.radiopiu.net\/wordpress\/wp-content\/uploads\/2020\/06\/58fb8bc7-e9cb-46e2-a1d6-73ec6db70d97-300x225.jpg 300w, https:\/\/www.radiopiu.net\/wordpress\/wp-content\/uploads\/2020\/06\/58fb8bc7-e9cb-46e2-a1d6-73ec6db70d97-768x576.jpg 768w, https:\/\/www.radiopiu.net\/wordpress\/wp-content\/uploads\/2020\/06\/58fb8bc7-e9cb-46e2-a1d6-73ec6db70d97-1536x1152.jpg 1536w, https:\/\/www.radiopiu.net\/wordpress\/wp-content\/uploads\/2020\/06\/58fb8bc7-e9cb-46e2-a1d6-73ec6db70d97.jpg 1600w\" sizes=\"auto, (max-width: 1024px) 100vw, 1024px\" \/><\/a><\/p>\n<p>&nbsp;<\/p>\n<hr \/>\n<p>&nbsp;<\/p>\n<p style=\"text-align: center;\"><em><strong>FESTA DELLA REPUBBLICA &#8211; L&#8217;INTERVENTO DEL PRESIDENTE DELLA REPUBBLICA<\/strong><\/em><\/p>\n<p><iframe loading=\"lazy\" title=\"Festa della Repubblica - Intervento del Presidente Mattarella\" width=\"1200\" height=\"675\" src=\"https:\/\/www.youtube.com\/embed\/ANrWj2HS_Vo?feature=oembed\" frameborder=\"0\" allow=\"accelerometer; autoplay; clipboard-write; encrypted-media; gyroscope; picture-in-picture\" allowfullscreen><\/iframe><\/p>\n<p>&nbsp;<\/p>\n<hr \/>\n<p>&nbsp;<\/p>\n<blockquote>\n<h3>CERIMONIA IN OCCASIONE DEL 74^ ANNIVERSARIO DELLA FESTA DELLA REPUBBLICA<\/h3>\n<\/blockquote>\n<p><strong><a class=\"dt-pswp-item\" href=\"https:\/\/www.radiopiu.net\/wordpress\/wp-content\/uploads\/2020\/04\/PREFETTURA-BELLUNO.jpeg\" data-dt-img-description=\"\" data-large_image_width=\"384\" data-large_image_height=\"384\"><img loading=\"lazy\" decoding=\"async\" class=\"size-medium wp-image-133575 alignleft\" src=\"https:\/\/www.radiopiu.net\/wordpress\/wp-content\/uploads\/2020\/04\/PREFETTURA-BELLUNO-300x300.jpeg\" alt=\"\" width=\"300\" height=\"300\" srcset=\"https:\/\/www.radiopiu.net\/wordpress\/wp-content\/uploads\/2020\/04\/PREFETTURA-BELLUNO-300x300.jpeg 300w, https:\/\/www.radiopiu.net\/wordpress\/wp-content\/uploads\/2020\/04\/PREFETTURA-BELLUNO-150x150.jpeg 150w, https:\/\/www.radiopiu.net\/wordpress\/wp-content\/uploads\/2020\/04\/PREFETTURA-BELLUNO.jpeg 384w\" sizes=\"auto, (max-width: 300px) 100vw, 300px\" \/><\/a>BELLUNO\u00a0<\/strong>La drammatica situazione di emergenza sanitaria causata dall\u2019epidemia del coronavirus impone\u00a0 che per quest\u2019anno la cerimonia si svolga rispettando le misure di prevenzione per il contenimento del contagio, evitando assembramenti nel rispetto del distanziamento sociale.\u00a0Al fine di dare il giusto rilievo all\u2019importante ricorrenza, il 2 giugno,\u00a0<u>alle ore 11<\/u>, in Piazza dei Martiri, si terr\u00e0 la cerimonia dell\u2019alzabandiera sulle note dell\u2019inno d\u2019Italia, alla presenza di un ristretto numero di autorit\u00e0.\u00a0Successivamente, il Prefetto, Adriana Cogode, dar\u00e0 lettura del messaggio inviato per l\u2019occasione dal Presidente della Repubblica ai Prefetti.\u00a0Al fine di condividere con le Istituzioni locali l\u2019importante ricorrenza, che proprio nella partecipazione dei Sindaci vede uno degli aspetti maggiormente significativi, \u00e8 stato rivolto loro l\u2019invito affinch\u00e9 in tutti i Comuni si possa tenere la cerimonia dell\u2019alzabandiera, se possibile in contemporanea con quanto accadr\u00e0 a Belluno.\u00a0Come da tradizione, sar\u00e0 infine issato il tricolore lungo la torre dell\u2019orologio di Palazzo dei Rettori, grazie alla Squadra Speleoalpino Fluviale del Comando Provinciale dei Vigili del Fuoco.<\/p>\n<p><strong>LA LETTERA AI SINDACI DEL PREFETTO ADRIANA COGODE<\/strong><\/p>\n<a href=\"https:\/\/www.radiopiu.net\/wordpress\/wp-content\/uploads\/2020\/06\/Nota-del-Prefetto-ai-Sindaci.pdf\" class=\"pdfemb-viewer\" style=\"\" data-width=\"max\" data-height=\"max\" data-toolbar=\"top\" data-toolbar-fixed=\"on\">Nota del Prefetto ai Sindaci<\/a>\n<p>&nbsp;<\/p>\n<p>&nbsp;<\/p>\n<hr \/>\n<p>&nbsp;<\/p>\n<blockquote>\n<h3>2 GIUGNO&#8230;LA LETTERA DEL SINDACO DI FALCADE AI CITTADINI<\/h3>\n<\/blockquote>\n<p><strong><a class=\"dt-pswp-item\" href=\"https:\/\/www.radiopiu.net\/wordpress\/wp-content\/uploads\/2018\/08\/SindacoMicheleCosta.jpg\" data-dt-img-description=\"\" data-large_image_width=\"200\" data-large_image_height=\"235\"><img loading=\"lazy\" decoding=\"async\" class=\"size-full wp-image-56200 alignleft\" src=\"https:\/\/www.radiopiu.net\/wordpress\/wp-content\/uploads\/2018\/08\/SindacoMicheleCosta.jpg\" alt=\"\" width=\"200\" height=\"235\" \/><\/a>FALCADE<\/strong> Michele Costa, sindaco di Falcade, ha voluto rivolgere un pensiero ai suoi cittadini in occasione della Festa della Repubblica.<\/p>\n<blockquote><p><em><strong>LA LETTERA<\/strong><\/em><\/p>\n<p>Il 2 giugno, si celebra la Festa della Repubblica.<span class=\"Apple-converted-space\">\u00a0<\/span><\/p>\n<p>E\u2019 la festa di tutti gli italiani, nessuno escluso. La festa di cittadine e cittadini uniti nei valori, nei diritti e nei doveri che la Costituzione esprime. Nella pienezza della libert\u00e0, innanzitutto. Una libert\u00e0 che siamo abituati a considerare acquisita per sempre e per la quale non \u00e8, quindi, necessario, lottare. Ma una libert\u00e0 che, invece, in questi mesi abbiamo visto pesantemente limitata da un nemico invisibile che mai avremmo immaginato di dover combattere.<span class=\"Apple-converted-space\">\u00a0<\/span>Ed \u00e8 proprio in questa circostanza che la nostra comunit\u00e0 ha dimostrato, ancora una volta, come dopo la tempesta Vaia,<span class=\"Apple-converted-space\">\u00a0 <\/span>di essere unita, solidale e generosa. Di aver compreso che nessuno si salva da solo, ma che ci si salva tutti se si sta insieme e ci si preoccupa l\u2019uno dell\u2019altro.<span class=\"Apple-converted-space\">\u00a0 <\/span>Abbiamo accettato con serenit\u00e0 e rispetto per gli altri i sacrifici che la pandemia ci ha imposto e sono certo che tutto ci\u00f2 pagher\u00e0. Ce la faremo a superare questo momentaccio. Ne usciremo pi\u00f9 forti. E pi\u00f9 uniti. Voglio in questa occasione ringraziare tutti coloro che, individualmente o attraverso le loro associazioni, si sono prodigati in queste settimane per il bene della comunit\u00e0. Ma soprattutto, concittadini di Falcade,<span class=\"Apple-converted-space\">\u00a0 <\/span>voglio ringraziare, uno per uno, ciascuno di voi.<span class=\"Apple-converted-space\">\u00a0<\/span><\/p>\n<p><strong>Michele Costa,\u00a0Sindaco di Falcade<span class=\"Apple-converted-space\">\u00a0<\/span><\/strong><\/p><\/blockquote>\n<p>&nbsp;<\/p>\n<p>&nbsp;<\/p>\n<hr \/>\n<p>&nbsp;<\/p>\n<blockquote>\n<h3>E&#8217; MORTO DON GABRIELE, LUTTO A COLLE SELVA E PESCUL<\/h3>\n<\/blockquote>\n<p><strong><a class=\"dt-pswp-item\" href=\"https:\/\/www.radiopiu.net\/wordpress\/wp-content\/uploads\/2020\/06\/7afb0bf2-524a-43a3-82bd-1d1f0a23d2a7.jpg\" data-dt-img-description=\"\" data-large_image_width=\"450\" data-large_image_height=\"473\"><img loading=\"lazy\" decoding=\"async\" class=\" wp-image-141733 alignleft\" src=\"https:\/\/www.radiopiu.net\/wordpress\/wp-content\/uploads\/2020\/06\/7afb0bf2-524a-43a3-82bd-1d1f0a23d2a7-285x300.jpg\" alt=\"\" width=\"174\" height=\"183\" srcset=\"https:\/\/www.radiopiu.net\/wordpress\/wp-content\/uploads\/2020\/06\/7afb0bf2-524a-43a3-82bd-1d1f0a23d2a7-285x300.jpg 285w, https:\/\/www.radiopiu.net\/wordpress\/wp-content\/uploads\/2020\/06\/7afb0bf2-524a-43a3-82bd-1d1f0a23d2a7.jpg 450w\" sizes=\"auto, (max-width: 174px) 100vw, 174px\" \/><\/a>COLLE SANTA LUCIA_SELVA DI CADORE <\/strong>ieri mattina la sua comunit\u00e0 lo attendeva in chiesa per la seconda celebrazione delle Pentecoste, ma Don Gabriele non \u00e8 arrivato. Preoccupato il sindaco di Colle Santa Lucia, anche perch\u00e9 non rispondeva al telefono, ha mandato la sorella a sincerarsi delle sue condizioni. Don Gabriele era in canonica, seduto sul divano, privo di vita probabilmente per un improvviso infarto. <em>&#8220;Sono sconvolto dal dolore &#8211; dice il sindaco di Colle Santa Lucia Paolo Frena &#8211; con lui avevo un particolare rapporto d&#8217;amicizia non solo formale e istituzionale. Lascia una comunit\u00e0 nello sconcerto, lo stavamo attendendo proprio a Colle per la festivit\u00e0 delle Pentecoste. Siamo increduli dopo averlo lasciato ieri sera dopo la chiusura della prima giornata delle celebrazioni. La comunit\u00e0 \u00e8 raccolta in chiesa per ricordarlo nella preghiera. Siamo inoltre in attesa di incontrare il vescovo Renato Marangoni che sta salendo a Colle Santa Lucia&#8221;.<\/em><\/p>\n<blockquote><p><em>&#8220;Non ho parole, la tristezza \u00e8 tanta, il dolore immenso. Abbiamo perso un parroco, un amico. Qui lo abbiamo tanto amato e stimato, solo pochi giorni fa \u00a0aveva fatto portare una rosa ad ogni mamma per la festa della mamma&#8221;.<\/em> E&#8217; il triste annuncio del sindaco di Selva di Cadore Silvia Cestaro che comunica la morte improvvisa e per cause naturali di Don Gabriele Bernardi. Classe 1948, nativo di Loria (Treviso), don Gabriele \u00e8 stato ordinato presbitero a Limana il 26 luglio 1975; dopo due esperienze come viceparroco a Longarone e Limana, dal 1981 al 1992 \u00e8 stato parroco ad Arabba; quindi fino al 1998 parroco a Cencenighe. Di seguito ha svolto un lungo periodo di servizio ai pellegrini presso il Santo Sepolcro a Gerusalemme, esperienza di cui portava nel cuore un ricordo indelebile, una nostalgia simile a quella dei Salmi. Nel 2010 \u00e8 ritornato in diocesi, per prendere il posto di don Francesco Cassol, ed \u00e8 divenuto parroco di Longarone, Igne e Ospitale di Cadore.<\/p><\/blockquote>\n<p><strong>IL PENSIERO DI MONSIGNOR GIORGIO LISE<\/strong><\/p>\n<audio class=\"wp-audio-shortcode\" id=\"audio-141716-1\" preload=\"none\" style=\"width: 100%;\" controls=\"controls\"><source type=\"audio\/mpeg\" src=\"https:\/\/www.radiopiu.net\/wordpress\/wp-content\/uploads\/2020\/06\/DONNNN.mp3?_=1\" \/><a href=\"https:\/\/www.radiopiu.net\/wordpress\/wp-content\/uploads\/2020\/06\/DONNNN.mp3\">https:\/\/www.radiopiu.net\/wordpress\/wp-content\/uploads\/2020\/06\/DONNNN.mp3<\/a><\/audio>\n<p>&nbsp;<\/p>\n<p>&nbsp;<\/p>\n<p><strong>COMUNITA&#8217; IN LUTTO, IL MESSAGGIO DI DON FABIANO PER LA SCOMPARSA DEL PARROCO GABRIELE<\/strong><\/p>\n<blockquote>\n<h3><a class=\"dt-pswp-item\" href=\"https:\/\/www.radiopiu.net\/wordpress\/wp-content\/uploads\/2020\/06\/image.jpg\" data-dt-img-description=\"\" data-large_image_width=\"960\" data-large_image_height=\"540\"><img loading=\"lazy\" decoding=\"async\" class=\" wp-image-141757 alignleft\" src=\"https:\/\/www.radiopiu.net\/wordpress\/wp-content\/uploads\/2020\/06\/image-300x169.jpg\" alt=\"\" width=\"186\" height=\"105\" srcset=\"https:\/\/www.radiopiu.net\/wordpress\/wp-content\/uploads\/2020\/06\/image-300x169.jpg 300w, https:\/\/www.radiopiu.net\/wordpress\/wp-content\/uploads\/2020\/06\/image-768x432.jpg 768w, https:\/\/www.radiopiu.net\/wordpress\/wp-content\/uploads\/2020\/06\/image.jpg 960w\" sizes=\"auto, (max-width: 186px) 100vw, 186px\" \/><\/a><\/h3>\n<h3><\/h3>\n<h3><\/h3>\n<h3>Don Fabiano\u00a0 Del Favero. Vicario foraneo dell&#8217;Agordino e Livinallongo cos\u00ec ricorda don Gabriele.<\/h3>\n<\/blockquote>\n<audio class=\"wp-audio-shortcode\" id=\"audio-141716-2\" preload=\"none\" style=\"width: 100%;\" controls=\"controls\"><source type=\"audio\/mpeg\" src=\"https:\/\/www.radiopiu.net\/wordpress\/wp-content\/uploads\/2020\/06\/FABIOANO.mp3?_=2\" \/><a href=\"https:\/\/www.radiopiu.net\/wordpress\/wp-content\/uploads\/2020\/06\/FABIOANO.mp3\">https:\/\/www.radiopiu.net\/wordpress\/wp-content\/uploads\/2020\/06\/FABIOANO.mp3<\/a><\/audio>\n<p>&nbsp;<\/p>\n<p>&nbsp;<\/p>\n<p><strong>Un messaggio di cordoglio \u00e8 arrivato anche da San Tomaso Agordino dal sindaco Moreno De Val che ricorda Don Gabriele parroco in paese e anche a San Tomaso ha lasciato un importante ricordo<\/strong><\/p>\n<p>&nbsp;<\/p>\n<p>&nbsp;<\/p>\n<h3>IL SINDACO DI LIVINALLONGO LEANDRO GRONES<\/h3>\n<audio class=\"wp-audio-shortcode\" id=\"audio-141716-3\" preload=\"none\" style=\"width: 100%;\" controls=\"controls\"><source type=\"audio\/mpeg\" src=\"https:\/\/www.radiopiu.net\/wordpress\/wp-content\/uploads\/2020\/06\/GRONES-DON-GABRIELE.mp3?_=3\" \/><a href=\"https:\/\/www.radiopiu.net\/wordpress\/wp-content\/uploads\/2020\/06\/GRONES-DON-GABRIELE.mp3\">https:\/\/www.radiopiu.net\/wordpress\/wp-content\/uploads\/2020\/06\/GRONES-DON-GABRIELE.mp3<\/a><\/audio>\n<p>&nbsp;<\/p>\n<hr \/>\n<p>&nbsp;<\/p>\n<blockquote>\n<h3>L&#8217;EX SINDACO DI CENCENIGHE WILLIAM FAE&#8217;<\/h3>\n<\/blockquote>\n<p><strong><a class=\"dt-pswp-item\" href=\"https:\/\/www.radiopiu.net\/wordpress\/wp-content\/uploads\/2018\/02\/WILLIAM-FAE-1-e1566365190286.jpg\" data-dt-img-description=\"\" data-large_image_width=\"660\" data-large_image_height=\"495\"><img loading=\"lazy\" decoding=\"async\" class=\" wp-image-43581 alignleft\" src=\"https:\/\/www.radiopiu.net\/wordpress\/wp-content\/uploads\/2018\/02\/WILLIAM-FAE-1-e1566365190286-300x225.jpg\" alt=\"\" width=\"207\" height=\"155\" srcset=\"https:\/\/www.radiopiu.net\/wordpress\/wp-content\/uploads\/2018\/02\/WILLIAM-FAE-1-e1566365190286-300x225.jpg 300w, https:\/\/www.radiopiu.net\/wordpress\/wp-content\/uploads\/2018\/02\/WILLIAM-FAE-1-e1566365190286.jpg 660w\" sizes=\"auto, (max-width: 207px) 100vw, 207px\" \/><\/a>CENCENIGHE\u00a0<\/strong>Ciao Don Gabriele, ti ringrazio per tutto quello che hai fatto per la Comunita&#8217; di Cencenighe, allora io ero un Consigliere Comunale e Presidente della Pro Loco. Ricordo che tanto tu facevi per unire la nostra comunita&#8217;. Mi rimane ancora impresso nella mente quanto ti cercavano I bambini, ora uomini e donne; le collaborazioni insieme per alcune feste; le lettere che ci siamo scritti, passando a darci del tu, dalla Palestina. Tu eri piu&#8217; di un parroco.<\/p>\n<p>&nbsp;<\/p>\n<p>&nbsp;<\/p>\n<hr \/>\n<p>&nbsp;<\/p>\n<blockquote>\n<h3>TRA I BEI RICORDI ANCHE RADIO FIDES<\/h3>\n<\/blockquote>\n<p>Quanti bei ricordi quando era ad Arabba.. sapeva coinvolgere tutti, bambini , giovani, aveva sempre delle belle iniziative, la via crucis da Masarei fino a Cherz, la festa della mamma nella chiesetta di Cherz , con un regalo,una rosa per tutte le mamme. La festa di ringraziamento dopo la fine della stagione invernale con un regalo ad ogni operatore e lavoratore turistico. Ricordo con nostalgia i campeggi a Valmorel, gli incontri di catechismo,a volte preparando cartelloni perch\u00e9 ogni festa con lui era ben organizzata, unica e speciale. Per gli anziani e ammalati che non potevano recarsi in chiesa invent\u00f2 &#8220;Radio Fides&#8221;. Ci mancherai , ci hai dato tanto, non ti dimenticheremo. <strong>Nadia Palla, Arabba.<\/strong><\/p>\n<p>&nbsp;<\/p>\n<p>&nbsp;<\/p>\n<hr \/>\n<p>&nbsp;<\/p>\n<div class=\"page-title-head hgroup\">\n<blockquote>\n<h3 class=\"entry-title\">OGGI I FUNERALI DI DON GABRIELE<\/h3>\n<\/blockquote>\n<\/div>\n<div class=\"page-title-breadcrumbs\">\n<p><strong><img loading=\"lazy\" decoding=\"async\" class=\"alignleft jetpack-lazy-image jetpack-lazy-image--handled\" src=\"https:\/\/i0.wp.com\/www.radiopiu.net\/wordpress\/wp-content\/uploads\/2020\/06\/download.jpg?resize=239%2C151&amp;ssl=1\" width=\"239\" height=\"151\" data-recalc-dims=\"1\" data-lazy-loaded=\"1\" \/>ROCCA PIETORE<\/strong> Sono ore di grande dolore dall\u2019Alto Agordino a Longarone, da Belluno sede della Diocesi a Cencenighe, in tutte le parrocchie che hanno avuto modo di conoscere Don Gabriele morto nella notte in canonica a Colle Santa Lucia. La notizia resa nota stamane, dopo che il parroco non si \u00e8 presentato in chiesa per la celebrazione delle Pentecoste ha scosso l\u2019intera vallata a partire dalle parrocchie di Colle Santa Lucia, Selva e Pescul. Ieri \u00e8 salito anche il vescovo Renato Marangoni ed \u00e8 stata decisa la data dei funerali, oggi alle 15 nel Santuario di Santa Maria delle Grazie, chiesa ampia dove saranno previste le distanze sociali ma anche la possibilit\u00e0 di seguire la funzione all\u2019esterno con l\u2019uso di altoparlanti.<\/p>\n<p>&nbsp;<\/p>\n<p><strong>IL RICORDO DI GIANNI SANTOMASO<\/strong><\/p>\n<audio class=\"wp-audio-shortcode\" id=\"audio-141716-4\" preload=\"none\" style=\"width: 100%;\" controls=\"controls\"><source type=\"audio\/mpeg\" src=\"https:\/\/www.radiopiu.net\/wordpress\/wp-content\/uploads\/2020\/06\/GIANNI-DON-GABRIELE.mp3?_=4\" \/><a href=\"https:\/\/www.radiopiu.net\/wordpress\/wp-content\/uploads\/2020\/06\/GIANNI-DON-GABRIELE.mp3\">https:\/\/www.radiopiu.net\/wordpress\/wp-content\/uploads\/2020\/06\/GIANNI-DON-GABRIELE.mp3<\/a><\/audio>\n<p>&nbsp;<\/p>\n<hr \/>\n<p>&nbsp;<\/p>\n<blockquote>\n<h3>MOTOCICLISTA FUORI STRADA A PASSO GIAU<\/h3>\n<\/blockquote>\n<p><strong>COLLE SANTA LUCIA<\/strong> \u00a0Un motociclista di 64 anni, vicentino di Tonezza del Cimone ha perso improvvisamente il controllo della sua due ruote ed \u00e8 finito lungo oltre la carreggiata. Chiamati i soccorsi alle 12.34, sul posto \u00e8 arrivato l&#8217;elicottero del 118 di Pieve di Cadore, che \u00e8 atterrato nelle vicinanze.I sanitari hanno prestato le prime cure al paziente sul luogo, prima di sistemarlo su una barella e imbarcarlo per il trasporto fino al Pronto soccorso dell&#8217;ospedale San Martino di Belluno. Non \u00e8 in pericolo di vita. Sul posto, anche i carabinieri.<\/p>\n<p>&nbsp;<\/p>\n<p>&nbsp;<\/p>\n<p>&nbsp;<\/p>\n<hr \/>\n<\/div>\n<div class=\"page-title-head hgroup\">\n<blockquote>\n<h3 class=\"entry-title\">COLLISIONE TRA IL MEZZO AGRICOLO E LA PANDA, FERITO L\u2019AGRICOLTORE<\/h3>\n<\/blockquote>\n<\/div>\n<div class=\"page-title-breadcrumbs\">\n<p><strong>BORGOVALBELLUNA<\/strong>\u00a0Erano le otto di ieri quando in via Gus la panda condotta da M.C. 29 anni si \u00e8 scontrata con il trattore condotto da F.C. 71 anni, anch\u2019egli come il giovane residente nel Comune di BorgoValbelluna. Panda e mezzo agricolo stavano percorrendo la via nella medesima direzione, il trattore intento nella svolta a sinistra \u00e8 stato sorpassato dalla Panda, inevitabile la collisione in seguito alla manovra di sorpasso. L\u2019anziano \u00e8 stato portato in ospedale a Feltre con ferite lievi.<\/p>\n<p>&nbsp;<\/p>\n<p class=\"photoswipe-wrapper\"><a class=\"dt-pswp-item pspw-wrap-ready\" href=\"https:\/\/i2.wp.com\/www.radiopiu.net\/wordpress\/wp-content\/uploads\/2020\/06\/014ed757-e9f5-4516-a5d9-136169d5972c.jpg?ssl=1\" data-dt-img-description=\"\" data-large_image_width=\"320\" data-large_image_height=\"320\"><img loading=\"lazy\" decoding=\"async\" class=\"alignnone size-medium wp-image-141719 jetpack-lazy-image jetpack-lazy-image--handled\" src=\"https:\/\/i2.wp.com\/www.radiopiu.net\/wordpress\/wp-content\/uploads\/2020\/06\/014ed757-e9f5-4516-a5d9-136169d5972c.jpg?resize=300%2C300&amp;ssl=1\" sizes=\"auto, (max-width: 300px) 100vw, 300px\" srcset=\"https:\/\/i2.wp.com\/www.radiopiu.net\/wordpress\/wp-content\/uploads\/2020\/06\/014ed757-e9f5-4516-a5d9-136169d5972c.jpg?resize=300%2C300&amp;ssl=1 300w, https:\/\/i2.wp.com\/www.radiopiu.net\/wordpress\/wp-content\/uploads\/2020\/06\/014ed757-e9f5-4516-a5d9-136169d5972c.jpg?resize=150%2C150&amp;ssl=1 150w, https:\/\/i2.wp.com\/www.radiopiu.net\/wordpress\/wp-content\/uploads\/2020\/06\/014ed757-e9f5-4516-a5d9-136169d5972c.jpg?w=320&amp;ssl=1 320w\" alt=\"\" width=\"300\" height=\"300\" data-recalc-dims=\"1\" data-lazy-loaded=\"1\" \/><\/a><a class=\"dt-pswp-item pspw-wrap-ready\" href=\"https:\/\/i2.wp.com\/www.radiopiu.net\/wordpress\/wp-content\/uploads\/2020\/06\/4546c34d-7594-4f11-95fd-11682117962b.jpg?ssl=1\" data-dt-img-description=\"\" data-large_image_width=\"320\" data-large_image_height=\"320\"><img loading=\"lazy\" decoding=\"async\" class=\"alignnone size-medium wp-image-141720 jetpack-lazy-image jetpack-lazy-image--handled\" src=\"https:\/\/i2.wp.com\/www.radiopiu.net\/wordpress\/wp-content\/uploads\/2020\/06\/4546c34d-7594-4f11-95fd-11682117962b.jpg?resize=300%2C300&amp;ssl=1\" sizes=\"auto, (max-width: 300px) 100vw, 300px\" srcset=\"https:\/\/i2.wp.com\/www.radiopiu.net\/wordpress\/wp-content\/uploads\/2020\/06\/4546c34d-7594-4f11-95fd-11682117962b.jpg?resize=300%2C300&amp;ssl=1 300w, https:\/\/i2.wp.com\/www.radiopiu.net\/wordpress\/wp-content\/uploads\/2020\/06\/4546c34d-7594-4f11-95fd-11682117962b.jpg?resize=150%2C150&amp;ssl=1 150w, https:\/\/i2.wp.com\/www.radiopiu.net\/wordpress\/wp-content\/uploads\/2020\/06\/4546c34d-7594-4f11-95fd-11682117962b.jpg?w=320&amp;ssl=1 320w\" alt=\"\" width=\"300\" height=\"300\" data-recalc-dims=\"1\" data-lazy-loaded=\"1\" \/><\/a><a class=\"dt-pswp-item pspw-wrap-ready\" href=\"https:\/\/i1.wp.com\/www.radiopiu.net\/wordpress\/wp-content\/uploads\/2020\/06\/87406057-e85d-4dbb-943a-005dd86518d9.jpg?ssl=1\" data-dt-img-description=\"\" data-large_image_width=\"800\" data-large_image_height=\"800\"><img loading=\"lazy\" decoding=\"async\" class=\"alignnone size-medium wp-image-141721 jetpack-lazy-image jetpack-lazy-image--handled\" src=\"https:\/\/i1.wp.com\/www.radiopiu.net\/wordpress\/wp-content\/uploads\/2020\/06\/87406057-e85d-4dbb-943a-005dd86518d9.jpg?resize=300%2C300&amp;ssl=1\" sizes=\"auto, (max-width: 300px) 100vw, 300px\" srcset=\"https:\/\/i1.wp.com\/www.radiopiu.net\/wordpress\/wp-content\/uploads\/2020\/06\/87406057-e85d-4dbb-943a-005dd86518d9.jpg?resize=300%2C300&amp;ssl=1 300w, https:\/\/i1.wp.com\/www.radiopiu.net\/wordpress\/wp-content\/uploads\/2020\/06\/87406057-e85d-4dbb-943a-005dd86518d9.jpg?resize=150%2C150&amp;ssl=1 150w, https:\/\/i1.wp.com\/www.radiopiu.net\/wordpress\/wp-content\/uploads\/2020\/06\/87406057-e85d-4dbb-943a-005dd86518d9.jpg?resize=768%2C768&amp;ssl=1 768w, https:\/\/i1.wp.com\/www.radiopiu.net\/wordpress\/wp-content\/uploads\/2020\/06\/87406057-e85d-4dbb-943a-005dd86518d9.jpg?w=800&amp;ssl=1 800w\" alt=\"\" width=\"300\" height=\"300\" data-recalc-dims=\"1\" data-lazy-loaded=\"1\" \/><\/a><\/p>\n<p>&nbsp;<\/p>\n<hr \/>\n<p>&nbsp;<\/p>\n<div class=\"page-title-head hgroup\">\n<blockquote>\n<h3 class=\"entry-title\">BIMBO DI 4 ANNI ESCE SENZA PREAVVISO E SFIDA I PERICOLI DELLA STRADA<\/h3>\n<\/blockquote>\n<\/div>\n<div class=\"page-title-breadcrumbs\">\n<blockquote><p><em>UN GRAZIE DI TUTTO CUORE AI CARABINIERI DELLA STAZIONE DI AURONZO<\/em><\/p>\n<p><em>DALLA PAGINA FACEBOOK DEL SINDACO TATIANA PAIS BECHER<\/em><\/p><\/blockquote>\n<p class=\"photoswipe-wrapper\"><img loading=\"lazy\" decoding=\"async\" class=\"wp-image-141815 alignleft jetpack-lazy-image jetpack-lazy-image--handled\" src=\"https:\/\/i1.wp.com\/www.radiopiu.net\/wordpress\/wp-content\/uploads\/2020\/06\/82187771_10222697574458702_383956796223520768_n.jpg?resize=255%2C124&amp;ssl=1\" sizes=\"auto, (max-width: 255px) 100vw, 255px\" srcset=\"https:\/\/i1.wp.com\/www.radiopiu.net\/wordpress\/wp-content\/uploads\/2020\/06\/82187771_10222697574458702_383956796223520768_n.jpg?resize=300%2C146&amp;ssl=1 300w, https:\/\/i1.wp.com\/www.radiopiu.net\/wordpress\/wp-content\/uploads\/2020\/06\/82187771_10222697574458702_383956796223520768_n.jpg?resize=768%2C373&amp;ssl=1 768w, https:\/\/i1.wp.com\/www.radiopiu.net\/wordpress\/wp-content\/uploads\/2020\/06\/82187771_10222697574458702_383956796223520768_n.jpg?w=960&amp;ssl=1 960w\" alt=\"\" width=\"255\" height=\"124\" data-recalc-dims=\"1\" data-lazy-loaded=\"1\" \/>Ho assistito a un\u2019avventura fortunatamente a lieto fine in centro ad Auronzo per un<span class=\"text_exposed_show\"> bimbo di 4 anni, arrivato in paese con la famiglia per trascorrere il ponte del 2 giugno, uscito di casa senza preavviso e incurante dei pericoli della strada: non trovo le parole per ringraziare la pattuglia dei Carabinieri di Auronzo in servizio questa sera che l\u2019hanno notato mentre scalzo attraversava la strada da solo in pieno centro, senza che i genitori si fossero accorti della sua uscita dal portone di casa\u2026per tranquillizzarlo le nostre forze dell\u2019ordine gli hanno preso un gelato, mentre alcune mamme auronzane nei paraggi lo coccolavano tra le loro braccia, senza che il bimbo si rendesse conto della gravit\u00e0 della situazione\u2026contemporaneamente una donna dei CC girava nelle vie circostanti di casa in casa mostrando la foto del bimbo in cerca dei genitori e sul posto accorreva anche il nostro Maresciallo\u00a0<\/span>Francesco Evangelisti. Fortunatamente dopo mezz\u2019ora tutta la famiglia del bimbo si \u00e8 precipitata in strada urlando il suo nome\u2026un abbraccio tra madre e figlio che ha commosso tutti i presenti<\/p>\n<p>&nbsp;<\/p>\n<p>&nbsp;<\/p>\n<hr \/>\n<p>&nbsp;<\/p>\n<h3>\u00a0FUOCO A LIMANA, BRUCIA IL FIENO<\/h3>\n<p>LIMANA I pompieri\u00a0 di Belluno sono intervenuti ieri pomeriggio per un incendio in via Case Sparse, nella frazione\u00a0 di Villa. L&#8217;allarme \u00e8 scattato verso le 14.30. Probabilmente\u00a0 una disattenzione ha innescato l&#8217;incendio pericoloso per la presenza di un certo quantitativo di fieno,\u00a0 danni limitati.<\/p>\n<p>&nbsp;<\/p>\n<hr \/>\n<\/div>\n<blockquote>\n<h3>SI LAVORA SOPRA LA REGIONALE 203 AGORDINA<\/h3>\n<\/blockquote>\n<p><strong><a class=\"dt-pswp-item\" href=\"https:\/\/www.radiopiu.net\/wordpress\/wp-content\/uploads\/2020\/06\/LAVORI-FRAMONT.jpg\" data-dt-img-description=\"\" data-large_image_width=\"900\" data-large_image_height=\"600\"><img loading=\"lazy\" decoding=\"async\" class=\"size-medium wp-image-141784 alignleft\" src=\"https:\/\/www.radiopiu.net\/wordpress\/wp-content\/uploads\/2020\/06\/LAVORI-FRAMONT-300x200.jpg\" alt=\"\" width=\"300\" height=\"200\" srcset=\"https:\/\/www.radiopiu.net\/wordpress\/wp-content\/uploads\/2020\/06\/LAVORI-FRAMONT-300x200.jpg 300w, https:\/\/www.radiopiu.net\/wordpress\/wp-content\/uploads\/2020\/06\/LAVORI-FRAMONT-768x512.jpg 768w, https:\/\/www.radiopiu.net\/wordpress\/wp-content\/uploads\/2020\/06\/LAVORI-FRAMONT.jpg 900w\" sizes=\"auto, (max-width: 300px) 100vw, 300px\" \/><\/a>TAIBON<\/strong> Continuano i lavori a monte della strada regionale 203 Agordina nel comune di Taibon alle pendici del Framont. \u201c<em>Questo cantiere, seguito dalla nostra Unit\u00e0 Organizzativa Forestale sul torrente Roa Bianca \u2013 spiega l\u2019assessore alla Difesa del Suolo Gianpaolo Bottacin -, prevede la costruzione di una briglia di trattenuta delle colate che scendono dal monte Framont e che, anche durante l\u2019emergenza Vaia, era arrivato a minacciare la SR 203<\/em>\u201d. \u00a0A seguito dei crolli di materiale calcareo si sono infatti verificati episodi di debris-flow lungo il ripido torrente che interseca la strada regionale poco a monte di Taibon e che confluisce nel Cordevole. \u201c<em>L\u2019opera in corso di costruzione, per la quale abbiamo impegnato 300mila, euro \u00e8 una briglia filtrante in calcestruzzo armato che ha la funzione di trattenere i massi pi\u00f9 grandi &#8211; continua Bottacin &#8211; \u00a0impedendo cos\u00ec che arrivino a minacciare il ponte sulla strada regionale, lasciando passare invece la parte pi\u00f9 fine delle ghiaie, che non creano pericolo di intasamento del ponte stradale ma si riversano nel Cordevole<\/em>\u201d. Durante la tempesta Vaia era stato necessario l&#8217;intervento per liberare dal materiale la parte sopra il ponte evitando la chiusura della strada. I lavori dovrebbero chiudersi verso la met\u00e0 del mese di settembre 2020<\/p>\n<p><strong>L&#8217;ASSESSORE REGIONALE GIANPAOLO BOTTACIN<\/strong><\/p>\n<audio class=\"wp-audio-shortcode\" id=\"audio-141716-5\" preload=\"none\" style=\"width: 100%;\" controls=\"controls\"><source type=\"audio\/mpeg\" src=\"https:\/\/www.radiopiu.net\/wordpress\/wp-content\/uploads\/2020\/06\/BOTTA-01-GIUGNO-CANTIERE-TAIBON.mp3?_=5\" \/><a href=\"https:\/\/www.radiopiu.net\/wordpress\/wp-content\/uploads\/2020\/06\/BOTTA-01-GIUGNO-CANTIERE-TAIBON.mp3\">https:\/\/www.radiopiu.net\/wordpress\/wp-content\/uploads\/2020\/06\/BOTTA-01-GIUGNO-CANTIERE-TAIBON.mp3<\/a><\/audio>\n<p>&nbsp;<\/p>\n<p>&nbsp;<\/p>\n<hr \/>\n<p>&nbsp;<\/p>\n<div class=\"page-title-head hgroup\">\n<blockquote>\n<h3 class=\"entry-title\">INDENNE NEI GIORNI DI VAIA MA NON DALLA NEVE DI NOVEMBRE<\/h3>\n<\/blockquote>\n<\/div>\n<div class=\"page-title-breadcrumbs\">\n<p><img loading=\"lazy\" decoding=\"async\" class=\"size-medium wp-image-141820 alignleft jetpack-lazy-image jetpack-lazy-image--handled\" src=\"https:\/\/i0.wp.com\/www.radiopiu.net\/wordpress\/wp-content\/uploads\/2020\/06\/101481325_3435864309799851_6526692058881589248_n.jpg?resize=168%2C300&amp;ssl=1\" sizes=\"auto, (max-width: 168px) 100vw, 168px\" srcset=\"https:\/\/i0.wp.com\/www.radiopiu.net\/wordpress\/wp-content\/uploads\/2020\/06\/101481325_3435864309799851_6526692058881589248_n.jpg?resize=168%2C300&amp;ssl=1 168w, https:\/\/i0.wp.com\/www.radiopiu.net\/wordpress\/wp-content\/uploads\/2020\/06\/101481325_3435864309799851_6526692058881589248_n.jpg?w=539&amp;ssl=1 539w\" alt=\"\" width=\"168\" height=\"300\" data-recalc-dims=\"1\" data-lazy-loaded=\"1\" \/><img loading=\"lazy\" decoding=\"async\" class=\"wp-image-141821 alignright jetpack-lazy-image jetpack-lazy-image--handled\" src=\"https:\/\/i1.wp.com\/www.radiopiu.net\/wordpress\/wp-content\/uploads\/2020\/06\/99425829_3418600788192870_6112450022324830208_n.jpg?resize=235%2C224&amp;ssl=1\" sizes=\"auto, (max-width: 235px) 100vw, 235px\" srcset=\"https:\/\/i1.wp.com\/www.radiopiu.net\/wordpress\/wp-content\/uploads\/2020\/06\/99425829_3418600788192870_6112450022324830208_n.jpg?resize=300%2C286&amp;ssl=1 300w, https:\/\/i1.wp.com\/www.radiopiu.net\/wordpress\/wp-content\/uploads\/2020\/06\/99425829_3418600788192870_6112450022324830208_n.jpg?resize=768%2C732&amp;ssl=1 768w, https:\/\/i1.wp.com\/www.radiopiu.net\/wordpress\/wp-content\/uploads\/2020\/06\/99425829_3418600788192870_6112450022324830208_n.jpg?w=960&amp;ssl=1 960w\" alt=\"\" width=\"235\" height=\"224\" data-recalc-dims=\"1\" data-lazy-loaded=\"1\" \/><strong>LIVINALLONGO<\/strong> Il bel crocifisso che ha resistito alla furia del vento e della tempesta di Vaia non ha retto alle copiose nevicate dello scorso inverno. In localit\u00e0 Sa le Fontane sul Col di Lana il pregiato legno realizzato dalla Riserva Alpina di Caccia di Livinallongo, \u00e8 stato danneggiato dagli schianti. I Servizi Forestali della Regione Veneto stanno liberando dagli alberi\u00a0 la strada verso il\u00a0 Col di Lana che a breve sar\u00e0 nuovamente percorribile.<\/p>\n<p>A proposito di danni invernali: continua l\u2019importantissima e indispensabile opera di volontariato nelle varie Frazioni a Fodom per sistemare i danni dell\u2019inverno, riparare staccionate, pulire aiuole, scarpate, strade e piazze per migliorare ed abbellire il paese. <em>\u201cAd Arabba \u2013 spiega il sindaco Leandro Grones \u2013 alcuni giovani volenterosi, muniti di carta abrasiva e olio di gomito, hanno levigato tutte le panchine pubbliche della Frazione per poi verniciarle a nuovo. Nel weekend alcuni frazionisti di Varda e Corte hanno reso di nuovo percorribili due silvopastorali liberandole da smottamenti e dagli schianti causati dalle nevicate dello scorso novembre\u201d.<\/em><\/p>\n<p>&nbsp;<\/p>\n<hr \/>\n<p>&nbsp;<\/p>\n<p>&nbsp;<\/p>\n<blockquote>\n<h3>NEI TRASPORTI SOLO CONFUSIONE E LA REGIONE CHIEDE DI TOGLIERE I LIMITI USANDO LA MASCHERINA. FUNZIONA LA CURA DEL PLASMA, 23 PAZIENTI IN CURA.<\/h3>\n<\/blockquote>\n<p><strong>di Mirko Mezzacasa<\/strong><\/p>\n<p>Nei trasporti \u00e8 caos totale con utenti che rimangono a terra e con i portatori di interesse che non hanno risposto all&#8217;emergenza in modo adeguato. La crisi \u00e8 logistica ed anche di costi. I mezzi caricano al 50 per cento della capacit\u00e0 e non sono state incrementate le corse. Per questo dalla Regione l&#8217;invito a togliere i limiti, subito, anche perch\u00e9 i dispositivi faranno la differenza come succede suoi posti di lavoro dove non \u00e8 nemmeno necessaria se tra un lavoratore e l&#8217;altro vige il metro di distanza. Ieri a Venezia \u00e8 stata presentata la cura del plasma con la dottoressa Giustina De Silvestro artefice del dibattito sul plasma. Il Veneto ha un\u2019esperienza di plasmaferisi ultra decennale. La dottoressa De Silvestro \u00e8 primario e dal 2003 direttore a Padova del Centro Trasfusionale. <em>&#8220;Sono 23 &#8211; ha detto la dottoressa\u00a0 &#8211; i pazienti arruolati, per la maggior parte ricoverati in terapia intensiva, quindi molto pi\u00f9 gravi di quelli in cura a Pavia. I donatori sono 199, ma va detto che tanti si sono offerti e sono tuttora in lista<\/em> d&#8217;attesa&#8221;. E intanto assistiamo all&#8217;ennesimo scontro tra scienziati, tra quelli che invitano alla prudenza terrorizzando la popolazione e coloro che sbandierano che il virus non esiste pi\u00f9, che \u00e8 clinicamente scomparso. Da entrambe le parti parole rischiose, che sicuramente alimentano paure e tensioni alle quali risulta difficile abituarsi fin dalle prime ipotesi legate al pipistrello piuttosto che ad una semplice influenza, sono mesi che gli scienziati sono protagonisti divisi e guidano la mano della politica tra ipotesi di contagi e congetture. La bella notizia: l&#8217;ultimo contagiato di Vo&#8217; \u00e8 guarito, \u00e8 rimasto positivo e chiuso in casa per 74 giorni, libero dopo 13 tamponi prima di essere negativizzato. <strong>I NUMERI\u00a0 IN VENETO:<\/strong>\u00a0TOTALE POSITIVI 19155 (+2)\u00a0 ATTUALMENTE POSITIVI 1457 (-19)\u00a0 DECESSI 1921 (+3)\u00a0 NEGATIVIZZATI 15777\u00a0 (+18) IN ISOLAMENTO 1594\u00a0 RICOVERATI 376 (-7) (109 POSITIVI, 267 NEGATIVIZZATI), NEGLI OSPEDALI DI COMUNITA\u2019 4 (-1)\u00a0 \u00a0(10 POSITIVI, 38 NEGATIVIZZATI), IN TERAPIA INTENSIVA UNO IN MENO RISPETTO A SABATO: 27 (5 POSITIVI, 22 NEGATIVIZZATI).\u00a0<strong>I NUMERI IN PROVINCIA:<\/strong>\u00a0TOTALE CONTAGI 1171 (+1) , 1 POSITIVO NELLE ULTIME 24 ORE, ATTUALMENTE POSITIVI 96\u00a0 (-5) , DECEDUTI 110, NEGATIVIZZATI 959, IN ISOLAMENTO DOMICILIARE 190. RICOVERATI IN OSPEDALE AL SAN MARTINO 4 (-2) DIMESSI 98 DECESSI 53 A FELTRE 6 DECESSI\u00a0 (12 DIMESSI) NEGLI OSPEDALI DI COMUNITA\u2019 DI BELLUNO 17 DECESSI\u00a0 (35 DIMESSI),\u00a0 AGORDO 1 DECESSO (32 DIMESSI), PIEVE DI CADORE 1.<\/p>\n<p>&nbsp;<\/p>\n<hr \/>\n<p>&nbsp;<\/p>\n<blockquote class=\"wp-embedded-content\" data-secret=\"mfRNttlqfq\"><p><a href=\"https:\/\/www.radiopiu.net\/wordpress\/coronavirus-aggiornamento-nazionale-01-giugno\/\">CORONAVIRUS: AGGIORNAMENTO NAZIONALE 01 GIUGNO<\/a><\/p><\/blockquote>\n<p><iframe loading=\"lazy\" title=\"&#8220;CORONAVIRUS: AGGIORNAMENTO NAZIONALE 01 GIUGNO&#8221; &#8212; Radio Pi\u00f9\" class=\"wp-embedded-content\" sandbox=\"allow-scripts\" security=\"restricted\" style=\"position: absolute; clip: rect(1px, 1px, 1px, 1px);\" src=\"https:\/\/www.radiopiu.net\/wordpress\/coronavirus-aggiornamento-nazionale-01-giugno\/embed\/#?secret=mfRNttlqfq\" data-secret=\"mfRNttlqfq\" width=\"600\" height=\"338\" frameborder=\"0\" marginwidth=\"0\" marginheight=\"0\" scrolling=\"no\"><\/iframe><\/p>\n<p>&nbsp;<\/p>\n<hr \/>\n<p>&nbsp;<\/p>\n<p><em><strong>SOLO 4 PAZIENTI IN OSPEDALE A BELLUNO, ATTUALMENTE POSITIVI SOTTO I 100 E 190 IN ISOLAMENTO DOMICILIARE IN 24 ORE UN POSITIVO, UNO DEI 2 REGISTRATI OGGI IN REGIONE<\/strong><\/em><\/p>\n<blockquote class=\"wp-embedded-content\" data-secret=\"YYC0rCEyFP\"><p><a href=\"https:\/\/www.radiopiu.net\/wordpress\/bollettino-18-2-positivi-in-24-ore-giu-i-ricoveri-anche-in-terapia-intensiva\/\">BOLLETTINO 18 2 POSITIVI IN 24 ORE, GIU&#8217; I RICOVERI ANCHE IN TERAPIA INTENSIVA<\/a><\/p><\/blockquote>\n<p><iframe loading=\"lazy\" title=\"&#8220;BOLLETTINO 18 2 POSITIVI IN 24 ORE, GIU&#8217; I RICOVERI ANCHE IN TERAPIA INTENSIVA&#8221; &#8212; Radio Pi\u00f9\" class=\"wp-embedded-content\" sandbox=\"allow-scripts\" security=\"restricted\" style=\"position: absolute; clip: rect(1px, 1px, 1px, 1px);\" src=\"https:\/\/www.radiopiu.net\/wordpress\/bollettino-18-2-positivi-in-24-ore-giu-i-ricoveri-anche-in-terapia-intensiva\/embed\/#?secret=YYC0rCEyFP\" data-secret=\"YYC0rCEyFP\" width=\"600\" height=\"338\" frameborder=\"0\" marginwidth=\"0\" marginheight=\"0\" scrolling=\"no\"><\/iframe><\/p>\n<p>&nbsp;<\/p>\n<\/div>\n<h2><a class=\"dt-pswp-item\" href=\"https:\/\/www.radiopiu.net\/wordpress\/wp-content\/uploads\/2020\/06\/6194e4fa-36f5-450f-8ceb-dfaa0a4d045c.jpg\" data-dt-img-description=\"\" data-large_image_width=\"1024\" data-large_image_height=\"784\"><img loading=\"lazy\" decoding=\"async\" class=\"alignnone wp-image-141867 size-full\" src=\"https:\/\/www.radiopiu.net\/wordpress\/wp-content\/uploads\/2020\/06\/6194e4fa-36f5-450f-8ceb-dfaa0a4d045c.jpg\" alt=\"\" width=\"1024\" height=\"784\" srcset=\"https:\/\/www.radiopiu.net\/wordpress\/wp-content\/uploads\/2020\/06\/6194e4fa-36f5-450f-8ceb-dfaa0a4d045c.jpg 1024w, https:\/\/www.radiopiu.net\/wordpress\/wp-content\/uploads\/2020\/06\/6194e4fa-36f5-450f-8ceb-dfaa0a4d045c-300x230.jpg 300w, https:\/\/www.radiopiu.net\/wordpress\/wp-content\/uploads\/2020\/06\/6194e4fa-36f5-450f-8ceb-dfaa0a4d045c-768x588.jpg 768w\" sizes=\"auto, (max-width: 1024px) 100vw, 1024px\" \/><\/a><\/h2>\n<p>&nbsp;<\/p>\n<hr \/>\n<p>&nbsp;<\/p>\n<p><strong>L&#8217;INTERVENTO DELL&#8217;ASSESSORE ALLA PROTEZIONE CIVILE GIANPAOLO BOTTACIN<\/strong><\/p>\n<audio class=\"wp-audio-shortcode\" id=\"audio-141716-6\" preload=\"none\" style=\"width: 100%;\" controls=\"controls\"><source type=\"audio\/mpeg\" src=\"https:\/\/www.radiopiu.net\/wordpress\/wp-content\/uploads\/2020\/06\/BOTTA-01-GIUGNO-CORONA.mp3?_=6\" \/><a href=\"https:\/\/www.radiopiu.net\/wordpress\/wp-content\/uploads\/2020\/06\/BOTTA-01-GIUGNO-CORONA.mp3\">https:\/\/www.radiopiu.net\/wordpress\/wp-content\/uploads\/2020\/06\/BOTTA-01-GIUGNO-CORONA.mp3<\/a><\/audio>\n<p>&nbsp;<\/p>\n<hr \/>\n<p>&nbsp;<\/p>\n<blockquote>\n<h3>DATI E GRAFICI DEL GIORNO, PROVINCIA \u2013 REGIONE 01 GIUGNO 2020<\/h3>\n<\/blockquote>\n<p><strong>Con la collaborazione di Tiziano De Col<\/strong><\/p>\n<p><a class=\"dt-pswp-item\" href=\"https:\/\/www.radiopiu.net\/wordpress\/wp-content\/uploads\/2020\/06\/Schermata-2020-06-01-alle-19.48.53.png\" data-dt-img-description=\"\" data-large_image_width=\"810\" data-large_image_height=\"446\"><img loading=\"lazy\" decoding=\"async\" class=\"alignnone wp-image-141869\" src=\"https:\/\/www.radiopiu.net\/wordpress\/wp-content\/uploads\/2020\/06\/Schermata-2020-06-01-alle-19.48.53-300x165.png\" alt=\"\" width=\"309\" height=\"170\" srcset=\"https:\/\/www.radiopiu.net\/wordpress\/wp-content\/uploads\/2020\/06\/Schermata-2020-06-01-alle-19.48.53-300x165.png 300w, https:\/\/www.radiopiu.net\/wordpress\/wp-content\/uploads\/2020\/06\/Schermata-2020-06-01-alle-19.48.53-768x423.png 768w, https:\/\/www.radiopiu.net\/wordpress\/wp-content\/uploads\/2020\/06\/Schermata-2020-06-01-alle-19.48.53.png 810w\" sizes=\"auto, (max-width: 309px) 100vw, 309px\" \/><\/a><a class=\"dt-pswp-item\" href=\"https:\/\/www.radiopiu.net\/wordpress\/wp-content\/uploads\/2020\/06\/93c67624-be25-47eb-95ed-296ef16dbe45.jpg\" data-dt-img-description=\"\" data-large_image_width=\"596\" data-large_image_height=\"333\"><img loading=\"lazy\" decoding=\"async\" class=\"alignnone size-medium wp-image-141870\" src=\"https:\/\/www.radiopiu.net\/wordpress\/wp-content\/uploads\/2020\/06\/93c67624-be25-47eb-95ed-296ef16dbe45-300x168.jpg\" alt=\"\" width=\"300\" height=\"168\" srcset=\"https:\/\/www.radiopiu.net\/wordpress\/wp-content\/uploads\/2020\/06\/93c67624-be25-47eb-95ed-296ef16dbe45-300x168.jpg 300w, https:\/\/www.radiopiu.net\/wordpress\/wp-content\/uploads\/2020\/06\/93c67624-be25-47eb-95ed-296ef16dbe45.jpg 596w\" sizes=\"auto, (max-width: 300px) 100vw, 300px\" \/><\/a><a class=\"dt-pswp-item\" href=\"https:\/\/www.radiopiu.net\/wordpress\/wp-content\/uploads\/2020\/06\/d2b98b3d-f3aa-476d-90c5-f69438624b67.jpg\" data-dt-img-description=\"\" data-large_image_width=\"578\" data-large_image_height=\"372\"><img loading=\"lazy\" decoding=\"async\" class=\"alignnone size-medium wp-image-141871\" src=\"https:\/\/www.radiopiu.net\/wordpress\/wp-content\/uploads\/2020\/06\/d2b98b3d-f3aa-476d-90c5-f69438624b67-300x193.jpg\" alt=\"\" width=\"300\" height=\"193\" srcset=\"https:\/\/www.radiopiu.net\/wordpress\/wp-content\/uploads\/2020\/06\/d2b98b3d-f3aa-476d-90c5-f69438624b67-300x193.jpg 300w, https:\/\/www.radiopiu.net\/wordpress\/wp-content\/uploads\/2020\/06\/d2b98b3d-f3aa-476d-90c5-f69438624b67.jpg 578w\" sizes=\"auto, (max-width: 300px) 100vw, 300px\" \/><\/a><\/p>\n<p>&nbsp;<\/p>\n<hr \/>\n<p>&nbsp;<\/p>\n<h2>LEGGI LA CONFERENZA STAMPA DI LUCA ZAIA<\/h2>\n<p>Stiamo portando avanti tutte le linee guida abbiamo chiuso anche con i teatri, cinema, discoteche, casino\u2019 e sale da gioco. Stiamo attendendo una convocazione del Governo per capire cosa di far\u00e0 rispetto alle linee guida. Abbiamo ancora in piedi la fascia 0-3 per gli asilo nido ed e\u2019 partita bene la 3-17. E\u2019 scandaloso che il Governo dopo 10 giorni per un dibattito interno non si siano ancora date risposte alle nostre linee guida. Spostamenti: siamo contrari alle limitazioni per chi viene in Veneto \u00e8 fondamentale la libera circolazione con le regole da rispettare sui dispositivi. La mascherina oggi viene utilizzata secondo le regole del DPCM che prevede il dispositivo in ambiente chiusi o all\u2019aperto quando non c\u2019\u00e8 il distanziamento ovvero in casi di assembramento. Spero si risolva il problema Grecia che prima hanno chiuso, poi hanno aperto alle Regioni poi hanno parlato di luglio. Mi aspetto una soluzione poich\u00e9 la Grecia \u00e8 in area Shenghen diversamente dalla Croazia che non lo \u00e8 ma ha aperto a tutti. L\u2019apertura delle frontiere dovrebbe essere gestita dall\u2019Europa<\/p>\n<p><strong>TRENI SOVRA AFFOLLATI CON RESSA DA STADIO<\/strong>\u00a0Ho parlato con l\u2019assessore De Berti questo \u00e8 l\u2019effetto della riduzione della capacit\u00e0 dei treni, meno 50 per cento. C\u2019\u00e8 poi la voglia di muoversi.\u00a0 Dobbiamo evitare assembramenti e disservizi, Trenitalia \u00e8 in grandi difficolt\u00e0 sappiamo che non ci sono treni per tutti e credo sia ragionevole pensare che come accade altrove che se se non c\u2019\u00e8 il distanziamento si usa la mascherina. Bisogno rivedere le regole del trasporto pubblico locale oppure con la riapertura delle scuole sar\u00e0 caos totale, sono per l\u2019omologazione standard con la mascherina. Il tema va affrontato se ci sono rischi lo dovranno dire i sanitari. Ce lo diranno gli esperti ma dicendo no si mette in dubbio la validit\u00e0 della mascherina, sui luoghi di lavoro dal 13 aprile se e\u2019 rispettata la distanza si sta senza mascherina.<\/p>\n<p><strong>DOMANI MANIFESTAZIONE IN PIAZZA FERRETTO CI SARA\u2019<\/strong>\u00a0? Non \u00e8 l\u2019orario migliore ma cercheremo di risolvere il problema.<\/p>\n<p>&nbsp;<\/p>\n<h2>LA DOTTORESSA GIUSTINA DE SILVESTRO ARTEFICE DEL DIBATTITO SUL PLASMA. IL VENETO HA UN\u2019ESPERIENZA DI PLASMAFERISI ULTRA DECENNALE. E\u2019 PRIMARIO DAL 2003 DIRETTORE A PADOVA DEL CENTRO TRASFUSIONALE.<\/h2>\n<p><em>23 pazienti trattati in terapia intensiva, hanno donato il plasma 200 veneti guariti per 481 unit\u00e0 terapeutiche, 101 trasfuse dopo il consenso del paziente. Un paziente deceduto, 4 sottoposti a cure \u201ccompassionevoli\u201d risultati molto positivi per gli altri, alcuni dimessi altri in fase di riabilitazione. Nessuno \u00e8 guarito nell\u2019arco delle 24 ore a Pavia sono stati trattati pazienti meno gravi quindi dati non sono confrontabili. ll plasma in eccesso \u00e8 per\u00a0 l\u2019industria che\u00a0 ne\u00a0 ricava farmaci che poi ritornano all\u2019ospedale, utilizzabili in altre malattie. La Regione bandisce una gara, a livello Europeo, per assegnare il plasma, poi chiede quali prodotti ne vengono ricavati e quanto costa la lavorazione: la Regione ripaga questo, con il ritorno di prodotti farmaceutici indispensabili per i nostri ospedali, e non acquista sul mercato libero.<\/em><\/p>\n<p>&nbsp;<\/p>\n<p>Il Progetto \u00e8 partito a Padova ad inizio marzo, 8-10 giorni dopo l\u2019esplosione della pandemia. Gi\u00e0 seguivamo quello che facevano i cinesi la cura con il plasma non l\u2019abbiamo inventata noi. I cinesi hanno iniziato a raccogliere il plasma dai soggetti immune. La stesura del protocollo \u00e8 poi iniziata. Siamo partiti tardi perche\u2019 l\u2019allestimento di un protocollo sperimentale richiede tempi per le autorizzazioni e per trovare i labratori adatti. Da noi c\u2019era solo un laboratorio sovra caricato per i tamponi. Approvazione protocolli fine marzo,\u00a0 raccolta plasma da inizio aprile man mano che si presentavano i donatori guariti. Il progetto parte ad inizio aprile anche questo ha portato in l\u00e0 nel tempo senza la massa critica di pazienti in ospedale ma la coda dell\u2019epidemia con pazienti impegnativi. Da allora ad adesso abbiamo trattato 23 pazienti che sono stati accolti in terapia intensiva con ventilazione assistita. Solo una minima parte in reparti medici e un terzo di pazienti in sub intensiva mediamente molto pi\u00f9 gravi di altri pazienti studiati a Pavia. Poi arruolamento dei donatori, dopo il richiamo a donare abbiamo avuto una grande offerta di donatori che si sono resi disponibili per essere arruolati. Altro punto critico dosaggio anticorpi non tutti li sviluppano in quantit\u00e0 notevole e sono in grado di inibire l\u2019infezione ma deve avere un titolo superiore a 160. Dai nostri test circa il 50 per cento ha un titolo superiore a 80 sopra a 160 non tutti hanno gli anticorpi per una terapia efficace. Raccogliamo comunque e l\u2019intenzione\u00e8 di recuprare anche i pazienti con titolo inferiore a 80 per utilizzare il plasma. Donatori che hanno gi\u00e0 donato in totale in Veneto sono 200, donazioni effettuate a questa mattina soprattutto su Padova ma anche Verona e Vicenza. Da ogni donatore 3 unit\u00e0 terapeutiche, abbiamo quindi 481 unit\u00e0 in freezer, trasfuse 101 per pazienti trattati. per ogni paziente serve un donatore e mezzo. Abbiamo avuto 1 paziente deceduto, uno dei primi arruolati in terapia intensiva da molto tempo con la presenza di atre patologie gravi, gli altri sono andati bene alcuni dimessi altri in fase di riabilitazione perch\u00e9 i danni personali hanno necessit\u00e0 di essere seguiti.Tutti hanno avuto un miglioramento dopo la somministrazione del plasma. Il plasma raccolto potr\u00e0 essere dedicato solo ai pazienti. Andremo a raccogliere secondo i criteri della normativa nazionale plasma di chi ha avuto il covid e sono arruolabili come donatori, sar\u00e0 conservato come tutto il resto del plasma per essere utilizzato in un secondo momento anche per plasma derivati. Il metodo di conservazione del plasma fa si che mantenza le caratteristiche originarie anche tra 1 o 2 anni. Il sangue \u00e8 costituito da una componente cellulare e una liquida, quella componente liquida e\u2019 il plasma formato da acqua proteine e sali minerali quando raccogliamo il plasma separiamo il sangue prelevando solo il plasma (plasmaferesi) restituendo il resto al donatore.<\/p>\n<p><em><strong>Il ritorno della infezione?<\/strong>\u00a0Qualche caso credo ci sar\u00e0, ma cambiano gli atteggiamenti culturali nei confronti delle infezioni quindi mi aspetto che tutti noi impareremo a girare con la mascherina\u00a0 in tasca. Questo attenuer\u00e0 la ri presentazione del virus in maniera importante. Potrebbe andarsene come se n\u2019\u00e8 venuto ma anche mettersi nel gruppo di quelli dalle infezioni periodiche spero non invasiva come ora ma ci trover\u00e0 pronti a difenderci.\u00a0<\/em><em>\u00a0<strong>A chi dice che era solo una semplice influenza?<\/strong>\u00a0Il virus normale di un\u2019influenza inizia a comparire a fine settembre e va avanti fino a maggio e sono 8 mesi. Questo \u00e8 arrivato ha trovato terreno vergine con aggressivit\u00e0 molto superiore all\u2019influenza e che ha impegnato contemporaneamente in un mese tutti i contagi che si hanno in otto mesi. Questo da l\u2019idea della forza del virus e della sua invasivit\u00e0. Sono situazioni non paragonabili. Uno dei fautori di questa idea \u00e8 finito in terapia intensiva ed ha dovuto ammettere che non era una semplice influenza.\u00a0<\/em><\/p>\n<p>https:\/\/www.facebook.com\/zaiaufficiale\/videos\/1386844964856615<\/p>\n<p>&nbsp;<\/p>\n<hr \/>\n<p>&nbsp;<\/p>\n<div class=\"page-title-head hgroup\">\n<blockquote>\n<h3 class=\"entry-title\">LA DOTTORESSA GIUSTINA DE SILVESTRO ARTEFICE DEL DIBATTITO SUL PLASMA<\/h3>\n<\/blockquote>\n<\/div>\n<div class=\"page-title-breadcrumbs\">\n<p><strong class=\"photoswipe-wrapper\"><a class=\"dt-pswp-item pspw-wrap-ready\" href=\"https:\/\/i1.wp.com\/www.radiopiu.net\/wordpress\/wp-content\/uploads\/2020\/06\/Schermata-2020-06-01-alle-13.10.56.png?ssl=1\" data-dt-img-description=\"\" data-large_image_width=\"886\" data-large_image_height=\"524\"><img loading=\"lazy\" decoding=\"async\" class=\"size-medium wp-image-141782 alignleft jetpack-lazy-image jetpack-lazy-image--handled\" src=\"https:\/\/i1.wp.com\/www.radiopiu.net\/wordpress\/wp-content\/uploads\/2020\/06\/Schermata-2020-06-01-alle-13.10.56.png?resize=300%2C177&amp;ssl=1\" sizes=\"auto, (max-width: 300px) 100vw, 300px\" srcset=\"https:\/\/i1.wp.com\/www.radiopiu.net\/wordpress\/wp-content\/uploads\/2020\/06\/Schermata-2020-06-01-alle-13.10.56.png?resize=300%2C177&amp;ssl=1 300w, https:\/\/i1.wp.com\/www.radiopiu.net\/wordpress\/wp-content\/uploads\/2020\/06\/Schermata-2020-06-01-alle-13.10.56.png?resize=768%2C454&amp;ssl=1 768w, https:\/\/i1.wp.com\/www.radiopiu.net\/wordpress\/wp-content\/uploads\/2020\/06\/Schermata-2020-06-01-alle-13.10.56.png?w=886&amp;ssl=1 886w\" alt=\"\" width=\"300\" height=\"177\" data-recalc-dims=\"1\" data-lazy-loaded=\"1\" \/><\/a>VENEZIA<\/strong>\u00a0Durante la conferenza stampa del Presidente del veneto Luca Zaia \u00e8 intervenuta la Dottoressa Giustina De Silvestro, artefice del dibattito sul plasma. Il Veneto ha un\u2019esperienza di plasmaferisi ultra decennale. La dottoressa De Silvestro \u00e8 primario e dal 2003 direttore a Padova del Centro Trasfusionale.<\/p>\n<p><em>23 pazienti trattati in terapia intensiva, hanno donato il plasma 200 veneti guariti per 481 unit\u00e0 terapeutiche, 101 trasfuse dopo il consenso del paziente. Un paziente deceduto 4 sottoposti a cure \u201ccompassionevoli\u201d risultati molto positivi per gli altri alcuni dimessi altri in fase di riabilitazione. Nessuno \u00e8 guarito nell\u2019arco delle 24 ore a Pavia sono stati trattati pazienti meno gravi quindi dati non sono confrontabili.ll plasma in eccesso \u00e8 per\u00a0 l\u2019industria che\u00a0 ne\u00a0 ricava farmaci che poi ritornano all\u2019ospedale, utilizzabili in altre malattie. La Regione bandisce una gara, a livello Europeo, per assegnare il plasma, poi chiede quali prodotti ne vengono ricavati e quanto costa la lavorazione: la Regione ripaga questo, con il ritorno di prodotti farmaceutici indispensabili per i nostri ospedali, e non acquista sul mercato libero.<strong>Il ritorno della infezione?<\/strong>\u00a0Qualche caso credo ci sar\u00e0, ma cambiano gli atteggiamenti culturali nei confronti delle infezioni quindi mi aspetto che tutti noi impareremo a girare con la mascherina\u00a0 in tasca. Questo attenuer\u00e0 la ri presentazione del virus in maniera importante. Potrebbe andarsene come se n\u2019\u00e8 venuto ma anche mettersi nel gruppo di quelli dalle infezioni periodiche spero non invasiva come ora ma ci trover\u00e0 pronti a difenderci.\u00a0\u00a0<strong>A chi dice che era solo una semplice influenza?<\/strong>\u00a0Il virus normale di un\u2019influenza inizia a comparire a fine settembre e va avanti fino a maggio e sono 8 mesi. Questo \u00e8 arrivato ha trovato terreno vergine con aggressivit\u00e0 molto superiore all\u2019influenza e che ha impegnato contemporaneamente in un mese tutti i contagi che si hanno in otto mesi. Questo da l\u2019idea della forza del virus e della sua invasivit\u00e0. Sono situazioni non paragonabili. Uno dei fautori di questa idea \u00e8 finito in terapia intensiva ed ha dovuto ammettere che non era una semplice influenza.\u00a0<\/em><\/p>\n<p>&nbsp;<\/p>\n<p><strong>L\u2019INTERVENTO DELLA DOTTORESSA DE SILVESTRO<\/strong><\/p>\n<audio class=\"wp-audio-shortcode\" id=\"audio-141716-7\" preload=\"none\" style=\"width: 100%;\" controls=\"controls\"><source type=\"audio\/mpeg\" src=\"https:\/\/www.radiopiu.net\/wordpress\/wp-content\/uploads\/2020\/06\/DOTTORESSA-GIUSTINA-DE-SILVESTRO.mp3?_=7\" \/><a href=\"https:\/\/www.radiopiu.net\/wordpress\/wp-content\/uploads\/2020\/06\/DOTTORESSA-GIUSTINA-DE-SILVESTRO.mp3\">https:\/\/www.radiopiu.net\/wordpress\/wp-content\/uploads\/2020\/06\/DOTTORESSA-GIUSTINA-DE-SILVESTRO.mp3<\/a><\/audio>\n<p>&nbsp;<\/p>\n<p>&nbsp;<\/p>\n<hr \/>\n<p>&nbsp;<\/p>\n<\/div>\n<blockquote>\n<h3>&#8220;DE COCCIO&#8221;: QUESTA SETTIMANA 8 SANZIONI E UNA DENUNCIA<\/h3>\n<\/blockquote>\n<p><strong>BELLUNO<\/strong> Si chiude un&#8217;altra settimana di controlli per il contenimento del virus Covid-19 da parte delle Forze dell&#8217;Ordine. Una settimana che si pu\u00f2 definire positiva quella appena trascorsa. 3497 persone controllate, 8 sanzioni e una denuncia. 531 i cittadini sotto controllo nella giornata di domenica e nessuna sanzione. Positiva la settimana appena trascorsa anche per gli esercizi commerciali. 2603 attivit\u00e0 controllate e nessuna sanzione o chiusura temporanea nei 7 giorni.<\/p>\n<p><a class=\"dt-pswp-item\" href=\"https:\/\/www.radiopiu.net\/wordpress\/wp-content\/uploads\/2020\/06\/MONITORAGGIO_SERVIZI_DI_CONTROLLO_-_SETTIMANA_DAL_25-05_AL_31.05.jpg\" data-dt-img-description=\"\" data-large_image_width=\"1240\" data-large_image_height=\"1754\"><img loading=\"lazy\" decoding=\"async\" class=\"alignnone wp-image-141732 \" src=\"https:\/\/www.radiopiu.net\/wordpress\/wp-content\/uploads\/2020\/06\/MONITORAGGIO_SERVIZI_DI_CONTROLLO_-_SETTIMANA_DAL_25-05_AL_31.05-724x1024.jpg\" alt=\"\" width=\"283\" height=\"400\" srcset=\"https:\/\/www.radiopiu.net\/wordpress\/wp-content\/uploads\/2020\/06\/MONITORAGGIO_SERVIZI_DI_CONTROLLO_-_SETTIMANA_DAL_25-05_AL_31.05-724x1024.jpg 724w, https:\/\/www.radiopiu.net\/wordpress\/wp-content\/uploads\/2020\/06\/MONITORAGGIO_SERVIZI_DI_CONTROLLO_-_SETTIMANA_DAL_25-05_AL_31.05-212x300.jpg 212w, https:\/\/www.radiopiu.net\/wordpress\/wp-content\/uploads\/2020\/06\/MONITORAGGIO_SERVIZI_DI_CONTROLLO_-_SETTIMANA_DAL_25-05_AL_31.05-768x1086.jpg 768w, https:\/\/www.radiopiu.net\/wordpress\/wp-content\/uploads\/2020\/06\/MONITORAGGIO_SERVIZI_DI_CONTROLLO_-_SETTIMANA_DAL_25-05_AL_31.05-1086x1536.jpg 1086w, https:\/\/www.radiopiu.net\/wordpress\/wp-content\/uploads\/2020\/06\/MONITORAGGIO_SERVIZI_DI_CONTROLLO_-_SETTIMANA_DAL_25-05_AL_31.05.jpg 1240w\" sizes=\"auto, (max-width: 283px) 100vw, 283px\" \/><\/a><\/p>\n<p>&nbsp;<\/p>\n<p>&nbsp;<\/p>\n<hr \/>\n<p>&nbsp;<\/p>\n<blockquote>\n<h3>MEDIOBANCA. BOND (FI), DEL VECCHIO ESEMPIO DI IMPRENDITORE CHE CREDE NEL PROPRIO PAESE<\/h3>\n<\/blockquote>\n<p><strong><a class=\"dt-pswp-item\" href=\"https:\/\/www.radiopiu.net\/wordpress\/wp-content\/uploads\/2020\/05\/Dario-Bond.jpg\" data-dt-img-description=\"\" data-large_image_width=\"165\" data-large_image_height=\"228\"><img loading=\"lazy\" decoding=\"async\" class=\" wp-image-138833 alignleft\" src=\"https:\/\/www.radiopiu.net\/wordpress\/wp-content\/uploads\/2020\/05\/Dario-Bond.jpg\" alt=\"\" width=\"119\" height=\"164\" \/><\/a>ROMA\u00a0<\/strong>\u201cGrazie a Leonardo Del Vecchio, patron di Luxottica, che ancora crede nel proprio Paese, l\u2019Italia. La sua determinazione a voler acquisire fino al 20% delle azioni di Mediobanca-Assicurazioni Generali aiuterebbe, di fatto, tutto il sistema bancario italiano che, in un momento cos\u00ec delicato, \u00e8 in sofferenza. Non posso ringraziare allo stesso modo certi esponenti della sinistra che, con i loro interventi di puro ostruzionismo, mostrano disinteresse e disattenzione verso chi produce e ha a cuore l\u2019economia italiana\u201d. Cos\u00ec il deputato di Forza Italia, Dario Bond, interviene sulla vicenda Mediobanca.<\/p>\n<p><b>DARIO BOND DEPUTATO DI FORZA ITALIA<\/b><\/p>\n<audio class=\"wp-audio-shortcode\" id=\"audio-141716-8\" preload=\"none\" style=\"width: 100%;\" controls=\"controls\"><source type=\"audio\/mpeg\" src=\"https:\/\/www.radiopiu.net\/wordpress\/wp-content\/uploads\/2020\/06\/BOND-MEDIOBANCA.mp3?_=8\" \/><a href=\"https:\/\/www.radiopiu.net\/wordpress\/wp-content\/uploads\/2020\/06\/BOND-MEDIOBANCA.mp3\">https:\/\/www.radiopiu.net\/wordpress\/wp-content\/uploads\/2020\/06\/BOND-MEDIOBANCA.mp3<\/a><\/audio>\n<p>&nbsp;<\/p>\n<p>&nbsp;<\/p>\n<blockquote>\n<h3>\u00a0 Oggi si\u00a0celebra\u00a0in\u00a0tutto\u00a0il\u00a0mondo\u00a0la\u00a0Giornata mondiale\u00a0del\u00a0Latte, istituita dalla Fao e giunta alla ventesima edizione.<\/h3>\n<\/blockquote>\n<p>\u00abLa Giornata mondiale del Latte porta alla ribalta la necessit\u00e0 di mettere in atto serie garanzie di tutela per questo re della corretta alimentazione, soprattutto quello prodotto nelle malghe di montagna, er preservare la tradizione dell\u2019alpeggio e il popolamento della montagna \u2013 sottolinea il deputato Bellunese di Forza Italia, Dario Bond -. Gli allevatori di montagna svolgono un ruolo fondamentale nel mantenimento del territorio, con lo sfalcio regolare dei pascoli che altrimenti sarebbero rapidamente soggetti al rimboschimento, oltre che per svolgere quelle manutenzioni della montagna. Per questo, \u00e8 necessario puntare su un marchio di qualit\u00e0 che consenta al consumatore di riconoscere il latte e i derivati prodotti in montagna, marchio che parimenti consenta agli allevatori di vedersi riconosciuto un prezzo pi\u00f9 elevato dei grandi allevamenti di pianura per fronteggiare i maggiori costi derivanti dal territorio e da una minore produzione\u00bb.<\/p>\n<p>&nbsp;<\/p>\n<p>&nbsp;<\/p>\n<p>&nbsp;<\/p>\n<hr \/>\n<p>&nbsp;<\/p>\n<blockquote>\n<h3>CORONAVIRUS. AL VIA IN VENETO L\u2019INDAGINE DI SIEROPREVALENZA, COINVOLTI 10.500 CITTADINI. IMPORTANTE OBBIETTIVO: SCOPRIRE QUANTI HANNO SVILUPPATO ANTICORPI IN ASSENZA DI SINTOMI<\/h3>\n<\/blockquote>\n<p><a class=\"dt-pswp-item\" href=\"https:\/\/www.radiopiu.net\/wordpress\/wp-content\/uploads\/2020\/03\/stop-covid.jpg\" data-dt-img-description=\"Girl, young woman in protective sterile medical mask on her face outdoors, on asian street show palm, hand, stop no sign. Air pollution, virus, Chinese pandemic coronavirus concept. Focus on hand.\" data-large_image_width=\"800\" data-large_image_height=\"533\"><img loading=\"lazy\" decoding=\"async\" class=\"wp-image-123716 size-medium alignleft\" src=\"https:\/\/www.radiopiu.net\/wordpress\/wp-content\/uploads\/2020\/03\/stop-covid-300x200.jpg\" alt=\"\" width=\"300\" height=\"200\" srcset=\"https:\/\/www.radiopiu.net\/wordpress\/wp-content\/uploads\/2020\/03\/stop-covid-300x200.jpg 300w, https:\/\/www.radiopiu.net\/wordpress\/wp-content\/uploads\/2020\/03\/stop-covid-768x512.jpg 768w, https:\/\/www.radiopiu.net\/wordpress\/wp-content\/uploads\/2020\/03\/stop-covid.jpg 800w\" sizes=\"auto, (max-width: 300px) 100vw, 300px\" \/><\/a><strong>VENEZIA\u00a0<\/strong>Questa settimana sar\u00e0 dato avvio nel Veneto all\u2019indagine di siero-prevalenza della popolazione, promossa dal Ministero della Salute e dall\u2019ISTAT con la collaborazione della Croce Rossa Italiana (CRI), su indicazione e con l\u2019approvazione del Comitato Tecnico-Scientifico. Tale indagine ha l\u2019obiettivo di acquisire quante persone nel nostro Paese abbiano sviluppato gli anticorpi al nuovo coronavirus, anche in assenza di sintomi.\u00a0Il disegno del campione \u00e8 stato effettuato dall\u2019ISTAT e prevede l\u2019osservazione di 150.000 individui sull\u2019intero territorio italiano. In Veneto \u00e8 previsto il coinvolgimento di circa 10.500 unit\u00e0, distribuite per provincia, sesso, attivit\u00e0 e sei classi di et\u00e0. Gli esiti dell\u2019indagine, diffusi in forma anonima e aggregata, potranno essere utilizzati anche per altri studi scientifici e per l\u2019analisi comparata con altri Paesi europei.\u00a0La partecipazione non \u00e8 obbligatoria ma conoscere la situazione epidemiologica nel nostro Paese serve a ognuno di noi, pertanto \u00e8 importante partecipare.\u00a0Le persone estratte dall\u2019ISTAT saranno contattate telefonicamente da un numero che inizia per <b>065510<\/b>. Questo \u00e8 il numero degli operatori della CRI incaricati delle telefonate per richiedere la disponibilit\u00e0 a partecipare. A chi accetter\u00e0 di partecipare allo studio verr\u00e0 somministrato un questionario e verr\u00e0 dato l\u2019appuntamento per presentarsi al centro prelievo pi\u00f9 vicino alla sua residenza per l\u2019effettuazione dell\u2019indagine sierologica. Qualora la persona fosse impossibilitata a raggiungere il punto prelievi per problemi di salute, il personale della Croce Rossa si recher\u00e0 a suo domicilio per effettuare il prelievo.\u00a0Il questionario fornir\u00e0 informazioni sulle differenze di prevalenza tra i generi, le fasce di et\u00e0, di localizzazione territoriale e di attivit\u00e0 economica cos\u00ec da meglio comprendere le caratteristiche epidemiologiche nelle varie aree del Paese e fornire utili informazioni per lo studio della patogenesi.\u00a0L\u2019esito dell\u2019esame verr\u00e0 comunicato a ciascun partecipante residente nel territorio, in caso di positivit\u00e0 alla ricerca degli anticorpi al SARS-CoV-2, l\u2019interessato verr\u00e0 preso in carico dai Dipartimenti di Prevenzione per fare un tampone naso-faringeo che verifichi l\u2019eventuale stato di contagiosit\u00e0. La riservatezza dei partecipanti sar\u00e0 mantenuta per tutta la durata dell&#8217;indagine.\u00a0La Regione del Veneto auspica e la massima collaborazione e ringrazia tutti i soggetti selezionati per la partecipazione.<\/p>\n<p>&nbsp;<\/p>\n<p>&nbsp;<\/p>\n<hr \/>\n<p>&nbsp;<\/p>\n<blockquote>\n<h3>EMERGENZE ABITATIVE E POVERT\u00c0. CARITAS E CASA PRADE, ALTRI TRE ANNI DI COLLABORAZIONE<\/h3>\n<\/blockquote>\n<h3><strong style=\"font-size: 14px;\"><a class=\"dt-pswp-item\" href=\"https:\/\/www.radiopiu.net\/wordpress\/wp-content\/uploads\/2019\/07\/BELLUNO-2.jpeg\" data-dt-img-description=\"\" data-large_image_width=\"1200\" data-large_image_height=\"1599\"><img loading=\"lazy\" decoding=\"async\" class=\"size-medium wp-image-90473 alignleft\" src=\"https:\/\/www.radiopiu.net\/wordpress\/wp-content\/uploads\/2019\/07\/BELLUNO-2-225x300.jpeg\" alt=\"\" width=\"225\" height=\"300\" srcset=\"https:\/\/www.radiopiu.net\/wordpress\/wp-content\/uploads\/2019\/07\/BELLUNO-2-225x300.jpeg 225w, https:\/\/www.radiopiu.net\/wordpress\/wp-content\/uploads\/2019\/07\/BELLUNO-2-768x1024.jpeg 768w, https:\/\/www.radiopiu.net\/wordpress\/wp-content\/uploads\/2019\/07\/BELLUNO-2.jpeg 1200w\" sizes=\"auto, (max-width: 225px) 100vw, 225px\" \/><\/a>BELLUNO\u00a0<\/strong><span style=\"font-size: 14px; font-weight: normal;\">La Giunta comunale ha approvato la prosecuzione per altri tre anni della collaborazione con la Caritas diocesana per la gestione del servizio integrato di accoglienza sociale a Casa Prade.\u00a0<\/span><span style=\"font-size: 14px; font-weight: normal;\">L&#8217;ex abitazione del custode del cimitero di Prade, di propriet\u00e0 del Comune, durante il picco dell&#8217;epidemia da Covid-19 era stata assegnata in comodato d&#8217;uso gratuito alla Caritas per l&#8217;accoglienza dei senza fissa dimora per permettere loro di far fronte alle esigenze legate all&#8217;emergenza Coronavirus: \u00ab<\/span><em style=\"font-size: 14px; font-weight: normal;\">Un ulteriore importante tassello per il contrasto alla povert\u00e0.- commenta l&#8217;assessore alle politiche sociali, Lucia Pellegrini \u2013 In questi due mesi, hanno ricevuto accoglienza quattro persone, ma i riscontri che abbiamo avuto sia dalle richieste per i buoni spesa che dalle attivit\u00e0 del progetto Edu-Care ci mostrano come sia in crescita, e dopo la pandemia lo sar\u00e0 ancora di pi\u00f9, il numero di persone in stato di emergenza abitativa e di povert\u00e0<\/em><span style=\"font-size: 14px; font-weight: normal;\">\u00bb.\u00a0<\/span><span style=\"font-size: 14px; font-weight: normal;\">Ulteriore dimostrazione di questo \u00e8 la denuncia del Sicet &#8211; Sindacato Inquilini Casa e Territorio di Belluno e Treviso, che ha iniziato in questi giorni a raccogliere i primi segnali di sofferenza e attende presto un afflusso maggiore ai propri sportelli.\u00a0<\/span><span style=\"font-size: 14px; font-weight: normal;\">Per questo, il Comune di Belluno ha scelto di proseguire per altri tre anni la collaborazione con Caritas per la gestione di Casa Prade: la convenzione prevede anche un contributo economico per le spese di gestione della struttura, che per l&#8217;anno in corso \u00e8 pari a 10.300 euro, a valere sulla \u201cQuota Servizi povert\u00e0 estrema e senza dimora\u201d istituito dal Ministero del lavoro e delle politiche sociali ed erogata dalla Regione Veneto.\u00a0<\/span><span style=\"font-size: 14px; font-weight: normal;\">Il progetto prevede una forte integrazione tra i Servizi Sociali del Comune e i volontari di Caritas affinch\u00e9 le persone accolte possano essere inserite in un percorso per recuperare la condizione di difficolt\u00e0. La comunit\u00e0 accoglie le persone senza dimora in un clima familiare e di partecipazione di comunit\u00e0; il progetto \u00e8 rivolto ai 46 comuni dell&#8217;ex Ulss 1 comprendente le aree del Bellunese, Agordino e Cadore.\u00a0<\/span><span style=\"font-size: 14px; font-weight: normal;\">\u00ab<\/span><em style=\"font-size: 14px; font-weight: normal;\">Tutto questo \u00e8 possibile grazie al lavoro di rete e all&#8217;impegno messo in campo in questo momento di difficolt\u00e0. Le Linee guida per il contrasto alla grave emarginazione adulta in Italia, adottate nel 2015, mettono proprio \u201cla casa\u201d come primo passo per il riequilibrio e il reinserimento sociale. &#8211; sottolinea ancora Pellegrini &#8211; \u00c8 particolarmente significativo poi come Casa Prade sia una \u201ccomunit\u00e0 residenziale\u201d, ossia non solo un semplice posto dove passare la notte o ripararsi dal freddo e dalle intemperie, ma anche un luogo che garantisce attivit\u00e0 e supporto sociale ed educativo. Per questo, diventa fondamentale sostenere una struttura che sia in grado di accompagnare e seguire l&#8217;individuo nel suo percorso verso il reinserimento nella societ\u00e0, assicurandogli un posto dove vivere con dignit\u00e0 e un&#8217;assistenza professionale che lo accompagni verso una propria autonomia<\/em><span style=\"font-size: 14px; font-weight: normal;\">\u00bb.<\/span><\/h3>\n<p>&nbsp;<\/p>\n<p>&nbsp;<\/p>\n<hr \/>\n<p>&nbsp;<\/p>\n<blockquote>\n<h3>PARTONO I LAVORI DI MESSA IN SICUREZZA A VILLAGA, INTERVENTO DA 990MILA EURO<\/h3>\n<\/blockquote>\n<p><strong><a class=\"dt-pswp-item\" href=\"https:\/\/www.radiopiu.net\/wordpress\/wp-content\/uploads\/2020\/06\/Via-Barucce-ottobre-2014.jpg\" data-dt-img-description=\"\" data-large_image_width=\"1280\" data-large_image_height=\"958\"><img loading=\"lazy\" decoding=\"async\" class=\"size-medium wp-image-141804 alignleft\" src=\"https:\/\/www.radiopiu.net\/wordpress\/wp-content\/uploads\/2020\/06\/Via-Barucce-ottobre-2014-300x225.jpg\" alt=\"\" width=\"300\" height=\"225\" srcset=\"https:\/\/www.radiopiu.net\/wordpress\/wp-content\/uploads\/2020\/06\/Via-Barucce-ottobre-2014-300x225.jpg 300w, https:\/\/www.radiopiu.net\/wordpress\/wp-content\/uploads\/2020\/06\/Via-Barucce-ottobre-2014-1024x766.jpg 1024w, https:\/\/www.radiopiu.net\/wordpress\/wp-content\/uploads\/2020\/06\/Via-Barucce-ottobre-2014-768x575.jpg 768w, https:\/\/www.radiopiu.net\/wordpress\/wp-content\/uploads\/2020\/06\/Via-Barucce-ottobre-2014.jpg 1280w\" sizes=\"auto, (max-width: 300px) 100vw, 300px\" \/><\/a>BELLUNO\u00a0<\/strong>Partir\u00e0 nei prossimi giorni la messa in sicurezza dell\u2019abitato di Villaga, in Comune di Feltre. Una vasta operazione gestita dalla Provincia di Belluno che servir\u00e0 a porre fine ad annosi problemi di natura idrogeologica. Sei interventi complementari, per un valore di quasi 1 milione di euro.<br \/>\n<strong><em>IL DISSESTO<\/em><\/strong><br \/>\nL\u2019abitato di Villaga convive da qualche anno con il problema delle colate detritiche provenienti dal monte Tomatico, innescate da un canale che si presenta privo d\u2019acqua per gran parte dell\u2019anno, ma diventa un vero e proprio torrente nei momenti di temporali e precipitazioni intense, tanto da scavare il terreno e trascinarsi dietro fango, terra e massi.<br \/>\nDiverse frane si sono verificate nel novembre 2011, in occasione di eventi meteo eccezionali. Il 13 ottobre 2014 l\u2019episodio pi\u00f9 consistente, con una discesa di fango e massi di oltre 20mila metri cubi che ha interessato superfici coltivate e lambito anche alcune abitazioni, oltre alla strada comunale. Seguito il 4 e 5 novembre 2014 da un altro evento di colata, che ha rivelato le vaste dimensioni del dissesto.<br \/>\nNelle settimane immediatamente successive, Comune e Provincia hanno avviato interventi in somma urgenza per rimuovere il materiale e ripristinare il pendio a ridosso delle abitazioni. Parallelamente \u00e8 stata portata avanti la progettazione per la sistemazione definitiva.<br \/>\n<em><a class=\"dt-pswp-item\" href=\"https:\/\/www.radiopiu.net\/wordpress\/wp-content\/uploads\/2020\/06\/Villaga-2.jpeg\" data-dt-img-description=\"\" data-large_image_width=\"1076\" data-large_image_height=\"787\"><img loading=\"lazy\" decoding=\"async\" class=\"size-medium wp-image-141805 alignright\" src=\"https:\/\/www.radiopiu.net\/wordpress\/wp-content\/uploads\/2020\/06\/Villaga-2-300x219.jpeg\" alt=\"\" width=\"300\" height=\"219\" srcset=\"https:\/\/www.radiopiu.net\/wordpress\/wp-content\/uploads\/2020\/06\/Villaga-2-300x219.jpeg 300w, https:\/\/www.radiopiu.net\/wordpress\/wp-content\/uploads\/2020\/06\/Villaga-2-1024x749.jpeg 1024w, https:\/\/www.radiopiu.net\/wordpress\/wp-content\/uploads\/2020\/06\/Villaga-2-768x562.jpeg 768w, https:\/\/www.radiopiu.net\/wordpress\/wp-content\/uploads\/2020\/06\/Villaga-2.jpeg 1076w\" sizes=\"auto, (max-width: 300px) 100vw, 300px\" \/><\/a><strong>GLI INTERVENTI<\/strong><\/em><br \/>\nI lavori che partiranno a brevissimo sono un insieme di sei interventi diversi, tutti orientati alla realizzazione di un canale di scarico per il recapito sicuro delle acque meteoriche. Lo scopo \u00e8 quello di intercettare l\u2019acqua prima che possa erodere il terreno e convogliarla fino allo scarico naturale nel rio Aurich, a valle dell\u2019abitato. Si tratta del primo stralcio, che riguarder\u00e0 il rifacimento del guado e la sistemazione del canale a monte e l\u2019ampliamento della vascone di deposito (installata durante gli interventi di somma urgenza dell\u2019ottobre-novembre 2014), con la realizzazione di una vasca di dissipazione, per rallentare la forza dell\u2019acqua. A valle del vascone, sar\u00e0 realizzato il nuovo canale di scarico, lungo circa 270 metri, fino a via Barucce, che sar\u00e0 attraversata con un tubo scatolare prefabbricato. Il canale sar\u00e0 fatto proseguire oltre, per altri 200 metri fino a via Villaga, dove il progetto prevede un ulteriore attraversamento, sempre con tubo scatolare.<br \/>\n<em><a class=\"dt-pswp-item\" href=\"https:\/\/www.radiopiu.net\/wordpress\/wp-content\/uploads\/2020\/06\/Via-Villaga-ottobre-2014.jpg\" data-dt-img-description=\"\" data-large_image_width=\"1280\" data-large_image_height=\"969\"><img loading=\"lazy\" decoding=\"async\" class=\"size-medium wp-image-141806 alignleft\" src=\"https:\/\/www.radiopiu.net\/wordpress\/wp-content\/uploads\/2020\/06\/Via-Villaga-ottobre-2014-300x227.jpg\" alt=\"\" width=\"300\" height=\"227\" srcset=\"https:\/\/www.radiopiu.net\/wordpress\/wp-content\/uploads\/2020\/06\/Via-Villaga-ottobre-2014-300x227.jpg 300w, https:\/\/www.radiopiu.net\/wordpress\/wp-content\/uploads\/2020\/06\/Via-Villaga-ottobre-2014-1024x775.jpg 1024w, https:\/\/www.radiopiu.net\/wordpress\/wp-content\/uploads\/2020\/06\/Via-Villaga-ottobre-2014-768x581.jpg 768w, https:\/\/www.radiopiu.net\/wordpress\/wp-content\/uploads\/2020\/06\/Via-Villaga-ottobre-2014.jpg 1280w\" sizes=\"auto, (max-width: 300px) 100vw, 300px\" \/><\/a><strong>IL COMMENTO<\/strong><\/em><br \/>\n\u00ab<em>Si tratta di uno degli interventi pi\u00f9 importanti che stiamo portando avanti, sia dal punto di vista della complessit\u00e0 sia per l\u2019importo economico &#8211; commenta il consigliere provinciale delegato alla Difesa del Suolo, Massimo Bortoluzzi -. Il nostro territorio si presenta fragile, soprattutto dopo il passaggio della tempesta Vaia, ma con lavori di questo tipo, possiamo garantire la vivibilit\u00e0 anche alle zone periferiche dei centri urbani e della provincia. Ringrazio i tecnici del Settore Difesa del Suolo che hanno confermato ancora una volta quanto sia importante poter programmare e gestire da vicino, in Provincia, lavori su frane e smottamenti<\/em>\u00bb.<br \/>\n\u00ab<em>Con questo intervento si pone la parola &#8220;fine&#8221; a una questione aperta oramai da alcuni anni, che ci ha visto costretti &#8211; in una fase particolarmente critica &#8211; anche a evacuare alcune abitazioni &#8211; afferma Adis Zatta, assessore ai lavori pubblici, alle manutenzioni e alla Protezione Civile del Comune di Feltre -. Non possiamo che ringraziare la Provincia di Belluno e in particolare il Settore Difesa del Suolo per aver fatta propria la necessit\u00e0 di un intervento coordinato e organico che ci consente di sistemare un altro tassello importante nella battaglia contro il dissesto idrogeologico e di rispettare l&#8217;impegno di lavori attesi dalla popolazione di Villaga e non solo<\/em>\u00bb.<\/p>\n<p>&nbsp;<\/p>\n<p>&nbsp;<\/p>\n<hr \/>\n<p>&nbsp;<\/p>\n<blockquote>\n<h3>FELTRE DOPO LA GUERRA DI CAMBRAI NEI DOCUMENTI DELL&#8217;ARCHIVIO COMUNALE: GIOVED\u00cc 04 GIUGNO WEBINAR DI INAUGURAZIONE DELLA MOSTRA \u201cCARTA, FUOCO, MACERIE\u201d<\/h3>\n<\/blockquote>\n<p><span style=\"font-size: 14px; font-weight: normal;\"><strong><a class=\"dt-pswp-item\" href=\"https:\/\/www.radiopiu.net\/wordpress\/wp-content\/uploads\/2020\/05\/Schermata-2020-05-28-alle-17.35.40.png\" data-dt-img-description=\"\" data-large_image_width=\"1370\" data-large_image_height=\"1410\"><img loading=\"lazy\" decoding=\"async\" class=\"size-medium wp-image-141081 alignleft\" src=\"https:\/\/www.radiopiu.net\/wordpress\/wp-content\/uploads\/2020\/05\/Schermata-2020-05-28-alle-17.35.40-291x300.png\" alt=\"\" width=\"291\" height=\"300\" srcset=\"https:\/\/www.radiopiu.net\/wordpress\/wp-content\/uploads\/2020\/05\/Schermata-2020-05-28-alle-17.35.40-291x300.png 291w, https:\/\/www.radiopiu.net\/wordpress\/wp-content\/uploads\/2020\/05\/Schermata-2020-05-28-alle-17.35.40-995x1024.png 995w, https:\/\/www.radiopiu.net\/wordpress\/wp-content\/uploads\/2020\/05\/Schermata-2020-05-28-alle-17.35.40-768x790.png 768w, https:\/\/www.radiopiu.net\/wordpress\/wp-content\/uploads\/2020\/05\/Schermata-2020-05-28-alle-17.35.40.png 1370w\" sizes=\"auto, (max-width: 291px) 100vw, 291px\" \/><\/a>FELTRE\u00a0<\/strong>Dopo l\u2019anteprima visitabile al Museo Civico cittadino durante questo lungo ponte del 2 giugno, l\u2019Amministrazione Comunale presenta alla cittadinanza e a tutti coloro che vorranno prendere parte all\u2019evento on line di gioved\u00ec prossimo, 4 giugno, la mostra \u201cCarta, Fuoco, Macerie\u201d, terzo e ultimo evento del trittico espositivo della rassegna \u201cFatti ad Arte\u201d.<\/span>Matteo Melchiorre, curatore della mostra allestita presso il Museo Civico di Feltre, accompagner\u00e0 i partecipanti alla scoperta dei documenti e delle memorie conservati negli antichi registri feltrini che ci raccontano cosa avvenne a Feltre e nel suo territorio nel decennio immediatamente successivo alla distruzione del 1510.Assieme a lui interverranno l\u2019Assessore alla Cultura del Comune di Feltre Alessandro Del Bianco, la responsabile dell\u2019Ufficio Cultura Anna Viviani, Tiziana Casagrande, conservatrice dei Musei della citt\u00e0 di Feltre e gli architetti Giuliana Zanella e a Irene Pizzin, che hanno curato l&#8217;allestimento, oltre ad Alberto Benato del Laboratorio di restauro del libro e di opere d&#8217;arte su carta dell&#8217;Abbazia di Praglia.<span class=\"Apple-converted-space\">\u00a0<\/span>Nei loro interventi illustreranno come la comunit\u00e0 locale tent\u00f2 di fronteggiare la lunga serie di problematiche politiche, sociali, fiscali ed urbanistiche scaturite nel tentativo di ricostruire una citta &#8220;combusta&#8221;.\u00a0Durante l\u2019incontro sar\u00e0 presentato anche un video introduttivo alla mostra.L&#8217;evento \u00e8 online e gratuito. Iscrizione necessaria a questo link: <a href=\"https:\/\/us02web.zoom.us\/webinar\/register\/WN_PNsdz_-RQnOctCqtuCuhug\">https:\/\/us02web.zoom.us\/webinar\/register\/WN_PNsdz_-RQnOctCqtuCuhug<\/a>.\u00a0Appuntamento gioved\u00ec 4 giugno a partire dalle 20.45.<\/p>\n<p>&nbsp;<\/p>\n<p>&nbsp;<\/p>\n<hr \/>\n<p>&nbsp;<\/p>\n<blockquote>\n<h3>CONFERENZA STAMPA DEGLI ALPINI<\/h3>\n<\/blockquote>\n<p><strong class=\"photoswipe-wrapper\"><a class=\"dt-pswp-item pspw-wrap-ready\" href=\"https:\/\/i1.wp.com\/www.radiopiu.net\/wordpress\/wp-content\/uploads\/2018\/10\/ana-alpini.png?ssl=1\" data-dt-img-description=\"\" data-large_image_width=\"225\" data-large_image_height=\"225\"><img loading=\"lazy\" decoding=\"async\" class=\"wp-image-62421 alignleft jetpack-lazy-image jetpack-lazy-image--handled\" src=\"https:\/\/i1.wp.com\/www.radiopiu.net\/wordpress\/wp-content\/uploads\/2018\/10\/ana-alpini.png?resize=124%2C124&amp;ssl=1\" sizes=\"auto, (max-width: 124px) 100vw, 124px\" srcset=\"https:\/\/i1.wp.com\/www.radiopiu.net\/wordpress\/wp-content\/uploads\/2018\/10\/ana-alpini.png?w=225&amp;ssl=1 225w, https:\/\/i1.wp.com\/www.radiopiu.net\/wordpress\/wp-content\/uploads\/2018\/10\/ana-alpini.png?resize=150%2C150&amp;ssl=1 150w\" alt=\"\" width=\"124\" height=\"124\" data-recalc-dims=\"1\" data-lazy-loaded=\"1\" \/><\/a>BELLUNO<\/strong>\u00a0Un grande impegno per tutto il periodo dell\u2019emergenza da Coronavirus per gli alpini della sezione alpini di Belluno, o meglio per uomini e donne volontari del Nucleo di Protezione Civile, un impegno che sar\u00e0 illustrato mercoled\u00ec nel corso di una conferenza stampa alla presenza del presidente Angelo Dal Borgo, del vice presidente vicario Lino De Pra ed del coordinatore sezionale della Protezione Civile Ivo Gasperin. L\u2019incontro si terr\u00e0 nella sede di via Attilio Tissi. Alla conferenza stampa parteciper\u00e0 anche l&#8217;assessore regionale alla Protezione Civile Gianpaolo Bottacin<\/p>\n<p>&nbsp;<\/p>\n<p>&nbsp;<\/p>\n<hr \/>\n<p>&nbsp;<\/p>\n<blockquote class=\"wp-embedded-content\" data-secret=\"o17SqETKwW\"><p><a href=\"https:\/\/www.radiopiu.net\/wordpress\/vecchie-cartoline-taibon-cencenighe-canale-dagordo-falcade-ed-alleghe-di-renato-bona-b\/\">VECCHIE CARTOLINE: TAIBON, CENCENIGHE CANALE D\u2019AGORDO, FALCADE ED ALLEGHE di RENATO BONA B<\/a><\/p><\/blockquote>\n<p><iframe loading=\"lazy\" title=\"&#8220;VECCHIE CARTOLINE: TAIBON, CENCENIGHE CANALE D\u2019AGORDO, FALCADE ED ALLEGHE di RENATO BONA B&#8221; &#8212; Radio Pi\u00f9\" class=\"wp-embedded-content\" sandbox=\"allow-scripts\" security=\"restricted\" style=\"position: absolute; clip: rect(1px, 1px, 1px, 1px);\" src=\"https:\/\/www.radiopiu.net\/wordpress\/vecchie-cartoline-taibon-cencenighe-canale-dagordo-falcade-ed-alleghe-di-renato-bona-b\/embed\/#?secret=o17SqETKwW\" data-secret=\"o17SqETKwW\" width=\"600\" height=\"338\" frameborder=\"0\" marginwidth=\"0\" marginheight=\"0\" scrolling=\"no\"><\/iframe><\/p>\n<p>&nbsp;<\/p>\n<hr \/>\n<p>&nbsp;<\/p>\n<\/div>\n<h2>IERI ALLA RADIO<\/h2>\n<h3><a class=\"dt-pswp-item\" href=\"https:\/\/www.radiopiu.net\/wordpress\/wp-content\/uploads\/2020\/06\/vino.jpg\" data-dt-img-description=\"\" data-large_image_width=\"1920\" data-large_image_height=\"1271\"><img loading=\"lazy\" decoding=\"async\" class=\"size-medium wp-image-141726 alignleft\" src=\"https:\/\/www.radiopiu.net\/wordpress\/wp-content\/uploads\/2020\/06\/vino-300x199.jpg\" alt=\"\" width=\"300\" height=\"199\" srcset=\"https:\/\/www.radiopiu.net\/wordpress\/wp-content\/uploads\/2020\/06\/vino-300x199.jpg 300w, https:\/\/www.radiopiu.net\/wordpress\/wp-content\/uploads\/2020\/06\/vino-1024x678.jpg 1024w, https:\/\/www.radiopiu.net\/wordpress\/wp-content\/uploads\/2020\/06\/vino-768x508.jpg 768w, https:\/\/www.radiopiu.net\/wordpress\/wp-content\/uploads\/2020\/06\/vino-1536x1017.jpg 1536w, https:\/\/www.radiopiu.net\/wordpress\/wp-content\/uploads\/2020\/06\/vino.jpg 1920w\" sizes=\"auto, (max-width: 300px) 100vw, 300px\" \/><\/a>GIANLUCA ROSSI, DOLOMITI BEER &amp; WINE DA NAPI<\/h3>\n<p><strong>di Claudio Fontanive\u00a0<\/strong><\/p>\n<audio class=\"wp-audio-shortcode\" id=\"audio-141716-9\" preload=\"none\" style=\"width: 100%;\" controls=\"controls\"><source type=\"audio\/mpeg\" src=\"https:\/\/www.radiopiu.net\/wordpress\/wp-content\/uploads\/2020\/06\/gianluca-rossi-dolomiti-beer-wine-01-giugno.mp3?_=9\" \/><a href=\"https:\/\/www.radiopiu.net\/wordpress\/wp-content\/uploads\/2020\/06\/gianluca-rossi-dolomiti-beer-wine-01-giugno.mp3\">https:\/\/www.radiopiu.net\/wordpress\/wp-content\/uploads\/2020\/06\/gianluca-rossi-dolomiti-beer-wine-01-giugno.mp3<\/a><\/audio>\n<p>&nbsp;<\/p>\n<h3><span style=\"color: #993366;\">007 IN CONDOTTA<\/span><\/h3>\n<blockquote class=\"wp-embedded-content\" data-secret=\"s6PEqDD3eJ\"><p><a href=\"https:\/\/www.radiopiu.net\/wordpress\/il-2-giugno-festa-anche-a-distanza\/\">Il 2 giugno festa anche &#8220;a distanza&#8221;<\/a><\/p><\/blockquote>\n<p><iframe loading=\"lazy\" title=\"&#8220;Il 2 giugno festa anche &#8220;a distanza&#8221;&#8221; &#8212; Radio Pi\u00f9\" class=\"wp-embedded-content\" sandbox=\"allow-scripts\" security=\"restricted\" style=\"position: absolute; clip: rect(1px, 1px, 1px, 1px);\" src=\"https:\/\/www.radiopiu.net\/wordpress\/il-2-giugno-festa-anche-a-distanza\/embed\/#?secret=s6PEqDD3eJ\" data-secret=\"s6PEqDD3eJ\" width=\"600\" height=\"338\" frameborder=\"0\" marginwidth=\"0\" marginheight=\"0\" scrolling=\"no\"><\/iframe><\/p>\n<p><strong>LE ALTRE PUNTATE<\/strong><\/p>\n<blockquote class=\"wp-embedded-content\" data-secret=\"oM8uLf9jOp\"><p><a href=\"https:\/\/www.radiopiu.net\/wordpress\/007incondotta-2-2\/\">007 in condotta<\/a><\/p><\/blockquote>\n<p><iframe loading=\"lazy\" title=\"&#8220;007 in condotta&#8221; &#8212; Radio Pi\u00f9\" class=\"wp-embedded-content\" sandbox=\"allow-scripts\" security=\"restricted\" style=\"position: absolute; clip: rect(1px, 1px, 1px, 1px);\" src=\"https:\/\/www.radiopiu.net\/wordpress\/007incondotta-2-2\/embed\/#?secret=oM8uLf9jOp\" data-secret=\"oM8uLf9jOp\" width=\"600\" height=\"338\" frameborder=\"0\" marginwidth=\"0\" marginheight=\"0\" scrolling=\"no\"><\/iframe><\/p>\n<p>&nbsp;<\/p>\n<h3><span style=\"color: #99cc00;\">PORTAFORTUNA di Paola Lanciato<\/span><\/h3>\n<audio class=\"wp-audio-shortcode\" id=\"audio-141716-10\" preload=\"none\" style=\"width: 100%;\" controls=\"controls\"><source type=\"audio\/mpeg\" src=\"https:\/\/www.radiopiu.net\/wordpress\/wp-content\/uploads\/2020\/06\/Portafortuna.mp3?_=10\" \/><a href=\"https:\/\/www.radiopiu.net\/wordpress\/wp-content\/uploads\/2020\/06\/Portafortuna.mp3\">https:\/\/www.radiopiu.net\/wordpress\/wp-content\/uploads\/2020\/06\/Portafortuna.mp3<\/a><\/audio>\n<p>&nbsp;<\/p>\n<p><strong>LA RACCOLTA COMPLETA<\/strong><\/p>\n<blockquote class=\"wp-embedded-content\" data-secret=\"4sDk60Z1TD\"><p><a href=\"https:\/\/www.radiopiu.net\/wordpress\/le-curiosita-di-paola-lanciato-dai-giorni-della-quarantena\/\">LE CURIOSITA&#8217; DI PAOLA LANCIATO DAI GIORNI DELLA QUARANTENA<\/a><\/p><\/blockquote>\n<p><iframe loading=\"lazy\" title=\"&#8220;LE CURIOSITA&#8217; DI PAOLA LANCIATO DAI GIORNI DELLA QUARANTENA&#8221; &#8212; Radio Pi\u00f9\" class=\"wp-embedded-content\" sandbox=\"allow-scripts\" security=\"restricted\" style=\"position: absolute; clip: rect(1px, 1px, 1px, 1px);\" src=\"https:\/\/www.radiopiu.net\/wordpress\/le-curiosita-di-paola-lanciato-dai-giorni-della-quarantena\/embed\/#?secret=4sDk60Z1TD\" data-secret=\"4sDk60Z1TD\" width=\"600\" height=\"338\" frameborder=\"0\" marginwidth=\"0\" marginheight=\"0\" scrolling=\"no\"><\/iframe><\/p>\n<h3><span style=\"color: #008080;\">I RACCONTI DI PAOLO SOPPELSA<\/span><\/h3>\n<p><strong>KM 21.070<\/strong><\/p>\n<p><strong>AUDIO<\/strong><\/p>\n<audio class=\"wp-audio-shortcode\" id=\"audio-141716-11\" preload=\"none\" style=\"width: 100%;\" controls=\"controls\"><source type=\"audio\/mpeg\" src=\"https:\/\/www.radiopiu.net\/wordpress\/wp-content\/uploads\/2020\/06\/PAOLO-SOPPELSA.mp3?_=11\" \/><a href=\"https:\/\/www.radiopiu.net\/wordpress\/wp-content\/uploads\/2020\/06\/PAOLO-SOPPELSA.mp3\">https:\/\/www.radiopiu.net\/wordpress\/wp-content\/uploads\/2020\/06\/PAOLO-SOPPELSA.mp3<\/a><\/audio>\n<p><a class=\"dt-pswp-item\" href=\"https:\/\/www.radiopiu.net\/wordpress\/wp-content\/uploads\/2020\/06\/7b98d619-78b6-4818-82d1-24eea6fa5179.jpg\" data-dt-img-description=\"\" data-large_image_width=\"960\" data-large_image_height=\"720\"><img loading=\"lazy\" decoding=\"async\" class=\" wp-image-141697 alignleft\" src=\"https:\/\/www.radiopiu.net\/wordpress\/wp-content\/uploads\/2020\/06\/7b98d619-78b6-4818-82d1-24eea6fa5179-300x225.jpg\" alt=\"\" width=\"215\" height=\"161\" srcset=\"https:\/\/www.radiopiu.net\/wordpress\/wp-content\/uploads\/2020\/06\/7b98d619-78b6-4818-82d1-24eea6fa5179-300x225.jpg 300w, https:\/\/www.radiopiu.net\/wordpress\/wp-content\/uploads\/2020\/06\/7b98d619-78b6-4818-82d1-24eea6fa5179-768x576.jpg 768w, https:\/\/www.radiopiu.net\/wordpress\/wp-content\/uploads\/2020\/06\/7b98d619-78b6-4818-82d1-24eea6fa5179.jpg 960w\" sizes=\"auto, (max-width: 215px) 100vw, 215px\" \/><\/a>Appena superata La Muda iniziavo ad annusare l\u2019aria dell\u2019Agordino. Superato il ponte del Torner mi aggrappavo al sedile e guardavo le gallerie del treno dall\u2019altra parte del Cordevole. Spesso chiedevo di quella ferrovia che mai avevo visto in funzione e sempre ricevevo una paziente spiegazione. Eppure continuava a sembrarmi impossibile che di l\u00e0 potesse essere passato un treno. Intanto la 127 color del cielo ringhiava rabbiosa lungo la salita dei Castei. Superavamo a bomba il dosso sotto i paravalanghe verdi ed in un attimo arrivavamo alla casa cantoniera. Frenata e scalata di una marcia ed imboccavamo quel ponte che per me era la vera &#8220;porta&#8221; d\u2019ingresso dell\u2019Agordino. Poi, alla fine del ponte, scalata in seconda e curva a sinistra in accelerazione. Che il rettilineo successivo era buono per fare i sorpassi. Ma d\u2019estate, quanto descritto fin qui non accadeva mai. Attraversare quella &#8220;porta&#8221; esigeva il pagamento di un prezzo salato: l\u2019ingorgo. Ed ecco allora che lungo la salita dei Castei si materializzava il pi\u00f9 terribile incubo automobilistico: la corriera. Non quella di linea, che gli autisti bellunesi passavano veloci nella gola, incuranti del baratro che si apriva a bordo strada. L\u2019incubo, preceduto da una nube nera di gasolio, era la corriera dei villeggianti. Che c\u2019era sempre. E cos\u00ec si saliva lungo la \u201criva\u201d a 30 km\/h, con la tenue speranza di non doversi fermare prima del ponte. Ed invece, al km 21.070 lo stop diventava una crudele certezza. E guardavo i passeggeri sulla corriera trattenere il fiato mentre l\u2019autista tentava di prendere una decisione. Il formarsi del temuto ingorgo era questione di attimi. Le ventole posteriori del pullman soffiavano aria calda nella 127 con i finestrini aperti. E cos\u00ec, oltre al caldo, saliva pure il nervosismo. Ed erano pacche sui sottili volanti in bachelite ed imprecazioni di vario tenore e genere, che cambiavano di tono in base al livello di fretta che avevano gli automobilisti. Intanto l\u2019autista della corriera iniziava un dialogo a colpi di fanali con la colonna ferma dall\u2019altra parte del ponte. Passo io, passi tu. E non passava nessuno. Momenti che parevano eterni, con il canto del Cordevole che veniva sovrastato da un concerto di clacson e trombe bitonali, mentre dai finestrini aperti delle auto ferme usciva fumo di sigarette fumate nervosamente. Solo i gerani rossi e bianchi posati sui davanzali della cantoniera ingentilivano quell\u2019ambiente divenuto rovente. Poi, quando l\u2019esaperazione era giunta a livello di guardia, accadeva il miracolo. L\u2019autista gettava il cuore oltre l\u2019ostacolo e dava inizio all\u2019ardita manovra. Osservavo lo sbracciarsi sull\u2019enorme volante di quel bus dotato di un preistorico servosterzo. Invadendo entrambe le corsie finalmente la corriera superava la curva di uscita del ponte. Pian piano il nervosismo calava e ricominciava la corsa lungo l\u2019Agordina. La fatidica \u201cporta\u201d era ormai superata e si correva sotto montagne che diventavano sempre pi\u00f9 alte e possenti. Un quarto d&#8217;ora e saremmo arrivati a \u201cCence\u201d. A continuare il sogno di un\u2019estate da trascorrere fra le Magiche Dolomiti!!<\/p>\n<p><strong>LE ALTRE PUNTATE<\/strong><\/p>\n<blockquote class=\"wp-embedded-content\" data-secret=\"tkw1KxAG2z\"><p><a href=\"https:\/\/www.radiopiu.net\/wordpress\/i-racconti-di-paolo-soppelsa\/\">I racconti di Paolo Soppelsa<\/a><\/p><\/blockquote>\n<p><iframe loading=\"lazy\" title=\"&#8220;I racconti di Paolo Soppelsa&#8221; &#8212; Radio Pi\u00f9\" class=\"wp-embedded-content\" sandbox=\"allow-scripts\" security=\"restricted\" style=\"position: absolute; clip: rect(1px, 1px, 1px, 1px);\" src=\"https:\/\/www.radiopiu.net\/wordpress\/i-racconti-di-paolo-soppelsa\/embed\/#?secret=tkw1KxAG2z\" data-secret=\"tkw1KxAG2z\" width=\"600\" height=\"338\" frameborder=\"0\" marginwidth=\"0\" marginheight=\"0\" scrolling=\"no\"><\/iframe><\/p>\n<h3><span style=\"color: #ff0000;\">DUE MINUTI UN LIBRO<\/span><\/h3>\n<blockquote class=\"wp-embedded-content\" data-secret=\"xtDDVxRLZ4\"><p><a href=\"https:\/\/www.radiopiu.net\/wordpress\/nemici-miei-2\/\">NEMICI MIEI<\/a><\/p><\/blockquote>\n<p><iframe loading=\"lazy\" title=\"&#8220;NEMICI MIEI&#8221; &#8212; Radio Pi\u00f9\" class=\"wp-embedded-content\" sandbox=\"allow-scripts\" security=\"restricted\" style=\"position: absolute; clip: rect(1px, 1px, 1px, 1px);\" src=\"https:\/\/www.radiopiu.net\/wordpress\/nemici-miei-2\/embed\/#?secret=xtDDVxRLZ4\" data-secret=\"xtDDVxRLZ4\" width=\"600\" height=\"338\" frameborder=\"0\" marginwidth=\"0\" marginheight=\"0\" scrolling=\"no\"><\/iframe><\/p>\n<p><strong>LE ALTRE PUNTATE<\/strong><\/p>\n<blockquote class=\"wp-embedded-content\" data-secret=\"kWPF4YTABt\"><p><a href=\"https:\/\/www.radiopiu.net\/wordpress\/due-minuti-un-libro\/\">Due minuti un libro<\/a><\/p><\/blockquote>\n<p><iframe loading=\"lazy\" title=\"&#8220;Due minuti un libro&#8221; &#8212; Radio Pi\u00f9\" class=\"wp-embedded-content\" sandbox=\"allow-scripts\" security=\"restricted\" style=\"position: absolute; clip: rect(1px, 1px, 1px, 1px);\" src=\"https:\/\/www.radiopiu.net\/wordpress\/due-minuti-un-libro\/embed\/#?secret=kWPF4YTABt\" data-secret=\"kWPF4YTABt\" width=\"600\" height=\"338\" frameborder=\"0\" marginwidth=\"0\" marginheight=\"0\" scrolling=\"no\"><\/iframe><\/p>\n<h3><span style=\"color: #00ccff;\">SALUTE E SOCIETA&#8217;<\/span><\/h3>\n<blockquote class=\"wp-embedded-content\" data-secret=\"5PdQiT3vaf\"><p><a href=\"https:\/\/www.radiopiu.net\/wordpress\/mal-di-quarantena-atrofia-muscolare-spinale-porfiria\/\">Mal di quarantena &#8211; Atrofia Muscolare Spinale &#8211; Porfiria<\/a><\/p><\/blockquote>\n<p><iframe loading=\"lazy\" title=\"&#8220;Mal di quarantena &#8211; Atrofia Muscolare Spinale &#8211; Porfiria&#8221; &#8212; Radio Pi\u00f9\" class=\"wp-embedded-content\" sandbox=\"allow-scripts\" security=\"restricted\" style=\"position: absolute; clip: rect(1px, 1px, 1px, 1px);\" src=\"https:\/\/www.radiopiu.net\/wordpress\/mal-di-quarantena-atrofia-muscolare-spinale-porfiria\/embed\/#?secret=5PdQiT3vaf\" data-secret=\"5PdQiT3vaf\" width=\"600\" height=\"338\" frameborder=\"0\" marginwidth=\"0\" marginheight=\"0\" scrolling=\"no\"><\/iframe><\/p>\n<p><strong>LE ALTRE PUNTATE<\/strong><\/p>\n<blockquote class=\"wp-embedded-content\" data-secret=\"f0XdxcdMTB\"><p><a href=\"https:\/\/www.radiopiu.net\/wordpress\/saluteesocieta\/\">Salute e Societ\u00e0<\/a><\/p><\/blockquote>\n<p><iframe loading=\"lazy\" title=\"&#8220;Salute e Societ\u00e0&#8221; &#8212; Radio Pi\u00f9\" class=\"wp-embedded-content\" sandbox=\"allow-scripts\" security=\"restricted\" style=\"position: absolute; clip: rect(1px, 1px, 1px, 1px);\" src=\"https:\/\/www.radiopiu.net\/wordpress\/saluteesocieta\/embed\/#?secret=f0XdxcdMTB\" data-secret=\"f0XdxcdMTB\" width=\"600\" height=\"338\" frameborder=\"0\" marginwidth=\"0\" marginheight=\"0\" scrolling=\"no\"><\/iframe><\/p>\n<h3><span style=\"color: #339966;\">AGORDINOMERON<\/span><\/h3>\n<blockquote class=\"wp-embedded-content\" data-secret=\"xS6Ggz5JcN\"><p><a href=\"https:\/\/www.radiopiu.net\/wordpress\/agordinomeron\/\">AGORDINOMERON, IL TERRITORIO SI RACCONTA Da un&#8217;idea di Gianni Santomaso<\/a><\/p><\/blockquote>\n<p><iframe loading=\"lazy\" title=\"&#8220;AGORDINOMERON, IL TERRITORIO SI RACCONTA Da un&#8217;idea di Gianni Santomaso&#8221; &#8212; Radio Pi\u00f9\" class=\"wp-embedded-content\" sandbox=\"allow-scripts\" security=\"restricted\" style=\"position: absolute; clip: rect(1px, 1px, 1px, 1px);\" src=\"https:\/\/www.radiopiu.net\/wordpress\/agordinomeron\/embed\/#?secret=xS6Ggz5JcN\" data-secret=\"xS6Ggz5JcN\" width=\"600\" height=\"338\" frameborder=\"0\" marginwidth=\"0\" marginheight=\"0\" scrolling=\"no\"><\/iframe><\/p>\n<h3><span style=\"color: #993300;\">IL MESSAGGIO DEI SACERDOTI A RADIO PIU&#8217;<\/span><\/h3>\n<blockquote class=\"wp-embedded-content\" data-secret=\"bYFn7SGIwr\"><p><a href=\"https:\/\/www.radiopiu.net\/wordpress\/chiesa\/\">DON CESARE  SU RADIO PIU&#8217; ALLE 7.30 E 19.30, PARROCCHIE DI AGORDO, LA VALLE E TAIBON<\/a><\/p><\/blockquote>\n<p><iframe loading=\"lazy\" title=\"&#8220;DON CESARE  SU RADIO PIU&#8217; ALLE 7.30 E 19.30, PARROCCHIE DI AGORDO, LA VALLE E TAIBON&#8221; &#8212; Radio Pi\u00f9\" class=\"wp-embedded-content\" sandbox=\"allow-scripts\" security=\"restricted\" style=\"position: absolute; clip: rect(1px, 1px, 1px, 1px);\" src=\"https:\/\/www.radiopiu.net\/wordpress\/chiesa\/embed\/#?secret=bYFn7SGIwr\" data-secret=\"bYFn7SGIwr\" width=\"600\" height=\"338\" frameborder=\"0\" marginwidth=\"0\" marginheight=\"0\" scrolling=\"no\"><\/iframe><\/p>\n<p>&nbsp;<\/p>\n<hr \/>\n<p>&nbsp;<\/p>\n<p><strong class=\"photoswipe-wrapper\"><a class=\"dt-pswp-item pspw-wrap-ready\" href=\"https:\/\/i0.wp.com\/www.radiopiu.net\/wordpress\/wp-content\/uploads\/2018\/09\/viabilita.jpeg?ssl=1\" data-dt-img-description=\"\" data-large_image_width=\"800\" data-large_image_height=\"100\"><img loading=\"lazy\" decoding=\"async\" class=\"aligncenter wp-image-61954 size-full jetpack-lazy-image jetpack-lazy-image--handled\" src=\"https:\/\/i0.wp.com\/www.radiopiu.net\/wordpress\/wp-content\/uploads\/2018\/09\/viabilita.jpeg?resize=800%2C100&amp;ssl=1\" sizes=\"auto, (max-width: 800px) 100vw, 800px\" srcset=\"https:\/\/i0.wp.com\/www.radiopiu.net\/wordpress\/wp-content\/uploads\/2018\/09\/viabilita.jpeg?w=800&amp;ssl=1 800w, https:\/\/i0.wp.com\/www.radiopiu.net\/wordpress\/wp-content\/uploads\/2018\/09\/viabilita.jpeg?resize=300%2C38&amp;ssl=1 300w, https:\/\/i0.wp.com\/www.radiopiu.net\/wordpress\/wp-content\/uploads\/2018\/09\/viabilita.jpeg?resize=768%2C96&amp;ssl=1 768w\" alt=\"\" width=\"800\" height=\"100\" data-lazy-loaded=\"1\" \/><\/a><\/strong><\/p>\n<p><strong>\u00a0<\/strong><\/p>\n<blockquote><p><strong>INTERRUZIONI A CRISTO DELLE PIANIZZE\u00a0<\/strong>sp347 DURAN E CEREDA fino al 5 giugno (esclusi festivi e prefestivi) possibili interruzioni in localit\u00e0 Pianizze (Agordo) della durata massima di 15 minuti dalle 8 alle 12 e dalle 13 alle 17, inoltre senso unico alternato nei periodi non interessati dalle chiusura<\/p><\/blockquote>\n<p>PROVINCIALE 20 DELLA VAL FIORENTINA, SELVA DI CADORE: FINO AL 13 GIUGNO, CHIUSURA TOTALE TRA SOLATOR E IL CENTRO DEL PAESE ANCHE NEI GIORNI FESTIVI E PREFESTIVI, DAL CHILOMETRO 4.850 AL CHILOMETRO 5.100. TRANSITO CONSENTITO AI LOCALI CON TEMPI DI ATTESA MASSIMI STIMATI IN 30 MINUTI IN LOCALITA\u2019 SOLATOR DAL CHILOMETRO 4.400 AL CHILOMETRO 4.850<\/p>\n<p>REGIONALE 48 DELLE DOLOMITI, LOCALIT\u00c0 POCOL INIZIO ABITATO CORTINA,FINO\u00a0 AL 12 GIUGNO SEMAFORO PER TRATTI DI 250 METRI ANCHE NEI GIORNI FESTIVI E PREFESTIVI<\/p>\n<p>REGIONALE 203 AGORDINA FINO AL 15 GIUGNO IN LOCALIT\u00c0 LA MUDA DEVIAZIONE SU VIABILIT\u00c0 PROVVISORIA, PRUDENZA<\/p>\n<p>PROVINCIALE 12 PEDEMONTANA LOCALIT\u00c0 PONTE MAS, CHIUSURA TOTALE DI PONTE MAS FINO\u00a0 AL 30 GIUGNO<\/p>\n<p>STRADA REGIONALE 48 DELLE DOLOMITI, DAL KM 110,350 AL KM 112, SENSO UNICO ALTERNATO REGOLATO DA IMPIANTO SEMAFORICO ANCHE SABATO E FESTIVI FINO\u00a0 AL 30 GIUGNO PER POSA ELETTRODOTTO INTERRATO<\/p>\n<p>PROVINCIALE 563 DI SALESEI, FINO\u00a0 AL 3 LUGLIO, SENSO UNICO ALTERNATO REGOLATO DA IMPIANTO SEMAFORICO IN LOCALIT\u00c0 DIGONERA PER MESSA IN SICUREZZA PIANO VIABILE, SABATO E FESTIVI INCLUSI<\/p>\n<p>STRADA PROVINCIALE 346 DEL PASSO SAN PELLEGRINO, FINO\u00a0 AL 5 GIUGNO, SENSO UNICO ALTERNATO REGOLATO DA IMPIANTO SEMOFORICO TRA FALCADE E FALCADE ALTO PER POSA CAVIDOTTO FIBRA OTTICA<\/p>\n<p>STRADA PROVINCIALE 347 DEL PASSO CEREDA E DURAN, FINO\u00a0 AL 01 GIUGNO ESCLUSE DOMENICHE E FESTIVI, SENSO UNICO ALTERNATO REGOLATO DA IMPIANTO SEMAFORICO O MOVIERI IN COMUNE DI VALLE DI CADORE PER SONDAGGI GEOTECNICI<\/p>\n<p>REGIONALE203 AGORDINA, CANDATEN-LA STANGA, FINO\u00a0 AL 30 GIUGNO INCLUSI SABATO E DOMENICA DALLE 7.30 ALLE 9 E DALLE 16.30 ALLE 18 SENSO UNICO ALTERNATO CON MOVIERI, NEGLI ALTRI PERIODI SENSO UNICO CON SEMAFORO.<\/p>\n<p>&nbsp;<\/p>\n<p>PROVINCIALE 24 VALPAROLA FINO\u00a0 AL 05 GIUGNO ESCLUSI FESTIVI E PREFESTIVI, SENSO UNICO ALTERNATO A VISTA PER TRATTI DI 50 METRI.<\/p>\n<p>PROVINCIALE 563 DI SALESEI, DALLE 7 DEL 26 MAGGIO ALLE 18 DEL 19 GIUGNO, DOMENICHE E FESTIVI ESCLUSI, SENSO UNICO ALTERNATO REGOLATO DA IMPIANTO SEMAFORICO E POSSIBILI BREVI INTERRUZIONI AL TRAFFICO DI 15 MINUTI PER MESSA IN SICUREZZA VERSANTE A MONTE DELLA STRADA<\/p>\n<p>STRADA PROVINCIALE 346 DEL SAN PELLEGRINO, NEI COMUNI DI FALCADE, CANALE E VALLADA, FINO\u00a0 AL 3 LUGLIO, INCLUSI SABATI E DOMENICHE, POSSIBILE ISTITUZIONE DI SENSO UNICO ALTERNATO REGOLATO DA MOVIERI PER SOSTITUZIONE CONDUTTORI E MANUTENZIONE LINEA ELETTRICA ALTA TENSIONE<\/p>\n<p>REGIONALE 203 AGORDINA, NEL COMUNE DI CENCENIGHE, FINO\u00a0 AL 3 LUGLIO, INCLUSI SABATI E DOMENICHE, POSSIBILE ISTITUZIONE DI SENSO UNICO ALTERNATO REGOLATO DA MOVIERI PER SOSTITUZIONE CONDUTTORI E MANUTENZIONE LINEA ELETTRICA ALTA TENSIONE<\/p>\n<p>STRADA PROVINCIALE 40, COMUNE DI LAMON. DAL 27 MAGGIO AL 3 GIUGNO SENSO UNICO ALTERNATO REGOLATO DA IMPIANTO SEMAFORICO PER RICERCHE GEOGNOSTICHE<\/p>\n<p>STRADA PROVINCIALE 422 DELL\u2019ALPAGO E DEL CANSIGLIO, DAL 3 AL 19 GIUGNO, DALLE 8 ALLE 19, SENSO UNICO ALTERNATO REGOLATO DA IMPIANTO SEMAFORICO O MOVIERE PER POSA FIBRA OTTICA<\/p>\n<p>STRADA PROVINCIALE 346 DEL SAN PELLEGRINO, NEL COMUNE DI VALLADA AGORDINA DAL 1 AL 19 GIUGNO SENSO UNICO ALTERNATO REGOLATO DA IMPIANTO SEMAFORICO PER MESSA IN SICUREZZA BARRIERE DI PROTEZIONE LATERALI<\/p>\n<p>STRADA REGIONA 203 AGORDINA, TRA MAS DI SEDICO E CERNADOI SU TRATTI SALTUARI DI STRADA, DAL 1 AL 30 GIUGNO, ESCLUSO SABATO E DOMENICA, SENSO UNICO ALTERNATO REGOLATO DA IMPIANTO SEMAFORICO PER MESSA IN SICUREZZA BARRIERE DI PROTEZIONE LATERALI<\/p>\n<p>STRADA PROVINCIALE 347 DEL PASSO CEREDA E DURAN, NEL COMUNE DI GOSALDO (LOC. SANT\u2019ANDREA), DAL 5 AL 20 GIUGNO SENSO UNICO ALTERNATO REGOLATO DA IMPIANTO SEMAFORICO PER MESSA IN SICUREZZA DELLA STRADA<\/p>\n<p>STRADA PROVINCIALE 347 DEL PASSO CEREDA E DURAN, NEL COMUNE DI AGORDO, DAL 3 AL 12 GIUGNO\u00a0SENSO UNICO ALTERNATO REGOLATO DA IMPIANTO SEMAFORICO PER POSA FIBRA OTTICA<\/p>\n<p>STRADA REGIONALE 48 DELLE DOLOMITI, NEL COMUNE DI LIVINALLONGO DEL COL DI LANA IN LOCALITA&#8217; ANDRAZ, DAL 3 AL 30 GIUGNO SENSO UNICO ALTERNATO REGOLATO DA IMPIANTO SEMAFORICO O MOVIERE CON POSSIBILI BREVI INTERRUZIONI TOTALI AL TRAFFICO DELLA DURATA MASSIMA DI 10 MINUTI, PER LAVORI DI MESSA IN SICUREZZA DEL VERSANTE<\/p>\n<p>STRADA PROVINCIALE 641 DEL PASSO FEDAIA, A SOTTOGUDA DI ROCCA PIETORE, DAL 8 AL 19 GIUGNO, DALLE 7 ALLE 12 E DALLE 13 ALLE 18 ESCLUSI SABATO E DOMENICA, SENSO UNICO ALTERNATO REGOLATO DA MOVIERI PER RIPRISTINO PIANO VIABILE SU CAVIDOTTO MEDIA TENSIONE.<\/p>\n<p>&nbsp;<\/p>\n<hr \/>\n<p>&nbsp;<\/p>\n<p class=\"photoswipe-wrapper\"><a class=\"dt-pswp-item pspw-wrap-ready\" href=\"https:\/\/i0.wp.com\/www.radiopiu.net\/wordpress\/wp-content\/uploads\/2018\/09\/WhatsApp-Image-2018-09-20-at-16.04.06.jpeg?ssl=1\" data-dt-img-description=\"\" data-large_image_width=\"800\" data-large_image_height=\"100\"><img loading=\"lazy\" decoding=\"async\" class=\"aligncenter wp-image-61378 size-full jetpack-lazy-image jetpack-lazy-image--handled\" src=\"https:\/\/i0.wp.com\/www.radiopiu.net\/wordpress\/wp-content\/uploads\/2018\/09\/WhatsApp-Image-2018-09-20-at-16.04.06.jpeg?resize=800%2C100&amp;ssl=1\" sizes=\"auto, (max-width: 800px) 100vw, 800px\" srcset=\"https:\/\/i0.wp.com\/www.radiopiu.net\/wordpress\/wp-content\/uploads\/2018\/09\/WhatsApp-Image-2018-09-20-at-16.04.06.jpeg?w=800&amp;ssl=1 800w, https:\/\/i0.wp.com\/www.radiopiu.net\/wordpress\/wp-content\/uploads\/2018\/09\/WhatsApp-Image-2018-09-20-at-16.04.06.jpeg?resize=300%2C38&amp;ssl=1 300w, https:\/\/i0.wp.com\/www.radiopiu.net\/wordpress\/wp-content\/uploads\/2018\/09\/WhatsApp-Image-2018-09-20-at-16.04.06.jpeg?resize=768%2C96&amp;ssl=1 768w\" alt=\"\" width=\"800\" height=\"100\" data-lazy-loaded=\"1\" \/><\/a><\/p>\n<p>&nbsp;<\/p>\n<p><center><b>Martedi 2<\/b><\/center><b>Tempo atteso:\u00a0<\/b>Al mattino tempo ben soleggiato con cielo sereno, aria tersa ed ottima visibilit\u00e0. Al pomeriggio graduale riduzione del soleggiamento per crescente attivit\u00e0 cumuliforme. Clima di nuovo primaverile durante le ore diurne nei fondovalle e assai mite in quota.<br \/>\n<b>Precipitazioni:\u00a0<\/b>Al mattino assenti. Nel pomeriggio probabilit\u00e0 assai contenuta (20-40%) per qualche locale piovasco o rovescio, occasionalmente temporalesco. In tal caso fiocchi di neve cadranno oltre i 2900 m.<br \/>\n<b>Temperature:\u00a0<\/b>Minime in aumento, massime senza variazioni di rilievo o in lieve aumento. Sono previste punte di 24\/25\u00b0C nei fondovalle prealpini e di 19\/21\u00b0C a 1000\/1200 m. Su Prealpi a 1500 m min 8\u00b0C max 15\u00b0C, a 2000 m min 6\u00b0C max 12\u00b0C. Su Dolomiti a 2000 m min 5\u00b0C max 13\u00b0C, a 3000 m min 1\u00b0C max 2\u00b0C.<br \/>\n<b>Venti:\u00a0<\/b>Nelle valli deboli\/moderati a regime di brezza; in quota deboli\/moderati da nord, a 5-10 km\/h a 2000 m, a 15-25 km\/h a 3000 m.<\/p>\n<hr \/>\n<p><center><b>Mercoledi 3<\/b><\/center><b>Tempo atteso:\u00a0<\/b>Minore soleggiamento e nuvolosit\u00e0 assai pi\u00f9 presente rsispetto ai giorni precedenti, dapprima per nubi alte e medio-alte, gi\u00e0 presenti nel corso de mattino. Nel corso del pomeriggio crescente nuvolosit\u00e0 cumuliforme fino a cielo nuvoloso o molto nuvoloso al pomeriggio ed alla sera, quando l&#8217;insidia di fenomeni sparsi sar\u00e0 presente. Clima diurno pi\u00f9 fresco per deficit di sole.<br \/>\n<b>Precipitazioni:\u00a0<\/b>Al mattino assenti (0%), nel corso del pomeriggio crescente rischio di rovescio, eventualmente temporaleschi (30\/50%), i fenomeni saranno pi\u00f9 frequenti nel tardo pomeriggio\/sera (70\/80%). La neve cadr\u00e0 oltre i 2800\/2900 m.<br \/>\n<b>Temperature:\u00a0<\/b>Minime stazionarie in quota e il leggera flessione nelle valli; massime in generale lieve diminuzione. Sono previste punte di 21\/22\u00b0C nei fondovalle prealpini e di 18\/19\u00b0C a 1000\/1200 m. Su Prealpi a 1500 m min 8\u00b0C max 13\u00b0C, a 2000 m min 6\u00b0C max 10\u00b0C. Su Dolomiti a 2000 m min 5\u00b0C max 10\u00b0C, a 3000 m min 0\u00b0C max 1\u00b0C.<br \/>\n<b>Venti:\u00a0<\/b>Nelle valli deboli di direzione variabile; in quota perlopi\u00f9 deboli, solo a tratti moderati, dai quadranti settentrionali al mattino, tendenti a disporsi da ovest dal primo pomeriggio in poi, a 5-10 km\/h a 2000 m, a 10-15 km\/h a 3000 m.<\/p>\n<hr \/>\n<p><center><b>Giovedi 4<\/b><\/center>Tempo variabile\/instabile con nuvolosit\u00e0 spesso estesa e a tratti intensa. In questo contesto sia al mattino che al pomeriggio rovesci e temporali interesseranno tutta la montagna veneta. La neve cadr\u00e0 sulle cime dolomitiche pi\u00f9 alte, oltre i 2700\/2800 m. Temperature minime in aumento e massime in ulteriore leggera flessione. Venti in quota moderati\/tesi da sud-ovest, deboli di direzione variabile nelle valli.<\/p>\n<hr \/>\n<p><center><b>Venerdi 5<\/b><\/center>Nottetempo ed al mattino cielo molto nuvoloso con fenomeni, a tratti anche diffusi. La neve cadr\u00e0 sopra i 2600\/2700 m. Al pomeriggio tendenza a parziale miglioramento con rasserenamenti sulle Dolomiti; situazione diversa sulle Prealpi, dove addensamenti e rovesci potrebbero imperversare. Temperature minime in calo e massime stazionarie o in leggera ripresa nelle valli dolomitiche nel ipotesi del ritorno del sole al pomeriggio. Venti moderati\/tesi da sud-ovest in quota, deboli di direzione variabile nelle valli. Previsore: R.L.Th.<\/p>\n","protected":false},"excerpt":{"rendered":"<p>PER RICEVERE QUESTO NOTIZIARIO DIRETTAMENTE SUL TUO CELLULARE ISCRIVITI AL CANALE TELEGRAM\u00a0\u201cRADIO PIU\u00a0 INFORMAZIONE\u201d &nbsp; &nbsp; Gestione Servizi Pubblici informa che a ROCCA PIETORE in localit\u00e0 DIGONERA, l&#8217;acqua erogata dall&#8217;acquedotto \u00e8 di nuovo potabile e pu\u00f2 essere usata, quindi, per scopi alimentari &nbsp; \u00a0 CHIUDE PONTE MAS, FINO AL 30 GIUGNO PER I LAVORI DI&hellip;<\/p>\n","protected":false},"author":4,"featured_media":141840,"comment_status":"closed","ping_status":"closed","sticky":false,"template":"","format":"standard","meta":{"_monsterinsights_skip_tracking":false,"_monsterinsights_sitenote_active":false,"_monsterinsights_sitenote_note":"","_monsterinsights_sitenote_category":0,"footnotes":""},"categories":[1,86,49],"tags":[],"class_list":["post-141716","post","type-post","status-publish","format-standard","has-post-thumbnail","hentry","category-senza-categoria","category-gr","category-news-18","category-1","category-86","category-49","description-off"],"img_url":"https:\/\/www.radiopiu.net\/wordpress\/wp-content\/uploads\/2020\/06\/58fb8bc7-e9cb-46e2-a1d6-73ec6db70d97.jpg","_links":{"self":[{"href":"https:\/\/www.radiopiu.net\/wordpress\/wp-json\/wp\/v2\/posts\/141716","targetHints":{"allow":["GET"]}}],"collection":[{"href":"https:\/\/www.radiopiu.net\/wordpress\/wp-json\/wp\/v2\/posts"}],"about":[{"href":"https:\/\/www.radiopiu.net\/wordpress\/wp-json\/wp\/v2\/types\/post"}],"author":[{"embeddable":true,"href":"https:\/\/www.radiopiu.net\/wordpress\/wp-json\/wp\/v2\/users\/4"}],"replies":[{"embeddable":true,"href":"https:\/\/www.radiopiu.net\/wordpress\/wp-json\/wp\/v2\/comments?post=141716"}],"version-history":[{"count":0,"href":"https:\/\/www.radiopiu.net\/wordpress\/wp-json\/wp\/v2\/posts\/141716\/revisions"}],"wp:featuredmedia":[{"embeddable":true,"href":"https:\/\/www.radiopiu.net\/wordpress\/wp-json\/wp\/v2\/media\/141840"}],"wp:attachment":[{"href":"https:\/\/www.radiopiu.net\/wordpress\/wp-json\/wp\/v2\/media?parent=141716"}],"wp:term":[{"taxonomy":"category","embeddable":true,"href":"https:\/\/www.radiopiu.net\/wordpress\/wp-json\/wp\/v2\/categories?post=141716"},{"taxonomy":"post_tag","embeddable":true,"href":"https:\/\/www.radiopiu.net\/wordpress\/wp-json\/wp\/v2\/tags?post=141716"}],"curies":[{"name":"wp","href":"https:\/\/api.w.org\/{rel}","templated":true}]}}