{"id":141731,"date":"2020-09-28T15:39:21","date_gmt":"2020-09-28T13:39:21","guid":{"rendered":"https:\/\/www.radiopiu.net\/wordpress\/?p=141731"},"modified":"2021-09-28T15:40:20","modified_gmt":"2021-09-28T13:40:20","slug":"asdasdasdasdasdasd","status":"publish","type":"post","link":"https:\/\/www.radiopiu.net\/wordpress\/asdasdasdasdasdasd\/","title":{"rendered":"GLI SCRITTI DI DON GABRIELE BERNARDI, LA GIOIA DI DARE LA VITA, DAL DRAMMA DELLA MORTE ALLA GIOIA DELLA RESURREZIONE"},"content":{"rendered":"<p><strong><a href=\"https:\/\/www.radiopiu.net\/wordpress\/e-morto-don-gabriele-lutto-a-colle-selva-e-pescul\/cba50b20-3cf0-4c56-82e2-ae72005308ed\/\" rel=\"attachment wp-att-234246\"><img loading=\"lazy\" decoding=\"async\" class=\"size-medium wp-image-234246 alignleft\" src=\"https:\/\/www.radiopiu.net\/wordpress\/wp-content\/uploads\/2020\/05\/cba50b20-3cf0-4c56-82e2-ae72005308ed-169x300.jpg\" alt=\"\" width=\"169\" height=\"300\" srcset=\"https:\/\/www.radiopiu.net\/wordpress\/wp-content\/uploads\/2020\/05\/cba50b20-3cf0-4c56-82e2-ae72005308ed-169x300.jpg 169w, https:\/\/www.radiopiu.net\/wordpress\/wp-content\/uploads\/2020\/05\/cba50b20-3cf0-4c56-82e2-ae72005308ed-576x1024.jpg 576w, https:\/\/www.radiopiu.net\/wordpress\/wp-content\/uploads\/2020\/05\/cba50b20-3cf0-4c56-82e2-ae72005308ed-768x1365.jpg 768w, https:\/\/www.radiopiu.net\/wordpress\/wp-content\/uploads\/2020\/05\/cba50b20-3cf0-4c56-82e2-ae72005308ed-864x1536.jpg 864w, https:\/\/www.radiopiu.net\/wordpress\/wp-content\/uploads\/2020\/05\/cba50b20-3cf0-4c56-82e2-ae72005308ed.jpg 1080w\" sizes=\"auto, (max-width: 169px) 100vw, 169px\" \/><\/a>BELLUNO<\/strong> Sabato alle 19 in chiesa a Longarone, dopo la messa delle 18, sar\u00e0 presentato il volume con gli scritti di Don Gabriele Bernardi. L&#8217;iniziativa della parrocchia di Longarone prevede l&#8217;intervento dei vescovi Renato Marangoni, Giuseppe Andrich, dei parroci Don Pietro Bez, Don Mirko Pozzobon, del sindaco di Colle Santa Lucia Paolo Frena, del sindaco di Longarone Roberto Padrin.<\/p>\n<p>&nbsp;<\/p>\n<p>&nbsp;<\/p>\n<p>&nbsp;<\/p>\n<p>&nbsp;<\/p>\n<p>&nbsp;<\/p>\n<p>&nbsp;<\/p>\n<p>&nbsp;<\/p>\n<p>&nbsp;<\/p>\n<p>&nbsp;<\/p>\n<p>&nbsp;<\/p>\n<p><span style=\"color: #ff0000;\">ARCHIVIO<\/span><\/p>\n<p><strong>MAGGIO 2020 DAI NOTIZIARI DI RADIO PIU<\/strong><\/p>\n<p><strong><a class=\"dt-pswp-item\" href=\"https:\/\/www.radiopiu.net\/wordpress\/wp-content\/uploads\/2020\/06\/7afb0bf2-524a-43a3-82bd-1d1f0a23d2a7.jpg\" data-dt-img-description=\"\" data-large_image_width=\"450\" data-large_image_height=\"473\"><img loading=\"lazy\" decoding=\"async\" class=\" wp-image-141733 alignleft\" src=\"https:\/\/www.radiopiu.net\/wordpress\/wp-content\/uploads\/2020\/06\/7afb0bf2-524a-43a3-82bd-1d1f0a23d2a7-285x300.jpg\" alt=\"\" width=\"174\" height=\"183\" srcset=\"https:\/\/www.radiopiu.net\/wordpress\/wp-content\/uploads\/2020\/06\/7afb0bf2-524a-43a3-82bd-1d1f0a23d2a7-285x300.jpg 285w, https:\/\/www.radiopiu.net\/wordpress\/wp-content\/uploads\/2020\/06\/7afb0bf2-524a-43a3-82bd-1d1f0a23d2a7.jpg 450w\" sizes=\"auto, (max-width: 174px) 100vw, 174px\" \/><\/a>COLLE SANTA LUCIA_SELVA DI CADORE <\/strong>Questa mattina la sua comunit\u00e0 lo attendeva in chiesa per la seconda celebrazione delle Pentecoste, ma Don Gabriele non \u00e8 arrivato. Preoccupato il sindaco di Colle Santa Lucia, anche perch\u00e9 non rispondeva al telefono, ha mandato la sorella a sincerarsi delle sue condizioni. Don Gabriele era in canonica, seduto sul divano, privo di vita probabilmente per un improvviso infarto. <em>&#8220;Sono sconvolto dal dolore &#8211; dice il sindaco di Colle Santa Lucia Paolo Frena &#8211; con lui avevo un particolare rapporto d&#8217;amicizia non solo formale e istituzionale. Lascia una comunit\u00e0 nello sconcerto, lo stavamo attendendo proprio a Colle per la festivit\u00e0 delle Pentecoste. Siamo increduli dopo averlo lasciato ieri sera dopo la chiusura della prima giornata delle celebrazioni. La comunit\u00e0 \u00e8 raccolta in chiesa per ricordarlo nella preghiera. Siamo inoltre in attesa di incontrare il vescovo Renato Marangoni che sta salendo a Colle Santa Lucia&#8221;.<\/em><\/p>\n<blockquote><p><em>&#8220;Non ho parole, la tristezza \u00e8 tanta, il dolore immenso. Abbiamo perso un parroco, un amico. Qui lo abbiamo tanto amato e stimato, solo pochi giorni fa \u00a0aveva fatto portare una rosa ad ogni mamma per la festa della mamma&#8221;.<\/em> E&#8217; il triste annuncio del sindaco di Selva di Cadore Silvia Cestaro che comunica la morte improvvisa e per cause naturali di Don Gabriele Bernardi. Classe 1948, nativo di Loria (Treviso), don Gabriele \u00e8 stato ordinato presbitero a Limana il 26 luglio 1975; dopo due esperienze come viceparroco a Longarone e Limana, dal 1981 al 1992 \u00e8 stato parroco ad Arabba; quindi fino al 1998 parroco a Cencenighe. Di seguito ha svolto un lungo periodo di servizio ai pellegrini presso il Santo Sepolcro a Gerusalemme, esperienza di cui portava nel cuore un ricordo indelebile, una nostalgia simile a quella dei Salmi. Nel 2010 \u00e8 ritornato in diocesi, per prendere il posto di don Francesco Cassol, ed \u00e8 divenuto parroco di Longarone, Igne e Ospitale di Cadore.<\/p><\/blockquote>\n<p><strong>IL PENSIERO DI MONSIGNOR GIORGIO LISE<\/strong><\/p>\n<audio class=\"wp-audio-shortcode\" id=\"audio-141731-1\" preload=\"none\" style=\"width: 100%;\" controls=\"controls\"><source type=\"audio\/mpeg\" src=\"https:\/\/www.radiopiu.net\/wordpress\/wp-content\/uploads\/2020\/06\/DONNNN.mp3?_=1\" \/><a href=\"https:\/\/www.radiopiu.net\/wordpress\/wp-content\/uploads\/2020\/06\/DONNNN.mp3\">https:\/\/www.radiopiu.net\/wordpress\/wp-content\/uploads\/2020\/06\/DONNNN.mp3<\/a><\/audio>\n<p>&nbsp;<\/p>\n<p>&nbsp;<\/p>\n<p><strong>COMUNITA&#8217; IN LUTTO, IL MESSAGGIO DI DON FABIANO PER LA SCOMPARSA DEL PARROCO GABRIELE<\/strong><\/p>\n<blockquote>\n<h3><a class=\"dt-pswp-item\" href=\"https:\/\/www.radiopiu.net\/wordpress\/wp-content\/uploads\/2020\/06\/image.jpg\" data-dt-img-description=\"\" data-large_image_width=\"960\" data-large_image_height=\"540\"><img loading=\"lazy\" decoding=\"async\" class=\" wp-image-141757 alignleft\" src=\"https:\/\/www.radiopiu.net\/wordpress\/wp-content\/uploads\/2020\/06\/image-300x169.jpg\" alt=\"\" width=\"186\" height=\"105\" srcset=\"https:\/\/www.radiopiu.net\/wordpress\/wp-content\/uploads\/2020\/06\/image-300x169.jpg 300w, https:\/\/www.radiopiu.net\/wordpress\/wp-content\/uploads\/2020\/06\/image-768x432.jpg 768w, https:\/\/www.radiopiu.net\/wordpress\/wp-content\/uploads\/2020\/06\/image.jpg 960w\" sizes=\"auto, (max-width: 186px) 100vw, 186px\" \/><\/a><\/h3>\n<h3><\/h3>\n<h3><\/h3>\n<h3>Don Fabiano\u00a0 Del Favero. Vicario foraneo dell&#8217;Agordino e Livinallongo cos\u00ec ricorda don Gabriele.<\/h3>\n<\/blockquote>\n<audio class=\"wp-audio-shortcode\" id=\"audio-141731-2\" preload=\"none\" style=\"width: 100%;\" controls=\"controls\"><source type=\"audio\/mpeg\" src=\"https:\/\/www.radiopiu.net\/wordpress\/wp-content\/uploads\/2020\/06\/FABIOANO.mp3?_=2\" \/><a href=\"https:\/\/www.radiopiu.net\/wordpress\/wp-content\/uploads\/2020\/06\/FABIOANO.mp3\">https:\/\/www.radiopiu.net\/wordpress\/wp-content\/uploads\/2020\/06\/FABIOANO.mp3<\/a><\/audio>\n<p>&nbsp;<\/p>\n<p>&nbsp;<\/p>\n<p><strong>Un messaggio di cordoglio \u00e8 arrivato anche da San Tomaso Agordino dal sindaco Moreno De Val che ricorda Don Gabriele parroco in paese e anche a San Tomaso ha lasciato un importante ricordo<\/strong><\/p>\n<p>foto Don Fabiano parroco di Longarone (tribuna treviso)<\/p>\n<p>&nbsp;<\/p>\n<p>&nbsp;<\/p>\n","protected":false},"excerpt":{"rendered":"<p>BELLUNO Sabato alle 19 in chiesa a Longarone, dopo la messa delle 18, sar\u00e0 presentato il volume con gli scritti di Don Gabriele Bernardi. L&#8217;iniziativa della parrocchia di Longarone prevede l&#8217;intervento dei vescovi Renato Marangoni, Giuseppe Andrich, dei parroci Don Pietro Bez, Don Mirko Pozzobon, del sindaco di Colle Santa Lucia Paolo Frena, del sindaco&hellip;<\/p>\n","protected":false},"author":1,"featured_media":234247,"comment_status":"closed","ping_status":"closed","sticky":false,"template":"","format":"standard","meta":{"_monsterinsights_skip_tracking":false,"_monsterinsights_sitenote_active":false,"_monsterinsights_sitenote_note":"","_monsterinsights_sitenote_category":0,"footnotes":""},"categories":[51,49],"tags":[],"class_list":["post-141731","post","type-post","status-publish","format-standard","has-post-thumbnail","hentry","category-evidenza-top","category-news-18","category-51","category-49","description-off"],"img_url":"https:\/\/www.radiopiu.net\/wordpress\/wp-content\/uploads\/2020\/05\/7afb0bf2-524a-43a3-82bd-1d1f0a23d2a7-285x300-1.jpg","_links":{"self":[{"href":"https:\/\/www.radiopiu.net\/wordpress\/wp-json\/wp\/v2\/posts\/141731","targetHints":{"allow":["GET"]}}],"collection":[{"href":"https:\/\/www.radiopiu.net\/wordpress\/wp-json\/wp\/v2\/posts"}],"about":[{"href":"https:\/\/www.radiopiu.net\/wordpress\/wp-json\/wp\/v2\/types\/post"}],"author":[{"embeddable":true,"href":"https:\/\/www.radiopiu.net\/wordpress\/wp-json\/wp\/v2\/users\/1"}],"replies":[{"embeddable":true,"href":"https:\/\/www.radiopiu.net\/wordpress\/wp-json\/wp\/v2\/comments?post=141731"}],"version-history":[{"count":0,"href":"https:\/\/www.radiopiu.net\/wordpress\/wp-json\/wp\/v2\/posts\/141731\/revisions"}],"wp:featuredmedia":[{"embeddable":true,"href":"https:\/\/www.radiopiu.net\/wordpress\/wp-json\/wp\/v2\/media\/234247"}],"wp:attachment":[{"href":"https:\/\/www.radiopiu.net\/wordpress\/wp-json\/wp\/v2\/media?parent=141731"}],"wp:term":[{"taxonomy":"category","embeddable":true,"href":"https:\/\/www.radiopiu.net\/wordpress\/wp-json\/wp\/v2\/categories?post=141731"},{"taxonomy":"post_tag","embeddable":true,"href":"https:\/\/www.radiopiu.net\/wordpress\/wp-json\/wp\/v2\/tags?post=141731"}],"curies":[{"name":"wp","href":"https:\/\/api.w.org\/{rel}","templated":true}]}}