{"id":141781,"date":"2020-06-02T07:28:54","date_gmt":"2020-06-02T05:28:54","guid":{"rendered":"https:\/\/www.radiopiu.net\/wordpress\/?p=141781"},"modified":"2020-06-02T07:32:32","modified_gmt":"2020-06-02T05:32:32","slug":"la-dottoressa-giustina-de-silvestro-artefice-del-dibattito-sul-plasma","status":"publish","type":"post","link":"https:\/\/www.radiopiu.net\/wordpress\/la-dottoressa-giustina-de-silvestro-artefice-del-dibattito-sul-plasma\/","title":{"rendered":"LA DOTTORESSA GIUSTINA DE SILVESTRO ARTEFICE DEL DIBATTITO SUL PLASMA"},"content":{"rendered":"<p><strong><a class=\"dt-pswp-item\" href=\"https:\/\/www.radiopiu.net\/wordpress\/wp-content\/uploads\/2020\/06\/Schermata-2020-06-01-alle-13.10.56.png\" data-dt-img-description=\"\" data-large_image_width=\"886\" data-large_image_height=\"524\"><img loading=\"lazy\" decoding=\"async\" class=\"size-medium wp-image-141782 alignleft\" src=\"https:\/\/www.radiopiu.net\/wordpress\/wp-content\/uploads\/2020\/06\/Schermata-2020-06-01-alle-13.10.56-300x177.png\" alt=\"\" width=\"300\" height=\"177\" srcset=\"https:\/\/www.radiopiu.net\/wordpress\/wp-content\/uploads\/2020\/06\/Schermata-2020-06-01-alle-13.10.56-300x177.png 300w, https:\/\/www.radiopiu.net\/wordpress\/wp-content\/uploads\/2020\/06\/Schermata-2020-06-01-alle-13.10.56-768x454.png 768w, https:\/\/www.radiopiu.net\/wordpress\/wp-content\/uploads\/2020\/06\/Schermata-2020-06-01-alle-13.10.56.png 886w\" sizes=\"auto, (max-width: 300px) 100vw, 300px\" \/><\/a>VENEZIA<\/strong> Durante la conferenza stampa del Presidente del veneto Luca Zaia \u00e8 intervenuta la Dottoressa Giustina De Silvestro, artefice del dibattito sul plasma. Il Veneto ha un&#8217;esperienza di plasmaferisi ultra decennale. La dottoressa De Silvestro \u00e8 primario e dal 2003 direttore a Padova del Centro Trasfusionale.<\/p>\n<p><em>23 pazienti trattati in terapia intensiva, hanno donato il plasma 200 veneti guariti per 481 unit\u00e0 terapeutiche, 101 trasfuse dopo il consenso del paziente. Un paziente deceduto 4 sottoposti a cure &#8220;compassionevoli&#8221; risultati molto positivi per gli altri alcuni dimessi altri in fase di riabilitazione. Nessuno \u00e8 guarito nell&#8217;arco delle 24 ore a Pavia sono stati trattati pazienti meno gravi quindi dati non sono confrontabili.ll plasma in eccesso \u00e8 per\u00a0 l&#8217;industria che\u00a0 ne\u00a0 ricava farmaci che poi ritornano all&#8217;ospedale, utilizzabili in altre malattie. La Regione bandisce una gara, a livello Europeo, per assegnare il plasma, poi chiede quali prodotti ne vengono ricavati e quanto costa la lavorazione: la Regione ripaga questo, con il ritorno di prodotti farmaceutici indispensabili per i nostri ospedali, e non acquista sul mercato libero.<strong>Il ritorno della infezione?<\/strong> Qualche caso credo ci sar\u00e0, ma cambiano gli atteggiamenti culturali nei confronti delle infezioni quindi mi aspetto che tutti noi impareremo a girare con la mascherina\u00a0 in tasca. Questo attenuer\u00e0 la ri presentazione del virus in maniera importante. Potrebbe andarsene come se n&#8217;\u00e8 venuto ma anche mettersi nel gruppo di quelli dalle infezioni periodiche spero non invasiva come ora ma ci trover\u00e0 pronti a difenderci.\u00a0 <strong>A chi dice che era solo una semplice influenza?<\/strong> Il virus normale di un&#8217;influenza inizia a comparire a fine settembre e va avanti fino a maggio e sono 8 mesi. Questo \u00e8 arrivato ha trovato terreno vergine con aggressivit\u00e0 molto superiore all&#8217;influenza e che ha impegnato contemporaneamente in un mese tutti i contagi che si hanno in otto mesi. Questo da l&#8217;idea della forza del virus e della sua invasivit\u00e0. Sono situazioni non paragonabili. Uno dei fautori di questa idea \u00e8 finito in terapia intensiva ed ha dovuto ammettere che non era una semplice influenza.\u00a0<\/em><\/p>\n<p>&nbsp;<\/p>\n<p><strong>L&#8217;INTERVENTO DELLA DOTTORESSA DE SILVESTRO<\/strong><\/p>\n<audio class=\"wp-audio-shortcode\" id=\"audio-141781-1\" preload=\"none\" style=\"width: 100%;\" controls=\"controls\"><source type=\"audio\/mpeg\" src=\"https:\/\/www.radiopiu.net\/wordpress\/wp-content\/uploads\/2020\/06\/DOTTORESSA-GIUSTINA-DE-SILVESTRO.mp3?_=1\" \/><a href=\"https:\/\/www.radiopiu.net\/wordpress\/wp-content\/uploads\/2020\/06\/DOTTORESSA-GIUSTINA-DE-SILVESTRO.mp3\">https:\/\/www.radiopiu.net\/wordpress\/wp-content\/uploads\/2020\/06\/DOTTORESSA-GIUSTINA-DE-SILVESTRO.mp3<\/a><\/audio>\n","protected":false},"excerpt":{"rendered":"<p>VENEZIA Durante la conferenza stampa del Presidente del veneto Luca Zaia \u00e8 intervenuta la Dottoressa Giustina De Silvestro, artefice del dibattito sul plasma. Il Veneto ha un&#8217;esperienza di plasmaferisi ultra decennale. La dottoressa De Silvestro \u00e8 primario e dal 2003 direttore a Padova del Centro Trasfusionale. 23 pazienti trattati in terapia intensiva, hanno donato il&hellip;<\/p>\n","protected":false},"author":4,"featured_media":141782,"comment_status":"closed","ping_status":"closed","sticky":false,"template":"","format":"standard","meta":{"_monsterinsights_skip_tracking":false,"_monsterinsights_sitenote_active":false,"_monsterinsights_sitenote_note":"","_monsterinsights_sitenote_category":0,"footnotes":""},"categories":[51,49],"tags":[],"class_list":["post-141781","post","type-post","status-publish","format-standard","has-post-thumbnail","hentry","category-evidenza-top","category-news-18","category-51","category-49","description-off"],"img_url":"https:\/\/www.radiopiu.net\/wordpress\/wp-content\/uploads\/2020\/06\/Schermata-2020-06-01-alle-13.10.56.png","_links":{"self":[{"href":"https:\/\/www.radiopiu.net\/wordpress\/wp-json\/wp\/v2\/posts\/141781","targetHints":{"allow":["GET"]}}],"collection":[{"href":"https:\/\/www.radiopiu.net\/wordpress\/wp-json\/wp\/v2\/posts"}],"about":[{"href":"https:\/\/www.radiopiu.net\/wordpress\/wp-json\/wp\/v2\/types\/post"}],"author":[{"embeddable":true,"href":"https:\/\/www.radiopiu.net\/wordpress\/wp-json\/wp\/v2\/users\/4"}],"replies":[{"embeddable":true,"href":"https:\/\/www.radiopiu.net\/wordpress\/wp-json\/wp\/v2\/comments?post=141781"}],"version-history":[{"count":0,"href":"https:\/\/www.radiopiu.net\/wordpress\/wp-json\/wp\/v2\/posts\/141781\/revisions"}],"wp:featuredmedia":[{"embeddable":true,"href":"https:\/\/www.radiopiu.net\/wordpress\/wp-json\/wp\/v2\/media\/141782"}],"wp:attachment":[{"href":"https:\/\/www.radiopiu.net\/wordpress\/wp-json\/wp\/v2\/media?parent=141781"}],"wp:term":[{"taxonomy":"category","embeddable":true,"href":"https:\/\/www.radiopiu.net\/wordpress\/wp-json\/wp\/v2\/categories?post=141781"},{"taxonomy":"post_tag","embeddable":true,"href":"https:\/\/www.radiopiu.net\/wordpress\/wp-json\/wp\/v2\/tags?post=141781"}],"curies":[{"name":"wp","href":"https:\/\/api.w.org\/{rel}","templated":true}]}}