{"id":141944,"date":"2020-06-02T19:40:18","date_gmt":"2020-06-02T17:40:18","guid":{"rendered":"https:\/\/www.radiopiu.net\/wordpress\/?p=141944"},"modified":"2020-06-02T19:41:03","modified_gmt":"2020-06-02T17:41:03","slug":"il-municipio-ha-scritto-due-ordinanze-diverse-o-piu-semplicemente-lordine-comunale-e-stato-snobbato","status":"publish","type":"post","link":"https:\/\/www.radiopiu.net\/wordpress\/il-municipio-ha-scritto-due-ordinanze-diverse-o-piu-semplicemente-lordine-comunale-e-stato-snobbato\/","title":{"rendered":"IL MUNICIPIO HA SCRITTO DUE ORDINANZE DIVERSE O PIU&#8217; SEMPLICEMENTE L&#8217;ORDINE COMUNALE E&#8217; STATO SNOBBATO."},"content":{"rendered":"<p><strong><a class=\"dt-pswp-item\" href=\"https:\/\/www.radiopiu.net\/wordpress\/wp-content\/uploads\/2020\/06\/a055ffb3-84f4-47d0-a6e9-44b0aea961fb.jpg\" data-dt-img-description=\"\" data-large_image_width=\"900\" data-large_image_height=\"1600\"><img loading=\"lazy\" decoding=\"async\" class=\"size-medium wp-image-141945 alignleft\" src=\"https:\/\/www.radiopiu.net\/wordpress\/wp-content\/uploads\/2020\/06\/a055ffb3-84f4-47d0-a6e9-44b0aea961fb-169x300.jpg\" alt=\"\" width=\"169\" height=\"300\" srcset=\"https:\/\/www.radiopiu.net\/wordpress\/wp-content\/uploads\/2020\/06\/a055ffb3-84f4-47d0-a6e9-44b0aea961fb-169x300.jpg 169w, https:\/\/www.radiopiu.net\/wordpress\/wp-content\/uploads\/2020\/06\/a055ffb3-84f4-47d0-a6e9-44b0aea961fb-576x1024.jpg 576w, https:\/\/www.radiopiu.net\/wordpress\/wp-content\/uploads\/2020\/06\/a055ffb3-84f4-47d0-a6e9-44b0aea961fb-768x1365.jpg 768w, https:\/\/www.radiopiu.net\/wordpress\/wp-content\/uploads\/2020\/06\/a055ffb3-84f4-47d0-a6e9-44b0aea961fb-864x1536.jpg 864w, https:\/\/www.radiopiu.net\/wordpress\/wp-content\/uploads\/2020\/06\/a055ffb3-84f4-47d0-a6e9-44b0aea961fb.jpg 900w\" sizes=\"auto, (max-width: 169px) 100vw, 169px\" \/><\/a><\/strong><\/p>\n<p><strong>LA VALLE<\/strong> Ezio questa mattina 2 giugno giorno di festa infrasettimanale \u00e8 partito da casa dopo aver caricato la famiglia, la motosega per fare ordine nel bosco e la farina per la polenta. M\u00e8ta Malga Foca sopra il paese che si raggiunge in auto. E invece dopo Conaggia non solo ha trovato la transenna ad imporre lo stop ma anche gli uomini della ditta che ha in appalto i lavori che non hanno permesso il transito perch\u00e9 per loro giornata di lavoro. <em>&#8220;Protester\u00f2 anche in Comune -dice Ezio &#8211; l&#8217;ordinanza \u00e8 chiara, la strada va riaperta nei giorni festivi e prefestivi ci sono tanto di orari chiari e di facile comprensione&#8221;<\/em> In effetti Ezio ha ragione da vendere ma ormai l&#8217;assolata giornata di festa del 2 giugno \u00e8 andata e a lui non \u00e8 rimasto che tornare a casa e accendere il gas, ma il sapore della polenta a Malga Foca ha tutt&#8217;altro gusto. Del &#8220;disservizio&#8221; e dell&#8217;ordinanza non\u00a0 rispettata \u00e8 gi\u00e0 stato informato anche il sindaco Ezio Zuanel, con l&#8217;auspicio che non si ripeta oppure che l&#8217;ordinanza venga modificata ma che almeno venga riconosciuta da tutte le parti e che soprattutto venga fatta rispettare senza se e senza ma.<\/p>\n<div style=\"width: 640px;\" class=\"wp-video\"><video class=\"wp-video-shortcode\" id=\"video-141944-1\" width=\"640\" height=\"352\" preload=\"metadata\" controls=\"controls\"><source type=\"video\/mp4\" src=\"https:\/\/www.radiopiu.net\/wordpress\/wp-content\/uploads\/2020\/06\/WhatsApp-Video-2020-06-02-at-11.49.49-1.mp4?_=1\" \/><a href=\"https:\/\/www.radiopiu.net\/wordpress\/wp-content\/uploads\/2020\/06\/WhatsApp-Video-2020-06-02-at-11.49.49-1.mp4\">https:\/\/www.radiopiu.net\/wordpress\/wp-content\/uploads\/2020\/06\/WhatsApp-Video-2020-06-02-at-11.49.49-1.mp4<\/a><\/video><\/div>\n<p>&nbsp;<\/p>\n<div style=\"width: 640px;\" class=\"wp-video\"><video class=\"wp-video-shortcode\" id=\"video-141944-2\" width=\"640\" height=\"352\" preload=\"metadata\" controls=\"controls\"><source type=\"video\/mp4\" src=\"https:\/\/www.radiopiu.net\/wordpress\/wp-content\/uploads\/2020\/06\/WhatsApp-Video-2020-06-02-at-11.49.44.mp4?_=2\" \/><a href=\"https:\/\/www.radiopiu.net\/wordpress\/wp-content\/uploads\/2020\/06\/WhatsApp-Video-2020-06-02-at-11.49.44.mp4\">https:\/\/www.radiopiu.net\/wordpress\/wp-content\/uploads\/2020\/06\/WhatsApp-Video-2020-06-02-at-11.49.44.mp4<\/a><\/video><\/div>\n<p>&nbsp;<\/p>\n<p>&nbsp;<\/p>\n<p>&nbsp;<\/p>\n","protected":false},"excerpt":{"rendered":"<p>LA VALLE Ezio questa mattina 2 giugno giorno di festa infrasettimanale \u00e8 partito da casa dopo aver caricato la famiglia, la motosega per fare ordine nel bosco e la farina per la polenta. M\u00e8ta Malga Foca sopra il paese che si raggiunge in auto. E invece dopo Conaggia non solo ha trovato la transenna ad&hellip;<\/p>\n","protected":false},"author":1,"featured_media":141949,"comment_status":"closed","ping_status":"closed","sticky":false,"template":"","format":"standard","meta":{"_monsterinsights_skip_tracking":false,"_monsterinsights_sitenote_active":false,"_monsterinsights_sitenote_note":"","_monsterinsights_sitenote_category":0,"footnotes":""},"categories":[49],"tags":[],"class_list":["post-141944","post","type-post","status-publish","format-standard","has-post-thumbnail","hentry","category-news-18","category-49","description-off"],"img_url":"https:\/\/www.radiopiu.net\/wordpress\/wp-content\/uploads\/2020\/06\/WhatsApp-Image-2020-06-02-at-11.46.26.jpeg","_links":{"self":[{"href":"https:\/\/www.radiopiu.net\/wordpress\/wp-json\/wp\/v2\/posts\/141944","targetHints":{"allow":["GET"]}}],"collection":[{"href":"https:\/\/www.radiopiu.net\/wordpress\/wp-json\/wp\/v2\/posts"}],"about":[{"href":"https:\/\/www.radiopiu.net\/wordpress\/wp-json\/wp\/v2\/types\/post"}],"author":[{"embeddable":true,"href":"https:\/\/www.radiopiu.net\/wordpress\/wp-json\/wp\/v2\/users\/1"}],"replies":[{"embeddable":true,"href":"https:\/\/www.radiopiu.net\/wordpress\/wp-json\/wp\/v2\/comments?post=141944"}],"version-history":[{"count":0,"href":"https:\/\/www.radiopiu.net\/wordpress\/wp-json\/wp\/v2\/posts\/141944\/revisions"}],"wp:featuredmedia":[{"embeddable":true,"href":"https:\/\/www.radiopiu.net\/wordpress\/wp-json\/wp\/v2\/media\/141949"}],"wp:attachment":[{"href":"https:\/\/www.radiopiu.net\/wordpress\/wp-json\/wp\/v2\/media?parent=141944"}],"wp:term":[{"taxonomy":"category","embeddable":true,"href":"https:\/\/www.radiopiu.net\/wordpress\/wp-json\/wp\/v2\/categories?post=141944"},{"taxonomy":"post_tag","embeddable":true,"href":"https:\/\/www.radiopiu.net\/wordpress\/wp-json\/wp\/v2\/tags?post=141944"}],"curies":[{"name":"wp","href":"https:\/\/api.w.org\/{rel}","templated":true}]}}