{"id":142038,"date":"2020-06-02T20:03:33","date_gmt":"2020-06-02T18:03:33","guid":{"rendered":"https:\/\/www.radiopiu.net\/wordpress\/?p=142038"},"modified":"2020-06-02T20:03:33","modified_gmt":"2020-06-02T18:03:33","slug":"due-interventi-in-montagna-6","status":"publish","type":"post","link":"https:\/\/www.radiopiu.net\/wordpress\/due-interventi-in-montagna-6\/","title":{"rendered":"DUE INTERVENTI IN MONTAGNA"},"content":{"rendered":"<p><strong><a class=\"dt-pswp-item\" href=\"https:\/\/www.radiopiu.net\/wordpress\/wp-content\/uploads\/2018\/08\/soccorsoalpino.jpg\" data-dt-img-description=\"\" data-large_image_width=\"1200\" data-large_image_height=\"1200\"><img loading=\"lazy\" decoding=\"async\" class=\"size-medium wp-image-59164 alignleft\" src=\"https:\/\/www.radiopiu.net\/wordpress\/wp-content\/uploads\/2018\/08\/soccorsoalpino-300x300.jpg\" alt=\"\" width=\"300\" height=\"300\" srcset=\"https:\/\/www.radiopiu.net\/wordpress\/wp-content\/uploads\/2018\/08\/soccorsoalpino-300x300.jpg 300w, https:\/\/www.radiopiu.net\/wordpress\/wp-content\/uploads\/2018\/08\/soccorsoalpino-150x150.jpg 150w, https:\/\/www.radiopiu.net\/wordpress\/wp-content\/uploads\/2018\/08\/soccorsoalpino-768x768.jpg 768w, https:\/\/www.radiopiu.net\/wordpress\/wp-content\/uploads\/2018\/08\/soccorsoalpino-1024x1024.jpg 1024w, https:\/\/www.radiopiu.net\/wordpress\/wp-content\/uploads\/2018\/08\/soccorsoalpino.jpg 1200w\" sizes=\"auto, (max-width: 300px) 100vw, 300px\" \/><\/a>BELLUNO<\/strong> Alle 15 circa il Soccorso alpino di Belluno \u00e8 intervenuto in supporto all&#8217;ambulanza per un incidente lungo il sentiero che porta ai Brent de l&#8217;Art, a Borgo Valbelluna. G.P., 67 anni, di Santa Giustina (BL), che si trovava con la figlia non distante dalla strada sterrata, era infatti scivolata sbattendo la testa. La donna \u00e8 stata raggiunta dal personale sanitario e da un soccorritore che le hanno prestato le prime cure, mentre sopraggiungeva una squadra in jeep, ed \u00e8 stata trasportata all&#8217;ospedale di Belluno con un possibile lieve trauma cranico. Alle 17.20 la Centrale del 118 ha poi allertato il Soccorso alpino dell&#8217;Alpago per un escursionista in difficolt\u00e0 lungo la Ferrata Costacurta sul Monte Teverone, nel comune di Chies d&#8217;Alpago. F.B., 30 anni, di Sandrigo (VI), stava affrontando l&#8217;itinerario attrezzato con un amico che lo precedeva, quando il compagno \u00e8 andato avanti e lui, trovandosi in un passaggio pi\u00f9 impegnativo con un tratto innevato, non si \u00e8 fidato ad avanzare e ha chiesto aiuto. L&#8217;elicottero del Suem di Pieve di Cadore ha imbarcato un soccorritore per guidare l&#8217;equipaggio sulla ferrata e, una volta individuato l&#8217;uomo a 2.200 metri di quota, ha calato il tecnico di elisoccorso che lo ha recuperato con un verricello di 5 metri per poi trasportarlo a Casera Crosetta. Altri due soccorritori nel frattempo si sono portati a Casera Venal per verificare che l&#8217;amico non avesse problemi nel rientro e gli sono andati incontro.<\/p>\n","protected":false},"excerpt":{"rendered":"<p>BELLUNO Alle 15 circa il Soccorso alpino di Belluno \u00e8 intervenuto in supporto all&#8217;ambulanza per un incidente lungo il sentiero che porta ai Brent de l&#8217;Art, a Borgo Valbelluna. G.P., 67 anni, di Santa Giustina (BL), che si trovava con la figlia non distante dalla strada sterrata, era infatti scivolata sbattendo la testa. La donna&hellip;<\/p>\n","protected":false},"author":4,"featured_media":59164,"comment_status":"closed","ping_status":"closed","sticky":false,"template":"","format":"standard","meta":{"_monsterinsights_skip_tracking":false,"_monsterinsights_sitenote_active":false,"_monsterinsights_sitenote_note":"","_monsterinsights_sitenote_category":0,"footnotes":""},"categories":[49],"tags":[],"class_list":["post-142038","post","type-post","status-publish","format-standard","has-post-thumbnail","hentry","category-news-18","category-49","description-off"],"img_url":"https:\/\/www.radiopiu.net\/wordpress\/wp-content\/uploads\/2018\/08\/soccorsoalpino.jpg","_links":{"self":[{"href":"https:\/\/www.radiopiu.net\/wordpress\/wp-json\/wp\/v2\/posts\/142038","targetHints":{"allow":["GET"]}}],"collection":[{"href":"https:\/\/www.radiopiu.net\/wordpress\/wp-json\/wp\/v2\/posts"}],"about":[{"href":"https:\/\/www.radiopiu.net\/wordpress\/wp-json\/wp\/v2\/types\/post"}],"author":[{"embeddable":true,"href":"https:\/\/www.radiopiu.net\/wordpress\/wp-json\/wp\/v2\/users\/4"}],"replies":[{"embeddable":true,"href":"https:\/\/www.radiopiu.net\/wordpress\/wp-json\/wp\/v2\/comments?post=142038"}],"version-history":[{"count":0,"href":"https:\/\/www.radiopiu.net\/wordpress\/wp-json\/wp\/v2\/posts\/142038\/revisions"}],"wp:featuredmedia":[{"embeddable":true,"href":"https:\/\/www.radiopiu.net\/wordpress\/wp-json\/wp\/v2\/media\/59164"}],"wp:attachment":[{"href":"https:\/\/www.radiopiu.net\/wordpress\/wp-json\/wp\/v2\/media?parent=142038"}],"wp:term":[{"taxonomy":"category","embeddable":true,"href":"https:\/\/www.radiopiu.net\/wordpress\/wp-json\/wp\/v2\/categories?post=142038"},{"taxonomy":"post_tag","embeddable":true,"href":"https:\/\/www.radiopiu.net\/wordpress\/wp-json\/wp\/v2\/tags?post=142038"}],"curies":[{"name":"wp","href":"https:\/\/api.w.org\/{rel}","templated":true}]}}