{"id":142150,"date":"2020-06-03T10:58:42","date_gmt":"2020-06-03T08:58:42","guid":{"rendered":"https:\/\/www.radiopiu.net\/wordpress\/?p=142150"},"modified":"2020-06-03T09:00:42","modified_gmt":"2020-06-03T07:00:42","slug":"oggi-la-rassegna-stampa-labbiamo-aperta-cosi-24","status":"publish","type":"post","link":"https:\/\/www.radiopiu.net\/wordpress\/oggi-la-rassegna-stampa-labbiamo-aperta-cosi-24\/","title":{"rendered":"OGGI LA RASSEGNA STAMPA L&#8217;ABBIAMO APERTA&#8230;COSI&#8217;"},"content":{"rendered":"<blockquote>\n<h3>DOPO TRE MESI UN GIORNO SENZA DECESSI. OGGI RIAPRONO I CONFINI REGIONALI CI SI SPOSTA IN TUTTO IL PAESE SENZA RESTRIZIONI. A ORE LA NUOVA ORDINANZA PER GLI ASILI NIDO.\u00a0 IL DIRETTORE DELLA ULSS DOLOMITI ADRIANO RASI CALDOGNO PREMIATO CON 28 MILA EURO, FLOR &#8220;BOCCIATO&#8221; DOVRA&#8217; ACCONTENTARSI DI 22MILA EURO OLTRE AL NORMALE STIPENDIO DI DIRETTORE D&#8217;AZIENDA.<\/h3>\n<\/blockquote>\n<p><strong>di Mirko Mezzacasa<\/strong><\/p>\n<p><img decoding=\"async\" class=\"alignleft\" src=\"https:\/\/www.radiopiu.net\/wordpress\/wp-content\/uploads\/2018\/07\/caldogno.jpg\" \/>Per la prima volta dall&#8217;inizio dell&#8217;epidemia, nel Veneto un giorno intero senza alcun decesso di Covid19. IerI sera nel bollettino delle 17 la colonna dei morti ha riportato il dato &#8220;zero&#8221; che ferma la conta delle vittime a 1921.\u00a0 A Venezia il Governo regionale \u00e8 al lavoro per\u00a0 presentare la nuova ordinanza che aprir\u00e0 gli asilo nido <em> &#8220;Spero &#8211; ha detto Zaia- si risolva la partita a vantaggio dei pi\u00f9 piccoli. Noi abbiamo gi\u00e0 approvato le linee guida ma dal Governo tutto tace e non possiamo aspettare all&#8217;infinito, siamo pronti a rischiare per andare incontro alla famiglie che hanno necessit\u00e0 di risolvere questo problema&#8221;.<\/em>\u00a0 Continua la pressione su Roma affinch\u00e9 i mezzi pubblici possano circolare a pieno carico e non al 50 per cento come sta accadendo in questi giorni con i passeggeri lasciati a terra e il caos trasporti.\u00a0Sui trasporti ieri \u00e8 invece intervenuto l&#8217;assessore Elena De Berti <em>&#8220;Se oggi ci sono i treni per ricorrere anche alle corse straordinarie a settembre con la riapertura delle scuole non sar\u00e0 cos\u00ec. La soluzione \u00e8 togliere il distanziamento sociale rendendo obbligatoria la mascherina a bordo dei mezzi&#8221;.<\/em> Critiche le opposizioni che chiedono la validazione degli scienziati non trovando corretto ammainare la bandiera del distanziamento sociale che ha sventolato per tutta la quarantena. Scoppia la &#8220;grana&#8221; Flor. Il direttore dell&#8217;ospedale di Padova Luciano Flor \u00e8 stato eletto come peggior direttore generale della Regione e per questo il premio sar\u00e0 &#8220;solo&#8221; di oltre 22 mila euro per quest&#8217;anno. <em>&#8220;I manager &#8211; ha detto Zaia rispondendo ai giornalisti\u00a0 &#8211; gli ho scelti io e Flor resta al suo posto e se vuole andare via sar\u00e0 una sua scelta&#8221;<\/em>. Al primo posto della classifica dei migliori direttori Adriano Rasi Caldogno della Ulss1 Dolomiti premiato con 28mila euro (FOTO).<strong>I NUMERI\u00a0 IN VENETO:<\/strong> TOTALE POSITIVI 19164\u00a0 (+9)\u00a0 ATTUALMENTE POSITIVI 1396\u00a0 (-61)\u00a0 DECESSI 1921 (+0)\u00a0 NEGATIVIZZATI 15847\u00a0 \u00a0(+70)\u00a0 IN ISOLAMENTO 1311\u00a0 (-283)\u00a0 RICOVERATI 378\u00a0 (-2 105 POSITIVI, 273 NEGATIVIZZATI) NEGLI OSPEDALI DI COMUNITA\u2019 48 (-0)\u00a0 \u00a0(10 POSITIVI, 38 NEGATIVIZZATI), IN TERAPIA INTENSIVA UNO IN MENO RISPETTO A SABATO: 26 (5 POSITIVI, 21 NEGATIVIZZATI). <strong>I NUMERI IN PROVINCIA:<\/strong>\u00a0TOTALE CONTAGI 1172 (+1) , 1 POSITIVO NELLE ULTIME 24 ORE, ATTUALMENTE POSITIVI 95 (-1) , DECEDUTI 110, NEGATIVIZZATI 967 (+8) ISOLAMENTO DOMICILIARE 174\u00a0 (-16) RICOVERATI IN OSPEDALE AL SAN MARTINO 4.<\/p>\n<p>&nbsp;<\/p>\n","protected":false},"excerpt":{"rendered":"<p>DOPO TRE MESI UN GIORNO SENZA DECESSI. OGGI RIAPRONO I CONFINI REGIONALI CI SI SPOSTA IN TUTTO IL PAESE SENZA RESTRIZIONI. A ORE LA NUOVA ORDINANZA PER GLI ASILI NIDO.\u00a0 IL DIRETTORE DELLA ULSS DOLOMITI ADRIANO RASI CALDOGNO PREMIATO CON 28 MILA EURO, FLOR &#8220;BOCCIATO&#8221; DOVRA&#8217; ACCONTENTARSI DI 22MILA EURO OLTRE AL NORMALE STIPENDIO DI&hellip;<\/p>\n","protected":false},"author":1,"featured_media":54939,"comment_status":"closed","ping_status":"closed","sticky":false,"template":"","format":"standard","meta":{"_monsterinsights_skip_tracking":false,"_monsterinsights_sitenote_active":false,"_monsterinsights_sitenote_note":"","_monsterinsights_sitenote_category":0,"footnotes":""},"categories":[49],"tags":[],"class_list":["post-142150","post","type-post","status-publish","format-standard","has-post-thumbnail","hentry","category-news-18","category-49","description-off"],"img_url":"https:\/\/www.radiopiu.net\/wordpress\/wp-content\/uploads\/2018\/07\/caldogno.jpg","_links":{"self":[{"href":"https:\/\/www.radiopiu.net\/wordpress\/wp-json\/wp\/v2\/posts\/142150","targetHints":{"allow":["GET"]}}],"collection":[{"href":"https:\/\/www.radiopiu.net\/wordpress\/wp-json\/wp\/v2\/posts"}],"about":[{"href":"https:\/\/www.radiopiu.net\/wordpress\/wp-json\/wp\/v2\/types\/post"}],"author":[{"embeddable":true,"href":"https:\/\/www.radiopiu.net\/wordpress\/wp-json\/wp\/v2\/users\/1"}],"replies":[{"embeddable":true,"href":"https:\/\/www.radiopiu.net\/wordpress\/wp-json\/wp\/v2\/comments?post=142150"}],"version-history":[{"count":0,"href":"https:\/\/www.radiopiu.net\/wordpress\/wp-json\/wp\/v2\/posts\/142150\/revisions"}],"wp:featuredmedia":[{"embeddable":true,"href":"https:\/\/www.radiopiu.net\/wordpress\/wp-json\/wp\/v2\/media\/54939"}],"wp:attachment":[{"href":"https:\/\/www.radiopiu.net\/wordpress\/wp-json\/wp\/v2\/media?parent=142150"}],"wp:term":[{"taxonomy":"category","embeddable":true,"href":"https:\/\/www.radiopiu.net\/wordpress\/wp-json\/wp\/v2\/categories?post=142150"},{"taxonomy":"post_tag","embeddable":true,"href":"https:\/\/www.radiopiu.net\/wordpress\/wp-json\/wp\/v2\/tags?post=142150"}],"curies":[{"name":"wp","href":"https:\/\/api.w.org\/{rel}","templated":true}]}}