{"id":142157,"date":"2020-06-04T05:53:32","date_gmt":"2020-06-04T03:53:32","guid":{"rendered":"https:\/\/www.radiopiu.net\/wordpress\/?p=142157"},"modified":"2020-06-04T09:38:09","modified_gmt":"2020-06-04T07:38:09","slug":"giornale-radiopiu-04-giugno-2020-direttore-mirko-mezzacasa","status":"publish","type":"post","link":"https:\/\/www.radiopiu.net\/wordpress\/giornale-radiopiu-04-giugno-2020-direttore-mirko-mezzacasa\/","title":{"rendered":"GIORNALE RADIOPIU 04 GIUGNO 2020 DIRETTORE MIRKO MEZZACASA"},"content":{"rendered":"<h3><strong>PER RICEVERE QUESTO NOTIZIARIO DIRETTAMENTE SUL TUO CELLULARE ISCRIVITI AL CANALE TELEGRAM\u00a0<\/strong><strong>\u201cRADIO PIU\u00a0 INFORMAZIONE\u201d\u00a0<\/strong><\/h3>\n<p>&nbsp;<\/p>\n<hr \/>\n<p>&nbsp;<\/p>\n<p style=\"text-align: center;\"><em><strong>LA CONFERENZA STAMPA DEL PRESIDENTE DEL CONSIGLIO GIUSEPPE CONTE<\/strong><\/em><\/p>\n<p>Da ieri ok a spostamenti tra regioni e paesi UE, senza quarantena. <em>&#8220;Ora fare i conti con\u00a0emergenza economica e sociale. \u201cIl virus\u00a0non \u00e8 scomparso\u201c, \u201cfacciamo attenzione: le uniche misure efficaci contro il virus sono\u00a0distanziamento fisico e uso, ove necessario delle mascherine. Abbandonare queste precauzioni \u00e8 una grave leggerezza\u201d; \u2022 \u201cCi rendiamo conto dei ritardi. Di questi ritardi ho chiesto gi\u00e0 scusa e\u00a0stiamo intervenendo per pagare pi\u00f9 velocemente\u00a0bonus e ammortizzatori sociali\u201d; \u2022 \u201cQuesta crisi deve essere\u00a0un\u2019occasione per superare i problemi strutturali e ridisegnare il Paese\u201c<\/em><\/p>\n<p><iframe loading=\"lazy\" title=\"Conferenza stampa del Presidente Conte\" width=\"1200\" height=\"675\" src=\"https:\/\/www.youtube.com\/embed\/MOojBn46tIU?feature=oembed\" frameborder=\"0\" allow=\"accelerometer; autoplay; clipboard-write; encrypted-media; gyroscope; picture-in-picture\" allowfullscreen><\/iframe><\/p>\n<p>&nbsp;<\/p>\n<hr \/>\n<p>&nbsp;<\/p>\n<div class=\"page-title-head hgroup\">\n<blockquote>\n<h3 class=\"entry-title\">INCIDENTE SUL LAVORO, OPERAIO DI VENETO STRADE COLPITO AL VOLTO DALLO SFALCIA ERBA<\/h3>\n<\/blockquote>\n<\/div>\n<div class=\"page-title-breadcrumbs\"><img loading=\"lazy\" decoding=\"async\" class=\"wp-image-142270 alignleft jetpack-lazy-image jetpack-lazy-image--handled\" src=\"https:\/\/i1.wp.com\/www.radiopiu.net\/wordpress\/wp-content\/uploads\/2020\/06\/download-1.jpg?resize=170%2C128&amp;ssl=1\" alt=\"\" width=\"170\" height=\"128\" data-recalc-dims=\"1\" data-lazy-loaded=\"1\" \/><strong>QUERO VAS<\/strong>\u00a0 Incidente sul lavoro ieri lungo la provinciale 21 in via Nazionale. Un operaio di 58 anni, O.R. dipendente di Veneto Strade \u00e8 stato colpito in pieno volto dalla barra falciante del mezzo che stava manovrando. Un fermo si \u00e8 sganciato accidentalmente dal\u00a0 macchinario causando l\u2019incidente. L\u2019umo \u00e8 stato portato in ospedale dove gli \u00e8 stato diagnosticato un trauma facciale con ferita lacero-contusa e frattura delle ossa nasali. La prognosi \u00e8 di 25 giorni. Sul posto il 118 con i sanitari dell\u2019ospedale del Pronto Soccorso di Feltre e i Carabinieri per i rilievi di legge.<\/div>\n<div><\/div>\n<div><\/div>\n<div><\/div>\n<div><\/div>\n<blockquote>\n<div><\/div>\n<\/blockquote>\n<div>\n<hr \/>\n<\/div>\n<div><\/div>\n<div><\/div>\n<blockquote>\n<div><\/div>\n<h3>INCENDIO ALL&#8217;IMPIANTO DI RICICLAGGIO RIFIUTI A MASEROT DI SANTA GIUSTINA<\/h3>\n<\/blockquote>\n<div><strong>SANTA GIUSTINA\u00a0<\/strong>I Vigili del Fuoco di Belluno sono intervenuti nel pomeriggio di ieri per un incendio che ha coinvolto due container per la produzione di energia elettrica presso l&#8217;impianto di riciclaggio di rifiuti in localit\u00e0 Maserot di Santa Giustina, nessuno \u00e8 rimasto ferito tra le persone in servizio che hanno dato l&#8217;allarme facendo intervenire i pompieri.\u00a0 Intervento iniziato verso le 15 e conclusosi due ore dopo. I Vigili del Fuoco sono intervenuti con una autopompa, una autobotte e un pick-up. Danni per decine di migliaia d&#8217;euro, fuori uso due cogeneratori alimentati da biogas autoprodotto nell&#8217;impianto stesso. Uno dei due ha preso fuoco probabilmente a causa dell&#8217;alimentazione che ha mandato in crisi l&#8217;impianto.<\/div>\n<div>\n<p><a class=\"dt-pswp-item\" href=\"https:\/\/www.radiopiu.net\/wordpress\/wp-content\/uploads\/2020\/06\/1-scaled.jpg\" data-dt-img-description=\"\" data-large_image_width=\"2560\" data-large_image_height=\"1920\"><img loading=\"lazy\" decoding=\"async\" class=\"alignnone wp-image-142289\" src=\"https:\/\/www.radiopiu.net\/wordpress\/wp-content\/uploads\/2020\/06\/1-300x225.jpg\" alt=\"\" width=\"256\" height=\"192\" srcset=\"https:\/\/www.radiopiu.net\/wordpress\/wp-content\/uploads\/2020\/06\/1-300x225.jpg 300w, https:\/\/www.radiopiu.net\/wordpress\/wp-content\/uploads\/2020\/06\/1-1024x768.jpg 1024w, https:\/\/www.radiopiu.net\/wordpress\/wp-content\/uploads\/2020\/06\/1-768x576.jpg 768w, https:\/\/www.radiopiu.net\/wordpress\/wp-content\/uploads\/2020\/06\/1-1536x1152.jpg 1536w, https:\/\/www.radiopiu.net\/wordpress\/wp-content\/uploads\/2020\/06\/1-2048x1536.jpg 2048w\" sizes=\"auto, (max-width: 256px) 100vw, 256px\" \/><\/a><a class=\"dt-pswp-item\" href=\"https:\/\/www.radiopiu.net\/wordpress\/wp-content\/uploads\/2020\/06\/2-scaled.jpg\" data-dt-img-description=\"\" data-large_image_width=\"2560\" data-large_image_height=\"1920\"><img loading=\"lazy\" decoding=\"async\" class=\"alignnone wp-image-142290\" src=\"https:\/\/www.radiopiu.net\/wordpress\/wp-content\/uploads\/2020\/06\/2-300x225.jpg\" alt=\"\" width=\"259\" height=\"194\" srcset=\"https:\/\/www.radiopiu.net\/wordpress\/wp-content\/uploads\/2020\/06\/2-300x225.jpg 300w, https:\/\/www.radiopiu.net\/wordpress\/wp-content\/uploads\/2020\/06\/2-1024x768.jpg 1024w, https:\/\/www.radiopiu.net\/wordpress\/wp-content\/uploads\/2020\/06\/2-768x576.jpg 768w, https:\/\/www.radiopiu.net\/wordpress\/wp-content\/uploads\/2020\/06\/2-1536x1152.jpg 1536w, https:\/\/www.radiopiu.net\/wordpress\/wp-content\/uploads\/2020\/06\/2-2048x1536.jpg 2048w\" sizes=\"auto, (max-width: 259px) 100vw, 259px\" \/><\/a><\/p>\n<p>&nbsp;<\/p>\n<\/div>\n<p>&nbsp;<\/p>\n<p>&nbsp;<\/p>\n<blockquote><p>&nbsp;<\/p><\/blockquote>\n<div>\n<hr \/>\n<p>&nbsp;<\/p>\n<\/div>\n<blockquote>\n<h3>BOSCAIOLO INVESTITO DA UNA PIANTA<\/h3>\n<\/blockquote>\n<p><strong><a class=\"dt-pswp-item\" href=\"https:\/\/www.radiopiu.net\/wordpress\/wp-content\/uploads\/2020\/06\/ELICOTTERO-SUEM.jpg\" data-dt-img-description=\"\" data-large_image_width=\"1368\" data-large_image_height=\"765\"><img loading=\"lazy\" decoding=\"async\" class=\"size-medium wp-image-142190 alignleft\" src=\"https:\/\/www.radiopiu.net\/wordpress\/wp-content\/uploads\/2020\/06\/ELICOTTERO-SUEM-300x168.jpg\" alt=\"\" width=\"300\" height=\"168\" srcset=\"https:\/\/www.radiopiu.net\/wordpress\/wp-content\/uploads\/2020\/06\/ELICOTTERO-SUEM-300x168.jpg 300w, https:\/\/www.radiopiu.net\/wordpress\/wp-content\/uploads\/2020\/06\/ELICOTTERO-SUEM-1024x573.jpg 1024w, https:\/\/www.radiopiu.net\/wordpress\/wp-content\/uploads\/2020\/06\/ELICOTTERO-SUEM-768x429.jpg 768w, https:\/\/www.radiopiu.net\/wordpress\/wp-content\/uploads\/2020\/06\/ELICOTTERO-SUEM.jpg 1368w\" sizes=\"auto, (max-width: 300px) 100vw, 300px\" \/><\/a>BELLUNO <\/strong>Ieri attorno alle 9 l&#8217;elicottero del Suem di Pieve di Cadore \u00e8 decollato in direzione del Col di Roanza, per un incidente durante lavori nei boschi. M.D.A., 53 anni, di Belluno, era infatti stato colpito da una pianta appena tagliata e aveva riportato un probabile politrauma. Il personale medico e il tecnico di elisoccorso, sbarcati nelle vicinanze, hanno subito prestato le prime cure urgenti al boscaiolo. Una volta imbarellato, l&#8217;infortunato \u00e8 stato trasportato all&#8217;elicottero atterrato poco distante e decollato in direzione dell&#8217;ospedale di Treviso. Sul posto un volontario del Soccorso alpino di Belluno in supporto alle operazioni.<\/p>\n<p>&nbsp;<\/p>\n<p>&nbsp;<\/p>\n<p>&nbsp;<\/p>\n<blockquote><p>&nbsp;<\/p><\/blockquote>\n<hr \/>\n<p>&nbsp;<\/p>\n<blockquote>\n<h3>INCIDENTE AD AGORDO VICINO ALLA ROTATORIA DEI VIGILI DEL FUOCO<\/h3>\n<\/blockquote>\n<p><strong>AGORDO\u00a0<\/strong>Nessun ferito nell&#8217;incidente avvenuto sulla tangenziale di Agordo nei pressi della caserma dei Vigili del Fuoco in localit\u00e0 Brugnach, dopo la rotatoria in direzione di Agordo. Il giovane alla guida della Toyota ha perso il controllo dell&#8217;auto finita prima sul marciapiede e poi diritta tra palo della luce e recinzione di casa Cassisi. Fortuna ha voluto che non ci fosse nessun pedone in transito sul marciapiede. Ingenti i danni all&#8217;auto, il guidatore si \u00e8 ritrovato avvolto tra gli airbag ed \u00e8 poi sceso autonomamente prendendo coscienza dei danni. &#8220;A uscire dai cancelli della casa c&#8217;\u00e8 da avere paura visto che pare che la rotonda sia una rampa di lancio e non un sistema di rallentamento&#8221; ricorda il proprietario dell&#8217;abitazione che da sulla regionale 346 del Duran e Cereda.<\/p>\n<p><a class=\"dt-pswp-item\" href=\"https:\/\/www.radiopiu.net\/wordpress\/wp-content\/uploads\/2020\/06\/94565b6a-63fc-45e7-b321-3c11d659a7b8.jpg\" data-dt-img-description=\"\" data-large_image_width=\"768\" data-large_image_height=\"1024\"><img loading=\"lazy\" decoding=\"async\" class=\"alignnone wp-image-142204\" src=\"https:\/\/www.radiopiu.net\/wordpress\/wp-content\/uploads\/2020\/06\/94565b6a-63fc-45e7-b321-3c11d659a7b8-225x300.jpg\" alt=\"\" width=\"179\" height=\"238\" srcset=\"https:\/\/www.radiopiu.net\/wordpress\/wp-content\/uploads\/2020\/06\/94565b6a-63fc-45e7-b321-3c11d659a7b8-225x300.jpg 225w, https:\/\/www.radiopiu.net\/wordpress\/wp-content\/uploads\/2020\/06\/94565b6a-63fc-45e7-b321-3c11d659a7b8.jpg 768w\" sizes=\"auto, (max-width: 179px) 100vw, 179px\" \/><\/a><a class=\"dt-pswp-item\" href=\"https:\/\/www.radiopiu.net\/wordpress\/wp-content\/uploads\/2020\/06\/2cd8b5e6-1f2d-4651-8af8-1917baae45f2.jpg\" data-dt-img-description=\"\" data-large_image_width=\"2048\" data-large_image_height=\"1536\"><img loading=\"lazy\" decoding=\"async\" class=\"alignnone wp-image-142207\" src=\"https:\/\/www.radiopiu.net\/wordpress\/wp-content\/uploads\/2020\/06\/2cd8b5e6-1f2d-4651-8af8-1917baae45f2-300x225.jpg\" alt=\"\" width=\"319\" height=\"239\" srcset=\"https:\/\/www.radiopiu.net\/wordpress\/wp-content\/uploads\/2020\/06\/2cd8b5e6-1f2d-4651-8af8-1917baae45f2-300x225.jpg 300w, https:\/\/www.radiopiu.net\/wordpress\/wp-content\/uploads\/2020\/06\/2cd8b5e6-1f2d-4651-8af8-1917baae45f2-1024x768.jpg 1024w, https:\/\/www.radiopiu.net\/wordpress\/wp-content\/uploads\/2020\/06\/2cd8b5e6-1f2d-4651-8af8-1917baae45f2-768x576.jpg 768w, https:\/\/www.radiopiu.net\/wordpress\/wp-content\/uploads\/2020\/06\/2cd8b5e6-1f2d-4651-8af8-1917baae45f2-1536x1152.jpg 1536w, https:\/\/www.radiopiu.net\/wordpress\/wp-content\/uploads\/2020\/06\/2cd8b5e6-1f2d-4651-8af8-1917baae45f2.jpg 2048w\" sizes=\"auto, (max-width: 319px) 100vw, 319px\" \/><\/a><\/p>\n<p>&nbsp;<\/p>\n<p>&nbsp;<\/p>\n<p>&nbsp;<\/p>\n<blockquote><p>&nbsp;<\/p><\/blockquote>\n<hr \/>\n<p>&nbsp;<\/p>\n<blockquote>\n<h3>AGORDO PROGETTA PER QUASI 100 MILA EURO, ALL&#8217;ORIZZONTE IL RECUPERO DELLE EX OFFICINE DEI CONGEGNATORI<\/h3>\n<\/blockquote>\n<p><strong><a class=\"dt-pswp-item\" href=\"https:\/\/www.radiopiu.net\/wordpress\/wp-content\/uploads\/2020\/05\/AGORDO-CONGENIATORI.jpg\" data-dt-img-description=\"\" data-large_image_width=\"299\" data-large_image_height=\"168\"><img loading=\"lazy\" decoding=\"async\" class=\" wp-image-141284 alignleft\" src=\"https:\/\/www.radiopiu.net\/wordpress\/wp-content\/uploads\/2020\/05\/AGORDO-CONGENIATORI.jpg\" alt=\"\" width=\"182\" height=\"102\" \/><\/a>AGORDO<\/strong> Oltre 96 mila euro per le progettazioni, dall&#8217;area in prossimit\u00e0 della caserma dei vigili del fuoco alle ex officine di via Molin dei Cot, uno stabile che sar\u00e0 reso disponibile alle associazioni di volontariato (Soccorso Alpino e Protezione Civile) mentre l&#8217;area dei vigili del fuoco torner\u00e0 utile per i mezzi dell&#8217;Auser. Ma ci sono poi altri importanti progetti presentanti nel Dup, come ricordato dal vice sindaco Giulio Favretti, tra questi i lavori a Malga Framont anche grazie ai finanziamenti dello Sviluppo Rurale.<\/p>\n<p><strong>AUDIO DAL CONSIGLIO COMUNALE, L&#8217;ASSESSORE AI LAVORI PUBBLICI GIULIO FAVRETTI<\/strong><\/p>\n<audio class=\"wp-audio-shortcode\" id=\"audio-142157-1\" preload=\"none\" style=\"width: 100%;\" controls=\"controls\"><source type=\"audio\/mpeg\" src=\"https:\/\/www.radiopiu.net\/wordpress\/wp-content\/uploads\/2020\/05\/OFFICINE-CONGE.mp3?_=1\" \/><a href=\"https:\/\/www.radiopiu.net\/wordpress\/wp-content\/uploads\/2020\/05\/OFFICINE-CONGE.mp3\">https:\/\/www.radiopiu.net\/wordpress\/wp-content\/uploads\/2020\/05\/OFFICINE-CONGE.mp3<\/a><\/audio>\n<p>&nbsp;<\/p>\n<p>&nbsp;<\/p>\n<p>&nbsp;<\/p>\n<blockquote><p>&nbsp;<\/p><\/blockquote>\n<hr \/>\n<p>&nbsp;<\/p>\n<blockquote>\n<h3>METEO. FINO A VENERD\u00cc 5 GIUGNO STATO DI ATTENZIONE NEL VENETO PER PRECIPITAZIONI E POSSIBILI TEMPORALI INTENSI<\/h3>\n<\/blockquote>\n<p><strong><a class=\"dt-pswp-item\" href=\"https:\/\/www.radiopiu.net\/wordpress\/wp-content\/uploads\/2018\/08\/instabilita.jpg\" data-dt-img-description=\"\" data-large_image_width=\"1280\" data-large_image_height=\"768\"><img loading=\"lazy\" decoding=\"async\" class=\"size-medium wp-image-57488 alignleft\" src=\"https:\/\/www.radiopiu.net\/wordpress\/wp-content\/uploads\/2018\/08\/instabilita-300x180.jpg\" alt=\"\" width=\"300\" height=\"180\" srcset=\"https:\/\/www.radiopiu.net\/wordpress\/wp-content\/uploads\/2018\/08\/instabilita-300x180.jpg 300w, https:\/\/www.radiopiu.net\/wordpress\/wp-content\/uploads\/2018\/08\/instabilita-768x461.jpg 768w, https:\/\/www.radiopiu.net\/wordpress\/wp-content\/uploads\/2018\/08\/instabilita-1024x614.jpg 1024w, https:\/\/www.radiopiu.net\/wordpress\/wp-content\/uploads\/2018\/08\/instabilita.jpg 1280w\" sizes=\"auto, (max-width: 300px) 100vw, 300px\" \/><\/a>VENEZIA\u00a0<\/strong>In riferimento alla situazione meteorologica attesa sul territorio, al fine di garantire un monitoraggio costante della situazione e la massima prontezza operativa del Sistema Regionale di Protezione Civile, il Centro Funzionale Decentrato della Regione ha emesso un avviso di criticit\u00e0 idrogeologica, decretando lo stato di \u201cattenzione\u201d fino a venerd\u00ec 5 giugno in tutti i bacini idrografici del Veneto.<\/p>\n<p>Queste le previsioni:\u00a0<i>Tra gioved\u00ec e venerd\u00ec tempo instabile, anche perturbato tra il pomeriggio\/sera di gioved\u00ec e il mattino di venerd\u00ec, quando le precipitazioni saranno estese e frequenti, pi\u00f9 consistenti sulle zone centro settentrionali con quantitativi anche abbondanti specie su zone montane\/pedemontane. I fenomeni saranno spesso a carattere di rovescio e temporale e localmente potranno risultare intensi. Nel pomeriggio di venerd\u00ec tempo ancora instabile, con dei rovesci e temporali ma pi\u00f9 discontinui e irregolari; fenomeni in attenuazione e cessazione in serata.<\/i><\/p>\n<p>&nbsp;<\/p>\n<p>&nbsp;<\/p>\n<p>&nbsp;<\/p>\n<blockquote><p>&nbsp;<\/p><\/blockquote>\n<hr \/>\n<p>&nbsp;<\/p>\n<div class=\"page-title-head hgroup\">\n<blockquote>\n<h3 class=\"entry-title\">APP IMMUNI IN VENETO? \u201cNON NE VOGLIAMO SAPERE, QUI SI LAVORA SULLA BIO SORVEGLIANZA\u201d<\/h3>\n<\/blockquote>\n<\/div>\n<div class=\"page-title-breadcrumbs\">\n<p><strong class=\"photoswipe-wrapper\"><img loading=\"lazy\" decoding=\"async\" class=\"wp-image-142275 alignleft jetpack-lazy-image jetpack-lazy-image--handled\" src=\"https:\/\/i0.wp.com\/www.radiopiu.net\/wordpress\/wp-content\/uploads\/2020\/06\/download-2.jpg?resize=196%2C110&amp;ssl=1\" alt=\"\" width=\"196\" height=\"110\" data-recalc-dims=\"1\" data-lazy-loaded=\"1\" \/>VENEZIA<\/strong> Infuria la polemica sulla App Immuni, per il governatore del Veneto Luca Zaia avventura senza valore, molto meglio la bio sorveglianza fatta in casa. <em>\u201cCe l\u2019abbiamo pronta, ma non vogliamo sovrapposizioni\u201d<\/em><\/p>\n<h3>L\u2019INTERVENTO DI ZAIA<\/h3>\n<audio class=\"wp-audio-shortcode\" id=\"audio-142157-2\" preload=\"none\" style=\"width: 100%;\" controls=\"controls\"><source type=\"audio\/mpeg\" src=\"https:\/\/www.radiopiu.net\/wordpress\/wp-content\/uploads\/2020\/06\/ZAIA-APP-IMMUNI.mp3?_=2\" \/><a href=\"https:\/\/www.radiopiu.net\/wordpress\/wp-content\/uploads\/2020\/06\/ZAIA-APP-IMMUNI.mp3\">https:\/\/www.radiopiu.net\/wordpress\/wp-content\/uploads\/2020\/06\/ZAIA-APP-IMMUNI.mp3<\/a><\/audio>\n<p>&nbsp;<\/p>\n<hr \/>\n<p>&nbsp;<\/p>\n<p>&nbsp;<\/p>\n<p>&nbsp;<\/p>\n<blockquote>\n<h3>SCHIAFFEGGIATI DAGLI AUSTRIACI. RIECCO TRAFFICO E CODE DELLA DOMENICA, DA CONFINDUSTRIA L&#8217;APPELLO A RECUPERARE I RITARDI. ANCORA DECESSI IN VENETO, 10 IN UN GIORNO, UN NUOVO RICOVERO AL SAN MARTINO DI BELLUNO. FINALMENTE UN EVENTO: EL BON DE L&#8217;ANSUDA A FALCADE NON E&#8217; STATO CANCELLATO DAL CALENDARIO.<\/h3>\n<\/blockquote>\n<p><strong>di Mirko Mezzacasa<\/strong><br \/>\n<a class=\"dt-pswp-item\" href=\"https:\/\/www.radiopiu.net\/wordpress\/wp-content\/uploads\/2020\/06\/83028209_559358591439383_2574980610762211328_o.jpg\" data-dt-img-description=\"\" data-large_image_width=\"679\" data-large_image_height=\"960\"><img loading=\"lazy\" decoding=\"async\" class=\"size-medium wp-image-142294 alignleft\" src=\"https:\/\/www.radiopiu.net\/wordpress\/wp-content\/uploads\/2020\/06\/83028209_559358591439383_2574980610762211328_o-212x300.jpg\" alt=\"\" width=\"212\" height=\"300\" srcset=\"https:\/\/www.radiopiu.net\/wordpress\/wp-content\/uploads\/2020\/06\/83028209_559358591439383_2574980610762211328_o-212x300.jpg 212w, https:\/\/www.radiopiu.net\/wordpress\/wp-content\/uploads\/2020\/06\/83028209_559358591439383_2574980610762211328_o.jpg 679w\" sizes=\"auto, (max-width: 212px) 100vw, 212px\" \/><\/a>L&#8217;Austria non apre all&#8217;Italia, confini chiusi per gli appestati italici diversamente dagli altri sette Paesi con cui confina. Dura la reazione del Premier Conte, del Ministri Di Maio e dell&#8217;Unione Europea che invita a non discriminare. L&#8217;Italia \u00e8 ripartita, affollamento negli aeroporti, stazioni e luoghi di villeggiatura. Confini riaperti ed in autostrada A4 ritornano le code e gli incidenti, tanti i mezzi in movimento per consegnare merci ferme da mesi. Domenica code anche nel bellunese, soprattutto sulla strada per Cortina e la presidente degli industriali Lorraine Berton ribadisce la necessit\u00e0 di realizzare nuove opere pubbliche anche approfittando del possibile spostamento della Coppa del Mondo di sci di un anno <em>&#8220;Recuperiamo il tempo perduto, i clamorosi ritardi &#8211; dice la Berton &#8211; facciamolo ora o mai pi\u00f9&#8221;.\u00a0<\/em>Cresce la protesta contro Dolomitibus che non ha ancora scelto di ripartire ma limita le corse ancora dimezzate del 50%, giusta la critica di Doglioni presidente di Confcommercio <em>&#8220;Anche i commercianti guadagnano meno del solito ma hanno comunque deciso di rimanere aperti per fornire un servizio alla popolazione&#8221;<\/em> Raffronto indiscutibile soprattutto se si pensa che quello della Dolomitibus \u00e8 un servizio pubblico o almeno definito tale mentre la Filt non firma l&#8217;ulteriore richiesta di Cassa Integrazione. Sulla App Immuni il Veneto alza le barricate mentre 1 milione di italiani l&#8217;applicazione l&#8217;ha gi\u00e0 scaricata sul proprio telefono, sar\u00e0 attiva da lunedi. Contro la app il presidente della Regione Luca Zaia: <em>&#8220;Rischia di mettere in crisi la nostra sanit\u00e0. Nel momento in cui arriva al cittadino la segnalazione di probabile positivit\u00e0 con l&#8217;invito di andare dal medico di base non sappiamo quali saranno le conseguenze. Molti potrebbero essere i cittadini che ricorreranno al medico di base anche senza motivo coperti dall&#8217;anonimato&#8221;<\/em> Dal Quirinale il Presidente delle Repubblica\u00a0 concede a 57 medici, infermieri\u00a0 e colontari d&#8217;italia l&#8217;onoreficenza di Cavaliere della Repubblica. Poco pi\u00f9 di 50 in un Paese che di volontari e &#8220;angeli&#8221; della crisi ne conta a centinaia anche nella sola provincia di Belluno dove per Mattarella non ci sarebbero uomini e donne da premiare.\u00a0 In questi mesi la nostra pagina degli appuntamenti ha riportato solo eventi cancellati, oggi al contrario anticipiamo l&#8217;evento che si far\u00e0: tra 15 giorni sulla piana di Falcade albergatori e rifugisti proporranno El bon de l&#8217;ansuda con <span class=\"text_exposed_show\">Mirco Tancon, che spiegher\u00e0 l&#8217;affascinante mondo delle api e molte altre sorprese che saranno svelate a giorni\u00a0 come \u00a0il mercatino di prodotti bellunesi, la lettura animata per bambini, la dimostrazione del taglio di albero e la passeggiata alla scoperta delle erbe spontaneecon con l&#8217;accortezza di\u00a0 <\/span>mantenere le distanze\u00a0 nel caso non fosse possibile indossare la mascherina. In Veneto tornano i decessi, dieci in un solo giorno, 4 all&#8217;ospedale di Treviso, 6 nelle case di riposo. In provincia un nuovo ricovero all&#8217;ospedale San Martino dopo i giorni in cui i pazienti sono invece calati giorno per giorno fino ad azzerare i ricoveri tanto all&#8217;ospedale di Agordo che in quello di comunit\u00e0 a Belluno.\u00a0 <strong>I NUMERI\u00a0 IN VENETO:<\/strong>\u00a0TOTALE POSITIVI 19 66\u00a0 \u00a0(+2)\u00a0 ATTUALMENTE POSITIVI\u00a0 1376\u00a0 (-20)\u00a0 DECESSI 1931\u00a0 (+10)\u00a0 NEGATIVIZZATI 15859\u00a0 (+12) IN ISOLAMENTO 1267\u00a0 \u00a0(-44)\u00a0 RICOVERATI 371\u00a0 (-7 105 POSITIVI, 266 NEGATIVIZZATI), NEGLI OSPEDALI DI COMUNITA\u2019 46 (-2)\u00a0 \u00a0(10 POSITIVI, 36 NEGATIVIZZATI), IN TERAPIA INTENSIVA 21 (-5, 2 POSITIVI, 19 NEGATIVIZZATI).\u00a0<strong>I NUMERI IN PROVINCIA:<\/strong>\u00a0TOTALE CONTAGI 1173 (+1) , 1 POSITIVO NELLE ULTIME 24 ORE, ATTUALMENTE POSITIVI 95 (0) , DECEDUTI 110, NEGATIVIZZATI 968 (+1) ISOLAMENTO DOMICILIARE 157\u00a0 (-17) RICOVERATI IN OSPEDALE AL SAN MARTINO 5 (1 IN PIU\u2019 NELLE ULTIME 24 ORE9.<\/p>\n<hr \/>\n<hr \/>\n<p>&nbsp;<\/p>\n<p>&nbsp;<\/p>\n<p>&nbsp;<\/p>\n<blockquote>\n<h3>VIABILIT\u00c0 BELLUNESE IN TILT NELLA FESTA DELLA REPUBBLICA: \u201cNON CE LO POSSIAMO PERMETTERE. LE INFRASTRUTTURE? ORA O MAI PI\u00d9!\u201d<\/h3>\n<\/blockquote>\n<p><strong><a class=\"dt-pswp-item\" href=\"https:\/\/www.radiopiu.net\/wordpress\/wp-content\/uploads\/2019\/10\/Lorraine_Berton-1.jpg\" data-dt-img-description=\"\" data-large_image_width=\"767\" data-large_image_height=\"768\"><img loading=\"lazy\" decoding=\"async\" class=\"size-medium wp-image-104180 alignleft\" src=\"https:\/\/www.radiopiu.net\/wordpress\/wp-content\/uploads\/2019\/10\/Lorraine_Berton-1-300x300.jpg\" alt=\"\" width=\"300\" height=\"300\" srcset=\"https:\/\/www.radiopiu.net\/wordpress\/wp-content\/uploads\/2019\/10\/Lorraine_Berton-1-300x300.jpg 300w, https:\/\/www.radiopiu.net\/wordpress\/wp-content\/uploads\/2019\/10\/Lorraine_Berton-1-150x150.jpg 150w, https:\/\/www.radiopiu.net\/wordpress\/wp-content\/uploads\/2019\/10\/Lorraine_Berton-1.jpg 767w\" sizes=\"auto, (max-width: 300px) 100vw, 300px\" \/><\/a>BELLUNO\u00a0<\/strong>\u201c<em>Finito il lockdown, alla prima prova di una stagione estiva complessa, la viabilit\u00e0 bellunese \u00e8 andata in tilt. Non ce lo possiamo davvero permettere. Le infrastrutture? Ora o mai pi\u00f9<\/em>\u201d.\u00a0A dirlo \u00e8 la presidente di Confindustria Belluno Dolomiti Lorraine Berton. \u201cLe lunghe code di ieri sull\u2019Alemagna e in A27 ci dicono che gli interventi risolutivi sono ancora in alto mare, che si procede a rilento, che il nostro gap infrastrutturale rischia di diventare una voragine incolmabile\u201d.\u00a0\u201c<em>Se \u00e8 vero che questo \u00e8 il momento del coraggio e delle scelte radicali, allora le infrastrutture sono la priorit\u00e0 in Italia e, a maggior ragione, nei territori montani come quello bellunese<\/em>\u201d.\u00a0Berton ricorda le determinazioni che \u2013 quasi un anno fa \u2013 erano state condivise dal Tavolo delle Infrastrutture della Provincia di Belluno, come la necessit\u00e0 di uno sbocco a nord e il miglioramento della viabilit\u00e0 intervalliva.\u00a0\u201c<em>Il mio appello \u00e8 rivolto a tutti i livelli istituzionali, dal Governo alla Regione, passando per l\u2019Europa, dove si stanno definendo le linee strategiche per i prossimi anni. Si faccia una programmazione seria e si mettano risorse vere, ciascuno per la propria parte. La crisi da pandemia ci ha gi\u00e0 enormemente provati, non possiamo rimanere fermi ad aspettare che le cose si risolvano da sole<\/em>\u201d.\u00a0Berton ricorda il caso dei Mondiali di sci di Cortina, per cui si \u00e8 chiesto lo slittamento al 2022 causa Covid: \u201c<em>Questa eventuale proroga dovr\u00e0 spingere tutti gli enti coinvolti ad accelerare sul fronte delle opere programmate gi\u00e0 in spaventoso ritardo. Non farlo sarebbe davvero imperdonabile, un pessimo segnale per chi crede nel rilancio di questo territorio<\/em>\u201d.\u00a0\u201c<em>Collegamenti veloci e sicuri, sostenibili e tecnologici, servono alla nostra economia \u2013 manifattura e turismo in primis \u2013 ma ancora di pi\u00f9\u00a0a chi in montagna abita e vorrebbe rimanere\u201d, la conclusione di Berton. \u201cIl Covid19 ci ha insegnato quanto la libert\u00e0 di movimento sia un bene assoluto, una necessit\u00e0 per le persone e le imprese. Si faccia presto, adesso davvero non ci sono pi\u00f9 alibi<\/em>\u201d.<\/p>\n<p>&nbsp;<\/p>\n<p>&nbsp;<\/p>\n<p>&nbsp;<\/p>\n<hr \/>\n<\/div>\n<blockquote class=\"wp-embedded-content\" data-secret=\"CAyyFJ8Lti\"><p><a href=\"https:\/\/www.radiopiu.net\/wordpress\/coronavirus-aggiornamento-nazionale-03-giugno\/\">CORONAVIRUS: AGGIORNAMENTO NAZIONALE 03 GIUGNO<\/a><\/p><\/blockquote>\n<p><iframe loading=\"lazy\" title=\"&#8220;CORONAVIRUS: AGGIORNAMENTO NAZIONALE 03 GIUGNO&#8221; &#8212; Radio Pi\u00f9\" class=\"wp-embedded-content\" sandbox=\"allow-scripts\" security=\"restricted\" style=\"position: absolute; clip: rect(1px, 1px, 1px, 1px);\" src=\"https:\/\/www.radiopiu.net\/wordpress\/coronavirus-aggiornamento-nazionale-03-giugno\/embed\/#?secret=CAyyFJ8Lti\" data-secret=\"CAyyFJ8Lti\" width=\"600\" height=\"338\" frameborder=\"0\" marginwidth=\"0\" marginheight=\"0\" scrolling=\"no\"><\/iframe><\/p>\n<p>&nbsp;<\/p>\n<hr \/>\n<p>&nbsp;<\/p>\n<blockquote class=\"wp-embedded-content\" data-secret=\"gpwGYxF3Z1\"><p><a href=\"https:\/\/www.radiopiu.net\/wordpress\/aggiornamento03\/\">BOLLETTINO DELLE 17: IL RITORNO DEI DECESSI, 4 IN OSPEDALE, 6 NELLE STRUTTURE EXTRAOSPEDALIERE<\/a><\/p><\/blockquote>\n<p><iframe loading=\"lazy\" title=\"&#8220;BOLLETTINO DELLE 17: IL RITORNO DEI DECESSI, 4 IN OSPEDALE, 6 NELLE STRUTTURE EXTRAOSPEDALIERE&#8221; &#8212; Radio Pi\u00f9\" class=\"wp-embedded-content\" sandbox=\"allow-scripts\" security=\"restricted\" style=\"position: absolute; clip: rect(1px, 1px, 1px, 1px);\" src=\"https:\/\/www.radiopiu.net\/wordpress\/aggiornamento03\/embed\/#?secret=gpwGYxF3Z1\" data-secret=\"gpwGYxF3Z1\" width=\"600\" height=\"338\" frameborder=\"0\" marginwidth=\"0\" marginheight=\"0\" scrolling=\"no\"><\/iframe><\/p>\n<p><a class=\"dt-pswp-item\" href=\"https:\/\/www.radiopiu.net\/wordpress\/wp-content\/uploads\/2020\/06\/dpc-covid19-ita-scheda-regioni-20200603.jpg\" data-dt-img-description=\"\" data-large_image_width=\"1754\" data-large_image_height=\"1240\"><img loading=\"lazy\" decoding=\"async\" class=\"alignnone wp-image-142266 size-large\" src=\"https:\/\/www.radiopiu.net\/wordpress\/wp-content\/uploads\/2020\/06\/dpc-covid19-ita-scheda-regioni-20200603-1024x724.jpg\" alt=\"\" width=\"1024\" height=\"724\" srcset=\"https:\/\/www.radiopiu.net\/wordpress\/wp-content\/uploads\/2020\/06\/dpc-covid19-ita-scheda-regioni-20200603-1024x724.jpg 1024w, https:\/\/www.radiopiu.net\/wordpress\/wp-content\/uploads\/2020\/06\/dpc-covid19-ita-scheda-regioni-20200603-300x212.jpg 300w, https:\/\/www.radiopiu.net\/wordpress\/wp-content\/uploads\/2020\/06\/dpc-covid19-ita-scheda-regioni-20200603-768x543.jpg 768w, https:\/\/www.radiopiu.net\/wordpress\/wp-content\/uploads\/2020\/06\/dpc-covid19-ita-scheda-regioni-20200603-1536x1086.jpg 1536w, https:\/\/www.radiopiu.net\/wordpress\/wp-content\/uploads\/2020\/06\/dpc-covid19-ita-scheda-regioni-20200603.jpg 1754w\" sizes=\"auto, (max-width: 1024px) 100vw, 1024px\" \/><\/a><\/p>\n<p>&nbsp;<\/p>\n<hr \/>\n<p>&nbsp;<\/p>\n<blockquote>\n<h3>DATI E GRAFICI DEL GIORNO, PROVINCIA \u2013 REGIONE 03 GIUGNO 2020<\/h3>\n<\/blockquote>\n<p><strong>Con la collaborazione di Tiziano De Col<\/strong><\/p>\n<p><a class=\"dt-pswp-item\" href=\"https:\/\/www.radiopiu.net\/wordpress\/wp-content\/uploads\/2020\/06\/Schermata-2020-06-03-alle-19.04.05.png\" data-dt-img-description=\"\" data-large_image_width=\"810\" data-large_image_height=\"448\"><img loading=\"lazy\" decoding=\"async\" class=\"alignnone wp-image-142277\" src=\"https:\/\/www.radiopiu.net\/wordpress\/wp-content\/uploads\/2020\/06\/Schermata-2020-06-03-alle-19.04.05-300x166.png\" alt=\"\" width=\"376\" height=\"208\" srcset=\"https:\/\/www.radiopiu.net\/wordpress\/wp-content\/uploads\/2020\/06\/Schermata-2020-06-03-alle-19.04.05-300x166.png 300w, https:\/\/www.radiopiu.net\/wordpress\/wp-content\/uploads\/2020\/06\/Schermata-2020-06-03-alle-19.04.05-768x425.png 768w, https:\/\/www.radiopiu.net\/wordpress\/wp-content\/uploads\/2020\/06\/Schermata-2020-06-03-alle-19.04.05.png 810w\" sizes=\"auto, (max-width: 376px) 100vw, 376px\" \/><\/a><a class=\"dt-pswp-item\" href=\"https:\/\/www.radiopiu.net\/wordpress\/wp-content\/uploads\/2020\/06\/b1637143-a925-4688-a1a6-b638f67abd45.jpg\" data-dt-img-description=\"\" data-large_image_width=\"480\" data-large_image_height=\"335\"><img loading=\"lazy\" decoding=\"async\" class=\"alignnone size-medium wp-image-142278\" src=\"https:\/\/www.radiopiu.net\/wordpress\/wp-content\/uploads\/2020\/06\/b1637143-a925-4688-a1a6-b638f67abd45-300x209.jpg\" alt=\"\" width=\"300\" height=\"209\" srcset=\"https:\/\/www.radiopiu.net\/wordpress\/wp-content\/uploads\/2020\/06\/b1637143-a925-4688-a1a6-b638f67abd45-300x209.jpg 300w, https:\/\/www.radiopiu.net\/wordpress\/wp-content\/uploads\/2020\/06\/b1637143-a925-4688-a1a6-b638f67abd45.jpg 480w\" sizes=\"auto, (max-width: 300px) 100vw, 300px\" \/><\/a><a class=\"dt-pswp-item\" href=\"https:\/\/www.radiopiu.net\/wordpress\/wp-content\/uploads\/2020\/06\/180a98d4-e328-4c85-8257-271605f892cd.jpg\" data-dt-img-description=\"\" data-large_image_width=\"480\" data-large_image_height=\"375\"><img loading=\"lazy\" decoding=\"async\" class=\"alignnone size-medium wp-image-142279\" src=\"https:\/\/www.radiopiu.net\/wordpress\/wp-content\/uploads\/2020\/06\/180a98d4-e328-4c85-8257-271605f892cd-300x234.jpg\" alt=\"\" width=\"300\" height=\"234\" srcset=\"https:\/\/www.radiopiu.net\/wordpress\/wp-content\/uploads\/2020\/06\/180a98d4-e328-4c85-8257-271605f892cd-300x234.jpg 300w, https:\/\/www.radiopiu.net\/wordpress\/wp-content\/uploads\/2020\/06\/180a98d4-e328-4c85-8257-271605f892cd.jpg 480w\" sizes=\"auto, (max-width: 300px) 100vw, 300px\" \/><\/a><\/p>\n<p>&nbsp;<\/p>\n<p>&nbsp;<\/p>\n<hr \/>\n<p>&nbsp;<\/p>\n<h2>LEGGI LA CONFERENZA STAMPA DI LUCA ZAIA<\/h2>\n<p><em>Siamo pronti ad allentare ancora, lo faremo con la nuova ordinanza anche con le regole per gli asili nido 0-3 anni. Ai greci vorrei ricordare che si sono distratti nel pigiare il tasto on\/off, elimineranno i turisti italiani che in Grecia sono sempre andati e volevano tornare. Qui, oggi, stiamo morendo di incertezze. Ieri\u00a0 Stefano Bonaccini\u00a0 presidente della Conferenza delle Regioni ha sentito la diretta e ha appreso dell&#8217;arrivo della lettera di Zaia,\u00a0 il presidente sostiene che si debba valutare la possibilit\u00e0 di usare i mezzi pubblici con la capienza normale ed ordinaria come da omologazione con obbligo di mascherina.\u00a0<\/em><\/p>\n<p><strong>TRASPORTI<\/strong> Sto mandando una lettera a Bonaccini dove si valuti di usare i mezzi pubblici con la capienza da\u00a0 omologazione, per il cittadino l&#8217;obbligo della mascherina come da decreto per i luoghi chiusi. Questo permette di recuperare il 50 per cento della capienza. Non ci sono mezzi per rinfoltire le corse di autobus e treni e non ci sono vie d&#8217;uscita. A dire di no sono capaci tutti. Sono convinto che i colleghi presidenti sono d&#8217;accordo con me sui trasporti in sicurezza.\u00a0 <strong>ASSEMBRAMENTI<\/strong> Si \u00e8 scritto molto degli assembramenti, lo considero fisiologico oggi siamo pi\u00f9 attenti a quello che sta succedendo e non eravamo pi\u00f9 abituati alla gi\u00e0 fuori porta. Fare musica, ballare, ovverso discoteche all&#8217;aperto sono illegali.\u00a0 <strong>RICOVERI<\/strong> Oggi abbiamo 5 ricoveri in pi\u00f9 dopo giorni e giorni che nessuno entrava in ospedale. E&#8217; fondamentale usare la mascherina e ai complottisti che predicano di non metterla consiglio di lasciare il nome, gli mettiamo la scritta <em>warning<\/em> e lo aspettiamo in ospedale. L&#8217;invito \u00e8 di rispettare le regole. <strong>ORDINANZA<\/strong> Stiamo preparando le regole per la partita 0-3 anni, da 10 giorni abbiamo le linee guida approvate all&#8217;unanimit\u00e0 ma dal Governo non abbiamo risposte, avevamo chiesto di avallarle, non rispondono allora noi apriremo e ci assumeremo le responsabilit\u00e0. <strong>OSPITI<\/strong> Conto venerdi di avere un ospite autorevole della sanit\u00e0. DONAZIONE Siamo ormai prossimi ai 58 milioni di euro grazie agli oltre 38.700 donatori. Un&#8217;azienda vinicola ha donato 3000 bottiglie di vino ai reparti Covid.<\/p>\n<h2>DOMANDE<\/h2>\n<p><strong>SI TOLGONO LE MASCHERINE SI APRONO GLI ASILI NIDO DIFFICILE FAR PASSARE IL MESSAGGIO CHE E&#8217; ANCORA EMERGENZA\u00a0<\/strong> Parlo ai cittadini responsabili che devono rispettare le legge. Se entrano nel loop che \u00e8 finito tutto ed \u00e8 andato tutto bene sbagliano. Il virus ha perso la sua potenza ma c&#8217;\u00e8 e non posso andare a rimboccare le lenzuola ai cittadini che dormono scoperti e prendono il raffreddore. Noi diamo le indicazioni se poi qualcuno \u00e8 convinto sia una farsa di sbaglia e l&#8217;uso della mascherina \u00e8 fondamentale, inutile piangere quando si arriva in ospedale. Non siamo irresponsabili \u00e8 iniziata in tutto il mondo la fase 2 di convivenza, oppure l&#8217;altra possibilit\u00e0 era continuare il lockdown per mesi, anni in attesa che qualcuno ci dica che il covid19 \u00e8 scomparso definitivamente. Non chiedo pi\u00f9 repressione ma che il cittadino sia responsabile<\/p>\n<p><strong>ORDINANZA CENTRI ESTIVI 0-3 ANNI, COSA INTENTE PER ALLENTAMENTI ULTERIORI?<\/strong> Stiamo riflettendo su alcune linee guida che possono essere rivisitate. Gli albergatori chiedono colazioni a buffet servite non solo il pranzo o la cena. Vogliamo mettere in condizioni gli operatori di lavorare. Poi c&#8217;\u00e8 il tema della frontiere. I Greci li stiamo accompagnando prima o poi si ravvederanno la folgorazione sulla via di Damasco capita a tutti. il Governo greco ha sbagliato \u00e8 inamissibile il comportamento. In Austria hanno fondato l&#8217;associazione amici dell&#8217;Italia per chiedere l&#8217;apertura delle frontiere, hanno firmato anche i parlamentari. Spero che anche l&#8217;Austria si ravveda e immagino che arriveranno le attivit\u00e0. Poi c&#8217;\u00e8 il Ministro degli Esteri che fa il suo lavoro e dormiamo sonni tranquilli. Inutile andare in giro per il mondo per concordare aperture quando tra qualche settimana finisce la stagione. Erano da fare prima gli accordi non la prossima settimana.<\/p>\n<p><strong>EUROPA NON CI SIAMO<\/strong> Non stiamo rappresentando i nostri interessi a livello parlamentare. Dall&#8217;Italia bisogna portare un&#8217;istanza per un minimo coordinamento europeo. Non si aprono le frontiere per l&#8217;Italia ma si aprono corridoi, una vera sperequazione.<\/p>\n<p>N<strong>OMINE DEL PRESIDENTE DELLA REPUBBLICA\u00a0<\/strong> Noi non abbiamo segnalato nessuno, di storie di eroi in Veneto durante la pandemia ce ne sono state tante, tutti meriterebbero di essere segnalati.<\/p>\n<p><strong>PARCHI ANCORA CHIUSI<\/strong> Sono scelte dei sindaci noi abbiamo dato le linee guida.<\/p>\n<p><strong>NESSUNA DISCRIMINAZIONE NEGLI ALBERGHI PER GLI ANZIANI<\/strong> Spero non sia mai accaduto non \u00e8 un buon biglietto da visita<\/p>\n<p><strong>APP IMMUNI<\/strong> Non \u00e8 chiaro il bagaglio dei dati dove vada a finire, non si \u00e8 ben chiarito cosa accadr\u00e0: nel momento in cui a un tuo contatto arriva la positivit\u00e0 al cittadino arriva un messaggio di allerta che lo invita a recarsi dal medico per controllarsi. Noi non governiamo pi\u00f9\u00a0 e la Sanit\u00e0 regionale viene compromessa. E se qualcuno si presenta dal medico dicendo di aver ricevuto il messaggio e non \u00e8 vero? Hanno creato una App di altra tecnologia ma poco pratica per chi gestisce la Sanit\u00e0. Noi l&#8217;App\u00a0 come\u00a0 Regione Veneto ce l&#8217;abbiamo e bastata sulla biosorveglianza ma ancora non possiamo presentarla, non ci vogliamo sovrapporre non vogliamo dualismi con le istituzioni nazionali ma abbiamo delle necessit\u00e0 sanitarie.<\/p>\n<p><strong>VACCINI<\/strong> Noi prima della Lorenzin avevamo il piano di vaccinazione volontaria. Non la coercizione. Nell&#8217;atto volontario io mi vaccino.<\/p>\n<p>https:\/\/www.facebook.com\/zaiaufficiale\/videos\/344654639833917<\/p>\n<p>&nbsp;<\/p>\n<hr \/>\n<p>&nbsp;<\/p>\n<blockquote>\n<h3>&#8220;DE COCCIO&#8221;: SECONDO GIORNO CONSECUTIVO SENZA SANZIONI<\/h3>\n<\/blockquote>\n<p><strong>BELLUNO <\/strong>Per il secondo giorno consecutivo nessuna sanzione da parte delle Forze dell&#8217;Ordine. Questo \u00e8 il dato \u00a0della Prefettura di Belluno in base ai controlli per il contenimento del Covid-19. Sono 516 le persone controllate nel giorno della Festa della Repubblica, 1069 nei primi 2 giorni della settimana. Nessuna sanzione o chiusura temporanea anche per quanto riguarda le attivit\u00e0 commerciali. 161 gli esercizi controllati nell&#8217;ultima giornata.<\/p>\n<p><a class=\"dt-pswp-item\" href=\"https:\/\/www.radiopiu.net\/wordpress\/wp-content\/uploads\/2020\/06\/MONITORAGGIO_GIORNALIERO_DEI_SERVIZI_DI_CONTROLLO_DEL_02.06.2020.jpg\" data-dt-img-description=\"\" data-large_image_width=\"1240\" data-large_image_height=\"1754\"><img loading=\"lazy\" decoding=\"async\" class=\"alignnone wp-image-142164 \" src=\"https:\/\/www.radiopiu.net\/wordpress\/wp-content\/uploads\/2020\/06\/MONITORAGGIO_GIORNALIERO_DEI_SERVIZI_DI_CONTROLLO_DEL_02.06.2020-724x1024.jpg\" alt=\"\" width=\"283\" height=\"400\" srcset=\"https:\/\/www.radiopiu.net\/wordpress\/wp-content\/uploads\/2020\/06\/MONITORAGGIO_GIORNALIERO_DEI_SERVIZI_DI_CONTROLLO_DEL_02.06.2020-724x1024.jpg 724w, https:\/\/www.radiopiu.net\/wordpress\/wp-content\/uploads\/2020\/06\/MONITORAGGIO_GIORNALIERO_DEI_SERVIZI_DI_CONTROLLO_DEL_02.06.2020-212x300.jpg 212w, https:\/\/www.radiopiu.net\/wordpress\/wp-content\/uploads\/2020\/06\/MONITORAGGIO_GIORNALIERO_DEI_SERVIZI_DI_CONTROLLO_DEL_02.06.2020-768x1086.jpg 768w, https:\/\/www.radiopiu.net\/wordpress\/wp-content\/uploads\/2020\/06\/MONITORAGGIO_GIORNALIERO_DEI_SERVIZI_DI_CONTROLLO_DEL_02.06.2020-1086x1536.jpg 1086w, https:\/\/www.radiopiu.net\/wordpress\/wp-content\/uploads\/2020\/06\/MONITORAGGIO_GIORNALIERO_DEI_SERVIZI_DI_CONTROLLO_DEL_02.06.2020.jpg 1240w\" sizes=\"auto, (max-width: 283px) 100vw, 283px\" \/><\/a><\/p>\n<p>&nbsp;<\/p>\n<p>&nbsp;<\/p>\n<hr \/>\n<p>&nbsp;<\/p>\n<blockquote>\n<h3>RIPRISTINATA LA CONSEGNA DEI REFERTI CARTACEI. DA LUNED\u00cc 8 GIUGNO TUTTI I POMERIGGI<\/h3>\n<\/blockquote>\n<p><b><a class=\"dt-pswp-item\" href=\"https:\/\/www.radiopiu.net\/wordpress\/wp-content\/uploads\/2020\/03\/ULSS-1-DOLOMITI-LOGO.jpg\" data-dt-img-description=\"\" data-large_image_width=\"298\" data-large_image_height=\"219\"><img loading=\"lazy\" decoding=\"async\" class=\" wp-image-121256 alignleft\" src=\"https:\/\/www.radiopiu.net\/wordpress\/wp-content\/uploads\/2020\/03\/ULSS-1-DOLOMITI-LOGO.jpg\" alt=\"\" width=\"242\" height=\"178\" \/><\/a>BELLUNO <\/b>Da luned\u00ec 8 giugno 2020 i referti delle varie unit\u00e0 operative ospedaliere non scaricabili online, potranno essere ritirati dagli utenti presso le portinerie degli ospedali di Belluno, Agordo, Auronzo, Pieve di Cadore (cassa\/portineria), Feltre (nuova Hall), Lamon. L&#8217;orario per l&#8217;effettuazione del ritiro \u00e8: dal luned\u00ec alla domenica dalle ore 14 alle ore 19.I referti potranno comunque essere inviati per posta, su espressa richiesta dell&#8217;interessato e a suo carico.\u00a0Si ricorda che all\u2019accesso delle strutture ospedaliere \u00e8 presente un punto di controllo che verificher\u00e0 la temperatura, l\u2019uso della mascherina e l\u2019igiene delle mani.\u00a0Gli utenti devono sostare, al fine del ritiro dei referti, il minor tempo possibile nelle aree delle portinerie e non devono trattenersi in ospedale o accedere ai reparti.<\/p>\n<p>&nbsp;<\/p>\n<p>&nbsp;<\/p>\n<hr \/>\n<p>&nbsp;<\/p>\n<blockquote>\n<h3>AGENDA DIGITALE. MINISTRO PISANO INCONTRA COMMISSIONE SPECIALE. FORCOLIN, \u201cVA RICONOSCIUTO LAVORO CON ENTI LOCALI PER DIGITALIZZAZIONE. URGENTE COMPLETARE LA BANDA ULTRALARGA\u201d<\/h3>\n<\/blockquote>\n<p><strong><a class=\"dt-pswp-item\" href=\"https:\/\/www.radiopiu.net\/wordpress\/wp-content\/uploads\/2016\/06\/1435664065538_Forcolin_Gianluca-2.jpg\" data-dt-img-description=\"\" data-large_image_width=\"580\" data-large_image_height=\"800\"><img loading=\"lazy\" decoding=\"async\" class=\"size-medium wp-image-20331 alignleft\" src=\"https:\/\/www.radiopiu.net\/wordpress\/wp-content\/uploads\/2016\/06\/1435664065538_Forcolin_Gianluca-2-218x300.jpg\" alt=\"\" width=\"218\" height=\"300\" \/><\/a>VENEZIA\u00a0<\/strong>Ieri il Vicepresidente della Regione del Veneto Gianluca Forcolin \u00e8 intervenuto in Commissione Speciale Agenda Digitale delle Regioni che, nell\u2019occasione, ha incontrato il Ministro per l&#8217;Innovazione Paola Pisano. Tre le richieste specifiche avanzate dal Vicepresidente del Veneto.\u00a0\u201c<em>Chiediamo al Governo di\u00a0riconoscere il ruolo delle amministrazioni regionali che svolgono un ruolo fondamentale\u00a0per la digitalizzazione dei piccoli Comuni \u2013 ha spiegato Forcolin &#8211;<span class=\"Apple-converted-space\">\u00a0 <\/span>per questo non comprendiamo perch\u00e9 ogni tanto il Governo si rivolga direttamente ai Comuni, come fatto di recente in tema di pagamenti digitali, senza riconoscere gli investimenti e il ruolo che le amministrazioni Regionali, come il Veneto, stanno facendo da molti anni con la propria soluzione di MyPay<\/em>\u201d.\u00a0La seconda richiesta avanzata al Ministro riguarda la necessit\u00e0 di investire risorse specifiche nella digitalizzazione degli enti locali. \u201cChiediamo di emendare il decreto Rilancio \u2013 ha precisato Forcolin &#8211; per recuperare risorse da destinare ai progetti di digitalizzazione degli enti locali attraverso progettualit\u00e0 promosse dalle Regioni. Si tratta di un passaggio fondamentale che emergenza Covid19 ha accelerato.\u00a0Chiediamo al Governo di stanziare\u00a0risorse aggiuntive per la digitalizzazione, investendoli su aree specifiche come, ad esempio, il tema dei pagamenti sul quale da tempo la Commissione ha preparato un progetto specifico\u201d.\u00a0Infine, il Vicepresidente della Regione del Veneto ha puntualizzato una richiesta relativa alla realizzazione del piano nazionale per l\u2019estensione della rete di banda ultralarga (BUL).\u00a0\u201c<em>\u00c8 evidente a tutti quanto sia intollerabile il ritardo nei lavori di realizzazione della banda ultralarga &#8211; ha precisato Forcolin &#8211; non \u00e8 possibile che nelle Regioni pi\u00f9 avanzate d\u2019Italia (Piemonte, Lombardia e Veneto) il progetto BUL chiuda nel 2023 come ipotizzato. Il Veneto ha bisogno di connessione e di una rete adeguata subito, come gi\u00e0 scritto ed evidenziato dal collega Roberto Marcato alla Commissione. I cantieri in Veneto devono essere completati al pi\u00f9 presto. E, comunque, non oltre il 2022<\/em>\u201d.<\/p>\n<p>&nbsp;<\/p>\n<p>&nbsp;<\/p>\n<hr \/>\n<p>&nbsp;<\/p>\n<blockquote>\n<h3>AZZALIN (PD): \u201cRITIRATO IL PDL SULLA TRASFORMAZIONE DI AVEPA: NO A FORZATURE CONTROPRODUCENTI,\u00a0SERVE UN\u00a0 CONFRONTO CON LE CATEGORIE ECONOMICHE\u201d<\/h3>\n<\/blockquote>\n<p><strong><a class=\"dt-pswp-item\" href=\"https:\/\/www.radiopiu.net\/wordpress\/wp-content\/uploads\/2020\/04\/GRAZIANO-AZZALIN.jpg\" data-dt-img-description=\"\" data-large_image_width=\"287\" data-large_image_height=\"176\"><img loading=\"lazy\" decoding=\"async\" class=\"size-full wp-image-128505 alignleft\" src=\"https:\/\/www.radiopiu.net\/wordpress\/wp-content\/uploads\/2020\/04\/GRAZIANO-AZZALIN.jpg\" alt=\"\" width=\"287\" height=\"176\" \/><\/a>VENEZIA<\/strong> \u201cLa trasformazione di Avepa, da Agenzia per i pagamenti in agricoltura ad Agenzia che si occupa della gestione di tutti i fondi strutturali e degli strumenti finanziari a sostegno delle imprese per conto della Regione, non si pu\u00f2 risolvere in dieci minuti, togliendo la parola agricoltura dal nome e approvando in fretta e furia un Pdl senza neanche un minimo di audizioni. Siamo soddisfatti per il ritiro del progetto di legge, perch\u00e9 \u00e8 una materia che sta a cuore a tutti ed \u00e8 giusto che sia oggetto di una discussione vera con i soggetti interessati, a partire dalle categorie economiche\u201d. \u00c8 quanto afferma il consigliere del Partito Democratico Graziano Azzalin a margine della seduta odierna della Prima commissione dove \u00e8 stato illustrato il Pdl presentato dalla Giunta destinato a trasformare l\u2019Agenzia veneta per i pagamenti in agricoltura (Avepa) in Agenzia veneta per i\u00a0 pagamenti.\u00a0\u201cNon \u00e8 una modifica banale, ma sostanziale. Con questo provvedimento le viene assegnata la gestione totale dei fondi strutturali senza cambiarne la governance, come se improvvisamente un\u2019Agenzia nata come ente pagatore fosse in grado di fare qualsiasi cosa. Con la trasformazione si pongono in realt\u00e0 una serie di problemi, a partire dall\u2019oggettivo spostamento dell\u2019asse di intervento dal primario ad altri settori che avranno inevitabilmente un peso prevalente &#8211; spiega l\u2019esponente dem che a Palazzo Ferro Fini \u00e8 anche vicepresidente della commissione Agricoltura\u00a0 &#8211;\u00a0 E pensare che ci\u00f2 possa avvenire con una struttura apicale che fa capo a un direttore nominato dalla Giunta anzich\u00e9 attraverso un Cda scelto dal Consiglio \u00e8 sbagliato. A maggior ragione se facciamo il paragone con Veneto Sviluppo, di cui dovr\u00e0 prendere il posto a partire dal primo gennaio 2022, e con il suo tanto decantato know how: alla guida c\u2019\u00e8 sempre stato un Cda votato dal Consiglio\u201d. \u201cFare le audizioni \u00e8 il minimo sindacale &#8211; insiste Azzalin &#8211; affinch\u00e9 il nuovo ente sia un grado di sostituirsi al meglio al ruolo di Veneto Sviluppo, che negli anni ha saputo garantire un\u2019efficienza gestionale. Chiudere la partita in maniera frettolosa era un errore. Siamo soddisfatti che adesso l\u2019iter della legge proceda in maniera diversa\u201d.<\/p>\n<p>&nbsp;<\/p>\n<p>&nbsp;<\/p>\n<hr \/>\n<p>&nbsp;<\/p>\n<blockquote>\n<h3>COMMERCIO AMBULANTE, DE CARLO CHIEDE IL RINVIO DELLE CONCESSIONI<\/h3>\n<\/blockquote>\n<p><strong><a class=\"dt-pswp-item\" href=\"https:\/\/www.radiopiu.net\/wordpress\/wp-content\/uploads\/2020\/05\/Luca-De-Carlo.jpg\" data-dt-img-description=\"\" data-large_image_width=\"165\" data-large_image_height=\"228\"><img loading=\"lazy\" decoding=\"async\" class=\"size-full wp-image-138787 alignleft\" src=\"https:\/\/www.radiopiu.net\/wordpress\/wp-content\/uploads\/2020\/05\/Luca-De-Carlo.jpg\" alt=\"\" width=\"165\" height=\"228\" \/><\/a>ROMA <\/strong>In sostegno delle 195 mila piccole imprese che costituiscono il grande mondo del commercio ambulante, operanti in modo itinerante o con posto fisso in concessione nei mercati e nelle fiere, Fratelli d\u2019Italia ha presentato un\u2019interrogazione al Ministro per chiedere il rinvio della scadenza delle concessioni prevista per il 31 Dicembre 2020 in seguito all&#8217;emergenza sanitaria a tutela dei commercianti che rappresentano una fetta importantissima dell\u2019economia nazionale. Con le concessioni in scadenza le attivit\u00e0 ambulanti avranno difficolt\u00e0 ad accedere ai finanziamenti fino a 25.000 garantiti dallo Stato, poich\u00e9 il loro futuro \u00e8 gi\u00e0 fortemente compromesso per legge. &#8220;Il piccolo commercio \u00e8 di per s\u00e9 fortemente minacciato dalla concorrenza della grande distribuzione organizzata e dall\u2019e-commerce, oggi pi\u00f9 che mai dobbiamo mettere in campo tutti gli strumenti possibili per la salvaguardia delle attivit\u00e0 nazionali\u201d. E\u2019 quanto dichiara l\u2019On. Luca De Carlo, capo dipartimento Agricoltura e Eccellenze Italiane di Fratelli d\u2019Italia.<\/p>\n<p>&nbsp;<\/p>\n<p>&nbsp;<\/p>\n<hr \/>\n<p>&nbsp;<\/p>\n<blockquote>\n<h3>EMERSIONE DEI RAPPORTI DI LAVORO E RILASCIO DEL PERMESSO DI SOGGIORNO TEMPORANEO: LE INDICAZIONI PER I DATORI DI LAVORO ED I LAVORATORI<\/h3>\n<\/blockquote>\n<p><strong><a class=\"dt-pswp-item\" href=\"https:\/\/www.radiopiu.net\/wordpress\/wp-content\/uploads\/2015\/06\/Belluno_palazzo_rettori_prefettura.jpg\" data-dt-img-description=\"\" data-large_image_width=\"2560\" data-large_image_height=\"1920\"><img loading=\"lazy\" decoding=\"async\" class=\"size-medium wp-image-6463 alignleft\" src=\"https:\/\/www.radiopiu.net\/wordpress\/wp-content\/uploads\/2015\/06\/Belluno_palazzo_rettori_prefettura-300x225.jpg\" alt=\"\" width=\"300\" height=\"225\" \/><\/a>BELLUNO <\/strong>Hanno avuto inizio \u00a0le procedure per l&#8217;emersione dei rapporti di lavoro e il rilascio di permessi di soggiorno temporaneo. Gli interessati possono presentare le istanze fino al 15 luglio. Il decreto interministeriale\u00a0 disciplina le modalit\u00e0 per la presentazione delle domande di emersione di rapporti di lavoro dei cittadini extracomunitari, italiani e dell&#8217;Unione europea, e per le domande di permesso di soggiorno temporaneo.\u00a0 Ha previsto la possibilit\u00e0: per il datore di lavoro italiano o straniero di sottoscrivere un nuovo rapporto di lavoro subordinato o di dichiararne uno irregolarmente instaurato con cittadini italiani o stranieri presenti sul territorio nazionale prima dell\u20198 marzo 2020; per gli stranieri con permesso di soggiorno scaduto dal 31 ottobre 2019 di chiedere un permesso di soggiorno della durata di sei mesi. Non \u00e8 previsto un click day: le domande possono essere presentate fino al 15 luglio. <u>I settori interessati<\/u>: agricoltura, allevamento e zootecnia, pesca e acquacoltura e attivit\u00e0 connesse; assistenza alla persona per s\u00e9 stessi o per componenti della propria famiglia, anche non conviventi, affetti da patologie o handicap che ne limitino l&#8217;autosufficienza;lavoro domestico di sostegno al bisogno familiare.\u00a0<u>Le procedure.\u00a0 <\/u>Presso lo Sportello unico per l\u2019immigrazione istituito nelle prefetture: riguarda i datori di lavoro operanti nei settori indicati che presentano istanza in favore di cittadini extracomunitari. Le istanze sono presentate esclusivamente con modalit\u00e0 informatiche. Prima della presentazione della domanda il datore di lavoro dovr\u00e0 provvedere al pagamento del contributo forfettario, pari a\u00a0 500 euro per ciascun lavoratore. Presso le Questure. Gli stranieri irregolari con permesso di soggiorno scaduto dal 31 ottobre 2019, non rinnovato o convertito in altro titolo di soggiorno, e che prima di tale data hanno lavorato nei settori indicati, possono chiedere il rilascio di un permesso di soggiorno temporaneo, valido solo nel territorio nazionale, della durata di sei mesi decorrenti dalla data di presentazione dell\u2019istanza. Prima della presentazione della domanda il richiedente dovr\u00e0 provvedere al pagamento del contributo forfettario, pari a 130 euro. Occorre: essere in possesso di un passaporto o di altro documento equipollente; essere presente sul territorio nazionale alla data dell\u20198 marzo 2020; comprovare di aver svolto attivit\u00e0 di lavoro nei settori indicati con documentazione da esibire all\u2019atto della presentazione dell\u2019istanza.<\/p>\n<p>&nbsp;<\/p>\n<p>&nbsp;<\/p>\n<p>&nbsp;<\/p>\n<hr \/>\n<p>&nbsp;<\/p>\n<blockquote>\n<h3>SICUREZZA DI DIPENDENTI E UFFICI COMUNALI COVID-19, COSTITUITO IL COMITATO<\/h3>\n<\/blockquote>\n<p><strong><a class=\"dt-pswp-item\" href=\"https:\/\/www.radiopiu.net\/wordpress\/wp-content\/uploads\/2019\/07\/BELLUNO-2.jpeg\" data-dt-img-description=\"\" data-large_image_width=\"1200\" data-large_image_height=\"1599\"><img loading=\"lazy\" decoding=\"async\" class=\"size-medium wp-image-90473 alignleft\" src=\"https:\/\/www.radiopiu.net\/wordpress\/wp-content\/uploads\/2019\/07\/BELLUNO-2-225x300.jpeg\" alt=\"\" width=\"225\" height=\"300\" srcset=\"https:\/\/www.radiopiu.net\/wordpress\/wp-content\/uploads\/2019\/07\/BELLUNO-2-225x300.jpeg 225w, https:\/\/www.radiopiu.net\/wordpress\/wp-content\/uploads\/2019\/07\/BELLUNO-2-768x1024.jpeg 768w, https:\/\/www.radiopiu.net\/wordpress\/wp-content\/uploads\/2019\/07\/BELLUNO-2.jpeg 1200w\" sizes=\"auto, (max-width: 225px) 100vw, 225px\" \/><\/a>BELLUNO\u00a0<\/strong>La Giunta comunale ha dato il via alla costituzione del \u201cComitato per l&#8217;applicazione e la verifica del protocollo condiviso di regolazione delle misure per il contrasto e per il contenimento della diffusione del virus Covid-19 degli ambienti di lavoro\u201d, documento condiviso tra Governo e parti sociali lo scorso 24 aprile.\u00a0A spiegare l&#8217;attivit\u00e0 del Comitato \u00e8 l&#8217;assessore al personale, Francesca De Biasi: \u00ab<em>Si tratta un gruppo di lavoro che dovr\u00e0 verificare l&#8217;applicazione del protocollo di sicurezza anti-contagio, integrandolo se necessario con ulteriori indicazioni*specifiche per l&#8217;ambiente lavorativo, nel nostro caso il Comune di Belluno. Il DPCM del 26 aprile conteneva le misure urgenti di contenimento del contagio per lo svolgimento in sicurezza delle attivit\u00e0 non sanitarie ovvero le produttive, industriali e commerciali, includendo cos\u00ec tra gli ambienti di lavoro anche le amministrazioni pubbliche, e prevedeva la costituzione presso ogni azienda di un apposito Comitato per l\u2019applicazione e la verifica delle regole del protocollo di regolamentazione<\/em>\u00bb.\u00a0Il Comitato sar\u00e0 composto dal Sindaco &#8211; o un assessore delegato- dal &#8211; Responsabile Servizio Prevenzione e Protezione \u2013 RSPP; dal medico competente, dai Rappresentanti per la Sicurezza dei Lavoratori \u2013 RSL, dalle Rappresentanze Sindacali Aziendali (uno per ogni sigla presente nel Comune di Belluno), dal Responsabile Ufficio Personale e dal Responsabile Ufficio Sicurezza sul Lavoro.\u00a0Il Comune di Belluno ha scelto di incaricare come medico competente e come RSPP i professionisti che hanno gi\u00e0 un contratto con l&#8217;ente in materia di sicurezza, in quanto gi\u00e0 conoscitori della realt\u00e0 e della struttura comunale; l&#8217;incarico ha la durata di un anno e coster\u00e0 complessivamente 2000 euro.\u00a0\u00ab<em>Siamo alla vigilia di un&#8217;ulteriore apertura rispetto ai limiti imposti alla cittadinanza e ai lavoratori nei mesi precedenti. &#8211; conclude De Biasi &#8211; Al respiro di sollievo \u00e8 indispensabile abbinare anche un grande senso di responsabilit\u00e0, per non dimenticare quanto accaduto e per non vanificare quanto fatto in questo periodo. Unire gli sforzi e le attenzioni dei sindacati, dell&#8217;amministrazione, degli esperti e dei dipendenti sar\u00e0 una buona strategia per far sentire i dipendenti comunali, e di riflesso i cittadini che frequentano gli uffici pubblici, sicuri e partecipi di questo cambiamento<\/em>\u00bb.<\/p>\n<p>&nbsp;<\/p>\n<p>&nbsp;<\/p>\n<hr \/>\n<p>&nbsp;<\/p>\n<blockquote>\n<div class=\"page-title-head hgroup\">\n<h3 class=\"entry-title\">CINQUE INTERROGAZIONI DELLA MINORANZA, MARTEDI IL SINDACO RISPONDE<\/h3>\n<\/div>\n<div class=\"page-title-breadcrumbs\"><\/div>\n<\/blockquote>\n<p><strong class=\"photoswipe-wrapper\"><a class=\"dt-pswp-item pspw-wrap-ready\" href=\"https:\/\/i1.wp.com\/www.radiopiu.net\/wordpress\/wp-content\/uploads\/2020\/03\/MINUTO-SILENZIO-MUNICIPIO-ROCCA.jpg?ssl=1\" data-dt-img-description=\"\" data-large_image_width=\"1200\" data-large_image_height=\"1599\"><img loading=\"lazy\" decoding=\"async\" class=\"wp-image-126466 alignleft\" src=\"https:\/\/i1.wp.com\/www.radiopiu.net\/wordpress\/wp-content\/uploads\/2020\/03\/MINUTO-SILENZIO-MUNICIPIO-ROCCA.jpg?resize=132%2C176&amp;ssl=1\" sizes=\"auto, (max-width: 132px) 100vw, 132px\" srcset=\"https:\/\/i1.wp.com\/www.radiopiu.net\/wordpress\/wp-content\/uploads\/2020\/03\/MINUTO-SILENZIO-MUNICIPIO-ROCCA.jpg?resize=225%2C300&amp;ssl=1 225w, https:\/\/i1.wp.com\/www.radiopiu.net\/wordpress\/wp-content\/uploads\/2020\/03\/MINUTO-SILENZIO-MUNICIPIO-ROCCA.jpg?resize=768%2C1023&amp;ssl=1 768w, https:\/\/i1.wp.com\/www.radiopiu.net\/wordpress\/wp-content\/uploads\/2020\/03\/MINUTO-SILENZIO-MUNICIPIO-ROCCA.jpg?resize=1153%2C1536&amp;ssl=1 1153w, https:\/\/i1.wp.com\/www.radiopiu.net\/wordpress\/wp-content\/uploads\/2020\/03\/MINUTO-SILENZIO-MUNICIPIO-ROCCA.jpg?w=1200&amp;ssl=1 1200w\" alt=\"\" width=\"132\" height=\"176\" data-recalc-dims=\"1\" \/><\/a><a class=\"dt-pswp-item pspw-wrap-ready\" href=\"https:\/\/i1.wp.com\/www.radiopiu.net\/wordpress\/wp-content\/uploads\/2019\/07\/consiglio-rocca-2.jpeg?ssl=1\" data-dt-img-description=\"\" data-large_image_width=\"1600\" data-large_image_height=\"901\"><img loading=\"lazy\" decoding=\"async\" class=\" wp-image-92225 alignright\" src=\"https:\/\/i1.wp.com\/www.radiopiu.net\/wordpress\/wp-content\/uploads\/2019\/07\/consiglio-rocca-2.jpeg?resize=204%2C115&amp;ssl=1\" sizes=\"auto, (max-width: 204px) 100vw, 204px\" srcset=\"https:\/\/i1.wp.com\/www.radiopiu.net\/wordpress\/wp-content\/uploads\/2019\/07\/consiglio-rocca-2.jpeg?resize=300%2C169&amp;ssl=1 300w, https:\/\/i1.wp.com\/www.radiopiu.net\/wordpress\/wp-content\/uploads\/2019\/07\/consiglio-rocca-2.jpeg?resize=768%2C432&amp;ssl=1 768w, https:\/\/i1.wp.com\/www.radiopiu.net\/wordpress\/wp-content\/uploads\/2019\/07\/consiglio-rocca-2.jpeg?resize=1024%2C577&amp;ssl=1 1024w, https:\/\/i1.wp.com\/www.radiopiu.net\/wordpress\/wp-content\/uploads\/2019\/07\/consiglio-rocca-2.jpeg?w=1600&amp;ssl=1 1600w\" alt=\"\" width=\"204\" height=\"115\" data-recalc-dims=\"1\" \/><\/a>ROCCA PIETORE<\/strong> Martedi alle 15 nel corso del consiglio comunale il sindaco Andrea De Bernardin sar\u00e0 chiamato a rispondere a cinque interrogativi proposti dai gruppi di minoranza sui temi: 1) situazione della malga Gran Pian e Malga Franzedas; 2) messa in sicurezza della zona a valle e a monte degli sklift Arei1 e Arei 2 e della zona Crepe Rosse, Tabi\u00e0 Palazza, Valon d\u2019Antermoia anche sulla base degli sviluppi del progetto Marmolada-Unesco; 3) situazione dei Serrai di Sottoguda; situazione del campeggio di Malga Ciapela, stalloni Malga Ombretta e sentiero 610 per Val Ombretta; 4) espletamento lavori di rimozione di massi nel torrente Pettorina a Rocca Pietore; 5) messa in sicurezza del Ru de Sass Negher in localit\u00e0 Col di Rocca. Una seduta fiume quella di martedi, oltre alle cinque interrogazioni l\u2019ordine del giorno propone altri nove punti su cui deliberare. Variazione al bilancio in seguito dell\u2019emergenza covid19; approvazione rendiconto finanziario; approvazione regolamento Imu e relative aliquote 2020; approvazione bilancio di esercizio dell\u2019Azienda Speciale Consortile Agordina; rinnovo della convenzione con l\u2019Unione Montana per la gestione della piscina e palazzetto dello sport di via Lungorova; adesione all\u2019iniziativa apicoltura bene comune. Se non bastasse per chiudere i lavori ci saranno anche le comunicazioni del primo cittadino.<\/p>\n<p>&nbsp;<\/p>\n<p>&nbsp;<\/p>\n<hr \/>\n<p>&nbsp;<\/p>\n<p>&nbsp;<\/p>\n<p>&nbsp;<\/p>\n<blockquote>\n<h3 class=\"documentFirstHeading\">ARPA VENETO SEMPRE PI\u00d9 SMART E A SERVIZIO DELLE AZIENDE. NUOVO SISTEMA GESTIONALE CHE VELOCIZZA I PAGAMENTI<\/h3>\n<\/blockquote>\n<p class=\"documentFirstHeading\"><strong><span style=\"font-size: 14px;\"><a class=\"dt-pswp-item\" href=\"https:\/\/www.radiopiu.net\/wordpress\/wp-content\/uploads\/2015\/08\/logo_arpav.gif\" data-dt-img-description=\"\" data-large_image_width=\"504\" data-large_image_height=\"53\"><img loading=\"lazy\" decoding=\"async\" class=\"size-medium wp-image-8797 alignleft\" src=\"https:\/\/www.radiopiu.net\/wordpress\/wp-content\/uploads\/2015\/08\/logo_arpav-300x32.gif\" alt=\"\" width=\"300\" height=\"32\" \/><\/a>PADOVA <\/span><\/strong><span style=\"font-size: 14px; font-weight: normal;\">Migliorare ancor pi\u00f9 la tempestivit\u00e0 nei pagamenti che gi\u00e0 oggi colloca ARPAV tra gli enti con la maggior velocit\u00e0 di pagamenti con un risultato a chiusura 2019 pari a ben \u2013 12,76 giorni; digitalizzare i processi per rispondere sempre pi\u00f9 a criteri di efficienza ed efficacia, risparmiando sui tempi e sul personale informatizzando gli aspetti amministrativi contabili dell\u2019Agenzia finalizzati a diventare sempre pi\u00f9 Smart; Innovarsi anticipando i tempi al fine di dare piena aderenza ai moderni sistemi di pagamento elettronici per agevolare i cittadini nei pagamenti verso la PA che vedr\u00e0 la nostra Agenzia attuare appieno le disposizioni del D.L. n. 162 del 30\/12\/2019 utilizzando esclusivamente la piattaforma per i pagamenti verso le pubbliche amministrazioni con modalit\u00e0 telematiche (PAGOPA) dal 30 giugno 2020.\u00a0<\/span>\u201cSu questi presupposti\u201d dichiara il direttore generale di Arpav, Luca Marchesi \u201cterminata la necessaria fase di progettazione e preparazione, a circa tre anni dall\u2019avvio dell\u2019iniziativa, ARPAV dal prossimo 9 giugno inizier\u00e0 ad utilizzare un nuovo sistema gestionale, avviandone la parte amministrativo\/contabile. Il rinnovamento e lo sviluppo dell\u2019asset informatico di ARPAV \u00e8 stata una richiesta fortemente presente nella corrispondenza e nei gruppi di lavoro dedicati al percorso di ascolto verso il Piano 2024 e l\u2019avvio del nuovo applicativo AREAS, seppur programmato in precedenza, \u00e8 uno degli elementi che puntano con decisione in questa direzione.\u201d\u00a0In conclusione \u201cPuntare a migliorare e migliorarsi\u201d ribadisce il Direttore Generale \u201cnon pu\u00f2 prescindere da investimenti che si inseriscono nella trasformazione digitale del Paese, cosi come previsto dal Codice dell\u2019Amministrazione Digitale \u2013 decreto legislativo 7 marzo 2005, n. 82 per la digitalizzazione delle attivit\u00e0 e dei progetti rispetto ai quali ARPAV sta giocando la sua partita\u201d.<\/p>\n<p>&nbsp;<\/p>\n<p>&nbsp;<\/p>\n<hr \/>\n<p>&nbsp;<\/p>\n<blockquote>\n<h3>DONA 1 SORRISO \u00c8 \u201cON THE ROAD\u201d: LA SOLIDARIET\u00c0 DIVENTA ITINERANTE<\/h3>\n<\/blockquote>\n<p><strong><a class=\"dt-pswp-item\" href=\"https:\/\/www.radiopiu.net\/wordpress\/wp-content\/uploads\/2020\/05\/LOGO-DONA-1-SORRISO.png\" data-dt-img-description=\"\" data-large_image_width=\"1002\" data-large_image_height=\"588\"><img loading=\"lazy\" decoding=\"async\" class=\"size-medium wp-image-138405 alignleft\" src=\"https:\/\/www.radiopiu.net\/wordpress\/wp-content\/uploads\/2020\/05\/LOGO-DONA-1-SORRISO-300x176.png\" alt=\"\" width=\"300\" height=\"176\" srcset=\"https:\/\/www.radiopiu.net\/wordpress\/wp-content\/uploads\/2020\/05\/LOGO-DONA-1-SORRISO-300x176.png 300w, https:\/\/www.radiopiu.net\/wordpress\/wp-content\/uploads\/2020\/05\/LOGO-DONA-1-SORRISO-768x451.png 768w, https:\/\/www.radiopiu.net\/wordpress\/wp-content\/uploads\/2020\/05\/LOGO-DONA-1-SORRISO.png 1002w\" sizes=\"auto, (max-width: 300px) 100vw, 300px\" \/><\/a>BELLUNO<\/strong>\u00a0\u00abSe non puoi andare a Dona 1 Sorriso, Dona 1 Sorriso viene da te\u00bb. Quando? Tutti i sabati del mese di luglio, dalle ore 8 alle 13. La manifestazione, infatti, diventa \u201con the road\u201d. Perch\u00e9 il Coronavirus ha mandato in bianco il tradizionale torneo di calcio e la festa a Pian dei Castaldi, ma non lo spirito solidaristico che da sempre anima l\u2019associazione. Per questo, \u201cDona 1 Sorriso\u201d ha deciso di scendere in campo. O meglio, in piazza. E di raggiungere varie zone della provincia, con uno stand, dove saranno messe in vendita le magliette, oltre ai biglietti della lotteria. Va ricordato che quest\u2019anno il ricavato contribuir\u00e0 ad aiutare tre bambini e le loro famiglie: Tommaso (di 2 anni), Emily e Francesco (di 3). Sabato 4, 11, 18 e 25, gli amici di \u201cDona 1 Sorriso\u201d saranno a Bolago (zona Bar) e in piazza dei Martiri, a Belluno. Ma non solo: perch\u00e9 il 4 uno stand far\u00e0 capolino in piazza ad Agordo, l\u201911 in piazza a Sedico, il 18 a Cavarzano (zona Blu Bar) e il 25 al condominio Monte Bianco di Ponte nelle Alpi. E proprio sabato 25 (ore 17), la tradizionale location di Pian dei Castaldi far\u00e0 da teatro all\u2019estrazione dei biglietti della lotteria, mentre venerd\u00ec 31 \u00e8 prevista la consegna delle donazioni, sempre a Pian dei Castaldi. A proposito di donazioni, \u00e8 attivo l\u2019Iban IT 04Y 08140 61311 000013047276. Per ulteriori informazioni, \u00e8 attivo il sito www.piandeicastaldi.it, cos\u00ec come le pagine Facebook e Instagram \u201cDona 1 Sorriso\u201d.<\/p>\n<p>&nbsp;<\/p>\n<p>&nbsp;<\/p>\n<hr \/>\n<p>&nbsp;<\/p>\n<blockquote class=\"wp-embedded-content\" data-secret=\"A6823ZZQkZ\"><p><a href=\"https:\/\/www.radiopiu.net\/wordpress\/canale-dagordo-la-bella-chiesa-e-la-sede-della-fondazione-papa-luciani-video\/\">CANALE D&#8217;AGORDO, LA BELLA CHIESA E LA SEDE DELLA FONDAZIONE PAPA LUCIANI &#8211; VIDEO<\/a><\/p><\/blockquote>\n<p><iframe loading=\"lazy\" title=\"&#8220;CANALE D&#8217;AGORDO, LA BELLA CHIESA E LA SEDE DELLA FONDAZIONE PAPA LUCIANI &#8211; VIDEO&#8221; &#8212; Radio Pi\u00f9\" class=\"wp-embedded-content\" sandbox=\"allow-scripts\" security=\"restricted\" style=\"position: absolute; clip: rect(1px, 1px, 1px, 1px);\" src=\"https:\/\/www.radiopiu.net\/wordpress\/canale-dagordo-la-bella-chiesa-e-la-sede-della-fondazione-papa-luciani-video\/embed\/#?secret=A6823ZZQkZ\" data-secret=\"A6823ZZQkZ\" width=\"600\" height=\"338\" frameborder=\"0\" marginwidth=\"0\" marginheight=\"0\" scrolling=\"no\"><\/iframe><\/p>\n<p>&nbsp;<\/p>\n<hr \/>\n<p>&nbsp;<\/p>\n<blockquote>\n<h3>DILLO A RADIO PIU<\/h3>\n<\/blockquote>\n<p><strong><a class=\"dt-pswp-item\" href=\"https:\/\/www.radiopiu.net\/wordpress\/wp-content\/uploads\/2016\/01\/logo-radiopic3b9.png\" data-dt-img-description=\"\" data-large_image_width=\"483\" data-large_image_height=\"374\"><img loading=\"lazy\" decoding=\"async\" class=\"size-medium wp-image-15787 alignleft\" src=\"https:\/\/www.radiopiu.net\/wordpress\/wp-content\/uploads\/2016\/01\/logo-radiopic3b9-300x232.png\" alt=\"\" width=\"300\" height=\"232\" \/><\/a>TEMPI E PAGELLE <\/strong><br \/>\n<strong>di FRANCO PIACENTINI, FELTRE<\/strong><\/p>\n<p>Sulla inaspettata divulgazione, da parte della Giunta Regionale, dei punteggi di valutazione sui risultati 2018 sociosanitari delle Aziende ULSS e Ospedaliere, sono rimasto veramente esterrefatto. In una fase delicatissima di grande prudenza sulla pandemia Covid &#8211; 19, non si comprende la divulgazione dei dati di &#8220;apprezzamento&#8221; raggiunti dalle strutture sanitarie venete nel 2018. Un&#8217;uscita incredibile della Regione Veneto che getta discredito soprattutto all&#8217;Azienda Ospedaliera di Padova. Un attacco che nuoce anche alla professionalit\u00e0 e all&#8217;impegno degli operatori sanitari. Se l&#8217;intento della Giunta Regionale era (\u00e8) la resa dei conti nei confronti di chi ha responsabilit\u00e0 di governo dell&#8217;Azienda Ospedaliera padovana o di alcune A. ULSS, poteva benissimo farla durante il 2019 o dopo la fine di Covid-19.<\/p>\n<p>&nbsp;<\/p>\n<p>&nbsp;<\/p>\n<hr \/>\n<p>&nbsp;<\/p>\n<blockquote class=\"wp-embedded-content\" data-secret=\"4GrQOovSqB\"><p><a href=\"https:\/\/www.radiopiu.net\/wordpress\/el-caselo-de-riva-1894-1994-di-renato-bona\/\">\u201cEL CAS\u00c8LO  DE RIVA 1894-1994\u201d di Renato Bona<\/a><\/p><\/blockquote>\n<p><iframe loading=\"lazy\" title=\"&#8220;\u201cEL CAS\u00c8LO  DE RIVA 1894-1994\u201d di Renato Bona&#8221; &#8212; Radio Pi\u00f9\" class=\"wp-embedded-content\" sandbox=\"allow-scripts\" security=\"restricted\" style=\"position: absolute; clip: rect(1px, 1px, 1px, 1px);\" src=\"https:\/\/www.radiopiu.net\/wordpress\/el-caselo-de-riva-1894-1994-di-renato-bona\/embed\/#?secret=4GrQOovSqB\" data-secret=\"4GrQOovSqB\" width=\"600\" height=\"338\" frameborder=\"0\" marginwidth=\"0\" marginheight=\"0\" scrolling=\"no\"><\/iframe><\/p>\n<p>&nbsp;<\/p>\n<hr \/>\n<p>&nbsp;<\/p>\n<h2>IERI ALLA RADIO<\/h2>\n<h3><a class=\"dt-pswp-item\" href=\"https:\/\/www.radiopiu.net\/wordpress\/wp-content\/uploads\/2019\/07\/CAMPO-TENNIS-AGORDO-1.jpeg\" data-dt-img-description=\"\" data-large_image_width=\"1600\" data-large_image_height=\"1200\"><img loading=\"lazy\" decoding=\"async\" class=\"size-medium wp-image-91820 alignleft\" src=\"https:\/\/www.radiopiu.net\/wordpress\/wp-content\/uploads\/2019\/07\/CAMPO-TENNIS-AGORDO-1-300x225.jpeg\" alt=\"\" width=\"300\" height=\"225\" srcset=\"https:\/\/www.radiopiu.net\/wordpress\/wp-content\/uploads\/2019\/07\/CAMPO-TENNIS-AGORDO-1-300x225.jpeg 300w, https:\/\/www.radiopiu.net\/wordpress\/wp-content\/uploads\/2019\/07\/CAMPO-TENNIS-AGORDO-1-768x576.jpeg 768w, https:\/\/www.radiopiu.net\/wordpress\/wp-content\/uploads\/2019\/07\/CAMPO-TENNIS-AGORDO-1-1024x768.jpeg 1024w, https:\/\/www.radiopiu.net\/wordpress\/wp-content\/uploads\/2019\/07\/CAMPO-TENNIS-AGORDO-1.jpeg 1600w\" sizes=\"auto, (max-width: 300px) 100vw, 300px\" \/><\/a><span style=\"color: #993300;\">MATTEO REOLON E LORIS DELLE VEDOVE, TENNIS CLUB AGORDO<\/span><\/h3>\n<p><strong>di Claudio Fontanive\u00a0<\/strong><\/p>\n<audio class=\"wp-audio-shortcode\" id=\"audio-142157-3\" preload=\"none\" style=\"width: 100%;\" controls=\"controls\"><source type=\"audio\/mpeg\" src=\"https:\/\/www.radiopiu.net\/wordpress\/wp-content\/uploads\/2020\/06\/reolon-dalle-vedove-3-giugno.mp3?_=3\" \/><a href=\"https:\/\/www.radiopiu.net\/wordpress\/wp-content\/uploads\/2020\/06\/reolon-dalle-vedove-3-giugno.mp3\">https:\/\/www.radiopiu.net\/wordpress\/wp-content\/uploads\/2020\/06\/reolon-dalle-vedove-3-giugno.mp3<\/a><\/audio>\n<p>&nbsp;<\/p>\n<p>&nbsp;<\/p>\n<p>&nbsp;<\/p>\n<p>&nbsp;<\/p>\n<hr \/>\n<h3><span style=\"color: #ff00ff;\">LA CONCLUSIONE&#8230;. VERSO UN&#8217;ALTRA RUBRICA IN BICICLETTA di Paola Lanciato (ULTIMA PUNTATA)<\/span><\/h3>\n<audio class=\"wp-audio-shortcode\" id=\"audio-142157-4\" preload=\"none\" style=\"width: 100%;\" controls=\"controls\"><source type=\"audio\/mpeg\" src=\"https:\/\/www.radiopiu.net\/wordpress\/wp-content\/uploads\/2020\/06\/ULTIMA-PUNTATA.mp3?_=4\" \/><a href=\"https:\/\/www.radiopiu.net\/wordpress\/wp-content\/uploads\/2020\/06\/ULTIMA-PUNTATA.mp3\">https:\/\/www.radiopiu.net\/wordpress\/wp-content\/uploads\/2020\/06\/ULTIMA-PUNTATA.mp3<\/a><\/audio>\n<p><strong>LA RACCOLTA COMPLETA<\/strong><\/p>\n<blockquote class=\"wp-embedded-content\" data-secret=\"Wf9SiGTGp0\"><p><a href=\"https:\/\/www.radiopiu.net\/wordpress\/le-curiosita-di-paola-lanciato-dai-giorni-della-quarantena\/\">LE CURIOSITA&#8217; DI PAOLA LANCIATO DAI GIORNI DELLA QUARANTENA<\/a><\/p><\/blockquote>\n<p><iframe loading=\"lazy\" title=\"&#8220;LE CURIOSITA&#8217; DI PAOLA LANCIATO DAI GIORNI DELLA QUARANTENA&#8221; &#8212; Radio Pi\u00f9\" class=\"wp-embedded-content\" sandbox=\"allow-scripts\" security=\"restricted\" style=\"position: absolute; clip: rect(1px, 1px, 1px, 1px);\" src=\"https:\/\/www.radiopiu.net\/wordpress\/le-curiosita-di-paola-lanciato-dai-giorni-della-quarantena\/embed\/#?secret=Wf9SiGTGp0\" data-secret=\"Wf9SiGTGp0\" width=\"600\" height=\"338\" frameborder=\"0\" marginwidth=\"0\" marginheight=\"0\" scrolling=\"no\"><\/iframe><\/p>\n<h3><span style=\"color: #ff0000;\">DUE MINUTI UN LIBRO<\/span><\/h3>\n<blockquote class=\"wp-embedded-content\" data-secret=\"Jw8GCN7Dfe\"><p><a href=\"https:\/\/www.radiopiu.net\/wordpress\/con-dio-vivere-e-piu-facile\/\">CON DIO VIVERE E&#8217; PIU&#8217; FACILE<\/a><\/p><\/blockquote>\n<p><iframe loading=\"lazy\" title=\"&#8220;CON DIO VIVERE E&#8217; PIU&#8217; FACILE&#8221; &#8212; Radio Pi\u00f9\" class=\"wp-embedded-content\" sandbox=\"allow-scripts\" security=\"restricted\" style=\"position: absolute; clip: rect(1px, 1px, 1px, 1px);\" src=\"https:\/\/www.radiopiu.net\/wordpress\/con-dio-vivere-e-piu-facile\/embed\/#?secret=Jw8GCN7Dfe\" data-secret=\"Jw8GCN7Dfe\" width=\"600\" height=\"338\" frameborder=\"0\" marginwidth=\"0\" marginheight=\"0\" scrolling=\"no\"><\/iframe><\/p>\n<p><strong>LE ALTRE PUNTATE<\/strong><\/p>\n<blockquote class=\"wp-embedded-content\" data-secret=\"xOuCU0dfwv\"><p><a href=\"https:\/\/www.radiopiu.net\/wordpress\/due-minuti-un-libro\/\">Due minuti un libro<\/a><\/p><\/blockquote>\n<p><iframe loading=\"lazy\" title=\"&#8220;Due minuti un libro&#8221; &#8212; Radio Pi\u00f9\" class=\"wp-embedded-content\" sandbox=\"allow-scripts\" security=\"restricted\" style=\"position: absolute; clip: rect(1px, 1px, 1px, 1px);\" src=\"https:\/\/www.radiopiu.net\/wordpress\/due-minuti-un-libro\/embed\/#?secret=xOuCU0dfwv\" data-secret=\"xOuCU0dfwv\" width=\"600\" height=\"338\" frameborder=\"0\" marginwidth=\"0\" marginheight=\"0\" scrolling=\"no\"><\/iframe><\/p>\n<h3><span style=\"color: #339966;\">AGORDINOMERON<\/span><\/h3>\n<p><iframe loading=\"lazy\" class=\"wp-embedded-content\" title=\"\u201cAGORDINOMERON, IL TERRITORIO SI RACCONTA Da un\u2019idea di Gianni Santomaso\u201d \u2014 Radio Pi\u00f9\" src=\"https:\/\/www.radiopiu.net\/wordpress\/agordinomeron\/embed\/#?secret=xS6Ggz5JcN\" width=\"600\" height=\"346\" frameborder=\"0\" marginwidth=\"0\" marginheight=\"0\" scrolling=\"no\" sandbox=\"allow-scripts\" data-secret=\"xS6Ggz5JcN\" data-mce-fragment=\"1\"><\/iframe><\/p>\n<h3><span style=\"color: #0000ff;\">IL MESSAGGIO DEI SACERDOTI A RADIO PIU\u2019<\/span><\/h3>\n<p><iframe loading=\"lazy\" class=\"wp-embedded-content\" title=\"\u201cDON CESARE SU RADIO PIU\u2019 ALLE 7.30 E 19.30, PARROCCHIE DI AGORDO, LA VALLE E TAIBON\u201d \u2014 Radio Pi\u00f9\" src=\"https:\/\/www.radiopiu.net\/wordpress\/chiesa\/embed\/#?secret=bYFn7SGIwr\" width=\"600\" height=\"381\" frameborder=\"0\" marginwidth=\"0\" marginheight=\"0\" scrolling=\"no\" sandbox=\"allow-scripts\" data-secret=\"bYFn7SGIwr\" data-mce-fragment=\"1\"><\/iframe><\/p>\n<p>&nbsp;<\/p>\n<hr \/>\n<p>&nbsp;<\/p>\n<p><strong class=\"photoswipe-wrapper\"><a class=\"dt-pswp-item pspw-wrap-ready\" href=\"https:\/\/i0.wp.com\/www.radiopiu.net\/wordpress\/wp-content\/uploads\/2018\/09\/viabilita.jpeg?ssl=1\" data-dt-img-description=\"\" data-large_image_width=\"800\" data-large_image_height=\"100\"><img loading=\"lazy\" decoding=\"async\" class=\"aligncenter wp-image-61954 size-full jetpack-lazy-image jetpack-lazy-image--handled\" src=\"https:\/\/i0.wp.com\/www.radiopiu.net\/wordpress\/wp-content\/uploads\/2018\/09\/viabilita.jpeg?resize=800%2C100&amp;ssl=1\" sizes=\"auto, (max-width: 800px) 100vw, 800px\" srcset=\"https:\/\/i0.wp.com\/www.radiopiu.net\/wordpress\/wp-content\/uploads\/2018\/09\/viabilita.jpeg?w=800&amp;ssl=1 800w, https:\/\/i0.wp.com\/www.radiopiu.net\/wordpress\/wp-content\/uploads\/2018\/09\/viabilita.jpeg?resize=300%2C38&amp;ssl=1 300w, https:\/\/i0.wp.com\/www.radiopiu.net\/wordpress\/wp-content\/uploads\/2018\/09\/viabilita.jpeg?resize=768%2C96&amp;ssl=1 768w\" alt=\"\" width=\"800\" height=\"100\" data-lazy-loaded=\"1\" \/><\/a><\/strong><\/p>\n<p><strong>\u00a0<\/strong><\/p>\n<blockquote><p><strong>INTERRUZIONI A CRISTO DELLE PIANIZZE\u00a0<\/strong>sp347 DURAN E CEREDA fino al 5 giugno (esclusi festivi e prefestivi) possibili interruzioni in localit\u00e0 Pianizze (Agordo) della durata massima di 15 minuti dalle 8 alle 12 e dalle 13 alle 17, inoltre senso unico alternato nei periodi non interessati dalle chiusura<\/p><\/blockquote>\n<p>PROVINCIALE 20 DELLA VAL FIORENTINA, SELVA DI CADORE: FINO AL 13 GIUGNO, CHIUSURA TOTALE TRA SOLATOR E IL CENTRO DEL PAESE ANCHE NEI GIORNI FESTIVI E PREFESTIVI, DAL CHILOMETRO 4.850 AL CHILOMETRO 5.100. TRANSITO CONSENTITO AI LOCALI CON TEMPI DI ATTESA MASSIMI STIMATI IN 30 MINUTI IN LOCALITA\u2019 SOLATOR DAL CHILOMETRO 4.400 AL CHILOMETRO 4.850<\/p>\n<p>REGIONALE 48 DELLE DOLOMITI, LOCALIT\u00c0 POCOL INIZIO ABITATO CORTINA,FINO\u00a0 AL 12 GIUGNO SEMAFORO PER TRATTI DI 250 METRI ANCHE NEI GIORNI FESTIVI E PREFESTIVI<\/p>\n<p>REGIONALE 203 AGORDINA FINO AL 15 GIUGNO IN LOCALIT\u00c0 LA MUDA DEVIAZIONE SU VIABILIT\u00c0 PROVVISORIA, PRUDENZA<\/p>\n<p>PROVINCIALE 12 PEDEMONTANA LOCALIT\u00c0 PONTE MAS, CHIUSURA TOTALE DI PONTE MAS FINO\u00a0 AL 30 GIUGNO<\/p>\n<p>STRADA REGIONALE 48 DELLE DOLOMITI, DAL KM 110,350 AL KM 112, SENSO UNICO ALTERNATO REGOLATO DA IMPIANTO SEMAFORICO ANCHE SABATO E FESTIVI FINO\u00a0 AL 30 GIUGNO PER POSA ELETTRODOTTO INTERRATO<\/p>\n<p>PROVINCIALE 563 DI SALESEI, FINO\u00a0 AL 3 LUGLIO, SENSO UNICO ALTERNATO REGOLATO DA IMPIANTO SEMAFORICO IN LOCALIT\u00c0 DIGONERA PER MESSA IN SICUREZZA PIANO VIABILE, SABATO E FESTIVI INCLUSI<\/p>\n<p>STRADA PROVINCIALE 346 DEL PASSO SAN PELLEGRINO, FINO\u00a0 AL 5 GIUGNO, SENSO UNICO ALTERNATO REGOLATO DA IMPIANTO SEMOFORICO TRA FALCADE E FALCADE ALTO PER POSA CAVIDOTTO FIBRA OTTICA<\/p>\n<p>REGIONALE 203 AGORDINA, CANDATEN-LA STANGA, FINO\u00a0 AL 30 GIUGNO INCLUSI SABATO E DOMENICA DALLE 7.30 ALLE 9 E DALLE 16.30 ALLE 18 SENSO UNICO ALTERNATO CON MOVIERI, NEGLI ALTRI PERIODI SENSO UNICO CON SEMAFORO.<\/p>\n<p>PROVINCIALE 24 VALPAROLA FINO\u00a0 AL 05 GIUGNO ESCLUSI FESTIVI E PREFESTIVI, SENSO UNICO ALTERNATO A VISTA PER TRATTI DI 50 METRI.<\/p>\n<p>PROVINCIALE 563 DI SALESEI, FINO AL\u00a0 19 GIUGNO, DOMENICHE E FESTIVI ESCLUSI, SENSO UNICO ALTERNATO REGOLATO DA IMPIANTO SEMAFORICO E POSSIBILI BREVI INTERRUZIONI AL TRAFFICO DI 15 MINUTI PER MESSA IN SICUREZZA VERSANTE A MONTE DELLA STRADA<\/p>\n<p>STRADA PROVINCIALE 346 DEL SAN PELLEGRINO, NEI COMUNI DI FALCADE, CANALE E VALLADA, FINO\u00a0 AL 3 LUGLIO, INCLUSI SABATI E DOMENICHE, POSSIBILE ISTITUZIONE DI SENSO UNICO ALTERNATO REGOLATO DA MOVIERI PER SOSTITUZIONE CONDUTTORI E MANUTENZIONE LINEA ELETTRICA ALTA TENSIONE<\/p>\n<p>REGIONALE 203 AGORDINA, NEL COMUNE DI CENCENIGHE, FINO\u00a0 AL 3 LUGLIO, INCLUSI SABATI E DOMENICHE, POSSIBILE ISTITUZIONE DI SENSO UNICO ALTERNATO REGOLATO DA MOVIERI PER SOSTITUZIONE CONDUTTORI E MANUTENZIONE LINEA ELETTRICA ALTA TENSIONE<\/p>\n<p>&nbsp;<\/p>\n<p>STRADA PROVINCIALE 422 DELL\u2019ALPAGO E DEL CANSIGLIO, FINO AL\u00a0 19 GIUGNO, DALLE 8 ALLE 19, SENSO UNICO ALTERNATO REGOLATO DA IMPIANTO SEMAFORICO O MOVIERE PER POSA FIBRA OTTICA<\/p>\n<p>STRADA PROVINCIALE 346 DEL SAN PELLEGRINO, NEL COMUNE DI VALLADA AGORDINA\u00a0 FINO AL\u00a0 19 GIUGNO SENSO UNICO ALTERNATO REGOLATO DA IMPIANTO SEMAFORICO PER MESSA IN SICUREZZA BARRIERE DI PROTEZIONE LATERALI<\/p>\n<p>STRADA REGIONA 203 AGORDINA, TRA MAS DI SEDICO E CERNADOI SU TRATTI SALTUARI DI STRADA, FINO\u00a0 AL 30 GIUGNO, ESCLUSO SABATO E DOMENICA, SENSO UNICO ALTERNATO REGOLATO DA IMPIANTO SEMAFORICO PER MESSA IN SICUREZZA BARRIERE DI PROTEZIONE LATERALI<\/p>\n<p>STRADA PROVINCIALE 347 DEL PASSO CEREDA E DURAN, NEL COMUNE DI GOSALDO (LOC. SANT\u2019ANDREA),\u00a0 FINO\u00a0 AL 20 GIUGNO SENSO UNICO ALTERNATO REGOLATO DA IMPIANTO SEMAFORICO PER MESSA IN SICUREZZA DELLA STRADA<\/p>\n<p>STRADA PROVINCIALE 347 DEL PASSO CEREDA E DURAN, NEL COMUNE DI AGORDO, FINO\u00a0 AL 12 GIUGNO SENSO UNICO ALTERNATO REGOLATO DA IMPIANTO SEMAFORICO PER POSA FIBRA OTTICA<\/p>\n<p>STRADA REGIONALE 48 DELLE DOLOMITI, NEL COMUNE DI LIVINALLONGO DEL COL DI LANA IN LOCALITA\u2019 ANDRAZ, FINO\u00a0 AL 30 GIUGNO SENSO UNICO ALTERNATO REGOLATO DA IMPIANTO SEMAFORICO O MOVIERE CON POSSIBILI BREVI INTERRUZIONI TOTALI AL TRAFFICO DELLA DURATA MASSIMA DI 10 MINUTI, PER LAVORI DI MESSA IN SICUREZZA DEL VERSANTE<\/p>\n<p>STRADA PROVINCIALE 641 DEL PASSO FEDAIA, A SOTTOGUDA DI ROCCA PIETORE, DALL\u2019 8 AL 19 GIUGNO, DALLE 7 ALLE 12 E DALLE 13 ALLE 18 ESCLUSI SABATO E DOMENICA, SENSO UNICO ALTERNATO REGOLATO DA MOVIERI PER RIPRISTINO PIANO VIABILE SU CAVIDOTTO MEDIA TENSIONE.<\/p>\n<p>STRADA PROVINCIALE 347 DEL PASSO CEREDA E DURAN, COMUNE DI VAL DI ZOLDO LOCALITA&#8217; CORNIGIAN, FINO AL 10 GIUGNO DALLE 7 ALLE 18\u00a0SENSO UNICO ALTERNATO REGOLATO DA IMPIANTO SEMAFORICO PER RICERCHE GEOGNOSTICHE<\/p>\n<p>&nbsp;<\/p>\n<hr \/>\n<p>&nbsp;<\/p>\n<p class=\"photoswipe-wrapper\"><a class=\"dt-pswp-item pspw-wrap-ready\" href=\"https:\/\/i0.wp.com\/www.radiopiu.net\/wordpress\/wp-content\/uploads\/2018\/09\/WhatsApp-Image-2018-09-20-at-16.04.06.jpeg?ssl=1\" data-dt-img-description=\"\" data-large_image_width=\"800\" data-large_image_height=\"100\"><img loading=\"lazy\" decoding=\"async\" class=\"aligncenter wp-image-61378 size-full jetpack-lazy-image jetpack-lazy-image--handled\" src=\"https:\/\/i0.wp.com\/www.radiopiu.net\/wordpress\/wp-content\/uploads\/2018\/09\/WhatsApp-Image-2018-09-20-at-16.04.06.jpeg?resize=800%2C100&amp;ssl=1\" sizes=\"auto, (max-width: 800px) 100vw, 800px\" srcset=\"https:\/\/i0.wp.com\/www.radiopiu.net\/wordpress\/wp-content\/uploads\/2018\/09\/WhatsApp-Image-2018-09-20-at-16.04.06.jpeg?w=800&amp;ssl=1 800w, https:\/\/i0.wp.com\/www.radiopiu.net\/wordpress\/wp-content\/uploads\/2018\/09\/WhatsApp-Image-2018-09-20-at-16.04.06.jpeg?resize=300%2C38&amp;ssl=1 300w, https:\/\/i0.wp.com\/www.radiopiu.net\/wordpress\/wp-content\/uploads\/2018\/09\/WhatsApp-Image-2018-09-20-at-16.04.06.jpeg?resize=768%2C96&amp;ssl=1 768w\" alt=\"\" width=\"800\" height=\"100\" data-lazy-loaded=\"1\" \/><\/a><\/p>\n<p>&nbsp;<\/p>\n<p><center><b>Giovedi 4<\/b><\/center><b>Tempo atteso:\u00a0<\/b>Tempo in parte instabile nella notte, seguita da una pausa con nuvolosit\u00e0 irregolare in mattinata. Al pomeriggio il tempo diverr\u00e0 perturbata\/instabile con cielo coperto associato a precipitazioni diffuse. La perturbabilit\u00e0 e il deficit di sole saranno responsabili di un netto calo termico diurno, pi\u00f9 sensibile nelle valli.<br \/>\n<b>Precipitazioni:\u00a0<\/b>Probabilit\u00e0 medio-alta al mattino (60\/80%) per rovesci e primi temporali, molto alta al pomeriggio (90\/100%) per la stessa tipologia di fenomeni, i quali saranno pi\u00f9 diffusi e assai pi\u00f9 persistenti. Tra pomeriggio e sera precipitazioni anche abbondanti. La neve cadr\u00e0 sopra i 2500\/2800 m.<br \/>\n<b>Temperature:\u00a0<\/b>Minime in aumento; massime in diminuzione con punte previste di 18\/19\u00b0C nei fondovalle prealpini e di 13\/14\u00b0C a 1000\/1200 m sulle Dolomiti, leggermente pi\u00f9 basse sulle Prealpi alle stesse quote. Su Prealpi a 1500 m min 8\u00b0C max 11\u00b0C, a 2000 m min 5\u00b0C max 8\u00b0C. Su Dolomiti a 2000 m min 4\u00b0C max 8\u00b0C, a 3000 m min -1\u00b0C max 0\u00b0C.<br \/>\n<b>Venti:\u00a0<\/b>Nelle valli deboli di direzione variabile; in quota perlopi\u00f9 moderati\/tesi da sud-ovest, a tratti forti sulle vette dolomitiche pi\u00f9 alte e sulle creste prealpine al pomeriggio, a 10-25 km\/h a 2000 m, a 20-50 km\/h a 3000 m.<\/p>\n<hr \/>\n<p><center><b>Venerdi 5<\/b><\/center><b>Tempo atteso:\u00a0<\/b>Nottetempo e parte del mattino cielo molto nuvoloso con fenomeni sparsi. Al pomeriggio attenuazione della nuvolosit\u00e0 e dei fenomeni e ritorno di schiarite sulle Dolomiti; mentre l&#8217;instabilit\u00e0 imperverser\u00e0 sulle Prealpi, dove e il miglioramento sar\u00e0 pi\u00f9 tardivo. Clima pi\u00f9 fresco in quota, mentre il ritorno di schiarite al pomeriggio avr\u00e0 qualche effetto sui valori diurni nelle valli.<br \/>\n<b>Precipitazioni:\u00a0<\/b>Nottetempo e al primo mattino fenomeni via via pi\u00f9 residui. Limite neve sui 2400\/2600 m. Al pomeriggio residui qualche piovaschi sulle Dolomiti (20\/30%), mentre nuovi rovesci ed occasionali temporali saranno ancora probabili sulle Prealpi (60\/70%). Tra gioved\u00ec e venerd\u00ec sono previsti cumuli complessivi di 30\/50 mm, tuttavia considerando la componente temporalesca si potr\u00e0 localmente osservare apporti pari o superiori a 80\/100 mm.<br \/>\n<b>Temperature:\u00a0<\/b>Minime in generale calo; massime in diminuzione in quota e stazionarie nelle valli oppure in leggera ripresa nell&#8217;ipotesi di schiarite pomeridiane. Su Prealpi a 1500 m min 7\u00b0C max 10\u00b0C, a 2000 m min 4\u00b0C max 7\u00b0C. Su Dolomiti a 2000 m min 3\u00b0C max 6\u00b0C, a 3000 m min -3\u00b0C max -1\u00b0C.<br \/>\n<b>Venti:\u00a0<\/b>Nelle valli deboli di direzione variabile; in quota deboli\/moderati da nord-ovest tra la notte ed il mattino, in lieve rinforzo da sud-ovest al pomeriggio, a 5-15 km\/h a 2000 m, a 15-30 km\/h a 3000 m.<\/p>\n<hr \/>\n<p><center><b>Sabato 6<\/b><\/center>Al mattino sole e qualche banco di nubi basse, in rapido diradamento. Poi ci sar\u00e0 una contenuta ripresa dell&#8217;attivit\u00e0 cumuliforme, gi\u00e0 al mattino, e assai pi\u00f9 intensa al pomeriggio, quando gli addensamenti saranno associati a rovesci e temporali. Temperature minime in calo e massime in ripresa. Venti deboli\/moderati da sud-ovest in quota, deboli di direzione variabile nelle valli, anche a regime di brezza.<\/p>\n<hr \/>\n<p><center><b>Domenica 7<\/b><\/center>Peggioramento del tempo con molte nubi e prime precipitazioni, gi\u00e0 al mattino. In seguito cielo coperto e precipitazioni via via pi\u00f9 diffuse e continue, anche temporalesche. Temperature minime in aumento e massime in calo. Venti moderati\/tesi da sud-ovest in quota, deboli di direzione variabile nelle valli. Previsore: R.L.Th.<\/p>\n","protected":false},"excerpt":{"rendered":"<p>PER RICEVERE QUESTO NOTIZIARIO DIRETTAMENTE SUL TUO CELLULARE ISCRIVITI AL CANALE TELEGRAM\u00a0\u201cRADIO PIU\u00a0 INFORMAZIONE\u201d\u00a0 &nbsp; &nbsp; LA CONFERENZA STAMPA DEL PRESIDENTE DEL CONSIGLIO GIUSEPPE CONTE Da ieri ok a spostamenti tra regioni e paesi UE, senza quarantena. &#8220;Ora fare i conti con\u00a0emergenza economica e sociale. \u201cIl virus\u00a0non \u00e8 scomparso\u201c, \u201cfacciamo attenzione: le uniche misure efficaci&hellip;<\/p>\n","protected":false},"author":4,"featured_media":142277,"comment_status":"closed","ping_status":"closed","sticky":false,"template":"","format":"standard","meta":{"_monsterinsights_skip_tracking":false,"_monsterinsights_sitenote_active":false,"_monsterinsights_sitenote_note":"","_monsterinsights_sitenote_category":0,"footnotes":""},"categories":[1,86,49],"tags":[],"class_list":["post-142157","post","type-post","status-publish","format-standard","has-post-thumbnail","hentry","category-senza-categoria","category-gr","category-news-18","category-1","category-86","category-49","description-off"],"img_url":"https:\/\/www.radiopiu.net\/wordpress\/wp-content\/uploads\/2020\/06\/Schermata-2020-06-03-alle-19.04.05.png","_links":{"self":[{"href":"https:\/\/www.radiopiu.net\/wordpress\/wp-json\/wp\/v2\/posts\/142157","targetHints":{"allow":["GET"]}}],"collection":[{"href":"https:\/\/www.radiopiu.net\/wordpress\/wp-json\/wp\/v2\/posts"}],"about":[{"href":"https:\/\/www.radiopiu.net\/wordpress\/wp-json\/wp\/v2\/types\/post"}],"author":[{"embeddable":true,"href":"https:\/\/www.radiopiu.net\/wordpress\/wp-json\/wp\/v2\/users\/4"}],"replies":[{"embeddable":true,"href":"https:\/\/www.radiopiu.net\/wordpress\/wp-json\/wp\/v2\/comments?post=142157"}],"version-history":[{"count":0,"href":"https:\/\/www.radiopiu.net\/wordpress\/wp-json\/wp\/v2\/posts\/142157\/revisions"}],"wp:featuredmedia":[{"embeddable":true,"href":"https:\/\/www.radiopiu.net\/wordpress\/wp-json\/wp\/v2\/media\/142277"}],"wp:attachment":[{"href":"https:\/\/www.radiopiu.net\/wordpress\/wp-json\/wp\/v2\/media?parent=142157"}],"wp:term":[{"taxonomy":"category","embeddable":true,"href":"https:\/\/www.radiopiu.net\/wordpress\/wp-json\/wp\/v2\/categories?post=142157"},{"taxonomy":"post_tag","embeddable":true,"href":"https:\/\/www.radiopiu.net\/wordpress\/wp-json\/wp\/v2\/tags?post=142157"}],"curies":[{"name":"wp","href":"https:\/\/api.w.org\/{rel}","templated":true}]}}