{"id":142170,"date":"2020-06-03T12:31:09","date_gmt":"2020-06-03T10:31:09","guid":{"rendered":"https:\/\/www.radiopiu.net\/wordpress\/?p=142170"},"modified":"2020-06-03T13:24:35","modified_gmt":"2020-06-03T11:24:35","slug":"conferenza-stampa-del-presidente-del-veneto-luca-zaia-03-giugno-2020","status":"publish","type":"post","link":"https:\/\/www.radiopiu.net\/wordpress\/conferenza-stampa-del-presidente-del-veneto-luca-zaia-03-giugno-2020\/","title":{"rendered":"&#8220;STA SCOMPARENDO IL COVID  NELLE TERAPIE INTENSIVE, 2 POSITIVI&#8221;  CONFERENZA STAMPA DEL PRESIDENTE DEL VENETO LUCA ZAIA 03 GIUGNO 2020 &#8220;VENERDI L&#8217;ORDINANZA 0-3 TRA LE MANCATE RISPOSTE DI ROMA DOVE TUTTO TACE&#8221;"},"content":{"rendered":"<h4><strong>VENEZIA<\/strong>\u00a0Da Marghera il\u00a0Presidente\u00a0Luca Zaia fa il punto sull\u2019emergenza Covid-19<\/h4>\n<h4>NELLE ULTIME 24 ORE:\u00a0 695053 TAMPONI (+5771) POSITIVI 19164 (+2), ISOLAMENTO 1267 (-44),\u00a0 RICOVERATI 380 (+5, 106 POSITIVI), TERAPIE INTENSIVE 24 (-3, SOLO 2 POSITIVI), DIMESSI 3387, MORTI TOTALE 1921 DATO INVARIATO NELLE ULTIME 24 ORE, 1379 IN OSPEDALE<\/h4>\n<h2>LEGGI LA CONFERENZA STAMPA DI LUCA ZAIA<\/h2>\n<p><em>Siamo pronti ad allentare ancora, lo faremo con la nuova ordinanza anche con le regole per gli asili nido 0-3 anni. Ai greci vorrei ricordare che si sono distratti nel pigiare il tasto on\/off, elimineranno i turisti italiani che in Grecia sono sempre andati e volevano tornare. Qui, oggi, stiamo morendo di incertezze. Ieri\u00a0 Stefano Bonaccini\u00a0 presidente della Conferenza delle Regioni ha sentito la diretta e ha appreso dell&#8217;arrivo della lettera di Zaia,\u00a0 il presidente sostiene che si debba valutare la possibilit\u00e0 di usare i mezzi pubblici con la capienza normale ed ordinaria come da omologazione con obbligo di mascherina.\u00a0<\/em><\/p>\n<p><strong>TRASPORTI<\/strong> Sto mandando una lettera a Bonaccini dove si valuti di usare i mezzi pubblici con la capienza da\u00a0 omologazione, per il cittadino l&#8217;obbligo della mascherina come da decreto per i luoghi chiusi. Questo permette di recuperare il 50 per cento della capienza. Non ci sono mezzi per rinfoltire le corse di autobus e treni e non ci sono vie d&#8217;uscita. A dire di no sono capaci tutti. Sono convinto che i colleghi presidenti sono d&#8217;accordo con me sui trasporti in sicurezza.\u00a0 <strong>ASSEMBRAMENTI<\/strong> Si \u00e8 scritto molto degli assembramenti, lo considero fisiologico oggi siamo pi\u00f9 attenti a quello che sta succedendo e non eravamo pi\u00f9 abituati alla gi\u00e0 fuori porta. Fare musica, ballare, ovverso discoteche all&#8217;aperto sono illegali.\u00a0 <strong>RICOVERI<\/strong> Oggi abbiamo 5 ricoveri in pi\u00f9 dopo giorni e giorni che nessuno entrava in ospedale. E&#8217; fondamentale usare la mascherina e ai complottisti che predicano di non metterla consiglio di lasciare il nome, gli mettiamo la scritta <em>warning<\/em> e lo aspettiamo in ospedale. L&#8217;invito \u00e8 di rispettare le regole. <strong>ORDINANZA<\/strong> Stiamo preparando le regole per la partita 0-3 anni, da 10 giorni abbiamo le linee guida approvate all&#8217;unanimit\u00e0 ma dal Governo non abbiamo risposte, avevamo chiesto di avallarle, non rispondono allora noi apriremo e ci assumeremo le responsabilit\u00e0. <strong>OSPITI<\/strong> Conto venerdi di avere un ospite autorevole della sanit\u00e0. DONAZIONE Siamo ormai prossimi ai 58 milioni di euro grazie agli oltre 38.700 donatori. Un&#8217;azienda vinicola ha donato 3000 bottiglie di vino ai reparti Covid.<\/p>\n<h2><span style=\"color: #ff0000;\">DOMANDE<\/span><\/h2>\n<p><strong>SI TOLGONO LE MASCHERINE SI APRONO GLI ASILI NIDO DIFFICILE FAR PASSARE IL MESSAGGIO CHE E&#8217; ANCORA EMERGENZA\u00a0<\/strong> Parlo ai cittadini responsabili che devono rispettare le legge. Se entrano nel loop che \u00e8 finito tutto ed \u00e8 andato tutto bene sbagliano. Il virus ha perso la sua potenza ma c&#8217;\u00e8 e non posso andare a rimboccare le lenzuola ai cittadini che dormono scoperti e prendono il raffreddore. Noi diamo le indicazioni se poi qualcuno \u00e8 convinto sia una farsa di sbaglia e l&#8217;uso della mascherina \u00e8 fondamentale, inutile piangere quando si arriva in ospedale. Non siamo irresponsabili \u00e8 iniziata in tutto il mondo la fase 2 di convivenza, oppure l&#8217;altra possibilit\u00e0 era continuare il lockdown per mesi, anni in attesa che qualcuno ci dica che il covid19 \u00e8 scomparso definitivamente. Non chiedo pi\u00f9 repressione ma che il cittadino sia responsabile<\/p>\n<p><strong>ORDINANZA CENTRI ESTIVI 0-3 ANNI, COSA INTENTE PER ALLENTAMENTI ULTERIORI?<\/strong> Stiamo riflettendo su alcune linee guida che possono essere rivisitate. Gli albergatori chiedono colazioni a buffet servite non solo il pranzo o la cena. Vogliamo mettere in condizioni gli operatori di lavorare. Poi c&#8217;\u00e8 il tema della frontiere. I Greci li stiamo accompagnando prima o poi si ravvederanno la folgorazione sulla via di Damasco capita a tutti. il Governo greco ha sbagliato \u00e8 inamissibile il comportamento. In Austria hanno fondato l&#8217;associazione amici dell&#8217;Italia per chiedere l&#8217;apertura delle frontiere, hanno firmato anche i parlamentari. Spero che anche l&#8217;Austria si ravveda e immagino che arriveranno le attivit\u00e0. Poi c&#8217;\u00e8 il Ministro degli Esteri che fa il suo lavoro e dormiamo sonni tranquilli. Inutile andare in giro per il mondo per concordare aperture quando tra qualche settimana finisce la stagione. Erano da fare prima gli accordi non la prossima settimana.<\/p>\n<p><strong>EUROPA NON CI SIAMO<\/strong> Non stiamo rappresentando i nostri interessi a livello parlamentare. Dall&#8217;Italia bisogna portare un&#8217;istanza per un minimo coordinamento europeo. Non si aprono le frontiere per l&#8217;Italia ma si aprono corridoi, una vera sperequazione.<\/p>\n<p>N<strong>OMINE DEL PRESIDENTE DELLA REPUBBLICA\u00a0<\/strong> Noi non abbiamo segnalato nessuno, di storie di eroi in Veneto durante la pandemia ce ne sono state tante, tutti meriterebbero di essere segnalati.<\/p>\n<p><strong>PARCHI ANCORA CHIUSI<\/strong> Sono scelte dei sindaci noi abbiamo dato le linee guida.<\/p>\n<p><strong>NESSUNA DISCRIMINAZIONE NEGLI ALBERGHI PER GLI ANZIANI<\/strong> Spero non sia mai accaduto non \u00e8 un buon biglietto da visita<\/p>\n<p><strong>APP IMMUNI<\/strong> Non \u00e8 chiaro il bagaglio dei dati dove vada a finire, non si \u00e8 ben chiarito cosa accadr\u00e0: nel momento in cui a un tuo contatto arriva la positivit\u00e0 al cittadino arriva un messaggio di allerta che lo invita a recarsi dal medico per controllarsi. Noi non governiamo pi\u00f9\u00a0 e la Sanit\u00e0 regionale viene compromessa. E se qualcuno si presenta dal medico dicendo di aver ricevuto il messaggio e non \u00e8 vero? Hanno creato una App di altra tecnologia ma poco pratica per chi gestisce la Sanit\u00e0. Noi l&#8217;App\u00a0 come\u00a0 Regione Veneto ce l&#8217;abbiamo e bastata sulla biosorveglianza ma ancora non possiamo presentarla, non ci vogliamo sovrapporre non vogliamo dualismi con le istituzioni nazionali ma abbiamo delle necessit\u00e0 sanitarie.<\/p>\n<p><strong>VACCINI<\/strong> Noi prima della Lorenzin avevamo il piano di vaccinazione volontaria. Non la coercizione. Nell&#8217;atto volontario io mi vaccino.<\/p>\n<p>&nbsp;<\/p>\n<p>&nbsp;<\/p>\n<p>&nbsp;<\/p>\n<p>https:\/\/www.facebook.com\/zaiaufficiale\/videos\/344654639833917<\/p>\n","protected":false},"excerpt":{"rendered":"<p>VENEZIA\u00a0Da Marghera il\u00a0Presidente\u00a0Luca Zaia fa il punto sull\u2019emergenza Covid-19 NELLE ULTIME 24 ORE:\u00a0 695053 TAMPONI (+5771) POSITIVI 19164 (+2), ISOLAMENTO 1267 (-44),\u00a0 RICOVERATI 380 (+5, 106 POSITIVI), TERAPIE INTENSIVE 24 (-3, SOLO 2 POSITIVI), DIMESSI 3387, MORTI TOTALE 1921 DATO INVARIATO NELLE ULTIME 24 ORE, 1379 IN OSPEDALE LEGGI LA CONFERENZA STAMPA DI LUCA ZAIA&hellip;<\/p>\n","protected":false},"author":4,"featured_media":121391,"comment_status":"closed","ping_status":"closed","sticky":false,"template":"","format":"standard","meta":{"_monsterinsights_skip_tracking":false,"_monsterinsights_sitenote_active":false,"_monsterinsights_sitenote_note":"","_monsterinsights_sitenote_category":0,"footnotes":""},"categories":[1,49],"tags":[],"class_list":["post-142170","post","type-post","status-publish","format-standard","has-post-thumbnail","hentry","category-senza-categoria","category-news-18","category-1","category-49","description-off"],"img_url":"https:\/\/www.radiopiu.net\/wordpress\/wp-content\/uploads\/2020\/03\/covid-zaia.jpg","_links":{"self":[{"href":"https:\/\/www.radiopiu.net\/wordpress\/wp-json\/wp\/v2\/posts\/142170","targetHints":{"allow":["GET"]}}],"collection":[{"href":"https:\/\/www.radiopiu.net\/wordpress\/wp-json\/wp\/v2\/posts"}],"about":[{"href":"https:\/\/www.radiopiu.net\/wordpress\/wp-json\/wp\/v2\/types\/post"}],"author":[{"embeddable":true,"href":"https:\/\/www.radiopiu.net\/wordpress\/wp-json\/wp\/v2\/users\/4"}],"replies":[{"embeddable":true,"href":"https:\/\/www.radiopiu.net\/wordpress\/wp-json\/wp\/v2\/comments?post=142170"}],"version-history":[{"count":0,"href":"https:\/\/www.radiopiu.net\/wordpress\/wp-json\/wp\/v2\/posts\/142170\/revisions"}],"wp:featuredmedia":[{"embeddable":true,"href":"https:\/\/www.radiopiu.net\/wordpress\/wp-json\/wp\/v2\/media\/121391"}],"wp:attachment":[{"href":"https:\/\/www.radiopiu.net\/wordpress\/wp-json\/wp\/v2\/media?parent=142170"}],"wp:term":[{"taxonomy":"category","embeddable":true,"href":"https:\/\/www.radiopiu.net\/wordpress\/wp-json\/wp\/v2\/categories?post=142170"},{"taxonomy":"post_tag","embeddable":true,"href":"https:\/\/www.radiopiu.net\/wordpress\/wp-json\/wp\/v2\/tags?post=142170"}],"curies":[{"name":"wp","href":"https:\/\/api.w.org\/{rel}","templated":true}]}}