{"id":142235,"date":"2020-06-04T12:00:41","date_gmt":"2020-06-04T10:00:41","guid":{"rendered":"https:\/\/www.radiopiu.net\/wordpress\/?p=142235"},"modified":"2020-06-04T13:24:22","modified_gmt":"2020-06-04T11:24:22","slug":"el-caselo-de-riva-1894-1994-di-renato-bona","status":"publish","type":"post","link":"https:\/\/www.radiopiu.net\/wordpress\/el-caselo-de-riva-1894-1994-di-renato-bona\/","title":{"rendered":"\u201cEL CAS\u00c8LO  DE RIVA 1894-1994\u201d di Renato Bona"},"content":{"rendered":"<p><strong><a class=\"dt-pswp-item\" href=\"https:\/\/www.radiopiu.net\/wordpress\/wp-content\/uploads\/2019\/08\/553085_385905871470280_1626001170_n-1.jpg\" data-dt-img-description=\"\" data-large_image_width=\"855\" data-large_image_height=\"569\"><img loading=\"lazy\" decoding=\"async\" class=\" wp-image-94594 alignleft\" src=\"https:\/\/www.radiopiu.net\/wordpress\/wp-content\/uploads\/2019\/08\/553085_385905871470280_1626001170_n-1-300x200.jpg\" alt=\"\" width=\"150\" height=\"100\" srcset=\"https:\/\/www.radiopiu.net\/wordpress\/wp-content\/uploads\/2019\/08\/553085_385905871470280_1626001170_n-1-300x200.jpg 300w, https:\/\/www.radiopiu.net\/wordpress\/wp-content\/uploads\/2019\/08\/553085_385905871470280_1626001170_n-1-768x511.jpg 768w, https:\/\/www.radiopiu.net\/wordpress\/wp-content\/uploads\/2019\/08\/553085_385905871470280_1626001170_n-1.jpg 855w\" sizes=\"auto, (max-width: 150px) 100vw, 150px\" \/><\/a>di Renato Bona\u00a0<\/strong><\/p>\n<p>Il circolo culturale \u201cLa Marol\u201d ha raccontato cento anni di storia e tradizione della latteria di Villagrande di Rivamonte Agordino in una interessantissima pubblicazione (tipografia Piave di Belluno): una quarantina di pagine con molte fotografie, riproduzione di documenti, illustrazione di copertina di Savino Conedera. In premessa il \u201cLa Marol\u201d precisava che: \u201cL\u2019occasione del centenario della costruzione della \u2018Latteria Sociale di Villagrande\u2019 ci ha offerto l\u2019opportunit\u00e0 di ricostruire, attraverso un minuzioso lavoro di ricerca, la storia e le problematiche di una istituzione che rappresenta il simbolo visibile di una civilt\u00e0 rurale e contadina del nostro paese\u201d, aggiungendo che: \u201cAl di l\u00e0 delle curiosit\u00e0 aneddotiche storiche l\u2019obiettivo di stimolare una riflessione sul futuro di un paese, che oltre a registrare un periodo di diffuso benessere si interroga anche sulle prospettive sociali ed ambientali tutt\u2019altro che prive di aspetti inquietanti, sarebbe di per s\u00e9 sufficiente ad appagare l\u2019impegno per questa ricerca\u201d. Le origini. Si richiama il fatto che sul finire del secolo la realt\u00e0 economico-sociale locale presentava aspetti diversi e non tutti positivi, e che dal punto di vista demografico Rivamonte aveva raggiunto il massimo storico di 2100-2200 abitanti. L\u2019economia dipendeva sostanzialmente dall\u2019attivit\u00e0 mineraria e metallurgica di Valle Imperina che garantiva il 60 per cento di occupazione. Consistente il fenomeno migratorio nei suoi due aspetti: stagionale per i seggiolai, quello oltreoceano che imponeva il distacco dalla terra natale anche per molti anni. In tale contesto l\u2019economia agricola, in particolare la zootecnia, integrava i comparti principali \u201csvolgendo un ruolo determinante per il sostentamento quotidiano della popolazione\u201d. Dati del censimento 1885: l\u2019allevamento contava 314 bovini, 90 maiali, 418 pecore, 9 asini, 7 muli, 14 capre. Erano soprattutto le donne a farsi carico dell\u2019impegno, invero pesante, di accudire gli allevamenti. In quegli anni si era intanto consolidata nelle realt\u00e0 comunali vicine, la lavorazione del latte in forma associativa, con l\u2019affermarsi delle Latterie cooperative che di fatto nacquero a Canale d\u2019Agordo, e superando difficolt\u00e0 iniziali si svilupparono ad iniziativa del benemerito arciprete Antonio Della Lucia. In questo contesto, il 17 giugno del 1896 venne fondata con 50 soci la \u201cSociet\u00e0 anonima cooperativa latteria di Rivamonte (Villagrande)\u201d costituita con azioni da venti lire ciascuna, per durata cinquantennale, con rogito del notaio di Agordo Bonaventura Polacco. Fatta la societ\u00e0, si acquist\u00f2 il terreno dando il via alla costruzione del caseificio nella tradizionale forma del \u201cpiod\u00e8c\u201d : \u201cI sassi per la muratura provenivano da Lach mentre la sabbia era portata con i carri da Franche o dal greto del Cordevole. La prima costruzione si limitava all\u2019attuale piano interrato ed era dotata di una attrezzatura minima\u201d. Non mancarono certo le difficolt\u00e0, e poi vennero le due guerre mondiali e, a seguire, problemi non secondari di burocrazia conseguenti a nuove leggi che regolavano il settore. Un esempio su tutti: \u201c\u2026 I libri sociali della vecchia societ\u00e0 che vedeva la sua conclusione nel 1946, non furono mai depositati presso l\u2019Ufficio del lavoro e cos\u00ec, legalmente, tale societ\u00e0 non cess\u00f2 mai di esistere e alla medesima sono indirizzati documenti e comunicati pervenuti in anni successivi alla fondazione della nuova societ\u00e0 del 1958. Intanto cambiava radicalmente anche il sistema di vita di Rivamonte: la chiusura degli impianti di Valle Imperina ebbe un impatto devastante sul piano economico e comport\u00f2 un massiccio esodo verso i centri industrializzati dove c\u2019erano lavoro e migliori condizioni di vita. La chiusura di molte stalle port\u00f2 all\u2019unificazione delle latterie dei Tos e di Villagrande e pi\u00f9 avanti alla costituzione di una cooperativa che riunisse in unico centro quello che rimaneva del patrimonio zootecnico tanto che a partire dal 1977 \u201cL\u2019apporto del latte da parte della nuova cooperativa Agricola Canop port\u00f2 la quantit\u00e0 di prodotto lavorato a livelli mai raggiunti in passato\u201d. E oggi \u201cdopo alcuni lavori di ristrutturazione ed adattamento in ottemperanza alle norme vigenti, la struttura \u2013 concessa in gestione all\u2019Agricola Canop \u2013 continua a raccogliere e a trasformare il latte in prodotti apprezzati per la genuinit\u00e0 ed il gusto antico\u201d. La pregevole pubblicazione si conclude richiamando \u201cI ritmi di vita scanditi dal lavoro agricolo: la latteria come luogo d\u2019incontro e di socializzazione\u201d ed anche questo \u00e8 un titolo di merito per quanti hanno dato vita a \u201cEl cas\u00e8lo de Riva\u201d. NELLE FOTO (Riproduzioni dal libretto voluto dal circolo culturale \u201cLa Marol\u201d): la copertina illustrata da Savino Conedera; le \u201cKaldr\u00f2le\u201d; la zangola o \u201cpigna\u201d; sala di raccolta del latte; \u201cst\u00e0mp del bot\u00ecro\u201d; la scrematrice in uso fino al 1954; bilancia per pesare sale e caglio; strumentazione per la lavorazione ed il controllo di qualit\u00e0 del latte; dati per il bilancio consuntivo 1894-95; pressa per comprimere la pasta di formaggio eliminando il siero; \u201cscat\u00f2i del form\u00e0i\u201d un tempo di legno ora in alluminio.<\/p>\n\n\t\t\t<style type='text\/css'>\n\t\t\t\t#gallery-1 {\n\t\t\t\t\tmargin: auto;\n\t\t\t\t}\n\t\t\t\t#gallery-1 .gallery-item {\n\t\t\t\t\tfloat: left;\n\t\t\t\t\tmargin-top: 10px;\n\t\t\t\t\ttext-align: center;\n\t\t\t\t\twidth: 16%;\n\t\t\t\t}\n\t\t\t\t#gallery-1 img {\n\t\t\t\t\tborder: 2px solid #cfcfcf;\n\t\t\t\t}\n\t\t\t\t#gallery-1 .gallery-caption {\n\t\t\t\t\tmargin-left: 0;\n\t\t\t\t}\n\t\t\t\t\/* see gallery_shortcode() in wp-includes\/media.php *\/\n\t\t\t<\/style>\n\t\t<div id='gallery-1' class='dt-gallery-container gallery galleryid-142235 gallery-columns-6 gallery-size-thumbnail'><dl class='gallery-item'>\n\t\t\t\t<dt class='gallery-icon portrait'>\n\t\t\t\t\t<a class=\"rollover\" href='https:\/\/www.radiopiu.net\/wordpress\/el-caselo-de-riva-1894-1994-di-renato-bona\/101653659_715916745907843_8183772372474527744_n\/'><img loading=\"lazy\" decoding=\"async\" width=\"150\" height=\"150\" src=\"https:\/\/www.radiopiu.net\/wordpress\/wp-content\/uploads\/2020\/06\/101653659_715916745907843_8183772372474527744_n-150x150.jpg\" class=\"attachment-thumbnail size-thumbnail\" alt=\"\" \/><\/a>\n\t\t\t\t<\/dt><\/dl><dl class='gallery-item'>\n\t\t\t\t<dt class='gallery-icon landscape'>\n\t\t\t\t\t<a class=\"rollover\" href='https:\/\/www.radiopiu.net\/wordpress\/el-caselo-de-riva-1894-1994-di-renato-bona\/102561686_258217058861891_6998301840467034112_n\/'><img loading=\"lazy\" decoding=\"async\" width=\"150\" height=\"150\" src=\"https:\/\/www.radiopiu.net\/wordpress\/wp-content\/uploads\/2020\/06\/102561686_258217058861891_6998301840467034112_n-150x150.jpg\" class=\"attachment-thumbnail size-thumbnail\" alt=\"\" \/><\/a>\n\t\t\t\t<\/dt><\/dl><dl class='gallery-item'>\n\t\t\t\t<dt class='gallery-icon portrait'>\n\t\t\t\t\t<a class=\"rollover\" href='https:\/\/www.radiopiu.net\/wordpress\/el-caselo-de-riva-1894-1994-di-renato-bona\/101623664_559216414792553_5193490594810298368_n\/'><img loading=\"lazy\" decoding=\"async\" width=\"150\" height=\"150\" src=\"https:\/\/www.radiopiu.net\/wordpress\/wp-content\/uploads\/2020\/06\/101623664_559216414792553_5193490594810298368_n-150x150.jpg\" class=\"attachment-thumbnail size-thumbnail\" alt=\"\" \/><\/a>\n\t\t\t\t<\/dt><\/dl><dl class='gallery-item'>\n\t\t\t\t<dt class='gallery-icon portrait'>\n\t\t\t\t\t<a class=\"rollover\" href='https:\/\/www.radiopiu.net\/wordpress\/el-caselo-de-riva-1894-1994-di-renato-bona\/102290914_1279915389067364_4015316344655314944_n\/'><img loading=\"lazy\" decoding=\"async\" width=\"150\" height=\"150\" src=\"https:\/\/www.radiopiu.net\/wordpress\/wp-content\/uploads\/2020\/06\/102290914_1279915389067364_4015316344655314944_n-150x150.jpg\" class=\"attachment-thumbnail size-thumbnail\" alt=\"\" \/><\/a>\n\t\t\t\t<\/dt><\/dl><dl class='gallery-item'>\n\t\t\t\t<dt class='gallery-icon landscape'>\n\t\t\t\t\t<a class=\"rollover\" href='https:\/\/www.radiopiu.net\/wordpress\/el-caselo-de-riva-1894-1994-di-renato-bona\/101716220_3436997652980109_2877811169890926592_n\/'><img loading=\"lazy\" decoding=\"async\" width=\"150\" height=\"150\" src=\"https:\/\/www.radiopiu.net\/wordpress\/wp-content\/uploads\/2020\/06\/101716220_3436997652980109_2877811169890926592_n-150x150.jpg\" class=\"attachment-thumbnail size-thumbnail\" alt=\"\" \/><\/a>\n\t\t\t\t<\/dt><\/dl><dl class='gallery-item'>\n\t\t\t\t<dt class='gallery-icon landscape'>\n\t\t\t\t\t<a class=\"rollover\" href='https:\/\/www.radiopiu.net\/wordpress\/el-caselo-de-riva-1894-1994-di-renato-bona\/101853093_707101156691828_112533511864320000_n\/'><img loading=\"lazy\" decoding=\"async\" width=\"150\" height=\"150\" src=\"https:\/\/www.radiopiu.net\/wordpress\/wp-content\/uploads\/2020\/06\/101853093_707101156691828_112533511864320000_n-150x150.jpg\" class=\"attachment-thumbnail size-thumbnail\" alt=\"\" \/><\/a>\n\t\t\t\t<\/dt><\/dl><br style=\"clear: both\" \/><dl class='gallery-item'>\n\t\t\t\t<dt class='gallery-icon portrait'>\n\t\t\t\t\t<a class=\"rollover\" href='https:\/\/www.radiopiu.net\/wordpress\/el-caselo-de-riva-1894-1994-di-renato-bona\/101561571_274629847060311_7540046264742707200_n\/'><img loading=\"lazy\" decoding=\"async\" width=\"150\" height=\"150\" src=\"https:\/\/www.radiopiu.net\/wordpress\/wp-content\/uploads\/2020\/06\/101561571_274629847060311_7540046264742707200_n-150x150.jpg\" class=\"attachment-thumbnail size-thumbnail\" alt=\"\" \/><\/a>\n\t\t\t\t<\/dt><\/dl><dl class='gallery-item'>\n\t\t\t\t<dt class='gallery-icon landscape'>\n\t\t\t\t\t<a class=\"rollover\" href='https:\/\/www.radiopiu.net\/wordpress\/el-caselo-de-riva-1894-1994-di-renato-bona\/101681914_255377502380237_81581413433868288_n\/'><img loading=\"lazy\" decoding=\"async\" width=\"150\" height=\"150\" src=\"https:\/\/www.radiopiu.net\/wordpress\/wp-content\/uploads\/2020\/06\/101681914_255377502380237_81581413433868288_n-150x150.jpg\" class=\"attachment-thumbnail size-thumbnail\" alt=\"\" \/><\/a>\n\t\t\t\t<\/dt><\/dl><dl class='gallery-item'>\n\t\t\t\t<dt class='gallery-icon landscape'>\n\t\t\t\t\t<a class=\"rollover\" href='https:\/\/www.radiopiu.net\/wordpress\/el-caselo-de-riva-1894-1994-di-renato-bona\/101539806_200476964395679_5131365164183977984_n\/'><img loading=\"lazy\" decoding=\"async\" width=\"150\" height=\"150\" src=\"https:\/\/www.radiopiu.net\/wordpress\/wp-content\/uploads\/2020\/06\/101539806_200476964395679_5131365164183977984_n-150x150.jpg\" class=\"attachment-thumbnail size-thumbnail\" alt=\"\" \/><\/a>\n\t\t\t\t<\/dt><\/dl><dl class='gallery-item'>\n\t\t\t\t<dt class='gallery-icon portrait'>\n\t\t\t\t\t<a class=\"rollover\" href='https:\/\/www.radiopiu.net\/wordpress\/el-caselo-de-riva-1894-1994-di-renato-bona\/102361840_200948300967007_5166522825871196160_n\/'><img loading=\"lazy\" decoding=\"async\" width=\"150\" height=\"150\" src=\"https:\/\/www.radiopiu.net\/wordpress\/wp-content\/uploads\/2020\/06\/102361840_200948300967007_5166522825871196160_n-150x150.jpg\" class=\"attachment-thumbnail size-thumbnail\" alt=\"\" \/><\/a>\n\t\t\t\t<\/dt><\/dl><dl class='gallery-item'>\n\t\t\t\t<dt class='gallery-icon landscape'>\n\t\t\t\t\t<a class=\"rollover\" href='https:\/\/www.radiopiu.net\/wordpress\/el-caselo-de-riva-1894-1994-di-renato-bona\/101721297_183118979732212_8578784122460176384_n\/'><img loading=\"lazy\" decoding=\"async\" width=\"150\" height=\"150\" src=\"https:\/\/www.radiopiu.net\/wordpress\/wp-content\/uploads\/2020\/06\/101721297_183118979732212_8578784122460176384_n-150x150.jpg\" class=\"attachment-thumbnail size-thumbnail\" alt=\"\" \/><\/a>\n\t\t\t\t<\/dt><\/dl>\n\t\t\t\t<br style='clear: both' \/>\n\t\t\t<\/div>\n\n<p>&nbsp;<\/p>\n","protected":false},"excerpt":{"rendered":"<p>di Renato Bona\u00a0 Il circolo culturale \u201cLa Marol\u201d ha raccontato cento anni di storia e tradizione della latteria di Villagrande di Rivamonte Agordino in una interessantissima pubblicazione (tipografia Piave di Belluno): una quarantina di pagine con molte fotografie, riproduzione di documenti, illustrazione di copertina di Savino Conedera. In premessa il \u201cLa Marol\u201d precisava che: \u201cL\u2019occasione&hellip;<\/p>\n","protected":false},"author":4,"featured_media":142244,"comment_status":"closed","ping_status":"closed","sticky":false,"template":"","format":"standard","meta":{"_monsterinsights_skip_tracking":false,"_monsterinsights_sitenote_active":false,"_monsterinsights_sitenote_note":"","_monsterinsights_sitenote_category":0,"footnotes":""},"categories":[51,49],"tags":[],"class_list":["post-142235","post","type-post","status-publish","format-standard","has-post-thumbnail","hentry","category-evidenza-top","category-news-18","category-51","category-49","description-off"],"img_url":"https:\/\/www.radiopiu.net\/wordpress\/wp-content\/uploads\/2020\/06\/101539806_200476964395679_5131365164183977984_n-scaled.jpg","_links":{"self":[{"href":"https:\/\/www.radiopiu.net\/wordpress\/wp-json\/wp\/v2\/posts\/142235","targetHints":{"allow":["GET"]}}],"collection":[{"href":"https:\/\/www.radiopiu.net\/wordpress\/wp-json\/wp\/v2\/posts"}],"about":[{"href":"https:\/\/www.radiopiu.net\/wordpress\/wp-json\/wp\/v2\/types\/post"}],"author":[{"embeddable":true,"href":"https:\/\/www.radiopiu.net\/wordpress\/wp-json\/wp\/v2\/users\/4"}],"replies":[{"embeddable":true,"href":"https:\/\/www.radiopiu.net\/wordpress\/wp-json\/wp\/v2\/comments?post=142235"}],"version-history":[{"count":0,"href":"https:\/\/www.radiopiu.net\/wordpress\/wp-json\/wp\/v2\/posts\/142235\/revisions"}],"wp:featuredmedia":[{"embeddable":true,"href":"https:\/\/www.radiopiu.net\/wordpress\/wp-json\/wp\/v2\/media\/142244"}],"wp:attachment":[{"href":"https:\/\/www.radiopiu.net\/wordpress\/wp-json\/wp\/v2\/media?parent=142235"}],"wp:term":[{"taxonomy":"category","embeddable":true,"href":"https:\/\/www.radiopiu.net\/wordpress\/wp-json\/wp\/v2\/categories?post=142235"},{"taxonomy":"post_tag","embeddable":true,"href":"https:\/\/www.radiopiu.net\/wordpress\/wp-json\/wp\/v2\/tags?post=142235"}],"curies":[{"name":"wp","href":"https:\/\/api.w.org\/{rel}","templated":true}]}}