{"id":142319,"date":"2020-06-05T05:54:28","date_gmt":"2020-06-05T03:54:28","guid":{"rendered":"https:\/\/www.radiopiu.net\/wordpress\/?p=142319"},"modified":"2020-06-05T10:05:48","modified_gmt":"2020-06-05T08:05:48","slug":"giornale-radiopiu-05-giugno-2020-direttore-mirko-mezzacasa","status":"publish","type":"post","link":"https:\/\/www.radiopiu.net\/wordpress\/giornale-radiopiu-05-giugno-2020-direttore-mirko-mezzacasa\/","title":{"rendered":"GIORNALE RADIOPIU 05 GIUGNO 2020 DIRETTORE MIRKO MEZZACASA"},"content":{"rendered":"<h3><strong>PER RICEVERE QUESTO NOTIZIARIO DIRETTAMENTE SUL TUO CELLULARE ISCRIVITI AL CANALE TELEGRAM\u00a0<\/strong><strong>\u201cRADIO PIU\u00a0 INFORMAZIONE\u201d\u00a0<\/strong><\/h3>\n<p><strong>SABATO 6 GIUGNO A Canale d&#8217;Agordo INTERRUZIONE CORRENTE ELETTRICA TRA LE 8.30 E LE 13.00 nelle vie 20 agosto, Rividella, Mezzavilla e Lotta<\/strong><\/p>\n<hr \/>\n<p>&nbsp;<\/p>\n<blockquote>\n<h2>WANBAO ACC: VIA AL PIANO ASSUNZIONI ALLA FACCIA DELLA POLITICA INDUSTRIALE\u00a0 CINESE. WANBAO DA DIMENTICARE, ACC E&#8217; IL FUTURO<\/h2>\n<p>&nbsp;<\/p><\/blockquote>\n<p><strong>BORGO VALBELLUNA<\/strong> Eccolo l&#8217;atteso piano, riparte la Wanbao Acc con nuove assuzioni, 12 a breve ed altre 6 previste per il mese di luglio. Avranno la prelazione coloro che a suo tempo sono stati licenziati fin dal settembre di due anni fa. Lo stabilimento che produce compressori per frigoriferi e da lavoro a quasi 300 famiglie riprende la sua corsa guidato dal commissario Maurizio Castro acclamato dai lavoratori, sindacati e amministratori e ne avevamo ben donde.<br \/>\nIeri l&#8217;incontro in fabbrica tra Castro e i rappresentanti sindacali. In futuro l&#8217;azienda ritorner\u00e0 alla vecchia denominazione ACC dimenticando Wanbao e le vicende cinesi, gli stessi che non hanno esitato a lasciare a casa gli operai, soprattutto un pessimo ricordo del loro operato.<\/p>\n<p>&nbsp;<\/p>\n<hr \/>\n<div class=\"page-title-head hgroup\">\n<blockquote>\n<h3 class=\"entry-title\">INVESTITO DAL GETTO D\u2019ACQUA CALDA E\u2019 RICOVERATO AL GRANDI USTIONATI DI PADOVA<\/h3>\n<\/blockquote>\n<\/div>\n<div class=\"page-title-breadcrumbs\"><strong><img loading=\"lazy\" decoding=\"async\" class=\"alignleft jetpack-lazy-image jetpack-lazy-image--handled\" src=\"https:\/\/i1.wp.com\/www.radiopiu.net\/wordpress\/wp-content\/uploads\/2020\/06\/download-3.jpg?resize=224%2C115&amp;ssl=1\" width=\"164\" height=\"84\" data-recalc-dims=\"1\" data-lazy-loaded=\"1\" \/>SANTA GIUSTINA<\/strong> Stava sostituendo una guarnizione dell\u2019impianto di essicazione della carta all\u2019interno dello stabilimento \u201cReno De Medici\u201d ma qualche cosa \u00e8 andato storto e l\u2019operaio D.R. 28 anni \u00e8 stato investito da un getto di acqua bollente. Il giovane operaio alla Cartiera di Santa Giustina \u00e8 stato immediatamente soccorso e portato in ospedale con ustioni di secondo grado sul 33 per cento del corpo. E\u2019 ricoverato all\u2019ospedale di Padova, nel reparto grandi ustionati con una prognosi di 30 giorni.<\/div>\n<div><\/div>\n<div><\/div>\n<div><\/div>\n<blockquote>\n<div><\/div>\n<div>\n<hr \/>\n<\/div>\n<\/blockquote>\n<div class=\"page-title-head hgroup\">\n<blockquote>\n<h3><\/h3>\n<\/blockquote>\n<p>&nbsp;<\/p>\n<p>&nbsp;<\/p>\n<h3>RADIO ESPOSTI NON PIU&#8217; TUTELATI, PARTE LA PROTESTA E LA RICHIESTA DI RISPOSTE ALLA ULSS<\/h3>\n<p><strong><img loading=\"lazy\" decoding=\"async\" class=\"alignleft\" src=\"https:\/\/www.radiopiu.net\/wordpress\/wp-content\/uploads\/2018\/06\/depositphotos_47520511-stock-photo-radiologist-exam.jpg\" width=\"231\" height=\"112\" \/>BELLUNO<\/strong>\u00a0 Cgil e Cisl hanno\u00a0 incontrato in video conferenza i &#8220;radio esposti&#8221;, coloro che hanno lavorato in radiologia e dopo tanti anni di servizio si vedono negare le tutele previste. Sono arrabbiati e preoccupati, lo dice ai nostri microfoni Andrea Fiocco.<\/p>\n<p>&nbsp;<\/p>\n<audio class=\"wp-audio-shortcode\" id=\"audio-142319-1\" preload=\"none\" style=\"width: 100%;\" controls=\"controls\"><source type=\"audio\/mpeg\" src=\"https:\/\/www.radiopiu.net\/wordpress\/wp-content\/uploads\/2020\/06\/assemblea-ulss-radioesposti-secondo.mp3?_=1\" \/><a href=\"https:\/\/www.radiopiu.net\/wordpress\/wp-content\/uploads\/2020\/06\/assemblea-ulss-radioesposti-secondo.mp3\">https:\/\/www.radiopiu.net\/wordpress\/wp-content\/uploads\/2020\/06\/assemblea-ulss-radioesposti-secondo.mp3<\/a><\/audio>\n<p>&nbsp;<\/p>\n<p>&nbsp;<\/p>\n<p>&nbsp;<\/p>\n<hr \/>\n<h3>POST VAIA, AMMINISTRATORI PREOCCUPATI PER GLI ALBERI ANCORA A TERRA E IL PERICOLO INCENDI<\/h3>\n<p><strong><a class=\"dt-pswp-item\" href=\"https:\/\/www.radiopiu.net\/wordpress\/wp-content\/uploads\/2020\/06\/images.jpg\" data-dt-img-description=\"\" data-large_image_width=\"397\" data-large_image_height=\"127\"><img loading=\"lazy\" decoding=\"async\" class=\" wp-image-142544 alignleft\" src=\"https:\/\/www.radiopiu.net\/wordpress\/wp-content\/uploads\/2020\/06\/images-300x96.jpg\" alt=\"\" width=\"244\" height=\"78\" srcset=\"https:\/\/www.radiopiu.net\/wordpress\/wp-content\/uploads\/2020\/06\/images-300x96.jpg 300w, https:\/\/www.radiopiu.net\/wordpress\/wp-content\/uploads\/2020\/06\/images.jpg 397w\" sizes=\"auto, (max-width: 244px) 100vw, 244px\" \/><\/a>ALLEGHE<\/strong> Quali siano\u00a0 le condizioni dei boschi danneggiati dalla tempesta Vaia sono evidenti a distanza di due anni dall&#8217;evento, come i\u00a0 rischi legati a possibili incendi.\u00a0 Su questo tema si sono confrontati esperti e amministratori, gli stessi dei Comuni dell&#8217;Alto Agordino che hanno proposto l&#8217;incontro tenutosi ieri in sala congressi Antonio Franceschini.\u00a0 Il perito Rudy Tramontin,\u00a0 volontario e esperto di incendi boschivi,\u00a0 ha illustrato i pericoli, i rischi e le modalit\u00e0 operative degli interventi per lo spegnimento degli incendi boschivi di competenza dei vigili del fuoco della Regione ed anche per questo erano presenti il nuovo Direttore Operativo della Protezione Civile e Strutture Periferiche\u00a0 Nicola Bortoli,\u00a0 per l&#8217;antincendio boschivo Giorgio De Zorzi e Zilio della Forestale regionale. Bortoli dopo aver ricordato di essersi appena insediato ha sottolineato di essere conscio\u00a0 della situazione del dopo Vaia in particolare della questione schianti e pericolo incendi. Zilio ha illustrato\u00a0 le procedure che verranno messe in atto qualora si dovessero verificare degli incendi: utilizzo elicotteri, tempi di intervento, localizzazione bacini per la raccolta acqua, basi di appoggio per gli elicotteri. Grande preoccupazione \u00e8 stata comunque manifestata dai sindaci per la quantit\u00e0 di schianti ancora a terra, soprattutto nelle zone impervie da dove difficilmente verranno rimossi\u00a0 a causa\u00a0 delle\u00a0 difficolt\u00e0 di accesso alle aree e anche per i costi operativi. I primi cittadini hanno voluto informazioni\u00a0 in merito ai rischi dell&#8217;innesco e della gestione dell&#8217;incendi,\u00a0 hanno chiesto\u00a0 agli esponenti della regione di farsi da tramite per comunicare agli uffici competenti l&#8217;esigenza di interventi di pulizia e rimozione di quegli schianti non commerciali che potrebbero scatenare furiosi incendi. Al termine della riunione il sindaco di Alleghe Danilo De Toni ha ringraziato i funzionari regionali dai quali ha ricevuto rassicurazioni sulla massima vicinanza e collaborazione con i comuni.<\/p>\n<p>&nbsp;<\/p>\n<p>&nbsp;<\/p>\n<p>&nbsp;<\/p>\n<p>&nbsp;<\/p>\n<hr \/>\n<blockquote>\n<h3 class=\"entry-title\">LA SAGA DELLA CICLABILE DI AGORDO TRA CAUSE, CONTRO CAUSE E DANNI METEOROLOGICI<\/h3>\n<\/blockquote>\n<\/div>\n<div class=\"page-title-breadcrumbs\">\n<p><strong class=\"photoswipe-wrapper\"><a class=\"dt-pswp-item pspw-wrap-ready\" href=\"https:\/\/i0.wp.com\/www.radiopiu.net\/wordpress\/wp-content\/uploads\/2020\/05\/CICLABILE-AGORDO.jpg?ssl=1\" data-dt-img-description=\"\" data-large_image_width=\"304\" data-large_image_height=\"166\"><img loading=\"lazy\" decoding=\"async\" class=\" wp-image-141277 alignleft\" src=\"https:\/\/i0.wp.com\/www.radiopiu.net\/wordpress\/wp-content\/uploads\/2020\/05\/CICLABILE-AGORDO.jpg?resize=229%2C125&amp;ssl=1\" sizes=\"auto, (max-width: 229px) 100vw, 229px\" srcset=\"https:\/\/i0.wp.com\/www.radiopiu.net\/wordpress\/wp-content\/uploads\/2020\/05\/CICLABILE-AGORDO.jpg?resize=300%2C164&amp;ssl=1 300w, https:\/\/i0.wp.com\/www.radiopiu.net\/wordpress\/wp-content\/uploads\/2020\/05\/CICLABILE-AGORDO.jpg?w=304&amp;ssl=1 304w\" alt=\"\" width=\"229\" height=\"125\" data-recalc-dims=\"1\" \/><\/a>AGORDO<\/strong>\u00a0Una storia infinita quella della pista ciclabile, il Comune ha messo a bilancio altri 4000 euro per le spese legali. Ma a che punto sono i lavori? I consiglieri comunali hanno affrontato di nuovo il problema nell\u2019ultimo consiglio comunale. Ad oggi tutto \u00e8 bloccato, manca la sentenza del Tar per un ricorso presentato da un proprietario dei terreni dove dovrebbe insistere la ciclabile. Ai problemi di esproprio si sommano quelli causati da Vaia nell\u2019ottobre del 2018. Le prossime settimane con la riapertura dei tribunali si attendono decisioni importanti.<\/p>\n<p><strong>AUDIO, INTERROGA IL CONSIGLIERE COMUNALE PAOLO SELVA MORETTI, RISPONDE IL SINDACO DI AGORDO ROBERTO CHISSALE\u2019<\/strong><\/p>\n<audio class=\"wp-audio-shortcode\" id=\"audio-142319-2\" preload=\"none\" style=\"width: 100%;\" controls=\"controls\"><source type=\"audio\/mpeg\" src=\"https:\/\/www.radiopiu.net\/wordpress\/wp-content\/uploads\/2020\/05\/CICLABILE.mp3?_=2\" \/><a href=\"https:\/\/www.radiopiu.net\/wordpress\/wp-content\/uploads\/2020\/05\/CICLABILE.mp3\">https:\/\/www.radiopiu.net\/wordpress\/wp-content\/uploads\/2020\/05\/CICLABILE.mp3<\/a><\/audio>\n<p>&nbsp;<\/p>\n<hr \/>\n<p>&nbsp;<\/p>\n<blockquote>\n<h3>METEO. STATO DI ATTENZIONE PER TEMPO INSTABILE CON PRECIPITAZIONI DIFFUSE SU ZONE CENTRO-SETTENTRIONALI<\/h3>\n<\/blockquote>\n<p><strong><a class=\"dt-pswp-item\" href=\"https:\/\/www.radiopiu.net\/wordpress\/wp-content\/uploads\/2018\/04\/previsioni-meteo.jpg\" data-dt-img-description=\"\" data-large_image_width=\"500\" data-large_image_height=\"392\"><img loading=\"lazy\" decoding=\"async\" class=\"size-medium wp-image-46370 alignleft\" src=\"https:\/\/www.radiopiu.net\/wordpress\/wp-content\/uploads\/2018\/04\/previsioni-meteo-300x235.jpg\" alt=\"\" width=\"300\" height=\"235\" srcset=\"https:\/\/www.radiopiu.net\/wordpress\/wp-content\/uploads\/2018\/04\/previsioni-meteo-300x235.jpg 300w, https:\/\/www.radiopiu.net\/wordpress\/wp-content\/uploads\/2018\/04\/previsioni-meteo.jpg 500w\" sizes=\"auto, (max-width: 300px) 100vw, 300px\" \/><\/a>VENEZIA\u00a0<\/strong>Il Centro funzionale decentrato della Protezione Civile del Veneto, in considerazione delle previsioni meteo, ha emesso un avviso di attenzione per tempo instabile\/perturbato, con precipitazioni diffuse, pi\u00f9 frequenti e persistenti su zone centro-settentrionali, anche con rovesci e temporali, quantitativi abbondanti specie su zone montane\/pedemontane. Non si escludono temporali localmente intensi.\u00a0La fase pi\u00f9 intensa \u00e8 prevista per la notte ed il primo mattino di oggi con una possibile ripresa dell&#8217;instabilit\u00e0 con qualche rovescio o locale temporale nel pomeriggio. Per Borca di Cadore si segnala il livello 2 di attenzione rinforzata per colate detritiche.\u00a0Le prescrizioni sono valide fino alle ore 24 di oggi<\/p>\n<p>&nbsp;<\/p>\n<p>&nbsp;<\/p>\n<p>&nbsp;<\/p>\n<hr \/>\n<h3><strong>RIENTRO A SCUOLA, AZZOLINA: \u201cSI PENSA AL PLEXIGLASS TRA I BANCHI\u201d<br \/>\n<\/strong><\/h3>\n<p>Visiere al posto delle mascherine per mantenere la socialit\u00e0 e garantire gli studenti disabili, ma anche pannelli di plexiglass per mantenere il distanziamento tra i banchi. Sono queste le ipotesi fatte dalla ministra dell\u2019Istruzione Lucia Azzolina durante la riunione con il premier Conte e i sindacati. Si sta pensando di \u00abcompartimentare\u00bb i banchi, <em>\u00abcome hanno fatto in altri Paesi europei, attraverso pannelli di plexiglass cos\u00ec da garantire la sicurezza che ci sta a cuore\u00bb.<\/em><\/p>\n<p>&nbsp;<\/p>\n<blockquote>\n<h3>DA LUNEDI RIAPRONO GLI ASILI NIDO, IN VENETO A BREVE LA RIAPERTURA DI CINEMA, TEATRI, DISCOTECHE, SAGRE E FIERE. DA LUNEDI SARA&#8217; PERMESSO LO SVOLGIMENTO DELLE ATTIVITA&#8217; SOCIALI DELLE COMUNITA&#8217; EDUCATIVE DIURNE ANCHE PER MINORI. MENO POSITIVI NELLE CASE DI RIPOSO, LE AREE PIU&#8217; CRITICHE NEL VICENTINO E VERONESE. IERI 4 POSITIVI IN VENETO, 2 IN PROVINCIA DI BELLUNO.<\/h3>\n<\/blockquote>\n<p><strong> di Mirko Mezzacasa<\/strong><br \/>\nIeri Luca Zaia ha firmato l&#8217;attesa ordinanza che sdogana gli asilo nido, in conferenza stampa non ha mancato di criticare il Governo romano e il comitato scientifico\u00a0 per le mancate risposte, \u00e8 per\u00f2 anche vero che gi\u00e0 martedi il comitato scientifico nazionale si era espresso dando il via libera alla riapertura dei servizi ma a Venezia nessuno pare l&#8217;abbia mai comunicato. Da lunedi dunque anche i bambini pi\u00f9 piccoli della fascia 0-3 anni potranno ritornare alla vita normale.<em> &#8220;E&#8217; arrivata la risposta positiva da Roma &#8211; ha detto Zaia nel pomeriggio &#8211; l&#8217;attendevamo da 10 giorni, questo ci aiuta e ci tranquillizza anche se sapevamo che non c&#8217;erano motivi per impugnare la nostra ordinanza. Da Roma alcune raccomandazioni che formalizzano la nostra parte normativa&#8221;.<\/em> \u00a0Da lunedi gli informatori scientifici riprenderanno il loro lavoro, avranno accesso agli ospedali.\u00a0 Riapriranno\u00a0 le sale gioco per bambini e adolescenti. Varate anche le regole per le piscine condominiali. Sar\u00e0 permesso lo svolgimento delle attivit\u00e0 sociali delle comunit\u00e0 educative diurne che ospitano anche minori con problemi psicopatologici. Entro il 15 giugno\u00a0 se i dati sanitari lo consentiranno \u00e8\u00a0 attesa una nuova ordinanza che aprir\u00e0 cinema,\u00a0 discoteche,\u00a0 teatri, fiere, sagre,\u00a0 casin\u00f2, sale bingo, congressi e gli sport di squadra. L&#8217;ultimo nodo da sciogliere \u00e8 quello del trasporto pubblico. La proposta di Zaia di dare la possibilit\u00e0 alle aziende di trasporto di tornare al passato ovvero con la capienza dei mezzi come da omologazione con l&#8217;uso della mascherina \u00e8 stata bocciata dal sottosegretario all&#8217;interno Achille Variati che considera pericolosa la proposta di tornare e riempire treni, autobus e vaporetti in deroga alle distanze di sicurezza. Variati riconoscendo il problema invita la Regione a pensare a delle soluzioni alternative come\u00a0 le corse aggiuntive con il coinvolgimento delle aziende di trasporto privato con i mezzi fermi in garage. La buona notizia: nelle case di riposo del Veneto diminuiscono i contagi con una media di 2 positivi ogni 100. In Veneto su 31.656 ospiti 757 sono i positivi (2,4%), 80 ricoverati in ospedale, 810 hanno perso la vita. Sul caso dei contagi e dei decessi \u00e8 stata chiesta una commissione regionale d&#8217;inchiesta, mentre le procure, a seguito degli esposti presentati dai familiari delle vittime, stanno indagando nelle strutture dove si \u00e8 verificato il maggior numero di morti.Tra i 31.247 operatori 349 presentano positivit\u00e0 (1,1%) nessuno \u00e8 ricoverato in ospedale e non si registrano decessi. Nelle 29 strutture della Ulss1 tra i 2157 ospiti 35 sono positivi (1,6%), 9 ricoverati in ospedale, 81 i deceduti. Dei 2117 operatori 10 sono positivi (0,5%) nessun ricovero e nessun decesso. Le strutture con ancora contagi sono quelle di Mel e Trichiana. Finalmente senza contagi la casa di riposo di Santa Croce del lago in Alpago.\u00a0 Da lunedi non tutte le strutture apriranno alla visita parenti, per la Gaggia Lante di Belluno porte aperte ma solo dal 15 giugno<\/p>\n<p><strong>I NUMERI\u00a0 IN VENETO:<\/strong> TOTALE POSITIVI 19170\u00a0 (+4)\u00a0 ATTUALMENTE POSITIVI\u00a0 1298\u00a0 \u00a0(-78)\u00a0 DECESSI 1938\u00a0 (+7)\u00a0 NEGATIVIZZATI 15934 (+75) IN ISOLAMENTO 1225\u00a0 (-42)\u00a0 RICOVERATI 353\u00a0 (-18\u00a0 \u00a0 96 POSITIVI,\u00a0 257 NEGATIVIZZATI), NEGLI OSPEDALI DI COMUNITA\u2019 45 (- 1\u00a0 \u00a010 POSITIVI,\u00a0 35 NEGATIVIZZATI), IN TERAPIA INTENSIVA 19\u00a0 (-2,\u00a0 2 POSITIVI,\u00a0 17 NEGATIVIZZATI). DECESSI IN OSPEDALE: 6.<strong>I NUMERI IN PROVINCIA:<\/strong> TOTALE CONTAGI 1175\u00a0 (+2) , ATTUALMENTE POSITIVI 91\u00a0 (-4) , DECEDUTI 110, NEGATIVIZZATI 974 (+6) ISOLAMENTO DOMICILIARE 151 (-6) RICOVERATI IN OSPEDALE AL SAN MARTINO 4 (-1)<\/p>\n<p>&nbsp;<\/p>\n<hr \/>\n<p>&nbsp;<\/p>\n<p>&nbsp;<\/p>\n<blockquote>\n<h2><\/h2>\n<\/blockquote>\n<blockquote>\n<h3>RIAPERTURA DEGLI IMPIANTI NEL COMPRENSORIO DOLOMITI SUPERSKI, ALLEGHE\u00a0 ANTICIPA L&#8217;APERTURA AL 20 GIUGNO, ERA PREVISTA PER IL 27.<\/h3>\n<\/blockquote>\n<p><a class=\"dt-pswp-item\" href=\"https:\/\/www.radiopiu.net\/wordpress\/wp-content\/uploads\/2018\/04\/impianti-alleghe-funivie.jpg\" data-dt-img-description=\"\" data-large_image_width=\"550\" data-large_image_height=\"309\"><img loading=\"lazy\" decoding=\"async\" class=\" wp-image-46376 alignleft\" src=\"https:\/\/www.radiopiu.net\/wordpress\/wp-content\/uploads\/2018\/04\/impianti-alleghe-funivie-300x169.jpg\" alt=\"\" width=\"234\" height=\"132\" srcset=\"https:\/\/www.radiopiu.net\/wordpress\/wp-content\/uploads\/2018\/04\/impianti-alleghe-funivie-300x169.jpg 300w, https:\/\/www.radiopiu.net\/wordpress\/wp-content\/uploads\/2018\/04\/impianti-alleghe-funivie.jpg 550w\" sizes=\"auto, (max-width: 234px) 100vw, 234px\" \/><\/a><strong>Dolomiti SuperSummer 2020<\/strong><\/p>\n<div>Cortina d\u2019Ampezzo APERTI Kronplatz APERTI, Alta Badia dal 27 giugno, Val Gardena\/Alpe di Siusi APERTI, Val di Fassa\/Carezza dal 11 giugno, Arabba\/Marmolada dal 13 giugno, 3 Cime Dolomiti\u00a0 da DOMANI Val di Fiemme\/Obereggen dal 13 giugno, San Martino di Castrozza-Passo Rolle dal 20 giugno Rio Pusteria &#8211; Bressanone dal 13 giugno, San Pellegrino-Costabella dal 20 giugno a seguire da luglio tutti gli altri impianti, Alleghe dal 20 giugno a seguire dal 4 luglio ripartenza nello zoldano. Forcella Aurine molto probabilmente apre la stagione dal 13 giugno.<\/div>\n<blockquote><p><strong><span style=\"color: #ff0000;\">DAL NOTIZIARIO DEL 19 MAGGIO<\/span><\/strong><\/p><\/blockquote>\n<blockquote>\n<h3>\u00a0MINELLA (ANEF): \u201cRIPARTIAMO IN TOTALE SICUREZZA. GRAZIE ALLA REGIONE VENETO PER IL COSTANTE CONFRONTO. CON NOI RIPARTE LA MONTAGNA\u201d<\/h3>\n<\/blockquote>\n<p><strong><a class=\"dt-pswp-item\" href=\"https:\/\/www.radiopiu.net\/wordpress\/wp-content\/uploads\/2017\/08\/renzo-minella-presidente-dolomiti-turismo.jpg\" data-dt-img-description=\"\" data-large_image_width=\"190\" data-large_image_height=\"270\"><img loading=\"lazy\" decoding=\"async\" class=\" wp-image-36028 alignleft\" src=\"https:\/\/www.radiopiu.net\/wordpress\/wp-content\/uploads\/2017\/08\/renzo-minella-presidente-dolomiti-turismo.jpg\" alt=\"\" width=\"101\" height=\"144\" \/><\/a>BELLUNO<\/strong>\u00a0\u201c<em>Ripartiamo in totale sicurezza e con il massimo senso di responsabilit\u00e0, lo stesso che abbiamo dimostrato fin dall\u2019inizio dell\u2019emergenza Covid-19. Siamo carichi di energia e convinti che la stagione si possa e si debba salvare. Con noi riparte tutta la montagna veneta<\/em>\u201d. A dirlo \u00e8 Renzo Minella, presidente di Anef Veneto, l\u2019associazione degli impiantisti che ha sede in Confindustria Belluno Dolomiti<\/p>\n<p>&nbsp;<\/p>\n<p><strong>RENZO MINELLA PRESIDENTE DI ANEF VENETO<\/strong><\/p>\n<audio class=\"wp-audio-shortcode\" id=\"audio-142319-3\" preload=\"none\" style=\"width: 100%;\" controls=\"controls\"><source type=\"audio\/mpeg\" src=\"https:\/\/www.radiopiu.net\/wordpress\/wp-content\/uploads\/2020\/05\/RENZO-MINELLA-IMPIANTI-1.mp3?_=3\" \/><a href=\"https:\/\/www.radiopiu.net\/wordpress\/wp-content\/uploads\/2020\/05\/RENZO-MINELLA-IMPIANTI-1.mp3\">https:\/\/www.radiopiu.net\/wordpress\/wp-content\/uploads\/2020\/05\/RENZO-MINELLA-IMPIANTI-1.mp3<\/a><\/audio>\n<p>&nbsp;<\/p>\n<p>&nbsp;<\/p>\n<p>&nbsp;<\/p>\n<hr \/>\n<blockquote class=\"wp-embedded-content\" data-secret=\"pyperZOmz7\"><p><a href=\"https:\/\/www.radiopiu.net\/wordpress\/coronavirus-aggiornamento-nazionale-04-giugno\/\">CORONAVIRUS: AGGIORNAMENTO NAZIONALE 04 GIUGNO<\/a><\/p><\/blockquote>\n<p><iframe loading=\"lazy\" title=\"&#8220;CORONAVIRUS: AGGIORNAMENTO NAZIONALE 04 GIUGNO&#8221; &#8212; Radio Pi\u00f9\" class=\"wp-embedded-content\" sandbox=\"allow-scripts\" security=\"restricted\" style=\"position: absolute; clip: rect(1px, 1px, 1px, 1px);\" src=\"https:\/\/www.radiopiu.net\/wordpress\/coronavirus-aggiornamento-nazionale-04-giugno\/embed\/#?secret=pyperZOmz7\" data-secret=\"pyperZOmz7\" width=\"600\" height=\"338\" frameborder=\"0\" marginwidth=\"0\" marginheight=\"0\" scrolling=\"no\"><\/iframe><\/p>\n<p>&nbsp;<\/p>\n<hr \/>\n<p>&nbsp;<\/p>\n<blockquote class=\"wp-embedded-content\" data-secret=\"6Y6noEG0Ln\"><p><a href=\"https:\/\/www.radiopiu.net\/wordpress\/aggiornamento03\/\">BOLLETTINO DELLE 17: 7 DECESSI IN 24 ORE, 4 POSITIVI, 19 PAZIENTI IN MENO IN OSPEDALE, 2 POSITIVI SU 19 IN TERAPIA INTENSIVA<\/a><\/p><\/blockquote>\n<p><iframe loading=\"lazy\" title=\"&#8220;BOLLETTINO DELLE 17: 7 DECESSI IN 24 ORE, 4 POSITIVI, 19 PAZIENTI IN MENO IN OSPEDALE, 2 POSITIVI SU 19 IN TERAPIA INTENSIVA&#8221; &#8212; Radio Pi\u00f9\" class=\"wp-embedded-content\" sandbox=\"allow-scripts\" security=\"restricted\" style=\"position: absolute; clip: rect(1px, 1px, 1px, 1px);\" src=\"https:\/\/www.radiopiu.net\/wordpress\/aggiornamento03\/embed\/#?secret=6Y6noEG0Ln\" data-secret=\"6Y6noEG0Ln\" width=\"600\" height=\"338\" frameborder=\"0\" marginwidth=\"0\" marginheight=\"0\" scrolling=\"no\"><\/iframe><\/p>\n<p><a class=\"dt-pswp-item\" href=\"https:\/\/www.radiopiu.net\/wordpress\/wp-content\/uploads\/2020\/06\/dpc-covid19-ita-scheda-regioni-20200604.jpg\" data-dt-img-description=\"\" data-large_image_width=\"1754\" data-large_image_height=\"1240\"><img loading=\"lazy\" decoding=\"async\" class=\"alignnone wp-image-142535 size-large\" src=\"https:\/\/www.radiopiu.net\/wordpress\/wp-content\/uploads\/2020\/06\/dpc-covid19-ita-scheda-regioni-20200604-1024x724.jpg\" alt=\"\" width=\"1024\" height=\"724\" srcset=\"https:\/\/www.radiopiu.net\/wordpress\/wp-content\/uploads\/2020\/06\/dpc-covid19-ita-scheda-regioni-20200604-1024x724.jpg 1024w, https:\/\/www.radiopiu.net\/wordpress\/wp-content\/uploads\/2020\/06\/dpc-covid19-ita-scheda-regioni-20200604-300x212.jpg 300w, https:\/\/www.radiopiu.net\/wordpress\/wp-content\/uploads\/2020\/06\/dpc-covid19-ita-scheda-regioni-20200604-768x543.jpg 768w, https:\/\/www.radiopiu.net\/wordpress\/wp-content\/uploads\/2020\/06\/dpc-covid19-ita-scheda-regioni-20200604-1536x1086.jpg 1536w, https:\/\/www.radiopiu.net\/wordpress\/wp-content\/uploads\/2020\/06\/dpc-covid19-ita-scheda-regioni-20200604.jpg 1754w\" sizes=\"auto, (max-width: 1024px) 100vw, 1024px\" \/><\/a><\/p>\n<p>&nbsp;<\/p>\n<p>&nbsp;<\/p>\n<p>&nbsp;<\/p>\n<hr \/>\n<p>&nbsp;<\/p>\n<blockquote>\n<h3>DATI E GRAFICI DEL GIORNO, PROVINCIA \u2013 REGIONE 04 GIUGNO 2020<\/h3>\n<\/blockquote>\n<p><strong>Con la collaborazione di Tiziano De Col<\/strong><\/p>\n<p><a class=\"dt-pswp-item\" href=\"https:\/\/www.radiopiu.net\/wordpress\/wp-content\/uploads\/2020\/06\/Schermata-2020-06-04-alle-19.34.56.png\" data-dt-img-description=\"\" data-large_image_width=\"810\" data-large_image_height=\"452\"><img loading=\"lazy\" decoding=\"async\" class=\"alignnone wp-image-142528\" src=\"https:\/\/www.radiopiu.net\/wordpress\/wp-content\/uploads\/2020\/06\/Schermata-2020-06-04-alle-19.34.56-300x167.png\" alt=\"\" width=\"374\" height=\"208\" srcset=\"https:\/\/www.radiopiu.net\/wordpress\/wp-content\/uploads\/2020\/06\/Schermata-2020-06-04-alle-19.34.56-300x167.png 300w, https:\/\/www.radiopiu.net\/wordpress\/wp-content\/uploads\/2020\/06\/Schermata-2020-06-04-alle-19.34.56-768x429.png 768w, https:\/\/www.radiopiu.net\/wordpress\/wp-content\/uploads\/2020\/06\/Schermata-2020-06-04-alle-19.34.56.png 810w\" sizes=\"auto, (max-width: 374px) 100vw, 374px\" \/><\/a><a class=\"dt-pswp-item\" href=\"https:\/\/www.radiopiu.net\/wordpress\/wp-content\/uploads\/2020\/06\/76d1df88-0dd8-4d6d-9a79-98321d5cb87f.jpg\" data-dt-img-description=\"\" data-large_image_width=\"480\" data-large_image_height=\"334\"><img loading=\"lazy\" decoding=\"async\" class=\"alignnone size-medium wp-image-142529\" src=\"https:\/\/www.radiopiu.net\/wordpress\/wp-content\/uploads\/2020\/06\/76d1df88-0dd8-4d6d-9a79-98321d5cb87f-300x209.jpg\" alt=\"\" width=\"300\" height=\"209\" srcset=\"https:\/\/www.radiopiu.net\/wordpress\/wp-content\/uploads\/2020\/06\/76d1df88-0dd8-4d6d-9a79-98321d5cb87f-300x209.jpg 300w, https:\/\/www.radiopiu.net\/wordpress\/wp-content\/uploads\/2020\/06\/76d1df88-0dd8-4d6d-9a79-98321d5cb87f.jpg 480w\" sizes=\"auto, (max-width: 300px) 100vw, 300px\" \/><\/a><a class=\"dt-pswp-item\" href=\"https:\/\/www.radiopiu.net\/wordpress\/wp-content\/uploads\/2020\/06\/c205dd6a-f23c-4485-b30b-e934055c6cc9.jpg\" data-dt-img-description=\"\" data-large_image_width=\"480\" data-large_image_height=\"372\"><img loading=\"lazy\" decoding=\"async\" class=\"alignnone size-medium wp-image-142530\" src=\"https:\/\/www.radiopiu.net\/wordpress\/wp-content\/uploads\/2020\/06\/c205dd6a-f23c-4485-b30b-e934055c6cc9-300x233.jpg\" alt=\"\" width=\"300\" height=\"233\" srcset=\"https:\/\/www.radiopiu.net\/wordpress\/wp-content\/uploads\/2020\/06\/c205dd6a-f23c-4485-b30b-e934055c6cc9-300x233.jpg 300w, https:\/\/www.radiopiu.net\/wordpress\/wp-content\/uploads\/2020\/06\/c205dd6a-f23c-4485-b30b-e934055c6cc9.jpg 480w\" sizes=\"auto, (max-width: 300px) 100vw, 300px\" \/><\/a><\/p>\n<p>&nbsp;<\/p>\n<p>&nbsp;<\/p>\n<hr \/>\n<p>&nbsp;<\/p>\n<h2>LEGGI LA CONFERENZA STAMPA DI LUCA ZAIA<\/h2>\n<p><em>Da lunedi via libera agli asilI nido\u00a0 e la ristorazione torna in campo i bimbi piccoli non possono portarsi il panino da casa\u00a0<\/em><\/p>\n<p>Il virus perde potenza, praticamente un contagiato in mezzo a 3000 persone. \u00a0Siamo tornati a regime con quasi tutti gli ospedali e i pronto soccorso.<\/p>\n<h1><span style=\"color: #ff0000;\">Pronta l&#8217;ordinanza fino a 27 giugno<\/span><\/h1>\n<p><strong>SERVIZI PER L\u2019INFANZIA 0-3 ANNI<\/strong> dall\u20198 giugno consentito lo svolgimento delle attivit\u00e0 nel rispetto delle linee guida predisposte dalla Regione che ha pronta l\u2019ordinanza ma attende la validazione di Roma, passaggio che non \u00e8 ancora stato fatto n\u00e8 per DPCM n\u00e8 dalla comunit\u00e0 scientifica. Siamo pronti per dare il via con le nostre linee guida &#8211; ha detto Zaia &#8211; ammettendo anche la ristorazione poich\u00e9 i bimbi non possono certo portarsi il panino da casa. <strong>INFORMATORI SCIENTIFICI<\/strong> Coloro che portano le ultime novit\u00e0 farmacologiche agli ospedalieri, fino ad oggi non possono entrare in ospedale, con la nuova ordinanza avranno accesso alle strutture sanitarie. E\u2019 un\u2019attivit\u00e0 di natura promozionale con valore altamente informativo. E\u2019 giusto che i nostri medici abbino le giuste relazioni\u00a0<strong>SALE GIOCHI PER BAMBINI E ADOLESCENTI\u00a0<\/strong>\u00a0Verranno aperte nel rispetto delle regole.\u00a0<strong>PISCINE CONDOMINIALI<\/strong> L\u2019utilizzo\u00a0 delle piscine negli edifici con almeno 9 unit\u00e0 abitative anche non turistiche potranno aprire con le disposizioni stabilite nelle piscine. Un appunto per gli amministratori di condominio che ora potranno affrontare le aperture. <strong>CASE PROTETTE ANCORA CHIUSE\u00a0<\/strong> Vediamo di inserire anche questo nell&#8217;ordinanza che stiamo per promulgare.<\/p>\n<h2>DOMANDE<\/h2>\n<p><strong>A VERONA IL BLITZ CONTRO LA NDRANGHETA<\/strong> Non \u00e8 una novit\u00e0, ricordo le azioni della Procura di Venezia in\u00a0 passato per i fatti di Eraclea dove\u00a0 la Regione si \u00e8 costituita parte civile. Penso che il substrato ci sia, dato anche dalla crisi economiche e\u00a0 dalla ricchezza dei territori. Non avendo letto nulla non dico nulla tantomeno commenti su nomi o quant&#8217;altro, non bisogna pero&#8217; abbassare la guardia il problema c&#8217;\u00e8 e cercheremo di capirne l&#8217;evoluzione.<\/p>\n<p><strong>ORDINANZA PER PRIMI<\/strong> Si muoveranno anche le altre Regioni. Partiamo oggi perch\u00e9 si possa partire lunedi e non credo si siano motivi per impugnarla. Non \u00e8 una prova muscolare sono 10 giorni che attendiamo risposte da Roma che non sono mai arrivate. Non ha pi\u00f9 senso aprire tra 10 giorni, mi aspetto una validazione del comitato scientifico anche per una certa tranquillit\u00e0. Credo si muover\u00e0 in questo senso anche il Friuli.<\/p>\n<p><strong>CONVOCATA LA CONFERENZA DEI SINDACI PER IL TRASPORTO PUBBLICO LOCALE?<\/strong> Non ancora ma entro pochi giorni presenteremo un&#8217;istanza comune per la capienza da omologazione e uso della mascherina e iginiezzatore prima che il problema diventi insormontabile.<\/p>\n<p><strong>ALTRO FRONTE COMUNE PER LA PROMOZIONE TURISTICA CON L&#8217;APPELLO DEL MINISTRO ALL&#8217;UNIONE<\/strong> Non ho visto le dichiarazione del Ministro (invita al non individualismo ndr.). Che il Ministro vada a Jesolo e Bibione e gli dica di attendere le disposizioni di Roma.<\/p>\n<p><strong>DIMENTICATO L&#8217;AUTONOMIA?<\/strong> No siamo concentrati sul Covid, abbiamo votato tutti i provvedimenti del Governo, per noi l&#8217;autonomia nel rispetto della legge \u00e8 la madre di tutte le battaglie. La squadra veneta che affronta i problemi se la merita. A Roma pensano sia una sottrazione di potere, noi invece un&#8217;assunzione di responsabilit\u00e0. Usciamo dal medioevo solo con una nuova ossatura costituzionale o siamo finiti. Bisogna trovare un punto d&#8217;incontro.\u00a0 Il comitato scientifico e la delegazione trattante ha sempre lavorato. Ora il Governo si trover\u00e0 il dossier da affrontare e deve rispondere a 2 milioni di veneti andati a votare<\/p>\n<p><strong>CRISI COVID<\/strong> Persi almeno 65mila posti di lavoro, altrettante persone e famiglie\u00a0 in difficolt\u00e0,\u00a0 35mila\u00a0 solo nel turismo. Il monitoraggio \u00e8 fondamentale.<\/p>\n<p><strong>PROBLEMA RIPARTENZA CASE PROTETTE, MANCANO LE LINEE GUIDA\u00a0<\/strong> Sar\u00e0 inserita nell&#8217;ordinanza di oggi diamo merito al mondo dell&#8217;informazione.<\/p>\n<p><strong>57 ONOREFICIENZE DI MATTARELLA SI ASPETTAVA QUALCHE COSA DI PIU&#8217; PER IL VENETO O E&#8217;\u00a0 CONTENTO\u00a0<\/strong> Sono scelte in autonomia, inviterei il presidente a pensare anche gli eroi che in questa tornata non ci sono, comprese le categorie dai rianimatori agli oss insomma a chi opera nella sanit\u00e0. Poi c&#8217;\u00e8 sempre Vo&#8217; ma penso che per questo stia pensando a qualche cosa di particolare per ripagarli dei loro sacrifici. Ho parlato col presidente e sono sicuro che qualche considerazione la far\u00e0.<\/p>\n<p><strong>LE IDEE DI CONTE<\/strong> Interessanti ma \u00e8 ora di spalmare il modello Genova in tutto il paese, siamo in emergenza.<\/p>\n<p><strong>CASE DI RIPOSO, CE NE SONO ANCORA DI CHIUSE<\/strong> Noi abbiamo fatto le linee guida, cercheremo di stimolare. Forse qualcuno ha ancora problemi a gestire le linee guida. E&#8217; chiaro che le visite sono sempre contingentate e con l&#8217;uso di dispositivi. Siamo preoccupati per questo settore.<\/p>\n<p><strong>CRISANTI RIPROPONE L&#8217;IMPORTANZA DEL MODELLO VO&#8217;\u00a0 FACENDO APPELLO ALLA PRUDENZA DICHIARANDOSI FAVOREVOLE ALLA CHIUSURA DEI CONFINI CON L&#8217;AUSTRIA.<\/strong> E&#8217; da una settimana che diciamo di aprire le frontiere, e lo ribadisco. Io sono per l&#8217;apertura,\u00a0 gli altri temi non li discuto. Ho sentito un&#8217;intervista del professor Zangrillo, dice che il virus \u00e8 clinicamente spento con riferimento in terapia intensiva, ma se la vedano tra loro, tra Crisanti e Zangrillo. Non sono nelle condizioni di disquisire sulle dichiarazioni del luminare Crisanti. Chi sono io per giudicare? Ora ci sar\u00e0 un rincorrersi di dichiarazione. Anche gli scienziati lasceranno le prime pagine e si esprimeranno su altri temi e non possiamo passare le giornate a replicare alle loro dichiarazioni. Per qualcuno era sbagliato anche aprire 10 o 20 giorni fa, si diceva sarebbe stata un&#8217;ecatombe ma i dati ad oggi danno ragione a noi. Domani vediamo. Fino ad ora dal 4 maggio \u00e8 esattamente il contrario di quello che dichiarava il mondo scientifico.<\/p>\n<p><strong>ANCHE SAGRE, FIERE CONGRESSI DAL 15 GIUGNO?<\/strong> Stiamo studiando le linee guida.<\/p>\n<p>https:\/\/www.facebook.com\/zaiaufficiale\/videos\/299158508137117<\/p>\n<p>&nbsp;<\/p>\n<p><strong>LA NUOVA ORDINANZA\u00a0<\/strong><\/p>\n<a href=\"https:\/\/www.radiopiu.net\/wordpress\/wp-content\/uploads\/2020\/06\/OPGR_2020_06_04_N056.pdf\" class=\"pdfemb-viewer\" style=\"\" data-width=\"max\" data-height=\"max\" data-toolbar=\"top\" data-toolbar-fixed=\"on\">OPGR_2020_06_04_N056<\/a>\n<p>&nbsp;<\/p>\n<p>&nbsp;<\/p>\n<hr \/>\n<p>&nbsp;<\/p>\n<blockquote>\n<h3>&#8220;DE COCCIO&#8221;: MERCOLEDI 2 SANZIONI E 2 DENUNCE PER ALTRI REATI<\/h3>\n<\/blockquote>\n<p><strong>BELLUNO<\/strong> Sono stati comunicati i dati in base ai controlli delle Forze dell&#8217;Ordine per il contenimento del Covid-19. Nella giornata di mercoled\u00ec sono 429 le persone controllate, 2 le sanzioni inflitte e 2 le denunce per altri reati (prime irregolarit\u00e0 da inizio settimana dopo 1498 controlli). Tutto regolare invece per quanto riguarda gli esercizi commerciali. Nessuna sanzione o chiusura dopo le 198 attivit\u00e0 controllate nell&#8217;ultimo giorno.<\/p>\n<p><a class=\"dt-pswp-item\" href=\"https:\/\/www.radiopiu.net\/wordpress\/wp-content\/uploads\/2020\/06\/MONITORAGGIO_GIORNALIERO_DEI_SERVIZI_DI_CONTROLLO_DEL_03.06.2020.jpg\" data-dt-img-description=\"\" data-large_image_width=\"1240\" data-large_image_height=\"1754\"><img loading=\"lazy\" decoding=\"async\" class=\"alignnone wp-image-142384 \" src=\"https:\/\/www.radiopiu.net\/wordpress\/wp-content\/uploads\/2020\/06\/MONITORAGGIO_GIORNALIERO_DEI_SERVIZI_DI_CONTROLLO_DEL_03.06.2020-724x1024.jpg\" alt=\"\" width=\"283\" height=\"400\" srcset=\"https:\/\/www.radiopiu.net\/wordpress\/wp-content\/uploads\/2020\/06\/MONITORAGGIO_GIORNALIERO_DEI_SERVIZI_DI_CONTROLLO_DEL_03.06.2020-724x1024.jpg 724w, https:\/\/www.radiopiu.net\/wordpress\/wp-content\/uploads\/2020\/06\/MONITORAGGIO_GIORNALIERO_DEI_SERVIZI_DI_CONTROLLO_DEL_03.06.2020-212x300.jpg 212w, https:\/\/www.radiopiu.net\/wordpress\/wp-content\/uploads\/2020\/06\/MONITORAGGIO_GIORNALIERO_DEI_SERVIZI_DI_CONTROLLO_DEL_03.06.2020-768x1086.jpg 768w, https:\/\/www.radiopiu.net\/wordpress\/wp-content\/uploads\/2020\/06\/MONITORAGGIO_GIORNALIERO_DEI_SERVIZI_DI_CONTROLLO_DEL_03.06.2020-1086x1536.jpg 1086w, https:\/\/www.radiopiu.net\/wordpress\/wp-content\/uploads\/2020\/06\/MONITORAGGIO_GIORNALIERO_DEI_SERVIZI_DI_CONTROLLO_DEL_03.06.2020.jpg 1240w\" sizes=\"auto, (max-width: 283px) 100vw, 283px\" \/><\/a><\/p>\n<p>&nbsp;<\/p>\n<p>&nbsp;<\/p>\n<hr \/>\n<p>&nbsp;<\/p>\n<blockquote>\n<h3>CONTENIMENTO CONSUMO SUOLO: GIUNTA VENETA APPROVA BANDI PER DEMOLIZIONE OPERE INCONGRUE E RIPRISTINO SUOLO NATURALE<\/h3>\n<\/blockquote>\n<p><strong><a class=\"dt-pswp-item\" href=\"https:\/\/www.radiopiu.net\/wordpress\/wp-content\/uploads\/2020\/05\/CRISTIANO-CORAZZARI.jpg\" data-dt-img-description=\"\" data-large_image_width=\"400\" data-large_image_height=\"400\"><img loading=\"lazy\" decoding=\"async\" class=\" wp-image-139133 alignleft\" src=\"https:\/\/www.radiopiu.net\/wordpress\/wp-content\/uploads\/2020\/05\/CRISTIANO-CORAZZARI-300x300.jpg\" alt=\"\" width=\"182\" height=\"182\" srcset=\"https:\/\/www.radiopiu.net\/wordpress\/wp-content\/uploads\/2020\/05\/CRISTIANO-CORAZZARI-300x300.jpg 300w, https:\/\/www.radiopiu.net\/wordpress\/wp-content\/uploads\/2020\/05\/CRISTIANO-CORAZZARI-150x150.jpg 150w, https:\/\/www.radiopiu.net\/wordpress\/wp-content\/uploads\/2020\/05\/CRISTIANO-CORAZZARI.jpg 400w\" sizes=\"auto, (max-width: 182px) 100vw, 182px\" \/><\/a>VENEZIA\u00a0<\/strong>La Giunta regionale del Veneto, su proposta dell\u2019assessore al territorio Cristiano Corazzari, ha approvato la deliberazione che d\u00e0 avvio ai bandi del 2020 per l\u2019assegnazione di finanziamenti destinati alla riqualificazione edilizia, ambientale per la rigenerazione urbana attraverso la demolizione di opere incongrue o di elementi di degrado nonch\u00e9 di manufatti ricadenti in aree a pericolosit\u00e0 idraulica e geologica, con ripristino del suolo naturale o seminaturale, per complessivi 200 mila euro.\u00a0Possono chiedere il finanziamento i Comuni, gli Enti pubblici, gli organismi di diritto pubblico ed associazioni, singolarmente o in forma associata, nonch\u00e9 i soggetti privati, presentando la domanda, corredata dal progetto dell\u2019intervento, ai Comuni nel cui territorio ricade l\u2019opera incongrua, al fine della valutazione ed espressione dell\u2019interesse pubblico dello stesso intervento.\u00a0Entro le scadenze previste dai bandi, i Comuni dovranno provvedere a inviare agli uffici competenti della Regione, le istanze pervenute con le relative dichiarazione di interesse pubblico.\u00a0Il finanziamento regionale sar\u00e0 concesso nella misura massima del 50% delle spese strettamente connesse agli interventi di demolizione e rinaturalizzazione del suolo e comunque il contributo massimo non potr\u00e0 superare i 50 mila euro se il valore stimato per gli interventi \u00e8 uguale o superiore ai 100 mila euro, ovvero non potr\u00e0 superare i 20 mila euro se il valore stimato per gli interventi \u00e8 invece inferiore ai 100 mila euro.\u00a0\u201c<em>Con questo provvedimento \u2013 sostiene l\u2019assessore Corazzari \u2013 proseguiamo nella politica di contenimento del consumo di suolo, attraverso la quale sono state promosse negli scorsi anni significative azioni che prevedono il finanziamento per gli interventi di riqualificazione del tessuto urbano esistente intervenendo sul patrimonio edilizio. Un nuovo modo di agire e intervenire anche a livello culturale, nella piena consapevolezza del valore delle risorse naturali e ambientali, risorse limitate e non rinnovabili che rappresentano il bene comune per le attuali e future generazioni<\/em>\u201d.<\/p>\n<p>&nbsp;<\/p>\n<p>&nbsp;<\/p>\n<hr \/>\n<p>&nbsp;<\/p>\n<blockquote>\n<h3>APPROVATO BANDO PER CONTRIBUTI A SOSTEGNO DELLE ATTIVIT\u00c0 DEI COMITATI PROVINCIALI E DEI CONSORZI DELLE PRO LOCO DEL VENETO<\/h3>\n<\/blockquote>\n<p><strong><a class=\"dt-pswp-item\" href=\"https:\/\/www.radiopiu.net\/wordpress\/wp-content\/uploads\/2020\/06\/CANER-scaled.jpg\" data-dt-img-description=\"\" data-large_image_width=\"1920\" data-large_image_height=\"2560\"><img loading=\"lazy\" decoding=\"async\" class=\" wp-image-142390 alignleft\" src=\"https:\/\/www.radiopiu.net\/wordpress\/wp-content\/uploads\/2020\/06\/CANER-225x300.jpg\" alt=\"\" width=\"168\" height=\"224\" srcset=\"https:\/\/www.radiopiu.net\/wordpress\/wp-content\/uploads\/2020\/06\/CANER-225x300.jpg 225w, https:\/\/www.radiopiu.net\/wordpress\/wp-content\/uploads\/2020\/06\/CANER-768x1024.jpg 768w, https:\/\/www.radiopiu.net\/wordpress\/wp-content\/uploads\/2020\/06\/CANER-1152x1536.jpg 1152w, https:\/\/www.radiopiu.net\/wordpress\/wp-content\/uploads\/2020\/06\/CANER-1536x2048.jpg 1536w, https:\/\/www.radiopiu.net\/wordpress\/wp-content\/uploads\/2020\/06\/CANER-scaled.jpg 1920w\" sizes=\"auto, (max-width: 168px) 100vw, 168px\" \/><\/a>VENEZIA\u00a0<\/strong>La Giunta regionale del Veneto, su proposta dell\u2019assessore al turismo Federico Caner, ha approvato il bando 2020 per la concessione di contributi a sostegno delle attivit\u00e0 di promozione e valorizzazione turistica, culturale, folcloristica ed enogastronomica locale realizzate dalle associazioni delle Pro Loco.\u00a0La somma complessiva messa a disposizione \u00e8 di 390 mila euro e ne potranno beneficiare i Comitati provinciali veneti dell\u2019Unione Nazionale Pro Loco d\u2019Italia (per 240 mila euro) e i Consorzi di Pro Loco operanti nella nostra regione (per 150 mila euro).\u00a0\u201c<em>Le Pro Loco \u2013 sottolinea Caner \u2013 sono una delle componenti pi\u00f9 importanti del sistema turistico ed \u00e8 grazie ai volontari che le animano e le supportano se il Veneto \u00e8 in grado di offrire cos\u00ec tante attivit\u00e0 di valorizzazione delle risorse naturali, artistiche, storiche e culturali del territorio, oltre che di tutela dei valori della tradizione e dell\u2019identit\u00e0 veneta<\/em>\u201d.\u00a0\u201c<em>Attraverso questi finanziamenti \u2013 aggiunge l\u2019assessore \u2013 favoriamo non solo le iniziative per lo sviluppo del turismo, della cultura e dello sport, ma contribuiamo anche a sostenere quel ruolo di rilevanza sociale, di aggregazione, di salvaguardia dei beni ambientali e architettonici, svolto dalle Pro Loco a favore delle nostre comunit\u00e0. Un ruolo che si riveler\u00e0 ancor pi\u00f9 indispensabile in questa fase di riapertura dopo il lungo, snervante e doloroso lockdown<\/em>\u201d.<\/p>\n<p>&nbsp;<\/p>\n<p>&nbsp;<\/p>\n<hr \/>\n<p>&nbsp;<\/p>\n<blockquote>\n<h3>SCUOLA: DONAZZAN, \u201cSERVE COORDINAMENTO DELLE REGIONI PER NON ARRIVARE IMPREPARATI ALLA RIPRESA A SETTEMBRE, GRAVE IL RITARDO DEL GOVERNO\u201d<\/h3>\n<\/blockquote>\n<p><strong><a class=\"dt-pswp-item\" href=\"https:\/\/www.radiopiu.net\/wordpress\/wp-content\/uploads\/2020\/04\/DONAZZAN-1.jpg\" data-dt-img-description=\"\" data-large_image_width=\"2048\" data-large_image_height=\"2048\"><img loading=\"lazy\" decoding=\"async\" class=\" wp-image-133654 alignleft\" src=\"https:\/\/www.radiopiu.net\/wordpress\/wp-content\/uploads\/2020\/04\/DONAZZAN-1-300x300.jpg\" alt=\"\" width=\"202\" height=\"202\" srcset=\"https:\/\/www.radiopiu.net\/wordpress\/wp-content\/uploads\/2020\/04\/DONAZZAN-1-300x300.jpg 300w, https:\/\/www.radiopiu.net\/wordpress\/wp-content\/uploads\/2020\/04\/DONAZZAN-1-1024x1024.jpg 1024w, https:\/\/www.radiopiu.net\/wordpress\/wp-content\/uploads\/2020\/04\/DONAZZAN-1-150x150.jpg 150w, https:\/\/www.radiopiu.net\/wordpress\/wp-content\/uploads\/2020\/04\/DONAZZAN-1-768x768.jpg 768w, https:\/\/www.radiopiu.net\/wordpress\/wp-content\/uploads\/2020\/04\/DONAZZAN-1-1536x1536.jpg 1536w, https:\/\/www.radiopiu.net\/wordpress\/wp-content\/uploads\/2020\/04\/DONAZZAN-1.jpg 2048w\" sizes=\"auto, (max-width: 202px) 100vw, 202px\" \/><\/a>VENEZIA\u00a0<\/strong>\u201c<em>La scuola sar\u00e0 l\u2019ultima attivit\u00e0 a riaprire, segno che i giovani e l\u2019educazione non sono nelle priorit\u00e0 di questo governo. Purtroppo non \u00e8 stato possibile concedere a a ragazzi e insegnanti di ritrovarsi in classe nemmeno per un giorno, a fine anno scolastico. Ma cos\u00ec si rischia di arrivare impreparati anche a settembre. Dal ministero sinora non sono arrivate indicazioni, ma settembre \u00e8 dietro l\u2019angolo<\/em>\u201d.\u00a0Su questi presupposti l\u2019assessore regionale all\u2019istruzione e alla formazione, Elena Donazzan, ha convocato il tavolo regionale per progettare la ripartenza della scuola, definendo i criteri base dello scenario di riferimento per il rientro in classe. Obiettivo del confronto &#8211; che ha coinvolto Ufficio scolastico regionale, Anci, Upi, organizzazioni sindacali, Associazione nazionale presidi, FormaVeneto, Associazione dei genitori delle scuole cattoliche, Assessorato regionale alla sanit\u00e0 e al sociale e Assessorato regionale ai trasporti \u2013 \u00e8 la costituzione di un coordinamento operativo regionale che elabori entro due settimane<span class=\"Apple-converted-space\">\u00a0 <\/span>\u2018linee guida\u2019 per il rientro in classe a settembre dei 586 mila alunni veneti e per la ripresa dell\u2019attivit\u00e0 didattica per gli oltre 100 mila iscritti dei quattro atenei veneti.<span class=\"Apple-converted-space\">\u00a0<\/span><\/p>\n<p>&nbsp;<\/p>\n<p>&nbsp;<\/p>\n<hr \/>\n<p>&nbsp;<\/p>\n<blockquote>\n<h3>AGENDA DIGITALE. MARCATO SU COMMISSIONE SPECIALE. \u201cBENE I 31 MILIONI DI EURO IN VENETO PER IL PIANO SCUOLE BANDA ULTRALARGA<\/h3>\n<\/blockquote>\n<p><strong><a class=\"dt-pswp-item\" href=\"https:\/\/www.radiopiu.net\/wordpress\/wp-content\/uploads\/2020\/04\/ROBERTO-MARCATO.jpg\" data-dt-img-description=\"\" data-large_image_width=\"960\" data-large_image_height=\"960\"><img loading=\"lazy\" decoding=\"async\" class=\" wp-image-128165 alignleft\" src=\"https:\/\/www.radiopiu.net\/wordpress\/wp-content\/uploads\/2020\/04\/ROBERTO-MARCATO-300x300.jpg\" alt=\"\" width=\"231\" height=\"231\" srcset=\"https:\/\/www.radiopiu.net\/wordpress\/wp-content\/uploads\/2020\/04\/ROBERTO-MARCATO-300x300.jpg 300w, https:\/\/www.radiopiu.net\/wordpress\/wp-content\/uploads\/2020\/04\/ROBERTO-MARCATO-150x150.jpg 150w, https:\/\/www.radiopiu.net\/wordpress\/wp-content\/uploads\/2020\/04\/ROBERTO-MARCATO-768x768.jpg 768w, https:\/\/www.radiopiu.net\/wordpress\/wp-content\/uploads\/2020\/04\/ROBERTO-MARCATO.jpg 960w\" sizes=\"auto, (max-width: 231px) 100vw, 231px\" \/><\/a>VENEZIA\u00a0<\/strong>\u201c<em>Siamo soddisfatti che il Governo abbia accolto la nostra proposta di investire sul potenziamento della rete, portando la banda ultra larga per collegare le nostre scuole e offrendo voucher alle famiglie per la connessione a internet. Ora serve una decisa presa di posizione e un\u2019azione efficace per risolvere prima possibile l\u2019inaccettabile ritardo del piano nazionale BUL con centinaia di bloccati nei Comuni<\/em>\u201d.<span class=\"Apple-converted-space\">\u00a0<\/span>Cos\u00ec l\u2019assessore regionale allo sviluppo economico ed energia Roberto Marcato commenta l\u2019esito della Commissione Speciale Agenda Digitale della Conferenza Stato Regioni che ieri ha fatto il punto sui temi della digitalizzazione nel nostro Paese alla presenza del ministro per l\u2019innovazione Paola Pisano.<span class=\"Apple-converted-space\">\u00a0<\/span>\u201c<em>Benvenga la scelta di investire sulla connessione delle nostre scuole, \u2013 precisa l\u2019assessore Marcato \u2013 ma non vanno tralasciate le famiglie e le attivit\u00e0 produttive. Come ho gi\u00e0 avuto modo di riferire in Commissione Speciale e come ho segnalato, l\u2019attuale criterio di ripartizione delle risorse 80\/20 (tra regioni del sud e del nord Italia) penalizza moltissimo, in particolare per i voucher alle imprese, le aree pi\u00f9 produttive. Per questo ho chiesto al presidente della commissione, il collega assessore Sebastiano Callari, di verificare ulteriormente la possibilit\u00e0 di recuperare risorse aggiuntive per sostenere la domanda di banda ultra larga delle regioni con pi\u00f9 aziende<\/em>\u201d.\u00a0Per il Veneto il progetto \u00e8 finanziato interamente da risorse nazionali (Fondo per lo Sviluppo e la Coesione) prevede 31.674.460 \u20ac\u00a0per collegare 3.067 plessi scolastici.\u00a0Il piano prevede di realizzare l\u2019attivazione in fibra ottica della scuola, possibilmente utilizzando la rete pubblica a disposizione di Infratel o delle Regioni, per la durata di 10 anni; la capacit\u00e0 di trasporto dati per 5 anni (aggregazione e connettivit\u00e0 backbone); l\u2019assistenza alle scuole nell\u2019installazione apparati presso scuola e servizio CRM per delivery e ed esercizio e assistenza tecnica.<\/p>\n<p>&nbsp;<\/p>\n<p>&nbsp;<\/p>\n<hr \/>\n<p>&nbsp;<\/p>\n<blockquote>\n<h3>TURISMO, D\u2019INC\u00c0: \u201cSI RIPARTE IN TRASPARENZA, CI ASPETTIAMO LINEA COMUNE TRA PAESI\u201d<\/h3>\n<\/blockquote>\n<p><strong><a class=\"dt-pswp-item\" href=\"https:\/\/www.radiopiu.net\/wordpress\/wp-content\/uploads\/2020\/04\/FEDERICO-DINCA.png\" data-dt-img-description=\"\" data-large_image_width=\"1018\" data-large_image_height=\"1290\"><img loading=\"lazy\" decoding=\"async\" class=\"size-medium wp-image-132319 alignleft\" src=\"https:\/\/www.radiopiu.net\/wordpress\/wp-content\/uploads\/2020\/04\/FEDERICO-DINCA-237x300.png\" alt=\"\" width=\"237\" height=\"300\" srcset=\"https:\/\/www.radiopiu.net\/wordpress\/wp-content\/uploads\/2020\/04\/FEDERICO-DINCA-237x300.png 237w, https:\/\/www.radiopiu.net\/wordpress\/wp-content\/uploads\/2020\/04\/FEDERICO-DINCA-808x1024.png 808w, https:\/\/www.radiopiu.net\/wordpress\/wp-content\/uploads\/2020\/04\/FEDERICO-DINCA-768x973.png 768w, https:\/\/www.radiopiu.net\/wordpress\/wp-content\/uploads\/2020\/04\/FEDERICO-DINCA.png 1018w\" sizes=\"auto, (max-width: 237px) 100vw, 237px\" \/><\/a>ROMA\u00a0<\/strong>\u201c<em>La presenza di turisti stranieri nelle nostre localit\u00e0 di vacanza \u00e8 un ottimo segnale per la ripartenza della nostra regione e del Paese. In questi giorni il Governo continuer\u00e0 a lavorare con gli altri Stati europei per esprimere la piena collaborazione<\/em>\u201d.\u00a0Lo afferma Federico D\u2019Inc\u00e0, Ministro per i Rapporti con il Parlamento, in riferimento alle nuove presenze di visitatori stranieri dopo le riaperture dei confini italiani.\u00a0\u201c<em>In questi giorni il Ministro degli Esteri Luigi Di Maio sta incontrando i rappresentanti degli stati europei, ottenendo risultati molto confortanti \u2013 prosegue D\u2019Inc\u00e0 che aggiunge -: ieri, dalla Francia, abbiamo ottenuto rassicurazioni sui flussi dei due Paesi; da domani ci sar\u00e0 un incontro con la Germania che attendiamo con fiducia e, successivamente, con Slovenia e Grecia. L\u2019Italia ha subito deciso di aprire i confini con l\u2019area di Schengen e gli altri Stati stanno esprimendo fiducia: alcuni, chiaramente, apriranno in un secondo momento perch\u00e9 sono stati colpiti pi\u00f9 tardi dalla pandemia<\/em>\u201d.\u00a0Proprio su questo aspetto, D\u2019Inc\u00e0 precisa: \u201c<em>La maggior parte dei Paesi \u00e8 in linea con noi e ci aspettiamo uno spirito unanime da parte di tutti e anche con l\u2019Austria ci auguriamo che prevalgano queste ragioni, senza possibili discriminazioni o limitazioni per alcune regioni. Noi saremo pienamente collaborativi e proprio in un\u2019ottica di trasparenza tra Regioni e Governo, forniremo informazioni precise per richiamare i turisti nelle nostre localit\u00e0 di vacanza, dalle montagne alle spiagge venete in cui gli operatori del settore stanno lavorando con impegno per assicurare la massima sicurezza ai cittadini<\/em>\u201d.<\/p>\n<p>&nbsp;<\/p>\n<p>&nbsp;<\/p>\n<hr \/>\n<p>&nbsp;<\/p>\n<div>\n<blockquote>\n<h3>BUSTA CON POLVERE SOSPETTA AL SINDACO DI TREVISO. DE CARLO: \u201cSOLIDARIET\u00c0 PERSONALE E DI FRATELLI D&#8217;ITALIA. SINDACI SEMPRE IN PRIMA LINEA\u201d<\/h3>\n<\/blockquote>\n<h3><span style=\"font-size: 14px; font-weight: normal;\"><strong><a class=\"dt-pswp-item\" href=\"https:\/\/www.radiopiu.net\/wordpress\/wp-content\/uploads\/2020\/05\/Luca-De-Carlo.jpg\" data-dt-img-description=\"\" data-large_image_width=\"165\" data-large_image_height=\"228\"><img loading=\"lazy\" decoding=\"async\" class=\"size-full wp-image-138787 alignleft\" src=\"https:\/\/www.radiopiu.net\/wordpress\/wp-content\/uploads\/2020\/05\/Luca-De-Carlo.jpg\" alt=\"\" width=\"165\" height=\"228\" \/><\/a>ROMA<\/strong> \u201c<em>Tutta la solidariet\u00e0, personale come cittadino e come sindaco, e di Fratelli d&#8217;Italia al Sindaco di Treviso Mario Conte, oggetto dell&#8217;ennesimo, patetico, tentativo di intimidazione<\/em>\u201d: il coordinatore regionale di Fratelli d&#8217;Italia, Luca De Carlo, esprima la sua vicinanza al primo cittadino del capoluogo trevigiano, destinatario questa mattina di una busta sospetta contenente polvere bianca.\u00a0<\/span><span style=\"font-size: 14px; font-weight: normal;\">\u201c<em>A distanza di quasi un anno, i soliti delinquenti abituati a non metterci la faccia tornano a colpire\u201d, continua De Carlo. \u201cUn attacco vile e meschino, tanto pi\u00f9 perch\u00e8 compiuto in un periodo in cui i sindaci sono in prima linea per aiutare tutti i cittadini e le imprese ad affrontare la ripresa dopo la chiusura dovuta all&#8217;epidemia. \u00c8 inconcepibile colpire chi lavora tutti i giorni per la comunit\u00e0: ribadisco quindi ancora una volta la vicinanza mia e di tutta Fratelli d&#8217;Italia al sindaco Conte<\/em>\u201d.<\/span><\/h3>\n<\/div>\n<div><\/div>\n<div><\/div>\n<div>\n<hr \/>\n<\/div>\n<p>&nbsp;<\/p>\n<blockquote>\n<h3>DEOLA (CISL): &#8220;DOLOMITIBUS RIPRISTINI LE CORSE, NO AI SERVIZI A CHIAMATA&#8221;<\/h3>\n<\/blockquote>\n<p><strong><a class=\"dt-pswp-item\" href=\"https:\/\/www.radiopiu.net\/wordpress\/wp-content\/uploads\/2020\/04\/CISL-BELLUNO-OK.jpg\" data-dt-img-description=\"\" data-large_image_width=\"909\" data-large_image_height=\"910\"><img loading=\"lazy\" decoding=\"async\" class=\"size-medium wp-image-132184 alignleft\" src=\"https:\/\/www.radiopiu.net\/wordpress\/wp-content\/uploads\/2020\/04\/CISL-BELLUNO-OK-300x300.jpg\" alt=\"\" width=\"300\" height=\"300\" srcset=\"https:\/\/www.radiopiu.net\/wordpress\/wp-content\/uploads\/2020\/04\/CISL-BELLUNO-OK-300x300.jpg 300w, https:\/\/www.radiopiu.net\/wordpress\/wp-content\/uploads\/2020\/04\/CISL-BELLUNO-OK-150x150.jpg 150w, https:\/\/www.radiopiu.net\/wordpress\/wp-content\/uploads\/2020\/04\/CISL-BELLUNO-OK-768x769.jpg 768w, https:\/\/www.radiopiu.net\/wordpress\/wp-content\/uploads\/2020\/04\/CISL-BELLUNO-OK.jpg 909w\" sizes=\"auto, (max-width: 300px) 100vw, 300px\" \/><\/a>BELLUNO\u00a0<\/strong>\u201c<em>Dolomitibus riattivi le corse, a partire da quelle che coprono il trasporto extraurbano, e i sindaci si facciano portavoce della richiesta di centinaia di cittadini, studenti, lavoratori per il ripristino di un servizio indispensabile<\/em>\u201d. Sulla questione Dolomitibus interviene Bruno Deola della Cisl Belluno Treviso, che chiede l\u2019immediata ripartenza delle corse che dovrebbero essere garantite dalla societ\u00e0 che gestisce il trasporto pubblico in provincia di Belluno.\u00a0\u201c<em>Il trasporto extraurbano \u00e8 al palo &#8211; denuncia Deola -, siamo l\u2019unica provincia in Veneto in cui \u00e8 garantito appena il 20% delle corse, mentre in Veneto si viaggia oltre 60\/70%. Il trasporto pubblico va mantenuto e sostenuto a prescindere dal fatto che manchino gli utenti. Ci appelliamo alla Provincia, che detiene il pacchetto di maggioranza in Dolomitibus, affinch\u00e8 provveda al ripristino delle corse e rigettiamo in toto la possibilit\u00e0 paventata di sostituire le linee con un servizio di trasporto a chiamata che non si capisce da chi possa essere gestito, se da privati o dal pubblico o da servizi di noleggio con conducente: si tratterebbe di un ulteriore indebolimento del servizio pubblico, soprattutto per le vallate. Mantenere i servizi \u00e8 il primo antidoto contro lo spopolamento che affligge la provincia di Belluno<\/em>\u201d. La Fit Cisl, fa sapere il segretario reggente della categoria Oscar Dalla Rosa, non ha firmato il verbale di proroga degli ammortizzatori sociali per i dipendenti di Dolomitibus, invocando la messa in moto al pi\u00f9 presto di tutte le linee.\u00a0\u201c<em>Siamo preoccupati anche per i 240 lavoratori dell\u2019azienda che da mesi sono in cassa integrazione e sono amareggiato per i 3 contratti scaduti che non sono stati rinnovati, e ce ne sono altri in scadenza a breve. Come Rsu della Fit &#8211; spiega Marcello Di Tavi &#8211; siamo impegnati al massimo per il mantenimento dei livelli occupazionali<\/em>\u201d.<\/p>\n<p><strong>BRUNO DEOLA, CISL BELLUNO TREVISO<\/strong><\/p>\n<audio class=\"wp-audio-shortcode\" id=\"audio-142319-4\" preload=\"none\" style=\"width: 100%;\" controls=\"controls\"><source type=\"audio\/mpeg\" src=\"https:\/\/www.radiopiu.net\/wordpress\/wp-content\/uploads\/2020\/06\/BRUNO-DEOLA-CISL-TRASPORTI.mp3?_=4\" \/><a href=\"https:\/\/www.radiopiu.net\/wordpress\/wp-content\/uploads\/2020\/06\/BRUNO-DEOLA-CISL-TRASPORTI.mp3\">https:\/\/www.radiopiu.net\/wordpress\/wp-content\/uploads\/2020\/06\/BRUNO-DEOLA-CISL-TRASPORTI.mp3<\/a><\/audio>\n<p>&nbsp;<\/p>\n<hr \/>\n<p>&nbsp;<\/p>\n<blockquote>\n<h3>INCONTRO PER FARE IL PUNTO SUL FUTURO DEL NEVEGAL<\/h3>\n<\/blockquote>\n<p><strong><a class=\"dt-pswp-item\" href=\"https:\/\/www.radiopiu.net\/wordpress\/wp-content\/uploads\/2019\/08\/alpe-del-nevegal-seggiovia-1600x625.jpg\" data-dt-img-description=\"\" data-large_image_width=\"1600\" data-large_image_height=\"625\"><img loading=\"lazy\" decoding=\"async\" class=\"size-medium wp-image-94965 alignleft\" src=\"https:\/\/www.radiopiu.net\/wordpress\/wp-content\/uploads\/2019\/08\/alpe-del-nevegal-seggiovia-1600x625-300x117.jpg\" alt=\"\" width=\"300\" height=\"117\" srcset=\"https:\/\/www.radiopiu.net\/wordpress\/wp-content\/uploads\/2019\/08\/alpe-del-nevegal-seggiovia-1600x625-300x117.jpg 300w, https:\/\/www.radiopiu.net\/wordpress\/wp-content\/uploads\/2019\/08\/alpe-del-nevegal-seggiovia-1600x625-768x300.jpg 768w, https:\/\/www.radiopiu.net\/wordpress\/wp-content\/uploads\/2019\/08\/alpe-del-nevegal-seggiovia-1600x625-1024x400.jpg 1024w, https:\/\/www.radiopiu.net\/wordpress\/wp-content\/uploads\/2019\/08\/alpe-del-nevegal-seggiovia-1600x625.jpg 1600w\" sizes=\"auto, (max-width: 300px) 100vw, 300px\" \/><\/a>BELLUNO\u00a0<\/strong>Si \u00e8 riunita nella serata di mercoled\u00ec 3 giugno la Commissione Nevegal.\u00a0Al termine dell&#8217;incontro i consiglieri comunali Matteo Bianchi, Massimo De Pellegrin e Pier Enrico Lecis commentano cos\u00ec la riunione: \u201c<em>Abbiamo avuto modo di ascoltare l&#8217;intervento dell&#8217;assessore al turismo Yuki d&#8217;Emilia che ha illustrato quanto fatto dal comune e quanto \u00e8 intenzione dell&#8217;amministrazione fare nel prossimo futuro. Supportiamo tutte le iniziative sviluppate e le proposte fatte, sempre con un occhio alla destagionalizzazione e all&#8217;ampliamento dell&#8217;offerta di servizi turistici in Nevegal; non possiamo che accogliere con soddisfazione, ad esempio, il potenziamento dell&#8217;infopoint con servizi di informazione e promozione per il colle e per l&#8217;intera citt\u00e0. Spiace solo che a un intervento cos\u00ec importante sia stato riservato poco tempo a fine incontro, come ci spiace rilevare che il consigliere Roccon, dopo averla attaccata sulla stampa e in commissione, al momento dell&#8217;intervento dell&#8217;assessore d&#8217;Emilia abbia lasciato l&#8217;aula per precedenti impegni. L&#8217;incontro \u00e8 stato certamente lungo, ma non \u00e8 corretto giudicare l&#8217;operato di una persona e poi non ascoltare le sue proposte e il resoconto della sua attivit\u00e0<\/em>\u201d.\u00a0Prima dell&#8217;audizione dell&#8217;assessore d&#8217;Emilia, sono stati ascoltati i vertici dell&#8217;Alpe del Nevegal: \u201c<em>Auspichiamo che la societ\u00e0 possa decidere di aprire anche per l&#8217;imminente stagione estiva; non possiamo per\u00f2 non sottolineare come quando il comune ha chiesto loro i dati per lo studio di sostenibilit\u00e0 economica non sia stata avanzata da parte loro alcuna segnalazione in merito a clausole di riservatezza, che hanno invece tirato fuori a distanza di 37 giorni dalla richiesta<\/em>\u201d.<\/p>\n<p>&nbsp;<\/p>\n<p>&nbsp;<\/p>\n<hr \/>\n<p>&nbsp;<\/p>\n<blockquote>\n<h3>PRESA DI POSIZIONE IN MERITO ALL\u2019INIZIATIVA \u201cVERR\u00dcCKT NACH S\u00dcDEN\u201d<\/h3>\n<\/blockquote>\n<p><strong><a class=\"dt-pswp-item\" href=\"https:\/\/www.radiopiu.net\/wordpress\/wp-content\/uploads\/2020\/06\/101693018_10157557584993379_461766090205167616_o.jpg\" data-dt-img-description=\"\" data-large_image_width=\"960\" data-large_image_height=\"640\"><img loading=\"lazy\" decoding=\"async\" class=\"size-medium wp-image-142059 alignleft\" src=\"https:\/\/www.radiopiu.net\/wordpress\/wp-content\/uploads\/2020\/06\/101693018_10157557584993379_461766090205167616_o-300x200.jpg\" alt=\"\" width=\"300\" height=\"200\" srcset=\"https:\/\/www.radiopiu.net\/wordpress\/wp-content\/uploads\/2020\/06\/101693018_10157557584993379_461766090205167616_o-300x200.jpg 300w, https:\/\/www.radiopiu.net\/wordpress\/wp-content\/uploads\/2020\/06\/101693018_10157557584993379_461766090205167616_o-768x512.jpg 768w, https:\/\/www.radiopiu.net\/wordpress\/wp-content\/uploads\/2020\/06\/101693018_10157557584993379_461766090205167616_o.jpg 960w\" sizes=\"auto, (max-width: 300px) 100vw, 300px\" \/><\/a>COLLE SANTA LUCIA<\/strong> La presa di posizione de &#8220;La Consulta Ladina&#8221; in merito all&#8217;iniziativa degli Schuetzen di posizionare i 25 cartelli lungo i passi dolomitici il giorno della Festa della Repubblica.<\/p>\n<blockquote><p><em><strong>LA LETTERA<\/strong><\/em><\/p>\n<p><em>Le Amministrazioni Comunali e le Unioni Ladine di Livinallongo, Colle Santa Lucia e Cortina d\u2019Ampezzo come l\u2019Istitut Ladin Cesa de Jan, non sono mai stati informati circa l\u2019iniziativa che si \u00e8 materializzata la notte del 02 giugno, durante la quale anche presso i confini comunali dei tre territori ladini \u201cex tirolesi\u201d sono apparse le bandiere italiane con la scritta provocatoria \u201cVerr\u00fcckt nach S\u00fcden\u201d, che letteralmente significa \u201cpazzi per il sud\u201d ma che indirettamente \u00e8 una provocazione circa lo spostamento dei confini nazionali. Innanzitutto precisiamo che non condividiamo il metodo con cui viene attaccato lo Stato Italiano, soprattutto in un momento di difficolt\u00e0 come questo. Vogliamo ricordare che i grandi risultati ottenuti a favore delle minoranze etnico-linguistiche e le relative forme di autonomia e autogoverno di questo Paese (anche quelle del Sudtirolo), sono riconosciuti dalla Costituzione della Repubblica Italiana grazie ad un lavoro di conciliazione e mediazione attuato nel corso degli anni fra i vari livelli di governo; ecco perch\u00e9 i rappresentanti istituzionali dello Stato Italiano rimangono i nostri interlocutori al fine di ottenere una risposta a tutte le nostre istanze. Ci\u00f2 premesso, va sottolineato che nel corso della giornata, gli Sch\u00fctzen Ladini hanno poi specificato, tramite la loro pagina Facebook, che proprio nel giorno della Festa della Repubblica hanno voluto ricordare, con questa iniziativa, ci\u00f2 che ad oggi \u00e8 ancora un problema irrisolto, ovvero la tripartizione fascista dei ladini avvenuta nel 1923 e il mancato rispetto della volont\u00e0 popolare espressa tramite il Referendum Costituzionale del 2007, con il quale i tre comuni ladini \u201cbrissino-tirolesi\u201d hanno chiesto la loro ri-aggregazione alla Regione Autonoma TrentinoS\u00fcdtirol. Crediamo quindi che i valori sanciti dalla Costituzione vadano rispettati e allo stesso tempo i problemi debbano essere affrontati e risolti istituzionalmente: le strumentalizzazioni, da ambo le parti, di temi di grande valore socio-politico oltre che storicoculturale, rischiano solamente di dividere e aumentare lo scontro.<\/em><\/p><\/blockquote>\n<p>&nbsp;<\/p>\n<p>&nbsp;<\/p>\n<hr \/>\n<p>&nbsp;<\/p>\n<blockquote>\n<h3><b>ANGELO DALLA COSTA LASCIA LA PRESIDENZA DELL&#8217;AZIENDA FELTRINA. PERENZIN. \u201cGRAZIE SINCERO PER IL SUO IMPEGNO, LA SUA COMPETENZA E LA SUA PASSIONE\u201d. NEI PROSSIMI GIORNI IL NOME DEL NUOVO PRESIDENTE<\/b><\/h3>\n<\/blockquote>\n<p><strong><a class=\"dt-pswp-item\" href=\"https:\/\/www.radiopiu.net\/wordpress\/wp-content\/uploads\/2020\/03\/FELTRE-CENTRO.jpg\" data-dt-img-description=\"\" data-large_image_width=\"1092\" data-large_image_height=\"866\"><img loading=\"lazy\" decoding=\"async\" class=\"size-medium wp-image-124727 alignleft\" src=\"https:\/\/www.radiopiu.net\/wordpress\/wp-content\/uploads\/2020\/03\/FELTRE-CENTRO-300x238.jpg\" alt=\"\" width=\"300\" height=\"238\" srcset=\"https:\/\/www.radiopiu.net\/wordpress\/wp-content\/uploads\/2020\/03\/FELTRE-CENTRO-300x238.jpg 300w, https:\/\/www.radiopiu.net\/wordpress\/wp-content\/uploads\/2020\/03\/FELTRE-CENTRO-1024x812.jpg 1024w, https:\/\/www.radiopiu.net\/wordpress\/wp-content\/uploads\/2020\/03\/FELTRE-CENTRO-768x609.jpg 768w, https:\/\/www.radiopiu.net\/wordpress\/wp-content\/uploads\/2020\/03\/FELTRE-CENTRO.jpg 1092w\" sizes=\"auto, (max-width: 300px) 100vw, 300px\" \/><\/a>FELTRE\u00a0<\/strong>Il presidente dell\u2019Azienda Feltrina per i Servizi alla Persona, Angelo Dalla Costa, ha comunicato nei giorni scorsi al presidente dell\u2019Assemblea Consortile, e sindaco di Feltre Paolo Perenzin, la propria volont\u00e0 di lasciare l\u2019incarico, dopo aver portato a termine il corposo lavoro di ristrutturazione dell&#8217;Azienda intrapreso nel 2015. In una lettera inviata in queste ore al personale dell\u2019Azienda, Dalla Costa ha ripercorso alcuni passaggi salienti del suo mandato, ricordando le sfide affrontate e\u00a0alcune di quelle pi\u00f9 significative ancora sul campo.\u00a0Tra queste il presidente uscente ha ricordato il progetto per la Farmacia comunale di Feltre, la prima parte del miglioramento estetico-funzionale del Centro Servizi di Cesiomaggiore, gli interventi gi\u00e0 lanciati nel Centro servizi di Feltre per la ridefinizione dei nuclei, il recupero del piano interrato del Brandalise con la sistemazione dei locali e del nuovo servizio della sala del Commiato e, infine, il nuovo posizionamento del Centro diurno.\u00a0\u201c<em>Ad Angelo Dalla Costa va il mio pi\u00f9 sincero ringraziamento a titolo personale e a nome dell\u2019Assemblea Consortile, dell\u2019Amministrazione e del Consiglio Comunale di Feltre, sottolinea il sindaco Paolo Perenzin. Dalla Costa ha interpretato il suo ruolo unendo la professionalit\u00e0 ed il piglio manageriale che gli vengono dall\u2019esperienza di lavoro con un\u2019autentica passione per il bene pubblico e l\u2019interesse della collettivit\u00e0. Ha saputo tenere la barra dritta anche in alcuni passaggi non semplici della vita dell\u2019Azienda, dandole una solidit\u00e0 ed una prospettiva di crescita che sono oggi garanzia di successo.\u00a0<\/em><em>Durante il suo mandato, svolto \u2013 vale la pena ricordarlo \u2013 in maniera completamente gratuita,\u00a0 Dalla Costa ha messo in atto un piano complesso di riorganizzazione dell&#8217;Azienda\u00a0 introducendo il sistema del controllo di gestione, assicurando piena trasparenza e consentendo ai soci una reale capacit\u00e0 di controllo. Il suo operato, caratterizzato dall&#8217;ottimizzazione scrupolosa dei costi, ha consentito di reinvestire ogni risorsa nel potenziamento dei servizi sociali, autentica mission dell&#8217;azienda. Ha applicato massimo rigore nella gestione della sicurezza delle strutture, anche quando ci\u00f2 ha causato situazioni di attrito; ha seguito meticolosamente la vicenda di Lentiai, consentendo alla consortile una chiusura positiva della partita; ancora, ha avviato un piano di adeguamento degli immobili gestiti dall&#8217;azienda e di investimenti straordinari a partire dalla farmacia.\u00a0<\/em><em>Il tutto lasciando\u00a0 i conti in grande salute, capaci di finanziare direttamente gli investimenti programmati, senza chiedere il supporto dei bilanci comunali e senza mai alzare le rette delle case di riposo, a tutto vantaggio delle famiglie coinvolte.\u00a0<\/em><em>All\u2019amico Angelo &#8211; conclude il primo cittadino in tono informale &#8211; chiedo per\u00f2 di non rilassarsi troppo: la citt\u00e0 e l\u2019Amministrazione non rinunceranno facilmente alle sue capacit\u00e0 e torneremo certamente presto a bussare alla sua porta<\/em>\u201d. Perenzin ha gi\u00e0 avviato in questi giorni i colloqui per individuare una figura adatta a raccogliere il testimone di Angelo Dalla Costa per guidare l\u2019Azienda Feltrina nei due anni che mancano al termine del mandato. La decisione, tenuto conto delle disponibilit\u00e0 della rosa di interessati, dovrebbe arrivare a breve termine.<\/p>\n<p>&nbsp;<\/p>\n<p>&nbsp;<\/p>\n<hr \/>\n<p>&nbsp;<\/p>\n<blockquote>\n<h3>INFRASTRUTTURE PER LA RIPARTENZA<\/h3>\n<\/blockquote>\n<p><strong><a class=\"dt-pswp-item\" href=\"https:\/\/www.radiopiu.net\/wordpress\/wp-content\/uploads\/2018\/07\/VIVAIO-DOLOMITI.jpg\" data-dt-img-description=\"\" data-large_image_width=\"247\" data-large_image_height=\"204\"><img loading=\"lazy\" decoding=\"async\" class=\"size-full wp-image-53894 alignleft\" src=\"https:\/\/www.radiopiu.net\/wordpress\/wp-content\/uploads\/2018\/07\/VIVAIO-DOLOMITI.jpg\" alt=\"\" width=\"247\" height=\"204\" \/><\/a>BELLUNO <\/strong>La fase che stiamo vivendo dopo l\u2019emergenza Covid dimostra in maniera incontrovertibile che la ripartenza del Paese passa attraverso la realizzazione di opere infrastrutturali, come detto anche dal Premier Conte nell\u2019ultima conferenza stampa. Il Premier ha addirittura ripreso in mano l\u2019idea del ponte sullo stretto di Messina, che rientra nel corridoio europeo La Valletta-Helsinkij. Una regione come la Sicilia ha tutto il diritto di essere collegata al continente, quanto il Veneto, regione produttiva e trainante per il Paese, ha diritto di essere collegato ai mercati europei, dandogli quello sbocco a nord che gli manca (unica regione dell\u2019arco alpino a non averlo). Notiamo la celerit\u00e0 con cui \u00e8 stato ricostruito il ponte Morandi, collegamento imprescindibile fra il porto di Genova e l\u2019Europa. Venezia, per il rilancio del suo porto, non pu\u00f2 essere costretta a pagare dazio alle regioni vicine. Con tutte le difficolt\u00e0 che ci sono sul Brennero e la scomodit\u00e0 di arrivare a Tarvisio, lo sbocco a nord diventa fondamentale per il Veneto, per il commercio e il turismo, ma anche per un rilancio della nostra Provincia in ottica Mondiali e Olimpiadi, rilancio che potrebbe essere affiancato allo sviluppo della logistica. In tutto questo non dimentichiamo i servizi pubblici, quali bus e treni, che in questo momento di grandissima difficolt\u00e0 non possono essere lasciati da parte, perch\u00e9 il sistema della mobilit\u00e0 risulta efficiente solo se completo a 360 gradi.<\/p>\n<p>&nbsp;<\/p>\n<p>&nbsp;<\/p>\n<hr \/>\n<p>&nbsp;<\/p>\n<div class=\"page-title-head hgroup\">\n<blockquote>\n<h3 class=\"entry-title\">UN CARICO DI ORSACCHIOTTI PER LA PEDIATRIA DI PADOVA<\/h3>\n<\/blockquote>\n<\/div>\n<div class=\"page-title-breadcrumbs\">\n<p><strong class=\"photoswipe-wrapper\"><img loading=\"lazy\" decoding=\"async\" class=\"wp-image-142494 alignleft jetpack-lazy-image jetpack-lazy-image--handled\" src=\"https:\/\/i1.wp.com\/www.radiopiu.net\/wordpress\/wp-content\/uploads\/2020\/06\/d2c3e277-33b3-4035-a5a8-86c61ec80341.jpg?resize=184%2C138&amp;ssl=1\" sizes=\"auto, (max-width: 184px) 100vw, 184px\" srcset=\"https:\/\/i1.wp.com\/www.radiopiu.net\/wordpress\/wp-content\/uploads\/2020\/06\/d2c3e277-33b3-4035-a5a8-86c61ec80341.jpg?resize=300%2C225&amp;ssl=1 300w, https:\/\/i1.wp.com\/www.radiopiu.net\/wordpress\/wp-content\/uploads\/2020\/06\/d2c3e277-33b3-4035-a5a8-86c61ec80341.jpg?resize=1024%2C768&amp;ssl=1 1024w, https:\/\/i1.wp.com\/www.radiopiu.net\/wordpress\/wp-content\/uploads\/2020\/06\/d2c3e277-33b3-4035-a5a8-86c61ec80341.jpg?resize=768%2C576&amp;ssl=1 768w, https:\/\/i1.wp.com\/www.radiopiu.net\/wordpress\/wp-content\/uploads\/2020\/06\/d2c3e277-33b3-4035-a5a8-86c61ec80341.jpg?resize=1536%2C1152&amp;ssl=1 1536w, https:\/\/i1.wp.com\/www.radiopiu.net\/wordpress\/wp-content\/uploads\/2020\/06\/d2c3e277-33b3-4035-a5a8-86c61ec80341.jpg?w=1600&amp;ssl=1 1600w\" alt=\"\" width=\"184\" height=\"138\" data-recalc-dims=\"1\" data-lazy-loaded=\"1\" \/>PADOVA\u00a0<\/strong> Tanti bei orsacchiotti colorati sono stati consegnati oggi a Padova all\u2019associazione gioco e benessere della pediatria dell\u2019ospedale. Sono stati ideati ed elaborati dall\u2019agordina Mara Mezzacasa nei giorni della quarantena. <em>\u201cE\u2019 stata un\u2019idea che mi \u00e8 balenata in testa, un omaggio ai piccoli pazienti della pediatria pensando di strappare loro un sorriso\u201d.\u00a0<\/em>A Padova <img loading=\"lazy\" decoding=\"async\" class=\"wp-image-142498 alignright jetpack-lazy-image jetpack-lazy-image--handled\" src=\"https:\/\/i2.wp.com\/www.radiopiu.net\/wordpress\/wp-content\/uploads\/2020\/06\/d4892700-fcd4-4e1f-82f5-bcc00385627f.jpg?resize=170%2C227&amp;ssl=1\" sizes=\"auto, (max-width: 170px) 100vw, 170px\" srcset=\"https:\/\/i2.wp.com\/www.radiopiu.net\/wordpress\/wp-content\/uploads\/2020\/06\/d4892700-fcd4-4e1f-82f5-bcc00385627f.jpg?resize=225%2C300&amp;ssl=1 225w, https:\/\/i2.wp.com\/www.radiopiu.net\/wordpress\/wp-content\/uploads\/2020\/06\/d4892700-fcd4-4e1f-82f5-bcc00385627f.jpg?resize=768%2C1024&amp;ssl=1 768w, https:\/\/i2.wp.com\/www.radiopiu.net\/wordpress\/wp-content\/uploads\/2020\/06\/d4892700-fcd4-4e1f-82f5-bcc00385627f.jpg?resize=1152%2C1536&amp;ssl=1 1152w, https:\/\/i2.wp.com\/www.radiopiu.net\/wordpress\/wp-content\/uploads\/2020\/06\/d4892700-fcd4-4e1f-82f5-bcc00385627f.jpg?w=1200&amp;ssl=1 1200w\" alt=\"\" width=\"170\" height=\"227\" data-recalc-dims=\"1\" data-lazy-loaded=\"1\" \/>a ricevere lo scatolone carico di orsacchiotti le responsabili dell\u2019associazione. <em>\u201cNon abbiamo parole \u2013 hanno detto \u2013 Mara \u00e8 stata straordinaria, sono uno pi\u00f9 bello dell\u2019altro, splendidi, fatti a mano. Per l\u2019associazione \u00e8 un dono bellissimo, ma lo sar\u00e0 di pi\u00f9 per i piccoli ricoverati in pediatria, con un grazie infinito\u201d.\u00a0<\/em>Il gemellaggio agordino-padovano \u00e8 nato negli anni scorsi, i ragazzi di Dolomites Street infatti, al termine dei grandi eventi organizzati per 10 anni nell\u2019Agordino hanno devoluto parte del ricavato anche a questa associazione. <em>\u201cNel corso di una di queste serate \u2013 conclude Mara Mezzacasa \u2013 ho tanto parlato con le responsabili dell\u2019associazione che mi hanno illustrato il loro impegno e i loro progetti e da li\u2019 ho pensato che sarebbe stato bello fare ancora qualche cosa in pi\u00f9. Ecco\u2026 cos\u00ec \u00e8 nata l\u2019idea degli orsacchiotti\u201d.<\/em><\/p>\n<p class=\"photoswipe-wrapper\"><a class=\"dt-pswp-item pspw-wrap-ready\" href=\"https:\/\/i1.wp.com\/www.radiopiu.net\/wordpress\/wp-content\/uploads\/2020\/06\/d34a1d42-85de-4341-b7b5-5a1397796a04.jpg?ssl=1\" data-dt-img-description=\"\" data-large_image_width=\"2048\" data-large_image_height=\"1536\"><img loading=\"lazy\" decoding=\"async\" class=\"alignnone wp-image-142495 size-full jetpack-lazy-image jetpack-lazy-image--handled\" src=\"https:\/\/i1.wp.com\/www.radiopiu.net\/wordpress\/wp-content\/uploads\/2020\/06\/d34a1d42-85de-4341-b7b5-5a1397796a04.jpg?resize=1200%2C900&amp;ssl=1\" sizes=\"auto, (max-width: 1200px) 100vw, 1200px\" srcset=\"https:\/\/i1.wp.com\/www.radiopiu.net\/wordpress\/wp-content\/uploads\/2020\/06\/d34a1d42-85de-4341-b7b5-5a1397796a04.jpg?w=2048&amp;ssl=1 2048w, https:\/\/i1.wp.com\/www.radiopiu.net\/wordpress\/wp-content\/uploads\/2020\/06\/d34a1d42-85de-4341-b7b5-5a1397796a04.jpg?resize=300%2C225&amp;ssl=1 300w, https:\/\/i1.wp.com\/www.radiopiu.net\/wordpress\/wp-content\/uploads\/2020\/06\/d34a1d42-85de-4341-b7b5-5a1397796a04.jpg?resize=1024%2C768&amp;ssl=1 1024w, https:\/\/i1.wp.com\/www.radiopiu.net\/wordpress\/wp-content\/uploads\/2020\/06\/d34a1d42-85de-4341-b7b5-5a1397796a04.jpg?resize=768%2C576&amp;ssl=1 768w, https:\/\/i1.wp.com\/www.radiopiu.net\/wordpress\/wp-content\/uploads\/2020\/06\/d34a1d42-85de-4341-b7b5-5a1397796a04.jpg?resize=1536%2C1152&amp;ssl=1 1536w\" alt=\"\" width=\"1200\" height=\"900\" data-recalc-dims=\"1\" data-lazy-loaded=\"1\" \/><\/a><\/p>\n<p class=\"photoswipe-wrapper\"><img loading=\"lazy\" decoding=\"async\" class=\"wp-image-142496 alignleft jetpack-lazy-image jetpack-lazy-image--handled\" src=\"https:\/\/i1.wp.com\/www.radiopiu.net\/wordpress\/wp-content\/uploads\/2020\/06\/pasticceria-giocoebenessere3.jpg?resize=165%2C110&amp;ssl=1\" sizes=\"auto, (max-width: 165px) 100vw, 165px\" srcset=\"https:\/\/i1.wp.com\/www.radiopiu.net\/wordpress\/wp-content\/uploads\/2020\/06\/pasticceria-giocoebenessere3.jpg?resize=300%2C200&amp;ssl=1 300w, https:\/\/i1.wp.com\/www.radiopiu.net\/wordpress\/wp-content\/uploads\/2020\/06\/pasticceria-giocoebenessere3.jpg?resize=768%2C512&amp;ssl=1 768w, https:\/\/i1.wp.com\/www.radiopiu.net\/wordpress\/wp-content\/uploads\/2020\/06\/pasticceria-giocoebenessere3.jpg?w=800&amp;ssl=1 800w\" alt=\"\" width=\"165\" height=\"110\" data-recalc-dims=\"1\" data-lazy-loaded=\"1\" \/>L\u2019Associazione Gioco e Benessere in Pediatria \u00e8 un\u2019organizzazione no profit,\u00a0 garantisce l\u2019articolato programma di attivit\u00e0 per il sostegno dei bisogni psicologici e relazionali dei piccoli ricoverati dell\u2019Ospedale Pediatrico di Padova, il Dipartimento di Salute della Donna e del Bambino. Da pi\u00f9 di 20 anni, nell\u2019 Ospedale Pediatrico di Padova, \u00e8 presente un programma di attivit\u00e0 finalzzate a preservare la parte sana del bambino durante la sua esperienza di malattia e di ricovero. Tali attivit\u00e0 vengono coordinate dagli Educatori Professionali del Servizio\u00a0Gioco e Benessere e proposte grazie all\u2019aiuto\u00a0degli animatori volontari dell\u2019 Associazione Gioco e Benessere in Pediatria. Creando intorno al piccolo ricoverato un ambiente a sua misura e proponendogli attivit\u00e0 che lo interessino e lo stimolino a vincere l\u2019apatia legata al ricovero, si migliora lo stato generale del bambino, favorendo una miglior accettazione delle cure e stimolando in lui energie positive che contribuiscono ad affrontare il ricovero e la malattia.<\/p>\n<p>&nbsp;<\/p>\n<p>&nbsp;<\/p>\n<hr \/>\n<p>&nbsp;<\/p>\n<\/div>\n<p>&nbsp;<\/p>\n<p>&nbsp;<\/p>\n<blockquote>\n<h3>NOVE POSTI DI LAVORO A CORTINA, LE DOMANDE ENTRO IL 13 LUGLIO A FELTRE<\/h3>\n<\/blockquote>\n<p><strong><a class=\"dt-pswp-item\" href=\"https:\/\/www.radiopiu.net\/wordpress\/wp-content\/uploads\/2015\/08\/cortina_centro_corso_italia.jpg\" data-dt-img-description=\"\" data-large_image_width=\"1920\" data-large_image_height=\"1277\"><img loading=\"lazy\" decoding=\"async\" class=\"size-medium wp-image-8641 alignleft\" src=\"https:\/\/www.radiopiu.net\/wordpress\/wp-content\/uploads\/2015\/08\/cortina_centro_corso_italia-300x200.jpg\" alt=\"\" width=\"300\" height=\"200\" \/><\/a>CORTINA\u00a0<em>CERCASI 3 ISTRUTTORI TECNICI<\/em><\/strong>\u00a0Concorso pubblico per soli esami per l&#8217;assunzione a tempo indeterminato e pieno di tre Istruttori Tecnici categoria C1 da assegnare al settore tecnico presso il Comune di Cortina d&#8217;Ampezzo<br \/>\n<em><strong>ASSUNZIONE DI UN ISTRUTTORE DIRETTIVO<\/strong><\/em>\u00a0Assunzione a tempo indeterminato e pieno di un Istruttore Direttivo Tecnico categoria D1 da assegnare al Servizio Lavori Pubblici presso il Comune di Cortina d&#8217;Ampezzo.<br \/>\n<em><strong>CINQUE POSTI DI ISTRUTTORE AMMINISTRATIVO<\/strong><\/em>\u00a0E&#8217; indetto un concorso pubblico per soli esami per l&#8217;assunzione a tempo indeterminato e pieno presso il Comune di Cortina d\u2019Ampezzo di cinque posti di Istruttore Amministrativo Categoria C.1 da assegnare all\u2019Area Funzionale di Progetto.\u00a0Per questi concorsi inviare le domande di partecipazione all&#8217;ufficio protocollo dell&#8217;Unione Montana Feltrina secondo le modalit\u00e0 e i termini indicati nel bando.<\/p>\n<p>&nbsp;<\/p>\n<p>&nbsp;<\/p>\n<hr \/>\n<p>&nbsp;<\/p>\n<blockquote>\n<h3>OGGI RIAPRE LA SEDE CAI DI AGORDO<\/h3>\n<\/blockquote>\n<p><strong><a class=\"dt-pswp-item\" href=\"https:\/\/www.radiopiu.net\/wordpress\/wp-content\/uploads\/2020\/04\/cai-agordo.jpg\" data-dt-img-description=\"\" data-large_image_width=\"297\" data-large_image_height=\"170\"><img loading=\"lazy\" decoding=\"async\" class=\"size-full wp-image-127841 alignleft\" src=\"https:\/\/www.radiopiu.net\/wordpress\/wp-content\/uploads\/2020\/04\/cai-agordo.jpg\" alt=\"\" width=\"297\" height=\"170\" \/><\/a>AGORDO<\/strong> Su indicazione della Sede Centrale e del Presidente Generale Vincenzo Torti, la Sezione Agordina \u00e8 finalmente lieta di comunicare che la propria sede sociale di Piazzale Marconi 13 sar\u00e0 riaperta ai soci con i consueti orari. Quindi da oggi soci e simpatizzanti potranno frequentare nuovamente la sede, ovviamente con le dovute misure di contenimento della diffusione del Covid-19.\u00a0Anche il tesseramento riprender\u00e0 regolarmente.\u00a0Con questo piccolo passo avanti, riacquistiamo un po&#8217; di fiducia e guardiamo avanti per la tanto sperata ripresa della normale attivit\u00e0 sezionale.<\/p>\n<p>&nbsp;<\/p>\n<p>&nbsp;<\/p>\n<hr \/>\n<p>&nbsp;<\/p>\n<div class=\"page\" title=\"Page 1\">\n<div class=\"layoutArea\">\n<div class=\"column\">\n<blockquote>\n<h3>DOPO IL COVID 19, UN MONDO MIGLIORE? IMPARARE AD ANTICIPARE IL FUTURO<\/h3>\n<\/blockquote>\n<p><a class=\"dt-pswp-item\" href=\"https:\/\/www.radiopiu.net\/wordpress\/wp-content\/uploads\/2020\/06\/conferenza-stampa.png\" data-dt-img-description=\"\" data-large_image_width=\"1024\" data-large_image_height=\"512\"><img loading=\"lazy\" decoding=\"async\" class=\"size-medium wp-image-142345 alignleft\" src=\"https:\/\/www.radiopiu.net\/wordpress\/wp-content\/uploads\/2020\/06\/conferenza-stampa-300x150.png\" alt=\"\" width=\"300\" height=\"150\" srcset=\"https:\/\/www.radiopiu.net\/wordpress\/wp-content\/uploads\/2020\/06\/conferenza-stampa-300x150.png 300w, https:\/\/www.radiopiu.net\/wordpress\/wp-content\/uploads\/2020\/06\/conferenza-stampa-768x384.png 768w, https:\/\/www.radiopiu.net\/wordpress\/wp-content\/uploads\/2020\/06\/conferenza-stampa.png 1024w\" sizes=\"auto, (max-width: 300px) 100vw, 300px\" \/><\/a>Gli Alunni della V edizione del Master in Strategic Foresight\u00a0 dell\u2019Universit\u00e0 di Trento hanno il piacere di invtare alla videoconferenza stampa di presentazione del lavoro svolto durante il lockdown: DOPO IL COVID 19, UN MONDO MIGLIORE? Imparare ad anticipare il futuro, l\u2019anticipazione di futuri possibili come metodologia per comprendere le conseguenze dell\u2019epidemia e costruire consapevolmente il domani.\u00a0La conferenza si terr\u00e0 oggii alle ore 10.30<\/p>\n<p>&nbsp;<\/p>\n<p>&nbsp;<\/p>\n<hr \/>\n<p>&nbsp;<\/p>\n<blockquote>\n<h3>INCONTRO CON LA MINORANZA DI PONTE NELLE ALPI<\/h3>\n<\/blockquote>\n<p><strong><a class=\"dt-pswp-item\" href=\"https:\/\/www.radiopiu.net\/wordpress\/wp-content\/uploads\/2020\/06\/X-PONTE.png\" data-dt-img-description=\"\" data-large_image_width=\"240\" data-large_image_height=\"240\"><img loading=\"lazy\" decoding=\"async\" class=\" wp-image-142513 alignleft\" src=\"https:\/\/www.radiopiu.net\/wordpress\/wp-content\/uploads\/2020\/06\/X-PONTE.png\" alt=\"\" width=\"155\" height=\"155\" srcset=\"https:\/\/www.radiopiu.net\/wordpress\/wp-content\/uploads\/2020\/06\/X-PONTE.png 240w, https:\/\/www.radiopiu.net\/wordpress\/wp-content\/uploads\/2020\/06\/X-PONTE-150x150.png 150w\" sizes=\"auto, (max-width: 155px) 100vw, 155px\" \/><\/a>PONTE NELLE ALPI<\/strong> Sabato alle 11 al Bar Agip il gruppo di minoranza &#8220;X Ponte&#8221; ha indetto un incontro per illustrare la situazione economica della controllata del Comune di Ponte nelle Alpi, Ponte Servizi. &#8220;In discussione &#8211; dicono i consigliere di minoranza- le azioni intraprese, o meglio non intraprese, da parte dell\u2019amministrazione comunale a favore delle attivit\u00e0 economiche in seguito<br \/>\nalla crisi del Covid19. Evidenzieremo lo scarsa attenzione riservata alle iniziative del nostro gruppo di opposizione&#8221;. Saranno presenti i quattro consiglieri di opposizione: Enrico Collarin, Sindy Bindella, Paolo De Vettor e Angelo Levis<\/p>\n<p>&nbsp;<\/p>\n<p>&nbsp;<\/p>\n<hr \/>\n<p>&nbsp;<\/p>\n<\/div>\n<\/div>\n<\/div>\n<\/div>\n<blockquote>\n<h3 class=\"entry-title\">DILLO A RADIO PIU\u2026 DI EMILIO BEZ<\/h3>\n<p><em>Invece di guardare solo all\u2019Italia, gli altri Paesi (Austria ecc) farebbero bene a guardarsi attorno a 360 gradi per i rischi di contagio<\/em><\/p><\/blockquote>\n<p>&nbsp;<\/p>\n<h3>MA ALL\u2019ESTERO SONO TUTTI PRONTI A CRITICARE GLI ITALIANI INDISCIPLINATI<\/h3>\n<p class=\"photoswipe-wrapper\"><a class=\"dt-pswp-item pspw-wrap-ready\" href=\"https:\/\/i2.wp.com\/www.radiopiu.net\/wordpress\/wp-content\/uploads\/2020\/06\/34ac1b48-5a7e-4868-b096-92da504dbd3e.jpg?ssl=1\" data-dt-img-description=\"\" data-large_image_width=\"1599\" data-large_image_height=\"799\"><img loading=\"lazy\" decoding=\"async\" class=\"size-medium wp-image-142320 alignleft jetpack-lazy-image jetpack-lazy-image--handled\" src=\"https:\/\/i2.wp.com\/www.radiopiu.net\/wordpress\/wp-content\/uploads\/2020\/06\/34ac1b48-5a7e-4868-b096-92da504dbd3e.jpg?resize=300%2C150&amp;ssl=1\" sizes=\"auto, (max-width: 300px) 100vw, 300px\" srcset=\"https:\/\/i2.wp.com\/www.radiopiu.net\/wordpress\/wp-content\/uploads\/2020\/06\/34ac1b48-5a7e-4868-b096-92da504dbd3e.jpg?resize=300%2C150&amp;ssl=1 300w, https:\/\/i2.wp.com\/www.radiopiu.net\/wordpress\/wp-content\/uploads\/2020\/06\/34ac1b48-5a7e-4868-b096-92da504dbd3e.jpg?resize=1024%2C512&amp;ssl=1 1024w, https:\/\/i2.wp.com\/www.radiopiu.net\/wordpress\/wp-content\/uploads\/2020\/06\/34ac1b48-5a7e-4868-b096-92da504dbd3e.jpg?resize=768%2C384&amp;ssl=1 768w, https:\/\/i2.wp.com\/www.radiopiu.net\/wordpress\/wp-content\/uploads\/2020\/06\/34ac1b48-5a7e-4868-b096-92da504dbd3e.jpg?resize=1536%2C768&amp;ssl=1 1536w, https:\/\/i2.wp.com\/www.radiopiu.net\/wordpress\/wp-content\/uploads\/2020\/06\/34ac1b48-5a7e-4868-b096-92da504dbd3e.jpg?w=1599&amp;ssl=1 1599w\" alt=\"\" width=\"300\" height=\"150\" data-recalc-dims=\"1\" data-lazy-loaded=\"1\" \/><\/a>Una festa a sostegno dei locali notturni di Berlino, chiusi da diverse settimane, ha riunito 1.500 persone lungo il canale di Kreuzberg. La controversia si sta gonfiando in Germania, soprattutto da quando l\u2019evento si \u00e8 concluso davanti a un ospedale. L\u2019evento di Facebook intitolato \u201cThe Rebellion of Dreamers\u201d, destinato a combattere la morte delle discoteche ma soprattutto alla festa, non si aspettava che avesse tanto successo. Mentre Berlino revoca le restrizioni agli eventi all\u2019aperto, 1.500 persone su 400 gommoni si uniscono alla festa lungo il Canale di Kreuzberg. Di fronte alla controversia, gli organizzatori si difendono dicendo che hanno chiesto ai partecipanti di indossare mascherine (suggerimento come si evince dalle foto non rispettato ndr). Le istruzioni non sono dunque state seguite, cos\u00ec come\u00a0 il distanziamento sociale tra i festaioli. Un altro elemento non passa all\u2019opinione pubblica: l\u2019evento si \u00e8 concluso di fronte a un ospedale,\u00a0<em>\u201cUna fine pi\u00f9 che mal scelta e simbolicamente del tutto inappropriata\u201d,<\/em>\u00a0concedono gli organizzatori. L\u2019associazione che riunisce le discoteche di Berlino ha affermato che non era la fonte del party e ha invitato i partecipanti a limitare i contatti per quattordici giorni.<br \/>\n(traduzione automatica Google)<\/p>\n<h2><a href=\"https:\/\/www.7sur7.be\/video\/une-fete-geante-le-long-d-un-canal-et-devant-un-hopital-a-berlin-fait-jaser~a0b90cce\/\">ARTICOLO ORIGINALE CLICCA QUI\u00a0<\/a><\/h2>\n<p>&nbsp;<\/p>\n<p>&nbsp;<\/p>\n<hr \/>\n<h3>IL PATTO DI COLLABORAZIONE TRA ALPAGO, LONGARONE E PONTE NELLE ALPI<\/h3>\n<p style=\"text-align: center;\"><em>Per tre societ\u00e0 il futuro \u00e8 adesso<\/em><\/p>\n<p><strong><a class=\"dt-pswp-item\" href=\"https:\/\/www.radiopiu.net\/wordpress\/wp-content\/uploads\/2020\/06\/Fagherazzi-Collarin-e-Angeloni-1.jpg\" data-dt-img-description=\"\" data-large_image_width=\"1200\" data-large_image_height=\"1600\"><img loading=\"lazy\" decoding=\"async\" class=\"size-medium wp-image-142341 alignleft\" src=\"https:\/\/www.radiopiu.net\/wordpress\/wp-content\/uploads\/2020\/06\/Fagherazzi-Collarin-e-Angeloni-1-225x300.jpg\" alt=\"\" width=\"225\" height=\"300\" srcset=\"https:\/\/www.radiopiu.net\/wordpress\/wp-content\/uploads\/2020\/06\/Fagherazzi-Collarin-e-Angeloni-1-225x300.jpg 225w, https:\/\/www.radiopiu.net\/wordpress\/wp-content\/uploads\/2020\/06\/Fagherazzi-Collarin-e-Angeloni-1-768x1024.jpg 768w, https:\/\/www.radiopiu.net\/wordpress\/wp-content\/uploads\/2020\/06\/Fagherazzi-Collarin-e-Angeloni-1-1152x1536.jpg 1152w, https:\/\/www.radiopiu.net\/wordpress\/wp-content\/uploads\/2020\/06\/Fagherazzi-Collarin-e-Angeloni-1.jpg 1200w\" sizes=\"auto, (max-width: 225px) 100vw, 225px\" \/><\/a>ALPAGO<\/strong> Tre societ\u00e0 uniscono le forze e guardano al futuro con un accordo che da priorit\u00e0 al settore giovanile. Un tridente formato da Alpago, Longarone e Ponte nelle Alpi. Il progetto \u00e8 ancora in itinere, ma i club, di fatto, operano in sintonia da almeno un paio d\u2019anni. E ora hanno deciso di compiere l\u2019ultimo passo, sancendo anche in via ufficiale un accordo orientato al domani. Non si tratta di una fusione, nel senso che ognuno manterr\u00e0 la propria identit\u00e0. Ma Alpago, Longarone e Ponte nelle Alpi lavoreranno in modo sinergico per affrontare le prossime sfide: sul campo e non solo. Bilanci sani, strutture sportive all\u2019avanguardia, un bacino d\u2019utenza di assoluto rilievo: la programmazione in vista del futuro poggia su basi solide. E non c\u2019\u00e8 nemmeno il rischio che i tre soggetti calcistici si pestino i piedi, visto che i gialloverdi navigano in Prima categoria, i granata in Seconda e i giallobl\u00f9 in Terza. Il vero obiettivo, comunque, \u00e8 legato al vivaio. E alla capacit\u00e0 di intercettare il maggior numero di bambini e ragazzi, per offrire la possibilit\u00e0 a chiunque di potersi esprimere con un pallone fra i piedi: indipendentemente dalla categoria o dalla fascia d\u2019et\u00e0. Perch\u00e9 sono sempre meno i giovani che si avvicinano al mondo dello sport. E, in questo senso, il calcio non fa eccezione. Insomma, la rotta \u00e8 tracciata. Tanto \u00e8 vero che in un incontro avvenuto ieri, i vertici societari hanno\u00a0 definito anche gli ultimissimi dettagli.<\/p>\n<p>&nbsp;<\/p>\n<hr \/>\n<p>&nbsp;<\/p>\n<blockquote class=\"wp-embedded-content\" data-secret=\"craUFfUX5Z\"><p><a href=\"https:\/\/www.radiopiu.net\/wordpress\/val-belluna-e-dolomiti-mostra-del-77-in-ticino-con-immagini-di-bepi-zanfron-di-renato-bona\/\">VAL BELLUNA E DOLOMITI: MOSTRA DEL \u201877  IN TICINO CON IMMAGINI DI BEPI ZANFRON  di Renato Bona<\/a><\/p><\/blockquote>\n<p><iframe loading=\"lazy\" title=\"&#8220;VAL BELLUNA E DOLOMITI: MOSTRA DEL \u201877  IN TICINO CON IMMAGINI DI BEPI ZANFRON  di Renato Bona&#8221; &#8212; Radio Pi\u00f9\" class=\"wp-embedded-content\" sandbox=\"allow-scripts\" security=\"restricted\" style=\"position: absolute; clip: rect(1px, 1px, 1px, 1px);\" src=\"https:\/\/www.radiopiu.net\/wordpress\/val-belluna-e-dolomiti-mostra-del-77-in-ticino-con-immagini-di-bepi-zanfron-di-renato-bona\/embed\/#?secret=craUFfUX5Z\" data-secret=\"craUFfUX5Z\" width=\"600\" height=\"338\" frameborder=\"0\" marginwidth=\"0\" marginheight=\"0\" scrolling=\"no\"><\/iframe><\/p>\n<p>&nbsp;<\/p>\n<hr \/>\n<p>&nbsp;<\/p>\n<h2>IERI ALLA RADIO<\/h2>\n<h3><a class=\"dt-pswp-item\" href=\"https:\/\/www.radiopiu.net\/wordpress\/wp-content\/uploads\/2020\/04\/rifugio-CARESTIATO-scaled.jpg\" data-dt-img-description=\"\" data-large_image_width=\"2560\" data-large_image_height=\"1700\"><img loading=\"lazy\" decoding=\"async\" class=\"size-medium wp-image-132214 alignleft\" src=\"https:\/\/www.radiopiu.net\/wordpress\/wp-content\/uploads\/2020\/04\/rifugio-CARESTIATO-300x199.jpg\" alt=\"\" width=\"300\" height=\"199\" srcset=\"https:\/\/www.radiopiu.net\/wordpress\/wp-content\/uploads\/2020\/04\/rifugio-CARESTIATO-300x199.jpg 300w, https:\/\/www.radiopiu.net\/wordpress\/wp-content\/uploads\/2020\/04\/rifugio-CARESTIATO-1024x680.jpg 1024w, https:\/\/www.radiopiu.net\/wordpress\/wp-content\/uploads\/2020\/04\/rifugio-CARESTIATO-768x510.jpg 768w, https:\/\/www.radiopiu.net\/wordpress\/wp-content\/uploads\/2020\/04\/rifugio-CARESTIATO-1536x1020.jpg 1536w, https:\/\/www.radiopiu.net\/wordpress\/wp-content\/uploads\/2020\/04\/rifugio-CARESTIATO-2048x1360.jpg 2048w\" sizes=\"auto, (max-width: 300px) 100vw, 300px\" \/><\/a><span style=\"color: #333333;\">DIEGO FAVERO, IL RIFUGIO CARESTIATO<\/span><\/h3>\n<p><strong>di Claudio Fontanive\u00a0<\/strong><\/p>\n<audio class=\"wp-audio-shortcode\" id=\"audio-142319-5\" preload=\"none\" style=\"width: 100%;\" controls=\"controls\"><source type=\"audio\/mpeg\" src=\"https:\/\/www.radiopiu.net\/wordpress\/wp-content\/uploads\/2020\/06\/diego-favero-4-giugno.mp3?_=5\" \/><a href=\"https:\/\/www.radiopiu.net\/wordpress\/wp-content\/uploads\/2020\/06\/diego-favero-4-giugno.mp3\">https:\/\/www.radiopiu.net\/wordpress\/wp-content\/uploads\/2020\/06\/diego-favero-4-giugno.mp3<\/a><\/audio>\n<p>&nbsp;<\/p>\n<h3><span style=\"color: #00ff00;\">SPECIALE EPCENTER<\/span><\/h3>\n<p><iframe loading=\"lazy\" title=\"EPCENTER puntata 18\" width=\"1200\" height=\"675\" src=\"https:\/\/www.youtube.com\/embed\/JDw-Nf8fei4?feature=oembed\" frameborder=\"0\" allow=\"accelerometer; autoplay; clipboard-write; encrypted-media; gyroscope; picture-in-picture\" allowfullscreen><\/iframe><\/p>\n<p>&nbsp;<\/p>\n<h3><span style=\"color: #ff0000;\">DUE MINUTI UN LIBRO<\/span><\/h3>\n<blockquote class=\"wp-embedded-content\" data-secret=\"w5OSpTJPyQ\"><p><a href=\"https:\/\/www.radiopiu.net\/wordpress\/leducazione\/\">L&#8217;EDUCAZIONE<\/a><\/p><\/blockquote>\n<p><iframe loading=\"lazy\" title=\"&#8220;L&#8217;EDUCAZIONE&#8221; &#8212; Radio Pi\u00f9\" class=\"wp-embedded-content\" sandbox=\"allow-scripts\" security=\"restricted\" style=\"position: absolute; clip: rect(1px, 1px, 1px, 1px);\" src=\"https:\/\/www.radiopiu.net\/wordpress\/leducazione\/embed\/#?secret=w5OSpTJPyQ\" data-secret=\"w5OSpTJPyQ\" width=\"600\" height=\"338\" frameborder=\"0\" marginwidth=\"0\" marginheight=\"0\" scrolling=\"no\"><\/iframe><\/p>\n<p><strong>LE ALTRE PUNTATE<\/strong><\/p>\n<p><iframe loading=\"lazy\" class=\"wp-embedded-content\" title=\"\u201cDue minuti un libro\u201d \u2014 Radio Pi\u00f9\" src=\"https:\/\/www.radiopiu.net\/wordpress\/due-minuti-un-libro\/embed\/#?secret=xOuCU0dfwv\" width=\"600\" height=\"251\" frameborder=\"0\" marginwidth=\"0\" marginheight=\"0\" scrolling=\"no\" sandbox=\"allow-scripts\" data-secret=\"xOuCU0dfwv\" data-mce-fragment=\"1\"><\/iframe><\/p>\n<h3><span style=\"color: #008000;\">AGORDINOMERON<\/span><\/h3>\n<p><iframe loading=\"lazy\" class=\"wp-embedded-content\" title=\"\u201cAGORDINOMERON, IL TERRITORIO SI RACCONTA Da un\u2019idea di Gianni Santomaso\u201d \u2014 Radio Pi\u00f9\" src=\"https:\/\/www.radiopiu.net\/wordpress\/agordinomeron\/embed\/#?secret=xS6Ggz5JcN\" width=\"600\" height=\"346\" frameborder=\"0\" marginwidth=\"0\" marginheight=\"0\" scrolling=\"no\" sandbox=\"allow-scripts\" data-secret=\"xS6Ggz5JcN\" data-mce-fragment=\"1\"><\/iframe><\/p>\n<h3><span style=\"color: #3366ff;\">IL MESSAGGIO DEI SACERDOTI A RADIO PIU\u2019<\/span><\/h3>\n<p><iframe loading=\"lazy\" class=\"wp-embedded-content\" title=\"\u201cDON CESARE SU RADIO PIU\u2019 ALLE 7.30 E 19.30, PARROCCHIE DI AGORDO, LA VALLE E TAIBON\u201d \u2014 Radio Pi\u00f9\" src=\"https:\/\/www.radiopiu.net\/wordpress\/chiesa\/embed\/#?secret=bYFn7SGIwr\" width=\"600\" height=\"381\" frameborder=\"0\" marginwidth=\"0\" marginheight=\"0\" scrolling=\"no\" sandbox=\"allow-scripts\" data-secret=\"bYFn7SGIwr\" data-mce-fragment=\"1\"><\/iframe><\/p>\n<p>&nbsp;<\/p>\n<hr \/>\n<p>&nbsp;<\/p>\n<p><strong class=\"photoswipe-wrapper\"><a class=\"dt-pswp-item pspw-wrap-ready\" href=\"https:\/\/i0.wp.com\/www.radiopiu.net\/wordpress\/wp-content\/uploads\/2018\/09\/viabilita.jpeg?ssl=1\" data-dt-img-description=\"\" data-large_image_width=\"800\" data-large_image_height=\"100\"><img loading=\"lazy\" decoding=\"async\" class=\"aligncenter wp-image-61954 size-full jetpack-lazy-image jetpack-lazy-image--handled\" src=\"https:\/\/i0.wp.com\/www.radiopiu.net\/wordpress\/wp-content\/uploads\/2018\/09\/viabilita.jpeg?resize=800%2C100&amp;ssl=1\" sizes=\"auto, (max-width: 800px) 100vw, 800px\" srcset=\"https:\/\/i0.wp.com\/www.radiopiu.net\/wordpress\/wp-content\/uploads\/2018\/09\/viabilita.jpeg?w=800&amp;ssl=1 800w, https:\/\/i0.wp.com\/www.radiopiu.net\/wordpress\/wp-content\/uploads\/2018\/09\/viabilita.jpeg?resize=300%2C38&amp;ssl=1 300w, https:\/\/i0.wp.com\/www.radiopiu.net\/wordpress\/wp-content\/uploads\/2018\/09\/viabilita.jpeg?resize=768%2C96&amp;ssl=1 768w\" alt=\"\" width=\"800\" height=\"100\" data-lazy-loaded=\"1\" \/><\/a><\/strong><\/p>\n<p><strong>\u00a0<\/strong><\/p>\n<blockquote><p><strong>INTERRUZIONI A CRISTO DELLE PIANIZZE\u00a0<\/strong>sp347 DURAN E CEREDA fino al 5 giugno (esclusi festivi e prefestivi) possibili interruzioni in localit\u00e0 Pianizze (Agordo) della durata massima di 15 minuti dalle 8 alle 12 e dalle 13 alle 17, inoltre senso unico alternato nei periodi non interessati dalle chiusura<\/p><\/blockquote>\n<p>PROVINCIALE 20 DELLA VAL FIORENTINA, SELVA DI CADORE: FINO AL 13 GIUGNO, CHIUSURA TOTALE TRA SOLATOR E IL CENTRO DEL PAESE ANCHE NEI GIORNI FESTIVI E PREFESTIVI, DAL CHILOMETRO 4.850 AL CHILOMETRO 5.100. TRANSITO CONSENTITO AI LOCALI CON TEMPI DI ATTESA MASSIMI STIMATI IN 30 MINUTI IN LOCALITA\u2019 SOLATOR DAL CHILOMETRO 4.400 AL CHILOMETRO 4.850<\/p>\n<p>REGIONALE 48 DELLE DOLOMITI, LOCALIT\u00c0 POCOL INIZIO ABITATO CORTINA,FINO\u00a0 AL 12 GIUGNO SEMAFORO PER TRATTI DI 250 METRI ANCHE NEI GIORNI FESTIVI E PREFESTIVI<\/p>\n<p>REGIONALE 203 AGORDINA FINO AL 15 GIUGNO IN LOCALIT\u00c0 LA MUDA DEVIAZIONE SU VIABILIT\u00c0 PROVVISORIA, PRUDENZA<\/p>\n<p>PROVINCIALE 12 PEDEMONTANA LOCALIT\u00c0 PONTE MAS, CHIUSURA TOTALE DI PONTE MAS FINO\u00a0 AL 30 GIUGNO<\/p>\n<p>STRADA REGIONALE 48 DELLE DOLOMITI, DAL KM 110,350 AL KM 112, SENSO UNICO ALTERNATO REGOLATO DA IMPIANTO SEMAFORICO ANCHE SABATO E FESTIVI FINO\u00a0 AL 30 GIUGNO PER POSA ELETTRODOTTO INTERRATO<\/p>\n<p>PROVINCIALE 563 DI SALESEI, FINO\u00a0 AL 3 LUGLIO, SENSO UNICO ALTERNATO REGOLATO DA IMPIANTO SEMAFORICO IN LOCALIT\u00c0 DIGONERA PER MESSA IN SICUREZZA PIANO VIABILE, SABATO E FESTIVI INCLUSI<\/p>\n<p>STRADA PROVINCIALE 346 DEL PASSO SAN PELLEGRINO, FINO\u00a0 AL 5 GIUGNO, SENSO UNICO ALTERNATO REGOLATO DA IMPIANTO SEMOFORICO TRA FALCADE E FALCADE ALTO PER POSA CAVIDOTTO FIBRA OTTICA<\/p>\n<p>REGIONALE 203 AGORDINA, CANDATEN-LA STANGA, FINO\u00a0 AL 30 GIUGNO INCLUSI SABATO E DOMENICA DALLE 7.30 ALLE 9 E DALLE 16.30 ALLE 18 SENSO UNICO ALTERNATO CON MOVIERI, NEGLI ALTRI PERIODI SENSO UNICO CON SEMAFORO.<\/p>\n<p>PROVINCIALE 24 VALPAROLA FINO\u00a0 AL 05 GIUGNO ESCLUSI FESTIVI E PREFESTIVI, SENSO UNICO ALTERNATO A VISTA PER TRATTI DI 50 METRI.<\/p>\n<p>PROVINCIALE 563 DI SALESEI, FINO AL\u00a0 19 GIUGNO, DOMENICHE E FESTIVI ESCLUSI, SENSO UNICO ALTERNATO REGOLATO DA IMPIANTO SEMAFORICO E POSSIBILI BREVI INTERRUZIONI AL TRAFFICO DI 15 MINUTI PER MESSA IN SICUREZZA VERSANTE A MONTE DELLA STRADA<\/p>\n<p>STRADA PROVINCIALE 346 DEL SAN PELLEGRINO, NEI COMUNI DI FALCADE, CANALE E VALLADA, FINO\u00a0 AL 3 LUGLIO, INCLUSI SABATI E DOMENICHE, POSSIBILE ISTITUZIONE DI SENSO UNICO ALTERNATO REGOLATO DA MOVIERI PER SOSTITUZIONE CONDUTTORI E MANUTENZIONE LINEA ELETTRICA ALTA TENSIONE<\/p>\n<p>REGIONALE 203 AGORDINA, NEL COMUNE DI CENCENIGHE, FINO\u00a0 AL 3 LUGLIO, INCLUSI SABATI E DOMENICHE, POSSIBILE ISTITUZIONE DI SENSO UNICO ALTERNATO REGOLATO DA MOVIERI PER SOSTITUZIONE CONDUTTORI E MANUTENZIONE LINEA ELETTRICA ALTA TENSIONE<\/p>\n<p>STRADA PROVINCIALE 422 DELL\u2019ALPAGO E DEL CANSIGLIO, FINO AL\u00a0 19 GIUGNO, DALLE 8 ALLE 19, SENSO UNICO ALTERNATO REGOLATO DA IMPIANTO SEMAFORICO O MOVIERE PER POSA FIBRA OTTICA<\/p>\n<p>STRADA PROVINCIALE 346 DEL SAN PELLEGRINO, NEL COMUNE DI VALLADA AGORDINA\u00a0 FINO AL\u00a0 19 GIUGNO SENSO UNICO ALTERNATO REGOLATO DA IMPIANTO SEMAFORICO PER MESSA IN SICUREZZA BARRIERE DI PROTEZIONE LATERALI<\/p>\n<p>STRADA REGIONA 203 AGORDINA, TRA MAS DI SEDICO E CERNADOI SU TRATTI SALTUARI DI STRADA, FINO\u00a0 AL 30 GIUGNO, ESCLUSO SABATO E DOMENICA, SENSO UNICO ALTERNATO REGOLATO DA IMPIANTO SEMAFORICO PER MESSA IN SICUREZZA BARRIERE DI PROTEZIONE LATERALI<\/p>\n<p>STRADA PROVINCIALE 347 DEL PASSO CEREDA E DURAN, NEL COMUNE DI GOSALDO (LOC. SANT\u2019ANDREA),\u00a0 FINO\u00a0 AL 20 GIUGNO SENSO UNICO ALTERNATO REGOLATO DA IMPIANTO SEMAFORICO PER MESSA IN SICUREZZA DELLA STRADA<\/p>\n<p>STRADA PROVINCIALE 347 DEL PASSO CEREDA E DURAN, NEL COMUNE DI AGORDO, FINO\u00a0 AL 12 GIUGNO SENSO UNICO ALTERNATO REGOLATO DA IMPIANTO SEMAFORICO PER POSA FIBRA OTTICA<\/p>\n<p>STRADA REGIONALE 48 DELLE DOLOMITI, NEL COMUNE DI LIVINALLONGO DEL COL DI LANA IN LOCALITA\u2019 ANDRAZ, FINO\u00a0 AL 30 GIUGNO SENSO UNICO ALTERNATO REGOLATO DA IMPIANTO SEMAFORICO O MOVIERE CON POSSIBILI BREVI INTERRUZIONI TOTALI AL TRAFFICO DELLA DURATA MASSIMA DI 10 MINUTI, PER LAVORI DI MESSA IN SICUREZZA DEL VERSANTE<\/p>\n<p>STRADA PROVINCIALE 641 DEL PASSO FEDAIA, A SOTTOGUDA DI ROCCA PIETORE, DALL\u2019 8 AL 19 GIUGNO, DALLE 7 ALLE 12 E DALLE 13 ALLE 18 ESCLUSI SABATO E DOMENICA, SENSO UNICO ALTERNATO REGOLATO DA MOVIERI PER RIPRISTINO PIANO VIABILE SU CAVIDOTTO MEDIA TENSIONE.<\/p>\n<p>STRADA PROVINCIALE 347 DEL PASSO CEREDA E DURAN, COMUNE DI VAL DI ZOLDO LOCALITA\u2019 CORNIGIAN, FINO AL 10 GIUGNO DALLE 7 ALLE 18\u00a0SENSO UNICO ALTERNATO REGOLATO DA IMPIANTO SEMAFORICO PER RICERCHE GEOGNOSTICHE<\/p>\n<p>&nbsp;<\/p>\n<hr \/>\n<p>&nbsp;<\/p>\n<h3><a class=\"dt-pswp-item\" href=\"https:\/\/www.radiopiu.net\/wordpress\/wp-content\/uploads\/2018\/09\/sport.jpg\" data-dt-img-description=\"\" data-large_image_width=\"800\" data-large_image_height=\"100\"><img loading=\"lazy\" decoding=\"async\" class=\"aligncenter wp-image-60761 size-full\" src=\"https:\/\/www.radiopiu.net\/wordpress\/wp-content\/uploads\/2018\/09\/sport.jpg\" alt=\"\" width=\"800\" height=\"100\" srcset=\"https:\/\/www.radiopiu.net\/wordpress\/wp-content\/uploads\/2018\/09\/sport.jpg 800w, https:\/\/www.radiopiu.net\/wordpress\/wp-content\/uploads\/2018\/09\/sport-300x38.jpg 300w, https:\/\/www.radiopiu.net\/wordpress\/wp-content\/uploads\/2018\/09\/sport-768x96.jpg 768w\" sizes=\"auto, (max-width: 800px) 100vw, 800px\" \/><\/a><\/h3>\n<h3><\/h3>\n<blockquote class=\"wp-embedded-content\" data-secret=\"t4AtpHCckp\"><p><a href=\"https:\/\/www.radiopiu.net\/wordpress\/lalbum-dei-ricordi-15-anni-fa-a-cencenighe-agordino-con-i-ragazzi-del-calcio\/\">L&#8217;ALBUM DEI RICORDI, 15 ANNI FA A CENCENIGHE AGORDINO CON I RAGAZZI DEL CALCIO<\/a><\/p><\/blockquote>\n<p><iframe loading=\"lazy\" title=\"&#8220;L&#8217;ALBUM DEI RICORDI, 15 ANNI FA A CENCENIGHE AGORDINO CON I RAGAZZI DEL CALCIO&#8221; &#8212; Radio Pi\u00f9\" class=\"wp-embedded-content\" sandbox=\"allow-scripts\" security=\"restricted\" style=\"position: absolute; clip: rect(1px, 1px, 1px, 1px);\" src=\"https:\/\/www.radiopiu.net\/wordpress\/lalbum-dei-ricordi-15-anni-fa-a-cencenighe-agordino-con-i-ragazzi-del-calcio\/embed\/#?secret=t4AtpHCckp\" data-secret=\"t4AtpHCckp\" width=\"600\" height=\"338\" frameborder=\"0\" marginwidth=\"0\" marginheight=\"0\" scrolling=\"no\"><\/iframe><\/p>\n<p>&nbsp;<\/p>\n<hr \/>\n<p>&nbsp;<\/p>\n<blockquote>\n<h3>LA TRANSPELMO D\u00c0\u00a0APPUNTAMENTO AL 2021<\/h3>\n<\/blockquote>\n<p><strong><a class=\"dt-pswp-item\" href=\"https:\/\/www.radiopiu.net\/wordpress\/wp-content\/uploads\/2020\/06\/transpelmo-2019.jpg\" data-dt-img-description=\"\" data-large_image_width=\"1900\" data-large_image_height=\"1267\"><img loading=\"lazy\" decoding=\"async\" class=\"size-medium wp-image-142347 alignleft\" src=\"https:\/\/www.radiopiu.net\/wordpress\/wp-content\/uploads\/2020\/06\/transpelmo-2019-300x200.jpg\" alt=\"\" width=\"300\" height=\"200\" srcset=\"https:\/\/www.radiopiu.net\/wordpress\/wp-content\/uploads\/2020\/06\/transpelmo-2019-300x200.jpg 300w, https:\/\/www.radiopiu.net\/wordpress\/wp-content\/uploads\/2020\/06\/transpelmo-2019-1024x683.jpg 1024w, https:\/\/www.radiopiu.net\/wordpress\/wp-content\/uploads\/2020\/06\/transpelmo-2019-768x512.jpg 768w, https:\/\/www.radiopiu.net\/wordpress\/wp-content\/uploads\/2020\/06\/transpelmo-2019-1536x1024.jpg 1536w, https:\/\/www.radiopiu.net\/wordpress\/wp-content\/uploads\/2020\/06\/transpelmo-2019.jpg 1900w\" sizes=\"auto, (max-width: 300px) 100vw, 300px\" \/><\/a>VAL DI ZOLDO<\/strong> L\u2019edizione 2020 della Transpelmo, gara di trailrunning che si sarebbe dovuta svolgere il 6 settembre sui sentieri della Val di Zoldo (Belluno), \u00e8 annullata. Il comitato organizzatore ha valutato attentamente ogni possibilit\u00e0, ritenendo che non sussistano le condizioni per organizzare l\u2019evento.\u00a0\u00abA malincuore, dobbiamo rinunciare all\u2019edizione 2020 della Transpelmo\u00bb spiegano Andrea Cero ed Eris Costa, coordinatori dello staff organizzativo della manifestazione nata nel 2008 che si svolge lungo i sentieri attorno al Monte Pelmo, una delle vette iconiche delle Dolomiti. \u00abL\u2019emergenza Covid 19 ci ha messo di fronte a una situazione senza precedenti. Dopo aver atteso\u00a0l\u2019evolversi\u00a0del quadro sanitario e normativo, considerata la rigidit\u00e0 degli standard di sicurezza richiesti ed esplorata ogni possibilit\u00e0 per evitare l\u2019annullamento, siamo arrivati alla decisione di rinviare al prossimo anno. Si tratta di una scelta molto sofferta ma crediamo che questa sia la soluzione pi\u00f9 responsabile nei confronti di concorrenti &#8211; oltre 800\u00a0nell\u2019edizione\u00a0dello scorso anno \u2013 e di volontari \u2013 oltre duecento\u00bb. \u00abDiamo appuntamento al 5 settembre 2021, nella convinzione che la nostra scelta sia capita e con l\u2019auspicio che i tanti concorrenti che in questi anni ci hanno dato fiducia possano essere con noi anche il prossimo anno, per un\u2019edizione che vogliamo pi\u00f9 coinvolgente che mai\u00bb dicono ancora Cero e Costa. \u00abPer l\u2019estate ormai imminente non ci sar\u00e0 la Transpelmo ma non vogliamo comunque rimanere fermi: stiamo mettendo a punto, insieme al nostro mani sponsor Salomon, alcune iniziative per far vivere agli appassionati del trail, anche se in maniera diversa dal solito, le nostre belle montagne\u00bb.<\/p>\n<p>&nbsp;<\/p>\n<p>&nbsp;<\/p>\n<hr \/>\n<p>&nbsp;<\/p>\n<blockquote>\n<h3>ANNULLATA L&#8217;EDIZIONE 2020 DI &#8220;DOI VAREC ENTORN FRENA&#8221;<\/h3>\n<\/blockquote>\n<p><strong><a class=\"dt-pswp-item\" href=\"https:\/\/www.radiopiu.net\/wordpress\/wp-content\/uploads\/2020\/06\/101794360_786920375048760_6640376261203984384_o.jpg\" data-dt-img-description=\"\" data-large_image_width=\"1080\" data-large_image_height=\"654\"><img loading=\"lazy\" decoding=\"async\" class=\"size-medium wp-image-142350 alignleft\" src=\"https:\/\/www.radiopiu.net\/wordpress\/wp-content\/uploads\/2020\/06\/101794360_786920375048760_6640376261203984384_o-300x182.jpg\" alt=\"\" width=\"300\" height=\"182\" srcset=\"https:\/\/www.radiopiu.net\/wordpress\/wp-content\/uploads\/2020\/06\/101794360_786920375048760_6640376261203984384_o-300x182.jpg 300w, https:\/\/www.radiopiu.net\/wordpress\/wp-content\/uploads\/2020\/06\/101794360_786920375048760_6640376261203984384_o-1024x620.jpg 1024w, https:\/\/www.radiopiu.net\/wordpress\/wp-content\/uploads\/2020\/06\/101794360_786920375048760_6640376261203984384_o-768x465.jpg 768w, https:\/\/www.radiopiu.net\/wordpress\/wp-content\/uploads\/2020\/06\/101794360_786920375048760_6640376261203984384_o.jpg 1080w\" sizes=\"auto, (max-width: 300px) 100vw, 300px\" \/><\/a>CANALE D&#8217;AGORDO\u00a0<\/strong>E&#8217; stata ufficialmente annullata l&#8217;edizione 2020 di &#8220;Doi Varec Entro Frena&#8221;. Queste le parole dell&#8217;organizzazione: &#8220;A malincuore comunichiamo che il secondo Memorial Bepino De Ventura previsto per sabato 19 settembre a Fregona di Canale Canale d&#8217;Agordo \u00e8 annullato. Abbiamo atteso speranzosi\u00a0per valutare attentamente il quadro della situazione sia dal punto di vista sanitario e normativo ma ad oggi non ci sono le condizioni per organizzare l&#8217;evento. Il nostro per\u00f2 \u00e8 un arrivederci al 2021&#8221;. In forse anche la sagra paesana.<\/p>\n<p>&nbsp;<\/p>\n<p>&nbsp;<\/p>\n<p>&nbsp;<\/p>\n<p>&nbsp;<\/p>\n<p>&nbsp;<\/p>\n<p>&nbsp;<\/p>\n<p>&nbsp;<\/p>\n<hr \/>\n<p>&nbsp;<\/p>\n<p class=\"photoswipe-wrapper\"><a class=\"dt-pswp-item pspw-wrap-ready\" href=\"https:\/\/i0.wp.com\/www.radiopiu.net\/wordpress\/wp-content\/uploads\/2018\/09\/WhatsApp-Image-2018-09-20-at-16.04.06.jpeg?ssl=1\" data-dt-img-description=\"\" data-large_image_width=\"800\" data-large_image_height=\"100\"><img loading=\"lazy\" decoding=\"async\" class=\"aligncenter wp-image-61378 size-full jetpack-lazy-image jetpack-lazy-image--handled\" src=\"https:\/\/i0.wp.com\/www.radiopiu.net\/wordpress\/wp-content\/uploads\/2018\/09\/WhatsApp-Image-2018-09-20-at-16.04.06.jpeg?resize=800%2C100&amp;ssl=1\" sizes=\"auto, (max-width: 800px) 100vw, 800px\" srcset=\"https:\/\/i0.wp.com\/www.radiopiu.net\/wordpress\/wp-content\/uploads\/2018\/09\/WhatsApp-Image-2018-09-20-at-16.04.06.jpeg?w=800&amp;ssl=1 800w, https:\/\/i0.wp.com\/www.radiopiu.net\/wordpress\/wp-content\/uploads\/2018\/09\/WhatsApp-Image-2018-09-20-at-16.04.06.jpeg?resize=300%2C38&amp;ssl=1 300w, https:\/\/i0.wp.com\/www.radiopiu.net\/wordpress\/wp-content\/uploads\/2018\/09\/WhatsApp-Image-2018-09-20-at-16.04.06.jpeg?resize=768%2C96&amp;ssl=1 768w\" alt=\"\" width=\"800\" height=\"100\" data-lazy-loaded=\"1\" \/><\/a><\/p>\n<p>&nbsp;<\/p>\n<p><center><b>Venerdi 5<\/b><\/center><b>Tempo atteso:\u00a0<\/b>Nottetempo e parte del mattino cielo molto nuvoloso con fenomeni man mano meno diffusi. Al pomeriggio attenuazione della nuvolosit\u00e0 e dei fenomeni e ritorno di schiarite, le quali potranno favorire una lieve ripresa dell&#8217;instabilit\u00e0 sulle Prealpi. Clima diurno meno umido e meno fresco per il ritorno di tratti soleggiati al pomeriggio.<br \/>\n<b>Precipitazioni:\u00a0<\/b>Nottetempo e al mattino alta probabilit\u00e0 di precipitazioni (80\/90%), nevose oltre i 2500\/2600 m. Dal primo pomeriggio in poi solo qualche residuo piovasco sulle Dolomiti (20\/30%), mentre nuovi rovesci ed occasionali temporali saranno ancora probabili sulle Prealpi (50\/70%). Tra gioved\u00ec e venerd\u00ec sono previsti cumuli complessivi di 40\/60 mm, tuttavia, considerando la componente temporalesca si potr\u00e0 localmente osservare apporti pari a 90\/110 mm.<br \/>\n<b>Temperature:\u00a0<\/b>Minime in generale calo; massime stazionarie in quota e in leggera ripresa nelle valli. Sono previste punte di 18\/19\u00b0C nei fondovalle Prealpini e di 14\/15\u00b0C a 1000\/1200 m. Su Prealpi a 1500 m min 7\u00b0C max 11\u00b0C, a 2000 m min 5\u00b0C max 8\u00b0C. Su Dolomiti a 2000 m min 4\u00b0C max 7\u00b0C, a 3000 m min -2\u00b0C max 0\u00b0C.<br \/>\n<b>Venti:\u00a0<\/b>Nelle valli deboli di direzione variabile; in quota deboli da nord-ovest tra la notte ed il mattino, in lieve rinforzo da sud-ovest al pomeriggio, a 5-15 km\/h a 2000 m, a 10-25 km\/h a 3000 m.<\/p>\n<hr \/>\n<p><center><b>Sabato 6<\/b><\/center><b>Tempo atteso:\u00a0<\/b>Al mattino tratti di sole in alta quota e molte nubi basse, anche estese, nei bassi strati. Nuvolosit\u00e0 che sar\u00e0 in parziale diradamento. Al pomeriggio attivit\u00e0 cumuliforme moderata\/forte associata a fenomeni convettivi. Clima pi\u00f9 fresco all&#8217;alba, mentre si mitigher\u00e0 un po\u2019 in giornata, specie in caso di schiarite.<br \/>\n<b>Precipitazioni:\u00a0<\/b>Per gran parte del mattino generalmente assenti (10%), dalle ore centrali in poi ripresa del instabilit\u00e0 con probabilit\u00e0 medio-alta (60\/80%) di rovesci e locali temporali. Limite dei rovesci nevosi attorno ai 2900 m.<br \/>\n<b>Temperature:\u00a0<\/b>Minime in calo e massime in ripresa. Sono previste punte di 20\/21\u00b0C nei fondovalle Prealpini e di 16\/17\u00b0C a 1000\/1200 m. Su Prealpi a 1500 m min 6\u00b0C max 12\u00b0C, a 2000 m min 4\u00b0C max 9\u00b0C. Su Dolomiti a 2000 m min 3\u00b0C max 10\u00b0C, a 3000 m min 0\u00b0C max 2\u00b0C.<br \/>\n<b>Venti:\u00a0<\/b>Nelle valli deboli di direzione variabile, anche a regime di brezza al mattino; in quota deboli\/moderati da sud-ovest, a 5-10 km\/h a 2000 m, a 15-25 km\/h a 3000 m.<\/p>\n<hr \/>\n<p><center><b>Domenica 7<\/b><\/center>Peggioramento del tempo con cielo coperto e prime precipitazioni, gi\u00e0 al primo mattino. In seguito intensificazione del maltempo con precipitazioni sempre pi\u00f9 diffuse e continue, occasionalmente anche temporalesche. Il limite neve sar\u00e0 sui 2900\/3000 m Temperature minime in aumento; massime in rialzo in quota e in calo nelle valli. Venti moderati\/tesi da sud-ovest in quota, deboli di direzione variabile nelle valli.<\/p>\n<hr \/>\n<p><center><b>Lunedi 8<\/b><\/center>Maltempo con cielo coperto e diffuse\/moderate precipitazioni tra la notte e gran parte del giorno, nevose oltre i 2400\/2600 m. Fenomeni in attenuazione al pomeriggio. Temperature minime in calo e massime in rialzo. Venti in quota moderati da sud-ovest al mattino, in attenuazione da sud al pomeriggio; deboli di direzione variabile nelle valli. Previsore: R.L.Th.<\/p>\n","protected":false},"excerpt":{"rendered":"<p>PER RICEVERE QUESTO NOTIZIARIO DIRETTAMENTE SUL TUO CELLULARE ISCRIVITI AL CANALE TELEGRAM\u00a0\u201cRADIO PIU\u00a0 INFORMAZIONE\u201d\u00a0 SABATO 6 GIUGNO A Canale d&#8217;Agordo INTERRUZIONE CORRENTE ELETTRICA TRA LE 8.30 E LE 13.00 nelle vie 20 agosto, Rividella, Mezzavilla e Lotta &nbsp; WANBAO ACC: VIA AL PIANO ASSUNZIONI ALLA FACCIA DELLA POLITICA INDUSTRIALE\u00a0 CINESE. WANBAO DA DIMENTICARE, ACC E&#8217;&hellip;<\/p>\n","protected":false},"author":4,"featured_media":142529,"comment_status":"closed","ping_status":"closed","sticky":false,"template":"","format":"standard","meta":{"_monsterinsights_skip_tracking":false,"_monsterinsights_sitenote_active":false,"_monsterinsights_sitenote_note":"","_monsterinsights_sitenote_category":0,"footnotes":""},"categories":[1,86,49],"tags":[],"class_list":["post-142319","post","type-post","status-publish","format-standard","has-post-thumbnail","hentry","category-senza-categoria","category-gr","category-news-18","category-1","category-86","category-49","description-off"],"img_url":"https:\/\/www.radiopiu.net\/wordpress\/wp-content\/uploads\/2020\/06\/76d1df88-0dd8-4d6d-9a79-98321d5cb87f.jpg","_links":{"self":[{"href":"https:\/\/www.radiopiu.net\/wordpress\/wp-json\/wp\/v2\/posts\/142319","targetHints":{"allow":["GET"]}}],"collection":[{"href":"https:\/\/www.radiopiu.net\/wordpress\/wp-json\/wp\/v2\/posts"}],"about":[{"href":"https:\/\/www.radiopiu.net\/wordpress\/wp-json\/wp\/v2\/types\/post"}],"author":[{"embeddable":true,"href":"https:\/\/www.radiopiu.net\/wordpress\/wp-json\/wp\/v2\/users\/4"}],"replies":[{"embeddable":true,"href":"https:\/\/www.radiopiu.net\/wordpress\/wp-json\/wp\/v2\/comments?post=142319"}],"version-history":[{"count":0,"href":"https:\/\/www.radiopiu.net\/wordpress\/wp-json\/wp\/v2\/posts\/142319\/revisions"}],"wp:featuredmedia":[{"embeddable":true,"href":"https:\/\/www.radiopiu.net\/wordpress\/wp-json\/wp\/v2\/media\/142529"}],"wp:attachment":[{"href":"https:\/\/www.radiopiu.net\/wordpress\/wp-json\/wp\/v2\/media?parent=142319"}],"wp:term":[{"taxonomy":"category","embeddable":true,"href":"https:\/\/www.radiopiu.net\/wordpress\/wp-json\/wp\/v2\/categories?post=142319"},{"taxonomy":"post_tag","embeddable":true,"href":"https:\/\/www.radiopiu.net\/wordpress\/wp-json\/wp\/v2\/tags?post=142319"}],"curies":[{"name":"wp","href":"https:\/\/api.w.org\/{rel}","templated":true}]}}