{"id":142331,"date":"2020-06-04T12:35:09","date_gmt":"2020-06-04T10:35:09","guid":{"rendered":"https:\/\/www.radiopiu.net\/wordpress\/?p=142331"},"modified":"2020-06-04T13:16:37","modified_gmt":"2020-06-04T11:16:37","slug":"conferenza-stampa-del-presidente-del-veneto-luca-zaia-04-giugno-2020-2","status":"publish","type":"post","link":"https:\/\/www.radiopiu.net\/wordpress\/conferenza-stampa-del-presidente-del-veneto-luca-zaia-04-giugno-2020-2\/","title":{"rendered":"&#8220;FIRMATA LA NUOVA ORDINANZA DALL&#8217;8 GIUGNO APRONO GLI ASILI PER LA FASCIA 0-3 ANNI&#8221; CONFERENZA STAMPA DEL PRESIDENTE DEL VENETO LUCA ZAIA 04 GIUGNO 2020"},"content":{"rendered":"<p><strong>VENEZIA<\/strong>\u00a0Da Marghera il\u00a0Presidente\u00a0Luca Zaia fa il punto sull\u2019emergenza Covid-19<\/p>\n<p><strong>NELLE ULTIME 24 ORE: tamponi\u00a0 707.000 positivi 19168 (+4), 1225 in isolamento (-42) RICOVERATI 365 (97 POSITIVI), TERAPIE INTENSIVE 21 (-3,\u00a0 2 POSITIVI), TOTALE MORTI 1934 (+13) IN OSPEDALE 1385.<\/strong><\/p>\n<p>&nbsp;<\/p>\n<h2>LEGGI LA CONFERENZA STAMPA DI LUCA ZAIA<\/h2>\n<p><em>Da lunedi via libera agli asilI nido\u00a0 e la ristorazione torna in campo i bimbi piccoli non possono portarsi il panino da casa\u00a0<\/em><\/p>\n<p>Il virus perde potenza, praticamente un contagiato in mezzo a 3000 persone. \u00a0Siamo tornati a regime con quasi tutti gli ospedali e i pronto soccorso.<\/p>\n<h1><span style=\"color: #ff0000;\">Pronta l&#8217;ordinanza fino a 27 giugno<\/span><\/h1>\n<p><strong>SERVIZI PER L\u2019INFANZIA 0-3 ANNI<\/strong> dall\u20198 giugno consentito lo svolgimento delle attivit\u00e0 nel rispetto delle linee guida predisposte dalla Regione che ha pronta l\u2019ordinanza ma attende la validazione di Roma, passaggio che non \u00e8 ancora stato fatto n\u00e8 per DPCM n\u00e8 dalla comunit\u00e0 scientifica. Siamo pronti per dare il via con le nostre linee guida &#8211; ha detto Zaia &#8211; ammettendo anche la ristorazione poich\u00e9 i bimbi non possono certo portarsi il panino da casa. <strong>INFORMATORI SCIENTIFICI<\/strong> Coloro che portano le ultime novit\u00e0 farmacologiche agli ospedalieri, fino ad oggi non possono entrare in ospedale, con la nuova ordinanza avranno accesso alle strutture sanitarie. E\u2019 un\u2019attivit\u00e0 di natura promozionale con valore altamente informativo. E\u2019 giusto che i nostri medici abbino le giuste relazioni\u00a0<strong>SALE GIOCHI PER BAMBINI E ADOLESCENTI\u00a0<\/strong>\u00a0Verranno aperte nel rispetto delle regole.\u00a0<strong>PISCINE CONDOMINIALI<\/strong> L\u2019utilizzo\u00a0 delle piscine negli edifici con almeno 9 unit\u00e0 abitative anche non turistiche potranno aprire con le disposizioni stabilite nelle piscine. Un appunto per gli amministratori di condominio che ora potranno affrontare le aperture. <strong>CASE PROTETTE ANCORA CHIUSE\u00a0<\/strong> Vediamo di inserire anche questo nell&#8217;ordinanza che stiamo per promulgare.<\/p>\n<h2>DOMANDE<\/h2>\n<p><strong>A VERONA IL BLITZ CONTRO LA NDRANGHETA<\/strong> Non \u00e8 una novit\u00e0, ricordo le azioni della Procura di Venezia in\u00a0 passato per i fatti di Eraclea dove\u00a0 la Regione si \u00e8 costituita parte civile. Penso che il substrato ci sia, dato anche dalla crisi economiche e\u00a0 dalla ricchezza dei territori. Non avendo letto nulla non dico nulla tantomeno commenti su nomi o quant&#8217;altro, non bisogna pero&#8217; abbassare la guardia il problema c&#8217;\u00e8 e cercheremo di capirne l&#8217;evoluzione.<\/p>\n<p><strong>ORDINANZA PER PRIMI<\/strong> Si muoveranno anche le altre Regioni. Partiamo oggi perch\u00e9 si possa partire lunedi e non credo si siano motivi per impugnarla. Non \u00e8 una prova muscolare sono 10 giorni che attendiamo risposte da Roma che non sono mai arrivate. Non ha pi\u00f9 senso aprire tra 10 giorni, mi aspetto una validazione del comitato scientifico anche per una certa tranquillit\u00e0. Credo si muover\u00e0 in questo senso anche il Friuli.<\/p>\n<p><strong>CONVOCATA LA CONFERENZA DEI SINDACI PER IL TRASPORTO PUBBLICO LOCALE?<\/strong> Non ancora ma entro pochi giorni presenteremo un&#8217;istanza comune per la capienza da omologazione e uso della mascherina e iginiezzatore prima che il problema diventi insormontabile.<\/p>\n<p><strong>ALTRO FRONTE COMUNE PER LA PROMOZIONE TURISTICA CON L&#8217;APPELLO DEL MINISTRO ALL&#8217;UNIONE<\/strong> Non ho visto le dichiarazione del Ministro (invita al non individualismo ndr.). Che il Ministro vada a Jesolo e Bibione e gli dica di attendere le disposizioni di Roma.<\/p>\n<p><strong>DIMENTICATO L&#8217;AUTONOMIA?<\/strong> No siamo concentrati sul Covid, abbiamo votato tutti i provvedimenti del Governo, per noi l&#8217;autonomia nel rispetto della legge \u00e8 la madre di tutte le battaglie. La squadra veneta che affronta i problemi se la merita. A Roma pensano sia una sottrazione di potere, noi invece un&#8217;assunzione di responsabilit\u00e0. Usciamo dal medioevo solo con una nuova ossatura costituzionale o siamo finiti. Bisogna trovare un punto d&#8217;incontro.\u00a0 Il comitato scientifico e la delegazione trattante ha sempre lavorato. Ora il Governo si trover\u00e0 il dossier da affrontare e deve rispondere a 2 milioni di veneti andati a votare<\/p>\n<p><strong>CRISI COVID<\/strong> Persi almeno 65mila posti di lavoro, altrettante persone e famiglie\u00a0 in difficolt\u00e0,\u00a0 35mila\u00a0 solo nel turismo. Il monitoraggio \u00e8 fondamentale.<\/p>\n<p><strong>PROBLEMA RIPARTENZA CASE PROTETTE, MANCANO LE LINEE GUIDA\u00a0<\/strong> Sar\u00e0 inserita nell&#8217;ordinanza di oggi diamo merito al mondo dell&#8217;informazione.<\/p>\n<p><strong>57 ONOREFICIENZE DI MATTARELLA SI ASPETTAVA QUALCHE COSA DI PIU&#8217; PER IL VENETO O E&#8217;\u00a0 CONTENTO\u00a0<\/strong> Sono scelte in autonomia, inviterei il presidente a pensare anche gli eroi che in questa tornata non ci sono, comprese le categorie dai rianimatori agli oss insomma a chi opera nella sanit\u00e0. Poi c&#8217;\u00e8 sempre Vo&#8217; ma penso che per questo stia pensando a qualche cosa di particolare per ripagarli dei loro sacrifici. Ho parlato col presidente e sono sicuro che qualche considerazione la far\u00e0.<\/p>\n<p><strong>LE IDEE DI CONTE<\/strong> Interessanti ma \u00e8 ora di spalmare il modello Genova in tutto il paese, siamo in emergenza.<\/p>\n<p><strong>CASE DI RIPOSO, CE NE SONO ANCORA DI CHIUSE<\/strong> Noi abbiamo fatto le linee guida, cercheremo di stimolare. Forse qualcuno ha ancora problemi a gestire le linee guida. E&#8217; chiaro che le visite sono sempre contingentate e con l&#8217;uso di dispositivi. Siamo preoccupati per questo settore.<\/p>\n<p><strong>CRISANTI RIPROPONE L&#8217;IMPORTANZA DEL MODELLO VO&#8217;\u00a0 FACENDO APPELLO ALLA PRUDENZA DICHIARANDOSI FAVOREVOLE ALLA CHIUSURA DEI CONFINI CON L&#8217;AUSTRIA.<\/strong> E&#8217; da una settimana che diciamo di aprire le frontiere, e lo ribadisco. Io sono per l&#8217;apertura,\u00a0 gli altri temi non li discuto. Ho sentito un&#8217;intervista del professor Zangrillo, dice che il virus \u00e8 clinicamente spento con riferimento in terapia intensiva, ma se la vedano tra loro, tra Crisanti e Zangrillo. Non sono nelle condizioni di disquisire sulle dichiarazioni del luminare Crisanti. Chi sono io per giudicare? Ora ci sar\u00e0 un rincorrersi di dichiarazione. Anche gli scienziati lasceranno le prime pagine e si esprimeranno su altri temi e non possiamo passare le giornate a replicare alle loro dichiarazioni. Per qualcuno era sbagliato anche aprire 10 o 20 giorni fa, si diceva sarebbe stata un&#8217;ecatombe ma i dati ad oggi danno ragione a noi. Domani vediamo. Fino ad ora dal 4 maggio \u00e8 esattamente il contrario di quello che dichiarava il mondo scientifico.<\/p>\n<p><strong>ANCHE SAGRE, FIERE CONGRESSI DAL 15 GIUGNO?<\/strong> Stiamo studiando le linee guida.<\/p>\n<p>&nbsp;<\/p>\n<p>&nbsp;<\/p>\n<p>&nbsp;<\/p>\n<p>https:\/\/www.facebook.com\/zaiaufficiale\/videos\/299158508137117<\/p>\n","protected":false},"excerpt":{"rendered":"<p>VENEZIA\u00a0Da Marghera il\u00a0Presidente\u00a0Luca Zaia fa il punto sull\u2019emergenza Covid-19 NELLE ULTIME 24 ORE: tamponi\u00a0 707.000 positivi 19168 (+4), 1225 in isolamento (-42) RICOVERATI 365 (97 POSITIVI), TERAPIE INTENSIVE 21 (-3,\u00a0 2 POSITIVI), TOTALE MORTI 1934 (+13) IN OSPEDALE 1385. &nbsp; LEGGI LA CONFERENZA STAMPA DI LUCA ZAIA Da lunedi via libera agli asilI nido\u00a0 e&hellip;<\/p>\n","protected":false},"author":4,"featured_media":121391,"comment_status":"closed","ping_status":"closed","sticky":false,"template":"","format":"standard","meta":{"_monsterinsights_skip_tracking":false,"_monsterinsights_sitenote_active":false,"_monsterinsights_sitenote_note":"","_monsterinsights_sitenote_category":0,"footnotes":""},"categories":[51,49],"tags":[],"class_list":["post-142331","post","type-post","status-publish","format-standard","has-post-thumbnail","hentry","category-evidenza-top","category-news-18","category-51","category-49","description-off"],"img_url":"https:\/\/www.radiopiu.net\/wordpress\/wp-content\/uploads\/2020\/03\/covid-zaia.jpg","_links":{"self":[{"href":"https:\/\/www.radiopiu.net\/wordpress\/wp-json\/wp\/v2\/posts\/142331","targetHints":{"allow":["GET"]}}],"collection":[{"href":"https:\/\/www.radiopiu.net\/wordpress\/wp-json\/wp\/v2\/posts"}],"about":[{"href":"https:\/\/www.radiopiu.net\/wordpress\/wp-json\/wp\/v2\/types\/post"}],"author":[{"embeddable":true,"href":"https:\/\/www.radiopiu.net\/wordpress\/wp-json\/wp\/v2\/users\/4"}],"replies":[{"embeddable":true,"href":"https:\/\/www.radiopiu.net\/wordpress\/wp-json\/wp\/v2\/comments?post=142331"}],"version-history":[{"count":0,"href":"https:\/\/www.radiopiu.net\/wordpress\/wp-json\/wp\/v2\/posts\/142331\/revisions"}],"wp:featuredmedia":[{"embeddable":true,"href":"https:\/\/www.radiopiu.net\/wordpress\/wp-json\/wp\/v2\/media\/121391"}],"wp:attachment":[{"href":"https:\/\/www.radiopiu.net\/wordpress\/wp-json\/wp\/v2\/media?parent=142331"}],"wp:term":[{"taxonomy":"category","embeddable":true,"href":"https:\/\/www.radiopiu.net\/wordpress\/wp-json\/wp\/v2\/categories?post=142331"},{"taxonomy":"post_tag","embeddable":true,"href":"https:\/\/www.radiopiu.net\/wordpress\/wp-json\/wp\/v2\/tags?post=142331"}],"curies":[{"name":"wp","href":"https:\/\/api.w.org\/{rel}","templated":true}]}}