{"id":142398,"date":"2020-06-04T15:09:12","date_gmt":"2020-06-04T13:09:12","guid":{"rendered":"https:\/\/www.radiopiu.net\/wordpress\/?p=142398"},"modified":"2020-06-04T15:09:12","modified_gmt":"2020-06-04T13:09:12","slug":"meteo-stato-di-attenzione-per-tempo-instabile-con-precipitazioni-diffuse-su-zone-centro-settentrionali","status":"publish","type":"post","link":"https:\/\/www.radiopiu.net\/wordpress\/meteo-stato-di-attenzione-per-tempo-instabile-con-precipitazioni-diffuse-su-zone-centro-settentrionali\/","title":{"rendered":"METEO. STATO DI ATTENZIONE PER TEMPO INSTABILE CON PRECIPITAZIONI DIFFUSE SU ZONE CENTRO-SETTENTRIONALI"},"content":{"rendered":"<p><strong><a class=\"dt-pswp-item\" href=\"https:\/\/www.radiopiu.net\/wordpress\/wp-content\/uploads\/2018\/04\/previsioni-meteo.jpg\" data-dt-img-description=\"\" data-large_image_width=\"500\" data-large_image_height=\"392\"><img loading=\"lazy\" decoding=\"async\" class=\"size-medium wp-image-46370 alignleft\" src=\"https:\/\/www.radiopiu.net\/wordpress\/wp-content\/uploads\/2018\/04\/previsioni-meteo-300x235.jpg\" alt=\"\" width=\"300\" height=\"235\" srcset=\"https:\/\/www.radiopiu.net\/wordpress\/wp-content\/uploads\/2018\/04\/previsioni-meteo-300x235.jpg 300w, https:\/\/www.radiopiu.net\/wordpress\/wp-content\/uploads\/2018\/04\/previsioni-meteo.jpg 500w\" sizes=\"auto, (max-width: 300px) 100vw, 300px\" \/><\/a>VENEZIA\u00a0<\/strong>Il Centro funzionale decentrato della Protezione Civile del Veneto, in considerazione delle previsioni meteo, ha emesso un avviso di attenzione per tempo instabile\/perturbato, con precipitazioni diffuse, pi\u00f9 frequenti e persistenti su zone centro-settentrionali, anche con rovesci e temporali, quantitativi abbondanti specie su zone montane\/pedemontane. Non si escludono temporali localmente intensi.\u00a0La fase pi\u00f9 intensa \u00e8 prevista per il pomeriggio di oggi ed il primo mattino di domani, venerd\u00ec 5 giugno, con una possibile ripresa dell&#8217;instabilit\u00e0 con qualche rovescio o locale temporale nel pomeriggio.<span class=\"Apple-converted-space\">\u00a0<\/span>Per Borca di Cadore si segnala il livello 2 di attenzione rinforzata per colate detritiche.\u00a0Le prescrizioni sono valide dalle ore 14 di oggi, fino alle ore 24 di domani, venerd\u00ec 5 giugno.<span class=\"Apple-converted-space\">\u00a0<\/span><\/p>\n","protected":false},"excerpt":{"rendered":"<p>VENEZIA\u00a0Il Centro funzionale decentrato della Protezione Civile del Veneto, in considerazione delle previsioni meteo, ha emesso un avviso di attenzione per tempo instabile\/perturbato, con precipitazioni diffuse, pi\u00f9 frequenti e persistenti su zone centro-settentrionali, anche con rovesci e temporali, quantitativi abbondanti specie su zone montane\/pedemontane. Non si escludono temporali localmente intensi.\u00a0La fase pi\u00f9 intensa \u00e8 prevista&hellip;<\/p>\n","protected":false},"author":4,"featured_media":46370,"comment_status":"closed","ping_status":"closed","sticky":false,"template":"","format":"standard","meta":{"_monsterinsights_skip_tracking":false,"_monsterinsights_sitenote_active":false,"_monsterinsights_sitenote_note":"","_monsterinsights_sitenote_category":0,"footnotes":""},"categories":[49],"tags":[],"class_list":["post-142398","post","type-post","status-publish","format-standard","has-post-thumbnail","hentry","category-news-18","category-49","description-off"],"img_url":"https:\/\/www.radiopiu.net\/wordpress\/wp-content\/uploads\/2018\/04\/previsioni-meteo.jpg","_links":{"self":[{"href":"https:\/\/www.radiopiu.net\/wordpress\/wp-json\/wp\/v2\/posts\/142398","targetHints":{"allow":["GET"]}}],"collection":[{"href":"https:\/\/www.radiopiu.net\/wordpress\/wp-json\/wp\/v2\/posts"}],"about":[{"href":"https:\/\/www.radiopiu.net\/wordpress\/wp-json\/wp\/v2\/types\/post"}],"author":[{"embeddable":true,"href":"https:\/\/www.radiopiu.net\/wordpress\/wp-json\/wp\/v2\/users\/4"}],"replies":[{"embeddable":true,"href":"https:\/\/www.radiopiu.net\/wordpress\/wp-json\/wp\/v2\/comments?post=142398"}],"version-history":[{"count":0,"href":"https:\/\/www.radiopiu.net\/wordpress\/wp-json\/wp\/v2\/posts\/142398\/revisions"}],"wp:featuredmedia":[{"embeddable":true,"href":"https:\/\/www.radiopiu.net\/wordpress\/wp-json\/wp\/v2\/media\/46370"}],"wp:attachment":[{"href":"https:\/\/www.radiopiu.net\/wordpress\/wp-json\/wp\/v2\/media?parent=142398"}],"wp:term":[{"taxonomy":"category","embeddable":true,"href":"https:\/\/www.radiopiu.net\/wordpress\/wp-json\/wp\/v2\/categories?post=142398"},{"taxonomy":"post_tag","embeddable":true,"href":"https:\/\/www.radiopiu.net\/wordpress\/wp-json\/wp\/v2\/tags?post=142398"}],"curies":[{"name":"wp","href":"https:\/\/api.w.org\/{rel}","templated":true}]}}