{"id":142573,"date":"2020-06-06T05:53:20","date_gmt":"2020-06-06T03:53:20","guid":{"rendered":"https:\/\/www.radiopiu.net\/wordpress\/?p=142573"},"modified":"2020-06-06T13:22:44","modified_gmt":"2020-06-06T11:22:44","slug":"giornale-radiopiu-06-giugno-2020-direttore-mirko-mezzacasa","status":"publish","type":"post","link":"https:\/\/www.radiopiu.net\/wordpress\/giornale-radiopiu-06-giugno-2020-direttore-mirko-mezzacasa\/","title":{"rendered":"GIORNALE RADIOPIU 06 GIUGNO 2020 DIRETTORE MIRKO MEZZACASA"},"content":{"rendered":"<h3><strong>PER RICEVERE QUESTO NOTIZIARIO DIRETTAMENTE SUL TUO CELLULARE ISCRIVITI AL CANALE TELEGRAM\u00a0<\/strong><strong>\u201cRADIO PIU\u00a0 INFORMAZIONE\u201d<\/strong><\/h3>\n<hr \/>\n<p>&nbsp;<\/p>\n<p><strong>OGGI a Canale d\u2019Agordo INTERRUZIONE CORRENTE ELETTRICA TRA LE 8.30 E LE 13.00 nelle vie 20 agosto, Rividella, Mezzavilla e Lotta<\/strong><\/p>\n<hr \/>\n<p>&nbsp;<\/p>\n<p><span style=\"color: #ff0000;\"><em><strong>PROVINCIALE 563 DI SALESEI, LIVINALLONGO: CHIUSURA.<\/strong><\/em><\/span><br \/>\n<em><strong>NEI GIORNI 9 E 10 GIUGNO CHIUSURA TOTALE ALLA CIRCOLAZIONE STRADALE DALLE 8 ALLE 12 E DALLE 13 ALLE 17.30 IN LOCALITA&#8217; PIAN DI SALESEI PER RIMOZIONE MASSA ROCCIOSA A MONTE DELLA STRADA. NEGLI ALTRI ORARI SENSO UNICO ALTERNATO CON SEMAFORO<\/strong><\/em><\/p>\n<p>&nbsp;<\/p>\n<hr \/>\n<p>&nbsp;<\/p>\n<div class=\"page-title-head hgroup\">\n<blockquote>\n<h3 class=\"entry-title\">TRAVOLTO DAL MONTACARICHI LONGARONESE DI 52 ANNI MUORE IN SVIZZERA<\/h3>\n<\/blockquote>\n<\/div>\n<div class=\"page-title-breadcrumbs\"><strong class=\"photoswipe-wrapper\"><img loading=\"lazy\" decoding=\"async\" class=\"wp-image-142754 alignleft jetpack-lazy-image jetpack-lazy-image--handled\" src=\"https:\/\/i0.wp.com\/www.radiopiu.net\/wordpress\/wp-content\/uploads\/2020\/06\/101984641_10217617083480385_5878295324539224064_n.jpg?resize=197%2C263&amp;ssl=1\" sizes=\"auto, (max-width: 197px) 100vw, 197px\" srcset=\"https:\/\/i0.wp.com\/www.radiopiu.net\/wordpress\/wp-content\/uploads\/2020\/06\/101984641_10217617083480385_5878295324539224064_n.jpg?resize=225%2C300&amp;ssl=1 225w, https:\/\/i0.wp.com\/www.radiopiu.net\/wordpress\/wp-content\/uploads\/2020\/06\/101984641_10217617083480385_5878295324539224064_n.jpg?w=720&amp;ssl=1 720w\" alt=\"\" width=\"130\" height=\"174\" data-recalc-dims=\"1\" data-lazy-loaded=\"1\" \/>LONGARONE<\/strong> Emilio Sacchet, 52 anni originario di Longarone \u00e8 morto a Zurigo, lavorava nel ristorante Zunfthaus Zur Waag quando\u00a0 a causa del malfunzionamento di un montacarichi \u00e8\u00a0 stato travolto e schiacciato. Ne ha dato notizia\u00a0 il\u00a0 sindaco di Longarone, Roberto Padrin nel suo profilo Facebook. \u201cOggi \u00e8 una giornata tanto triste. Ci ha lasciato un amico, un vulcano di idee e di entusiasmo, un milanista doc. Ciao Emilio, grazie per aver condiviso con te tanti momenti di festa e per avermi fatto capire che la vita va vissuta in ogni sua parte. Ci mancher\u00e0 la tua risata, il tuo stare in compagnia, ci mancheranno le nostre gite a Milano a tifare la nostra squadra del cuore. Te ne sei andato troppo presto, ma sappi che ti abbiamo apprezzato e voluto bene. Riposa in pace.\u201d.<\/div>\n<div>DALLA RASSEGNA STAMPA DELLE OTTO IL SINDACO ROBERTO PADRIN<br \/>\n<audio class=\"wp-audio-shortcode\" id=\"audio-142573-1\" preload=\"none\" style=\"width: 100%;\" controls=\"controls\"><source type=\"audio\/mpeg\" src=\"https:\/\/www.radiopiu.net\/wordpress\/wp-content\/uploads\/2020\/06\/pedrp.mp3?_=1\" \/><a href=\"https:\/\/www.radiopiu.net\/wordpress\/wp-content\/uploads\/2020\/06\/pedrp.mp3\">https:\/\/www.radiopiu.net\/wordpress\/wp-content\/uploads\/2020\/06\/pedrp.mp3<\/a><\/audio>\n<\/div>\n<div><\/div>\n<div><\/div>\n<div>\n<hr \/>\n<\/div>\n<p>&nbsp;<\/p>\n<div class=\"page-title-head hgroup\">\n<blockquote>\n<h3 class=\"entry-title\">\u00c8 MORTO LO SCULTORE DEGLI EMIGRANTI<\/h3>\n<\/blockquote>\n<\/div>\n<div class=\"page-title-breadcrumbs\"><strong class=\"photoswipe-wrapper\"><img loading=\"lazy\" decoding=\"async\" class=\"size-medium wp-image-142759 alignleft jetpack-lazy-image jetpack-lazy-image--handled\" src=\"https:\/\/i0.wp.com\/www.radiopiu.net\/wordpress\/wp-content\/uploads\/2020\/06\/fortunato_campigotto.jpg?resize=300%2C200&amp;ssl=1\" sizes=\"auto, (max-width: 300px) 100vw, 300px\" srcset=\"https:\/\/i0.wp.com\/www.radiopiu.net\/wordpress\/wp-content\/uploads\/2020\/06\/fortunato_campigotto.jpg?resize=300%2C200&amp;ssl=1 300w, https:\/\/i0.wp.com\/www.radiopiu.net\/wordpress\/wp-content\/uploads\/2020\/06\/fortunato_campigotto.jpg?resize=1024%2C682&amp;ssl=1 1024w, https:\/\/i0.wp.com\/www.radiopiu.net\/wordpress\/wp-content\/uploads\/2020\/06\/fortunato_campigotto.jpg?resize=768%2C512&amp;ssl=1 768w, https:\/\/i0.wp.com\/www.radiopiu.net\/wordpress\/wp-content\/uploads\/2020\/06\/fortunato_campigotto.jpg?w=1280&amp;ssl=1 1280w\" alt=\"\" width=\"300\" height=\"200\" data-recalc-dims=\"1\" data-lazy-loaded=\"1\" \/>BELLUNO<\/strong> L\u2019Associazione Bellunesi nel Mondo con la Famiglia Bellunese di Zurigo, di Lugano e la Famiglia Ex emigranti di Arina piange la scomparsa di Fortunato Campigotto. All\u2019et\u00e0 di 79 anni \u00e8 venuto a mancare improvvisamente questa mattina a Zurigo. Nato ad Arina, frazione di Lamon, nel 1941 dopo aver compiuto gli studi edili intraprende la vita di contadino, prima a Torino e poi in Svizzera dove segue il padre muratore. Lavora per la ferrovia Svizzera e poi per una\u00a0 ditta edile. Nel tempo libero frequenta corsi privati conseguendo la qualifica di Capomastro. Frequenta inoltre corsi d\u2019arte, che gli permettono di creare opere scultoree con tutti i tipi di materiale: legno, bronzo, gesso, ferro e pietra ottenendo numerosi riconoscimenti di pubblico e critica: dal Grand Prix d\u2019Art \u201984 alla Euro Galerie di Turgovia, alle esposizioni presso la Casa d\u2019Italia a Zurigo e l\u2019Ambasciata d\u2019Italia a Berna.\u00a0 Fra le ultime opere quella della Via Crucis nel paese natale (iniziativa voluta dalla Famiglia Ex emigranti di Arina, ndr), per la quale l\u2019artista ha donato le quattordici sculture raffiguranti la Passione di Ges\u00f9 Cristo. \u00abSe ne va un amico, lo scultore degli emigranti\u00bb, il pensiero di un commosso Oscar De Bona, \u00abFortunato ricevette nel 2017 un riconoscimento speciale in occasione della XVIII edizione del premio internazionale \u201cBellunesi che onorano la provincia di Belluno in Italia e all\u2018estero\u201d e sono orgoglioso di averlo candidato personalmente\u00bb. Un\u2019opera di Fortunato Campigotto \u00e8 presente anche nella sede dell\u2019Associazione Bellunesi nel Mondo: una mano che sorregge un mondo costruito con le fatiche e i sacrifici degli emigranti bellunesi.Il rito funebre, in forma privata per l\u2019emergenza Coronavirus, sar\u00e0 celebrato a Zurigo luned\u00ec 8 giugno.<br \/>\n<i><br \/>\n<\/i><i>Didascalia (fortunato_campigotto) Da sinistra la senatrice Raffaela Bellot, Fortunato Campigotto e il sindaco di Lamon Ornella Noventa a Ponte nelle Alpi in occasione della XVIII edizione del premio internazionale \u201cBellunesi che onorano la provincia di Belluno in Italia e all\u2019estero).<\/i><\/div>\n<div><\/div>\n<div><\/div>\n<div>\n<hr \/>\n<\/div>\n<h3><\/h3>\n<blockquote>\n<h3 class=\"entry-title\">SCHIACCIATO NELLA BETONIERA, SOCCORSO E TRASPORTATO AL CA\u2019 FONCELLO DI TREVISO<\/h3>\n<\/blockquote>\n<p><strong class=\"photoswipe-wrapper\"><img loading=\"lazy\" decoding=\"async\" class=\"wp-image-142707 alignleft jetpack-lazy-image jetpack-lazy-image--handled\" src=\"https:\/\/i2.wp.com\/www.radiopiu.net\/wordpress\/wp-content\/uploads\/2020\/06\/78918f18-cbaf-4ef5-b95d-cceed358eabc.jpg?resize=248%2C173&amp;ssl=1\" sizes=\"auto, (max-width: 248px) 100vw, 248px\" srcset=\"https:\/\/i2.wp.com\/www.radiopiu.net\/wordpress\/wp-content\/uploads\/2020\/06\/78918f18-cbaf-4ef5-b95d-cceed358eabc.jpg?resize=300%2C209&amp;ssl=1 300w, https:\/\/i2.wp.com\/www.radiopiu.net\/wordpress\/wp-content\/uploads\/2020\/06\/78918f18-cbaf-4ef5-b95d-cceed358eabc.jpg?resize=1024%2C714&amp;ssl=1 1024w, https:\/\/i2.wp.com\/www.radiopiu.net\/wordpress\/wp-content\/uploads\/2020\/06\/78918f18-cbaf-4ef5-b95d-cceed358eabc.jpg?resize=768%2C536&amp;ssl=1 768w, https:\/\/i2.wp.com\/www.radiopiu.net\/wordpress\/wp-content\/uploads\/2020\/06\/78918f18-cbaf-4ef5-b95d-cceed358eabc.jpg?resize=1536%2C1071&amp;ssl=1 1536w, https:\/\/i2.wp.com\/www.radiopiu.net\/wordpress\/wp-content\/uploads\/2020\/06\/78918f18-cbaf-4ef5-b95d-cceed358eabc.jpg?w=1600&amp;ssl=1 1600w\" alt=\"\" width=\"248\" height=\"173\" data-recalc-dims=\"1\" data-lazy-loaded=\"1\" \/>PONTE NELLE ALP<\/strong>I Ancora incidenti sul lavoro, tre giorni fa un operaio di Veneto Strade colpito al volto dal braccio dello sfalcia erba mentre lavorava sulla strada a Quero Vas, l&#8217;altro ieri un operaio ustionato dall\u2019acqua bollente in cartiera a Santa Giustina, stamane alle 9 un 62enne di Sedico Franco Visentini\u00a0 \u00e8 stato travolto dalla betoniera, stava pulendo l\u2019interno della cisterna quando \u00e8 rimasto agganciato alla stessa in un cantiere a Ponte nelle Alpi in Viale Cadore.\u00a0 L\u2019uomo \u00e8 ricoverato in prognosi riservata C\u00e0 Foncello di Treviso. La ricostruzione dell\u2019incidente affidata ai tecnici dello Spisal\u00a0 e ai Carabinieri\u00a0 chiamati a ricostruire la dinamica dell\u2019accaduto e a stabilire eventuali responsabilit\u00e0. I vigili del fuoco sono intervenuti\u00a0 con un camion gru ed un\u2019autopompa, riuscendo a liberare l\u2019uomo intrappolato tra il longherone e la cisterna e poi affidato ai soccorritori del 118. Una volta stabilizzato dal personale sanitario del SUEM trasportato in elicottero in ospedale a Treviso.<\/p>\n<p>&nbsp;<\/p>\n<p>&nbsp;<\/p>\n<hr \/>\n<p>&nbsp;<\/p>\n<blockquote>\n<h3>FUORISTRADA SUL FALZAREGO 25ENNE INDENNE<\/h3>\n<\/blockquote>\n<p><strong>CORTINA\u00a0<\/strong> \u00a0I vigili del fuoco di Cortina sono intervenuti ieri pomeriggio, lungo la regionale 48 delle Dolomiti. dove una 25enne ha\u00a0 perso il controllo della Polo, andando a sbattere su un paracarro e finendo oltre la carreggiata. Notevoli i danni al mezzo ma la ragazza non ha riportato conseguenze.<\/p>\n<p>&nbsp;<\/p>\n<p>&nbsp;<\/p>\n<hr \/>\n<blockquote>\n<h3><\/h3>\n<h3>PARCHEGGI A PASSO CAMPOLONGO<\/h3>\n<\/blockquote>\n<p><strong><a class=\"dt-pswp-item\" href=\"https:\/\/www.radiopiu.net\/wordpress\/wp-content\/uploads\/2020\/06\/SILVIA-DE-DORIGO.jpg\" data-dt-img-description=\"\" data-large_image_width=\"640\" data-large_image_height=\"640\"><img loading=\"lazy\" decoding=\"async\" class=\"wp-image-142703 alignleft\" src=\"https:\/\/www.radiopiu.net\/wordpress\/wp-content\/uploads\/2020\/06\/SILVIA-DE-DORIGO-300x300.jpg\" alt=\"\" width=\"147\" height=\"147\" srcset=\"https:\/\/www.radiopiu.net\/wordpress\/wp-content\/uploads\/2020\/06\/SILVIA-DE-DORIGO-300x300.jpg 300w, https:\/\/www.radiopiu.net\/wordpress\/wp-content\/uploads\/2020\/06\/SILVIA-DE-DORIGO-150x150.jpg 150w, https:\/\/www.radiopiu.net\/wordpress\/wp-content\/uploads\/2020\/06\/SILVIA-DE-DORIGO.jpg 640w\" sizes=\"auto, (max-width: 147px) 100vw, 147px\" \/><\/a><a class=\"dt-pswp-item\" href=\"https:\/\/www.radiopiu.net\/wordpress\/wp-content\/uploads\/2020\/06\/d3124895-bf25-4a19-92be-1ce96a04ae32.jpg\" data-dt-img-description=\"\" data-large_image_width=\"1200\" data-large_image_height=\"1600\"><img loading=\"lazy\" decoding=\"async\" class=\" wp-image-142750 alignright\" src=\"https:\/\/www.radiopiu.net\/wordpress\/wp-content\/uploads\/2020\/06\/d3124895-bf25-4a19-92be-1ce96a04ae32-225x300.jpg\" alt=\"\" width=\"133\" height=\"177\" srcset=\"https:\/\/www.radiopiu.net\/wordpress\/wp-content\/uploads\/2020\/06\/d3124895-bf25-4a19-92be-1ce96a04ae32-225x300.jpg 225w, https:\/\/www.radiopiu.net\/wordpress\/wp-content\/uploads\/2020\/06\/d3124895-bf25-4a19-92be-1ce96a04ae32-768x1024.jpg 768w, https:\/\/www.radiopiu.net\/wordpress\/wp-content\/uploads\/2020\/06\/d3124895-bf25-4a19-92be-1ce96a04ae32-1152x1536.jpg 1152w, https:\/\/www.radiopiu.net\/wordpress\/wp-content\/uploads\/2020\/06\/d3124895-bf25-4a19-92be-1ce96a04ae32.jpg 1200w\" sizes=\"auto, (max-width: 133px) 100vw, 133px\" \/><\/a>LIVINALLONGO<\/strong> Silvia De Dorigo, consigliere comunale Fodom interviene su Radio Pi\u00f9 su un tema importante quale i parcheggi a Passo Campolongo. La De Dorigo ha portato in consiglio documentazione importante e non manca di criticare chi denigra i cittadini pionieri del turismo.<\/p>\n<p><strong>SILVIA DE DORIGO CONSIGLIERE COMUNALE DI LIVINALLONGO<\/strong><\/p>\n<audio class=\"wp-audio-shortcode\" id=\"audio-142573-2\" preload=\"none\" style=\"width: 100%;\" controls=\"controls\"><source type=\"audio\/mpeg\" src=\"https:\/\/www.radiopiu.net\/wordpress\/wp-content\/uploads\/2020\/06\/DE-DORIGO-PARCHEGGI-CAMPOLONGO.mp3?_=2\" \/><a href=\"https:\/\/www.radiopiu.net\/wordpress\/wp-content\/uploads\/2020\/06\/DE-DORIGO-PARCHEGGI-CAMPOLONGO.mp3\">https:\/\/www.radiopiu.net\/wordpress\/wp-content\/uploads\/2020\/06\/DE-DORIGO-PARCHEGGI-CAMPOLONGO.mp3<\/a><\/audio>\n<p>&nbsp;<\/p>\n<p>&nbsp;<\/p>\n<p>&nbsp;<\/p>\n<hr \/>\n<p>&nbsp;<\/p>\n<blockquote>\n<h3>POCHI INCONTRI TANTI SCONTRI, ROMA CONTRO VENEZIA E IN CASA OPPOSIZIONE CONTRO MAGGIORANZA. PER L&#8217;APERTURA DELLE FRONTIERE BISOGNERA&#8217; ATTENDERE IL 15 GIUGNO MA A VIENNA IL GOVERNO E&#8217; DIVISO E AL PRESIDENTE DELLA COMMISSIONE EUROPEA LA RICHIESTA DI RIPRISTINARE SCHENGEN.<\/h3>\n<\/blockquote>\n<p><strong>di Mirko Mezzacasa\u00a0<\/strong><\/p>\n<p>Governo e Regione Veneto sono di nuovo ai ferri corti, questa volta il Covid-19 non c&#8217;entra, nessuna delibera d&#8217;autonomia piuttosto Roma impugna la legge che autorizzava l&#8217;Universit\u00e0 di Padova ad attivare un corso di laurea in Medicina e Chirurgia a Treviso. Secondo il Governo la norma v\u00ecola le competenze dello Stato, per Zaia fatto imbarazzante <em>&#8220;Se qualcuno pensa di danneggiarmi si sta sbagliando, i veri danneggiati sono i cittadini&#8221;.\u00a0<\/em>Scontri non solo a Roma ma anche a Venezia dove il PD attacca il gruppo di lavoro di Zaia per il taglio di 660 posti letto nel pubblico aggiungendone 270 nel privato come da schede ospedaliere approvate un anno fa. Con una mozione il PD chiede il ritiro di quel piano. Secondo l&#8217;assessore Manuela Lanzarin <em>&#8220;Il piano non taglia nulla ma aumenta i posti in terapia intensiva e sub-intensiva&#8221;.\u00a0<\/em>Zaia interviene affermando che non vuole sentire dire che la Regione taglia i posti letto <em>&#8220;Ci siamo adeguati &#8211; dice &#8211; ai parametri Ministeriali&#8221;.<\/em> Bruno Pigozzo primo firmatario delle mozioni conclude in attacco <em>&#8220;Zaia scenda dalla retorica mediatica ed entri nella quotidianit\u00e0 ospedaliera: i direttori generali non possono mettere in pratica in un mese quello che avrebbero dovuto fare in sei&#8221;. <\/em>Tornando all&#8217;epidemia coronavirus ieri su oltre 13 mila tamponi effettuati in Veneto sono emersi solo 4 positivi, nessuno a Belluno, dunque ancora una percentuale molto bassa attorno allo 0,3 per mille, scendono anche i ricoverati soprattutto in terapia intensiva, ieri sera erano 17 di cui solo 2 positivi e da\u00a0 Marghera\u00a0 il dottor Paolo Navalesi direttore in terapia intensiva a Padova ha detto: <em>&#8220;Ha ragione il mio amico Alberto Zangrillo: clinicamente il Covid-19 non esiste pi\u00f9.\u00a0 Ma c&#8217;\u00e8 stato un tempo in cui non era cos\u00ec&#8221;<\/em> Navalesi ha infatti ricordato i giorni delle 650 persone in terapia intensiva <em>&#8220;Con onest\u00e0 &#8211; ha aggiunto &#8211;\u00a0 non mi aspettavo nulla di quello che \u00e8 successo. Abbiamo cercato di guardare con occhi di bambino a qualcosa che non avevamo mai visto prima e che personalmente spero di non vedere pi\u00f9: pazienti che entravano sulle loro gambe e la notte dopo erano moribondi, un 30% di estubati che tornava a respirare ma con problemi neurologici. Mi sono confrontato fin da subito con un amico di Wuhan, e con i colleghi di Milano, che stavano una settimana avanti a noi e peggio di noi. Ecco, abbiamo avuto la fortuna di quel vantaggio, e\u00a0 l&#8217;abilit\u00e0 di sfruttarlo&#8221; <\/em><strong>I NUMERI\u00a0 IN VENETO:<\/strong> TOTALE POSITIVI 19174 (+4)\u00a0 ATTUALMENTE POSITIVI 1197\u00a0 (-101)\u00a0 DECESSI 1948\u00a0 \u00a0(+10)\u00a0 NEGATIVIZZATI 16029 (+95) IN ISOLAMENTO 1145 (-80)\u00a0 RICOVERATI 324\u00a0 (-28\u00a0 \u00a0 95 POSITIVI,\u00a0 229 NEGATIVIZZATI), NEGLI OSPEDALI DI COMUNITA\u2019 43 (- 2\u00a0 \u00a010 POSITIVI,\u00a0 33 NEGATIVIZZATI), IN TERAPIA INTENSIVA 17\u00a0 (-2,\u00a0 2 POSITIVI,\u00a0 15 NEGATIVIZZATI). DECESSI IN OSPEDALE: 9 .<strong>I NUMERI IN PROVINCIA:<\/strong>\u00a0TOTALE CONTAGI 1175\u00a0 (+0 ) , ATTUALMENTE POSITIVI 87\u00a0 \u00a0(-4) , DECEDUTI 110, NEGATIVIZZATI 974 (+6) ISOLAMENTO DOMICILIARE 151 (-6) RICOVERATI IN OSPEDALE AL SAN MARTINO 2 (-2)<\/p>\n<p>&nbsp;<\/p>\n<p>&nbsp;<\/p>\n<hr \/>\n<blockquote class=\"wp-embedded-content\" data-secret=\"ilVeghQq9x\"><p><a href=\"https:\/\/www.radiopiu.net\/wordpress\/coronavirus-aggiornamento-nazionale-05-giugno\/\">CORONAVIRUS: AGGIORNAMENTO NAZIONALE 05 GIUGNO<\/a><\/p><\/blockquote>\n<p><iframe loading=\"lazy\" title=\"&#8220;CORONAVIRUS: AGGIORNAMENTO NAZIONALE 05 GIUGNO&#8221; &#8212; Radio Pi\u00f9\" class=\"wp-embedded-content\" sandbox=\"allow-scripts\" security=\"restricted\" style=\"position: absolute; clip: rect(1px, 1px, 1px, 1px);\" src=\"https:\/\/www.radiopiu.net\/wordpress\/coronavirus-aggiornamento-nazionale-05-giugno\/embed\/#?secret=ilVeghQq9x\" data-secret=\"ilVeghQq9x\" width=\"600\" height=\"338\" frameborder=\"0\" marginwidth=\"0\" marginheight=\"0\" scrolling=\"no\"><\/iframe><\/p>\n<p>&nbsp;<\/p>\n<hr \/>\n<p>&nbsp;<\/p>\n<blockquote class=\"wp-embedded-content\" data-secret=\"SRsT6tCyqt\"><p><a href=\"https:\/\/www.radiopiu.net\/wordpress\/aggiornamento05\/\">BOLLETTINO DELLE 17: TORNANO A SALIRE I DECESSI 10 IN 24 ORE,  9 IN OSPEDALE, SUPERATI I 16MILA GUARITI, OLTRE 100 ATTUALMENTE POSITIVI IN MENO E 80 PERSONE IN MENO IN ISOLAMENTO. RICOVERATI SEMPRE IN CALO<\/a><\/p><\/blockquote>\n<p><iframe loading=\"lazy\" title=\"&#8220;BOLLETTINO DELLE 17: TORNANO A SALIRE I DECESSI 10 IN 24 ORE,  9 IN OSPEDALE, SUPERATI I 16MILA GUARITI, OLTRE 100 ATTUALMENTE POSITIVI IN MENO E 80 PERSONE IN MENO IN ISOLAMENTO. RICOVERATI SEMPRE IN CALO&#8221; &#8212; Radio Pi\u00f9\" class=\"wp-embedded-content\" sandbox=\"allow-scripts\" security=\"restricted\" style=\"position: absolute; clip: rect(1px, 1px, 1px, 1px);\" src=\"https:\/\/www.radiopiu.net\/wordpress\/aggiornamento05\/embed\/#?secret=SRsT6tCyqt\" data-secret=\"SRsT6tCyqt\" width=\"600\" height=\"338\" frameborder=\"0\" marginwidth=\"0\" marginheight=\"0\" scrolling=\"no\"><\/iframe><\/p>\n<p>&nbsp;<\/p>\n<p><a class=\"dt-pswp-item\" href=\"https:\/\/www.radiopiu.net\/wordpress\/wp-content\/uploads\/2020\/06\/dpc-covid19-ita-scheda-regioni-20200605.jpg\" data-dt-img-description=\"\" data-large_image_width=\"1754\" data-large_image_height=\"1240\"><img loading=\"lazy\" decoding=\"async\" class=\"alignnone wp-image-142740 size-large\" src=\"https:\/\/www.radiopiu.net\/wordpress\/wp-content\/uploads\/2020\/06\/dpc-covid19-ita-scheda-regioni-20200605-1024x724.jpg\" alt=\"\" width=\"1024\" height=\"724\" srcset=\"https:\/\/www.radiopiu.net\/wordpress\/wp-content\/uploads\/2020\/06\/dpc-covid19-ita-scheda-regioni-20200605-1024x724.jpg 1024w, https:\/\/www.radiopiu.net\/wordpress\/wp-content\/uploads\/2020\/06\/dpc-covid19-ita-scheda-regioni-20200605-300x212.jpg 300w, https:\/\/www.radiopiu.net\/wordpress\/wp-content\/uploads\/2020\/06\/dpc-covid19-ita-scheda-regioni-20200605-768x543.jpg 768w, https:\/\/www.radiopiu.net\/wordpress\/wp-content\/uploads\/2020\/06\/dpc-covid19-ita-scheda-regioni-20200605-1536x1086.jpg 1536w, https:\/\/www.radiopiu.net\/wordpress\/wp-content\/uploads\/2020\/06\/dpc-covid19-ita-scheda-regioni-20200605.jpg 1754w\" sizes=\"auto, (max-width: 1024px) 100vw, 1024px\" \/><\/a><\/p>\n<hr \/>\n<p>&nbsp;<\/p>\n<blockquote>\n<h3>DATI E GRAFICI DEL GIORNO, PROVINCIA \u2013 REGIONE 05 GIUGNO 2020<\/h3>\n<\/blockquote>\n<p><strong>Con la collaborazione di Tiziano De Col<\/strong><\/p>\n<p><a class=\"dt-pswp-item\" href=\"https:\/\/www.radiopiu.net\/wordpress\/wp-content\/uploads\/2020\/06\/Schermata-2020-06-05-alle-18.55.56.png\" data-dt-img-description=\"\" data-large_image_width=\"810\" data-large_image_height=\"448\"><img loading=\"lazy\" decoding=\"async\" class=\"alignnone wp-image-142745\" src=\"https:\/\/www.radiopiu.net\/wordpress\/wp-content\/uploads\/2020\/06\/Schermata-2020-06-05-alle-18.55.56-300x166.png\" alt=\"\" width=\"381\" height=\"211\" srcset=\"https:\/\/www.radiopiu.net\/wordpress\/wp-content\/uploads\/2020\/06\/Schermata-2020-06-05-alle-18.55.56-300x166.png 300w, https:\/\/www.radiopiu.net\/wordpress\/wp-content\/uploads\/2020\/06\/Schermata-2020-06-05-alle-18.55.56-768x425.png 768w, https:\/\/www.radiopiu.net\/wordpress\/wp-content\/uploads\/2020\/06\/Schermata-2020-06-05-alle-18.55.56.png 810w\" sizes=\"auto, (max-width: 381px) 100vw, 381px\" \/><\/a><a class=\"dt-pswp-item\" href=\"https:\/\/www.radiopiu.net\/wordpress\/wp-content\/uploads\/2020\/06\/a3024642-79f9-41c5-9647-3d436bd17d49.jpg\" data-dt-img-description=\"\" data-large_image_width=\"480\" data-large_image_height=\"337\"><img loading=\"lazy\" decoding=\"async\" class=\"alignnone size-medium wp-image-142746\" src=\"https:\/\/www.radiopiu.net\/wordpress\/wp-content\/uploads\/2020\/06\/a3024642-79f9-41c5-9647-3d436bd17d49-300x211.jpg\" alt=\"\" width=\"300\" height=\"211\" srcset=\"https:\/\/www.radiopiu.net\/wordpress\/wp-content\/uploads\/2020\/06\/a3024642-79f9-41c5-9647-3d436bd17d49-300x211.jpg 300w, https:\/\/www.radiopiu.net\/wordpress\/wp-content\/uploads\/2020\/06\/a3024642-79f9-41c5-9647-3d436bd17d49.jpg 480w\" sizes=\"auto, (max-width: 300px) 100vw, 300px\" \/><\/a><a class=\"dt-pswp-item\" href=\"https:\/\/www.radiopiu.net\/wordpress\/wp-content\/uploads\/2020\/06\/4081e987-16ff-4528-a1b0-075947888740.jpg\" data-dt-img-description=\"\" data-large_image_width=\"480\" data-large_image_height=\"375\"><img loading=\"lazy\" decoding=\"async\" class=\"alignnone size-medium wp-image-142747\" src=\"https:\/\/www.radiopiu.net\/wordpress\/wp-content\/uploads\/2020\/06\/4081e987-16ff-4528-a1b0-075947888740-300x234.jpg\" alt=\"\" width=\"300\" height=\"234\" srcset=\"https:\/\/www.radiopiu.net\/wordpress\/wp-content\/uploads\/2020\/06\/4081e987-16ff-4528-a1b0-075947888740-300x234.jpg 300w, https:\/\/www.radiopiu.net\/wordpress\/wp-content\/uploads\/2020\/06\/4081e987-16ff-4528-a1b0-075947888740.jpg 480w\" sizes=\"auto, (max-width: 300px) 100vw, 300px\" \/><\/a><\/p>\n<p>&nbsp;<\/p>\n<p>&nbsp;<\/p>\n<hr \/>\n<p>&nbsp;<\/p>\n<h2>LEGGI LA CONFERENZA DI LUCA ZAIA<\/h2>\n<p><em>Non esiste star li a pettinare le bambole, le frontiere vanno riaperte. L&#8217;Italia \u00e8 pronta per accogliere tutti i turisti, siamo attrezzati e pronti a partire con un piano di promozione.\u00a0<\/em><\/p>\n<p>C&#8217;\u00e8 molto interesse per l&#8217;apertura degli asilo nido e stiamo lavorando su altre linee guida per il mondo degli spettacoli, delle discoteche e sale da gioco. Le frontiere vanno aperte e non c&#8217;\u00e8 nessun segnale. Gli austriaci sono &#8220;fratelli&#8221; c&#8217;\u00e8 un unicum con questa comunit\u00e0 non \u00e8 amissibile ci siano governanti che remano contro non hanno capito cosa significhi rappresentare i loro cittadini. Non siamo gli untori d&#8217;Europa. Abbiamo avuto la sfortuna ma anche il grande merito di aver provato il coronavirus per conto del mondo occidentale perch\u00e9 siamo stati i primi, abbiamo messo in piedi 1200 letti di sub intensiva ad esempio oltre ai covid center. Sperimentati e decisi quando ancora non c&#8217;erano le istruzioni per l&#8217;uso.<\/p>\n<h2>DOMANDE<\/h2>\n<p><strong>MES DA ACCELERARE E REVOCA DELLA LIBERA PER IL TAGLIO DEI POSTI LETTO<\/strong> La Regione non taglia i posti letto ma si adegua ai decreti ministeriali. Come la fandonia che avevamo dimezzato le terapia intensive. RIspetto al Mes non lo decide la Regione ma il Governo e ci dicano se l&#8217;acettano. Esprimo la mia considerazione una volta visti i vincoli. Oggi sento notizie spesso contrastanti su questa partita.<\/p>\n<p>BOTTA E RISPOSTA CON BERSANI L&#8217;ex segretario del Pd a Cartabianca ipotizzando un Governo di centro destra: <em>\u00abviene il dubbio che se avessero governato loro non sarebbero bastati i cimiteri\u00bb. La replica di Zaia: \u00abServe rispetto per i morti, di fronti a questi numeri i avrei evitato. Spero che sia solo una infelice uscita. &#8220;prima de parlar tasi&#8221;, si dice in Vneeto, \u00e8 un adagio valido sempre\u00bb.<\/em><\/p>\n<h2>L&#8217;OSPITE A MARGHERA<\/h2>\n<p><em>Il professor Paolo Navalesi, direttore dell&#8217;Istituto di Anestesia e Rianimazione in Azienda ospedaliera a Padova,\u00a0 il primo a dire che non si trattava solo di polmonite ma che il Covid causava anche trombosi.\u00a0<\/em><\/p>\n<blockquote><p><em>La terapia intensiva \u00e8 la sconfitta del sistema, significa che qualche cosa non ha funzionato prima. Abbiamo avuto un rapporto del 20%, oggi abbiamo 2 positivi su 20 ricoverati in terapia intensiva \u00a0devo dar ragione a Zangrillo, in questo senso, il problema non esiste pi\u00f9. Ho pi\u00f9 pazienti con infezioni batteriche di quanti non ne abbia con il problema del Covid. Il problema \u00e8 sotto controllo e dobbiamo continuare a tenerlo tale. Quello che ho visto spero di non rivederlo pi\u00f9. Non \u00e8 stata\u00a0 una polmonite. Ricordo bene quei giorni, avevo avuto confronti con i colleghi di Wuhan e Boston il 16 febbraio ero a Berlino, il 19 ero a Riad, e devo dirvi che nulla di quello che \u00e8 successo me lo sarei aspettato. Questo virus \u00e8 stato imprevedibile.<\/em><\/p><\/blockquote>\n<p>Mi sentivo tutti i giorni con i colleghi di Milano una settimana davanti a noi, abbiamo fatto tesoro della loro esperienza. Abbiamo fatto tutti i calcoli per programmare sulla scorta di quello che succedeva in Lombardia. Mi \u00e8 stato richiesto di produrre le linee guida tradotte in una scaletta da seguire. Ci sono stati errori condivisi con il mondo sanitario nazionale e internazionale. Il 2 marzo abbiamo visto che per la prima volta avevamo problemi di letti, avevamo problemi a ricoverare pazienti ed \u00e8 stato fatto un ragionamento importante e condiviso, in Lombardia hanno riempito le terapie intensive gestendo poi i pazienti in sub intensive con procedure meno invasive, per colpa del mio protocollo stavo ricevendo malati che potevano essere gestiti in una situazione intermedia e qui si siamo inventati un&#8217;intercapedine tra terapia intensiva e sub intensiva, da li&#8217; cambiano le indicazioni regionali e si introduce la fase intermedia. Qui abbiamo avuto la svolta. Cosi&#8217; il Veneto ha risposto al problema della terapia intensiva. Come clinico non ho mai avuto il problema di non ricoverare il paziente per la mancanza di letti.<\/p>\n<p><strong>RICORDI CHE MORDONO<\/strong><\/p>\n<p>Ricordo il primo morto, un signore che abbiamo messo in respirazione non invasiva, ed eravamo a un passo dalla sua salvezza. Non lo dimenticher\u00f2 e rifarei le stesse scelte. La proporzionalit\u00e0 delle cure \u00e8 sempre importante e lo \u00e8 stato anche in questa pandemia.<\/p>\n<p><strong>E&#8217; POSSIBILE FARE PREVISIONI?<\/strong><\/p>\n<p>Chiunque faccia una previsione oggi su quello che succeder\u00e0 ad ottobre, per me \u00e8 un demente. Zangrillo ha detto una cosa vera: clinicamente morto, cio\u00e8 ci sono 2 pazienti Covid in terapia intensiva. Io non so quello che succeder\u00e0, non sono un virologo e affronto i problemi che conosco, a livello di terapia intensiva qualcosa di pi\u00f9 lo stiamo capendo, grazie ai dati e ad oggi abbiamo la situazione sotto controllo. Noi oggi non possiamo pi\u00f9 lavorare come &#8220;isole&#8221;, abbiamo una rete di terapie intensive che se lavorano insieme producono risultati clinici e scientifici.<\/p>\n<p><strong>QUALI CONSEGUENZE PER I MALATI COVID?<\/strong><\/p>\n<p>Il 30% dei nostri malati\u00a0 una volta fuori dalla terapia intensiva ha avuto problemi neurologici seri, \u00a0ma \u00e8 andato tutto bene. Sputavano agli infermieri, erano fuori di testa, ma sono tornati alla normalit\u00e0. Il danno che d\u00e0 il Covid non \u00e8 conosciuto, \u00e8 vero che dalle Tac, a distanza di tempo, si sono visti problemi, i pazienti dovranno essere tenuti sotto controllo.<\/p>\n<p>&nbsp;<\/p>\n<p>https:\/\/www.facebook.com\/zaiaufficiale\/videos\/458588888321370<\/p>\n<p>&nbsp;<\/p>\n<hr \/>\n<p>&nbsp;<\/p>\n<blockquote>\n<h3>&#8220;DE COCCIO&#8221;: GIOVEDI&#8217; NESSUNA SANZIONE MA CALANO NOTEVOLMENTE I CONTROLLI<\/h3>\n<\/blockquote>\n<p><strong>BELLUNO<\/strong> Continuano i controlli da parte delle Forze dell&#8217;Ordine per il contenimento del virus Covid-19. In una sola giornata sono calati notevolmente gli interventi. Nella giornata di gioved\u00ec 77 persone controllate e nessuna sanzione o denuncia. Sono 1575 le persone controllate da inizio settimana, 2 le sanzioni e 2 le denuncia ma per altri reati. Monitorate anche le attivit\u00e0 commerciali. 123 nell&#8217;ultima giornata e nessuna infrazione rilevata.<\/p>\n<p><a class=\"dt-pswp-item\" href=\"https:\/\/www.radiopiu.net\/wordpress\/wp-content\/uploads\/2020\/06\/MONITORAGGIO_GIORNALIERO_DEI_SERVIZI_DI_CONTROLLO_DEL_04.06.2020.jpg\" data-dt-img-description=\"\" data-large_image_width=\"1240\" data-large_image_height=\"1754\"><img loading=\"lazy\" decoding=\"async\" class=\"alignnone wp-image-142613 \" src=\"https:\/\/www.radiopiu.net\/wordpress\/wp-content\/uploads\/2020\/06\/MONITORAGGIO_GIORNALIERO_DEI_SERVIZI_DI_CONTROLLO_DEL_04.06.2020-724x1024.jpg\" alt=\"\" width=\"282\" height=\"399\" srcset=\"https:\/\/www.radiopiu.net\/wordpress\/wp-content\/uploads\/2020\/06\/MONITORAGGIO_GIORNALIERO_DEI_SERVIZI_DI_CONTROLLO_DEL_04.06.2020-724x1024.jpg 724w, https:\/\/www.radiopiu.net\/wordpress\/wp-content\/uploads\/2020\/06\/MONITORAGGIO_GIORNALIERO_DEI_SERVIZI_DI_CONTROLLO_DEL_04.06.2020-212x300.jpg 212w, https:\/\/www.radiopiu.net\/wordpress\/wp-content\/uploads\/2020\/06\/MONITORAGGIO_GIORNALIERO_DEI_SERVIZI_DI_CONTROLLO_DEL_04.06.2020-768x1086.jpg 768w, https:\/\/www.radiopiu.net\/wordpress\/wp-content\/uploads\/2020\/06\/MONITORAGGIO_GIORNALIERO_DEI_SERVIZI_DI_CONTROLLO_DEL_04.06.2020-1086x1536.jpg 1086w, https:\/\/www.radiopiu.net\/wordpress\/wp-content\/uploads\/2020\/06\/MONITORAGGIO_GIORNALIERO_DEI_SERVIZI_DI_CONTROLLO_DEL_04.06.2020.jpg 1240w\" sizes=\"auto, (max-width: 282px) 100vw, 282px\" \/><\/a><\/p>\n<p>&nbsp;<\/p>\n<p>&nbsp;<\/p>\n<hr \/>\n<p>&nbsp;<\/p>\n<p>&nbsp;<\/p>\n<blockquote>\n<h3>GRAZIE PER IL VOSTRO SOSTEGNO IN QUESTI GIORNI TRISTI<\/h3>\n<\/blockquote>\n<p><strong><a class=\"dt-pswp-item\" href=\"https:\/\/www.radiopiu.net\/wordpress\/wp-content\/uploads\/2020\/06\/64fd6668-2356-4f42-918d-5a291bdb61fa.jpg\" data-dt-img-description=\"\" data-large_image_width=\"1200\" data-large_image_height=\"1600\"><img loading=\"lazy\" decoding=\"async\" class=\" wp-image-142767 alignleft\" src=\"https:\/\/www.radiopiu.net\/wordpress\/wp-content\/uploads\/2020\/06\/64fd6668-2356-4f42-918d-5a291bdb61fa-225x300.jpg\" alt=\"\" width=\"185\" height=\"247\" srcset=\"https:\/\/www.radiopiu.net\/wordpress\/wp-content\/uploads\/2020\/06\/64fd6668-2356-4f42-918d-5a291bdb61fa-225x300.jpg 225w, https:\/\/www.radiopiu.net\/wordpress\/wp-content\/uploads\/2020\/06\/64fd6668-2356-4f42-918d-5a291bdb61fa-768x1024.jpg 768w, https:\/\/www.radiopiu.net\/wordpress\/wp-content\/uploads\/2020\/06\/64fd6668-2356-4f42-918d-5a291bdb61fa-1152x1536.jpg 1152w, https:\/\/www.radiopiu.net\/wordpress\/wp-content\/uploads\/2020\/06\/64fd6668-2356-4f42-918d-5a291bdb61fa.jpg 1200w\" sizes=\"auto, (max-width: 185px) 100vw, 185px\" \/><\/a>CENCENIGHE <\/strong><em>&#8220;Io senza di te, uno scherzo non \u00e8. Mi ritrovo cosi\u2019 con un buco nel cuore. Nelle pieghe dell\u2019anima che ricorda e fa male&#8230;&#8221;.\u00a0<\/em>Ho scelto alcune parole di una canzone di Riccardo Cocciante* per entrare nei sentimenti di Ivana, Luana e Katia che nei giorni scorsi hanno salutato il loro &#8220;Tano&#8221;, Carlo Manfroi che in un assolato sabato post quarantena ci ha lasciati in uno dei luoghi che maggiormente amava, dove \u00e8 cresciuto, dove conosceva ogni angolo e anfratto, quel luogo che lo ha tradito strappandolo ai suoi affetti. Quel buco nel cuore \u00e8 stato in parte colmato da tanta attenzione per Carlo nei giorni delle ricerche, da tanto affetto per chi \u00e8 rimasto nei giorni del dolore:\u00a0 la moglie, le figlie, i nipoti, perch\u00e9 &#8220;Tano&#8221; era anche nonno comunque <em>evergreen<\/em>. Lo ricordiamo oggi una volta in pi\u00f9 con la tristezza per non averlo potuto fare nel giorno dell&#8217;estremo saluto per le note limitazioni da Covid_19. Cogliamo l&#8217;occasione ad una settimana dalla scomparsa per tributargli un ulteriore pensiero dopo aver parlato con i famigliari che hanno parole di ringraziamento per l&#8217;affetto dimostrato e che continua anche in questi giorni, che continuer\u00e0 in futuro per tenere vivo il ricordo di Carlo. <strong>LA FAMIGLIA<\/strong>: la moglie<a class=\"dt-pswp-item\" href=\"https:\/\/www.radiopiu.net\/wordpress\/wp-content\/uploads\/2020\/06\/dcf2d1a4-7da8-4f24-b667-33dc4d30dd7c.jpg\" data-dt-img-description=\"\" data-large_image_width=\"1200\" data-large_image_height=\"1600\"><img loading=\"lazy\" decoding=\"async\" class=\"size-medium wp-image-142768 alignright\" src=\"https:\/\/www.radiopiu.net\/wordpress\/wp-content\/uploads\/2020\/06\/dcf2d1a4-7da8-4f24-b667-33dc4d30dd7c-225x300.jpg\" alt=\"\" width=\"225\" height=\"300\" srcset=\"https:\/\/www.radiopiu.net\/wordpress\/wp-content\/uploads\/2020\/06\/dcf2d1a4-7da8-4f24-b667-33dc4d30dd7c-225x300.jpg 225w, https:\/\/www.radiopiu.net\/wordpress\/wp-content\/uploads\/2020\/06\/dcf2d1a4-7da8-4f24-b667-33dc4d30dd7c-768x1024.jpg 768w, https:\/\/www.radiopiu.net\/wordpress\/wp-content\/uploads\/2020\/06\/dcf2d1a4-7da8-4f24-b667-33dc4d30dd7c-1152x1536.jpg 1152w, https:\/\/www.radiopiu.net\/wordpress\/wp-content\/uploads\/2020\/06\/dcf2d1a4-7da8-4f24-b667-33dc4d30dd7c.jpg 1200w\" sizes=\"auto, (max-width: 225px) 100vw, 225px\" \/><\/a> Ivana, le figlie Luana e Katia ringraziano tutti coloro che hanno partecipato alle ricerche di Carlo &#8220;Tano&#8221;, partito per una passeggiata vicino a casa in localit\u00e0 Bricol lo scorso sabato. Come \u00e8 andata \u00e8 purtroppo noto, Carlo non \u00e8 pi\u00f9 rincasato. <em>&#8220;Grazie al Soccorso Alpino, in particolare a Diego Favero, Giorgio Farenzena, Alessandro Darman e Nadia Crose intervenuti con i loro cani da ricerca persone. Grazie ai vigili del fuoco, alla Guardia di Finanza del Soccorso Alpino del territorio ma anche delle limitrofe province di Trento e Bolzano, fondamentali nella ricerca con i loro cani molecolari. Grazie alla Protezione Civile, ai nostri compaesani, al gruppo dei cacciatori grandi conoscitori del territorio, tutti si sono spesi nelle ricerche, il loro impegno ci ha sostenuto in giorni terribili. Grazie alla scuola dell&#8217;infanzia di Taibon, quel messaggio inviato a Samuel ci ha emozionato, commosso, aiutato. Grazie a quanti hanno raccontato i loro ricordi legati al nostro\u00a0 Tano, sentimenti veri che hanno descritto carlo come era veramente. Grazie alle associazioni sportive dell&#8217;Agordino e provincia per la loro partecipazione al nostro dolore. Grazie a tutti, per l&#8217;insostituibile sostegno&#8221;<\/em>.<\/p>\n<p>*canzone &#8220;Un buco nel cuore&#8221;, Riccardo Cocciante 1982.<\/p>\n<p>&nbsp;<\/p>\n<p>&nbsp;<\/p>\n<hr \/>\n<div class=\"page-title-head hgroup\">\n<blockquote>\n<h3 class=\"entry-title\">LUXOTTICA: TRE SETTIMANE DI FERIE, SCEGLIERA\u2019 IL LAVORATORE<\/h3>\n<\/blockquote>\n<\/div>\n<div class=\"page-title-breadcrumbs\"><strong class=\"photoswipe-wrapper\"><a class=\"dt-pswp-item pspw-wrap-ready\" href=\"https:\/\/i2.wp.com\/www.radiopiu.net\/wordpress\/wp-content\/uploads\/2020\/03\/NOVITA-LUXOTTICA.jpg?ssl=1\" data-dt-img-description=\"\" data-large_image_width=\"1600\" data-large_image_height=\"900\"><img loading=\"lazy\" decoding=\"async\" class=\" wp-image-124025 alignleft\" src=\"https:\/\/i2.wp.com\/www.radiopiu.net\/wordpress\/wp-content\/uploads\/2020\/03\/NOVITA-LUXOTTICA.jpg?resize=131%2C74&amp;ssl=1\" sizes=\"auto, (max-width: 131px) 100vw, 131px\" srcset=\"https:\/\/i2.wp.com\/www.radiopiu.net\/wordpress\/wp-content\/uploads\/2020\/03\/NOVITA-LUXOTTICA.jpg?resize=300%2C169&amp;ssl=1 300w, https:\/\/i2.wp.com\/www.radiopiu.net\/wordpress\/wp-content\/uploads\/2020\/03\/NOVITA-LUXOTTICA.jpg?resize=1024%2C576&amp;ssl=1 1024w, https:\/\/i2.wp.com\/www.radiopiu.net\/wordpress\/wp-content\/uploads\/2020\/03\/NOVITA-LUXOTTICA.jpg?resize=768%2C432&amp;ssl=1 768w, https:\/\/i2.wp.com\/www.radiopiu.net\/wordpress\/wp-content\/uploads\/2020\/03\/NOVITA-LUXOTTICA.jpg?resize=1536%2C864&amp;ssl=1 1536w, https:\/\/i2.wp.com\/www.radiopiu.net\/wordpress\/wp-content\/uploads\/2020\/03\/NOVITA-LUXOTTICA.jpg?w=1600&amp;ssl=1 1600w\" alt=\"\" width=\"131\" height=\"74\" \/><\/a>AGORDO<\/strong> Tempo di pensare alle ferie anche per i lavoratori Luxottica. Gi\u00e0 ad aprile azienda e organizzazioni sindacali si erano ritrovate allo stesso tavolo per le prime previsioni partendo da un presupposto: ogni operaio ha diritto per iniziare a 15 giorni consecutivi di riposo, obbligatori e compresi nella finestra temporale che va dal mese di giugno a quello di ottobre. Gli accordi sottoscritti dai portatori di interesse hanno previsto comunque una terza settimana di ferie a vantaggio delle maestranze. E\u2019 prevista comunque una chiusura collettiva al cavallo del ferragosto, presumibilmente tra il 10 e il 16 agosto. Chi ha maturato le ferie potr\u00e0 quindi scegliere il periodo vacanziero di 120 ore, ovviamente queste sono proporzionate,\u00a0 nel caso del lavoratore part time sempre in base ai giorni maturati. Il lavoratore ha dunque il diritto di scegliere i giorni di ferie, ad esempio due settimane consecutive dal 3 o dal 10\u00a0 agosto e la terza settimana tra giugno e ottobre. Per\u00a0 le aree di: Sedico Logistica, Sedico RX, Rayban Remix, AFA e la filiale Luxottica Italia viene prevista una diversa programmazione definita dai vari reparti.<\/div>\n<div><\/div>\n<div><\/div>\n<div>\n<hr \/>\n<\/div>\n<div><\/div>\n<blockquote>\n<h3>LUXOTTICA: RITORNANO I MEZZI DI TRASPORTO PUBBLICO PER I TURNISTI<\/h3>\n<\/blockquote>\n<div><strong><a class=\"dt-pswp-item\" href=\"https:\/\/www.radiopiu.net\/wordpress\/wp-content\/uploads\/2019\/10\/MAGLIA-LUXOTTICA.jpeg\" data-dt-img-description=\"\" data-large_image_width=\"1024\" data-large_image_height=\"1024\"><img loading=\"lazy\" decoding=\"async\" class=\"size-medium wp-image-103580 alignleft\" src=\"https:\/\/www.radiopiu.net\/wordpress\/wp-content\/uploads\/2019\/10\/MAGLIA-LUXOTTICA-300x300.jpeg\" alt=\"\" width=\"300\" height=\"300\" srcset=\"https:\/\/www.radiopiu.net\/wordpress\/wp-content\/uploads\/2019\/10\/MAGLIA-LUXOTTICA-300x300.jpeg 300w, https:\/\/www.radiopiu.net\/wordpress\/wp-content\/uploads\/2019\/10\/MAGLIA-LUXOTTICA-150x150.jpeg 150w, https:\/\/www.radiopiu.net\/wordpress\/wp-content\/uploads\/2019\/10\/MAGLIA-LUXOTTICA-768x768.jpeg 768w, https:\/\/www.radiopiu.net\/wordpress\/wp-content\/uploads\/2019\/10\/MAGLIA-LUXOTTICA.jpeg 1024w\" sizes=\"auto, (max-width: 300px) 100vw, 300px\" \/><\/a>AGORDO<\/strong> La commissione trasporti della RSU Luxottica ha lavorato molto nelle ultime settimane per far si che i mezzi di trasporto pubblico ritornino a fare il servizio per i dipendenti. Oltre alle corse\u00a0a giornata gi\u00e0 attive dal 07 maggio 2020 sulle tratte Belluno, Falcade, Mis Di Sagron e Caprile, a partire dalla prossima settimana ripartir\u00e0 anche il servizio per i turnisti sulle tratte Belluno e Feltre. Sulle tratte a giornata si aggiungeranno le corse dal Primiero e da Feltre. Resta ancora fermo anche il servizio a turno dal Primiero effettuato dalla Trentino Trasporti. La commissione trasporti ricorda inoltre che l&#8217;art. 215 del Decreto rilancio prevede altres\u00ec il diritto ad un rimborso degli abbonamenti per il mancato servizio o attraverso l&#8217;emissione di vaucher oppure attraverso il prolungamento della durata dell&#8217;abbonamento, facendone richiesta al vettore. Non \u00e8 stato ancora possibile riattivare la tratta di Falcade a turno gestita direttamente dalla Luxottica, l&#8217;azienda, dalla prossima busta paga, sospender\u00e0 la trattenuta dell&#8217;abbonamento annuale e stiamo attualmente valutando come recuperare la rata di aprile.<\/div>\n<div><\/div>\n<div><\/div>\n<div>\n<hr \/>\n<\/div>\n<p>&nbsp;<\/p>\n<h2><span style=\"color: #ff0000;\">IERI ALLA RADIO<\/span><\/h2>\n<div>\n<h3 class=\"entry-title\">POST VAIA, AMMINISTRATORI PREOCCUPATI PER GLI ALBERI ANCORA A TERRA E IL PERICOLO INCENDI<\/h3>\n<p><strong><a class=\"dt-pswp-item\" href=\"https:\/\/www.radiopiu.net\/wordpress\/wp-content\/uploads\/2020\/06\/images.jpg\" data-dt-img-description=\"\" data-large_image_width=\"397\" data-large_image_height=\"127\"><img loading=\"lazy\" decoding=\"async\" class=\" wp-image-142544 alignleft\" src=\"https:\/\/www.radiopiu.net\/wordpress\/wp-content\/uploads\/2020\/06\/images-300x96.jpg\" alt=\"\" width=\"244\" height=\"78\" srcset=\"https:\/\/www.radiopiu.net\/wordpress\/wp-content\/uploads\/2020\/06\/images-300x96.jpg 300w, https:\/\/www.radiopiu.net\/wordpress\/wp-content\/uploads\/2020\/06\/images.jpg 397w\" sizes=\"auto, (max-width: 244px) 100vw, 244px\" \/><\/a>ALLEGHE<\/strong> Quali siano\u00a0 le condizioni dei boschi danneggiati dalla tempesta Vaia sono evidenti a distanza di due anni dall&#8217;evento. come i\u00a0 rischi legati a possibili incendi.\u00a0 Su questo tema si sono confrontati esperti e amministratori, gli stessi dei Comuni dell&#8217;Alto Agordino che hanno proposto l&#8217;incontro tenutosi ieri in sala congressi Antonio Franceschini.\u00a0 Il perito Rudy Tramontin,\u00a0 volontario e esperto di incendi boschivi,\u00a0 ha illustrato i pericoli, i rischi e le modalit\u00e0 operative degli interventi per lo spegnimento degli incendi boschivi di competenza dei vigili del fuoco della Regione ed anche per questo erano presenti il nuovo Direttore Operativo della Protezione Civile e Strutture Periferiche\u00a0 Nicola Bortoli,\u00a0 per l&#8217;antincendio boschivo Giorgio De Zorzi e Zilio della Forestale regionale. Bortoli dopo aver ricordato di essersi appena insediato ha sottolineato di essere conscio\u00a0 della situazione del dopo Vaia in particolare della questione schianti e pericolo incendi. Zilio ha illustrato\u00a0 le procedure che verranno messe in atto qualora si dovessero verificare degli incendi: utilizzo elicotteri, tempi di intervento, localizzazione bacini per raccolta acqua, basi di appoggio per gli elicotteri. Grande preoccupazione \u00e8 stata comunque manifestata dai sindaci per la quantit\u00e0 di schianti ancora a terra, soprattutto nelle zone impervie da dove difficilmente verranno rimossi\u00a0 a causa\u00a0 delle\u00a0 difficolt\u00e0 di accesso alle aree e anche per i costi operativi. I primi cittadini hanno voluto informazioni\u00a0 in merito ai rischi dell&#8217;innesco e della gestione dell&#8217;incendi,\u00a0 hanno chiesto\u00a0 agli esponenti della regione di farsi da tramite per comunicare agli uffici competenti l&#8217;esigenza di interventi di pulizia e rimozione di quegli schianti non commerciali che potrebbero scatenare fuoriosi incendi. Al termine della riunione il sindaco di Alleghe Danilo De Toni ha ringraziato i funzionari regionali dai quali ha ricevuto rassicurazione sulla massima vicinanza e collaborazione con i comuni.<\/p>\n<p>&nbsp;<\/p>\n<hr \/>\n<p class=\"western\"><b>\u00a0<\/b><\/p>\n<p class=\"western\"><b>IL VESCOVO RENATO MARANGONI A COLLE SANTA LUCIA E SELVA DI CADORE<\/b><\/p>\n<p><a class=\"dt-pswp-item\" href=\"https:\/\/www.radiopiu.net\/wordpress\/wp-content\/uploads\/2017\/02\/Vescovo-Renato-Marangoni.jpg\" data-dt-img-description=\"\" data-large_image_width=\"2500\" data-large_image_height=\"1527\"><img loading=\"lazy\" decoding=\"async\" class=\" wp-image-29156 alignleft\" src=\"https:\/\/www.radiopiu.net\/wordpress\/wp-content\/uploads\/2017\/02\/Vescovo-Renato-Marangoni-300x183.jpg\" alt=\"\" width=\"192\" height=\"117\" \/><\/a><\/p>\n<p><strong>SELVA DI CADORE<\/strong> A pochi giorni dalla scomparsa di Don Gabriele la comunit\u00e0 nel giorno prefestivo e\u00a0 festivo si riunir\u00e0 per ricordarlo e le messe saranno celebrate dal vescovo Renato oggi alle 18 a Colle Santa Lucia, domani alle 9 nella stessa chiesa, alle 10.30 a Santa Fosca e alle 18.30 a Selva di Cadore. Sempre per domani dopo la messa delle nove\u00a0 a Colle benedizione degli automezzi dei vigili del fuoco volontari, die mezzi di soccorso, dei mezzi agricoli e anche dei mezzi privati. Nei giorni a seguire Don Gabriele sar\u00e0 sostituito da Padre Virgilio Agostinelli mentre i consigli parrocchiali sono in riunione per fare il punto della situazione e definire il futuro<\/p>\n<p class=\"western\"><b>\u00a0<\/b><\/p>\n<p>&nbsp;<\/p>\n<p class=\"western\"><b>\u00a0<\/b><\/p>\n<hr \/>\n<p class=\"western\"><b>SANITA\u2019. LANZARIN A PD, \u201cNESSUN COLPO DI MANO SUI POSTI LETTO. LA DELIBERA IN QUESTIONE AUMENTA QUELLI DI TERAPIA INTENSIVA E SUBINTENSIVA. MA LEGGONO GLI ATTI?\u201d<\/b><\/p>\n<p class=\"western\"><strong>VENEZIA\u00a0 <em>\u00a0&#8220;<\/em><\/strong><em>S<\/em><em>i ha quasi l\u2019impressione che gli esperti di sanit\u00e0 del Pd abbiano difficolt\u00e0 a leggere le delibere, quanto meno a comprenderne i contenuti. Quella che secondo loro completerebbe il taglio di 500 posti letto, in realt\u00e0 non solo non taglia niente, ma addirittura aumenta i posti letto di terapia intensiva e sub intensiva, in conseguenza dell\u2019emergenza coronavirus e per programmare una nuova risposta efficace nel caso dovesse ripresentarsi<\/em>\u201d. Cos\u00ec l\u2019Assessore alla Sanit\u00e0 della Regione Veneto, Manuela Lanzarin, risponde alla nuova polemica del Partito Democratico su un nuovo presunto taglio di posti letto ospedalieri nel sistema sanitario. <em>\u201cLa delibera citata da Claudio Beltramello \u2013 fa notare la Lanzarin \u2013 fa in realt\u00e0 riferimento alla conferma di posti letto aggiuntivi per combattere il Covid. Aggiunge letti, non li taglia. Se vuole fare polemiche con un minimo di fondatezza, credo che il Pd dovrebbe provare cambiando i suoi esperti di sanit\u00e0. Magari ci potrebbero rendere pi\u00f9 difficile smascherare le bufale.Se avessero letto, o capito, la delibera \u2013 aggiunge l\u2019Assessore \u2013 avrebbero ad esempio notato che, al punto 5, si scrive di anticipare al 30 giugno l\u2019adeguamento delle dotazioni degli ospedali veneti per attivare prima, cio\u00e8 per aumentare i posti letto di intensiva e sub intensiva. Attivare significa aumentare anche in terza elementare\u201d.<\/em><\/p>\n<p>&nbsp;<\/p>\n<p>&nbsp;<\/p>\n<hr \/>\n<blockquote>\n<h3><b>CORONAVIRUS. MARCATO INCONTRA I RAPPRESENTANTI FIPE E DEI LOCALI DA BALLO<\/b><\/h3>\n<\/blockquote>\n<p><strong><a class=\"dt-pswp-item\" href=\"https:\/\/www.radiopiu.net\/wordpress\/wp-content\/uploads\/2020\/04\/ROBERTO-MARCATO.jpg\" data-dt-img-description=\"\" data-large_image_width=\"960\" data-large_image_height=\"960\"><img loading=\"lazy\" decoding=\"async\" class=\"size-medium wp-image-128165 alignleft\" src=\"https:\/\/www.radiopiu.net\/wordpress\/wp-content\/uploads\/2020\/04\/ROBERTO-MARCATO-300x300.jpg\" alt=\"\" width=\"300\" height=\"300\" srcset=\"https:\/\/www.radiopiu.net\/wordpress\/wp-content\/uploads\/2020\/04\/ROBERTO-MARCATO-300x300.jpg 300w, https:\/\/www.radiopiu.net\/wordpress\/wp-content\/uploads\/2020\/04\/ROBERTO-MARCATO-150x150.jpg 150w, https:\/\/www.radiopiu.net\/wordpress\/wp-content\/uploads\/2020\/04\/ROBERTO-MARCATO-768x768.jpg 768w, https:\/\/www.radiopiu.net\/wordpress\/wp-content\/uploads\/2020\/04\/ROBERTO-MARCATO.jpg 960w\" sizes=\"auto, (max-width: 300px) 100vw, 300px\" \/><\/a>VENEZIA\u00a0<\/strong>\u201c<em>Serve dare una risposta agli imprenditori e ai lavoratori del mondo dei locali da ballo e delle discoteche: o si d\u00e0 loro la possibilit\u00e0 di riaprire in maniera sostenibile oppure bisogna immaginare provvedimenti specifici a sostegno di queste attivit\u00e0 fin tanto che non potranno aprire com\u2019erano prima. Ma una risposta dal Governo va data quanto prima<\/em>\u201d.\u00a0Questo \u00e8 il commento dell\u2019assessore allo sviluppo economico ed energia Roberto Marcato a margine dell\u2019incontro di ieri, in videoconferenza, con i rappresentanti della FIPE (Federazione Italiana Pubblici Esercizi), associazione che rappresenta anche diverse decine di attivit\u00e0 di sala da ballo del SILB (Sindacato Italiano Locali da Ballo) operanti in Veneto.\u00a0\u201c<em>Gli imprenditori delle discoteche e delle sale da ballo sono stati i primi a chiudere e saranno gli ultimi a riaprire \u2013 sottolinea Marcato &#8211; imprenditori che hanno sofferto enormemente la chiusura durante il periodo di lockdown in un settore particolarmente strategico. Le statistiche dicono che l\u2019intrattenimento \u00e8 il terzo elemento che pesa nella scelta di una destinazione turistica. Una leva fondamentale per il tutto il nostro settore turistico. Stiamo parlando di 7 miliardi di PIL a livello nazionale<\/em>\u201d.\u00a0L\u2019assessore, dopo un confronto con i rappresentanti della FIPE, ha concordato che nei prossimi giorni l\u2019associazione invii all\u2019assessorato un documento con le richieste e proposte del settore.\u00a0\u201c<em>Mi sono impegnato a raccogliere quanto ci invieranno \u2013 conclude Marcato &#8211; e di riportare il tutto al Presidente Zaia e al nostro Dipartimento di Prevenzione per verificare cosa possiamo fare concretamente per supportare questa categoria. Quel che \u00e8 certo che \u00e8 bisogna intervenire: \u00e8 evidente che un locale che prima contava su una capacit\u00e0 di afflusso di 2.000 persone, non pu\u00f2 reggere una riapertura per 200. Quindi, o diamo a questi imprenditori la possibilit\u00e0 di riaprire in maniera sostenibile, oppure, se non \u00e8 possibile, servono provvedimenti per sostenere queste attivit\u00e0 fin tanto che non potranno aprire com\u2019erano prima. Delle due l\u2019una, io non vedo altre possibilit\u00e0<\/em>\u201d<\/p>\n<p>&nbsp;<\/p>\n<p>&nbsp;<\/p>\n<hr \/>\n<p>&nbsp;<\/p>\n<blockquote>\n<h3>LA ULSS 1 DOLOMITI ACQUISTA 12 ECOGRAFI<\/h3>\n<\/blockquote>\n<p><strong><a class=\"dt-pswp-item\" href=\"https:\/\/www.radiopiu.net\/wordpress\/wp-content\/uploads\/2020\/03\/ULSS-1-DOLOMITI-LOGO.jpg\" data-dt-img-description=\"\" data-large_image_width=\"298\" data-large_image_height=\"219\"><img loading=\"lazy\" decoding=\"async\" class=\"size-full wp-image-121256 alignleft\" src=\"https:\/\/www.radiopiu.net\/wordpress\/wp-content\/uploads\/2020\/03\/ULSS-1-DOLOMITI-LOGO.jpg\" alt=\"\" width=\"298\" height=\"219\" \/><\/a>BELLUNO \u00a0<\/strong>L\u2019Ulss Dolomiti ha deliberato l\u2019acquisto di 12 ecografi per un valore totale di oltre 785.000 euro IVA compresa.\u00a0L\u2019Ulss Dolomiti ha aderito alla gara indetta da Azienda Zero, dopo aver raccolto dalle singole unit\u00e0 operative il fabbisogno e la configurazione pi\u00f9 adeguate alle esigenze diagnostiche.Ecco il riassunto delle apparecchiature autorizzate e finanziate e le unit\u00e0 operative a cui sono destinate:\u00a02 Ecografi Multidisciplinare Specialistico di Fascia Alta<span class=\"Apple-converted-space\">\u00a0(<\/span>Radiologia Agordo<span class=\"Apple-converted-space\">);\u00a0<\/span>3 Ecografi Multidisciplinare ambulatoriale\/reparto fascia media<span class=\"Apple-converted-space\">\u00a0(<\/span>1 Medicina Belluno, 1 Neurologia Feltre,\u00a01Medicina Feltre);\u00a01 Ecografo cardiovascolare top di gamma<span class=\"Apple-converted-space\">\u00a0(<\/span>Cardiologia Belluno);\u00a04 Ecografi cardiovascolare media gamma (1 Medicina Feltre,\u00a01 Anestesia Rianimazione Agordo,\u00a02 Cardiologia Belluno);\u00a02 Ecografi uso ostetrico\/ginecologico fascia medio\/alta(Ostetricia ginecologia Belluno).\u00a0Per tutti i lotti la configurazione base \u00e8 stata integrata con alcuni dispositivi accessori.\u00a0\u00ab<em>Rinnovare costantemente le attrezzature sanitarie \u00e8 un modo per continuare a migliorare la qualit\u00e0 dei servizi offerti ai nostri assistiti e per investire sui nostri ospedali<\/em>\u00bb, spiega il Direttore Generale Adriano Rasi Caldogno.<\/p>\n<p>&nbsp;<\/p>\n<p>&nbsp;<\/p>\n<hr \/>\n<p>&nbsp;<\/p>\n<blockquote>\n<h3>AFFIDATI I LAVORI PER L\u2019ANTINCENDIO ALL\u2019OSPEDALE DI PIEVE<\/h3>\n<\/blockquote>\n<h3><strong style=\"font-size: 14px;\"><a class=\"dt-pswp-item\" href=\"https:\/\/www.radiopiu.net\/wordpress\/wp-content\/uploads\/2020\/06\/OSPEDALE-PIEVE.jpg\" data-dt-img-description=\"\" data-large_image_width=\"512\" data-large_image_height=\"384\"><img loading=\"lazy\" decoding=\"async\" class=\"size-medium wp-image-142729 alignleft\" src=\"https:\/\/www.radiopiu.net\/wordpress\/wp-content\/uploads\/2020\/06\/OSPEDALE-PIEVE-300x225.jpg\" alt=\"\" width=\"300\" height=\"225\" srcset=\"https:\/\/www.radiopiu.net\/wordpress\/wp-content\/uploads\/2020\/06\/OSPEDALE-PIEVE-300x225.jpg 300w, https:\/\/www.radiopiu.net\/wordpress\/wp-content\/uploads\/2020\/06\/OSPEDALE-PIEVE.jpg 512w\" sizes=\"auto, (max-width: 300px) 100vw, 300px\" \/><\/a>BELLUNO\u00a0<\/strong><span style=\"font-size: 14px; font-weight: normal;\">L\u2019Ulss Dolomiti ha affidato i lavori per la messa a norma antincendio all\u2019Ospedale di Pieve.<\/span>\u00a0<span style=\"font-size: 14px; font-weight: normal;\">Dopo l\u2019approvazione del progetto esecutivo dei lavori edili ed impiantistici necessari per l\u2019adeguamento alla normativa antincendio a novembre 2019 e il vaglio regionale, a marzo 2020 \u00e8 stata indetta la procedura negoziata per l\u2019aggiudicazione dei lavori.\u00a0<\/span><span style=\"font-size: 14px; font-weight: normal;\">In esito alla procedura, i lavori sono stati affidati alla impresa ILNAI srl quale capogruppo con Giesse ElettroImpianti snc con sede in S.Martino<\/span>\u00a0 <span style=\"font-size: 14px; font-weight: normal;\">i Lupari (PD), per l\u2019importo netto di contratto di \u20ac 614.837,37 in virt\u00f9 del ribasso d\u2019asta del 14,067%.<\/span>\u00a0<span style=\"font-size: 14px; font-weight: normal;\">I lavori consistono nella messa norma degli impianti e in alcuni lavori edili secondo quando previsto dal progetto redatto da Areatecnica s.r.l. di Mas di Sedico (BL) quale capogruppo dell\u2019RTP con Trentino Progetti s.r.l. di Trento (TN) in base al DM 19\/03\/2015.\u00a0<\/span><span style=\"font-size: 14px; font-weight: normal;\">Nell\u2019ambito dei progetti per la messa a norma antincendio degli ospedali, \u00e8 stata nominata la commissione per l\u2019aggiudicazione dell\u2019appalto dei lavori che riguardano l\u2019ospedale di Belluno. Inoltre, \u00e8 stata nominata la commissione per l\u2019aggiudicazione dell\u2019appalto dei lavori di ristrutturazione del Pronto Soccorso di Agordo.<\/span><\/h3>\n<p>&nbsp;<\/p>\n<p>&nbsp;<\/p>\n<hr \/>\n<p>&nbsp;<\/p>\n<blockquote>\n<h3 class=\"Default\">RIORGANIZZAZIONE DELLE ATTIVITA\u2019 IN RELAZIONE ALLA FASE TRE DELL\u2019EMERGENZA CORONAVIRUS<\/h3>\n<\/blockquote>\n<p class=\"Default\"><strong><a class=\"dt-pswp-item\" href=\"https:\/\/www.radiopiu.net\/wordpress\/wp-content\/uploads\/2020\/04\/PREFETTURA-BELLUNO.jpeg\" data-dt-img-description=\"\" data-large_image_width=\"384\" data-large_image_height=\"384\"><img loading=\"lazy\" decoding=\"async\" class=\"size-medium wp-image-133575 alignleft\" src=\"https:\/\/www.radiopiu.net\/wordpress\/wp-content\/uploads\/2020\/04\/PREFETTURA-BELLUNO-300x300.jpeg\" alt=\"\" width=\"300\" height=\"300\" srcset=\"https:\/\/www.radiopiu.net\/wordpress\/wp-content\/uploads\/2020\/04\/PREFETTURA-BELLUNO-300x300.jpeg 300w, https:\/\/www.radiopiu.net\/wordpress\/wp-content\/uploads\/2020\/04\/PREFETTURA-BELLUNO-150x150.jpeg 150w, https:\/\/www.radiopiu.net\/wordpress\/wp-content\/uploads\/2020\/04\/PREFETTURA-BELLUNO.jpeg 384w\" sizes=\"auto, (max-width: 300px) 100vw, 300px\" \/><\/a>BELLUNO\u00a0<\/strong>L\u2019avvio della \u201cFase Tre\u201d nella gestione dell\u2019emergenza epidemiologica legata alla diffusione del Coronavirus richiede una rimodulazione anche delle attivit\u00e0 della Prefettura in modo da orientare i servizi offerti alla comunit\u00e0 verso un graduale rientro alla normalit\u00e0.\u00a0In ragione di ci\u00f2, si comunica\u00a0a partire da luned\u00ec 8 giugno 2020, non sar\u00e0 pi\u00f9 attiva la linea dedicata\u00a0 all\u2019emergenza legata alla diffusione del virus COVID \u2013 19.\u00a0Eventuali informazioni potranno comunque essere richieste al numero 0437\/952499, che indirizzer\u00e0 l\u2019utenza agli uffici competenti ovvero via posta elettronica all\u2019indirizzo\u00a0urp.pref_belluno@interno.it\u00a0Per quel che riguarda gli Uffici amministrativi (Polizia Amministrativa, Depenalizzazione, Patenti, Cittadinanza, Legalizzazioni, Sportello Unico Immigrazione) prosegue la ricezione del pubblico solo previo appuntamento. Gli uffici sono contattabili telefonicamente dal luned\u00ec al venerd\u00ec, dalle 9 alle 13, sempre attraverso il numero telefonico 0437\/952499 ovvero via posta elettronica agli indirizzi indicati sul sito internet della Prefettura\u00a0www.prefettura.it\/belluno.<\/p>\n<p>&nbsp;<\/p>\n<p>&nbsp;<\/p>\n<hr \/>\n<p>&nbsp;<\/p>\n<blockquote>\n<h3>LAVORO: FRENA LA CADUTA OCCUPAZIONALE, IN VENETO A MAGGIO LIEVI SEGNALI DI RIPRESA<\/h3>\n<\/blockquote>\n<p><strong><a class=\"dt-pswp-item\" href=\"https:\/\/www.radiopiu.net\/wordpress\/wp-content\/uploads\/2018\/05\/lavoro.jpg\" data-dt-img-description=\"\" data-large_image_width=\"1280\" data-large_image_height=\"720\"><img loading=\"lazy\" decoding=\"async\" class=\"size-medium wp-image-49672 alignleft\" src=\"https:\/\/www.radiopiu.net\/wordpress\/wp-content\/uploads\/2018\/05\/lavoro-300x169.jpg\" alt=\"\" width=\"300\" height=\"169\" srcset=\"https:\/\/www.radiopiu.net\/wordpress\/wp-content\/uploads\/2018\/05\/lavoro-300x169.jpg 300w, https:\/\/www.radiopiu.net\/wordpress\/wp-content\/uploads\/2018\/05\/lavoro-768x432.jpg 768w, https:\/\/www.radiopiu.net\/wordpress\/wp-content\/uploads\/2018\/05\/lavoro-1024x576.jpg 1024w, https:\/\/www.radiopiu.net\/wordpress\/wp-content\/uploads\/2018\/05\/lavoro.jpg 1280w\" sizes=\"auto, (max-width: 300px) 100vw, 300px\" \/><\/a>VENEZIA\u00a0<\/strong>La crisi per l\u2019emergenza Covidha causato in Veneto la perdita di oltre 60 mila posti di lavoro tra il 23 febbraio e il 31 maggio. Ma con la ripresa delle attivit\u00e0 lavorative, nel mese di maggio, il saldo occupazionale \u00e8 tornato ad essere positivo: +1.437 posizioni lavorative. A cogliere i primi segnali di recupero dei posti di lavoro perduti \u00e8 l\u2019Osservatorio di Veneto Lavoro. L\u2019ultimo monitoraggio dell\u2019Osservatorio sugli effetti della pandemia sul mercato del lavoro regionale smentisce le preoccupazioni circa il proseguimento di una caduta occupazionale sugli stessi ritmi osservati nelle prime fasi dell\u2019emergenza Covid.\u00a0Nel mese di maggio \u2013 osserva il report dell\u2019ente strumentale della Regione Veneto &#8211; il mercato del lavoro ha mostrato segni di vitalit\u00e0 e una ripresa dei flussi di assunzione, anche per effetto della ripartenza delle attivit\u00e0 commerciali e turistiche.\u00a0Se il turismo al momento rimane il settore pi\u00f9 colpito dagli effetti della pandemia e registra da solo quasi la met\u00e0 della contrazione occupazionale, con una riduzione di circa30 mila posti di lavoro (la maggior parte stagional) e un calo delle assunzioni che nelle fasi pi\u00f9 rigide del lockdownha raggiunto picchi dell\u201986%, il venir meno dei vincoli alla mobilit\u00e0 tra regioni e, in parte, tra i Paesi europei potrebbe favorire la ripresa dell\u2019occupazione anche in questo settore.Inoltre, nell\u2019ultimo mese, i settori delle costruzioni e dell\u2019agricoltura hanno fatto registrare un significativo aumento delle assunzioni (rispettivamente +19% e +7%). Segnali di recupero si osservano anche in gran parte del manifatturiero (industrie metalmeccaniche, chimica-gomma, farmaceutico, legno-mobilio), nei servizi di pulizia, nelle attivit\u00e0 professionali e nel commercio all\u2019ingrosso e al dettaglio. L\u2019agricoltura, in particolare, si conferma, insieme ai servizi informatici, l\u2019unico settore che mostra un saldo occupazionale positivo (+1.161 posizioni lavorative) dall\u2019esordio della crisi.A livello provinciale, i territori che hanno pagato il costo pi\u00f9 alto delle misure di contenimento e della crisi sanitaria ed economica sono quelli con una maggiore incidenza delle attivit\u00e0 stagionali: a Venezia tra fine febbraio e fine maggio si \u00e8 registrata una perdita di quasi 26.000 posti di lavoro, a Verona oltre 17.000. Calo pi\u00f9 contenuto nelle altre province: -5.600 a Padova, -4.900 a Treviso, -4.200 a Vicenza, -1.200 a Rovigo e -800 a Belluno. Ma in tutte le provincela dinamica negativa si \u00e8 attenuata nel mese di maggio, quando il mercato del lavoro ha mostrato segni di vitalit\u00e0 e una ripresa dei flussi di assunzione, anche per effetto della ripartenza delle attivit\u00e0 commerciali e turistiche.<\/p>\n<p><strong>IL REPORT DELLA REGIONE<\/strong><\/p>\n<a href=\"https:\/\/www.radiopiu.net\/wordpress\/wp-content\/uploads\/2020\/06\/808-2020-report-VL-94_Covid-19.pdf\" class=\"pdfemb-viewer\" style=\"\" data-width=\"max\" data-height=\"max\" data-toolbar=\"top\" data-toolbar-fixed=\"on\">808-2020 report VL 94_Covid-19<\/a>\n<p>&nbsp;<\/p>\n<hr \/>\n<p>&nbsp;<\/p>\n<blockquote>\n<h3>LAVORO: DONAZZAN, \u201cPREPARIAMOCI AD UN AUTUNNO DIFFICILE, CON PI\u00d9 DISOCCUPATI E MENO SOSTEGNI AL REDDITO. I PI\u00d9 PENALIZZATI SARANNO I GIOVANI\u201d<\/h3>\n<\/blockquote>\n<p><strong><a class=\"dt-pswp-item\" href=\"https:\/\/www.radiopiu.net\/wordpress\/wp-content\/uploads\/2016\/06\/lavoro-fabbrica.jpg\" data-dt-img-description=\"\" data-large_image_width=\"990\" data-large_image_height=\"660\"><img loading=\"lazy\" decoding=\"async\" class=\"size-medium wp-image-20298 alignleft\" src=\"https:\/\/www.radiopiu.net\/wordpress\/wp-content\/uploads\/2016\/06\/lavoro-fabbrica-300x200.jpg\" alt=\"\" width=\"300\" height=\"200\" \/><\/a>VENEZIA\u00a0<\/strong>\u201c<em>Il mese di maggio d\u00e0 un segno \u2018pi\u00f9\u2019 nel saldo occupazionale perch\u00e9 vige il divieto di licenziamento, e tra cessazioni e assunzioni il mercato del lavoro segna un lieve saldo positivo. Ma dobbiamo guardare con estrema preoccupazione a cosa accadr\u00e0 quando cesser\u00e0 il divieto al licenziamento, perch\u00e8 molte imprese del turismo e della cultura, che sono i settori in maggior sofferenza,registreranno purtroppo pesanti perdite di posti stabili di lavoro<\/em>\u201d. Questo il commento dell\u2019assessore regionale al lavoro, Elena Donazzan, ai dati sull\u2019andamento occupazionale in Veneto diffusi dall\u2019Osservatorio di Veneto Lavoro.\u00a0\u201cI<em>l dato pi\u00f9 preoccupante \u2013 spiega l\u2019assessore \u2013 \u00e8 il calo di commesse e di quote di mercato per moltissime imprese di tutti i settori, in quanto il mondo \u00e8 fermo e l\u2019economia veneta, fortemente vocata all\u2019export, ne risulta particolarmente penalizzata. Dovremo immaginare un autunno con pi\u00f9 disoccupati del previsto e con strumenti di sostegno al reddito limitati<\/em>\u201d.\u00a0Oltre al turismo, che da solo conta circa lamet\u00e0 degli oltre 60 mila posti di lavoro persi a seguito dell\u2019emergenza sanitaria da Covid 19,i settori che hanno sofferto di pi\u00f9 sono la cultura e l\u2019editoria. \u201c<em>A questi dovremo pensare per non depauperare la ricchezza professionale di questi settori \u2013 conclude Donazzan \u2013 La maggiore preoccupazione \u00e8 per i giovani, che pagheranno il conto pi\u00f9 salato di questa crisi<\/em>\u201d.<\/p>\n<p>&nbsp;<\/p>\n<p>&nbsp;<\/p>\n<hr \/>\n<p>&nbsp;<\/p>\n<blockquote>\n<h3>FORMAZIONE PROFESSIONALE: IN VENETO RITORNO IN CLASSE PER UNA SETTIMANA<\/h3>\n<\/blockquote>\n<p><strong><a class=\"dt-pswp-item\" href=\"https:\/\/www.radiopiu.net\/wordpress\/wp-content\/uploads\/2020\/04\/DONAZZAN-1.jpg\" data-dt-img-description=\"\" data-large_image_width=\"2048\" data-large_image_height=\"2048\"><img loading=\"lazy\" decoding=\"async\" class=\" wp-image-133654 alignleft\" src=\"https:\/\/www.radiopiu.net\/wordpress\/wp-content\/uploads\/2020\/04\/DONAZZAN-1-300x300.jpg\" alt=\"\" width=\"172\" height=\"172\" srcset=\"https:\/\/www.radiopiu.net\/wordpress\/wp-content\/uploads\/2020\/04\/DONAZZAN-1-300x300.jpg 300w, https:\/\/www.radiopiu.net\/wordpress\/wp-content\/uploads\/2020\/04\/DONAZZAN-1-1024x1024.jpg 1024w, https:\/\/www.radiopiu.net\/wordpress\/wp-content\/uploads\/2020\/04\/DONAZZAN-1-150x150.jpg 150w, https:\/\/www.radiopiu.net\/wordpress\/wp-content\/uploads\/2020\/04\/DONAZZAN-1-768x768.jpg 768w, https:\/\/www.radiopiu.net\/wordpress\/wp-content\/uploads\/2020\/04\/DONAZZAN-1-1536x1536.jpg 1536w, https:\/\/www.radiopiu.net\/wordpress\/wp-content\/uploads\/2020\/04\/DONAZZAN-1.jpg 2048w\" sizes=\"auto, (max-width: 172px) 100vw, 172px\" \/><\/a>VENEZIA\u00a0<\/strong>Le classi terze e quarte delle scuole professionali del Veneto rientrano in classe per un\u2019intera settimana per preparare al meglio gli esami di qualifica e l\u2019esame per il diploma.\u00a0\u201c<em>L\u2019amore per i nostri ragazzi ha impegnato le scuole della formazione professionale, con i loro direttori ed i docenti, a pensare ad una settimana di lavoro in presenza per dare un segno di impegno agli studenti &#8211; afferma l\u2019assessore regionale alla Formazione, Elena Donazzan &#8211; Trovo sia la cosa pi\u00f9 giusta, una scelta non solo possibile, ma pure doverosa. Ho pi\u00f9 volte denunciato la mancanza di idee da parte del Ministro e l\u2019opportunit\u00e0 di un rientro a scuola che io avrei voluto per tutte le ultime classi di ogni ordine e grado: sarebbe stato un gesto reale di seriet\u00e0 e avrebbe dato la misura dell\u2019attenzione che poniamo all\u2019istruzione dei nostri giovani<\/em>\u201d.Un ritorno sui banchi rivolto ad una platea potenziale di 6.217 studenti, 5.544 allievi del terzo anno ordinario, 508 allievi del terzo anno duale e 1.615 allievi del quarto anno duale: studenti che potranno beneficiare, prima del 30 giugno, termine dell\u2019attivit\u00e0 formativa, di una settimana di ripasso e approfondimento in vista dell\u2019esame.<\/p>\n<p>&nbsp;<\/p>\n<p>&nbsp;<\/p>\n<hr \/>\n<h1><span style=\"color: #0000ff;\">IL GIORNO DEI CARABINIERI<\/span><\/h1>\n<p><strong>DARIO BOND, DEPUTATO DI FORZA ITALIA<\/strong><\/p>\n<audio class=\"wp-audio-shortcode\" id=\"audio-142573-3\" preload=\"none\" style=\"width: 100%;\" controls=\"controls\"><source type=\"audio\/mpeg\" src=\"https:\/\/www.radiopiu.net\/wordpress\/wp-content\/uploads\/2020\/06\/BOND-CARABINIERI.mp3?_=3\" \/><a href=\"https:\/\/www.radiopiu.net\/wordpress\/wp-content\/uploads\/2020\/06\/BOND-CARABINIERI.mp3\">https:\/\/www.radiopiu.net\/wordpress\/wp-content\/uploads\/2020\/06\/BOND-CARABINIERI.mp3<\/a><\/audio>\n<p>&nbsp;<\/p>\n<blockquote class=\"wp-embedded-content\" data-secret=\"p4EaNwp8AN\"><p><a href=\"https:\/\/www.radiopiu.net\/wordpress\/206-annuale-della-fondazione-dellarma-dei-carabinieri-un-anno-denso-di-ricorrenze\/\">206\u00b0 ANNUALE DELLA FONDAZIONE DELL\u2019ARMA DEI CARABINIERI, UN ANNO DENSO DI RICORRENZE<\/a><\/p><\/blockquote>\n<p><iframe loading=\"lazy\" title=\"&#8220;206\u00b0 ANNUALE DELLA FONDAZIONE DELL\u2019ARMA DEI CARABINIERI, UN ANNO DENSO DI RICORRENZE&#8221; &#8212; Radio Pi\u00f9\" class=\"wp-embedded-content\" sandbox=\"allow-scripts\" security=\"restricted\" style=\"position: absolute; clip: rect(1px, 1px, 1px, 1px);\" src=\"https:\/\/www.radiopiu.net\/wordpress\/206-annuale-della-fondazione-dellarma-dei-carabinieri-un-anno-denso-di-ricorrenze\/embed\/#?secret=p4EaNwp8AN\" data-secret=\"p4EaNwp8AN\" width=\"600\" height=\"338\" frameborder=\"0\" marginwidth=\"0\" marginheight=\"0\" scrolling=\"no\"><\/iframe><\/p>\n<p>&nbsp;<\/p>\n<p>&nbsp;<\/p>\n<hr \/>\n<p>&nbsp;<\/p>\n<blockquote>\n<h3>RIPARTONO I COLLEGAMENTI CON ZOLDANO, CADORE E AREE INDUSTRIALI DI SEDICO E AGORDO. DA LUGLIO SARANNO RIATTIVATI ANCHE I SERVIZI TURISTICI<\/h3>\n<\/blockquote>\n<h3><strong style=\"font-size: 14px;\"><a class=\"dt-pswp-item\" href=\"https:\/\/www.radiopiu.net\/wordpress\/wp-content\/uploads\/2018\/08\/dolomitibus.jpeg\" data-dt-img-description=\"\" data-large_image_width=\"621\" data-large_image_height=\"414\"><img loading=\"lazy\" decoding=\"async\" class=\"size-medium wp-image-59158 alignleft\" src=\"https:\/\/www.radiopiu.net\/wordpress\/wp-content\/uploads\/2018\/08\/dolomitibus-300x200.jpeg\" alt=\"\" width=\"300\" height=\"200\" srcset=\"https:\/\/www.radiopiu.net\/wordpress\/wp-content\/uploads\/2018\/08\/dolomitibus-300x200.jpeg 300w, https:\/\/www.radiopiu.net\/wordpress\/wp-content\/uploads\/2018\/08\/dolomitibus.jpeg 621w\" sizes=\"auto, (max-width: 300px) 100vw, 300px\" \/><\/a>BELLUNO <\/strong><span style=\"font-size: 14px; font-weight: normal;\">Ieri mattina, al tavolo a cui erano presenti il presidente Padrin e il consigliere provinciale Dario Scopel, il presidente di Dolomitibus Andrea Biasiotto e l\u2019amministratore delegato Natalia Ranza, la Provincia ha richiesto la riattivazione di diverse linee extraurbane che erano state ridotte a seguito delle misure anti-Covid, stabilite da ordinanza regionale. Dalla prossima settimana (luned\u00ec 8 giugno), quindi, saranno di nuovo operativi i collegamenti con le zone industriali di Sedico e dell\u2019Agordino, a servizio dei dipendenti delle grandi industrie. Dal 15 giugno, invece, saranno riattivate le linee per la Val di Zoldo, per Ponte nelle Alpi-Quantin-Reveane, per Vigo e Lorenzago di Cadore, e per Sovramonte. Per quanto riguarda il servizio urbano di Belluno, sar\u00e0 attivato il prolungamento verso Salce della linea Blu.\u00a0<\/span><span style=\"font-size: 14px; font-weight: normal;\">Inoltre da luned\u00ec (8 giugno) entrer\u00e0 in vigore l\u2019orario estivo delle tratte Alano-Montebelluna-Valdobbiadene e Alano-Feltre effettuate dall\u2019azienda Sbizzera. A breve saranno comunicati anche i quadri orari.<\/span><\/h3>\n<p><strong>IL PRESIDENTE DELLA PROVINCIA DI BELLUNO ROBERTO PADRIN<\/strong><\/p>\n<audio class=\"wp-audio-shortcode\" id=\"audio-142573-4\" preload=\"none\" style=\"width: 100%;\" controls=\"controls\"><source type=\"audio\/mpeg\" src=\"https:\/\/www.radiopiu.net\/wordpress\/wp-content\/uploads\/2020\/06\/PADRIN-DOLOMITIBUS.mp3?_=4\" \/><a href=\"https:\/\/www.radiopiu.net\/wordpress\/wp-content\/uploads\/2020\/06\/PADRIN-DOLOMITIBUS.mp3\">https:\/\/www.radiopiu.net\/wordpress\/wp-content\/uploads\/2020\/06\/PADRIN-DOLOMITIBUS.mp3<\/a><\/audio>\n<p>&nbsp;<\/p>\n<p>&nbsp;<\/p>\n<p>&nbsp;<\/p>\n<hr \/>\n<p>&nbsp;<\/p>\n<blockquote>\n<h3><b>ASSICURAZIONE ANTICOVID PER I LAVORATORI DELLE IMPRESE EDILI DI ANCE BELLUNO<\/b><\/h3>\n<\/blockquote>\n<p><strong><a class=\"dt-pswp-item\" href=\"https:\/\/www.radiopiu.net\/wordpress\/wp-content\/uploads\/2015\/10\/Confindustria_BL.gif\" data-dt-img-description=\"\" data-large_image_width=\"793\" data-large_image_height=\"211\"><img loading=\"lazy\" decoding=\"async\" class=\"size-medium wp-image-12471 alignleft\" src=\"https:\/\/www.radiopiu.net\/wordpress\/wp-content\/uploads\/2015\/10\/Confindustria_BL-300x80.gif\" alt=\"\" width=\"300\" height=\"80\" \/><\/a>BELLUNO\u00a0<\/strong>\u201cLa sicurezza degli operai \u00e8 una priorit\u00e0 per le imprese. Lo \u00e8 ancora di pi\u00f9 oggi in questa nuova fase con la sostanziale ripresa di tutte le attivit\u00e0 e con un rischio di contagio molto limitato. Non possiamo permetterci una ripresa dell\u2019infezione da Covid e per fare questo, prevenzione e sicurezza sono fondamentali. Per contribuire per\u00f2 ad una maggiore tutela dei nostri lavoratori abbiamo deciso di fare qualcosa di pi\u00f9\u201d cos\u00ec esordisce Antonio Olivotto, Presidente della sezione Costruttori edili di Confindustria Belluno Dolomiti.\u201cLo abbiamo studiato settimane fa proponendolo in primis alle nostre controparti sindacali negli enti bilaterali bellunesi, ci siamo confrontati ed aspettato che a livello nazionale maturassero iniziative concrete. Sono per\u00f2 passate settimane inutilmente e come imprenditori abbiamo deciso di passare ai fatti. In particolare per gli operai che in queste settimane non hanno smesso ove possibile di lavorare anche nel picco della pandemia, come Sezione Edili abbiamo voluto lanciare un segnale sottoscrivendo un\u2018assicurazione anti-covid che, in caso di infezione possa garantire un supporto economico ed alcuni servizi in aiuto a loro e rispettive famiglie\u201d.<\/p>\n<p>&nbsp;<\/p>\n<p>&nbsp;<\/p>\n<hr \/>\n<p>&nbsp;<\/p>\n<blockquote>\n<h3>MONITORAGGI A VISTA SULLA FRANA DI CANCIA: SQUADRE DI PROTEZIONE CIVILE PROVENIENTI DA TUTTO IL VENETO<\/h3>\n<\/blockquote>\n<p><strong><a class=\"dt-pswp-item\" href=\"https:\/\/www.radiopiu.net\/wordpress\/wp-content\/uploads\/2020\/04\/CANCIA-2.jpg\" data-dt-img-description=\"\" data-large_image_width=\"1600\" data-large_image_height=\"1200\"><img loading=\"lazy\" decoding=\"async\" class=\"size-medium wp-image-130400 alignleft\" src=\"https:\/\/www.radiopiu.net\/wordpress\/wp-content\/uploads\/2020\/04\/CANCIA-2-300x225.jpg\" alt=\"\" width=\"300\" height=\"225\" srcset=\"https:\/\/www.radiopiu.net\/wordpress\/wp-content\/uploads\/2020\/04\/CANCIA-2-300x225.jpg 300w, https:\/\/www.radiopiu.net\/wordpress\/wp-content\/uploads\/2020\/04\/CANCIA-2-1024x768.jpg 1024w, https:\/\/www.radiopiu.net\/wordpress\/wp-content\/uploads\/2020\/04\/CANCIA-2-768x576.jpg 768w, https:\/\/www.radiopiu.net\/wordpress\/wp-content\/uploads\/2020\/04\/CANCIA-2-1536x1152.jpg 1536w, https:\/\/www.radiopiu.net\/wordpress\/wp-content\/uploads\/2020\/04\/CANCIA-2.jpg 1600w\" sizes=\"auto, (max-width: 300px) 100vw, 300px\" \/><\/a>BELLUNO<\/strong> La frana di Cancia (Borca di Cadore) rimane osservata speciale. Sono partiti nei giorni scorsi i monitoraggi a vista assicurati dalle squadre di Protezione Civile. Nel frattempo, la Provincia di Belluno ha ripristinato il sistema tecnologico di controllo e allarme, che scatta in caso di eventi meteo particolarmente intensi e di temporali che possono svilupparsi a monte, con il rischio di innesco di colate detritiche.\u00a0\u00ab<em>Si tratta di due sistemi diversi per tenere controllato il canalone dell\u2019Antelao e garantire la massima sicurezza agli abitanti di Cancia &#8211; spiega il consigliere provinciale delegato alla Difesa del Suolo, Massimo Bortoluzzi -. Ringrazio i volontari di Protezione Civile che arrivano da tutto il Veneto per assicurare i turni di monitoraggio. La scorsa settimana l\u2019impegno \u00e8 stato assunto dall\u2019Ana Cadore. Ma da qui al 10 ottobre, quando terminer\u00e0 il periodo dei temporali estivi e di conseguenza si chiuderanno anche i controlli a vista, avremo la collaborazione di decine di gruppi di Protezione Civile da Padova, da Treviso, da Venezia e anche dal Polesine<\/em>\u00bb.\u00a0Oltre ai monitoraggi, funzionali a tenere sotto controllo soprattutto la parte a monte del canalone, la Provincia ha curato anche la pulizia della vasca a valle; quella che serve a contenere il materiale di eventuali colate. A fine maggio sono stati rimossi fango e massi che si erano accumulati negli ultimi mesi. Inoltre, sono stati puliti i punti di drenaggio e la sistemazione ha riguardato anche le caditoie e le griglie (che servono per separare la colata solida dall\u2019acqua). \u00ab<em>Piccole manutenzioni &#8211; commenta il consigliere Bortoluzzi -, ma funzionali a un corretto funzionamento dell\u2019opera in caso di colate<\/em>\u00bb.\u00a0Intanto prosegue a ritmo serrato il cantiere per la costruzione della briglia di tecnologia giapponese \u201cSabo dam\u201d; un\u2019operazione da oltre 4 milioni di euro, funzionale alla mitigazione del rischio idrogeologico a monte. Se non interverranno intoppi, l\u2019opera potrebbe essere conclusa per l\u2019autunno.<\/p>\n<p>&nbsp;<\/p>\n<p>&nbsp;<\/p>\n<hr \/>\n<p>&nbsp;<\/p>\n<blockquote>\n<h3>SCIOPERO DELLA SCUOLA LUNED\u00cc 8 GIUGNO<\/h3>\n<\/blockquote>\n<p><strong><a class=\"dt-pswp-item\" href=\"https:\/\/www.radiopiu.net\/wordpress\/wp-content\/uploads\/2020\/04\/CISL-BELLUNO-OK.jpg\" data-dt-img-description=\"\" data-large_image_width=\"909\" data-large_image_height=\"910\"><img loading=\"lazy\" decoding=\"async\" class=\"size-medium wp-image-132184 alignleft\" src=\"https:\/\/www.radiopiu.net\/wordpress\/wp-content\/uploads\/2020\/04\/CISL-BELLUNO-OK-300x300.jpg\" alt=\"\" width=\"300\" height=\"300\" srcset=\"https:\/\/www.radiopiu.net\/wordpress\/wp-content\/uploads\/2020\/04\/CISL-BELLUNO-OK-300x300.jpg 300w, https:\/\/www.radiopiu.net\/wordpress\/wp-content\/uploads\/2020\/04\/CISL-BELLUNO-OK-150x150.jpg 150w, https:\/\/www.radiopiu.net\/wordpress\/wp-content\/uploads\/2020\/04\/CISL-BELLUNO-OK-768x769.jpg 768w, https:\/\/www.radiopiu.net\/wordpress\/wp-content\/uploads\/2020\/04\/CISL-BELLUNO-OK.jpg 909w\" sizes=\"auto, (max-width: 300px) 100vw, 300px\" \/><\/a>BELLUNO\u00a0<\/strong>Sciopero della scuola luned\u00ec 8 giugno anche per docenti e presidi delle province di Treviso e Belluno. L\u2019intero comparto dell\u2019istruzione si fermer\u00e0 per l\u2019intera giornata e, a livello veneto, dar\u00e0 vita a un presidio regionale a partire dalle 10 in piazza Ferretto a Mestre.\u00a0Cisl Scuola, Flc Cgil, Uil Scuola, Snals e Gilda rivendicano un piano straordinario di investimenti per rendere possibile l\u2019avvio in presenza del nuovo anno scolastico in condizioni di sicurezza e richiedono il coinvolgimento della Presidenza del Consiglio al fine di individuare nuovi investimenti in materia di personale e sostegno dell\u2019offerta formativa, da inserire subito nel Decreto Rilancio.\u00a0I sindacati della scuola chiedono adeguate risorse economiche, per consentire un necessario potenziamento degli organici, per personale docente e amministrativo, condizioni indispensabili per garantire la riduzione del numero di alunni per classe, il rispetto del tetto massimo di 20 alunni per classe in presenza di alunni con disabilit\u00e0, la funzionalit\u00e0 alle segreterie scolastiche, garantendo sorveglianza e rigorosa applicazione delle misure di sicurezza e anti-contagio in tutti i plessi e in ogni singolo piano degli edifici, ma anche il consolidamento, a regime, della figura dell\u2019assistente tecnico in tutte le scuole del primo ciclo, e la revisione dei parametri per il dimensionamento ottimale delle istituzioni scolastiche. In provincia di Treviso in settembre dovrebbero tornare sui banchi di scuola quasi 110.000 alunni, 9.000 docenti, 2.800 Ata; nel Bellunese quasi 23.000 alunni, 2.120 docenti e 1.000 Ata.\u00a0\u00a0Analoghe rivendicazioni vengono rappresentate per quanto concerne la responsabilit\u00e0 della dirigenza scolastica e le problematiche retributive. Per l\u2019area della dirigenza non sono pi\u00f9 procrastinabili gli interventi relativi alla responsabilit\u00e0 in materia di sicurezza e l\u2019attivazione delle procedure relative alla rilevazione dello stress lavoro correlato dei dirigenti scolastici.\u00a0Per garantire un funzionamento delle scuole servono inoltre specifici investimenti per un piano di formazione di tutto il personale, il potenziamento degli strumenti informatici, il rinnovo contrattuale, il miglioramento dell\u2019offerta formativa e interventi di edilizia scolastica se non altro per consentire di lavorare e studiare in edifici sicuri.<\/p>\n<p><strong>TERESA MEROTTO, CISL BELLUNO TREVISO<\/strong><\/p>\n<audio class=\"wp-audio-shortcode\" id=\"audio-142573-5\" preload=\"none\" style=\"width: 100%;\" controls=\"controls\"><source type=\"audio\/mpeg\" src=\"https:\/\/www.radiopiu.net\/wordpress\/wp-content\/uploads\/2020\/06\/CISL-Teresa-Merotto-Scuola.mp3?_=5\" \/><a href=\"https:\/\/www.radiopiu.net\/wordpress\/wp-content\/uploads\/2020\/06\/CISL-Teresa-Merotto-Scuola.mp3\">https:\/\/www.radiopiu.net\/wordpress\/wp-content\/uploads\/2020\/06\/CISL-Teresa-Merotto-Scuola.mp3<\/a><\/audio>\n<p>&nbsp;<\/p>\n<p>&nbsp;<\/p>\n<hr \/>\n<p>&nbsp;<\/p>\n<blockquote>\n<h3>IAT DI PIAZZA DUOMO E INFOPOINT IN NEVEGAL. LA GESTIONE AL CONSORZIO DOLOMITI PREALPI<\/h3>\n<\/blockquote>\n<p><strong><a class=\"dt-pswp-item\" href=\"https:\/\/www.radiopiu.net\/wordpress\/wp-content\/uploads\/2020\/04\/PIAZZA-MARTIRI-BELLUNO.jpg\" data-dt-img-description=\"\" data-large_image_width=\"550\" data-large_image_height=\"388\"><img loading=\"lazy\" decoding=\"async\" class=\"size-medium wp-image-130647 alignleft\" src=\"https:\/\/www.radiopiu.net\/wordpress\/wp-content\/uploads\/2020\/04\/PIAZZA-MARTIRI-BELLUNO-300x212.jpg\" alt=\"\" width=\"300\" height=\"212\" srcset=\"https:\/\/www.radiopiu.net\/wordpress\/wp-content\/uploads\/2020\/04\/PIAZZA-MARTIRI-BELLUNO-300x212.jpg 300w, https:\/\/www.radiopiu.net\/wordpress\/wp-content\/uploads\/2020\/04\/PIAZZA-MARTIRI-BELLUNO.jpg 550w\" sizes=\"auto, (max-width: 300px) 100vw, 300px\" \/><\/a>BELLUNO\u00a0<\/strong>Sar\u00e0 il Consorzio Dolomiti Prealpi a gestire le attivit\u00e0 di informazione e promozione turistica attraverso l&#8217;ufficio di Piazza Duomo e l&#8217;Infopoint del Nevegal.\u00a0Cinque le manifestazioni di interesse giunte all&#8217;Unione Montana Belluno \u2013 Ponte nelle Alpi, che ha emesso l&#8217;avviso; solamente il Consorzio ha poi dato seguito alla dichiarazione d&#8217;interesse, presentando un&#8217;offerta formale.\u00a0Bisogner\u00e0 per\u00f2 ancora attendere qualche giorno per l&#8217;apertura dei due uffici, in quanto restano ancora da completare alcune procedure di organizzazione e di sanificazione.\u00a0\u00ab<em>Ci fa piacere che ad occuparsi dell&#8217;informazione e promozione del capoluogo sia una realt\u00e0 che gi\u00e0 opera con successo in Valbelluna come il Consorzio Dolomiti Prealpi. &#8211; commenta l&#8217;assessore al turismo, Yuki d&#8217;Emilia \u2013 Possiamo quindi ripartire con un gestore che conosce benissimo il lavoro da svolgere e il territorio che andr\u00e0 a promuovere sia tra i visitatori che nelle fiere di settore<\/em>\u00bb. D&#8217;Emilia sottolinea infatti il potenziamento delle attivit\u00e0 previste dal bando: \u00ab<em>Innanzitutto, abbiamo unificato la gestione dei due punti informativi, quello del centro storico e quello in Nevegal. Abbiamo poi richiesto la partecipazione a fiere nazionali e internazionali dedicate alla promozione turistica, oltre all&#8217;aggiornamento e all&#8217;inserimento di news nel portale di Adorable Belluno e nei relativi canali social<\/em>\u00bb.\u00a0L&#8217;ufficio di Piazza Duomo rester\u00e0 aperto tutti i giorni fino al 15 ottobre con orari 10.00 \u2013 13.00 e 15.00 \u2013 18.00; nel restante periodo dell&#8217;anno, verr\u00e0 garantito il servizio sei giorni su sette. Ancora da definire gli orari di apertura dell&#8217;Infopoint in Nevegal, fermo restando l\u2019apertura tutti i giorni in alta stagione.\u00a0\u00ab<em>Ringraziamo \u2013 conclude d&#8217;Emilia \u2013 Fondazione Teatri delle Dolomiti per il lavoro svolto in questi anni nella gestione dell&#8217;ufficio di Piazza Duomo e con la quale continueremo la preziosa collaborazione in altri ambiti<\/em>\u00bb.<\/p>\n<p><strong>L&#8217;ASSESSORE DEL COMUNE DI BELLUNO YUKI D&#8217;EMILIA<\/strong><\/p>\n<audio class=\"wp-audio-shortcode\" id=\"audio-142573-6\" preload=\"none\" style=\"width: 100%;\" controls=\"controls\"><source type=\"audio\/mpeg\" src=\"https:\/\/www.radiopiu.net\/wordpress\/wp-content\/uploads\/2020\/06\/YUKI-IAT.mp3?_=6\" \/><a href=\"https:\/\/www.radiopiu.net\/wordpress\/wp-content\/uploads\/2020\/06\/YUKI-IAT.mp3\">https:\/\/www.radiopiu.net\/wordpress\/wp-content\/uploads\/2020\/06\/YUKI-IAT.mp3<\/a><\/audio>\n<p>&nbsp;<\/p>\n<p>&nbsp;<\/p>\n<p>&nbsp;<\/p>\n<hr \/>\n<p>&nbsp;<\/p>\n<\/div>\n<blockquote class=\"wp-embedded-content\" data-secret=\"C0bjbV7VQG\"><p><a href=\"https:\/\/www.radiopiu.net\/wordpress\/mercoledi-convocato-il-consiglio-di-sorveglianza-acc\/\">MERCOLEDI CONVOCATO IL CONSIGLIO DI SORVEGLIANZA ACC<\/a><\/p><\/blockquote>\n<p><iframe loading=\"lazy\" title=\"&#8220;MERCOLEDI CONVOCATO IL CONSIGLIO DI SORVEGLIANZA ACC&#8221; &#8212; Radio Pi\u00f9\" class=\"wp-embedded-content\" sandbox=\"allow-scripts\" security=\"restricted\" style=\"position: absolute; clip: rect(1px, 1px, 1px, 1px);\" src=\"https:\/\/www.radiopiu.net\/wordpress\/mercoledi-convocato-il-consiglio-di-sorveglianza-acc\/embed\/#?secret=C0bjbV7VQG\" data-secret=\"C0bjbV7VQG\" width=\"600\" height=\"338\" frameborder=\"0\" marginwidth=\"0\" marginheight=\"0\" scrolling=\"no\"><\/iframe><\/p>\n<p>&nbsp;<\/p>\n<hr \/>\n<p>&nbsp;<\/p>\n<blockquote>\n<h3>ARABBA: AI BLOCCHI DI PARTENZA L\u2019ESTATE 2020<\/h3>\n<\/blockquote>\n<p><a class=\"dt-pswp-item\" href=\"https:\/\/www.radiopiu.net\/wordpress\/wp-content\/uploads\/2020\/06\/Arabba_ph.credit_Roberto-Grones-scaled.jpg\" data-dt-img-description=\"DCIM100MEDIADJI_0018.JPG\" data-large_image_width=\"2560\" data-large_image_height=\"1920\"><img loading=\"lazy\" decoding=\"async\" class=\"alignleft wp-image-142687 size-medium\" src=\"https:\/\/www.radiopiu.net\/wordpress\/wp-content\/uploads\/2020\/06\/Arabba_ph.credit_Roberto-Grones-300x225.jpg\" alt=\"\" width=\"300\" height=\"225\" srcset=\"https:\/\/www.radiopiu.net\/wordpress\/wp-content\/uploads\/2020\/06\/Arabba_ph.credit_Roberto-Grones-300x225.jpg 300w, https:\/\/www.radiopiu.net\/wordpress\/wp-content\/uploads\/2020\/06\/Arabba_ph.credit_Roberto-Grones-1024x768.jpg 1024w, https:\/\/www.radiopiu.net\/wordpress\/wp-content\/uploads\/2020\/06\/Arabba_ph.credit_Roberto-Grones-768x576.jpg 768w, https:\/\/www.radiopiu.net\/wordpress\/wp-content\/uploads\/2020\/06\/Arabba_ph.credit_Roberto-Grones-1536x1152.jpg 1536w, https:\/\/www.radiopiu.net\/wordpress\/wp-content\/uploads\/2020\/06\/Arabba_ph.credit_Roberto-Grones-2048x1536.jpg 2048w\" sizes=\"auto, (max-width: 300px) 100vw, 300px\" \/><\/a><\/p>\n<p><strong>ARABBA<\/strong>\u00a0La localit\u00e0 dolomitica a un passo dal cielo \u00e8 pronta ad accogliere gli amanti della montagna con le sue attivit\u00e0 outdoor, all\u2019insegna della sicurezza. Dal 13 giugno riaprono i primi impianti di risalita, permettendo cos\u00ec ai turisti di praticare escursioni, ferrate e trail in mountain bike, grazie anche a speciali promozioni.\u00a0Cosa ci ha lasciato il periodo di lockdown? Sicuramente la voglia di rivalutare le piccole cose e respirare di nuovo la libert\u00e0. Tra le sensazioni che mancano maggiormente agli amanti dell\u2019outdoor c\u2019\u00e8 la frizzante aria di montagna e il senso di appartenenza che si prova in un trekking in quota o l\u2019adrenalina di una discesa sulle due ruote lungo i sentieri predisposti.\u00a0Arabba, il gioiello delle Dolomiti incastonato tra il Passo Pordoi e il Passo Campolongo da una parte e la Marmolada dall\u2019altra, \u00e8 pronta a ripartire e accogliere gli amanti della montagna di qualit\u00e0.\u00a0Dal 27 giugno riapriranno anche la telecabina Fodom, che unisce Pont de Vauz a Passo Pordoi, e la seggiovia Burz, che permetter\u00e0 quindi di effettuare Sellaronda MTB Tour, ovvero il periplo del massiccio del Sella, dove Arabba rappresenta il punto di partenza ideale.<span class=\"Apple-converted-space\">\u00a0 <\/span>Fissata al 5 luglio l\u2019apertura della seggiovia che da Passo Campolongo porta al Cherz.\u00a0Insieme agli impianti riapriranno anche i rifugi.<\/p>\n<p>&nbsp;<\/p>\n<p>&nbsp;<\/p>\n<hr \/>\n<p>&nbsp;<\/p>\n<blockquote>\n<h3>ALPE LUSIA SAN PELLEGRINO: UN\u2019ESTATE TRA EVENTI CULTURALI, SPORT E FAMIGLIA<\/h3>\n<\/blockquote>\n<p><strong><a class=\"dt-pswp-item\" href=\"https:\/\/www.radiopiu.net\/wordpress\/wp-content\/uploads\/2020\/06\/ALPE-LUSIA.png\" data-dt-img-description=\"\" data-large_image_width=\"810\" data-large_image_height=\"240\"><img loading=\"lazy\" decoding=\"async\" class=\"size-medium wp-image-142691 alignleft\" src=\"https:\/\/www.radiopiu.net\/wordpress\/wp-content\/uploads\/2020\/06\/ALPE-LUSIA-300x89.png\" alt=\"\" width=\"300\" height=\"89\" srcset=\"https:\/\/www.radiopiu.net\/wordpress\/wp-content\/uploads\/2020\/06\/ALPE-LUSIA-300x89.png 300w, https:\/\/www.radiopiu.net\/wordpress\/wp-content\/uploads\/2020\/06\/ALPE-LUSIA-768x228.png 768w, https:\/\/www.radiopiu.net\/wordpress\/wp-content\/uploads\/2020\/06\/ALPE-LUSIA.png 810w\" sizes=\"auto, (max-width: 300px) 100vw, 300px\" \/><\/a>PASSO SAN PELLEGRINO <\/strong>Vivere la montagna come luogo che amplifica la cultura, rende unico lo sport e offre proposte wellness en plein air e attivit\u00e0 per tutta la famiglia. Sar\u00e0 un\u2019estate alla ricerca del benessere a 360 gradi quella del comprensorio Alpe Lusia San Pellegrino, che si estende da Falcade (in Veneto) a Moena (in Trentino). L\u2019apertura degli impianti di risalita \u00e8 ormai dietro l\u2019angolo<b>: <\/b>dal 20 giugno si sogna in alta quota con la seggiovia Costabella, dal 27 giugno sar\u00e0 in funzione la telecabina dell\u2019Alpe Lusia, dal 4 luglio si preme lo \u201cstart\u201d della cabinovia Falcade \u2013 Le Buse e della funivia Col Margherita che collega in pochi minuti l\u2019omonima cima (a 2.514 m, dove si trova il nuovo rifugio InAlto) al Passo San Pellegrino.\u00a0Ad attendere amanti della montagna e turisti non vi saranno per\u00f2 solo pareti di roccia, campanili, valli e pendii ameni. Il comprensorio ha gi\u00e0 in programma una serie di eventi da realizzare nel pieno rispetto delle normative in materia di Covid 19. Il 21 giugno, a partire dalle 7.30, in diretta streaming dal Col Margherita una lezione di yoga durante l\u2019eclissi anulare di sole che si verifica ogni 19 anni.\u00a0Dal 4 luglio, va in scena l\u2019arte in alta quota con l\u2019esposizione delle opere del museo Murer di Falcade: le creazioni dello scultore Augusto Murer saranno infatti posizionate in diversi punti delle Dolomiti: dal Col Margherita (dove si trova il nuovo e panoramico rifugio InAlto) al Bosco degli Artisti nella Valle del Biois, fino al centro di Falcade. Il 7 agosto 2020, alle ore 10.30, a Falcade presso il Bosco degli Artisti si terr\u00e0 il concerto \u201cLa mia Terra\u201d che porter\u00e0, in questo straordinario palcoscenico naturale, 54 elementi dell\u2019Orchestra Ritmico Sinfonica Italiana, diretti dal Maestro Diego Basso e giovani coristi del Children, Teen and Young Choirs dell\u2019Art Voice Academy di Castelfranco Veneto (TV).<\/p>\n<p>&nbsp;<\/p>\n<p>&nbsp;<\/p>\n<hr \/>\n<p>&nbsp;<\/p>\n<blockquote>\n<h3>RIAPERTURA IMPIANTI A FUNE, MINISTERO AUTORIZZA LE REGIONI A INTERVENIRE. UNCEM: NOTIZIA POSITIVA PER LA STAGIONE TURISTICA ESTIVA. AL LAVORO SULLA STAGIONE INVERNALE<\/h3>\n<\/blockquote>\n<p><strong><a class=\"dt-pswp-item\" href=\"https:\/\/www.radiopiu.net\/wordpress\/wp-content\/uploads\/2020\/04\/UNCEM.jpg\" data-dt-img-description=\"\" data-large_image_width=\"500\" data-large_image_height=\"500\"><img loading=\"lazy\" decoding=\"async\" class=\"size-medium wp-image-133399 alignleft\" src=\"https:\/\/www.radiopiu.net\/wordpress\/wp-content\/uploads\/2020\/04\/UNCEM-300x300.jpg\" alt=\"\" width=\"300\" height=\"300\" srcset=\"https:\/\/www.radiopiu.net\/wordpress\/wp-content\/uploads\/2020\/04\/UNCEM-300x300.jpg 300w, https:\/\/www.radiopiu.net\/wordpress\/wp-content\/uploads\/2020\/04\/UNCEM-150x150.jpg 150w, https:\/\/www.radiopiu.net\/wordpress\/wp-content\/uploads\/2020\/04\/UNCEM.jpg 500w\" sizes=\"auto, (max-width: 300px) 100vw, 300px\" \/><\/a>ROMA<\/strong> &#8220;<em>Saranno le\u00a0Regioni, nell&#8217;ambito delle rispettive competenze, ad attivarsi per sbloccare la\u00a0riapertura degli impianti di risalita in montagna, assicurando\u00a0 la ripresa delle attivit\u00e0 turistiche, trasportistiche e commerciali verso la stagione estiva. Ringrazio\u00a0il Ministero delle Infrastrutture e dei Trasporti, per la nota firmata dal Capo di gabinetto del Ministro Alberto Stancanelli, e ringrazio per il lavoro il Consigliere del Governo per la Montagna Enrico Borghi, che ha sbloccato le riaperture, come anche Uncem e le Associazioni degli Impiantisti, in primis Arpiet, Anef, Federfuni, avevano sollecitato. Le Regioni interessate possono introdurre da subito misure derogatorie rispetto a quelle disposte con Dpcm 33 del 16 maggio 2020, che aveva stabilito che gli impianti a fune dovevano restare chiusi fino al 14 giugno 2020. Con Borghi, Uncem ringrazia anche i Ministri Boccia e De Micheli. Ora gli impiantisti definiranno regole per la prevenzione sanitaria e del contagio, e lavoreranno per programmare la stagione estiva, forte di una ottima previsione sui flussi turistici, ma anche quella invernale. Uncem e tutto il sistema degli Enti locali saranno al loro fianco<\/em>&#8220;. Cos\u00ec Marco Bussone, Presidente nazionale Uncem, in merito alla riapertura degli impianti a fune.<\/p>\n<p>&nbsp;<\/p>\n<p>&nbsp;<\/p>\n<hr \/>\n<p>&nbsp;<\/p>\n<h3><span style=\"color: #ff6600;\">QUATRO CIACOLE SU AGORT<\/span><\/h3>\n<blockquote class=\"wp-embedded-content\" data-secret=\"YEOwPdcsp8\"><p><a href=\"https:\/\/www.radiopiu.net\/wordpress\/quatro-ciacole-su-agort-quattrordicesima-puntata-con-federica-la-casa-oggi-farmacia\/\">QUATRO CIACOLE SU AGORT, QUATTRORDICESIMA PUNTATA CON FEDERICA &#8220;LA CASA OGGI FARMACIA&#8221;<\/a><\/p><\/blockquote>\n<p><iframe loading=\"lazy\" title=\"&#8220;QUATRO CIACOLE SU AGORT, QUATTRORDICESIMA PUNTATA CON FEDERICA &#8220;LA CASA OGGI FARMACIA&#8221;&#8221; &#8212; Radio Pi\u00f9\" class=\"wp-embedded-content\" sandbox=\"allow-scripts\" security=\"restricted\" style=\"position: absolute; clip: rect(1px, 1px, 1px, 1px);\" src=\"https:\/\/www.radiopiu.net\/wordpress\/quatro-ciacole-su-agort-quattrordicesima-puntata-con-federica-la-casa-oggi-farmacia\/embed\/#?secret=YEOwPdcsp8\" data-secret=\"YEOwPdcsp8\" width=\"600\" height=\"338\" frameborder=\"0\" marginwidth=\"0\" marginheight=\"0\" scrolling=\"no\"><\/iframe><\/p>\n<p>&nbsp;<\/p>\n<p><strong>LE ALTRE PUNTATE<\/strong><\/p>\n<blockquote class=\"wp-embedded-content\" data-secret=\"3F9J8JzYfH\"><p><a href=\"https:\/\/www.radiopiu.net\/wordpress\/quatro-ciacole-su-agort\/\">Quatro ci\u00e0cole su Agort<\/a><\/p><\/blockquote>\n<p><iframe loading=\"lazy\" title=\"&#8220;Quatro ci\u00e0cole su Agort&#8221; &#8212; Radio Pi\u00f9\" class=\"wp-embedded-content\" sandbox=\"allow-scripts\" security=\"restricted\" style=\"position: absolute; clip: rect(1px, 1px, 1px, 1px);\" src=\"https:\/\/www.radiopiu.net\/wordpress\/quatro-ciacole-su-agort\/embed\/#?secret=3F9J8JzYfH\" data-secret=\"3F9J8JzYfH\" width=\"600\" height=\"338\" frameborder=\"0\" marginwidth=\"0\" marginheight=\"0\" scrolling=\"no\"><\/iframe><\/p>\n<p>&nbsp;<\/p>\n<hr \/>\n<p>&nbsp;<\/p>\n<blockquote class=\"wp-embedded-content\" data-secret=\"3OD93PVN5j\"><p><a href=\"https:\/\/www.radiopiu.net\/wordpress\/atefulgore-la-boa-in-val-misaga-nel-racconto-di-albino-mezzacasa-di-renato-bona\/\">\u201cATEF\u00d9LGORE. LA B\u00d2A IN VAL MIS\u00c0GA\u201d NEL RACCONTO DI ALBINO MEZZACASA di Renato Bona<\/a><\/p><\/blockquote>\n<p><iframe loading=\"lazy\" title=\"&#8220;\u201cATEF\u00d9LGORE. LA B\u00d2A IN VAL MIS\u00c0GA\u201d NEL RACCONTO DI ALBINO MEZZACASA di Renato Bona&#8221; &#8212; Radio Pi\u00f9\" class=\"wp-embedded-content\" sandbox=\"allow-scripts\" security=\"restricted\" style=\"position: absolute; clip: rect(1px, 1px, 1px, 1px);\" src=\"https:\/\/www.radiopiu.net\/wordpress\/atefulgore-la-boa-in-val-misaga-nel-racconto-di-albino-mezzacasa-di-renato-bona\/embed\/#?secret=3OD93PVN5j\" data-secret=\"3OD93PVN5j\" width=\"600\" height=\"338\" frameborder=\"0\" marginwidth=\"0\" marginheight=\"0\" scrolling=\"no\"><\/iframe><\/p>\n<p>&nbsp;<\/p>\n<hr \/>\n<p>&nbsp;<\/p>\n<h2>IERI ALLA RADIO<\/h2>\n<h3><img loading=\"lazy\" decoding=\"async\" class=\"size-medium wp-image-142580 alignleft\" src=\"https:\/\/www.radiopiu.net\/wordpress\/wp-content\/uploads\/2020\/06\/GELATOMANIA-225x300.jpg\" alt=\"\" width=\"225\" height=\"300\" srcset=\"https:\/\/www.radiopiu.net\/wordpress\/wp-content\/uploads\/2020\/06\/GELATOMANIA-225x300.jpg 225w, https:\/\/www.radiopiu.net\/wordpress\/wp-content\/uploads\/2020\/06\/GELATOMANIA-768x1024.jpg 768w, https:\/\/www.radiopiu.net\/wordpress\/wp-content\/uploads\/2020\/06\/GELATOMANIA-1152x1536.jpg 1152w, https:\/\/www.radiopiu.net\/wordpress\/wp-content\/uploads\/2020\/06\/GELATOMANIA.jpg 1536w\" sizes=\"auto, (max-width: 225px) 100vw, 225px\" \/><span style=\"color: #00ccff;\">ROBIN COSTA, GELATOMANIA VAL FIORENTINA E CENCENIGHE<\/span><\/h3>\n<p><strong>di Claudio Fontanive\u00a0<\/strong><\/p>\n<audio class=\"wp-audio-shortcode\" id=\"audio-142573-7\" preload=\"none\" style=\"width: 100%;\" controls=\"controls\"><source type=\"audio\/mpeg\" src=\"https:\/\/www.radiopiu.net\/wordpress\/wp-content\/uploads\/2020\/06\/robin-costa-gelatomania-gelateria-val-biorentina-05-giugno.mp3?_=7\" \/><a href=\"https:\/\/www.radiopiu.net\/wordpress\/wp-content\/uploads\/2020\/06\/robin-costa-gelatomania-gelateria-val-biorentina-05-giugno.mp3\">https:\/\/www.radiopiu.net\/wordpress\/wp-content\/uploads\/2020\/06\/robin-costa-gelatomania-gelateria-val-biorentina-05-giugno.mp3<\/a><\/audio>\n<p>&nbsp;<\/p>\n<p>&nbsp;<\/p>\n<hr \/>\n<p>&nbsp;<\/p>\n<h3><a class=\"dt-pswp-item\" href=\"https:\/\/www.radiopiu.net\/wordpress\/wp-content\/uploads\/2020\/05\/solidariet\u00e0-veneto.jpg\" data-dt-img-description=\"\" data-large_image_width=\"1373\" data-large_image_height=\"961\"><img loading=\"lazy\" decoding=\"async\" class=\"size-medium wp-image-134366 alignleft\" src=\"https:\/\/www.radiopiu.net\/wordpress\/wp-content\/uploads\/2020\/05\/solidariet\u00e0-veneto-300x210.jpg\" alt=\"\" width=\"300\" height=\"210\" srcset=\"https:\/\/www.radiopiu.net\/wordpress\/wp-content\/uploads\/2020\/05\/solidariet\u00e0-veneto-300x210.jpg 300w, https:\/\/www.radiopiu.net\/wordpress\/wp-content\/uploads\/2020\/05\/solidariet\u00e0-veneto-1024x717.jpg 1024w, https:\/\/www.radiopiu.net\/wordpress\/wp-content\/uploads\/2020\/05\/solidariet\u00e0-veneto-768x538.jpg 768w, https:\/\/www.radiopiu.net\/wordpress\/wp-content\/uploads\/2020\/05\/solidariet\u00e0-veneto.jpg 1373w\" sizes=\"auto, (max-width: 300px) 100vw, 300px\" \/><\/a><span style=\"color: #99cc00;\">SPECIALE SOLIDARIET\u00c0 VENETO<\/span><\/h3>\n<p><strong>di Claudio Fontanive<\/strong><\/p>\n<audio class=\"wp-audio-shortcode\" id=\"audio-142573-8\" preload=\"none\" style=\"width: 100%;\" controls=\"controls\"><source type=\"audio\/mpeg\" src=\"https:\/\/www.radiopiu.net\/wordpress\/wp-content\/uploads\/2020\/06\/solidarieta-veneto-giugno.mp3?_=8\" \/><a href=\"https:\/\/www.radiopiu.net\/wordpress\/wp-content\/uploads\/2020\/06\/solidarieta-veneto-giugno.mp3\">https:\/\/www.radiopiu.net\/wordpress\/wp-content\/uploads\/2020\/06\/solidarieta-veneto-giugno.mp3<\/a><\/audio>\n<p>&nbsp;<\/p>\n<hr \/>\n<h3><span style=\"color: #ff0000;\">DUE MINUTI UN LIBRO<\/span><\/h3>\n<blockquote class=\"wp-embedded-content\" data-secret=\"7hdPxh7oTI\"><p><a href=\"https:\/\/www.radiopiu.net\/wordpress\/la-fiamma-nel-buio\/\">LA FIAMMA NEL BUIO<\/a><\/p><\/blockquote>\n<p><iframe loading=\"lazy\" title=\"&#8220;LA FIAMMA NEL BUIO&#8221; &#8212; Radio Pi\u00f9\" class=\"wp-embedded-content\" sandbox=\"allow-scripts\" security=\"restricted\" style=\"position: absolute; clip: rect(1px, 1px, 1px, 1px);\" src=\"https:\/\/www.radiopiu.net\/wordpress\/la-fiamma-nel-buio\/embed\/#?secret=7hdPxh7oTI\" data-secret=\"7hdPxh7oTI\" width=\"600\" height=\"338\" frameborder=\"0\" marginwidth=\"0\" marginheight=\"0\" scrolling=\"no\"><\/iframe><\/p>\n<p><strong>LE ALTRE PUNTATE<\/strong><\/p>\n<p><iframe loading=\"lazy\" class=\"wp-embedded-content\" title=\"\u201cDue minuti un libro\u201d \u2014 Radio Pi\u00f9\" src=\"https:\/\/www.radiopiu.net\/wordpress\/due-minuti-un-libro\/embed\/#?secret=xOuCU0dfwv\" width=\"600\" height=\"251\" frameborder=\"0\" marginwidth=\"0\" marginheight=\"0\" scrolling=\"no\" sandbox=\"allow-scripts\" data-secret=\"xOuCU0dfwv\" data-mce-fragment=\"1\"><\/iframe><\/p>\n<h3><span style=\"color: #339966;\">AGORDINOMERON<\/span><\/h3>\n<p><iframe loading=\"lazy\" class=\"wp-embedded-content\" title=\"\u201cAGORDINOMERON, IL TERRITORIO SI RACCONTA Da un\u2019idea di Gianni Santomaso\u201d \u2014 Radio Pi\u00f9\" src=\"https:\/\/www.radiopiu.net\/wordpress\/agordinomeron\/embed\/#?secret=xS6Ggz5JcN\" width=\"600\" height=\"346\" frameborder=\"0\" marginwidth=\"0\" marginheight=\"0\" scrolling=\"no\" sandbox=\"allow-scripts\" data-secret=\"xS6Ggz5JcN\" data-mce-fragment=\"1\"><\/iframe><\/p>\n<h3><span style=\"color: #0000ff;\">IL MESSAGGIO DEI SACERDOTI A RADIO PIU\u2019<\/span><\/h3>\n<p><iframe loading=\"lazy\" class=\"wp-embedded-content\" title=\"\u201cDON CESARE SU RADIO PIU\u2019 ALLE 7.30 E 19.30, PARROCCHIE DI AGORDO, LA VALLE E TAIBON\u201d \u2014 Radio Pi\u00f9\" src=\"https:\/\/www.radiopiu.net\/wordpress\/chiesa\/embed\/#?secret=bYFn7SGIwr\" width=\"600\" height=\"381\" frameborder=\"0\" marginwidth=\"0\" marginheight=\"0\" scrolling=\"no\" sandbox=\"allow-scripts\" data-secret=\"bYFn7SGIwr\" data-mce-fragment=\"1\"><\/iframe><\/p>\n<p>&nbsp;<\/p>\n<hr \/>\n<p>&nbsp;<\/p>\n<p><strong class=\"photoswipe-wrapper\"><a class=\"dt-pswp-item pspw-wrap-ready\" href=\"https:\/\/i0.wp.com\/www.radiopiu.net\/wordpress\/wp-content\/uploads\/2018\/09\/viabilita.jpeg?ssl=1\" data-dt-img-description=\"\" data-large_image_width=\"800\" data-large_image_height=\"100\"><img loading=\"lazy\" decoding=\"async\" class=\"aligncenter wp-image-61954 size-full jetpack-lazy-image jetpack-lazy-image--handled\" src=\"https:\/\/i0.wp.com\/www.radiopiu.net\/wordpress\/wp-content\/uploads\/2018\/09\/viabilita.jpeg?resize=800%2C100&amp;ssl=1\" sizes=\"auto, (max-width: 800px) 100vw, 800px\" srcset=\"https:\/\/i0.wp.com\/www.radiopiu.net\/wordpress\/wp-content\/uploads\/2018\/09\/viabilita.jpeg?w=800&amp;ssl=1 800w, https:\/\/i0.wp.com\/www.radiopiu.net\/wordpress\/wp-content\/uploads\/2018\/09\/viabilita.jpeg?resize=300%2C38&amp;ssl=1 300w, https:\/\/i0.wp.com\/www.radiopiu.net\/wordpress\/wp-content\/uploads\/2018\/09\/viabilita.jpeg?resize=768%2C96&amp;ssl=1 768w\" alt=\"\" width=\"800\" height=\"100\" data-lazy-loaded=\"1\" \/><\/a><\/strong><\/p>\n<p><strong>\u00a0<\/strong><\/p>\n<p>PROVINCIALE 20 DELLA VAL FIORENTINA, SELVA DI CADORE: FINO AL 13 GIUGNO, CHIUSURA TOTALE TRA SOLATOR E IL CENTRO DEL PAESE ANCHE NEI GIORNI FESTIVI E PREFESTIVI, DAL CHILOMETRO 4.850 AL CHILOMETRO 5.100. TRANSITO CONSENTITO AI LOCALI CON TEMPI DI ATTESA MASSIMI STIMATI IN 30 MINUTI IN LOCALITA\u2019 SOLATOR DAL CHILOMETRO 4.400 AL CHILOMETRO 4.850<\/p>\n<p>REGIONALE 48 DELLE DOLOMITI, LOCALIT\u00c0 POCOL INIZIO ABITATO CORTINA,FINO\u00a0 AL 12 GIUGNO SEMAFORO PER TRATTI DI 250 METRI ANCHE NEI GIORNI FESTIVI E PREFESTIVI<\/p>\n<p>REGIONALE 203 AGORDINA FINO AL 15 GIUGNO IN LOCALIT\u00c0 LA MUDA DEVIAZIONE SU VIABILIT\u00c0 PROVVISORIA, PRUDENZA<\/p>\n<p>PROVINCIALE 12 PEDEMONTANA LOCALIT\u00c0 PONTE MAS, CHIUSURA TOTALE DI PONTE MAS FINO\u00a0 AL 30 GIUGNO<\/p>\n<p>STRADA REGIONALE 48 DELLE DOLOMITI, DAL KM 110,350 AL KM 112, SENSO UNICO ALTERNATO REGOLATO DA IMPIANTO SEMAFORICO ANCHE SABATO E FESTIVI FINO\u00a0 AL 30 GIUGNO PER POSA ELETTRODOTTO INTERRATO<\/p>\n<p>PROVINCIALE 563 DI SALESEI, FINO\u00a0 AL 3 LUGLIO, SENSO UNICO ALTERNATO REGOLATO DA IMPIANTO SEMAFORICO IN LOCALIT\u00c0 DIGONERA PER MESSA IN SICUREZZA PIANO VIABILE, SABATO E FESTIVI INCLUSI<\/p>\n<p>REGIONALE 203 AGORDINA, CANDATEN-LA STANGA, FINO\u00a0 AL 30 GIUGNO INCLUSI SABATO E DOMENICA DALLE 7.30 ALLE 9 E DALLE 16.30 ALLE 18 SENSO UNICO ALTERNATO CON MOVIERI, NEGLI ALTRI PERIODI SENSO UNICO CON SEMAFORO.<\/p>\n<p>PROVINCIALE 563 DI SALESEI, FINO AL\u00a0 19 GIUGNO, DOMENICHE E FESTIVI ESCLUSI, SENSO UNICO ALTERNATO REGOLATO DA IMPIANTO SEMAFORICO E POSSIBILI BREVI INTERRUZIONI AL TRAFFICO DI 15 MINUTI PER MESSA IN SICUREZZA VERSANTE A MONTE DELLA STRADA<\/p>\n<p>STRADA PROVINCIALE 346 DEL SAN PELLEGRINO, NEI COMUNI DI FALCADE, CANALE E VALLADA, FINO\u00a0 AL 3 LUGLIO, INCLUSI SABATI E DOMENICHE, POSSIBILE ISTITUZIONE DI SENSO UNICO ALTERNATO REGOLATO DA MOVIERI PER SOSTITUZIONE CONDUTTORI E MANUTENZIONE LINEA ELETTRICA ALTA TENSIONE<\/p>\n<p>REGIONALE 203 AGORDINA, NEL COMUNE DI CENCENIGHE, FINO\u00a0 AL 3 LUGLIO, INCLUSI SABATI E DOMENICHE, POSSIBILE ISTITUZIONE DI SENSO UNICO ALTERNATO REGOLATO DA MOVIERI PER SOSTITUZIONE CONDUTTORI E MANUTENZIONE LINEA ELETTRICA ALTA TENSIONE<\/p>\n<p>STRADA PROVINCIALE 422 DELL\u2019ALPAGO E DEL CANSIGLIO, FINO AL\u00a0 19 GIUGNO, DALLE 8 ALLE 19, SENSO UNICO ALTERNATO REGOLATO DA IMPIANTO SEMAFORICO O MOVIERE PER POSA FIBRA OTTICA<\/p>\n<p>STRADA PROVINCIALE 346 DEL SAN PELLEGRINO, NEL COMUNE DI VALLADA AGORDINA\u00a0 FINO AL\u00a0 19 GIUGNO SENSO UNICO ALTERNATO REGOLATO DA IMPIANTO SEMAFORICO PER MESSA IN SICUREZZA BARRIERE DI PROTEZIONE LATERALI<\/p>\n<p>STRADA REGIONA 203 AGORDINA, TRA MAS DI SEDICO E CERNADOI SU TRATTI SALTUARI DI STRADA, FINO\u00a0 AL 30 GIUGNO, ESCLUSO SABATO E DOMENICA, SENSO UNICO ALTERNATO REGOLATO DA IMPIANTO SEMAFORICO PER MESSA IN SICUREZZA BARRIERE DI PROTEZIONE LATERALI<\/p>\n<p>STRADA PROVINCIALE 347 DEL PASSO CEREDA E DURAN, NEL COMUNE DI GOSALDO (LOC. SANT\u2019ANDREA),\u00a0 FINO\u00a0 AL 20 GIUGNO SENSO UNICO ALTERNATO REGOLATO DA IMPIANTO SEMAFORICO PER MESSA IN SICUREZZA DELLA STRADA<\/p>\n<p>STRADA PROVINCIALE 347 DEL PASSO CEREDA E DURAN, NEL COMUNE DI AGORDO, FINO\u00a0 AL 12 GIUGNO SENSO UNICO ALTERNATO REGOLATO DA IMPIANTO SEMAFORICO PER POSA FIBRA OTTICA<\/p>\n<p>STRADA REGIONALE 48 DELLE DOLOMITI, NEL COMUNE DI LIVINALLONGO DEL COL DI LANA IN LOCALITA\u2019 ANDRAZ, FINO\u00a0 AL 30 GIUGNO SENSO UNICO ALTERNATO REGOLATO DA IMPIANTO SEMAFORICO O MOVIERE CON POSSIBILI BREVI INTERRUZIONI TOTALI AL TRAFFICO DELLA DURATA MASSIMA DI 10 MINUTI, PER LAVORI DI MESSA IN SICUREZZA DEL VERSANTE<\/p>\n<p>STRADA PROVINCIALE 641 DEL PASSO FEDAIA, A SOTTOGUDA DI ROCCA PIETORE, DALL\u2019 8 AL 19 GIUGNO, DALLE 7 ALLE 12 E DALLE 13 ALLE 18 ESCLUSI SABATO E DOMENICA, SENSO UNICO ALTERNATO REGOLATO DA MOVIERI PER RIPRISTINO PIANO VIABILE SU CAVIDOTTO MEDIA TENSIONE.<\/p>\n<p>STRADA PROVINCIALE 347 DEL PASSO CEREDA E DURAN, COMUNE DI VAL DI ZOLDO LOCALITA\u2019 CORNIGIAN, FINO AL 10 GIUGNO DALLE 7 ALLE 18\u00a0SENSO UNICO ALTERNATO REGOLATO DA IMPIANTO SEMAFORICO PER RICERCHE GEOGNOSTICHE<\/p>\n<p>48 DELLE DOLOMITI, LOCALITA&#8217; ANDRAZ DI LIVINALLONGO, DALL&#8217;8 GIUGNO AL 26 GIUGNO SENSO UNICO CON SEMAFORO<\/p>\n<p>PROVINCIALE 563 DI SALESEI, LIVINALLONGO: CHIUSURA.<br \/>\nNEI GIORNI 9 E 10 GIUGNO CHIUSURA TOTALE ALLA CIRCOLARZIONE STRADALE DALLE 8 ALLE 12 E DALLE 13 ALLE 17.30 IN LOCALITA&#8217; PIAN DI SALESEI PER RIMOZIONE MASSA ROCCIOSA A MONTE DELLA STRADA. NEGLI ALTRI ORARI SENSO UNICO ALTERNATO CON SEMAFORO<\/p>\n<p>&nbsp;<\/p>\n<hr \/>\n<p>&nbsp;<\/p>\n<p class=\"photoswipe-wrapper\"><a class=\"dt-pswp-item pspw-wrap-ready\" href=\"https:\/\/i0.wp.com\/www.radiopiu.net\/wordpress\/wp-content\/uploads\/2018\/09\/WhatsApp-Image-2018-09-20-at-16.04.06.jpeg?ssl=1\" data-dt-img-description=\"\" data-large_image_width=\"800\" data-large_image_height=\"100\"><img loading=\"lazy\" decoding=\"async\" class=\"aligncenter wp-image-61378 size-full jetpack-lazy-image jetpack-lazy-image--handled\" src=\"https:\/\/i0.wp.com\/www.radiopiu.net\/wordpress\/wp-content\/uploads\/2018\/09\/WhatsApp-Image-2018-09-20-at-16.04.06.jpeg?resize=800%2C100&amp;ssl=1\" sizes=\"auto, (max-width: 800px) 100vw, 800px\" srcset=\"https:\/\/i0.wp.com\/www.radiopiu.net\/wordpress\/wp-content\/uploads\/2018\/09\/WhatsApp-Image-2018-09-20-at-16.04.06.jpeg?w=800&amp;ssl=1 800w, https:\/\/i0.wp.com\/www.radiopiu.net\/wordpress\/wp-content\/uploads\/2018\/09\/WhatsApp-Image-2018-09-20-at-16.04.06.jpeg?resize=300%2C38&amp;ssl=1 300w, https:\/\/i0.wp.com\/www.radiopiu.net\/wordpress\/wp-content\/uploads\/2018\/09\/WhatsApp-Image-2018-09-20-at-16.04.06.jpeg?resize=768%2C96&amp;ssl=1 768w\" alt=\"\" width=\"800\" height=\"100\" data-lazy-loaded=\"1\" \/><\/a><\/p>\n<p>&nbsp;<\/p>\n<p><center><b>Sabato 6<\/b><\/center><b>Tempo atteso:\u00a0<\/b>Al mattino tratti di sole in alta quota e nubi basse sulle Prealpi ed alcuni settori dolomitici, nuvolosit\u00e0 che sar\u00e0 in parziale diradamento lasciando spazio a tratti soleggiati, anche nelle valli, prima del comparire dell&#8217;attivit\u00e0 cumuliforme. la quale sar\u00e0 moderata\/forte ed associata a fenomeni convettivi al pomeriggio. Clima pi\u00f9 fresco all&#8217;alba, mentre si mitigher\u00e0 un po\u2019 in giornata, specie nei settori pi\u00f9 assolati.<br \/>\n<b>Precipitazioni:\u00a0<\/b>Per gran parte del mattino generalmente assenti (10%), dalle ore centrali in poi ripresa del instabilit\u00e0 con probabilit\u00e0 medio-alta (60\/70%) di rovesci e locali temporali. Limite dei rovesci nevosi attorno ai 2900 m. Alla sera esaurimento dei fenomeni.<br \/>\n<b>Temperature:\u00a0<\/b>Nelle valli minime stazionarie o in lieve calo in casi di schiarite notturne, in aumento in quota; massime in generale lieve ripresa. Sono previste punte di 21\/22\u00b0C nei fondovalle Prealpini e di 16\/18\u00b0C a 1000\/1200 m. Su Prealpi a 1500 m min 7\u00b0C max 13\u00b0C, a 2000 m min 5\u00b0C max 9\u00b0C. Su Dolomiti a 2000 m min 4\u00b0C max 9\u00b0C, a 3000 m min 0\u00b0C max 2\u00b0C.<br \/>\n<b>Venti:\u00a0<\/b>Nelle valli deboli di direzione variabile, anche a regime di brezza al mattino; in quota deboli\/moderati da sud-ovest, a 5-10 km\/h a 2000 m, a 15-20 km\/h a 3000 m.<\/p>\n<hr \/>\n<p><center><b>Domenica 7<\/b><\/center><b>Tempo atteso:\u00a0<\/b>Peggioramento del tempo nel corso della mattinata con cielo coperto e prime precipitazioni. Al pomeriggio\/sera intensificazione della copertura nuvolosa e del maltempo con precipitazioni sempre pi\u00f9 diffuse. Clima uggioso con debole escursione termica giornaliera.<br \/>\n<b>Precipitazioni:\u00a0<\/b>Al mattino crescente probabilit\u00e0 per primi fenomeni fino a medio-alta entro la tarda mattinata (60\/80%). Al pomeriggio precipitazioni diffuse e persistenti (90\/100%), a tratti di moderata intensit\u00e0. Non escluso brevi temporali. La neve cadr\u00e0 solo sulle cime dolomitiche pi\u00f9 alte, scendendo sui 2800 m solo in serata. Gli apporti di pioggia saranno significativi con 20\/30 mm\/24h, localmente fino a 40\/50 mm.<br \/>\n<b>Temperature:\u00a0<\/b>Minime in generale aumento; massime stazionarie in alta quota e in calo nelle valli. Sono previste punte di 18\/19\u00b0C nei fondovalle Prealpini e di 13\/15\u00b0C a 1000\/1200 m. Su Prealpi a 1500 m min 9\u00b0C max 12\u00b0C, a 2000 m min 7\u00b0C max 9\u00b0C. Su Dolomiti a 2000 m min 6\u00b0C max 9\u00b0C, a 3000 m min 1\u00b0C max 2\u00b0C.<br \/>\n<b>Venti:\u00a0<\/b>Deboli di direzione variabile nelle valli; moderati da sud-ovest in quota, a tratti tesi sui crinali prealpini e sulle vette dolomitiche pi\u00f9 alte al pomeriggio, a 10-25 km\/h a 2000 m, a 15-35 km\/h a 3000 m.<\/p>\n<hr \/>\n<p><center><b>Lunedi 8<\/b><\/center>Maltempo con cielo coperto e diffuse precipitazioni con qualche breve pausa. In ogni caso la giornata sar\u00e0 all&#8217;insegna della pioggia. Il limite della neve si manterr\u00e0 attorno ai 2800 m. Temperature senza notevoli variazioni rispetto a domenica. Venti in quota deboli da sud al mattino e da sud-est al pomeriggio; deboli di direzione variabile nelle valli.<\/p>\n<hr \/>\n<p><center><b>Martedi 9<\/b><\/center>Persistenza del cielo molto nuvoloso o coperto, salvo brevi schiarite, ed alta probabilit\u00e0 di precipitazioni, anche a carattere di rovescio. La neve cadr\u00e0 sui 2700\/2800 m, eccetto qualche sporadica imbiancata appena pi\u00f9 in basso tra la notte e il primo mattino. Temperature in leggera diminuzione. Venti deboli di direzione variabile nelle valli e deboli, a tratti moderati, da sud sud-est in quota<\/p>\n","protected":false},"excerpt":{"rendered":"<p>PER RICEVERE QUESTO NOTIZIARIO DIRETTAMENTE SUL TUO CELLULARE ISCRIVITI AL CANALE TELEGRAM\u00a0\u201cRADIO PIU\u00a0 INFORMAZIONE\u201d &nbsp; OGGI a Canale d\u2019Agordo INTERRUZIONE CORRENTE ELETTRICA TRA LE 8.30 E LE 13.00 nelle vie 20 agosto, Rividella, Mezzavilla e Lotta &nbsp; PROVINCIALE 563 DI SALESEI, LIVINALLONGO: CHIUSURA. NEI GIORNI 9 E 10 GIUGNO CHIUSURA TOTALE ALLA CIRCOLAZIONE STRADALE DALLE&hellip;<\/p>\n","protected":false},"author":4,"featured_media":142662,"comment_status":"closed","ping_status":"closed","sticky":false,"template":"","format":"standard","meta":{"_monsterinsights_skip_tracking":false,"_monsterinsights_sitenote_active":false,"_monsterinsights_sitenote_note":"","_monsterinsights_sitenote_category":0,"footnotes":""},"categories":[1,86,49],"tags":[],"class_list":["post-142573","post","type-post","status-publish","format-standard","has-post-thumbnail","hentry","category-senza-categoria","category-gr","category-news-18","category-1","category-86","category-49","description-off"],"img_url":"https:\/\/www.radiopiu.net\/wordpress\/wp-content\/uploads\/2020\/06\/48d8d6fa-ba92-4a7f-b402-4c6469ef93b1.jpg","_links":{"self":[{"href":"https:\/\/www.radiopiu.net\/wordpress\/wp-json\/wp\/v2\/posts\/142573","targetHints":{"allow":["GET"]}}],"collection":[{"href":"https:\/\/www.radiopiu.net\/wordpress\/wp-json\/wp\/v2\/posts"}],"about":[{"href":"https:\/\/www.radiopiu.net\/wordpress\/wp-json\/wp\/v2\/types\/post"}],"author":[{"embeddable":true,"href":"https:\/\/www.radiopiu.net\/wordpress\/wp-json\/wp\/v2\/users\/4"}],"replies":[{"embeddable":true,"href":"https:\/\/www.radiopiu.net\/wordpress\/wp-json\/wp\/v2\/comments?post=142573"}],"version-history":[{"count":0,"href":"https:\/\/www.radiopiu.net\/wordpress\/wp-json\/wp\/v2\/posts\/142573\/revisions"}],"wp:featuredmedia":[{"embeddable":true,"href":"https:\/\/www.radiopiu.net\/wordpress\/wp-json\/wp\/v2\/media\/142662"}],"wp:attachment":[{"href":"https:\/\/www.radiopiu.net\/wordpress\/wp-json\/wp\/v2\/media?parent=142573"}],"wp:term":[{"taxonomy":"category","embeddable":true,"href":"https:\/\/www.radiopiu.net\/wordpress\/wp-json\/wp\/v2\/categories?post=142573"},{"taxonomy":"post_tag","embeddable":true,"href":"https:\/\/www.radiopiu.net\/wordpress\/wp-json\/wp\/v2\/tags?post=142573"}],"curies":[{"name":"wp","href":"https:\/\/api.w.org\/{rel}","templated":true}]}}