{"id":142618,"date":"2020-06-05T12:27:48","date_gmt":"2020-06-05T10:27:48","guid":{"rendered":"https:\/\/www.radiopiu.net\/wordpress\/?p=142618"},"modified":"2020-06-05T13:58:38","modified_gmt":"2020-06-05T11:58:38","slug":"conferenza-stampa-del-presidente-del-veneto-luca-zaia-05-giugno-2020","status":"publish","type":"post","link":"https:\/\/www.radiopiu.net\/wordpress\/conferenza-stampa-del-presidente-del-veneto-luca-zaia-05-giugno-2020\/","title":{"rendered":"&#8220;LA PARTITA DELLE FRONTIERE E&#8217; IMPORTANTE E NON C&#8217;E&#8217; CHIAREZZA&#8221; CONFERENZA STAMPA DEL PRESIDENTE DEL VENETO LUCA ZAIA 05 GIUGNO 2020 OSPITE IL PROF. NAVALESI &#8220;Qui non siamo arrivati a dover scegliere quali pazienti salvare, in altre regioni purtroppo s\u00ec&#8221;"},"content":{"rendered":"<p><strong>VENEZIA<\/strong>\u00a0Da Marghera il\u00a0Presidente\u00a0Luca Zaia fa il punto sull\u2019emergenza Covid-19<\/p>\n<p><strong>NELLE ULTIME 24<\/strong> ORE 6 POSITIVI SU 13000 TAMPONI (720MILA DA INIZIO EPIDEMIA), TOTALE POSITIVI 19174, IN ISOLAMENTO 1145 (-80)\u00a0 RICOVERATI 347 (96 POSITIVI), TERAPIE INTENSIVE 20 (-1\u00a0 2 POSITIVI) DIMESSI 3418 (+15), TOTALE DECESSI 1938 (+4), 1389 IN OSPEDALE<\/p>\n<p>&nbsp;<\/p>\n<h2>LEGGI LA CONFERENZA DI LUCA ZAIA<\/h2>\n<p><em>Non esiste star li a pettinare le bambole, le frontiere vanno riaperte. L&#8217;Italia \u00e8 pronta per accogliere tutti i turisti, siamo attrezzati e pronti a partire con un piano di promozione.\u00a0<\/em><\/p>\n<p>C&#8217;\u00e8 molto interesse per l&#8217;apertura degli asilo nido e stiamo lavorando su altre linee guida per il mondo degli spettacoli, delle discoteche e sale da gioco. Le frontiere vanno aperte e non c&#8217;\u00e8 nessun segnale. Gli austriaci sono &#8220;fratelli&#8221; c&#8217;\u00e8 un unicum con questa comunit\u00e0 non \u00e8 amissibile ci siano governanti che remano contro non hanno capito cosa significhi rappresentare i loro cittadini. Non siamo gli untori d&#8217;Europa. Abbiamo avuto la sfortuna ma anche il grande merito di aver provato il coronavirus per conto del mondo occidentale perch\u00e9 siamo stati i primi, abbiamo messo in piedi 1200 letti di sub intensiva ad esempio oltre ai covid center. Sperimentati e decisi quando ancora non c&#8217;erano le istruzioni per l&#8217;uso.<\/p>\n<h2>DOMANDE<\/h2>\n<p><strong>MES DA ACCELERARE E REVOCA DELLA LIBERA PER IL TAGLIO DEI POSTI LETTO<\/strong> La Regione non taglia i posti letto ma si adegua ai decreti ministeriali. Come la fandonia che avevamo dimezzato le terapia intensive. RIspetto al Mes non lo decide la Regione ma il Governo e ci dicano se l&#8217;acettano. Esprimo la mia considerazione una volta visti i vincoli. Oggi sento notizie spesso contrastanti su questa partita.<\/p>\n<p>BOTTA E RISPOSTA CON BERSANI L&#8217;ex segretario del Pd a Cartabianca ipotizzando un Governo di centro destra: <em>\u00abviene il dubbio che se avessero governato loro non sarebbero bastati i cimiteri\u00bb. La replica di Zaia: \u00abServe rispetto per i morti, di fronti a questi numeri i avrei evitato. Spero che sia solo una infelice uscita. &#8220;prima de parlar tasi&#8221;, si dice in Vneeto, \u00e8 un adagio valido sempre\u00bb.<\/em><\/p>\n<h2>L&#8217;OSPITE A MARGHERA<\/h2>\n<p><em>Il professor Paolo Navalesi, direttore dell&#8217;Istituto di Anestesia e Rianimazione in Azienda ospedaliera a Padova,\u00a0 il primo a dire che non si trattava solo di polmonite ma che il Covid causava anche trombosi.\u00a0<\/em><\/p>\n<blockquote><p><em>La terapia intensiva \u00e8 la sconfitta del sistema, significa che qualche cosa non ha funzionato prima. Abbiamo avuto un rapporto del 20%, oggi abbiamo 2 positivi su 20 ricoverati in terapia intensiva \u00a0devo dar ragione a Zangrillo, in questo senso, il problema non esiste pi\u00f9. Ho pi\u00f9 pazienti con infezioni batteriche di quanti non ne abbia con il problema del Covid. Il problema \u00e8 sotto controllo e dobbiamo continuare a tenerlo tale. Quello che ho visto spero di non rivederlo pi\u00f9. Non \u00e8 stata\u00a0 una polmonite. Ricordo bene quei giorni, avevo avuto confronti con i colleghi di Wuhan e Boston il 16 febbraio ero a Berlino, il 19 ero a Riad, e devo dirvi che nulla di quello che \u00e8 successo me lo sarei aspettato. Questo virus \u00e8 stato imprevedibile.<\/em><\/p><\/blockquote>\n<p>Mi sentivo tutti i giorni con i colleghi di Milano una settimana davanti a noi, abbiamo fatto tesoro della loro esperienza. Abbiamo fatto tutti i calcoli per programmare sulla scorta di quello che succedeva in Lombardia. Mi \u00e8 stato richiesto di produrre le linee guida tradotte in una scaletta da seguire. Ci sono stati errori condivisi con il mondo sanitario nazionale e internazionale. Il 2 marzo abbiamo visto che per la prima volta avevamo problemi di letti, avevamo problemi a ricoverare pazienti ed \u00e8 stato fatto un ragionamento importante e condiviso, in Lombardia hanno riempito le terapie intensive gestendo poi i pazienti in sub intensive con procedure meno invasive, per colpa del mio protocollo stavo ricevendo malati che potevano essere gestiti in una situazione intermedia e qui si siamo inventati un&#8217;intercapedine tra terapia intensiva e sub intensiva, da li&#8217; cambiano le indicazioni regionali e si introduce la fase intermedia. Qui abbiamo avuto la svolta. Cosi&#8217; il Veneto ha risposto al problema della terapia intensiva. Come clinico non ho mai avuto il problema di non ricoverare il paziente per la mancanza di letti.<\/p>\n<p><strong>RICORDI CHE MORDONO<\/strong><\/p>\n<p>Ricordo il primo morto, un signore che abbiamo messo in respirazione non invasiva, ed eravamo a un passo dalla sua salvezza. Non lo dimenticher\u00f2 e rifarei le stesse scelte. La proporzionalit\u00e0 delle cure \u00e8 sempre importante e lo \u00e8 stato anche in questa pandemia.<\/p>\n<p><strong>E&#8217; POSSIBILE FARE PREVISIONI?<\/strong><\/p>\n<p>Chiunque faccia una previsione oggi su quello che succeder\u00e0 ad ottobre, per me \u00e8 un demente. Zangrillo ha detto una cosa vera: clinicamente morto, cio\u00e8 ci sono 2 pazienti Covid in terapia intensiva. Io non so quello che succeder\u00e0, non sono un virologo e affronto i problemi che conosco, a livello di terapia intensiva qualcosa di pi\u00f9 lo stiamo capendo, grazie ai dati e ad oggi abbiamo la situazione sotto controllo. Noi oggi non possiamo pi\u00f9 lavorare come &#8220;isole&#8221;, abbiamo una rete di terapie intensive che se lavorano insieme producono risultati clinici e scientifici.<\/p>\n<p><strong>QUALI CONSEGUENZE PER I MALATI COVID?<\/strong><\/p>\n<p>Il 30% dei nostri malati\u00a0 una volta fuori dalla terapia intensiva ha avuto problemi neurologici seri, \u00a0ma \u00e8 andato tutto bene. Sputavano agli infermieri, erano fuori di testa, ma sono tornati alla normalit\u00e0. Il danno che d\u00e0 il Covid non \u00e8 conosciuto, \u00e8 vero che dalle Tac, a distanza di tempo, si sono visti problemi, i pazienti dovranno essere tenuti sotto controllo.<\/p>\n<p>&nbsp;<\/p>\n<p>&nbsp;<\/p>\n<p>&nbsp;<\/p>\n<p>https:\/\/www.facebook.com\/zaiaufficiale\/videos\/458588888321370<\/p>\n","protected":false},"excerpt":{"rendered":"<p>VENEZIA\u00a0Da Marghera il\u00a0Presidente\u00a0Luca Zaia fa il punto sull\u2019emergenza Covid-19 NELLE ULTIME 24 ORE 6 POSITIVI SU 13000 TAMPONI (720MILA DA INIZIO EPIDEMIA), TOTALE POSITIVI 19174, IN ISOLAMENTO 1145 (-80)\u00a0 RICOVERATI 347 (96 POSITIVI), TERAPIE INTENSIVE 20 (-1\u00a0 2 POSITIVI) DIMESSI 3418 (+15), TOTALE DECESSI 1938 (+4), 1389 IN OSPEDALE &nbsp; LEGGI LA CONFERENZA DI LUCA&hellip;<\/p>\n","protected":false},"author":4,"featured_media":121391,"comment_status":"closed","ping_status":"closed","sticky":false,"template":"","format":"standard","meta":{"_monsterinsights_skip_tracking":false,"_monsterinsights_sitenote_active":false,"_monsterinsights_sitenote_note":"","_monsterinsights_sitenote_category":0,"footnotes":""},"categories":[49],"tags":[],"class_list":["post-142618","post","type-post","status-publish","format-standard","has-post-thumbnail","hentry","category-news-18","category-49","description-off"],"img_url":"https:\/\/www.radiopiu.net\/wordpress\/wp-content\/uploads\/2020\/03\/covid-zaia.jpg","_links":{"self":[{"href":"https:\/\/www.radiopiu.net\/wordpress\/wp-json\/wp\/v2\/posts\/142618","targetHints":{"allow":["GET"]}}],"collection":[{"href":"https:\/\/www.radiopiu.net\/wordpress\/wp-json\/wp\/v2\/posts"}],"about":[{"href":"https:\/\/www.radiopiu.net\/wordpress\/wp-json\/wp\/v2\/types\/post"}],"author":[{"embeddable":true,"href":"https:\/\/www.radiopiu.net\/wordpress\/wp-json\/wp\/v2\/users\/4"}],"replies":[{"embeddable":true,"href":"https:\/\/www.radiopiu.net\/wordpress\/wp-json\/wp\/v2\/comments?post=142618"}],"version-history":[{"count":0,"href":"https:\/\/www.radiopiu.net\/wordpress\/wp-json\/wp\/v2\/posts\/142618\/revisions"}],"wp:featuredmedia":[{"embeddable":true,"href":"https:\/\/www.radiopiu.net\/wordpress\/wp-json\/wp\/v2\/media\/121391"}],"wp:attachment":[{"href":"https:\/\/www.radiopiu.net\/wordpress\/wp-json\/wp\/v2\/media?parent=142618"}],"wp:term":[{"taxonomy":"category","embeddable":true,"href":"https:\/\/www.radiopiu.net\/wordpress\/wp-json\/wp\/v2\/categories?post=142618"},{"taxonomy":"post_tag","embeddable":true,"href":"https:\/\/www.radiopiu.net\/wordpress\/wp-json\/wp\/v2\/tags?post=142618"}],"curies":[{"name":"wp","href":"https:\/\/api.w.org\/{rel}","templated":true}]}}