{"id":142686,"date":"2020-06-05T23:59:40","date_gmt":"2020-06-05T21:59:40","guid":{"rendered":"https:\/\/www.radiopiu.net\/wordpress\/?p=142686"},"modified":"2020-06-05T15:26:52","modified_gmt":"2020-06-05T13:26:52","slug":"arabba-ai-blocchi-di-partenza-lestate-2020","status":"publish","type":"post","link":"https:\/\/www.radiopiu.net\/wordpress\/arabba-ai-blocchi-di-partenza-lestate-2020\/","title":{"rendered":"ARABBA: AI BLOCCHI DI PARTENZA L\u2019ESTATE 2020"},"content":{"rendered":"<p><a class=\"dt-pswp-item\" href=\"https:\/\/www.radiopiu.net\/wordpress\/wp-content\/uploads\/2020\/06\/Arabba_ph.credit_Roberto-Grones-scaled.jpg\" data-dt-img-description=\"DCIM100MEDIADJI_0018.JPG\" data-large_image_width=\"2560\" data-large_image_height=\"1920\"><img loading=\"lazy\" decoding=\"async\" class=\"alignleft wp-image-142687 size-medium\" src=\"https:\/\/www.radiopiu.net\/wordpress\/wp-content\/uploads\/2020\/06\/Arabba_ph.credit_Roberto-Grones-300x225.jpg\" alt=\"\" width=\"300\" height=\"225\" srcset=\"https:\/\/www.radiopiu.net\/wordpress\/wp-content\/uploads\/2020\/06\/Arabba_ph.credit_Roberto-Grones-300x225.jpg 300w, https:\/\/www.radiopiu.net\/wordpress\/wp-content\/uploads\/2020\/06\/Arabba_ph.credit_Roberto-Grones-1024x768.jpg 1024w, https:\/\/www.radiopiu.net\/wordpress\/wp-content\/uploads\/2020\/06\/Arabba_ph.credit_Roberto-Grones-768x576.jpg 768w, https:\/\/www.radiopiu.net\/wordpress\/wp-content\/uploads\/2020\/06\/Arabba_ph.credit_Roberto-Grones-1536x1152.jpg 1536w, https:\/\/www.radiopiu.net\/wordpress\/wp-content\/uploads\/2020\/06\/Arabba_ph.credit_Roberto-Grones-2048x1536.jpg 2048w\" sizes=\"auto, (max-width: 300px) 100vw, 300px\" \/><\/a><\/p>\n<p><strong>ARABBA<\/strong>\u00a0La localit\u00e0 dolomitica a un passo dal cielo \u00e8 pronta ad accogliere gli amanti della montagna con le sue attivit\u00e0 outdoor, all\u2019insegna della sicurezza. Dal 13 giugno riaprono i primi impianti di risalita, permettendo cos\u00ec ai turisti di praticare escursioni, ferrate e trail in mountain bike, grazie anche a speciali promozioni.\u00a0Cosa ci ha lasciato il periodo di lockdown? Sicuramente la voglia di rivalutare le piccole cose e respirare di nuovo la libert\u00e0. Tra le sensazioni che mancano maggiormente agli amanti dell\u2019outdoor c\u2019\u00e8 la frizzante aria di montagna e il senso di appartenenza che si prova in un trekking in quota o l\u2019adrenalina di una discesa sulle due ruote lungo i sentieri predisposti.\u00a0Arabba, il gioiello delle Dolomiti incastonato tra il Passo Pordoi e il Passo Campolongo da una parte e la Marmolada dall\u2019altra, \u00e8 pronta a ripartire e accogliere gli amanti della montagna di qualit\u00e0.\u00a0Dal 27 giugno riapriranno anche la telecabina Fodom, che unisce Pont de Vauz a Passo Pordoi, e la seggiovia Burz, che permetter\u00e0 quindi di effettuare Sellaronda MTB Tour, ovvero il periplo del massiccio del Sella, dove Arabba rappresenta il punto di partenza ideale.<span class=\"Apple-converted-space\">\u00a0 <\/span>Fissata al 5 luglio l\u2019apertura della seggiovia che da Passo Campolongo porta al Cherz.\u00a0Insieme agli impianti riapriranno anche i rifugi.<\/p>\n","protected":false},"excerpt":{"rendered":"<p>ARABBA\u00a0La localit\u00e0 dolomitica a un passo dal cielo \u00e8 pronta ad accogliere gli amanti della montagna con le sue attivit\u00e0 outdoor, all\u2019insegna della sicurezza. Dal 13 giugno riaprono i primi impianti di risalita, permettendo cos\u00ec ai turisti di praticare escursioni, ferrate e trail in mountain bike, grazie anche a speciali promozioni.\u00a0Cosa ci ha lasciato il&hellip;<\/p>\n","protected":false},"author":4,"featured_media":142687,"comment_status":"closed","ping_status":"closed","sticky":false,"template":"","format":"standard","meta":{"_monsterinsights_skip_tracking":false,"_monsterinsights_sitenote_active":false,"_monsterinsights_sitenote_note":"","_monsterinsights_sitenote_category":0,"footnotes":""},"categories":[49],"tags":[],"class_list":["post-142686","post","type-post","status-publish","format-standard","has-post-thumbnail","hentry","category-news-18","category-49","description-off"],"img_url":"https:\/\/www.radiopiu.net\/wordpress\/wp-content\/uploads\/2020\/06\/Arabba_ph.credit_Roberto-Grones-scaled.jpg","_links":{"self":[{"href":"https:\/\/www.radiopiu.net\/wordpress\/wp-json\/wp\/v2\/posts\/142686","targetHints":{"allow":["GET"]}}],"collection":[{"href":"https:\/\/www.radiopiu.net\/wordpress\/wp-json\/wp\/v2\/posts"}],"about":[{"href":"https:\/\/www.radiopiu.net\/wordpress\/wp-json\/wp\/v2\/types\/post"}],"author":[{"embeddable":true,"href":"https:\/\/www.radiopiu.net\/wordpress\/wp-json\/wp\/v2\/users\/4"}],"replies":[{"embeddable":true,"href":"https:\/\/www.radiopiu.net\/wordpress\/wp-json\/wp\/v2\/comments?post=142686"}],"version-history":[{"count":0,"href":"https:\/\/www.radiopiu.net\/wordpress\/wp-json\/wp\/v2\/posts\/142686\/revisions"}],"wp:featuredmedia":[{"embeddable":true,"href":"https:\/\/www.radiopiu.net\/wordpress\/wp-json\/wp\/v2\/media\/142687"}],"wp:attachment":[{"href":"https:\/\/www.radiopiu.net\/wordpress\/wp-json\/wp\/v2\/media?parent=142686"}],"wp:term":[{"taxonomy":"category","embeddable":true,"href":"https:\/\/www.radiopiu.net\/wordpress\/wp-json\/wp\/v2\/categories?post=142686"},{"taxonomy":"post_tag","embeddable":true,"href":"https:\/\/www.radiopiu.net\/wordpress\/wp-json\/wp\/v2\/tags?post=142686"}],"curies":[{"name":"wp","href":"https:\/\/api.w.org\/{rel}","templated":true}]}}