{"id":142800,"date":"2020-06-07T07:53:22","date_gmt":"2020-06-07T05:53:22","guid":{"rendered":"https:\/\/www.radiopiu.net\/wordpress\/?p=142800"},"modified":"2020-06-07T10:07:44","modified_gmt":"2020-06-07T08:07:44","slug":"giornale-radiopiu-07-giugno-2020-direttore-mirko-mezzacasa","status":"publish","type":"post","link":"https:\/\/www.radiopiu.net\/wordpress\/giornale-radiopiu-07-giugno-2020-direttore-mirko-mezzacasa\/","title":{"rendered":"GIORNALE RADIOPIU 07 GIUGNO 2020 DIRETTORE MIRKO MEZZACASA"},"content":{"rendered":"<h3><strong>PER RICEVERE QUESTO NOTIZIARIO DIRETTAMENTE SUL TUO CELLULARE ISCRIVITI AL CANALE TELEGRAM\u00a0<\/strong><strong>\u201cRADIO PIU\u00a0 INFORMAZIONE\u201d\u00a0<\/strong><\/h3>\n<p>&nbsp;<\/p>\n<h2>IL RITORNO DEL PERSONAGGIO.<\/h2>\n<p>di Mirko Mezzacasa<\/p>\n<p><a class=\"dt-pswp-item\" href=\"https:\/\/www.radiopiu.net\/wordpress\/wp-content\/uploads\/2020\/06\/102563044_598922370735510_3795622584691646640_o.jpg\" data-dt-img-description=\"\" data-large_image_width=\"661\" data-large_image_height=\"960\"><img loading=\"lazy\" decoding=\"async\" class=\" wp-image-142882 alignleft\" src=\"https:\/\/www.radiopiu.net\/wordpress\/wp-content\/uploads\/2020\/06\/102563044_598922370735510_3795622584691646640_o-207x300.jpg\" alt=\"\" width=\"132\" height=\"191\" srcset=\"https:\/\/www.radiopiu.net\/wordpress\/wp-content\/uploads\/2020\/06\/102563044_598922370735510_3795622584691646640_o-207x300.jpg 207w, https:\/\/www.radiopiu.net\/wordpress\/wp-content\/uploads\/2020\/06\/102563044_598922370735510_3795622584691646640_o.jpg 661w\" sizes=\"auto, (max-width: 132px) 100vw, 132px\" \/><\/a>Carlo Budel dopo quasi tre mesi trascorsi in Asia dove era rimasto bloccato per l&#8217;emergenza Covid-19 \u00e8 finalmente riuscito a tornare in Italia, nella sua San Gregorio nelle Alpi dove rimarr\u00e0 per pochi giorni, poi riprender\u00e0 il suo lavoro a Punta Penia in cima alla Marmolada dove si \u00e8 fatto conoscere ed apprezzare non solo dal mondo degli alpinisti ma anche da quello dei social con la sua pagina facebook molto seguita. In questi mesi in molti hanno seguito con apprensione il suo incubo e le sue paure dal 4 febbraio quando \u00e8 arrivato a Bankok e fino alla notizia liberatoria di 14 ore fa\u00a0 &#8220;<em>Questa\u00a0 mattina alle 2 sono finalmente riuscito a tornare a casa&#8230;Adesso mi faccio 14 giorni di quarantena qui con il mio cane Paris e poi si va a Punta<\/em> Penia&#8221;. Carlo avrebbe dovuto rienrtare in Italia gi\u00e0 lo scorso 21 aprile ma purtroppo per lui il coronavirus lo ha segregato in casa per tutti questi giorni. Per tornare ha dovuto attendere prima &#8220;abbandonato&#8221; e poi costretto a sborsare parecchi euro per salire in aereo. Ora attendiamo di leggere il suo diario e bentornato Carlo.<\/p>\n<p>&nbsp;<\/p>\n<p>&nbsp;<\/p>\n<hr \/>\n<p>&nbsp;<\/p>\n<p><em><strong>PROVINCIALE 563 DI SALESEI, LIVINALLONGO: CHIUSURA.<\/strong><\/em><br \/>\n<em><strong>NEI GIORNI 9 E 10 GIUGNO CHIUSURA TOTALE ALLA CIRCOLAZIONE STRADALE DALLE 8 ALLE 12 E DALLE 13 ALLE 17.30 IN LOCALITA\u2019 PIAN DI SALESEI PER RIMOZIONE MASSA ROCCIOSA A MONTE DELLA STRADA. NEGLI ALTRI ORARI SENSO UNICO ALTERNATO CON SEMAFORO<\/strong><\/em><\/p>\n<p>&nbsp;<\/p>\n<hr \/>\n<p>&nbsp;<\/p>\n<blockquote>\n<h3>LA RISPOSTA DI GRONES ALLA DE DORIGO<\/h3>\n<\/blockquote>\n<p><strong><a class=\"dt-pswp-item\" href=\"https:\/\/www.radiopiu.net\/wordpress\/wp-content\/uploads\/2019\/05\/LIVINALLONGO-LEANDRO-GRONES.jpg\" data-dt-img-description=\"\" data-large_image_width=\"548\" data-large_image_height=\"768\"><img loading=\"lazy\" decoding=\"async\" class=\" wp-image-86470 alignleft\" src=\"https:\/\/www.radiopiu.net\/wordpress\/wp-content\/uploads\/2019\/05\/LIVINALLONGO-LEANDRO-GRONES-214x300.jpg\" alt=\"\" width=\"130\" height=\"182\" srcset=\"https:\/\/www.radiopiu.net\/wordpress\/wp-content\/uploads\/2019\/05\/LIVINALLONGO-LEANDRO-GRONES-214x300.jpg 214w, https:\/\/www.radiopiu.net\/wordpress\/wp-content\/uploads\/2019\/05\/LIVINALLONGO-LEANDRO-GRONES.jpg 548w\" sizes=\"auto, (max-width: 130px) 100vw, 130px\" \/><\/a>IL SINDACO DI LIVINALLONGO LEANDRO GRONES<\/strong><\/p>\n<audio class=\"wp-audio-shortcode\" id=\"audio-142800-1\" preload=\"none\" style=\"width: 100%;\" controls=\"controls\"><source type=\"audio\/mpeg\" src=\"https:\/\/www.radiopiu.net\/wordpress\/wp-content\/uploads\/2020\/06\/GRONES-PARCHEGGI-CAMPOLONGO.mp3?_=1\" \/><a href=\"https:\/\/www.radiopiu.net\/wordpress\/wp-content\/uploads\/2020\/06\/GRONES-PARCHEGGI-CAMPOLONGO.mp3\">https:\/\/www.radiopiu.net\/wordpress\/wp-content\/uploads\/2020\/06\/GRONES-PARCHEGGI-CAMPOLONGO.mp3<\/a><\/audio>\n<p>&nbsp;<\/p>\n<p><strong><a class=\"dt-pswp-item\" href=\"https:\/\/www.radiopiu.net\/wordpress\/wp-content\/uploads\/2020\/06\/SILVIA-DE-DORIGO.jpg\" data-dt-img-description=\"\" data-large_image_width=\"640\" data-large_image_height=\"640\"><img loading=\"lazy\" decoding=\"async\" class=\" wp-image-142703 alignright\" src=\"https:\/\/www.radiopiu.net\/wordpress\/wp-content\/uploads\/2020\/06\/SILVIA-DE-DORIGO-300x300.jpg\" alt=\"\" width=\"162\" height=\"162\" srcset=\"https:\/\/www.radiopiu.net\/wordpress\/wp-content\/uploads\/2020\/06\/SILVIA-DE-DORIGO-300x300.jpg 300w, https:\/\/www.radiopiu.net\/wordpress\/wp-content\/uploads\/2020\/06\/SILVIA-DE-DORIGO-150x150.jpg 150w, https:\/\/www.radiopiu.net\/wordpress\/wp-content\/uploads\/2020\/06\/SILVIA-DE-DORIGO.jpg 640w\" sizes=\"auto, (max-width: 162px) 100vw, 162px\" \/><\/a>L&#8217;INTERVENTO DEL CONSIGLIERE DI MINORANZA SILVIA DE DORIGO SUI PARCHEGGI A CAMPOLONGO<\/strong><\/p>\n<audio class=\"wp-audio-shortcode\" id=\"audio-142800-2\" preload=\"none\" style=\"width: 100%;\" controls=\"controls\"><source type=\"audio\/mpeg\" src=\"https:\/\/www.radiopiu.net\/wordpress\/wp-content\/uploads\/2020\/06\/DE-DORIGO-PARCHEGGI-CAMPOLONGO.mp3?_=2\" \/><a href=\"https:\/\/www.radiopiu.net\/wordpress\/wp-content\/uploads\/2020\/06\/DE-DORIGO-PARCHEGGI-CAMPOLONGO.mp3\">https:\/\/www.radiopiu.net\/wordpress\/wp-content\/uploads\/2020\/06\/DE-DORIGO-PARCHEGGI-CAMPOLONGO.mp3<\/a><\/audio>\n<p>&nbsp;<\/p>\n<p><strong>LA DELIBERA DELL&#8217;ULTIMO CONSIGLIO COMUNALE<\/strong><\/p>\n<a href=\"https:\/\/www.radiopiu.net\/wordpress\/wp-content\/uploads\/2020\/06\/delibera-CC-Livinallongo-19magg20-ParkCampolongo.pdf\" class=\"pdfemb-viewer\" style=\"\" data-width=\"max\" data-height=\"max\" data-toolbar=\"top\" data-toolbar-fixed=\"on\">delibera CC Livinallongo 19magg20-ParkCampolongo<\/a>\n<p>&nbsp;<\/p>\n<p>&nbsp;<\/p>\n<hr \/>\n<p>&nbsp;<\/p>\n<blockquote>\n<h3>METEO. FINO AL MATTINO DI LUNED\u00cc 8 GIUGNO STATO DI ATTENZIONE PER POSSIBILI TEMPORALI INTENSI<\/h3>\n<\/blockquote>\n<p><strong><a class=\"dt-pswp-item\" href=\"https:\/\/www.radiopiu.net\/wordpress\/wp-content\/uploads\/2020\/06\/FULMINE-METEO-MALTEMPO.jpg\" data-dt-img-description=\"\" data-large_image_width=\"1920\" data-large_image_height=\"1271\"><img loading=\"lazy\" decoding=\"async\" class=\"size-medium wp-image-142852 alignleft\" src=\"https:\/\/www.radiopiu.net\/wordpress\/wp-content\/uploads\/2020\/06\/FULMINE-METEO-MALTEMPO-300x199.jpg\" alt=\"\" width=\"300\" height=\"199\" srcset=\"https:\/\/www.radiopiu.net\/wordpress\/wp-content\/uploads\/2020\/06\/FULMINE-METEO-MALTEMPO-300x199.jpg 300w, https:\/\/www.radiopiu.net\/wordpress\/wp-content\/uploads\/2020\/06\/FULMINE-METEO-MALTEMPO-1024x678.jpg 1024w, https:\/\/www.radiopiu.net\/wordpress\/wp-content\/uploads\/2020\/06\/FULMINE-METEO-MALTEMPO-768x508.jpg 768w, https:\/\/www.radiopiu.net\/wordpress\/wp-content\/uploads\/2020\/06\/FULMINE-METEO-MALTEMPO-1536x1017.jpg 1536w, https:\/\/www.radiopiu.net\/wordpress\/wp-content\/uploads\/2020\/06\/FULMINE-METEO-MALTEMPO.jpg 1920w\" sizes=\"auto, (max-width: 300px) 100vw, 300px\" \/><\/a>VENEZIA\u00a0<\/strong>In riferimento alla situazione meteorologica attesa sul territorio, al fine di garantire un monitoraggio costante della situazione e la massima prontezza operativa del Sistema Regionale di Protezione Civile, il Centro Funzionale Decentrato della Regione ha emesso un avviso di criticit\u00e0 idrogeologica, decretando lo stato di \u201cattenzione\u201d per possibili forti temporali fino alle ore 08:00 di luned\u00ec 8 giugno in tutti i bacini idrografici del Veneto a eccezione di quello dell\u2019Alto Piave, in provincia di Belluno.<\/p>\n<p><strong>Queste le previsioni<\/strong>:<i>\u00a0Per la giornata di domenica 7 giugno, instabilit\u00e0 con precipitazioni anche consistenti, specie sulle zone prealpine e pedemontana nella seconda met\u00e0 della giornata; sono altres\u00ec possibili fenomeni temporaleschi, localmente di forte intensit\u00e0 (forti rovesci, locali grandinate, forti raffiche di vento).<\/i><\/p>\n<p>&nbsp;<\/p>\n<p>&nbsp;<\/p>\n<hr \/>\n<p>&nbsp;<\/p>\n<p><strong>DA ATTIVAMENTE AGORDINO<\/strong>: Dopo settimane di lavoro abbiamo trovato un accordo con i comuni per l\u2019attivazione del servizio di centro estivo a Falcade che riguarder\u00e0 la fascia d\u2019et\u00e0 che va dai 6 ai 13 anni. Val biois sport camp aprir\u00e0 le iscrizioni da met\u00e0 della prossima settimana.<\/p>\n<p>&#8220;Questo strano 2020 ci ha obbligato a rielaborare il nostro Sport Camp e i tempi sono andati un p\u00f2 lunghi&#8230;Ecco la nostra proposta per garantire ai nostri ragazzi un percorso formativo di crescita e socializzazione, in un contesto sicuro e protetto &#8211; GIOCO,SPORT,DIDATTICA INFO E PRE-ISCRIZIONI AL SITO\u00a0<a href=\"http:\/\/www.attivamenteagordino.it\/?fbclid=IwAR32CL00TWltFhqQwNBAkO8wXWBXtpoJJfbW1GQRh0U_HbjO1KTUF4mxlGI\" target=\"_blank\" rel=\"nofollow noopener noreferrer\" data-lynx-mode=\"asynclazy\" data-lynx-uri=\"https:\/\/l.facebook.com\/l.php?u=http%3A%2F%2FWWW.ATTIVAMENTEAGORDINO.IT%2F%3Ffbclid%3DIwAR32CL00TWltFhqQwNBAkO8wXWBXtpoJJfbW1GQRh0U_HbjO1KTUF4mxlGI&amp;h=AT3MF92yDFNj9M1lfb2GH9FpxXAfzsqquqy-PZszeSBNKYwjh7sGnAvvW7IssI8ICO3UJGSZjhXVn8mOQpygenmmKZP6-9gPBgl72uM5Wx9C74fU_nrcKeJTrRGRvR5UVl0SWA\">WWW.ATTIVAMENTEAGORDINO.IT<\/a><\/p>\n<p><a class=\"dt-pswp-item\" href=\"https:\/\/www.radiopiu.net\/wordpress\/wp-content\/uploads\/2020\/06\/102405494_2584748258440582_1215461090339586048_o.jpg\" data-dt-img-description=\"\" data-large_image_width=\"1483\" data-large_image_height=\"2048\"><img loading=\"lazy\" decoding=\"async\" class=\"alignnone size-medium wp-image-142885\" src=\"https:\/\/www.radiopiu.net\/wordpress\/wp-content\/uploads\/2020\/06\/102405494_2584748258440582_1215461090339586048_o-217x300.jpg\" alt=\"\" width=\"217\" height=\"300\" srcset=\"https:\/\/www.radiopiu.net\/wordpress\/wp-content\/uploads\/2020\/06\/102405494_2584748258440582_1215461090339586048_o-217x300.jpg 217w, https:\/\/www.radiopiu.net\/wordpress\/wp-content\/uploads\/2020\/06\/102405494_2584748258440582_1215461090339586048_o-742x1024.jpg 742w, https:\/\/www.radiopiu.net\/wordpress\/wp-content\/uploads\/2020\/06\/102405494_2584748258440582_1215461090339586048_o-768x1061.jpg 768w, https:\/\/www.radiopiu.net\/wordpress\/wp-content\/uploads\/2020\/06\/102405494_2584748258440582_1215461090339586048_o-1112x1536.jpg 1112w, https:\/\/www.radiopiu.net\/wordpress\/wp-content\/uploads\/2020\/06\/102405494_2584748258440582_1215461090339586048_o.jpg 1483w\" sizes=\"auto, (max-width: 217px) 100vw, 217px\" \/><\/a><\/p>\n<p>&nbsp;<\/p>\n<hr \/>\n<p>&nbsp;<\/p>\n<p>&nbsp;<\/p>\n<blockquote>\n<h3>SEMPRE PIU&#8217; VERSO LA NORMALITA&#8217;: RIAPRONO GLI AEROPORTI. MEDICINA A TREVISO LA REGIONE PRONTA A RICORRERE ALLA CORTE COSTITUZIONALE. LE REGIONI SUPERANO IL TEST MA CI SONO ANCORA FOCOLAI ATTIVI, A NORDEST SOLO 12 CONTAGI.<\/h3>\n<\/blockquote>\n<p><strong>di Mirko Mezzacasa<\/strong><\/p>\n<p>L&#8217;Europa ha smesso di pensare ed ha capito che sono arrivati i giorni delle decisioni prima che la polveriera s&#8217;infiammi. Italia tolta dalla lista nera, aeroporti aperti ed anche la Grecia libera i propri confini a tutti. Spostamenti liberi a tutti superate anche le misure restrittive dei test obbligatori ora la stagione turistica puo&#8217; davvero decollare. Medicina a Treviso<em> &#8220;L&#8217;impugnatura \u00e8 colpa degli azzeccagarbugli &#8211; afferma il presidente Luca Zaia-\u00a0 non \u00e8 un&#8217;idea del presidente ma la conclusione di un percorso, dopo il covid abbiamo visto quanto bisogno abbiamo di medici. Che il Governo prenda in mano la situazione ha tempo fino al 16 giugno mentre i cittadini ci inondano di messaggi. Dell&#8217;impugnativa non me ne frega niente noi andiamo avanti. Che gli studenti si iscrivano e se il Governo ci far\u00e0 la guerra schiereremo l&#8217;artiglieria pesante legale e andremo davanti alla Corte Costituzionale spiegando che\u00a0 6 milioni su 9 miliardi\u00a0 sono destinati a studenti che faranno i medici&#8221;.\u00a0\u00a0<\/em>A Nordest i contagi sono ormai azzerati, ieri 12 in 24 ore, 9 in Veneto, 1 in provincia di Belluno, aumenta il numero dei guariti in Veneto ieri un centinaio ma la mascherina si continuer\u00e0 ad usare nei luoghi chiusi e questo per alcuni mesi e sar\u00e0 un obbligo soprattutto negli assembramenti. <strong>I NUMERI\u00a0 IN VENETO:<\/strong> TOTALE POSITIVI 19183\u00a0 \u00a0(+9)\u00a0 ATTUALMENTE POSITIVI 1107\u00a0 \u00a0(-90)\u00a0 DECESSI\u00a0 1953\u00a0 \u00a0(+5, 3 in ospedale)\u00a0 NEGATIVIZZATI 16123\u00a0 (+94) IN ISOLAMENTO 1057\u00a0 (-88)\u00a0 RICOVERATI 319 (-5 82 POSITIVI,\u00a0 237 NEGATIVIZZATI), NEGLI OSPEDALI DI COMUNITA\u2019 43 (0\u00a0 8 POSITIVI,\u00a0 35\u00a0 NEGATIVIZZATI), IN TERAPIA INTENSIVA 15 (-2,\u00a0 1 POSITIVO,\u00a0 14 NEGATIVIZZATI). DECESSI IN OSPEDALE :3 .<strong>I NUMERI IN PROVINCIA:<\/strong> TOTALE CONTAGI 1176\u00a0 (+1 ) , ATTUALMENTE POSITIVI 85\u00a0 (-2) , DECEDUTI 111 (+1), NEGATIVIZZATI\u00a0 980 (+6) ISOLAMENTO DOMICILIARE 125\u00a0 (-26) RICOVERATI IN OSPEDALE AL SAN MARTINO 2 (-2)<\/p>\n<p>&nbsp;<\/p>\n<p>&nbsp;<\/p>\n<blockquote class=\"wp-embedded-content\" data-secret=\"efRtRJbwO7\"><p><a href=\"https:\/\/www.radiopiu.net\/wordpress\/aggiornamento06\/\">BOLLETTINO DELLE 17:  L&#8217;ULTIMO POSITIVO IN TERAPIA INTESIVA DOVE QUESTA SERA SONO 15 I PAZIENTI ANCORA AI RESPIRATORI. NELLE ULTIME 24 ORE ANCORA 5 DECESSI, 3 IN OSPEDALE POCO PIU&#8217; DI 1000 PERSONE IN ISOLAMENTO E 5 PAZIENTI IN MENO IN OSPEDALE<\/a><\/p><\/blockquote>\n<p><iframe loading=\"lazy\" title=\"&#8220;BOLLETTINO DELLE 17:  L&#8217;ULTIMO POSITIVO IN TERAPIA INTESIVA DOVE QUESTA SERA SONO 15 I PAZIENTI ANCORA AI RESPIRATORI. NELLE ULTIME 24 ORE ANCORA 5 DECESSI, 3 IN OSPEDALE POCO PIU&#8217; DI 1000 PERSONE IN ISOLAMENTO E 5 PAZIENTI IN MENO IN OSPEDALE&#8221; &#8212; Radio Pi\u00f9\" class=\"wp-embedded-content\" sandbox=\"allow-scripts\" security=\"restricted\" style=\"position: absolute; clip: rect(1px, 1px, 1px, 1px);\" src=\"https:\/\/www.radiopiu.net\/wordpress\/aggiornamento06\/embed\/#?secret=efRtRJbwO7\" data-secret=\"efRtRJbwO7\" width=\"600\" height=\"338\" frameborder=\"0\" marginwidth=\"0\" marginheight=\"0\" scrolling=\"no\"><\/iframe><\/p>\n<p>&nbsp;<\/p>\n<p>&nbsp;<\/p>\n<p>&nbsp;<\/p>\n<hr \/>\n<p>&nbsp;<\/p>\n<blockquote class=\"wp-embedded-content\" data-secret=\"UXYXgefwtv\"><p><a href=\"https:\/\/www.radiopiu.net\/wordpress\/rassegna-stampa-locale-diretta-studio1-radio-piu-di-mirko-mezzacasa\/\">RASSEGNA STAMPA LOCALE, DIRETTA STUDIO1 RADIO PIU di MIRKO MEZZACASA<\/a><\/p><\/blockquote>\n<p><iframe loading=\"lazy\" title=\"&#8220;RASSEGNA STAMPA LOCALE, DIRETTA STUDIO1 RADIO PIU di MIRKO MEZZACASA&#8221; &#8212; Radio Pi\u00f9\" class=\"wp-embedded-content\" sandbox=\"allow-scripts\" security=\"restricted\" style=\"position: absolute; clip: rect(1px, 1px, 1px, 1px);\" src=\"https:\/\/www.radiopiu.net\/wordpress\/rassegna-stampa-locale-diretta-studio1-radio-piu-di-mirko-mezzacasa\/embed\/#?secret=UXYXgefwtv\" data-secret=\"UXYXgefwtv\" width=\"600\" height=\"338\" frameborder=\"0\" marginwidth=\"0\" marginheight=\"0\" scrolling=\"no\"><\/iframe><\/p>\n<p>&nbsp;<\/p>\n<hr \/>\n<blockquote class=\"wp-embedded-content\" data-secret=\"xhPnELVfjN\"><p><a href=\"https:\/\/www.radiopiu.net\/wordpress\/coronavirus-aggiornamento-nazionale-06-giugno\/\">CORONAVIRUS: AGGIORNAMENTO NAZIONALE 06 GIUGNO<\/a><\/p><\/blockquote>\n<p><iframe loading=\"lazy\" title=\"&#8220;CORONAVIRUS: AGGIORNAMENTO NAZIONALE 06 GIUGNO&#8221; &#8212; Radio Pi\u00f9\" class=\"wp-embedded-content\" sandbox=\"allow-scripts\" security=\"restricted\" style=\"position: absolute; clip: rect(1px, 1px, 1px, 1px);\" src=\"https:\/\/www.radiopiu.net\/wordpress\/coronavirus-aggiornamento-nazionale-06-giugno\/embed\/#?secret=xhPnELVfjN\" data-secret=\"xhPnELVfjN\" width=\"600\" height=\"338\" frameborder=\"0\" marginwidth=\"0\" marginheight=\"0\" scrolling=\"no\"><\/iframe><\/p>\n<p>&nbsp;<\/p>\n<hr \/>\n<p>&nbsp;<\/p>\n<p><strong><a class=\"dt-pswp-item\" href=\"https:\/\/www.radiopiu.net\/wordpress\/wp-content\/uploads\/2020\/03\/covid-bottacin.jpg\" data-dt-img-description=\"\" data-large_image_width=\"800\" data-large_image_height=\"600\"><img loading=\"lazy\" decoding=\"async\" class=\" wp-image-122521 alignleft\" src=\"https:\/\/www.radiopiu.net\/wordpress\/wp-content\/uploads\/2020\/03\/covid-bottacin-300x225.jpg\" alt=\"\" width=\"156\" height=\"117\" srcset=\"https:\/\/www.radiopiu.net\/wordpress\/wp-content\/uploads\/2020\/03\/covid-bottacin-300x225.jpg 300w, https:\/\/www.radiopiu.net\/wordpress\/wp-content\/uploads\/2020\/03\/covid-bottacin-768x576.jpg 768w, https:\/\/www.radiopiu.net\/wordpress\/wp-content\/uploads\/2020\/03\/covid-bottacin.jpg 800w\" sizes=\"auto, (max-width: 156px) 100vw, 156px\" \/><\/a><span style=\"color: #ff0000;\">L&#8217;INTERVENTO A RADIO PIU&#8217; DI GIANPAOLO BOTTACIN, ASSESSORE REGIONALE ALLA PROTEZIONE CIVILE<\/span><\/strong><\/p>\n<audio class=\"wp-audio-shortcode\" id=\"audio-142800-3\" preload=\"none\" style=\"width: 100%;\" controls=\"controls\"><source type=\"audio\/mpeg\" src=\"https:\/\/www.radiopiu.net\/wordpress\/wp-content\/uploads\/2020\/06\/BOTTA-06-GIIUGNO.mp3?_=3\" \/><a href=\"https:\/\/www.radiopiu.net\/wordpress\/wp-content\/uploads\/2020\/06\/BOTTA-06-GIIUGNO.mp3\">https:\/\/www.radiopiu.net\/wordpress\/wp-content\/uploads\/2020\/06\/BOTTA-06-GIIUGNO.mp3<\/a><\/audio>\n<p>&nbsp;<\/p>\n<hr \/>\n<p>&nbsp;<\/p>\n<p>DATI E GRAFICI DEL GIORNO, PROVINCIA \u2013 REGIONE 06 GIUGNO 2020<\/p>\n<p><strong>Con la collaborazione di Tiziano De Col<\/strong><\/p>\n<p><a class=\"dt-pswp-item\" href=\"https:\/\/www.radiopiu.net\/wordpress\/wp-content\/uploads\/2020\/06\/39B09EF9-24EA-44E6-AAB1-947D592B8766.jpeg\" data-dt-img-description=\"\" data-large_image_width=\"480\" data-large_image_height=\"336\"><img loading=\"lazy\" decoding=\"async\" class=\"alignnone wp-image-142874\" src=\"https:\/\/www.radiopiu.net\/wordpress\/wp-content\/uploads\/2020\/06\/39B09EF9-24EA-44E6-AAB1-947D592B8766-300x210.jpeg\" alt=\"\" width=\"332\" height=\"233\" srcset=\"https:\/\/www.radiopiu.net\/wordpress\/wp-content\/uploads\/2020\/06\/39B09EF9-24EA-44E6-AAB1-947D592B8766-300x210.jpeg 300w, https:\/\/www.radiopiu.net\/wordpress\/wp-content\/uploads\/2020\/06\/39B09EF9-24EA-44E6-AAB1-947D592B8766.jpeg 480w\" sizes=\"auto, (max-width: 332px) 100vw, 332px\" \/><\/a><a class=\"dt-pswp-item\" href=\"https:\/\/www.radiopiu.net\/wordpress\/wp-content\/uploads\/2020\/06\/4D4E0234-15CD-4E3F-881B-0FACDE7A1874.jpeg\" data-dt-img-description=\"\" data-large_image_width=\"480\" data-large_image_height=\"374\"><img loading=\"lazy\" decoding=\"async\" class=\"alignnone size-medium wp-image-142875\" src=\"https:\/\/www.radiopiu.net\/wordpress\/wp-content\/uploads\/2020\/06\/4D4E0234-15CD-4E3F-881B-0FACDE7A1874-300x234.jpeg\" alt=\"\" width=\"300\" height=\"234\" srcset=\"https:\/\/www.radiopiu.net\/wordpress\/wp-content\/uploads\/2020\/06\/4D4E0234-15CD-4E3F-881B-0FACDE7A1874-300x234.jpeg 300w, https:\/\/www.radiopiu.net\/wordpress\/wp-content\/uploads\/2020\/06\/4D4E0234-15CD-4E3F-881B-0FACDE7A1874.jpeg 480w\" sizes=\"auto, (max-width: 300px) 100vw, 300px\" \/><\/a><a class=\"dt-pswp-item\" href=\"https:\/\/www.radiopiu.net\/wordpress\/wp-content\/uploads\/2020\/06\/B385AD1E-747D-4469-A8B5-935E4B680888.jpeg\" data-dt-img-description=\"\" data-large_image_width=\"1588\" data-large_image_height=\"858\"><img loading=\"lazy\" decoding=\"async\" class=\"alignnone wp-image-142876\" src=\"https:\/\/www.radiopiu.net\/wordpress\/wp-content\/uploads\/2020\/06\/B385AD1E-747D-4469-A8B5-935E4B680888-300x162.jpeg\" alt=\"\" width=\"431\" height=\"233\" srcset=\"https:\/\/www.radiopiu.net\/wordpress\/wp-content\/uploads\/2020\/06\/B385AD1E-747D-4469-A8B5-935E4B680888-300x162.jpeg 300w, https:\/\/www.radiopiu.net\/wordpress\/wp-content\/uploads\/2020\/06\/B385AD1E-747D-4469-A8B5-935E4B680888-1024x553.jpeg 1024w, https:\/\/www.radiopiu.net\/wordpress\/wp-content\/uploads\/2020\/06\/B385AD1E-747D-4469-A8B5-935E4B680888-768x415.jpeg 768w, https:\/\/www.radiopiu.net\/wordpress\/wp-content\/uploads\/2020\/06\/B385AD1E-747D-4469-A8B5-935E4B680888-1536x830.jpeg 1536w, https:\/\/www.radiopiu.net\/wordpress\/wp-content\/uploads\/2020\/06\/B385AD1E-747D-4469-A8B5-935E4B680888.jpeg 1588w\" sizes=\"auto, (max-width: 431px) 100vw, 431px\" \/><\/a><\/p>\n<p>&nbsp;<\/p>\n<p>&nbsp;<\/p>\n<hr \/>\n<p>&nbsp;<\/p>\n<h2>LEGGI LA CONFERENZA STAMPA DI LUCA ZAIA<\/h2>\n<p><em>L&#8217;Universit\u00e0 a Treviso va avanti, non me ne frega niente dell&#8217;impugnativa noi andiamo avanti comunque se serve fino alla Corte Costituzionale vedremo come andr\u00e0 a finire e nel frattempo ne faremo di tutti i colori.<\/em><\/p>\n<p><strong>NUOVA ORDINANZA<\/strong> Stiamo procedendo alla redazione di una impegnativa ordinanza per cinema, teatri, discoteche, sagre, fiere e tutte quelle strutture ancora chiuse. Ragioniamo sul 15 di giugno o male che vada entro e non oltre fine giugno. Ma la mascherina rimane obbligatoria e la indosseremo ancora per mesi. <strong>200 MILIONI DI SPESE, 35\u00a0 MILIONI L&#8217;ANNO PER LE ASSUNZIONI E POI GLI INVESTIMENTI PER 100 MILIONI <\/strong>Martedi alle 13 la conferenza delle RegionI con all&#8217;ordine del giorno i finanziamenti per la sanit\u00e0 dopo questo periodo di grandi spese abbiamo un buco di oltre 200 milioni di euro da ripianare. Dobbiamo rilanciare gli investimenti\u00a0 come fatto per il\u00a0 ponte Morandi di Genova. con\u00a0 procedure semplificate e pi\u00f9 efficaci: stiamo parlando della salute dei cittadini.<strong>ELEZIONI<\/strong> Ieri la lettera di Bonaccini e Totti per le elezioni, chiediamo le elezioni prima possibile, al massimo nella prima quindicina di settembre ovvero prima che inizino le scuole. Faccio il tifo perch\u00e9 si voti a luglio. La gente \u00e8 incazzata perch\u00e8 non viene chiamata a votare quel giorno spaccheranno anche la mina della matita copiativa. Almeno che si voti prima dell&#8217;inizio delle scuole o chiudiamo le scuole ancora per la sanificazione e\u00a0 le elezioni. L&#8217;ipotetica finestra dal 6 settembre in poi significa che male che si vada si vota il 6 settembre non a ottobre. Parlo contro i miei interessi visto che sono tecnicamente scaduto\u00a0 <strong>SPECIALIZZANDI SENZA PREMIO\u00a0 E SENZA BORSE DI STUDIO<\/strong>\u00a0 L&#8217;assessore Lanzarin sta risolvendo anche questo problema. Sono medici e hanno fatto un lavoro strepitoso soprattutto in tempi di coronavirus, ci siamo trovati a dare disponibilit\u00e0 per la premialit\u00e0 ma stiamo parlando anche per questa categoria mai messa sul tavolo. A mio avviso se c&#8217;\u00e8 qualcuno che puo&#8217; rivendicare con forza questa istanza sono proprio loro.<strong> LA GERMANIA SCONSIGLIA L&#8217;ITALIA AI TEDESCHI PER LE VACANZE MENTRE VARIATI PARLA DI MILIONI DA SPENDERE PER UN PIANO RILANCIO\u00a0 <\/strong>La stagione finisce a settembre a proposito del piano, di certo i tedeschi non si mettono a met\u00e0 giugno a comperare pacchetti turistici se vengono \u00e8 merito dei nostri operatori. Chiediamo al Governo tedesco di considerarci fratelli e non appestati, i tedeschi quando sono qui sono al sicuro non a caso abbiamo liberato da subito l&#8217;ospedale di Jesolo oggi Covid free, pazienti non ce ne sono pi\u00f9 e si fa anche fatica a trovarli. Abbiamo operatori eccezionali se avessero atteso l&#8217;intervento pubblico sarebbero tutti morti. <strong>MONDO DELLO SPETTACOLO IN GRANDE DIFFICOLTA&#8217;<\/strong> Li ho incontrati questa mattina sono i primi che hanno chiuso e gli ultimi ad aprire.<\/p>\n<p>&nbsp;<\/p>\n<h2>L&#8217;ARGOMENTO DEL GIORNO, IL CASO DELL&#8217;UNIVERSITA&#8217; DI MEDICINA A TREVISO<\/h2>\n<blockquote><p><em>\u00a0Il Governo\u00a0 ha deciso di impugnare la Legge regionale del Veneto che istituisce il Corso di Laurea in Medicina a Treviso\u00a0 con \u00a0Universit\u00e0 di Padova. Annuncio gi\u00e0 che come Regione del Veneto ricorreremo contro questa decisione del Governo, e difenderemo assolutamente la nostra legge. Siamo pronti a scendere in campo con i nostri uffici e i nostri giuristi per ribadire nelle sedi opportune la giustezza della scelta e la correttezza dell&#8217;iter.\u00a0<\/em><\/p><\/blockquote>\n<p>&nbsp;<\/p>\n<p><strong>UNIVERSITA&#8217; DI MEDICINA A TREVISO<\/strong> L&#8217;impugnatura \u00e8 colpa degli azzeccagarbugli. Non \u00e8 un&#8217;idea del presidente ma la conclusione di un percorso, dopo il covid abbiamo visto quanto bisogno abbiamo di medici. Che il Governo prenda in mano la situazione ha tempo fino al 16 giugno mentre i cittadini ci inondano di messaggi. Dell&#8217;impugnativa non me ne frega niente noi andiamo avanti. Che gli studenti si iscrivano e se il Governo ci far\u00e0 la guerra schiereremo l&#8217;artiglieria pesante legale e andremo davanti alla Corte Costituzionale spiegando che\u00a0 6 milioni su 9 miliardi\u00a0 sono destinati a studenti che faranno i medici. \u00a0A Treviso gi\u00e0 si fa scuola, volevamo portare i 5 anni totali,\u00a0 ieri ho chiamato Boccia che si \u00e8 dimostrato disponibile. Ripeto:\u00a0 c&#8217;\u00e8 una finestra per riuscire a dimostrare che la nostra azione \u00e8 positiva, il Governo ha fino al 16 per depositare l&#8217;impugnativa.\u00a0 Gli azzeccagarbugli\u00a0 teorizzano che i 6 milioni presi dal fondo sanitario regionale siano un sopruso. L&#8217; aspetto della programmazione, \u00e8 gi\u00e0 superato. Voglio pensare che quando si lascia troppo spazio ai tecnici questa \u00e8 la soluzione. Andremo in Corte Costituzionale e vedremo come andr\u00e0 a finire, nel frattempo ne faremo di tutti i colori.<\/p>\n<p><strong>Treviso, Corso di laurea in Medicina: il governo impugna la legge<\/strong><br \/>\n<strong>Bond, Baratto, Cortellazzo (FI): L&#8217;impugnativa penalizza il territorio, presenteremo interrogazione ai ministri<\/strong><\/p>\n<p><em>\u201cPresenteremo una interrogazione al ministro della Salute e al ministro dell\u2019Economia per capire quali siano le motivazioni che hanno portato ad avviare l\u2019impugnativa della legge regionale di istituzione, a Treviso, in pieno accordo con l&#8217;Universit\u00e0 di Padova, di un corso di laurea completo in medicina e chirurgia\u201d. E\u2019 la reazione dei deputati di Forza Italia, Dario Bond, Raffaele Baratto, Piergiorgio Cortellazzo, rispetto all\u2019impugnativa del Consiglio dei Ministri della Legge regionale n. 10 del 14 aprile scorso in cui venivano attivati i corsi di laurea in medicina e chirurgia dell\u2019Universit\u00e0 di Padova presso l\u2019Ulss 2 a Treviso . \u201cAbbiamo bisogno di una programmazione delle facolt\u00e0 di Medicina \u2013 proseguono i deputati veneti \u2013 che possa dare risposte tangibili ai bisogni sociali, alle esigenze emergenti e, anche per questo, sia spalmata sul territorio. Il corso di laurea a Treviso, tra l\u2019altro, \u00e8 stato istituito seguendo l\u2019iter previsto. Qualora sia stato rilevato un errore di forma, prima di far saltare un progetto cos\u00ec lungimirante e concreto \u2013 nel caso specifico l\u2019obiettivo laureare pi\u00f9 medici, vista la carenza riscontrata in Italia prima ancora dell\u2019emergenza Covid &#8211; occorre oggi trovare una soluzione immediata. E\u2019 il nostro territorio che lo chiede\u201d.<\/em><\/p>\n<p>&nbsp;<\/p>\n<p>https:\/\/www.facebook.com\/zaiaufficiale\/videos\/3008510482571821\/<\/p>\n<p>&nbsp;<\/p>\n<hr \/>\n<p>&nbsp;<\/p>\n<blockquote>\n<h3>&#8220;DE COCCIO&#8221;: ANCORA UNA GIORNATA SENZA SANZIONI<\/h3>\n<\/blockquote>\n<p><strong>BELLUNO<\/strong> Continuano i controlli delle Forze dell&#8217;Ordine per il contenimento del Covid-19. Nella giornata di venerd\u00ec sono state controllate 217 persone e non sono state rilevate infrazioni. Per il secondo giorno consecutivo tutto regolare. 1792 le persone controllate da inizio settimana, 2 sanzioni e 2 denunce per altri reati. 177 i controlli negli esercizi commerciali nell&#8217;ultima giornata. Anche in questo caso nessuna irregolarit\u00e0.<\/p>\n<p><a class=\"dt-pswp-item\" href=\"https:\/\/www.radiopiu.net\/wordpress\/wp-content\/uploads\/2020\/06\/MONITORAGGIO_SETTIMANALE_DEI_SERVIZI_DI_CONTROLLO_DEL_05.06.2020.jpg\" data-dt-img-description=\"\" data-large_image_width=\"1240\" data-large_image_height=\"1754\"><img loading=\"lazy\" decoding=\"async\" class=\"alignnone wp-image-142805 \" src=\"https:\/\/www.radiopiu.net\/wordpress\/wp-content\/uploads\/2020\/06\/MONITORAGGIO_SETTIMANALE_DEI_SERVIZI_DI_CONTROLLO_DEL_05.06.2020-724x1024.jpg\" alt=\"\" width=\"283\" height=\"400\" srcset=\"https:\/\/www.radiopiu.net\/wordpress\/wp-content\/uploads\/2020\/06\/MONITORAGGIO_SETTIMANALE_DEI_SERVIZI_DI_CONTROLLO_DEL_05.06.2020-724x1024.jpg 724w, https:\/\/www.radiopiu.net\/wordpress\/wp-content\/uploads\/2020\/06\/MONITORAGGIO_SETTIMANALE_DEI_SERVIZI_DI_CONTROLLO_DEL_05.06.2020-212x300.jpg 212w, https:\/\/www.radiopiu.net\/wordpress\/wp-content\/uploads\/2020\/06\/MONITORAGGIO_SETTIMANALE_DEI_SERVIZI_DI_CONTROLLO_DEL_05.06.2020-768x1086.jpg 768w, https:\/\/www.radiopiu.net\/wordpress\/wp-content\/uploads\/2020\/06\/MONITORAGGIO_SETTIMANALE_DEI_SERVIZI_DI_CONTROLLO_DEL_05.06.2020-1086x1536.jpg 1086w, https:\/\/www.radiopiu.net\/wordpress\/wp-content\/uploads\/2020\/06\/MONITORAGGIO_SETTIMANALE_DEI_SERVIZI_DI_CONTROLLO_DEL_05.06.2020.jpg 1240w\" sizes=\"auto, (max-width: 283px) 100vw, 283px\" \/><\/a><\/p>\n<p>&nbsp;<\/p>\n<p>&nbsp;<\/p>\n<hr \/>\n<p>&nbsp;<\/p>\n<blockquote class=\"wp-embedded-content\" data-secret=\"IqACMrBeCs\"><p><a href=\"https:\/\/www.radiopiu.net\/wordpress\/ottimismo-post-covid-una-scelta-il-pannello-in-centro-a-voltago\/\">OTTIMISMO POST COVID, UNA SCELTA Il pannello in centro a Voltago.<\/a><\/p><\/blockquote>\n<p><iframe loading=\"lazy\" title=\"&#8220;OTTIMISMO POST COVID, UNA SCELTA Il pannello in centro a Voltago.&#8221; &#8212; Radio Pi\u00f9\" class=\"wp-embedded-content\" sandbox=\"allow-scripts\" security=\"restricted\" style=\"position: absolute; clip: rect(1px, 1px, 1px, 1px);\" src=\"https:\/\/www.radiopiu.net\/wordpress\/ottimismo-post-covid-una-scelta-il-pannello-in-centro-a-voltago\/embed\/#?secret=IqACMrBeCs\" data-secret=\"IqACMrBeCs\" width=\"600\" height=\"338\" frameborder=\"0\" marginwidth=\"0\" marginheight=\"0\" scrolling=\"no\"><\/iframe><\/p>\n<p>&nbsp;<\/p>\n<p>&nbsp;<\/p>\n<p>&nbsp;<\/p>\n<hr \/>\n<blockquote>\n<h3>NUOVI CONFERIMENTI E AVVICENDAMENTI PER IL CORPO NAZIONALE DEI VIGILI DEL FUOCO<\/h3>\n<\/blockquote>\n<p><a class=\"dt-pswp-item\" href=\"https:\/\/www.radiopiu.net\/wordpress\/wp-content\/uploads\/2020\/05\/VIGILI-DEL-FUOCO-LOGO.png\" data-dt-img-description=\"\" data-large_image_width=\"1200\" data-large_image_height=\"1200\"><img loading=\"lazy\" decoding=\"async\" class=\"size-medium wp-image-138743 alignleft\" src=\"https:\/\/www.radiopiu.net\/wordpress\/wp-content\/uploads\/2020\/05\/VIGILI-DEL-FUOCO-LOGO-300x300.png\" alt=\"\" width=\"300\" height=\"300\" srcset=\"https:\/\/www.radiopiu.net\/wordpress\/wp-content\/uploads\/2020\/05\/VIGILI-DEL-FUOCO-LOGO-300x300.png 300w, https:\/\/www.radiopiu.net\/wordpress\/wp-content\/uploads\/2020\/05\/VIGILI-DEL-FUOCO-LOGO-1024x1024.png 1024w, https:\/\/www.radiopiu.net\/wordpress\/wp-content\/uploads\/2020\/05\/VIGILI-DEL-FUOCO-LOGO-150x150.png 150w, https:\/\/www.radiopiu.net\/wordpress\/wp-content\/uploads\/2020\/05\/VIGILI-DEL-FUOCO-LOGO-768x768.png 768w, https:\/\/www.radiopiu.net\/wordpress\/wp-content\/uploads\/2020\/05\/VIGILI-DEL-FUOCO-LOGO.png 1200w\" sizes=\"auto, (max-width: 300px) 100vw, 300px\" \/><\/a>Nei giorni scorsi il Dipartimento dei Vigili del Fuoco del soccorso pubblico e della difesa Civile ha disposto una serie di conferimenti e avvicendamenti dei dirigenti con decorrenza 29 giugno.\u00a0Belluno: l\u2019attuale comandante l\u2019ing. Girolamo Fiandra Bentivoglio promosso dirigente superiore dal 29 giugno assumer\u00e0 l\u2019incarico di comandante di Sassari. Prossimamente sar\u00e0 reso noto dal dipartimento il nuovo dirigente del Comando.\u00a0Direzione Interregionale dei vigili del fuoco del Veneto e Trentino Alto Adige, l\u2019ing. Enrico Porrovecchio, dirigente superiore, responsabile della colonna mobile regionale, dal 29 giugno assumer\u00e0 l\u2019incarico di comandante dei Vigili del Fuoco di Brescia. Prossimamente sar\u00e0 reso noto dal Dipartimento il nuovo dirigente della direzione.\u00a0L\u2019ing. Dino Poggiali, dirigente superiore, \u00e8 stato nominato nuovo comandante dei vigili del fuoco di Venezia,\u00a0L\u2019ing. Giampiero Rizzo, primo dirigente, attuale comandante dei Vigili del fuoco di Vibo Valentia \u00e8 stato designato comandante dei vigili del fuoco di Treviso. L\u2019ing. Luigi Giudice, dirigente superiore, attuale comandante dei vigili del fuoco di Sassari \u00e8 stato designato nuovo comandante di Verona. L\u2019architetto Giuseppe Costa, primo dirigente, attuale dirigente vicario del Comando di Venezia \u00e8 stato nominato comandante di Vicenza.<\/p>\n<p>&nbsp;<\/p>\n<p>&nbsp;<\/p>\n<hr \/>\n<p>&nbsp;<\/p>\n<blockquote>\n<h3>SOSTEGNO PSICOLOGICO COVID: 360 INTERVENTI IN 80 GIORNI<\/h3>\n<\/blockquote>\n<p><span class=\"s1\"><b><a class=\"dt-pswp-item\" href=\"https:\/\/www.radiopiu.net\/wordpress\/wp-content\/uploads\/2016\/01\/Ospedale_San_Martino_Belluno_2014.jpg\" data-dt-img-description=\"\" data-large_image_width=\"699\" data-large_image_height=\"376\"><img loading=\"lazy\" decoding=\"async\" class=\"size-medium wp-image-15416 alignleft\" src=\"https:\/\/www.radiopiu.net\/wordpress\/wp-content\/uploads\/2016\/01\/Ospedale_San_Martino_Belluno_2014-300x161.jpg\" alt=\"\" width=\"300\" height=\"161\" \/><\/a>BELLUNO<\/b>\u00a0<\/span><span class=\"s2\">360 interventi in 80 giorni: E\u2019 quanto \u00e8 stato fatto nell\u2019ambito del progetto \u201cSostegno Psicologico COVID\u201d promosso dalla\u2019Ulss Dolomiti in collaborazione con l\u2019AIL sezione di Belluno e il Fondo Welfare Dolomiti della Provincia a partire da marzo. <\/span><span class=\"s2\">Incertezza, ansia e paura, impotenza e tensione emotiva, nervosismo e malesseri fisici. Sono alcune delle forme di disagio che inevitabilmente \u2013 in misura maggiore o minore e a seconda di et\u00e0, salute, stile precedente di vita come anche situazione socio economica \u2013 ognuno ha vissuto in questo periodo di emergenza covid19 . Nella fase dell\u2019emergenza in cui la preoccupazione era pi\u00f9 forte, la UOSD di Psicologia Ospedaliera si \u00e8 fatta promotrice dell\u2019attivit\u00e0 di sostegno psicologico secondo il modello della psicologia dell\u2019emergenza, partendo dalle persone malate e da chi le cura (cittadini in isolamento fiduciario o in quarantena, pazienti e famigliari oltre che sanitari dei reparti covid). Il sostegno \u00e8 stato poi via via allargato. <\/span><span class=\"s2\">Ad oggi sono stati fatti: <\/span><span class=\"s2\">152 colloqui a favore di 39 persone Covid positive o in isolamento fiduciario, <\/span><span class=\"s2\">83 colloqui di supporto a 11 famiglie di persone ricoverate per Covid+, <\/span><span class=\"s2\">44 colloqui di supporto nell\u2019elaborazione del lutto a 8 familiari, <\/span><span class=\"s2\">8 reparti ospedalieri e 6 Case di Riposo formate nella tecnica del Defusing, <\/span><span class=\"s2\">19 incontri di gruppo di defusing\/de briefing, <\/span><span class=\"s2\">33 colloqui a favore di 12 sanitari, <\/span><span class=\"s2\">20 colloqui di supervisione ai coordinatori di reparto. <\/span><span class=\"s2\">Inoltre, nell\u2019ambito del progetto, \u00e8 stato curato anche il sostegno ai Medici di medicina generale oltre che la produzione di diverso materiale informativo per la cittadinanza<span class=\"Apple-converted-space\">\u00a0 <\/span>diffuso attraverso i vari canali aziendali e<span class=\"Apple-converted-space\">\u00a0 <\/span>per le case di riposo. <\/span><span class=\"s2\">Sono state fatte delle schede (disponibili nel sito <a href=\"http:\/\/www.aulss1.veneto.it\/\"><span class=\"s3\">www.aulss1.veneto.it<\/span><\/a>) su <\/span><span class=\"s2\">SOS contagio emotivo, <\/span><span class=\"s2\">Psicoeducazione adulti, <\/span><span class=\"s2\">Psicoeducazione bambini, <\/span><span class=\"s2\">Psicoeducazione anziani, <\/span><span class=\"s2\">Psicoeducazione adolescenti, <\/span><span class=\"s2\">Psicoeducazione operatori sanitari, <\/span><span class=\"s2\">Defusing, <\/span><span class=\"s2\">Comunicazione cattiva notizia telefonica, <\/span><span class=\"s2\">Consigli per l\u2019alimentazione, <\/span><span class=\"s2\">Consigli per il sonno, <\/span><span class=\"s2\">Video di mindfulness e stretching,<\/span><span class=\"s2\"> Indicazione per le Case di Riposo per operatori,\u00a0<\/span><span class=\"s2\">ospiti e coordinatori. <\/span><span class=\"s2\">Inoltre, sono stati fatti dei brevi video sugli stessi temi diffusi dalla televisione locale e nella pagina facebook dell\u2019Azienda. <\/span><span class=\"s2\">Il progetto \u00e8 stato promosso e guidato dalla responsabile della UOSD di psicologia dott.ssa Francesca De Biasi. L&#8217;equipe della psicologia ospedaliera composto dalle dott.sse Chiara Forlin, Isabella Maccagnan ed Elena Sommacal &#8211; sostenuto dall AIL &#8211; \u00e8 stata integrata con la dott.ssa Cristina Zaetta, del serD distretto 1, e dal dott. Turco per il personale e le attivit\u00e0 presso l&#8217;ospedale di Feltre. <\/span><span class=\"s2\">Un\u2019attivit\u00e0 complessa che ha cercato di rispettare ed integrarsi con i tempi delle istituzioni, degli operatori sanitari e dei malati, offrendo professionalit\u00e0 grazie alla sinergia dell\u2019ULSS 1, promotore e ordinatore dell\u2019iniziativa tramite la Psicologia Ospedaliera, l\u2019AIL sezione di Belluno per il finanziamento di parte delle psicologhe coinvolte, e il fondo Welfare per la formazione e la supervisione al personale oltre che per gli <\/span><span class=\"s4\">interventi nei confronti dei cittadini. <\/span><span class=\"s2\">\u00ab<em>Questa pandemia ha coinvolto in modo trasversale la popolazione facendo entrare le emozioni e i comportamenti nel vocabolario quotidiano di politici e sanitari. \u00c8 normale aver timore di ci\u00f2 che pu\u00f2 essere pericoloso per la nostra salute, tuttavia le caratteristiche di questo virus &#8211; invisibile e a volte letale &#8211; hanno amplificato le paure e l\u2019ansia rischiando di toglierci controllo ed equilibrio.<span class=\"Apple-converted-space\">\u00a0 <\/span>\u00c8 stato quindi importante ascoltare e normalizzare, riservando a ciascuno l&#8217;intervento adatto alla propria condizione (famigliare, malato, operatore) e offrendo spunti personali per ritrovare nella propria quotidianit\u00e0 uno spazio di auto-comprensione e cambiamento<\/em>\u00bb spiega la coordinatrice Francesca de Biasi. \u00ab<em>La pandemia ha fatto sicuramente toccare a ciascuno, nella continuit\u00e0 del proprio isolamento, la fragilit\u00e0 ma anche la possibilit\u00e0 di crescita. Per qualcuno si \u00e8 trattato di riuscire a stare soli con s\u00e9 stessi. Per altri responsabilizzarsi rispetto all&#8217;impatto del proprio comportamento sulla collettivit\u00e0. Per altri ancora riscoprire Riconoscenza e solidariet\u00e0.<span class=\"Apple-converted-space\">\u00a0 <\/span>Alcune professioni non hanno potuto fermarsi e quando la comunit\u00e0 \u00e8 colpita in toto, la via per sentirsi meno impotenti \u00e8 quella di sentisti comunit\u00e0 anche nell\u2019azione. Alcuni in una corsia, altri al supermercato, altri ancora rimanendo a casa<\/em>\u00bb, conclude la coordinatrice Francesca de Biasi \u00a0<\/span><\/p>\n<p>&nbsp;<\/p>\n<p>&nbsp;<\/p>\n<hr \/>\n<p>&nbsp;<\/p>\n<blockquote>\n<h3>IMPRESE ED ENTI \u201cFAMILY FRIENDLY\u201d PER COMBATTERE SPOPOLAMENTO E CRISI DA CORONAVIRUS<\/h3>\n<\/blockquote>\n<p><strong><a class=\"dt-pswp-item\" href=\"https:\/\/www.radiopiu.net\/wordpress\/wp-content\/uploads\/2015\/09\/confindustria-500.jpg\" data-dt-img-description=\"\" data-large_image_width=\"500\" data-large_image_height=\"360\"><img loading=\"lazy\" decoding=\"async\" class=\"size-medium wp-image-10966 alignleft\" src=\"https:\/\/www.radiopiu.net\/wordpress\/wp-content\/uploads\/2015\/09\/confindustria-500-300x216.jpg\" alt=\"\" width=\"300\" height=\"216\" \/><\/a>BELLUNO\u00a0<\/strong>Entra nella fase due, con un seminario aperto a tutti, il progetto pilota \u201cFamily Audit, un cambiamento culturale per il territorio bellunese\u201d, di cui \u00e8 capofila il Consorzio BIM Piave, in partenariato con il Comune di Feltre, Confindustria Belluno Dolomiti, i sindacati, la Provincia di Belluno e la Provincia di Trento. Il progetto \u00e8 uno dei sei selezionati a livello nazionale dalla Presidenza del Consiglio dei Ministri \u2013 Dipartimento per le Politiche della Famiglia.\u00a0Diversi gli obiettivi: combattere lo spopolamento supportando le imprese e gli enti a misura di famiglia, bilanciare i tempi di vita e di lavoro per promuovere la genitorialit\u00e0, trasformare gli strumenti del lavoro agile in una opportunit\u00e0 traendo tutti gli insegnamenti possibili dal periodo di lockdown.\u00a0Nel corso del seminario &#8211; che si svolger\u00e0 marted\u00ec 9 giugno alle 10 sulla piattaforma Zoom &#8211; saranno illustrati i dettagli dell\u2019iniziativa, lanciata nel settembre 2019 a Feltre e dedicata a tutte quelle realt\u00e0, pubbliche e private, interessate a certificarsi \u201cFamily Audit\u201d, dotandosi di un proprio piano di obiettivi volto a migliorare le esigenze di conciliazione tra famiglia e lavoro del personale.\u00a0\u201c<em>Si tratta di un vero e proprio processo certificativo scandito da tappe ben precise, con dei consulenti esperti che si metteranno a disposizione di enti e imprese. Una parte delle spese per la certificazione sar\u00e0 sostenuta dal progetto stesso che ha un valore complessivo di 200 mila euro<\/em>\u201d, spiega Umberto Soccal, presidente del Consorzio Bim Piave, capofila della cordata.\u00a0\u201c<em>Il bilanciamento delle esigenze lavorative e familiari va a incidere sulle politiche di genere e sulla genitorialit\u00e0, fattori indispensabili se vogliamo mantenere le giovani coppie sul territorio su modello di quanto gi\u00e0 si sta facendo in Trentino<\/em>\u201d, ribadisce Soccal.\u00a0Concetti che ribadisce anche Flavio Mares, consigliere di Confindustria Belluno Dolomiti con delega al sociale: \u201c<em>Le imprese bellunesi sono sempre state attente alle esigenze delle famiglie ma le famiglie mutano velocemente e hanno bisogno di strumenti sempre nuovi. Un efficace welfare aziendale deve cogliere i cambiamenti e anticiparli<\/em>\u201d.<\/p>\n<p>&nbsp;<\/p>\n<p>&nbsp;<\/p>\n<hr \/>\n<p>&nbsp;<\/p>\n<blockquote>\n<h3>SICUREZZA SISMICA ALLA SCUOLA DI CASTION, SBLOCCATO FINANZIAMENTO DA OLTRE 800MILA EURO<\/h3>\n<\/blockquote>\n<p><b><a class=\"dt-pswp-item\" href=\"https:\/\/www.radiopiu.net\/wordpress\/wp-content\/uploads\/2020\/06\/Scuola-Valeriano-Castion-1.jpeg\" data-dt-img-description=\"\" data-large_image_width=\"1600\" data-large_image_height=\"900\"><img loading=\"lazy\" decoding=\"async\" class=\"size-medium wp-image-142818 alignleft\" src=\"https:\/\/www.radiopiu.net\/wordpress\/wp-content\/uploads\/2020\/06\/Scuola-Valeriano-Castion-1-300x169.jpeg\" alt=\"\" width=\"300\" height=\"169\" srcset=\"https:\/\/www.radiopiu.net\/wordpress\/wp-content\/uploads\/2020\/06\/Scuola-Valeriano-Castion-1-300x169.jpeg 300w, https:\/\/www.radiopiu.net\/wordpress\/wp-content\/uploads\/2020\/06\/Scuola-Valeriano-Castion-1-1024x576.jpeg 1024w, https:\/\/www.radiopiu.net\/wordpress\/wp-content\/uploads\/2020\/06\/Scuola-Valeriano-Castion-1-768x432.jpeg 768w, https:\/\/www.radiopiu.net\/wordpress\/wp-content\/uploads\/2020\/06\/Scuola-Valeriano-Castion-1-1536x864.jpeg 1536w, https:\/\/www.radiopiu.net\/wordpress\/wp-content\/uploads\/2020\/06\/Scuola-Valeriano-Castion-1.jpeg 1600w\" sizes=\"auto, (max-width: 300px) 100vw, 300px\" \/><\/a>BELLUNO <\/b>Pi\u00f9 di 800mila euro in arrivo dai fondi per l&#8217;edilizia scolastica recentemente sbloccati dal Ministero dell&#8217;Istruzione, che verranno inoltrati al Comune di Belluno tramite la Regione Veneto, per mettere in sicurezza sismica la scuola primaria \u201cValeriano\u201d di Castion.\u00a0La notizia \u00e8 arrivata in questi giorni a Palazzo Rosso: \u00ab<em>Questo importante finanziamento ci permetter\u00e0 di coprire al 100% il costo dell&#8217;intervento. &#8211; commenta l&#8217;assessore ai lavori pubblici, Biagio Giannone \u2013 Questo edificio scolastico si aggiunge cos\u00ec ai tanti sui quali stiamo gi\u00e0 intervenendo per renderli migliori, pi\u00f9 sicuri e accessibili per i nostri bambini. Con queste risorse, ed escluse quelle destinate alla rigenerazione della Gabelli, arriviamo a investire nel solo anno corrente oltre 1,2 milioni di euro sui nostri edifici scolastici<\/em>\u00bb.\u00a0Il progetto per la messa in sicurezza sismica della scuola elementare di Pian delle Feste era uno dei quattro entrati nella graduatoria regionale realizzata gi\u00e0 diversi anni fa; con i cambi dei governi susseguitisi negli anni, questa graduatoria era rimasta \u201ccongelata\u201d dopo aver finanziato le prime opere in classifica. Con lo sblocco dei fondi, legato alla ripresa post-lockdown, ecco il finanziamento anche per Castion: 817.451 euro a fondo perduto.<\/p>\n<p><strong>L&#8217;ASSESSORE DEL COMUNE DI BELLUNO BIAGIO GIANNONE<\/strong><\/p>\n<audio class=\"wp-audio-shortcode\" id=\"audio-142800-4\" preload=\"none\" style=\"width: 100%;\" controls=\"controls\"><source type=\"audio\/mpeg\" src=\"https:\/\/www.radiopiu.net\/wordpress\/wp-content\/uploads\/2020\/06\/Giannone-Fondi-sismica-Castion-e-investimenti-scuole.mp3?_=4\" \/><a href=\"https:\/\/www.radiopiu.net\/wordpress\/wp-content\/uploads\/2020\/06\/Giannone-Fondi-sismica-Castion-e-investimenti-scuole.mp3\">https:\/\/www.radiopiu.net\/wordpress\/wp-content\/uploads\/2020\/06\/Giannone-Fondi-sismica-Castion-e-investimenti-scuole.mp3<\/a><\/audio>\n<p>&nbsp;<\/p>\n<hr \/>\n<p>&nbsp;<\/p>\n<blockquote>\n<h3>MINISTRO D&#8217;INC\u00c0 IN MERITO AL DECRETO SCUOLA APPROVATO DEFINITIVAMENTE DALLA CAMERA<\/h3>\n<\/blockquote>\n<p><strong><a class=\"dt-pswp-item\" href=\"https:\/\/www.radiopiu.net\/wordpress\/wp-content\/uploads\/2020\/04\/FEDERICO-DINCA.png\" data-dt-img-description=\"\" data-large_image_width=\"1018\" data-large_image_height=\"1290\"><img loading=\"lazy\" decoding=\"async\" class=\"wp-image-132319 alignleft\" src=\"https:\/\/www.radiopiu.net\/wordpress\/wp-content\/uploads\/2020\/04\/FEDERICO-DINCA-237x300.png\" alt=\"\" width=\"169\" height=\"214\" srcset=\"https:\/\/www.radiopiu.net\/wordpress\/wp-content\/uploads\/2020\/04\/FEDERICO-DINCA-237x300.png 237w, https:\/\/www.radiopiu.net\/wordpress\/wp-content\/uploads\/2020\/04\/FEDERICO-DINCA-808x1024.png 808w, https:\/\/www.radiopiu.net\/wordpress\/wp-content\/uploads\/2020\/04\/FEDERICO-DINCA-768x973.png 768w, https:\/\/www.radiopiu.net\/wordpress\/wp-content\/uploads\/2020\/04\/FEDERICO-DINCA.png 1018w\" sizes=\"auto, (max-width: 169px) 100vw, 169px\" \/><\/a>ROMA\u00a0<\/strong>&#8220;<em>Con 245 voti favorevoli e 122 contrari \u00e8 stato dato il via libera definitivo alla Camera per il Decreto Scuola, all&#8217;interno del quale ci sono tutti gli interventi necessari affinch\u00e9 i nostri studenti possano tornare a settembre a studiare sui loro banchi, nelle loro classi e con i loro compagni.\u00a0<\/em><em>Proprio oggi, in molte regioni d&#8217;Italia, \u00e8 l&#8217;ultimo giorno di scuola, e voglio ringraziare gli insegnanti che con la loro dedizione e il loro impegno, attraverso la didattica a distanza, hanno saputo dare ai nostri ragazzi la possibilit\u00e0 di continuare a studiare, nonostante il lockdown.\u00a0Un grazie va anche alle famiglie italiane, ai genitori che hanno accompagnato i figli in questo percorso formativo eccezionale e ai nonni che hanno consentito alle famiglie di cavarsela. Un grazie anche a quei genitori che da soli e senza nonni ce l\u2019hanno fatta. Siete un grande esempio.\u00a0E un grazie, naturalmente, a tutti gli studenti che si sono adattati a questo &#8216;anno scolastico particolare&#8217;. Siete il futuro del Paese. Arrivederci a settembre<\/em>&#8220;.\u00a0Lo ha scritto su Facebook Federico D&#8217;Inc\u00e0, Ministro per i Rapporti con il Parlamento.<\/p>\n<div dir=\"auto\"><\/div>\n<div dir=\"auto\"><\/div>\n<div dir=\"auto\">\n<hr \/>\n<\/div>\n<blockquote>\n<h3 dir=\"auto\">TREVISO, CORSO DI LAUREA IN MEDICINA: IL GOVERNO IMPUGNA LA LEGGE. BOND, BARATTO, CORTELLAZZO (FI): L&#8217;IMPUGNATIVA PENALIZZA IL TERRITORIO, PRESENTEREMO INTERROGAZIONE AI MINISTRI<\/h3>\n<\/blockquote>\n<p><strong><a class=\"dt-pswp-item\" href=\"https:\/\/www.radiopiu.net\/wordpress\/wp-content\/uploads\/2019\/01\/Logo_Forza_Italia.svg_.png\" data-dt-img-description=\"\" data-large_image_width=\"1200\" data-large_image_height=\"996\"><img loading=\"lazy\" decoding=\"async\" class=\"size-medium wp-image-71880 alignleft\" src=\"https:\/\/www.radiopiu.net\/wordpress\/wp-content\/uploads\/2019\/01\/Logo_Forza_Italia.svg_-300x249.png\" alt=\"\" width=\"300\" height=\"249\" srcset=\"https:\/\/www.radiopiu.net\/wordpress\/wp-content\/uploads\/2019\/01\/Logo_Forza_Italia.svg_-300x249.png 300w, https:\/\/www.radiopiu.net\/wordpress\/wp-content\/uploads\/2019\/01\/Logo_Forza_Italia.svg_-768x637.png 768w, https:\/\/www.radiopiu.net\/wordpress\/wp-content\/uploads\/2019\/01\/Logo_Forza_Italia.svg_-1024x850.png 1024w, https:\/\/www.radiopiu.net\/wordpress\/wp-content\/uploads\/2019\/01\/Logo_Forza_Italia.svg_.png 1200w\" sizes=\"auto, (max-width: 300px) 100vw, 300px\" \/><\/a>VENEZIA<\/strong> \u201c<em>Presenteremo una interrogazione al ministro della Salute e al ministro dell\u2019Economia per capire quali siano le motivazioni che hanno portato ad avviare l\u2019impugnativa della legge regionale di istituzione, a Treviso, in pieno accordo con l&#8217;Universit\u00e0 di Padova, di un corso di laurea completo in medicina e chirurgia<\/em>\u201d. E\u2019 la reazione dei deputati di Forza Italia, Dario Bond, Raffaele Baratto, Piergiorgio Cortellazzo, rispetto all\u2019impugnativa del Consiglio dei Ministri della Legge regionale n. 10 del 14 aprile scorso in cui venivano attivati i corsi di laurea in medicina e chirurgia dell\u2019Universit\u00e0 di Padova presso l\u2019Ulss 2 a Treviso . \u201c<em>Abbiamo bisogno di una programmazione delle facolt\u00e0 di Medicina \u2013 proseguono i deputati veneti \u2013 che possa dare risposte tangibili ai bisogni sociali, alle esigenze emergenti e, anche per questo, sia spalmata sul territorio. Il corso di laurea a Treviso, tra l\u2019altro, \u00e8 stato istituito seguendo l\u2019iter previsto. Qualora sia stato rilevato un errore di forma, prima di far saltare un progetto cos\u00ec lungimirante e concreto \u00a0\u2013 nel caso specifico l\u2019obiettivo laureare pi\u00f9 medici, vista la carenza riscontrata in Italia prima ancora dell\u2019emergenza Covid &#8211; \u00a0occorre oggi trovare una soluzione immediata. E\u2019 il nostro territorio che lo chiede<\/em>\u201d.<\/p>\n<p>&nbsp;<\/p>\n<p>&nbsp;<\/p>\n<hr \/>\n<p>&nbsp;<\/p>\n<blockquote>\n<h3>IL MUSEO DELL\u2019OCCHIALE RIAPRE IN TOTALE SICUREZA\u00a0GRAZIE ALLA GENEROSITA\u2019 DI DUE IMPRENDITORI DEL TERRITORIO<\/h3>\n<\/blockquote>\n<p><strong><a class=\"dt-pswp-item\" href=\"https:\/\/www.radiopiu.net\/wordpress\/wp-content\/uploads\/2020\/06\/MUSEO-OCCHIALE-PIEVE.jpeg\" data-dt-img-description=\"\" data-large_image_width=\"1200\" data-large_image_height=\"900\"><img loading=\"lazy\" decoding=\"async\" class=\"size-medium wp-image-142847 alignleft\" src=\"https:\/\/www.radiopiu.net\/wordpress\/wp-content\/uploads\/2020\/06\/MUSEO-OCCHIALE-PIEVE-300x225.jpeg\" alt=\"\" width=\"300\" height=\"225\" srcset=\"https:\/\/www.radiopiu.net\/wordpress\/wp-content\/uploads\/2020\/06\/MUSEO-OCCHIALE-PIEVE-300x225.jpeg 300w, https:\/\/www.radiopiu.net\/wordpress\/wp-content\/uploads\/2020\/06\/MUSEO-OCCHIALE-PIEVE-1024x768.jpeg 1024w, https:\/\/www.radiopiu.net\/wordpress\/wp-content\/uploads\/2020\/06\/MUSEO-OCCHIALE-PIEVE-768x576.jpeg 768w, https:\/\/www.radiopiu.net\/wordpress\/wp-content\/uploads\/2020\/06\/MUSEO-OCCHIALE-PIEVE.jpeg 1200w\" sizes=\"auto, (max-width: 300px) 100vw, 300px\" \/><\/a>PIEVE DI CADORE\u00a0<\/strong>Dopo tre mesi di chiusura a causa dell\u2019emergenza legata al Coronavirus il Museo dell\u2019Occhiale riapre le sue porte al pubblico. Le visite si svolgeranno in totale sicurezza<span class=\"Apple-converted-space\">\u00a0 <\/span>grazie anche alla generosit\u00e0 di due imprenditori del territorio che hanno voluto donare al Museo i presidi necessari previsti dalla normativa: Fabrizio de Silvestro della Gatto Astucci, da sempre vicino al Museo, e Igino Genova della Tipografia Tiziano.\u00a0Un gesto importante per una piccola realt\u00e0 che ha visto in questi tre mesi il blocco di tutte le sue attivit\u00e0 e che vive con incertezza i mesi a venire non sapendo come reagir\u00e0 il pubblico culturale.\u00a0Tra le misure adottate: ingressi contingentati, itinerari obbligati, obbligo di visita con mascherina, dispenser con gel disinfettante.\u00a0<b>\u201c<\/b><em>Il museo, quindi, \u00e8 un luogo sicuro<\/em><em> \u2013 afferma la curatrice Laura Zandonella &#8211; che si pu\u00f2 visitare in tutta tranquillit\u00e0 perch\u00e9 non affollato, perch\u00e9 sono stati emanati stretti protocolli a cui tutti ci stiamo attenendo, perch\u00e9 gli ambienti vengono sanificati e igienizzati e si seguono precise e scrupolose norme di carattere medico-sanitario, e perch\u00e9 il personale \u00e8 attento e vigile affinch\u00e9 tutti possano essere al sicuro<\/em>.\u201d\u00a0\u201c<em>Siamo felici di riaprire le nostre porte \u2013 ribadisce Vittorio Tabacchi, presidente della Fondazione che gestisce il Museo &#8211; speranzosi che la gente abbia voglia di riavvicinarsi ai luoghi della cultura per riappropriarsi delle bellezze artistiche del nostro territorio<\/em>\u201d.\u00a0\u201c<em>Stiamo programmando alcune attivit\u00e0 per il periodo estivo \u2013 afferma Laura Zandonella \u2013 rivolte sia ad un pubblico adulto sia ai bambini. Tutte le attivit\u00e0 saranno a numero chiuso e su prenotazione per assicurare ai fruitori il rispetto delle norme vigenti<\/em>\u201d.<\/p>\n<p>&nbsp;<\/p>\n<p>&nbsp;<\/p>\n<hr \/>\n<p>&nbsp;<\/p>\n<blockquote>\n<h3>CHIUDE IL CENTRO OPERATIVO COMUNALE DELLA PROTEZIONE CIVILE A FELTRE<\/h3>\n<\/blockquote>\n<p><strong><a class=\"dt-pswp-item\" href=\"https:\/\/www.radiopiu.net\/wordpress\/wp-content\/uploads\/2020\/06\/90561531_2853234518090342_7491885349048680448_n.jpg\" data-dt-img-description=\"\" data-large_image_width=\"959\" data-large_image_height=\"720\"><img loading=\"lazy\" decoding=\"async\" class=\" wp-image-142844 alignleft\" src=\"https:\/\/www.radiopiu.net\/wordpress\/wp-content\/uploads\/2020\/06\/90561531_2853234518090342_7491885349048680448_n-300x225.jpg\" alt=\"\" width=\"183\" height=\"137\" srcset=\"https:\/\/www.radiopiu.net\/wordpress\/wp-content\/uploads\/2020\/06\/90561531_2853234518090342_7491885349048680448_n-300x225.jpg 300w, https:\/\/www.radiopiu.net\/wordpress\/wp-content\/uploads\/2020\/06\/90561531_2853234518090342_7491885349048680448_n-768x577.jpg 768w, https:\/\/www.radiopiu.net\/wordpress\/wp-content\/uploads\/2020\/06\/90561531_2853234518090342_7491885349048680448_n.jpg 959w\" sizes=\"auto, (max-width: 183px) 100vw, 183px\" \/><\/a>FELTRE<\/strong> Il sindaco di Feltre Paolo Perenzin ha disposto la chiusura del C.O.C. dopo 3 mesi esatti dalla sua apertura. Centro che era stato aperto il 4 marzo scorso per l&#8217;emergenza Covid-19. Visto l&#8217;andamento dell&#8217;epidemia, il primo cittadino ha emanato venerd\u00ec sera l&#8217;ordinanza di chiusura visto che allo stato attuale non vi sia pi\u00f9 la necessit\u00e0 di coordinare, anche tramite il volontariato, gli interventi di emergenza e di assistenza alla popolazione. Nei prossimi giorni si far\u00e0 un bilancio su questi 3 mesi di servizio. sar\u00e0 l&#8217;occasione per ringraziare tutti i volontari.<\/p>\n<p>&nbsp;<\/p>\n<p>&nbsp;<\/p>\n<hr \/>\n<p>&nbsp;<\/p>\n<blockquote>\n<h3>L\u201980% DEI DIPENDENTI HA IL CONTRATTO DI LAVORO SCADUTO. ENTRO FINE ANNO QUASI 1 MILIONE DI OCCUPATI IN MENO<\/h3>\n<\/blockquote>\n<p><a class=\"dt-pswp-item\" href=\"https:\/\/www.radiopiu.net\/wordpress\/wp-content\/uploads\/2020\/06\/Schermata-2020-06-06-alle-11.41.32.png\" data-dt-img-description=\"\" data-large_image_width=\"812\" data-large_image_height=\"572\"><img loading=\"lazy\" decoding=\"async\" class=\"size-medium wp-image-142812 alignleft\" src=\"https:\/\/www.radiopiu.net\/wordpress\/wp-content\/uploads\/2020\/06\/Schermata-2020-06-06-alle-11.41.32-300x211.png\" alt=\"\" width=\"300\" height=\"211\" srcset=\"https:\/\/www.radiopiu.net\/wordpress\/wp-content\/uploads\/2020\/06\/Schermata-2020-06-06-alle-11.41.32-300x211.png 300w, https:\/\/www.radiopiu.net\/wordpress\/wp-content\/uploads\/2020\/06\/Schermata-2020-06-06-alle-11.41.32-768x541.png 768w, https:\/\/www.radiopiu.net\/wordpress\/wp-content\/uploads\/2020\/06\/Schermata-2020-06-06-alle-11.41.32.png 812w\" sizes=\"auto, (max-width: 300px) 100vw, 300px\" \/><\/a>L\u2019Ufficio studi della CGIA segnala che oltre l\u201980 per cento dei lavoratori dipendenti del settore privato presente in Italia ha il contratto collettivo nazionale di lavoro scaduto. In termini assoluti, stiamo parlando di circa 12,6 milioni di operai e impiegati che attendono un rinnovo che, a seguito della recessione economica in atto, rischia di slittare anche quest\u2019anno, alimentando una ulteriore flessione della dinamica salariale (vedi Tab. 1). Afferma il coordinatore dell\u2019Ufficio studi Paolo Zabeo:<\/p>\n<p>\u201cVista la caduta verticale dei consumi delle famiglie e l\u2019andamento dell\u2019inflazione che nel corso dell\u2019anno scivoler\u00e0 verso il quadrante negativo, c\u2019\u00e8 la necessit\u00e0 di appesantire le buste paga per dare un impulso alla ripresa della domanda interna. Ovviamente, ci\u00f2 deve avvenire senza aumentare i costi fissi in capo alle aziende che, in questo periodo, non dispongono di risorse aggiuntive per farvi fronte. Pertanto, una strada percorribile potrebbe essere quella di ridurre per legge il costo del lavoro in capo ai dipendenti, in modo tale da trasferire questo risparmio fiscale e\/o contributivo nelle tasche degli operai e degli impiegati\u201d.<\/p>\n<p>Secondo il CNEL, i contratti collettivi nazionali di lavoro vigenti nel nostro Paese erano, al 31 dicembre 2019, 922. Di questi, 126 sono in scadenza quest\u2019anno. Dal dicembre del 2012, lo stock complessivo dei contratti \u00e8 salito del 67 per cento. Il settore che presenta il numero pi\u00f9 elevato di contratti \u00e8 il commercio (244), seguito dagli <a class=\"dt-pswp-item\" href=\"https:\/\/www.radiopiu.net\/wordpress\/wp-content\/uploads\/2020\/06\/Schermata-2020-06-06-alle-11.42.54.png\" data-dt-img-description=\"\" data-large_image_width=\"1266\" data-large_image_height=\"778\"><img loading=\"lazy\" decoding=\"async\" class=\"size-medium wp-image-142813 alignleft\" src=\"https:\/\/www.radiopiu.net\/wordpress\/wp-content\/uploads\/2020\/06\/Schermata-2020-06-06-alle-11.42.54-300x184.png\" alt=\"\" width=\"300\" height=\"184\" srcset=\"https:\/\/www.radiopiu.net\/wordpress\/wp-content\/uploads\/2020\/06\/Schermata-2020-06-06-alle-11.42.54-300x184.png 300w, https:\/\/www.radiopiu.net\/wordpress\/wp-content\/uploads\/2020\/06\/Schermata-2020-06-06-alle-11.42.54-1024x629.png 1024w, https:\/\/www.radiopiu.net\/wordpress\/wp-content\/uploads\/2020\/06\/Schermata-2020-06-06-alle-11.42.54-768x472.png 768w, https:\/\/www.radiopiu.net\/wordpress\/wp-content\/uploads\/2020\/06\/Schermata-2020-06-06-alle-11.42.54.png 1266w\" sizes=\"auto, (max-width: 300px) 100vw, 300px\" \/><\/a>enti e istituzioni private (114), edilizia (75), trasporti (70), agricoltura (53), aziende di servizi (47), poligrafici e spettacolo (43), alimentaristi-agroindustriale (42), metalmeccanici (36), chimici (33), tessili (29), credito e assicurazioni (28) e Amministrazione pubblica (19) (vedi Tab. 2). Dichiara il Segretario Renato Mason:<\/p>\n<p>\u201cSebbene negli ultimi anni il peso del fisco sulle retribuzioni risulti in calo, la dimensione del cuneo fiscale in Italia rimane ancora un forte ostacolo alla crescita, allo sviluppo degli investimenti e all\u2019espansione dell\u2019occupazione. Anche per queste ragioni bisogna ridurre le tasse ed i contributi sul lavoro, iniziando dalla componente riconducibile ai lavoratori dipendenti. Con buste paga pi\u00f9 pesanti, infatti, la domanda interna registrerebbe degli effetti positivi. Questo provvedimento, altres\u00ec, migliorerebbe anche i fatturati degli artigiani, dei piccoli commercianti e in generale dei lavoratori autonomi che vivono quasi esclusivamente dei consumi delle famiglie\u201d.<\/p>\n<p>Un discorso a parte va fatto sullo smart working. In questi mesi di lockdown, questa modalit\u00e0 di lavoro \u00e8 stata molto utilizzata, anche se i livelli di produttivit\u00e0 non sembrano essere stati particolarmente elevati.<\/p>\n<p>La CGIA ricorda che un ulteriore passo verso la giusta direzione avr\u00e0 luogo a partire dal prossimo primo luglio. In quella data, infatti, entrer\u00e0 in vigore la modifica ed estensione del cosiddetto \u201cbonus Renzi\u201d che porter\u00e0 nelle tasche dei lavoratori dipendenti, con reddito complessivo sino a 28 mila euro, 100 euro al mese (chi ne beneficiava gi\u00e0 di 80 euro al mese ne potr\u00e0 cos\u00ec ottenere 20 in pi\u00f9).<\/p>\n<p><a class=\"dt-pswp-item\" href=\"https:\/\/www.radiopiu.net\/wordpress\/wp-content\/uploads\/2020\/06\/Schermata-2020-06-06-alle-11.42.40.png\" data-dt-img-description=\"\" data-large_image_width=\"1274\" data-large_image_height=\"706\"><img loading=\"lazy\" decoding=\"async\" class=\"size-medium wp-image-142814 alignleft\" src=\"https:\/\/www.radiopiu.net\/wordpress\/wp-content\/uploads\/2020\/06\/Schermata-2020-06-06-alle-11.42.40-300x166.png\" alt=\"\" width=\"300\" height=\"166\" srcset=\"https:\/\/www.radiopiu.net\/wordpress\/wp-content\/uploads\/2020\/06\/Schermata-2020-06-06-alle-11.42.40-300x166.png 300w, https:\/\/www.radiopiu.net\/wordpress\/wp-content\/uploads\/2020\/06\/Schermata-2020-06-06-alle-11.42.40-1024x567.png 1024w, https:\/\/www.radiopiu.net\/wordpress\/wp-content\/uploads\/2020\/06\/Schermata-2020-06-06-alle-11.42.40-768x426.png 768w, https:\/\/www.radiopiu.net\/wordpress\/wp-content\/uploads\/2020\/06\/Schermata-2020-06-06-alle-11.42.40.png 1274w\" sizes=\"auto, (max-width: 300px) 100vw, 300px\" \/><\/a>Questo beneficio, inoltre, verr\u00e0 esteso anche ai lavoratori dipendenti con reddito complessivo compreso tra i 28 e i 40 mila euro, con importi decrescenti al crescere del reddito fino ad annullarsi al superamento dei 40 mila euro. Per questa misura il Governo metter\u00e0 in campo risorse aggiuntive per 1,3 miliardi di euro per l\u2019anno in corso e 3,5 miliardi di euro dal 2021.<\/p>\n<p>In termini occupazionali, il 2020 rischia di chiudersi con dati molto preoccupanti. Secondo una stima dell\u2019Ufficio studi della CGIA su dati della Banca d\u2019Italia, entro dicembre rischiamo una perdita di quasi 1 milione di posti di lavoro (precisamente 969.000 unit\u00e0). Se come parametro di riferimento prendiamo le unit\u00e0 di lavoro (vale a dire il numero di lavoratori che potenzialmente sono occupati 8 ore al giorno), le stesse si riducono di 2.370.000 unit\u00e0, facendo scendere lo stock complessivo degli occupati sotto i 22 milioni (vedi Tab. 3). Un dato mai cos\u00ec basso da 25 anni a questa parte (vedi Graf. 1).<\/p>\n<p><a class=\"dt-pswp-item\" href=\"https:\/\/www.radiopiu.net\/wordpress\/wp-content\/uploads\/2020\/06\/Schermata-2020-06-06-alle-11.42.08.png\" data-dt-img-description=\"\" data-large_image_width=\"812\" data-large_image_height=\"1176\"><img loading=\"lazy\" decoding=\"async\" class=\" wp-image-142815 alignleft\" src=\"https:\/\/www.radiopiu.net\/wordpress\/wp-content\/uploads\/2020\/06\/Schermata-2020-06-06-alle-11.42.08-207x300.png\" alt=\"\" width=\"138\" height=\"200\" srcset=\"https:\/\/www.radiopiu.net\/wordpress\/wp-content\/uploads\/2020\/06\/Schermata-2020-06-06-alle-11.42.08-207x300.png 207w, https:\/\/www.radiopiu.net\/wordpress\/wp-content\/uploads\/2020\/06\/Schermata-2020-06-06-alle-11.42.08-707x1024.png 707w, https:\/\/www.radiopiu.net\/wordpress\/wp-content\/uploads\/2020\/06\/Schermata-2020-06-06-alle-11.42.08-768x1112.png 768w, https:\/\/www.radiopiu.net\/wordpress\/wp-content\/uploads\/2020\/06\/Schermata-2020-06-06-alle-11.42.08.png 812w\" sizes=\"auto, (max-width: 138px) 100vw, 138px\" \/><\/a>Con un\u2019economia sempre pi\u00f9 in affanno, a pagare il conto saranno i lavoratori &#8211; siano essi autonomi o dipendenti &#8211; e le piccole imprese. Secondo l\u2019indagine campionaria Banca d\u2019Italia-Iseco tenutasi a met\u00e0 marzo, finalizzata a raccogliere informazioni riguardo gli effetti della pandemia sull\u2019attivit\u00e0 economica, nel primo semestre di quest\u2019anno la contrazione di fatturato dovrebbe colpire maggiormente le piccole imprese con meno di 50 addetti (-29 per cento), rispetto alle grandi, vale a dire quelle con pi\u00f9 di 500 addetti (-18 per cento). Se, da un lato, non ci sarebbero forti squilibri a livello territoriale, dall\u2019altro i settori pi\u00f9 colpiti riguarderebbero i servizi, in particolar modo il piccolo commercio, gli alberghi e la ristorazione. Nel settore manifatturiero, invece, il calo pi\u00f9 significativo si registrerebbe nel tessile, abbigliamento, calzature e nella metalmeccanica.<\/p>\n<p>&nbsp;<\/p>\n<hr \/>\n<p>&nbsp;<\/p>\n<p>&nbsp;<\/p>\n<blockquote class=\"wp-embedded-content\" data-secret=\"FhsTH6C4pj\"><p><a href=\"https:\/\/www.radiopiu.net\/wordpress\/a-don-gabriele-bernardi-di-gisella-canzian\/\">A DON GABRIELE BERNARDI di Gisella Canzian<\/a><\/p><\/blockquote>\n<p><iframe loading=\"lazy\" title=\"&#8220;A DON GABRIELE BERNARDI di Gisella Canzian&#8221; &#8212; Radio Pi\u00f9\" class=\"wp-embedded-content\" sandbox=\"allow-scripts\" security=\"restricted\" style=\"position: absolute; clip: rect(1px, 1px, 1px, 1px);\" src=\"https:\/\/www.radiopiu.net\/wordpress\/a-don-gabriele-bernardi-di-gisella-canzian\/embed\/#?secret=FhsTH6C4pj\" data-secret=\"FhsTH6C4pj\" width=\"600\" height=\"338\" frameborder=\"0\" marginwidth=\"0\" marginheight=\"0\" scrolling=\"no\"><\/iframe><\/p>\n<p>&nbsp;<\/p>\n<p>&nbsp;<\/p>\n<p>&nbsp;<\/p>\n<blockquote class=\"wp-embedded-content\" data-secret=\"t82vRqIFr4\"><p><a href=\"https:\/\/www.radiopiu.net\/wordpress\/dillo-a-radio-piu-alcune-precisazioni-sul-sostituto-di-don-gabriele\/\">DILLO A RADIO PIU&#8217;&#8230;ALCUNE PRECISAZIONI SUL SOSTITUTO DI DON GABRIELE<\/a><\/p><\/blockquote>\n<p><iframe loading=\"lazy\" title=\"&#8220;DILLO A RADIO PIU&#8217;&#8230;ALCUNE PRECISAZIONI SUL SOSTITUTO DI DON GABRIELE&#8221; &#8212; Radio Pi\u00f9\" class=\"wp-embedded-content\" sandbox=\"allow-scripts\" security=\"restricted\" style=\"position: absolute; clip: rect(1px, 1px, 1px, 1px);\" src=\"https:\/\/www.radiopiu.net\/wordpress\/dillo-a-radio-piu-alcune-precisazioni-sul-sostituto-di-don-gabriele\/embed\/#?secret=t82vRqIFr4\" data-secret=\"t82vRqIFr4\" width=\"600\" height=\"338\" frameborder=\"0\" marginwidth=\"0\" marginheight=\"0\" scrolling=\"no\"><\/iframe><\/p>\n<p>&nbsp;<\/p>\n<hr \/>\n<p>&nbsp;<\/p>\n<h2>IERI ALLA RADIO<\/h2>\n<h3><span style=\"color: #ff0000;\">LA RASSEGNA STAMPA DALL&#8217;AMICO DEL POPOLO di Gianni Santomaso<\/span><\/h3>\n<audio class=\"wp-audio-shortcode\" id=\"audio-142800-5\" preload=\"none\" style=\"width: 100%;\" controls=\"controls\"><source type=\"audio\/mpeg\" src=\"https:\/\/www.radiopiu.net\/wordpress\/wp-content\/uploads\/2020\/06\/RASSEGNA-GIANNI.mp3?_=5\" \/><a href=\"https:\/\/www.radiopiu.net\/wordpress\/wp-content\/uploads\/2020\/06\/RASSEGNA-GIANNI.mp3\">https:\/\/www.radiopiu.net\/wordpress\/wp-content\/uploads\/2020\/06\/RASSEGNA-GIANNI.mp3<\/a><\/audio>\n<p>&nbsp;<\/p>\n<h3><span style=\"color: #800080;\">DUE MINUTI UN LIBRO<\/span><\/h3>\n<blockquote class=\"wp-embedded-content\" data-secret=\"V16szyjvZm\"><p><a href=\"https:\/\/www.radiopiu.net\/wordpress\/per-il-mio-bene\/\">PER IL MIO BENE<\/a><\/p><\/blockquote>\n<p><iframe loading=\"lazy\" title=\"&#8220;PER IL MIO BENE&#8221; &#8212; Radio Pi\u00f9\" class=\"wp-embedded-content\" sandbox=\"allow-scripts\" security=\"restricted\" style=\"position: absolute; clip: rect(1px, 1px, 1px, 1px);\" src=\"https:\/\/www.radiopiu.net\/wordpress\/per-il-mio-bene\/embed\/#?secret=V16szyjvZm\" data-secret=\"V16szyjvZm\" width=\"600\" height=\"338\" frameborder=\"0\" marginwidth=\"0\" marginheight=\"0\" scrolling=\"no\"><\/iframe><\/p>\n<p><strong>LE ALTRE PUNTATE\u00a0<\/strong><\/p>\n<blockquote class=\"wp-embedded-content\" data-secret=\"luDkzjawHw\"><p><a href=\"https:\/\/www.radiopiu.net\/wordpress\/due-minuti-un-libro\/\">Due minuti un libro<\/a><\/p><\/blockquote>\n<p><iframe loading=\"lazy\" title=\"&#8220;Due minuti un libro&#8221; &#8212; Radio Pi\u00f9\" class=\"wp-embedded-content\" sandbox=\"allow-scripts\" security=\"restricted\" style=\"position: absolute; clip: rect(1px, 1px, 1px, 1px);\" src=\"https:\/\/www.radiopiu.net\/wordpress\/due-minuti-un-libro\/embed\/#?secret=luDkzjawHw\" data-secret=\"luDkzjawHw\" width=\"600\" height=\"338\" frameborder=\"0\" marginwidth=\"0\" marginheight=\"0\" scrolling=\"no\"><\/iframe><\/p>\n<h3><span style=\"color: #99cc00;\">AGORDINOMERON<\/span><\/h3>\n<p><iframe loading=\"lazy\" class=\"wp-embedded-content\" title=\"\u201cAGORDINOMERON, IL TERRITORIO SI RACCONTA Da un\u2019idea di Gianni Santomaso\u201d \u2014 Radio Pi\u00f9\" src=\"https:\/\/www.radiopiu.net\/wordpress\/agordinomeron\/embed\/#?secret=xS6Ggz5JcN\" width=\"600\" height=\"346\" frameborder=\"0\" marginwidth=\"0\" marginheight=\"0\" scrolling=\"no\" sandbox=\"allow-scripts\" data-secret=\"xS6Ggz5JcN\" data-mce-fragment=\"1\"><\/iframe><\/p>\n<h3><span style=\"color: #33cccc;\">IL MESSAGGIO DEI SACERDOTI A RADIO PIU\u2019<\/span><\/h3>\n<p><iframe loading=\"lazy\" class=\"wp-embedded-content\" title=\"\u201cDON CESARE SU RADIO PIU\u2019 ALLE 7.30 E 19.30, PARROCCHIE DI AGORDO, LA VALLE E TAIBON\u201d \u2014 Radio Pi\u00f9\" src=\"https:\/\/www.radiopiu.net\/wordpress\/chiesa\/embed\/#?secret=bYFn7SGIwr\" width=\"600\" height=\"381\" frameborder=\"0\" marginwidth=\"0\" marginheight=\"0\" scrolling=\"no\" sandbox=\"allow-scripts\" data-secret=\"bYFn7SGIwr\" data-mce-fragment=\"1\"><\/iframe><\/p>\n<p>&nbsp;<\/p>\n<hr \/>\n<p>&nbsp;<\/p>\n<p><strong class=\"photoswipe-wrapper\"><a class=\"dt-pswp-item pspw-wrap-ready\" href=\"https:\/\/i0.wp.com\/www.radiopiu.net\/wordpress\/wp-content\/uploads\/2018\/09\/viabilita.jpeg?ssl=1\" data-dt-img-description=\"\" data-large_image_width=\"800\" data-large_image_height=\"100\"><img loading=\"lazy\" decoding=\"async\" class=\"aligncenter wp-image-61954 size-full jetpack-lazy-image jetpack-lazy-image--handled\" src=\"https:\/\/i0.wp.com\/www.radiopiu.net\/wordpress\/wp-content\/uploads\/2018\/09\/viabilita.jpeg?resize=800%2C100&amp;ssl=1\" sizes=\"auto, (max-width: 800px) 100vw, 800px\" srcset=\"https:\/\/i0.wp.com\/www.radiopiu.net\/wordpress\/wp-content\/uploads\/2018\/09\/viabilita.jpeg?w=800&amp;ssl=1 800w, https:\/\/i0.wp.com\/www.radiopiu.net\/wordpress\/wp-content\/uploads\/2018\/09\/viabilita.jpeg?resize=300%2C38&amp;ssl=1 300w, https:\/\/i0.wp.com\/www.radiopiu.net\/wordpress\/wp-content\/uploads\/2018\/09\/viabilita.jpeg?resize=768%2C96&amp;ssl=1 768w\" alt=\"\" width=\"800\" height=\"100\" data-lazy-loaded=\"1\" \/><\/a><\/strong><\/p>\n<p><strong>\u00a0<\/strong><\/p>\n<p>PROVINCIALE 20 DELLA VAL FIORENTINA, SELVA DI CADORE: FINO AL 13 GIUGNO, CHIUSURA TOTALE TRA SOLATOR E IL CENTRO DEL PAESE ANCHE NEI GIORNI FESTIVI E PREFESTIVI, DAL CHILOMETRO 4.850 AL CHILOMETRO 5.100. TRANSITO CONSENTITO AI LOCALI CON TEMPI DI ATTESA MASSIMI STIMATI IN 30 MINUTI IN LOCALITA\u2019 SOLATOR DAL CHILOMETRO 4.400 AL CHILOMETRO 4.850<\/p>\n<p>REGIONALE 48 DELLE DOLOMITI, LOCALIT\u00c0 POCOL INIZIO ABITATO CORTINA,FINO\u00a0 AL 12 GIUGNO SEMAFORO PER TRATTI DI 250 METRI ANCHE NEI GIORNI FESTIVI E PREFESTIVI<\/p>\n<p>REGIONALE 203 AGORDINA FINO AL 15 GIUGNO IN LOCALIT\u00c0 LA MUDA DEVIAZIONE SU VIABILIT\u00c0 PROVVISORIA, PRUDENZA<\/p>\n<p>PROVINCIALE 12 PEDEMONTANA LOCALIT\u00c0 PONTE MAS, CHIUSURA TOTALE DI PONTE MAS FINO\u00a0 AL 30 GIUGNO<\/p>\n<p>STRADA REGIONALE 48 DELLE DOLOMITI, DAL KM 110,350 AL KM 112, SENSO UNICO ALTERNATO REGOLATO DA IMPIANTO SEMAFORICO ANCHE SABATO E FESTIVI FINO\u00a0 AL 30 GIUGNO PER POSA ELETTRODOTTO INTERRATO<\/p>\n<p>PROVINCIALE 563 DI SALESEI, FINO\u00a0 AL 3 LUGLIO, SENSO UNICO ALTERNATO REGOLATO DA IMPIANTO SEMAFORICO IN LOCALIT\u00c0 DIGONERA PER MESSA IN SICUREZZA PIANO VIABILE, SABATO E FESTIVI INCLUSI<\/p>\n<p>REGIONALE 203 AGORDINA, CANDATEN-LA STANGA, FINO\u00a0 AL 30 GIUGNO INCLUSI SABATO E DOMENICA DALLE 7.30 ALLE 9 E DALLE 16.30 ALLE 18 SENSO UNICO ALTERNATO CON MOVIERI, NEGLI ALTRI PERIODI SENSO UNICO CON SEMAFORO.<\/p>\n<p>PROVINCIALE 563 DI SALESEI, FINO AL\u00a0 19 GIUGNO, DOMENICHE E FESTIVI ESCLUSI, SENSO UNICO ALTERNATO REGOLATO DA IMPIANTO SEMAFORICO E POSSIBILI BREVI INTERRUZIONI AL TRAFFICO DI 15 MINUTI PER MESSA IN SICUREZZA VERSANTE A MONTE DELLA STRADA<\/p>\n<p>STRADA PROVINCIALE 346 DEL SAN PELLEGRINO, NEI COMUNI DI FALCADE, CANALE E VALLADA, FINO\u00a0 AL 3 LUGLIO, INCLUSI SABATI E DOMENICHE, POSSIBILE ISTITUZIONE DI SENSO UNICO ALTERNATO REGOLATO DA MOVIERI PER SOSTITUZIONE CONDUTTORI E MANUTENZIONE LINEA ELETTRICA ALTA TENSIONE<\/p>\n<p>REGIONALE 203 AGORDINA, NEL COMUNE DI CENCENIGHE, FINO\u00a0 AL 3 LUGLIO, INCLUSI SABATI E DOMENICHE, POSSIBILE ISTITUZIONE DI SENSO UNICO ALTERNATO REGOLATO DA MOVIERI PER SOSTITUZIONE CONDUTTORI E MANUTENZIONE LINEA ELETTRICA ALTA TENSIONE<\/p>\n<p>STRADA PROVINCIALE 422 DELL\u2019ALPAGO E DEL CANSIGLIO, FINO AL\u00a0 19 GIUGNO, DALLE 8 ALLE 19, SENSO UNICO ALTERNATO REGOLATO DA IMPIANTO SEMAFORICO O MOVIERE PER POSA FIBRA OTTICA<\/p>\n<p>STRADA PROVINCIALE 346 DEL SAN PELLEGRINO, NEL COMUNE DI VALLADA AGORDINA\u00a0 FINO AL\u00a0 19 GIUGNO SENSO UNICO ALTERNATO REGOLATO DA IMPIANTO SEMAFORICO PER MESSA IN SICUREZZA BARRIERE DI PROTEZIONE LATERALI<\/p>\n<p>STRADA REGIONA 203 AGORDINA, TRA MAS DI SEDICO E CERNADOI SU TRATTI SALTUARI DI STRADA, FINO\u00a0 AL 30 GIUGNO, ESCLUSO SABATO E DOMENICA, SENSO UNICO ALTERNATO REGOLATO DA IMPIANTO SEMAFORICO PER MESSA IN SICUREZZA BARRIERE DI PROTEZIONE LATERALI<\/p>\n<p>STRADA PROVINCIALE 347 DEL PASSO CEREDA E DURAN, NEL COMUNE DI GOSALDO (LOC. SANT\u2019ANDREA),\u00a0 FINO\u00a0 AL 20 GIUGNO SENSO UNICO ALTERNATO REGOLATO DA IMPIANTO SEMAFORICO PER MESSA IN SICUREZZA DELLA STRADA<\/p>\n<p>STRADA PROVINCIALE 347 DEL PASSO CEREDA E DURAN, NEL COMUNE DI AGORDO, FINO\u00a0 AL 12 GIUGNO SENSO UNICO ALTERNATO REGOLATO DA IMPIANTO SEMAFORICO PER POSA FIBRA OTTICA<\/p>\n<p>STRADA REGIONALE 48 DELLE DOLOMITI, NEL COMUNE DI LIVINALLONGO DEL COL DI LANA IN LOCALITA\u2019 ANDRAZ, FINO\u00a0 AL 30 GIUGNO SENSO UNICO ALTERNATO REGOLATO DA IMPIANTO SEMAFORICO O MOVIERE CON POSSIBILI BREVI INTERRUZIONI TOTALI AL TRAFFICO DELLA DURATA MASSIMA DI 10 MINUTI, PER LAVORI DI MESSA IN SICUREZZA DEL VERSANTE<\/p>\n<p>STRADA PROVINCIALE 641 DEL PASSO FEDAIA, A SOTTOGUDA DI ROCCA PIETORE, DALL\u2019 8 AL 19 GIUGNO, DALLE 7 ALLE 12 E DALLE 13 ALLE 18 ESCLUSI SABATO E DOMENICA, SENSO UNICO ALTERNATO REGOLATO DA MOVIERI PER RIPRISTINO PIANO VIABILE SU CAVIDOTTO MEDIA TENSIONE.<\/p>\n<p>STRADA PROVINCIALE 347 DEL PASSO CEREDA E DURAN, COMUNE DI VAL DI ZOLDO LOCALITA\u2019 CORNIGIAN, FINO AL 10 GIUGNO DALLE 7 ALLE 18\u00a0SENSO UNICO ALTERNATO REGOLATO DA IMPIANTO SEMAFORICO PER RICERCHE GEOGNOSTICHE<\/p>\n<p>48 DELLE DOLOMITI, LOCALITA\u2019 ANDRAZ DI LIVINALLONGO, DALL\u20198 GIUGNO AL 26 GIUGNO SENSO UNICO CON SEMAFORO<\/p>\n<p>PROVINCIALE 563 DI SALESEI, LIVINALLONGO: CHIUSURA.<br \/>\nNEI GIORNI 9 E 10 GIUGNO CHIUSURA TOTALE ALLA CIRCOLARZIONE STRADALE DALLE 8 ALLE 12 E DALLE 13 ALLE 17.30 IN LOCALITA\u2019 PIAN DI SALESEI PER RIMOZIONE MASSA ROCCIOSA A MONTE DELLA STRADA. NEGLI ALTRI ORARI SENSO UNICO ALTERNATO CON SEMAFORO<\/p>\n<p>&nbsp;<\/p>\n<hr \/>\n<p>&nbsp;<\/p>\n<h3><a class=\"dt-pswp-item\" href=\"https:\/\/www.radiopiu.net\/wordpress\/wp-content\/uploads\/2018\/09\/sport.jpg\" data-dt-img-description=\"\" data-large_image_width=\"800\" data-large_image_height=\"100\"><img loading=\"lazy\" decoding=\"async\" class=\"aligncenter wp-image-60761 size-full\" src=\"https:\/\/www.radiopiu.net\/wordpress\/wp-content\/uploads\/2018\/09\/sport.jpg\" alt=\"\" width=\"800\" height=\"100\" srcset=\"https:\/\/www.radiopiu.net\/wordpress\/wp-content\/uploads\/2018\/09\/sport.jpg 800w, https:\/\/www.radiopiu.net\/wordpress\/wp-content\/uploads\/2018\/09\/sport-300x38.jpg 300w, https:\/\/www.radiopiu.net\/wordpress\/wp-content\/uploads\/2018\/09\/sport-768x96.jpg 768w\" sizes=\"auto, (max-width: 800px) 100vw, 800px\" \/><\/a><\/h3>\n<h3><\/h3>\n<blockquote>\n<h3>LA CAMIGNADA POI SI\u00c8 REFUGE 2020 \u00c8 ANNULLATA<\/h3>\n<\/blockquote>\n<p><strong><a class=\"dt-pswp-item\" href=\"https:\/\/www.radiopiu.net\/wordpress\/wp-content\/uploads\/2020\/06\/camignada-04.08.2019-9.jpg\" data-dt-img-description=\"\" data-large_image_width=\"1500\" data-large_image_height=\"1000\"><img loading=\"lazy\" decoding=\"async\" class=\"size-medium wp-image-142822 alignleft\" src=\"https:\/\/www.radiopiu.net\/wordpress\/wp-content\/uploads\/2020\/06\/camignada-04.08.2019-9-300x200.jpg\" alt=\"\" width=\"300\" height=\"200\" srcset=\"https:\/\/www.radiopiu.net\/wordpress\/wp-content\/uploads\/2020\/06\/camignada-04.08.2019-9-300x200.jpg 300w, https:\/\/www.radiopiu.net\/wordpress\/wp-content\/uploads\/2020\/06\/camignada-04.08.2019-9-1024x683.jpg 1024w, https:\/\/www.radiopiu.net\/wordpress\/wp-content\/uploads\/2020\/06\/camignada-04.08.2019-9-768x512.jpg 768w, https:\/\/www.radiopiu.net\/wordpress\/wp-content\/uploads\/2020\/06\/camignada-04.08.2019-9.jpg 1500w\" sizes=\"auto, (max-width: 300px) 100vw, 300px\" \/><\/a>AURONZO DI CADORE\u00a0<\/strong>Anche la Camignada poi si\u00e8 refuge, storico evento della corsa in montagna proposto dalla sezione di Auronzo del Club Apino Italiano, decide di fermarsi e rinunciare all\u2019edizione 2020.\u00a0\u00ab<em>Causa emergenza Covid-19, siamo costretti a rinunciare all\u2019edizione 2020 della Camignada\u00bb dice il presidente del Cai di Auronzo, Stefano Muzzi. \u00abCome tutte le organizzazioni sportive, ci siamo trovati e ci troviamo di fronte a una situazione senza precedenti. Nelle settimane scorse abbiamo sospeso le iscrizioni e ci siamo presi un periodo di riflessione per valutare al meglio ogni aspetto legato alla Camignada, in relazione all\u2019evolversi della situazione sanitaria e delle normative.\u00a0Una manifestazione come quella che proponiamo da quasi mezzo secolo, con oltre un migliaio di partecipanti e centinaia di volontari lungo il percorso, una festa della montagna prima ancora di una gara, non permette di garantire gli standard di sicurezza richiesti. La decisione che abbiamo assunto, pur dolorosa, crediamo sia la scelta pi\u00f9 responsabile per assicurare la sicurezza di partecipanti e staff organizzativo. Vivere la montagna, del resto, significa a volte anche saper rinunciare a proseguire verso la vetta<\/em>\u00bb.\u00a0\u00ab<em>Diamo dunque l\u2019arrivederci al prossimo anno\u00bb dice ancora Muzzi.\u00abL\u2019appuntamento \u00e8 per domenica 1 agosto 2021, per una giornata alla quale abbiamo gi\u00e0 iniziato a lavorare e che vogliamo rappresenti un qualcosa di speciale, per ogni concorrente e per la storia della Camignada. Segnaliamo inoltre che i concorrenti che si fossero gi\u00e0 iscritti all\u2019edizione 2020 hanno due possibilit\u00e0: confermare l&#8217;adesione per l&#8217;edizione 2021 oppure richiedere il rimborso integrale della quota<\/em>\u00bb.<\/p>\n<p>&nbsp;<\/p>\n<p>&nbsp;<\/p>\n<hr \/>\n<p>&nbsp;<\/p>\n<p class=\"photoswipe-wrapper\"><a class=\"dt-pswp-item pspw-wrap-ready\" href=\"https:\/\/i0.wp.com\/www.radiopiu.net\/wordpress\/wp-content\/uploads\/2018\/09\/WhatsApp-Image-2018-09-20-at-16.04.06.jpeg?ssl=1\" data-dt-img-description=\"\" data-large_image_width=\"800\" data-large_image_height=\"100\"><img loading=\"lazy\" decoding=\"async\" class=\"aligncenter wp-image-61378 size-full jetpack-lazy-image jetpack-lazy-image--handled\" src=\"https:\/\/i0.wp.com\/www.radiopiu.net\/wordpress\/wp-content\/uploads\/2018\/09\/WhatsApp-Image-2018-09-20-at-16.04.06.jpeg?resize=800%2C100&amp;ssl=1\" sizes=\"auto, (max-width: 800px) 100vw, 800px\" srcset=\"https:\/\/i0.wp.com\/www.radiopiu.net\/wordpress\/wp-content\/uploads\/2018\/09\/WhatsApp-Image-2018-09-20-at-16.04.06.jpeg?w=800&amp;ssl=1 800w, https:\/\/i0.wp.com\/www.radiopiu.net\/wordpress\/wp-content\/uploads\/2018\/09\/WhatsApp-Image-2018-09-20-at-16.04.06.jpeg?resize=300%2C38&amp;ssl=1 300w, https:\/\/i0.wp.com\/www.radiopiu.net\/wordpress\/wp-content\/uploads\/2018\/09\/WhatsApp-Image-2018-09-20-at-16.04.06.jpeg?resize=768%2C96&amp;ssl=1 768w\" alt=\"\" width=\"800\" height=\"100\" data-lazy-loaded=\"1\" \/><\/a><\/p>\n<p>&nbsp;<\/p>\n<p><center><b>Domenica 7<\/b><\/center><b>Tempo atteso:\u00a0<\/b>Peggioramento del tempo nel corso della mattinata con intensificazione della nuvolosit\u00e0 e prime precipitazioni sparse. Al pomeriggio\/sera tempo perturbato con cielo coperto e fenomeni diffusi. Clima uggioso con debole escursione termica giornaliera.<br \/>\n<b>Precipitazioni:\u00a0<\/b>Al mattino crescente probabilit\u00e0 per primi fenomeni fino a medio-alta entro la tarda mattinata (60\/80%). Al pomeriggio precipitazioni diffuse e persistenti (90\/100%), a tratti di moderata intensit\u00e0. Non escluso temporali, in qualche caso intensi sulle Prealpi. La neve cadr\u00e0 sulle cime dolomitiche pi\u00f9 alte, scendendo sui 2800 m solo alla sera. Gli apporti di pioggia saranno significativi con 25\/35 mm\/24h, localmente fino a 40\/50 mm nei settori di Stau prealpini.<br \/>\n<b>Temperature:\u00a0<\/b>Minime in generale aumento; massime stazionarie in alta quota e in calo nelle valli. Sono previste punte di 18\/19\u00b0C nei fondovalle Prealpini e di 13\/15\u00b0C a 1000\/1200 m. Su Prealpi a 1500 m min 9\u00b0C max 12\u00b0C, a 2000 m min 7\u00b0C max 9\u00b0C. Su Dolomiti a 2000 m min 6\u00b0C max 8\u00b0C, a 3000 m min 0\u00b0C max 1\u00b0C.<br \/>\n<b>Venti:\u00a0<\/b>Deboli di direzione variabile nelle valli; moderati da sud-ovest in quota, a tratti tesi sui crinali prealpini e sulle vette dolomitiche pi\u00f9 alte al pomeriggio, a 10-25 km\/h a 2000 m, a 15-35 km\/h a 3000 m.<\/p>\n<hr \/>\n<p><center><b>Lunedi 8<\/b><\/center><b>Tempo atteso:\u00a0<\/b>Persistenza del maltempo con cielo coperto e alta probabilit\u00e0 di precipitazioni, anche intermittenti, ma in ogni caso la giornata sar\u00e0 all&#8217;insegna della perturbabilit\u00e0. Clima uggioso e fresco con debole escursione termica giornaliera.<br \/>\n<b>Precipitazioni:\u00a0<\/b>Probabilit\u00e0 molto alta di precipitazioni intermittenti (90\/100%), a tratti diffuse e moderate. Il rischio temporalesco sar\u00e0 assai remoto. La neve cadr\u00e0 sulle cime dolomitiche pi\u00f9 alte, scendendo temporaneamente sui 2700\/2800 m. Gli apporti medi di pioggia saranno pi\u00f9 contenuti rispetto a domenica con 15\/30 mm\/24h, tuttavia, localmente non si escludono massimi di 40\/50 mm, piogge nuove da sommare con quelle cadute domenica.<br \/>\n<b>Temperature:\u00a0<\/b>Senza notevoli variazioni rispetto a domenica o in leggerissima diminuzione. Su Prealpi a 1500 m min 8\u00b0C max 11\u00b0C, a 2000 m min 6\u00b0C max 8\u00b0C. Su Dolomiti a 2000 m min 5\u00b0C max 7\u00b0C, a 3000 m min -1\u00b0C max 0\u00b0C.<br \/>\n<b>Venti:\u00a0<\/b>Deboli di direzione variabile nelle valli; deboli da sud al mattino e da sud-est al pomeriggio, a 5-10 km\/h sia a 2000 che a 3000 m.<\/p>\n<hr \/>\n<p><center><b>Martedi 9<\/b><\/center>Persistenza del cielo molto nuvoloso o coperto, assieme ad alta probabilit\u00e0 di precipitazioni, spesso diffuse anche a carattere di rovescio ed a tratti moderate. La neve cadr\u00e0 sui 2700\/2800 m, eccetto qualche sporadica imbiancata appena pi\u00f9 in basso tra la notte e il primo mattino. Le piogge complessive tra domenica e marted\u00ec risulteranno assai abbondanti, come la neve oltre i 3000 m. Temperature in leggera diminuzione. Venti deboli di direzione variabile nelle valli e deboli, a tratti moderati, da sud sud-est in quota.<\/p>\n<hr \/>\n<p><center><b>Mercoledi 10<\/b><\/center>Cielo ancora molto nuvoloso\/coperto con ulteriori piogge intermittenti e meno diffuse. Temperature pressoch\u00e9 stazionarie, salvo leggeri aumenti in caso di schiarite. Venti deboli di direzione variabile nelle valli e deboli, a tratti moderati, dai quadranti orientali in quota. Previsore: R.L.Th.<\/p>\n","protected":false},"excerpt":{"rendered":"<p>PER RICEVERE QUESTO NOTIZIARIO DIRETTAMENTE SUL TUO CELLULARE ISCRIVITI AL CANALE TELEGRAM\u00a0\u201cRADIO PIU\u00a0 INFORMAZIONE\u201d\u00a0 &nbsp; IL RITORNO DEL PERSONAGGIO. di Mirko Mezzacasa Carlo Budel dopo quasi tre mesi trascorsi in Asia dove era rimasto bloccato per l&#8217;emergenza Covid-19 \u00e8 finalmente riuscito a tornare in Italia, nella sua San Gregorio nelle Alpi dove rimarr\u00e0 per pochi&hellip;<\/p>\n","protected":false},"author":4,"featured_media":142813,"comment_status":"closed","ping_status":"closed","sticky":false,"template":"","format":"standard","meta":{"_monsterinsights_skip_tracking":false,"_monsterinsights_sitenote_active":false,"_monsterinsights_sitenote_note":"","_monsterinsights_sitenote_category":0,"footnotes":""},"categories":[1,86,49],"tags":[],"class_list":["post-142800","post","type-post","status-publish","format-standard","has-post-thumbnail","hentry","category-senza-categoria","category-gr","category-news-18","category-1","category-86","category-49","description-off"],"img_url":"https:\/\/www.radiopiu.net\/wordpress\/wp-content\/uploads\/2020\/06\/Schermata-2020-06-06-alle-11.42.54.png","_links":{"self":[{"href":"https:\/\/www.radiopiu.net\/wordpress\/wp-json\/wp\/v2\/posts\/142800","targetHints":{"allow":["GET"]}}],"collection":[{"href":"https:\/\/www.radiopiu.net\/wordpress\/wp-json\/wp\/v2\/posts"}],"about":[{"href":"https:\/\/www.radiopiu.net\/wordpress\/wp-json\/wp\/v2\/types\/post"}],"author":[{"embeddable":true,"href":"https:\/\/www.radiopiu.net\/wordpress\/wp-json\/wp\/v2\/users\/4"}],"replies":[{"embeddable":true,"href":"https:\/\/www.radiopiu.net\/wordpress\/wp-json\/wp\/v2\/comments?post=142800"}],"version-history":[{"count":0,"href":"https:\/\/www.radiopiu.net\/wordpress\/wp-json\/wp\/v2\/posts\/142800\/revisions"}],"wp:featuredmedia":[{"embeddable":true,"href":"https:\/\/www.radiopiu.net\/wordpress\/wp-json\/wp\/v2\/media\/142813"}],"wp:attachment":[{"href":"https:\/\/www.radiopiu.net\/wordpress\/wp-json\/wp\/v2\/media?parent=142800"}],"wp:term":[{"taxonomy":"category","embeddable":true,"href":"https:\/\/www.radiopiu.net\/wordpress\/wp-json\/wp\/v2\/categories?post=142800"},{"taxonomy":"post_tag","embeddable":true,"href":"https:\/\/www.radiopiu.net\/wordpress\/wp-json\/wp\/v2\/tags?post=142800"}],"curies":[{"name":"wp","href":"https:\/\/api.w.org\/{rel}","templated":true}]}}