{"id":142809,"date":"2020-06-06T11:43:01","date_gmt":"2020-06-06T09:43:01","guid":{"rendered":"https:\/\/www.radiopiu.net\/wordpress\/?p=142809"},"modified":"2020-06-06T11:43:01","modified_gmt":"2020-06-06T09:43:01","slug":"sostegno-psicologico-covid-360-interventi-in-80-giorni","status":"publish","type":"post","link":"https:\/\/www.radiopiu.net\/wordpress\/sostegno-psicologico-covid-360-interventi-in-80-giorni\/","title":{"rendered":"SOSTEGNO PSICOLOGICO COVID: 360 INTERVENTI IN 80 GIORNI"},"content":{"rendered":"<p class=\"p1\"><span class=\"s1\"><b><a class=\"dt-pswp-item\" href=\"https:\/\/www.radiopiu.net\/wordpress\/wp-content\/uploads\/2016\/01\/Ospedale_San_Martino_Belluno_2014.jpg\" data-dt-img-description=\"\" data-large_image_width=\"699\" data-large_image_height=\"376\"><img loading=\"lazy\" decoding=\"async\" class=\"size-medium wp-image-15416 alignleft\" src=\"https:\/\/www.radiopiu.net\/wordpress\/wp-content\/uploads\/2016\/01\/Ospedale_San_Martino_Belluno_2014-300x161.jpg\" alt=\"\" width=\"300\" height=\"161\" \/><\/a>BELLUNO<\/b>\u00a0<\/span><span class=\"s2\">360 interventi in 80 giorni: E\u2019 quanto \u00e8 stato fatto nell\u2019ambito del progetto \u201cSostegno Psicologico COVID\u201d promosso dalla\u2019Ulss Dolomiti in collaborazione con l\u2019AIL sezione di Belluno e il Fondo Welfare Dolomiti della Provincia a partire da marzo. <\/span><span class=\"s2\">Incertezza, ansia e paura, impotenza e tensione emotiva, nervosismo e malesseri fisici. Sono alcune delle forme di disagio che inevitabilmente \u2013 in misura maggiore o minore e a seconda di et\u00e0, salute, stile precedente di vita come anche situazione socio economica \u2013 ognuno ha vissuto in questo periodo di emergenza covid19 . Nella fase dell\u2019emergenza in cui la preoccupazione era pi\u00f9 forte, la UOSD di Psicologia Ospedaliera si \u00e8 fatta promotrice dell\u2019attivit\u00e0 di sostegno psicologico secondo il modello della psicologia dell\u2019emergenza, partendo dalle persone malate e da chi le cura (cittadini in isolamento fiduciario o in quarantena, pazienti e famigliari oltre che sanitari dei reparti covid). Il sostegno \u00e8 stato poi via via allargato. <\/span><span class=\"s2\">Ad oggi sono stati fatti: <\/span><span class=\"s2\">152 colloqui a favore di 39 persone Covid positive o in isolamento fiduciario, <\/span><span class=\"s2\">83 colloqui di supporto a 11 famiglie di persone ricoverate per Covid+, <\/span><span class=\"s2\">44 colloqui di supporto nell\u2019elaborazione del lutto a 8 familiari, <\/span><span class=\"s2\">8 reparti ospedalieri e 6 Case di Riposo formate nella tecnica del Defusing, <\/span><span class=\"s2\">19 incontri di gruppo di defusing\/de briefing, <\/span><span class=\"s2\">33 colloqui a favore di 12 sanitari, <\/span><span class=\"s2\">20 colloqui di supervisione ai coordinatori di reparto. <\/span><span class=\"s2\">Inoltre, nell\u2019ambito del progetto, \u00e8 stato curato anche il sostegno ai Medici di medicina generale oltre che la produzione di diverso materiale informativo per la cittadinanza<span class=\"Apple-converted-space\">\u00a0 <\/span>diffuso attraverso i vari canali aziendali e<span class=\"Apple-converted-space\">\u00a0 <\/span>per le case di riposo. <\/span><span class=\"s2\">Sono state fatte delle schede (disponibili nel sito <a href=\"http:\/\/www.aulss1.veneto.it\"><span class=\"s3\">www.aulss1.veneto.it<\/span><\/a>) su <\/span><span class=\"s2\">SOS contagio emotivo, <\/span><span class=\"s2\">Psicoeducazione adulti, <\/span><span class=\"s2\">Psicoeducazione bambini, <\/span><span class=\"s2\">Psicoeducazione anziani, <\/span><span class=\"s2\">Psicoeducazione adolescenti, <\/span><span class=\"s2\">Psicoeducazione operatori sanitari, <\/span><span class=\"s2\">Defusing, <\/span><span class=\"s2\">Comunicazione cattiva notizia telefonica, <\/span><span class=\"s2\">Consigli per l\u2019alimentazione, <\/span><span class=\"s2\">Consigli per il sonno, <\/span><span class=\"s2\">Video di mindfulness e stretching,<\/span><span class=\"s2\"> Indicazione per le Case di Riposo per operatori,\u00a0<\/span><span class=\"s2\">ospiti e coordinatori. <\/span><span class=\"s2\">Inoltre, sono stati fatti dei brevi video sugli stessi temi diffusi dalla televisione locale e nella pagina facebook dell\u2019Azienda. <\/span><span class=\"s2\">Il progetto \u00e8 stato promosso e guidato dalla responsabile della UOSD di psicologia dott.ssa Francesca De Biasi. L&#8217;equipe della psicologia ospedaliera composto dalle dott.sse Chiara Forlin, Isabella Maccagnan ed Elena Sommacal &#8211; sostenuto dall AIL &#8211; \u00e8 stata integrata con la dott.ssa Cristina Zaetta, del serD distretto 1, e dal dott. Turco per il personale e le attivit\u00e0 presso l&#8217;ospedale di Feltre. <\/span><span class=\"s2\">Un\u2019attivit\u00e0 complessa che ha cercato di rispettare ed integrarsi con i tempi delle istituzioni, degli operatori sanitari e dei malati, offrendo professionalit\u00e0 grazie alla sinergia dell\u2019ULSS 1, promotore e ordinatore dell\u2019iniziativa tramite la Psicologia Ospedaliera, l\u2019AIL sezione di Belluno per il finanziamento di parte delle psicologhe coinvolte, e il fondo Welfare per la formazione e la supervisione al personale oltre che per gli <\/span><span class=\"s4\">interventi nei confronti dei cittadini. <\/span><span class=\"s2\">\u00ab<em>Questa pandemia ha coinvolto in modo trasversale la popolazione facendo entrare le emozioni e i comportamenti nel vocabolario quotidiano di politici e sanitari. \u00c8 normale aver timore di ci\u00f2 che pu\u00f2 essere pericoloso per la nostra salute, tuttavia le caratteristiche di questo virus &#8211; invisibile e a volte letale &#8211; hanno amplificato le paure e l\u2019ansia rischiando di toglierci controllo ed equilibrio.<span class=\"Apple-converted-space\">\u00a0 <\/span>\u00c8 stato quindi importante ascoltare e normalizzare, riservando a ciascuno l&#8217;intervento adatto alla propria condizione (famigliare, malato, operatore) e offrendo spunti personali per ritrovare nella propria quotidianit\u00e0 uno spazio di auto-comprensione e cambiamento<\/em>\u00bb spiega la coordinatrice Francesca de Biasi. \u00ab<em>La pandemia ha fatto sicuramente toccare a ciascuno, nella continuit\u00e0 del proprio isolamento, la fragilit\u00e0 ma anche la possibilit\u00e0 di crescita. Per qualcuno si \u00e8 trattato di riuscire a stare soli con s\u00e9 stessi. Per altri responsabilizzarsi rispetto all&#8217;impatto del proprio comportamento sulla collettivit\u00e0. Per altri ancora riscoprire Riconoscenza e solidariet\u00e0.<span class=\"Apple-converted-space\">\u00a0 <\/span>Alcune professioni non hanno potuto fermarsi e quando la comunit\u00e0 \u00e8 colpita in toto, la via per sentirsi meno impotenti \u00e8 quella di sentisti comunit\u00e0 anche nell\u2019azione. Alcuni in una corsia, altri al supermercato, altri ancora rimanendo a casa<\/em>\u00bb, conclude la coordinatrice Francesca de Biasi \u00a0<\/span><\/p>\n","protected":false},"excerpt":{"rendered":"<p>BELLUNO\u00a0360 interventi in 80 giorni: E\u2019 quanto \u00e8 stato fatto nell\u2019ambito del progetto \u201cSostegno Psicologico COVID\u201d promosso dalla\u2019Ulss Dolomiti in collaborazione con l\u2019AIL sezione di Belluno e il Fondo Welfare Dolomiti della Provincia a partire da marzo. Incertezza, ansia e paura, impotenza e tensione emotiva, nervosismo e malesseri fisici. Sono alcune delle forme di disagio&hellip;<\/p>\n","protected":false},"author":4,"featured_media":0,"comment_status":"closed","ping_status":"closed","sticky":false,"template":"","format":"standard","meta":{"_monsterinsights_skip_tracking":false,"_monsterinsights_sitenote_active":false,"_monsterinsights_sitenote_note":"","_monsterinsights_sitenote_category":0,"footnotes":""},"categories":[49],"tags":[],"class_list":["post-142809","post","type-post","status-publish","format-standard","hentry","category-news-18","category-49","description-off"],"img_url":false,"_links":{"self":[{"href":"https:\/\/www.radiopiu.net\/wordpress\/wp-json\/wp\/v2\/posts\/142809","targetHints":{"allow":["GET"]}}],"collection":[{"href":"https:\/\/www.radiopiu.net\/wordpress\/wp-json\/wp\/v2\/posts"}],"about":[{"href":"https:\/\/www.radiopiu.net\/wordpress\/wp-json\/wp\/v2\/types\/post"}],"author":[{"embeddable":true,"href":"https:\/\/www.radiopiu.net\/wordpress\/wp-json\/wp\/v2\/users\/4"}],"replies":[{"embeddable":true,"href":"https:\/\/www.radiopiu.net\/wordpress\/wp-json\/wp\/v2\/comments?post=142809"}],"version-history":[{"count":0,"href":"https:\/\/www.radiopiu.net\/wordpress\/wp-json\/wp\/v2\/posts\/142809\/revisions"}],"wp:attachment":[{"href":"https:\/\/www.radiopiu.net\/wordpress\/wp-json\/wp\/v2\/media?parent=142809"}],"wp:term":[{"taxonomy":"category","embeddable":true,"href":"https:\/\/www.radiopiu.net\/wordpress\/wp-json\/wp\/v2\/categories?post=142809"},{"taxonomy":"post_tag","embeddable":true,"href":"https:\/\/www.radiopiu.net\/wordpress\/wp-json\/wp\/v2\/tags?post=142809"}],"curies":[{"name":"wp","href":"https:\/\/api.w.org\/{rel}","templated":true}]}}