{"id":142851,"date":"2020-06-06T18:58:46","date_gmt":"2020-06-06T16:58:46","guid":{"rendered":"https:\/\/www.radiopiu.net\/wordpress\/?p=142851"},"modified":"2020-06-06T18:58:48","modified_gmt":"2020-06-06T16:58:48","slug":"meteo-fino-al-mattino-di-lunedi-8-giugno-stato-di-attenzione-per-possibili-temporali-intensi","status":"publish","type":"post","link":"https:\/\/www.radiopiu.net\/wordpress\/meteo-fino-al-mattino-di-lunedi-8-giugno-stato-di-attenzione-per-possibili-temporali-intensi\/","title":{"rendered":"METEO. FINO AL MATTINO DI LUNED\u00cc 8 GIUGNO STATO DI ATTENZIONE PER POSSIBILI TEMPORALI INTENSI"},"content":{"rendered":"<p><strong><a class=\"dt-pswp-item\" href=\"https:\/\/www.radiopiu.net\/wordpress\/wp-content\/uploads\/2020\/06\/FULMINE-METEO-MALTEMPO.jpg\" data-dt-img-description=\"\" data-large_image_width=\"1920\" data-large_image_height=\"1271\"><img loading=\"lazy\" decoding=\"async\" class=\"size-medium wp-image-142852 alignleft\" src=\"https:\/\/www.radiopiu.net\/wordpress\/wp-content\/uploads\/2020\/06\/FULMINE-METEO-MALTEMPO-300x199.jpg\" alt=\"\" width=\"300\" height=\"199\" srcset=\"https:\/\/www.radiopiu.net\/wordpress\/wp-content\/uploads\/2020\/06\/FULMINE-METEO-MALTEMPO-300x199.jpg 300w, https:\/\/www.radiopiu.net\/wordpress\/wp-content\/uploads\/2020\/06\/FULMINE-METEO-MALTEMPO-1024x678.jpg 1024w, https:\/\/www.radiopiu.net\/wordpress\/wp-content\/uploads\/2020\/06\/FULMINE-METEO-MALTEMPO-768x508.jpg 768w, https:\/\/www.radiopiu.net\/wordpress\/wp-content\/uploads\/2020\/06\/FULMINE-METEO-MALTEMPO-1536x1017.jpg 1536w, https:\/\/www.radiopiu.net\/wordpress\/wp-content\/uploads\/2020\/06\/FULMINE-METEO-MALTEMPO.jpg 1920w\" sizes=\"auto, (max-width: 300px) 100vw, 300px\" \/><\/a>VENEZIA\u00a0<\/strong>In riferimento alla situazione meteorologica attesa sul territorio, al fine di garantire un monitoraggio costante della situazione e la massima prontezza operativa del Sistema Regionale di Protezione Civile, il Centro Funzionale Decentrato della Regione ha emesso un avviso di criticit\u00e0 idrogeologica, decretando lo stato di \u201cattenzione\u201d per possibili forti temporali da oggi pomeriggio alle ore 08:00 di luned\u00ec 8 giugno in tutti i bacini idrografici del Veneto a eccezione di quello dell\u2019Alto Piave, in provincia di Belluno.<\/p>\n<p><strong>Queste le previsioni<\/strong>:\u00a0<i>Per il pomeriggio\/sera di oggi sono probabili precipitazioni sparse soprattutto su zone montane e alta pianura, anche con dei rovesci e alcuni possibili temporali; non si escludono occasionali fenomeni intensi tra Prealpi e fascia pedemontana; per la giornata di domenica 7 giugno, instabilit\u00e0 con precipitazioni anche consistenti, specie sulle zone prealpine e pedemontana nella seconda met\u00e0 della giornata; sono altres\u00ec possibili fenomeni temporaleschi, localmente di forte intensit\u00e0 (forti rovesci, locali grandinate, forti raffiche di vento).<\/i><\/p>\n","protected":false},"excerpt":{"rendered":"<p>VENEZIA\u00a0In riferimento alla situazione meteorologica attesa sul territorio, al fine di garantire un monitoraggio costante della situazione e la massima prontezza operativa del Sistema Regionale di Protezione Civile, il Centro Funzionale Decentrato della Regione ha emesso un avviso di criticit\u00e0 idrogeologica, decretando lo stato di \u201cattenzione\u201d per possibili forti temporali da oggi pomeriggio alle ore&hellip;<\/p>\n","protected":false},"author":4,"featured_media":142852,"comment_status":"closed","ping_status":"closed","sticky":false,"template":"","format":"standard","meta":{"_monsterinsights_skip_tracking":false,"_monsterinsights_sitenote_active":false,"_monsterinsights_sitenote_note":"","_monsterinsights_sitenote_category":0,"footnotes":""},"categories":[49],"tags":[],"class_list":["post-142851","post","type-post","status-publish","format-standard","has-post-thumbnail","hentry","category-news-18","category-49","description-off"],"img_url":"https:\/\/www.radiopiu.net\/wordpress\/wp-content\/uploads\/2020\/06\/FULMINE-METEO-MALTEMPO.jpg","_links":{"self":[{"href":"https:\/\/www.radiopiu.net\/wordpress\/wp-json\/wp\/v2\/posts\/142851","targetHints":{"allow":["GET"]}}],"collection":[{"href":"https:\/\/www.radiopiu.net\/wordpress\/wp-json\/wp\/v2\/posts"}],"about":[{"href":"https:\/\/www.radiopiu.net\/wordpress\/wp-json\/wp\/v2\/types\/post"}],"author":[{"embeddable":true,"href":"https:\/\/www.radiopiu.net\/wordpress\/wp-json\/wp\/v2\/users\/4"}],"replies":[{"embeddable":true,"href":"https:\/\/www.radiopiu.net\/wordpress\/wp-json\/wp\/v2\/comments?post=142851"}],"version-history":[{"count":0,"href":"https:\/\/www.radiopiu.net\/wordpress\/wp-json\/wp\/v2\/posts\/142851\/revisions"}],"wp:featuredmedia":[{"embeddable":true,"href":"https:\/\/www.radiopiu.net\/wordpress\/wp-json\/wp\/v2\/media\/142852"}],"wp:attachment":[{"href":"https:\/\/www.radiopiu.net\/wordpress\/wp-json\/wp\/v2\/media?parent=142851"}],"wp:term":[{"taxonomy":"category","embeddable":true,"href":"https:\/\/www.radiopiu.net\/wordpress\/wp-json\/wp\/v2\/categories?post=142851"},{"taxonomy":"post_tag","embeddable":true,"href":"https:\/\/www.radiopiu.net\/wordpress\/wp-json\/wp\/v2\/tags?post=142851"}],"curies":[{"name":"wp","href":"https:\/\/api.w.org\/{rel}","templated":true}]}}