{"id":142896,"date":"2020-06-08T05:56:25","date_gmt":"2020-06-08T03:56:25","guid":{"rendered":"https:\/\/www.radiopiu.net\/wordpress\/?p=142896"},"modified":"2020-06-08T10:29:04","modified_gmt":"2020-06-08T08:29:04","slug":"giornale-radiopiu-08-giugno-2020-direttore-mirko-mezzacasa","status":"publish","type":"post","link":"https:\/\/www.radiopiu.net\/wordpress\/giornale-radiopiu-08-giugno-2020-direttore-mirko-mezzacasa\/","title":{"rendered":"GIORNALE RADIOPIU 08 GIUGNO 2020 DIRETTORE MIRKO MEZZACASA"},"content":{"rendered":"<h3><strong>PER RICEVERE QUESTO NOTIZIARIO DIRETTAMENTE SUL TUO CELLULARE ISCRIVITI AL CANALE TELEGRAM\u00a0<\/strong><strong>\u201cRADIO PIU\u00a0 INFORMAZIONE\u201d<\/strong><\/h3>\n<p>&nbsp;<\/p>\n<hr \/>\n<p>&nbsp;<\/p>\n<p style=\"text-align: left;\"><em><strong>SUDTIROLO Un altro errore. Per ignoranza geografica o furbizia allo stato puro? Ancora una volta le Dolomiti bellunesi e agordine proposte come prodotto tipico alto atesino<\/strong><\/em><\/p>\n<p><a class=\"dt-pswp-item\" href=\"https:\/\/www.radiopiu.net\/wordpress\/wp-content\/uploads\/2020\/06\/102753006_2689124398036996_3906011952845040159_o.jpg\" data-dt-img-description=\"\" data-large_image_width=\"540\" data-large_image_height=\"960\"><img loading=\"lazy\" decoding=\"async\" class=\"wp-image-142973 alignleft\" src=\"https:\/\/www.radiopiu.net\/wordpress\/wp-content\/uploads\/2020\/06\/102753006_2689124398036996_3906011952845040159_o.jpg\" alt=\"\" width=\"187\" height=\"332\" srcset=\"https:\/\/www.radiopiu.net\/wordpress\/wp-content\/uploads\/2020\/06\/102753006_2689124398036996_3906011952845040159_o.jpg 540w, https:\/\/www.radiopiu.net\/wordpress\/wp-content\/uploads\/2020\/06\/102753006_2689124398036996_3906011952845040159_o-169x300.jpg 169w\" sizes=\"auto, (max-width: 187px) 100vw, 187px\" \/><\/a><\/p>\n<p>&nbsp;<\/p>\n<p>&nbsp;<\/p>\n<p>&nbsp;<\/p>\n<p>&nbsp;<\/p>\n<p>&nbsp;<\/p>\n<p>&nbsp;<\/p>\n<p>&nbsp;<\/p>\n<p>&nbsp;<\/p>\n<p>&nbsp;<\/p>\n<p>&nbsp;<\/p>\n<p>&nbsp;<\/p>\n<p>&nbsp;<\/p>\n<p>&nbsp;<\/p>\n<hr \/>\n<p>&nbsp;<\/p>\n<p><em><strong>PROVINCIALE 563 DI SALESEI, LIVINALLONGO: CHIUSURA.<\/strong><\/em><br \/>\n<em><strong>NEI GIORNI 9 E 10 GIUGNO CHIUSURA TOTALE ALLA CIRCOLAZIONE STRADALE DALLE 8 ALLE 12 E DALLE 13 ALLE 17.30 IN LOCALITA\u2019 PIAN DI SALESEI PER RIMOZIONE MASSA ROCCIOSA A MONTE DELLA STRADA. NEGLI ALTRI ORARI SENSO UNICO ALTERNATO CON SEMAFORO<\/strong><\/em><\/p>\n<p>&nbsp;<\/p>\n<hr \/>\n<p>&nbsp;<\/p>\n<div class=\"page-title-head hgroup\">\n<blockquote>\n<h3 class=\"entry-title\">INCIDENTE IN FORRA IN VAL DEL MIS<\/h3>\n<\/blockquote>\n<\/div>\n<div class=\"page-title-breadcrumbs\"><strong><img loading=\"lazy\" decoding=\"async\" class=\"jetpack-lazy-image jetpack-lazy-image--handled alignleft\" src=\"https:\/\/i1.wp.com\/www.radiopiu.net\/wordpress\/wp-content\/uploads\/2020\/06\/ELICOTTERO-SUEM.jpg?w=1200&amp;ssl=1\" width=\"202\" height=\"113\" data-recalc-dims=\"1\" data-lazy-loaded=\"1\" \/>SOSPIROLO\u00a0<\/strong> Passato mezzogiorno l\u2019elicottero del Suem di Pieve di Cadore \u00e8 intervenuto in zona Val del Mis, dove, durante lo svolgimento di un addestramento del Gruppo forre del Soccorso alpino e speleologico Veneto, un soccorritore si \u00e8 procurato un probabile trauma alla caviglia. D.M., 36 anni, di Longarone (BL), \u00e8 stato subito stabilizzato dall\u2019infermiere della squadra forre e, con l\u2019aiuto degli altri soccorritori, non appena l\u2019eliambulanza ha individuato il punto, \u00e8 stato imbarcato con un verricello di 70 metri dalla gola della Val Costalunga, per essere trasportato all\u2019ospedale di Belluno.<\/div>\n<div><\/div>\n<div><\/div>\n<div>\n<hr \/>\n<\/div>\n<p>&nbsp;<\/p>\n<h3>MALTEMPO E FRANE\u00a0 IN PROVINCIA<\/h3>\n<p><strong>LAMON<\/strong> Intervento dei vigili del fuoco sulla strada per San Donato in localit\u00e0 Cavalet, alle 21,30 un automobilista ha allertato gli uomini in rosso per uno smottamento. Ieri sera dopo le 22 i pompieri sono intervenuti lungo la provinciale 19 dopo ponte Oltra in seguito ad un movimento franoso, una pianta si \u00e8 schiantata in strada. Sono gli unici interventi in una giornata critica in diverse zone della Regione del Veneto per le forti piogge che hanno provocato esondazioni ed allagamenti.<\/p>\n<p>&nbsp;<\/p>\n<hr \/>\n<p>&nbsp;<\/p>\n<blockquote>\n<h3>METEO. STATO DI ATTENZIONE<\/h3>\n<\/blockquote>\n<p><strong><a class=\"dt-pswp-item\" href=\"https:\/\/www.radiopiu.net\/wordpress\/wp-content\/uploads\/2018\/08\/instabilita.jpg\" data-dt-img-description=\"\" data-large_image_width=\"1280\" data-large_image_height=\"768\"><img loading=\"lazy\" decoding=\"async\" class=\"size-medium wp-image-57488 alignleft\" src=\"https:\/\/www.radiopiu.net\/wordpress\/wp-content\/uploads\/2018\/08\/instabilita-300x180.jpg\" alt=\"\" width=\"300\" height=\"180\" srcset=\"https:\/\/www.radiopiu.net\/wordpress\/wp-content\/uploads\/2018\/08\/instabilita-300x180.jpg 300w, https:\/\/www.radiopiu.net\/wordpress\/wp-content\/uploads\/2018\/08\/instabilita-768x461.jpg 768w, https:\/\/www.radiopiu.net\/wordpress\/wp-content\/uploads\/2018\/08\/instabilita-1024x614.jpg 1024w, https:\/\/www.radiopiu.net\/wordpress\/wp-content\/uploads\/2018\/08\/instabilita.jpg 1280w\" sizes=\"auto, (max-width: 300px) 100vw, 300px\" \/><\/a>VENEZIA \u00a0<\/strong>Il Centro funzionale decentrato della Protezione Civile del Veneto ha emesso un avviso di criticit\u00e0 idrogeologica, decretando lo stato di attenzione \u00a0fino alle ore 8.<\/p>\n<p>&nbsp;<\/p>\n<p>&nbsp;<\/p>\n<p>&nbsp;<\/p>\n<p>&nbsp;<\/p>\n<p>&nbsp;<\/p>\n<p>&nbsp;<\/p>\n<hr \/>\n<p>&nbsp;<\/p>\n<blockquote>\n<h3>I VIGILI DEL FUOCO DI CAPRILE REALIZZANO UNA CONDOTTA DI 1800 METRI<\/h3>\n<\/blockquote>\n<p><strong>ALTO AGORDINO <\/strong>L&#8217;importanza di intervenire nelle frazioni, anche quelle alte, con tempismo e preparazione. Lo sanno bene i vigili del fuoco volontari come siano fondamentali velocit\u00e0 e buona esercitazione in casi di emergenza, lo hanno spesso esperimentato nelle loro operazioni di soccorso. Per questo ieri i pompieri volontari della Val Cordevole si sono ritrovati a Laste di Rocca Pietore sfidando la pioggia battente. Hanno realizzato \u00a0una condotta con le manichette per oltre 1.800 metri con l&#8217;ausilio di 3 motopompe dall&#8217;abitato di Mo\u00e8 per portare l&#8217;acqua fino alla frazione di Ronch. I pompieri di Alleghe e Caprile, con i pompieri di Arabba\u00a0 intervenuti con i loro mezzi una A.B.P. un Defender, AF\/polisoccorso, un CA\/PU e 13 soprattutto vigili del Fuoco della vecchia e della nuova guardia.<em> &#8220;Noi eravamo operativi con l&#8217; A.P.S il Def<span class=\"text_exposed_show\">ender e la campagnola mentre i nostri Pompieri erano 16 &#8211; ricordano i volontari di Caprile-\u00a0 <\/span>Questi addestramenti servono per testare la nostra capacit\u00e0 operativa e la nostra attitudine a lavorare anche con personale esterno al nostro distaccamento&#8221;. <\/em>Esercitazione importante quella di ieri, con l&#8217;auspicio da parte di tutti di \u00a0replicare questo tipo di esercitazioni anche con altri distaccamenti dell&#8217;Agordino con l&#8217;obiettivo di aumentare le conoscenze organizzative e logistiche.<\/p>\n<p><strong>AI MICROFONI DI RADIO PIU&#8217; L&#8217;UFFICIALE DEI VOLONTARI DI ARABBA IGOR MASAREI<\/strong><\/p>\n<audio class=\"wp-audio-shortcode\" id=\"audio-142896-1\" preload=\"none\" style=\"width: 100%;\" controls=\"controls\"><source type=\"audio\/mpeg\" src=\"https:\/\/www.radiopiu.net\/wordpress\/wp-content\/uploads\/2020\/06\/IGOR.mp3?_=1\" \/><a href=\"https:\/\/www.radiopiu.net\/wordpress\/wp-content\/uploads\/2020\/06\/IGOR.mp3\">https:\/\/www.radiopiu.net\/wordpress\/wp-content\/uploads\/2020\/06\/IGOR.mp3<\/a><\/audio>\n<p><strong>FOTO PAGINA FACEBOK POMPIERI ALLEGHE CAPRILE<\/strong><\/p>\n\n\t\t\t<style type='text\/css'>\n\t\t\t\t#gallery-1 {\n\t\t\t\t\tmargin: auto;\n\t\t\t\t}\n\t\t\t\t#gallery-1 .gallery-item {\n\t\t\t\t\tfloat: left;\n\t\t\t\t\tmargin-top: 10px;\n\t\t\t\t\ttext-align: center;\n\t\t\t\t\twidth: 33%;\n\t\t\t\t}\n\t\t\t\t#gallery-1 img {\n\t\t\t\t\tborder: 2px solid #cfcfcf;\n\t\t\t\t}\n\t\t\t\t#gallery-1 .gallery-caption {\n\t\t\t\t\tmargin-left: 0;\n\t\t\t\t}\n\t\t\t\t\/* see gallery_shortcode() in wp-includes\/media.php *\/\n\t\t\t<\/style>\n\t\t<div id='gallery-1' class='dt-gallery-container gallery galleryid-142896 gallery-columns-3 gallery-size-thumbnail'><dl class='gallery-item'>\n\t\t\t\t<dt class='gallery-icon landscape'>\n\t\t\t\t\t<a class=\"rollover\" href='https:\/\/www.radiopiu.net\/wordpress\/142960-2\/102301983_924543661307049_6992729476398649782_n\/'><img loading=\"lazy\" decoding=\"async\" width=\"150\" height=\"150\" src=\"https:\/\/www.radiopiu.net\/wordpress\/wp-content\/uploads\/2020\/06\/102301983_924543661307049_6992729476398649782_n-150x150.jpg\" class=\"attachment-thumbnail size-thumbnail\" alt=\"\" \/><\/a>\n\t\t\t\t<\/dt><\/dl><dl class='gallery-item'>\n\t\t\t\t<dt class='gallery-icon landscape'>\n\t\t\t\t\t<a class=\"rollover\" href='https:\/\/www.radiopiu.net\/wordpress\/142960-2\/103100543_924543437973738_8063690244352430211_n\/'><img loading=\"lazy\" decoding=\"async\" width=\"150\" height=\"150\" src=\"https:\/\/www.radiopiu.net\/wordpress\/wp-content\/uploads\/2020\/06\/103100543_924543437973738_8063690244352430211_n-150x150.jpg\" class=\"attachment-thumbnail size-thumbnail\" alt=\"\" \/><\/a>\n\t\t\t\t<\/dt><\/dl><dl class='gallery-item'>\n\t\t\t\t<dt class='gallery-icon landscape'>\n\t\t\t\t\t<a class=\"rollover\" href='https:\/\/www.radiopiu.net\/wordpress\/142960-2\/102309416_924543364640412_689482509857651034_n\/'><img loading=\"lazy\" decoding=\"async\" width=\"150\" height=\"150\" src=\"https:\/\/www.radiopiu.net\/wordpress\/wp-content\/uploads\/2020\/06\/102309416_924543364640412_689482509857651034_n-150x150.jpg\" class=\"attachment-thumbnail size-thumbnail\" alt=\"\" \/><\/a>\n\t\t\t\t<\/dt><\/dl><br style=\"clear: both\" \/><dl class='gallery-item'>\n\t\t\t\t<dt class='gallery-icon landscape'>\n\t\t\t\t\t<a class=\"rollover\" href='https:\/\/www.radiopiu.net\/wordpress\/142960-2\/102695985_924543141307101_3777034130699515052_n\/'><img loading=\"lazy\" decoding=\"async\" width=\"150\" height=\"150\" src=\"https:\/\/www.radiopiu.net\/wordpress\/wp-content\/uploads\/2020\/06\/102695985_924543141307101_3777034130699515052_n-150x150.jpg\" class=\"attachment-thumbnail size-thumbnail\" alt=\"\" \/><\/a>\n\t\t\t\t<\/dt><\/dl><dl class='gallery-item'>\n\t\t\t\t<dt class='gallery-icon landscape'>\n\t\t\t\t\t<a class=\"rollover\" href='https:\/\/www.radiopiu.net\/wordpress\/142960-2\/102828881_924543487973733_645185696987515993_n\/'><img loading=\"lazy\" decoding=\"async\" width=\"150\" height=\"150\" src=\"https:\/\/www.radiopiu.net\/wordpress\/wp-content\/uploads\/2020\/06\/102828881_924543487973733_645185696987515993_n-150x150.jpg\" class=\"attachment-thumbnail size-thumbnail\" alt=\"\" \/><\/a>\n\t\t\t\t<\/dt><\/dl><dl class='gallery-item'>\n\t\t\t\t<dt class='gallery-icon portrait'>\n\t\t\t\t\t<a class=\"rollover\" href='https:\/\/www.radiopiu.net\/wordpress\/142960-2\/103353416_924543714640377_2005070162434986484_n\/'><img loading=\"lazy\" decoding=\"async\" width=\"150\" height=\"150\" src=\"https:\/\/www.radiopiu.net\/wordpress\/wp-content\/uploads\/2020\/06\/103353416_924543714640377_2005070162434986484_n-150x150.jpg\" class=\"attachment-thumbnail size-thumbnail\" alt=\"\" \/><\/a>\n\t\t\t\t<\/dt><\/dl><br style=\"clear: both\" \/><dl class='gallery-item'>\n\t\t\t\t<dt class='gallery-icon landscape'>\n\t\t\t\t\t<a class=\"rollover\" href='https:\/\/www.radiopiu.net\/wordpress\/142960-2\/102722894_924543311307084_861499688244535730_n\/'><img loading=\"lazy\" decoding=\"async\" width=\"150\" height=\"150\" src=\"https:\/\/www.radiopiu.net\/wordpress\/wp-content\/uploads\/2020\/06\/102722894_924543311307084_861499688244535730_n-150x150.jpg\" class=\"attachment-thumbnail size-thumbnail\" alt=\"\" \/><\/a>\n\t\t\t\t<\/dt><\/dl><dl class='gallery-item'>\n\t\t\t\t<dt class='gallery-icon landscape'>\n\t\t\t\t\t<a class=\"rollover\" href='https:\/\/www.radiopiu.net\/wordpress\/142960-2\/102697353_924543084640440_6833873790033175388_n\/'><img loading=\"lazy\" decoding=\"async\" width=\"150\" height=\"150\" src=\"https:\/\/www.radiopiu.net\/wordpress\/wp-content\/uploads\/2020\/06\/102697353_924543084640440_6833873790033175388_n-150x150.jpg\" class=\"attachment-thumbnail size-thumbnail\" alt=\"\" \/><\/a>\n\t\t\t\t<\/dt><\/dl><dl class='gallery-item'>\n\t\t\t\t<dt class='gallery-icon landscape'>\n\t\t\t\t\t<a class=\"rollover\" href='https:\/\/www.radiopiu.net\/wordpress\/142960-2\/102738682_924543234640425_2252540434026728519_n\/'><img loading=\"lazy\" decoding=\"async\" width=\"150\" height=\"150\" src=\"https:\/\/www.radiopiu.net\/wordpress\/wp-content\/uploads\/2020\/06\/102738682_924543234640425_2252540434026728519_n-150x150.jpg\" class=\"attachment-thumbnail size-thumbnail\" alt=\"\" \/><\/a>\n\t\t\t\t<\/dt><\/dl><br style=\"clear: both\" \/><dl class='gallery-item'>\n\t\t\t\t<dt class='gallery-icon landscape'>\n\t\t\t\t\t<a class=\"rollover\" href='https:\/\/www.radiopiu.net\/wordpress\/142960-2\/102594376_924543591307056_732805751269287012_n\/'><img loading=\"lazy\" decoding=\"async\" width=\"150\" height=\"150\" src=\"https:\/\/www.radiopiu.net\/wordpress\/wp-content\/uploads\/2020\/06\/102594376_924543591307056_732805751269287012_n-150x150.jpg\" class=\"attachment-thumbnail size-thumbnail\" alt=\"\" \/><\/a>\n\t\t\t\t<\/dt><\/dl>\n\t\t\t\t<br style='clear: both' \/>\n\t\t\t<\/div>\n\n<p>&nbsp;<\/p>\n<hr \/>\n<p>&nbsp;<\/p>\n<p>&nbsp;<\/p>\n<h3 style=\"text-align: center;\">CICLABILI E PASSEGGIATE NELL&#8217;AGORDINO<\/h3>\n<h3>AGORDO<\/h3>\n<h3>La scorsa settimana abbiamo aggiornato la situazione circa la grande incompiuta, la ciclabile di Agordo ferma tra corsi e ricorsi ormai da alcuni lustri ribadendo le consuete intenzione degli amministratori: risolvere la situazione ed arrivare quanto prima alla sua inaugurazione, purtroppo l&#8217;epidemia da covid19 ha rallentato anche questa partita.<\/h3>\n<h3><strong>FALCADE<\/strong><\/h3>\n<p>Tra Canale d&#8217;Agordo e Falcade c&#8217;\u00e8 sempre un ponte distrutto, transennato dove la gente passa a proprio rischio e pericolo spostando le transenne. L&#8217;ingegner Luca Luchetta \u00e8 stato incaricato dal Comune di Falcade di redigere il progetto per la sua ricostruzione possibile grazie al contributo da 800 mila euro dei fondi Vaia.<\/p>\n<h3>ROCCA PIETORE<\/h3>\n<blockquote>\n<h3>CHIUSA LA CICLO-PEDONALE TRA SANTA MARIA DELLE GRAZIE ED ALLEGHE (LATO ROCCA PIETORE)<\/h3>\n<\/blockquote>\n<p><strong><a class=\"dt-pswp-item\" href=\"https:\/\/www.radiopiu.net\/wordpress\/wp-content\/uploads\/2020\/06\/LAVORI-ALLEGHE-LAGO.png\" data-dt-img-description=\"\" data-large_image_width=\"1108\" data-large_image_height=\"1552\"><img loading=\"lazy\" decoding=\"async\" class=\"wp-image-142994 alignleft\" src=\"https:\/\/www.radiopiu.net\/wordpress\/wp-content\/uploads\/2020\/06\/LAVORI-ALLEGHE-LAGO-214x300.png\" alt=\"\" width=\"79\" height=\"110\" srcset=\"https:\/\/www.radiopiu.net\/wordpress\/wp-content\/uploads\/2020\/06\/LAVORI-ALLEGHE-LAGO-214x300.png 214w, https:\/\/www.radiopiu.net\/wordpress\/wp-content\/uploads\/2020\/06\/LAVORI-ALLEGHE-LAGO-731x1024.png 731w, https:\/\/www.radiopiu.net\/wordpress\/wp-content\/uploads\/2020\/06\/LAVORI-ALLEGHE-LAGO-768x1076.png 768w, https:\/\/www.radiopiu.net\/wordpress\/wp-content\/uploads\/2020\/06\/LAVORI-ALLEGHE-LAGO-1097x1536.png 1097w, https:\/\/www.radiopiu.net\/wordpress\/wp-content\/uploads\/2020\/06\/LAVORI-ALLEGHE-LAGO.png 1108w\" sizes=\"auto, (max-width: 79px) 100vw, 79px\" \/><\/a>ROCCA PIETORE <\/strong>In relazione al riavvio dei lavori di pulizia del lago di Alleghe e della realizzazione di un sistema di sicurezza in caso di piene, la strada ciclo-pedonale che collega Santa Maria Delle Grazie ed Alleghe\/Masar\u00e8 di Rocca Pietore, in destra orografica del torrente Cordevole, rimarr\u00e0 chiusa la traffico veicolare e pedonale di qualsiasi tipo fino alla fine del 2020.<\/p>\n<p>&nbsp;<\/p>\n<p>&nbsp;<\/p>\n<p>&nbsp;<\/p>\n<p>&nbsp;<\/p>\n<hr \/>\n<p>&nbsp;<\/p>\n<h3>ATTENZIONE ALLE COMUNITA&#8217; DELLA VAL FIORENTINA E COLLE SANTA LUCIA<\/h3>\n<p><strong><a class=\"dt-pswp-item\" href=\"https:\/\/www.radiopiu.net\/wordpress\/wp-content\/uploads\/2020\/04\/DON-FABIANO.jpg\" data-dt-img-description=\"\" data-large_image_width=\"231\" data-large_image_height=\"130\"><img loading=\"lazy\" decoding=\"async\" class=\"size-full wp-image-127650 alignleft\" src=\"https:\/\/www.radiopiu.net\/wordpress\/wp-content\/uploads\/2020\/04\/DON-FABIANO.jpg\" alt=\"\" width=\"231\" height=\"130\" \/><\/a>SELVA DI CADORE\u00a0 <\/strong>Ad una settimana dall&#8217;improvvisa morte del parroco don Gabriele Bernardi, nel pomeriggio di ieri, il vescovo Marangoni ha incontrato i membri dei consigli parrocchiali per individuare un cammino da percorrere. <em>&#8220;Ero presente anch&#8217;io quale vicario foraneo &#8211; racconta Don Fabiano Del Favero &#8211;\u00a0 in questo fine settimana \u00e8 stato lo stesso vescovo a celebrare tutte le Messe festive in quelle comunit\u00e0, come segno di vicinanza ed attenzione, come a ripetere: &#8220;non siete dimenticate&#8221;. Gi\u00e0 nel corso della settimana sono salito tutti i giorni per cercare di essere vicino. Nel corso dell&#8217;incontro sono emerse le attese che sempre accompagnano questi momenti, ma anche l&#8217;affetto grande che don Gabriele \u00e8 riuscito a raccogliere in un anno e mezzo di ministero&#8221;. <\/em>Esiti dell&#8217;incontro: il vescovo ha comunicato Don Fabiano sar\u00e0 amministratore parrocchiale di quelle comunit\u00e0 mantenendo le sue cinque nella zona del Poi. Nel fine settimana, come gi\u00e0 avvenuto, salir\u00e0 da Bribano don Sandro Capraro per la celebrazione delle Messe. Nel corso della settimana celebrer\u00e0 Padre Virgilio Agostinelli, attualmente a Selva, la cui mamma \u00e8 originaria di l\u00ec. <em>&#8220;Alle comunit\u00e0 del P\u00f3i &#8211; continua Don Fabiano-\u00a0 ho scritto di non temere che non verranno trascurate e di sostenermi con la preghiera e l&#8217;affetto di sempre. Alle comunit\u00e0 di Colle, Selva e Pescul ho richiamato questa sorta di &#8220;gemellaggio&#8221; con quelle di quaggi\u00f9, che pure purtroppo hanno vissuto i passaggi delicati che ora loro stanno sperimentando, sottolineando la gratitudine verso comunit\u00e0 che ora doneranno con generosit\u00e0 il loro pastore ad altre realt\u00e0 sorelle&#8221;.\u00a0\u00a0<\/em><\/p>\n<p>&nbsp;<\/p>\n<p><strong>DALLA RASSEGNA STAMPA DELLE OTTO, DON FABIANO DEL FAVERO<\/strong><\/p>\n<audio class=\"wp-audio-shortcode\" id=\"audio-142896-2\" preload=\"none\" style=\"width: 100%;\" controls=\"controls\"><source type=\"audio\/mpeg\" src=\"https:\/\/www.radiopiu.net\/wordpress\/wp-content\/uploads\/2020\/06\/DON-FABIANO.mp3?_=2\" \/><a href=\"https:\/\/www.radiopiu.net\/wordpress\/wp-content\/uploads\/2020\/06\/DON-FABIANO.mp3\">https:\/\/www.radiopiu.net\/wordpress\/wp-content\/uploads\/2020\/06\/DON-FABIANO.mp3<\/a><\/audio>\n<p>&nbsp;<\/p>\n<blockquote class=\"wp-embedded-content\" data-secret=\"bpE4TPKPze\"><p><a href=\"https:\/\/www.radiopiu.net\/wordpress\/a-don-gabriele-bernardi-di-gisella-canzian\/\">A DON GABRIELE BERNARDI di Gisella Canzian<\/a><\/p><\/blockquote>\n<p><iframe loading=\"lazy\" title=\"&#8220;A DON GABRIELE BERNARDI di Gisella Canzian&#8221; &#8212; Radio Pi\u00f9\" class=\"wp-embedded-content\" sandbox=\"allow-scripts\" security=\"restricted\" style=\"position: absolute; clip: rect(1px, 1px, 1px, 1px);\" src=\"https:\/\/www.radiopiu.net\/wordpress\/a-don-gabriele-bernardi-di-gisella-canzian\/embed\/#?secret=bpE4TPKPze\" data-secret=\"bpE4TPKPze\" width=\"600\" height=\"338\" frameborder=\"0\" marginwidth=\"0\" marginheight=\"0\" scrolling=\"no\"><\/iframe><\/p>\n<p>&nbsp;<\/p>\n<p>&nbsp;<\/p>\n<hr \/>\n<h3><\/h3>\n<h3>OTTIMISMO POST COVID, UNA SCELTA Il pannello in centro a Voltago.<\/h3>\n<p><strong><a class=\"dt-pswp-item\" href=\"https:\/\/www.radiopiu.net\/wordpress\/wp-content\/uploads\/2020\/06\/291c6f9a-c2dc-448c-bf16-81e1178b64af.jpg\" data-dt-img-description=\"\" data-large_image_width=\"1528\" data-large_image_height=\"1600\"><img loading=\"lazy\" decoding=\"async\" class=\" wp-image-142893 alignleft\" src=\"https:\/\/www.radiopiu.net\/wordpress\/wp-content\/uploads\/2020\/06\/291c6f9a-c2dc-448c-bf16-81e1178b64af-287x300.jpg\" alt=\"\" width=\"222\" height=\"232\" srcset=\"https:\/\/www.radiopiu.net\/wordpress\/wp-content\/uploads\/2020\/06\/291c6f9a-c2dc-448c-bf16-81e1178b64af-287x300.jpg 287w, https:\/\/www.radiopiu.net\/wordpress\/wp-content\/uploads\/2020\/06\/291c6f9a-c2dc-448c-bf16-81e1178b64af-978x1024.jpg 978w, https:\/\/www.radiopiu.net\/wordpress\/wp-content\/uploads\/2020\/06\/291c6f9a-c2dc-448c-bf16-81e1178b64af-768x804.jpg 768w, https:\/\/www.radiopiu.net\/wordpress\/wp-content\/uploads\/2020\/06\/291c6f9a-c2dc-448c-bf16-81e1178b64af-1467x1536.jpg 1467w, https:\/\/www.radiopiu.net\/wordpress\/wp-content\/uploads\/2020\/06\/291c6f9a-c2dc-448c-bf16-81e1178b64af.jpg 1528w\" sizes=\"auto, (max-width: 222px) 100vw, 222px\" \/><\/a><\/strong><\/p>\n<p>&nbsp;<\/p>\n<p><strong>VOLTAGO<\/strong> La paternit\u00e0 dell&#8217;idea \u00e8 di Gabriele Riva, proporre una Voltago che guarda avanti e siccome Gabriele il suo lavoro lo sa fare e anche molto bene ha ingegnato questo splendido manifesto fotografico di un paese che guarda avanti, pi\u00f9 su anche del sovrastante Agner. Volti di un paese, uomini, donne, nuove generazioni, chi lavora, chi cresce&#8230; tutti assieme per una ripartenza importante. Il messaggio \u00e8 eloquente, del Dalai Lama: &#8220;scegli di essere ottimista, ci si sente meglio&#8221;.<\/p>\n<h1><\/h1>\n<p><a class=\"dt-pswp-item\" href=\"https:\/\/www.radiopiu.net\/wordpress\/wp-content\/uploads\/2020\/06\/33a13bbb-e5a0-410e-867a-f6d156a6a200.jpg\" data-dt-img-description=\"\" data-large_image_width=\"1598\" data-large_image_height=\"1600\"><img loading=\"lazy\" decoding=\"async\" class=\"alignnone wp-image-142894 \" src=\"https:\/\/www.radiopiu.net\/wordpress\/wp-content\/uploads\/2020\/06\/33a13bbb-e5a0-410e-867a-f6d156a6a200.jpg\" alt=\"\" width=\"276\" height=\"276\" srcset=\"https:\/\/www.radiopiu.net\/wordpress\/wp-content\/uploads\/2020\/06\/33a13bbb-e5a0-410e-867a-f6d156a6a200.jpg 1598w, https:\/\/www.radiopiu.net\/wordpress\/wp-content\/uploads\/2020\/06\/33a13bbb-e5a0-410e-867a-f6d156a6a200-300x300.jpg 300w, https:\/\/www.radiopiu.net\/wordpress\/wp-content\/uploads\/2020\/06\/33a13bbb-e5a0-410e-867a-f6d156a6a200-1024x1024.jpg 1024w, https:\/\/www.radiopiu.net\/wordpress\/wp-content\/uploads\/2020\/06\/33a13bbb-e5a0-410e-867a-f6d156a6a200-150x150.jpg 150w, https:\/\/www.radiopiu.net\/wordpress\/wp-content\/uploads\/2020\/06\/33a13bbb-e5a0-410e-867a-f6d156a6a200-768x769.jpg 768w, https:\/\/www.radiopiu.net\/wordpress\/wp-content\/uploads\/2020\/06\/33a13bbb-e5a0-410e-867a-f6d156a6a200-1534x1536.jpg 1534w\" sizes=\"auto, (max-width: 276px) 100vw, 276px\" \/><\/a><\/p>\n<p>&nbsp;<\/p>\n<p>&nbsp;<\/p>\n<p>&nbsp;<\/p>\n<p>&nbsp;<\/p>\n<hr \/>\n<h3><\/h3>\n<h3><\/h3>\n<h2>AL VIA IL TRACCIAMENTO DEGLI IMMUNI IN ALCUNE REGIONI ITALIANE, IN VENETO DAL 15 GIUGNO. DATI SEMPRE PIU&#8217; CONFORTANTI, IL VIRUS STA SCOMPARENDO, GIU&#8217; I CONTAGI SU I NUMERI DEI GUARITI E DELLE PERSONE OLTRE L&#8217;ISOLAMENTO DOMICILIARE.<\/h2>\n<p>Oltre 16 mila tamponi e 3 soli contagi in Veneto nelle ultime 24 ore \u00e8 questa la conferma che l&#8217;epidemia \u00e8 in decisa fase di decrescita dopo il picco di marzo. Anche in provincia stessa situazione, anzi migliore con zero contagi nell&#8217;ultima giornata e un solo paziente ricoverato all&#8217;ospedale San Martino di Belluno. In fase discendente anche i numeri relativi alle persone in isolamento domiciliare e giorno per giorno\u00a0 aumentano i guariti ovvero i negativizzati. Ieri a Marghera consueta conferenza stampa con tema d&#8217;apertura la storia delle Regioni perch\u00e9 ieri ricorrevano i 50 anni dalla nascita degli enti. Anche il Presidente Sergio Mattarella si \u00e8 espresso in proposito con parole di plauso:<em> &#8220;Il principio di autonomia delle Regioni degli enti locali &#8211; ha detto &#8211; \u00e8 alle fondamenta della costituzione democratica. Bisogna evitare sovrapposizioni tra istituzioni che creano fratture nella societ\u00e0 e inefficienza&#8221;. <\/em>Mattarella parla mentre si consuma l&#8217;ultimo strappo Venezia-Roma circa il corso di laurea in Medicina a Treviso, con la giunta Zaia che decide di spendere 6 milioni della sanit\u00e0 (su 9 miliardi e 600 milioni) e dal Governo arriva lo stop che da inizio all&#8217;ennesima battaglia legale a suon di carte bollate con la minaccia di impugnatura davanti alla consulta. Va per\u00f2 ricordato che si va verso la distensione se \u00e8 vero che Zaia ha parlato con il Ministro dell&#8217;economia Gualtieri per studiare tutto il dossier. Oggi in alcune Regioni ma non in Veneto prende il via la sperimentazione dell&#8217;App Immuni gi\u00e0 scaricata da oltre 2 milioni di italiani, il via libera in tutto il paese dal 15 giugno. Affinch\u00e9 il monitoraggio dei contatti abbia successo secondo uno studio condotto dall&#8217;Universit\u00e0 di Oxford, l&#8217;applicazione dovrebbe essere scaricata da almeno il 60% della popolazione ovvero 31 milioni di italiani. <strong>I NUMERI\u00a0 IN VENETO:<\/strong> TOTALE POSITIVI 19186\u00a0 (+3)\u00a0 ATTUALMENTE POSITIVI 1087 (-20)\u00a0 DECESSI\u00a0 1954\u00a0 (+1, 0 in ospedale)\u00a0 NEGATIVIZZATI 16145\u00a0 (+122) IN ISOLAMENTO 1020\u00a0 (-37)\u00a0 RICOVERATI 321 (+2\u00a0 82 POSITIVI,\u00a0 239 NEGATIVIZZATI), NEGLI OSPEDALI DI COMUNITA\u2019 41 (-2\u00a0 8 POSITIVI,\u00a0 33\u00a0 NEGATIVIZZATI), IN TERAPIA INTENSIVA 15 (0,\u00a0 1 POSITIVO,\u00a0 14 NEGATIVIZZATI).\u00a0 .<strong>I NUMERI IN PROVINCIA:<\/strong> TOTALE CONTAGI 1176\u00a0 (0 ) , ATTUALMENTE POSITIVI 84\u00a0 (-1) , DECEDUTI 111 (+0), NEGATIVIZZATI\u00a0 981 (+1) ISOLAMENTO DOMICILIARE 110\u00a0 (-15) RICOVERATI IN OSPEDALE AL SAN MARTINO 1 (-1)<\/p>\n<p>&nbsp;<\/p>\n<p>&nbsp;<\/p>\n<hr \/>\n<blockquote class=\"wp-embedded-content\" data-secret=\"CKAC9vKzGC\"><p><a href=\"https:\/\/www.radiopiu.net\/wordpress\/coronavirus-aggiornamento-nazionale-07-giugno\/\">CORONAVIRUS: AGGIORNAMENTO NAZIONALE 07 GIUGNO<\/a><\/p><\/blockquote>\n<p><iframe loading=\"lazy\" title=\"&#8220;CORONAVIRUS: AGGIORNAMENTO NAZIONALE 07 GIUGNO&#8221; &#8212; Radio Pi\u00f9\" class=\"wp-embedded-content\" sandbox=\"allow-scripts\" security=\"restricted\" style=\"position: absolute; clip: rect(1px, 1px, 1px, 1px);\" src=\"https:\/\/www.radiopiu.net\/wordpress\/coronavirus-aggiornamento-nazionale-07-giugno\/embed\/#?secret=CKAC9vKzGC\" data-secret=\"CKAC9vKzGC\" width=\"600\" height=\"338\" frameborder=\"0\" marginwidth=\"0\" marginheight=\"0\" scrolling=\"no\"><\/iframe><\/p>\n<p>&nbsp;<\/p>\n<hr \/>\n<p>&nbsp;<\/p>\n<blockquote class=\"wp-embedded-content\" data-secret=\"QG6MY8X6WT\"><p><a href=\"https:\/\/www.radiopiu.net\/wordpress\/aggiornamento06\/\">BOLLETTINO DELLE 17:  3 positivi in 24 ore, 2 PAZIENTI RICOVERATI IN AREA NON CRITICA, -2 NEGLI OSPEDALI DI COMUNITA&#8217;. 15 IN TERAPIA INTENSIVA DI CUI 1 SOLTANTO POSITIVO AL COVID 1020 PERSONE IN ISOLAMENTO<\/a><\/p><\/blockquote>\n<p><iframe loading=\"lazy\" title=\"&#8220;BOLLETTINO DELLE 17:  3 positivi in 24 ore, 2 PAZIENTI RICOVERATI IN AREA NON CRITICA, -2 NEGLI OSPEDALI DI COMUNITA&#8217;. 15 IN TERAPIA INTENSIVA DI CUI 1 SOLTANTO POSITIVO AL COVID 1020 PERSONE IN ISOLAMENTO&#8221; &#8212; Radio Pi\u00f9\" class=\"wp-embedded-content\" sandbox=\"allow-scripts\" security=\"restricted\" style=\"position: absolute; clip: rect(1px, 1px, 1px, 1px);\" src=\"https:\/\/www.radiopiu.net\/wordpress\/aggiornamento06\/embed\/#?secret=QG6MY8X6WT\" data-secret=\"QG6MY8X6WT\" width=\"600\" height=\"338\" frameborder=\"0\" marginwidth=\"0\" marginheight=\"0\" scrolling=\"no\"><\/iframe><\/p>\n<p>&nbsp;<\/p>\n<hr \/>\n<p>&nbsp;<\/p>\n<p><strong><a class=\"dt-pswp-item\" href=\"https:\/\/www.radiopiu.net\/wordpress\/wp-content\/uploads\/2020\/03\/covid-bottacin.jpg\" data-dt-img-description=\"\" data-large_image_width=\"800\" data-large_image_height=\"600\"><img loading=\"lazy\" decoding=\"async\" class=\"wp-image-122521 alignleft\" src=\"https:\/\/www.radiopiu.net\/wordpress\/wp-content\/uploads\/2020\/03\/covid-bottacin-300x225.jpg\" alt=\"\" width=\"136\" height=\"102\" srcset=\"https:\/\/www.radiopiu.net\/wordpress\/wp-content\/uploads\/2020\/03\/covid-bottacin-300x225.jpg 300w, https:\/\/www.radiopiu.net\/wordpress\/wp-content\/uploads\/2020\/03\/covid-bottacin-768x576.jpg 768w, https:\/\/www.radiopiu.net\/wordpress\/wp-content\/uploads\/2020\/03\/covid-bottacin.jpg 800w\" sizes=\"auto, (max-width: 136px) 100vw, 136px\" \/><\/a>L&#8217;INTERVENTO A RADIO PIU&#8217; DELL&#8217;ASSESSORE ALLA PROTEZIONE CIVILE DEL VENETEO GIANPAOLO BOTTACIN<\/strong><\/p>\n<audio class=\"wp-audio-shortcode\" id=\"audio-142896-3\" preload=\"none\" style=\"width: 100%;\" controls=\"controls\"><source type=\"audio\/mpeg\" src=\"https:\/\/www.radiopiu.net\/wordpress\/wp-content\/uploads\/2020\/06\/BOTTACIN-CORONAVIRUS.mp3?_=3\" \/><a href=\"https:\/\/www.radiopiu.net\/wordpress\/wp-content\/uploads\/2020\/06\/BOTTACIN-CORONAVIRUS.mp3\">https:\/\/www.radiopiu.net\/wordpress\/wp-content\/uploads\/2020\/06\/BOTTACIN-CORONAVIRUS.mp3<\/a><\/audio>\n<p>&nbsp;<\/p>\n<p>&nbsp;<\/p>\n<hr \/>\n<p>&nbsp;<\/p>\n<blockquote>\n<h3>DATI E GRAFICI DEL GIORNO, PROVINCIA \u2013 REGIONE 07 GIUGNO 2020<\/h3>\n<\/blockquote>\n<p><strong>Con la collaborazione di Tiziano De Col<\/strong><\/p>\n<p><a class=\"dt-pswp-item\" href=\"https:\/\/www.radiopiu.net\/wordpress\/wp-content\/uploads\/2020\/06\/Schermata-2020-06-07-alle-19.26.34.png\" data-dt-img-description=\"\" data-large_image_width=\"810\" data-large_image_height=\"448\"><img loading=\"lazy\" decoding=\"async\" class=\"alignnone wp-image-142989\" src=\"https:\/\/www.radiopiu.net\/wordpress\/wp-content\/uploads\/2020\/06\/Schermata-2020-06-07-alle-19.26.34-300x166.png\" alt=\"\" width=\"378\" height=\"209\" srcset=\"https:\/\/www.radiopiu.net\/wordpress\/wp-content\/uploads\/2020\/06\/Schermata-2020-06-07-alle-19.26.34-300x166.png 300w, https:\/\/www.radiopiu.net\/wordpress\/wp-content\/uploads\/2020\/06\/Schermata-2020-06-07-alle-19.26.34-768x425.png 768w, https:\/\/www.radiopiu.net\/wordpress\/wp-content\/uploads\/2020\/06\/Schermata-2020-06-07-alle-19.26.34.png 810w\" sizes=\"auto, (max-width: 378px) 100vw, 378px\" \/><\/a><a class=\"dt-pswp-item\" href=\"https:\/\/www.radiopiu.net\/wordpress\/wp-content\/uploads\/2020\/06\/6c7a388b-418a-440e-9d55-fdee8aef99c4.jpg\" data-dt-img-description=\"\" data-large_image_width=\"480\" data-large_image_height=\"335\"><img loading=\"lazy\" decoding=\"async\" class=\"alignnone size-medium wp-image-142990\" src=\"https:\/\/www.radiopiu.net\/wordpress\/wp-content\/uploads\/2020\/06\/6c7a388b-418a-440e-9d55-fdee8aef99c4-300x209.jpg\" alt=\"\" width=\"300\" height=\"209\" srcset=\"https:\/\/www.radiopiu.net\/wordpress\/wp-content\/uploads\/2020\/06\/6c7a388b-418a-440e-9d55-fdee8aef99c4-300x209.jpg 300w, https:\/\/www.radiopiu.net\/wordpress\/wp-content\/uploads\/2020\/06\/6c7a388b-418a-440e-9d55-fdee8aef99c4.jpg 480w\" sizes=\"auto, (max-width: 300px) 100vw, 300px\" \/><\/a><a class=\"dt-pswp-item\" href=\"https:\/\/www.radiopiu.net\/wordpress\/wp-content\/uploads\/2020\/06\/a78921df-c7e3-4b4c-85c3-f04f1cc2ec9c.jpg\" data-dt-img-description=\"\" data-large_image_width=\"480\" data-large_image_height=\"372\"><img loading=\"lazy\" decoding=\"async\" class=\"alignnone size-medium wp-image-142991\" src=\"https:\/\/www.radiopiu.net\/wordpress\/wp-content\/uploads\/2020\/06\/a78921df-c7e3-4b4c-85c3-f04f1cc2ec9c-300x233.jpg\" alt=\"\" width=\"300\" height=\"233\" srcset=\"https:\/\/www.radiopiu.net\/wordpress\/wp-content\/uploads\/2020\/06\/a78921df-c7e3-4b4c-85c3-f04f1cc2ec9c-300x233.jpg 300w, https:\/\/www.radiopiu.net\/wordpress\/wp-content\/uploads\/2020\/06\/a78921df-c7e3-4b4c-85c3-f04f1cc2ec9c.jpg 480w\" sizes=\"auto, (max-width: 300px) 100vw, 300px\" \/><\/a><\/p>\n<p>&nbsp;<\/p>\n<p>&nbsp;<\/p>\n<hr \/>\n<p>&nbsp;<\/p>\n<h2>LEGGI LA CONFERENZA STAMPA DI LUCA ZAIA<\/h2>\n<blockquote><p><em>Barriere in vetro tra i banchi di scuole? Sono contrario, se un bambino tira una penna al compagno gli torna indietro<\/em><\/p><\/blockquote>\n<p>&nbsp;<\/p>\n<p><strong>7 GIUGNO DI 50 ANNI FA SI VOTAVANO I PRIMI AMMINISTRATORI GENERALI,<\/strong> oggi il messaggio del Presidente Mattarella&#8230; qui ci arriva l&#8217;autonomia per DHL, grazie al Presidente della Repubblica che ha voluto consacrare questa giornata. Cinquant&#8217;anni fa si votavano per la prima volta le regionali e il presidente Mattarella ha fatto oggi un bel intervento per consacrare questo momento e lo ringrazio. L&#8217;autonomia, anche nelle parola del Capo dello Stato, \u00e8 vista come un&#8217;opportunit\u00e0 e non un pericolo. L&#8217;autonomia aiuta e l&#8217;esempio coronavirus \u00e8 chiaro: una gestione fatta da Roma a livello centrale sarebbe stato un disastro con tempi dilatati,\u00a0 l&#8217;articolo 116 definisce l&#8217;autonomia differenziata come un abito sartoriale, ad ognuno &#8216;autonomia che si merita. \u00a0<strong>DOMANI INCONTRO PER LE FIERE<\/strong> \u00a0con il ministro Gualtieri<strong> MEDICINA A TREVISO <\/strong>Siamo prossimi\u00a0 alla proposta di una impugnativa che arriva dai ministeri dell&#8217;Economia e della Salute sul corso di laurea in Medicina e non certo perch\u00e9 si va al voto. Abbiamo a Treviso otto reparti clinicizzati con primari che sono dei professori universitari. Davanti alla Corte Costituzionale se necessario faremo i fuochi d&#8217;artificio. <strong>TAMPONI SEMPRE PIU&#8217; SPESSO A TUTTI?<\/strong> Alle solite attivit\u00e0 come da piano di sanit\u00e0 pubblica non al cassiere del supermercato. <strong>HA SFRUTTATO IL PERIODO DI CORONAVIRUS PER FARE CAMPAGNA ELETTORALE<\/strong> <strong>SUI DOLORI DEGLI ALTRI<\/strong> Per garantire la parcondicio non risponderei cos\u00ec lascio una riga bianca. Una dichiarazione del genere dei miei avversari si commenta da se. Questo punto stampa nasce in maniera ragionata davanti ad un mostro che diffondeva inquietudine e serviva una persona che parlava ai veneti. Se andava male oggi nessuno veniva a dire che avevo cavalcato il coronavirus. <strong>SICUREZZA A SCUOLA CON IL PLEXIGLASS<\/strong> Sono contrario \u00e8 impensabile mettere dei bambini chiusi in una scatola. Se tirano una penna al compagno gli torna indietro. E&#8217;\u00a0 la solita soluzione di un tecnico che quando non sa cosa fare trova questo tipo di soluzioni. Non c&#8217;\u00e8 stata una regia dietro alla scuola, se le cose hanno funzionato lo si deve\u00a0 ad insegnanti\u00a0 e\u00a0 famiglie.<\/p>\n<p>&nbsp;<\/p>\n<p>&nbsp;<\/p>\n<p>https:\/\/www.facebook.com\/zaiaufficiale\/videos\/859634631187766<\/p>\n<p>&nbsp;<\/p>\n<hr \/>\n<p>&nbsp;<\/p>\n<blockquote>\n<h3>&#8220;DE COCCIO&#8221;: TERZO GIORNO CONSECUTIVO SENZA SANZIONI<\/h3>\n<\/blockquote>\n<p><strong>BELLUNO<\/strong> Per il terzo giorno consecutivo non sono state rilevate irregolarit\u00e0 dalle Forze dell&#8217;Ordine in base ai controlli per il contenimento del Covid-19. Da segnalare che i controlli si sono anche dimezzati rispetto alla scorsa settimana. 267 le persone controllate sabato, nessuna sanzione o denuncia. Continua anche il monitoraggio delle attivit\u00e0 commerciali e anche in questo caso nessuna irregolarit\u00e0.<\/p>\n<p><a class=\"dt-pswp-item\" href=\"https:\/\/www.radiopiu.net\/wordpress\/wp-content\/uploads\/2020\/06\/MONITORAGGIO_SETTIMANALE_DEI_SERVIZI_DI_CONTROLLO_DEL_06.06.2020.jpg\" data-dt-img-description=\"\" data-large_image_width=\"1240\" data-large_image_height=\"1754\"><img loading=\"lazy\" decoding=\"async\" class=\"alignnone wp-image-142914 \" src=\"https:\/\/www.radiopiu.net\/wordpress\/wp-content\/uploads\/2020\/06\/MONITORAGGIO_SETTIMANALE_DEI_SERVIZI_DI_CONTROLLO_DEL_06.06.2020-724x1024.jpg\" alt=\"\" width=\"283\" height=\"400\" srcset=\"https:\/\/www.radiopiu.net\/wordpress\/wp-content\/uploads\/2020\/06\/MONITORAGGIO_SETTIMANALE_DEI_SERVIZI_DI_CONTROLLO_DEL_06.06.2020-724x1024.jpg 724w, https:\/\/www.radiopiu.net\/wordpress\/wp-content\/uploads\/2020\/06\/MONITORAGGIO_SETTIMANALE_DEI_SERVIZI_DI_CONTROLLO_DEL_06.06.2020-212x300.jpg 212w, https:\/\/www.radiopiu.net\/wordpress\/wp-content\/uploads\/2020\/06\/MONITORAGGIO_SETTIMANALE_DEI_SERVIZI_DI_CONTROLLO_DEL_06.06.2020-768x1086.jpg 768w, https:\/\/www.radiopiu.net\/wordpress\/wp-content\/uploads\/2020\/06\/MONITORAGGIO_SETTIMANALE_DEI_SERVIZI_DI_CONTROLLO_DEL_06.06.2020-1086x1536.jpg 1086w, https:\/\/www.radiopiu.net\/wordpress\/wp-content\/uploads\/2020\/06\/MONITORAGGIO_SETTIMANALE_DEI_SERVIZI_DI_CONTROLLO_DEL_06.06.2020.jpg 1240w\" sizes=\"auto, (max-width: 283px) 100vw, 283px\" \/><\/a><\/p>\n<p>&nbsp;<\/p>\n<p>&nbsp;<\/p>\n<hr \/>\n<p>&nbsp;<\/p>\n<blockquote>\n<h3>NUOVI CONFERIMENTI E AVVICENDAMENTI PER IL CORPO NAZIONALE DEI VIGILI DEL FUOCO<\/h3>\n<\/blockquote>\n<p class=\"photoswipe-wrapper\"><a class=\"dt-pswp-item pspw-wrap-ready\" href=\"https:\/\/i1.wp.com\/www.radiopiu.net\/wordpress\/wp-content\/uploads\/2020\/05\/VIGILI-DEL-FUOCO-LOGO.png?ssl=1\" data-dt-img-description=\"\" data-large_image_width=\"1200\" data-large_image_height=\"1200\"><img loading=\"lazy\" decoding=\"async\" class=\"size-medium wp-image-138743 alignleft jetpack-lazy-image jetpack-lazy-image--handled\" src=\"https:\/\/i1.wp.com\/www.radiopiu.net\/wordpress\/wp-content\/uploads\/2020\/05\/VIGILI-DEL-FUOCO-LOGO.png?resize=300%2C300&amp;ssl=1\" sizes=\"auto, (max-width: 300px) 100vw, 300px\" srcset=\"https:\/\/i1.wp.com\/www.radiopiu.net\/wordpress\/wp-content\/uploads\/2020\/05\/VIGILI-DEL-FUOCO-LOGO.png?resize=300%2C300&amp;ssl=1 300w, https:\/\/i1.wp.com\/www.radiopiu.net\/wordpress\/wp-content\/uploads\/2020\/05\/VIGILI-DEL-FUOCO-LOGO.png?resize=1024%2C1024&amp;ssl=1 1024w, https:\/\/i1.wp.com\/www.radiopiu.net\/wordpress\/wp-content\/uploads\/2020\/05\/VIGILI-DEL-FUOCO-LOGO.png?resize=150%2C150&amp;ssl=1 150w, https:\/\/i1.wp.com\/www.radiopiu.net\/wordpress\/wp-content\/uploads\/2020\/05\/VIGILI-DEL-FUOCO-LOGO.png?resize=768%2C768&amp;ssl=1 768w, https:\/\/i1.wp.com\/www.radiopiu.net\/wordpress\/wp-content\/uploads\/2020\/05\/VIGILI-DEL-FUOCO-LOGO.png?w=1200&amp;ssl=1 1200w\" alt=\"\" width=\"300\" height=\"300\" data-recalc-dims=\"1\" data-lazy-loaded=\"1\" \/><\/a>Nei giorni scorsi il Dipartimento dei Vigili del Fuoco del soccorso pubblico e della difesa Civile ha disposto una serie di conferimenti e avvicendamenti dei dirigenti con decorrenza 29 giugno.\u00a0Belluno: l\u2019attuale comandante l\u2019ing. Girolamo Fiandra Bentivoglio promosso dirigente superiore dal 29 giugno assumer\u00e0 l\u2019incarico di comandante di Sassari. Prossimamente sar\u00e0 reso noto dal dipartimento il nuovo dirigente del Comando.\u00a0Direzione Interregionale dei vigili del fuoco del Veneto e Trentino Alto Adige, l\u2019ing. Enrico Porrovecchio, dirigente superiore, responsabile della colonna mobile regionale, dal 29 giugno assumer\u00e0 l\u2019incarico di comandante dei Vigili del Fuoco di Brescia. Prossimamente sar\u00e0 reso noto dal Dipartimento il nuovo dirigente della direzione.\u00a0L\u2019ing. Dino Poggiali, dirigente superiore, \u00e8 stato nominato nuovo comandante dei vigili del fuoco di Venezia,\u00a0L\u2019ing. Giampiero Rizzo, primo dirigente, attuale comandante dei Vigili del fuoco di Vibo Valentia \u00e8 stato designato comandante dei vigili del fuoco di Treviso. L\u2019ing. Luigi Giudice, dirigente superiore, attuale comandante dei vigili del fuoco di Sassari \u00e8 stato designato nuovo comandante di Verona. L\u2019architetto Giuseppe Costa, primo dirigente, attuale dirigente vicario del Comando di Venezia \u00e8 stato nominato comandante di Vicenza.<\/p>\n<p>&nbsp;<\/p>\n<p>&nbsp;<\/p>\n<hr \/>\n<p>&nbsp;<\/p>\n<blockquote>\n<h3 class=\"entry-title\">INQUIETANTE DICHIARAZIONE DI BOTTACIN: \u201cBELLUNO PROVINCIA SENZA UN COMANDANTE AI VIGILI DEL FUOCO\u201d<\/h3>\n<\/blockquote>\n<p><strong><a class=\"dt-pswp-item\" href=\"https:\/\/www.radiopiu.net\/wordpress\/wp-content\/uploads\/2020\/04\/bottacin-1.jpg\" data-dt-img-description=\"\" data-large_image_width=\"640\" data-large_image_height=\"426\"><img loading=\"lazy\" decoding=\"async\" class=\"size-medium wp-image-132784 alignleft\" src=\"https:\/\/www.radiopiu.net\/wordpress\/wp-content\/uploads\/2020\/04\/bottacin-1-300x200.jpg\" alt=\"\" width=\"300\" height=\"200\" srcset=\"https:\/\/www.radiopiu.net\/wordpress\/wp-content\/uploads\/2020\/04\/bottacin-1-300x200.jpg 300w, https:\/\/www.radiopiu.net\/wordpress\/wp-content\/uploads\/2020\/04\/bottacin-1.jpg 640w\" sizes=\"auto, (max-width: 300px) 100vw, 300px\" \/><\/a><\/strong><\/p>\n<p><strong>BELLUNO<\/strong> Proprio ieri davano una notizia importante. &#8220;L\u2019attuale comandante l\u2019ingegner Girolamo Fiandra Bentivoglio promosso dirigente superiore,\u00a0 dal 29 giugno assumer\u00e0 l\u2019incarico di comandante di Sassari. <strong>Prossimamente sar\u00e0 reso noto dal dipartimento il nuovo dirigente del Comando<\/strong>&#8220;.\u00a0 Oggi secondo l&#8217;assessore alla protezione civile Gianpaolo Bottacin quel prossimamente \u00e8 un&#8217;incognita: <em>&#8220;La Ministra\u00a0 &#8211; riferisce &#8211; ha deciso che da fine giugno il comando provinciale dei Vigili del Fuoco\u00a0 di Belluno resta scoperto. Questo per la provincia di Vaia, quella col pi\u00f9 alto numero di\u00a0 volontari, quella con il nuovo Comando da inaugurare, quella con la sala operativa della protezione civile che sar\u00e0 fatta nel Comando provinciale dei\u00a0 vigili del fuoco&#8230;<\/em>..&#8221;\u00a0 Per Bottacin un\u00a0 attacco al Veneto.<em> &#8220;Il nostro direttore interregionale (bellunese) rester\u00e0 senza vice perch\u00e9 \u00e8 stato nominato a Brescia e non sostituito.Tutti gli altri comandanti provinciali sono stati spostati: un vero attacco al Veneto&#8221;<\/em><\/p>\n<p>&nbsp;<\/p>\n<p><strong>AI MICROFONI DI RADIO PIU&#8217; L&#8217;ASSESSORE GIANPAOLO BOTTACIN<\/strong><\/p>\n<audio class=\"wp-audio-shortcode\" id=\"audio-142896-4\" preload=\"none\" style=\"width: 100%;\" controls=\"controls\"><source type=\"audio\/mpeg\" src=\"https:\/\/www.radiopiu.net\/wordpress\/wp-content\/uploads\/2020\/06\/BOTTACIN.mp3?_=4\" \/><a href=\"https:\/\/www.radiopiu.net\/wordpress\/wp-content\/uploads\/2020\/06\/BOTTACIN.mp3\">https:\/\/www.radiopiu.net\/wordpress\/wp-content\/uploads\/2020\/06\/BOTTACIN.mp3<\/a><\/audio>\n<p>&nbsp;<\/p>\n<p>&#8220;Ho appreso con preoccupazione la notizia dell&#8217;avvicinamento di tutti i comandanti provinciali dei Vigili del Fuoco del Veneto. Un vero e proprio terremoto\u201c. Commenta cos\u00ec l&#8217;assessore alla Protezione Civile Gianpaolo Bottacin gli avvicendamenti nelle caserme venete. &#8220;Il direttore interregionale Munaro, verso il quale ho la massima stima &#8211; sottolinea l&#8217;assessore -, poteva godere su una squadra di ottimi comandanti provinciali. Non ho motivo peraltro di dubitare che i nuovi comandanti, di cui alcuni gi\u00e0 li conosco, siano assolutamente preparati e mi auguro che in tempi brevi pertanto si crei quello stesso spirito di squadra che Munaro aveva creato col gruppo precedente&#8221;. <strong>&#8220;Mi preoccupa invece il fatto che non ci siano notizie in merito alla sostituzione del vice di Munaro, l&#8217;ing. Porrivecchio destinato a Brescia. Una figura importantissima. E altrettanto importante la figura del comandante di Belluno, la provincia di Vaia, quella che conta 6000 delle 9000 frane del Veneto, quella del Vajont, la provincia che ha il pi\u00f9 alto numero di distaccamenti e di vigili volontari da coordinare, nella quale a breve sar\u00e0 inaugurato, dopo anni di peripezie, il nuovo comando provinciale che conterr\u00e0 anche la sala operativa della Protezione Civile grazie all&#8217;ottima sinergia che la Regione ha con i Vigili del Fuoco, soprattutto dopo la firma della convenzione che io stesso ho promosso da qualche anno. Un obiettivo importante raggiunto grazie alla caparbiet\u00e0 dell&#8217;ing. Bentivoglio, ottimo professionista di cui sentiremo sicuramente la mancanza&#8221;.<\/strong><br \/>\n&#8220;So perfettamente che il comando provinciale di Belluno potr\u00e0 andare avanti lo stesso grazie agli ottimi funzionari e pompieri su cui pu\u00f2 contare &#8211; conclude Bottacin-. Tuttavia mi attiver\u00f2 da subito col governo affinch\u00e9 siano immediatamente ricoperte le posizioni vacanti. Il Veneto, la Regione che si \u00e8 tanto positivamente distinta per Vaia, non pu\u00f2 attendere&#8221;.<\/p>\n<p>&nbsp;<\/p>\n<p>&nbsp;<\/p>\n<hr \/>\n<p>&nbsp;<\/p>\n<blockquote>\n<h3>SANT&#8217;ANTONIO DA RIVAMONTE, LA FESTA RELIGIOSA<\/h3>\n<\/blockquote>\n<p><b><img loading=\"lazy\" decoding=\"async\" class=\"alignleft\" src=\"https:\/\/www.radiopiu.net\/wordpress\/wp-content\/uploads\/2018\/07\/rivamonte.jpg\" width=\"150\" height=\"112\" \/>RIVAMONTE\u00a0 <\/b>Le restrizioni ed il particolare tempo che stiamo vivendo, hanno portato a dover annullare\u00a0 la tradizionale sagra di Sant&#8217;Antonio, ma non le celebrazioni. Saranno ovviamente in ottemperanza alle disposizioni di legge, la chiesa non potr\u00e0 accogliere il &#8220;pienone&#8221; della Messa granda quest&#8217;anno per la prima volta presieduta dal parroco e non si potr\u00e0 fare la processione. Ci\u00f2 nonostante la sera della vigilia ci sar\u00e0 la celebrazione con la benedizione dei cordoi ed il giorno seguente alle varie Messe ne \u00e8 stata aggiunta una, quella delle ore 16, cos\u00ec da poter permettere un&#8217;affluenza pi\u00f9 serena e graduale. L&#8217;immagine di S. Antonio rimarr\u00e0 all&#8217;altare a lui dedicato, cos\u00ec da evitare i cosiddetti &#8220;assembramenti&#8221; specie in alcune ore della giornata.\u00a0<em> &#8220;Certo la devozione all&#8217;amato Santo non \u00e8 stata fermata lungo della quarantena, non si fermer\u00e0 ora &#8211; dice il parroco Don Fabiano Del Favero &#8211; anzi, non ho alcun dubbio come pi\u00f9 di uno dei miei compaesani, anche in questo tempo,\u00a0 si sia affidato all&#8217;intercessione di S. Antonio&#8221;<\/em><\/p>\n<p>&nbsp;<\/p>\n<p>&nbsp;<\/p>\n<hr \/>\n<blockquote>\n<h3>SOSTEGNO PSICOLOGICO COVID: 360 INTERVENTI IN 80 GIORNI<\/h3>\n<\/blockquote>\n<p><span class=\"s1\"><b class=\"photoswipe-wrapper\"><a class=\"dt-pswp-item pspw-wrap-ready\" href=\"https:\/\/i1.wp.com\/www.radiopiu.net\/wordpress\/wp-content\/uploads\/2016\/01\/Ospedale_San_Martino_Belluno_2014.jpg?ssl=1\" data-dt-img-description=\"\" data-large_image_width=\"699\" data-large_image_height=\"376\"><img loading=\"lazy\" decoding=\"async\" class=\"size-medium wp-image-15416 alignleft jetpack-lazy-image jetpack-lazy-image--handled\" src=\"https:\/\/i1.wp.com\/www.radiopiu.net\/wordpress\/wp-content\/uploads\/2016\/01\/Ospedale_San_Martino_Belluno_2014.jpg?resize=300%2C161&amp;ssl=1\" sizes=\"auto, (max-width: 300px) 100vw, 300px\" srcset=\"https:\/\/i1.wp.com\/www.radiopiu.net\/wordpress\/wp-content\/uploads\/2016\/01\/Ospedale_San_Martino_Belluno_2014.jpg?resize=300%2C161&amp;ssl=1 300w, https:\/\/i1.wp.com\/www.radiopiu.net\/wordpress\/wp-content\/uploads\/2016\/01\/Ospedale_San_Martino_Belluno_2014.jpg?w=699&amp;ssl=1 699w\" alt=\"\" width=\"300\" height=\"161\" data-recalc-dims=\"1\" data-lazy-loaded=\"1\" \/><\/a>BELLUNO<\/b>\u00a0<\/span><span class=\"s2\">360 interventi in 80 giorni: E\u2019 quanto \u00e8 stato fatto nell\u2019ambito del progetto \u201cSostegno Psicologico COVID\u201d promosso dalla\u2019Ulss Dolomiti in collaborazione con l\u2019AIL sezione di Belluno e il Fondo Welfare Dolomiti della Provincia a partire da marzo.\u00a0<\/span><span class=\"s2\">Incertezza, ansia e paura, impotenza e tensione emotiva, nervosismo e malesseri fisici. Sono alcune delle forme di disagio che inevitabilmente \u2013 in misura maggiore o minore e a seconda di et\u00e0, salute, stile precedente di vita come anche situazione socio economica \u2013 ognuno ha vissuto in questo periodo di emergenza covid19 . Nella fase dell\u2019emergenza in cui la preoccupazione era pi\u00f9 forte, la UOSD di Psicologia Ospedaliera si \u00e8 fatta promotrice dell\u2019attivit\u00e0 di sostegno psicologico secondo il modello della psicologia dell\u2019emergenza, partendo dalle persone malate e da chi le cura (cittadini in isolamento fiduciario o in quarantena, pazienti e famigliari oltre che sanitari dei reparti covid). Il sostegno \u00e8 stato poi via via allargato.\u00a0<\/span><span class=\"s2\">Ad oggi sono stati fatti:\u00a0<\/span><span class=\"s2\">152 colloqui a favore di 39 persone Covid positive o in isolamento fiduciario,\u00a0<\/span><span class=\"s2\">83 colloqui di supporto a 11 famiglie di persone ricoverate per Covid+,\u00a0<\/span><span class=\"s2\">44 colloqui di supporto nell\u2019elaborazione del lutto a 8 familiari,\u00a0<\/span><span class=\"s2\">8 reparti ospedalieri e 6 Case di Riposo formate nella tecnica del Defusing,\u00a0<\/span><span class=\"s2\">19 incontri di gruppo di defusing\/de briefing,\u00a0<\/span><span class=\"s2\">33 colloqui a favore di 12 sanitari,\u00a0<\/span><span class=\"s2\">20 colloqui di supervisione ai coordinatori di reparto.\u00a0<\/span><span class=\"s2\">Inoltre, nell\u2019ambito del progetto, \u00e8 stato curato anche il sostegno ai Medici di medicina generale oltre che la produzione di diverso materiale informativo per la cittadinanza<span class=\"Apple-converted-space\">\u00a0\u00a0<\/span>diffuso attraverso i vari canali aziendali e<span class=\"Apple-converted-space\">\u00a0\u00a0<\/span>per le case di riposo.\u00a0<\/span><span class=\"s2\">Sono state fatte delle schede (disponibili nel sito\u00a0<a href=\"http:\/\/www.aulss1.veneto.it\/\"><span class=\"s3\">www.aulss1.veneto.it<\/span><\/a>) su\u00a0<\/span><span class=\"s2\">SOS contagio emotivo,\u00a0<\/span><span class=\"s2\">Psicoeducazione adulti,\u00a0<\/span><span class=\"s2\">Psicoeducazione bambini,\u00a0<\/span><span class=\"s2\">Psicoeducazione anziani,\u00a0<\/span><span class=\"s2\">Psicoeducazione adolescenti,\u00a0<\/span><span class=\"s2\">Psicoeducazione operatori sanitari,\u00a0<\/span><span class=\"s2\">Defusing,\u00a0<\/span><span class=\"s2\">Comunicazione cattiva notizia telefonica,\u00a0<\/span><span class=\"s2\">Consigli per l\u2019alimentazione,\u00a0<\/span><span class=\"s2\">Consigli per il sonno,\u00a0<\/span><span class=\"s2\">Video di mindfulness e stretching,<\/span><span class=\"s2\">\u00a0Indicazione per le Case di Riposo per operatori,\u00a0<\/span><span class=\"s2\">ospiti e coordinatori.\u00a0<\/span><span class=\"s2\">Inoltre, sono stati fatti dei brevi video sugli stessi temi diffusi dalla televisione locale e nella pagina facebook dell\u2019Azienda.\u00a0<\/span><span class=\"s2\">Il progetto \u00e8 stato promosso e guidato dalla responsabile della UOSD di psicologia dott.ssa Francesca De Biasi. L\u2019equipe della psicologia ospedaliera composto dalle dott.sse Chiara Forlin, Isabella Maccagnan ed Elena Sommacal \u2013 sostenuto dall AIL \u2013 \u00e8 stata integrata con la dott.ssa Cristina Zaetta, del serD distretto 1, e dal dott. Turco per il personale e le attivit\u00e0 presso l\u2019ospedale di Feltre.\u00a0<\/span><span class=\"s2\">Un\u2019attivit\u00e0 complessa che ha cercato di rispettare ed integrarsi con i tempi delle istituzioni, degli operatori sanitari e dei malati, offrendo professionalit\u00e0 grazie alla sinergia dell\u2019ULSS 1, promotore e ordinatore dell\u2019iniziativa tramite la Psicologia Ospedaliera, l\u2019AIL sezione di Belluno per il finanziamento di parte delle psicologhe coinvolte, e il fondo Welfare per la formazione e la supervisione al personale oltre che per gli\u00a0<\/span><span class=\"s4\">interventi nei confronti dei cittadini.\u00a0<\/span><span class=\"s2\">\u00ab<em>Questa pandemia ha coinvolto in modo trasversale la popolazione facendo entrare le emozioni e i comportamenti nel vocabolario quotidiano di politici e sanitari. \u00c8 normale aver timore di ci\u00f2 che pu\u00f2 essere pericoloso per la nostra salute, tuttavia le caratteristiche di questo virus \u2013 invisibile e a volte letale \u2013 hanno amplificato le paure e l\u2019ansia rischiando di toglierci controllo ed equilibrio.<span class=\"Apple-converted-space\">\u00a0\u00a0<\/span>\u00c8 stato quindi importante ascoltare e normalizzare, riservando a ciascuno l\u2019intervento adatto alla propria condizione (famigliare, malato, operatore) e offrendo spunti personali per ritrovare nella propria quotidianit\u00e0 uno spazio di auto-comprensione e cambiamento<\/em>\u00bb spiega la coordinatrice Francesca de Biasi. \u00ab<em>La pandemia ha fatto sicuramente toccare a ciascuno, nella continuit\u00e0 del proprio isolamento, la fragilit\u00e0 ma anche la possibilit\u00e0 di crescita. Per qualcuno si \u00e8 trattato di riuscire a stare soli con s\u00e9 stessi. Per altri responsabilizzarsi rispetto all\u2019impatto del proprio comportamento sulla collettivit\u00e0. Per altri ancora riscoprire Riconoscenza e solidariet\u00e0.<span class=\"Apple-converted-space\">\u00a0\u00a0<\/span>Alcune professioni non hanno potuto fermarsi e quando la comunit\u00e0 \u00e8 colpita in toto, la via per sentirsi meno impotenti \u00e8 quella di sentisti comunit\u00e0 anche nell\u2019azione. Alcuni in una corsia, altri al supermercato, altri ancora rimanendo a casa<\/em>\u00bb, conclude la coordinatrice Francesca de Biasi \u00a0<\/span><\/p>\n<p>&nbsp;<\/p>\n<p>&nbsp;<\/p>\n<hr \/>\n<p>&nbsp;<\/p>\n<div>\n<blockquote>\n<h3>VISITA DEL MINISTRO DI MAIO IN SLOVENIA. DE CARLO: \u201cSOTTOMESSI AGLI ANTI-ITALIANI\u201d<\/h3>\n<\/blockquote>\n<div><strong><a class=\"dt-pswp-item\" href=\"https:\/\/www.radiopiu.net\/wordpress\/wp-content\/uploads\/2020\/05\/Luca-De-Carlo.jpg\" data-dt-img-description=\"\" data-large_image_width=\"165\" data-large_image_height=\"228\"><img loading=\"lazy\" decoding=\"async\" class=\"size-full wp-image-138787 alignleft\" src=\"https:\/\/www.radiopiu.net\/wordpress\/wp-content\/uploads\/2020\/05\/Luca-De-Carlo.jpg\" alt=\"\" width=\"165\" height=\"228\" \/><\/a>ROMA\u00a0<\/strong>\u201c<em>Con la visita in Slovenia e i successivi annunci di accordo, il Ministro degli Esteri \u00e8 riuscito nell&#8217;impresa di sottomettere l&#8217;intera nazione a uno stato che ha pi\u00f9 volte dimostrato la sua anti-italianit\u00e0<\/em>\u201d: cos\u00ec il deputato di Fratelli d&#8217;Italia, Luca De Carlo, attacca Luigi Di Maio dopo la visita a Lubiana. \u201c<em>Parliamo di uno stato che punta i fucili contro gli italiani per impedire che mentre fanno sport attraversino i confini, mentre lasciano passare nei loro boschi migliaia di migranti diretti verso l&#8217;Italia\u201d, sottolinea De Carlo. \u201cParliamo di un governo che lo scorso 12 febbraio, in occasione dalla Giornata del Ricordo, ha addirittura attaccato il Presidente della Repubblica che aveva \u201cosato\u201d onorare la memoria dei morti delle foibe. Invece che prendere posizione contro tutto questo, il ministro Di Maio \u00e8 andato l\u00e0 per fare donazioni e ottenere la riapertura delle frontiere, il che equivale a gravi perdite economiche e turistiche per l&#8217;Italia, visto che nell&#8217;area il traffico \u00e8 praticamente a senso unico<\/em>\u201d. \u201c<em>In compenso<\/em>\u201d, continua De Carlo, che ricopre anche l&#8217;incarico di coordinatore veneto di FdI \u201c<em>Di Maio non \u00e8 ancora riuscito a ottenere la riapertura dei confini con l&#8217;Austria, che \u00e8 un bacino importante per il turismo di Veneto e Friuli Venezia Giulia. Nei giorni scorsi, mentre a Lubiana Di Maio deponeva le armi senza neanche provare a combattere, ci sono stati turisti che dall&#8217;Austria per raggiungere Jesolo hanno dovuto passare per la Svizzera cos\u00ec da evitare controlli e blocchi: nonostante la pessima comunicazione internazionale di questo governo, le nostre localit\u00e0 sono ancora la meta preferita dai turisti europei, del Nord Europa in particolare.\u00a0<\/em><em>La nostra economia e il nostro turismo ora quindi hanno bisogno di sostegno, di supporto e di iniziative forti, non di rappresentanti che girano per l&#8217;Europa a chinare il capo e a difendere gli interessi degli altri, dimenticando quelli di un&#8217;intera nazione<\/em>\u201d.<\/div>\n<\/div>\n<div><\/div>\n<div><\/div>\n<div>\n<hr \/>\n<\/div>\n<p>&nbsp;<\/p>\n<p>&nbsp;<\/p>\n<p>&nbsp;<\/p>\n<blockquote>\n<h3>DOMANI IL CONSIGLIO COMUNALE DI ROCCA PIETORE<\/h3>\n<\/blockquote>\n<p><a class=\"dt-pswp-item\" href=\"https:\/\/www.radiopiu.net\/wordpress\/wp-content\/uploads\/2020\/04\/ROCCA-PIETORE.png\" data-dt-img-description=\"\" data-large_image_width=\"712\" data-large_image_height=\"410\"><img loading=\"lazy\" decoding=\"async\" class=\"size-medium wp-image-127376 alignleft\" src=\"https:\/\/www.radiopiu.net\/wordpress\/wp-content\/uploads\/2020\/04\/ROCCA-PIETORE-300x173.png\" alt=\"\" width=\"300\" height=\"173\" srcset=\"https:\/\/www.radiopiu.net\/wordpress\/wp-content\/uploads\/2020\/04\/ROCCA-PIETORE-300x173.png 300w, https:\/\/www.radiopiu.net\/wordpress\/wp-content\/uploads\/2020\/04\/ROCCA-PIETORE.png 712w\" sizes=\"auto, (max-width: 300px) 100vw, 300px\" \/><\/a>di Gianni Santomaso<\/p>\n<audio class=\"wp-audio-shortcode\" id=\"audio-142896-5\" preload=\"none\" style=\"width: 100%;\" controls=\"controls\"><source type=\"audio\/mpeg\" src=\"https:\/\/www.radiopiu.net\/wordpress\/wp-content\/uploads\/2020\/06\/GIANNI-CONSIGLIO-ROCCA.mp3?_=5\" \/><a href=\"https:\/\/www.radiopiu.net\/wordpress\/wp-content\/uploads\/2020\/06\/GIANNI-CONSIGLIO-ROCCA.mp3\">https:\/\/www.radiopiu.net\/wordpress\/wp-content\/uploads\/2020\/06\/GIANNI-CONSIGLIO-ROCCA.mp3<\/a><\/audio>\n<p>&nbsp;<\/p>\n<p>&nbsp;<\/p>\n<hr \/>\n<p>&nbsp;<\/p>\n<blockquote>\n<h3>ARABBA E FALCADE SI PREPARANO PER LA STAGIONE ESTIVA<\/h3>\n<\/blockquote>\n<p><a class=\"dt-pswp-item\" href=\"https:\/\/www.radiopiu.net\/wordpress\/wp-content\/uploads\/2020\/06\/Arabba_ph.credit_Roberto-Grones-scaled.jpg\" data-dt-img-description=\"DCIM100MEDIADJI_0018.JPG\" data-large_image_width=\"2560\" data-large_image_height=\"1920\"><img loading=\"lazy\" decoding=\"async\" class=\"wp-image-142687 size-medium alignleft\" src=\"https:\/\/www.radiopiu.net\/wordpress\/wp-content\/uploads\/2020\/06\/Arabba_ph.credit_Roberto-Grones-300x225.jpg\" alt=\"\" width=\"300\" height=\"225\" srcset=\"https:\/\/www.radiopiu.net\/wordpress\/wp-content\/uploads\/2020\/06\/Arabba_ph.credit_Roberto-Grones-300x225.jpg 300w, https:\/\/www.radiopiu.net\/wordpress\/wp-content\/uploads\/2020\/06\/Arabba_ph.credit_Roberto-Grones-1024x768.jpg 1024w, https:\/\/www.radiopiu.net\/wordpress\/wp-content\/uploads\/2020\/06\/Arabba_ph.credit_Roberto-Grones-768x576.jpg 768w, https:\/\/www.radiopiu.net\/wordpress\/wp-content\/uploads\/2020\/06\/Arabba_ph.credit_Roberto-Grones-1536x1152.jpg 1536w, https:\/\/www.radiopiu.net\/wordpress\/wp-content\/uploads\/2020\/06\/Arabba_ph.credit_Roberto-Grones-2048x1536.jpg 2048w\" sizes=\"auto, (max-width: 300px) 100vw, 300px\" \/><\/a>di Gianni Santomaso<\/p>\n<audio class=\"wp-audio-shortcode\" id=\"audio-142896-6\" preload=\"none\" style=\"width: 100%;\" controls=\"controls\"><source type=\"audio\/mpeg\" src=\"https:\/\/www.radiopiu.net\/wordpress\/wp-content\/uploads\/2020\/06\/GIANNI-TURISMO-ARABBA-E-FALCADE.mp3?_=6\" \/><a href=\"https:\/\/www.radiopiu.net\/wordpress\/wp-content\/uploads\/2020\/06\/GIANNI-TURISMO-ARABBA-E-FALCADE.mp3\">https:\/\/www.radiopiu.net\/wordpress\/wp-content\/uploads\/2020\/06\/GIANNI-TURISMO-ARABBA-E-FALCADE.mp3<\/a><\/audio>\n<p>&nbsp;<\/p>\n<p>&nbsp;<\/p>\n<hr \/>\n<p>&nbsp;<\/p>\n<blockquote>\n<h3>IL MUSEO DELL\u2019OCCHIALE RIAPRE IN TOTALE SICUREZZA GRAZIE ALLA GENEROSITA\u2019 DI DUE IMPRENDITORI DEL TERRITORIO<\/h3>\n<\/blockquote>\n<p><strong class=\"photoswipe-wrapper\"><a class=\"dt-pswp-item pspw-wrap-ready\" href=\"https:\/\/i2.wp.com\/www.radiopiu.net\/wordpress\/wp-content\/uploads\/2020\/06\/MUSEO-OCCHIALE-PIEVE.jpeg?ssl=1\" data-dt-img-description=\"\" data-large_image_width=\"1200\" data-large_image_height=\"900\"><img loading=\"lazy\" decoding=\"async\" class=\"size-medium wp-image-142847 alignleft jetpack-lazy-image jetpack-lazy-image--handled\" src=\"https:\/\/i2.wp.com\/www.radiopiu.net\/wordpress\/wp-content\/uploads\/2020\/06\/MUSEO-OCCHIALE-PIEVE.jpeg?resize=300%2C225&amp;ssl=1\" sizes=\"auto, (max-width: 300px) 100vw, 300px\" srcset=\"https:\/\/i2.wp.com\/www.radiopiu.net\/wordpress\/wp-content\/uploads\/2020\/06\/MUSEO-OCCHIALE-PIEVE.jpeg?resize=300%2C225&amp;ssl=1 300w, https:\/\/i2.wp.com\/www.radiopiu.net\/wordpress\/wp-content\/uploads\/2020\/06\/MUSEO-OCCHIALE-PIEVE.jpeg?resize=1024%2C768&amp;ssl=1 1024w, https:\/\/i2.wp.com\/www.radiopiu.net\/wordpress\/wp-content\/uploads\/2020\/06\/MUSEO-OCCHIALE-PIEVE.jpeg?resize=768%2C576&amp;ssl=1 768w, https:\/\/i2.wp.com\/www.radiopiu.net\/wordpress\/wp-content\/uploads\/2020\/06\/MUSEO-OCCHIALE-PIEVE.jpeg?w=1200&amp;ssl=1 1200w\" alt=\"\" width=\"300\" height=\"225\" data-recalc-dims=\"1\" data-lazy-loaded=\"1\" \/><\/a>PIEVE DI CADORE\u00a0<\/strong>Dopo tre mesi di chiusura a causa dell\u2019emergenza legata al Coronavirus il Museo dell\u2019Occhiale riapre le sue porte al pubblico. Le visite si svolgeranno in totale sicurezza<span class=\"Apple-converted-space\">\u00a0\u00a0<\/span>grazie anche alla generosit\u00e0 di due imprenditori del territorio che hanno voluto donare al Museo i presidi necessari previsti dalla normativa: Fabrizio de Silvestro della Gatto Astucci, da sempre vicino al Museo, e Igino Genova della Tipografia Tiziano.\u00a0Un gesto importante per una piccola realt\u00e0 che ha visto in questi tre mesi il blocco di tutte le sue attivit\u00e0 e che vive con incertezza i mesi a venire non sapendo come reagir\u00e0 il pubblico culturale.\u00a0Tra le misure adottate: ingressi contingentati, itinerari obbligati, obbligo di visita con mascherina, dispenser con gel disinfettante.\u00a0<b>\u201c<\/b><em>Il museo, quindi, \u00e8 un luogo sicuro<\/em><em>\u00a0\u2013 afferma la curatrice Laura Zandonella \u2013 che si pu\u00f2 visitare in tutta tranquillit\u00e0 perch\u00e9 non affollato, perch\u00e9 sono stati emanati stretti protocolli a cui tutti ci stiamo attenendo, perch\u00e9 gli ambienti vengono sanificati e igienizzati e si seguono precise e scrupolose norme di carattere medico-sanitario, e perch\u00e9 il personale \u00e8 attento e vigile affinch\u00e9 tutti possano essere al sicuro<\/em>.\u201d\u00a0\u201c<em>Siamo felici di riaprire le nostre porte \u2013 ribadisce Vittorio Tabacchi, presidente della Fondazione che gestisce il Museo \u2013 speranzosi che la gente abbia voglia di riavvicinarsi ai luoghi della cultura per riappropriarsi delle bellezze artistiche del nostro territorio<\/em>\u201d.\u00a0\u201c<em>Stiamo programmando alcune attivit\u00e0 per il periodo estivo \u2013 afferma Laura Zandonella \u2013 rivolte sia ad un pubblico adulto sia ai bambini. Tutte le attivit\u00e0 saranno a numero chiuso e su prenotazione per assicurare ai fruitori il rispetto delle norme vigenti<\/em>\u201d.<\/p>\n<p>&nbsp;<\/p>\n<p>&nbsp;<\/p>\n<hr \/>\n<p>&nbsp;<\/p>\n<blockquote class=\"wp-embedded-content\" data-secret=\"BxFTijHZqk\"><p><a href=\"https:\/\/www.radiopiu.net\/wordpress\/l80-dei-dipendenti-ha-il-contratto-di-lavoro-scaduto-entro-fine-anno-quasi-1-milione-di-occupati-in-meno\/\">L\u201980% DEI DIPENDENTI HA IL CONTRATTO DI LAVORO SCADUTO. ENTRO FINE ANNO QUASI 1 MILIONE DI OCCUPATI IN MENO<\/a><\/p><\/blockquote>\n<p><iframe loading=\"lazy\" title=\"&#8220;L\u201980% DEI DIPENDENTI HA IL CONTRATTO DI LAVORO SCADUTO. ENTRO FINE ANNO QUASI 1 MILIONE DI OCCUPATI IN MENO&#8221; &#8212; Radio Pi\u00f9\" class=\"wp-embedded-content\" sandbox=\"allow-scripts\" security=\"restricted\" style=\"position: absolute; clip: rect(1px, 1px, 1px, 1px);\" src=\"https:\/\/www.radiopiu.net\/wordpress\/l80-dei-dipendenti-ha-il-contratto-di-lavoro-scaduto-entro-fine-anno-quasi-1-milione-di-occupati-in-meno\/embed\/#?secret=BxFTijHZqk\" data-secret=\"BxFTijHZqk\" width=\"600\" height=\"338\" frameborder=\"0\" marginwidth=\"0\" marginheight=\"0\" scrolling=\"no\"><\/iframe><\/p>\n<p>&nbsp;<\/p>\n<p>&nbsp;<\/p>\n<hr \/>\n<p>&nbsp;<\/p>\n<blockquote class=\"wp-embedded-content\" data-secret=\"4jpBuT4MN0\"><p><a href=\"https:\/\/www.radiopiu.net\/wordpress\/cavinato-un-artista-affascinante-e-molto-apprezzato-dalla-critica-di-renato-bona\/\">CAVINATO: UN ARTISTA AFFASCINANTE E MOLTO APPREZZATO DALLA CRITICA di Renato Bona<\/a><\/p><\/blockquote>\n<p><iframe loading=\"lazy\" title=\"&#8220;CAVINATO: UN ARTISTA AFFASCINANTE E MOLTO APPREZZATO DALLA CRITICA di Renato Bona&#8221; &#8212; Radio Pi\u00f9\" class=\"wp-embedded-content\" sandbox=\"allow-scripts\" security=\"restricted\" style=\"position: absolute; clip: rect(1px, 1px, 1px, 1px);\" src=\"https:\/\/www.radiopiu.net\/wordpress\/cavinato-un-artista-affascinante-e-molto-apprezzato-dalla-critica-di-renato-bona\/embed\/#?secret=4jpBuT4MN0\" data-secret=\"4jpBuT4MN0\" width=\"600\" height=\"338\" frameborder=\"0\" marginwidth=\"0\" marginheight=\"0\" scrolling=\"no\"><\/iframe><\/p>\n<p>&nbsp;<\/p>\n<hr \/>\n<p>&nbsp;<\/p>\n<h2>IERI ALLA RADIO<\/h2>\n<h3><span style=\"color: #008080;\">LA RASSEGNA STAMPA DALL\u2019AMICO DEL POPOLO di Gianni Santomaso<\/span><\/h3>\n<blockquote class=\"wp-embedded-content\" data-secret=\"hqULbdIH4q\"><p><a href=\"https:\/\/www.radiopiu.net\/wordpress\/rassegna-stampa-di-gianni-santomaso\/\">Rassegna stampa da l&#8217;amico del popolo &#8211; di Gianni Santomaso<\/a><\/p><\/blockquote>\n<p><iframe loading=\"lazy\" title=\"&#8220;Rassegna stampa da l&#8217;amico del popolo &#8211; di Gianni Santomaso&#8221; &#8212; Radio Pi\u00f9\" class=\"wp-embedded-content\" sandbox=\"allow-scripts\" security=\"restricted\" style=\"position: absolute; clip: rect(1px, 1px, 1px, 1px);\" src=\"https:\/\/www.radiopiu.net\/wordpress\/rassegna-stampa-di-gianni-santomaso\/embed\/#?secret=hqULbdIH4q\" data-secret=\"hqULbdIH4q\" width=\"600\" height=\"338\" frameborder=\"0\" marginwidth=\"0\" marginheight=\"0\" scrolling=\"no\"><\/iframe><\/p>\n<h3><span style=\"color: #339966;\">AGORDINOMERON<\/span><\/h3>\n<p><iframe loading=\"lazy\" class=\"wp-embedded-content\" title=\"\u201cAGORDINOMERON, IL TERRITORIO SI RACCONTA Da un\u2019idea di Gianni Santomaso\u201d \u2014 Radio Pi\u00f9\" src=\"https:\/\/www.radiopiu.net\/wordpress\/agordinomeron\/embed\/#?secret=xS6Ggz5JcN\" width=\"600\" height=\"346\" frameborder=\"0\" marginwidth=\"0\" marginheight=\"0\" scrolling=\"no\" sandbox=\"allow-scripts\" data-secret=\"xS6Ggz5JcN\" data-mce-fragment=\"1\"><\/iframe><\/p>\n<h3><span style=\"color: #0000ff;\">IL MESSAGGIO DEI SACERDOTI A RADIO PIU\u2019<\/span><\/h3>\n<p><iframe loading=\"lazy\" class=\"wp-embedded-content\" title=\"\u201cDON CESARE SU RADIO PIU\u2019 ALLE 7.30 E 19.30, PARROCCHIE DI AGORDO, LA VALLE E TAIBON\u201d \u2014 Radio Pi\u00f9\" src=\"https:\/\/www.radiopiu.net\/wordpress\/chiesa\/embed\/#?secret=bYFn7SGIwr\" width=\"600\" height=\"381\" frameborder=\"0\" marginwidth=\"0\" marginheight=\"0\" scrolling=\"no\" sandbox=\"allow-scripts\" data-secret=\"bYFn7SGIwr\" data-mce-fragment=\"1\"><\/iframe><\/p>\n<p>&nbsp;<\/p>\n<hr \/>\n<p>&nbsp;<\/p>\n<p><strong class=\"photoswipe-wrapper\"><a class=\"dt-pswp-item pspw-wrap-ready\" href=\"https:\/\/i0.wp.com\/www.radiopiu.net\/wordpress\/wp-content\/uploads\/2018\/09\/viabilita.jpeg?ssl=1\" data-dt-img-description=\"\" data-large_image_width=\"800\" data-large_image_height=\"100\"><img loading=\"lazy\" decoding=\"async\" class=\"aligncenter wp-image-61954 size-full jetpack-lazy-image jetpack-lazy-image--handled\" src=\"https:\/\/i0.wp.com\/www.radiopiu.net\/wordpress\/wp-content\/uploads\/2018\/09\/viabilita.jpeg?resize=800%2C100&amp;ssl=1\" sizes=\"auto, (max-width: 800px) 100vw, 800px\" srcset=\"https:\/\/i0.wp.com\/www.radiopiu.net\/wordpress\/wp-content\/uploads\/2018\/09\/viabilita.jpeg?w=800&amp;ssl=1 800w, https:\/\/i0.wp.com\/www.radiopiu.net\/wordpress\/wp-content\/uploads\/2018\/09\/viabilita.jpeg?resize=300%2C38&amp;ssl=1 300w, https:\/\/i0.wp.com\/www.radiopiu.net\/wordpress\/wp-content\/uploads\/2018\/09\/viabilita.jpeg?resize=768%2C96&amp;ssl=1 768w\" alt=\"\" width=\"800\" height=\"100\" data-lazy-loaded=\"1\" \/><\/a><\/strong><\/p>\n<p><strong>\u00a0<\/strong><\/p>\n<p>PROVINCIALE 20 DELLA VAL FIORENTINA, SELVA DI CADORE: FINO AL 13 GIUGNO, CHIUSURA TOTALE TRA SOLATOR E IL CENTRO DEL PAESE ANCHE NEI GIORNI FESTIVI E PREFESTIVI, DAL CHILOMETRO 4.850 AL CHILOMETRO 5.100. TRANSITO CONSENTITO AI LOCALI CON TEMPI DI ATTESA MASSIMI STIMATI IN 30 MINUTI IN LOCALITA\u2019 SOLATOR DAL CHILOMETRO 4.400 AL CHILOMETRO 4.850<\/p>\n<p>REGIONALE 48 DELLE DOLOMITI, LOCALIT\u00c0 POCOL INIZIO ABITATO CORTINA,FINO\u00a0 AL 12 GIUGNO SEMAFORO PER TRATTI DI 250 METRI ANCHE NEI GIORNI FESTIVI E PREFESTIVI<\/p>\n<p>REGIONALE 203 AGORDINA FINO AL 15 GIUGNO IN LOCALIT\u00c0 LA MUDA DEVIAZIONE SU VIABILIT\u00c0 PROVVISORIA, PRUDENZA<\/p>\n<p>PROVINCIALE 12 PEDEMONTANA LOCALIT\u00c0 PONTE MAS, CHIUSURA TOTALE DI PONTE MAS FINO\u00a0 AL 30 GIUGNO<\/p>\n<p>STRADA REGIONALE 48 DELLE DOLOMITI, DAL KM 110,350 AL KM 112, SENSO UNICO ALTERNATO REGOLATO DA IMPIANTO SEMAFORICO ANCHE SABATO E FESTIVI FINO\u00a0 AL 30 GIUGNO PER POSA ELETTRODOTTO INTERRATO<\/p>\n<p>PROVINCIALE 563 DI SALESEI, FINO\u00a0 AL 3 LUGLIO, SENSO UNICO ALTERNATO REGOLATO DA IMPIANTO SEMAFORICO IN LOCALIT\u00c0 DIGONERA PER MESSA IN SICUREZZA PIANO VIABILE, SABATO E FESTIVI INCLUSI<\/p>\n<p>REGIONALE 203 AGORDINA, CANDATEN-LA STANGA, FINO\u00a0 AL 30 GIUGNO INCLUSI SABATO E DOMENICA DALLE 7.30 ALLE 9 E DALLE 16.30 ALLE 18 SENSO UNICO ALTERNATO CON MOVIERI, NEGLI ALTRI PERIODI SENSO UNICO CON SEMAFORO.<\/p>\n<p>PROVINCIALE 563 DI SALESEI, FINO AL\u00a0 19 GIUGNO, DOMENICHE E FESTIVI ESCLUSI, SENSO UNICO ALTERNATO REGOLATO DA IMPIANTO SEMAFORICO E POSSIBILI BREVI INTERRUZIONI AL TRAFFICO DI 15 MINUTI PER MESSA IN SICUREZZA VERSANTE A MONTE DELLA STRADA<\/p>\n<p>STRADA PROVINCIALE 346 DEL SAN PELLEGRINO, NEI COMUNI DI FALCADE, CANALE E VALLADA, FINO\u00a0 AL 3 LUGLIO, INCLUSI SABATI E DOMENICHE, POSSIBILE ISTITUZIONE DI SENSO UNICO ALTERNATO REGOLATO DA MOVIERI PER SOSTITUZIONE CONDUTTORI E MANUTENZIONE LINEA ELETTRICA ALTA TENSIONE<\/p>\n<p>REGIONALE 203 AGORDINA, NEL COMUNE DI CENCENIGHE, FINO\u00a0 AL 3 LUGLIO, INCLUSI SABATI E DOMENICHE, POSSIBILE ISTITUZIONE DI SENSO UNICO ALTERNATO REGOLATO DA MOVIERI PER SOSTITUZIONE CONDUTTORI E MANUTENZIONE LINEA ELETTRICA ALTA TENSIONE<\/p>\n<p>STRADA PROVINCIALE 422 DELL\u2019ALPAGO E DEL CANSIGLIO, FINO AL\u00a0 19 GIUGNO, DALLE 8 ALLE 19, SENSO UNICO ALTERNATO REGOLATO DA IMPIANTO SEMAFORICO O MOVIERE PER POSA FIBRA OTTICA<\/p>\n<p>STRADA PROVINCIALE 346 DEL SAN PELLEGRINO, NEL COMUNE DI VALLADA AGORDINA\u00a0 FINO AL\u00a0 19 GIUGNO SENSO UNICO ALTERNATO REGOLATO DA IMPIANTO SEMAFORICO PER MESSA IN SICUREZZA BARRIERE DI PROTEZIONE LATERALI<\/p>\n<p>STRADA REGIONA 203 AGORDINA, TRA MAS DI SEDICO E CERNADOI SU TRATTI SALTUARI DI STRADA, FINO\u00a0 AL 30 GIUGNO, ESCLUSO SABATO E DOMENICA, SENSO UNICO ALTERNATO REGOLATO DA IMPIANTO SEMAFORICO PER MESSA IN SICUREZZA BARRIERE DI PROTEZIONE LATERALI<\/p>\n<p>STRADA PROVINCIALE 347 DEL PASSO CEREDA E DURAN, NEL COMUNE DI GOSALDO (LOC. SANT\u2019ANDREA),\u00a0 FINO\u00a0 AL 20 GIUGNO SENSO UNICO ALTERNATO REGOLATO DA IMPIANTO SEMAFORICO PER MESSA IN SICUREZZA DELLA STRADA<\/p>\n<p>STRADA PROVINCIALE 347 DEL PASSO CEREDA E DURAN, NEL COMUNE DI AGORDO, FINO\u00a0 AL 12 GIUGNO SENSO UNICO ALTERNATO REGOLATO DA IMPIANTO SEMAFORICO PER POSA FIBRA OTTICA<\/p>\n<p>STRADA REGIONALE 48 DELLE DOLOMITI, NEL COMUNE DI LIVINALLONGO DEL COL DI LANA IN LOCALITA\u2019 ANDRAZ, FINO\u00a0 AL 30 GIUGNO SENSO UNICO ALTERNATO REGOLATO DA IMPIANTO SEMAFORICO O MOVIERE CON POSSIBILI BREVI INTERRUZIONI TOTALI AL TRAFFICO DELLA DURATA MASSIMA DI 10 MINUTI, PER LAVORI DI MESSA IN SICUREZZA DEL VERSANTE<\/p>\n<p>STRADA PROVINCIALE 641 DEL PASSO FEDAIA, A SOTTOGUDA DI ROCCA PIETORE, DALL\u2019 8 AL 19 GIUGNO, DALLE 7 ALLE 12 E DALLE 13 ALLE 18 ESCLUSI SABATO E DOMENICA, SENSO UNICO ALTERNATO REGOLATO DA MOVIERI PER RIPRISTINO PIANO VIABILE SU CAVIDOTTO MEDIA TENSIONE.<\/p>\n<p>STRADA PROVINCIALE 347 DEL PASSO CEREDA E DURAN, COMUNE DI VAL DI ZOLDO LOCALITA\u2019 CORNIGIAN, FINO AL 10 GIUGNO DALLE 7 ALLE 18\u00a0SENSO UNICO ALTERNATO REGOLATO DA IMPIANTO SEMAFORICO PER RICERCHE GEOGNOSTICHE<\/p>\n<p>48 DELLE DOLOMITI, LOCALITA\u2019 ANDRAZ DI LIVINALLONGO, DALL\u20198 GIUGNO AL 26 GIUGNO SENSO UNICO CON SEMAFORO<\/p>\n<p>PROVINCIALE 563 DI SALESEI, LIVINALLONGO: CHIUSURA.<br \/>\nNEI GIORNI 9 E 10 GIUGNO CHIUSURA TOTALE ALLA CIRCOLARZIONE STRADALE DALLE 8 ALLE 12 E DALLE 13 ALLE 17.30 IN LOCALITA\u2019 PIAN DI SALESEI PER RIMOZIONE MASSA ROCCIOSA A MONTE DELLA STRADA. NEGLI ALTRI ORARI SENSO UNICO ALTERNATO CON SEMAFORO<\/p>\n<p>&nbsp;<\/p>\n<p>&nbsp;<\/p>\n<hr \/>\n<p>&nbsp;<\/p>\n<p class=\"photoswipe-wrapper\"><a class=\"dt-pswp-item pspw-wrap-ready\" href=\"https:\/\/i0.wp.com\/www.radiopiu.net\/wordpress\/wp-content\/uploads\/2018\/09\/WhatsApp-Image-2018-09-20-at-16.04.06.jpeg?ssl=1\" data-dt-img-description=\"\" data-large_image_width=\"800\" data-large_image_height=\"100\"><img loading=\"lazy\" decoding=\"async\" class=\"aligncenter wp-image-61378 size-full jetpack-lazy-image jetpack-lazy-image--handled\" src=\"https:\/\/i0.wp.com\/www.radiopiu.net\/wordpress\/wp-content\/uploads\/2018\/09\/WhatsApp-Image-2018-09-20-at-16.04.06.jpeg?resize=800%2C100&amp;ssl=1\" sizes=\"auto, (max-width: 800px) 100vw, 800px\" srcset=\"https:\/\/i0.wp.com\/www.radiopiu.net\/wordpress\/wp-content\/uploads\/2018\/09\/WhatsApp-Image-2018-09-20-at-16.04.06.jpeg?w=800&amp;ssl=1 800w, https:\/\/i0.wp.com\/www.radiopiu.net\/wordpress\/wp-content\/uploads\/2018\/09\/WhatsApp-Image-2018-09-20-at-16.04.06.jpeg?resize=300%2C38&amp;ssl=1 300w, https:\/\/i0.wp.com\/www.radiopiu.net\/wordpress\/wp-content\/uploads\/2018\/09\/WhatsApp-Image-2018-09-20-at-16.04.06.jpeg?resize=768%2C96&amp;ssl=1 768w\" alt=\"\" width=\"800\" height=\"100\" data-lazy-loaded=\"1\" \/><\/a><\/p>\n<p>&nbsp;<\/p>\n<p><center><b>Lunedi 8<\/b><\/center><b>Tempo atteso:\u00a0<\/b>Persistenza del maltempo con cielo perlopi\u00f9 coperto e alta probabilit\u00e0 di precipitazioni, anche se intermittenti con qualche pausa, pi\u00f9 probabile al mattino. In ogni caso la giornata sar\u00e0 all&#8217;insegna della perturbabilit\u00e0. Clima uggioso e fresco con debole escursione termica giornaliera.<br \/>\n<b>Precipitazioni:\u00a0<\/b>Probabilit\u00e0 molto alta di precipitazioni intermittenti (90\/100%) con qualche pausa. In altri momenti saranno diffuse e moderate, anche per rovesci. Il rischio temporalesco sar\u00e0 assai medio nella notte e diminuir\u00e0 in giornata sulle Dolomiti, mentre rimarr\u00e0 pi\u00f9 presente sulle Prealpi. La neve cadr\u00e0 sulle cime dolomitiche pi\u00f9 alte, scendendo temporaneamente sui 2700\/2800 m. Gli apporti medi tra domenica e luned\u00ec saranno di 40\/50 mm\/24h, tuttavia, localmente potranno essere raggiunti massimi di 80\/100 mm nei settori maggiormente interessati dallo Stau e da temporali forti.<br \/>\n<b>Temperature:\u00a0<\/b>Senza notevoli variazioni rispetto a domenica o in leggerissima diminuzione. Sono previste massime di 16\/17\u00b0C nei fondovalle prealpini e di 11\/13\u00b0C a 1000\/1200 m Su Prealpi a 1500 m min 8\u00b0C max 11\u00b0C, a 2000 m min 6\u00b0C max 8\u00b0C. Su Dolomiti a 2000 m min 5\u00b0C max 7\u00b0C, a 3000 m min -1\u00b0C max 0\u00b0C.<br \/>\n<b>Venti:\u00a0<\/b>Nelle valli deboli di direzione variabile; in quota deboli da sud al mattino,da sud-est al pomeriggio, a 5-10 km\/h sia a 2000 che a 3000 m.<\/p>\n<hr \/>\n<p><center><b>Martedi 9<\/b><\/center><b>Tempo atteso:\u00a0<\/b>Persistenza del cielo molto nuvoloso\/coperto, salvo brevi schiarite, assieme ad alta probabilit\u00e0 di precipitazioni, a tratti ancora diffuse e spesso a carattere di rovescio. Clima uggioso e fresco con debole escursione termica giornaliera.<br \/>\n<b>Precipitazioni:\u00a0<\/b>Probabilit\u00e0 alta di precipitazioni (80\/90%), anche a carattere di rovescio. La neve cadr\u00e0 sopra i 2600\/2700 m, eccetto qualche sporadica imbiancata notturna pi\u00f9 in basso. Le nuove piogge saranno deboli, solo a tratti moderate, ma sommandole a quelle dei due giorni precedenti, i quantitativi complessivi risulteranno abbondanti, come del resto i cumuli di neve fresca attorno ai 3000 m.<br \/>\n<b>Temperature:\u00a0<\/b>In generale leggera diminuzione. Su Prealpi a 1500 m min 7\u00b0C max 10\u00b0C, a 2000 m min 5\u00b0C max 7\u00b0C. Su Dolomiti a 2000 m min 4\u00b0C max 6\u00b0C, a 3000 m min -2\u00b0C max -1\u00b0C.<br \/>\n<b>Venti:\u00a0<\/b>Deboli di direzione variabile nelle valli; deboli, a tratti moderati, da sud sud-est in quota, a 5-15 km\/h a 2000 m e 10-15 km\/h a 3000 m.<\/p>\n<hr \/>\n<p><center><b>Mercoledi 10<\/b><\/center>Ritorno di tratti soleggiati,anche ampi al mattino, mentre l&#8217;attivit\u00e0 cumuliforme si svilupper\u00e0 rapidamente e sar\u00e0 associata a nuovi rovesci. Il rischio temporale sar\u00e0 strettamente legato all&#8217;entit\u00e0 delle schiarite, pi\u00f9 ampie e durate saranno e maggiore sar\u00e0 la probabilit\u00e0 temporalesca pomeridiana. La neve cadr\u00e0 sopra i 2600\/2700 m. Temperature minime in leggero calo e massime in lieve ripresa, specie nelle valli. Venti deboli di direzione variabile nelle valli; in quota deboli da sud-est al mattino e da nord-est al pomeriggio, a tratti anche moderati sulle dorsali prealpine.<\/p>\n<hr \/>\n<p><center><b>Giovedi 11<\/b><\/center>Situazione abbastanza simile a mercoled\u00ec, ma con maggiore soleggiamento e successiva attivit\u00e0 cumuliforme da moderata a localmente forte nelle ore pomeridiane, associata a rovesci e temporali convettivi. Temperature senza notevoli variazioni. Venti deboli dai quadranti oirentali in quota, moderati sulle dorsali prealpine; nelle valli ritorno delle brezze da deboli a moderate. Previsore: R.L.Th.<\/p>\n","protected":false},"excerpt":{"rendered":"<p>PER RICEVERE QUESTO NOTIZIARIO DIRETTAMENTE SUL TUO CELLULARE ISCRIVITI AL CANALE TELEGRAM\u00a0\u201cRADIO PIU\u00a0 INFORMAZIONE\u201d &nbsp; &nbsp; SUDTIROLO Un altro errore. Per ignoranza geografica o furbizia allo stato puro? Ancora una volta le Dolomiti bellunesi e agordine proposte come prodotto tipico alto atesino &nbsp; &nbsp; &nbsp; &nbsp; &nbsp; &nbsp; &nbsp; &nbsp; &nbsp; &nbsp; &nbsp; &nbsp; &nbsp;&hellip;<\/p>\n","protected":false},"author":4,"featured_media":142973,"comment_status":"closed","ping_status":"closed","sticky":false,"template":"","format":"standard","meta":{"_monsterinsights_skip_tracking":false,"_monsterinsights_sitenote_active":false,"_monsterinsights_sitenote_note":"","_monsterinsights_sitenote_category":0,"footnotes":""},"categories":[1,86,49],"tags":[],"class_list":["post-142896","post","type-post","status-publish","format-standard","has-post-thumbnail","hentry","category-senza-categoria","category-gr","category-news-18","category-1","category-86","category-49","description-off"],"img_url":"https:\/\/www.radiopiu.net\/wordpress\/wp-content\/uploads\/2020\/06\/102753006_2689124398036996_3906011952845040159_o.jpg","_links":{"self":[{"href":"https:\/\/www.radiopiu.net\/wordpress\/wp-json\/wp\/v2\/posts\/142896","targetHints":{"allow":["GET"]}}],"collection":[{"href":"https:\/\/www.radiopiu.net\/wordpress\/wp-json\/wp\/v2\/posts"}],"about":[{"href":"https:\/\/www.radiopiu.net\/wordpress\/wp-json\/wp\/v2\/types\/post"}],"author":[{"embeddable":true,"href":"https:\/\/www.radiopiu.net\/wordpress\/wp-json\/wp\/v2\/users\/4"}],"replies":[{"embeddable":true,"href":"https:\/\/www.radiopiu.net\/wordpress\/wp-json\/wp\/v2\/comments?post=142896"}],"version-history":[{"count":0,"href":"https:\/\/www.radiopiu.net\/wordpress\/wp-json\/wp\/v2\/posts\/142896\/revisions"}],"wp:featuredmedia":[{"embeddable":true,"href":"https:\/\/www.radiopiu.net\/wordpress\/wp-json\/wp\/v2\/media\/142973"}],"wp:attachment":[{"href":"https:\/\/www.radiopiu.net\/wordpress\/wp-json\/wp\/v2\/media?parent=142896"}],"wp:term":[{"taxonomy":"category","embeddable":true,"href":"https:\/\/www.radiopiu.net\/wordpress\/wp-json\/wp\/v2\/categories?post=142896"},{"taxonomy":"post_tag","embeddable":true,"href":"https:\/\/www.radiopiu.net\/wordpress\/wp-json\/wp\/v2\/tags?post=142896"}],"curies":[{"name":"wp","href":"https:\/\/api.w.org\/{rel}","templated":true}]}}