{"id":142910,"date":"2020-06-07T12:33:33","date_gmt":"2020-06-07T10:33:33","guid":{"rendered":"https:\/\/www.radiopiu.net\/wordpress\/?p=142910"},"modified":"2020-06-07T13:35:22","modified_gmt":"2020-06-07T11:35:22","slug":"conferenza-stampa-del-presidente-del-veneto-luca-zaia-07-giugno-2020-2","status":"publish","type":"post","link":"https:\/\/www.radiopiu.net\/wordpress\/conferenza-stampa-del-presidente-del-veneto-luca-zaia-07-giugno-2020-2\/","title":{"rendered":"&#8220;L&#8217;AUTONOMIA UN&#8217;OPPORTUNITA&#8217; LO HA DETTO ANCHE MATTARELLA&#8221; CONFERENZA STAMPA DEL PRESIDENTE DEL VENETO LUCA ZAIA 07 GIUGNO 2020 &#8220;PER LA MEDICINA A TREVISO SIAMO PRONTI A FARE I FUOCHI D&#8217;ARTIFICIO&#8221;"},"content":{"rendered":"<p><strong>VENEZIA<\/strong>\u00a0Da Marghera il\u00a0Presidente\u00a0Luca Zaia fa il punto sull\u2019emergenza Covid-19<\/p>\n<p>&nbsp;<\/p>\n<p><strong>NELLE ULTIME 24 ORE<\/strong> TOTALE TAMPONI 745805 PROCESSATI 16.172 SOLO IERI, POSITIVI 19 183 (+1), ISOLAMENTO 1020 (-37), RICOVERATI 320 (-3 DI QUESTI 81 POSITIVI), TERAPIE INTENSIVE 16 (-1\u00a0 1 SOLO POSITIVO) DIMESSI 3442 (+3), DECESSI 1954 (+5), MORTI IN OSPEDALE 1401.<\/p>\n<p>&nbsp;<\/p>\n<h2>LEGGI LA CONFERENZA STAMPA DI LUCA ZAIA<\/h2>\n<blockquote><p><em>Barriere in vetro tra i banchi di scuole? Sono contrario, se un bambino tira una penna al compagno gli torna indietro<\/em><\/p><\/blockquote>\n<p>&nbsp;<\/p>\n<p><strong>7 GIUGNO DI 50 ANNI FA SI VOTAVANO I PRIMI AMMINISTRATORI GENERALI,<\/strong> oggi il messaggio del Presidente Mattarella&#8230; qui ci arriva l&#8217;autonomia per DHL, grazie al Presidente della Repubblica che ha voluto consacrare questa giornata. Cinquant&#8217;anni fa si votavano per la prima volta le regionali e il presidente Mattarella ha fatto oggi un bel intervento per consacrare questo momento e lo ringrazio. L&#8217;autonomia, anche nelle parola del Capo dello Stato, \u00e8 vista come un&#8217;opportunit\u00e0 e non un pericolo. L&#8217;autonomia aiuta e l&#8217;esempio coronavirus \u00e8 chiaro: una gestione fatta da Roma a livello centrale sarebbe stato un disastro con tempi dilatati,\u00a0 l&#8217;articolo 116 definisce l&#8217;autonomia differenziata come un abito sartoriale, ad ognuno &#8216;autonomia che si merita. \u00a0<strong>DOMANI INCONTRO PER LE FIERE<\/strong> \u00a0con il ministro Gualtieri<strong> MEDICINA A TREVISO <\/strong>Siamo prossimi\u00a0 alla proposta di una impugnativa che arriva dai ministeri dell&#8217;Economia e della Salute sul corso di laurea in Medicina e non certo perch\u00e9 si va al voto. Abbiamo a Treviso otto reparti clinicizzati con primari che sono dei professori universitari. Davanti alla Corte Costituzionale se necessario faremo i fuochi d&#8217;artificio. <strong>TAMPONI SEMPRE PIU&#8217; SPESSO A TUTTI?<\/strong> Alle solite attivit\u00e0 come da piano di sanit\u00e0 pubblica non al cassiere del supermercato. <strong>HA SFRUTTATO IL PERIODO DI CORONAVIRUS PER FARE CAMPAGNA ELETTORALE<\/strong> <strong>SUI DOLORI DEGLI ALTRI<\/strong> Per garantire la parcondicio non risponderei cos\u00ec lascio una riga bianca. Una dichiarazione del genere dei miei avversari si commenta da se. Questo punto stampa nasce in maniera ragionata davanti ad un mostro che diffondeva inquietudine e serviva una persona che parlava ai veneti. Se andava male oggi nessuno veniva a dire che avevo cavalcato il coronavirus. <strong>SICUREZZA A SCUOLA CON IL PLEXIGLASS<\/strong> Sono contrario \u00e8 impensabile mettere dei bambini chiusi in una scatola. Se tirano una penna al compagno gli torna indietro. E&#8217;\u00a0 la solita soluzione di un tecnico che quando non sa cosa fare trova questo tipo di soluzioni. Non c&#8217;\u00e8 stata una regia dietro alla scuola, se le cose hanno funzionato lo si deve\u00a0 ad insegnanti\u00a0 e\u00a0 famiglie.<\/p>\n<p>&nbsp;<\/p>\n<p>&nbsp;<\/p>\n<p>https:\/\/www.facebook.com\/zaiaufficiale\/videos\/859634631187766<\/p>\n","protected":false},"excerpt":{"rendered":"<p>VENEZIA\u00a0Da Marghera il\u00a0Presidente\u00a0Luca Zaia fa il punto sull\u2019emergenza Covid-19 &nbsp; NELLE ULTIME 24 ORE TOTALE TAMPONI 745805 PROCESSATI 16.172 SOLO IERI, POSITIVI 19 183 (+1), ISOLAMENTO 1020 (-37), RICOVERATI 320 (-3 DI QUESTI 81 POSITIVI), TERAPIE INTENSIVE 16 (-1\u00a0 1 SOLO POSITIVO) DIMESSI 3442 (+3), DECESSI 1954 (+5), MORTI IN OSPEDALE 1401. &nbsp; LEGGI LA&hellip;<\/p>\n","protected":false},"author":4,"featured_media":121391,"comment_status":"closed","ping_status":"closed","sticky":false,"template":"","format":"standard","meta":{"_monsterinsights_skip_tracking":false,"_monsterinsights_sitenote_active":false,"_monsterinsights_sitenote_note":"","_monsterinsights_sitenote_category":0,"footnotes":""},"categories":[49],"tags":[],"class_list":["post-142910","post","type-post","status-publish","format-standard","has-post-thumbnail","hentry","category-news-18","category-49","description-off"],"img_url":"https:\/\/www.radiopiu.net\/wordpress\/wp-content\/uploads\/2020\/03\/covid-zaia.jpg","_links":{"self":[{"href":"https:\/\/www.radiopiu.net\/wordpress\/wp-json\/wp\/v2\/posts\/142910","targetHints":{"allow":["GET"]}}],"collection":[{"href":"https:\/\/www.radiopiu.net\/wordpress\/wp-json\/wp\/v2\/posts"}],"about":[{"href":"https:\/\/www.radiopiu.net\/wordpress\/wp-json\/wp\/v2\/types\/post"}],"author":[{"embeddable":true,"href":"https:\/\/www.radiopiu.net\/wordpress\/wp-json\/wp\/v2\/users\/4"}],"replies":[{"embeddable":true,"href":"https:\/\/www.radiopiu.net\/wordpress\/wp-json\/wp\/v2\/comments?post=142910"}],"version-history":[{"count":0,"href":"https:\/\/www.radiopiu.net\/wordpress\/wp-json\/wp\/v2\/posts\/142910\/revisions"}],"wp:featuredmedia":[{"embeddable":true,"href":"https:\/\/www.radiopiu.net\/wordpress\/wp-json\/wp\/v2\/media\/121391"}],"wp:attachment":[{"href":"https:\/\/www.radiopiu.net\/wordpress\/wp-json\/wp\/v2\/media?parent=142910"}],"wp:term":[{"taxonomy":"category","embeddable":true,"href":"https:\/\/www.radiopiu.net\/wordpress\/wp-json\/wp\/v2\/categories?post=142910"},{"taxonomy":"post_tag","embeddable":true,"href":"https:\/\/www.radiopiu.net\/wordpress\/wp-json\/wp\/v2\/tags?post=142910"}],"curies":[{"name":"wp","href":"https:\/\/api.w.org\/{rel}","templated":true}]}}