{"id":143037,"date":"2020-06-13T06:27:41","date_gmt":"2020-06-13T04:27:41","guid":{"rendered":"https:\/\/www.radiopiu.net\/wordpress\/?p=143037"},"modified":"2020-06-13T06:27:50","modified_gmt":"2020-06-13T04:27:50","slug":"santantonio","status":"publish","type":"post","link":"https:\/\/www.radiopiu.net\/wordpress\/santantonio\/","title":{"rendered":"13 GIUGNO SANT&#8217;ANTONIO DA RIVAMONTE, LA FESTA RELIGIOSA"},"content":{"rendered":"<p><b><img loading=\"lazy\" decoding=\"async\" class=\"alignleft\" src=\"https:\/\/www.radiopiu.net\/wordpress\/wp-content\/uploads\/2018\/07\/rivamonte.jpg\" width=\"150\" height=\"112\" \/>RIVAMONTE\u00a0 <\/b>Le restrizioni ed il particolare tempo che stiamo vivendo, hanno portato a dover annullare\u00a0 la tradizionale sagra di Sant&#8217;Antonio, ma non le celebrazioni. Saranno ovviamente in ottemperanza alle disposizioni di legge, la chiesa non potr\u00e0 accogliere il &#8220;pienone&#8221; della Messa granda quest&#8217;anno per la prima volta presieduta dal parroco e non si potr\u00e0 fare la processione.\u00a0 Alle varie Messe ne \u00e8 stata aggiunta una, quella delle ore 16, cos\u00ec da poter permettere un&#8217;affluenza pi\u00f9 serena e graduale. L&#8217;immagine di S. Antonio rimarr\u00e0 all&#8217;altare a lui dedicato, cos\u00ec da evitare i cosiddetti &#8220;assembramenti&#8221; specie in alcune ore della giornata.\u00a0<em> &#8220;Certo la devozione all&#8217;amato Santo non \u00e8 stata fermata lungo della quarantena, non si fermer\u00e0 ora &#8211; dice il parroco Don Fabiano Del Favero &#8211; anzi, non ho alcun dubbio come pi\u00f9 di uno dei miei compaesani, anche in questo tempo,\u00a0 si sia affidato all&#8217;intercessione di S. Antonio&#8221;.<br \/>\nIERI ALLE 9 E ALLE 18 IN AGORDINOMERON LO SPECIALE ALLA RADIO<br \/>\n<\/em><\/p>\n<h3><span style=\"color: #ff0000;\">89 Rivamonte &#8220;Sant&#8217; Antonio da Riva&#8221; Don Fabiano Del Favero<\/span><\/h3>\n<audio class=\"wp-audio-shortcode\" id=\"audio-143037-1\" preload=\"none\" style=\"width: 100%;\" controls=\"controls\"><source type=\"audio\/mpeg\" src=\"https:\/\/www.radiopiu.net\/wordpress\/wp-content\/uploads\/2020\/06\/don-Fabiano-Del-Favero-Rivamonte-SantAntoni-da-Riva.mp3?_=1\" \/><a href=\"https:\/\/www.radiopiu.net\/wordpress\/wp-content\/uploads\/2020\/06\/don-Fabiano-Del-Favero-Rivamonte-SantAntoni-da-Riva.mp3\">https:\/\/www.radiopiu.net\/wordpress\/wp-content\/uploads\/2020\/06\/don-Fabiano-Del-Favero-Rivamonte-SantAntoni-da-Riva.mp3<\/a><\/audio>\n<p>&nbsp;<\/p>\n<p><em>\u00a0<\/em><\/p>\n<p>&nbsp;<\/p>\n<p>&nbsp;<\/p>\n","protected":false},"excerpt":{"rendered":"<p>RIVAMONTE\u00a0 Le restrizioni ed il particolare tempo che stiamo vivendo, hanno portato a dover annullare\u00a0 la tradizionale sagra di Sant&#8217;Antonio, ma non le celebrazioni. Saranno ovviamente in ottemperanza alle disposizioni di legge, la chiesa non potr\u00e0 accogliere il &#8220;pienone&#8221; della Messa granda quest&#8217;anno per la prima volta presieduta dal parroco e non si potr\u00e0 fare&hellip;<\/p>\n","protected":false},"author":1,"featured_media":54941,"comment_status":"closed","ping_status":"closed","sticky":false,"template":"","format":"standard","meta":{"_monsterinsights_skip_tracking":false,"_monsterinsights_sitenote_active":false,"_monsterinsights_sitenote_note":"","_monsterinsights_sitenote_category":0,"footnotes":""},"categories":[49],"tags":[],"class_list":["post-143037","post","type-post","status-publish","format-standard","has-post-thumbnail","hentry","category-news-18","category-49","description-off"],"img_url":"https:\/\/www.radiopiu.net\/wordpress\/wp-content\/uploads\/2018\/07\/rivamonte.jpg","_links":{"self":[{"href":"https:\/\/www.radiopiu.net\/wordpress\/wp-json\/wp\/v2\/posts\/143037","targetHints":{"allow":["GET"]}}],"collection":[{"href":"https:\/\/www.radiopiu.net\/wordpress\/wp-json\/wp\/v2\/posts"}],"about":[{"href":"https:\/\/www.radiopiu.net\/wordpress\/wp-json\/wp\/v2\/types\/post"}],"author":[{"embeddable":true,"href":"https:\/\/www.radiopiu.net\/wordpress\/wp-json\/wp\/v2\/users\/1"}],"replies":[{"embeddable":true,"href":"https:\/\/www.radiopiu.net\/wordpress\/wp-json\/wp\/v2\/comments?post=143037"}],"version-history":[{"count":0,"href":"https:\/\/www.radiopiu.net\/wordpress\/wp-json\/wp\/v2\/posts\/143037\/revisions"}],"wp:featuredmedia":[{"embeddable":true,"href":"https:\/\/www.radiopiu.net\/wordpress\/wp-json\/wp\/v2\/media\/54941"}],"wp:attachment":[{"href":"https:\/\/www.radiopiu.net\/wordpress\/wp-json\/wp\/v2\/media?parent=143037"}],"wp:term":[{"taxonomy":"category","embeddable":true,"href":"https:\/\/www.radiopiu.net\/wordpress\/wp-json\/wp\/v2\/categories?post=143037"},{"taxonomy":"post_tag","embeddable":true,"href":"https:\/\/www.radiopiu.net\/wordpress\/wp-json\/wp\/v2\/tags?post=143037"}],"curies":[{"name":"wp","href":"https:\/\/api.w.org\/{rel}","templated":true}]}}