{"id":143079,"date":"2020-06-09T06:05:53","date_gmt":"2020-06-09T04:05:53","guid":{"rendered":"https:\/\/www.radiopiu.net\/wordpress\/?p=143079"},"modified":"2020-06-09T10:02:07","modified_gmt":"2020-06-09T08:02:07","slug":"giornale-radiopiu-09-giugno-2020-direttore-mirko-mezzacasa","status":"publish","type":"post","link":"https:\/\/www.radiopiu.net\/wordpress\/giornale-radiopiu-09-giugno-2020-direttore-mirko-mezzacasa\/","title":{"rendered":"GIORNALE RADIOPIU 09 GIUGNO 2020 DIRETTORE MIRKO MEZZACASA"},"content":{"rendered":"<h3><strong>PER RICEVERE QUESTO NOTIZIARIO DIRETTAMENTE SUL TUO CELLULARE ISCRIVITI AL CANALE TELEGRAM\u00a0<\/strong><strong>\u201cRADIO PIU\u00a0 INFORMAZIONE\u201d\u00a0<\/strong><\/h3>\n<p>FOTO COPERTINA DALLA PAGINA FACEBOOK DI GIULIANO DAL MAS, VEDI ARTICOLO NEL NOTIZIARIO.<\/p>\n<hr \/>\n<p><em><strong>PROVINCIALE 563 DI SALESEI, LIVINALLONGO: CHIUSURA.<\/strong><\/em><br \/>\n<em><strong>OGGI E DOMANI\u00a0 CHIUSURA TOTALE ALLA CIRCOLAZIONE STRADALE DALLE 8 ALLE 12 E DALLE 13 ALLE 17.30 IN LOCALITA\u2019 PIAN DI SALESEI PER RIMOZIONE MASSA ROCCIOSA A MONTE DELLA STRADA. NEGLI ALTRI ORARI SENSO UNICO ALTERNATO CON SEMAFORO<\/strong><\/em><\/p>\n<hr \/>\n<p>&nbsp;<\/p>\n<p><span style=\"color: #0000ff;\">LA FOTO DI ALLORA del 1916\u00a0<\/span><br \/>\nIl nostro amico e ascoltatore\u00a0 Andrea Amico di chiedeva e si chiedeva se questo angolo di Agordino esista ancora<\/p>\n<p><a class=\"dt-pswp-item\" href=\"https:\/\/www.radiopiu.net\/wordpress\/wp-content\/uploads\/2020\/06\/103121726_1484256521781091_5999447741909363007_n-1.jpg\" data-dt-img-description=\"\" data-large_image_width=\"1920\" data-large_image_height=\"943\"><img loading=\"lazy\" decoding=\"async\" class=\"alignnone wp-image-143169 size-full\" src=\"https:\/\/www.radiopiu.net\/wordpress\/wp-content\/uploads\/2020\/06\/103121726_1484256521781091_5999447741909363007_n-1.jpg\" alt=\"\" width=\"1920\" height=\"943\" srcset=\"https:\/\/www.radiopiu.net\/wordpress\/wp-content\/uploads\/2020\/06\/103121726_1484256521781091_5999447741909363007_n-1.jpg 1920w, https:\/\/www.radiopiu.net\/wordpress\/wp-content\/uploads\/2020\/06\/103121726_1484256521781091_5999447741909363007_n-1-300x147.jpg 300w, https:\/\/www.radiopiu.net\/wordpress\/wp-content\/uploads\/2020\/06\/103121726_1484256521781091_5999447741909363007_n-1-1024x503.jpg 1024w, https:\/\/www.radiopiu.net\/wordpress\/wp-content\/uploads\/2020\/06\/103121726_1484256521781091_5999447741909363007_n-1-768x377.jpg 768w, https:\/\/www.radiopiu.net\/wordpress\/wp-content\/uploads\/2020\/06\/103121726_1484256521781091_5999447741909363007_n-1-1536x754.jpg 1536w\" sizes=\"auto, (max-width: 1920px) 100vw, 1920px\" \/><\/a><\/p>\n<p>&nbsp;<\/p>\n<hr \/>\n<p>&nbsp;<\/p>\n<blockquote>\n<h3>OSPEDALE DI AGORDO: FERMA L&#8217;ATTIVITA&#8217; CHIRURGICA, QUELLA ORTOPEDICA AL CINQUANTA PER CENTO. LA PREOCCUPAZIONE DEI COMITATI PER L&#8217;OSPEDALE.<\/h3>\n<\/blockquote>\n<p><strong><a class=\"dt-pswp-item\" href=\"https:\/\/www.radiopiu.net\/wordpress\/wp-content\/uploads\/2018\/02\/ospedale.jpg\" data-dt-img-description=\"\" data-large_image_width=\"620\" data-large_image_height=\"400\"><img loading=\"lazy\" decoding=\"async\" class=\"alignleft\" src=\"https:\/\/www.radiopiu.net\/wordpress\/wp-content\/uploads\/2018\/02\/ospedale.jpg\" width=\"226\" height=\"146\" \/><\/a>AGORDO<\/strong> Ormai da tempo l&#8217;ospedale di Agordo \u00e8 libero dal virus covid_19, ma il reparto di chirurgia \u00e8 ancora sbarrato e sullo stesso pendono le decisioni della Regione e delle relative schede. Perch\u00e9 l&#8217;attivit\u00e0 chirurgica non riprende nonostante le lunghe liste di attesa? E cosa accadr\u00e0 dopo il pensionamento del primario dottor Bertone? Gli agordini non vogliono sotto sezioni dipendenti da Belluno ma risposte chiare dal direttore generale Adriano Rasi Caldogno. Ci sono poi gli interrogativi sull&#8217;ortopedia che non funziona a pieno regime e la stagione turistica \u00e8 ormai iniziata con relativo aumento di presenze in vallata. Il direttore ha un piano? E quale sarebbe questo piano? La lungodegenza continuer\u00e0 ad esistere o sono previsti grandi cambiamenti? I comitati sono preoccupati che la &#8220;scusa&#8221; dell&#8217;epidemia non acceleri disegni che da tempo minacciano la vita sanitaria della montagna, come ad esempio il taglio dei posti letto o il cambio di nomi di alcuni reparti e che improvvisamente non diventino a pagamento. Chiss\u00e0 se gli amministratori gi\u00e0 ci hanno pensato o ne hanno parlato con la direzione generale. I Comitati vogliono notizie e certezze, ma anche il ripristino delle attivit\u00e0 stoppate cos\u00ec come la ristrutturazione del Pronto Soccorso che non avr\u00e0 mai pi\u00f9\u00a0 il laboratorio analisi o altri servizi, una ristrutturazione possibile solo con i soldi dei Comuni, quelli di confine,\u00a0 perch\u00e9 la Ulss1 investir\u00e0 solo una piccola parte, quindi i sindaci hanno la possibilit\u00e0 di fare la voce grossa al pari degli aderenti ai comitati e dei futuri pazienti del nosocomio agordino, anzi ancora di pi\u00f9 perch\u00e8 eletti per fare gli interessi delle comunit\u00e0 che sono le persone e non certo chi gestisce la sanit\u00e0 da uffici centrali o periferici, amministratori che un domani saranno ricordati e guardati per il loro operato in questo periodo dove saranno prese le decisioni che ricadranno sulle popolazione agordine.<br \/>\n<strong><br \/>\nDI GIANNI SANTOMASO<\/strong><\/p>\n<audio class=\"wp-audio-shortcode\" id=\"audio-143079-1\" preload=\"none\" style=\"width: 100%;\" controls=\"controls\"><source type=\"audio\/mpeg\" src=\"https:\/\/www.radiopiu.net\/wordpress\/wp-content\/uploads\/2020\/06\/gianni-finito.mp3?_=1\" \/><a href=\"https:\/\/www.radiopiu.net\/wordpress\/wp-content\/uploads\/2020\/06\/gianni-finito.mp3\">https:\/\/www.radiopiu.net\/wordpress\/wp-content\/uploads\/2020\/06\/gianni-finito.mp3<\/a><\/audio>\n<p>&nbsp;<\/p>\n<p>&nbsp;<\/p>\n<hr \/>\n<p>&nbsp;<\/p>\n<blockquote>\n<h3>DOPPIO INTERVENTO A FELTRE E UNA RAGAZZA DI 13 ANNI TORNA A CAMMINARE<\/h3>\n<\/blockquote>\n<p><strong><img loading=\"lazy\" decoding=\"async\" class=\"alignleft\" src=\"https:\/\/www.radiopiu.net\/wordpress\/wp-content\/uploads\/2020\/06\/ortopedia-feltre.jpg\" width=\"221\" height=\"166\" \/>FELTRE<\/strong> Una ragazzina russa di 13 anni ha ritrovato a Feltre la gioia di poter camminare dopo una complessa operazione eseguita dall\u2019equipe del dott. Giuseppe Furlanetto dell\u2019Ortopedia di Feltre. La ragazza non riusciva a camminare a causa di una grave lussazione congenita delle rotule ad entrambe le ginocchia che \u00e8 stata corretta con un doppio intervento chirurgico. L\u2019Unit\u00e0 Operativa di Ortopedia e Traumatologia di Feltre nel 2019 ha eseguito pi\u00f9 di 180 protesi di ginocchio ed oltre 180 interventi di protesi d\u2019anca. Per quanto riguarda la chirurgia della spalla, sono stati eseguiti oltre 160 interventi in artroscopia. Fra i numerosi interventi complessi c\u2019\u00e8 stato anche l\u2019allungamento di circa 5 cm con una derotazione alla gamba di una signora straniera in esiti di trauma infantile. Si segnala, altres\u00ec, il numero complessivo di oltre 2000 interventi chirurgici effettuati nell\u2019anno nonostante la carenza di personale medico. <em>\u00abTali risultati sono la somma del duro lavoro e l\u2019impegno di tutti i medici ortopedici che negli anni si sono specializzati nei vari settori \u2013 anca, ginocchio, spalle e piede \u00bb, spiega Giuseppe Furlanetto<\/em><\/p>\n<p>&nbsp;<\/p>\n<hr \/>\n<blockquote>\n<h3><\/h3>\n<h3>GIULIANO DAL MAS LANCIA L&#8217;ALLARME: FRANA LA EX STRADA DEI CASTEI &#8220;SI INTERVENGA&#8221;<\/h3>\n<p>&nbsp;<\/p><\/blockquote>\n<p><strong><a class=\"dt-pswp-item\" href=\"https:\/\/www.radiopiu.net\/wordpress\/wp-content\/uploads\/2020\/06\/101642527_2980261538707306_7083983723602903040_o.jpg\" data-dt-img-description=\"\" data-large_image_width=\"1248\" data-large_image_height=\"1888\"><img loading=\"lazy\" decoding=\"async\" class=\" wp-image-143258 alignleft\" src=\"https:\/\/www.radiopiu.net\/wordpress\/wp-content\/uploads\/2020\/06\/101642527_2980261538707306_7083983723602903040_o-198x300.jpg\" alt=\"\" width=\"144\" height=\"218\" srcset=\"https:\/\/www.radiopiu.net\/wordpress\/wp-content\/uploads\/2020\/06\/101642527_2980261538707306_7083983723602903040_o-198x300.jpg 198w, https:\/\/www.radiopiu.net\/wordpress\/wp-content\/uploads\/2020\/06\/101642527_2980261538707306_7083983723602903040_o-677x1024.jpg 677w, https:\/\/www.radiopiu.net\/wordpress\/wp-content\/uploads\/2020\/06\/101642527_2980261538707306_7083983723602903040_o-768x1162.jpg 768w, https:\/\/www.radiopiu.net\/wordpress\/wp-content\/uploads\/2020\/06\/101642527_2980261538707306_7083983723602903040_o-1015x1536.jpg 1015w, https:\/\/www.radiopiu.net\/wordpress\/wp-content\/uploads\/2020\/06\/101642527_2980261538707306_7083983723602903040_o.jpg 1248w\" sizes=\"auto, (max-width: 144px) 100vw, 144px\" \/><\/a>LA VALLE\u00a0<\/strong> Lo scrittore e alpinista Giuliano Dal Mas da sempre legato all&#8217;Agordino sulle sue pagine social ha realizzato un importante servizio fotografico che mette in evidenza lo stato in cui versa la ex 203 agordina oltre il Ponte dei Castei, La strada \u00e8 franata, \u00e8 vero che \u00e8 chiusa al transito dei veicoli fin dall&#8217;apertura della galleria ma \u00e8 altrettanto vero che \u00e8 il percorso preferito dei ciclisti che vogliono evitare il pericoloso tunnel, i suoi fumi e le cascate d&#8217;acqua che vi scendono all&#8217;interno dopo i giorni di pioggia. E&#8217; altresi&#8217; vero che in caso di chiusura del tunnel per incidenti o altro, l&#8217;Agordino rimarr\u00e0 isolato anche <a class=\"dt-pswp-item\" href=\"https:\/\/www.radiopiu.net\/wordpress\/wp-content\/uploads\/2020\/06\/101828167_2980260778707382_593266156173787136_o.jpg\" data-dt-img-description=\"\" data-large_image_width=\"958\" data-large_image_height=\"640\"><img loading=\"lazy\" decoding=\"async\" class=\" wp-image-143256 alignright\" src=\"https:\/\/www.radiopiu.net\/wordpress\/wp-content\/uploads\/2020\/06\/101828167_2980260778707382_593266156173787136_o-300x200.jpg\" alt=\"\" width=\"225\" height=\"150\" srcset=\"https:\/\/www.radiopiu.net\/wordpress\/wp-content\/uploads\/2020\/06\/101828167_2980260778707382_593266156173787136_o-300x200.jpg 300w, https:\/\/www.radiopiu.net\/wordpress\/wp-content\/uploads\/2020\/06\/101828167_2980260778707382_593266156173787136_o-768x513.jpg 768w, https:\/\/www.radiopiu.net\/wordpress\/wp-content\/uploads\/2020\/06\/101828167_2980260778707382_593266156173787136_o.jpg 958w\" sizes=\"auto, (max-width: 225px) 100vw, 225px\" \/><\/a>se fortunatamente c&#8217;\u00e8 sempre la provinciale del Mis per i veicoli leggeri che potr\u00e0 in parte risolvere i problemi. Giuliano Dal Mas si fa interprete degli agordini chiedendo cosa si intenda fare per questa zona fragile dove gli unici interessi <a class=\"dt-pswp-item\" href=\"https:\/\/www.radiopiu.net\/wordpress\/wp-content\/uploads\/2020\/06\/94881828_2891994307534030_9041097662081794048_n.jpg\" data-dt-img-description=\"\" data-large_image_width=\"160\" data-large_image_height=\"160\"><img loading=\"lazy\" decoding=\"async\" class=\"wp-image-143260 alignleft\" src=\"https:\/\/www.radiopiu.net\/wordpress\/wp-content\/uploads\/2020\/06\/94881828_2891994307534030_9041097662081794048_n.jpg\" alt=\"\" width=\"122\" height=\"122\" srcset=\"https:\/\/www.radiopiu.net\/wordpress\/wp-content\/uploads\/2020\/06\/94881828_2891994307534030_9041097662081794048_n.jpg 160w, https:\/\/www.radiopiu.net\/wordpress\/wp-content\/uploads\/2020\/06\/94881828_2891994307534030_9041097662081794048_n-150x150.jpg 150w\" sizes=\"auto, (max-width: 122px) 100vw, 122px\" \/><\/a>sembra siano legati allo sfruttamento delle acque per l&#8217;ennesima centralina. Altro che grandi progetti di piste ciclabili tra l&#8217;Agordino e la Val Belluna, qui si dimostra che non siamo nemmeno in grado di mantenere le ricchezze che abbiamo. <em>&#8220;Non lamentiamoci del Trentino e del Tirolo &#8211; dice Giuliano Dal Mas (foto)- da loro la strada, le fortificazioni sarebbero state valorizzate&#8221;. <\/em>Una ventata di cauto ottimismo dalle parole di Manuel Conedera <em>&#8220;So che ci sono progetti per recuperarla.. la strada. Come by-pass in caso di emergenza. Alla fine non viene valorizzata come localit\u00e0 ma come strada utile<\/em>&#8220;.<\/p>\n<p>ALTRE FOTO SULLA PAGINA FACEBOOK DI GIULIANO DAL MAS: <span style=\"color: #0000ff;\"><a style=\"color: #0000ff;\" href=\"https:\/\/www.facebook.com\/giuliano.dalmas.7\/media_set?set=a.2980258535374273&amp;type=3\">CLICCA QUI<\/a><\/span><\/p>\n<p>&nbsp;<\/p>\n<h3>POCHI GIORNI FA A RADIO PIU DI PAOLO SOPPELSA<\/h3>\n<p><a class=\"dt-pswp-item\" href=\"https:\/\/www.radiopiu.net\/wordpress\/wp-content\/uploads\/2020\/06\/7b98d619-78b6-4818-82d1-24eea6fa5179.jpg\" data-dt-img-description=\"\" data-large_image_width=\"960\" data-large_image_height=\"720\"><img loading=\"lazy\" decoding=\"async\" class=\" wp-image-141697 alignleft\" src=\"https:\/\/www.radiopiu.net\/wordpress\/wp-content\/uploads\/2020\/06\/7b98d619-78b6-4818-82d1-24eea6fa5179-300x225.jpg\" alt=\"\" width=\"215\" height=\"161\" srcset=\"https:\/\/www.radiopiu.net\/wordpress\/wp-content\/uploads\/2020\/06\/7b98d619-78b6-4818-82d1-24eea6fa5179-300x225.jpg 300w, https:\/\/www.radiopiu.net\/wordpress\/wp-content\/uploads\/2020\/06\/7b98d619-78b6-4818-82d1-24eea6fa5179-768x576.jpg 768w, https:\/\/www.radiopiu.net\/wordpress\/wp-content\/uploads\/2020\/06\/7b98d619-78b6-4818-82d1-24eea6fa5179.jpg 960w\" sizes=\"auto, (max-width: 215px) 100vw, 215px\" \/><\/a>Appena superata La Muda iniziavo ad annusare l\u2019aria dell\u2019Agordino. Superato il ponte del Torner mi aggrappavo al sedile e guardavo le gallerie del treno dall\u2019altra parte del Cordevole. Spesso chiedevo di quella ferrovia che mai avevo visto in funzione e sempre ricevevo una paziente spiegazione. Eppure continuava a sembrarmi impossibile che di l\u00e0 potesse essere passato un treno. Intanto la 127 color del cielo ringhiava rabbiosa lungo la salita dei Castei. Superavamo a bomba il dosso sotto i paravalanghe verdi ed in un attimo arrivavamo alla casa cantoniera. Frenata e scalata di una marcia ed imboccavamo quel ponte che per me era la vera &#8220;porta&#8221; d\u2019ingresso dell\u2019Agordino. Poi, alla fine del ponte, scalata in seconda e curva a sinistra in accelerazione. Che il rettilineo successivo era buono per fare i sorpassi. Ma d\u2019estate, quanto descritto fin qui non accadeva mai. Attraversare quella &#8220;porta&#8221; esigeva il pagamento di un prezzo salato: l\u2019ingorgo. Ed ecco allora che lungo la salita dei Castei si materializzava il pi\u00f9 terribile incubo automobilistico: la corriera. Non quella di linea, che gli autisti bellunesi passavano veloci nella gola, incuranti del baratro che si apriva a bordo strada. L\u2019incubo, preceduto da una nube nera di gasolio, era la corriera dei villeggianti. Che c\u2019era sempre. E cos\u00ec si saliva lungo la \u201criva\u201d a 30 km\/h, con la tenue speranza di non doversi fermare prima del ponte. Ed invece, al km 21.070 lo stop diventava una crudele certezza. E guardavo i passeggeri sulla corriera trattenere il fiato mentre l\u2019autista tentava di prendere una decisione. Il formarsi del temuto ingorgo era questione di attimi. Le ventole posteriori del pullman soffiavano aria calda nella 127 con i finestrini aperti. E cos\u00ec, oltre al caldo, saliva pure il nervosismo. Ed erano pacche sui sottili volanti in bachelite ed imprecazioni di vario tenore e genere, che cambiavano di tono in base al livello di fretta che avevano gli automobilisti. Intanto l\u2019autista della corriera iniziava un dialogo a colpi di fanali con la colonna ferma dall\u2019altra parte del ponte. Passo io, passi tu. E non passava nessuno. Momenti che parevano eterni, con il canto del Cordevole che veniva sovrastato da un concerto di clacson e trombe bitonali, mentre dai finestrini aperti delle auto ferme usciva fumo di sigarette fumate nervosamente. Solo i gerani rossi e bianchi posati sui davanzali della cantoniera ingentilivano quell\u2019ambiente divenuto rovente. Poi, quando l\u2019esaperazione era giunta a livello di guardia, accadeva il miracolo. L\u2019autista gettava il cuore oltre l\u2019ostacolo e dava inizio all\u2019ardita manovra. Osservavo lo sbracciarsi sull\u2019enorme volante di quel bus dotato di un preistorico servosterzo. Invadendo entrambe le corsie finalmente la corriera superava la curva di uscita del ponte. Pian piano il nervosismo calava e ricominciava la corsa lungo l\u2019Agordina. La fatidica \u201cporta\u201d era ormai superata e si correva sotto montagne che diventavano sempre pi\u00f9 alte e possenti. Un quarto d&#8217;ora e saremmo arrivati a \u201cCence\u201d. A continuare il sogno di un\u2019estate da trascorrere fra le Magiche Dolomiti!!<\/p>\n<blockquote class=\"wp-embedded-content\" data-secret=\"e3qpnR901p\"><p><a href=\"https:\/\/www.radiopiu.net\/wordpress\/i-racconti-di-paolo-soppelsa-docicesima-puntata\/\">I RACCONTI DI PAOLO SOPPELSA, DODICESIMA  PUNTATA<\/a><\/p><\/blockquote>\n<p><iframe loading=\"lazy\" title=\"&#8220;I RACCONTI DI PAOLO SOPPELSA, DODICESIMA  PUNTATA&#8221; &#8212; Radio Pi\u00f9\" class=\"wp-embedded-content\" sandbox=\"allow-scripts\" security=\"restricted\" style=\"position: absolute; clip: rect(1px, 1px, 1px, 1px);\" src=\"https:\/\/www.radiopiu.net\/wordpress\/i-racconti-di-paolo-soppelsa-docicesima-puntata\/embed\/#?secret=e3qpnR901p\" data-secret=\"e3qpnR901p\" width=\"600\" height=\"338\" frameborder=\"0\" marginwidth=\"0\" marginheight=\"0\" scrolling=\"no\"><\/iframe><\/p>\n<p>&nbsp;<\/p>\n<hr \/>\n<div class=\"page-title-head hgroup\">\n<blockquote>\n<h3 class=\"entry-title\">CANTIERI IN CORSO E IN PROGETTAZIONE DA PASSO FEDAIA A DIGONERA<\/h3>\n<\/blockquote>\n<\/div>\n<div class=\"page-title-breadcrumbs\"><strong class=\"photoswipe-wrapper\"><img loading=\"lazy\" decoding=\"async\" class=\"wp-image-143088 alignleft jetpack-lazy-image jetpack-lazy-image--handled\" src=\"https:\/\/i1.wp.com\/www.radiopiu.net\/wordpress\/wp-content\/uploads\/2020\/06\/8856ada1-3bea-424a-a641-c0fd2f836098.jpg?resize=263%2C197&amp;ssl=1\" sizes=\"auto, (max-width: 263px) 100vw, 263px\" srcset=\"https:\/\/i1.wp.com\/www.radiopiu.net\/wordpress\/wp-content\/uploads\/2020\/06\/8856ada1-3bea-424a-a641-c0fd2f836098.jpg?resize=300%2C225&amp;ssl=1 300w, https:\/\/i1.wp.com\/www.radiopiu.net\/wordpress\/wp-content\/uploads\/2020\/06\/8856ada1-3bea-424a-a641-c0fd2f836098.jpg?resize=1024%2C768&amp;ssl=1 1024w, https:\/\/i1.wp.com\/www.radiopiu.net\/wordpress\/wp-content\/uploads\/2020\/06\/8856ada1-3bea-424a-a641-c0fd2f836098.jpg?resize=768%2C576&amp;ssl=1 768w, https:\/\/i1.wp.com\/www.radiopiu.net\/wordpress\/wp-content\/uploads\/2020\/06\/8856ada1-3bea-424a-a641-c0fd2f836098.jpg?resize=1536%2C1153&amp;ssl=1 1536w, https:\/\/i1.wp.com\/www.radiopiu.net\/wordpress\/wp-content\/uploads\/2020\/06\/8856ada1-3bea-424a-a641-c0fd2f836098.jpg?w=1599&amp;ssl=1 1599w\" alt=\"\" width=\"263\" height=\"197\" data-recalc-dims=\"1\" data-lazy-loaded=\"1\" \/>ROCCA PIETORE<\/strong> Ieri l\u2019incontro tra il sindaco di Rocca Pietore Andrea De Bernardin e il\u00a0 dirigente di Veneto Strade ingegner Michele Artusato. Sul tavolo il punto sui lavori in corso d\u2019opera e previsti sul territorio comunale rocchesano. Partendo in alto lungo la strada del Passo Fedaia \u00e8 in corso di progettazione del tombotto di regimazione del torrente accanto al vallo comunale (in via di ultimazione). <em>\u201cQuesto tombotto\u00a0 \u2013 dice De Bernadin \u2013 andr\u00e0 a risolvere anche parte dei problemi di inghiaiamento continuo della pista di sci\u201d<\/em>. Pi\u00f9 a valle sono gi\u00e0 stati appaltati i lavori al tombotto sotto strada al Ru dei Scur, sopra la Baita del Gigio.<em>\u201cPi\u00f9 in generale \u2013 continua il primo cittadino \u2013\u00a0 sono stati appaltati anche i lavori di sistemazione alle banchine stradali e guard rail da Saviner a Fedaia, con particolare attenzione al viadotto sopra Capanna Bill e al ponte del Ru de Forzelaz accanto all\u2019ex officina di Col di Rocca. Cosi come sono stati appaltati i lavori di asfaltatura da Malga Ciapela a Saviner\u201d. <\/em>Riguardo al Pont dei Svelti a Digonera lungo la strada per Laste e il tombotto di Palue, i lavori di sistemazione saranno appaltati entro il 30 settembre. Veneto Strade \u00e8 anche soggetto attuatore di tutti i siti valanghivi dove dovr\u00e0 provvedere alla messa in sicurezza tramite paravalanghe e fermaneve, dopo aver raccolto gli schianti<em>. \u201cQuesti lavori \u2013 conclude Andrea De Bernardin\u00a0 \u00a0procederanno durante l\u2019estate. La zona del sito valanghivo del Monte Migon con Col di Rocca e Bosco Verde, considerata la difficolt\u00e0 di operare, sar\u00e0 appaltata subito dopo le altre\u201d<\/em>. Molti, interessanti ed importanti gli interventi previsti con il buon lavoro alle maestranze impegnate per ridare dignit\u00e0 al territorio.<\/div>\n<div><strong>DALLA RASSEGNA STAMPA DELLE OTTO, ANDREA DE BERNARDIN<\/strong><\/div>\n<div>\n<audio class=\"wp-audio-shortcode\" id=\"audio-143079-2\" preload=\"none\" style=\"width: 100%;\" controls=\"controls\"><source type=\"audio\/mpeg\" src=\"https:\/\/www.radiopiu.net\/wordpress\/wp-content\/uploads\/2020\/06\/ANDREA.mp3?_=2\" \/><a href=\"https:\/\/www.radiopiu.net\/wordpress\/wp-content\/uploads\/2020\/06\/ANDREA.mp3\">https:\/\/www.radiopiu.net\/wordpress\/wp-content\/uploads\/2020\/06\/ANDREA.mp3<\/a><\/audio>\n<\/div>\n<div><\/div>\n<div>\n<hr \/>\n<\/div>\n<div><\/div>\n<h3>DAL PENDIO SI STACCA IL SASSO, INTERVENTO DEI VIGILI DEL FUOCO DI CAPRILE<\/h3>\n<p><strong>ALLEGHE<\/strong> Dal pendio si stacca un sasso che finisce nei pressi di un&#8217;abitazione. La causa\u00a0 le copiose\u00a0 piogge di queste ultime ore. E&#8217; successo nel pomeriggio a Caprile di Alleghe. Sul posto i vigili del fuoco volontari di Caprile con i propri mezzi, a Caprile sono saliti anche i permanenti di Agordo. Nessuna conseguenza per le persone e nessun danno a cose. Ma lo spavento, quello \u00e8 stato inevitabile. I vigili del fuoco si sono preoccupati di controllare la zona del distacco del sasso constatando che non c&#8217;erano ulteriori pericoli. Ne hanno dato notizia gli stessi pompieri dalla loro pagina facebook pubblicando anche alcune foto dell&#8217;intervento<\/p>\n<p><a class=\"dt-pswp-item\" href=\"https:\/\/www.radiopiu.net\/wordpress\/wp-content\/uploads\/2020\/06\/103093742_925391684555580_4805619368388397436_n.jpg\" data-dt-img-description=\"\" data-large_image_width=\"960\" data-large_image_height=\"720\"><img loading=\"lazy\" decoding=\"async\" class=\"alignnone size-medium wp-image-143240\" src=\"https:\/\/www.radiopiu.net\/wordpress\/wp-content\/uploads\/2020\/06\/103093742_925391684555580_4805619368388397436_n-300x225.jpg\" alt=\"\" width=\"300\" height=\"225\" srcset=\"https:\/\/www.radiopiu.net\/wordpress\/wp-content\/uploads\/2020\/06\/103093742_925391684555580_4805619368388397436_n-300x225.jpg 300w, https:\/\/www.radiopiu.net\/wordpress\/wp-content\/uploads\/2020\/06\/103093742_925391684555580_4805619368388397436_n-768x576.jpg 768w, https:\/\/www.radiopiu.net\/wordpress\/wp-content\/uploads\/2020\/06\/103093742_925391684555580_4805619368388397436_n.jpg 960w\" sizes=\"auto, (max-width: 300px) 100vw, 300px\" \/><\/a><a class=\"dt-pswp-item\" href=\"https:\/\/www.radiopiu.net\/wordpress\/wp-content\/uploads\/2020\/06\/102656985_925391567888925_3142400417089106007_n.jpg\" data-dt-img-description=\"\" data-large_image_width=\"960\" data-large_image_height=\"720\"><img loading=\"lazy\" decoding=\"async\" class=\"alignnone size-medium wp-image-143241\" src=\"https:\/\/www.radiopiu.net\/wordpress\/wp-content\/uploads\/2020\/06\/102656985_925391567888925_3142400417089106007_n-300x225.jpg\" alt=\"\" width=\"300\" height=\"225\" srcset=\"https:\/\/www.radiopiu.net\/wordpress\/wp-content\/uploads\/2020\/06\/102656985_925391567888925_3142400417089106007_n-300x225.jpg 300w, https:\/\/www.radiopiu.net\/wordpress\/wp-content\/uploads\/2020\/06\/102656985_925391567888925_3142400417089106007_n-768x576.jpg 768w, https:\/\/www.radiopiu.net\/wordpress\/wp-content\/uploads\/2020\/06\/102656985_925391567888925_3142400417089106007_n.jpg 960w\" sizes=\"auto, (max-width: 300px) 100vw, 300px\" \/><\/a><a class=\"dt-pswp-item\" href=\"https:\/\/www.radiopiu.net\/wordpress\/wp-content\/uploads\/2020\/06\/103261568_925391764555572_1594597423202398447_n.jpg\" data-dt-img-description=\"\" data-large_image_width=\"960\" data-large_image_height=\"720\"><img loading=\"lazy\" decoding=\"async\" class=\"alignnone size-medium wp-image-143242\" src=\"https:\/\/www.radiopiu.net\/wordpress\/wp-content\/uploads\/2020\/06\/103261568_925391764555572_1594597423202398447_n-300x225.jpg\" alt=\"\" width=\"300\" height=\"225\" srcset=\"https:\/\/www.radiopiu.net\/wordpress\/wp-content\/uploads\/2020\/06\/103261568_925391764555572_1594597423202398447_n-300x225.jpg 300w, https:\/\/www.radiopiu.net\/wordpress\/wp-content\/uploads\/2020\/06\/103261568_925391764555572_1594597423202398447_n-768x576.jpg 768w, https:\/\/www.radiopiu.net\/wordpress\/wp-content\/uploads\/2020\/06\/103261568_925391764555572_1594597423202398447_n.jpg 960w\" sizes=\"auto, (max-width: 300px) 100vw, 300px\" \/><\/a><\/p>\n<div><\/div>\n<div><\/div>\n<div>\n<hr \/>\n<\/div>\n<p>&nbsp;<\/p>\n<div class=\"page-title-head hgroup\">\n<blockquote>\n<h3 class=\"entry-title\"><a class=\"dt-pswp-item pspw-wrap-ready\" href=\"https:\/\/i2.wp.com\/www.radiopiu.net\/wordpress\/wp-content\/uploads\/2020\/06\/20134899-3b48-4340-9a30-0529564acc93.jpg?ssl=1\" data-dt-img-description=\"\" data-large_image_width=\"1200\" data-large_image_height=\"1600\"><img loading=\"lazy\" decoding=\"async\" class=\"wp-image-143097 jetpack-lazy-image jetpack-lazy-image--handled alignleft\" src=\"https:\/\/i2.wp.com\/www.radiopiu.net\/wordpress\/wp-content\/uploads\/2020\/06\/20134899-3b48-4340-9a30-0529564acc93.jpg?resize=219%2C292&amp;ssl=1\" sizes=\"auto, (max-width: 219px) 100vw, 219px\" srcset=\"https:\/\/i2.wp.com\/www.radiopiu.net\/wordpress\/wp-content\/uploads\/2020\/06\/20134899-3b48-4340-9a30-0529564acc93.jpg?resize=225%2C300&amp;ssl=1 225w, https:\/\/i2.wp.com\/www.radiopiu.net\/wordpress\/wp-content\/uploads\/2020\/06\/20134899-3b48-4340-9a30-0529564acc93.jpg?resize=768%2C1024&amp;ssl=1 768w, https:\/\/i2.wp.com\/www.radiopiu.net\/wordpress\/wp-content\/uploads\/2020\/06\/20134899-3b48-4340-9a30-0529564acc93.jpg?resize=1152%2C1536&amp;ssl=1 1152w, https:\/\/i2.wp.com\/www.radiopiu.net\/wordpress\/wp-content\/uploads\/2020\/06\/20134899-3b48-4340-9a30-0529564acc93.jpg?w=1200&amp;ssl=1 1200w\" alt=\"\" width=\"142\" height=\"189\" data-recalc-dims=\"1\" data-lazy-loaded=\"1\" \/><\/a>BENEDETTI I MEZZI IN PIAZZA A COLLE SANTA LUCIA<\/h3>\n<\/blockquote>\n<\/div>\n<div class=\"page-title-breadcrumbs\">\n<p><strong>COLLE SANTA LUCIA<\/strong> Anche quest\u2019anno la tradizione \u00e8 stata rispettata e come di consueto il paese ha risposto con entusiasmo. Parliamo della benedizione dei mezzi, del soccorso ma anche dei cittadini del paese. Succede ogni anno in questo periodo ed \u00e8 un momento particolarmente atteso, quest\u2019anno tra l\u2019altro nel ricordo di Don Gabriele al quale sono stati riservati pensieri e preghiere. Negli scatti fotografici\u00a0 alcuni momenti della cerimonia in piazza. (grazie ad Enrico e figlio).<\/p>\n<p>&nbsp;<\/p>\n<p class=\"photoswipe-wrapper\"><a class=\"dt-pswp-item pspw-wrap-ready\" href=\"https:\/\/i0.wp.com\/www.radiopiu.net\/wordpress\/wp-content\/uploads\/2020\/06\/e87c1a5c-27ad-4eda-b81f-1e6372d6081a.jpg?ssl=1\" data-dt-img-description=\"\" data-large_image_width=\"1600\" data-large_image_height=\"1200\"><img loading=\"lazy\" decoding=\"async\" class=\"alignnone wp-image-143095 jetpack-lazy-image jetpack-lazy-image--handled\" src=\"https:\/\/i0.wp.com\/www.radiopiu.net\/wordpress\/wp-content\/uploads\/2020\/06\/e87c1a5c-27ad-4eda-b81f-1e6372d6081a.jpg?resize=307%2C230&amp;ssl=1\" sizes=\"auto, (max-width: 307px) 100vw, 307px\" srcset=\"https:\/\/i0.wp.com\/www.radiopiu.net\/wordpress\/wp-content\/uploads\/2020\/06\/e87c1a5c-27ad-4eda-b81f-1e6372d6081a.jpg?resize=300%2C225&amp;ssl=1 300w, https:\/\/i0.wp.com\/www.radiopiu.net\/wordpress\/wp-content\/uploads\/2020\/06\/e87c1a5c-27ad-4eda-b81f-1e6372d6081a.jpg?resize=1024%2C768&amp;ssl=1 1024w, https:\/\/i0.wp.com\/www.radiopiu.net\/wordpress\/wp-content\/uploads\/2020\/06\/e87c1a5c-27ad-4eda-b81f-1e6372d6081a.jpg?resize=768%2C576&amp;ssl=1 768w, https:\/\/i0.wp.com\/www.radiopiu.net\/wordpress\/wp-content\/uploads\/2020\/06\/e87c1a5c-27ad-4eda-b81f-1e6372d6081a.jpg?resize=1536%2C1152&amp;ssl=1 1536w, https:\/\/i0.wp.com\/www.radiopiu.net\/wordpress\/wp-content\/uploads\/2020\/06\/e87c1a5c-27ad-4eda-b81f-1e6372d6081a.jpg?w=1600&amp;ssl=1 1600w\" alt=\"\" width=\"177\" height=\"133\" data-recalc-dims=\"1\" data-lazy-loaded=\"1\" \/><\/a><a class=\"dt-pswp-item pspw-wrap-ready\" href=\"https:\/\/i0.wp.com\/www.radiopiu.net\/wordpress\/wp-content\/uploads\/2020\/06\/6f1b8fcd-bda9-4654-b455-df895de1b6ae.jpg?ssl=1\" data-dt-img-description=\"\" data-large_image_width=\"1600\" data-large_image_height=\"1200\"><img loading=\"lazy\" decoding=\"async\" class=\"alignnone wp-image-143096 jetpack-lazy-image jetpack-lazy-image--handled\" src=\"https:\/\/i0.wp.com\/www.radiopiu.net\/wordpress\/wp-content\/uploads\/2020\/06\/6f1b8fcd-bda9-4654-b455-df895de1b6ae.jpg?resize=308%2C230&amp;ssl=1\" sizes=\"auto, (max-width: 308px) 100vw, 308px\" srcset=\"https:\/\/i0.wp.com\/www.radiopiu.net\/wordpress\/wp-content\/uploads\/2020\/06\/6f1b8fcd-bda9-4654-b455-df895de1b6ae.jpg?resize=300%2C225&amp;ssl=1 300w, https:\/\/i0.wp.com\/www.radiopiu.net\/wordpress\/wp-content\/uploads\/2020\/06\/6f1b8fcd-bda9-4654-b455-df895de1b6ae.jpg?resize=1024%2C768&amp;ssl=1 1024w, https:\/\/i0.wp.com\/www.radiopiu.net\/wordpress\/wp-content\/uploads\/2020\/06\/6f1b8fcd-bda9-4654-b455-df895de1b6ae.jpg?resize=768%2C576&amp;ssl=1 768w, https:\/\/i0.wp.com\/www.radiopiu.net\/wordpress\/wp-content\/uploads\/2020\/06\/6f1b8fcd-bda9-4654-b455-df895de1b6ae.jpg?resize=1536%2C1152&amp;ssl=1 1536w, https:\/\/i0.wp.com\/www.radiopiu.net\/wordpress\/wp-content\/uploads\/2020\/06\/6f1b8fcd-bda9-4654-b455-df895de1b6ae.jpg?w=1600&amp;ssl=1 1600w\" alt=\"\" width=\"176\" height=\"132\" data-recalc-dims=\"1\" data-lazy-loaded=\"1\" \/><\/a><a class=\"dt-pswp-item pspw-wrap-ready\" href=\"https:\/\/i0.wp.com\/www.radiopiu.net\/wordpress\/wp-content\/uploads\/2020\/06\/6529effd-7717-42c6-9c7f-9cbbdf8c2af2.jpg?ssl=1\" data-dt-img-description=\"\" data-large_image_width=\"1600\" data-large_image_height=\"1200\"><img loading=\"lazy\" decoding=\"async\" class=\"alignnone wp-image-143098 jetpack-lazy-image jetpack-lazy-image--handled\" src=\"https:\/\/i0.wp.com\/www.radiopiu.net\/wordpress\/wp-content\/uploads\/2020\/06\/6529effd-7717-42c6-9c7f-9cbbdf8c2af2.jpg?resize=396%2C297&amp;ssl=1\" sizes=\"auto, (max-width: 396px) 100vw, 396px\" srcset=\"https:\/\/i0.wp.com\/www.radiopiu.net\/wordpress\/wp-content\/uploads\/2020\/06\/6529effd-7717-42c6-9c7f-9cbbdf8c2af2.jpg?resize=300%2C225&amp;ssl=1 300w, https:\/\/i0.wp.com\/www.radiopiu.net\/wordpress\/wp-content\/uploads\/2020\/06\/6529effd-7717-42c6-9c7f-9cbbdf8c2af2.jpg?resize=1024%2C768&amp;ssl=1 1024w, https:\/\/i0.wp.com\/www.radiopiu.net\/wordpress\/wp-content\/uploads\/2020\/06\/6529effd-7717-42c6-9c7f-9cbbdf8c2af2.jpg?resize=768%2C576&amp;ssl=1 768w, https:\/\/i0.wp.com\/www.radiopiu.net\/wordpress\/wp-content\/uploads\/2020\/06\/6529effd-7717-42c6-9c7f-9cbbdf8c2af2.jpg?resize=1536%2C1152&amp;ssl=1 1536w, https:\/\/i0.wp.com\/www.radiopiu.net\/wordpress\/wp-content\/uploads\/2020\/06\/6529effd-7717-42c6-9c7f-9cbbdf8c2af2.jpg?w=1600&amp;ssl=1 1600w\" alt=\"\" width=\"175\" height=\"131\" data-recalc-dims=\"1\" data-lazy-loaded=\"1\" \/><\/a><\/p>\n<p>&nbsp;<\/p>\n<p>&nbsp;<\/p>\n<hr \/>\n<\/div>\n<p>&nbsp;<\/p>\n<p>&nbsp;<\/p>\n<p>&nbsp;<\/p>\n<p>&#x1f9e4; <strong>OMS: \u201cNO AI GUANTI, USARLI PU\u00d2 AUMENTARE RISCHIO INFEZIONE\u201d <\/strong>&#8220;L&#8217;Oms<strong> non raccomanda l&#8217;uso di guanti <\/strong>per contenere la diffusione del coronavirus perch\u00e9 <strong>pu\u00f2\u00a0aumentare il rischio di infezione<\/strong>, dal momento che pu\u00f2\u00a0portare ad una <strong>autocontaminazione<\/strong> o a una trasmissione ad altri quando si toccano le superfici contaminate e quindi il viso&#8221;. \u00c8 quanto specifica l&#8217;Oms, <strong>consigliando quindi l&#8217;uso dei disinfettanti per le mani.<\/strong><\/p>\n<p><strong>SCUOLE, DIETROFRONT DI AZZOLINA: \u201cNIENTE GABBIE DI PLEXIGLASS IN CLASSE\u201d <\/strong><strong>Niente scatole di plexiglass attorno ai banchi degli alunni<\/strong> alla riapertura delle scuole a settembre, assicura la\u00a0ministra Azzolina. Dopo che nelle <strong>interviste<\/strong> aveva parlato di qualcosa di molto, molto simile: a seconda dello stato del\u00a0virus, per dare sicurezza agli studenti si potranno prevedere &#8220;<strong>pannelli in plexiglass nelle aule a compartimentare i banchi<\/strong>&#8221; [<a href=\"\/\/unsafe_url?url=https%3A%2F%2Fwww.corriere.it%2Fscuola%2Fmedie%2F20_giugno_04%2Frientro-scuola-azzolina-si-pensa-plexiglass-banchi-998d7a2e-a69d-11ea-b760-0b897e2dd362.shtml\" target=\"_blank\" rel=\"noopener noreferrer\">FONTE<\/a>]. Ora le parole sono molto diverse. &#8220;Nessuno del Comitato tecnico-scientifico, e tanto meno qui al Ministero &#8211; dice la ministra Lucia Azzolina &#8211; <strong>ha mai immaginato di chiudere gli studenti dentro cabine di sicurezza.<\/strong> [&#8230;] Questa \u00e8 disinformazione&#8221;<\/p>\n<blockquote>\n<h3><em>UN SOLO PAZIENTE ALL&#8217;OSPEDALE DI BELLUNO E IERI RECORD VENETO UN SOLO POSITIVO IN 24 ORE E PURTROPPO ANCORA 7 DECESSI, 5 IN OSPEDALE. ANCORA PROTESTE, GUIDE E ACCOMPAGNATORI TURISTICI CHIEDONO AL GOVERNO UN FONDO PER IL TURISMO\u00a0<\/em><\/h3>\n<\/blockquote>\n<p>Anche ieri proteste di piazza, \u00e8 stato il turno dei lavoratori della scuola che chiedono certezze per la ripartenza a settembre ma anche potenziamento degli organici. Oggi ancora proteste a Venezia con guide ed accompagnatori turistici fermi da febbraio e forse potranno iniziare a lavorare di nuovo dalla prossima primavera. Chiedono al Governo un sostegno concreto ma anche il rinvio di contributi e tributi con rateizzazione per i prossimi due anni. Alla Basilica della Salute il flash mob pacifico.<\/p>\n<p><strong>I NUMERI\u00a0 IN VENETO:<\/strong> TOTALE POSITIVI 19187\u00a0 \u00a0(+1)\u00a0 ATTUALMENTE POSITIVI 1032\u00a0 (-55)\u00a0 DECESSI 1961\u00a0 \u00a0 (+7,\u00a0 5 in ospedale)\u00a0 NEGATIVIZZATI 16194\u00a0 (+49) IN ISOLAMENTO 1020\u00a0 (0)\u00a0 RICOVERATI\u00a0 306\u00a0 (-15\u00a0 \u00a076 POSITIVI,\u00a0 230 NEGATIVIZZATI), NEGLI OSPEDALI DI COMUNITA\u2019 39\u00a0 (-2\u00a0 7 POSITIVI,\u00a0 \u00a032 NEGATIVIZZATI), IN TERAPIA INTENSIVA 15 (0,\u00a0 1 POSITIVO,\u00a0 \u00a014 NEGATIVIZZATI).\u00a0 .<strong>I NUMERI IN PROVINCIA:<\/strong> TOTALE CONTAGI 1177\u00a0 (+1 ) , ATTUALMENTE POSITIVI 79\u00a0 (-5) , DECEDUTI 111 (0), NEGATIVIZZATI\u00a0 987 (+6) ISOLAMENTO DOMICILIARE 110\u00a0 (0) RICOVERATI IN OSPEDALE AL SAN MARTINO 1<\/p>\n<p>&nbsp;<\/p>\n<p>&nbsp;<\/p>\n<hr \/>\n<div class=\"page-title-breadcrumbs\">\n<blockquote>\n<h3><\/h3>\n<p>&nbsp;<\/p>\n<p>&nbsp;<\/p><\/blockquote>\n<blockquote class=\"wp-embedded-content\" data-secret=\"OYbAnRFJBa\"><p><a href=\"https:\/\/www.radiopiu.net\/wordpress\/coronavirus-aggiornamento-nazionale-08-giugno\/\">CORONAVIRUS: AGGIORNAMENTO NAZIONALE 08 GIUGNO<\/a><\/p><\/blockquote>\n<p><iframe loading=\"lazy\" title=\"&#8220;CORONAVIRUS: AGGIORNAMENTO NAZIONALE 08 GIUGNO&#8221; &#8212; Radio Pi\u00f9\" class=\"wp-embedded-content\" sandbox=\"allow-scripts\" security=\"restricted\" style=\"position: absolute; clip: rect(1px, 1px, 1px, 1px);\" src=\"https:\/\/www.radiopiu.net\/wordpress\/coronavirus-aggiornamento-nazionale-08-giugno\/embed\/#?secret=OYbAnRFJBa\" data-secret=\"OYbAnRFJBa\" width=\"600\" height=\"338\" frameborder=\"0\" marginwidth=\"0\" marginheight=\"0\" scrolling=\"no\"><\/iframe><\/p>\n<p>&nbsp;<\/p>\n<p>&nbsp;<\/p>\n<p>&nbsp;<\/p>\n<hr \/>\n<blockquote><p>&nbsp;<\/p>\n<p>&nbsp;<\/p>\n<p>&nbsp;<\/p><\/blockquote>\n<blockquote class=\"wp-embedded-content\" data-secret=\"s6GSQaoFED\"><p><a href=\"https:\/\/www.radiopiu.net\/wordpress\/aggiornamento06\/\">BOLLETTINO DELLE 17: 17 PAZIENTI IN MENO IN OSPEDALE MA ANCHE OGGI 7 DECESSI, 2 NELLE STRUTTURE EXTRAOSPEDALIERE, IN TOTALE 4 POSITIVI SU OLTRE 16 MILA TAMPONI<\/a><\/p><\/blockquote>\n<p><iframe loading=\"lazy\" title=\"&#8220;BOLLETTINO DELLE 17: 17 PAZIENTI IN MENO IN OSPEDALE MA ANCHE OGGI 7 DECESSI, 2 NELLE STRUTTURE EXTRAOSPEDALIERE, IN TOTALE 4 POSITIVI SU OLTRE 16 MILA TAMPONI&#8221; &#8212; Radio Pi\u00f9\" class=\"wp-embedded-content\" sandbox=\"allow-scripts\" security=\"restricted\" style=\"position: absolute; clip: rect(1px, 1px, 1px, 1px);\" src=\"https:\/\/www.radiopiu.net\/wordpress\/aggiornamento06\/embed\/#?secret=s6GSQaoFED\" data-secret=\"s6GSQaoFED\" width=\"600\" height=\"338\" frameborder=\"0\" marginwidth=\"0\" marginheight=\"0\" scrolling=\"no\"><\/iframe><\/p>\n<\/div>\n<h3><\/h3>\n<div class=\"page-title-breadcrumbs\">\n<blockquote>\n<h3><\/h3>\n<h3><\/h3>\n<\/blockquote>\n<hr \/>\n<blockquote>\n<h3><\/h3>\n<\/blockquote>\n<blockquote class=\"wp-embedded-content\" data-secret=\"HBbthKixFK\"><p><a href=\"https:\/\/www.radiopiu.net\/wordpress\/dati-e-grafici-del-giorno-provincia-regione-08-giugno-2020\/\">DATI E GRAFICI DEL GIORNO, PROVINCIA \u2013 REGIONE 08 GIUGNO 2020<\/a><\/p><\/blockquote>\n<p><iframe loading=\"lazy\" title=\"&#8220;DATI E GRAFICI DEL GIORNO, PROVINCIA \u2013 REGIONE 08 GIUGNO 2020&#8221; &#8212; Radio Pi\u00f9\" class=\"wp-embedded-content\" sandbox=\"allow-scripts\" security=\"restricted\" style=\"position: absolute; clip: rect(1px, 1px, 1px, 1px);\" src=\"https:\/\/www.radiopiu.net\/wordpress\/dati-e-grafici-del-giorno-provincia-regione-08-giugno-2020\/embed\/#?secret=HBbthKixFK\" data-secret=\"HBbthKixFK\" width=\"600\" height=\"338\" frameborder=\"0\" marginwidth=\"0\" marginheight=\"0\" scrolling=\"no\"><\/iframe><\/p>\n<p>&nbsp;<\/p>\n<p>&nbsp;<\/p>\n<p>&nbsp;<\/p>\n<p>&nbsp;<\/p>\n<hr \/>\n<blockquote>\n<h3>&#8220;PREOCCUPAZIONE PER IL MONDO DELLA SCUOLA NEL GIORNO DELLA PROTESTA&#8221; CONFERENZA STAMPA DEL PRESIDENTE DEL VENETO LUCA ZAIA 08 GIUGNO 2020<\/h3>\n<\/blockquote>\n<p><strong>VENEZIA<\/strong>\u00a0Da Marghera il\u00a0Presidente\u00a0Luca Zaia fa il punto sull\u2019emergenza Covid-19<\/p>\n<p><strong>NELLE ULTIME 24 ORE:\u00a0 750248 (+16.000)\u00a0 TAMPONI IN TOTALE\u00a0 POSITIVI 19187 (+4)\u00a0 RICOVERATI 319 (-1)\u00a0 TERAPIA INTENSIVA 15 (-1\u00a0 \u00a0e 1\u00a0 solo positivo 14 negativi) DECESSI 1955 (+1) IN OSPEDALE 1401 (0) DIMESSI 3447 (+5) <\/strong><\/p>\n<p><strong>SCUOLA<\/strong> Siamo preoccupati per il mondo della scuola auspicando riaprano dopo le elezioni e si rischia di andare a fine settembre. In via prudenziale i ragazzi vanno messi in sicurezza, le linee guida adottate ma crediamo che debbano essere interpretate per una loro sostenibilit\u00e0. Oggi giornata di protesta si riaccendono i riflettori sulla scuola che ha &#8220;tenuto&#8221; grazie ai docenti senza materiali e sostegno e grazie ai ragazzi ed alle famiglie. Giusto il cavalierato riconosciuto ad un docente campano che ha continuato a far lezione pur malato di covid. Se si parler\u00e0 di menate tipo box in plexiglass non siamo proprio daccordo, no alle cabine.<\/p>\n<p><strong>MEDICINA A TREVISO<\/strong> A Treviso fra 8 mesi\u00a0 sar\u00e0 pronto il nuovo ospedale, una culla per la nuova Universit\u00e0. A Treviso gi\u00e0 si fa scuola, volevamo portare i 5 anni totali, io ieri ho chiamato Boccia che si \u00e8 dimostrato disponibile, il Governo ha fino al 16 per depositare l&#8217;impugnativa.\u00a0 Quando si lascia troppo spazio ai tecnici queste sono le conseguenze\u00bb.<\/p>\n<p><strong>MALTEMPO<\/strong> 167 interventi fatti a Treviso e 154 a Verona. Tanta pioggia, allagamenti e grandine. Ora che \u00e8 finito il lockdown le persone sono tappate in case per il maltempo, \u00e8 un anno bisestile &#8220;ANNO BISESTO ANNO FUNESTO&#8221;.<\/p>\n<p><strong>OSPITE IL DOTTOR PAOLO ROSI RESPONSABILE 118 VENETO<\/strong><\/p>\n<p><em class=\"photoswipe-wrapper\">La gestione \u00e8 rimasta provinciale in rete con i medici di medicina e non sempre l\u2019ospedalizzazione \u00e8\u00a0 stata la scelta,\u00a0 tutte le chiamate sono state ricevute da un infermiere che ha messo in rete le esigenze e dato risposta professionale ad ogni singolo paziente. Molte persone sono state prese in carico da altri servizi e non dai servizi ospedalieri. Lasciarlo a casa non significa lasciarlo senza cura ma dargli le giuste cure. Le misure prese hanno ridotto l\u2019afflusso a fronte di un aumento di chiamate del 50 per cento le corse in ambulanza sono diminuite da 40 a 50 mila, \u00e8 stata un corsa contro il tempo. Abbiamo rincorso l\u2019emergenza stando sempre un passo avanti al virus. Abbiamo tenuto monitorati i posti letti. La situazione iniziale era disastrosa, ma poi le scelte fatte lottando anche contro il tempo, sono state risolutive.<\/em><\/p>\n<h1><span style=\"color: #800000;\">VIDEO 1<\/span><\/h1>\n<p>https:\/\/www.facebook.com\/zaiaufficiale\/videos\/689503701832911\/<\/p>\n<h1><span style=\"color: #ff0000;\">VIDEO 2<\/span><\/h1>\n<p>https:\/\/www.facebook.com\/zaiaufficiale\/videos\/671463723432159\/<\/p>\n<h3><\/h3>\n<hr \/>\n<div class=\"page-title-head hgroup\">\n<blockquote>\n<h3 class=\"entry-title\"><\/h3>\n<h3 class=\"entry-title\">IL DOTTOR PAOLO ROSI RESPONSABILE 118 VENETO<\/h3>\n<\/blockquote>\n<p><strong>VENEZIA<\/strong> Di seguito l&#8217;intervento del Dottor Paolo Rosi, ecco come l&#8217;emergenza 118 ha gestito l&#8217;epidemia covid 19<\/p>\n<blockquote><p><em><a class=\"dt-pswp-item\" href=\"https:\/\/www.radiopiu.net\/wordpress\/wp-content\/uploads\/2020\/06\/ae230bd5-7a3a-48e3-95b2-761ad81a3103.jpg\" data-dt-img-description=\"\" data-large_image_width=\"1440\" data-large_image_height=\"720\"><img loading=\"lazy\" decoding=\"async\" class=\"wp-image-143158 alignleft\" src=\"https:\/\/www.radiopiu.net\/wordpress\/wp-content\/uploads\/2020\/06\/ae230bd5-7a3a-48e3-95b2-761ad81a3103-300x150.jpg\" alt=\"\" width=\"204\" height=\"102\" srcset=\"https:\/\/www.radiopiu.net\/wordpress\/wp-content\/uploads\/2020\/06\/ae230bd5-7a3a-48e3-95b2-761ad81a3103-300x150.jpg 300w, https:\/\/www.radiopiu.net\/wordpress\/wp-content\/uploads\/2020\/06\/ae230bd5-7a3a-48e3-95b2-761ad81a3103-1024x512.jpg 1024w, https:\/\/www.radiopiu.net\/wordpress\/wp-content\/uploads\/2020\/06\/ae230bd5-7a3a-48e3-95b2-761ad81a3103-768x384.jpg 768w, https:\/\/www.radiopiu.net\/wordpress\/wp-content\/uploads\/2020\/06\/ae230bd5-7a3a-48e3-95b2-761ad81a3103.jpg 1440w\" sizes=\"auto, (max-width: 204px) 100vw, 204px\" \/><\/a>La gestione\u00a0 delle emergenze \u00e8 rimasta provinciale in rete con i medici di medicina e non sempre l&#8217;ospedalizzazione \u00e8\u00a0 stata la scelta,\u00a0 tutte le chiamate sono state ricevute da un infermiere che ha messo in rete le esigenze e dato risposte professionali ad ogni singolo paziente. Molte persone sono state prese in carico da altri servizi e non dai servizi ospedalieri. Lasciare un paziente a casa non significa lasciarlo senza cura ma dargli le giuste cure. Le misure prese hanno ridotto l&#8217;afflusso a fronte di un aumento di chiamate del 50 per cento,\u00a0 le corse in ambulanza sono diminuite da 50 a 40 mila, 200 persone al giorno che hanno chiamato al pronto soccorso sono state prese in carico da servizi diversi da quelli ospedalieri.\u00a0 \u00e8 stata un corsa contro il tempo. Abbiamo rincorso l&#8217;emergenza stando sempre un passo avanti al virus. Abbiamo tenuto monitorati i posti letto. La situazione iniziale era disastrosa, ma poi le scelte fatte lottando anche contro il tempo, sono state risolutive.<\/em><\/p><\/blockquote>\n<p>audio<\/p>\n<audio class=\"wp-audio-shortcode\" id=\"audio-143079-3\" preload=\"none\" style=\"width: 100%;\" controls=\"controls\"><source type=\"audio\/mpeg\" src=\"https:\/\/www.radiopiu.net\/wordpress\/wp-content\/uploads\/2020\/06\/PAOLO-ROSI.mp3?_=3\" \/><a href=\"https:\/\/www.radiopiu.net\/wordpress\/wp-content\/uploads\/2020\/06\/PAOLO-ROSI.mp3\">https:\/\/www.radiopiu.net\/wordpress\/wp-content\/uploads\/2020\/06\/PAOLO-ROSI.mp3<\/a><\/audio>\n<hr \/>\n<\/div>\n<div class=\"page-title-breadcrumbs\"><\/div>\n<div><\/div>\n<h3>COVID 19, I NUMERI DELLA ULSS1 DOLOMITI<\/h3>\n<p><strong>BELLUNO<\/strong> Ecco i numeri dell&#8217;epidemia, aggiornamento ore 8 dell&#8217;8 giugno. Totale tamponi eseguiti:\u00a0 39.188\u00a0 Numero ricoverati in area non critica 1 Numero positivi a domicilio 83 Numero di soggetti attualmente infetti 84 Persone in isolamento fiduciario e sorveglianza attiva* 176 N\u00b0 soggetti positivi Dall&#8217;inizio dell&#8217;epidemia 1.177 N\u00b0 soggetti negativizzati Dall&#8217;inizio dell&#8217;epidemia 982 N\u00b0 malati deceduti (ospedale + territorio) Dall&#8217;inizio dell&#8217;epidemia 111 N\u00b0 deceduti in ospedale Dall&#8217;inizio dell&#8217;epidemia 69 <strong>personale attualmente positivo<\/strong>: 9 su 2.115 personale con tampone effettuato: 2.012 personale con sierologico effettuato: 1.983 Strutture per anziani non autosufficienti (29) ospiti attualmente positivi: 29 su 2.160 (1,38%) ospiti con tampone effettuato: 2.094 ospiti con sierologico effettuato: 1.978 covid free 22 (76%) con positivi 7 (24%)<\/p>\n<table border=\"1\" width=\"256\" cellspacing=\"0\" cellpadding=\"5\">\n<colgroup>\n<col width=\"70\" \/>\n<col width=\"53\" \/>\n<col width=\"49\" \/>\n<col width=\"42\" \/><\/colgroup>\n<tbody>\n<tr valign=\"BOTTOM\">\n<td bgcolor=\"#c6efce\" width=\"70\" height=\"70\"><span style=\"color: #006100;\"><span style=\"font-family: Calibri, serif;\">percentuale di ospiti positivi<\/span><\/span><\/td>\n<td bgcolor=\"#c6efce\" width=\"53\"><span style=\"color: #006100;\"><span style=\"font-family: Calibri, serif;\">n strutture<\/span><\/span><\/td>\n<td bgcolor=\"#c6efce\" width=\"49\"><span style=\"color: #006100;\"><span style=\"font-family: Calibri, serif;\">n ospiti positivi presenti<\/span><\/span><\/td>\n<td bgcolor=\"#c6efce\" width=\"42\"><span style=\"color: #006100;\"><span style=\"font-family: Calibri, serif;\">% su totale positiviti<\/span><\/span><\/td>\n<\/tr>\n<tr valign=\"BOTTOM\">\n<td bgcolor=\"#ffffff\" width=\"70\" height=\"11\">\n<p align=\"RIGHT\"><span style=\"color: #000000;\"><span style=\"font-family: Calibri, serif;\">0<\/span><\/span><\/p>\n<\/td>\n<td bgcolor=\"#ffffff\" width=\"53\">\n<p align=\"RIGHT\"><span style=\"color: #000000;\"><span style=\"font-family: Calibri, serif;\">22<\/span><\/span><\/p>\n<\/td>\n<td bgcolor=\"#ffffff\" width=\"49\">\n<p align=\"RIGHT\"><span style=\"color: #000000;\"><span style=\"font-family: Calibri, serif;\">0<\/span><\/span><\/p>\n<\/td>\n<td bgcolor=\"#ffffff\" width=\"42\">\n<p align=\"RIGHT\"><span style=\"color: #000000;\"><span style=\"font-family: Calibri, serif;\">0%<\/span><\/span><\/p>\n<\/td>\n<\/tr>\n<tr valign=\"BOTTOM\">\n<td bgcolor=\"#ffffff\" width=\"70\" height=\"11\"><span style=\"color: #000000;\"><span style=\"font-family: Calibri, serif;\">da 1 a 5<\/span><\/span><\/td>\n<td bgcolor=\"#ffffff\" width=\"53\">\n<p align=\"RIGHT\"><span style=\"color: #000000;\"><span style=\"font-family: Calibri, serif;\">4<\/span><\/span><\/p>\n<\/td>\n<td bgcolor=\"#ffffff\" width=\"49\">\n<p align=\"RIGHT\"><span style=\"color: #000000;\"><span style=\"font-family: Calibri, serif;\">4<\/span><\/span><\/p>\n<\/td>\n<td bgcolor=\"#ffffff\" width=\"42\">\n<p align=\"RIGHT\"><span style=\"color: #000000;\"><span style=\"font-family: Calibri, serif;\">14%<\/span><\/span><\/p>\n<\/td>\n<\/tr>\n<tr valign=\"BOTTOM\">\n<td bgcolor=\"#ffffff\" width=\"70\" height=\"11\"><span style=\"color: #000000;\"><span style=\"font-family: Calibri, serif;\">da 6 a 10<\/span><\/span><\/td>\n<td bgcolor=\"#ffffff\" width=\"53\">\n<p align=\"RIGHT\"><span style=\"color: #000000;\"><span style=\"font-family: Calibri, serif;\">1<\/span><\/span><\/p>\n<\/td>\n<td bgcolor=\"#ffffff\" width=\"49\">\n<p align=\"RIGHT\"><span style=\"color: #000000;\"><span style=\"font-family: Calibri, serif;\">6<\/span><\/span><\/p>\n<\/td>\n<td bgcolor=\"#ffffff\" width=\"42\">\n<p align=\"RIGHT\"><span style=\"color: #000000;\"><span style=\"font-family: Calibri, serif;\">21%<\/span><\/span><\/p>\n<\/td>\n<\/tr>\n<tr valign=\"BOTTOM\">\n<td bgcolor=\"#ffffff\" width=\"70\" height=\"11\"><span style=\"color: #000000;\"><span style=\"font-family: Calibri, serif;\">da 11 a 20<\/span><\/span><\/td>\n<td bgcolor=\"#ffffff\" width=\"53\">\n<p align=\"RIGHT\"><span style=\"color: #000000;\"><span style=\"font-family: Calibri, serif;\">2<\/span><\/span><\/p>\n<\/td>\n<td bgcolor=\"#ffffff\" width=\"49\">\n<p align=\"RIGHT\"><span style=\"color: #000000;\"><span style=\"font-family: Calibri, serif;\">19<\/span><\/span><\/p>\n<\/td>\n<td bgcolor=\"#ffffff\" width=\"42\">\n<p align=\"RIGHT\"><span style=\"color: #000000;\"><span style=\"font-family: Calibri, serif;\">66%<\/span><\/span><\/p>\n<\/td>\n<\/tr>\n<tr valign=\"BOTTOM\">\n<td bgcolor=\"#ffffff\" width=\"70\" height=\"11\"><span style=\"color: #000000;\"><span style=\"font-family: Calibri, serif;\">da 21 a 50<\/span><\/span><\/td>\n<td bgcolor=\"#ffffff\" width=\"53\">\n<p align=\"RIGHT\"><span style=\"color: #000000;\"><span style=\"font-family: Calibri, serif;\">0<\/span><\/span><\/p>\n<\/td>\n<td bgcolor=\"#ffffff\" width=\"49\">\n<p align=\"RIGHT\"><span style=\"color: #000000;\"><span style=\"font-family: Calibri, serif;\">0<\/span><\/span><\/p>\n<\/td>\n<td bgcolor=\"#ffffff\" width=\"42\">\n<p align=\"RIGHT\"><span style=\"color: #000000;\"><span style=\"font-family: Calibri, serif;\">0%<\/span><\/span><\/p>\n<\/td>\n<\/tr>\n<tr valign=\"BOTTOM\">\n<td bgcolor=\"#ffffff\" width=\"70\" height=\"11\"><span style=\"color: #000000;\"><span style=\"font-family: Calibri, serif;\">da 51 a 100<\/span><\/span><\/td>\n<td bgcolor=\"#ffffff\" width=\"53\">\n<p align=\"RIGHT\"><span style=\"color: #000000;\"><span style=\"font-family: Calibri, serif;\">0<\/span><\/span><\/p>\n<\/td>\n<td bgcolor=\"#ffffff\" width=\"49\">\n<p align=\"RIGHT\"><span style=\"color: #000000;\"><span style=\"font-family: Calibri, serif;\">0<\/span><\/span><\/p>\n<\/td>\n<td bgcolor=\"#ffffff\" width=\"42\">\n<p align=\"RIGHT\"><span style=\"color: #000000;\"><span style=\"font-family: Calibri, serif;\">0%<\/span><\/span><\/p>\n<\/td>\n<\/tr>\n<tr valign=\"BOTTOM\">\n<td bgcolor=\"#ffffff\" width=\"70\" height=\"10\"><span style=\"color: #000000;\"><span style=\"font-family: Calibri, serif;\">TOTALE<\/span><\/span><\/td>\n<td bgcolor=\"#ffffff\" width=\"53\">\n<p align=\"RIGHT\"><span style=\"color: #000000;\"><span style=\"font-family: Calibri, serif;\">29<\/span><\/span><\/p>\n<\/td>\n<td bgcolor=\"#ffffff\" width=\"49\">\n<p align=\"RIGHT\"><span style=\"color: #000000;\"><span style=\"font-family: Calibri, serif;\">29<\/span><\/span><\/p>\n<\/td>\n<\/tr>\n<\/tbody>\n<\/table>\n<p>&nbsp;<\/p>\n<p align=\"JUSTIFY\"><span style=\"color: #ff0000;\"><span style=\"font-size: large;\"><b>Prestazioni erogate dal 4 maggio al 7 giugno 2020:<\/b><\/span><\/span><\/p>\n<table style=\"height: 593px;\" border=\"1\" width=\"604\" frame=\"VOID\" rules=\"GROUPS\" cellspacing=\"0\" cellpadding=\"5\">\n<colgroup>\n<col width=\"340\" \/>\n<col width=\"132\" \/>\n<col width=\"94\" \/><\/colgroup>\n<tbody>\n<tr valign=\"BOTTOM\">\n<td bgcolor=\"#ffffff\" width=\"340\" height=\"7\"><span style=\"font-family: Arial, serif;\"><span style=\"font-size: small;\">totale prestazioni 4 maggio 2020 &#8211; 7 giugno 2020<\/span><\/span><\/td>\n<td bgcolor=\"#ffffff\" width=\"132\"><\/td>\n<td bgcolor=\"#ffffff\" width=\"94\"><\/td>\n<\/tr>\n<\/tbody>\n<tbody>\n<tr valign=\"BOTTOM\">\n<td bgcolor=\"#ffc7ce\" width=\"340\" height=\"10\"><span style=\"color: #9c0006;\"><span style=\"font-family: Calibri, serif;\">TIPOLOGIA<\/span><\/span><\/td>\n<td bgcolor=\"#ffc7ce\" width=\"132\"><span style=\"color: #9c0006;\"><span style=\"font-family: Calibri, serif;\">PRESTAZIONI<\/span><\/span><\/td>\n<td bgcolor=\"#ffc7ce\" width=\"94\"><span style=\"color: #9c0006;\"><span style=\"font-family: Calibri, serif;\">PERSONE<\/span><\/span><\/td>\n<\/tr>\n<\/tbody>\n<tbody>\n<tr valign=\"BOTTOM\">\n<td bgcolor=\"#ffffff\" width=\"340\" height=\"7\"><span style=\"font-family: Arial, serif;\"><span style=\"font-size: small;\">VISITE<\/span><\/span><\/td>\n<td bgcolor=\"#ffffff\" width=\"132\">\n<p align=\"RIGHT\"><span style=\"font-family: Arial, serif;\"><span style=\"font-size: small;\">13647<\/span><\/span><\/p>\n<\/td>\n<td bgcolor=\"#ffffff\" width=\"94\"><\/td>\n<\/tr>\n<\/tbody>\n<tbody>\n<tr valign=\"BOTTOM\">\n<td bgcolor=\"#ffffff\" width=\"340\" height=\"7\"><span style=\"font-family: Arial, serif;\"><span style=\"font-size: small;\">DIAGNOSTICA<\/span><\/span><\/td>\n<td bgcolor=\"#ffffff\" width=\"132\">\n<p align=\"RIGHT\"><span style=\"font-family: Arial, serif;\"><span style=\"font-size: small;\">40079<\/span><\/span><\/p>\n<\/td>\n<td bgcolor=\"#ffffff\" width=\"94\"><\/td>\n<\/tr>\n<\/tbody>\n<tbody>\n<tr valign=\"BOTTOM\">\n<td bgcolor=\"#ffffff\" width=\"340\" height=\"7\"><span style=\"font-family: Arial, serif;\"><span style=\"font-size: small;\">LABORATORIO ANALISI E ANATOMIA<\/span><\/span><\/td>\n<td bgcolor=\"#ffffff\" width=\"132\">\n<p align=\"RIGHT\"><span style=\"font-family: Arial, serif;\"><span style=\"font-size: small;\">128660<\/span><\/span><\/p>\n<\/td>\n<td bgcolor=\"#ffffff\" width=\"94\">\n<p align=\"RIGHT\"><span style=\"font-family: Arial, serif;\"><span style=\"font-size: small;\">19896<\/span><\/span><\/p>\n<\/td>\n<\/tr>\n<\/tbody>\n<tbody>\n<tr valign=\"BOTTOM\">\n<td bgcolor=\"#c6efce\" width=\"340\" height=\"10\"><span style=\"color: #006100;\"><span style=\"font-family: Calibri, serif;\">TOTALE <\/span><\/span><\/td>\n<td bgcolor=\"#c6efce\" width=\"132\">\n<p align=\"RIGHT\"><span style=\"color: #006100;\"><span style=\"font-family: Calibri, serif;\">182386<\/span><\/span><\/p>\n<\/td>\n<\/tr>\n<\/tbody>\n<tbody>\n<tr valign=\"BOTTOM\">\n<td bgcolor=\"#ffffff\" width=\"340\" height=\"7\"><\/td>\n<td bgcolor=\"#ffffff\" width=\"132\"><\/td>\n<td bgcolor=\"#ffffff\" width=\"94\"><\/td>\n<\/tr>\n<tr valign=\"BOTTOM\">\n<td bgcolor=\"#ffffff\" width=\"340\" height=\"7\"><\/td>\n<td bgcolor=\"#ffffff\" width=\"132\"><\/td>\n<td bgcolor=\"#ffffff\" width=\"94\"><\/td>\n<\/tr>\n<tr valign=\"BOTTOM\">\n<td bgcolor=\"#ffffff\" width=\"340\" height=\"7\"><span style=\"font-family: Arial, serif;\"><span style=\"font-size: small;\">INTERVENTI CHIRURGICI<\/span><\/span><\/td>\n<td bgcolor=\"#ffffff\" width=\"132\"><\/td>\n<td bgcolor=\"#ffffff\" width=\"94\"><\/td>\n<\/tr>\n<tr valign=\"BOTTOM\">\n<td bgcolor=\"#ffc7ce\" width=\"340\" height=\"10\"><span style=\"color: #9c0006;\"><span style=\"font-family: Calibri, serif;\">OSPEDALE<\/span><\/span><\/td>\n<td bgcolor=\"#ffc7ce\" width=\"132\"><span style=\"color: #9c0006;\"><span style=\"font-family: Calibri, serif;\">NUMERO INTERVENTI<\/span><\/span><\/td>\n<td bgcolor=\"#ffffff\" width=\"94\"><\/td>\n<\/tr>\n<tr valign=\"BOTTOM\">\n<td bgcolor=\"#ffffff\" width=\"340\" height=\"7\"><span style=\"font-family: Arial, serif;\"><span style=\"font-size: small;\">OSPEDALE BELLUNO<\/span><\/span><\/td>\n<td bgcolor=\"#ffffff\" width=\"132\">\n<p align=\"RIGHT\"><span style=\"font-family: Arial, serif;\"><span style=\"font-size: small;\">781<\/span><\/span><\/p>\n<\/td>\n<td bgcolor=\"#ffffff\" width=\"94\"><\/td>\n<\/tr>\n<tr valign=\"BOTTOM\">\n<td bgcolor=\"#ffffff\" width=\"340\" height=\"7\"><span style=\"font-family: Arial, serif;\"><span style=\"font-size: small;\">OSPEDALE AGORDO<\/span><\/span><\/td>\n<td bgcolor=\"#ffffff\" width=\"132\">\n<p align=\"RIGHT\"><span style=\"font-family: Arial, serif;\"><span style=\"font-size: small;\">119<\/span><\/span><\/p>\n<\/td>\n<td bgcolor=\"#ffffff\" width=\"94\"><\/td>\n<\/tr>\n<tr valign=\"BOTTOM\">\n<td bgcolor=\"#ffffff\" width=\"340\" height=\"7\"><span style=\"font-family: Arial, serif;\"><span style=\"font-size: small;\">OSPEDALE FELTRE<\/span><\/span><\/td>\n<td bgcolor=\"#ffffff\" width=\"132\">\n<p align=\"RIGHT\"><span style=\"font-family: Arial, serif;\"><span style=\"font-size: small;\">551<\/span><\/span><\/p>\n<\/td>\n<td bgcolor=\"#ffffff\" width=\"94\"><\/td>\n<\/tr>\n<tr valign=\"BOTTOM\">\n<td bgcolor=\"#ffffff\" width=\"340\" height=\"7\"><span style=\"font-family: Arial, serif;\"><span style=\"font-size: small;\">OSPEDALE PIEVE<\/span><\/span><\/td>\n<td bgcolor=\"#ffffff\" width=\"132\">\n<p align=\"RIGHT\"><span style=\"font-family: Arial, serif;\"><span style=\"font-size: small;\">45<\/span><\/span><\/p>\n<\/td>\n<td bgcolor=\"#ffffff\" width=\"94\"><\/td>\n<\/tr>\n<tr valign=\"BOTTOM\">\n<td bgcolor=\"#c6efce\" width=\"340\" height=\"10\"><span style=\"color: #006100;\"><span style=\"font-family: Calibri, serif;\">TOTALE <\/span><\/span><\/td>\n<td bgcolor=\"#c6efce\" width=\"132\">\n<p align=\"RIGHT\"><span style=\"color: #006100;\"><span style=\"font-family: Calibri, serif;\">1496<\/span><\/span><\/p>\n<\/td>\n<td bgcolor=\"#ffffff\" width=\"94\"><\/td>\n<\/tr>\n<\/tbody>\n<\/table>\n<p>&nbsp;<\/p>\n<blockquote>\n<h3><\/h3>\n<h3>&#8220;DE COCCIO&#8221;: LA SETTIMANA SI CHIUDE CON 2 SANZIONI E 2 DENUNCE<\/h3>\n<\/blockquote>\n<p><strong>BELLUNO<\/strong> 2276 persone controllate, 2 sanzioni e 2 denunce per altri reati. E&#8217; questo il riassunto della settimana in base ai controlli delle Forze dell&#8217;Ordine per il contenimento del Covid-19. Negli ultimi 4 giorni nessuna irregolarit\u00e0. Un fine settimana tranquillo con poco meno di 500 persone controllate. Per quanto riguarda gli esercizi commerciali, 1195 attivit\u00e0 controllate e nessuna sanzione o chiusura negli ultimi 7 giorni.<\/p>\n<p><a class=\"dt-pswp-item\" href=\"https:\/\/www.radiopiu.net\/wordpress\/wp-content\/uploads\/2020\/06\/MONITORAGGIO_SETTIMANALE_DEI_SERVIZI_DI_CONTROLLO_DEL_07.06.2020.jpg\" data-dt-img-description=\"\" data-large_image_width=\"1240\" data-large_image_height=\"1754\"><img loading=\"lazy\" decoding=\"async\" class=\"alignnone wp-image-143106 \" src=\"https:\/\/www.radiopiu.net\/wordpress\/wp-content\/uploads\/2020\/06\/MONITORAGGIO_SETTIMANALE_DEI_SERVIZI_DI_CONTROLLO_DEL_07.06.2020-724x1024.jpg\" alt=\"\" width=\"283\" height=\"400\" srcset=\"https:\/\/www.radiopiu.net\/wordpress\/wp-content\/uploads\/2020\/06\/MONITORAGGIO_SETTIMANALE_DEI_SERVIZI_DI_CONTROLLO_DEL_07.06.2020-724x1024.jpg 724w, https:\/\/www.radiopiu.net\/wordpress\/wp-content\/uploads\/2020\/06\/MONITORAGGIO_SETTIMANALE_DEI_SERVIZI_DI_CONTROLLO_DEL_07.06.2020-212x300.jpg 212w, https:\/\/www.radiopiu.net\/wordpress\/wp-content\/uploads\/2020\/06\/MONITORAGGIO_SETTIMANALE_DEI_SERVIZI_DI_CONTROLLO_DEL_07.06.2020-768x1086.jpg 768w, https:\/\/www.radiopiu.net\/wordpress\/wp-content\/uploads\/2020\/06\/MONITORAGGIO_SETTIMANALE_DEI_SERVIZI_DI_CONTROLLO_DEL_07.06.2020-1086x1536.jpg 1086w, https:\/\/www.radiopiu.net\/wordpress\/wp-content\/uploads\/2020\/06\/MONITORAGGIO_SETTIMANALE_DEI_SERVIZI_DI_CONTROLLO_DEL_07.06.2020.jpg 1240w\" sizes=\"auto, (max-width: 283px) 100vw, 283px\" \/><\/a><\/p>\n<p>&nbsp;<\/p>\n<p>&nbsp;<\/p>\n<hr \/>\n<p>&nbsp;<\/p>\n<\/div>\n<blockquote>\n<h3>RIAPERTURE DELLE SCUOLE, BUSSONE (UNCEM): &#8220;NON SI SCARICHINO TUTTE LE RESPONSABILITA&#8217; SUI SINDACI. NON BASTANO COPERTURE ECONOMICHE AI COSTI. SERVONO REGOLE DIFFERENZIATE PER LE AREE MONTANE&#8221;<\/h3>\n<\/blockquote>\n<p><strong><a class=\"dt-pswp-item\" href=\"https:\/\/www.radiopiu.net\/wordpress\/wp-content\/uploads\/2020\/04\/UNCEM.jpg\" data-dt-img-description=\"\" data-large_image_width=\"500\" data-large_image_height=\"500\"><img loading=\"lazy\" decoding=\"async\" class=\" wp-image-133399 alignleft\" src=\"https:\/\/www.radiopiu.net\/wordpress\/wp-content\/uploads\/2020\/04\/UNCEM-300x300.jpg\" alt=\"\" width=\"111\" height=\"111\" srcset=\"https:\/\/www.radiopiu.net\/wordpress\/wp-content\/uploads\/2020\/04\/UNCEM-300x300.jpg 300w, https:\/\/www.radiopiu.net\/wordpress\/wp-content\/uploads\/2020\/04\/UNCEM-150x150.jpg 150w, https:\/\/www.radiopiu.net\/wordpress\/wp-content\/uploads\/2020\/04\/UNCEM.jpg 500w\" sizes=\"auto, (max-width: 111px) 100vw, 111px\" \/><\/a>ROMA<\/strong> Il Presidente Uncem Marco Bussone mette in evidenza la preoccupazione dei sindaci dei comuni montani che \u00a0non ci stanno ad avere tutte le responsabilit\u00e0 per la riorganizzazione delle scuole in vista dell&#8217;apertura\u00a0agli studenti a settembre. Circolano gi\u00e0 ambigui messaggi, anche veicolati da Direzioni scolastiche regionali e Dirigenti scolastici. Ad esempio che sarebbero i Sindaci a dove trovare nei bilanci le cifre necessarie per installare barriere di plexiglass tra i banchi o altre soluzioni. C&#8217;\u00e8 chi parla di 200 euro a studente, a salire.<em> &#8220;Una cosa assurda &#8211; dice il presidente Bussone- e non bastano le coperture economiche, che Stato e Regioni possono assicurare, per coprire i costi. Occorre anche tenere presenti gli indici di contagio, l&#8217;evoluzione degli ultimi tre mesi e dei prossimi, ben diversi tra regioni. Senza contare i problemi del trasporto di bambini e ragazzi. Di chi saranno le responsabilit\u00e0 degli scuolabus? Sindaci e autisti non ci stanno. Peraltro, se uno scuolabus di 40 posti deve essere ridotto a 15, non si va lontano. I Sindaci sono a disposizione in tutto e per tutto, soprattutto per quanto riguarda le scuole. Ma non ci stanno ad avere responsabilit\u00e0 sulla gestione degli spazi, n\u00e9 in classe n\u00e9 sugli scuolabu<\/em>s&#8221;. C&#8217;\u00e8 chi ha rilevato, al Miur, nelle ultime ore, che\u00a0vanno riconosciute le specificit\u00e0 territoriali, nella fase di scrittura delle linee guida. Perch\u00e9, spiegano dal ministero,<em> &#8220;Non avrebbe senso imporre le stesse regole per una scuola di una comunit\u00e0 montana e una del centro di Roma &#8211; dice Bussone- benissimo, finalmente il Miur se ne accorge. Lo abbiamo detto con chiarezza qualche giorno fa al Ministro Boccia, che ha messo sul tavolo la volont\u00e0 di rivedere i livelli essenziali delle prestazioni di scuole, trasporti, sanit\u00e0, alla luce di quanto avvenuto con la pandemia&#8221;.\u00a0<\/em> Per le aree montane questo \u00e8 il momento giusto, per riconoscere la specificit\u00e0 delle piccole grandi scuole dei nostri territori, di valle, smart, capaci di tenere in vita i paesi che fanno il Paese. Uncem lo dir\u00e0 al Governo nelle prossime ore.<\/p>\n<p>&nbsp;<\/p>\n<p>&nbsp;<\/p>\n<hr \/>\n<p>&nbsp;<\/p>\n<blockquote>\n<h3>6-7 GIUGNO 2020 IN VENETO: UN WEEKEND ALL\u2019INSEGNA DELL\u2019INSTABILIT\u00c0 CON FREQUENTI ROVESCI E TEMPORALI ANCHE FORTI<\/h3>\n<\/blockquote>\n<p><strong><a class=\"dt-pswp-item\" href=\"https:\/\/www.radiopiu.net\/wordpress\/wp-content\/uploads\/2020\/06\/Schermata-2020-06-08-alle-13.16.08.png\" data-dt-img-description=\"\" data-large_image_width=\"1430\" data-large_image_height=\"918\"><img loading=\"lazy\" decoding=\"async\" class=\" wp-image-143155 alignleft\" src=\"https:\/\/www.radiopiu.net\/wordpress\/wp-content\/uploads\/2020\/06\/Schermata-2020-06-08-alle-13.16.08-300x193.png\" alt=\"\" width=\"281\" height=\"181\" srcset=\"https:\/\/www.radiopiu.net\/wordpress\/wp-content\/uploads\/2020\/06\/Schermata-2020-06-08-alle-13.16.08-300x193.png 300w, https:\/\/www.radiopiu.net\/wordpress\/wp-content\/uploads\/2020\/06\/Schermata-2020-06-08-alle-13.16.08-1024x657.png 1024w, https:\/\/www.radiopiu.net\/wordpress\/wp-content\/uploads\/2020\/06\/Schermata-2020-06-08-alle-13.16.08-768x493.png 768w, https:\/\/www.radiopiu.net\/wordpress\/wp-content\/uploads\/2020\/06\/Schermata-2020-06-08-alle-13.16.08.png 1430w\" sizes=\"auto, (max-width: 281px) 100vw, 281px\" \/><\/a>PADOVA\u00a0<\/strong>Nel weekend appena trascorso la regione \u00e8 stata interessata da condizioni meteorologiche caratterizzate da una spiccata instabilit\u00e0 atmosferica a causa dell\u2019approfondimento sull\u2019Europa occidentale di una profonda saccatura con aria fredda in quota di origine polare-artica che ha richiamato sull\u2019Italia correnti umide e instabili sud-occidentali. Sabato 6 i fenomeni pi\u00f9 significativi si sono registrati nel pomeriggio-sera, con rovesci e temporali sparsi che hanno interessato soprattutto le aree prealpine e pedemontane e localmente la pianura centrale. Una cella temporalesca particolarmente sviluppata e con segnali di forte intensit\u00e0 \u00e8 stata osservata in particolare nel Veronese in serata, colpendo anche la citt\u00e0 di Verona con rovesci molto intensi e forti grandinate. Nei prossimi giorni, almeno fino a domani, sulla regione sono previste condizioni di tempo instabile, con frequenti precipitazioni anche consistenti e a carattere di rovescio o temporale che localmente potranno risultare di forte intensit\u00e0.<\/p>\n<p>&nbsp;<\/p>\n<hr \/>\n<p>&nbsp;<\/p>\n<blockquote>\n<h3>LORRAINE BERTON CONFERMATA ALLA PRESIDENZA DEL GRUPPO TECNICO SPORT E GRANDI EVENTI DI CONFINDUSTRIA<\/h3>\n<\/blockquote>\n<p><strong><a class=\"dt-pswp-item\" href=\"https:\/\/www.radiopiu.net\/wordpress\/wp-content\/uploads\/2019\/10\/Lorraine_Berton-1.jpg\" data-dt-img-description=\"\" data-large_image_width=\"767\" data-large_image_height=\"768\"><img loading=\"lazy\" decoding=\"async\" class=\" wp-image-104180 alignleft\" src=\"https:\/\/www.radiopiu.net\/wordpress\/wp-content\/uploads\/2019\/10\/Lorraine_Berton-1-300x300.jpg\" alt=\"\" width=\"121\" height=\"121\" srcset=\"https:\/\/www.radiopiu.net\/wordpress\/wp-content\/uploads\/2019\/10\/Lorraine_Berton-1-300x300.jpg 300w, https:\/\/www.radiopiu.net\/wordpress\/wp-content\/uploads\/2019\/10\/Lorraine_Berton-1-150x150.jpg 150w, https:\/\/www.radiopiu.net\/wordpress\/wp-content\/uploads\/2019\/10\/Lorraine_Berton-1.jpg 767w\" sizes=\"auto, (max-width: 121px) 100vw, 121px\" \/><\/a>BELLUNO\u00a0<\/strong>Il nuovo Consiglio di Presidenza di Confindustria guidato da Carlo Bonomi conferma Lorraine Berton alla Presidenza del Gruppo Tecnico \u201cSport e Grandi Eventi\u201d, che nei prossimi giorni dovr\u00e0 essere ricomposto per diventare operativo gi\u00e0 dal mese di luglio. La delibera \u00e8 stata approvata lo scorso 27 maggio e condivisa definitivamente dal Consiglio Generale nei giorni scorsi. Il presidente di Confindustria Belluno Dolomiti entra cos\u00ec nella nuova squadra di Viale dell\u2019Astronomia, con un incarico importante, a fianco del Presidente Carlo Bonomi, del Consiglio di Presidenza e, in particolare, del Vicepresidente con delega all\u2019organizzazione Alberto Marenghi. In totale i Gruppi Tecnici sono sedici, e di questi solo sette sono presieduti da figure esterne al Consiglio di Presidenza. \u201c<em>Ringrazio il presidente Carlo Bonomi, il suo Vice Alberto Marenghi e tutto il Consiglio di Presidenza per la fiducia nei miei confronti \u2013 afferma Lorraine Berton \u2013 abbiamo davanti mesi e anni di intenso lavoro, con l\u2019obiettivo di far s\u00ec che i grandi eventi internazionali, non solo sportivi, siano concretamente un\u2019opportunit\u00e0 di crescita per il sistema delle nostre imprese, di valorizzazione del Made in Italy e di crescita economica per i territori&#8221;.<\/em><\/p>\n<p>&nbsp;<\/p>\n<p>&nbsp;<\/p>\n<hr \/>\n<p>&nbsp;<\/p>\n<p>&nbsp;<\/p>\n<blockquote>\n<h3>PATTO PER L&#8217;EXPORT A VANTAGGIO DEL SETTORE FIERISTICO<\/h3>\n<\/blockquote>\n<p><strong>ROMA<\/strong> <em>\u201cIl comparto fieristico che in Veneto e nel nostro Paese ha un ruolo fondamentale, sar\u00e0 rafforzato grazie al Patto per l\u2019export firmato a Roma, al Ministero degli Esteri: ci sar\u00e0 una migliore partecipazione delle Piccole medie imprese in Italia e all\u2019estero grazie alla finanza agevolata e alle potenzialit\u00e0 del digitale\u201d. <\/em>\u00c8 quanto afferma Federico D\u2019Inc\u00e0, Ministro per i Rapporti con il Parlamento, in riferimento al nuovo Patto per l\u2019Export. <em>\u201cGrazie a questo importante accordo &#8211; continua D&#8217;Inc\u00e0 &#8211;\u00a0 il Made in Italy torna a proiettarsi verso il mondo con maggiore forza. Il tutto attraverso una strategia fondata su sei pilastri, dalla comunicazione con un rinnovato branding nazionale, alla formazione e informazione per far crescere le nostre piccole e medie imprese con maggiore consapevolezza delle potenzialit\u00e0 dell&#8217;export, al ruolo decisivo dell\u2019e-commerce, alla promozione integrata per veicolare il concetto di Made in Italy sia ai singoli prodotti sia alla tradizione che li lega e alla finanza agevolata per dare alle nostre aziende la forza economica necessaria sia per ripartire sia per ripensare le loro strategie in un&#8217;ottica pi\u00f9 ampia che punti al mercato globale\u201d.<\/em><\/p>\n<p>&nbsp;<\/p>\n<p>&nbsp;<\/p>\n<hr \/>\n<p>&nbsp;<\/p>\n<blockquote>\n<h3>TRASPORTI, DALL\u2019AUSTRIA ATTACCO INGIUSTIFICATO ALLE NOSTRE AZIENDE<\/h3>\n<p><span style=\"color: #ff0000;\">di Dario Bond<\/span><\/p>\n<audio class=\"wp-audio-shortcode\" id=\"audio-143079-4\" preload=\"none\" style=\"width: 100%;\" controls=\"controls\"><source type=\"audio\/mpeg\" src=\"https:\/\/www.radiopiu.net\/wordpress\/wp-content\/uploads\/2020\/06\/BOND-AUSTYRIA.mp3?_=4\" \/><a href=\"https:\/\/www.radiopiu.net\/wordpress\/wp-content\/uploads\/2020\/06\/BOND-AUSTYRIA.mp3\">https:\/\/www.radiopiu.net\/wordpress\/wp-content\/uploads\/2020\/06\/BOND-AUSTYRIA.mp3<\/a><\/audio><\/blockquote>\n<p><strong>ROMA<\/strong> <em>\u201cSiamo sicuri che gli automezzi austriaci oppure quelli che entrano in Italia attraverso i valichi del Brennero e di Tarvisio siano sicuri? Mentre loro viaggiano serenamente verso il nostro Paese, l\u2019Austria tiene chiusi i confini a noi italiani, mentre li apre a tutti gli altri. Un ingiustificato comportamento che penalizza le nostre aziende. Basti pensare a quelle del trasporto, costrette a restare ferme (o quasi) fino ai confini dell\u2019Austria, per le forti limitazioni al traffico merci imposte all\u2019Italia. Tutto ci\u00f2 sta causando disagi alla logistica e problemi alle aziende italiane del trasporto, mettendole in condizioni di aumentare i costi e rischiare di perdere competitivit\u00e0. Chiediamo al Governo, in particolare al ministro De Micheli, di tutelare il comparto, ancora di pi\u00f9 alla luce del nuovo Patto per l&#8217;Export che oggi il Governo ha siglato, adottando tutte le misure necessarie per la difesa e il rilancio di un settore che, per il nostro Paese, si \u00e8 rivelato, anche nella pandemia, strategico e indispensabile e di agire in maniera ferma verso l\u2019Austria\u201d.<\/em><\/p>\n<p>&nbsp;<\/p>\n<p>&nbsp;<\/p>\n<hr \/>\n<blockquote>\n<h3><\/h3>\n<h3>IL PIDDINO AZZALIN VUOLE\u00a0 IL VACCINO OBBLIGATORIO PER LE CATEGORIE A RISCHIO<\/h3>\n<\/blockquote>\n<p><strong><a class=\"dt-pswp-item\" href=\"https:\/\/www.radiopiu.net\/wordpress\/wp-content\/uploads\/2015\/11\/vaccino-influenza.jpg\" data-dt-img-description=\"\" data-large_image_width=\"499\" data-large_image_height=\"342\"><img loading=\"lazy\" decoding=\"async\" class=\" wp-image-13129 alignleft\" src=\"https:\/\/www.radiopiu.net\/wordpress\/wp-content\/uploads\/2015\/11\/vaccino-influenza-300x206.jpg\" alt=\"\" width=\"173\" height=\"119\" \/><\/a>VENEZIA<\/strong>\u00a0<em> \u201cLe campagne mediatiche sono utili, ma sarebbe pi\u00f9 efficace introdurre l\u2019obbligo vaccinale per le categorie maggiormente a rischio\u201d<\/em>. La richiesta arriva da Graziano Azzalin, consigliere del Partito Democratico, commentando il piano di vaccinazioni della Regione, che ha prenotato 4,5 milioni di dosi.<em> \u201cNegli anni scorsi ne venivano ordinate la met\u00e0, eppure, purtroppo, non sono mai andate \u2018esaurite. <\/em>\u2019La sospensione dell\u2019obbligo nel 2007 dovrebbe aver insegnato qualcosa, visto che i tassi di copertura sono crollati\u201d, ricorda Azzalin.\u00a0 La Regione Lazio ha fatto un\u2019ordinanza sull\u2019obbligo vaccinale per gli over 65 e le categorie a rischio come gli operatori sanitari, seguita dalla Calabria e anche la Campania ci sta pensando. <em>&#8220;Servirebbe per\u00f2 una normativa uniforme a livello nazionale: mi auguro che il Governo decida di andare oltre la vaccinazione gratuita per gli over 60 e la \u2018raccomandazione\u2019 per i bambini da sei mesi a sei anni &#8211; conclude il piddino Azzalin &#8211;\u00a0 Serve una gigantesca operazione di tutela della salute pubblica per evitare pericolosi passi falsi\u201d.\u00a0<\/em><\/p>\n<p>&nbsp;<\/p>\n<p>&nbsp;<\/p>\n<hr \/>\n<p>&nbsp;<\/p>\n<blockquote>\n<h3><span style=\"color: #000000;\">ORA GOVERNO SI IMPEGNI A RICONOSCERE L&#8217;ATTIVITA&#8217; E IL RUOLO DELLE PARITARIE<\/span><\/h3>\n<audio class=\"wp-audio-shortcode\" id=\"audio-143079-5\" preload=\"none\" style=\"width: 100%;\" controls=\"controls\"><source type=\"audio\/mpeg\" src=\"https:\/\/www.radiopiu.net\/wordpress\/wp-content\/uploads\/2020\/06\/bond-scuola.mp3?_=5\" \/><a href=\"https:\/\/www.radiopiu.net\/wordpress\/wp-content\/uploads\/2020\/06\/bond-scuola.mp3\">https:\/\/www.radiopiu.net\/wordpress\/wp-content\/uploads\/2020\/06\/bond-scuola.mp3<\/a><\/audio><\/blockquote>\n<p><strong><a class=\"dt-pswp-item\" href=\"https:\/\/www.radiopiu.net\/wordpress\/wp-content\/uploads\/2020\/06\/primo-piano-gli-studenti-che-scrivono-e-leggono-gli-fogli-di-risposta-degli-esami-di-esercitazione-in-aula-della-scuola-con-lo-stress_73622-858.jpg\" data-dt-img-description=\"\" data-large_image_width=\"626\" data-large_image_height=\"417\"><img loading=\"lazy\" decoding=\"async\" class=\" wp-image-143128 alignleft\" src=\"https:\/\/www.radiopiu.net\/wordpress\/wp-content\/uploads\/2020\/06\/primo-piano-gli-studenti-che-scrivono-e-leggono-gli-fogli-di-risposta-degli-esami-di-esercitazione-in-aula-della-scuola-con-lo-stress_73622-858-300x200.jpg\" alt=\"\" width=\"225\" height=\"150\" srcset=\"https:\/\/www.radiopiu.net\/wordpress\/wp-content\/uploads\/2020\/06\/primo-piano-gli-studenti-che-scrivono-e-leggono-gli-fogli-di-risposta-degli-esami-di-esercitazione-in-aula-della-scuola-con-lo-stress_73622-858-300x200.jpg 300w, https:\/\/www.radiopiu.net\/wordpress\/wp-content\/uploads\/2020\/06\/primo-piano-gli-studenti-che-scrivono-e-leggono-gli-fogli-di-risposta-degli-esami-di-esercitazione-in-aula-della-scuola-con-lo-stress_73622-858.jpg 626w\" sizes=\"auto, (max-width: 225px) 100vw, 225px\" \/><\/a>ROMA<\/strong><em>\u00a0 <span style=\"color: #000000;\">\u201c<span style=\"font-family: Calibri, sans-serif;\">C\u2019<\/span><\/span><span style=\"color: #000000;\"><span style=\"font-family: Calibri, sans-serif;\">era<\/span><\/span><span style=\"color: #000000;\"><span style=\"font-family: Calibri, sans-serif;\"> un concreto rischio <\/span><\/span><span style=\"color: #000000;\"><span style=\"font-family: Calibri, sans-serif;\">che<\/span><\/span><span style=\"color: #000000;\"><span style=\"font-family: Calibri, sans-serif;\"> la crisi economica dettata dal coronavirus impedis<\/span><\/span><span style=\"color: #000000;\"><span style=\"font-family: Calibri, sans-serif;\">se<\/span><\/span><span style=\"color: #000000;\"><span style=\"font-family: Calibri, sans-serif;\"> a molte scuole paritarie di riaprire. <\/span><\/span><span style=\"color: #000000;\"><span style=\"font-family: Calibri, sans-serif;\">Rischio <\/span><\/span><span style=\"color: #000000;\"><span style=\"font-family: Calibri, sans-serif;\">che, <\/span><\/span><span style=\"color: #000000;\"><span style=\"font-family: Calibri, sans-serif;\">con l\u2019approvazione del mio Ordine del Giorno, speriamo di aver scongiurato<\/span><\/span><\/em><span style=\"color: #000000;\"><span style=\"font-family: Calibri, sans-serif;\"><em>\u201d<\/em>. <\/span><\/span><span style=\"color: #000000;\"><span style=\"font-family: Calibri, sans-serif;\">Cos\u00ec<\/span><\/span> <span style=\"color: #000000;\"><span style=\"font-family: Calibri, sans-serif;\">Dario Bond, deputato veneto di Forza Italia, riporta al centro del dibattito un tema ritornato sensibile durante la pandemia.<em> \u201c<\/em><\/span><\/span><em><span style=\"color: #000000;\"><span style=\"font-family: Calibri, sans-serif;\">A<\/span><\/span><span style=\"color: #000000;\"><span style=\"font-family: Calibri, sans-serif;\">d<\/span><\/span><span style=\"color: #000000;\"><span style=\"font-family: Calibri, sans-serif;\"> oggi \u2013 <\/span><\/span><span style=\"color: #000000;\"><span style=\"font-family: Calibri, sans-serif;\">prosegue Bond &#8211;<\/span><\/span><span style=\"color: #000000;\"><span style=\"font-family: Calibri, sans-serif;\"> molte famiglie hanno smesso di pagare le rette. Se anche solo un terzo degli iscritti alle paritarie si dovesse iscrivere alla scuola statale a settembre, come sostengono i rappresentanti delle scuole paritarie, pi\u00f9 di 200 mila studenti si riverserebbero in un sistema gi\u00e0 a corto di risorse, umane e materiali. La qualit\u00e0 ne risentirebbe. Supportare le paritarie diventa cos\u00ec un tema di salvaguardia della scuola statale, un peso che non pu\u00f2 essere sostenuto dalle sole famiglie. <\/span><\/span><\/em><em><span style=\"color: #000000;\"><span style=\"font-family: Calibri, sans-serif;\">Al di l\u00e0 degli aspetti legati alla sostenibilit\u00e0 economica &#8211; aggiunge Bond -ci sono aspetti culturali che caratterizzano le paritarie, culle della formazione di tanti cittadini, e che hanno forte valore. Per questo, nell\u2019ambito del Decreto Scuola che non considerava questi istituti, ho voluto riportare l\u2019accento sul tema e con il mio Ordine del Giorno impegnare il Governo ad adottare, <\/span><\/span><span style=\"color: #000000;\"><span style=\"font-family: Calibri, sans-serif;\">nell\u2019ambito della produzione normativa legata all\u2019emergenza da Covid-19, misure straordinarie destinate esclusivamente al settore delle scuole paritarie e ad adottare interventi di natura finanziaria per la tutela, la valorizzazione, il sostegno e per il riconoscimento dell\u2019attivit\u00e0 educativa svolta dagli istituti pubblici paritari, non solo nei mesi di sospensione della didattica, e al fine di assicurare la continuit\u00e0 del servizio scolastico offerto dagli istituti citati\u201d <\/span><\/span><\/em><span style=\"color: #000000;\"><span style=\"font-family: Calibri, sans-serif;\">conclude Bond.<\/span><\/span><\/p>\n<p>&nbsp;<\/p>\n<hr \/>\n<p>&nbsp;<\/p>\n<blockquote>\n<h3>\u00a0C&#8217;E&#8217; UNA CATEGORIA IN GRANDE SOFFERENZA, QUELLA DELLE GUIDE E ACCOMPAGNATORI TURISTICI. OGGI ALLE 11 A VENEZIA IL FLASH MOB PER SENSIBILIZZARE IL GOVERNO AFFINCHE&#8217; INTERVENGA SENZA LASCIARE INDIETRO NESSUNO, QUESTA E&#8217; UNA CATEGORIA DI LAVORATORI E LAVORATRICI FERME DA FEBBRAIO E CHE NON VEDRANNO LA FINE DEL TUNNEL, NON QUEST&#8217;ANNO, NON QUESTA ESTATE E NEMMENO IL PROSSIMO INVERNO, FORSE UN RIENTRO NELLA NORMALITA&#8217; DAL PROSSIMO MARZO 2021<\/h3>\n<\/blockquote>\n<p><a class=\"dt-pswp-item\" href=\"https:\/\/www.radiopiu.net\/wordpress\/wp-content\/uploads\/2020\/06\/855a485e-e5b0-492a-96ec-c6f9d8963622.jpg\" data-dt-img-description=\"\" data-large_image_width=\"1130\" data-large_image_height=\"1600\"><img loading=\"lazy\" decoding=\"async\" class=\"alignnone wp-image-143227 size-full\" src=\"https:\/\/www.radiopiu.net\/wordpress\/wp-content\/uploads\/2020\/06\/855a485e-e5b0-492a-96ec-c6f9d8963622.jpg\" alt=\"\" width=\"1130\" height=\"1600\" srcset=\"https:\/\/www.radiopiu.net\/wordpress\/wp-content\/uploads\/2020\/06\/855a485e-e5b0-492a-96ec-c6f9d8963622.jpg 1130w, https:\/\/www.radiopiu.net\/wordpress\/wp-content\/uploads\/2020\/06\/855a485e-e5b0-492a-96ec-c6f9d8963622-212x300.jpg 212w, https:\/\/www.radiopiu.net\/wordpress\/wp-content\/uploads\/2020\/06\/855a485e-e5b0-492a-96ec-c6f9d8963622-723x1024.jpg 723w, https:\/\/www.radiopiu.net\/wordpress\/wp-content\/uploads\/2020\/06\/855a485e-e5b0-492a-96ec-c6f9d8963622-768x1087.jpg 768w, https:\/\/www.radiopiu.net\/wordpress\/wp-content\/uploads\/2020\/06\/855a485e-e5b0-492a-96ec-c6f9d8963622-1085x1536.jpg 1085w\" sizes=\"auto, (max-width: 1130px) 100vw, 1130px\" \/><\/a><\/p>\n<hr \/>\n<p>&nbsp;<\/p>\n<blockquote>\n<h3><\/h3>\n<h3>LE MASCHERINE DI POLLICINO IN DONO DA CHI NON SI DIMENTICA CHE ANCHE I BELLUNESI SONO IN DIFFICOLTA&#8217;<\/h3>\n<\/blockquote>\n<p><a class=\"dt-pswp-item\" href=\"https:\/\/www.radiopiu.net\/wordpress\/wp-content\/uploads\/2020\/06\/vzekgGUQ.jpg\" data-dt-img-description=\"\" data-large_image_width=\"1536\" data-large_image_height=\"2048\"><img loading=\"lazy\" decoding=\"async\" class=\" wp-image-143249 alignleft\" src=\"https:\/\/www.radiopiu.net\/wordpress\/wp-content\/uploads\/2020\/06\/vzekgGUQ-225x300.jpg\" alt=\"\" width=\"119\" height=\"159\" srcset=\"https:\/\/www.radiopiu.net\/wordpress\/wp-content\/uploads\/2020\/06\/vzekgGUQ-225x300.jpg 225w, https:\/\/www.radiopiu.net\/wordpress\/wp-content\/uploads\/2020\/06\/vzekgGUQ-768x1024.jpg 768w, https:\/\/www.radiopiu.net\/wordpress\/wp-content\/uploads\/2020\/06\/vzekgGUQ-1152x1536.jpg 1152w, https:\/\/www.radiopiu.net\/wordpress\/wp-content\/uploads\/2020\/06\/vzekgGUQ.jpg 1536w\" sizes=\"auto, (max-width: 119px) 100vw, 119px\" \/><\/a><strong>PONTE NELLE ALPI \u201c<\/strong>Chi pu\u00f2 metta, chi non pu\u00f2 prenda\u201d, questa l\u2019idea alla base delle mascherine fatte a mano dalle volontarie dell\u2019Associazione Comitato Pollicino. Le mascherine vengono quindi donate gratuitamente a chi non pu\u00f2 permettersi di acquistarne una attraverso i normali canali di vendita, oppure cedute in cambio di un\u2019offerta libera a chi ha la possibilit\u00e0 di dare un contributo, pur sapendo che questo prodotto non \u00e8 un dispositivo medico, n\u00e9 una maschera anti-trasmissione ai sensi della direttiva europea e quindi non ha i requisiti per un utilizzo professionale o sanitario. Casa Pollicino, il nostro centro diurno per bambini e ragazzi in difficolt\u00e0 a Petrosani (Romania), sta vivendo momenti difficili, ma non ci dimentichiamo di chi, anche a Belluno, si trova in condizioni di necessit\u00e0, soprattutto in questi giorni di emergenza. Per questo le donazioni raccolte con queste mascherine verranno equamente suddivise tra Casa Pollicino e la mensa dei poveri gestita dai Padri Cappuccini di Mussoi (Belluno). L\u2019Associazione vorrebbe in questo modo anche lanciare un messaggio di ringraziamento alla comunit\u00e0 bellunese che tanto ha fatto per i bambini di Casa Pollicino in questi anni. Potrete trovare le mascherine presso la sede dell\u2019Associazione in Via 30 Aprile, 5 a Belluno oppure presso \u201cCartolandia Libri\u201d in Via Roma, 17\/b a Santa Giustina. Ce ne sono per tutti i gusti e soprattutto per ognuno di voi: donna, uomo o bambino! Inoltre, se sai cucire e vuoi contribuire a realizzare le mascherine, puoi scaricare istruzioni e cartamodello dal nostro sito web <a href=\"http:\/\/www.comitatopollicino.org\">www.comitatopollicino.org<\/a> e farcelo sapere.\u00a0Siamo felici di poter fare qualcosa in questo periodo difficile per tutti e speriamo che le nostre mascherine vi piacciano!<\/p>\n<p>&nbsp;<\/p>\n<p>&nbsp;<\/p>\n<hr \/>\n<blockquote>\n<h3>BELLUNO ALPINA: \u201cGRANDI EVENTI SULLE DUE RUOTE PER LANCIARE PREALPI 2022\u201d<\/h3>\n<\/blockquote>\n<p><strong><a class=\"dt-pswp-item\" href=\"https:\/\/www.radiopiu.net\/wordpress\/wp-content\/uploads\/2018\/07\/GoodRide-Nevegal-3.jpg\" data-dt-img-description=\"\" data-large_image_width=\"3485\" data-large_image_height=\"2323\"><img loading=\"lazy\" decoding=\"async\" class=\" wp-image-55271 alignleft\" src=\"https:\/\/www.radiopiu.net\/wordpress\/wp-content\/uploads\/2018\/07\/GoodRide-Nevegal-3-300x200.jpg\" alt=\"\" width=\"249\" height=\"166\" srcset=\"https:\/\/www.radiopiu.net\/wordpress\/wp-content\/uploads\/2018\/07\/GoodRide-Nevegal-3-300x200.jpg 300w, https:\/\/www.radiopiu.net\/wordpress\/wp-content\/uploads\/2018\/07\/GoodRide-Nevegal-3-768x512.jpg 768w, https:\/\/www.radiopiu.net\/wordpress\/wp-content\/uploads\/2018\/07\/GoodRide-Nevegal-3-1024x683.jpg 1024w\" sizes=\"auto, (max-width: 249px) 100vw, 249px\" \/><\/a>BELLUNO<\/strong> L\u2019associazione Belluno Alpina vuole \u201cfesteggiare\u201d i prossimi interventi nel comprensorio Quantin-Nevegal-Ronce-Valmorel riportando sul colle due grandi eventi classici delle due ruote<em>: \u201cFacciamo tornare i campionati di cross-country e di downhill sulle piste e nei boschi del comprensorio\u201d<\/em>, la proposta.\u00a0\u201c<em>Nei prossimi mesi si interverr\u00e0 per la sistemazione delle piste e, tramite la regione, si completer\u00e0 la strada silvopastorale tra Nevegal e Valmorel<\/em>\u201d, sottolinea il presidente Gimmy Dal Farra. \u201c<em>Quest\u2019ultimo scenario sarebbe perfetto per accogliere una gara di cross-country che si svolger\u00e0 tutta in quota a 1150 metri mentre tutti noi ci ricordiamo lo spettacolo delle discese delle Mountain bike lungo le piste del colle<\/em>\u201d.\u00a0Pronti a coinvolgere diversi esponenti della mountain bike bellunese: \u201c<em>Nella realizzazione di questi eventi coinvolgeremo chi gi\u00e0 si occupa di MTB nel comprensorio, come Marco De Col con la Dolomiti Bike Company, chiedendo anche la collaborazione di chi in questi anni grandi cose ha fatto per il settore, come Paolo Zanon che in Alpago ha portato gare e atleti di livello mondiale, e con questa collaborazione potremo anche allargare l\u2019area dell\u2019evento coinvolgendo anche l\u2019Alpago con una gara&#8221;.<\/em> C\u2019\u00e8 poi la provincia, che ha visto il consigliere Massimo Bortoluzzi mettersi a disposizione per il comprensorio<\/p>\n<p>&nbsp;<\/p>\n<p>&nbsp;<\/p>\n<hr \/>\n<div class=\"page-title-head hgroup\">\n<h3><\/h3>\n<blockquote>\n<h3>RIAPRONO I CENTRI DIURNI PER PERSONE CON DISABILITA&#8217;<\/h3>\n<\/blockquote>\n<div><strong><a class=\"dt-pswp-item\" href=\"https:\/\/www.radiopiu.net\/wordpress\/wp-content\/uploads\/2020\/06\/Centro-Diurno-scaled.jpg\" data-dt-img-description=\"\" data-large_image_width=\"2560\" data-large_image_height=\"1920\"><img loading=\"lazy\" decoding=\"async\" class=\" wp-image-143172 alignleft\" src=\"https:\/\/www.radiopiu.net\/wordpress\/wp-content\/uploads\/2020\/06\/Centro-Diurno-300x225.jpg\" alt=\"\" width=\"249\" height=\"187\" srcset=\"https:\/\/www.radiopiu.net\/wordpress\/wp-content\/uploads\/2020\/06\/Centro-Diurno-300x225.jpg 300w, https:\/\/www.radiopiu.net\/wordpress\/wp-content\/uploads\/2020\/06\/Centro-Diurno-1024x768.jpg 1024w, https:\/\/www.radiopiu.net\/wordpress\/wp-content\/uploads\/2020\/06\/Centro-Diurno-768x576.jpg 768w, https:\/\/www.radiopiu.net\/wordpress\/wp-content\/uploads\/2020\/06\/Centro-Diurno-1536x1152.jpg 1536w, https:\/\/www.radiopiu.net\/wordpress\/wp-content\/uploads\/2020\/06\/Centro-Diurno-2048x1536.jpg 2048w\" sizes=\"auto, (max-width: 249px) 100vw, 249px\" \/><\/a>AGORDO<\/strong> La cooperativa di via Lungardo ha riaperto i centri diurni di Agordo e Belluno e il Centro Infanzia Uno Due Tre. <em>\u201cEravamo pronti a partire gi\u00e0 a fine aprile quando ci eravamo attrezzati con un capannone esterno, riorganizzando tutti gli spazi per lavorare in sicurezza\u201d, spiega Federico Bristot presidente della Cooperativa. \u201cOggi finalmente abbiamo potuto accogliere gli utenti dei Centri e i bambini del Centro Infanzia, dando alle famiglie quel supporto indispensabile che per forza di cose \u00e8 mancato in questi mesi.\u201d<\/em><\/div>\n<div>\n<p dir=\"ltr\"><strong>I Centri Diurni <\/strong>\u00a0hanno riaperto a regime contingentato, riuscendo comunque ad accogliere tutti gli utenti che li frequentavano prima della quarantena. Il tampone \u00e8 stato effettuato sia agli utenti che ad operatori ed educatori e questi ultimi lo ripeteranno ogni 10 giorni. Societ\u00e0 Nuova ha provveduto ad organizzare gli utenti dividendoli in piccoli gruppi di massimo 5 persone, ognuno dei quali \u00e8 seguito da due operatori. <strong>Centro Infanzia Uno Due Tre <\/strong>di Nogar\u00e8 ha accolto I bambini dai 3 ai 6 anni, organizzando le entrate e scaglionando gli ingressi ogni 10 minuti <strong>\u00a0Centro Infanzia<\/strong>\u00a0 orari suddivisi in gruppi di cinque, per ognuno dei quali c\u2019\u00e8 un\u2019insegnante di riferimento, sempre la stessa, che li accoglie nella propria aula dedicata dove possono scegliere quale attivit\u00e0 svolgere. <em>\u201cAbbiamo mantenuto tutte le attivit\u00e0 di manipolazione e artistiche che i bambini possono svolgere in autonomia e con materiali facilmente igienizzabili\u201d spiega Alessia Gorgoglione, responsabile della struttura: \u201csiamo felici di aver ritrovato i nostri piccoli alunni e di aver letto la felicit\u00e0 anche nei loro volti. La novit\u00e0 non li ha colti impreparati e la loro serenit\u00e0 \u00e8 per noi insegnanti il miglior auspicio per un nuovo, bellissimo, inizio. Dalla prossima settimana potremo tornare ad accogliere anche i pi\u00f9 piccoli, fascia 0-3 anni\u201d.<\/em><\/p>\n<\/div>\n<p>&nbsp;<\/p>\n<hr \/>\n<p>&nbsp;<\/p>\n<h3 class=\"entry-title\">QUANDO I BAMBINI FANNO OHHHHHHHHH ANZI\u2026 QUANDO POSSONO FINALMENTE TORNARE FARE OHHHHHH<\/h3>\n<\/div>\n<blockquote>\n<h2><span style=\"color: #ff0000;\">CENTRO ESTIVO ALL&#8217;ASILO<\/span><\/h2>\n<p><strong><a class=\"dt-pswp-item\" href=\"https:\/\/www.radiopiu.net\/wordpress\/wp-content\/uploads\/2020\/06\/BAMBIN-I.jpg\" data-dt-img-description=\"\" data-large_image_width=\"960\" data-large_image_height=\"640\"><img loading=\"lazy\" decoding=\"async\" class=\"wp-image-143165 alignleft\" src=\"https:\/\/www.radiopiu.net\/wordpress\/wp-content\/uploads\/2020\/06\/BAMBIN-I-300x200.jpg\" alt=\"\" width=\"189\" height=\"126\" srcset=\"https:\/\/www.radiopiu.net\/wordpress\/wp-content\/uploads\/2020\/06\/BAMBIN-I-300x200.jpg 300w, https:\/\/www.radiopiu.net\/wordpress\/wp-content\/uploads\/2020\/06\/BAMBIN-I-768x512.jpg 768w, https:\/\/www.radiopiu.net\/wordpress\/wp-content\/uploads\/2020\/06\/BAMBIN-I.jpg 960w\" sizes=\"auto, (max-width: 189px) 100vw, 189px\" \/><\/a>AGORDO\u00a0<\/strong> La Scuola dell\u2019Infanzia \u201cMonsignor Luigi Cappello\u201d organizza il Centro Estivo per bambini da 3 a 5 anni da mercoledi 10 giugno\u00a0 a venerdi 7 agosto, dalle 7.30 alle 12.30 con mensa inclusa. Divertimento in sicurezza gli i bimbi che finalmente potranno ritrovarsi assieme per giocare nel pieno dell&#8217;esate. L\u2019organizzazione sar\u00e0 strutturata seguendo le linee guida della Regione Veneto. Per informazioni contattare la scuola allo 0437\/62261 durante la mattinata.<\/p><\/blockquote>\n<p>&nbsp;<\/p>\n<hr \/>\n<blockquote>\n<h3><\/h3>\n<h3>IL 15 GIUGNO AL VIA I CENTRI ESTIVI DI LONGARONE<\/h3>\n<\/blockquote>\n<p><strong><a class=\"dt-pswp-item\" href=\"https:\/\/www.radiopiu.net\/wordpress\/wp-content\/uploads\/2016\/05\/Poesie-bambini-estate-vacanze.jpg\" data-dt-img-description=\"\" data-large_image_width=\"588\" data-large_image_height=\"400\"><img loading=\"lazy\" decoding=\"async\" class=\"size-medium wp-image-19196 alignleft\" src=\"https:\/\/www.radiopiu.net\/wordpress\/wp-content\/uploads\/2016\/05\/Poesie-bambini-estate-vacanze-300x204.jpg\" alt=\"\" width=\"300\" height=\"204\" \/><\/a>LONGARONE\u00a0<\/strong>Il Centro Estivo 2020 di Longarone verr\u00e0 presentato ai genitori questa sera al Centro Culturale. Il Centro sar\u00e0 suddiviso, seguendo le linee guida della Regione Veneto per le varie fasce d&#8217;et\u00e0, in due luoghi distinti: per i bambini dai 3 ai 5 anni presso la Scuola materna di Fortogna, per i bambini dai 6 ai 13 anni proprio all\u2019interno del palasport. Tre le opzioni di adesione: mezza giornata (7.30-13.00), giornata intera (7.30-17.30) oppure mezza giornata plus (7.30-14.30) con pasto. \u201c<em>Siamo felici di esser riusciti in brevissimo tempo ad organizzare questo servizio indispensabile per le nostre famiglie \u2013 afferma l\u2019Assessore Sacchet &#8211; prevedendo anche un contributo da parte del Comune che al momento \u00e8 fissato in 12 mila euro, ma potr\u00e0 essere incrementato in base al numero dei bambini partecipanti<\/em>, l\u2019iniziativa riservata ai ragazzi dai 15 ai 17 anni, partir\u00e0 il 29 giugno per sei settimane<\/p>\n<p>&nbsp;<\/p>\n<p>&nbsp;<\/p>\n<hr \/>\n<p>&nbsp;<\/p>\n<div class=\"page-title-head hgroup\">\n<h3 class=\"entry-title\">SONO INIZIATI I LAVORI PER IL RIFACIMENTO DELLA PISTA DI ATLETICA ALLO ZUGNI TAURO<\/h3>\n<p><strong>FELTRE<\/strong> <span style=\"color: #1c2024;\"><span style=\"font-family: Times New Roman, serif;\"><span style=\"font-size: large;\">Sono iniziati, con la consegna del cantiere alla ditta appaltatrice, i lavori di rifacimento della pista di atletica dello stadio comunale \u201cZugni Tauro\u201d. L&#8217;appalto \u00e8 stato affidato alla ditta Sartori srl Impianti Sportivi di Casalserugo (PD), che ha gi\u00e0 avviato i lavori con la rimozione dell&#8217;attuale manto in gomma. La Direzione dei Lavori \u00e8 affidata all&#8217;arch. Bruno Sbalchiero di Vicenza. L\u2019intervento di rifacimento integrale della pista prevede, nello specifico: il lievo e lo smaltimento del manto Sportrack esistente; \u00a0la fresatura del tappetino in conglomerato bituminoso e il suo <a class=\"dt-pswp-item\" href=\"https:\/\/www.radiopiu.net\/wordpress\/wp-content\/uploads\/2020\/06\/d5b3a4ed-5a5d-42c0-8282-1a89c0a5293a.jpg\" data-dt-img-description=\"\" data-large_image_width=\"2000\" data-large_image_height=\"1500\"><img loading=\"lazy\" decoding=\"async\" class=\" wp-image-143195 alignleft\" src=\"https:\/\/www.radiopiu.net\/wordpress\/wp-content\/uploads\/2020\/06\/d5b3a4ed-5a5d-42c0-8282-1a89c0a5293a-300x225.jpg\" alt=\"\" width=\"183\" height=\"137\" srcset=\"https:\/\/www.radiopiu.net\/wordpress\/wp-content\/uploads\/2020\/06\/d5b3a4ed-5a5d-42c0-8282-1a89c0a5293a-300x225.jpg 300w, https:\/\/www.radiopiu.net\/wordpress\/wp-content\/uploads\/2020\/06\/d5b3a4ed-5a5d-42c0-8282-1a89c0a5293a-1024x768.jpg 1024w, https:\/\/www.radiopiu.net\/wordpress\/wp-content\/uploads\/2020\/06\/d5b3a4ed-5a5d-42c0-8282-1a89c0a5293a-768x576.jpg 768w, https:\/\/www.radiopiu.net\/wordpress\/wp-content\/uploads\/2020\/06\/d5b3a4ed-5a5d-42c0-8282-1a89c0a5293a-1536x1152.jpg 1536w, https:\/\/www.radiopiu.net\/wordpress\/wp-content\/uploads\/2020\/06\/d5b3a4ed-5a5d-42c0-8282-1a89c0a5293a.jpg 2000w\" sizes=\"auto, (max-width: 183px) 100vw, 183px\" \/><\/a>rifacimento; \u00a0la realizzazione ex-novo della superficie sintetica; \u00a0la messa a norma delle infrastrutture e della dotazione attrezzistica. A completamento delle opere verranno eseguite la segnaletica regolamentare, la targhettatura e la cordolatura in alluminio.\u00a0 L\u2019importo dell\u2019intervento ammonta complessivamente a circa 500 mila euro.<\/span><\/span><\/span><\/p>\n<p align=\"JUSTIFY\"><strong>L&#8217;ASSESSORE ADIS ZATTA<\/strong><\/p>\n<audio class=\"wp-audio-shortcode\" id=\"audio-143079-6\" preload=\"none\" style=\"width: 100%;\" controls=\"controls\"><source type=\"audio\/mpeg\" src=\"https:\/\/www.radiopiu.net\/wordpress\/wp-content\/uploads\/2020\/06\/Zatta-su-lavori-pista-di-atletica.mp3?_=6\" \/><a href=\"https:\/\/www.radiopiu.net\/wordpress\/wp-content\/uploads\/2020\/06\/Zatta-su-lavori-pista-di-atletica.mp3\">https:\/\/www.radiopiu.net\/wordpress\/wp-content\/uploads\/2020\/06\/Zatta-su-lavori-pista-di-atletica.mp3<\/a><\/audio>\n<p align=\"JUSTIFY\"><strong>CLAUDIO BIESUZ PRESIDENTE ATLETICA FELTRE<\/strong><\/p>\n<audio class=\"wp-audio-shortcode\" id=\"audio-143079-7\" preload=\"none\" style=\"width: 100%;\" controls=\"controls\"><source type=\"audio\/mpeg\" src=\"https:\/\/www.radiopiu.net\/wordpress\/wp-content\/uploads\/2020\/06\/Biesuz-Pres.-Atletica-Feltre.mp3?_=7\" \/><a href=\"https:\/\/www.radiopiu.net\/wordpress\/wp-content\/uploads\/2020\/06\/Biesuz-Pres.-Atletica-Feltre.mp3\">https:\/\/www.radiopiu.net\/wordpress\/wp-content\/uploads\/2020\/06\/Biesuz-Pres.-Atletica-Feltre.mp3<\/a><\/audio>\n<p>&nbsp;<\/p>\n<\/div>\n<p>&nbsp;<\/p>\n<hr \/>\n<p>&nbsp;<\/p>\n<p>&nbsp;<\/p>\n<blockquote class=\"wp-embedded-content\" data-secret=\"LRHWvoyl4G\"><p><a href=\"https:\/\/www.radiopiu.net\/wordpress\/nel-ricordo-di-don-gabriele-brunella-moro-recita-gisella-canzian\/\">NEL RICORDO DI DON GABRIELE BRUNELLA MORO RECITA GISELLA CANZIAN<\/a><\/p><\/blockquote>\n<p><iframe loading=\"lazy\" title=\"&#8220;NEL RICORDO DI DON GABRIELE BRUNELLA MORO RECITA GISELLA CANZIAN&#8221; &#8212; Radio Pi\u00f9\" class=\"wp-embedded-content\" sandbox=\"allow-scripts\" security=\"restricted\" style=\"position: absolute; clip: rect(1px, 1px, 1px, 1px);\" src=\"https:\/\/www.radiopiu.net\/wordpress\/nel-ricordo-di-don-gabriele-brunella-moro-recita-gisella-canzian\/embed\/#?secret=LRHWvoyl4G\" data-secret=\"LRHWvoyl4G\" width=\"600\" height=\"338\" frameborder=\"0\" marginwidth=\"0\" marginheight=\"0\" scrolling=\"no\"><\/iframe><\/p>\n<p>&nbsp;<\/p>\n<hr \/>\n<p>&nbsp;<\/p>\n<h2>IERI ALLA RADIO<\/h2>\n<h3><span style=\"color: #0000ff;\">007 IN CONDOTTA<\/span><\/h3>\n<blockquote class=\"wp-embedded-content\" data-secret=\"ZEaXV3B8TT\"><p><a href=\"https:\/\/www.radiopiu.net\/wordpress\/fine-anno-eccezionale\/\">Fine anno eccezionale<\/a><\/p><\/blockquote>\n<p><iframe loading=\"lazy\" title=\"&#8220;Fine anno eccezionale&#8221; &#8212; Radio Pi\u00f9\" class=\"wp-embedded-content\" sandbox=\"allow-scripts\" security=\"restricted\" style=\"position: absolute; clip: rect(1px, 1px, 1px, 1px);\" src=\"https:\/\/www.radiopiu.net\/wordpress\/fine-anno-eccezionale\/embed\/#?secret=ZEaXV3B8TT\" data-secret=\"ZEaXV3B8TT\" width=\"600\" height=\"338\" frameborder=\"0\" marginwidth=\"0\" marginheight=\"0\" scrolling=\"no\"><\/iframe><\/p>\n<p><strong>LE ALTRE PUNTATE<\/strong><\/p>\n<blockquote class=\"wp-embedded-content\" data-secret=\"MxEMI9Fjey\"><p><a href=\"https:\/\/www.radiopiu.net\/wordpress\/007incondotta-2-2\/\">007 in condotta<\/a><\/p><\/blockquote>\n<p><iframe loading=\"lazy\" title=\"&#8220;007 in condotta&#8221; &#8212; Radio Pi\u00f9\" class=\"wp-embedded-content\" sandbox=\"allow-scripts\" security=\"restricted\" style=\"position: absolute; clip: rect(1px, 1px, 1px, 1px);\" src=\"https:\/\/www.radiopiu.net\/wordpress\/007incondotta-2-2\/embed\/#?secret=MxEMI9Fjey\" data-secret=\"MxEMI9Fjey\" width=\"600\" height=\"338\" frameborder=\"0\" marginwidth=\"0\" marginheight=\"0\" scrolling=\"no\"><\/iframe><\/p>\n<h3><span style=\"color: #800080;\">\u00a0\u00a0<\/span><\/h3>\n<hr \/>\n<p>&nbsp;<\/p>\n<p>&nbsp;<\/p>\n<blockquote>\n<h2>RIVAMONTE, ROCCA PIETORE, SAN GREGORIO SAN NICOLO\u2019, SAN PIETRO E SANTA GIUSTINA di RENATO BONA<\/h2>\n<\/blockquote>\n<p><strong>BELLUNO<\/strong>\u00a0 Ed eccoci alla nona tappa del \u201cviaggio\u201d in ambito provinciale alla scoperta, almeno per noi, della storia in pillole dei 69 comuni della provincia di Belluno (oggi il numero \u00e8 ridotto per il passaggio di Sappada al Friuli e per l\u2019accorpamento di alcune realt\u00e0 territoriali vicine ed affini). \u201cSostiamo\u201d a Rivamonte Agordino, Rocca Pietore, San Gregorio nelle Alpi, San Nicol\u00f2 di Comelico, San Pietro di Cadore e Santa Giustina, sempre in rigoroso ordine alfabetico, e accompagnati per mano dai simboli delle singole realt\u00e0 comunali (con riproduzione degli stemmi &#8211; gli originali sono stati realizzati dallo scultore Massimo Facchin &#8211; che fanno bella mostra di s\u00e9 nella fontana di Piazza dei Martiri del capoluogo, e dagli stringati ma efficaci richiami storici opera dello scomparso giornalista de Il Gazzettino, Fiorello Zangrando). Ricordiamo che il tutto compare nel libretto \u201cI Comuni della Provincia di Belluno. Storia e simboli\u201d realizzato a cura dell\u2019assessorato all\u2019urbanistica del Comune di Belluno nel luglio 1990 in occasione dell\u2019inaugurazione dei <a class=\"dt-pswp-item\" href=\"https:\/\/www.radiopiu.net\/wordpress\/wp-content\/uploads\/2020\/06\/103904815_2692170714349930_5181306833194550219_n.jpg\" data-dt-img-description=\"\" data-large_image_width=\"1807\" data-large_image_height=\"1972\"><img loading=\"lazy\" decoding=\"async\" class=\"wp-image-143212 alignright\" src=\"https:\/\/www.radiopiu.net\/wordpress\/wp-content\/uploads\/2020\/06\/103904815_2692170714349930_5181306833194550219_n-275x300.jpg\" alt=\"\" width=\"133\" height=\"145\" srcset=\"https:\/\/www.radiopiu.net\/wordpress\/wp-content\/uploads\/2020\/06\/103904815_2692170714349930_5181306833194550219_n-275x300.jpg 275w, https:\/\/www.radiopiu.net\/wordpress\/wp-content\/uploads\/2020\/06\/103904815_2692170714349930_5181306833194550219_n-938x1024.jpg 938w, https:\/\/www.radiopiu.net\/wordpress\/wp-content\/uploads\/2020\/06\/103904815_2692170714349930_5181306833194550219_n-768x838.jpg 768w, https:\/\/www.radiopiu.net\/wordpress\/wp-content\/uploads\/2020\/06\/103904815_2692170714349930_5181306833194550219_n-1407x1536.jpg 1407w, https:\/\/www.radiopiu.net\/wordpress\/wp-content\/uploads\/2020\/06\/103904815_2692170714349930_5181306833194550219_n.jpg 1807w\" sizes=\"auto, (max-width: 133px) 100vw, 133px\" \/><\/a>lavori di sistemazione della Fontana.<strong> RIVAMONTE AGORDINO.<\/strong> Zangrando spiega: \u201cComplesso di villaggi situati a varia altezza sui fianchi orientali e meridionali del monte Armarolo, alcuni come Mont\u00e0s e Zenich ricordati in un documento del 1148. Rivamonte viene chiamato cos\u00ec dal 1867, prima \u00e8 soltanto Riva, fin dal 1209. La popolazione cresce in concomitanza con l\u2019impulso che lo Stato Veneto d\u00e0 alle miniere della valle Imperina, tanto che nel 1538 il Vescovo si preoccupa dei \u2018canoppi tedeschi\u2019 immigrati e protestanti. Nel 1618 Francesco Crotta che viene dalla Lombardia, scopre il masso piritico che si sfrutta fino all\u2019epoca attuale. Il paese si amplia, i tecnici locali sono ricercati anche altrove, Alla fine del Seicento Rivamonte conta 232 \u2018fogolari\u2019; nel 1754 gli abitanti toccano quota 1718 ma dopo i ribaltoni napoleonici scendono a 1300. Ha sacerdote proprio dal 1597. Sulla vetta del colle San Martino sorge nel primo medioevo il Castello Agordino con vicina un\u2019antichissima chiesa dedicata al patrono della diocesi\u201d.<strong><a class=\"dt-pswp-item\" href=\"https:\/\/www.radiopiu.net\/wordpress\/wp-content\/uploads\/2020\/06\/103076063_3694678010559034_395423382515757345_n.jpg\" data-dt-img-description=\"\" data-large_image_width=\"1823\" data-large_image_height=\"2048\"><img loading=\"lazy\" decoding=\"async\" class=\"wp-image-143213 alignleft\" src=\"https:\/\/www.radiopiu.net\/wordpress\/wp-content\/uploads\/2020\/06\/103076063_3694678010559034_395423382515757345_n-267x300.jpg\" alt=\"\" width=\"123\" height=\"138\" srcset=\"https:\/\/www.radiopiu.net\/wordpress\/wp-content\/uploads\/2020\/06\/103076063_3694678010559034_395423382515757345_n-267x300.jpg 267w, https:\/\/www.radiopiu.net\/wordpress\/wp-content\/uploads\/2020\/06\/103076063_3694678010559034_395423382515757345_n-912x1024.jpg 912w, https:\/\/www.radiopiu.net\/wordpress\/wp-content\/uploads\/2020\/06\/103076063_3694678010559034_395423382515757345_n-768x863.jpg 768w, https:\/\/www.radiopiu.net\/wordpress\/wp-content\/uploads\/2020\/06\/103076063_3694678010559034_395423382515757345_n-1367x1536.jpg 1367w, https:\/\/www.radiopiu.net\/wordpress\/wp-content\/uploads\/2020\/06\/103076063_3694678010559034_395423382515757345_n.jpg 1823w\" sizes=\"auto, (max-width: 123px) 100vw, 123px\" \/><\/a>ROCCA PIETORE<\/strong>. Cos\u00ec il giornalista bellunese: \u201cLa sua storia \u00e8 centrata sul castello che d\u00e0 la prima parte del nome al paese (la seconda deriva dal latino \u2018pectus\u2019: appezzamento di terreno a pascolo). Edificato attorno al Mille, muri ed edifici sono alla base della rupe su cui s\u2019innalza il torrione. Non ha n\u00e9 porte n\u00e9 scale, uomini e robe s\u2019innalzano con le funi. La prima notizia che riguarda il paese risale al 1148, quando Enrico di Pietore entra a far parte del consorzio degli agordini per la fondazione di una pubblica istituzione. Fin dal 1185 la rocca segue le sorti politiche di Agordo, poi il paese si erige a comune rurale, formando la Magnifica comunit\u00e0 della rocca. Ha intensi rapporti con Livinallongo e la Val di Fassa. Ai tempi del dominio degli Avoscano (1332-1349) Rocca cade sotto il loro potere, quindi torna a prestare giuramento a Belluno. Le leggi di Rocca durano fino a Napoleone. L\u2019impulso all\u2019industria turistica vien dato dalla costruzione nel 1967 della funivia della Marmolada che parte da Malga Ciapela\u201d. SAN <strong><a class=\"dt-pswp-item\" href=\"https:\/\/www.radiopiu.net\/wordpress\/wp-content\/uploads\/2020\/06\/103114174_255438298885323_3708238342162000874_n.jpg\" data-dt-img-description=\"\" data-large_image_width=\"1895\" data-large_image_height=\"2006\"><img loading=\"lazy\" decoding=\"async\" class=\"wp-image-143216 alignright\" src=\"https:\/\/www.radiopiu.net\/wordpress\/wp-content\/uploads\/2020\/06\/103114174_255438298885323_3708238342162000874_n-283x300.jpg\" alt=\"\" width=\"119\" height=\"126\" srcset=\"https:\/\/www.radiopiu.net\/wordpress\/wp-content\/uploads\/2020\/06\/103114174_255438298885323_3708238342162000874_n-283x300.jpg 283w, https:\/\/www.radiopiu.net\/wordpress\/wp-content\/uploads\/2020\/06\/103114174_255438298885323_3708238342162000874_n-967x1024.jpg 967w, https:\/\/www.radiopiu.net\/wordpress\/wp-content\/uploads\/2020\/06\/103114174_255438298885323_3708238342162000874_n-768x813.jpg 768w, https:\/\/www.radiopiu.net\/wordpress\/wp-content\/uploads\/2020\/06\/103114174_255438298885323_3708238342162000874_n-1451x1536.jpg 1451w, https:\/\/www.radiopiu.net\/wordpress\/wp-content\/uploads\/2020\/06\/103114174_255438298885323_3708238342162000874_n.jpg 1895w\" sizes=\"auto, (max-width: 119px) 100vw, 119px\" \/><\/a>GREGORIO NELLE ALP<\/strong>I. Ecco la sintetica storica: \u201cAlcuni toponimi indicherebbero presenze romane, come Fumach o Muiach, o Paderno. Attorno al Mille vi \u00e8 un incolato stabile a Paderno, in una bolla di papa Lucio III del 1135 si ricorda una cappella a San Gregorio. Il paese \u00e8 allora una decania di origine longobarda, che diviene prima Vicinia e poi Regola. A Paderno sorge un castello che viene distrutto tra il 1441 e 1442. Un atto di donazione collettiva \u00e8 stipulato sotto il portico della chiesa di San Gregorio nel 1452: un sacerdote e alcuni cittadini donano possedimenti al convento dei Battuti di Belluno. Diventa Comune nel 1816 quando si costituisce il distretto di Feltre. Le ville patrizie sorte nel Seicento e i dintorni sono meta di artisti nell\u2019800 e \u2018900 quando l\u2019economia \u00e8 caratterizzata dall\u2019emigrazione\u201d. <strong><a class=\"dt-pswp-item\" href=\"https:\/\/www.radiopiu.net\/wordpress\/wp-content\/uploads\/2020\/06\/103255306_1112945515745424_4618309028149177287_n.jpg\" data-dt-img-description=\"\" data-large_image_width=\"1866\" data-large_image_height=\"2048\"><img loading=\"lazy\" decoding=\"async\" class=\"wp-image-143214 alignleft\" src=\"https:\/\/www.radiopiu.net\/wordpress\/wp-content\/uploads\/2020\/06\/103255306_1112945515745424_4618309028149177287_n-273x300.jpg\" alt=\"\" width=\"118\" height=\"130\" srcset=\"https:\/\/www.radiopiu.net\/wordpress\/wp-content\/uploads\/2020\/06\/103255306_1112945515745424_4618309028149177287_n-273x300.jpg 273w, https:\/\/www.radiopiu.net\/wordpress\/wp-content\/uploads\/2020\/06\/103255306_1112945515745424_4618309028149177287_n-933x1024.jpg 933w, https:\/\/www.radiopiu.net\/wordpress\/wp-content\/uploads\/2020\/06\/103255306_1112945515745424_4618309028149177287_n-768x843.jpg 768w, https:\/\/www.radiopiu.net\/wordpress\/wp-content\/uploads\/2020\/06\/103255306_1112945515745424_4618309028149177287_n-1400x1536.jpg 1400w, https:\/\/www.radiopiu.net\/wordpress\/wp-content\/uploads\/2020\/06\/103255306_1112945515745424_4618309028149177287_n.jpg 1866w\" sizes=\"auto, (max-width: 118px) 100vw, 118px\" \/><\/a>SAN NICOLO\u2019 DI COMELICO.<\/strong> Secondo Fiorello Zangrando \u201cIl nome viene dal patrono della chiesa curaziale (affrescata nel 1482 da Gianfrancesco da Tolmezzo), nominata in un documento del 1199. Appena un secolo prima i levantini hanno trafugato dall\u2019Oriente il corpo del vescovo Nicola per trasportarlo a Bari. Pi\u00f9 antico \u00e8 l\u2019abitato di Gera, che ha origini da molini ed officine di fabbri-ferrai. Fino alla fine della Repubblica veneta vi prospera la lavorazione del metallo ricavato da Ferrera sul Longerin. Il paese ha Regola che nel 1402 si d\u00e0 i Laudi. Durante la guerra di Cambrai, nel 1508 in valle del Corno, che nel nome ricorda l\u2019episodio, un pastore suonando il suo innocente strumento fa fuggire i militi tedeschi, giunti a Candide e a Montecroce. Con il riordino napoleonico del 20 maggio 1797 e la divisione del Cadore in sei cantoni, uno ha sede a Campitello. Numerosi gli incendi: nel 1754 bruciano quasi tutte le case di Campitello, il 21 agosto 1705 un fulmine incenerisce parecchi abitati di Costa, il <a class=\"dt-pswp-item\" href=\"https:\/\/www.radiopiu.net\/wordpress\/wp-content\/uploads\/2020\/06\/103164706_680708122780020_6969417099633911366_n.jpg\" data-dt-img-description=\"\" data-large_image_width=\"1809\" data-large_image_height=\"2048\"><img loading=\"lazy\" decoding=\"async\" class=\"wp-image-143215 alignright\" src=\"https:\/\/www.radiopiu.net\/wordpress\/wp-content\/uploads\/2020\/06\/103164706_680708122780020_6969417099633911366_n-265x300.jpg\" alt=\"\" width=\"129\" height=\"146\" srcset=\"https:\/\/www.radiopiu.net\/wordpress\/wp-content\/uploads\/2020\/06\/103164706_680708122780020_6969417099633911366_n-265x300.jpg 265w, https:\/\/www.radiopiu.net\/wordpress\/wp-content\/uploads\/2020\/06\/103164706_680708122780020_6969417099633911366_n-905x1024.jpg 905w, https:\/\/www.radiopiu.net\/wordpress\/wp-content\/uploads\/2020\/06\/103164706_680708122780020_6969417099633911366_n-768x869.jpg 768w, https:\/\/www.radiopiu.net\/wordpress\/wp-content\/uploads\/2020\/06\/103164706_680708122780020_6969417099633911366_n-1357x1536.jpg 1357w, https:\/\/www.radiopiu.net\/wordpress\/wp-content\/uploads\/2020\/06\/103164706_680708122780020_6969417099633911366_n.jpg 1809w\" sizes=\"auto, (max-width: 129px) 100vw, 129px\" \/><\/a>22 agosto 1893 Costa \u00e8 ancora interessato dal fuoco\u201d. <strong>SAN PIETRO DI CADORE.<\/strong> Viene sottolineato che \u201cCome tutti i paesi del Comelico, San Pietro non \u00e8 anteriore al Mille. Col nome Colle esiste gi\u00e0 nel secolo dodicesimo. Diventa poi sede del centenaro d\u2019Oltrerino. Nel 1575 il notaio Vecellio di Tiziano copia i Laudi della Regola perch\u00e9 la pergamena originale \u00e8 divenuta illeggibile. Sotto la Repubblica veneta diventa potente la famiglia Poli, ricca per il commercio del legname. La borghesia di San Pietro gareggia con quella di Pieve e di Perarolo. Giacomo e Giovanni Poli nel 1663, mentre Venezia \u00e8 impegnata nella guerra per la difesa di Candia, le donano centomila ducati ricevendone in cambio la nobilt\u00e0 della Dominante. E\u2019 la famiglia che costruisce l\u2019omonimo palazzo ora municipio e chiama ad affrescarlo il pittore romano Girolamo Pellegrini. Il 21 novembre 1869 un incendio distrugge completamente Valle. L\u2019alluvione del 4 novembre 1966 produce ingenti danni a Presenaio e nella Val Visdende dove nel 1987 celebra la messa papa Wojtyla\u201d.<\/p>\n<p><strong>SANTA GIUSTINA BELLUNESE<\/strong> (nel libretto non compare la riproduzione dello stemma comunale). Ecco cosa scrive Zangrando: \u201cIscrizioni romane si trovano a Callibago e a Campo mentre Formegan fornisce tombe forse anteriori all\u2019era volgare. La costituzione della pieve di Formegan, per lungo tempo centro della vita religiosa e amministrativa, pu\u00f2 essere collocata nel secolo ottavo. Tra il 1200 e il 1300 essa passa a Ignan, dove esiste anche un \u2018chiericato\u2019, una specie di seminario. Acquista importanza anche Sanzan, situato sulla strada che collega Feltre con Belluno dov\u2019\u00e8 anche la \u2018villa del Grigheros\u2019 col traghetto per Mel. Il sito \u00e8 strategico se nel 1393 nella sua chiesa di San Lorenzo si riuniscono i capitoli di Feltre e Belluno per eleggere il vescovo Alberto da San Giorgio. Il Seicento e il Settecento portano notevole fioritura di ville (in una di esse nasce Bruno Villabruna, primo e unico ministro della Repubblica italiana, nel 1953 uscito dal Bellunese); l\u2019istituzione del Comune \u00e8 opera napoleonica. Santa Giustina \u00e8 ancora priva di stemma comunale\u201d.<\/p>\n<p>&nbsp;<\/p>\n<p>&nbsp;<\/p>\n<hr \/>\n<p>&nbsp;<\/p>\n<p>&nbsp;<\/p>\n<p><img loading=\"lazy\" decoding=\"async\" class=\"alignleft\" src=\"https:\/\/www.radiopiu.net\/wordpress\/wp-content\/uploads\/2020\/06\/83028209_559358591439383_2574980610762211328_o.jpg\" width=\"94\" height=\"133\" \/><\/p>\n<p>&nbsp;<\/p>\n<p><strong>DA ZERO PIU&#8217; UNO, L&#8217;INTERVISTA DI CLAUDIO FONTANIVE AD ANTONELLA SCHENA_FALCADE.<\/strong><\/p>\n<audio class=\"wp-audio-shortcode\" id=\"audio-143079-8\" preload=\"none\" style=\"width: 100%;\" controls=\"controls\"><source type=\"audio\/mpeg\" src=\"https:\/\/www.radiopiu.net\/wordpress\/wp-content\/uploads\/2020\/06\/antonella-schena-8-giugno.mp3?_=8\" \/><a href=\"https:\/\/www.radiopiu.net\/wordpress\/wp-content\/uploads\/2020\/06\/antonella-schena-8-giugno.mp3\">https:\/\/www.radiopiu.net\/wordpress\/wp-content\/uploads\/2020\/06\/antonella-schena-8-giugno.mp3<\/a><\/audio>\n<p>&nbsp;<\/p>\n<p>&nbsp;<\/p>\n<p>&nbsp;<\/p>\n<p>&nbsp;<\/p>\n<hr \/>\n<h3><span style=\"color: #800080;\">\u00a0<\/span><\/h3>\n<h3><span style=\"color: #800080;\">\u00a0I RACCONTI DI PAOLO SOPPELSA\u00a0<\/span><\/h3>\n<p><strong>&#8220;&#8230;EL D\u00ec DEI SECH&#8230;&#8221;<\/strong><\/p>\n<p><strong>AUDIO<\/strong><\/p>\n<audio class=\"wp-audio-shortcode\" id=\"audio-143079-9\" preload=\"none\" style=\"width: 100%;\" controls=\"controls\"><source type=\"audio\/mpeg\" src=\"https:\/\/www.radiopiu.net\/wordpress\/wp-content\/uploads\/2020\/06\/PAOLO-SOPPELSA-EL-DI-DEI-SECH.mp3?_=9\" \/><a href=\"https:\/\/www.radiopiu.net\/wordpress\/wp-content\/uploads\/2020\/06\/PAOLO-SOPPELSA-EL-DI-DEI-SECH.mp3\">https:\/\/www.radiopiu.net\/wordpress\/wp-content\/uploads\/2020\/06\/PAOLO-SOPPELSA-EL-DI-DEI-SECH.mp3<\/a><\/audio>\n<p>&nbsp;<\/p>\n<p><a class=\"dt-pswp-item\" href=\"https:\/\/www.radiopiu.net\/wordpress\/wp-content\/uploads\/2020\/06\/9b173109-51c0-4104-9739-c35a1d3f2cc3.jpg\" data-dt-img-description=\"\" data-large_image_width=\"960\" data-large_image_height=\"720\"><img loading=\"lazy\" decoding=\"async\" class=\"size-medium wp-image-143032 alignleft\" src=\"https:\/\/www.radiopiu.net\/wordpress\/wp-content\/uploads\/2020\/06\/9b173109-51c0-4104-9739-c35a1d3f2cc3-300x225.jpg\" alt=\"\" width=\"300\" height=\"225\" srcset=\"https:\/\/www.radiopiu.net\/wordpress\/wp-content\/uploads\/2020\/06\/9b173109-51c0-4104-9739-c35a1d3f2cc3-300x225.jpg 300w, https:\/\/www.radiopiu.net\/wordpress\/wp-content\/uploads\/2020\/06\/9b173109-51c0-4104-9739-c35a1d3f2cc3-768x576.jpg 768w, https:\/\/www.radiopiu.net\/wordpress\/wp-content\/uploads\/2020\/06\/9b173109-51c0-4104-9739-c35a1d3f2cc3.jpg 960w\" sizes=\"auto, (max-width: 300px) 100vw, 300px\" \/><\/a>Fine agosto 2008. L\u2019orologio del campanile di Cencenighe batte le quattro del mattino. Mi alzo senza problemi perch\u00e9 oggi \u00e8 un gran giorno. Il giorno del Troi dei Sech sul monte Pelsa. Sono anni che ce l\u2019ho in testa. Ne ho sempre sentito parlare, su internet in molti lo sconsigliano, soprattutto in discesa. La curiosit\u00e0 di percorrerlo \u00e8 tanta. Salir\u00f2 con mio padre, che del Pelsa conosce praticamente ogni angolo. Alle quattro e mezza parcheggiamo ai &#8220;Bastiegn&#8221; e dopo un quarto d\u2019ora siamo al Bricol. Diceva Mario Rigoni Stern che appena prima dell\u2019alba, le rocce, gli alberi e la natura in generale abbiano un fremito. Un brivido che possiamo sentire anche noi uomini. Ed aveva ragione, perch\u00e9 in quei momenti alla base del Pelsa ho potuto vivere questa emozione. Arriviamo veloci alla Roa Bianca e finalmente ci siamo. Qui inizia la vera salita. Guardo in alto e tutto sembra impercorribile. Per\u00f2 la traccia c\u2019\u00e8, ed anche qualche bollo rosso. Il sentiero \u00e8 veramente ripido e l\u2019esposizione \u00e8 attenuata dai mughi. In diversi passaggi bisogna mettere gi\u00f9 le mani, per\u00f2 \u00e8 fattibile. Meno drammatico di come immaginavo. L\u2019istinto mi fa tentare di salire pi\u00f9 veloce, ma appena provo ad accelerare mi pianto. Quass\u00f9 non si corre, il terreno \u00e8 troppo ripido ed impervio. Il panorama per\u00f2 \u00e8 splendido, Cencenighe \u00e8 sotto i nostri piedi. Man mano che ci alziamo posso ammirare i luoghi a me famigliari. Per\u00f2 al contrario stavolta. Mai come oggi ho l\u2019impressione di essere non su di una montagna, ma dentro alla montagna. Pap\u00e0 ha l\u2019andatura giusta per questo terreno, e lo conosce bene. Ed infatti saliamo sicuri e senza perdere la traccia. L\u2019arrivo al campanile di Pelsa \u00e8 spettacolare. Non abbiamo in programma di salire in cima, ma un giro sul sentiero sospeso lo voglio fare ugualmente. E\u2019 met\u00e0 mattina e mangiamo con calma in compagnia di un panorama impagabile. Qui, seduto sull&#8217;erba sotto il Mont&#8217;Alt di Pelsa, con tutta la Val del Biois davanti ai miei occhi, mi sento a casa. Anche San Tomaso si svela al nostro sguardo ammirato in tutto il suo essere paese appartato ma ricco di tesori. Poi ripartiamo lungo le banche che portano a Col Mandro. Questo tratto \u00e8 uno dei pi\u00f9 belli e selvaggi che abbia mai percorso sulle Dolomiti. Arrivati alla baita siamo stanchi, fa caldo e la strada \u00e8 ancora lunga. Entriamo nei cupi boschi del Pelsa e non parliamo quasi pi\u00f9 lungo la discesa. Giunti sopra Col\u00e0z pap\u00e0 mi insegna una delle sue scorciatoie, cos\u00ec arriviamo alla macchina senza ulteriori saliscendi. E\u2019 terminata un\u2019altra grande giornata e sono felice di essere riuscito a realizzare questo mio piccolo sogno. Ritorner\u00f2 ancora fra i mughi del Pelsa\u2026magiche Dolomiti!!!<\/p>\n<p><strong>LA RACCOLTA COMPLETA<\/strong><\/p>\n<blockquote class=\"wp-embedded-content\" data-secret=\"YNJLiB1l0I\"><p><a href=\"https:\/\/www.radiopiu.net\/wordpress\/i-racconti-di-paolo-soppelsa\/\">I racconti di Paolo Soppelsa<\/a><\/p><\/blockquote>\n<p><iframe loading=\"lazy\" title=\"&#8220;I racconti di Paolo Soppelsa&#8221; &#8212; Radio Pi\u00f9\" class=\"wp-embedded-content\" sandbox=\"allow-scripts\" security=\"restricted\" style=\"position: absolute; clip: rect(1px, 1px, 1px, 1px);\" src=\"https:\/\/www.radiopiu.net\/wordpress\/i-racconti-di-paolo-soppelsa\/embed\/#?secret=YNJLiB1l0I\" data-secret=\"YNJLiB1l0I\" width=\"600\" height=\"338\" frameborder=\"0\" marginwidth=\"0\" marginheight=\"0\" scrolling=\"no\"><\/iframe><\/p>\n<hr \/>\n<p>&nbsp;<\/p>\n<p>&nbsp;<\/p>\n<blockquote class=\"wp-embedded-content\" data-secret=\"d353t1Sj5x\"><p><a href=\"https:\/\/www.radiopiu.net\/wordpress\/santantonio-da-rivamonte-la-festa-religiosa\/\">SANT&#8217;ANTONIO DA RIVAMONTE, LA FESTA RELIGIOSA<\/a><\/p><\/blockquote>\n<p><iframe loading=\"lazy\" title=\"&#8220;SANT&#8217;ANTONIO DA RIVAMONTE, LA FESTA RELIGIOSA&#8221; &#8212; Radio Pi\u00f9\" class=\"wp-embedded-content\" sandbox=\"allow-scripts\" security=\"restricted\" style=\"position: absolute; clip: rect(1px, 1px, 1px, 1px);\" src=\"https:\/\/www.radiopiu.net\/wordpress\/santantonio-da-rivamonte-la-festa-religiosa\/embed\/#?secret=d353t1Sj5x\" data-secret=\"d353t1Sj5x\" width=\"600\" height=\"338\" frameborder=\"0\" marginwidth=\"0\" marginheight=\"0\" scrolling=\"no\"><\/iframe><\/p>\n<p>&nbsp;<\/p>\n<p>&nbsp;<\/p>\n<hr \/>\n<h3><span style=\"color: #ff0000;\">DUE MINUTI UN LIBRO<\/span><\/h3>\n<blockquote class=\"wp-embedded-content\" data-secret=\"BmNj0cRihG\"><p><a href=\"https:\/\/www.radiopiu.net\/wordpress\/dormi-stanotte-sul-mio-cuore\/\">Dormi stanotte sul mio cuore<\/a><\/p><\/blockquote>\n<p><iframe loading=\"lazy\" title=\"&#8220;Dormi stanotte sul mio cuore&#8221; &#8212; Radio Pi\u00f9\" class=\"wp-embedded-content\" sandbox=\"allow-scripts\" security=\"restricted\" style=\"position: absolute; clip: rect(1px, 1px, 1px, 1px);\" src=\"https:\/\/www.radiopiu.net\/wordpress\/dormi-stanotte-sul-mio-cuore\/embed\/#?secret=BmNj0cRihG\" data-secret=\"BmNj0cRihG\" width=\"600\" height=\"338\" frameborder=\"0\" marginwidth=\"0\" marginheight=\"0\" scrolling=\"no\"><\/iframe><\/p>\n<p><strong>LE ALTRE PUNTATE<\/strong><\/p>\n<blockquote class=\"wp-embedded-content\" data-secret=\"nI3A5lymQc\"><p><a href=\"https:\/\/www.radiopiu.net\/wordpress\/due-minuti-un-libro\/\">Due minuti un libro<\/a><\/p><\/blockquote>\n<p><iframe loading=\"lazy\" title=\"&#8220;Due minuti un libro&#8221; &#8212; Radio Pi\u00f9\" class=\"wp-embedded-content\" sandbox=\"allow-scripts\" security=\"restricted\" style=\"position: absolute; clip: rect(1px, 1px, 1px, 1px);\" src=\"https:\/\/www.radiopiu.net\/wordpress\/due-minuti-un-libro\/embed\/#?secret=nI3A5lymQc\" data-secret=\"nI3A5lymQc\" width=\"600\" height=\"338\" frameborder=\"0\" marginwidth=\"0\" marginheight=\"0\" scrolling=\"no\"><\/iframe><\/p>\n<h3><\/h3>\n<hr \/>\n<h3><\/h3>\n<h3><span style=\"color: #33cccc;\">SALUTE E SOCIETA&#8217;<\/span><\/h3>\n<blockquote class=\"wp-embedded-content\" data-secret=\"Cq9E1e2GuH\"><p><a href=\"https:\/\/www.radiopiu.net\/wordpress\/artrite-reumatoide-aerosolterapia-melanoma-carcinoma-prostatico\/\">Artrite reumatoide &#8211; Aerosolterapia &#8211; Melanoma &#8211; Carcinoma prostatico<\/a><\/p><\/blockquote>\n<p><iframe loading=\"lazy\" title=\"&#8220;Artrite reumatoide &#8211; Aerosolterapia &#8211; Melanoma &#8211; Carcinoma prostatico&#8221; &#8212; Radio Pi\u00f9\" class=\"wp-embedded-content\" sandbox=\"allow-scripts\" security=\"restricted\" style=\"position: absolute; clip: rect(1px, 1px, 1px, 1px);\" src=\"https:\/\/www.radiopiu.net\/wordpress\/artrite-reumatoide-aerosolterapia-melanoma-carcinoma-prostatico\/embed\/#?secret=Cq9E1e2GuH\" data-secret=\"Cq9E1e2GuH\" width=\"600\" height=\"338\" frameborder=\"0\" marginwidth=\"0\" marginheight=\"0\" scrolling=\"no\"><\/iframe><\/p>\n<p><strong>LE ALTRE PUNTATE<\/strong><\/p>\n<blockquote class=\"wp-embedded-content\" data-secret=\"eQ8MvvbQig\"><p><a href=\"https:\/\/www.radiopiu.net\/wordpress\/saluteesocieta\/\">Salute e Societ\u00e0<\/a><\/p><\/blockquote>\n<p><iframe loading=\"lazy\" title=\"&#8220;Salute e Societ\u00e0&#8221; &#8212; Radio Pi\u00f9\" class=\"wp-embedded-content\" sandbox=\"allow-scripts\" security=\"restricted\" style=\"position: absolute; clip: rect(1px, 1px, 1px, 1px);\" src=\"https:\/\/www.radiopiu.net\/wordpress\/saluteesocieta\/embed\/#?secret=eQ8MvvbQig\" data-secret=\"eQ8MvvbQig\" width=\"600\" height=\"338\" frameborder=\"0\" marginwidth=\"0\" marginheight=\"0\" scrolling=\"no\"><\/iframe><\/p>\n<h3><\/h3>\n<hr \/>\n<h3><\/h3>\n<h3><span style=\"color: #99cc00;\">AGORDINOMERON<\/span><\/h3>\n<blockquote class=\"wp-embedded-content\" data-secret=\"SYn02QrKml\"><p><a href=\"https:\/\/www.radiopiu.net\/wordpress\/agordinomeron\/\">AGORDINOMERON, IL TERRITORIO SI RACCONTA Da un&#8217;idea di Gianni Santomaso<\/a><\/p><\/blockquote>\n<p><iframe loading=\"lazy\" title=\"&#8220;AGORDINOMERON, IL TERRITORIO SI RACCONTA Da un&#8217;idea di Gianni Santomaso&#8221; &#8212; Radio Pi\u00f9\" class=\"wp-embedded-content\" sandbox=\"allow-scripts\" security=\"restricted\" style=\"position: absolute; clip: rect(1px, 1px, 1px, 1px);\" src=\"https:\/\/www.radiopiu.net\/wordpress\/agordinomeron\/embed\/#?secret=SYn02QrKml\" data-secret=\"SYn02QrKml\" width=\"600\" height=\"338\" frameborder=\"0\" marginwidth=\"0\" marginheight=\"0\" scrolling=\"no\"><\/iframe><\/p>\n<h3><\/h3>\n<hr \/>\n<h3><\/h3>\n<h3><span style=\"color: #666699;\">IL MESSAGGIO DEI SACERDOTI A RADIO PIU&#8217;<\/span><\/h3>\n<blockquote class=\"wp-embedded-content\" data-secret=\"PMYwrvpd42\"><p><a href=\"https:\/\/www.radiopiu.net\/wordpress\/chiesa\/\">DON CESARE  SU RADIO PIU&#8217; ALLE 7.30 E 19.30, PARROCCHIE DI AGORDO, LA VALLE E TAIBON<\/a><\/p><\/blockquote>\n<p><iframe loading=\"lazy\" title=\"&#8220;DON CESARE  SU RADIO PIU&#8217; ALLE 7.30 E 19.30, PARROCCHIE DI AGORDO, LA VALLE E TAIBON&#8221; &#8212; Radio Pi\u00f9\" class=\"wp-embedded-content\" sandbox=\"allow-scripts\" security=\"restricted\" style=\"position: absolute; clip: rect(1px, 1px, 1px, 1px);\" src=\"https:\/\/www.radiopiu.net\/wordpress\/chiesa\/embed\/#?secret=PMYwrvpd42\" data-secret=\"PMYwrvpd42\" width=\"600\" height=\"338\" frameborder=\"0\" marginwidth=\"0\" marginheight=\"0\" scrolling=\"no\"><\/iframe><\/p>\n<p>&nbsp;<\/p>\n<hr \/>\n<p>&nbsp;<\/p>\n<blockquote class=\"wp-embedded-content\" data-secret=\"EOcS0gQdXU\"><p><a href=\"https:\/\/www.radiopiu.net\/wordpress\/solidarieta-veneto\/\">Solidariet\u00e0 Veneto<\/a><\/p><\/blockquote>\n<p><iframe loading=\"lazy\" title=\"&#8220;Solidariet\u00e0 Veneto&#8221; &#8212; Radio Pi\u00f9\" class=\"wp-embedded-content\" sandbox=\"allow-scripts\" security=\"restricted\" style=\"position: absolute; clip: rect(1px, 1px, 1px, 1px);\" src=\"https:\/\/www.radiopiu.net\/wordpress\/solidarieta-veneto\/embed\/#?secret=EOcS0gQdXU\" data-secret=\"EOcS0gQdXU\" width=\"600\" height=\"338\" frameborder=\"0\" marginwidth=\"0\" marginheight=\"0\" scrolling=\"no\"><\/iframe><\/p>\n<p>&nbsp;<\/p>\n<hr \/>\n<p><strong class=\"photoswipe-wrapper\"><a class=\"dt-pswp-item pspw-wrap-ready\" href=\"https:\/\/i0.wp.com\/www.radiopiu.net\/wordpress\/wp-content\/uploads\/2018\/09\/viabilita.jpeg?ssl=1\" data-dt-img-description=\"\" data-large_image_width=\"800\" data-large_image_height=\"100\"><img loading=\"lazy\" decoding=\"async\" class=\"aligncenter wp-image-61954 size-full jetpack-lazy-image jetpack-lazy-image--handled\" src=\"https:\/\/i0.wp.com\/www.radiopiu.net\/wordpress\/wp-content\/uploads\/2018\/09\/viabilita.jpeg?resize=800%2C100&amp;ssl=1\" sizes=\"auto, (max-width: 800px) 100vw, 800px\" srcset=\"https:\/\/i0.wp.com\/www.radiopiu.net\/wordpress\/wp-content\/uploads\/2018\/09\/viabilita.jpeg?w=800&amp;ssl=1 800w, https:\/\/i0.wp.com\/www.radiopiu.net\/wordpress\/wp-content\/uploads\/2018\/09\/viabilita.jpeg?resize=300%2C38&amp;ssl=1 300w, https:\/\/i0.wp.com\/www.radiopiu.net\/wordpress\/wp-content\/uploads\/2018\/09\/viabilita.jpeg?resize=768%2C96&amp;ssl=1 768w\" alt=\"\" width=\"800\" height=\"100\" data-lazy-loaded=\"1\" \/><\/a><\/strong><\/p>\n<p><strong>\u00a0<\/strong><\/p>\n<blockquote><p><em><strong>PROVINCIALE 563 DI SALESEI, LIVINALLONGO: CHIUSURA.<\/strong><\/em><br \/>\n<em><strong>OGGI E DOMANI\u00a0 CHIUSURA TOTALE ALLA CIRCOLAZIONE STRADALE DALLE 8 ALLE 12 E DALLE 13 ALLE 17.30 IN LOCALITA\u2019 PIAN DI SALESEI PER RIMOZIONE MASSA ROCCIOSA A MONTE DELLA STRADA. NEGLI ALTRI ORARI SENSO UNICO ALTERNATO CON SEMAFORO<\/strong><\/em><\/p><\/blockquote>\n<p>&nbsp;<\/p>\n<p>PROVINCIALE 20 DELLA VAL FIORENTINA, SELVA DI CADORE: FINO AL 13 GIUGNO, CHIUSURA TOTALE TRA SOLATOR E IL CENTRO DEL PAESE ANCHE NEI GIORNI FESTIVI E PREFESTIVI, DAL CHILOMETRO 4.850 AL CHILOMETRO 5.100. TRANSITO CONSENTITO AI LOCALI CON TEMPI DI ATTESA MASSIMI STIMATI IN 30 MINUTI IN LOCALITA\u2019 SOLATOR DAL CHILOMETRO 4.400 AL CHILOMETRO 4.850<\/p>\n<p>REGIONALE 48 DELLE DOLOMITI, LOCALIT\u00c0 POCOL INIZIO ABITATO CORTINA,FINO\u00a0 AL 12 GIUGNO SEMAFORO PER TRATTI DI 250 METRI ANCHE NEI GIORNI FESTIVI E PREFESTIVI<\/p>\n<p>REGIONALE 203 AGORDINA FINO AL 15 GIUGNO IN LOCALIT\u00c0 LA MUDA DEVIAZIONE SU VIABILIT\u00c0 PROVVISORIA, PRUDENZA<\/p>\n<p>PROVINCIALE 12 PEDEMONTANA LOCALIT\u00c0 PONTE MAS, CHIUSURA TOTALE DI PONTE MAS FINO\u00a0 AL 30 GIUGNO<\/p>\n<p>STRADA REGIONALE 48 DELLE DOLOMITI, DAL KM 110,350 AL KM 112, SENSO UNICO ALTERNATO REGOLATO DA IMPIANTO SEMAFORICO ANCHE SABATO E FESTIVI FINO\u00a0 AL 30 GIUGNO PER POSA ELETTRODOTTO INTERRATO<\/p>\n<p>PROVINCIALE 563 DI SALESEI, FINO\u00a0 AL 3 LUGLIO, SENSO UNICO ALTERNATO REGOLATO DA IMPIANTO SEMAFORICO IN LOCALIT\u00c0 DIGONERA PER MESSA IN SICUREZZA PIANO VIABILE, SABATO E FESTIVI INCLUSI<\/p>\n<p>REGIONALE 203 AGORDINA, CANDATEN-LA STANGA, FINO\u00a0 AL 30 GIUGNO INCLUSI SABATO E DOMENICA DALLE 7.30 ALLE 9 E DALLE 16.30 ALLE 18 SENSO UNICO ALTERNATO CON MOVIERI, NEGLI ALTRI PERIODI SENSO UNICO CON SEMAFORO.<\/p>\n<p>PROVINCIALE 563 DI SALESEI, FINO AL\u00a0 19 GIUGNO, DOMENICHE E FESTIVI ESCLUSI, SENSO UNICO ALTERNATO REGOLATO DA IMPIANTO SEMAFORICO E POSSIBILI BREVI INTERRUZIONI AL TRAFFICO DI 15 MINUTI PER MESSA IN SICUREZZA VERSANTE A MONTE DELLA STRADA<\/p>\n<p>STRADA PROVINCIALE 346 DEL SAN PELLEGRINO, NEI COMUNI DI FALCADE, CANALE E VALLADA, FINO\u00a0 AL 3 LUGLIO, INCLUSI SABATI E DOMENICHE, POSSIBILE ISTITUZIONE DI SENSO UNICO ALTERNATO REGOLATO DA MOVIERI PER SOSTITUZIONE CONDUTTORI E MANUTENZIONE LINEA ELETTRICA ALTA TENSIONE<\/p>\n<p>REGIONALE 203 AGORDINA, NEL COMUNE DI CENCENIGHE, FINO\u00a0 AL 3 LUGLIO, INCLUSI SABATI E DOMENICHE, POSSIBILE ISTITUZIONE DI SENSO UNICO ALTERNATO REGOLATO DA MOVIERI PER SOSTITUZIONE CONDUTTORI E MANUTENZIONE LINEA ELETTRICA ALTA TENSIONE<\/p>\n<p>STRADA PROVINCIALE 422 DELL\u2019ALPAGO E DEL CANSIGLIO, FINO AL\u00a0 19 GIUGNO, DALLE 8 ALLE 19, SENSO UNICO ALTERNATO REGOLATO DA IMPIANTO SEMAFORICO O MOVIERE PER POSA FIBRA OTTICA<\/p>\n<p>STRADA PROVINCIALE 346 DEL SAN PELLEGRINO, NEL COMUNE DI VALLADA AGORDINA\u00a0 FINO AL\u00a0 19 GIUGNO SENSO UNICO ALTERNATO REGOLATO DA IMPIANTO SEMAFORICO PER MESSA IN SICUREZZA BARRIERE DI PROTEZIONE LATERALI<\/p>\n<p>STRADA REGIONA 203 AGORDINA, TRA MAS DI SEDICO E CERNADOI SU TRATTI SALTUARI DI STRADA, FINO\u00a0 AL 30 GIUGNO, ESCLUSO SABATO E DOMENICA, SENSO UNICO ALTERNATO REGOLATO DA IMPIANTO SEMAFORICO PER MESSA IN SICUREZZA BARRIERE DI PROTEZIONE LATERALI<\/p>\n<p>STRADA PROVINCIALE 347 DEL PASSO CEREDA E DURAN, NEL COMUNE DI GOSALDO (LOC. SANT\u2019ANDREA),\u00a0 FINO\u00a0 AL 20 GIUGNO SENSO UNICO ALTERNATO REGOLATO DA IMPIANTO SEMAFORICO PER MESSA IN SICUREZZA DELLA STRADA<\/p>\n<p>STRADA PROVINCIALE 347 DEL PASSO CEREDA E DURAN, NEL COMUNE DI AGORDO, FINO\u00a0 AL 12 GIUGNO SENSO UNICO ALTERNATO REGOLATO DA IMPIANTO SEMAFORICO PER POSA FIBRA OTTICA<\/p>\n<p>STRADA REGIONALE 48 DELLE DOLOMITI, NEL COMUNE DI LIVINALLONGO DEL COL DI LANA IN LOCALITA\u2019 ANDRAZ, FINO\u00a0 AL 30 GIUGNO SENSO UNICO ALTERNATO REGOLATO DA IMPIANTO SEMAFORICO O MOVIERE CON POSSIBILI BREVI INTERRUZIONI TOTALI AL TRAFFICO DELLA DURATA MASSIMA DI 10 MINUTI, PER LAVORI DI MESSA IN SICUREZZA DEL VERSANTE<\/p>\n<p>STRADA PROVINCIALE 641 DEL PASSO FEDAIA, A SOTTOGUDA DI ROCCA PIETORE,FINO\u00a0 AL 19 GIUGNO, DALLE 7 ALLE 12 E DALLE 13 ALLE 18 ESCLUSI SABATO E DOMENICA, SENSO UNICO ALTERNATO REGOLATO DA MOVIERI PER RIPRISTINO PIANO VIABILE SU CAVIDOTTO MEDIA TENSIONE.<\/p>\n<p>STRADA PROVINCIALE 347 DEL PASSO CEREDA E DURAN, COMUNE DI VAL DI ZOLDO LOCALITA\u2019 CORNIGIAN, FINO AL 10 GIUGNO DALLE 7 ALLE 18\u00a0SENSO UNICO ALTERNATO REGOLATO DA IMPIANTO SEMAFORICO PER RICERCHE GEOGNOSTICHE<\/p>\n<p>48 DELLE DOLOMITI, LOCALITA\u2019 ANDRAZ DI LIVINALLONGO, FINO\u00a0 AL 26 GIUGNO SENSO UNICO CON SEMAFORO<\/p>\n<p>&nbsp;<\/p>\n<hr \/>\n<p>&nbsp;<\/p>\n<p><a class=\"dt-pswp-item\" href=\"https:\/\/www.radiopiu.net\/wordpress\/wp-content\/uploads\/2018\/09\/sport.jpg\" data-dt-img-description=\"\" data-large_image_width=\"800\" data-large_image_height=\"100\"><img loading=\"lazy\" decoding=\"async\" class=\"aligncenter wp-image-60761 size-full\" src=\"https:\/\/www.radiopiu.net\/wordpress\/wp-content\/uploads\/2018\/09\/sport.jpg\" alt=\"\" width=\"800\" height=\"100\" srcset=\"https:\/\/www.radiopiu.net\/wordpress\/wp-content\/uploads\/2018\/09\/sport.jpg 800w, https:\/\/www.radiopiu.net\/wordpress\/wp-content\/uploads\/2018\/09\/sport-300x38.jpg 300w, https:\/\/www.radiopiu.net\/wordpress\/wp-content\/uploads\/2018\/09\/sport-768x96.jpg 768w\" sizes=\"auto, (max-width: 800px) 100vw, 800px\" \/><\/a><\/p>\n<p>&nbsp;<\/p>\n<blockquote>\n<h3>IL DOLOMITI RALLY SI FAR\u00c0 AD OTTOBRE<\/h3>\n<\/blockquote>\n<p><a class=\"dt-pswp-item\" href=\"https:\/\/www.radiopiu.net\/wordpress\/wp-content\/uploads\/2019\/05\/DOLOMITIRALLY2.jpg\" data-dt-img-description=\"\" data-large_image_width=\"4041\" data-large_image_height=\"2474\"><img loading=\"lazy\" decoding=\"async\" class=\"size-medium wp-image-86331 alignleft\" src=\"https:\/\/www.radiopiu.net\/wordpress\/wp-content\/uploads\/2019\/05\/DOLOMITIRALLY2-300x184.jpg\" alt=\"\" width=\"300\" height=\"184\" srcset=\"https:\/\/www.radiopiu.net\/wordpress\/wp-content\/uploads\/2019\/05\/DOLOMITIRALLY2-300x184.jpg 300w, https:\/\/www.radiopiu.net\/wordpress\/wp-content\/uploads\/2019\/05\/DOLOMITIRALLY2-768x470.jpg 768w, https:\/\/www.radiopiu.net\/wordpress\/wp-content\/uploads\/2019\/05\/DOLOMITIRALLY2-1024x627.jpg 1024w\" sizes=\"auto, (max-width: 300px) 100vw, 300px\" \/><\/a>di Roberto Bona<\/p>\n<audio class=\"wp-audio-shortcode\" id=\"audio-143079-10\" preload=\"none\" style=\"width: 100%;\" controls=\"controls\"><source type=\"audio\/mpeg\" src=\"https:\/\/www.radiopiu.net\/wordpress\/wp-content\/uploads\/2020\/06\/ROBERTO-BONA-DOLOMITI-RALLY.mp3?_=10\" \/><a href=\"https:\/\/www.radiopiu.net\/wordpress\/wp-content\/uploads\/2020\/06\/ROBERTO-BONA-DOLOMITI-RALLY.mp3\">https:\/\/www.radiopiu.net\/wordpress\/wp-content\/uploads\/2020\/06\/ROBERTO-BONA-DOLOMITI-RALLY.mp3<\/a><\/audio>\n<p>&nbsp;<\/p>\n<hr \/>\n<p>&nbsp;<\/p>\n<p class=\"photoswipe-wrapper\"><a class=\"dt-pswp-item pspw-wrap-ready\" href=\"https:\/\/i0.wp.com\/www.radiopiu.net\/wordpress\/wp-content\/uploads\/2018\/09\/WhatsApp-Image-2018-09-20-at-16.04.06.jpeg?ssl=1\" data-dt-img-description=\"\" data-large_image_width=\"800\" data-large_image_height=\"100\"><img loading=\"lazy\" decoding=\"async\" class=\"aligncenter wp-image-61378 size-full jetpack-lazy-image jetpack-lazy-image--handled\" src=\"https:\/\/i0.wp.com\/www.radiopiu.net\/wordpress\/wp-content\/uploads\/2018\/09\/WhatsApp-Image-2018-09-20-at-16.04.06.jpeg?resize=800%2C100&amp;ssl=1\" sizes=\"auto, (max-width: 800px) 100vw, 800px\" srcset=\"https:\/\/i0.wp.com\/www.radiopiu.net\/wordpress\/wp-content\/uploads\/2018\/09\/WhatsApp-Image-2018-09-20-at-16.04.06.jpeg?w=800&amp;ssl=1 800w, https:\/\/i0.wp.com\/www.radiopiu.net\/wordpress\/wp-content\/uploads\/2018\/09\/WhatsApp-Image-2018-09-20-at-16.04.06.jpeg?resize=300%2C38&amp;ssl=1 300w, https:\/\/i0.wp.com\/www.radiopiu.net\/wordpress\/wp-content\/uploads\/2018\/09\/WhatsApp-Image-2018-09-20-at-16.04.06.jpeg?resize=768%2C96&amp;ssl=1 768w\" alt=\"\" width=\"800\" height=\"100\" data-lazy-loaded=\"1\" \/><\/a><\/p>\n<p>&nbsp;<\/p>\n<p><center><b>Martedi 9<\/b><\/center><b>Tempo atteso:\u00a0<\/b>Nottetempo e al primo mattino cielo coperto, associato ad alta probabilit\u00e0 di precipitazioni. Da met\u00e0 mattinata in poi nuvolosit\u00e0 meno compatta e probabili schiarite. Nel contempo i fenomeni saranno sempre pi\u00f9 residui, specie sui rilievi pi\u00f9 a nord. Clima un po&#8217; meno uggioso, ma ancora fresco con contenuta escursione termica giornaliera.<br \/>\n<b>Precipitazioni:\u00a0<\/b>Probabilit\u00e0 alta di precipitazioni (90\/100%) tra la notte ed il primo mattino. I fenomeni saranno moderati nella notte, localmente forti sulle Prealpi e la pedemontana in caso di temporali. La neve notturna cadr\u00e0 sopra i 2700\/2800 m, senza escludere qualche sporadica imbiancata pi\u00f9 in basso. Al mattino le precipitazioni saranno meno frequenti e via via pi\u00f9 sparse (50\/70%), addirittura sporadiche per rovesci al pomeriggio (40\/50%) e pi\u00f9 probabili sulle Prealpi che non sulle Dolomiti.<br \/>\n<b>Temperature:\u00a0<\/b>Minime in generale leggera diminuzione, massime stazionarie in alta quot e in leggera ripresa nelle valli. Sono previste massime di 19\/20\u00b0C nei fondovalle prealpini e di 14\/16\u00b0C a 1000\/1200 m. Su Prealpi a 1500 m min 8\u00b0C max 11\u00b0C, a 2000 m min 5\u00b0C max 8\u00b0C. Su Dolomiti a 2000 m min 4\u00b0C max 7\u00b0C, a 3000 m min -1\u00b0C max 0\u00b0C.<br \/>\n<b>Venti:\u00a0<\/b>Deboli di direzione variabile nelle valli; deboli, a tratti moderati, da sud sud-est in quota, a 5-15 km\/h a 2000 m e 10-15 km\/h a 3000 m.<\/p>\n<hr \/>\n<p><center><b>Mercoledi 10<\/b><\/center><b>Tempo atteso:\u00a0<\/b>Ritorno di tratti soleggiati,anche ampi al mattino, mentre l&#8217;attivit\u00e0 cumuliforme si svilupper\u00e0 rapidamente e sar\u00e0 associata a nuovi fenomeni convettivi. Clima diurno un po&#8217; meno fresco nelle valli grazie al parziale ritorno del sole.<br \/>\n<b>Precipitazioni:\u00a0<\/b>Al mattino generalmente assenti, eccetto qualche sporadico rovescio entro le ore centrali sulle Prealpi. Al pomeriggio nuovi rovesci e locali temporali; il rischio sar\u00e0 maggiore sulle Prealpi (60\/80%) rispetto alle Dolomiti (50\/70%). Limite neve sopra i 2600\/2700 m. Gli apporti medi tra marted\u00ec e mercoled\u00ec saranno di 40\/50 mm\/48h, tuttavia, localmente potranno essere raggiunti massimi di 80\/100 mm nei settori maggiormente interessati dallo Stau e sopratutto da nuovi temporali tra Prealpi e pedemontana (notte tra luned\u00ec e marted\u00ec).<br \/>\n<b>Temperature:\u00a0<\/b>Minime in generale calo; massime in lieve ripresa nelle valli e in leggerissima diminuzione in alta quota. Su Prealpi a 1500 m min 7\u00b0C max 11\u00b0C, a 2000 m min 4\u00b0C max 8\u00b0C. Su Dolomiti a 2000 m min 3\u00b0C max 7\u00b0C, a 3000 m min -2\u00b0C max -1\u00b0C.<br \/>\n<b>Venti:\u00a0<\/b>Deboli di direzione variabile nelle valli; in quota deboli da sud-est al mattino e da nord-est al pomeriggio, a tratti anche moderati sulle dorsali prealpine, a 5-20 km\/h a 2000 e 10-15 km\/h a 3000 m.<\/p>\n<hr \/>\n<p><center><b>Giovedi 11<\/b><\/center>Situazione abbastanza simile a mercoled\u00ec, ma con maggiore soleggiamento e successiva attivit\u00e0 cumuliforme da moderata a localmente forte nelle ore pomeridiane, associata a qualche rovescio o singolo temporale convettivo, ma il rischio sar\u00e0 assai minore rispetto a mercoled\u00ec, specie sulle Dolomiti. Temperature minime in leggero calo e massime in ripresa grazie al maggiore soleggiamento. Venti deboli o molto deboli dai quadranti orientali in quota; nelle valli ritorno delle brezze da deboli a moderate.<\/p>\n<hr \/>\n<p><center><b>Venerdi 12<\/b><\/center>In prevalenza soleggiato con riduzione del soleggiamento al pomeriggio per modesta attivit\u00e0 cumuliforme sulle Dolomiti e moderata sulle Prealpi. Temperature minime in calo nelle valli e in rialzo in alta quota; massime in generale aumento. Venti deboli\/moderati a regime di brezza nelle valli, deboli occidentali in alta quota. Previsore: R.L.Th.<\/p>\n","protected":false},"excerpt":{"rendered":"<p>PER RICEVERE QUESTO NOTIZIARIO DIRETTAMENTE SUL TUO CELLULARE ISCRIVITI AL CANALE TELEGRAM\u00a0\u201cRADIO PIU\u00a0 INFORMAZIONE\u201d\u00a0 FOTO COPERTINA DALLA PAGINA FACEBOOK DI GIULIANO DAL MAS, VEDI ARTICOLO NEL NOTIZIARIO. PROVINCIALE 563 DI SALESEI, LIVINALLONGO: CHIUSURA. OGGI E DOMANI\u00a0 CHIUSURA TOTALE ALLA CIRCOLAZIONE STRADALE DALLE 8 ALLE 12 E DALLE 13 ALLE 17.30 IN LOCALITA\u2019 PIAN DI SALESEI&hellip;<\/p>\n","protected":false},"author":4,"featured_media":143256,"comment_status":"closed","ping_status":"closed","sticky":false,"template":"","format":"standard","meta":{"_monsterinsights_skip_tracking":false,"_monsterinsights_sitenote_active":false,"_monsterinsights_sitenote_note":"","_monsterinsights_sitenote_category":0,"footnotes":""},"categories":[1,86,49],"tags":[],"class_list":["post-143079","post","type-post","status-publish","format-standard","has-post-thumbnail","hentry","category-senza-categoria","category-gr","category-news-18","category-1","category-86","category-49","description-off"],"img_url":"https:\/\/www.radiopiu.net\/wordpress\/wp-content\/uploads\/2020\/06\/101828167_2980260778707382_593266156173787136_o.jpg","_links":{"self":[{"href":"https:\/\/www.radiopiu.net\/wordpress\/wp-json\/wp\/v2\/posts\/143079","targetHints":{"allow":["GET"]}}],"collection":[{"href":"https:\/\/www.radiopiu.net\/wordpress\/wp-json\/wp\/v2\/posts"}],"about":[{"href":"https:\/\/www.radiopiu.net\/wordpress\/wp-json\/wp\/v2\/types\/post"}],"author":[{"embeddable":true,"href":"https:\/\/www.radiopiu.net\/wordpress\/wp-json\/wp\/v2\/users\/4"}],"replies":[{"embeddable":true,"href":"https:\/\/www.radiopiu.net\/wordpress\/wp-json\/wp\/v2\/comments?post=143079"}],"version-history":[{"count":0,"href":"https:\/\/www.radiopiu.net\/wordpress\/wp-json\/wp\/v2\/posts\/143079\/revisions"}],"wp:featuredmedia":[{"embeddable":true,"href":"https:\/\/www.radiopiu.net\/wordpress\/wp-json\/wp\/v2\/media\/143256"}],"wp:attachment":[{"href":"https:\/\/www.radiopiu.net\/wordpress\/wp-json\/wp\/v2\/media?parent=143079"}],"wp:term":[{"taxonomy":"category","embeddable":true,"href":"https:\/\/www.radiopiu.net\/wordpress\/wp-json\/wp\/v2\/categories?post=143079"},{"taxonomy":"post_tag","embeddable":true,"href":"https:\/\/www.radiopiu.net\/wordpress\/wp-json\/wp\/v2\/tags?post=143079"}],"curies":[{"name":"wp","href":"https:\/\/api.w.org\/{rel}","templated":true}]}}