{"id":143171,"date":"2020-06-08T14:07:10","date_gmt":"2020-06-08T12:07:10","guid":{"rendered":"https:\/\/www.radiopiu.net\/wordpress\/?p=143171"},"modified":"2020-06-08T14:07:10","modified_gmt":"2020-06-08T12:07:10","slug":"riaprono-i-centri-diurni-per-persone-con-disabilita","status":"publish","type":"post","link":"https:\/\/www.radiopiu.net\/wordpress\/riaprono-i-centri-diurni-per-persone-con-disabilita\/","title":{"rendered":"RIAPRONO I CENTRI DIURNI PER PERSONE CON DISABILITA&#8217;"},"content":{"rendered":"<div><strong><a class=\"dt-pswp-item\" href=\"https:\/\/www.radiopiu.net\/wordpress\/wp-content\/uploads\/2020\/06\/Centro-Diurno-scaled.jpg\" data-dt-img-description=\"\" data-large_image_width=\"2560\" data-large_image_height=\"1920\"><img loading=\"lazy\" decoding=\"async\" class=\" wp-image-143172 alignleft\" src=\"https:\/\/www.radiopiu.net\/wordpress\/wp-content\/uploads\/2020\/06\/Centro-Diurno-300x225.jpg\" alt=\"\" width=\"249\" height=\"187\" srcset=\"https:\/\/www.radiopiu.net\/wordpress\/wp-content\/uploads\/2020\/06\/Centro-Diurno-300x225.jpg 300w, https:\/\/www.radiopiu.net\/wordpress\/wp-content\/uploads\/2020\/06\/Centro-Diurno-1024x768.jpg 1024w, https:\/\/www.radiopiu.net\/wordpress\/wp-content\/uploads\/2020\/06\/Centro-Diurno-768x576.jpg 768w, https:\/\/www.radiopiu.net\/wordpress\/wp-content\/uploads\/2020\/06\/Centro-Diurno-1536x1152.jpg 1536w, https:\/\/www.radiopiu.net\/wordpress\/wp-content\/uploads\/2020\/06\/Centro-Diurno-2048x1536.jpg 2048w\" sizes=\"auto, (max-width: 249px) 100vw, 249px\" \/><\/a>AGORDO<\/strong> La cooperativa di via Lungardo ha riaperto i centri diurni di Agordo e Belluno e il Centro Infanzia Uno Due Tre. <em>\u201cEravamo pronti a partire gi\u00e0 a fine aprile quando ci eravamo attrezzati con un capannone esterno, riorganizzando tutti gli spazi per lavorare in sicurezza\u201d, spiega Federico Bristot presidente della Cooperativa. \u201cOggi finalmente abbiamo potuto accogliere gli utenti dei Centri e i bambini del Centro Infanzia, dando alle famiglie quel supporto indispensabile che per forza di cose \u00e8 mancato in questi mesi.\u201d<\/em><\/div>\n<div>\n<p dir=\"ltr\"><strong>I Centri Diurni <\/strong>\u00a0hanno riaperto a regime contingentato, riuscendo comunque ad accogliere tutti gli utenti che li frequentavano prima della quarantena. Il tampone \u00e8 stato effettuato sia agli utenti che ad operatori ed educatori e questi ultimi lo ripeteranno ogni 10 giorni. Societ\u00e0 Nuova ha provveduto ad organizzare gli utenti dividendoli in piccoli gruppi di massimo 5 persone, ognuno dei quali \u00e8 seguito da due operatori. <strong>Centro Infanzia Uno Due Tre <\/strong>di Nogar\u00e8 ha accolto I bambini dai 3 ai 6 anni, organizzando le entrate e scaglionando gli ingressi ogni 10 minuti <strong>\u00a0Centro Infanzia<\/strong>\u00a0 orari suddivisi in gruppi di cinque, per ognuno dei quali c\u2019\u00e8 un\u2019insegnante di riferimento, sempre la stessa, che li accoglie nella propria aula dedicata dove possono scegliere quale attivit\u00e0 svolgere. <em>\u201cAbbiamo mantenuto tutte le attivit\u00e0 di manipolazione e artistiche che i bambini possono svolgere in autonomia e con materiali facilmente igienizzabili\u201d spiega Alessia Gorgoglione, responsabile della struttura: \u201csiamo felici di aver ritrovato i nostri piccoli alunni e di aver letto la felicit\u00e0 anche nei loro volti. La novit\u00e0 non li ha colti impreparati e la loro serenit\u00e0 \u00e8 per noi insegnanti il miglior auspicio per un nuovo, bellissimo, inizio. Dalla prossima settimana potremo tornare ad accogliere anche i pi\u00f9 piccoli, fascia 0-3 anni\u201d.<\/em><\/p>\n<\/div>\n","protected":false},"excerpt":{"rendered":"<p>AGORDO La cooperativa di via Lungardo ha riaperto i centri diurni di Agordo e Belluno e il Centro Infanzia Uno Due Tre. \u201cEravamo pronti a partire gi\u00e0 a fine aprile quando ci eravamo attrezzati con un capannone esterno, riorganizzando tutti gli spazi per lavorare in sicurezza\u201d, spiega Federico Bristot presidente della Cooperativa. \u201cOggi finalmente abbiamo&hellip;<\/p>\n","protected":false},"author":1,"featured_media":143173,"comment_status":"closed","ping_status":"closed","sticky":false,"template":"","format":"standard","meta":{"_monsterinsights_skip_tracking":false,"_monsterinsights_sitenote_active":false,"_monsterinsights_sitenote_note":"","_monsterinsights_sitenote_category":0,"footnotes":""},"categories":[49],"tags":[],"class_list":["post-143171","post","type-post","status-publish","format-standard","has-post-thumbnail","hentry","category-news-18","category-49","description-off"],"img_url":"https:\/\/www.radiopiu.net\/wordpress\/wp-content\/uploads\/2020\/06\/Centro-Infanzia.jpeg","_links":{"self":[{"href":"https:\/\/www.radiopiu.net\/wordpress\/wp-json\/wp\/v2\/posts\/143171","targetHints":{"allow":["GET"]}}],"collection":[{"href":"https:\/\/www.radiopiu.net\/wordpress\/wp-json\/wp\/v2\/posts"}],"about":[{"href":"https:\/\/www.radiopiu.net\/wordpress\/wp-json\/wp\/v2\/types\/post"}],"author":[{"embeddable":true,"href":"https:\/\/www.radiopiu.net\/wordpress\/wp-json\/wp\/v2\/users\/1"}],"replies":[{"embeddable":true,"href":"https:\/\/www.radiopiu.net\/wordpress\/wp-json\/wp\/v2\/comments?post=143171"}],"version-history":[{"count":0,"href":"https:\/\/www.radiopiu.net\/wordpress\/wp-json\/wp\/v2\/posts\/143171\/revisions"}],"wp:featuredmedia":[{"embeddable":true,"href":"https:\/\/www.radiopiu.net\/wordpress\/wp-json\/wp\/v2\/media\/143173"}],"wp:attachment":[{"href":"https:\/\/www.radiopiu.net\/wordpress\/wp-json\/wp\/v2\/media?parent=143171"}],"wp:term":[{"taxonomy":"category","embeddable":true,"href":"https:\/\/www.radiopiu.net\/wordpress\/wp-json\/wp\/v2\/categories?post=143171"},{"taxonomy":"post_tag","embeddable":true,"href":"https:\/\/www.radiopiu.net\/wordpress\/wp-json\/wp\/v2\/tags?post=143171"}],"curies":[{"name":"wp","href":"https:\/\/api.w.org\/{rel}","templated":true}]}}