{"id":143255,"date":"2020-06-09T05:53:10","date_gmt":"2020-06-09T03:53:10","guid":{"rendered":"https:\/\/www.radiopiu.net\/wordpress\/?p=143255"},"modified":"2020-06-09T06:09:00","modified_gmt":"2020-06-09T04:09:00","slug":"giuliano-dal-mas","status":"publish","type":"post","link":"https:\/\/www.radiopiu.net\/wordpress\/giuliano-dal-mas\/","title":{"rendered":"GIULIANO DAL MAS LANCIA L&#8217;ALLARME: FRANA LA  EX STRADA DEI CASTEI &#8220;SI INTERVENGA&#8221;"},"content":{"rendered":"<p><strong><a class=\"dt-pswp-item\" href=\"https:\/\/www.radiopiu.net\/wordpress\/wp-content\/uploads\/2020\/06\/101642527_2980261538707306_7083983723602903040_o.jpg\" data-dt-img-description=\"\" data-large_image_width=\"1248\" data-large_image_height=\"1888\"><img loading=\"lazy\" decoding=\"async\" class=\" wp-image-143258 alignleft\" src=\"https:\/\/www.radiopiu.net\/wordpress\/wp-content\/uploads\/2020\/06\/101642527_2980261538707306_7083983723602903040_o-198x300.jpg\" alt=\"\" width=\"144\" height=\"218\" srcset=\"https:\/\/www.radiopiu.net\/wordpress\/wp-content\/uploads\/2020\/06\/101642527_2980261538707306_7083983723602903040_o-198x300.jpg 198w, https:\/\/www.radiopiu.net\/wordpress\/wp-content\/uploads\/2020\/06\/101642527_2980261538707306_7083983723602903040_o-677x1024.jpg 677w, https:\/\/www.radiopiu.net\/wordpress\/wp-content\/uploads\/2020\/06\/101642527_2980261538707306_7083983723602903040_o-768x1162.jpg 768w, https:\/\/www.radiopiu.net\/wordpress\/wp-content\/uploads\/2020\/06\/101642527_2980261538707306_7083983723602903040_o-1015x1536.jpg 1015w, https:\/\/www.radiopiu.net\/wordpress\/wp-content\/uploads\/2020\/06\/101642527_2980261538707306_7083983723602903040_o.jpg 1248w\" sizes=\"auto, (max-width: 144px) 100vw, 144px\" \/><\/a>LA VALLE\u00a0<\/strong> Lo scrittore e alpinista Giuliano Dal Mas da sempre legato all&#8217;Agordino sulle sue pagine social ha realizzato un importante servizio fotografico che mette in evidenza lo stato in cui versa la ex 203 agordina oltre il Ponte dei Castei, La strada \u00e8 franata, \u00e8 vero che \u00e8 chiusa al transito dei veicoli fin dall&#8217;apertura della galleria ma \u00e8 altrettanto vero che \u00e8 il percorso preferito dei ciclisti che vogliono evitare il pericoloso tunnel, i suoi fiumi e le cascate d&#8217;acqua che vi scendono all&#8217;interno dopo i giorni di pioggia. E&#8217; altresi&#8217; vero che in caso di chiusura del tunnel per incidenti o altro l&#8217;Agordino rimarr\u00e0 isolato anche <a class=\"dt-pswp-item\" href=\"https:\/\/www.radiopiu.net\/wordpress\/wp-content\/uploads\/2020\/06\/101828167_2980260778707382_593266156173787136_o.jpg\" data-dt-img-description=\"\" data-large_image_width=\"958\" data-large_image_height=\"640\"><img loading=\"lazy\" decoding=\"async\" class=\" wp-image-143256 alignright\" src=\"https:\/\/www.radiopiu.net\/wordpress\/wp-content\/uploads\/2020\/06\/101828167_2980260778707382_593266156173787136_o-300x200.jpg\" alt=\"\" width=\"225\" height=\"150\" srcset=\"https:\/\/www.radiopiu.net\/wordpress\/wp-content\/uploads\/2020\/06\/101828167_2980260778707382_593266156173787136_o-300x200.jpg 300w, https:\/\/www.radiopiu.net\/wordpress\/wp-content\/uploads\/2020\/06\/101828167_2980260778707382_593266156173787136_o-768x513.jpg 768w, https:\/\/www.radiopiu.net\/wordpress\/wp-content\/uploads\/2020\/06\/101828167_2980260778707382_593266156173787136_o.jpg 958w\" sizes=\"auto, (max-width: 225px) 100vw, 225px\" \/><\/a>se fortunatamente c&#8217;\u00e8 sempre la provinciale del Mis per i veicoli leggeri che potr\u00e0 in parte risolvere i problemi. Giuliano Dal Mas si fa interprete degli agordini chiedendo cosa si intenda fare per questa zona fragile dove gli unici interessi <a class=\"dt-pswp-item\" href=\"https:\/\/www.radiopiu.net\/wordpress\/wp-content\/uploads\/2020\/06\/94881828_2891994307534030_9041097662081794048_n.jpg\" data-dt-img-description=\"\" data-large_image_width=\"160\" data-large_image_height=\"160\"><img loading=\"lazy\" decoding=\"async\" class=\"wp-image-143260 alignleft\" src=\"https:\/\/www.radiopiu.net\/wordpress\/wp-content\/uploads\/2020\/06\/94881828_2891994307534030_9041097662081794048_n.jpg\" alt=\"\" width=\"122\" height=\"122\" srcset=\"https:\/\/www.radiopiu.net\/wordpress\/wp-content\/uploads\/2020\/06\/94881828_2891994307534030_9041097662081794048_n.jpg 160w, https:\/\/www.radiopiu.net\/wordpress\/wp-content\/uploads\/2020\/06\/94881828_2891994307534030_9041097662081794048_n-150x150.jpg 150w\" sizes=\"auto, (max-width: 122px) 100vw, 122px\" \/><\/a>sembra siano legati allo sfruttamento delle acque per l&#8217;ennesima centralina. Altro che grandi progetti di piste ciclabili tra l&#8217;Agordino e la Val Belluna, qui si dimostra che non siamo nemmeno in grado di mantenere le ricchezze che abbiamo. <em>&#8220;Non lamentiamoci del Trentino e del Tirolo &#8211; dice Giuliano Dal Mas (foto)- da loro la strada, le fortificazioni sarebbero state valorizzate&#8221;. <\/em>Una ventata di cauto ottimismo dalle parole di Manuel Conedera <em>&#8220;So che ci sono progetti per recuperarla.. la strada. Come by-pass in caso di emergenza. Alla fine non viene valorizzata come localit\u00e0 ma come strada utile<\/em>&#8220;.<\/p>\n<p>ALTRE FOTO SULLA PAGINA FACEBOOK DI GIULIANO DAL MAS: <span style=\"color: #0000ff;\"><a style=\"color: #0000ff;\" href=\"https:\/\/www.facebook.com\/giuliano.dalmas.7\/media_set?set=a.2980258535374273&amp;type=3\">CLICCA QUI<\/a><\/span><\/p>\n<p>&nbsp;<\/p>\n<h3>POCHI GIORNI FA A RADIO PIU DI PAOLO SOPPELSA<\/h3>\n<p>&nbsp;<\/p>\n<p><a class=\"dt-pswp-item\" href=\"https:\/\/www.radiopiu.net\/wordpress\/wp-content\/uploads\/2020\/06\/7b98d619-78b6-4818-82d1-24eea6fa5179.jpg\" data-dt-img-description=\"\" data-large_image_width=\"960\" data-large_image_height=\"720\"><img loading=\"lazy\" decoding=\"async\" class=\" wp-image-141697 alignleft\" src=\"https:\/\/www.radiopiu.net\/wordpress\/wp-content\/uploads\/2020\/06\/7b98d619-78b6-4818-82d1-24eea6fa5179-300x225.jpg\" alt=\"\" width=\"215\" height=\"161\" srcset=\"https:\/\/www.radiopiu.net\/wordpress\/wp-content\/uploads\/2020\/06\/7b98d619-78b6-4818-82d1-24eea6fa5179-300x225.jpg 300w, https:\/\/www.radiopiu.net\/wordpress\/wp-content\/uploads\/2020\/06\/7b98d619-78b6-4818-82d1-24eea6fa5179-768x576.jpg 768w, https:\/\/www.radiopiu.net\/wordpress\/wp-content\/uploads\/2020\/06\/7b98d619-78b6-4818-82d1-24eea6fa5179.jpg 960w\" sizes=\"auto, (max-width: 215px) 100vw, 215px\" \/><\/a>Appena superata La Muda iniziavo ad annusare l\u2019aria dell\u2019Agordino. Superato il ponte del Torner mi aggrappavo al sedile e guardavo le gallerie del treno dall\u2019altra parte del Cordevole. Spesso chiedevo di quella ferrovia che mai avevo visto in funzione e sempre ricevevo una paziente spiegazione. Eppure continuava a sembrarmi impossibile che di l\u00e0 potesse essere passato un treno. Intanto la 127 color del cielo ringhiava rabbiosa lungo la salita dei Castei. Superavamo a bomba il dosso sotto i paravalanghe verdi ed in un attimo arrivavamo alla casa cantoniera. Frenata e scalata di una marcia ed imboccavamo quel ponte che per me era la vera &#8220;porta&#8221; d\u2019ingresso dell\u2019Agordino. Poi, alla fine del ponte, scalata in seconda e curva a sinistra in accelerazione. Che il rettilineo successivo era buono per fare i sorpassi. Ma d\u2019estate, quanto descritto fin qui non accadeva mai. Attraversare quella &#8220;porta&#8221; esigeva il pagamento di un prezzo salato: l\u2019ingorgo. Ed ecco allora che lungo la salita dei Castei si materializzava il pi\u00f9 terribile incubo automobilistico: la corriera. Non quella di linea, che gli autisti bellunesi passavano veloci nella gola, incuranti del baratro che si apriva a bordo strada. L\u2019incubo, preceduto da una nube nera di gasolio, era la corriera dei villeggianti. Che c\u2019era sempre. E cos\u00ec si saliva lungo la \u201criva\u201d a 30 km\/h, con la tenue speranza di non doversi fermare prima del ponte. Ed invece, al km 21.070 lo stop diventava una crudele certezza. E guardavo i passeggeri sulla corriera trattenere il fiato mentre l\u2019autista tentava di prendere una decisione. Il formarsi del temuto ingorgo era questione di attimi. Le ventole posteriori del pullman soffiavano aria calda nella 127 con i finestrini aperti. E cos\u00ec, oltre al caldo, saliva pure il nervosismo. Ed erano pacche sui sottili volanti in bachelite ed imprecazioni di vario tenore e genere, che cambiavano di tono in base al livello di fretta che avevano gli automobilisti. Intanto l\u2019autista della corriera iniziava un dialogo a colpi di fanali con la colonna ferma dall\u2019altra parte del ponte. Passo io, passi tu. E non passava nessuno. Momenti che parevano eterni, con il canto del Cordevole che veniva sovrastato da un concerto di clacson e trombe bitonali, mentre dai finestrini aperti delle auto ferme usciva fumo di sigarette fumate nervosamente. Solo i gerani rossi e bianchi posati sui davanzali della cantoniera ingentilivano quell\u2019ambiente divenuto rovente. Poi, quando l\u2019esaperazione era giunta a livello di guardia, accadeva il miracolo. L\u2019autista gettava il cuore oltre l\u2019ostacolo e dava inizio all\u2019ardita manovra. Osservavo lo sbracciarsi sull\u2019enorme volante di quel bus dotato di un preistorico servosterzo. Invadendo entrambe le corsie finalmente la corriera superava la curva di uscita del ponte. Pian piano il nervosismo calava e ricominciava la corsa lungo l\u2019Agordina. La fatidica \u201cporta\u201d era ormai superata e si correva sotto montagne che diventavano sempre pi\u00f9 alte e possenti. Un quarto d&#8217;ora e saremmo arrivati a \u201cCence\u201d. A continuare il sogno di un\u2019estate da trascorrere fra le Magiche Dolomiti!!<\/p>\n<p>&nbsp;<\/p>\n<blockquote class=\"wp-embedded-content\" data-secret=\"nKpg8BdmLT\"><p><a href=\"https:\/\/www.radiopiu.net\/wordpress\/i-racconti-di-paolo-soppelsa-docicesima-puntata\/\">I RACCONTI DI PAOLO SOPPELSA, DODICESIMA  PUNTATA<\/a><\/p><\/blockquote>\n<p><iframe loading=\"lazy\" title=\"&#8220;I RACCONTI DI PAOLO SOPPELSA, DODICESIMA  PUNTATA&#8221; &#8212; Radio Pi\u00f9\" class=\"wp-embedded-content\" sandbox=\"allow-scripts\" security=\"restricted\" style=\"position: absolute; clip: rect(1px, 1px, 1px, 1px);\" src=\"https:\/\/www.radiopiu.net\/wordpress\/i-racconti-di-paolo-soppelsa-docicesima-puntata\/embed\/#?secret=nKpg8BdmLT\" data-secret=\"nKpg8BdmLT\" width=\"600\" height=\"338\" frameborder=\"0\" marginwidth=\"0\" marginheight=\"0\" scrolling=\"no\"><\/iframe><\/p>\n","protected":false},"excerpt":{"rendered":"<p>LA VALLE\u00a0 Lo scrittore e alpinista Giuliano Dal Mas da sempre legato all&#8217;Agordino sulle sue pagine social ha realizzato un importante servizio fotografico che mette in evidenza lo stato in cui versa la ex 203 agordina oltre il Ponte dei Castei, La strada \u00e8 franata, \u00e8 vero che \u00e8 chiusa al transito dei veicoli fin&hellip;<\/p>\n","protected":false},"author":1,"featured_media":143257,"comment_status":"closed","ping_status":"closed","sticky":false,"template":"","format":"standard","meta":{"_monsterinsights_skip_tracking":false,"_monsterinsights_sitenote_active":false,"_monsterinsights_sitenote_note":"","_monsterinsights_sitenote_category":0,"footnotes":""},"categories":[51,49],"tags":[],"class_list":["post-143255","post","type-post","status-publish","format-standard","has-post-thumbnail","hentry","category-evidenza-top","category-news-18","category-51","category-49","description-off"],"img_url":"https:\/\/www.radiopiu.net\/wordpress\/wp-content\/uploads\/2020\/06\/102384531_2980260928707367_3939278372495949824_o.jpg","_links":{"self":[{"href":"https:\/\/www.radiopiu.net\/wordpress\/wp-json\/wp\/v2\/posts\/143255","targetHints":{"allow":["GET"]}}],"collection":[{"href":"https:\/\/www.radiopiu.net\/wordpress\/wp-json\/wp\/v2\/posts"}],"about":[{"href":"https:\/\/www.radiopiu.net\/wordpress\/wp-json\/wp\/v2\/types\/post"}],"author":[{"embeddable":true,"href":"https:\/\/www.radiopiu.net\/wordpress\/wp-json\/wp\/v2\/users\/1"}],"replies":[{"embeddable":true,"href":"https:\/\/www.radiopiu.net\/wordpress\/wp-json\/wp\/v2\/comments?post=143255"}],"version-history":[{"count":0,"href":"https:\/\/www.radiopiu.net\/wordpress\/wp-json\/wp\/v2\/posts\/143255\/revisions"}],"wp:featuredmedia":[{"embeddable":true,"href":"https:\/\/www.radiopiu.net\/wordpress\/wp-json\/wp\/v2\/media\/143257"}],"wp:attachment":[{"href":"https:\/\/www.radiopiu.net\/wordpress\/wp-json\/wp\/v2\/media?parent=143255"}],"wp:term":[{"taxonomy":"category","embeddable":true,"href":"https:\/\/www.radiopiu.net\/wordpress\/wp-json\/wp\/v2\/categories?post=143255"},{"taxonomy":"post_tag","embeddable":true,"href":"https:\/\/www.radiopiu.net\/wordpress\/wp-json\/wp\/v2\/tags?post=143255"}],"curies":[{"name":"wp","href":"https:\/\/api.w.org\/{rel}","templated":true}]}}