{"id":143305,"date":"2020-06-10T06:00:33","date_gmt":"2020-06-10T04:00:33","guid":{"rendered":"https:\/\/www.radiopiu.net\/wordpress\/?p=143305"},"modified":"2020-06-10T11:47:25","modified_gmt":"2020-06-10T09:47:25","slug":"giornale-radiopiu-10-giugno-2020-direttore-mirko-mezzacasa","status":"publish","type":"post","link":"https:\/\/www.radiopiu.net\/wordpress\/giornale-radiopiu-10-giugno-2020-direttore-mirko-mezzacasa\/","title":{"rendered":"GIORNALE RADIOPIU 10 GIUGNO 2020 DIRETTORE MIRKO MEZZACASA"},"content":{"rendered":"<h3><strong>PER RICEVERE QUESTO NOTIZIARIO DIRETTAMENTE SUL TUO CELLULARE ISCRIVITI AL CANALE TELEGRAM\u00a0<\/strong><strong>\u201cRADIO PIU\u00a0 INFORMAZIONE\u201d\u00a0<\/strong><\/h3>\n<p><strong><img loading=\"lazy\" decoding=\"async\" class=\"alignleft\" src=\"https:\/\/www.radiopiu.net\/wordpress\/wp-content\/uploads\/2019\/02\/simulazione.jpg\" width=\"237\" height=\"158\" \/><\/strong>16 giugno scadenza IMU:\u00a0 in 15 Comuni dell&#8217;Agordino slitta automaticamente il pagamento al 31 dicembre senza sanzioni o interessi di mora, per chi lo desidera senza necessit\u00e0 di comunicarlo agli uffici dell&#8217;Unione Montana delegati dai Comuni per la riscossione.<\/p>\n<blockquote><p>Non cosi&#8217; ad Agordo dove la scadenza rimane fissata al 16 giugno ma come precisa l&#8217;assessore Claudio Sito se qualcuno si trovasse in difficolt\u00e0 puo&#8217; chiedere il posticipo del pagamento a fine anno, ma prima dovr\u00e0 concordarlo in Municipio.<\/p>\n<p><strong>CLAUDIO SITO, ASSESSORE COMUNALE AD AGORDO<\/strong><\/p><\/blockquote>\n<audio class=\"wp-audio-shortcode\" id=\"audio-143305-1\" preload=\"none\" style=\"width: 100%;\" controls=\"controls\"><source type=\"audio\/mpeg\" src=\"https:\/\/www.radiopiu.net\/wordpress\/wp-content\/uploads\/2020\/06\/sito.mp3?_=1\" \/><a href=\"https:\/\/www.radiopiu.net\/wordpress\/wp-content\/uploads\/2020\/06\/sito.mp3\">https:\/\/www.radiopiu.net\/wordpress\/wp-content\/uploads\/2020\/06\/sito.mp3<\/a><\/audio>\n<blockquote><p><span style=\"color: #ff0000;\">PRECEDENTE ARTICOLO 31 MAGGIO CON LE DICHIARAZIONI DEL PRESIDENTE MICHELE COSTA<\/span><\/p>\n<p><strong>AGORDO<\/strong>\u00a0Si avvicina la stagione delle imposte sulla casa. Quest\u2019anno non ci sar\u00e0 la Tasi 2020, cancellata dalla legge di bilancio, ma \u00e8 gi\u00e0 cominciato il conto alla rovescia per l\u2019Imu,\u00a0 pagamento dell\u2019acconto Imu 2020 \u00e8 previsto per il 16 giugno e il saldo per il 16 dicembre.\u00a0<strong>PROROGA IMU<\/strong>\u00a0Saranno i Comuni a decidere\u00a0 se prorogare la scadenza dell\u2019acconto a fine settembre, lo ha deciso il governo romano con apposito decreto rilancio.\u00a0 E\u2019 quanto contenuto in una nota dell\u2019Ifel del 21 maggio. L\u2019Istituto per la Finanza e l\u2019Economia Locale dell\u2019Anci ha posto come possibile data del rinvio del pagamento dell\u2019IMU il 30 settembre, senza sanzioni e interessi. A decidere dunque saranno i Comuni: la proroga per\u00f2 \u00e8 da intendersi solo per chi ha sub\u00ecto danni economici a causa dell\u2019emergenza sanitaria. Per tutti gli altri, invece, la data di scadenza dell\u2019IMU rimane il 16 giugno.I contribuenti per\u00f2 dovranno dimostrare di aver avuto difficolt\u00e0 economiche, tramite una comunicazione al Comune.<strong>\u00a0Nell\u2019Agordino<\/strong>\u00a0insistono due situazioni, infatti 15 sindaci su 16 hanno delegato l\u2019Unione Montana alla riscossione.<\/p>\n<p><em>\u201cAbbiamo gi\u00e0 inviato i bollettini\u00a0 \u2013 spiega il presidente dell\u2019Unione Montana Michele Costa-\u00a0 abbiamo anche inserito nella corrispondenza una postilla: la possibilit\u00e0 di pagare la tassa non il 16 giugno ma entro la fine dell\u2019anno solare senza sanzioni o interessi di mora\u201d.\u00a0<\/em>\u00a0<strong>Agordo<\/strong>\u00a0da tempo ha scelto di non delegare l\u2019Unione Montana per la riscossione ma andare per conto proprio e anche in questo caso decide Palazzo Marconi.\u00a0<em>\u201cAnche noi \u2013 spiega l\u2019assessore Claudio Sito \u2013 abbiamo gi\u00e0 inviato i bollettini di pagamento in scadenza il 16 giugno. In ogni modo per chi avesse difficolt\u00e0 \u00e8 sufficiente si mette in contatto con gli uffici comunali per concordare la proroga del pagamento\u201d<\/em><\/p>\n<blockquote><p><em>L\u2019Imu \u00e8 una tassa che in parte va direttamente a Roma e in parte ai Comuni.<\/em><\/p><\/blockquote>\n<\/blockquote>\n<h2>DAL MINISTERO DELL&#8217;ECONOMIA<\/h2>\n<p>La Risoluzione fornisce alcuni chiarimenti sulla possibilit\u00e0 per i comuni di differire autonomamente i termini di versamento dei tributi locali di propria competenza e le\u00a0 modalit\u00e0 con cui pu\u00f2 essere esercitata tale facolt\u00e0.<br \/>\nIn particolare, viene precisato che \u00e8 possibile il ricorso alla delibera di Giunta, sicuramente giustificato dalla situazione emergenziale in atto, con la precisazione per\u00f2 che tale provvedimento dovr\u00e0 essere successivamente oggetto di espressa ratifica da parte del Consiglio Comunale. Viene altres\u00ec evidenziato che la quota IMU riservata allo Stato \u00e8 sottratta alla disponibilit\u00e0 dei Comuni.<\/p>\n<blockquote class=\"wp-embedded-content\" data-secret=\"Ffbqq6DgmX\"><p><a href=\"https:\/\/www.radiopiu.net\/wordpress\/16-giugno-scadenza-imu-2020-in-15-comuni-su-16-posticipo-automatico-per-tutti-ad-agordo-per-i-casi-in-difficolta-previo-accordo-con-il-comune\/\">16 GIUGNO, SCADENZA IMU 2020 IN 15 COMUNI SU 16 POSTICIPO AUTOMATICO PER TUTTI, AD AGORDO PER I CASI IN DIFFICOLTA&#8217; PREVIO ACCORDO CON IL COMUNE<\/a><\/p><\/blockquote>\n<p><iframe loading=\"lazy\" title=\"&#8220;16 GIUGNO, SCADENZA IMU 2020 IN 15 COMUNI SU 16 POSTICIPO AUTOMATICO PER TUTTI, AD AGORDO PER I CASI IN DIFFICOLTA&#8217; PREVIO ACCORDO CON IL COMUNE&#8221; &#8212; Radio Pi\u00f9\" class=\"wp-embedded-content\" sandbox=\"allow-scripts\" security=\"restricted\" style=\"position: absolute; clip: rect(1px, 1px, 1px, 1px);\" src=\"https:\/\/www.radiopiu.net\/wordpress\/16-giugno-scadenza-imu-2020-in-15-comuni-su-16-posticipo-automatico-per-tutti-ad-agordo-per-i-casi-in-difficolta-previo-accordo-con-il-comune\/embed\/#?secret=Ffbqq6DgmX\" data-secret=\"Ffbqq6DgmX\" width=\"600\" height=\"338\" frameborder=\"0\" marginwidth=\"0\" marginheight=\"0\" scrolling=\"no\"><\/iframe><\/p>\n<p>&nbsp;<\/p>\n<p>&nbsp;<\/p>\n<p>&nbsp;<\/p>\n<blockquote class=\"wp-embedded-content\" data-secret=\"4mxVQGuywU\"><p><a href=\"https:\/\/www.radiopiu.net\/wordpress\/strada-frana-questa-notte-sulla-563-a-rocca-pietore-riaperta\/\">frana  sulla 563 a ROCCA PIETORE. riaperta<\/a><\/p><\/blockquote>\n<p><iframe loading=\"lazy\" title=\"&#8220;frana  sulla 563 a ROCCA PIETORE. riaperta&#8221; &#8212; Radio Pi\u00f9\" class=\"wp-embedded-content\" sandbox=\"allow-scripts\" security=\"restricted\" style=\"position: absolute; clip: rect(1px, 1px, 1px, 1px);\" src=\"https:\/\/www.radiopiu.net\/wordpress\/strada-frana-questa-notte-sulla-563-a-rocca-pietore-riaperta\/embed\/#?secret=4mxVQGuywU\" data-secret=\"4mxVQGuywU\" width=\"600\" height=\"338\" frameborder=\"0\" marginwidth=\"0\" marginheight=\"0\" scrolling=\"no\"><\/iframe><\/p>\n<p>&nbsp;<\/p>\n<h3>\u00a0LA FOTO DEL GIORNO, DI GIULIANO DAL MAS ALPINISTA E SCRITTORE &#8221; Speriamo che lo S&#8217;ciara guardi gi\u00f9&#8221;.<br \/>\n<a class=\"dt-pswp-item\" href=\"https:\/\/www.radiopiu.net\/wordpress\/wp-content\/uploads\/2020\/06\/103525016_857278704795179_6710215365888397183_n.jpg\" data-dt-img-description=\"\" data-large_image_width=\"641\" data-large_image_height=\"960\"><img loading=\"lazy\" decoding=\"async\" class=\"alignnone size-medium wp-image-143474\" src=\"https:\/\/www.radiopiu.net\/wordpress\/wp-content\/uploads\/2020\/06\/103525016_857278704795179_6710215365888397183_n-200x300.jpg\" alt=\"\" width=\"200\" height=\"300\" srcset=\"https:\/\/www.radiopiu.net\/wordpress\/wp-content\/uploads\/2020\/06\/103525016_857278704795179_6710215365888397183_n-200x300.jpg 200w, https:\/\/www.radiopiu.net\/wordpress\/wp-content\/uploads\/2020\/06\/103525016_857278704795179_6710215365888397183_n.jpg 641w\" sizes=\"auto, (max-width: 200px) 100vw, 200px\" \/><\/a><\/h3>\n<p>&nbsp;<\/p>\n<p>&nbsp;<\/p>\n<hr \/>\n<p><em><strong>PROVINCIALE 563 DI SALESEI, LIVINALLONGO: CHIUSURA.<\/strong><\/em><br \/>\n<em><strong>OGGI CHIUSURA TOTALE ALLA CIRCOLAZIONE STRADALE DALLE 8 ALLE 12 E DALLE 13 ALLE 17.30 IN LOCALITA\u2019 PIAN DI SALESEI PER RIMOZIONE MASSA ROCCIOSA A MONTE DELLA STRADA. NEGLI ALTRI ORARI SENSO UNICO ALTERNATO CON SEMAFORO<\/strong><\/em><\/p>\n<hr \/>\n<p>&nbsp;<\/p>\n<div class=\"page-title-head hgroup\">\n<blockquote>\n<h3 class=\"entry-title\">LA FOTO: UN VORTICE SUL LAGO DI SANTA CROCE<\/h3>\n<\/blockquote>\n<\/div>\n<div class=\"page-title-breadcrumbs\">\n<p><strong>ALPAGO<\/strong>\u00a0Ci scrive Renato<em>\u00a0\u201cIeri sera sul lago di Santa croce si \u00e8 formato un vortice. La foto l\u2019ha fatta un\u2019amica di mia moglie, pensava che fosse una tromba d\u2019aria ma poi si \u00e8 smorzato quasi subito\u201d<\/em><\/p>\n<p class=\"photoswipe-wrapper\"><a class=\"dt-pswp-item pspw-wrap-ready\" href=\"https:\/\/i1.wp.com\/www.radiopiu.net\/wordpress\/wp-content\/uploads\/2020\/06\/1ffd9ba1-e4d5-4221-a3ef-153778c1672e.jpg?ssl=1\" data-dt-img-description=\"\" data-large_image_width=\"320\" data-large_image_height=\"240\"><img loading=\"lazy\" decoding=\"async\" class=\"alignnone wp-image-143311 jetpack-lazy-image jetpack-lazy-image--handled\" src=\"https:\/\/i1.wp.com\/www.radiopiu.net\/wordpress\/wp-content\/uploads\/2020\/06\/1ffd9ba1-e4d5-4221-a3ef-153778c1672e.jpg?resize=701%2C526&amp;ssl=1\" sizes=\"auto, (max-width: 701px) 100vw, 701px\" srcset=\"https:\/\/i1.wp.com\/www.radiopiu.net\/wordpress\/wp-content\/uploads\/2020\/06\/1ffd9ba1-e4d5-4221-a3ef-153778c1672e.jpg?w=320&amp;ssl=1 320w, https:\/\/i1.wp.com\/www.radiopiu.net\/wordpress\/wp-content\/uploads\/2020\/06\/1ffd9ba1-e4d5-4221-a3ef-153778c1672e.jpg?resize=300%2C225&amp;ssl=1 300w\" alt=\"\" width=\"701\" height=\"526\" data-recalc-dims=\"1\" data-lazy-loaded=\"1\" \/><\/a><\/p>\n<p>&nbsp;<\/p>\n<hr \/>\n<p>&nbsp;<\/p>\n<p><span style=\"color: #ff0000;\"><strong>MALTEMPO<\/strong><\/span>: Forte acquazzone ieri sera alle 23 in Valbelluna. A Belluno zona Mussoi intervento dei vigili del fuoco sul tetto di un condominio al quinto piano probabilmente centrato da un fulmine e rimasto al buio dopo un forte botto.<\/p>\n<p>&nbsp;<\/p>\n<hr \/>\n<p>&nbsp;<\/p>\n<blockquote>\n<h3>UN NUOVO ATTACCO INFORMATICO SFRUTTA L\u2019APP \u201cIMMUNI\u201d<\/h3>\n<\/blockquote>\n<p><a class=\"dt-pswp-item\" href=\"https:\/\/www.radiopiu.net\/wordpress\/wp-content\/uploads\/2020\/06\/APP-CELLULARE.jpg\" data-dt-img-description=\"\" data-large_image_width=\"1920\" data-large_image_height=\"1280\"><img loading=\"lazy\" decoding=\"async\" class=\"size-medium wp-image-143334 alignleft\" src=\"https:\/\/www.radiopiu.net\/wordpress\/wp-content\/uploads\/2020\/06\/APP-CELLULARE-300x200.jpg\" alt=\"\" width=\"300\" height=\"200\" srcset=\"https:\/\/www.radiopiu.net\/wordpress\/wp-content\/uploads\/2020\/06\/APP-CELLULARE-300x200.jpg 300w, https:\/\/www.radiopiu.net\/wordpress\/wp-content\/uploads\/2020\/06\/APP-CELLULARE-1024x683.jpg 1024w, https:\/\/www.radiopiu.net\/wordpress\/wp-content\/uploads\/2020\/06\/APP-CELLULARE-768x512.jpg 768w, https:\/\/www.radiopiu.net\/wordpress\/wp-content\/uploads\/2020\/06\/APP-CELLULARE-1536x1024.jpg 1536w, https:\/\/www.radiopiu.net\/wordpress\/wp-content\/uploads\/2020\/06\/APP-CELLULARE.jpg 1920w\" sizes=\"auto, (max-width: 300px) 100vw, 300px\" \/><\/a>La Polizia Postale ha di recente segnalato la diffusione di un attacco informatico che sfrutta la popolarit\u00e0 dell\u2019app Immuni, messa a punto per il monitoraggio del Covid-19.\u00a0Un\u2019e-mail invita a scaricare l\u2019app cliccando su un link fasullo, apparentemente riconducibile alla Federazione Ordine dei Farmacisti Italiani. Anzich\u00e9 l\u2019app, al click si scarica un virus, precisamente un ransomware, che rende inutilizzabile il contenuto del proprio dispositivo e chiede il pagamento di un riscatto per poter rientrare in possesso del materiale criptato.\u00a0Vi invitiamo a prestare la massima attenzione nei confronti di qualsiasi e-mail contenente link o allegati relativi al Covid-19, poich\u00e9 il rischio che si tratti di phishing e-mail \u00e8 elevato. Vi consigliamo di affidarvi sempre a fonti attendibili e ufficiali.\u00a0L\u2019app Immuni \u00e8 scaricabile da App Store e Play Store.<\/p>\n<p><a href=\"https:\/\/play.google.com\/store\/apps\/details?id=it.ministerodellasalute.immuni&amp;hl=it\">CLICCA QUI PER SCARICARE IMMUNI PER ANDROID<\/a><\/p>\n<p><a href=\"https:\/\/apps.apple.com\/it\/app\/immuni\/id1513940977\">CLICCA QUI PER SCARICARE IMMUNI SU IPHONE<\/a><\/p>\n<p>&nbsp;<\/p>\n<p>&nbsp;<\/p>\n<hr \/>\n<p>&nbsp;<\/p>\n<h2>IERI IL CONSIGLIO COMUNALE A ROCCA PIETORE IN DIRETTA FACEBOOK SU RADIO PIU<\/h2>\n<p><strong><span style=\"color: #0000ff;\">DI GIANNI SANTOMASO\u00a0\u00a0<\/span><\/strong><\/p>\n<audio class=\"wp-audio-shortcode\" id=\"audio-143305-2\" preload=\"none\" style=\"width: 100%;\" controls=\"controls\"><source type=\"audio\/mpeg\" src=\"https:\/\/www.radiopiu.net\/wordpress\/wp-content\/uploads\/2020\/06\/GIANNI-ROCCA-PIETORE.mp3?_=2\" \/><a href=\"https:\/\/www.radiopiu.net\/wordpress\/wp-content\/uploads\/2020\/06\/GIANNI-ROCCA-PIETORE.mp3\">https:\/\/www.radiopiu.net\/wordpress\/wp-content\/uploads\/2020\/06\/GIANNI-ROCCA-PIETORE.mp3<\/a><\/audio>\n<p>&nbsp;<\/p>\n<h1>\u00a0LA DIRETTA FACEBOOK DI RADIO PIU<\/h1>\n<blockquote class=\"wp-embedded-content\" data-secret=\"BQjkzAnSyk\"><p><a href=\"https:\/\/www.radiopiu.net\/wordpress\/consiglio-comunale-di-rocca-pietore-diretta-facebook-clicca-e-segui-la-diretta-di-radio-piu\/\">CONSIGLIO COMUNALE DI ROCCA PIETORE, DIRETTA FACEBOOK. CLICCA E SEGUI LA DIRETTA DI RADIO PIU<\/a><\/p><\/blockquote>\n<p><iframe loading=\"lazy\" title=\"&#8220;CONSIGLIO COMUNALE DI ROCCA PIETORE, DIRETTA FACEBOOK. CLICCA E SEGUI LA DIRETTA DI RADIO PIU&#8221; &#8212; Radio Pi\u00f9\" class=\"wp-embedded-content\" sandbox=\"allow-scripts\" security=\"restricted\" style=\"position: absolute; clip: rect(1px, 1px, 1px, 1px);\" src=\"https:\/\/www.radiopiu.net\/wordpress\/consiglio-comunale-di-rocca-pietore-diretta-facebook-clicca-e-segui-la-diretta-di-radio-piu\/embed\/#?secret=BQjkzAnSyk\" data-secret=\"BQjkzAnSyk\" width=\"600\" height=\"338\" frameborder=\"0\" marginwidth=\"0\" marginheight=\"0\" scrolling=\"no\"><\/iframe><\/p>\n<p>&nbsp;<\/p>\n<p>&nbsp;<\/p>\n<p>&nbsp;<\/p>\n<hr \/>\n<p>&nbsp;<\/p>\n<div class=\"page-title-head hgroup\">\n<h3 class=\"entry-title\">GOLA DEI CASTEI, ACCANTO ALLA GALLERIA EX 203 AGORDINA LE RIPRESE DALL\u2019ALTO. VIDEO.<\/h3>\n<\/div>\n<div class=\"page-title-breadcrumbs\"><\/div>\n<p><strong>LA VALLE,<\/strong> SIAMO TORNATI LUNGO LA EX 203 AGORDINA DI CUI CI SIAMO OCCUPATI IERI\u00a0 DOPO L\u2019IMPORTANTE SEGNALAZIONE DI GIULIANO DAL MAS. ABBIAMO SORVOLATO LA STRADA DANNEGGIATA E LA BELLA GOLA DEI CASTEI PURTROPPO DA TEMPO ABBANDONATA AL SUO DESTINO CON LA SPERANZA CHE NON SI DEBBA MAI FARE CONTO DI QUELLA STRADA IN CASO DI EMERGENZA PERCHE\u2019 OGGI NON E&#8217; TRANSITABILE COME SI EVINCE DAL VIDEO<\/p>\n<p><iframe loading=\"lazy\" title=\"EX REGIONALE 203 AGORDINA, PONTE DEI CASTEI DALL&#039;ALTO\" width=\"1200\" height=\"675\" src=\"https:\/\/www.youtube.com\/embed\/3EJPVETHVzQ?feature=oembed\" frameborder=\"0\" allow=\"accelerometer; autoplay; clipboard-write; encrypted-media; gyroscope; picture-in-picture\" allowfullscreen><\/iframe><\/p>\n<p>&nbsp;<\/p>\n<p>&nbsp;<\/p>\n<hr \/>\n<p>&nbsp;<\/p>\n<blockquote>\n<h3>\u00a0OSPEDALE DI AGORDO, RIPARTE LA CHIRURGIA CON GRADUALITA&#8217;. LE RISPOSTE DELLA ULSS1 AI COMITATI SANITA&#8217; DI AGORDO E PIEVE DI CADORE &#8220;NON ALIMENTATE INUTILI ALLARMISMI&#8221;<\/h3>\n<\/blockquote>\n<audio class=\"wp-audio-shortcode\" id=\"audio-143305-3\" preload=\"none\" style=\"width: 100%;\" controls=\"controls\"><source type=\"audio\/mpeg\" src=\"https:\/\/www.radiopiu.net\/wordpress\/wp-content\/uploads\/2020\/06\/GIANNI-OSPEDALE-CHIRURGIA.mp3?_=3\" \/><a href=\"https:\/\/www.radiopiu.net\/wordpress\/wp-content\/uploads\/2020\/06\/GIANNI-OSPEDALE-CHIRURGIA.mp3\">https:\/\/www.radiopiu.net\/wordpress\/wp-content\/uploads\/2020\/06\/GIANNI-OSPEDALE-CHIRURGIA.mp3<\/a><\/audio>\n<p>&nbsp;<\/p>\n<h2><span style=\"color: #ff0000;\">\u00a0IERI\u00a0 SUL CORRIERE DELLE ALPI E ALLA RADIO<\/span><\/h2>\n<p>&nbsp;<\/p>\n<blockquote class=\"wp-embedded-content\" data-secret=\"z0ecwY49cz\"><p><a href=\"https:\/\/www.radiopiu.net\/wordpress\/ospedale-di-agordo-ferma-lattivita-chirurgica-quella-ortopedica-al-cinquanta-per-cento-la-preoccupazione-dei-comitati-per-lospedale\/\">OSPEDALE DI AGORDO: FERMA L&#8217;ATTIVITA&#8217; CHIRURGICA, QUELLA ORTOPEDICA AL CINQUANTA PER CENTO. LA PREOCCUPAZIONE DEI COMITATI PER L&#8217;OSPEDALE<\/a><\/p><\/blockquote>\n<p><iframe loading=\"lazy\" title=\"&#8220;OSPEDALE DI AGORDO: FERMA L&#8217;ATTIVITA&#8217; CHIRURGICA, QUELLA ORTOPEDICA AL CINQUANTA PER CENTO. LA PREOCCUPAZIONE DEI COMITATI PER L&#8217;OSPEDALE&#8221; &#8212; Radio Pi\u00f9\" class=\"wp-embedded-content\" sandbox=\"allow-scripts\" security=\"restricted\" style=\"position: absolute; clip: rect(1px, 1px, 1px, 1px);\" src=\"https:\/\/www.radiopiu.net\/wordpress\/ospedale-di-agordo-ferma-lattivita-chirurgica-quella-ortopedica-al-cinquanta-per-cento-la-preoccupazione-dei-comitati-per-lospedale\/embed\/#?secret=z0ecwY49cz\" data-secret=\"z0ecwY49cz\" width=\"600\" height=\"338\" frameborder=\"0\" marginwidth=\"0\" marginheight=\"0\" scrolling=\"no\"><\/iframe><\/p>\n<p>&nbsp;<\/p>\n<p>&nbsp;<\/p>\n<hr \/>\n<p>&nbsp;<\/p>\n<blockquote>\n<h3>ZERO POSITIVI IN TERAPIA INTENSIVA, DA LUNEDI POTREBBE INIZIARE LA STAGIONE DELLE DISCOTECHE ALL&#8217;APERTO, CINEMA E SPETTACOLI, LA REGIONE HA PRONTE LE LINEE GUIDA.<\/h3>\n<p>di Mirko Mezzacasa<\/p><\/blockquote>\n<p>Sono passati 110 giorni dal 21 febbraio 2020 di fatto la data in cui si hanno notizie certe dell&#8217;epidemia, di certo il giorno in cui abbiano iniziato ad aggiornarvi sul numero dei contagi giornalieri, dei decessi, dei dimessi e di tutti i dati che puntualmente, due volte al giorno, abbiamo riportato in questo notiziario. Dopo 240 bollettini la notizia: in terapia intensiva (ancora 15 ricoverati) non c&#8217;\u00e8 pi\u00f9 nessun positivo, ieri un solo decesso negli ospedali di comunit\u00e0 ma alzare troppo la guardia sarebbe un errore, anche ieri 3 nuovi contagi in Regione di cui 1 in provincia di Belluno. La Regione ha allo studio le nuove regole per i cinema e le discoteche all&#8217;aperto, il via probabilmente da lunedi nel rispetto della distanza che per la pista da ballo si stima sia almeno di due metri e i gestori dovranno dotarsi di conta persone\u00a0 e sorveglianza per evitare gli assembramenti, sar\u00e0 rimodulata la capienza dei locali. Saranno altres\u00ec ammesse cerimonie e banchetti anche oltre i 12 invitati con un registro dei presenti da conservare per 14 giorni. I cinema potranno ospitare fino a 200 persone al chiuso, 1000 all&#8217;aperto. In teatro distanza da rispettare (1 metro) per gli orchestrali, 1,5 per gli strumenti a fiato, 2 metri dal direttore d&#8217;orchestra e dal coro, previsto il plexiglass dove non sia possibile garantire il distanziamento sociale. Riapriranno con le consuete regole anche le sale gioco e scommesse, congressi e fiere. Nei campi estivi bagni a turno e letti ad un metro e mezzo uno dall&#8217;altro. Nelle attivit\u00e0 complementari per grandi e piccini disinfezione continua, divieto assoluto per i giochi da tavolo e biliardo, distanza personale di 1 metro quindi niente carte da gioco e calcio balilla. Da lunedi via alle limitazioni per l&#8217;Austria e la Grecia per Zaia il merito non \u00e8 del Ministro degli Esteri di Maio <em>&#8220;E&#8217; merito &#8211; ha detto &#8211; del casino che abbiamo fatto noi&#8221;<\/em><\/p>\n<p><strong>I NUMERI\u00a0 IN VENETO:<\/strong> TOTALE POSITIVI 19190\u00a0 (+3)\u00a0 ATTUALMENTE POSITIVI 990\u00a0 (-42)\u00a0 DECESSI 1961\u00a0 (1 in ospedale)\u00a0 NEGATIVIZZATI 16239\u00a0 (+45) IN ISOLAMENTO 858\u00a0 (-162)\u00a0 RICOVERATI 299 (-5\u00a0 72 POSITIVI,\u00a0 227 NEGATIVIZZATI), NEGLI OSPEDALI DI COMUNITA\u2019 40\u00a0 ( 8 POSITIVI,\u00a0 \u00a032 NEGATIVIZZATI), IN TERAPIA INTENSIVA 15 (0,\u00a0 0 POSITIVI,\u00a0 \u00a015 NEGATIVIZZATI). DIMESSI 3464, DECESSI IN OSPEDALE 1405 (+1).<\/p>\n<p><strong>I NUMERI IN PROVINCIA:<\/strong> TOTALE CONTAGI 1177 (+1) , ATTUALMENTE POSITIVI 78\u00a0 (-1) , DECEDUTI 111 (0), NEGATIVIZZATI\u00a0 988 (+1) ISOLAMENTO DOMICILIARE 77 (33) RICOVERATI IN OSPEDALE AL SAN MARTINO 1<\/p>\n<p>&nbsp;<\/p>\n<hr \/>\n<blockquote><p>https:\/\/www.radiopiu.net\/wordpress\/coronavirus-aggiornamento-nazionale-09-giugno\/<\/p>\n<h3><\/h3>\n<p>&nbsp;<\/p>\n<hr \/>\n<p>&nbsp;<\/p>\n<p>&nbsp;<\/p>\n<blockquote class=\"wp-embedded-content\" data-secret=\"MIyIuFl86F\"><p><a href=\"https:\/\/www.radiopiu.net\/wordpress\/bollettino-delle-17-1-positivi-nelle-ultime-12-ore-zero-decessi-in-ospedale\/\">BOLLETTINO DELLE 17: 1 POSITIVI NELLE ULTIME 12 ORE  ZERO DECESSI IN OSPEDALE<\/a><\/p><\/blockquote>\n<p><iframe loading=\"lazy\" title=\"&#8220;BOLLETTINO DELLE 17: 1 POSITIVI NELLE ULTIME 12 ORE  ZERO DECESSI IN OSPEDALE&#8221; &#8212; Radio Pi\u00f9\" class=\"wp-embedded-content\" sandbox=\"allow-scripts\" security=\"restricted\" style=\"position: absolute; clip: rect(1px, 1px, 1px, 1px);\" src=\"https:\/\/www.radiopiu.net\/wordpress\/bollettino-delle-17-1-positivi-nelle-ultime-12-ore-zero-decessi-in-ospedale\/embed\/#?secret=MIyIuFl86F\" data-secret=\"MIyIuFl86F\" width=\"600\" height=\"338\" frameborder=\"0\" marginwidth=\"0\" marginheight=\"0\" scrolling=\"no\"><\/iframe><\/p>\n<p>&nbsp;<\/p>\n<h3><\/h3>\n<p>&nbsp;<\/p><\/blockquote>\n<hr \/>\n<blockquote>\n<h3><\/h3>\n<h3>&#8220;NON CI SONO PIU&#8217; MALATI POSITIVI IN TERAPIA INTENSIVA SUI 15 PAZIENTI RICOVERATI&#8221; CONFERENZA STAMPA DEL PRESIDENTE DEL VENETO LUCA ZAIA 09 GIUGNO 2020 &#8220;SI POTEVA VOTARE A LUGLIO CON TUTTO APERTO NON A SETTEMBRE CREANDO ANCORA PROBLEMI ALLE SCUOLE&#8221;<\/h3>\n<\/blockquote>\n<p>&nbsp;<\/p>\n<p><strong>VENEZIA<\/strong>\u00a0Da Marghera il\u00a0Presidente\u00a0Luca Zaia fa il punto sull\u2019emergenza Covid-19<\/p>\n<p><strong>I NUMERI DELLE ULTIME 24 ORE:\u00a0<\/strong> 162098 TAMPONI (+11850), POSITIVI 19191 (+4),\u00a0 IN ISOLAENTO 858 (-162), RICOVERATI 305 (-14, 77 I POSITIVI), TERAPIA INTENSIVA NON CI SONO PIU&#8217; MALATI COVID TRA I 15 RICOVERATI. DECESSI 1961 (+6), IN OSPEDALE 1404 (+3), DIMESSI 3459 (+12)<\/p>\n<h2>LEGGI LA CONFERENZA STAMPA DI LUCA ZAIA<\/h2>\n<blockquote><p><em>Le linee guida ci accompagneanno per un po&#8217; prima di scomparire, dovranno essere modificate \u00e8 chiaro che quelle di un mese fa non sono quelle di oggi. Elezioni: verso un accorpamento referendum sul taglio dei parlamentari, regionali e comunali nell&#8217;election day del 20 settembre. Ci \u00e8 stata tolta la possibilit\u00e0 di decidere come Regione. La Grecia non si smentisce, merito al nostro casino non del Ministro degli Esteri di Madio,\u00a0 hanno tolto le restrizioni a luglio si potr\u00e0 andare in vacanza anche li&#8217;.<\/em><\/p>\n<p>&nbsp;<\/p><\/blockquote>\n<p><strong>FIERE<\/strong> Ieri l&#8217;incontro con il Ministro Gualtieri per parlare del problema Fiere, \u00a0Verona ha perso il 60% del giro d&#8217;affari, se le Fiere non riaprono ci sono proiezioni nazionali di un calo del -90% entro dicembre. L&#8217;indotto perso\u00a0 \u00e8 di 700 milioni di euro di fatturato in Italia.\u00a0 Le Fiere chiedono certezze per la programmazione degli eventi d&#8217;autunno e chiedono risorse. La Regione pronta a mettere nero su bianco la lista della spesa, e\u00a0 un censimento di cosa serve. In fase di scrittura un piano che sar\u00e0 pronto nei prossimi giorni.<\/p>\n<p><strong>MALTEMPO<\/strong> Ha colpito duro in diverse province con piogge e inondazioni. L&#8217;assessore Bottacin \u00e8 rimasto fuori tutta la notte. Finito il problema covid19 ora inizia quello legato al maltempo. Davvero non ci facciamo mancare nulla.<\/p>\n<p><strong>ELEZIONI.<\/strong> Un emendamento di Forza Italia ci ha fatto sapientemente slittare a dopo il 15, cio\u00e8 al 20 settembre, la finestra era dal 6 settembre in poi. E&#8217; chiaro che le scuole dovranno richiudere dopo una\u00a0 settimana dall&#8217;avvio, due in caso di ballottaggio. Non sono daccordo con le soluzioni adottate dal Parlamento.\u00a0 E&#8217; un pasticcio per la volont\u00e0 di non andare a votare mentre tutto \u00e8 ormai aperto fin da luglio. Chiedo pubblicamente: quando si andr\u00e0 a votare? Che ce lo dica il presidente del Consiglio. Le dichiarazioni dei sotto segretari durano infatti qualche ora.<\/p>\n<p><strong>OGGI VIDEOCONFERENZA DELLE REGIONI<\/strong>\u00a0 Per ridiscutere le linee guida da aggiornare, ci sono poi i problemi legati a centri estivi e bonus per le baby sitter<\/p>\n<p><strong>BASTA CON LA POLITICA DEL PLEXIGLASS<\/strong> Costa, non se ne trova ed inquina si usi almeno l&#8217;abete rosso che non \u00e8 trasparente ma naturale. E&#8217; una cosa impossibile ora si parla di metterlo anche nei trasporti. Ma basta, si torni alla capienza di prima con la mascherina<\/p>\n<p>&nbsp;<\/p>\n<p>&nbsp;<\/p>\n<p>https:\/\/www.facebook.com\/zaiaufficiale\/videos\/567171273984306<\/p>\n<p>&nbsp;<\/p>\n<p>&nbsp;<\/p>\n<hr \/>\n<blockquote>\n<h3><\/h3>\n<h3><\/h3>\n<h3>PRONTE LE LINEE GUIDA PER LE CERIMONIE, DISCOTECHE E CINEMA SE NE STA PARLANDO IN CONFERENZA DELLE REGIONI<\/h3>\n<\/blockquote>\n<p>&nbsp;<\/p>\n<blockquote>\n<blockquote><p><em><strong><img loading=\"lazy\" decoding=\"async\" class=\"alignleft\" src=\"https:\/\/www.radiopiu.net\/wordpress\/wp-content\/uploads\/2020\/04\/MANUELA-LANZARIN.jpg\" width=\"249\" height=\"187\" \/>L&#8217;ASSESSORE MANUELA LANZARIN HA ANTICIPATO ALCUNI PARAMETRI DELLE LINEE GUIDA PER L&#8217;APERTURA DELLE DISCOTECHE ALL&#8217;APERTO, ECCO IL SUO INTERVENTO IN CONFERENZA STAMPA A MARGHERA. CHI CONTROLLERA&#8217;? LE FORZE DELL&#8217;ORDINE RISPONDE L&#8217;ASSESSORE, MA ANCHE I GESTORI. <\/strong><\/em><strong>&#8220;SONO MISURE DIFFICILI DA CONTROLLARE CON UNA CERTA RESPONSABILITA&#8217;, QUESTI SONO I CRITERI CHE OGGI RIUSCIAMO A METTERE IN PISTA POI VEDREMO COSA SUCCEDERA'&#8221;.<\/strong><em><strong> PRONTO ANCHE UN CAPITOLO PER LE CERIMONIE. NELLA CONFERENZA DELLE REGIONI ATTUALMENTE IN CORSO SUL PIATTO ANCHE I GRANDI EVENTI, LE FIERE, I CONGRESSI. LINEE GUIDA CONCORDATE MA DA DISCUTERE E RECEPIRE. SARANNO LE SCHEDE IN USO IN TUTTE LE REGIONI. &#8220;ABBIAMO ANCHE INCLUSO I CENTRI ESTIVI PER I MINORI, COMPRESI I CAMPI SCOUT CON PERNOTTAMENTO&#8221;.<\/strong><\/em><\/p>\n<p><strong style=\"color: #ff0000;\">AUDIO<\/strong><\/p><\/blockquote>\n<audio class=\"wp-audio-shortcode\" id=\"audio-143305-4\" preload=\"none\" style=\"width: 100%;\" controls=\"controls\"><source type=\"audio\/mpeg\" src=\"https:\/\/www.radiopiu.net\/wordpress\/wp-content\/uploads\/2020\/06\/LANZARIN.mp3?_=4\" \/><a href=\"https:\/\/www.radiopiu.net\/wordpress\/wp-content\/uploads\/2020\/06\/LANZARIN.mp3\">https:\/\/www.radiopiu.net\/wordpress\/wp-content\/uploads\/2020\/06\/LANZARIN.mp3<\/a><\/audio>\n<p>&nbsp;<\/p><\/blockquote>\n<p>&nbsp;<\/p>\n<p>&nbsp;<\/p>\n<hr \/>\n<\/div>\n<div class=\"page-title-head hgroup\">\n<blockquote>\n<h3 class=\"entry-title\"><\/h3>\n<h3><\/h3>\n<h3>LA STRADA\u00a0 AGORDO-RIVAMONTE-GOSALDO, DA LUGLIO VIA AGLI INTERVENTI E I CITTADINI SI AUGURANO SIA LA VOLTA BUONA<\/h3>\n<p>GIANNI SANTOMASO<\/p><\/blockquote>\n<blockquote><audio class=\"wp-audio-shortcode\" id=\"audio-143305-5\" preload=\"none\" style=\"width: 100%;\" controls=\"controls\"><source type=\"audio\/mpeg\" src=\"https:\/\/www.radiopiu.net\/wordpress\/wp-content\/uploads\/2020\/06\/GIANNI-INTERVENTI-PROVINCIALE-3.mp3?_=5\" \/><a href=\"https:\/\/www.radiopiu.net\/wordpress\/wp-content\/uploads\/2020\/06\/GIANNI-INTERVENTI-PROVINCIALE-3.mp3\">https:\/\/www.radiopiu.net\/wordpress\/wp-content\/uploads\/2020\/06\/GIANNI-INTERVENTI-PROVINCIALE-3.mp3<\/a><\/audio><\/blockquote>\n<p><strong>LOCALITA&#8217; CORDE MOLE<\/strong><\/p>\n<p><a class=\"dt-pswp-item\" href=\"https:\/\/www.radiopiu.net\/wordpress\/wp-content\/uploads\/2020\/06\/CORDE-MOLE-GOSALDO-2.jpg\" data-dt-img-description=\"\" data-large_image_width=\"901\" data-large_image_height=\"1600\"><img loading=\"lazy\" decoding=\"async\" class=\"alignnone size-medium wp-image-143448\" src=\"https:\/\/www.radiopiu.net\/wordpress\/wp-content\/uploads\/2020\/06\/CORDE-MOLE-GOSALDO-2-169x300.jpg\" alt=\"\" width=\"169\" height=\"300\" srcset=\"https:\/\/www.radiopiu.net\/wordpress\/wp-content\/uploads\/2020\/06\/CORDE-MOLE-GOSALDO-2-169x300.jpg 169w, https:\/\/www.radiopiu.net\/wordpress\/wp-content\/uploads\/2020\/06\/CORDE-MOLE-GOSALDO-2-577x1024.jpg 577w, https:\/\/www.radiopiu.net\/wordpress\/wp-content\/uploads\/2020\/06\/CORDE-MOLE-GOSALDO-2-768x1364.jpg 768w, https:\/\/www.radiopiu.net\/wordpress\/wp-content\/uploads\/2020\/06\/CORDE-MOLE-GOSALDO-2-865x1536.jpg 865w, https:\/\/www.radiopiu.net\/wordpress\/wp-content\/uploads\/2020\/06\/CORDE-MOLE-GOSALDO-2.jpg 901w\" sizes=\"auto, (max-width: 169px) 100vw, 169px\" \/><\/a><a class=\"dt-pswp-item\" href=\"https:\/\/www.radiopiu.net\/wordpress\/wp-content\/uploads\/2020\/06\/CORDE-MOLE-GOSALDO-1.jpg\" data-dt-img-description=\"\" data-large_image_width=\"1600\" data-large_image_height=\"901\"><img loading=\"lazy\" decoding=\"async\" class=\"alignnone wp-image-143447\" src=\"https:\/\/www.radiopiu.net\/wordpress\/wp-content\/uploads\/2020\/06\/CORDE-MOLE-GOSALDO-1-300x169.jpg\" alt=\"\" width=\"279\" height=\"157\" srcset=\"https:\/\/www.radiopiu.net\/wordpress\/wp-content\/uploads\/2020\/06\/CORDE-MOLE-GOSALDO-1-300x169.jpg 300w, https:\/\/www.radiopiu.net\/wordpress\/wp-content\/uploads\/2020\/06\/CORDE-MOLE-GOSALDO-1-1024x577.jpg 1024w, https:\/\/www.radiopiu.net\/wordpress\/wp-content\/uploads\/2020\/06\/CORDE-MOLE-GOSALDO-1-768x432.jpg 768w, https:\/\/www.radiopiu.net\/wordpress\/wp-content\/uploads\/2020\/06\/CORDE-MOLE-GOSALDO-1-1536x865.jpg 1536w, https:\/\/www.radiopiu.net\/wordpress\/wp-content\/uploads\/2020\/06\/CORDE-MOLE-GOSALDO-1.jpg 1600w\" sizes=\"auto, (max-width: 279px) 100vw, 279px\" \/><\/a><\/p>\n<p><strong>EX SCUOLA ZENICH\u00a0<\/strong><\/p>\n<p><a class=\"dt-pswp-item\" href=\"https:\/\/www.radiopiu.net\/wordpress\/wp-content\/uploads\/2020\/06\/Ex-scuole-di-Zenich-Rivamonte.jpg\" data-dt-img-description=\"\" data-large_image_width=\"1600\" data-large_image_height=\"901\"><img loading=\"lazy\" decoding=\"async\" class=\"alignnone size-medium wp-image-143442\" src=\"https:\/\/www.radiopiu.net\/wordpress\/wp-content\/uploads\/2020\/06\/Ex-scuole-di-Zenich-Rivamonte-300x169.jpg\" alt=\"\" width=\"300\" height=\"169\" srcset=\"https:\/\/www.radiopiu.net\/wordpress\/wp-content\/uploads\/2020\/06\/Ex-scuole-di-Zenich-Rivamonte-300x169.jpg 300w, https:\/\/www.radiopiu.net\/wordpress\/wp-content\/uploads\/2020\/06\/Ex-scuole-di-Zenich-Rivamonte-1024x577.jpg 1024w, https:\/\/www.radiopiu.net\/wordpress\/wp-content\/uploads\/2020\/06\/Ex-scuole-di-Zenich-Rivamonte-768x432.jpg 768w, https:\/\/www.radiopiu.net\/wordpress\/wp-content\/uploads\/2020\/06\/Ex-scuole-di-Zenich-Rivamonte-1536x865.jpg 1536w, https:\/\/www.radiopiu.net\/wordpress\/wp-content\/uploads\/2020\/06\/Ex-scuole-di-Zenich-Rivamonte.jpg 1600w\" sizes=\"auto, (max-width: 300px) 100vw, 300px\" \/><\/a><\/p>\n<p>&nbsp;<\/p>\n<p><strong>POCO OLTRE PONTE ALTO PER RIVAMONTE<\/strong><\/p>\n<p><a class=\"dt-pswp-item\" href=\"https:\/\/www.radiopiu.net\/wordpress\/wp-content\/uploads\/2020\/06\/Poco-oltre-il-secondo-tornante-salendo-da-Agordo-Rivamonte-2.jpg\" data-dt-img-description=\"\" data-large_image_width=\"2048\" data-large_image_height=\"1154\"><img loading=\"lazy\" decoding=\"async\" class=\"alignnone size-medium wp-image-143445\" src=\"https:\/\/www.radiopiu.net\/wordpress\/wp-content\/uploads\/2020\/06\/Poco-oltre-il-secondo-tornante-salendo-da-Agordo-Rivamonte-2-300x169.jpg\" alt=\"\" width=\"300\" height=\"169\" srcset=\"https:\/\/www.radiopiu.net\/wordpress\/wp-content\/uploads\/2020\/06\/Poco-oltre-il-secondo-tornante-salendo-da-Agordo-Rivamonte-2-300x169.jpg 300w, https:\/\/www.radiopiu.net\/wordpress\/wp-content\/uploads\/2020\/06\/Poco-oltre-il-secondo-tornante-salendo-da-Agordo-Rivamonte-2-1024x577.jpg 1024w, https:\/\/www.radiopiu.net\/wordpress\/wp-content\/uploads\/2020\/06\/Poco-oltre-il-secondo-tornante-salendo-da-Agordo-Rivamonte-2-768x433.jpg 768w, https:\/\/www.radiopiu.net\/wordpress\/wp-content\/uploads\/2020\/06\/Poco-oltre-il-secondo-tornante-salendo-da-Agordo-Rivamonte-2-1536x866.jpg 1536w, https:\/\/www.radiopiu.net\/wordpress\/wp-content\/uploads\/2020\/06\/Poco-oltre-il-secondo-tornante-salendo-da-Agordo-Rivamonte-2.jpg 2048w\" sizes=\"auto, (max-width: 300px) 100vw, 300px\" \/><\/a><a class=\"dt-pswp-item\" href=\"https:\/\/www.radiopiu.net\/wordpress\/wp-content\/uploads\/2020\/06\/Poco-oltre-il-secondo-tornante-salendo-da-Agordo-Rivamonte-1.jpg\" data-dt-img-description=\"\" data-large_image_width=\"2048\" data-large_image_height=\"1154\"><img loading=\"lazy\" decoding=\"async\" class=\"alignnone size-medium wp-image-143444\" src=\"https:\/\/www.radiopiu.net\/wordpress\/wp-content\/uploads\/2020\/06\/Poco-oltre-il-secondo-tornante-salendo-da-Agordo-Rivamonte-1-300x169.jpg\" alt=\"\" width=\"300\" height=\"169\" srcset=\"https:\/\/www.radiopiu.net\/wordpress\/wp-content\/uploads\/2020\/06\/Poco-oltre-il-secondo-tornante-salendo-da-Agordo-Rivamonte-1-300x169.jpg 300w, https:\/\/www.radiopiu.net\/wordpress\/wp-content\/uploads\/2020\/06\/Poco-oltre-il-secondo-tornante-salendo-da-Agordo-Rivamonte-1-1024x577.jpg 1024w, https:\/\/www.radiopiu.net\/wordpress\/wp-content\/uploads\/2020\/06\/Poco-oltre-il-secondo-tornante-salendo-da-Agordo-Rivamonte-1-768x433.jpg 768w, https:\/\/www.radiopiu.net\/wordpress\/wp-content\/uploads\/2020\/06\/Poco-oltre-il-secondo-tornante-salendo-da-Agordo-Rivamonte-1-1536x866.jpg 1536w, https:\/\/www.radiopiu.net\/wordpress\/wp-content\/uploads\/2020\/06\/Poco-oltre-il-secondo-tornante-salendo-da-Agordo-Rivamonte-1.jpg 2048w\" sizes=\"auto, (max-width: 300px) 100vw, 300px\" \/><\/a><\/p>\n<p>&nbsp;<\/p>\n<p>&nbsp;<\/p>\n<p>&nbsp;<\/p>\n<p>&nbsp;<\/p>\n<hr \/>\n<blockquote>\n<h3 class=\"entry-title\"><\/h3>\n<h3>NUOVI TRAGUARDI DONA UN ECOGRAFO ALLA ULSS 1 DOLOMITI<\/h3>\n<p>&nbsp;<\/p>\n<p><a class=\"dt-pswp-item\" href=\"https:\/\/www.radiopiu.net\/wordpress\/wp-content\/uploads\/2020\/06\/NUOVI-TRAGUARDI.jpg\" data-dt-img-description=\"\" data-large_image_width=\"900\" data-large_image_height=\"878\"><img loading=\"lazy\" decoding=\"async\" class=\"size-medium wp-image-142285 alignleft\" src=\"https:\/\/www.radiopiu.net\/wordpress\/wp-content\/uploads\/2020\/06\/NUOVI-TRAGUARDI-300x293.jpg\" alt=\"\" width=\"300\" height=\"293\" srcset=\"https:\/\/www.radiopiu.net\/wordpress\/wp-content\/uploads\/2020\/06\/NUOVI-TRAGUARDI-300x293.jpg 300w, https:\/\/www.radiopiu.net\/wordpress\/wp-content\/uploads\/2020\/06\/NUOVI-TRAGUARDI-768x749.jpg 768w, https:\/\/www.radiopiu.net\/wordpress\/wp-content\/uploads\/2020\/06\/NUOVI-TRAGUARDI.jpg 900w\" sizes=\"auto, (max-width: 300px) 100vw, 300px\" \/><\/a><\/p><\/blockquote>\n<p>&nbsp;<\/p>\n<blockquote>\n<h3 class=\"entry-title\"><\/h3>\n<h3 class=\"entry-title\"><\/h3>\n<h3 class=\"entry-title\"><\/h3>\n<h3 class=\"entry-title\"><\/h3>\n<h3><\/h3>\n<h3><\/h3>\n<h3><\/h3>\n<h3>di gianni santomaso<\/h3>\n<\/blockquote>\n<\/div>\n<div class=\"page-title-head hgroup\">\n<blockquote><audio class=\"wp-audio-shortcode\" id=\"audio-143305-6\" preload=\"none\" style=\"width: 100%;\" controls=\"controls\"><source type=\"audio\/mpeg\" src=\"https:\/\/www.radiopiu.net\/wordpress\/wp-content\/uploads\/2020\/06\/GIANNI-NUOVI-TRAGUARDI.mp3?_=6\" \/><a href=\"https:\/\/www.radiopiu.net\/wordpress\/wp-content\/uploads\/2020\/06\/GIANNI-NUOVI-TRAGUARDI.mp3\">https:\/\/www.radiopiu.net\/wordpress\/wp-content\/uploads\/2020\/06\/GIANNI-NUOVI-TRAGUARDI.mp3<\/a><\/audio>\n<h3><\/h3>\n<hr \/>\n<h3 class=\"entry-title\"><\/h3>\n<h3 class=\"entry-title\">FLASH MOB A VENEZIA CON I DIMENTICATI DALLE ISTITUZIONI.<\/h3>\n<\/blockquote>\n<\/div>\n<p>&nbsp;<\/p>\n<p><strong>VENEZIA<\/strong> Anche ieri proteste di piazza, \u00e8 stato il turno dei lavoratori della scuola che chiedono certezze per la ripartenza a settembre ma anche potenziamento degli organici. Oggi ancora proteste a Venezia con guide ed accompagnatori turistici fermi da febbraio e forse potranno iniziare a lavorare di nuovo dalla prossima primavera. Chiedono al Governo un sostegno concreto ma anche il rinvio di contributi e tributi con rateizzazione per i prossimi due anni. Alla Basilica della Salute il flash mob pacifico.<\/p>\n<blockquote>\n<h3>C&#8217;E&#8217; UNA CATEGORIA IN GRANDE SOFFERENZA, QUELLA DELLE GUIDE E ACCOMPAGNATORI TURISTICI.\u00a0 A VENEZIA IL FLASH MOB PER SENSIBILIZZARE IL GOVERNO AFFINCHE&#8217; INTERVENGA SENZA LASCIARE INDIETRO NESSUNO, QUESTA E&#8217; UNA CATEGORIA DI LAVORATORI E LAVORATRICI FERME DA FEBBRAIO E CHE NON VEDRANNO LA FINE DEL TUNNEL, NON QUEST&#8217;ANNO, NON QUESTA ESTATE E NEMMENO IL PROSSIMO INVERNO, FORSE UN RIENTRO NELLA NORMALITA&#8217; DAL PROSSIMO MARZO 2021<\/h3>\n<\/blockquote>\n<p>&nbsp;<\/p>\n<p><a class=\"dt-pswp-item\" href=\"https:\/\/www.radiopiu.net\/wordpress\/wp-content\/uploads\/2020\/06\/pp-1.jpg\" data-dt-img-description=\"\" data-large_image_width=\"640\" data-large_image_height=\"640\"><img loading=\"lazy\" decoding=\"async\" class=\"wp-image-143345 alignleft\" src=\"https:\/\/www.radiopiu.net\/wordpress\/wp-content\/uploads\/2020\/06\/pp-1-300x300.jpg\" alt=\"\" width=\"98\" height=\"98\" srcset=\"https:\/\/www.radiopiu.net\/wordpress\/wp-content\/uploads\/2020\/06\/pp-1-300x300.jpg 300w, https:\/\/www.radiopiu.net\/wordpress\/wp-content\/uploads\/2020\/06\/pp-1-150x150.jpg 150w, https:\/\/www.radiopiu.net\/wordpress\/wp-content\/uploads\/2020\/06\/pp-1.jpg 640w\" sizes=\"auto, (max-width: 98px) 100vw, 98px\" \/><\/a><\/p>\n<p>&nbsp;<\/p>\n<p>&nbsp;<\/p>\n<p>FRANCESCA RANIERI<\/p>\n<audio class=\"wp-audio-shortcode\" id=\"audio-143305-7\" preload=\"none\" style=\"width: 100%;\" controls=\"controls\"><source type=\"audio\/mpeg\" src=\"https:\/\/www.radiopiu.net\/wordpress\/wp-content\/uploads\/2020\/06\/FRANCESCA.mp3?_=7\" \/><a href=\"https:\/\/www.radiopiu.net\/wordpress\/wp-content\/uploads\/2020\/06\/FRANCESCA.mp3\">https:\/\/www.radiopiu.net\/wordpress\/wp-content\/uploads\/2020\/06\/FRANCESCA.mp3<\/a><\/audio>\n<p>&nbsp;<\/p>\n<p><a class=\"dt-pswp-item\" href=\"https:\/\/www.radiopiu.net\/wordpress\/wp-content\/uploads\/2020\/06\/47f44af4-c8a6-42e8-abf9-30ccf8a33617.jpg\" data-dt-img-description=\"\" data-large_image_width=\"1600\" data-large_image_height=\"1200\"><img loading=\"lazy\" decoding=\"async\" class=\"alignnone size-medium wp-image-143347\" src=\"https:\/\/www.radiopiu.net\/wordpress\/wp-content\/uploads\/2020\/06\/47f44af4-c8a6-42e8-abf9-30ccf8a33617-300x225.jpg\" alt=\"\" width=\"300\" height=\"225\" srcset=\"https:\/\/www.radiopiu.net\/wordpress\/wp-content\/uploads\/2020\/06\/47f44af4-c8a6-42e8-abf9-30ccf8a33617-300x225.jpg 300w, https:\/\/www.radiopiu.net\/wordpress\/wp-content\/uploads\/2020\/06\/47f44af4-c8a6-42e8-abf9-30ccf8a33617-1024x768.jpg 1024w, https:\/\/www.radiopiu.net\/wordpress\/wp-content\/uploads\/2020\/06\/47f44af4-c8a6-42e8-abf9-30ccf8a33617-768x576.jpg 768w, https:\/\/www.radiopiu.net\/wordpress\/wp-content\/uploads\/2020\/06\/47f44af4-c8a6-42e8-abf9-30ccf8a33617-1536x1152.jpg 1536w, https:\/\/www.radiopiu.net\/wordpress\/wp-content\/uploads\/2020\/06\/47f44af4-c8a6-42e8-abf9-30ccf8a33617.jpg 1600w\" sizes=\"auto, (max-width: 300px) 100vw, 300px\" \/><\/a><a class=\"dt-pswp-item\" href=\"https:\/\/www.radiopiu.net\/wordpress\/wp-content\/uploads\/2020\/06\/a0982a32-af09-47f5-ae90-f3fc1c7987c7.jpg\" data-dt-img-description=\"\" data-large_image_width=\"1600\" data-large_image_height=\"1200\"><img loading=\"lazy\" decoding=\"async\" class=\"alignnone size-medium wp-image-143346\" src=\"https:\/\/www.radiopiu.net\/wordpress\/wp-content\/uploads\/2020\/06\/a0982a32-af09-47f5-ae90-f3fc1c7987c7-300x225.jpg\" alt=\"\" width=\"300\" height=\"225\" srcset=\"https:\/\/www.radiopiu.net\/wordpress\/wp-content\/uploads\/2020\/06\/a0982a32-af09-47f5-ae90-f3fc1c7987c7-300x225.jpg 300w, https:\/\/www.radiopiu.net\/wordpress\/wp-content\/uploads\/2020\/06\/a0982a32-af09-47f5-ae90-f3fc1c7987c7-1024x768.jpg 1024w, https:\/\/www.radiopiu.net\/wordpress\/wp-content\/uploads\/2020\/06\/a0982a32-af09-47f5-ae90-f3fc1c7987c7-768x576.jpg 768w, https:\/\/www.radiopiu.net\/wordpress\/wp-content\/uploads\/2020\/06\/a0982a32-af09-47f5-ae90-f3fc1c7987c7-1536x1152.jpg 1536w, https:\/\/www.radiopiu.net\/wordpress\/wp-content\/uploads\/2020\/06\/a0982a32-af09-47f5-ae90-f3fc1c7987c7.jpg 1600w\" sizes=\"auto, (max-width: 300px) 100vw, 300px\" \/><\/a><a class=\"dt-pswp-item\" href=\"https:\/\/www.radiopiu.net\/wordpress\/wp-content\/uploads\/2020\/06\/855a485e-e5b0-492a-96ec-c6f9d8963622.jpg\" data-dt-img-description=\"\" data-large_image_width=\"1130\" data-large_image_height=\"1600\"><img loading=\"lazy\" decoding=\"async\" class=\"alignnone size-medium wp-image-143227\" src=\"https:\/\/www.radiopiu.net\/wordpress\/wp-content\/uploads\/2020\/06\/855a485e-e5b0-492a-96ec-c6f9d8963622-212x300.jpg\" alt=\"\" width=\"212\" height=\"300\" srcset=\"https:\/\/www.radiopiu.net\/wordpress\/wp-content\/uploads\/2020\/06\/855a485e-e5b0-492a-96ec-c6f9d8963622-212x300.jpg 212w, https:\/\/www.radiopiu.net\/wordpress\/wp-content\/uploads\/2020\/06\/855a485e-e5b0-492a-96ec-c6f9d8963622-723x1024.jpg 723w, https:\/\/www.radiopiu.net\/wordpress\/wp-content\/uploads\/2020\/06\/855a485e-e5b0-492a-96ec-c6f9d8963622-768x1087.jpg 768w, https:\/\/www.radiopiu.net\/wordpress\/wp-content\/uploads\/2020\/06\/855a485e-e5b0-492a-96ec-c6f9d8963622-1085x1536.jpg 1085w, https:\/\/www.radiopiu.net\/wordpress\/wp-content\/uploads\/2020\/06\/855a485e-e5b0-492a-96ec-c6f9d8963622.jpg 1130w\" sizes=\"auto, (max-width: 212px) 100vw, 212px\" \/><\/a><\/p>\n<p>&nbsp;<\/p>\n<p>&nbsp;<\/p>\n<hr \/>\n<div class=\"page-title-head hgroup\">\n<blockquote>\n<h3 class=\"entry-title\"><\/h3>\n<h3 class=\"entry-title\"><\/h3>\n<h3 class=\"entry-title\">CENTRO ESTIVO PER LA SCUOLA ELEMENTARE DI AGORDO, ENTRO LUNEDI VANNO PRESENTATE LE MANIFESTAZIONI DI INTERESSE<\/h3>\n<p>GIANNI SANTOMASO<\/p><\/blockquote>\n<audio class=\"wp-audio-shortcode\" id=\"audio-143305-8\" preload=\"none\" style=\"width: 100%;\" controls=\"controls\"><source type=\"audio\/mpeg\" src=\"https:\/\/www.radiopiu.net\/wordpress\/wp-content\/uploads\/2020\/06\/GIANNI-CENTRO-ESTIVO-AGORDO.mp3?_=8\" \/><a href=\"https:\/\/www.radiopiu.net\/wordpress\/wp-content\/uploads\/2020\/06\/GIANNI-CENTRO-ESTIVO-AGORDO.mp3\">https:\/\/www.radiopiu.net\/wordpress\/wp-content\/uploads\/2020\/06\/GIANNI-CENTRO-ESTIVO-AGORDO.mp3<\/a><\/audio>\n<p>&nbsp;<\/p>\n<blockquote class=\"wp-embedded-content\" data-secret=\"PMBWbAck7S\"><p><a href=\"https:\/\/www.radiopiu.net\/wordpress\/quando-i-bambini\/\">QUANDO I BAMBINI FANNO OHHHHHHHHH ANZI&#8230; QUANDO POSSONO FINALMENTE TORNARE  FARE OHHHHHH<\/a><\/p><\/blockquote>\n<p><iframe loading=\"lazy\" title=\"&#8220;QUANDO I BAMBINI FANNO OHHHHHHHHH ANZI&#8230; QUANDO POSSONO FINALMENTE TORNARE  FARE OHHHHHH&#8221; &#8212; Radio Pi\u00f9\" class=\"wp-embedded-content\" sandbox=\"allow-scripts\" security=\"restricted\" style=\"position: absolute; clip: rect(1px, 1px, 1px, 1px);\" src=\"https:\/\/www.radiopiu.net\/wordpress\/quando-i-bambini\/embed\/#?secret=PMBWbAck7S\" data-secret=\"PMBWbAck7S\" width=\"600\" height=\"338\" frameborder=\"0\" marginwidth=\"0\" marginheight=\"0\" scrolling=\"no\"><\/iframe><\/p>\n<p>&nbsp;<\/p>\n<p>&nbsp;<\/p>\n<p>&nbsp;<\/p>\n<blockquote>\n<hr \/>\n<h3 class=\"entry-title\"><\/h3>\n<h3 class=\"entry-title\">\u00a0\u201cDE COCCIO\u201d: LA SETTIMANA INIZIA SENZA SANZIONI<\/h3>\n<\/blockquote>\n<\/div>\n<div class=\"page-title-breadcrumbs\">\n<p><strong>BELLUNO<\/strong>\u00a0Per il quinto giorno consecutivo la giornata di controlli per il contenimento del Covid-19 termina senza infrazioni. Nel primo giorno della settimana sono state controllate 200 persone dalle Forze dell\u2019Ordine e tutto \u00e8 risultato regolare. 198 le attivit\u00e0 commerciali controllate e anche in questo caso non sono scattate sanzioni o chiusure temporanee.<\/p>\n<p class=\"photoswipe-wrapper\"><a class=\"dt-pswp-item pspw-wrap-ready\" href=\"https:\/\/i2.wp.com\/www.radiopiu.net\/wordpress\/wp-content\/uploads\/2020\/06\/MONITORAGGIO_SETTIMANALE_DEI_SERVIZI_DI_CONTROLLO_DEL_08.06.2020.jpg?ssl=1\" data-dt-img-description=\"\" data-large_image_width=\"1240\" data-large_image_height=\"1754\"><img loading=\"lazy\" decoding=\"async\" class=\"alignnone wp-image-143324 jetpack-lazy-image jetpack-lazy-image--handled\" src=\"https:\/\/i2.wp.com\/www.radiopiu.net\/wordpress\/wp-content\/uploads\/2020\/06\/MONITORAGGIO_SETTIMANALE_DEI_SERVIZI_DI_CONTROLLO_DEL_08.06.2020.jpg?resize=724%2C1024&amp;ssl=1\" sizes=\"auto, (max-width: 724px) 100vw, 724px\" srcset=\"https:\/\/i2.wp.com\/www.radiopiu.net\/wordpress\/wp-content\/uploads\/2020\/06\/MONITORAGGIO_SETTIMANALE_DEI_SERVIZI_DI_CONTROLLO_DEL_08.06.2020.jpg?resize=724%2C1024&amp;ssl=1 724w, https:\/\/i2.wp.com\/www.radiopiu.net\/wordpress\/wp-content\/uploads\/2020\/06\/MONITORAGGIO_SETTIMANALE_DEI_SERVIZI_DI_CONTROLLO_DEL_08.06.2020.jpg?resize=212%2C300&amp;ssl=1 212w, https:\/\/i2.wp.com\/www.radiopiu.net\/wordpress\/wp-content\/uploads\/2020\/06\/MONITORAGGIO_SETTIMANALE_DEI_SERVIZI_DI_CONTROLLO_DEL_08.06.2020.jpg?resize=768%2C1086&amp;ssl=1 768w, https:\/\/i2.wp.com\/www.radiopiu.net\/wordpress\/wp-content\/uploads\/2020\/06\/MONITORAGGIO_SETTIMANALE_DEI_SERVIZI_DI_CONTROLLO_DEL_08.06.2020.jpg?resize=1086%2C1536&amp;ssl=1 1086w, https:\/\/i2.wp.com\/www.radiopiu.net\/wordpress\/wp-content\/uploads\/2020\/06\/MONITORAGGIO_SETTIMANALE_DEI_SERVIZI_DI_CONTROLLO_DEL_08.06.2020.jpg?w=1240&amp;ssl=1 1240w\" alt=\"\" width=\"283\" height=\"400\" data-recalc-dims=\"1\" data-lazy-loaded=\"1\" \/><\/a><\/p>\n<p>&nbsp;<\/p>\n<p>&nbsp;<\/p>\n<hr \/>\n<p>&nbsp;<\/p>\n<\/div>\n<blockquote>\n<h3><\/h3>\n<h3>SIULP BELLUNO: LETTERA APERTA SU L&#8217;EMERGENZA COVID-19<\/h3>\n<\/blockquote>\n<p><strong><a class=\"dt-pswp-item\" href=\"https:\/\/www.radiopiu.net\/wordpress\/wp-content\/uploads\/2018\/09\/POLIZIA-2.jpg\" data-dt-img-description=\"\" data-large_image_width=\"768\" data-large_image_height=\"512\"><img loading=\"lazy\" decoding=\"async\" class=\"size-medium wp-image-60259 alignleft\" src=\"https:\/\/www.radiopiu.net\/wordpress\/wp-content\/uploads\/2018\/09\/POLIZIA-2-300x200.jpg\" alt=\"\" width=\"300\" height=\"200\" srcset=\"https:\/\/www.radiopiu.net\/wordpress\/wp-content\/uploads\/2018\/09\/POLIZIA-2-300x200.jpg 300w, https:\/\/www.radiopiu.net\/wordpress\/wp-content\/uploads\/2018\/09\/POLIZIA-2.jpg 768w\" sizes=\"auto, (max-width: 300px) 100vw, 300px\" \/><\/a>BELLUNO<\/strong> Pubblichiamo una lettera aperta del Segretario Generale provinciale del Sindacato Italiano Unitario Lavoratori Polizia, Albino Rossa<\/p>\n<blockquote><p>&nbsp;<\/p>\n<p>Sono ormai diversi mesi che una vera e propria task force di donne uomini, anche volontari, sono impegnati in prima linea nel dispositivo messo in campo per contenere la diffusione della pandemia da Covid-19. Tra questi si annoverano certamente gli appartenenti delle forze di polizia e del Servizio Sanitario.\u00a0Oggi, che la situazione sta faticosamente e lentamente ritornando alla condizione pre-pandemica, rivolgiamo alle donne e agli uomini dell\u2019A.S.L. un sentito ringraziamento per l\u2019impegno e lo sforzo profuso, ogni giorno, silenziosamente, senza clamori o polemiche nonostante le enormi difficolt\u00e0 nelle quali sono stati chiamati a lavorare i medici, gli infermieri e gli operatori sanitari in genere.\u00a0Non c\u2019\u00e8 gratificazione economica che possa compensare l\u2019abnegazione dimostrata e lo spirito di servizio alla comunit\u00e0, costata, ad alcuni, la positivit\u00e0 a questo famelico virus. La lista dei medici e degli infermieri che sono rimasti ai loro posti fino all\u2019estremo sacrificio della vita \u00e8 drammaticamente lunga e merita assoluto e incondizionato rispetto. Straordinaria \u00e8 stata anche la risposta data dal personale di entrambe le categorie all\u2019appello nazionale per andare l\u00e0, nelle zone focolaio, dove tutti, se avessero potuto, se ne sarebbero andati. Con questa lettera, e con tutti i suoi limiti, vogliamo esprimere un sentimento di partecipata e sincera gratitudine.\u00a0Analogamente, le donne e gli uomini delle forze dell\u2019ordine, della Polizia di Stato in particolare, hanno sempre garantito la loro presenza sulle strade e negli uffici. Personale, giusto ricordare, che una volta terminato il servizio si \u00e8 ricongiunto alle proprie famiglie e ai propri cari, con la preoccupazione costante di se, e come, il lavoro li avrebbe esposti ad un possibile contagio, portandolo poi tra le mura domestiche.\u00a0Un contributo mai venuto meno anche quando il Covid-19 sembrava penetrato nelle nostra fila realizzando un cluster importante, nonostante gli accorgimenti e le precauzioni adottate. Tutti i servizi si sono svolti regolarmente, anzi, sono stati garantiti ulteriori equipaggi di supporto al controllo del territorio mediante il rafforzamento delle pattuglie dedicate all\u2019emergenza sanitaria.\u00a0Quella \u201cnormalit\u00e0\u201d auspicata \u00e8 all\u2019orizzonte, ma non \u00e8 ancora raggiunta. Cittadini, mondo imprenditoriale e Istituzioni, stanno cercando faticosamente di recuperare quell\u2019operativit\u00e0 e laboriosit\u00e0 che si sono affievolite a causa dei provvedimenti restrittivi. Una \u201ccapacit\u00e0 sociale\u201d che \u00e8 patrimonio comune degli italiani e che nelle difficolt\u00e0 emerge con una forza che a volte noi stessi non sapevamo di avere. Comprensibile se si pensa che le generazioni di oggi non si sono mai misurate con una simile sfida.\u00a0Una cosa che deve insegnare questa drammatica esperienza, soprattutto a coloro i quali hanno responsabilit\u00e0 organizzative delle varie amministrazioni pubbliche, \u00e8 il valore delle risorse umane, troppo spesso relegate alla figura di meri esecutori e al pregiudizio con cui \u00e8 vista l\u2019azione sindacale additata di vizio antropologico, nonostante abbia dimostrato, nella particolare congiuntura vissuta, una capacit\u00e0 ad anteporre il civismo e la tenuta del sistema agli interessi, anche particolari, che in tempi ordinari sono prerogative intangibili.\u00a0Non c\u2019\u00e8 tecnologia, macchinario, statistica o algoritmo che tenga senza la pi\u00f9 grande forza che li fa funzionare: lo spirito e la coscienza umana.\u00a0Si \u00e8 detto che il Covid-19 \u00e8 causa della \u201cstrage dei nonni\u201d, poich\u00e9 l\u2019indice di mortalit\u00e0 ha colpito soprattutto le persone in terza et\u00e0. Coloro i quali, nel dopoguerra e con immensi sacrifici, si sono rimboccati le maniche ed hanno costruito quel benessere che tutti noi abbiamo potuto godere e le fondamenta di una grande Nazione, qual \u00e8 l\u2019Italia. A tali eroi, nemmeno il conforto dello spirito, di una preghiera, di un ultimo saluto da parte dei propri cari. Anche per queste rinunce, rivolgiamo sentimenti di gratitudine e vicinanza a tutti i cittadini, per aver responsabilmente accolto le direttive del Governo nonostante le ferite e i dolori dell\u2019anima, sintomo di un tessuto sociale sano, ancorato a valori di assoluto rilievo.\u00a0Per i nostri cari venuti a mancare, e per le generazioni future, abbiamo l\u2019obbligo morale di ripartire e rilanciare questo Paese. Ricordare questi momenti per comprendere l\u2019importanza delle libert\u00e0 e dei valori fondamentali della Costituzione, i quali, a quasi un secolo dalla loro stesura, hanno dimostrato quanto siano attuali, o meglio, senza tempo, e vadano difesi e preservati sempre, e mai dati per scontati.<\/p><\/blockquote>\n<p>&nbsp;<\/p>\n<p>&nbsp;<\/p>\n<hr \/>\n<p>&nbsp;<\/p>\n<p>&nbsp;<\/p>\n<blockquote>\n<h3 align=\"JUSTIFY\"><span style=\"font-size: large;\"><b>Ricorso Italgas, il Comune di Feltre capofila. Affidato l\u2019incarico legale allo studio Gaz.<\/b><\/span><\/h3>\n<\/blockquote>\n<p align=\"JUSTIFY\"><span style=\"font-size: large;\">I comuni bellunesi si preparano al ricorso al TAR del Veneto contro la decisione della stazione appaltante del Comune di Belluno, che lo scorso 29 maggio ha approvato l\u2019aggiudicazione della gara per il servizio di distribuzione del gas a Italgas Reti. <\/span><span style=\"font-size: large;\">Una partita in cui il Comune di Feltre, che ha affidato allo studio legale Gaz l\u2019incarico di difendere le proprie ragioni, si accinge a confermare il proprio ruolo di capofila. Stamattina dal Colle delle Capre \u00e8 partita una mail all\u2019indirizzo di tutti i comuni bellunesi coinvolti nell\u2019ATEM al fine di proporre l\u2019adesione all\u2019iniziativa legale, attraverso una delibera di giunta. <\/span>\u201c<span style=\"font-size: large;\">Tutelare gli interessi del Comune, ovvero dei cittadini, \u00e8 un nostro preciso dovere\u201d, commenta il sindaco di Feltre Paolo Perenzin; siamo certi che anche gli altri Comuni dell\u2019ATEM si muoveranno nella stessa direzione nel ricorso contro l\u2019aggiudicazione della gara ad Italgas. Quanto \u00e8 accaduto crea un grave pregiudizio alle nostre prerogative economiche; siamo fiduciosi di poterle far valere nella sede opportuna, che a questo punto diventa quella del TAR del Veneto\u201d, conclude Perenzin. <\/span><\/p>\n<p>&nbsp;<\/p>\n<p>&nbsp;<\/p>\n<hr \/>\n<div>\n<blockquote>\n<h3 style=\"margin: 0px; font-style: normal; font-variant-caps: normal; font-weight: normal; font-stretch: normal; font-size: 14px; line-height: normal; font-family: Helvetica; -webkit-text-stroke-width: initial; -webkit-text-stroke-color: #000000;\"><span style=\"font-size: 16pt;\"><strong><span style=\"-webkit-font-kerning: none;\">\u00a0<\/span><\/strong><\/span><\/h3>\n<h3 style=\"margin: 0px; font-style: normal; font-variant-caps: normal; font-weight: normal; font-stretch: normal; font-size: 14px; line-height: normal; font-family: Helvetica; -webkit-text-stroke-width: initial; -webkit-text-stroke-color: #000000;\"><span style=\"font-size: 16pt;\"><strong><span style=\"-webkit-font-kerning: none;\">\u00a0\u00a0<\/span><\/strong><\/span><\/h3>\n<p>&nbsp;<\/p>\n<h3 style=\"margin: 0px; font-style: normal; font-variant-caps: normal; font-weight: normal; font-stretch: normal; font-size: 14px; line-height: normal; font-family: Helvetica; -webkit-text-stroke-width: initial; -webkit-text-stroke-color: #000000;\"><span style=\"font-size: 16pt;\"><strong><span style=\"-webkit-font-kerning: none;\">Provincia al lavoro sulle scuole per la programmazione degli spazi<\/span><\/strong><\/span><\/h3>\n<h3 style=\"margin: 0px; font-style: normal; font-variant-caps: normal; font-weight: normal; font-stretch: normal; font-size: 14px; line-height: normal; font-family: Helvetica; -webkit-text-stroke-width: initial; -webkit-text-stroke-color: #000000;\"><span style=\"font-size: 14pt;\"><em><span style=\"font-kerning: none;\">Bogana: \u00abObiettivo sicurezza. Il prossimo sar\u00e0 un anno di transizione\u00bb<\/span><\/em><\/span><\/h3>\n<\/blockquote>\n<p style=\"margin: 0px; font-style: normal; font-variant-caps: normal; font-weight: normal; font-stretch: normal; font-size: 14px; line-height: normal; font-family: Helvetica; -webkit-text-stroke-width: initial; -webkit-text-stroke-color: #000000;\"><span style=\"-webkit-font-kerning: none; font-size: 13pt;\"><strong>BELLUNO<\/strong> In attesa delle indicazioni ministeriali sulla ripresa della scuola a settembre, la Provincia di Belluno studia come ottimizzare gli spazi e prepara il cronoprogramma degli interventi prioritari da mettere in campo sugli edifici. L\u2019ottica \u00e8 quella di prevenire le prescrizioni che potranno arrivare dal Miur, da una parte con l\u2019aggiornamento dell\u2019anagrafica scolastica e degli oltre 35 plessi di propriet\u00e0 della Provincia; dall\u2019altra con la progettazione di alcune operazioni per mettere in sicurezza strutture datate, ma fondamentali nell\u2019erogazione della didattica. In questo senso, i tecnici di Palazzo Piloni possono contare sulla collaborazione della Tfes, la Task Force Edilizia Scolastica costituita dal ministero proprio per dare impulso e accelerazione alla realizzazione di interventi e al corretto utilizzo delle risorse assegnate alle Province. <\/span><span style=\"-webkit-font-kerning: none; font-size: 13pt;\">Quanto all\u2019organizzazione dell\u2019anno scolastico 2020-2021, la Provincia sta ragionando su alcuni spostamenti minimi tra i plessi del capoluogo, in grado di consentire lo svolgimento senza problemi delle lezioni. In particolare per il liceo Galilei, che da settembre avr\u00e0 una forte crescita degli alunni. <\/span><\/p>\n<\/div>\n<p>&nbsp;<\/p>\n<p><strong>AI MICROFONI DI RADIO PIU&#8217; SERENELLA BOGANA, CONSIGLIERE COMUNALE CON DELEGA ALL&#8217;EDILIZIA SCOLASTICA<\/strong><\/p>\n<audio class=\"wp-audio-shortcode\" id=\"audio-143305-9\" preload=\"none\" style=\"width: 100%;\" controls=\"controls\"><source type=\"audio\/mpeg\" src=\"https:\/\/www.radiopiu.net\/wordpress\/wp-content\/uploads\/2020\/06\/bogana.mp3?_=9\" \/><a href=\"https:\/\/www.radiopiu.net\/wordpress\/wp-content\/uploads\/2020\/06\/bogana.mp3\">https:\/\/www.radiopiu.net\/wordpress\/wp-content\/uploads\/2020\/06\/bogana.mp3<\/a><\/audio>\n<p>&nbsp;<\/p>\n<p>&nbsp;<\/p>\n<hr \/>\n<blockquote>\n<h3><\/h3>\n<h3><\/h3>\n<h3>IMU, SLITTAMENTO A SETTEMBRE PER LE FASCE DEBOLI. AIUTATI PRIVATI E IMPRESE COLPITI ECONOMICAMENTE DAL COVID<\/h3>\n<\/blockquote>\n<p><strong><a class=\"dt-pswp-item\" href=\"https:\/\/www.radiopiu.net\/wordpress\/wp-content\/uploads\/2019\/07\/BELLUNO-2.jpeg\" data-dt-img-description=\"\" data-large_image_width=\"1200\" data-large_image_height=\"1599\"><img loading=\"lazy\" decoding=\"async\" class=\"wp-image-90473 alignleft\" src=\"https:\/\/www.radiopiu.net\/wordpress\/wp-content\/uploads\/2019\/07\/BELLUNO-2-225x300.jpeg\" alt=\"\" width=\"114\" height=\"152\" srcset=\"https:\/\/www.radiopiu.net\/wordpress\/wp-content\/uploads\/2019\/07\/BELLUNO-2-225x300.jpeg 225w, https:\/\/www.radiopiu.net\/wordpress\/wp-content\/uploads\/2019\/07\/BELLUNO-2-768x1024.jpeg 768w, https:\/\/www.radiopiu.net\/wordpress\/wp-content\/uploads\/2019\/07\/BELLUNO-2.jpeg 1200w\" sizes=\"auto, (max-width: 114px) 100vw, 114px\" \/><\/a>BELLUNO <\/strong>Slitta al 16 settembre la scadenza per il pagamento dell&#8217;Imu per i soggetti in difficolt\u00e0 economica a seguito dell&#8217;epidemia da Covid-19: andr\u00e0 in votazione nel prossimo consiglio comunale la delibera che per alcune categorie sposta a settembre il termine per il saldo dell&#8217;imposta senza sanzioni.<\/p>\n<p>&nbsp;<\/p>\n<p><strong>IL VICESINDACO E ASSESSORE AL BILANCIO DEL COMUNE DI BELLUNO LUCIA OLIVOTTO<\/strong><\/p>\n<audio class=\"wp-audio-shortcode\" id=\"audio-143305-10\" preload=\"none\" style=\"width: 100%;\" controls=\"controls\"><source type=\"audio\/mpeg\" src=\"https:\/\/www.radiopiu.net\/wordpress\/wp-content\/uploads\/2020\/06\/Olivotto-Slittamento-IMU-fasce-deboli.mp3?_=10\" \/><a href=\"https:\/\/www.radiopiu.net\/wordpress\/wp-content\/uploads\/2020\/06\/Olivotto-Slittamento-IMU-fasce-deboli.mp3\">https:\/\/www.radiopiu.net\/wordpress\/wp-content\/uploads\/2020\/06\/Olivotto-Slittamento-IMU-fasce-deboli.mp3<\/a><\/audio>\n<p>&nbsp;<\/p>\n<hr \/>\n<p>&nbsp;<\/p>\n<blockquote>\n<h3><\/h3>\n<h3><\/h3>\n<h3>\u00a0RIPRENDONO I COLLEGAMENTI PER I LAVORATORI DELLE ZONE INDUSTRIALI SEDICO E AGORDO<\/h3>\n<\/blockquote>\n<p><strong><a class=\"dt-pswp-item\" href=\"https:\/\/www.radiopiu.net\/wordpress\/wp-content\/uploads\/2018\/08\/dolomitibus.jpeg\" data-dt-img-description=\"\" data-large_image_width=\"621\" data-large_image_height=\"414\"><img loading=\"lazy\" decoding=\"async\" class=\"size-medium wp-image-59158 alignleft\" src=\"https:\/\/www.radiopiu.net\/wordpress\/wp-content\/uploads\/2018\/08\/dolomitibus-300x200.jpeg\" alt=\"\" width=\"300\" height=\"200\" srcset=\"https:\/\/www.radiopiu.net\/wordpress\/wp-content\/uploads\/2018\/08\/dolomitibus-300x200.jpeg 300w, https:\/\/www.radiopiu.net\/wordpress\/wp-content\/uploads\/2018\/08\/dolomitibus.jpeg 621w\" sizes=\"auto, (max-width: 300px) 100vw, 300px\" \/><\/a>BELLUNO\u00a0<\/strong>Sono attivi da luned\u00ec i collegamenti per i lavoratori delle zone industriali di Sedico e Agordo. Con qualche modifica ai quadri orari, per consentire cos\u00ec un\u2019estensione dell\u2019offerta di trasporto pubblico anche ai turnisti part-time. Lo ha disposto la Provincia, insieme a Dolomitibus, dando seguito a quanto gi\u00e0 disposto qualche settimana fa. Il 12 maggio infatti l\u2019amministrazione provinciale aveva autorizzato Dolomitibus a riattivare le linee extraurbane di collegamento con le grandi aziende manifatturiere, salvo poi dover posticipare, in attesa che Luxottica individuasse le modalit\u00e0 operative di accoglienza dei dipendenti che accedevano allo stabilimento con i mezzi pubblici.<\/p>\n<p><strong>DALLA RASSEGNA STAMPA DI OGGI, DARIO SCOPEL<\/strong><\/p>\n<audio class=\"wp-audio-shortcode\" id=\"audio-143305-11\" preload=\"none\" style=\"width: 100%;\" controls=\"controls\"><source type=\"audio\/mpeg\" src=\"https:\/\/www.radiopiu.net\/wordpress\/wp-content\/uploads\/2020\/06\/SCOPEL.mp3?_=11\" \/><a href=\"https:\/\/www.radiopiu.net\/wordpress\/wp-content\/uploads\/2020\/06\/SCOPEL.mp3\">https:\/\/www.radiopiu.net\/wordpress\/wp-content\/uploads\/2020\/06\/SCOPEL.mp3<\/a><\/audio>\n<p>&nbsp;<\/p>\n<p>&nbsp;<\/p>\n<p>&nbsp;<\/p>\n<hr \/>\n<p>&nbsp;<\/p>\n<blockquote>\n<h3>OMBRELLI ROVESCIATI SU BELLUNO CONTRO IL GUANO DELLE RONDINI<\/h3>\n<\/blockquote>\n<blockquote><p><span style=\"font-size: 14pt;\"><em>De Bon: \u00abIl prossimo anno lanceremo la proposta di un logo\u00bb. Intanto Ascom plaude all\u2019iniziativa<\/em><\/span><\/p><\/blockquote>\n<p><strong><a class=\"dt-pswp-item\" href=\"https:\/\/www.radiopiu.net\/wordpress\/wp-content\/uploads\/2020\/06\/PHOTO-2020-06-09-17-03-18-1.jpg\" data-dt-img-description=\"\" data-large_image_width=\"1200\" data-large_image_height=\"1600\"><img loading=\"lazy\" decoding=\"async\" class=\" wp-image-143438 alignleft\" src=\"https:\/\/www.radiopiu.net\/wordpress\/wp-content\/uploads\/2020\/06\/PHOTO-2020-06-09-17-03-18-1-225x300.jpg\" alt=\"\" width=\"193\" height=\"257\" srcset=\"https:\/\/www.radiopiu.net\/wordpress\/wp-content\/uploads\/2020\/06\/PHOTO-2020-06-09-17-03-18-1-225x300.jpg 225w, https:\/\/www.radiopiu.net\/wordpress\/wp-content\/uploads\/2020\/06\/PHOTO-2020-06-09-17-03-18-1-768x1024.jpg 768w, https:\/\/www.radiopiu.net\/wordpress\/wp-content\/uploads\/2020\/06\/PHOTO-2020-06-09-17-03-18-1-1152x1536.jpg 1152w, https:\/\/www.radiopiu.net\/wordpress\/wp-content\/uploads\/2020\/06\/PHOTO-2020-06-09-17-03-18-1.jpg 1200w\" sizes=\"auto, (max-width: 193px) 100vw, 193px\" \/><\/a>BELLUNO<\/strong>\u00a0 <span style=\"font-size: 13pt;\">\u00c8 stato installato oggi il primo \u201combrello anti-guano\u201d a tutela dei nidi delle rondini del centro storico. L\u2019iniziativa rientra nel progetto \u201cBelluno citt\u00e0 delle rondini\u201d, che vede la stretta collaborazione tra Provincia, Comune di Belluno, mondo ambientalista e associazioni venatorie.<\/span><br \/>\n<span style=\"font-size: 13pt;\">L\u2019ombrello colorato \u00e8 stato installato sotto i portici, proprio davanti alla porta d\u2019ingresso di un locale pubblico, dove \u00e8 presente un nido con tanto di rondinini. Posizionato a rovescio, ha lo scopo di raccogliere il guano e impedirne la caduta. \u00abAl contempo, serve anche a segnalare la presenza di un nido e quindi a invitare il passante a sollevare lo sguardo &#8211; spiega l\u2019assessore all\u2019ambiente del Comune di Belluno, Alberto Simiele, presente all\u2019installazione -. \u00c8 stato appeso con un filo sottilissimo, senza arrecare disturbo alle rondini. A un\u2019altezza tale da evitare la caduta del guano, senza per\u00f2 dare appigli ai corvidi per eventuali predazioni del nido\u00bb. <\/span><span style=\"font-size: 13pt;\">Provincia e Comune di Belluno stanno pensando di organizzare ulteriori iniziative nell\u2019ambito del progetto.\u00a0<\/span><br \/>\n<span style=\"font-size: 13pt;\">\u201cBelluno citt\u00e0 delle rondini\u201d ha ricevuto anche l\u2019apprezzamento dell\u2019Ascom, che plaude all\u2019interesse ecologico oltre che all\u2019attenzione riservata alle attivit\u00e0 economiche del centro cittadino. \u00abTutto quello che riguarda l\u2019aspetto ecologico e naturalistico del territorio \u00e8 un richiamo turistico &#8211; commenta il presidente Ascom, Paolo Doglioni -. Senza contare che le rondini contribuiscono alla salubrit\u00e0 dell\u2019aria, essendo insettivore. Significa che Belluno \u00e8 una citt\u00e0 a misura d\u2019uomo\u00bb.<\/span><\/p>\n<p>&nbsp;<\/p>\n<p>&nbsp;<\/p>\n<p>&nbsp;<\/p>\n<hr \/>\n<blockquote>\n<h3>ASCA CERCA EDUCATORE PROFESSIONALE<\/h3>\n<\/blockquote>\n<p><strong><a class=\"dt-pswp-item\" href=\"https:\/\/www.radiopiu.net\/wordpress\/wp-content\/uploads\/2020\/04\/ASCA.png\" data-dt-img-description=\"\" data-large_image_width=\"1211\" data-large_image_height=\"668\"><img loading=\"lazy\" decoding=\"async\" class=\" wp-image-128881 alignleft\" src=\"https:\/\/www.radiopiu.net\/wordpress\/wp-content\/uploads\/2020\/04\/ASCA-300x165.png\" alt=\"\" width=\"251\" height=\"138\" srcset=\"https:\/\/www.radiopiu.net\/wordpress\/wp-content\/uploads\/2020\/04\/ASCA-300x165.png 300w, https:\/\/www.radiopiu.net\/wordpress\/wp-content\/uploads\/2020\/04\/ASCA-1024x565.png 1024w, https:\/\/www.radiopiu.net\/wordpress\/wp-content\/uploads\/2020\/04\/ASCA-768x424.png 768w, https:\/\/www.radiopiu.net\/wordpress\/wp-content\/uploads\/2020\/04\/ASCA.png 1211w\" sizes=\"auto, (max-width: 251px) 100vw, 251px\" \/><\/a>AGORDO\u00a0<\/strong>E\u2019 rinvenibile \u00a0sulla home page del sito dell\u2019Azienda ASCA\u00a0www.servizisocialiasca.it\u00a0 l\u2019avviso relativo alla selezione per:\u00a0EDUCATORE PROFESSIONALE\u00a0per la formulazione di una graduatoria di idoneit\u00e0 finalizzata all\u2019inserimento a tempo indeterminato e determinato a tempo pieno e parziale presso la RSA di Agordo<strong>.\u00a0<\/strong>Il termine ultimo per la presentazione delle candidature \u00e8 fissato entro e non oltre le ore 12.00 del giorno\u00a030 giugno 2020.<\/p>\n<p>&nbsp;<\/p>\n<p>&nbsp;<\/p>\n<hr \/>\n<p>&nbsp;<\/p>\n<blockquote>\n<h3><\/h3>\n<h3 align=\"CENTER\"><span style=\"font-family: Arial, sans-serif;\"><b>Centri diurni con persone con disabilit\u00e0: il punto della situazione <\/b><\/span><\/h3>\n<\/blockquote>\n<p align=\"JUSTIFY\"><span style=\"font-family: Arial, sans-serif;\"><span style=\"font-size: medium;\"><strong>BELLUNO<\/strong> I Centri Diurni per Persone con disabilit\u00e0 del Distretto 1 di Belluno e Distretto 2 di Feltre dell\u2019ULSS1 Dolomiti hanno riaperto le loro attivit\u00e0. <\/span><\/span><span style=\"font-family: Arial, sans-serif;\"><span style=\"font-size: medium;\">Durante il periodo di sospensione delle attivit\u00e0 in sede per l\u2019emergenza COVID erano stati garantiti il sostegno e il monitoraggio degli Utenti e\/o delle loro famiglie da parte dei servizi a cui afferiscono, anche con prestazioni personalizzate e a domicilio per le persone, la cui situazione personale e di contesto richiedeva questo tipo di soluzione al fine di superare il contingente stato di necessit\u00e0. <\/span><\/span><span style=\"font-family: Arial, sans-serif;\"><span style=\"font-size: medium;\">Sono stati compiuti i passaggi contenuti nella delibera della Regione del Veneto n. 595\/2020 e nello specifico: <\/span><\/span><span style=\"font-family: Arial, sans-serif;\"><span style=\"font-size: medium;\">tutti Centri Diurni hanno formulato<\/span><\/span><span style=\"font-family: Arial, sans-serif;\"><span style=\"font-size: medium;\"> il \u201cPiano organizzativo e delle attivit\u00e0\u201d,<\/span><\/span><span style=\"font-family: Arial, sans-serif;\"><span style=\"font-size: medium;\"> suddividendo per nuclei il personale e gli Ospiti, secondo le normative; <\/span><\/span><span style=\"font-size: medium; font-family: Arial, sans-serif;\">tutti i Centri diurni hanno riorganizzato gli spazi seguendo le indicazioni regionali; <\/span><span style=\"font-size: medium; font-family: Arial, sans-serif;\">tutti i Centri Diurni si sono attivati per preparare cartellonistica da esporre nei servizi, secondo la normativa vigente; <\/span><span style=\"font-size: medium; font-family: Arial, sans-serif;\">tutti i Centri Diurni hanno predisposto protocolli e\/o procedure che regolano il comportamento del personale, l\u2019igienizzazione e la sanificazione dei locali, i patti con le famiglie, comportamenti da seguire in caso di presenza o contatto con persone positive, contatti con visitatori e fornitori, utilizzo dei DPI; <\/span><span style=\"font-size: medium; font-family: Arial, sans-serif;\">tutti i Centri Diurni si sono attrezzati con i Dispositivi di Protezione Individuale necessari; <\/span><span style=\"font-size: medium; font-family: Arial, sans-serif;\">\u00e8 in atto la vigilanza sanitaria degli operatori secondo il programma contenuto delle disposizioni regionali;<\/span><span style=\"font-size: medium; font-family: Arial, sans-serif;\">sono stati eseguiti i tamponi a tutti gli Utenti che hanno dimostrato un interesse a riprendere la frequenza dei Centri Diurni; i centri diurni a gestione diretta e in\u00a0 <\/span><span style=\"font-family: Arial, sans-serif;\"><span style=\"font-size: medium;\">convenzione hanno stipulato accordi con le ditte <\/span><\/span><span style=\"font-size: medium; font-family: Arial, sans-serif;\">che si occupano dei trasporti in modo da garantire il mantenimento dei cluster anche durante il percorso casa-servizio e viceversa; <\/span><span style=\"font-size: medium; font-family: Arial, sans-serif;\">nello spirito della co-progettazione con l\u2019Azienda ULSS, come indicato dalla DGR n. 595\/2020, sono stati condotti i sopralluoghi delle strutture da parte del personale dello SPISAL\/SISP e del Servizio di Protezione e Prevenzione. Le relazioni dei sopralluoghi e i documenti preparati dai servizi sono stati recepiti nei piani organizzativi e delle attivit\u00e0. <\/span><span style=\"font-family: Arial, sans-serif;\"><span style=\"font-size: medium;\">Alcune famiglie preferiscono tenere a casa ancora per un po\u2019 i propri congiunti. Per tali utenti continueranno le attivit\u00e0 di monitoraggio e sostegno in atto dalla data di chiusura come da delibera regionale 445\/2020. <\/span><\/span><span style=\"font-family: Arial, sans-serif;\"><span style=\"font-size: medium;\">Nel complesso, gli Utenti che hanno <\/span><\/span><span style=\"font-family: Arial, sans-serif;\"><span style=\"font-size: medium;\"><u><b>dimostrato interesse<\/b><\/u><\/span><\/span><span style=\"font-family: Arial, sans-serif;\"><span style=\"font-size: medium;\"> e che hanno ripreso la frequenza ai Centri Diurni sono 239 su 302 Utenti totali. <\/span><\/span><span style=\"font-family: Arial, sans-serif;\"><span style=\"font-size: medium;\">Il numero degli utenti ammessi alla frequenza \u00e8 destinato ad aumentare col passare del tempo, per arrivare gradualmente a garantire il servizio complessivo precedente all\u2019emergenza.\u00a0<\/span><\/span><\/p>\n<hr \/>\n<h2><\/h2>\n<p>&nbsp;<\/p>\n<blockquote>\n<h3><strong>YOGA SULLE DOLOMITI: IL 21 GIUGNO IN DIRETTA SU YOUTUBE<\/strong><\/h3>\n<h3><em>Un saluto al sole davvero eccezionale, accadr\u00e0 live dal Col Margherita, a 2.514 metri<\/em><\/h3>\n<\/blockquote>\n<p><strong><a class=\"dt-pswp-item\" href=\"https:\/\/www.radiopiu.net\/wordpress\/wp-content\/uploads\/2020\/06\/Col-Margherita-scaled.jpg\" data-dt-img-description=\"\" data-large_image_width=\"2560\" data-large_image_height=\"1920\"><img loading=\"lazy\" decoding=\"async\" class=\" wp-image-143392 alignleft\" src=\"https:\/\/www.radiopiu.net\/wordpress\/wp-content\/uploads\/2020\/06\/Col-Margherita-300x225.jpg\" alt=\"\" width=\"168\" height=\"126\" srcset=\"https:\/\/www.radiopiu.net\/wordpress\/wp-content\/uploads\/2020\/06\/Col-Margherita-300x225.jpg 300w, https:\/\/www.radiopiu.net\/wordpress\/wp-content\/uploads\/2020\/06\/Col-Margherita-1024x768.jpg 1024w, https:\/\/www.radiopiu.net\/wordpress\/wp-content\/uploads\/2020\/06\/Col-Margherita-768x576.jpg 768w, https:\/\/www.radiopiu.net\/wordpress\/wp-content\/uploads\/2020\/06\/Col-Margherita-1536x1152.jpg 1536w, https:\/\/www.radiopiu.net\/wordpress\/wp-content\/uploads\/2020\/06\/Col-Margherita-2048x1536.jpg 2048w\" sizes=\"auto, (max-width: 168px) 100vw, 168px\" \/><\/a>FALCADE<\/strong>\u00a0 Dal proprio salotto, dal giardino o da qualsiasi altro angolo della terra in cui ci si trovi si potr\u00e0 <strong>praticare yoga ammirando le Dolomiti Patrimonio Unesco.<\/strong> Accadr\u00e0 il 21 giugno prossimo, data scelta dalle Nazioni Unite per celebrare la\u00a0Giornata Internazionale dello Yoga, istituita ufficialmente nel dicembre del 2014 dall&#8217;Assemblea Generale dell&#8217;ONU.\u00a0 <strong>Sulla terrazza naturale del Col Margherita, a 2.514 metri, nella Ski Area San Pellegrino<\/strong>, andr\u00e0 in onda la <strong>trasmissione live in streaming globale<\/strong>, espandendo la propria consapevolezza grazie ai maestri dell\u2019associazione culturale cuoriDILUCE. <strong>Dalle 8 alle 10 del 21 giugno, solstizio d\u2019estate,<\/strong> si terr\u00e0 il collegamento con i maestri in vetta. Per partecipare baster\u00e0 connettersi al canale Youtube <a href=\"https:\/\/www.youtube.com\/channel\/UCZ633m2Qvud2K7C3Z-5g52g\">Yogaday Treviso<\/a>. L\u2019appuntamento, che rientra nel calendario del Yoga Summer Tour Veneto 2020, invita a \u201cvivere e connettersi con il territorio\u201d toccando uno dei luoghi pi\u00f9 panoramici delle Dolomiti. La ricerca di elevazione spirituale si arricchir\u00e0 simbolicamente della maestosit\u00e0 di vette e luoghi ameni, ammirando uno scenario unico: dalla parete sud della Marmolada, al monte Pelmo, dalla maestosit\u00e0 del Civetta fino alle Pale di San Martino.<i> <\/i>All\u2019appuntamento del 21 giugno faranno seguito altri eventi che uniscono arte, musica e natura nella Ski Area San Pellegrino. In agenda c\u2019\u00e8 gi\u00e0 il concerto \u201cLa mia Terra\u201d in programma il 7 agosto 2020, ore 10.30, a Falcade presso il Bosco degli Artisti, con la grande orchestra a quasi 2000 metri.<\/p>\n<p><em>\u00a0\u00a0<\/em><\/p>\n<hr \/>\n<p>&nbsp;<\/p>\n<blockquote>\n<h2>la proloco di Sedico assegna l&#8217;auto al numero 196 LOTTERIE ED ESTRAZIONI, OGGI A SEDICO PROSSIMAMENTE A TAIBON E AGORDO<\/h2>\n<\/blockquote>\n<p style=\"text-align: left;\"><strong><a class=\"dt-pswp-item\" href=\"https:\/\/www.radiopiu.net\/wordpress\/wp-content\/uploads\/2020\/06\/103154025_10223729615057930_7251499444264701686_o.jpg\" data-dt-img-description=\"\" data-large_image_width=\"866\" data-large_image_height=\"960\"><img loading=\"lazy\" decoding=\"async\" class=\"wp-image-143461 alignleft\" src=\"https:\/\/www.radiopiu.net\/wordpress\/wp-content\/uploads\/2020\/06\/103154025_10223729615057930_7251499444264701686_o.jpg\" alt=\"\" width=\"153\" height=\"169\" srcset=\"https:\/\/www.radiopiu.net\/wordpress\/wp-content\/uploads\/2020\/06\/103154025_10223729615057930_7251499444264701686_o.jpg 866w, https:\/\/www.radiopiu.net\/wordpress\/wp-content\/uploads\/2020\/06\/103154025_10223729615057930_7251499444264701686_o-271x300.jpg 271w, https:\/\/www.radiopiu.net\/wordpress\/wp-content\/uploads\/2020\/06\/103154025_10223729615057930_7251499444264701686_o-768x851.jpg 768w\" sizes=\"auto, (max-width: 153px) 100vw, 153px\" \/><\/a>TAIBON<\/strong> La sagra de Pasca \u00e8 stata annientata dal covid19 ma la lotteria no. Il gruppo sportivo Taibon ha messo in calendario l&#8217;estrazione per il 25 luglio alle 18 in sala San Rocca (ex Municipio) di Taibon Agordino. La vendita dei biglietti continua.<\/p>\n<p style=\"text-align: left;\"><strong>AGORDO<\/strong> Idem per la sagra di San Vincenzo del Le Ville di Agordo, l&#8217;estrazione si far\u00e0 a settembre nella sede di Prompicai.<\/p>\n<p>&nbsp;<\/p>\n<blockquote>\n<h2>SEDICO LOTTERIA DEL CARNEVALE, I NUMERO VINCENTI<\/h2>\n<\/blockquote>\n<p><strong>IL PRESIDENTE, CLAUDIO MEZZAVILLA<\/strong>: <em>&#8221; Siamo felici di essere riusciti, sebbene i ritardi e le profonde difficolt\u00e0 causate da questa emergenza sanitaria, ad effettuare la lotteria del carnevale di Sedico. Il ritiro dei premi pu\u00f2 essere effettuato entro il giorno 08\/08\/2020. Ringrazio tutti i volontari che con grande impegno portano avanti la nostra associazione e dedico un particolare ringraziamento al Consiglio Direttivo che sar\u00e0 rinnovato il giorno 21\/06\/2020&#8243;<\/em><\/p>\n<p>&nbsp;<\/p>\n<a href=\"https:\/\/www.radiopiu.net\/wordpress\/wp-content\/uploads\/2020\/06\/ESTRAZIONE-LOTTERIA-2020.pdf\" class=\"pdfemb-viewer\" style=\"\" data-width=\"max\" data-height=\"max\" data-toolbar=\"top\" data-toolbar-fixed=\"on\">ESTRAZIONE LOTTERIA 2020<\/a>\n<p>&nbsp;<\/p>\n<hr \/>\n<p>&nbsp;<\/p>\n<p>&nbsp;<\/p>\n<blockquote>\n<h3>QUATRO CIACOLE SU AGORT, QUINDICESIMA PUNTATA CON ANNA MAGRO &#8220;IL CAI SEZIONE AGORDINA ARMANDO TAMA DA ROIT&#8221;<\/h3>\n<p>&nbsp;<\/p><\/blockquote>\n<p>Oggi Anna ci parler\u00e0 del CAI e pi\u00f9 precisamente della sezione agordina\u00a0 Ci spiegher\u00e0 cosa fa il CAI, come aderire alle loro iniziative e i vantaggi di essere socio di questa associazione. Il lavoro di questo gruppo di volontari \u00e8 davvero importante per il nostro territorio ed \u00e8 proprio grazie a loro se tutti noi abbiamo la possibilit\u00e0 di goderci le nostre passeggiate in montagna. Come dice Anna, non \u00e8 scontato trovare i sentieri puliti e molte altre comodit\u00e0!<\/p>\n<p>https:\/\/www.facebook.com\/AdAgordoProloco\/videos\/2653876318190659\/<\/p>\n<p>&nbsp;<\/p>\n<p>&nbsp;<\/p>\n<p>&nbsp;<\/p>\n<hr \/>\n<p>&nbsp;<\/p>\n<p>&nbsp;<\/p>\n<blockquote class=\"wp-embedded-content\" data-secret=\"zNr0UrgKT3\"><p><a href=\"https:\/\/www.radiopiu.net\/wordpress\/grande-amore-per-la-terra-veneta-del-poeta-bellunese-ugo-fasolo-di-renato-bona\/\">GRANDE AMORE PER LA TERRA VENETA DEL POETA BELLUNESE UGO FASOLO di RENATO BONA<\/a><\/p><\/blockquote>\n<p><iframe loading=\"lazy\" title=\"&#8220;GRANDE AMORE PER LA TERRA VENETA DEL POETA BELLUNESE UGO FASOLO di RENATO BONA&#8221; &#8212; Radio Pi\u00f9\" class=\"wp-embedded-content\" sandbox=\"allow-scripts\" security=\"restricted\" style=\"position: absolute; clip: rect(1px, 1px, 1px, 1px);\" src=\"https:\/\/www.radiopiu.net\/wordpress\/grande-amore-per-la-terra-veneta-del-poeta-bellunese-ugo-fasolo-di-renato-bona\/embed\/#?secret=zNr0UrgKT3\" data-secret=\"zNr0UrgKT3\" width=\"600\" height=\"338\" frameborder=\"0\" marginwidth=\"0\" marginheight=\"0\" scrolling=\"no\"><\/iframe><\/p>\n<p>&nbsp;<\/p>\n<p>&nbsp;<\/p>\n<p>&nbsp;<\/p>\n<p>&nbsp;<\/p>\n<hr \/>\n<p>&nbsp;<\/p>\n<h2>CON IERI E&#8217; INIZIATA LA NUOVA EDIZIONE DE &#8220;ZAINO DA VIAGGIO AL FEMMINILE&#8221;, CON PAOLA LANCIATO&#8221;, PRIMA PUNTATA TRA I BORGHI PIU&#8217; BELLI D&#8217;ITALIA.<\/h2>\n<audio class=\"wp-audio-shortcode\" id=\"audio-143305-12\" preload=\"none\" style=\"width: 100%;\" controls=\"controls\"><source type=\"audio\/mpeg\" src=\"https:\/\/www.radiopiu.net\/wordpress\/wp-content\/uploads\/2020\/06\/1-Cella-Monte.mp3?_=12\" \/><a href=\"https:\/\/www.radiopiu.net\/wordpress\/wp-content\/uploads\/2020\/06\/1-Cella-Monte.mp3\">https:\/\/www.radiopiu.net\/wordpress\/wp-content\/uploads\/2020\/06\/1-Cella-Monte.mp3<\/a><\/audio>\n<p>&nbsp;<\/p>\n\n\t\t\t<style type='text\/css'>\n\t\t\t\t#gallery-1 {\n\t\t\t\t\tmargin: auto;\n\t\t\t\t}\n\t\t\t\t#gallery-1 .gallery-item {\n\t\t\t\t\tfloat: left;\n\t\t\t\t\tmargin-top: 10px;\n\t\t\t\t\ttext-align: center;\n\t\t\t\t\twidth: 33%;\n\t\t\t\t}\n\t\t\t\t#gallery-1 img {\n\t\t\t\t\tborder: 2px solid #cfcfcf;\n\t\t\t\t}\n\t\t\t\t#gallery-1 .gallery-caption {\n\t\t\t\t\tmargin-left: 0;\n\t\t\t\t}\n\t\t\t\t\/* see gallery_shortcode() in wp-includes\/media.php *\/\n\t\t\t<\/style>\n\t\t<div id='gallery-1' class='dt-gallery-container gallery galleryid-143305 gallery-columns-3 gallery-size-thumbnail'><dl class='gallery-item'>\n\t\t\t\t<dt class='gallery-icon landscape'>\n\t\t\t\t\t<a class=\"rollover\" href='https:\/\/www.radiopiu.net\/wordpress\/giornale-radiopiu-10-giugno-2020-direttore-mirko-mezzacasa\/103371525_2690596607889775_5803374274894713406_n\/'><img loading=\"lazy\" decoding=\"async\" width=\"150\" height=\"150\" src=\"https:\/\/www.radiopiu.net\/wordpress\/wp-content\/uploads\/2020\/06\/103371525_2690596607889775_5803374274894713406_n-150x150.jpg\" class=\"attachment-thumbnail size-thumbnail\" alt=\"\" \/><\/a>\n\t\t\t\t<\/dt><\/dl><dl class='gallery-item'>\n\t\t\t\t<dt class='gallery-icon landscape'>\n\t\t\t\t\t<a class=\"rollover\" href='https:\/\/www.radiopiu.net\/wordpress\/giornale-radiopiu-10-giugno-2020-direttore-mirko-mezzacasa\/102594376_2690596621223107_378580900968072232_n\/'><img loading=\"lazy\" decoding=\"async\" width=\"150\" height=\"150\" src=\"https:\/\/www.radiopiu.net\/wordpress\/wp-content\/uploads\/2020\/06\/102594376_2690596621223107_378580900968072232_n-150x150.jpg\" class=\"attachment-thumbnail size-thumbnail\" alt=\"\" srcset=\"https:\/\/www.radiopiu.net\/wordpress\/wp-content\/uploads\/2020\/06\/102594376_2690596621223107_378580900968072232_n-150x150.jpg 150w, https:\/\/www.radiopiu.net\/wordpress\/wp-content\/uploads\/2020\/06\/102594376_2690596621223107_378580900968072232_n-300x300.jpg 300w, https:\/\/www.radiopiu.net\/wordpress\/wp-content\/uploads\/2020\/06\/102594376_2690596621223107_378580900968072232_n.jpg 768w\" sizes=\"auto, (max-width: 150px) 100vw, 150px\" \/><\/a>\n\t\t\t\t<\/dt><\/dl><dl class='gallery-item'>\n\t\t\t\t<dt class='gallery-icon landscape'>\n\t\t\t\t\t<a class=\"rollover\" href='https:\/\/www.radiopiu.net\/wordpress\/giornale-radiopiu-10-giugno-2020-direttore-mirko-mezzacasa\/103041041_2690596697889766_5178840215437909760_o\/'><img loading=\"lazy\" decoding=\"async\" width=\"150\" height=\"150\" src=\"https:\/\/www.radiopiu.net\/wordpress\/wp-content\/uploads\/2020\/06\/103041041_2690596697889766_5178840215437909760_o-150x150.jpg\" class=\"attachment-thumbnail size-thumbnail\" alt=\"\" \/><\/a>\n\t\t\t\t<\/dt><\/dl><br style=\"clear: both\" \/><dl class='gallery-item'>\n\t\t\t\t<dt class='gallery-icon landscape'>\n\t\t\t\t\t<a class=\"rollover\" href='https:\/\/www.radiopiu.net\/wordpress\/giornale-radiopiu-10-giugno-2020-direttore-mirko-mezzacasa\/102598338_2690596624556440_1968010494040937974_o\/'><img loading=\"lazy\" decoding=\"async\" width=\"150\" height=\"150\" src=\"https:\/\/www.radiopiu.net\/wordpress\/wp-content\/uploads\/2020\/06\/102598338_2690596624556440_1968010494040937974_o-150x150.jpg\" class=\"attachment-thumbnail size-thumbnail\" alt=\"\" \/><\/a>\n\t\t\t\t<\/dt><\/dl><dl class='gallery-item'>\n\t\t\t\t<dt class='gallery-icon landscape'>\n\t\t\t\t\t<a class=\"rollover\" href='https:\/\/www.radiopiu.net\/wordpress\/giornale-radiopiu-10-giugno-2020-direttore-mirko-mezzacasa\/102400737_2690596741223095_6490564185059055405_o\/'><img loading=\"lazy\" decoding=\"async\" width=\"150\" height=\"150\" src=\"https:\/\/www.radiopiu.net\/wordpress\/wp-content\/uploads\/2020\/06\/102400737_2690596741223095_6490564185059055405_o-150x150.jpg\" class=\"attachment-thumbnail size-thumbnail\" alt=\"\" \/><\/a>\n\t\t\t\t<\/dt><\/dl>\n\t\t\t\t<br style='clear: both' \/>\n\t\t\t<\/div>\n\n<p>&nbsp;<\/p>\n<h2>RACCOLTE COMPLETE, TRE EDIZIONI<\/h2>\n<blockquote class=\"wp-embedded-content\" data-secret=\"qTap1eVwIg\"><p><a href=\"https:\/\/www.radiopiu.net\/wordpress\/zaino-femminile-lanciato\/\">Zaino da viaggio al femminile<\/a><\/p><\/blockquote>\n<p><iframe loading=\"lazy\" title=\"&#8220;Zaino da viaggio al femminile&#8221; &#8212; Radio Pi\u00f9\" class=\"wp-embedded-content\" sandbox=\"allow-scripts\" security=\"restricted\" style=\"position: absolute; clip: rect(1px, 1px, 1px, 1px);\" src=\"https:\/\/www.radiopiu.net\/wordpress\/zaino-femminile-lanciato\/embed\/#?secret=qTap1eVwIg\" data-secret=\"qTap1eVwIg\" width=\"600\" height=\"338\" frameborder=\"0\" marginwidth=\"0\" marginheight=\"0\" scrolling=\"no\"><\/iframe><\/p>\n<p>&nbsp;<\/p>\n<hr \/>\n<h2>IERI ALLA RADIO<\/h2>\n<h3><a class=\"dt-pswp-item\" href=\"https:\/\/www.radiopiu.net\/wordpress\/wp-content\/uploads\/2020\/04\/ALTA-BADIA.png\" data-dt-img-description=\"\" data-large_image_width=\"1692\" data-large_image_height=\"968\"><img loading=\"lazy\" decoding=\"async\" class=\"size-medium wp-image-132405 alignleft\" src=\"https:\/\/www.radiopiu.net\/wordpress\/wp-content\/uploads\/2020\/04\/ALTA-BADIA-300x172.png\" alt=\"\" width=\"300\" height=\"172\" srcset=\"https:\/\/www.radiopiu.net\/wordpress\/wp-content\/uploads\/2020\/04\/ALTA-BADIA-300x172.png 300w, https:\/\/www.radiopiu.net\/wordpress\/wp-content\/uploads\/2020\/04\/ALTA-BADIA-1024x586.png 1024w, https:\/\/www.radiopiu.net\/wordpress\/wp-content\/uploads\/2020\/04\/ALTA-BADIA-768x439.png 768w, https:\/\/www.radiopiu.net\/wordpress\/wp-content\/uploads\/2020\/04\/ALTA-BADIA-1536x879.png 1536w, https:\/\/www.radiopiu.net\/wordpress\/wp-content\/uploads\/2020\/04\/ALTA-BADIA.png 1692w\" sizes=\"auto, (max-width: 300px) 100vw, 300px\" \/><\/a><span style=\"color: #0000ff;\">ROBERTO HUBER, DIRETTORE AZIENDA TURISTICA ALTA BADIA<\/span><\/h3>\n<p><strong>di Claudio Fontanive\u00a0<\/strong><\/p>\n<audio class=\"wp-audio-shortcode\" id=\"audio-143305-13\" preload=\"none\" style=\"width: 100%;\" controls=\"controls\"><source type=\"audio\/mpeg\" src=\"https:\/\/www.radiopiu.net\/wordpress\/wp-content\/uploads\/2020\/06\/roberto-huber-9-giugno.mp3?_=13\" \/><a href=\"https:\/\/www.radiopiu.net\/wordpress\/wp-content\/uploads\/2020\/06\/roberto-huber-9-giugno.mp3\">https:\/\/www.radiopiu.net\/wordpress\/wp-content\/uploads\/2020\/06\/roberto-huber-9-giugno.mp3<\/a><\/audio>\n<p>&nbsp;<\/p>\n<h3><span style=\"color: #ff0000;\">DUE MINUTI UN LIBRO<\/span><\/h3>\n<p>&nbsp;<\/p>\n<p><strong>LE ALTRE PUNTATE<\/strong><\/p>\n<blockquote class=\"wp-embedded-content\" data-secret=\"8izPVrecj6\"><p><a href=\"https:\/\/www.radiopiu.net\/wordpress\/due-minuti-un-libro\/\">Due minuti un libro<\/a><\/p><\/blockquote>\n<p><iframe loading=\"lazy\" title=\"&#8220;Due minuti un libro&#8221; &#8212; Radio Pi\u00f9\" class=\"wp-embedded-content\" sandbox=\"allow-scripts\" security=\"restricted\" style=\"position: absolute; clip: rect(1px, 1px, 1px, 1px);\" src=\"https:\/\/www.radiopiu.net\/wordpress\/due-minuti-un-libro\/embed\/#?secret=8izPVrecj6\" data-secret=\"8izPVrecj6\" width=\"600\" height=\"338\" frameborder=\"0\" marginwidth=\"0\" marginheight=\"0\" scrolling=\"no\"><\/iframe><\/p>\n<h3><span style=\"color: #339966;\">AGORDINOMERON<\/span><\/h3>\n<blockquote class=\"wp-embedded-content\" data-secret=\"kV9DJdfvyA\"><p><a href=\"https:\/\/www.radiopiu.net\/wordpress\/agordinomeron\/\">AGORDINOMERON, IL TERRITORIO SI RACCONTA Da un&#8217;idea di Gianni Santomaso<\/a><\/p><\/blockquote>\n<p><iframe loading=\"lazy\" title=\"&#8220;AGORDINOMERON, IL TERRITORIO SI RACCONTA Da un&#8217;idea di Gianni Santomaso&#8221; &#8212; Radio Pi\u00f9\" class=\"wp-embedded-content\" sandbox=\"allow-scripts\" security=\"restricted\" style=\"position: absolute; clip: rect(1px, 1px, 1px, 1px);\" src=\"https:\/\/www.radiopiu.net\/wordpress\/agordinomeron\/embed\/#?secret=kV9DJdfvyA\" data-secret=\"kV9DJdfvyA\" width=\"600\" height=\"338\" frameborder=\"0\" marginwidth=\"0\" marginheight=\"0\" scrolling=\"no\"><\/iframe><\/p>\n<h3><span style=\"color: #666699;\">IL MESSAGGIO DEI SACERDOTI A RADIO PIU&#8217;<\/span><\/h3>\n<blockquote class=\"wp-embedded-content\" data-secret=\"RiuYkbFzTM\"><p><a href=\"https:\/\/www.radiopiu.net\/wordpress\/chiesa\/\">DON CESARE  SU RADIO PIU&#8217; ALLE 7.30 E 19.30, PARROCCHIE DI AGORDO, LA VALLE E TAIBON<\/a><\/p><\/blockquote>\n<p><iframe loading=\"lazy\" title=\"&#8220;DON CESARE  SU RADIO PIU&#8217; ALLE 7.30 E 19.30, PARROCCHIE DI AGORDO, LA VALLE E TAIBON&#8221; &#8212; Radio Pi\u00f9\" class=\"wp-embedded-content\" sandbox=\"allow-scripts\" security=\"restricted\" style=\"position: absolute; clip: rect(1px, 1px, 1px, 1px);\" src=\"https:\/\/www.radiopiu.net\/wordpress\/chiesa\/embed\/#?secret=RiuYkbFzTM\" data-secret=\"RiuYkbFzTM\" width=\"600\" height=\"338\" frameborder=\"0\" marginwidth=\"0\" marginheight=\"0\" scrolling=\"no\"><\/iframe><\/p>\n<p>&nbsp;<\/p>\n<hr \/>\n<p>&nbsp;<\/p>\n<p><strong class=\"photoswipe-wrapper\"><a class=\"dt-pswp-item pspw-wrap-ready\" href=\"https:\/\/i0.wp.com\/www.radiopiu.net\/wordpress\/wp-content\/uploads\/2018\/09\/viabilita.jpeg?ssl=1\" data-dt-img-description=\"\" data-large_image_width=\"800\" data-large_image_height=\"100\"><img loading=\"lazy\" decoding=\"async\" class=\"aligncenter wp-image-61954 size-full jetpack-lazy-image jetpack-lazy-image--handled\" src=\"https:\/\/i0.wp.com\/www.radiopiu.net\/wordpress\/wp-content\/uploads\/2018\/09\/viabilita.jpeg?resize=800%2C100&amp;ssl=1\" sizes=\"auto, (max-width: 800px) 100vw, 800px\" srcset=\"https:\/\/i0.wp.com\/www.radiopiu.net\/wordpress\/wp-content\/uploads\/2018\/09\/viabilita.jpeg?w=800&amp;ssl=1 800w, https:\/\/i0.wp.com\/www.radiopiu.net\/wordpress\/wp-content\/uploads\/2018\/09\/viabilita.jpeg?resize=300%2C38&amp;ssl=1 300w, https:\/\/i0.wp.com\/www.radiopiu.net\/wordpress\/wp-content\/uploads\/2018\/09\/viabilita.jpeg?resize=768%2C96&amp;ssl=1 768w\" alt=\"\" width=\"800\" height=\"100\" data-lazy-loaded=\"1\" \/><\/a><\/strong><\/p>\n<p><strong>\u00a0<\/strong><\/p>\n<blockquote><p><em><strong>PROVINCIALE 563 DI SALESEI, LIVINALLONGO: CHIUSURA.<\/strong><\/em><br \/>\n<em><strong>OGGI CHIUSURA TOTALE ALLA CIRCOLAZIONE STRADALE DALLE 8 ALLE 12 E DALLE 13 ALLE 17.30 IN LOCALITA\u2019 PIAN DI SALESEI PER RIMOZIONE MASSA ROCCIOSA A MONTE DELLA STRADA. NEGLI ALTRI ORARI SENSO UNICO ALTERNATO CON SEMAFORO<\/strong><\/em><\/p><\/blockquote>\n<p>&nbsp;<\/p>\n<p>PROVINCIALE 20 DELLA VAL FIORENTINA, SELVA DI CADORE: FINO AL 13 GIUGNO, CHIUSURA TOTALE TRA SOLATOR E IL CENTRO DEL PAESE ANCHE NEI GIORNI FESTIVI E PREFESTIVI, DAL CHILOMETRO 4.850 AL CHILOMETRO 5.100. TRANSITO CONSENTITO AI LOCALI CON TEMPI DI ATTESA MASSIMI STIMATI IN 30 MINUTI IN LOCALITA\u2019 SOLATOR DAL CHILOMETRO 4.400 AL CHILOMETRO 4.850<\/p>\n<p>REGIONALE 48 DELLE DOLOMITI, LOCALIT\u00c0 POCOL INIZIO ABITATO CORTINA,FINO\u00a0 AL 12 GIUGNO SEMAFORO PER TRATTI DI 250 METRI ANCHE NEI GIORNI FESTIVI E PREFESTIVI<\/p>\n<p>REGIONALE 203 AGORDINA FINO AL 15 GIUGNO IN LOCALIT\u00c0 LA MUDA DEVIAZIONE SU VIABILIT\u00c0 PROVVISORIA, PRUDENZA<\/p>\n<p>PROVINCIALE 12 PEDEMONTANA LOCALIT\u00c0 PONTE MAS, CHIUSURA TOTALE DI PONTE MAS FINO\u00a0 AL 30 GIUGNO<\/p>\n<p>STRADA REGIONALE 48 DELLE DOLOMITI, DAL KM 110,350 AL KM 112, SENSO UNICO ALTERNATO REGOLATO DA IMPIANTO SEMAFORICO ANCHE SABATO E FESTIVI FINO\u00a0 AL 30 GIUGNO PER POSA ELETTRODOTTO INTERRATO<\/p>\n<p>PROVINCIALE 563 DI SALESEI, FINO\u00a0 AL 3 LUGLIO, SENSO UNICO ALTERNATO REGOLATO DA IMPIANTO SEMAFORICO IN LOCALIT\u00c0 DIGONERA PER MESSA IN SICUREZZA PIANO VIABILE, SABATO E FESTIVI INCLUSI<\/p>\n<p>REGIONALE 203 AGORDINA, CANDATEN-LA STANGA, FINO\u00a0 AL 30 GIUGNO INCLUSI SABATO E DOMENICA DALLE 7.30 ALLE 9 E DALLE 16.30 ALLE 18 SENSO UNICO ALTERNATO CON MOVIERI, NEGLI ALTRI PERIODI SENSO UNICO CON SEMAFORO.<\/p>\n<p>PROVINCIALE 563 DI SALESEI, FINO AL\u00a0 19 GIUGNO, DOMENICHE E FESTIVI ESCLUSI, SENSO UNICO ALTERNATO REGOLATO DA IMPIANTO SEMAFORICO E POSSIBILI BREVI INTERRUZIONI AL TRAFFICO DI 15 MINUTI PER MESSA IN SICUREZZA VERSANTE A MONTE DELLA STRADA<\/p>\n<p>STRADA PROVINCIALE 346 DEL SAN PELLEGRINO, NEI COMUNI DI FALCADE, CANALE E VALLADA, FINO\u00a0 AL 3 LUGLIO, INCLUSI SABATI E DOMENICHE, POSSIBILE ISTITUZIONE DI SENSO UNICO ALTERNATO REGOLATO DA MOVIERI PER SOSTITUZIONE CONDUTTORI E MANUTENZIONE LINEA ELETTRICA ALTA TENSIONE<\/p>\n<p>REGIONALE 203 AGORDINA, NEL COMUNE DI CENCENIGHE, FINO\u00a0 AL 3 LUGLIO, INCLUSI SABATI E DOMENICHE, POSSIBILE ISTITUZIONE DI SENSO UNICO ALTERNATO REGOLATO DA MOVIERI PER SOSTITUZIONE CONDUTTORI E MANUTENZIONE LINEA ELETTRICA ALTA TENSIONE<\/p>\n<p>STRADA PROVINCIALE 422 DELL\u2019ALPAGO E DEL CANSIGLIO, FINO AL\u00a0 19 GIUGNO, DALLE 8 ALLE 19, SENSO UNICO ALTERNATO REGOLATO DA IMPIANTO SEMAFORICO O MOVIERE PER POSA FIBRA OTTICA<\/p>\n<p>STRADA PROVINCIALE 346 DEL SAN PELLEGRINO, NEL COMUNE DI VALLADA AGORDINA\u00a0 FINO AL\u00a0 19 GIUGNO SENSO UNICO ALTERNATO REGOLATO DA IMPIANTO SEMAFORICO PER MESSA IN SICUREZZA BARRIERE DI PROTEZIONE LATERALI<\/p>\n<p>STRADA REGIONA 203 AGORDINA, TRA MAS DI SEDICO E CERNADOI SU TRATTI SALTUARI DI STRADA, FINO\u00a0 AL 30 GIUGNO, ESCLUSO SABATO E DOMENICA, SENSO UNICO ALTERNATO REGOLATO DA IMPIANTO SEMAFORICO PER MESSA IN SICUREZZA BARRIERE DI PROTEZIONE LATERALI<\/p>\n<p>STRADA PROVINCIALE 347 DEL PASSO CEREDA E DURAN, NEL COMUNE DI GOSALDO (LOC. SANT\u2019ANDREA),\u00a0 FINO\u00a0 AL 20 GIUGNO SENSO UNICO ALTERNATO REGOLATO DA IMPIANTO SEMAFORICO PER MESSA IN SICUREZZA DELLA STRADA<\/p>\n<p>STRADA PROVINCIALE 347 DEL PASSO CEREDA E DURAN, NEL COMUNE DI AGORDO, FINO\u00a0 AL 12 GIUGNO SENSO UNICO ALTERNATO REGOLATO DA IMPIANTO SEMAFORICO PER POSA FIBRA OTTICA<\/p>\n<p>STRADA REGIONALE 48 DELLE DOLOMITI, NEL COMUNE DI LIVINALLONGO DEL COL DI LANA IN LOCALITA\u2019 ANDRAZ, FINO\u00a0 AL 30 GIUGNO SENSO UNICO ALTERNATO REGOLATO DA IMPIANTO SEMAFORICO O MOVIERE CON POSSIBILI BREVI INTERRUZIONI TOTALI AL TRAFFICO DELLA DURATA MASSIMA DI 10 MINUTI, PER LAVORI DI MESSA IN SICUREZZA DEL VERSANTE<\/p>\n<p>STRADA PROVINCIALE 641 DEL PASSO FEDAIA, A SOTTOGUDA DI ROCCA PIETORE,FINO\u00a0 AL 19 GIUGNO, DALLE 7 ALLE 12 E DALLE 13 ALLE 18 ESCLUSI SABATO E DOMENICA, SENSO UNICO ALTERNATO REGOLATO DA MOVIERI PER RIPRISTINO PIANO VIABILE SU CAVIDOTTO MEDIA TENSIONE.<\/p>\n<p>STRADA PROVINCIALE 347 DEL PASSO CEREDA E DURAN, COMUNE DI VAL DI ZOLDO LOCALITA\u2019 CORNIGIAN, FINO AL 10 GIUGNO DALLE 7 ALLE 18\u00a0SENSO UNICO ALTERNATO REGOLATO DA IMPIANTO SEMAFORICO PER RICERCHE GEOGNOSTICHE<\/p>\n<p>48 DELLE DOLOMITI, LOCALITA\u2019 ANDRAZ DI LIVINALLONGO, FINO\u00a0 AL 26 GIUGNO SENSO UNICO CON SEMAFORO<\/p>\n<p>&nbsp;<\/p>\n<hr \/>\n<p>&nbsp;<\/p>\n<p><a class=\"dt-pswp-item\" href=\"https:\/\/www.radiopiu.net\/wordpress\/wp-content\/uploads\/2018\/09\/sport.jpg\" data-dt-img-description=\"\" data-large_image_width=\"800\" data-large_image_height=\"100\"><img loading=\"lazy\" decoding=\"async\" class=\"aligncenter wp-image-60761 size-full\" src=\"https:\/\/www.radiopiu.net\/wordpress\/wp-content\/uploads\/2018\/09\/sport.jpg\" alt=\"\" width=\"800\" height=\"100\" srcset=\"https:\/\/www.radiopiu.net\/wordpress\/wp-content\/uploads\/2018\/09\/sport.jpg 800w, https:\/\/www.radiopiu.net\/wordpress\/wp-content\/uploads\/2018\/09\/sport-300x38.jpg 300w, https:\/\/www.radiopiu.net\/wordpress\/wp-content\/uploads\/2018\/09\/sport-768x96.jpg 768w\" sizes=\"auto, (max-width: 800px) 100vw, 800px\" \/><\/a><\/p>\n<p>&nbsp;<\/p>\n<h3>ADRIANO LEVIS \u00c8 IL NUOVO PRESIDENTE DELL&#8217;ALLEGHE HOCKEY<\/h3>\n<p><strong><a class=\"dt-pswp-item\" href=\"https:\/\/www.radiopiu.net\/wordpress\/wp-content\/uploads\/2020\/06\/Adriano-LEVIS.jpg\" data-dt-img-description=\"\" data-large_image_width=\"2560\" data-large_image_height=\"2104\"><img loading=\"lazy\" decoding=\"async\" class=\"size-medium wp-image-143358 alignleft\" src=\"https:\/\/www.radiopiu.net\/wordpress\/wp-content\/uploads\/2020\/06\/Adriano-LEVIS-300x247.jpg\" alt=\"\" width=\"300\" height=\"247\" srcset=\"https:\/\/www.radiopiu.net\/wordpress\/wp-content\/uploads\/2020\/06\/Adriano-LEVIS-300x247.jpg 300w, https:\/\/www.radiopiu.net\/wordpress\/wp-content\/uploads\/2020\/06\/Adriano-LEVIS-1024x842.jpg 1024w, https:\/\/www.radiopiu.net\/wordpress\/wp-content\/uploads\/2020\/06\/Adriano-LEVIS-768x631.jpg 768w, https:\/\/www.radiopiu.net\/wordpress\/wp-content\/uploads\/2020\/06\/Adriano-LEVIS-1536x1262.jpg 1536w, https:\/\/www.radiopiu.net\/wordpress\/wp-content\/uploads\/2020\/06\/Adriano-LEVIS-2048x1683.jpg 2048w\" sizes=\"auto, (max-width: 300px) 100vw, 300px\" \/><\/a>ALLEGHE<\/strong>\u00a0Sabato 06 giugno si \u00e8 riunito il Consiglio Direttivo di Alleghe Hockey che dopo l\u2019improvvisa scomparsa a fine febbraio di Renato Rossi necessitava di nominare la figura di un nuovo Presidente, ma a causa del Covid 19 non \u00e8 stato possibile riunire prima il CdA.\u00a0Tra i consiglieri si \u00e8 discusso a lungo sul da farsi per il proseguo della Societ\u00e0 e la voglia da parte di tutti \u00e8 quella di proseguire per poter dare un futuro a tutti i nostri giovani atleti e poter iscrivere una squadra di IHL che possa essere da faro per le nuove leve. I Consiglieri all\u2019unanimit\u00e0 hanno concordato che la figura di Adriano Levis attuale amministratore delegato della Societ\u00e0 sia la pi\u00f9 indicata e preparata per ricoprire il ruolo di Presidente. Adriano lusingato dal sostegno dei colleghi consiglieri si era riservato di riflettere sulla nomina in quanto il ruolo da ricoprire \u00e8 molto importante. Ma come si suol dire, la notte porta consiglio e Adriano Levis con la voglia di ripartire anche dopo questo maledetto virus ha accettato l\u2019incarico ed \u00e8 il nuovo Presidente di Alleghe Hockey.\u00a0Questa la dichiarazione del neo Presidente: \u201c<em>Ho accettato questo prestigioso incarico per dare continuit\u00e0 ad una avventura iniziata nel lontano 1933. Il momento non \u00e8 dei migliori visto la pandemia che ha colpito l\u2019Italia e il mondo come tutti noi sappiamo. Ci vuole coraggio e senso di appartenenza. Coraggio perch\u00e9 il dal punto di vista economico il coronavirus ha colpito pesantemente il tessuto economico e la nostra realt\u00e0, vivendo grazie all\u2019aiuto di piccoli e grandi sponsor, finch\u00e9 l\u2019economia specialmente quella locale non ripartir\u00e0, sicuramente qualche problema ci sar\u00e0.<\/em>\u00a0<em>Poi come tutti voi sapete \u00e8 mancato il nostro Presidente Renato Rossi sempre a noi vicino sia come tifoso sia economicamente. E poi Claudio Franceschini altra figura importante che negli anni ha dato molto a questa societ\u00e0. Dopo questa rassegna di \u201c disgrazie \u201c vogliamo dare insieme a tutto il CDA un messaggio di positivit\u00e0: NOI CI SIAMO, NOI VOGLIAMO RIPARTIRE.<\/em>\u00a0<em>Senso di appartenenza, io, noi, apparteniamo ad una comunit\u00e0, la COMUNIT\u00c0 AGORDINA, COMUNIT\u00c0 BELLUNESE, non possiamo, non dobbiamo disperdere la grande storia, la grande tradizione dell\u2019Alleghe Hockey, noi siamo conosciuti e ammirati in Italia nel mondo per questo sport.<\/em>\u00a0<em>Per ultimo vi dico che insieme a tutto il CDA, lavorando insieme a tutti Voi, questa avventura deve continuare e continuer\u00e0!<\/em>\u00a0<em>FORZA VECCHIO CUORE BIANCOROSSO!&#8221;<\/em><\/p>\n<p><strong>IL PRESIDENTE DELL&#8217;ALLEGHE HOCKEY ADRIANO LEVIS<\/strong><\/p>\n<audio class=\"wp-audio-shortcode\" id=\"audio-143305-14\" preload=\"none\" style=\"width: 100%;\" controls=\"controls\"><source type=\"audio\/mpeg\" src=\"https:\/\/www.radiopiu.net\/wordpress\/wp-content\/uploads\/2020\/06\/LEVIS-PRESIDENTE-ALLEGHE.mp3?_=14\" \/><a href=\"https:\/\/www.radiopiu.net\/wordpress\/wp-content\/uploads\/2020\/06\/LEVIS-PRESIDENTE-ALLEGHE.mp3\">https:\/\/www.radiopiu.net\/wordpress\/wp-content\/uploads\/2020\/06\/LEVIS-PRESIDENTE-ALLEGHE.mp3<\/a><\/audio>\n<p>&nbsp;<\/p>\n<hr \/>\n<p>&nbsp;<\/p>\n<p class=\"photoswipe-wrapper\"><a class=\"dt-pswp-item pspw-wrap-ready\" href=\"https:\/\/i0.wp.com\/www.radiopiu.net\/wordpress\/wp-content\/uploads\/2018\/09\/WhatsApp-Image-2018-09-20-at-16.04.06.jpeg?ssl=1\" data-dt-img-description=\"\" data-large_image_width=\"800\" data-large_image_height=\"100\"><img loading=\"lazy\" decoding=\"async\" class=\"aligncenter wp-image-61378 size-full jetpack-lazy-image jetpack-lazy-image--handled\" src=\"https:\/\/i0.wp.com\/www.radiopiu.net\/wordpress\/wp-content\/uploads\/2018\/09\/WhatsApp-Image-2018-09-20-at-16.04.06.jpeg?resize=800%2C100&amp;ssl=1\" sizes=\"auto, (max-width: 800px) 100vw, 800px\" srcset=\"https:\/\/i0.wp.com\/www.radiopiu.net\/wordpress\/wp-content\/uploads\/2018\/09\/WhatsApp-Image-2018-09-20-at-16.04.06.jpeg?w=800&amp;ssl=1 800w, https:\/\/i0.wp.com\/www.radiopiu.net\/wordpress\/wp-content\/uploads\/2018\/09\/WhatsApp-Image-2018-09-20-at-16.04.06.jpeg?resize=300%2C38&amp;ssl=1 300w, https:\/\/i0.wp.com\/www.radiopiu.net\/wordpress\/wp-content\/uploads\/2018\/09\/WhatsApp-Image-2018-09-20-at-16.04.06.jpeg?resize=768%2C96&amp;ssl=1 768w\" alt=\"\" width=\"800\" height=\"100\" data-lazy-loaded=\"1\" \/><\/a><\/p>\n<p>&nbsp;<\/p>\n<p><center><b>Mercoledi 10<\/b><\/center><b>Tempo atteso:\u00a0<\/b>Al mattino molti addensamenti sulle Prealpi e nubi stratiformi sulle Dolomiti, anche base. Nelle ore centrali copertura in parziale diradamento con qualche breve tratto soleggiato, prima che il cielo torni a coprirsi del tutto per sviluppo dell&#8217;attivit\u00e0 cumuliforme, associata a nuovi fenomeni convettivi. Clima ancora fresco per il periodo e sempre uggioso per ristagno d&#8217;aria umida nei bassi strati.<br \/>\n<b>Precipitazioni:\u00a0<\/b>Al mattino generalmente assenti sulle Dolomiti, mentre vi saranno gi\u00e0 rovesci sulle Prealpi e la pedemontana (40\/60%). Al pomeriggio nuovi rovesci convettivi (60\/80%). Come nei giorni passati, l&#8217;insidia temporalesca sar\u00e0 soprattutto prealpina e pedemontana (40\/50%) e assai pi\u00f9 bassa sulle Dolomiti (10\/20%). Limite neve sopra i 2500\/2600 m. Gli apporti medi tra marted\u00ec e mercoled\u00ec saranno di 20\/30 mm\/48h, tuttavia, localmente potranno essere raggiunti massimi di 50\/60 mm nei settori maggiormente interessati dallo Stau e sopratutto da nuovi temporali tra Prealpi e pedemontana.<br \/>\n<b>Temperature:\u00a0<\/b>Minime in generale calo; massime senza notevoli variazioni rispetto a marted\u00ec nelle valli e in leggerissima diminuzione in alta quota. Su Prealpi a 1500 m min 7\u00b0C max 10\u00b0C, a 2000 m min 4\u00b0C max 6\u00b0C. Su Dolomiti a 2000 m min 3\u00b0C max 6\u00b0C, a 3000 m min -2\u00b0C max -1\u00b0C.<br \/>\n<b>Venti:\u00a0<\/b>Deboli di direzione variabile nelle valli; in quota deboli da sud-est al mattino e da nord-est al pomeriggio, a tratti anche moderati sulle dorsali prealpine, a 5-20 km\/h a 2000 e 10-15 km\/h a 3000 m.<\/p>\n<hr \/>\n<p><center><b>Giovedi 11<\/b><\/center><b>Tempo atteso:\u00a0<\/b>Situazione abbastanza simile a mercoled\u00ec con maggiore soleggiamento e successiva attivit\u00e0 cumuliforme da moderata a localmente forte nelle ore pomeridiane, associata a qualche fenomeno convettivo pomeridiano. Clima pi\u00f9 fresco di notte e decisamente pi\u00f9 mite in giornata.<br \/>\n<b>Precipitazioni:\u00a0<\/b>Assenti fino al primo pomeriggio (0%), in seguito probabilit\u00e0 media di rovesci (40\/60%) e di qualche singolo temporale (20\/30%). Il limite neve sar\u00e0 sui 2600\/2700 m.<br \/>\n<b>Temperature:\u00a0<\/b>Minime in leggero calo; massime stazionarie in quota e in aumento nelle valli pi\u00f9 interessate dai tratti solaeggiati. Su Prealpi a 1500 m min 6\u00b0C max 11\u00b0C, a 2000 m min 3\u00b0C max 8\u00b0C. Su Dolomiti a 2000 m min 2\u00b0C max 7\u00b0C, a 3000 m min -3\u00b0C max 0\u00b0C.<br \/>\n<b>Venti:\u00a0<\/b>Nelle valli ritorno delle brezze da deboli a moderate; in quota deboli o molto deboli dai quadranti orientali, a 5-10 km\/h sia a 2000 che a 3000 m.<\/p>\n<hr \/>\n<p><center><b>Venerdi 12<\/b><\/center>In prevalenza soleggiato con riduzione del soleggiamento al pomeriggio per modesta attivit\u00e0 cumuliforme sulle Dolomiti e moderata sulle Prealpi. Temperature minime in calo nelle valli e in rialzo in alta quota; massime in generale aumento. Venti deboli\/moderati a regime di brezza nelle valli, deboli occidentali in alta quota.<\/p>\n<hr \/>\n<p><center><b>Sabato 13<\/b><\/center>In prevalenza soleggiato con riduzione del soleggiamento al pomeriggio per modesta attivit\u00e0 cumuliforme sulle Prealpi e moderata sulle Dolomiti, dove vi sar\u00e0 una piccola insidia di qualche locale rovesci o eventuale singolo temporale pomeridiano. Temperature in generale aumento, specie le massime che saranno quasi estive nei fondovalle. Venti deboli\/moderati a regime di brezza nelle valli, deboli\/moderati da sud-ovest in alta quota. Previsore: R.L.Th.<\/p>\n","protected":false},"excerpt":{"rendered":"<p>PER RICEVERE QUESTO NOTIZIARIO DIRETTAMENTE SUL TUO CELLULARE ISCRIVITI AL CANALE TELEGRAM\u00a0\u201cRADIO PIU\u00a0 INFORMAZIONE\u201d\u00a0 16 giugno scadenza IMU:\u00a0 in 15 Comuni dell&#8217;Agordino slitta automaticamente il pagamento al 31 dicembre senza sanzioni o interessi di mora, per chi lo desidera senza necessit\u00e0 di comunicarlo agli uffici dell&#8217;Unione Montana delegati dai Comuni per la riscossione. Non cosi&#8217;&hellip;<\/p>\n","protected":false},"author":4,"featured_media":143447,"comment_status":"closed","ping_status":"closed","sticky":false,"template":"","format":"standard","meta":{"_monsterinsights_skip_tracking":false,"_monsterinsights_sitenote_active":false,"_monsterinsights_sitenote_note":"","_monsterinsights_sitenote_category":0,"footnotes":""},"categories":[1,86,49],"tags":[],"class_list":["post-143305","post","type-post","status-publish","format-standard","has-post-thumbnail","hentry","category-senza-categoria","category-gr","category-news-18","category-1","category-86","category-49","description-off"],"img_url":"https:\/\/www.radiopiu.net\/wordpress\/wp-content\/uploads\/2020\/06\/CORDE-MOLE-GOSALDO-1.jpg","_links":{"self":[{"href":"https:\/\/www.radiopiu.net\/wordpress\/wp-json\/wp\/v2\/posts\/143305","targetHints":{"allow":["GET"]}}],"collection":[{"href":"https:\/\/www.radiopiu.net\/wordpress\/wp-json\/wp\/v2\/posts"}],"about":[{"href":"https:\/\/www.radiopiu.net\/wordpress\/wp-json\/wp\/v2\/types\/post"}],"author":[{"embeddable":true,"href":"https:\/\/www.radiopiu.net\/wordpress\/wp-json\/wp\/v2\/users\/4"}],"replies":[{"embeddable":true,"href":"https:\/\/www.radiopiu.net\/wordpress\/wp-json\/wp\/v2\/comments?post=143305"}],"version-history":[{"count":0,"href":"https:\/\/www.radiopiu.net\/wordpress\/wp-json\/wp\/v2\/posts\/143305\/revisions"}],"wp:featuredmedia":[{"embeddable":true,"href":"https:\/\/www.radiopiu.net\/wordpress\/wp-json\/wp\/v2\/media\/143447"}],"wp:attachment":[{"href":"https:\/\/www.radiopiu.net\/wordpress\/wp-json\/wp\/v2\/media?parent=143305"}],"wp:term":[{"taxonomy":"category","embeddable":true,"href":"https:\/\/www.radiopiu.net\/wordpress\/wp-json\/wp\/v2\/categories?post=143305"},{"taxonomy":"post_tag","embeddable":true,"href":"https:\/\/www.radiopiu.net\/wordpress\/wp-json\/wp\/v2\/tags?post=143305"}],"curies":[{"name":"wp","href":"https:\/\/api.w.org\/{rel}","templated":true}]}}