{"id":143321,"date":"2020-06-09T12:29:28","date_gmt":"2020-06-09T10:29:28","guid":{"rendered":"https:\/\/www.radiopiu.net\/wordpress\/?p=143321"},"modified":"2020-06-09T13:03:09","modified_gmt":"2020-06-09T11:03:09","slug":"conferenza-stampa-del-presidente-del-veneto-luca-zaia-09-giugno-2020","status":"publish","type":"post","link":"https:\/\/www.radiopiu.net\/wordpress\/conferenza-stampa-del-presidente-del-veneto-luca-zaia-09-giugno-2020\/","title":{"rendered":"&#8220;NON CI SONO PIU&#8217; MALATI POSITIVI IN TERAPIA INTENSIVA SUI 15 PAZIENTI RICOVERATI&#8221; CONFERENZA STAMPA DEL PRESIDENTE DEL VENETO LUCA ZAIA 09 GIUGNO 2020 &#8220;SI POTEVA VOTARE A LUGLIO CON TUTTO APERTO NON A SETTEMBRE CREANDO ANCORA PROBLEMI ALLE SCUOLE&#8221;"},"content":{"rendered":"<p><strong>VENEZIA<\/strong>\u00a0Da Marghera il\u00a0Presidente\u00a0Luca Zaia fa il punto sull\u2019emergenza Covid-19<\/p>\n<p><strong>I NUMERI DELLE ULTIME 24 ORE:\u00a0<\/strong> 162098 TAMPONI (+11850), POSITIVI 19191 (+4),\u00a0 IN ISOLAENTO 858 (-162), RICOVERATI 305 (-14, 77 I POSITIVI), TERAPIA INTENSIVA NON CI SONO PIU&#8217; MALATI COVID TRA I 15 RICOVERATI. DECESSI 1961 (+6), IN OSPEDALE 1404 (+3), DIMESSI 3459 (+12)<\/p>\n<h2>LEGGI LA CONFERENZA STAMPA DI LUCA ZAIA<\/h2>\n<blockquote><p><em>Le linee guida ci accompagneanno per un po&#8217; prima di scomparire, dovranno essere modificate \u00e8 chiaro che quelle di un mese fa non sono quelle di oggi. Elezioni: verso un accorpamento referendum sul taglio dei parlamentari, regionali e comunali nell&#8217;election day del 20 settembre. Ci \u00e8 stata tolta la possibilit\u00e0 di decidere come Regione. La Grecia non si smentisce, merito al nostro casino non del Ministro degli Esteri di Madio,\u00a0 hanno tolto le restrizioni a luglio si potr\u00e0 andare in vacanza anche li&#8217;.<\/em><\/p>\n<p>&nbsp;<\/p><\/blockquote>\n<p><strong>FIERE<\/strong> Ieri l&#8217;incontro con il Ministro Gualtieri per parlare del problema Fiere, \u00a0Verona ha perso il 60% del giro d&#8217;affari, se le Fiere non riaprono ci sono proiezioni nazionali di un calo del -90% entro dicembre. L&#8217;indotto perso\u00a0 \u00e8 di 700 milioni di euro di fatturato in Italia.\u00a0 Le Fiere chiedono certezze per la programmazione degli eventi d&#8217;autunno e chiedono risorse. La Regione pronta a mettere nero su bianco la lista della spesa, e\u00a0 un censimento di cosa serve. In fase di scrittura un piano che sar\u00e0 pronto nei prossimi giorni.<\/p>\n<p><strong>MALTEMPO<\/strong> Ha colpito duro in diverse province con piogge e inondazioni. L&#8217;assessore Bottacin \u00e8 rimasto fuori tutta la notte. Finito il problema covid19 ora inizia quello legato al maltempo. Davvero non ci facciamo mancare nulla.<\/p>\n<p><strong>ELEZIONI.<\/strong> Un emendamento di Forza Italia ci ha fatto sapientemente slittare a dopo il 15, cio\u00e8 al 20 settembre, la finestra era dal 6 settembre in poi. E&#8217; chiaro che le scuole dovranno richiudere dopo una\u00a0 settimana dall&#8217;avvio, due in caso di ballottaggio. Non sono daccordo con le soluzioni adottate dal Parlamento.\u00a0 E&#8217; un pasticcio per la volont\u00e0 di non andare a votare mentre tutto \u00e8 ormai aperto fin da luglio. Chiedo pubblicamente: quando si andr\u00e0 a votare? Che ce lo dica il presidente del Consiglio. Le dichiarazioni dei sotto segretari durano infatti qualche ora.<\/p>\n<p><strong>OGGI VIDEOCONFERENZA DELLE REGIONI<\/strong>\u00a0 Per ridiscutere le linee guida da aggiornare, ci sono poi i problemi legati a centri estivi e bonus per le baby sitter<\/p>\n<p><strong>BASTA CON LA POLITICA DEL PLEXIGLASS<\/strong> Costa, non se ne trova ed inquina si usi almeno l&#8217;abete rosso che non \u00e8 trasparente ma naturale. E&#8217; una cosa impossibile ora si parla di metterlo anche nei trasporti. Ma basta, si torni alla capienza di prima con la mascherina<\/p>\n<p>&nbsp;<\/p>\n<p>&nbsp;<\/p>\n<p>https:\/\/www.facebook.com\/zaiaufficiale\/videos\/567171273984306<\/p>\n","protected":false},"excerpt":{"rendered":"<p>VENEZIA\u00a0Da Marghera il\u00a0Presidente\u00a0Luca Zaia fa il punto sull\u2019emergenza Covid-19 I NUMERI DELLE ULTIME 24 ORE:\u00a0 162098 TAMPONI (+11850), POSITIVI 19191 (+4),\u00a0 IN ISOLAENTO 858 (-162), RICOVERATI 305 (-14, 77 I POSITIVI), TERAPIA INTENSIVA NON CI SONO PIU&#8217; MALATI COVID TRA I 15 RICOVERATI. DECESSI 1961 (+6), IN OSPEDALE 1404 (+3), DIMESSI 3459 (+12) LEGGI LA&hellip;<\/p>\n","protected":false},"author":4,"featured_media":121391,"comment_status":"closed","ping_status":"closed","sticky":false,"template":"","format":"standard","meta":{"_monsterinsights_skip_tracking":false,"_monsterinsights_sitenote_active":false,"_monsterinsights_sitenote_note":"","_monsterinsights_sitenote_category":0,"footnotes":""},"categories":[49],"tags":[],"class_list":["post-143321","post","type-post","status-publish","format-standard","has-post-thumbnail","hentry","category-news-18","category-49","description-off"],"img_url":"https:\/\/www.radiopiu.net\/wordpress\/wp-content\/uploads\/2020\/03\/covid-zaia.jpg","_links":{"self":[{"href":"https:\/\/www.radiopiu.net\/wordpress\/wp-json\/wp\/v2\/posts\/143321","targetHints":{"allow":["GET"]}}],"collection":[{"href":"https:\/\/www.radiopiu.net\/wordpress\/wp-json\/wp\/v2\/posts"}],"about":[{"href":"https:\/\/www.radiopiu.net\/wordpress\/wp-json\/wp\/v2\/types\/post"}],"author":[{"embeddable":true,"href":"https:\/\/www.radiopiu.net\/wordpress\/wp-json\/wp\/v2\/users\/4"}],"replies":[{"embeddable":true,"href":"https:\/\/www.radiopiu.net\/wordpress\/wp-json\/wp\/v2\/comments?post=143321"}],"version-history":[{"count":0,"href":"https:\/\/www.radiopiu.net\/wordpress\/wp-json\/wp\/v2\/posts\/143321\/revisions"}],"wp:featuredmedia":[{"embeddable":true,"href":"https:\/\/www.radiopiu.net\/wordpress\/wp-json\/wp\/v2\/media\/121391"}],"wp:attachment":[{"href":"https:\/\/www.radiopiu.net\/wordpress\/wp-json\/wp\/v2\/media?parent=143321"}],"wp:term":[{"taxonomy":"category","embeddable":true,"href":"https:\/\/www.radiopiu.net\/wordpress\/wp-json\/wp\/v2\/categories?post=143321"},{"taxonomy":"post_tag","embeddable":true,"href":"https:\/\/www.radiopiu.net\/wordpress\/wp-json\/wp\/v2\/tags?post=143321"}],"curies":[{"name":"wp","href":"https:\/\/api.w.org\/{rel}","templated":true}]}}