{"id":143327,"date":"2020-06-09T11:14:34","date_gmt":"2020-06-09T09:14:34","guid":{"rendered":"https:\/\/www.radiopiu.net\/wordpress\/?p=143327"},"modified":"2020-06-09T11:16:20","modified_gmt":"2020-06-09T09:16:20","slug":"siulp-belluno-lettera-aperta-su-lemergenza-covid-19","status":"publish","type":"post","link":"https:\/\/www.radiopiu.net\/wordpress\/siulp-belluno-lettera-aperta-su-lemergenza-covid-19\/","title":{"rendered":"SIULP BELLUNO: LETTERA APERTA SU L&#8217;EMERGENZA COVID-19"},"content":{"rendered":"<p><strong><a class=\"dt-pswp-item\" href=\"https:\/\/www.radiopiu.net\/wordpress\/wp-content\/uploads\/2018\/09\/POLIZIA-2.jpg\" data-dt-img-description=\"\" data-large_image_width=\"768\" data-large_image_height=\"512\"><img loading=\"lazy\" decoding=\"async\" class=\"size-medium wp-image-60259 alignleft\" src=\"https:\/\/www.radiopiu.net\/wordpress\/wp-content\/uploads\/2018\/09\/POLIZIA-2-300x200.jpg\" alt=\"\" width=\"300\" height=\"200\" srcset=\"https:\/\/www.radiopiu.net\/wordpress\/wp-content\/uploads\/2018\/09\/POLIZIA-2-300x200.jpg 300w, https:\/\/www.radiopiu.net\/wordpress\/wp-content\/uploads\/2018\/09\/POLIZIA-2.jpg 768w\" sizes=\"auto, (max-width: 300px) 100vw, 300px\" \/><\/a>BELLUNO<\/strong> Pubblichiamo una lettera aperta del Segretario Generale provinciale del Sindacato Italiano Unitario Lavoratori Polizia, Albino Rossa<\/p>\n<blockquote><p><strong>LA LETTERA<\/strong><\/p>\n<p>Sono ormai diversi mesi che una vera e propria task force di donne uomini, anche volontari, sono impegnati in prima linea nel dispositivo messo in campo per contenere la diffusione della pandemia da Covid-19. Tra questi si annoverano certamente gli appartenenti delle forze di polizia e del Servizio Sanitario.\u00a0Oggi, che la situazione sta faticosamente e lentamente ritornando alla condizione pre-pandemica, rivolgiamo alle donne e agli uomini dell\u2019A.S.L. un sentito ringraziamento per l\u2019impegno e lo sforzo profuso, ogni giorno, silenziosamente, senza clamori o polemiche nonostante le enormi difficolt\u00e0 nelle quali sono stati chiamati a lavorare i medici, gli infermieri e gli operatori sanitari in genere.\u00a0Non c\u2019\u00e8 gratificazione economica che possa compensare l\u2019abnegazione dimostrata e lo spirito di servizio alla comunit\u00e0, costata, ad alcuni, la positivit\u00e0 a questo famelico virus. La lista dei medici e degli infermieri che sono rimasti ai loro posti fino all\u2019estremo sacrificio della vita \u00e8 drammaticamente lunga e merita assoluto e incondizionato rispetto. Straordinaria \u00e8 stata anche la risposta data dal personale di entrambe le categorie all\u2019appello nazionale per andare l\u00e0, nelle zone focolaio, dove tutti, se avessero potuto, se ne sarebbero andati.<span class=\"Apple-converted-space\">\u00a0<\/span>Con questa lettera, e con tutti i suoi limiti, vogliamo esprimere un sentimento di partecipata e sincera gratitudine.\u00a0Analogamente, le donne e gli uomini delle forze dell\u2019ordine, della Polizia di Stato in particolare, hanno sempre garantito la loro presenza sulle strade e negli uffici. Personale, giusto ricordare, che una volta terminato il servizio si \u00e8 ricongiunto alle proprie famiglie e ai propri cari, con la preoccupazione costante di se, e come, il lavoro li avrebbe esposti ad un possibile contagio, portandolo poi tra le mura domestiche.\u00a0Un contributo mai venuto meno anche quando il Covid-19 sembrava penetrato nelle nostra fila realizzando un cluster importante, nonostante gli accorgimenti e le precauzioni adottate. Tutti i servizi si sono svolti regolarmente, anzi, sono stati garantiti ulteriori equipaggi di supporto al controllo del territorio mediante il rafforzamento delle pattuglie dedicate all\u2019emergenza sanitaria.\u00a0Quella \u201cnormalit\u00e0\u201d auspicata \u00e8 all\u2019orizzonte, ma non \u00e8 ancora raggiunta. Cittadini, mondo imprenditoriale e Istituzioni, stanno cercando faticosamente di recuperare quell\u2019operativit\u00e0 e laboriosit\u00e0 che si sono affievolite a causa dei provvedimenti restrittivi. Una \u201ccapacit\u00e0 sociale\u201d che \u00e8 patrimonio comune degli italiani e che nelle difficolt\u00e0 emerge con una forza che a volte noi stessi non sapevamo di avere. Comprensibile se si pensa che le generazioni di oggi non si sono mai misurate con una simile sfida.\u00a0Una cosa che deve insegnare questa drammatica esperienza, soprattutto a coloro i quali hanno responsabilit\u00e0 organizzative delle varie amministrazioni pubbliche, \u00e8 il valore delle risorse umane, troppo spesso relegate alla figura di meri esecutori e al pregiudizio con cui \u00e8 vista l\u2019azione sindacale additata di vizio antropologico, nonostante abbia dimostrato, nella particolare congiuntura vissuta, una capacit\u00e0 ad anteporre il civismo e la tenuta del sistema agli interessi, anche particolari, che in tempi ordinari sono prerogative intangibili.\u00a0Non c\u2019\u00e8 tecnologia, macchinario, statistica o algoritmo che tenga senza la pi\u00f9 grande forza che li fa funzionare: lo spirito e la coscienza umana.\u00a0Si \u00e8 detto che il Covid-19 \u00e8 causa della \u201cstrage dei nonni\u201d, poich\u00e9 l\u2019indice di mortalit\u00e0 ha colpito soprattutto le persone in terza et\u00e0. Coloro i quali, nel dopoguerra e con immensi sacrifici, si sono rimboccati le maniche ed hanno costruito quel benessere che tutti noi abbiamo potuto godere e le fondamenta di una grande Nazione, qual \u00e8 l\u2019Italia. A tali eroi, nemmeno il conforto dello spirito, di una preghiera, di un ultimo saluto da parte dei propri cari. Anche per queste rinunce, rivolgiamo sentimenti di gratitudine e vicinanza a tutti i cittadini, per aver responsabilmente accolto le direttive del Governo nonostante le ferite e i dolori dell\u2019anima, sintomo di un tessuto sociale sano, ancorato a valori di assoluto rilievo.\u00a0Per i nostri cari venuti a mancare, e per le generazioni future, abbiamo l\u2019obbligo morale di ripartire e rilanciare questo Paese. Ricordare questi momenti per comprendere l\u2019importanza delle libert\u00e0 e dei valori fondamentali della Costituzione, i quali, a quasi un secolo dalla loro stesura, hanno dimostrato quanto siano attuali, o meglio, senza tempo, e vadano difesi e preservati sempre, e mai dati per scontati.<b><span class=\"Apple-converted-space\">\u00a0<\/span><\/b><\/p><\/blockquote>\n","protected":false},"excerpt":{"rendered":"<p>BELLUNO Pubblichiamo una lettera aperta del Segretario Generale provinciale del Sindacato Italiano Unitario Lavoratori Polizia, Albino Rossa LA LETTERA Sono ormai diversi mesi che una vera e propria task force di donne uomini, anche volontari, sono impegnati in prima linea nel dispositivo messo in campo per contenere la diffusione della pandemia da Covid-19. Tra questi&hellip;<\/p>\n","protected":false},"author":4,"featured_media":60259,"comment_status":"closed","ping_status":"closed","sticky":false,"template":"","format":"standard","meta":{"_monsterinsights_skip_tracking":false,"_monsterinsights_sitenote_active":false,"_monsterinsights_sitenote_note":"","_monsterinsights_sitenote_category":0,"footnotes":""},"categories":[49],"tags":[],"class_list":["post-143327","post","type-post","status-publish","format-standard","has-post-thumbnail","hentry","category-news-18","category-49","description-off"],"img_url":"https:\/\/www.radiopiu.net\/wordpress\/wp-content\/uploads\/2018\/09\/POLIZIA-2.jpg","_links":{"self":[{"href":"https:\/\/www.radiopiu.net\/wordpress\/wp-json\/wp\/v2\/posts\/143327","targetHints":{"allow":["GET"]}}],"collection":[{"href":"https:\/\/www.radiopiu.net\/wordpress\/wp-json\/wp\/v2\/posts"}],"about":[{"href":"https:\/\/www.radiopiu.net\/wordpress\/wp-json\/wp\/v2\/types\/post"}],"author":[{"embeddable":true,"href":"https:\/\/www.radiopiu.net\/wordpress\/wp-json\/wp\/v2\/users\/4"}],"replies":[{"embeddable":true,"href":"https:\/\/www.radiopiu.net\/wordpress\/wp-json\/wp\/v2\/comments?post=143327"}],"version-history":[{"count":0,"href":"https:\/\/www.radiopiu.net\/wordpress\/wp-json\/wp\/v2\/posts\/143327\/revisions"}],"wp:featuredmedia":[{"embeddable":true,"href":"https:\/\/www.radiopiu.net\/wordpress\/wp-json\/wp\/v2\/media\/60259"}],"wp:attachment":[{"href":"https:\/\/www.radiopiu.net\/wordpress\/wp-json\/wp\/v2\/media?parent=143327"}],"wp:term":[{"taxonomy":"category","embeddable":true,"href":"https:\/\/www.radiopiu.net\/wordpress\/wp-json\/wp\/v2\/categories?post=143327"},{"taxonomy":"post_tag","embeddable":true,"href":"https:\/\/www.radiopiu.net\/wordpress\/wp-json\/wp\/v2\/tags?post=143327"}],"curies":[{"name":"wp","href":"https:\/\/api.w.org\/{rel}","templated":true}]}}