{"id":143416,"date":"2020-06-09T23:59:19","date_gmt":"2020-06-09T21:59:19","guid":{"rendered":"https:\/\/www.radiopiu.net\/wordpress\/?p=143416"},"modified":"2020-06-10T06:23:15","modified_gmt":"2020-06-10T04:23:15","slug":"grande-amore-per-la-terra-veneta-del-poeta-bellunese-ugo-fasolo-di-renato-bona","status":"publish","type":"post","link":"https:\/\/www.radiopiu.net\/wordpress\/grande-amore-per-la-terra-veneta-del-poeta-bellunese-ugo-fasolo-di-renato-bona\/","title":{"rendered":"GRANDE AMORE PER LA TERRA VENETA DEL POETA BELLUNESE UGO FASOLO di RENATO BONA"},"content":{"rendered":"<p>Un tragico incidente stradale in quel di Vicenza (dopo quello, che lo colp\u00ec duramente, per la perdita del figlio Sebastiano, poco pi\u00f9 che ventenne, pure vittima della strada) poneva termine quarant\u2019anni fa, il 19 ottobre 1980, mentre si recava ad un convegno veronese, all\u2019esistenza terrena di Ugo Fasolo, nato a Belluno il 27 dicembre 1905 da Umberto e Rosa De Salvador, conosciuto ed apprezzato poeta. La libera enciclopedia Wikipedia ricorda che \u201cLaureatosi a Firenze in scienze naturali e specializzatosi in ingegneria ottica, cominci\u00f2 a scrivere sin da giovane. La sua poetica risent\u00ec dell\u2019esperienza delle grandi guerre e fu dopo la seconda che ebbe modo di esprimerla al meglio, qualificandosi come poeta della bellezza\u201d. Fasolo, tradotto in varie lingue europee, collabor\u00f2 alla rivista Il Frontespizio e pubblic\u00f2 lavori anche con grandi case editrici; frequent\u00f2 letterati ed artisti come Soffici, Betocchi, Bo, Palazzeschi, Pomilio, Valerui, B\u00e0rberi Squarotti. Stabilitosi a Venezia nel 1950, successe a Valeri come presidente dell\u2019associazione degli Scrittori veneti; diresse anche la rivista Lettere venete edita nella citt\u00e0 lagunare. Fra le sue numerose ed apprezzate opere si ricordano: Atlante micrografico dei legni dell&#8217;Africa orientale italiana, Erbario coloniale, 1939; La sorte pura, Vallecchi, Firenze, 1940; Poesie, Vallecchi, Firenze, 1948; Nuovi poeti, Vallecchi, Firenze, 1950; Notte e compianto, Neri Pozza, Vicenza, 1968; Rusconi, Milano, 1969; Lungo l\u2019eclittica, Rebellato, Cittadella (Padova), 1971; Le varianti e l\u2019invariante, Rusconi, Milano, 1976; Titian, Scala Books, distributed by Harper &amp; Row, 1980; Titian, Constable, 1980; I graffi sulla pietra, Rusconi, Milano, 1981; L\u2019acuto sentimento dello spazio, Anthos, Venezia-Mestre, 1991. Ed ecco alcune curiosit\u00e0 sulla e per la figura di Ugo Fasolo. Nel sito di Wikipedia si pu\u00f2 vedere la foto di una lapide apposta nell\u2019abitazione veneziana del poeta bellunese, al numero 102 della Salizzada San Pantalon, nel sestiere di Santa Croce. Questa la scritta: \u201cNoi camminiamo verso un assoluto che non ha intrichi di arrivi e di partenze ci attrae l\u2019avvio nel cerchio della quiete in cieli dove s\u2019inalba la luce noi camminiamo attratti dalla luce UGO FASOLO poeta che in questa casa visse 1905-1080 il Comune di Venezia nel 10. anniversario della scomparsa 19-10-1990\u201d. Su ateneo veneto.org c\u2019\u00e8 invece la notizia della presentazione, a cento anni dalla nascita di Fasolo, del volume \u201cOltre l\u2019avvicendarsi delle stagioni\u201d edito dall\u2019Ateneo Veneto e curato da Anna Rinaldin, che raccoglie le testimonianze per Ugo Fasolo portate da amici e colleghi nei quattro incontri commemorativi svoltisi a Venezia, Treviso, Pieve di Cadore e Belluno. Il Libro \u00e8 corredato da riproduzioni documentarie e fotografiche e vuole delineare il ricchissimo percorso di vita di Ugo Fasolo, fino al tragico incidente che lo port\u00f2 alla morte nel 1980. L\u2019opera raccoglie, fra l\u2019altro, il carteggio tra Fasolo e il poeta gradese Biagio Marin \u2013 che vede le stampe per la prima volta \u2013 oltre a una rassegna del Fondo Fasolo presente presso la Biblioteca dell\u2019Ateneo. Nel programma dell\u2019evento figurava il concerto della grande violinista e direttrice d\u2019orchestra Paola Fasolo, nipote del nostro, con l\u2019Accademia Vivaldiana. La Rinaldin, autrice del pregevole volume, dedica un passaggio anche all\u2019 \u201camore di Ugo Fasolo per la propria terra veneta, dalle asprezze della montagna alla dolcezza della pianura\u201d, che \u2013 ricorda \u2013 \u201ctraspare delle pagine di \u2018Gente di Cadore\u2019 che vede la luce nel 1961 e a cui collabor\u00f2, oltre a Fasolo, anche uno scrittore del calibro di Dino Buzzati, insieme agli amici Giuseppe Mazzotti, Giovanna Zangrandi e Fiorello Zangrando, e da quelle della monografia su Gigi Candiani scritta nel 1962. Nel 1965, a conferma di una passione artistica sempre viva, pubblicava per Neri Pozza una monografia sull\u2019amico Corrado Balest seguita da una su Cesco Magnolato due anni dopo e da una su domestici nel 1972.<\/p>\n<p>&nbsp;<\/p>\n\n\t\t\t<style type='text\/css'>\n\t\t\t\t#gallery-1 {\n\t\t\t\t\tmargin: auto;\n\t\t\t\t}\n\t\t\t\t#gallery-1 .gallery-item {\n\t\t\t\t\tfloat: left;\n\t\t\t\t\tmargin-top: 10px;\n\t\t\t\t\ttext-align: center;\n\t\t\t\t\twidth: 33%;\n\t\t\t\t}\n\t\t\t\t#gallery-1 img {\n\t\t\t\t\tborder: 2px solid #cfcfcf;\n\t\t\t\t}\n\t\t\t\t#gallery-1 .gallery-caption {\n\t\t\t\t\tmargin-left: 0;\n\t\t\t\t}\n\t\t\t\t\/* see gallery_shortcode() in wp-includes\/media.php *\/\n\t\t\t<\/style>\n\t\t<div id='gallery-1' class='dt-gallery-container gallery galleryid-143416 gallery-columns-3 gallery-size-thumbnail'><dl class='gallery-item'>\n\t\t\t\t<dt class='gallery-icon portrait'>\n\t\t\t\t\t<a class=\"rollover\" href='https:\/\/www.radiopiu.net\/wordpress\/grande-amore-per-la-terra-veneta-del-poeta-bellunese-ugo-fasolo-di-renato-bona\/103353415_641432173119979_1434610722872099493_n\/'><img loading=\"lazy\" decoding=\"async\" width=\"150\" height=\"150\" src=\"https:\/\/www.radiopiu.net\/wordpress\/wp-content\/uploads\/2020\/06\/103353415_641432173119979_1434610722872099493_n-150x150.jpg\" class=\"attachment-thumbnail size-thumbnail\" alt=\"\" \/><\/a>\n\t\t\t\t<\/dt><\/dl><dl class='gallery-item'>\n\t\t\t\t<dt class='gallery-icon portrait'>\n\t\t\t\t\t<a class=\"rollover\" href='https:\/\/www.radiopiu.net\/wordpress\/grande-amore-per-la-terra-veneta-del-poeta-bellunese-ugo-fasolo-di-renato-bona\/103386152_256423895616465_4171757163124277448_n\/'><img loading=\"lazy\" decoding=\"async\" width=\"150\" height=\"150\" src=\"https:\/\/www.radiopiu.net\/wordpress\/wp-content\/uploads\/2020\/06\/103386152_256423895616465_4171757163124277448_n-150x150.jpg\" class=\"attachment-thumbnail size-thumbnail\" alt=\"\" \/><\/a>\n\t\t\t\t<\/dt><\/dl><dl class='gallery-item'>\n\t\t\t\t<dt class='gallery-icon landscape'>\n\t\t\t\t\t<a class=\"rollover\" href='https:\/\/www.radiopiu.net\/wordpress\/grande-amore-per-la-terra-veneta-del-poeta-bellunese-ugo-fasolo-di-renato-bona\/103984567_970719873361598_1612726564142369974_n\/'><img loading=\"lazy\" decoding=\"async\" width=\"150\" height=\"150\" src=\"https:\/\/www.radiopiu.net\/wordpress\/wp-content\/uploads\/2020\/06\/103984567_970719873361598_1612726564142369974_n-150x150.jpg\" class=\"attachment-thumbnail size-thumbnail\" alt=\"\" \/><\/a>\n\t\t\t\t<\/dt><\/dl><br style=\"clear: both\" \/><dl class='gallery-item'>\n\t\t\t\t<dt class='gallery-icon portrait'>\n\t\t\t\t\t<a class=\"rollover\" href='https:\/\/www.radiopiu.net\/wordpress\/grande-amore-per-la-terra-veneta-del-poeta-bellunese-ugo-fasolo-di-renato-bona\/103601072_737066970395469_9150441377272185583_n\/'><img loading=\"lazy\" decoding=\"async\" width=\"150\" height=\"150\" src=\"https:\/\/www.radiopiu.net\/wordpress\/wp-content\/uploads\/2020\/06\/103601072_737066970395469_9150441377272185583_n-150x150.jpg\" class=\"attachment-thumbnail size-thumbnail\" alt=\"\" \/><\/a>\n\t\t\t\t<\/dt><\/dl><dl class='gallery-item'>\n\t\t\t\t<dt class='gallery-icon landscape'>\n\t\t\t\t\t<a class=\"rollover\" href='https:\/\/www.radiopiu.net\/wordpress\/grande-amore-per-la-terra-veneta-del-poeta-bellunese-ugo-fasolo-di-renato-bona\/103307573_663128861202228_2975222151952914733_n\/'><img loading=\"lazy\" decoding=\"async\" width=\"150\" height=\"150\" src=\"https:\/\/www.radiopiu.net\/wordpress\/wp-content\/uploads\/2020\/06\/103307573_663128861202228_2975222151952914733_n-150x150.jpg\" class=\"attachment-thumbnail size-thumbnail\" alt=\"\" srcset=\"https:\/\/www.radiopiu.net\/wordpress\/wp-content\/uploads\/2020\/06\/103307573_663128861202228_2975222151952914733_n-150x150.jpg 150w, https:\/\/www.radiopiu.net\/wordpress\/wp-content\/uploads\/2020\/06\/103307573_663128861202228_2975222151952914733_n.jpg 300w\" sizes=\"auto, (max-width: 150px) 100vw, 150px\" \/><\/a>\n\t\t\t\t<\/dt><\/dl>\n\t\t\t\t<br style='clear: both' \/>\n\t\t\t<\/div>\n\n<p>&nbsp;<\/p>\n<p>NELLE FOTO (Wikipedia, Google, Academia.edu, rivista Gente del dicembre 1970): Ugo Fasolo con la moglie alla consegna del \u201cPremio Sebeto\u201d 1970; il poeta con Enzo Pedrocco; la lapide che lo ricorda nella casa veneziana dove visse; copertina di \u201cLe varianti e l\u2019invariante\u201d edito da Rusconi; la nipote Paola Fasolo che gli dedic\u00f2 un concerto alla presentazione postuma \u201cOltre l\u2019avvicendarsi delle stagioni\u201d curata per l\u2019Ateneo Veneto da Anna Rinaldin.<\/p>\n","protected":false},"excerpt":{"rendered":"<p>Un tragico incidente stradale in quel di Vicenza (dopo quello, che lo colp\u00ec duramente, per la perdita del figlio Sebastiano, poco pi\u00f9 che ventenne, pure vittima della strada) poneva termine quarant\u2019anni fa, il 19 ottobre 1980, mentre si recava ad un convegno veronese, all\u2019esistenza terrena di Ugo Fasolo, nato a Belluno il 27 dicembre 1905&hellip;<\/p>\n","protected":false},"author":1,"featured_media":143417,"comment_status":"closed","ping_status":"closed","sticky":false,"template":"","format":"standard","meta":{"_monsterinsights_skip_tracking":false,"_monsterinsights_sitenote_active":false,"_monsterinsights_sitenote_note":"","_monsterinsights_sitenote_category":0,"footnotes":""},"categories":[1,49],"tags":[],"class_list":["post-143416","post","type-post","status-publish","format-standard","has-post-thumbnail","hentry","category-senza-categoria","category-news-18","category-1","category-49","description-off"],"img_url":"https:\/\/www.radiopiu.net\/wordpress\/wp-content\/uploads\/2020\/06\/103307573_663128861202228_2975222151952914733_n.jpg","_links":{"self":[{"href":"https:\/\/www.radiopiu.net\/wordpress\/wp-json\/wp\/v2\/posts\/143416","targetHints":{"allow":["GET"]}}],"collection":[{"href":"https:\/\/www.radiopiu.net\/wordpress\/wp-json\/wp\/v2\/posts"}],"about":[{"href":"https:\/\/www.radiopiu.net\/wordpress\/wp-json\/wp\/v2\/types\/post"}],"author":[{"embeddable":true,"href":"https:\/\/www.radiopiu.net\/wordpress\/wp-json\/wp\/v2\/users\/1"}],"replies":[{"embeddable":true,"href":"https:\/\/www.radiopiu.net\/wordpress\/wp-json\/wp\/v2\/comments?post=143416"}],"version-history":[{"count":0,"href":"https:\/\/www.radiopiu.net\/wordpress\/wp-json\/wp\/v2\/posts\/143416\/revisions"}],"wp:featuredmedia":[{"embeddable":true,"href":"https:\/\/www.radiopiu.net\/wordpress\/wp-json\/wp\/v2\/media\/143417"}],"wp:attachment":[{"href":"https:\/\/www.radiopiu.net\/wordpress\/wp-json\/wp\/v2\/media?parent=143416"}],"wp:term":[{"taxonomy":"category","embeddable":true,"href":"https:\/\/www.radiopiu.net\/wordpress\/wp-json\/wp\/v2\/categories?post=143416"},{"taxonomy":"post_tag","embeddable":true,"href":"https:\/\/www.radiopiu.net\/wordpress\/wp-json\/wp\/v2\/tags?post=143416"}],"curies":[{"name":"wp","href":"https:\/\/api.w.org\/{rel}","templated":true}]}}